{"id":114773,"date":"2017-05-12T14:36:08","date_gmt":"2017-05-12T12:36:08","guid":{"rendered":"https:\/\/www.salzburgerland.com\/de\/magazin\/?p=114773"},"modified":"2019-06-26T18:39:49","modified_gmt":"2019-06-26T16:39:49","slug":"der-ruf-der-transalp","status":"publish","type":"post","link":"https:\/\/www.salzburgerland.com\/de\/magazin\/der-ruf-der-transalp\/","title":{"rendered":"Der Ruf der Transalp"},"content":{"rendered":"<p><strong>Mit der einsetzenden Schneeschmelze beginnt\u00a0im Fr\u00fchjahr langsam auch die Zeit f\u00fcr\u00a0hochalpine Mountainbike Touren. Dabei kann aus einer geplanten Alpen\u00fcberquerung schon mal ein Kampf durch den Schnee werden. F\u00fcr all jene, die gerade darin den Reiz sehen, ist jetzt der ideale Zeitpunkt, das Mountainbike fit zu machen und in die Berge zu stechen. Eine reizvolle und auch \u00f6ffentlich gut\u00a0erreichbare Eintagestour\u00a0f\u00fchrt von Radstadt \u00fcber den Oberh\u00fcttensattel in den Lungau.<\/strong><\/p>\n<p>Das SalzburgerLand bietet Mountainbikern endlose\u00a0M\u00f6glichkeiten in verschiedensten L\u00e4ngen und Intensit\u00e4ten. Als\u00a0&#8222;Transalp&#8220;\u00a0wird dabei im\u00a0Allgemeinen eine\u00a0\u00dcberquerung der Alpen mit dem Mountainbike bezeichnet. Neben ber\u00fchmten Langstrecken Transalps wie M\u00fcnchen-Venedig gibt es viele kleinere Varianten, wie etwa die Route von Salzburg nach Villach in K\u00e4rnten. Wir haben uns an die \u00a0K\u00f6nigsetappe \u00fcber den Alpenhauptkamm herangewagt.<\/p>\n<h3>Entspannte Anreise mit\u00a0der Bahn<\/h3>\n<p>Ausgangspunkt dieser Tour ist bezeichnenderweise Radstadt. Der\u00a0auch als &#8222;alte Stadt im Gebirge&#8220; bekannte 5.000-Einwohner Ort im Salzburger Pongau ist bestens\u00a0an das Verkehrsnetz angeschlossen und erm\u00f6glicht auch eine Anreise mit der Bahn. Gerade bei \u00dcberschreitungstouren bieten sich \u00f6ffentliche Verkehrsmittel an, kehrt man schlie\u00dflich nicht mehr an den Ausgangspunkt zur\u00fcck. Beim Ticketkauf sollte\u00a0nicht\u00a0auf die extra Reservierung f\u00fcr Fahrr\u00e4der\u00a0vergessen werden, da nur eine begrenzte Anzahl an Fahrradpl\u00e4tzen zur Verf\u00fcgung steht.<\/p>\n<figure id=\"attachment_114788\" aria-describedby=\"caption-attachment-114788\" style=\"width: 650px\" class=\"wp-caption aligncenter\"><a href=\"https:\/\/www.salzburgerland.com\/de\/magazin\/wp-content\/uploads\/2017\/05\/20160517_135802.jpg\"><img loading=\"lazy\" decoding=\"async\" class=\"wp-image-114788 size-singlePost\" src=\"https:\/\/www.salzburgerland.com\/de\/magazin\/wp-content\/uploads\/2017\/05\/20160517_135802-650x435.jpg\" alt=\"\" width=\"650\" height=\"435\" \/><\/a><figcaption id=\"caption-attachment-114788\" class=\"wp-caption-text\">Erste Rast bei der malerisch gelegenen V\u00f6geialm<\/figcaption><\/figure>\n<h3>Almen wie aus dem Bilderbuch<\/h3>\n<p>Von Radstadt\u00a0f\u00fchrt uns die Route erst an der Stra\u00dfe nach Forstau. Im Ortskern biegen wir rechts Richtung V\u00f6geialm im\u00a0Talschluss Forstauwinkel ab\u00a0(Anbindung MTB-Route 6). Immer nach S\u00fcden gerichtet\u00a0f\u00fchrt uns die Route entlang des Forstaubaches erst auf Asphalt, dann auf leicht ansteigender Schotterstra\u00dfe bis zu den bewirtschafteten Almh\u00fctten Fallhausalm und V\u00f6geialm (1.383 m).<\/p>\n<p>Die beiden Almen im hinteren Talschluss k\u00f6nnten genauso gut aus dem Bilderbuch sein. Sie begeistern mit\u00a0heimischen K\u00f6stlichkeiten, wie hausgemachtem K\u00e4se, Buttermilch, Speck und Krapfen.Sp\u00e4testens hier haben wir uns eine erste Pause verdient und st\u00e4rken\u00a0uns f\u00fcr den\u00a0weiteren Anstieg.<br \/>\n Denn jetzt\u00a0beginnt der anspruchsvollere Teil des Aufstiegs. Bei\u00a0zum Teil erheblichem Gef\u00e4lle schl\u00e4ngelt sich die Forststra\u00dfe steil hinauf zum Oberh\u00fcttensee. Da kann einem zwischendurch schon einmal die Puste ausgehen. Kurze Pausen lohnen sich jedoch umso mehr, da die Landschaft rundherum mit jedem H\u00f6henmeter sehenswerter wird.<\/p>\n<div class=\"mag-gallery\"><div class=\"row\"><div class=\"col-6 col-sm-4\"><figure><a class=\"thumb-container\" href=\"https:\/\/www.salzburgerland.com\/de\/magazin\/wp-content\/uploads\/2017\/05\/IMG_9167-1280x1024.jpg\">\t<picture><source media=\"(min-width: 576px)\" srcset=\"https:\/\/www.salzburgerland.com\/de\/magazin\/wp-content\/uploads\/2017\/05\/IMG_9167-325x209.jpg 325w, https:\/\/www.salzburgerland.com\/de\/magazin\/wp-content\/uploads\/2017\/05\/IMG_9167-249x160.jpg 249w\" \/><source media=\"(min-width: 0)\" srcset=\"https:\/\/www.salzburgerland.com\/de\/magazin\/wp-content\/uploads\/2017\/05\/IMG_9167-249x160.jpg 249w, https:\/\/www.salzburgerland.com\/de\/magazin\/wp-content\/uploads\/2017\/05\/IMG_9167-325x209.jpg 325w\" \/><img decoding=\"async\" alt=\"Zwei Personen fahren mit dem Fahrrad auf einem Waldweg bergauf, umgeben von hohen B\u00e4umen und bew\u00f6lktem Himmel.\" src=\"https:\/\/www.salzburgerland.com\/de\/magazin\/wp-content\/uploads\/2017\/05\/IMG_9167.jpg\" \/>\t<\/picture><\/a><\/figure><\/div><div class=\"col-6 col-sm-4\"><figure><a class=\"thumb-container\" href=\"https:\/\/www.salzburgerland.com\/de\/magazin\/wp-content\/uploads\/2017\/05\/IMG_9163-1280x1024.jpg\">\t<picture><source media=\"(min-width: 576px)\" srcset=\"\" \/><source media=\"(min-width: 0)\" srcset=\"https:\/\/www.salzburgerland.com\/de\/magazin\/wp-content\/uploads\/2017\/05\/IMG_9163.jpg 1200w, https:\/\/www.salzburgerland.com\/de\/magazin\/wp-content\/uploads\/2017\/05\/IMG_9163-225x300.jpg 225w, https:\/\/www.salzburgerland.com\/de\/magazin\/wp-content\/uploads\/2017\/05\/IMG_9163-413x550.jpg 413w, https:\/\/www.salzburgerland.com\/de\/magazin\/wp-content\/uploads\/2017\/05\/IMG_9163-300x400.jpg 300w\" \/><img decoding=\"async\" alt=\"Zwei Radfahrer fahren auf einem Bergweg mit schneebedeckten Gipfeln und gr\u00fcnen B\u00e4umen im Hintergrund.\" src=\"https:\/\/www.salzburgerland.com\/de\/magazin\/wp-content\/uploads\/2017\/05\/IMG_9163.jpg\" \/>\t<\/picture><\/a><\/figure><\/div><div class=\"col-6 col-sm-4\"><figure><a class=\"thumb-container\" href=\"https:\/\/www.salzburgerland.com\/de\/magazin\/wp-content\/uploads\/2017\/05\/IMG_9182-1280x1024.jpg\">\t<picture><source media=\"(min-width: 576px)\" srcset=\"https:\/\/www.salzburgerland.com\/de\/magazin\/wp-content\/uploads\/2017\/05\/IMG_9182-325x209.jpg 325w, https:\/\/www.salzburgerland.com\/de\/magazin\/wp-content\/uploads\/2017\/05\/IMG_9182-249x160.jpg 249w\" \/><source media=\"(min-width: 0)\" srcset=\"https:\/\/www.salzburgerland.com\/de\/magazin\/wp-content\/uploads\/2017\/05\/IMG_9182-249x160.jpg 249w, https:\/\/www.salzburgerland.com\/de\/magazin\/wp-content\/uploads\/2017\/05\/IMG_9182-325x209.jpg 325w\" \/><img decoding=\"async\" alt=\"Zwei Radfahrer fahren auf einem verschneiten Bergpfad unter einem teilweise bew\u00f6lkten Himmel mit einem felsigen Gipfel in der N\u00e4he.\" src=\"https:\/\/www.salzburgerland.com\/de\/magazin\/wp-content\/uploads\/2017\/05\/IMG_9182.jpg\" \/>\t<\/picture><\/a><\/figure><\/div><\/div><\/div><figcaption><\/figcaption>\n<h3>Schnee im Fr\u00fchjahr als steter Weggef\u00e4hrte<\/h3>\n<p>Mit zunehmender H\u00f6he n\u00e4hern wir uns langsam aber stetig der Schneegrenze. Ein kurzer Wintereinbruch ist zu dieser Jahreszeit in dieser H\u00f6he nichts Ungew\u00f6hnliches und so kann es vorkommen, dass man sich und sein Mountainbike pl\u00f6tzlich in einer Winterlandschaft wiederfindet. Wer aber so weit gekommen ist, denkt nat\u00fcrlich nicht daran, deshalb Kehrt zu machen und f\u00e4hrt, schiebt oder tr\u00e4gt notfalls sein Gef\u00e4hrt durch den Schnees stapfend weiter bis zum Ziel. Gamaschen k\u00f6nnen dabei schon mal von Vorteil sein.\u00a0<\/p>\n<p><a href=\"https:\/\/www.salzburgerland.com\/de\/magazin\/wp-content\/uploads\/2017\/05\/20160517_165006.jpg\"><img loading=\"lazy\" decoding=\"async\" class=\"aligncenter wp-image-114789 size-singlePost\" src=\"https:\/\/www.salzburgerland.com\/de\/magazin\/wp-content\/uploads\/2017\/05\/20160517_165006-650x435.jpg\" alt=\"\" width=\"650\" height=\"435\" \/><\/a><\/p>\n<p>Nachdem wir die Steilstufe hinter uns gelassen haben, erreichen wir das malerische Plateu des Oberh\u00fcttensees. Bei entsprechender Witterung\u00a0bringt er angenehme Abk\u00fchlung. In unserem Fall sind wir froh \u00fcber die angestaute W\u00e4rme und werfen\u00a0uns bei Erreichen des Oberh\u00fcttensattels schnell noch eine Windjacke dr\u00fcber, um nicht gleich wieder auszuk\u00fchlen. Die idyllisch gelegene Oberh\u00fctte bietet neben Verk\u00f6stigung auch N\u00e4chtigungsm\u00f6glichkeiten, sogar mit Dusche, also auch f\u00fcr Radfahrer interessant.<\/p>\n<h3><a href=\"https:\/\/www.salzburgerland.com\/de\/magazin\/wp-content\/uploads\/2017\/05\/20160517_175329.jpg\"><img loading=\"lazy\" decoding=\"async\" class=\"size-magazine-halb wp-image-114793 alignright\" src=\"https:\/\/www.salzburgerland.com\/de\/magazin\/wp-content\/uploads\/2017\/05\/20160517_175329-300x225.jpg\" alt=\"\" width=\"300\" height=\"225\" \/><\/a>Abstieg\/-fahrt durchs Wei\u00dfpriachtal<\/h3>\n<p>Mit dem\u00a0Oberh\u00fcttensattel \u00fcberschreiten wir auch die Lungauer Bezirksgrenze. Wir betreten\u00a0hier also das\u00a0Land des Samson. Der Abstieg &#8211; zun\u00e4chst m\u00fcssen wir unser Rad \u00fcber eine kurze Steilstufe tragen &#8211; f\u00fchrt \u00fcber Stock und Stein. Fortgeschrittene k\u00f6nnen hier durchwegs fahren und puren Mountainbikegenuss erleben. Am Talschluss angekommen erreichen wir die Forststra\u00dfe und sausen schnell wie der Wind ins Wei\u00dfpriachtal hinaus. Die atemberaubende und naturbelassene Landschaft, die uns hier umgibt, setzt einer rundum gelungenen Eintages Transalp die Krone auf und rundet das Mountainbike Erlebnis perfekt ab.\u00a0<\/p>\n<p>Nach der\u00a0langezogenen Abfahrt mit stets leichtem Gef\u00e4lle\u00a0\u00f6ffnet sich schlie\u00dflich das Tal immer weiter zur Lungauer Hochebene. Die nahe gelegenen\u00a0Orte Mariapfarr und Mauterndorf warten bereits darauf, unsere ersch\u00f6pften aber zufriedenen K\u00f6rper in Empfang zu nehmen und mit regionalen Spezialit\u00e4ten zu verk\u00f6stigen.\u00a0<\/p>\n<div class=\"mag-gallery\"><div class=\"row\"><div class=\"col-6 col-sm-4\"><figure><a class=\"thumb-container\" href=\"https:\/\/www.salzburgerland.com\/de\/magazin\/wp-content\/uploads\/2017\/05\/20160517_181821-1280x1024.jpg\">\t<picture><source media=\"(min-width: 576px)\" srcset=\"https:\/\/www.salzburgerland.com\/de\/magazin\/wp-content\/uploads\/2017\/05\/20160517_181821-325x209.jpg 325w, https:\/\/www.salzburgerland.com\/de\/magazin\/wp-content\/uploads\/2017\/05\/20160517_181821-249x160.jpg 249w\" \/><source media=\"(min-width: 0)\" srcset=\"https:\/\/www.salzburgerland.com\/de\/magazin\/wp-content\/uploads\/2017\/05\/20160517_181821-249x160.jpg 249w, https:\/\/www.salzburgerland.com\/de\/magazin\/wp-content\/uploads\/2017\/05\/20160517_181821-325x209.jpg 325w\" \/><img decoding=\"async\" alt=\"Ein kleines Haus in der N\u00e4he eines Baches in einem gr\u00fcnen Tal, umgeben von Pinienb\u00e4umen und schneebedeckten Bergen.\" src=\"https:\/\/www.salzburgerland.com\/de\/magazin\/wp-content\/uploads\/2017\/05\/20160517_181821.jpg\" \/>\t<\/picture><\/a><\/figure><\/div><div class=\"col-6 col-sm-4\"><figure><a class=\"thumb-container\" href=\"https:\/\/www.salzburgerland.com\/de\/magazin\/wp-content\/uploads\/2017\/05\/20160517_173202-1280x1024.jpg\">\t<picture><source media=\"(min-width: 576px)\" srcset=\"https:\/\/www.salzburgerland.com\/de\/magazin\/wp-content\/uploads\/2017\/05\/20160517_173202-325x209.jpg 325w, https:\/\/www.salzburgerland.com\/de\/magazin\/wp-content\/uploads\/2017\/05\/20160517_173202-249x160.jpg 249w\" \/><source media=\"(min-width: 0)\" srcset=\"https:\/\/www.salzburgerland.com\/de\/magazin\/wp-content\/uploads\/2017\/05\/20160517_173202-249x160.jpg 249w, https:\/\/www.salzburgerland.com\/de\/magazin\/wp-content\/uploads\/2017\/05\/20160517_173202-325x209.jpg 325w\" \/><img decoding=\"async\" alt=\"Person auf einem Mountainbike auf einem verschneiten, grasbewachsenen Weg in der N\u00e4he von Bergen unter einem bew\u00f6lkten Himmel.\" src=\"https:\/\/www.salzburgerland.com\/de\/magazin\/wp-content\/uploads\/2017\/05\/20160517_173202.jpg\" \/>\t<\/picture><\/a><\/figure><\/div><div class=\"col-6 col-sm-4\"><figure><a class=\"thumb-container\" href=\"https:\/\/www.salzburgerland.com\/de\/magazin\/wp-content\/uploads\/2017\/05\/20160517_171917-1280x1024.jpg\">\t<picture><source media=\"(min-width: 576px)\" srcset=\"https:\/\/www.salzburgerland.com\/de\/magazin\/wp-content\/uploads\/2017\/05\/20160517_171917-325x209.jpg 325w, https:\/\/www.salzburgerland.com\/de\/magazin\/wp-content\/uploads\/2017\/05\/20160517_171917-249x160.jpg 249w\" \/><source media=\"(min-width: 0)\" srcset=\"https:\/\/www.salzburgerland.com\/de\/magazin\/wp-content\/uploads\/2017\/05\/20160517_171917-249x160.jpg 249w, https:\/\/www.salzburgerland.com\/de\/magazin\/wp-content\/uploads\/2017\/05\/20160517_171917-325x209.jpg 325w\" \/><img decoding=\"async\" alt=\"Eine Person f\u00e4hrt mit dem Fahrrad durch eine verschneite Berglandschaft unter einem bew\u00f6lkten Himmel.\" src=\"https:\/\/www.salzburgerland.com\/de\/magazin\/wp-content\/uploads\/2017\/05\/20160517_171917.jpg\" \/>\t<\/picture><\/a><\/figure><\/div><div class=\"col-6 col-sm-4\"><figure><a class=\"thumb-container\" href=\"https:\/\/www.salzburgerland.com\/de\/magazin\/wp-content\/uploads\/2017\/05\/20160517_171140-1280x1024.jpg\">\t<picture><source media=\"(min-width: 576px)\" srcset=\"https:\/\/www.salzburgerland.com\/de\/magazin\/wp-content\/uploads\/2017\/05\/20160517_171140-325x209.jpg 325w, https:\/\/www.salzburgerland.com\/de\/magazin\/wp-content\/uploads\/2017\/05\/20160517_171140-249x160.jpg 249w\" \/><source media=\"(min-width: 0)\" srcset=\"https:\/\/www.salzburgerland.com\/de\/magazin\/wp-content\/uploads\/2017\/05\/20160517_171140-249x160.jpg 249w, https:\/\/www.salzburgerland.com\/de\/magazin\/wp-content\/uploads\/2017\/05\/20160517_171140-325x209.jpg 325w\" \/><img decoding=\"async\" alt=\"Person, die ein Fahrrad durch eine verschneite Berglandschaft mit Gipfeln im Hintergrund tr\u00e4gt.\" src=\"https:\/\/www.salzburgerland.com\/de\/magazin\/wp-content\/uploads\/2017\/05\/20160517_171140.jpg\" \/>\t<\/picture><\/a><\/figure><\/div><div class=\"col-6 col-sm-4\"><figure><a class=\"thumb-container\" href=\"https:\/\/www.salzburgerland.com\/de\/magazin\/wp-content\/uploads\/2017\/05\/IMG_9186-1280x1024.jpg\">\t<picture><source media=\"(min-width: 576px)\" srcset=\"https:\/\/www.salzburgerland.com\/de\/magazin\/wp-content\/uploads\/2017\/05\/IMG_9186-325x209.jpg 325w, https:\/\/www.salzburgerland.com\/de\/magazin\/wp-content\/uploads\/2017\/05\/IMG_9186-249x160.jpg 249w\" \/><source media=\"(min-width: 0)\" srcset=\"https:\/\/www.salzburgerland.com\/de\/magazin\/wp-content\/uploads\/2017\/05\/IMG_9186-249x160.jpg 249w, https:\/\/www.salzburgerland.com\/de\/magazin\/wp-content\/uploads\/2017\/05\/IMG_9186-325x209.jpg 325w\" \/><img decoding=\"async\" alt=\"Mountainbike auf verschneiter Strecke mit Bergen und bew\u00f6lktem Himmel im Hintergrund.\" src=\"https:\/\/www.salzburgerland.com\/de\/magazin\/wp-content\/uploads\/2017\/05\/IMG_9186.jpg\" \/>\t<\/picture><\/a><\/figure><\/div><div class=\"col-6 col-sm-4\"><figure><a class=\"thumb-container\" href=\"https:\/\/www.salzburgerland.com\/de\/magazin\/wp-content\/uploads\/2017\/05\/IMG_9198-1280x1024.jpg\">\t<picture><source media=\"(min-width: 576px)\" srcset=\"https:\/\/www.salzburgerland.com\/de\/magazin\/wp-content\/uploads\/2017\/05\/IMG_9198-325x209.jpg 325w, https:\/\/www.salzburgerland.com\/de\/magazin\/wp-content\/uploads\/2017\/05\/IMG_9198-249x160.jpg 249w\" \/><source media=\"(min-width: 0)\" srcset=\"https:\/\/www.salzburgerland.com\/de\/magazin\/wp-content\/uploads\/2017\/05\/IMG_9198-249x160.jpg 249w, https:\/\/www.salzburgerland.com\/de\/magazin\/wp-content\/uploads\/2017\/05\/IMG_9198-325x209.jpg 325w\" \/><img decoding=\"async\" alt=\"Eine Person steht auf einem verschneiten Berggel\u00e4nde und h\u00e4lt ein Fahrrad \u00fcber dem Kopf, w\u00e4hrend der Himmel bew\u00f6lkt ist.\" src=\"https:\/\/www.salzburgerland.com\/de\/magazin\/wp-content\/uploads\/2017\/05\/IMG_9198.jpg\" \/>\t<\/picture><\/a><\/figure><\/div><\/div><\/div><figcaption><\/figcaption>\n<p>Fotos\u00a0\u00a9 Lukas Uitz<\/p>\n","protected":false},"excerpt":{"rendered":"<p>Mit der einsetzenden Schneeschmelze beginnt\u00a0im Fr\u00fchjahr langsam auch die Zeit f\u00fcr\u00a0hochalpine Mountainbike Touren. Dabei kann aus einer geplanten Alpen\u00fcberquerung schon mal ein Kampf durch den Schnee werden. F\u00fcr all jene, die gerade darin den Reiz sehen, ist jetzt der ideale Zeitpunkt, das Mountainbike fit zu machen und in die Berge zu stechen. Eine reizvolle und [&hellip;]<\/p>\n","protected":false},"author":538,"featured_media":114774,"comment_status":"open","ping_status":"open","sticky":false,"template":"","format":"standard","meta":{"_acf_changed":false,"wl_entities_gutenberg":"","_wl_entity_redirect_enabled":"","footnotes":""},"categories":[8],"tags":[],"wl_entity_type":[306],"monatsauswahl":[86,87,88,89,90,91],"class_list":["post-114773","post","type-post","status-publish","format-standard","has-post-thumbnail","hentry","category-outdoor-sport","wl_entity_type-article","monatsauswahl-monat_5","monatsauswahl-monat_6","monatsauswahl-monat_7","monatsauswahl-monat_8","monatsauswahl-monat_9","monatsauswahl-monat_10"],"acf":[],"yoast_head":"<!-- This site is optimized with the Yoast SEO Premium plugin v27.4 (Yoast SEO v27.4) - https:\/\/yoast.com\/product\/yoast-seo-premium-wordpress\/ -->\n<title>Der Ruf der Transalp - SalzburgerLand Magazin<\/title>\n<meta name=\"description\" content=\"Mit der einsetzenden Schneeschmelze beginnt\u00a0im Fr\u00fchjahr langsam auch die Zeit f\u00fcr\u00a0hochalpine Mountainbike Touren. Dabei kann aus einer geplanten Alpen\u00fcberquerung schon mal ein Kampf durch den Schnee werden. F\u00fcr all jene, die gerade darin den Reiz sehen, ist jetzt der ideale Zeitpunkt, das Mountainbike fit zu machen und in die Berge zu stechen. Eine reizvolle und [&hellip;]\" \/>\n<meta name=\"robots\" content=\"index, follow, max-snippet:-1, max-image-preview:large, max-video-preview:-1\" \/>\n<link rel=\"canonical\" href=\"https:\/\/www.salzburgerland.com\/de\/magazin\/der-ruf-der-transalp\/\" \/>\n<meta property=\"og:locale\" content=\"de_DE\" \/>\n<meta property=\"og:type\" content=\"article\" \/>\n<meta property=\"og:title\" content=\"Der Ruf der Transalp\" \/>\n<meta property=\"og:description\" content=\"Mit der einsetzenden Schneeschmelze beginnt\u00a0im Fr\u00fchjahr langsam auch die Zeit f\u00fcr\u00a0hochalpine Mountainbike Touren. Dabei kann aus einer geplanten Alpen\u00fcberquerung schon mal ein Kampf durch den Schnee werden. F\u00fcr all jene, die gerade darin den Reiz sehen, ist jetzt der ideale Zeitpunkt, das Mountainbike fit zu machen und in die Berge zu stechen. Eine reizvolle und [&hellip;]\" \/>\n<meta property=\"og:url\" content=\"https:\/\/www.salzburgerland.com\/de\/magazin\/der-ruf-der-transalp\/\" \/>\n<meta property=\"og:site_name\" content=\"SalzburgerLand Magazin\" \/>\n<meta property=\"article:publisher\" content=\"https:\/\/www.facebook.com\/salzburgerland\/\" \/>\n<meta property=\"article:published_time\" content=\"2017-05-12T12:36:08+00:00\" \/>\n<meta property=\"article:modified_time\" content=\"2019-06-26T16:39:49+00:00\" \/>\n<meta property=\"og:image\" content=\"https:\/\/www.salzburgerland.com\/de\/magazin\/wp-content\/uploads\/2017\/05\/IMG_9198.jpg\" \/>\n\t<meta property=\"og:image:width\" content=\"1600\" \/>\n\t<meta property=\"og:image:height\" content=\"1200\" \/>\n\t<meta property=\"og:image:type\" content=\"image\/jpeg\" \/>\n<meta name=\"author\" content=\"Lukas Uitz\" \/>\n<meta name=\"twitter:card\" content=\"summary_large_image\" \/>\n<meta name=\"twitter:creator\" content=\"@Salzburgerland\" \/>\n<meta name=\"twitter:site\" content=\"@Salzburgerland\" \/>\n<meta name=\"twitter:label1\" content=\"Verfasst von\" \/>\n\t<meta name=\"twitter:data1\" content=\"Lukas Uitz\" \/>\n\t<meta name=\"twitter:label2\" content=\"Gesch\u00e4tzte Lesezeit\" \/>\n\t<meta name=\"twitter:data2\" content=\"4\u00a0Minuten\" \/>\n<script type=\"application\/ld+json\" class=\"yoast-schema-graph\">{\"@context\":\"https:\\\/\\\/schema.org\",\"@graph\":[{\"@type\":\"Article\",\"@id\":\"https:\\\/\\\/www.salzburgerland.com\\\/de\\\/magazin\\\/der-ruf-der-transalp\\\/#article\",\"isPartOf\":{\"@id\":\"https:\\\/\\\/www.salzburgerland.com\\\/de\\\/magazin\\\/der-ruf-der-transalp\\\/\"},\"author\":{\"name\":\"Lukas Uitz\",\"@id\":\"https:\\\/\\\/www.salzburgerland.com\\\/de\\\/magazin\\\/#\\\/schema\\\/person\\\/3ff7e193e2c8cac782e170e1d616dc9e\"},\"headline\":\"Der Ruf der Transalp\",\"datePublished\":\"2017-05-12T12:36:08+00:00\",\"dateModified\":\"2019-06-26T16:39:49+00:00\",\"mainEntityOfPage\":{\"@id\":\"https:\\\/\\\/www.salzburgerland.com\\\/de\\\/magazin\\\/der-ruf-der-transalp\\\/\"},\"wordCount\":735,\"commentCount\":0,\"publisher\":{\"@id\":\"https:\\\/\\\/www.salzburgerland.com\\\/de\\\/magazin\\\/#organization\"},\"image\":{\"@id\":\"https:\\\/\\\/www.salzburgerland.com\\\/de\\\/magazin\\\/der-ruf-der-transalp\\\/#primaryimage\"},\"thumbnailUrl\":\"https:\\\/\\\/www.salzburgerland.com\\\/de\\\/magazin\\\/wp-content\\\/uploads\\\/2017\\\/05\\\/IMG_9198.jpg\",\"articleSection\":[\"Outdoor &amp; Sport\"],\"inLanguage\":\"de\",\"potentialAction\":[{\"@type\":\"CommentAction\",\"name\":\"Comment\",\"target\":[\"https:\\\/\\\/www.salzburgerland.com\\\/de\\\/magazin\\\/der-ruf-der-transalp\\\/#respond\"]}]},{\"@type\":\"WebPage\",\"@id\":\"https:\\\/\\\/www.salzburgerland.com\\\/de\\\/magazin\\\/der-ruf-der-transalp\\\/\",\"url\":\"https:\\\/\\\/www.salzburgerland.com\\\/de\\\/magazin\\\/der-ruf-der-transalp\\\/\",\"name\":\"Der Ruf der Transalp - SalzburgerLand Magazin\",\"isPartOf\":{\"@id\":\"https:\\\/\\\/www.salzburgerland.com\\\/de\\\/magazin\\\/#website\"},\"primaryImageOfPage\":{\"@id\":\"https:\\\/\\\/www.salzburgerland.com\\\/de\\\/magazin\\\/der-ruf-der-transalp\\\/#primaryimage\"},\"image\":{\"@id\":\"https:\\\/\\\/www.salzburgerland.com\\\/de\\\/magazin\\\/der-ruf-der-transalp\\\/#primaryimage\"},\"thumbnailUrl\":\"https:\\\/\\\/www.salzburgerland.com\\\/de\\\/magazin\\\/wp-content\\\/uploads\\\/2017\\\/05\\\/IMG_9198.jpg\",\"datePublished\":\"2017-05-12T12:36:08+00:00\",\"dateModified\":\"2019-06-26T16:39:49+00:00\",\"breadcrumb\":{\"@id\":\"https:\\\/\\\/www.salzburgerland.com\\\/de\\\/magazin\\\/der-ruf-der-transalp\\\/#breadcrumb\"},\"inLanguage\":\"de\",\"potentialAction\":[{\"@type\":\"ReadAction\",\"target\":[\"https:\\\/\\\/www.salzburgerland.com\\\/de\\\/magazin\\\/der-ruf-der-transalp\\\/\"]}]},{\"@type\":\"ImageObject\",\"inLanguage\":\"de\",\"@id\":\"https:\\\/\\\/www.salzburgerland.com\\\/de\\\/magazin\\\/der-ruf-der-transalp\\\/#primaryimage\",\"url\":\"https:\\\/\\\/www.salzburgerland.com\\\/de\\\/magazin\\\/wp-content\\\/uploads\\\/2017\\\/05\\\/IMG_9198.jpg\",\"contentUrl\":\"https:\\\/\\\/www.salzburgerland.com\\\/de\\\/magazin\\\/wp-content\\\/uploads\\\/2017\\\/05\\\/IMG_9198.jpg\",\"width\":1600,\"height\":1200,\"caption\":\"Eine Person steht auf einem verschneiten Berggel\u00e4nde und h\u00e4lt ein Fahrrad \u00fcber dem Kopf, w\u00e4hrend der Himmel bew\u00f6lkt ist.\"},{\"@type\":\"BreadcrumbList\",\"@id\":\"https:\\\/\\\/www.salzburgerland.com\\\/de\\\/magazin\\\/der-ruf-der-transalp\\\/#breadcrumb\",\"itemListElement\":[{\"@type\":\"ListItem\",\"position\":1,\"name\":\"Startseite\",\"item\":\"https:\\\/\\\/www.salzburgerland.com\\\/de\\\/magazin\\\/\"},{\"@type\":\"ListItem\",\"position\":2,\"name\":\"Outdoor &amp; Sport\",\"item\":\"https:\\\/\\\/www.salzburgerland.com\\\/de\\\/magazin\\\/thema\\\/outdoor-sport\\\/\"},{\"@type\":\"ListItem\",\"position\":3,\"name\":\"Der Ruf der Transalp\"}]},{\"@type\":\"WebSite\",\"@id\":\"https:\\\/\\\/www.salzburgerland.com\\\/de\\\/magazin\\\/#website\",\"url\":\"https:\\\/\\\/www.salzburgerland.com\\\/de\\\/magazin\\\/\",\"name\":\"SalzburgerLand Magazin\",\"description\":\"Geschichten und Interessantes aus dem SalzburgerLand\",\"publisher\":{\"@id\":\"https:\\\/\\\/www.salzburgerland.com\\\/de\\\/magazin\\\/#organization\"},\"potentialAction\":[{\"@type\":\"SearchAction\",\"target\":{\"@type\":\"EntryPoint\",\"urlTemplate\":\"https:\\\/\\\/www.salzburgerland.com\\\/de\\\/magazin\\\/?s={search_term_string}\"},\"query-input\":{\"@type\":\"PropertyValueSpecification\",\"valueRequired\":true,\"valueName\":\"search_term_string\"}}],\"inLanguage\":\"de\"},{\"@type\":\"Organization\",\"@id\":\"https:\\\/\\\/www.salzburgerland.com\\\/de\\\/magazin\\\/#organization\",\"name\":\"SalzburgerLand Tourismus\",\"url\":\"https:\\\/\\\/www.salzburgerland.com\\\/de\\\/magazin\\\/\",\"logo\":{\"@type\":\"ImageObject\",\"inLanguage\":\"de\",\"@id\":\"https:\\\/\\\/www.salzburgerland.com\\\/de\\\/magazin\\\/#\\\/schema\\\/logo\\\/image\\\/\",\"url\":\"https:\\\/\\\/www.salzburgerland.com\\\/de\\\/magazin\\\/wp-content\\\/uploads\\\/2019\\\/06\\\/salzburgerland-logo1.jpg\",\"contentUrl\":\"https:\\\/\\\/www.salzburgerland.com\\\/de\\\/magazin\\\/wp-content\\\/uploads\\\/2019\\\/06\\\/salzburgerland-logo1.jpg\",\"width\":2011,\"height\":866,\"caption\":\"SalzburgerLand Tourismus\"},\"image\":{\"@id\":\"https:\\\/\\\/www.salzburgerland.com\\\/de\\\/magazin\\\/#\\\/schema\\\/logo\\\/image\\\/\"},\"sameAs\":[\"https:\\\/\\\/www.facebook.com\\\/salzburgerland\\\/\",\"https:\\\/\\\/x.com\\\/Salzburgerland\",\"https:\\\/\\\/www.instagram.com\\\/salzburgerland\\\/\",\"https:\\\/\\\/at.linkedin.com\\\/company\\\/salzburgerland-tourismus-gmbh\",\"https:\\\/\\\/www.pinterest.at\\\/salzburgerland\\\/\",\"https:\\\/\\\/www.youtube.com\\\/user\\\/salzburgerland\",\"https:\\\/\\\/de.wikipedia.org\\\/wiki\\\/SalzburgerLand_Tourismus_GmbH\"]},{\"@type\":\"Person\",\"@id\":\"https:\\\/\\\/www.salzburgerland.com\\\/de\\\/magazin\\\/#\\\/schema\\\/person\\\/3ff7e193e2c8cac782e170e1d616dc9e\",\"name\":\"Lukas Uitz\",\"description\":\"Im Leben von Lukas Uitz dreht sich vieles\u00a0um Umwelt, Berge und Natur. Der geb\u00fcrtige Salzburger studierte erst Geographie in Wien, bis ihn durch die Ankunft seines heute 9-j\u00e4hrigen Sohns die Vaterpflicht und nicht zuletzt\u00a0die Sehnsucht nach den Bergen zur\u00fcck in die Heimat riefen. Sein Studium in Salzburg fortsetzend setzt er sich seither\u00a0stark in verschiedenen\u00a0Umwelt- und Verkehrsinitiativen f\u00fcr Mensch und Natur ein und hat sein Leben\u00a0der Aufkl\u00e4rung \u00fcber die Notwendigkeit von Umweltschutz und nachhaltiger Lebensweisen verschrieben. Daneben arbeitet er als selbstst\u00e4ndiger Filmemacher. Seit er denken kann, lebt Lukas in tiefer Verbundenheit mit der heimischen Bergwelt und besucht sie so oft es geht auf\u00a0unterschiedliche\u00a0Art und Weise. Ob mit Bergschuhen, Tourenski, Mountainbike oder Schneeschuhen. Das Gef\u00fchl, einen Gipfel zu erklimmen, die absolute Stille zu erfahren und auf die weite Welt hinunter zu blicken, z\u00e4hlt f\u00fcr ihn zu den h\u00f6chsten Dingen im Leben.\u00a0 Fr\u00fchling, Sommer, Herbst oder Winter? H\u00e4ufiger tr\u00e4ume ich im Sommer vom Winter als umgekehrt. Am Ende ist es aber die Summe und Vielfalt aller vier Jahreszeiten, die mich begeistert und die das Klima in unseren Breiten so besonders macht. Durchgehend Winter k\u00f6nnte ich genau so wenig aushalten, wie andauerndes Warmwetter. 3 Monate von jedem ist die perfekte Mischung f\u00fcr jemanden, der die Abwechslung liebt. Luxushotel oder Almh\u00fctte? Definitiv Almh\u00fctte! Nirgends sonst komme ich gedanklich und emotional so gut runter, als mehrere Tage auf einer abgelegenen Selbstversorgerh\u00fctte hoch oben in den Bergen. Allerdings ist auch ein Tag im Luxushotel nach wochenlanger Enthaltsamkeit durchaus nicht zu verschm\u00e4hen. Bergsee oder Kr\u00e4utergarten? Beides hat seinen besonderen Reiz. Der See l\u00e4dt zur absoluten Entspannung ein. Daneben z\u00e4hlt das \\\"Blattln\\\" mit flachen Steinen zu meinen Leidenschaften. Im Garten habe ich eine rechte\u00a0Freude, den Dingen beim Wachsen zuzuschauen und mein eigenes Essen anzupflanzen, das dadurch viel besser schmeckt und eine h\u00f6here Wertsch\u00e4tzung erf\u00e4hrt, als die Normware aus dem Regal. Ausstellung oder Bergpanorama? Berg und Natur sind die Ausstellung meiner Wahl. Alpinski, Offpist oder Skitour? Nach M\u00f6glichkeit\u00a0ziehe ich eine Skitour mit meinem Splitboard vor. Eine gut preparierte Piste zum Carven hat aber ebenso reizvolle Aspekte, die ich gerne genie\u00dfe. Mozart oder Hubert von Goisern? Beides Weltmusiker! Der Hubert hat es mir aber schon in der Kindheit angetan und ist seit jeher fester Bestandteil meiner pers\u00f6nlichen Berg-Playlist.\",\"url\":\"https:\\\/\\\/www.salzburgerland.com\\\/de\\\/magazin\\\/author\\\/lukas-uitz\\\/\"}]}<\/script>\n<!-- \/ Yoast SEO Premium plugin. -->","yoast_head_json":{"title":"Der Ruf der Transalp - SalzburgerLand Magazin","description":"Mit der einsetzenden Schneeschmelze beginnt\u00a0im Fr\u00fchjahr langsam auch die Zeit f\u00fcr\u00a0hochalpine Mountainbike Touren. Dabei kann aus einer geplanten Alpen\u00fcberquerung schon mal ein Kampf durch den Schnee werden. F\u00fcr all jene, die gerade darin den Reiz sehen, ist jetzt der ideale Zeitpunkt, das Mountainbike fit zu machen und in die Berge zu stechen. Eine reizvolle und [&hellip;]","robots":{"index":"index","follow":"follow","max-snippet":"max-snippet:-1","max-image-preview":"max-image-preview:large","max-video-preview":"max-video-preview:-1"},"canonical":"https:\/\/www.salzburgerland.com\/de\/magazin\/der-ruf-der-transalp\/","og_locale":"de_DE","og_type":"article","og_title":"Der Ruf der Transalp","og_description":"Mit der einsetzenden Schneeschmelze beginnt\u00a0im Fr\u00fchjahr langsam auch die Zeit f\u00fcr\u00a0hochalpine Mountainbike Touren. Dabei kann aus einer geplanten Alpen\u00fcberquerung schon mal ein Kampf durch den Schnee werden. F\u00fcr all jene, die gerade darin den Reiz sehen, ist jetzt der ideale Zeitpunkt, das Mountainbike fit zu machen und in die Berge zu stechen. Eine reizvolle und [&hellip;]","og_url":"https:\/\/www.salzburgerland.com\/de\/magazin\/der-ruf-der-transalp\/","og_site_name":"SalzburgerLand Magazin","article_publisher":"https:\/\/www.facebook.com\/salzburgerland\/","article_published_time":"2017-05-12T12:36:08+00:00","article_modified_time":"2019-06-26T16:39:49+00:00","og_image":[{"width":1600,"height":1200,"url":"https:\/\/www.salzburgerland.com\/de\/magazin\/wp-content\/uploads\/2017\/05\/IMG_9198.jpg","type":"image\/jpeg"}],"author":"Lukas Uitz","twitter_card":"summary_large_image","twitter_creator":"@Salzburgerland","twitter_site":"@Salzburgerland","twitter_misc":{"Verfasst von":"Lukas Uitz","Gesch\u00e4tzte Lesezeit":"4\u00a0Minuten"},"schema":{"@context":"https:\/\/schema.org","@graph":[{"@type":"Article","@id":"https:\/\/www.salzburgerland.com\/de\/magazin\/der-ruf-der-transalp\/#article","isPartOf":{"@id":"https:\/\/www.salzburgerland.com\/de\/magazin\/der-ruf-der-transalp\/"},"author":{"name":"Lukas Uitz","@id":"https:\/\/www.salzburgerland.com\/de\/magazin\/#\/schema\/person\/3ff7e193e2c8cac782e170e1d616dc9e"},"headline":"Der Ruf der Transalp","datePublished":"2017-05-12T12:36:08+00:00","dateModified":"2019-06-26T16:39:49+00:00","mainEntityOfPage":{"@id":"https:\/\/www.salzburgerland.com\/de\/magazin\/der-ruf-der-transalp\/"},"wordCount":735,"commentCount":0,"publisher":{"@id":"https:\/\/www.salzburgerland.com\/de\/magazin\/#organization"},"image":{"@id":"https:\/\/www.salzburgerland.com\/de\/magazin\/der-ruf-der-transalp\/#primaryimage"},"thumbnailUrl":"https:\/\/www.salzburgerland.com\/de\/magazin\/wp-content\/uploads\/2017\/05\/IMG_9198.jpg","articleSection":["Outdoor &amp; Sport"],"inLanguage":"de","potentialAction":[{"@type":"CommentAction","name":"Comment","target":["https:\/\/www.salzburgerland.com\/de\/magazin\/der-ruf-der-transalp\/#respond"]}]},{"@type":"WebPage","@id":"https:\/\/www.salzburgerland.com\/de\/magazin\/der-ruf-der-transalp\/","url":"https:\/\/www.salzburgerland.com\/de\/magazin\/der-ruf-der-transalp\/","name":"Der Ruf der Transalp - SalzburgerLand Magazin","isPartOf":{"@id":"https:\/\/www.salzburgerland.com\/de\/magazin\/#website"},"primaryImageOfPage":{"@id":"https:\/\/www.salzburgerland.com\/de\/magazin\/der-ruf-der-transalp\/#primaryimage"},"image":{"@id":"https:\/\/www.salzburgerland.com\/de\/magazin\/der-ruf-der-transalp\/#primaryimage"},"thumbnailUrl":"https:\/\/www.salzburgerland.com\/de\/magazin\/wp-content\/uploads\/2017\/05\/IMG_9198.jpg","datePublished":"2017-05-12T12:36:08+00:00","dateModified":"2019-06-26T16:39:49+00:00","breadcrumb":{"@id":"https:\/\/www.salzburgerland.com\/de\/magazin\/der-ruf-der-transalp\/#breadcrumb"},"inLanguage":"de","potentialAction":[{"@type":"ReadAction","target":["https:\/\/www.salzburgerland.com\/de\/magazin\/der-ruf-der-transalp\/"]}]},{"@type":"ImageObject","inLanguage":"de","@id":"https:\/\/www.salzburgerland.com\/de\/magazin\/der-ruf-der-transalp\/#primaryimage","url":"https:\/\/www.salzburgerland.com\/de\/magazin\/wp-content\/uploads\/2017\/05\/IMG_9198.jpg","contentUrl":"https:\/\/www.salzburgerland.com\/de\/magazin\/wp-content\/uploads\/2017\/05\/IMG_9198.jpg","width":1600,"height":1200,"caption":"Eine Person steht auf einem verschneiten Berggel\u00e4nde und h\u00e4lt ein Fahrrad \u00fcber dem Kopf, w\u00e4hrend der Himmel bew\u00f6lkt ist."},{"@type":"BreadcrumbList","@id":"https:\/\/www.salzburgerland.com\/de\/magazin\/der-ruf-der-transalp\/#breadcrumb","itemListElement":[{"@type":"ListItem","position":1,"name":"Startseite","item":"https:\/\/www.salzburgerland.com\/de\/magazin\/"},{"@type":"ListItem","position":2,"name":"Outdoor &amp; Sport","item":"https:\/\/www.salzburgerland.com\/de\/magazin\/thema\/outdoor-sport\/"},{"@type":"ListItem","position":3,"name":"Der Ruf der Transalp"}]},{"@type":"WebSite","@id":"https:\/\/www.salzburgerland.com\/de\/magazin\/#website","url":"https:\/\/www.salzburgerland.com\/de\/magazin\/","name":"SalzburgerLand Magazin","description":"Geschichten und Interessantes aus dem SalzburgerLand","publisher":{"@id":"https:\/\/www.salzburgerland.com\/de\/magazin\/#organization"},"potentialAction":[{"@type":"SearchAction","target":{"@type":"EntryPoint","urlTemplate":"https:\/\/www.salzburgerland.com\/de\/magazin\/?s={search_term_string}"},"query-input":{"@type":"PropertyValueSpecification","valueRequired":true,"valueName":"search_term_string"}}],"inLanguage":"de"},{"@type":"Organization","@id":"https:\/\/www.salzburgerland.com\/de\/magazin\/#organization","name":"SalzburgerLand Tourismus","url":"https:\/\/www.salzburgerland.com\/de\/magazin\/","logo":{"@type":"ImageObject","inLanguage":"de","@id":"https:\/\/www.salzburgerland.com\/de\/magazin\/#\/schema\/logo\/image\/","url":"https:\/\/www.salzburgerland.com\/de\/magazin\/wp-content\/uploads\/2019\/06\/salzburgerland-logo1.jpg","contentUrl":"https:\/\/www.salzburgerland.com\/de\/magazin\/wp-content\/uploads\/2019\/06\/salzburgerland-logo1.jpg","width":2011,"height":866,"caption":"SalzburgerLand Tourismus"},"image":{"@id":"https:\/\/www.salzburgerland.com\/de\/magazin\/#\/schema\/logo\/image\/"},"sameAs":["https:\/\/www.facebook.com\/salzburgerland\/","https:\/\/x.com\/Salzburgerland","https:\/\/www.instagram.com\/salzburgerland\/","https:\/\/at.linkedin.com\/company\/salzburgerland-tourismus-gmbh","https:\/\/www.pinterest.at\/salzburgerland\/","https:\/\/www.youtube.com\/user\/salzburgerland","https:\/\/de.wikipedia.org\/wiki\/SalzburgerLand_Tourismus_GmbH"]},{"@type":"Person","@id":"https:\/\/www.salzburgerland.com\/de\/magazin\/#\/schema\/person\/3ff7e193e2c8cac782e170e1d616dc9e","name":"Lukas Uitz","description":"Im Leben von Lukas Uitz dreht sich vieles\u00a0um Umwelt, Berge und Natur. Der geb\u00fcrtige Salzburger studierte erst Geographie in Wien, bis ihn durch die Ankunft seines heute 9-j\u00e4hrigen Sohns die Vaterpflicht und nicht zuletzt\u00a0die Sehnsucht nach den Bergen zur\u00fcck in die Heimat riefen. Sein Studium in Salzburg fortsetzend setzt er sich seither\u00a0stark in verschiedenen\u00a0Umwelt- und Verkehrsinitiativen f\u00fcr Mensch und Natur ein und hat sein Leben\u00a0der Aufkl\u00e4rung \u00fcber die Notwendigkeit von Umweltschutz und nachhaltiger Lebensweisen verschrieben. Daneben arbeitet er als selbstst\u00e4ndiger Filmemacher. Seit er denken kann, lebt Lukas in tiefer Verbundenheit mit der heimischen Bergwelt und besucht sie so oft es geht auf\u00a0unterschiedliche\u00a0Art und Weise. Ob mit Bergschuhen, Tourenski, Mountainbike oder Schneeschuhen. Das Gef\u00fchl, einen Gipfel zu erklimmen, die absolute Stille zu erfahren und auf die weite Welt hinunter zu blicken, z\u00e4hlt f\u00fcr ihn zu den h\u00f6chsten Dingen im Leben.\u00a0 Fr\u00fchling, Sommer, Herbst oder Winter? H\u00e4ufiger tr\u00e4ume ich im Sommer vom Winter als umgekehrt. Am Ende ist es aber die Summe und Vielfalt aller vier Jahreszeiten, die mich begeistert und die das Klima in unseren Breiten so besonders macht. Durchgehend Winter k\u00f6nnte ich genau so wenig aushalten, wie andauerndes Warmwetter. 3 Monate von jedem ist die perfekte Mischung f\u00fcr jemanden, der die Abwechslung liebt. Luxushotel oder Almh\u00fctte? Definitiv Almh\u00fctte! Nirgends sonst komme ich gedanklich und emotional so gut runter, als mehrere Tage auf einer abgelegenen Selbstversorgerh\u00fctte hoch oben in den Bergen. Allerdings ist auch ein Tag im Luxushotel nach wochenlanger Enthaltsamkeit durchaus nicht zu verschm\u00e4hen. Bergsee oder Kr\u00e4utergarten? Beides hat seinen besonderen Reiz. Der See l\u00e4dt zur absoluten Entspannung ein. Daneben z\u00e4hlt das \"Blattln\" mit flachen Steinen zu meinen Leidenschaften. Im Garten habe ich eine rechte\u00a0Freude, den Dingen beim Wachsen zuzuschauen und mein eigenes Essen anzupflanzen, das dadurch viel besser schmeckt und eine h\u00f6here Wertsch\u00e4tzung erf\u00e4hrt, als die Normware aus dem Regal. Ausstellung oder Bergpanorama? Berg und Natur sind die Ausstellung meiner Wahl. Alpinski, Offpist oder Skitour? Nach M\u00f6glichkeit\u00a0ziehe ich eine Skitour mit meinem Splitboard vor. Eine gut preparierte Piste zum Carven hat aber ebenso reizvolle Aspekte, die ich gerne genie\u00dfe. Mozart oder Hubert von Goisern? Beides Weltmusiker! Der Hubert hat es mir aber schon in der Kindheit angetan und ist seit jeher fester Bestandteil meiner pers\u00f6nlichen Berg-Playlist.","url":"https:\/\/www.salzburgerland.com\/de\/magazin\/author\/lukas-uitz\/"}]}},"_wl_alt_label":[],"wl:entity_url":"http:\/\/open.salzburgerland.com\/magazin\/post\/der_ruf_der_transalp","_links":{"self":[{"href":"https:\/\/www.salzburgerland.com\/de\/magazin\/wp-json\/wp\/v2\/posts\/114773","targetHints":{"allow":["GET"]}}],"collection":[{"href":"https:\/\/www.salzburgerland.com\/de\/magazin\/wp-json\/wp\/v2\/posts"}],"about":[{"href":"https:\/\/www.salzburgerland.com\/de\/magazin\/wp-json\/wp\/v2\/types\/post"}],"author":[{"embeddable":true,"href":"https:\/\/www.salzburgerland.com\/de\/magazin\/wp-json\/wp\/v2\/users\/538"}],"replies":[{"embeddable":true,"href":"https:\/\/www.salzburgerland.com\/de\/magazin\/wp-json\/wp\/v2\/comments?post=114773"}],"version-history":[{"count":0,"href":"https:\/\/www.salzburgerland.com\/de\/magazin\/wp-json\/wp\/v2\/posts\/114773\/revisions"}],"wp:featuredmedia":[{"embeddable":true,"href":"https:\/\/www.salzburgerland.com\/de\/magazin\/wp-json\/wp\/v2\/media\/114774"}],"wp:attachment":[{"href":"https:\/\/www.salzburgerland.com\/de\/magazin\/wp-json\/wp\/v2\/media?parent=114773"}],"wp:term":[{"taxonomy":"category","embeddable":true,"href":"https:\/\/www.salzburgerland.com\/de\/magazin\/wp-json\/wp\/v2\/categories?post=114773"},{"taxonomy":"post_tag","embeddable":true,"href":"https:\/\/www.salzburgerland.com\/de\/magazin\/wp-json\/wp\/v2\/tags?post=114773"},{"taxonomy":"wl_entity_type","embeddable":true,"href":"https:\/\/www.salzburgerland.com\/de\/magazin\/wp-json\/wp\/v2\/wl_entity_type?post=114773"},{"taxonomy":"monatsauswahl","embeddable":true,"href":"https:\/\/www.salzburgerland.com\/de\/magazin\/wp-json\/wp\/v2\/monatsauswahl?post=114773"}],"curies":[{"name":"wp","href":"https:\/\/api.w.org\/{rel}","templated":true}]}}