{"id":114708,"date":"2017-05-10T08:00:54","date_gmt":"2017-05-10T06:00:54","guid":{"rendered":"https:\/\/www.salzburgerland.com\/de\/magazin\/?p=114708"},"modified":"2021-10-04T09:27:38","modified_gmt":"2021-10-04T07:27:38","slug":"salzburgs-beste-mozarttorten","status":"publish","type":"post","link":"https:\/\/www.salzburgerland.com\/de\/magazin\/salzburgs-beste-mozarttorten\/","title":{"rendered":"Mozarttorte"},"content":{"rendered":"\n<h2 class=\"wp-block-slt-subtitle\">Rezept f\u00fcr begeisterte Hobbyb\u00e4cker<\/h2>\n\n\n\n<p class=\"wp-block-slt-intro\">W\u00e4hrend die Mozartkugel seit dem 19. Jahrhundert eine steile Karriere hingelegt hat, fristet die Mozarttorte ein etwas stiefm\u00fctterliches Dasein. Das mag auch daran liegen, dass die Mozarttorte keinen einheitlichen Auftritt hat. Wir haben Salzburgs beste Mozarttorten unter die Lupe genommen.<\/p>\n\n\n\n<p>Nicht einmal bei den Zutaten ist man sich einig. Nougat sollte dabei sein, das ist der einzige gemeinsame Nenner, den die B\u00e4cker und Konditoren beim Stichwort Mozarttorte nennen. Schon bei Pistazien ist man sich uneinig und fast die H\u00e4lfte aller Hersteller verzichtet auf Marzipan oder l\u00e4sst Marzipan bestenfalls als Dekor an der Au\u00dfenseite mitleben. <\/p>\n\n\n\n<h2 class=\"wp-block-heading\" id=\"h-mozarttorten-f-r-jeden-geschmack\">Mozarttorten f\u00fcr jeden Geschmack<\/h2>\n\n\n\n<p>Hier erwartet uns bereits die erste \u00dcberraschung. Die Mozarttorte schmeckt leicht und sieht nicht aus, wie man sich die Mehlspeise vorstellen w\u00fcrde. Nat\u00fcrlich wird hier im Erdgescho\u00df von Mozarts Wohnhaus des \u00f6fteren nach dieser Torte verlangt. Nicht nur Touristen sch\u00e4tzen sie, auch Einheimische. Geliefert wird die Mozarttorte im <a href=\"http:\/\/www.cafeclassic.at\" target=\"_blank\" rel=\"noopener noreferrer\">Cafe&nbsp;Classic<\/a> aus Seekirchen von der <a href=\"http:\/\/www.konditorei-moser.at\" target=\"_blank\" rel=\"noopener noreferrer\">Konditorei Moser<\/a>. Die Innungsmeisterin selbst k\u00fcmmert sich um die Mozart-Mehlspeise, hat sie aber in ihrem eigenen Cafe nicht fix in der Vitrine.<\/p>\n\n\n\n<p>Beim <a href=\"https:\/\/www.meisterstrasse.com\/de\/konditorei-wagenleitner\" target=\"_blank\" rel=\"noreferrer noopener\">Tortenmacher<\/a> im Nonntal bem\u00fcht man sich erst gar nicht, einem Klischee gerecht zu werden. \u201eWir nennen unsere Torte daher auch Figarotorte \u2013 wer eine Mozarttorte bestellt, bekommt diese\u201c, so Konditormeister Herbert Wagenleitner.<\/p>\n\n\n\n<p>Wenn ein Cafe schon Mozart im Namen tr\u00e4gt, erwartet man sich nat\u00fcrlich eine Mozarttorte. In der Getreidegasse im <a href=\"http:\/\/www.cafemozartsalzburg.at\/de\" target=\"_blank\" rel=\"noopener noreferrer\">Cafe Mozart<\/a> sieht die Torte recht traditionell aus: dunkler Schokoboden, Pistazie-Sahne, heller Boden, Nugat-Sahne, dunkler Schokoboden, Marzipanschicht, Sahnerosette und die Deko-Mozartkugel, allerdings nur ein Viertel. <br>Im <a href=\"http:\/\/www.tomaselli.at\/\" target=\"_blank\" rel=\"noopener noreferrer\">Tomaselli <\/a>wurden die Pistazien durch Haseln\u00fcsse ersetzt und zwecks fruchtigem Aroma sogar Kirschen dazugemischt. M\u00fcrbteil und Bisquit sind in den Schichten vertreten.<\/p>\n\n\n\n<p>Eine gr\u00fcne Marzipanschicht \u00fcberzieht die Torte im <a href=\"https:\/\/www.felleis-knittelfelder.at\/cafe-glockenspiel\/\" target=\"_blank\" rel=\"noreferrer noopener\">Cafe Glockenspiel<\/a> direkt am Mozartplatz. Hier sieht die Torte so aus, wie man sich eine Mozarttorte vorstellt: Nugatsahne, Schokosahne und eben viel Marzipan. Und als Extra gibt es noch den kostenlosen Blick auf die Mozartstatue dazu. Mehr Klischee geht nicht.<\/p>\n\n\n\n<h2 class=\"wp-block-heading\" id=\"h-mozarttortenrezept-aus-der-konditorei-moser\">Mozarttortenrezept aus der Konditorei Moser<\/h2>\n\n\n\n<figure class=\"wp-block-image alignnone\"><a href=\"https:\/\/www.salzburgerland.com\/de\/magazin\/wp-content\/uploads\/2017\/05\/OR_8101.jpg\"><img decoding=\"async\" src=\"https:\/\/www.salzburgerland.com\/de\/magazin\/wp-content\/uploads\/2017\/05\/OR_8101-650x435.jpg\" alt=\"Ein St\u00fcck geschichteter Schokoladen- und Vanillekuchen auf einem Teller in einem Caf\u00e9 mit unscharfem Hintergrund.\" class=\"wp-image-114712\"\/><\/a><figcaption>Cafe Classic, Mozarttorte von Moser Seekirchen<\/figcaption><\/figure>\n\n\n\n<p>F\u00fcr alle, die sich selber an die Zubereitung einer Mozart-Torte wagen wollen, haben wir hier ein Rezept f\u00fcr alle begeisterten Hobbyb\u00e4cker:<\/p>\n\n\n\n<p>Wir beginnen mit dem dunklen <strong>Biskuitboden<\/strong><\/p>\n\n\n\n<ul class=\"wp-block-list\"><li>8&nbsp;Dotter und 240 g Staubzucker schaumig r\u00fchren<\/li><li>8 Eiwei\u00df und 280 g Kristallzucker zu einem cremigen Schnee schlagen. <\/li><li>200 g Wasser und 200 g fl\u00fcssige Butter zur Dottermasse leeren. <\/li><li>358 g Mehl und 62 g Kakao gemeinsam sieben.<\/li><li>Den Eischnee zur Dottermasse geben und danach die Mehl-Kakaomischung unterheben. <\/li><li>In einen Tortenring f\u00fcllen und bei 180\u00b0C ca. 35 Minuten backen. Ausk\u00fchlen lassen und auseinander schneiden.<\/li><\/ul>\n\n\n\n<p>F\u00fcr die <strong>Grundcreme<\/strong> <\/p>\n\n\n\n<ul class=\"wp-block-list\"><li>45 g Zucker und 1,5 Eier schaumig schlagen<\/li><li>danach 94 g Milch beimengen,&nbsp;in die lauwarme Masse 4 Blatt Gelatine einr\u00fchren. <\/li><li>500 ml Obers aufschlagen. <\/li><li>30 g Nougat aufl\u00f6sen, mit der H\u00e4lfte der Grundmasse verr\u00fchren und 280 g des geschlagenen Obers unterheben. <\/li><li>25 g Marzipan mit 25 g Pistazienmark (wenn nicht vorhanden nur Marzipan mit gehackten Pistazien vermengen) mit etwas ungeschlagenem&nbsp;Obers vermengen und unter das restliche geschlagenen Obers&nbsp;mischen.<\/li><\/ul>\n\n\n\n<ul class=\"wp-block-list\"><li>Auf den untersten Tortenboden die Nugatmasse f\u00fcllen<\/li><li>Danach wieder einen d\u00fcnnen Tortenboden und dann die Pistazienmasse leeren. <\/li><li>Die Obersmassen sind relativ fl\u00fcssig. Danach mindestens 4 Stunden in den Tiefk\u00fchler geben.<\/li><\/ul>\n\n\n\n<p>In der Zwischenzeit <strong>Parisercreme als Glasur<\/strong> kochen: <\/p>\n\n\n\n<ul class=\"wp-block-list\"><li>250 g dunkle Schokolade<\/li><li>250 g Obers<\/li><li>und etwas Honig nach Geschmack. <\/li><\/ul>\n\n\n\n<p>Obers aufkochen lassen und \u00fcber die Schokolade mit Honig leeren, gut verr\u00fchren bis es eine sch\u00f6ne geschmeidig, homogene Masse ist.<\/p>\n\n\n\n<p>Die Torte aus dem Tiefk\u00fchler nehmen, mit dem Bunsenbrenner (oder mit einem hei\u00dfen Messer!) aus dem Tortenreifen l\u00f6sen und auf ein Gitter setzten. Parisercreme dar\u00fcberleeren und mit einer Palette verstreichen. Die Torte k\u00fchlen. Nach ca. 1 Stunde die Torte vom Gitter schneiden und auf eine Tortenplatte geben. Die restliche Parisercreme etwas k\u00fchlen und danach schaumig schlagen \u2013 kleine Rosetten aufdressieren.<\/p>\n\n\n\n<p>Gutes Gelingen!<\/p>\n\n\n\n<div class=\"mag-gallery\"><div class=\"row\"><div class=\"col-6 col-sm-4\"><figure><a class=\"thumb-container\" href=\"https:\/\/www.salzburgerland.com\/de\/magazin\/wp-content\/uploads\/2017\/05\/OR_8078-1280x1024.jpg\">\t<picture><source media=\"(min-width: 576px)\" srcset=\"https:\/\/www.salzburgerland.com\/de\/magazin\/wp-content\/uploads\/2017\/05\/OR_8078-325x209.jpg 325w, https:\/\/www.salzburgerland.com\/de\/magazin\/wp-content\/uploads\/2017\/05\/OR_8078-249x160.jpg 249w\" \/><source media=\"(min-width: 0)\" srcset=\"https:\/\/www.salzburgerland.com\/de\/magazin\/wp-content\/uploads\/2017\/05\/OR_8078-249x160.jpg 249w, https:\/\/www.salzburgerland.com\/de\/magazin\/wp-content\/uploads\/2017\/05\/OR_8078-325x209.jpg 325w\" \/><img decoding=\"async\" alt=\"Ein Mann l\u00e4chelt und h\u00e4lt einen Teller mit einem St\u00fcck Schichtkuchen und einer Gabel in einer hellen Innenumgebung.\" src=\"https:\/\/www.salzburgerland.com\/de\/magazin\/wp-content\/uploads\/2017\/05\/OR_8078.jpg\" \/>\t<\/picture><\/a><\/figure><\/div><div class=\"col-6 col-sm-4\"><figure><a class=\"thumb-container\" href=\"https:\/\/www.salzburgerland.com\/de\/magazin\/wp-content\/uploads\/2017\/05\/OR_8092-1280x1024.jpg\">\t<picture><source media=\"(min-width: 576px)\" srcset=\"https:\/\/www.salzburgerland.com\/de\/magazin\/wp-content\/uploads\/2017\/05\/OR_8092-325x209.jpg 325w, https:\/\/www.salzburgerland.com\/de\/magazin\/wp-content\/uploads\/2017\/05\/OR_8092-249x160.jpg 249w\" \/><source media=\"(min-width: 0)\" srcset=\"https:\/\/www.salzburgerland.com\/de\/magazin\/wp-content\/uploads\/2017\/05\/OR_8092-249x160.jpg 249w, https:\/\/www.salzburgerland.com\/de\/magazin\/wp-content\/uploads\/2017\/05\/OR_8092-325x209.jpg 325w\" \/><img decoding=\"async\" alt=\"Ein St\u00fcck geschichteter Schokoladenkuchen mit einem dekorativen St\u00fcck obenauf, serviert auf einem wei\u00dfen Teller mit einer Gabel.\" src=\"https:\/\/www.salzburgerland.com\/de\/magazin\/wp-content\/uploads\/2017\/05\/OR_8092.jpg\" \/>\t<\/picture><\/a><\/figure><\/div><div class=\"col-6 col-sm-4\"><figure><a class=\"thumb-container\" href=\"https:\/\/www.salzburgerland.com\/de\/magazin\/wp-content\/uploads\/2017\/05\/OR_8101-1280x1024.jpg\">\t<picture><source media=\"(min-width: 576px)\" srcset=\"https:\/\/www.salzburgerland.com\/de\/magazin\/wp-content\/uploads\/2017\/05\/OR_8101-325x209.jpg 325w, https:\/\/www.salzburgerland.com\/de\/magazin\/wp-content\/uploads\/2017\/05\/OR_8101-249x160.jpg 249w\" \/><source media=\"(min-width: 0)\" srcset=\"https:\/\/www.salzburgerland.com\/de\/magazin\/wp-content\/uploads\/2017\/05\/OR_8101-249x160.jpg 249w, https:\/\/www.salzburgerland.com\/de\/magazin\/wp-content\/uploads\/2017\/05\/OR_8101-325x209.jpg 325w\" \/><img decoding=\"async\" alt=\"Ein St\u00fcck geschichteter Schokoladen- und Vanillekuchen auf einem Teller in einem Caf\u00e9 mit unscharfem Hintergrund.\" src=\"https:\/\/www.salzburgerland.com\/de\/magazin\/wp-content\/uploads\/2017\/05\/OR_8101.jpg\" \/>\t<\/picture><\/a><\/figure><\/div><div class=\"col-6 col-sm-4\"><figure><a class=\"thumb-container\" href=\"https:\/\/www.salzburgerland.com\/de\/magazin\/wp-content\/uploads\/2017\/05\/OR_8112-1280x1024.jpg\">\t<picture><source media=\"(min-width: 576px)\" srcset=\"https:\/\/www.salzburgerland.com\/de\/magazin\/wp-content\/uploads\/2017\/05\/OR_8112-325x209.jpg 325w, https:\/\/www.salzburgerland.com\/de\/magazin\/wp-content\/uploads\/2017\/05\/OR_8112-249x160.jpg 249w\" \/><source media=\"(min-width: 0)\" srcset=\"https:\/\/www.salzburgerland.com\/de\/magazin\/wp-content\/uploads\/2017\/05\/OR_8112-249x160.jpg 249w, https:\/\/www.salzburgerland.com\/de\/magazin\/wp-content\/uploads\/2017\/05\/OR_8112-325x209.jpg 325w\" \/><img decoding=\"async\" alt=\"Eine Schachtel Original Salzburger Mozarttorte mit einer Abbildung von Mozart und der Torte, die im Inneren teilweise sichtbar ist.\" src=\"https:\/\/www.salzburgerland.com\/de\/magazin\/wp-content\/uploads\/2017\/05\/OR_8112.jpg\" \/>\t<\/picture><\/a><\/figure><\/div><div class=\"col-6 col-sm-4\"><figure><a class=\"thumb-container\" href=\"https:\/\/www.salzburgerland.com\/de\/magazin\/wp-content\/uploads\/2017\/05\/OR_8122-1280x1024.jpg\">\t<picture><source media=\"(min-width: 576px)\" srcset=\"https:\/\/www.salzburgerland.com\/de\/magazin\/wp-content\/uploads\/2017\/05\/OR_8122-325x209.jpg 325w, https:\/\/www.salzburgerland.com\/de\/magazin\/wp-content\/uploads\/2017\/05\/OR_8122-249x160.jpg 249w\" \/><source media=\"(min-width: 0)\" srcset=\"https:\/\/www.salzburgerland.com\/de\/magazin\/wp-content\/uploads\/2017\/05\/OR_8122-249x160.jpg 249w, https:\/\/www.salzburgerland.com\/de\/magazin\/wp-content\/uploads\/2017\/05\/OR_8122-325x209.jpg 325w\" \/><img decoding=\"async\" alt=\"Ein St\u00fcck geschichteter Kuchen mit Sahne, Beeren und einer Schokoladennote obenauf, serviert auf einem wei\u00dfen Teller.\" src=\"https:\/\/www.salzburgerland.com\/de\/magazin\/wp-content\/uploads\/2017\/05\/OR_8122.jpg\" \/>\t<\/picture><\/a><\/figure><\/div><div class=\"col-6 col-sm-4\"><figure><a class=\"thumb-container\" href=\"https:\/\/www.salzburgerland.com\/de\/magazin\/wp-content\/uploads\/2017\/05\/OR_8130-1280x1024.jpg\">\t<picture><source media=\"(min-width: 576px)\" srcset=\"https:\/\/www.salzburgerland.com\/de\/magazin\/wp-content\/uploads\/2017\/05\/OR_8130-325x209.jpg 325w, https:\/\/www.salzburgerland.com\/de\/magazin\/wp-content\/uploads\/2017\/05\/OR_8130-249x160.jpg 249w\" \/><source media=\"(min-width: 0)\" srcset=\"https:\/\/www.salzburgerland.com\/de\/magazin\/wp-content\/uploads\/2017\/05\/OR_8130-249x160.jpg 249w, https:\/\/www.salzburgerland.com\/de\/magazin\/wp-content\/uploads\/2017\/05\/OR_8130-325x209.jpg 325w\" \/><img decoding=\"async\" alt=\"L\u00e4chelnder Kellner in einer Weste, der einen Teller mit einem St\u00fcck Schichtkuchen im Freien im Sonnenlicht h\u00e4lt.\" src=\"https:\/\/www.salzburgerland.com\/de\/magazin\/wp-content\/uploads\/2017\/05\/OR_8130.jpg\" \/>\t<\/picture><\/a><\/figure><\/div><div class=\"col-6 col-sm-4\"><figure><a class=\"thumb-container\" href=\"https:\/\/www.salzburgerland.com\/de\/magazin\/wp-content\/uploads\/2017\/05\/OR_8138-1280x1024.jpg\">\t<picture><source media=\"(min-width: 576px)\" srcset=\"https:\/\/www.salzburgerland.com\/de\/magazin\/wp-content\/uploads\/2017\/05\/OR_8138-325x209.jpg 325w, https:\/\/www.salzburgerland.com\/de\/magazin\/wp-content\/uploads\/2017\/05\/OR_8138-249x160.jpg 249w\" \/><source media=\"(min-width: 0)\" srcset=\"https:\/\/www.salzburgerland.com\/de\/magazin\/wp-content\/uploads\/2017\/05\/OR_8138-249x160.jpg 249w, https:\/\/www.salzburgerland.com\/de\/magazin\/wp-content\/uploads\/2017\/05\/OR_8138-325x209.jpg 325w\" \/><img decoding=\"async\" alt=\"Ein St\u00fcck geschichteter Schokoladenkuchen mit Sahne obenauf, serviert auf einem wei\u00dfen Teller im Freien.\" src=\"https:\/\/www.salzburgerland.com\/de\/magazin\/wp-content\/uploads\/2017\/05\/OR_8138.jpg\" \/>\t<\/picture><\/a><\/figure><\/div><div class=\"col-6 col-sm-4\"><figure><a class=\"thumb-container\" href=\"https:\/\/www.salzburgerland.com\/de\/magazin\/wp-content\/uploads\/2017\/05\/OR_8484-1280x1024.jpg\">\t<picture><source media=\"(min-width: 576px)\" srcset=\"https:\/\/www.salzburgerland.com\/de\/magazin\/wp-content\/uploads\/2017\/05\/OR_8484-325x209.jpg 325w, https:\/\/www.salzburgerland.com\/de\/magazin\/wp-content\/uploads\/2017\/05\/OR_8484-249x160.jpg 249w\" \/><source media=\"(min-width: 0)\" srcset=\"https:\/\/www.salzburgerland.com\/de\/magazin\/wp-content\/uploads\/2017\/05\/OR_8484-249x160.jpg 249w, https:\/\/www.salzburgerland.com\/de\/magazin\/wp-content\/uploads\/2017\/05\/OR_8484-325x209.jpg 325w\" \/><img decoding=\"async\" alt=\"Eine l\u00e4chelnde Frau mit einem Hund in der Tasche sitzt an einem Caf\u00e9tisch im Freien und isst ein St\u00fcck Kuchen.\" src=\"https:\/\/www.salzburgerland.com\/de\/magazin\/wp-content\/uploads\/2017\/05\/OR_8484.jpg\" \/>\t<\/picture><\/a><\/figure><\/div><div class=\"col-6 col-sm-4\"><figure><a class=\"thumb-container\" href=\"https:\/\/www.salzburgerland.com\/de\/magazin\/wp-content\/uploads\/2017\/05\/OR_8492-1280x1024.jpg\">\t<picture><source media=\"(min-width: 576px)\" srcset=\"https:\/\/www.salzburgerland.com\/de\/magazin\/wp-content\/uploads\/2017\/05\/OR_8492-325x209.jpg 325w, https:\/\/www.salzburgerland.com\/de\/magazin\/wp-content\/uploads\/2017\/05\/OR_8492-249x160.jpg 249w\" \/><source media=\"(min-width: 0)\" srcset=\"https:\/\/www.salzburgerland.com\/de\/magazin\/wp-content\/uploads\/2017\/05\/OR_8492-249x160.jpg 249w, https:\/\/www.salzburgerland.com\/de\/magazin\/wp-content\/uploads\/2017\/05\/OR_8492-325x209.jpg 325w\" \/><img decoding=\"async\" alt=\"Eine Person h\u00e4lt eine Gabel neben einem St\u00fcck geschichteten Schokoladenkuchen auf einem Teller.\" src=\"https:\/\/www.salzburgerland.com\/de\/magazin\/wp-content\/uploads\/2017\/05\/OR_8492.jpg\" \/>\t<\/picture><\/a><\/figure><\/div><div class=\"col-6 col-sm-4\"><figure><a class=\"thumb-container\" href=\"https:\/\/www.salzburgerland.com\/de\/magazin\/wp-content\/uploads\/2017\/05\/OR_9275-1280x1024.jpg\">\t<picture><source media=\"(min-width: 576px)\" srcset=\"https:\/\/www.salzburgerland.com\/de\/magazin\/wp-content\/uploads\/2017\/05\/OR_9275-325x209.jpg 325w, https:\/\/www.salzburgerland.com\/de\/magazin\/wp-content\/uploads\/2017\/05\/OR_9275-249x160.jpg 249w\" \/><source media=\"(min-width: 0)\" srcset=\"https:\/\/www.salzburgerland.com\/de\/magazin\/wp-content\/uploads\/2017\/05\/OR_9275-249x160.jpg 249w, https:\/\/www.salzburgerland.com\/de\/magazin\/wp-content\/uploads\/2017\/05\/OR_9275-325x209.jpg 325w\" \/><img decoding=\"async\" alt=\"Ein l\u00e4chelnder Mann h\u00e4lt ein St\u00fcck Kuchen auf einem Teller vor einem Caf\u00e9 mit einem DER TORTE-Schild.\" src=\"https:\/\/www.salzburgerland.com\/de\/magazin\/wp-content\/uploads\/2017\/05\/OR_9275.jpg\" \/>\t<\/picture><\/a><\/figure><\/div><div class=\"col-6 col-sm-4\"><figure><a class=\"thumb-container\" href=\"https:\/\/www.salzburgerland.com\/de\/magazin\/wp-content\/uploads\/2017\/05\/OR_9278-1280x1024.jpg\">\t<picture><source media=\"(min-width: 576px)\" srcset=\"https:\/\/www.salzburgerland.com\/de\/magazin\/wp-content\/uploads\/2017\/05\/OR_9278-325x209.jpg 325w, https:\/\/www.salzburgerland.com\/de\/magazin\/wp-content\/uploads\/2017\/05\/OR_9278-249x160.jpg 249w\" \/><source media=\"(min-width: 0)\" srcset=\"https:\/\/www.salzburgerland.com\/de\/magazin\/wp-content\/uploads\/2017\/05\/OR_9278-249x160.jpg 249w, https:\/\/www.salzburgerland.com\/de\/magazin\/wp-content\/uploads\/2017\/05\/OR_9278-325x209.jpg 325w\" \/><img decoding=\"async\" alt=\"Ein St\u00fcck geschichteter Schokoladen-Sahne-Torte auf einem wei\u00dfen Teller, der auf einem Holztisch steht.\" src=\"https:\/\/www.salzburgerland.com\/de\/magazin\/wp-content\/uploads\/2017\/05\/OR_9278.jpg\" \/>\t<\/picture><\/a><\/figure><\/div><div class=\"col-6 col-sm-4\"><figure><a class=\"thumb-container\" href=\"https:\/\/www.salzburgerland.com\/de\/magazin\/wp-content\/uploads\/2017\/05\/Q5C1611-1280x1024.jpg\">\t<picture><source media=\"(min-width: 576px)\" srcset=\"https:\/\/www.salzburgerland.com\/de\/magazin\/wp-content\/uploads\/2017\/05\/Q5C1611-325x209.jpg 325w, https:\/\/www.salzburgerland.com\/de\/magazin\/wp-content\/uploads\/2017\/05\/Q5C1611-249x160.jpg 249w\" \/><source media=\"(min-width: 0)\" srcset=\"https:\/\/www.salzburgerland.com\/de\/magazin\/wp-content\/uploads\/2017\/05\/Q5C1611-249x160.jpg 249w, https:\/\/www.salzburgerland.com\/de\/magazin\/wp-content\/uploads\/2017\/05\/Q5C1611-325x209.jpg 325w\" \/><img decoding=\"async\" alt=\"Ein St\u00fcck Schichtkuchen mit gr\u00fcner Glasur und Sahne auf einem Teller, daneben eine Serviette und eine Karte von Cafe Mozart.\" src=\"https:\/\/www.salzburgerland.com\/de\/magazin\/wp-content\/uploads\/2017\/05\/Q5C1611.jpg\" \/>\t<\/picture><\/a><\/figure><\/div><div class=\"col-6 col-sm-4\"><figure><a class=\"thumb-container\" href=\"https:\/\/www.salzburgerland.com\/de\/magazin\/wp-content\/uploads\/2017\/05\/Q5C1618-1280x1024.jpg\">\t<picture><source media=\"(min-width: 576px)\" srcset=\"https:\/\/www.salzburgerland.com\/de\/magazin\/wp-content\/uploads\/2017\/05\/Q5C1618-325x209.jpg 325w, https:\/\/www.salzburgerland.com\/de\/magazin\/wp-content\/uploads\/2017\/05\/Q5C1618-249x160.jpg 249w\" \/><source media=\"(min-width: 0)\" srcset=\"https:\/\/www.salzburgerland.com\/de\/magazin\/wp-content\/uploads\/2017\/05\/Q5C1618-249x160.jpg 249w, https:\/\/www.salzburgerland.com\/de\/magazin\/wp-content\/uploads\/2017\/05\/Q5C1618-325x209.jpg 325w\" \/><img decoding=\"async\" alt=\"Eine Kellnerin in einer kastanienbraunen Weste h\u00e4lt einen Teller mit einem St\u00fcck Schichtkuchen in einem Restaurant.\" src=\"https:\/\/www.salzburgerland.com\/de\/magazin\/wp-content\/uploads\/2017\/05\/Q5C1618.jpg\" \/>\t<\/picture><\/a><\/figure><\/div><\/div><\/div><figcaption><\/figcaption>\n\n\n\n<p>Fotos&nbsp;\u00a9 <a href=\"http:\/\/www.wildbild.at\/\" target=\"_blank\" rel=\"noopener noreferrer\">wildbild<\/a><\/p>\n\n\n","protected":false},"excerpt":{"rendered":"<p>Nicht einmal bei den Zutaten ist man sich einig. Nougat sollte dabei sein, das ist der einzige gemeinsame Nenner, den die B\u00e4cker und Konditoren beim Stichwort Mozarttorte nennen. Schon bei Pistazien ist man sich uneinig und fast die H\u00e4lfte aller Hersteller verzichtet auf Marzipan oder l\u00e4sst Marzipan bestenfalls als Dekor an der Au\u00dfenseite mitleben. Mozarttorten [&hellip;]<\/p>\n","protected":false},"author":70,"featured_media":114721,"comment_status":"open","ping_status":"open","sticky":false,"template":"","format":"standard","meta":{"_acf_changed":false,"wl_entities_gutenberg":"","_wl_entity_redirect_enabled":"no","footnotes":""},"categories":[3],"tags":[],"wl_entity_type":[306,871],"monatsauswahl":[82,83,84,85,86,87,88,89,90,91,92,93],"class_list":["post-114708","post","type-post","status-publish","format-standard","has-post-thumbnail","hentry","category-essen-trinken","wl_entity_type-article","wl_entity_type-recipe","monatsauswahl-monat_1","monatsauswahl-monat_2","monatsauswahl-monat_3","monatsauswahl-monat_4","monatsauswahl-monat_5","monatsauswahl-monat_6","monatsauswahl-monat_7","monatsauswahl-monat_8","monatsauswahl-monat_9","monatsauswahl-monat_10","monatsauswahl-monat_11","monatsauswahl-monat_12"],"acf":[],"yoast_head":"<!-- This site is optimized with the Yoast SEO Premium plugin v27.4 (Yoast SEO v27.4) - https:\/\/yoast.com\/product\/yoast-seo-premium-wordpress\/ -->\n<title>Mozarttorte - SalzburgerLand Magazin<\/title>\n<meta name=\"description\" content=\"W\u00e4hrend die Mozartkugel seit dem 19. Jahrhundert eine steile Karriere hingelegt hat, fristet die Mozarttorte ein etwas stiefm\u00fctterliches Dasein. Das mag auch daran liegen, dass die Mozarttorte keinen einheitlichen Auftritt hat. Wir haben Salzburgs beste Mozarttorten unter die Lupe genommen.\" \/>\n<meta name=\"robots\" content=\"index, follow, max-snippet:-1, max-image-preview:large, max-video-preview:-1\" \/>\n<link rel=\"canonical\" href=\"https:\/\/www.salzburgerland.com\/de\/magazin\/salzburgs-beste-mozarttorten\/\" \/>\n<meta property=\"og:locale\" content=\"de_DE\" \/>\n<meta property=\"og:type\" content=\"article\" \/>\n<meta property=\"og:title\" content=\"Mozarttorte\" \/>\n<meta property=\"og:description\" content=\"Nicht einmal bei den Zutaten ist man sich einig. Nougat sollte dabei sein, das ist der einzige gemeinsame Nenner, den die B\u00e4cker und Konditoren beim Stichwort Mozarttorte nennen. Schon bei Pistazien ist man sich uneinig und fast die H\u00e4lfte aller Hersteller verzichtet auf Marzipan oder l\u00e4sst Marzipan bestenfalls als Dekor an der Au\u00dfenseite mitleben. Mozarttorten [&hellip;]\" \/>\n<meta property=\"og:url\" content=\"https:\/\/www.salzburgerland.com\/de\/magazin\/salzburgs-beste-mozarttorten\/\" \/>\n<meta property=\"og:site_name\" content=\"SalzburgerLand Magazin\" \/>\n<meta property=\"article:publisher\" content=\"https:\/\/www.facebook.com\/salzburgerland\/\" \/>\n<meta property=\"article:published_time\" content=\"2017-05-10T06:00:54+00:00\" \/>\n<meta property=\"article:modified_time\" content=\"2021-10-04T07:27:38+00:00\" \/>\n<meta property=\"og:image\" content=\"https:\/\/www.salzburgerland.com\/de\/magazin\/wp-content\/uploads\/2017\/05\/Q5C1611.jpg\" \/>\n\t<meta property=\"og:image:width\" content=\"1600\" \/>\n\t<meta property=\"og:image:height\" content=\"1132\" \/>\n\t<meta property=\"og:image:type\" content=\"image\/jpeg\" \/>\n<meta name=\"author\" content=\"Doris Wild\" \/>\n<meta name=\"twitter:card\" content=\"summary_large_image\" \/>\n<meta name=\"twitter:creator\" content=\"@Salzburgerland\" \/>\n<meta name=\"twitter:site\" content=\"@Salzburgerland\" \/>\n<meta name=\"twitter:label1\" content=\"Verfasst von\" \/>\n\t<meta name=\"twitter:data1\" content=\"Doris Wild\" \/>\n\t<meta name=\"twitter:label2\" content=\"Gesch\u00e4tzte Lesezeit\" \/>\n\t<meta name=\"twitter:data2\" content=\"3\u00a0Minuten\" \/>\n<script type=\"application\/ld+json\" class=\"yoast-schema-graph\">{\"@context\":\"https:\\\/\\\/schema.org\",\"@graph\":[{\"@type\":\"Article\",\"@id\":\"https:\\\/\\\/www.salzburgerland.com\\\/de\\\/magazin\\\/salzburgs-beste-mozarttorten\\\/#article\",\"isPartOf\":{\"@id\":\"https:\\\/\\\/www.salzburgerland.com\\\/de\\\/magazin\\\/salzburgs-beste-mozarttorten\\\/\"},\"author\":{\"name\":\"Doris Wild\",\"@id\":\"https:\\\/\\\/www.salzburgerland.com\\\/de\\\/magazin\\\/#\\\/schema\\\/person\\\/3c02fe460374aa9e0ef912270ae0b92c\"},\"headline\":\"Mozarttorte\",\"datePublished\":\"2017-05-10T06:00:54+00:00\",\"dateModified\":\"2021-10-04T07:27:38+00:00\",\"mainEntityOfPage\":{\"@id\":\"https:\\\/\\\/www.salzburgerland.com\\\/de\\\/magazin\\\/salzburgs-beste-mozarttorten\\\/\"},\"wordCount\":662,\"commentCount\":0,\"publisher\":{\"@id\":\"https:\\\/\\\/www.salzburgerland.com\\\/de\\\/magazin\\\/#organization\"},\"image\":{\"@id\":\"https:\\\/\\\/www.salzburgerland.com\\\/de\\\/magazin\\\/salzburgs-beste-mozarttorten\\\/#primaryimage\"},\"thumbnailUrl\":\"https:\\\/\\\/www.salzburgerland.com\\\/de\\\/magazin\\\/wp-content\\\/uploads\\\/2017\\\/05\\\/Q5C1611.jpg\",\"articleSection\":[\"Essen &amp; Trinken\"],\"inLanguage\":\"de\",\"potentialAction\":[{\"@type\":\"CommentAction\",\"name\":\"Comment\",\"target\":[\"https:\\\/\\\/www.salzburgerland.com\\\/de\\\/magazin\\\/salzburgs-beste-mozarttorten\\\/#respond\"]}]},{\"@type\":\"WebPage\",\"@id\":\"https:\\\/\\\/www.salzburgerland.com\\\/de\\\/magazin\\\/salzburgs-beste-mozarttorten\\\/\",\"url\":\"https:\\\/\\\/www.salzburgerland.com\\\/de\\\/magazin\\\/salzburgs-beste-mozarttorten\\\/\",\"name\":\"Mozarttorte - SalzburgerLand Magazin\",\"isPartOf\":{\"@id\":\"https:\\\/\\\/www.salzburgerland.com\\\/de\\\/magazin\\\/#website\"},\"primaryImageOfPage\":{\"@id\":\"https:\\\/\\\/www.salzburgerland.com\\\/de\\\/magazin\\\/salzburgs-beste-mozarttorten\\\/#primaryimage\"},\"image\":{\"@id\":\"https:\\\/\\\/www.salzburgerland.com\\\/de\\\/magazin\\\/salzburgs-beste-mozarttorten\\\/#primaryimage\"},\"thumbnailUrl\":\"https:\\\/\\\/www.salzburgerland.com\\\/de\\\/magazin\\\/wp-content\\\/uploads\\\/2017\\\/05\\\/Q5C1611.jpg\",\"datePublished\":\"2017-05-10T06:00:54+00:00\",\"dateModified\":\"2021-10-04T07:27:38+00:00\",\"breadcrumb\":{\"@id\":\"https:\\\/\\\/www.salzburgerland.com\\\/de\\\/magazin\\\/salzburgs-beste-mozarttorten\\\/#breadcrumb\"},\"inLanguage\":\"de\",\"potentialAction\":[{\"@type\":\"ReadAction\",\"target\":[\"https:\\\/\\\/www.salzburgerland.com\\\/de\\\/magazin\\\/salzburgs-beste-mozarttorten\\\/\"]}]},{\"@type\":\"ImageObject\",\"inLanguage\":\"de\",\"@id\":\"https:\\\/\\\/www.salzburgerland.com\\\/de\\\/magazin\\\/salzburgs-beste-mozarttorten\\\/#primaryimage\",\"url\":\"https:\\\/\\\/www.salzburgerland.com\\\/de\\\/magazin\\\/wp-content\\\/uploads\\\/2017\\\/05\\\/Q5C1611.jpg\",\"contentUrl\":\"https:\\\/\\\/www.salzburgerland.com\\\/de\\\/magazin\\\/wp-content\\\/uploads\\\/2017\\\/05\\\/Q5C1611.jpg\",\"width\":1600,\"height\":1132,\"caption\":\"Mozarttorte, Cafe Mozart\"},{\"@type\":\"BreadcrumbList\",\"@id\":\"https:\\\/\\\/www.salzburgerland.com\\\/de\\\/magazin\\\/salzburgs-beste-mozarttorten\\\/#breadcrumb\",\"itemListElement\":[{\"@type\":\"ListItem\",\"position\":1,\"name\":\"Startseite\",\"item\":\"https:\\\/\\\/www.salzburgerland.com\\\/de\\\/magazin\\\/\"},{\"@type\":\"ListItem\",\"position\":2,\"name\":\"Essen &amp; Trinken\",\"item\":\"https:\\\/\\\/www.salzburgerland.com\\\/de\\\/magazin\\\/thema\\\/essen-trinken\\\/\"},{\"@type\":\"ListItem\",\"position\":3,\"name\":\"Mozarttorte\"}]},{\"@type\":\"WebSite\",\"@id\":\"https:\\\/\\\/www.salzburgerland.com\\\/de\\\/magazin\\\/#website\",\"url\":\"https:\\\/\\\/www.salzburgerland.com\\\/de\\\/magazin\\\/\",\"name\":\"SalzburgerLand Magazin\",\"description\":\"Geschichten und Interessantes aus dem SalzburgerLand\",\"publisher\":{\"@id\":\"https:\\\/\\\/www.salzburgerland.com\\\/de\\\/magazin\\\/#organization\"},\"potentialAction\":[{\"@type\":\"SearchAction\",\"target\":{\"@type\":\"EntryPoint\",\"urlTemplate\":\"https:\\\/\\\/www.salzburgerland.com\\\/de\\\/magazin\\\/?s={search_term_string}\"},\"query-input\":{\"@type\":\"PropertyValueSpecification\",\"valueRequired\":true,\"valueName\":\"search_term_string\"}}],\"inLanguage\":\"de\"},{\"@type\":\"Organization\",\"@id\":\"https:\\\/\\\/www.salzburgerland.com\\\/de\\\/magazin\\\/#organization\",\"name\":\"SalzburgerLand Tourismus\",\"url\":\"https:\\\/\\\/www.salzburgerland.com\\\/de\\\/magazin\\\/\",\"logo\":{\"@type\":\"ImageObject\",\"inLanguage\":\"de\",\"@id\":\"https:\\\/\\\/www.salzburgerland.com\\\/de\\\/magazin\\\/#\\\/schema\\\/logo\\\/image\\\/\",\"url\":\"https:\\\/\\\/www.salzburgerland.com\\\/de\\\/magazin\\\/wp-content\\\/uploads\\\/2019\\\/06\\\/salzburgerland-logo1.jpg\",\"contentUrl\":\"https:\\\/\\\/www.salzburgerland.com\\\/de\\\/magazin\\\/wp-content\\\/uploads\\\/2019\\\/06\\\/salzburgerland-logo1.jpg\",\"width\":2011,\"height\":866,\"caption\":\"SalzburgerLand Tourismus\"},\"image\":{\"@id\":\"https:\\\/\\\/www.salzburgerland.com\\\/de\\\/magazin\\\/#\\\/schema\\\/logo\\\/image\\\/\"},\"sameAs\":[\"https:\\\/\\\/www.facebook.com\\\/salzburgerland\\\/\",\"https:\\\/\\\/x.com\\\/Salzburgerland\",\"https:\\\/\\\/www.instagram.com\\\/salzburgerland\\\/\",\"https:\\\/\\\/at.linkedin.com\\\/company\\\/salzburgerland-tourismus-gmbh\",\"https:\\\/\\\/www.pinterest.at\\\/salzburgerland\\\/\",\"https:\\\/\\\/www.youtube.com\\\/user\\\/salzburgerland\",\"https:\\\/\\\/de.wikipedia.org\\\/wiki\\\/SalzburgerLand_Tourismus_GmbH\"]},{\"@type\":\"Person\",\"@id\":\"https:\\\/\\\/www.salzburgerland.com\\\/de\\\/magazin\\\/#\\\/schema\\\/person\\\/3c02fe460374aa9e0ef912270ae0b92c\",\"name\":\"Doris Wild\",\"description\":\"Doris Wild ist Eventfotografin und Societyjournalistin und hat jetzt mit ihrer Agentur auch den Videojournalismus als zus\u00e4tzliches Standbein entdeckt. Nach 20 Jahren tagesaktueller Berichterstattung sind Blicke hinter die Kulissen der Event-Society und Modewelt die logische Konsequenz. Fragen mit Antworten von Doris Wild Morgen- oder Abendmensch? Vor 8.00 fr\u00fch holt mich nicht einmal der tollste Sonnenaufgang aus den Federn. Dass Fotografen die Morgensonne nutzen sollten \u2013 mag sein. Events finden selten im weichen Morgenlicht statt. Und zur blauen Stunde mache ich die besten Bilder. Weltliteratur oder Tratsch &amp; Klatsch? Man kann das kombinieren. Im Urlaub mal den dicken Schm\u00f6ker, in den Kaffeepausen die Regenbogenzeitschriften. Man muss schlie\u00dflich am Laufenden bleiben, um die Prinzessinnen und Medienstars zu erkennen, wenn sie im Salzburgerland urlauben. Kr\u00e4utertee oder Zirbenschnaps? Ich bin Antialkoholikerin und steh dazu. Ist als Societyfotografin wahrscheinlich die einzige M\u00f6glichkeit zu \u00fcberleben. Golfplatz oder Klettergarten? Klettergarten nat\u00fcrlich. Ich brauch Action. Funsport ist meine Devise! Am besten t\u00e4glich was Neues. Der Herausforderung Golf stelle ich mich sp\u00e4ter. Viel sp\u00e4ter. Dirndl oder Bustierkleid? Jetzt reicht\u00b4s aber. Wie wenn man sich so einfach entscheiden k\u00f6nnte! Mit drei \u00fcbervollen Kleiderschr\u00e4nken und der Ambition sich t\u00e4glich modisch neu zu erfinden, lassen sich diese Fragen nicht beantworten. Das ist anlass- und stimmungsbezogen unterschiedlich. Und \u00fcberhaupt: Auf Kleider steh ich nicht so. Also im Zweifelsfall: Lederhose mit Sneakers. Ausstellung oder Bergpanorama? Das seh ich ganz pragmatisch. Ich komme dort hin, wo mich meine Auftr\u00e4ge hinf\u00fchren. Das ist heute die Vernissage und morgen der Berggipfel. Genau das macht meinen Beruf so spannend und t\u00e4glich anders. Ich will alles.\",\"url\":\"https:\\\/\\\/www.salzburgerland.com\\\/de\\\/magazin\\\/author\\\/doris-wild\\\/\"}]}<\/script>\n<!-- \/ Yoast SEO Premium plugin. -->","yoast_head_json":{"title":"Mozarttorte - SalzburgerLand Magazin","description":"W\u00e4hrend die Mozartkugel seit dem 19. Jahrhundert eine steile Karriere hingelegt hat, fristet die Mozarttorte ein etwas stiefm\u00fctterliches Dasein. Das mag auch daran liegen, dass die Mozarttorte keinen einheitlichen Auftritt hat. Wir haben Salzburgs beste Mozarttorten unter die Lupe genommen.","robots":{"index":"index","follow":"follow","max-snippet":"max-snippet:-1","max-image-preview":"max-image-preview:large","max-video-preview":"max-video-preview:-1"},"canonical":"https:\/\/www.salzburgerland.com\/de\/magazin\/salzburgs-beste-mozarttorten\/","og_locale":"de_DE","og_type":"article","og_title":"Mozarttorte","og_description":"Nicht einmal bei den Zutaten ist man sich einig. Nougat sollte dabei sein, das ist der einzige gemeinsame Nenner, den die B\u00e4cker und Konditoren beim Stichwort Mozarttorte nennen. Schon bei Pistazien ist man sich uneinig und fast die H\u00e4lfte aller Hersteller verzichtet auf Marzipan oder l\u00e4sst Marzipan bestenfalls als Dekor an der Au\u00dfenseite mitleben. Mozarttorten [&hellip;]","og_url":"https:\/\/www.salzburgerland.com\/de\/magazin\/salzburgs-beste-mozarttorten\/","og_site_name":"SalzburgerLand Magazin","article_publisher":"https:\/\/www.facebook.com\/salzburgerland\/","article_published_time":"2017-05-10T06:00:54+00:00","article_modified_time":"2021-10-04T07:27:38+00:00","og_image":[{"width":1600,"height":1132,"url":"https:\/\/www.salzburgerland.com\/de\/magazin\/wp-content\/uploads\/2017\/05\/Q5C1611.jpg","type":"image\/jpeg"}],"author":"Doris Wild","twitter_card":"summary_large_image","twitter_creator":"@Salzburgerland","twitter_site":"@Salzburgerland","twitter_misc":{"Verfasst von":"Doris Wild","Gesch\u00e4tzte Lesezeit":"3\u00a0Minuten"},"schema":{"@context":"https:\/\/schema.org","@graph":[{"@type":"Article","@id":"https:\/\/www.salzburgerland.com\/de\/magazin\/salzburgs-beste-mozarttorten\/#article","isPartOf":{"@id":"https:\/\/www.salzburgerland.com\/de\/magazin\/salzburgs-beste-mozarttorten\/"},"author":{"name":"Doris Wild","@id":"https:\/\/www.salzburgerland.com\/de\/magazin\/#\/schema\/person\/3c02fe460374aa9e0ef912270ae0b92c"},"headline":"Mozarttorte","datePublished":"2017-05-10T06:00:54+00:00","dateModified":"2021-10-04T07:27:38+00:00","mainEntityOfPage":{"@id":"https:\/\/www.salzburgerland.com\/de\/magazin\/salzburgs-beste-mozarttorten\/"},"wordCount":662,"commentCount":0,"publisher":{"@id":"https:\/\/www.salzburgerland.com\/de\/magazin\/#organization"},"image":{"@id":"https:\/\/www.salzburgerland.com\/de\/magazin\/salzburgs-beste-mozarttorten\/#primaryimage"},"thumbnailUrl":"https:\/\/www.salzburgerland.com\/de\/magazin\/wp-content\/uploads\/2017\/05\/Q5C1611.jpg","articleSection":["Essen &amp; Trinken"],"inLanguage":"de","potentialAction":[{"@type":"CommentAction","name":"Comment","target":["https:\/\/www.salzburgerland.com\/de\/magazin\/salzburgs-beste-mozarttorten\/#respond"]}]},{"@type":"WebPage","@id":"https:\/\/www.salzburgerland.com\/de\/magazin\/salzburgs-beste-mozarttorten\/","url":"https:\/\/www.salzburgerland.com\/de\/magazin\/salzburgs-beste-mozarttorten\/","name":"Mozarttorte - SalzburgerLand Magazin","isPartOf":{"@id":"https:\/\/www.salzburgerland.com\/de\/magazin\/#website"},"primaryImageOfPage":{"@id":"https:\/\/www.salzburgerland.com\/de\/magazin\/salzburgs-beste-mozarttorten\/#primaryimage"},"image":{"@id":"https:\/\/www.salzburgerland.com\/de\/magazin\/salzburgs-beste-mozarttorten\/#primaryimage"},"thumbnailUrl":"https:\/\/www.salzburgerland.com\/de\/magazin\/wp-content\/uploads\/2017\/05\/Q5C1611.jpg","datePublished":"2017-05-10T06:00:54+00:00","dateModified":"2021-10-04T07:27:38+00:00","breadcrumb":{"@id":"https:\/\/www.salzburgerland.com\/de\/magazin\/salzburgs-beste-mozarttorten\/#breadcrumb"},"inLanguage":"de","potentialAction":[{"@type":"ReadAction","target":["https:\/\/www.salzburgerland.com\/de\/magazin\/salzburgs-beste-mozarttorten\/"]}]},{"@type":"ImageObject","inLanguage":"de","@id":"https:\/\/www.salzburgerland.com\/de\/magazin\/salzburgs-beste-mozarttorten\/#primaryimage","url":"https:\/\/www.salzburgerland.com\/de\/magazin\/wp-content\/uploads\/2017\/05\/Q5C1611.jpg","contentUrl":"https:\/\/www.salzburgerland.com\/de\/magazin\/wp-content\/uploads\/2017\/05\/Q5C1611.jpg","width":1600,"height":1132,"caption":"Mozarttorte, Cafe Mozart"},{"@type":"BreadcrumbList","@id":"https:\/\/www.salzburgerland.com\/de\/magazin\/salzburgs-beste-mozarttorten\/#breadcrumb","itemListElement":[{"@type":"ListItem","position":1,"name":"Startseite","item":"https:\/\/www.salzburgerland.com\/de\/magazin\/"},{"@type":"ListItem","position":2,"name":"Essen &amp; Trinken","item":"https:\/\/www.salzburgerland.com\/de\/magazin\/thema\/essen-trinken\/"},{"@type":"ListItem","position":3,"name":"Mozarttorte"}]},{"@type":"WebSite","@id":"https:\/\/www.salzburgerland.com\/de\/magazin\/#website","url":"https:\/\/www.salzburgerland.com\/de\/magazin\/","name":"SalzburgerLand Magazin","description":"Geschichten und Interessantes aus dem SalzburgerLand","publisher":{"@id":"https:\/\/www.salzburgerland.com\/de\/magazin\/#organization"},"potentialAction":[{"@type":"SearchAction","target":{"@type":"EntryPoint","urlTemplate":"https:\/\/www.salzburgerland.com\/de\/magazin\/?s={search_term_string}"},"query-input":{"@type":"PropertyValueSpecification","valueRequired":true,"valueName":"search_term_string"}}],"inLanguage":"de"},{"@type":"Organization","@id":"https:\/\/www.salzburgerland.com\/de\/magazin\/#organization","name":"SalzburgerLand Tourismus","url":"https:\/\/www.salzburgerland.com\/de\/magazin\/","logo":{"@type":"ImageObject","inLanguage":"de","@id":"https:\/\/www.salzburgerland.com\/de\/magazin\/#\/schema\/logo\/image\/","url":"https:\/\/www.salzburgerland.com\/de\/magazin\/wp-content\/uploads\/2019\/06\/salzburgerland-logo1.jpg","contentUrl":"https:\/\/www.salzburgerland.com\/de\/magazin\/wp-content\/uploads\/2019\/06\/salzburgerland-logo1.jpg","width":2011,"height":866,"caption":"SalzburgerLand Tourismus"},"image":{"@id":"https:\/\/www.salzburgerland.com\/de\/magazin\/#\/schema\/logo\/image\/"},"sameAs":["https:\/\/www.facebook.com\/salzburgerland\/","https:\/\/x.com\/Salzburgerland","https:\/\/www.instagram.com\/salzburgerland\/","https:\/\/at.linkedin.com\/company\/salzburgerland-tourismus-gmbh","https:\/\/www.pinterest.at\/salzburgerland\/","https:\/\/www.youtube.com\/user\/salzburgerland","https:\/\/de.wikipedia.org\/wiki\/SalzburgerLand_Tourismus_GmbH"]},{"@type":"Person","@id":"https:\/\/www.salzburgerland.com\/de\/magazin\/#\/schema\/person\/3c02fe460374aa9e0ef912270ae0b92c","name":"Doris Wild","description":"Doris Wild ist Eventfotografin und Societyjournalistin und hat jetzt mit ihrer Agentur auch den Videojournalismus als zus\u00e4tzliches Standbein entdeckt. Nach 20 Jahren tagesaktueller Berichterstattung sind Blicke hinter die Kulissen der Event-Society und Modewelt die logische Konsequenz. Fragen mit Antworten von Doris Wild Morgen- oder Abendmensch? Vor 8.00 fr\u00fch holt mich nicht einmal der tollste Sonnenaufgang aus den Federn. Dass Fotografen die Morgensonne nutzen sollten \u2013 mag sein. Events finden selten im weichen Morgenlicht statt. Und zur blauen Stunde mache ich die besten Bilder. Weltliteratur oder Tratsch &amp; Klatsch? Man kann das kombinieren. Im Urlaub mal den dicken Schm\u00f6ker, in den Kaffeepausen die Regenbogenzeitschriften. Man muss schlie\u00dflich am Laufenden bleiben, um die Prinzessinnen und Medienstars zu erkennen, wenn sie im Salzburgerland urlauben. Kr\u00e4utertee oder Zirbenschnaps? Ich bin Antialkoholikerin und steh dazu. Ist als Societyfotografin wahrscheinlich die einzige M\u00f6glichkeit zu \u00fcberleben. Golfplatz oder Klettergarten? Klettergarten nat\u00fcrlich. Ich brauch Action. Funsport ist meine Devise! Am besten t\u00e4glich was Neues. Der Herausforderung Golf stelle ich mich sp\u00e4ter. Viel sp\u00e4ter. Dirndl oder Bustierkleid? Jetzt reicht\u00b4s aber. Wie wenn man sich so einfach entscheiden k\u00f6nnte! Mit drei \u00fcbervollen Kleiderschr\u00e4nken und der Ambition sich t\u00e4glich modisch neu zu erfinden, lassen sich diese Fragen nicht beantworten. Das ist anlass- und stimmungsbezogen unterschiedlich. Und \u00fcberhaupt: Auf Kleider steh ich nicht so. Also im Zweifelsfall: Lederhose mit Sneakers. Ausstellung oder Bergpanorama? Das seh ich ganz pragmatisch. Ich komme dort hin, wo mich meine Auftr\u00e4ge hinf\u00fchren. Das ist heute die Vernissage und morgen der Berggipfel. Genau das macht meinen Beruf so spannend und t\u00e4glich anders. Ich will alles.","url":"https:\/\/www.salzburgerland.com\/de\/magazin\/author\/doris-wild\/"}]}},"_wl_alt_label":[],"wl:entity_url":"http:\/\/open.salzburgerland.com\/magazin\/post\/salzburgs_beste_mozarttorten","_links":{"self":[{"href":"https:\/\/www.salzburgerland.com\/de\/magazin\/wp-json\/wp\/v2\/posts\/114708","targetHints":{"allow":["GET"]}}],"collection":[{"href":"https:\/\/www.salzburgerland.com\/de\/magazin\/wp-json\/wp\/v2\/posts"}],"about":[{"href":"https:\/\/www.salzburgerland.com\/de\/magazin\/wp-json\/wp\/v2\/types\/post"}],"author":[{"embeddable":true,"href":"https:\/\/www.salzburgerland.com\/de\/magazin\/wp-json\/wp\/v2\/users\/70"}],"replies":[{"embeddable":true,"href":"https:\/\/www.salzburgerland.com\/de\/magazin\/wp-json\/wp\/v2\/comments?post=114708"}],"version-history":[{"count":5,"href":"https:\/\/www.salzburgerland.com\/de\/magazin\/wp-json\/wp\/v2\/posts\/114708\/revisions"}],"predecessor-version":[{"id":157803,"href":"https:\/\/www.salzburgerland.com\/de\/magazin\/wp-json\/wp\/v2\/posts\/114708\/revisions\/157803"}],"wp:featuredmedia":[{"embeddable":true,"href":"https:\/\/www.salzburgerland.com\/de\/magazin\/wp-json\/wp\/v2\/media\/114721"}],"wp:attachment":[{"href":"https:\/\/www.salzburgerland.com\/de\/magazin\/wp-json\/wp\/v2\/media?parent=114708"}],"wp:term":[{"taxonomy":"category","embeddable":true,"href":"https:\/\/www.salzburgerland.com\/de\/magazin\/wp-json\/wp\/v2\/categories?post=114708"},{"taxonomy":"post_tag","embeddable":true,"href":"https:\/\/www.salzburgerland.com\/de\/magazin\/wp-json\/wp\/v2\/tags?post=114708"},{"taxonomy":"wl_entity_type","embeddable":true,"href":"https:\/\/www.salzburgerland.com\/de\/magazin\/wp-json\/wp\/v2\/wl_entity_type?post=114708"},{"taxonomy":"monatsauswahl","embeddable":true,"href":"https:\/\/www.salzburgerland.com\/de\/magazin\/wp-json\/wp\/v2\/monatsauswahl?post=114708"}],"curies":[{"name":"wp","href":"https:\/\/api.w.org\/{rel}","templated":true}]}}