{"id":114654,"date":"2017-05-05T14:58:47","date_gmt":"2017-05-05T12:58:47","guid":{"rendered":"https:\/\/www.salzburgerland.com\/de\/magazin\/?p=114654"},"modified":"2019-06-26T18:40:10","modified_gmt":"2019-06-26T16:40:10","slug":"libellen-aus-dem-wasser-in-die-luft","status":"publish","type":"post","link":"https:\/\/www.salzburgerland.com\/de\/magazin\/libellen-aus-dem-wasser-in-die-luft\/","title":{"rendered":"Libellen &#8211; Aus dem Wasser in die Luft"},"content":{"rendered":"<p><strong>Vor rund 300 Millionen Jahren soll es sie schon gegeben haben: Die Libellen. Geboren und aufgewachsen in T\u00fcmpeln und Seen, verbringen sie ihr Erwachsenenleben als elegante Flugakrobaten und M\u00fcckenj\u00e4ger.<\/strong><\/p>\n<p>Beim Wandern entlang von <a href=\"https:\/\/www.salzburgerland.com\/de\/seenparadies-salzburgerland\/\" target=\"_blank\" rel=\"noopener noreferrer\">Weihern und Seeufern im SalzburgerLand<\/a> kann es sein, dass pl\u00f6tzlich eine <a href=\"http:\/\/www.natur-lexikon.com\/Texte\/MZ\/001\/00015\/MZ00015.html\" target=\"_blank\" rel=\"noopener noreferrer\">K\u00f6nigslibelle <\/a>auftaucht. Sie kommt ganz nah. Neugierig betrachtet die Flugk\u00fcnstlerin die Neuank\u00f6mmlinge. Ihre gro\u00dfen Augen fallen sofort auf: &#8222;Jedes ihrer zwei Facettenaugen besteht aus bis zu 30.000 Einzelaugen. Damit k\u00f6nnen Libellen ausgezeichnet sehen und haben einen Blickwinkel von rund 360 Grad&#8220;, ist Dagmar Breschar vom <a href=\"http:\/\/naturschutzbund.at\/salzburg.html\" target=\"_blank\" rel=\"noopener noreferrer\">Naturschutzbund Salzburg <\/a>beeindruckt. <br \/>\n Die K\u00f6nigslibelle bleibt in der Luft stehen und l\u00e4sst sich mit dem Beobachten und Gesehen werden Zeit. Sie surrt mit ihren zwei Fl\u00fcgelpaaren, die sie ganz unabh\u00e4ngig voneinander bewegen kann. Breschar ist von den Flugk\u00fcnsten dieser Himmelsj\u00e4ger begeistert. &#8222;Mit ihren Fl\u00fcgelpaaren k\u00f6nnen Libellen wie ein Hubschrauber in der Luft stehen bleiben, seitw\u00e4rts ausscheren, r\u00fcckw\u00e4rts fliegen und blitzschnell die Richtung wechseln.&#8220; Ihre Gr\u00f6\u00dfe sowie ihre leuchtend blauen und gr\u00fcnen Farben begeistern Kinder immer wieder. Auch ihre Fl\u00fcgelspannweite mit rund elf Zentimetern und ihre K\u00f6rperl\u00e4nge von rund neun Zentimetern beeindrucken Gro\u00df und Klein.<\/p>\n<h3>Insekten im Flug jagen<\/h3>\n<p>Nach einer Zeit hat die K\u00f6nigslibelle genug gesehen. Sie saust seitw\u00e4rts weg und jagt wieder M\u00fccken nach. Mit ihren zu einer Fangmaske entwickelten Vorderbeinen erbeutet sie Insekten wie Stechm\u00fccken im Flug. Ihre Flugk\u00fcnste und scharfen Augen erm\u00f6glichen das genaue Beobachten und Reagieren auf ihre Umgebung. Gut so. Denn <a href=\"https:\/\/de.wikipedia.org\/wiki\/Libellen\" target=\"_blank\" rel=\"noopener noreferrer\">Libellen <\/a>stehen auf dem Speiseplan von V\u00f6geln, Fr\u00f6schen, Flederm\u00e4usen und Katzen.<\/p>\n<h3>Fliegende Herzen<\/h3>\n<p>Erwachsene Libellen leben nur ein paar Wochen. Die wichtigste Aufgabe dieser geschickten J\u00e4gerinnen und J\u00e4ger ist nicht l\u00e4stige M\u00fccken zu verspeisen, sondern ihre Fortpflanzung. Wenn sich zwei Libellen gefunden haben beginnt das Liebesspiel. Im Flug h\u00e4lt das M\u00e4nnchen seine Geliebte hinter dem Kopf fest. Sie biegt ihren Hinterleib an seine Unterseite. Dort, wo man so ein fliegendes Herz, also Libellen bei der Paarung beobachten kann, sind Fl\u00fcsse, B\u00e4che oder Seen meistens nicht weit entfernt.\u00a0<\/p>\n<figure id=\"attachment_114664\" aria-describedby=\"caption-attachment-114664\" style=\"width: 650px\" class=\"wp-caption aligncenter\"><img loading=\"lazy\" decoding=\"async\" class=\"wp-image-114664 size-singlePost\" src=\"https:\/\/www.salzburgerland.com\/de\/magazin\/wp-content\/uploads\/2017\/05\/Libellenpaarung_Robert_Hofrichter-650x435.jpg\" alt=\"\" width=\"650\" height=\"435\" \/><figcaption id=\"caption-attachment-114664\" class=\"wp-caption-text\">Paarungsrad<\/figcaption><\/figure>\n<p>Das sogenannte &#8222;Liebesrad&#8220; oder Paarungsrad dauert einige Zeit. Danach legt das Weibchen ihre winzigen Eier auf Wasserpflanzen oder im Ufergrund ab. Aus den Eiern schl\u00fcpfen die Larven. Sie leben bis zu f\u00fcnf Jahre im Wasser. Am Ende ihrer Entwicklung klettern sie an einem warmen Fr\u00fchlingsmorgen auf Halme und St\u00e4ngel und schl\u00fcpfen zum letzten Mal aus dem zu eng gewordenen Chitinpanzer der Larve. Nach dem m\u00fchsamen Schl\u00fcpfen lassen sie ihren K\u00f6rper in der Sonne trocknen.<\/p>\n<figure id=\"attachment_114662\" aria-describedby=\"caption-attachment-114662\" style=\"width: 650px\" class=\"wp-caption aligncenter\"><img loading=\"lazy\" decoding=\"async\" class=\"wp-image-114662 size-singlePost\" src=\"https:\/\/www.salzburgerland.com\/de\/magazin\/wp-content\/uploads\/2017\/05\/Libelle-1a-650x435.jpg\" alt=\"\" width=\"650\" height=\"435\" \/><figcaption id=\"caption-attachment-114662\" class=\"wp-caption-text\">Libelle beim Schl\u00fcpfen<\/figcaption><\/figure>\n<p>Dann heben sie ab und schwirren elegant und leicht davon. Besonders sch\u00f6n zu beobachten sind im Naturschutzgebiet des Zeller Sees zum Beispiel die geb\u00e4nderte Heidelibelle und die Plattbauch-Libelle. Die Vierflecklibelle flitzt unter anderem im Weidmoos in Anthering Insekten nach und Blaufl\u00fcgel-Prachtlibellen lieben kleine, k\u00fchle und saubere B\u00e4che wie den Rigausbach in Abtenau. Wasserjungfern, wie Libellen auch genannt werden, wirken zerbrechlich. Dabei z\u00e4hlen sie &#8211; wie Fossilienfunde zeigen &#8211; zu den erfolgreichsten Insekten der Evolution. Sie sollen sich seit 300 Millionen Jahren kaum ver\u00e4ndert haben. \u00a0<\/p>\n<div class=\"mag-gallery\"><div class=\"row\"><div class=\"col-6 col-sm-4\"><figure><a class=\"thumb-container\" href=\"https:\/\/www.salzburgerland.com\/de\/magazin\/wp-content\/uploads\/2017\/05\/gemeine_heidelibelle-helene-czeten-1280x1024.jpg\">\t<picture><source media=\"(min-width: 576px)\" srcset=\"https:\/\/www.salzburgerland.com\/de\/magazin\/wp-content\/uploads\/2017\/05\/gemeine_heidelibelle-helene-czeten-325x209.jpg 325w, https:\/\/www.salzburgerland.com\/de\/magazin\/wp-content\/uploads\/2017\/05\/gemeine_heidelibelle-helene-czeten-249x160.jpg 249w\" \/><source media=\"(min-width: 0)\" srcset=\"https:\/\/www.salzburgerland.com\/de\/magazin\/wp-content\/uploads\/2017\/05\/gemeine_heidelibelle-helene-czeten-249x160.jpg 249w, https:\/\/www.salzburgerland.com\/de\/magazin\/wp-content\/uploads\/2017\/05\/gemeine_heidelibelle-helene-czeten-325x209.jpg 325w\" \/><img decoding=\"async\" alt=\"Eine Libelle mit transparenten Fl\u00fcgeln sitzt auf einem grauen Felsen, der Hintergrund ist unscharf.\" src=\"https:\/\/www.salzburgerland.com\/de\/magazin\/wp-content\/uploads\/2017\/05\/gemeine_heidelibelle-helene-czeten.jpg\" \/>\t<\/picture><\/a><\/figure><\/div><div class=\"col-6 col-sm-4\"><figure><a class=\"thumb-container\" href=\"https:\/\/www.salzburgerland.com\/de\/magazin\/wp-content\/uploads\/2017\/05\/gebaenderte_heidelibelle_josef_limberger-1280x1024.jpg\">\t<picture><source media=\"(min-width: 576px)\" srcset=\"https:\/\/www.salzburgerland.com\/de\/magazin\/wp-content\/uploads\/2017\/05\/gebaenderte_heidelibelle_josef_limberger-325x209.jpg 325w, https:\/\/www.salzburgerland.com\/de\/magazin\/wp-content\/uploads\/2017\/05\/gebaenderte_heidelibelle_josef_limberger-249x160.jpg 249w\" \/><source media=\"(min-width: 0)\" srcset=\"https:\/\/www.salzburgerland.com\/de\/magazin\/wp-content\/uploads\/2017\/05\/gebaenderte_heidelibelle_josef_limberger-249x160.jpg 249w, https:\/\/www.salzburgerland.com\/de\/magazin\/wp-content\/uploads\/2017\/05\/gebaenderte_heidelibelle_josef_limberger-325x209.jpg 325w\" \/><img decoding=\"async\" alt=\"Eine Libelle mit rotem K\u00f6rper und braun gestreiften Fl\u00fcgeln sitzt auf einem Pflanzenst\u00e4ngel vor einem unscharfen Hintergrund.\" src=\"https:\/\/www.salzburgerland.com\/de\/magazin\/wp-content\/uploads\/2017\/05\/gebaenderte_heidelibelle_josef_limberger.jpg\" \/>\t<\/picture><\/a><\/figure><\/div><div class=\"col-6 col-sm-4\"><figure><a class=\"thumb-container\" href=\"https:\/\/www.salzburgerland.com\/de\/magazin\/wp-content\/uploads\/2017\/05\/Plattbauch_GuenterNowotny-1280x1024.jpg\">\t<picture><source media=\"(min-width: 576px)\" srcset=\"https:\/\/www.salzburgerland.com\/de\/magazin\/wp-content\/uploads\/2017\/05\/Plattbauch_GuenterNowotny-325x209.jpg 325w, https:\/\/www.salzburgerland.com\/de\/magazin\/wp-content\/uploads\/2017\/05\/Plattbauch_GuenterNowotny-249x160.jpg 249w\" \/><source media=\"(min-width: 0)\" srcset=\"https:\/\/www.salzburgerland.com\/de\/magazin\/wp-content\/uploads\/2017\/05\/Plattbauch_GuenterNowotny-249x160.jpg 249w, https:\/\/www.salzburgerland.com\/de\/magazin\/wp-content\/uploads\/2017\/05\/Plattbauch_GuenterNowotny-325x209.jpg 325w\" \/><img decoding=\"async\" alt=\"Eine blaue Libelle sitzt auf einem vertikalen getrockneten St\u00e4ngel mit gr\u00fcnem, unscharfem Hintergrund.\" src=\"https:\/\/www.salzburgerland.com\/de\/magazin\/wp-content\/uploads\/2017\/05\/Plattbauch_GuenterNowotny.jpg\" \/>\t<\/picture><\/a><\/figure><\/div><div class=\"col-6 col-sm-4\"><figure><a class=\"thumb-container\" href=\"https:\/\/www.salzburgerland.com\/de\/magazin\/wp-content\/uploads\/2017\/05\/Vierflecklibelle_a-1280x1024.jpg\">\t<picture><source media=\"(min-width: 576px)\" srcset=\"https:\/\/www.salzburgerland.com\/de\/magazin\/wp-content\/uploads\/2017\/05\/Vierflecklibelle_a-325x209.jpg 325w, https:\/\/www.salzburgerland.com\/de\/magazin\/wp-content\/uploads\/2017\/05\/Vierflecklibelle_a-249x160.jpg 249w\" \/><source media=\"(min-width: 0)\" srcset=\"https:\/\/www.salzburgerland.com\/de\/magazin\/wp-content\/uploads\/2017\/05\/Vierflecklibelle_a-249x160.jpg 249w, https:\/\/www.salzburgerland.com\/de\/magazin\/wp-content\/uploads\/2017\/05\/Vierflecklibelle_a-325x209.jpg 325w\" \/><img decoding=\"async\" alt=\"Eine Libelle hockt auf einem d\u00fcnnen Schilfrohr \u00fcber einem Teich mit Seerosenbl\u00e4ttern und gr\u00fcnlichem Wasser.\" src=\"https:\/\/www.salzburgerland.com\/de\/magazin\/wp-content\/uploads\/2017\/05\/Vierflecklibelle_a.jpg\" \/>\t<\/picture><\/a><\/figure><\/div><div class=\"col-6 col-sm-4\"><figure><a class=\"thumb-container\" href=\"https:\/\/www.salzburgerland.com\/de\/magazin\/wp-content\/uploads\/2017\/05\/Libellenpaarung_Robert_Hofrichter-1280x1024.jpg\">\t<picture><source media=\"(min-width: 576px)\" srcset=\"\" \/><source media=\"(min-width: 0)\" srcset=\"https:\/\/www.salzburgerland.com\/de\/magazin\/wp-content\/uploads\/2017\/05\/Libellenpaarung_Robert_Hofrichter.jpg 704w, https:\/\/www.salzburgerland.com\/de\/magazin\/wp-content\/uploads\/2017\/05\/Libellenpaarung_Robert_Hofrichter-227x300.jpg 227w, https:\/\/www.salzburgerland.com\/de\/magazin\/wp-content\/uploads\/2017\/05\/Libellenpaarung_Robert_Hofrichter-416x550.jpg 416w, https:\/\/www.salzburgerland.com\/de\/magazin\/wp-content\/uploads\/2017\/05\/Libellenpaarung_Robert_Hofrichter-302x400.jpg 302w\" \/><img decoding=\"async\" alt=\"Zwei blaue Libellen sitzen auf einem gr\u00fcnen St\u00e4ngel und bilden eine Herzform vor einem verschwommenen blauen Hintergrund.\" src=\"https:\/\/www.salzburgerland.com\/de\/magazin\/wp-content\/uploads\/2017\/05\/Libellenpaarung_Robert_Hofrichter.jpg\" \/>\t<\/picture><\/a><\/figure><\/div><div class=\"col-6 col-sm-4\"><figure><a class=\"thumb-container\" href=\"https:\/\/www.salzburgerland.com\/de\/magazin\/wp-content\/uploads\/2017\/05\/blaufluegelprachtlibelle2_wolfgang_schruf-1280x1024.jpg\">\t<picture><source media=\"(min-width: 576px)\" srcset=\"https:\/\/www.salzburgerland.com\/de\/magazin\/wp-content\/uploads\/2017\/05\/blaufluegelprachtlibelle2_wolfgang_schruf-325x209.jpg 325w, https:\/\/www.salzburgerland.com\/de\/magazin\/wp-content\/uploads\/2017\/05\/blaufluegelprachtlibelle2_wolfgang_schruf-249x160.jpg 249w\" \/><source media=\"(min-width: 0)\" srcset=\"https:\/\/www.salzburgerland.com\/de\/magazin\/wp-content\/uploads\/2017\/05\/blaufluegelprachtlibelle2_wolfgang_schruf-249x160.jpg 249w, https:\/\/www.salzburgerland.com\/de\/magazin\/wp-content\/uploads\/2017\/05\/blaufluegelprachtlibelle2_wolfgang_schruf-325x209.jpg 325w\" \/><img decoding=\"async\" alt=\"Eine blau-schwarze Libelle sitzt auf einem gr\u00fcnen Grashalm mit unscharfem gr\u00fcnem Hintergrund.\" src=\"https:\/\/www.salzburgerland.com\/de\/magazin\/wp-content\/uploads\/2017\/05\/blaufluegelprachtlibelle2_wolfgang_schruf.jpg\" \/>\t<\/picture><\/a><\/figure><\/div><\/div><\/div><figcaption><\/figcaption>\n<p>Fotos \u00a9\u00a0Robert Hofrichter, G\u00fcnter Novotny, Josef Limberger, Wolfgang Schruf, Christine Fr\u00f6schl<\/p>\n","protected":false},"excerpt":{"rendered":"<p>Vor rund 300 Millionen Jahren soll es sie schon gegeben haben: Die Libellen. Geboren und aufgewachsen in T\u00fcmpeln und Seen, verbringen sie ihr Erwachsenenleben als elegante Flugakrobaten und M\u00fcckenj\u00e4ger. Beim Wandern entlang von Weihern und Seeufern im SalzburgerLand kann es sein, dass pl\u00f6tzlich eine K\u00f6nigslibelle auftaucht. Sie kommt ganz nah. Neugierig betrachtet die Flugk\u00fcnstlerin die [&hellip;]<\/p>\n","protected":false},"author":236,"featured_media":114658,"comment_status":"open","ping_status":"open","sticky":false,"template":"","format":"standard","meta":{"_acf_changed":false,"wl_entities_gutenberg":"","_wl_entity_redirect_enabled":"","footnotes":""},"categories":[8],"tags":[],"wl_entity_type":[306],"monatsauswahl":[86,87,88,89,90,91],"class_list":["post-114654","post","type-post","status-publish","format-standard","has-post-thumbnail","hentry","category-outdoor-sport","wl_entity_type-article","monatsauswahl-monat_5","monatsauswahl-monat_6","monatsauswahl-monat_7","monatsauswahl-monat_8","monatsauswahl-monat_9","monatsauswahl-monat_10"],"acf":[],"yoast_head":"<!-- This site is optimized with the Yoast SEO Premium plugin v27.4 (Yoast SEO v27.4) - https:\/\/yoast.com\/product\/yoast-seo-premium-wordpress\/ -->\n<title>Libellen - Aus dem Wasser in die Luft - SalzburgerLand Magazin<\/title>\n<meta name=\"description\" content=\"Vor rund 300 Millionen Jahren soll es sie schon gegeben haben: Die Libellen. Geboren und aufgewachsen in T\u00fcmpeln und Seen, verbringen sie ihr Erwachsenenleben als elegante Flugakrobaten und M\u00fcckenj\u00e4ger. Beim Wandern entlang von Weihern und Seeufern im SalzburgerLand kann es sein, dass pl\u00f6tzlich eine K\u00f6nigslibelle auftaucht. Sie kommt ganz nah. Neugierig betrachtet die Flugk\u00fcnstlerin die [&hellip;]\" \/>\n<meta name=\"robots\" content=\"index, follow, max-snippet:-1, max-image-preview:large, max-video-preview:-1\" \/>\n<link rel=\"canonical\" href=\"https:\/\/www.salzburgerland.com\/de\/magazin\/libellen-aus-dem-wasser-in-die-luft\/\" \/>\n<meta property=\"og:locale\" content=\"de_DE\" \/>\n<meta property=\"og:type\" content=\"article\" \/>\n<meta property=\"og:title\" content=\"Libellen - Aus dem Wasser in die Luft\" \/>\n<meta property=\"og:description\" content=\"Vor rund 300 Millionen Jahren soll es sie schon gegeben haben: Die Libellen. Geboren und aufgewachsen in T\u00fcmpeln und Seen, verbringen sie ihr Erwachsenenleben als elegante Flugakrobaten und M\u00fcckenj\u00e4ger. Beim Wandern entlang von Weihern und Seeufern im SalzburgerLand kann es sein, dass pl\u00f6tzlich eine K\u00f6nigslibelle auftaucht. Sie kommt ganz nah. Neugierig betrachtet die Flugk\u00fcnstlerin die [&hellip;]\" \/>\n<meta property=\"og:url\" content=\"https:\/\/www.salzburgerland.com\/de\/magazin\/libellen-aus-dem-wasser-in-die-luft\/\" \/>\n<meta property=\"og:site_name\" content=\"SalzburgerLand Magazin\" \/>\n<meta property=\"article:publisher\" content=\"https:\/\/www.facebook.com\/salzburgerland\/\" \/>\n<meta property=\"article:published_time\" content=\"2017-05-05T12:58:47+00:00\" \/>\n<meta property=\"article:modified_time\" content=\"2019-06-26T16:40:10+00:00\" \/>\n<meta property=\"og:image\" content=\"https:\/\/www.salzburgerland.com\/de\/magazin\/wp-content\/uploads\/2017\/05\/blaufluegelprachtlibelle2_wolfgang_schruf.jpg\" \/>\n\t<meta property=\"og:image:width\" content=\"1476\" \/>\n\t<meta property=\"og:image:height\" content=\"985\" \/>\n\t<meta property=\"og:image:type\" content=\"image\/jpeg\" \/>\n<meta name=\"author\" content=\"Christine Fr\u00f6schl\" \/>\n<meta name=\"twitter:card\" content=\"summary_large_image\" \/>\n<meta name=\"twitter:creator\" content=\"@Salzburgerland\" \/>\n<meta name=\"twitter:site\" content=\"@Salzburgerland\" \/>\n<meta name=\"twitter:label1\" content=\"Verfasst von\" \/>\n\t<meta name=\"twitter:data1\" content=\"Christine Fr\u00f6schl\" \/>\n\t<meta name=\"twitter:label2\" content=\"Gesch\u00e4tzte Lesezeit\" \/>\n\t<meta name=\"twitter:data2\" content=\"3\u00a0Minuten\" \/>\n<script type=\"application\/ld+json\" class=\"yoast-schema-graph\">{\"@context\":\"https:\\\/\\\/schema.org\",\"@graph\":[{\"@type\":\"Article\",\"@id\":\"https:\\\/\\\/www.salzburgerland.com\\\/de\\\/magazin\\\/libellen-aus-dem-wasser-in-die-luft\\\/#article\",\"isPartOf\":{\"@id\":\"https:\\\/\\\/www.salzburgerland.com\\\/de\\\/magazin\\\/libellen-aus-dem-wasser-in-die-luft\\\/\"},\"author\":{\"name\":\"Christine Fr\u00f6schl\",\"@id\":\"https:\\\/\\\/www.salzburgerland.com\\\/de\\\/magazin\\\/#\\\/schema\\\/person\\\/7932db74f19d9640620859cb2b794c4e\"},\"headline\":\"Libellen &#8211; Aus dem Wasser in die Luft\",\"datePublished\":\"2017-05-05T12:58:47+00:00\",\"dateModified\":\"2019-06-26T16:40:10+00:00\",\"mainEntityOfPage\":{\"@id\":\"https:\\\/\\\/www.salzburgerland.com\\\/de\\\/magazin\\\/libellen-aus-dem-wasser-in-die-luft\\\/\"},\"wordCount\":579,\"commentCount\":0,\"publisher\":{\"@id\":\"https:\\\/\\\/www.salzburgerland.com\\\/de\\\/magazin\\\/#organization\"},\"image\":{\"@id\":\"https:\\\/\\\/www.salzburgerland.com\\\/de\\\/magazin\\\/libellen-aus-dem-wasser-in-die-luft\\\/#primaryimage\"},\"thumbnailUrl\":\"https:\\\/\\\/www.salzburgerland.com\\\/de\\\/magazin\\\/wp-content\\\/uploads\\\/2017\\\/05\\\/blaufluegelprachtlibelle2_wolfgang_schruf.jpg\",\"articleSection\":[\"Outdoor &amp; Sport\"],\"inLanguage\":\"de\",\"potentialAction\":[{\"@type\":\"CommentAction\",\"name\":\"Comment\",\"target\":[\"https:\\\/\\\/www.salzburgerland.com\\\/de\\\/magazin\\\/libellen-aus-dem-wasser-in-die-luft\\\/#respond\"]}]},{\"@type\":\"WebPage\",\"@id\":\"https:\\\/\\\/www.salzburgerland.com\\\/de\\\/magazin\\\/libellen-aus-dem-wasser-in-die-luft\\\/\",\"url\":\"https:\\\/\\\/www.salzburgerland.com\\\/de\\\/magazin\\\/libellen-aus-dem-wasser-in-die-luft\\\/\",\"name\":\"Libellen - Aus dem Wasser in die Luft - SalzburgerLand Magazin\",\"isPartOf\":{\"@id\":\"https:\\\/\\\/www.salzburgerland.com\\\/de\\\/magazin\\\/#website\"},\"primaryImageOfPage\":{\"@id\":\"https:\\\/\\\/www.salzburgerland.com\\\/de\\\/magazin\\\/libellen-aus-dem-wasser-in-die-luft\\\/#primaryimage\"},\"image\":{\"@id\":\"https:\\\/\\\/www.salzburgerland.com\\\/de\\\/magazin\\\/libellen-aus-dem-wasser-in-die-luft\\\/#primaryimage\"},\"thumbnailUrl\":\"https:\\\/\\\/www.salzburgerland.com\\\/de\\\/magazin\\\/wp-content\\\/uploads\\\/2017\\\/05\\\/blaufluegelprachtlibelle2_wolfgang_schruf.jpg\",\"datePublished\":\"2017-05-05T12:58:47+00:00\",\"dateModified\":\"2019-06-26T16:40:10+00:00\",\"breadcrumb\":{\"@id\":\"https:\\\/\\\/www.salzburgerland.com\\\/de\\\/magazin\\\/libellen-aus-dem-wasser-in-die-luft\\\/#breadcrumb\"},\"inLanguage\":\"de\",\"potentialAction\":[{\"@type\":\"ReadAction\",\"target\":[\"https:\\\/\\\/www.salzburgerland.com\\\/de\\\/magazin\\\/libellen-aus-dem-wasser-in-die-luft\\\/\"]}]},{\"@type\":\"ImageObject\",\"inLanguage\":\"de\",\"@id\":\"https:\\\/\\\/www.salzburgerland.com\\\/de\\\/magazin\\\/libellen-aus-dem-wasser-in-die-luft\\\/#primaryimage\",\"url\":\"https:\\\/\\\/www.salzburgerland.com\\\/de\\\/magazin\\\/wp-content\\\/uploads\\\/2017\\\/05\\\/blaufluegelprachtlibelle2_wolfgang_schruf.jpg\",\"contentUrl\":\"https:\\\/\\\/www.salzburgerland.com\\\/de\\\/magazin\\\/wp-content\\\/uploads\\\/2017\\\/05\\\/blaufluegelprachtlibelle2_wolfgang_schruf.jpg\",\"width\":1476,\"height\":985,\"caption\":\"Blaufl\u00fcgelpracht-Libelle\"},{\"@type\":\"BreadcrumbList\",\"@id\":\"https:\\\/\\\/www.salzburgerland.com\\\/de\\\/magazin\\\/libellen-aus-dem-wasser-in-die-luft\\\/#breadcrumb\",\"itemListElement\":[{\"@type\":\"ListItem\",\"position\":1,\"name\":\"Startseite\",\"item\":\"https:\\\/\\\/www.salzburgerland.com\\\/de\\\/magazin\\\/\"},{\"@type\":\"ListItem\",\"position\":2,\"name\":\"Outdoor &amp; Sport\",\"item\":\"https:\\\/\\\/www.salzburgerland.com\\\/de\\\/magazin\\\/thema\\\/outdoor-sport\\\/\"},{\"@type\":\"ListItem\",\"position\":3,\"name\":\"Libellen &#8211; Aus dem Wasser in die Luft\"}]},{\"@type\":\"WebSite\",\"@id\":\"https:\\\/\\\/www.salzburgerland.com\\\/de\\\/magazin\\\/#website\",\"url\":\"https:\\\/\\\/www.salzburgerland.com\\\/de\\\/magazin\\\/\",\"name\":\"SalzburgerLand Magazin\",\"description\":\"Geschichten und Interessantes aus dem SalzburgerLand\",\"publisher\":{\"@id\":\"https:\\\/\\\/www.salzburgerland.com\\\/de\\\/magazin\\\/#organization\"},\"potentialAction\":[{\"@type\":\"SearchAction\",\"target\":{\"@type\":\"EntryPoint\",\"urlTemplate\":\"https:\\\/\\\/www.salzburgerland.com\\\/de\\\/magazin\\\/?s={search_term_string}\"},\"query-input\":{\"@type\":\"PropertyValueSpecification\",\"valueRequired\":true,\"valueName\":\"search_term_string\"}}],\"inLanguage\":\"de\"},{\"@type\":\"Organization\",\"@id\":\"https:\\\/\\\/www.salzburgerland.com\\\/de\\\/magazin\\\/#organization\",\"name\":\"SalzburgerLand Tourismus\",\"url\":\"https:\\\/\\\/www.salzburgerland.com\\\/de\\\/magazin\\\/\",\"logo\":{\"@type\":\"ImageObject\",\"inLanguage\":\"de\",\"@id\":\"https:\\\/\\\/www.salzburgerland.com\\\/de\\\/magazin\\\/#\\\/schema\\\/logo\\\/image\\\/\",\"url\":\"https:\\\/\\\/www.salzburgerland.com\\\/de\\\/magazin\\\/wp-content\\\/uploads\\\/2019\\\/06\\\/salzburgerland-logo1.jpg\",\"contentUrl\":\"https:\\\/\\\/www.salzburgerland.com\\\/de\\\/magazin\\\/wp-content\\\/uploads\\\/2019\\\/06\\\/salzburgerland-logo1.jpg\",\"width\":2011,\"height\":866,\"caption\":\"SalzburgerLand Tourismus\"},\"image\":{\"@id\":\"https:\\\/\\\/www.salzburgerland.com\\\/de\\\/magazin\\\/#\\\/schema\\\/logo\\\/image\\\/\"},\"sameAs\":[\"https:\\\/\\\/www.facebook.com\\\/salzburgerland\\\/\",\"https:\\\/\\\/x.com\\\/Salzburgerland\",\"https:\\\/\\\/www.instagram.com\\\/salzburgerland\\\/\",\"https:\\\/\\\/at.linkedin.com\\\/company\\\/salzburgerland-tourismus-gmbh\",\"https:\\\/\\\/www.pinterest.at\\\/salzburgerland\\\/\",\"https:\\\/\\\/www.youtube.com\\\/user\\\/salzburgerland\",\"https:\\\/\\\/de.wikipedia.org\\\/wiki\\\/SalzburgerLand_Tourismus_GmbH\"]},{\"@type\":\"Person\",\"@id\":\"https:\\\/\\\/www.salzburgerland.com\\\/de\\\/magazin\\\/#\\\/schema\\\/person\\\/7932db74f19d9640620859cb2b794c4e\",\"name\":\"Christine Fr\u00f6schl\",\"description\":\"Dein pers\u00f6nlicher Logenplatz im SalzburgerLand? Am liebsten gehe ich auf den Einberg im Salzburger Tennengau. Der Berg in der Osterhorn-Gruppe gl\u00e4nzt das ganze Jahr im Sonnenschein, auf dem Gipfel heben Paragleiter ab und die Aussicht auf das Tennengebirge, den Dachstein und die Bischofsm\u00fctze ist traumhaft. Dosige(r) oder Zuagroast? Zuagroast aus dem sch\u00f6nen Nieder\u00f6sterreich. Fr\u00fchling, Sommer, Herbst oder Winter? Alle Jahreszeiten begeistern mich. Momentan freue ich mich auf den Fr\u00fchling, das Zwitschern der V\u00f6gel und auf die sattgr\u00fcnen Wiesen. Salzburger Nockerl oder Schwarzbeernocken? Eindeutig Schwarzbeernocken. Rindsroulade vom Pinzgauer Biorind oder Saibling fangfrisch aus dem Fuschlsee? Mhhhh. Da kann ich mich nicht entscheiden. Bergtour oder Seentour? Mich zieht es auf jeden Fall hinauf. Begeistert bin ich auch von tiefblauen Bergseen in denen sich die Umgebung spiegelt und von der Aussicht w\u00e4hrend des Weges auf einen der wundersch\u00f6nen Seen im Salzburger Land.\",\"url\":\"https:\\\/\\\/www.salzburgerland.com\\\/de\\\/magazin\\\/author\\\/christine-froeschl\\\/\"}]}<\/script>\n<!-- \/ Yoast SEO Premium plugin. -->","yoast_head_json":{"title":"Libellen - Aus dem Wasser in die Luft - SalzburgerLand Magazin","description":"Vor rund 300 Millionen Jahren soll es sie schon gegeben haben: Die Libellen. Geboren und aufgewachsen in T\u00fcmpeln und Seen, verbringen sie ihr Erwachsenenleben als elegante Flugakrobaten und M\u00fcckenj\u00e4ger. Beim Wandern entlang von Weihern und Seeufern im SalzburgerLand kann es sein, dass pl\u00f6tzlich eine K\u00f6nigslibelle auftaucht. Sie kommt ganz nah. Neugierig betrachtet die Flugk\u00fcnstlerin die [&hellip;]","robots":{"index":"index","follow":"follow","max-snippet":"max-snippet:-1","max-image-preview":"max-image-preview:large","max-video-preview":"max-video-preview:-1"},"canonical":"https:\/\/www.salzburgerland.com\/de\/magazin\/libellen-aus-dem-wasser-in-die-luft\/","og_locale":"de_DE","og_type":"article","og_title":"Libellen - Aus dem Wasser in die Luft","og_description":"Vor rund 300 Millionen Jahren soll es sie schon gegeben haben: Die Libellen. Geboren und aufgewachsen in T\u00fcmpeln und Seen, verbringen sie ihr Erwachsenenleben als elegante Flugakrobaten und M\u00fcckenj\u00e4ger. Beim Wandern entlang von Weihern und Seeufern im SalzburgerLand kann es sein, dass pl\u00f6tzlich eine K\u00f6nigslibelle auftaucht. Sie kommt ganz nah. Neugierig betrachtet die Flugk\u00fcnstlerin die [&hellip;]","og_url":"https:\/\/www.salzburgerland.com\/de\/magazin\/libellen-aus-dem-wasser-in-die-luft\/","og_site_name":"SalzburgerLand Magazin","article_publisher":"https:\/\/www.facebook.com\/salzburgerland\/","article_published_time":"2017-05-05T12:58:47+00:00","article_modified_time":"2019-06-26T16:40:10+00:00","og_image":[{"width":1476,"height":985,"url":"https:\/\/www.salzburgerland.com\/de\/magazin\/wp-content\/uploads\/2017\/05\/blaufluegelprachtlibelle2_wolfgang_schruf.jpg","type":"image\/jpeg"}],"author":"Christine Fr\u00f6schl","twitter_card":"summary_large_image","twitter_creator":"@Salzburgerland","twitter_site":"@Salzburgerland","twitter_misc":{"Verfasst von":"Christine Fr\u00f6schl","Gesch\u00e4tzte Lesezeit":"3\u00a0Minuten"},"schema":{"@context":"https:\/\/schema.org","@graph":[{"@type":"Article","@id":"https:\/\/www.salzburgerland.com\/de\/magazin\/libellen-aus-dem-wasser-in-die-luft\/#article","isPartOf":{"@id":"https:\/\/www.salzburgerland.com\/de\/magazin\/libellen-aus-dem-wasser-in-die-luft\/"},"author":{"name":"Christine Fr\u00f6schl","@id":"https:\/\/www.salzburgerland.com\/de\/magazin\/#\/schema\/person\/7932db74f19d9640620859cb2b794c4e"},"headline":"Libellen &#8211; Aus dem Wasser in die Luft","datePublished":"2017-05-05T12:58:47+00:00","dateModified":"2019-06-26T16:40:10+00:00","mainEntityOfPage":{"@id":"https:\/\/www.salzburgerland.com\/de\/magazin\/libellen-aus-dem-wasser-in-die-luft\/"},"wordCount":579,"commentCount":0,"publisher":{"@id":"https:\/\/www.salzburgerland.com\/de\/magazin\/#organization"},"image":{"@id":"https:\/\/www.salzburgerland.com\/de\/magazin\/libellen-aus-dem-wasser-in-die-luft\/#primaryimage"},"thumbnailUrl":"https:\/\/www.salzburgerland.com\/de\/magazin\/wp-content\/uploads\/2017\/05\/blaufluegelprachtlibelle2_wolfgang_schruf.jpg","articleSection":["Outdoor &amp; Sport"],"inLanguage":"de","potentialAction":[{"@type":"CommentAction","name":"Comment","target":["https:\/\/www.salzburgerland.com\/de\/magazin\/libellen-aus-dem-wasser-in-die-luft\/#respond"]}]},{"@type":"WebPage","@id":"https:\/\/www.salzburgerland.com\/de\/magazin\/libellen-aus-dem-wasser-in-die-luft\/","url":"https:\/\/www.salzburgerland.com\/de\/magazin\/libellen-aus-dem-wasser-in-die-luft\/","name":"Libellen - Aus dem Wasser in die Luft - SalzburgerLand Magazin","isPartOf":{"@id":"https:\/\/www.salzburgerland.com\/de\/magazin\/#website"},"primaryImageOfPage":{"@id":"https:\/\/www.salzburgerland.com\/de\/magazin\/libellen-aus-dem-wasser-in-die-luft\/#primaryimage"},"image":{"@id":"https:\/\/www.salzburgerland.com\/de\/magazin\/libellen-aus-dem-wasser-in-die-luft\/#primaryimage"},"thumbnailUrl":"https:\/\/www.salzburgerland.com\/de\/magazin\/wp-content\/uploads\/2017\/05\/blaufluegelprachtlibelle2_wolfgang_schruf.jpg","datePublished":"2017-05-05T12:58:47+00:00","dateModified":"2019-06-26T16:40:10+00:00","breadcrumb":{"@id":"https:\/\/www.salzburgerland.com\/de\/magazin\/libellen-aus-dem-wasser-in-die-luft\/#breadcrumb"},"inLanguage":"de","potentialAction":[{"@type":"ReadAction","target":["https:\/\/www.salzburgerland.com\/de\/magazin\/libellen-aus-dem-wasser-in-die-luft\/"]}]},{"@type":"ImageObject","inLanguage":"de","@id":"https:\/\/www.salzburgerland.com\/de\/magazin\/libellen-aus-dem-wasser-in-die-luft\/#primaryimage","url":"https:\/\/www.salzburgerland.com\/de\/magazin\/wp-content\/uploads\/2017\/05\/blaufluegelprachtlibelle2_wolfgang_schruf.jpg","contentUrl":"https:\/\/www.salzburgerland.com\/de\/magazin\/wp-content\/uploads\/2017\/05\/blaufluegelprachtlibelle2_wolfgang_schruf.jpg","width":1476,"height":985,"caption":"Blaufl\u00fcgelpracht-Libelle"},{"@type":"BreadcrumbList","@id":"https:\/\/www.salzburgerland.com\/de\/magazin\/libellen-aus-dem-wasser-in-die-luft\/#breadcrumb","itemListElement":[{"@type":"ListItem","position":1,"name":"Startseite","item":"https:\/\/www.salzburgerland.com\/de\/magazin\/"},{"@type":"ListItem","position":2,"name":"Outdoor &amp; Sport","item":"https:\/\/www.salzburgerland.com\/de\/magazin\/thema\/outdoor-sport\/"},{"@type":"ListItem","position":3,"name":"Libellen &#8211; Aus dem Wasser in die Luft"}]},{"@type":"WebSite","@id":"https:\/\/www.salzburgerland.com\/de\/magazin\/#website","url":"https:\/\/www.salzburgerland.com\/de\/magazin\/","name":"SalzburgerLand Magazin","description":"Geschichten und Interessantes aus dem SalzburgerLand","publisher":{"@id":"https:\/\/www.salzburgerland.com\/de\/magazin\/#organization"},"potentialAction":[{"@type":"SearchAction","target":{"@type":"EntryPoint","urlTemplate":"https:\/\/www.salzburgerland.com\/de\/magazin\/?s={search_term_string}"},"query-input":{"@type":"PropertyValueSpecification","valueRequired":true,"valueName":"search_term_string"}}],"inLanguage":"de"},{"@type":"Organization","@id":"https:\/\/www.salzburgerland.com\/de\/magazin\/#organization","name":"SalzburgerLand Tourismus","url":"https:\/\/www.salzburgerland.com\/de\/magazin\/","logo":{"@type":"ImageObject","inLanguage":"de","@id":"https:\/\/www.salzburgerland.com\/de\/magazin\/#\/schema\/logo\/image\/","url":"https:\/\/www.salzburgerland.com\/de\/magazin\/wp-content\/uploads\/2019\/06\/salzburgerland-logo1.jpg","contentUrl":"https:\/\/www.salzburgerland.com\/de\/magazin\/wp-content\/uploads\/2019\/06\/salzburgerland-logo1.jpg","width":2011,"height":866,"caption":"SalzburgerLand Tourismus"},"image":{"@id":"https:\/\/www.salzburgerland.com\/de\/magazin\/#\/schema\/logo\/image\/"},"sameAs":["https:\/\/www.facebook.com\/salzburgerland\/","https:\/\/x.com\/Salzburgerland","https:\/\/www.instagram.com\/salzburgerland\/","https:\/\/at.linkedin.com\/company\/salzburgerland-tourismus-gmbh","https:\/\/www.pinterest.at\/salzburgerland\/","https:\/\/www.youtube.com\/user\/salzburgerland","https:\/\/de.wikipedia.org\/wiki\/SalzburgerLand_Tourismus_GmbH"]},{"@type":"Person","@id":"https:\/\/www.salzburgerland.com\/de\/magazin\/#\/schema\/person\/7932db74f19d9640620859cb2b794c4e","name":"Christine Fr\u00f6schl","description":"Dein pers\u00f6nlicher Logenplatz im SalzburgerLand? Am liebsten gehe ich auf den Einberg im Salzburger Tennengau. Der Berg in der Osterhorn-Gruppe gl\u00e4nzt das ganze Jahr im Sonnenschein, auf dem Gipfel heben Paragleiter ab und die Aussicht auf das Tennengebirge, den Dachstein und die Bischofsm\u00fctze ist traumhaft. Dosige(r) oder Zuagroast? Zuagroast aus dem sch\u00f6nen Nieder\u00f6sterreich. Fr\u00fchling, Sommer, Herbst oder Winter? Alle Jahreszeiten begeistern mich. Momentan freue ich mich auf den Fr\u00fchling, das Zwitschern der V\u00f6gel und auf die sattgr\u00fcnen Wiesen. Salzburger Nockerl oder Schwarzbeernocken? Eindeutig Schwarzbeernocken. Rindsroulade vom Pinzgauer Biorind oder Saibling fangfrisch aus dem Fuschlsee? Mhhhh. Da kann ich mich nicht entscheiden. Bergtour oder Seentour? Mich zieht es auf jeden Fall hinauf. Begeistert bin ich auch von tiefblauen Bergseen in denen sich die Umgebung spiegelt und von der Aussicht w\u00e4hrend des Weges auf einen der wundersch\u00f6nen Seen im Salzburger Land.","url":"https:\/\/www.salzburgerland.com\/de\/magazin\/author\/christine-froeschl\/"}]}},"_wl_alt_label":[],"wl:entity_url":"http:\/\/open.salzburgerland.com\/magazin\/post\/libellen_-_aus_dem_wasser_in_die_luft","_links":{"self":[{"href":"https:\/\/www.salzburgerland.com\/de\/magazin\/wp-json\/wp\/v2\/posts\/114654","targetHints":{"allow":["GET"]}}],"collection":[{"href":"https:\/\/www.salzburgerland.com\/de\/magazin\/wp-json\/wp\/v2\/posts"}],"about":[{"href":"https:\/\/www.salzburgerland.com\/de\/magazin\/wp-json\/wp\/v2\/types\/post"}],"author":[{"embeddable":true,"href":"https:\/\/www.salzburgerland.com\/de\/magazin\/wp-json\/wp\/v2\/users\/236"}],"replies":[{"embeddable":true,"href":"https:\/\/www.salzburgerland.com\/de\/magazin\/wp-json\/wp\/v2\/comments?post=114654"}],"version-history":[{"count":0,"href":"https:\/\/www.salzburgerland.com\/de\/magazin\/wp-json\/wp\/v2\/posts\/114654\/revisions"}],"wp:featuredmedia":[{"embeddable":true,"href":"https:\/\/www.salzburgerland.com\/de\/magazin\/wp-json\/wp\/v2\/media\/114658"}],"wp:attachment":[{"href":"https:\/\/www.salzburgerland.com\/de\/magazin\/wp-json\/wp\/v2\/media?parent=114654"}],"wp:term":[{"taxonomy":"category","embeddable":true,"href":"https:\/\/www.salzburgerland.com\/de\/magazin\/wp-json\/wp\/v2\/categories?post=114654"},{"taxonomy":"post_tag","embeddable":true,"href":"https:\/\/www.salzburgerland.com\/de\/magazin\/wp-json\/wp\/v2\/tags?post=114654"},{"taxonomy":"wl_entity_type","embeddable":true,"href":"https:\/\/www.salzburgerland.com\/de\/magazin\/wp-json\/wp\/v2\/wl_entity_type?post=114654"},{"taxonomy":"monatsauswahl","embeddable":true,"href":"https:\/\/www.salzburgerland.com\/de\/magazin\/wp-json\/wp\/v2\/monatsauswahl?post=114654"}],"curies":[{"name":"wp","href":"https:\/\/api.w.org\/{rel}","templated":true}]}}