{"id":114428,"date":"2017-04-25T08:00:44","date_gmt":"2017-04-25T06:00:44","guid":{"rendered":"https:\/\/www.salzburgerland.com\/de\/magazin\/?p=114428"},"modified":"2019-06-26T18:40:40","modified_gmt":"2019-06-26T16:40:40","slug":"feuersalamander-froesche-und-kroeten-auf-wanderschaft","status":"publish","type":"post","link":"https:\/\/www.salzburgerland.com\/de\/magazin\/feuersalamander-froesche-und-kroeten-auf-wanderschaft\/","title":{"rendered":"Feuersalamander, Fr\u00f6sche und Kr\u00f6ten auf Wanderschaft"},"content":{"rendered":"<p><strong>Wer jetzt im Fr\u00fchjahr einen Spaziergang durch die W\u00e4lder des SalzburgerLandes unternimmt, sollte die Augen offen halten. Denn auf Erdkr\u00f6ten, Feuersalamander und Fr\u00f6sche trifft man selten so h\u00e4ufig wie jetzt. Wenn die Temperaturen nachts \u00fcber 5 Grad Celsius steigen und es regnet, beginnt die gro\u00dfe Wanderung zu B\u00e4chen, Seen, Teichen und T\u00fcmpeln. Den Winter haben diese Vierbeiner in K\u00e4ltestarre in einer Erdh\u00f6hle verbracht.<\/strong><\/p>\n<p>Es raschelt im Laub. Unter Bl\u00e4ttern versteckt, lugt der Kopf eines Feuersalamanders heraus. Dann kriecht er langsam aus seinem Versteck hervor. Der schwarz-gelb gefleckte K\u00f6rper signalisiert: Achtung! Ich bin giftig! Auf dem Waldweg wandert ein weiterer Feuersalamander. Die beiden gehen aufeinander zu und beginnen miteinander zu ringen. Dabei sind sie vorsichtig. Bei Ger\u00e4uschen oder den leichten Ersch\u00fctterungen von Wanderschritten verstecken sie sich. Wenn die Lage wieder sicher erscheint, k\u00e4mpfen sie weiter. Schlie\u00dflich gibt einer nach und sucht das Weite, das zweite Tier setzt gem\u00e4chlich seine Wanderung fort.<\/p>\n<figure id=\"attachment_114437\" aria-describedby=\"caption-attachment-114437\" style=\"width: 650px\" class=\"wp-caption alignnone\"><img loading=\"lazy\" decoding=\"async\" class=\"wp-image-114437 size-singlePost\" src=\"https:\/\/www.salzburgerland.com\/de\/magazin\/wp-content\/uploads\/2017\/04\/Feuersalamander_a-650x435.jpg\" alt=\"\" width=\"650\" height=\"435\" \/><figcaption id=\"caption-attachment-114437\" class=\"wp-caption-text\">Feuersalamander &#8230;<\/figcaption><\/figure>\n<h3>Liebeslieder im Teich<\/h3>\n<p>Sobald es warm genug ist, machen sich Feuersalamander, Fr\u00f6sche, Kr\u00f6ten und Molche auf, um aus ihren Winterquartieren zu Teichen, T\u00fcmpeln und Weihern zu gelangen. Wenn in lauen April- und Main\u00e4chten die Temperaturen auf \u00fcber zehn Grad Celsius klettern, stimmen die Froschm\u00e4nnchen an den so genannten Laichgew\u00e4ssern Balzrufe an. &#8222;\u00c4pp &#8230; \u00e4pp &#8230; \u00e4pp&#8230;\u00e4pp\u201c wiederholen sie vier- bis sechsmal pro Sekunde. Die Konzerte setzen mit dem Sonnenuntergang ein und dauern bis nach Mitternacht an. \u201eMit ihrem lauten Gesang grenzen sich die M\u00e4nnchen territorial ab und locken Weibchen an&#8220;, sagt die Amphibien-Expertin des <a href=\"http:\/\/naturschutzbund.at\/salzburg.html\" target=\"_blank\" rel=\"noopener noreferrer\">Salzburger Naturschutzbundes <\/a>, Magdalena Meikl. Derjenige mit der lautesten und &#8222;sch\u00f6nsten&#8220; Stimme ist bei den Damen erfolgreich. Sobald sich ein Weibchen n\u00e4hert, unterbricht das M\u00e4nnchen sein Gequake und steigt auf ihren R\u00fccken. Da umklammert er die Angebetete so lange bis aus ihrem K\u00f6rper der Laich (Eier) str\u00f6mt und er seinen Samen dazugeben kann. Dieser Liebesakt kann Stunden oder Tage dauern.<\/p>\n<figure id=\"attachment_114439\" aria-describedby=\"caption-attachment-114439\" style=\"width: 650px\" class=\"wp-caption alignnone\"><a href=\"https:\/\/www.salzburgerland.com\/de\/magazin\/wp-content\/uploads\/2017\/04\/Laubfrosch-Josef-Linberger.jpg\"><img loading=\"lazy\" decoding=\"async\" class=\"size-singlePost wp-image-114439\" src=\"https:\/\/www.salzburgerland.com\/de\/magazin\/wp-content\/uploads\/2017\/04\/Laubfrosch-Josef-Linberger-650x435.jpg\" alt=\"\" width=\"650\" height=\"435\" \/><\/a><figcaption id=\"caption-attachment-114439\" class=\"wp-caption-text\">Laubfrosch<\/figcaption><\/figure>\n<h3>Doppelleben an Land und im Wasser<strong><br \/>\n <\/strong><\/h3>\n<p>Fr\u00f6sche, Kr\u00f6ten, Molche und Co z\u00e4hlen zur Familie der <a href=\"https:\/\/de.wikipedia.org\/wiki\/Amphibien\" target=\"_blank\" rel=\"noopener noreferrer\">Amphibien<\/a>. Diese haben sich vor \u00fcber 400\u00a0 Millionen Jahren aus den Fischen entwickelt. Der Name Amphibien stammt aus dem Griechischen und bedeutet \u201edoppellebig\u201c, denn sie k\u00f6nnen im Wasser und an Land leben. Ihre Eier, oder wie beim Salamander Larven, werden im Wasser abgelegt. Aus dem Laich entwickeln sich Kaulquappen und danach die erwachsenen Tiere. Sie machen im Laufe ihres Lebens eine so genannte Metamorphose durch. Den Kelten galten Amphibien deswegen als heilig, weil sie Symbolbild der dreifaltigen G\u00f6ttin und ihrer drei Gesichter Wachsen \u2013 Fruchtbarkeit \u2013 Vergehen waren.<\/p>\n<p>Amphibien k\u00f6nnen in den warmen Jahreszeiten beobachtet werden. W\u00e4hrend des Winters verharren sie in K\u00e4ltestarre so lange, bis die Fr\u00fchlingssonne sie aufweckt. \u201eIm Sommer wandern nach einem warmen Sommergewitter an die 100 Alpensalamander auf den Bergwegen. Sie werden deswegen in Salzburg auch \u201eWegmandl\u201c genannt\u201c, sagt Naturschutzbund-Expertin Magdalena Meikl.<\/p>\n<figure id=\"attachment_114429\" aria-describedby=\"caption-attachment-114429\" style=\"width: 650px\" class=\"wp-caption alignnone\"><a href=\"https:\/\/www.salzburgerland.com\/de\/magazin\/wp-content\/uploads\/2017\/04\/Alpensalamander-wolfgang-schruf.jpg\"><img loading=\"lazy\" decoding=\"async\" class=\"size-singlePost wp-image-114429\" src=\"https:\/\/www.salzburgerland.com\/de\/magazin\/wp-content\/uploads\/2017\/04\/Alpensalamander-wolfgang-schruf-650x435.jpg\" alt=\"\" width=\"650\" height=\"435\" \/><\/a><figcaption id=\"caption-attachment-114429\" class=\"wp-caption-text\">Alpensalamander<\/figcaption><\/figure>\n<h3>Gef\u00e4hrliche Wanderungen<\/h3>\n<p>Wanderungen auf Stra\u00dfen sind f\u00fcr die Tiere gef\u00e4hrlich. Der Tod droht nicht nur durch \u00dcberfahren. Auch wenn sie kein Fahrzeugreifen ber\u00fchrt, kann der Str\u00f6mungsdruck von Autos zu schweren inneren Verletzungen f\u00fchren. Schon bei einer Geschwindigkeit von 30 Stundenkilometern ist der Druck auf die weichen Amphibienk\u00f6rper fast immer t\u00f6dlich. Die einzige M\u00f6glichkeit den Tieren das Leben zu retten, ist auf Amphibien-Wander-Strecken langsam zu fahren!<\/p>\n<div class=\"mag-gallery\"><div class=\"row\"><div class=\"col-6 col-sm-4\"><figure><a class=\"thumb-container\" href=\"https:\/\/www.salzburgerland.com\/de\/magazin\/wp-content\/uploads\/2017\/04\/Laubfrosch-Josef-Linberger-1280x1024.jpg\">\t<picture><source media=\"(min-width: 576px)\" srcset=\"https:\/\/www.salzburgerland.com\/de\/magazin\/wp-content\/uploads\/2017\/04\/Laubfrosch-Josef-Linberger-325x209.jpg 325w, https:\/\/www.salzburgerland.com\/de\/magazin\/wp-content\/uploads\/2017\/04\/Laubfrosch-Josef-Linberger-249x160.jpg 249w\" \/><source media=\"(min-width: 0)\" srcset=\"https:\/\/www.salzburgerland.com\/de\/magazin\/wp-content\/uploads\/2017\/04\/Laubfrosch-Josef-Linberger-249x160.jpg 249w, https:\/\/www.salzburgerland.com\/de\/magazin\/wp-content\/uploads\/2017\/04\/Laubfrosch-Josef-Linberger-325x209.jpg 325w\" \/><img decoding=\"async\" alt=\"Ein gr\u00fcner Laubfrosch klammert sich an die Seite eines Baumstamms, umgeben von einem unscharfen nat\u00fcrlichen Hintergrund.\" src=\"https:\/\/www.salzburgerland.com\/de\/magazin\/wp-content\/uploads\/2017\/04\/Laubfrosch-Josef-Linberger.jpg\" \/>\t<\/picture><\/a><\/figure><\/div><div class=\"col-6 col-sm-4\"><figure><a class=\"thumb-container\" href=\"https:\/\/www.salzburgerland.com\/de\/magazin\/wp-content\/uploads\/2017\/04\/grasfrosch_robert-hofrichter-1280x1024.jpg\">\t<picture><source media=\"(min-width: 576px)\" srcset=\"https:\/\/www.salzburgerland.com\/de\/magazin\/wp-content\/uploads\/2017\/04\/grasfrosch_robert-hofrichter-325x209.jpg 325w, https:\/\/www.salzburgerland.com\/de\/magazin\/wp-content\/uploads\/2017\/04\/grasfrosch_robert-hofrichter-249x160.jpg 249w\" \/><source media=\"(min-width: 0)\" srcset=\"https:\/\/www.salzburgerland.com\/de\/magazin\/wp-content\/uploads\/2017\/04\/grasfrosch_robert-hofrichter-249x160.jpg 249w, https:\/\/www.salzburgerland.com\/de\/magazin\/wp-content\/uploads\/2017\/04\/grasfrosch_robert-hofrichter-325x209.jpg 325w\" \/><img decoding=\"async\" alt=\"Ein brauner Frosch sitzt auf einem Felsen am Rande eines Gew\u00e4ssers.\" src=\"https:\/\/www.salzburgerland.com\/de\/magazin\/wp-content\/uploads\/2017\/04\/grasfrosch_robert-hofrichter.jpg\" \/>\t<\/picture><\/a><\/figure><\/div><div class=\"col-6 col-sm-4\"><figure><a class=\"thumb-container\" href=\"https:\/\/www.salzburgerland.com\/de\/magazin\/wp-content\/uploads\/2017\/04\/Feuersalamander-1280x1024.jpg\">\t<picture><source media=\"(min-width: 576px)\" srcset=\"https:\/\/www.salzburgerland.com\/de\/magazin\/wp-content\/uploads\/2017\/04\/Feuersalamander-325x209.jpg 325w, https:\/\/www.salzburgerland.com\/de\/magazin\/wp-content\/uploads\/2017\/04\/Feuersalamander-249x160.jpg 249w\" \/><source media=\"(min-width: 0)\" srcset=\"https:\/\/www.salzburgerland.com\/de\/magazin\/wp-content\/uploads\/2017\/04\/Feuersalamander-249x160.jpg 249w, https:\/\/www.salzburgerland.com\/de\/magazin\/wp-content\/uploads\/2017\/04\/Feuersalamander-325x209.jpg 325w\" \/><img decoding=\"async\" alt=\"Ein schwarz-gelber Salamander auf einem mit Bl\u00e4ttern, Zweigen und gr\u00fcnen Pflanzen bedeckten Waldboden.\" src=\"https:\/\/www.salzburgerland.com\/de\/magazin\/wp-content\/uploads\/2017\/04\/Feuersalamander.jpg\" \/>\t<\/picture><\/a><\/figure><\/div><div class=\"col-6 col-sm-4\"><figure><a class=\"thumb-container\" href=\"https:\/\/www.salzburgerland.com\/de\/magazin\/wp-content\/uploads\/2017\/04\/Erdkrote-Josef-Linberger-1280x1024.jpg\">\t<picture><source media=\"(min-width: 576px)\" srcset=\"https:\/\/www.salzburgerland.com\/de\/magazin\/wp-content\/uploads\/2017\/04\/Erdkrote-Josef-Linberger-325x209.jpg 325w, https:\/\/www.salzburgerland.com\/de\/magazin\/wp-content\/uploads\/2017\/04\/Erdkrote-Josef-Linberger-249x160.jpg 249w\" \/><source media=\"(min-width: 0)\" srcset=\"https:\/\/www.salzburgerland.com\/de\/magazin\/wp-content\/uploads\/2017\/04\/Erdkrote-Josef-Linberger-249x160.jpg 249w, https:\/\/www.salzburgerland.com\/de\/magazin\/wp-content\/uploads\/2017\/04\/Erdkrote-Josef-Linberger-325x209.jpg 325w\" \/><img decoding=\"async\" alt=\"Eine braune Kr\u00f6te sitzt im trockenen Gras am Rande eines Gew\u00e4ssers.\" src=\"https:\/\/www.salzburgerland.com\/de\/magazin\/wp-content\/uploads\/2017\/04\/Erdkrote-Josef-Linberger.jpg\" \/>\t<\/picture><\/a><\/figure><\/div><div class=\"col-6 col-sm-4\"><figure><a class=\"thumb-container\" href=\"https:\/\/www.salzburgerland.com\/de\/magazin\/wp-content\/uploads\/2017\/04\/Bergmolch-Robert-Hofrichter-1280x1024.jpg\">\t<picture><source media=\"(min-width: 576px)\" srcset=\"https:\/\/www.salzburgerland.com\/de\/magazin\/wp-content\/uploads\/2017\/04\/Bergmolch-Robert-Hofrichter-325x209.jpg 325w, https:\/\/www.salzburgerland.com\/de\/magazin\/wp-content\/uploads\/2017\/04\/Bergmolch-Robert-Hofrichter-249x160.jpg 249w\" \/><source media=\"(min-width: 0)\" srcset=\"https:\/\/www.salzburgerland.com\/de\/magazin\/wp-content\/uploads\/2017\/04\/Bergmolch-Robert-Hofrichter-249x160.jpg 249w, https:\/\/www.salzburgerland.com\/de\/magazin\/wp-content\/uploads\/2017\/04\/Bergmolch-Robert-Hofrichter-325x209.jpg 325w\" \/><img decoding=\"async\" alt=\"Ein schwarzer und roter Molch ruht auf einem St\u00fcck Holz vor einem unscharfen gr\u00fcnen Hintergrund.\" src=\"https:\/\/www.salzburgerland.com\/de\/magazin\/wp-content\/uploads\/2017\/04\/Bergmolch-Robert-Hofrichter.jpg\" \/>\t<\/picture><\/a><\/figure><\/div><div class=\"col-6 col-sm-4\"><figure><a class=\"thumb-container\" href=\"https:\/\/www.salzburgerland.com\/de\/magazin\/wp-content\/uploads\/2017\/04\/Frosch_a-1280x1024.jpg\">\t<picture><source media=\"(min-width: 576px)\" srcset=\"https:\/\/www.salzburgerland.com\/de\/magazin\/wp-content\/uploads\/2017\/04\/Frosch_a-325x209.jpg 325w, https:\/\/www.salzburgerland.com\/de\/magazin\/wp-content\/uploads\/2017\/04\/Frosch_a-249x160.jpg 249w\" \/><source media=\"(min-width: 0)\" srcset=\"https:\/\/www.salzburgerland.com\/de\/magazin\/wp-content\/uploads\/2017\/04\/Frosch_a-249x160.jpg 249w, https:\/\/www.salzburgerland.com\/de\/magazin\/wp-content\/uploads\/2017\/04\/Frosch_a-325x209.jpg 325w\" \/><img decoding=\"async\" alt=\"Mehrere gr\u00fcne Fr\u00f6sche sitzen zwischen Gr\u00e4sern und Unkraut am Rande eines sonnenbeschienenen Gew\u00e4ssers.\" src=\"https:\/\/www.salzburgerland.com\/de\/magazin\/wp-content\/uploads\/2017\/04\/Frosch_a.jpg\" \/>\t<\/picture><\/a><\/figure><\/div><\/div><\/div><figcaption><\/figcaption>\n<p>Fotonachweis: Robert Hofrichter, Wolfgang Schruf, Josef Linberger, Christine Fr\u00f6schl.<\/p>\n","protected":false},"excerpt":{"rendered":"<p>Wer jetzt im Fr\u00fchjahr einen Spaziergang durch die W\u00e4lder des SalzburgerLandes unternimmt, sollte die Augen offen halten. Denn auf Erdkr\u00f6ten, Feuersalamander und Fr\u00f6sche trifft man selten so h\u00e4ufig wie jetzt. Wenn die Temperaturen nachts \u00fcber 5 Grad Celsius steigen und es regnet, beginnt die gro\u00dfe Wanderung zu B\u00e4chen, Seen, Teichen und T\u00fcmpeln. Den Winter haben [&hellip;]<\/p>\n","protected":false},"author":236,"featured_media":114435,"comment_status":"open","ping_status":"open","sticky":false,"template":"","format":"standard","meta":{"_acf_changed":false,"wl_entities_gutenberg":"","_wl_entity_redirect_enabled":"","footnotes":""},"categories":[8],"tags":[],"wl_entity_type":[306],"monatsauswahl":[85,86,87,88,89],"class_list":["post-114428","post","type-post","status-publish","format-standard","has-post-thumbnail","hentry","category-outdoor-sport","wl_entity_type-article","monatsauswahl-monat_4","monatsauswahl-monat_5","monatsauswahl-monat_6","monatsauswahl-monat_7","monatsauswahl-monat_8"],"acf":[],"yoast_head":"<!-- This site is optimized with the Yoast SEO Premium plugin v27.4 (Yoast SEO v27.4) - https:\/\/yoast.com\/product\/yoast-seo-premium-wordpress\/ -->\n<title>Feuersalamander, Fr\u00f6sche und Kr\u00f6ten auf Wanderschaft - SalzburgerLand Magazin<\/title>\n<meta name=\"description\" content=\"Wer jetzt im Fr\u00fchjahr einen Spaziergang durch die W\u00e4lder des SalzburgerLandes unternimmt, sollte die Augen offen halten. Denn auf Erdkr\u00f6ten, Feuersalamander und Fr\u00f6sche trifft man selten so h\u00e4ufig wie jetzt. Wenn die Temperaturen nachts \u00fcber 5 Grad Celsius steigen und es regnet, beginnt die gro\u00dfe Wanderung zu B\u00e4chen, Seen, Teichen und T\u00fcmpeln. Den Winter haben [&hellip;]\" \/>\n<meta name=\"robots\" content=\"index, follow, max-snippet:-1, max-image-preview:large, max-video-preview:-1\" \/>\n<link rel=\"canonical\" href=\"https:\/\/www.salzburgerland.com\/de\/magazin\/feuersalamander-froesche-und-kroeten-auf-wanderschaft\/\" \/>\n<meta property=\"og:locale\" content=\"de_DE\" \/>\n<meta property=\"og:type\" content=\"article\" \/>\n<meta property=\"og:title\" content=\"Feuersalamander, Fr\u00f6sche und Kr\u00f6ten auf Wanderschaft\" \/>\n<meta property=\"og:description\" content=\"Wer jetzt im Fr\u00fchjahr einen Spaziergang durch die W\u00e4lder des SalzburgerLandes unternimmt, sollte die Augen offen halten. Denn auf Erdkr\u00f6ten, Feuersalamander und Fr\u00f6sche trifft man selten so h\u00e4ufig wie jetzt. Wenn die Temperaturen nachts \u00fcber 5 Grad Celsius steigen und es regnet, beginnt die gro\u00dfe Wanderung zu B\u00e4chen, Seen, Teichen und T\u00fcmpeln. Den Winter haben [&hellip;]\" \/>\n<meta property=\"og:url\" content=\"https:\/\/www.salzburgerland.com\/de\/magazin\/feuersalamander-froesche-und-kroeten-auf-wanderschaft\/\" \/>\n<meta property=\"og:site_name\" content=\"SalzburgerLand Magazin\" \/>\n<meta property=\"article:publisher\" content=\"https:\/\/www.facebook.com\/salzburgerland\/\" \/>\n<meta property=\"article:published_time\" content=\"2017-04-25T06:00:44+00:00\" \/>\n<meta property=\"article:modified_time\" content=\"2019-06-26T16:40:40+00:00\" \/>\n<meta property=\"og:image\" content=\"https:\/\/www.salzburgerland.com\/de\/magazin\/wp-content\/uploads\/2017\/04\/Feuersalamander-Robert-Hofrichter.jpg\" \/>\n\t<meta property=\"og:image:width\" content=\"1004\" \/>\n\t<meta property=\"og:image:height\" content=\"670\" \/>\n\t<meta property=\"og:image:type\" content=\"image\/jpeg\" \/>\n<meta name=\"author\" content=\"Christine Fr\u00f6schl\" \/>\n<meta name=\"twitter:card\" content=\"summary_large_image\" \/>\n<meta name=\"twitter:creator\" content=\"@Salzburgerland\" \/>\n<meta name=\"twitter:site\" content=\"@Salzburgerland\" \/>\n<meta name=\"twitter:label1\" content=\"Verfasst von\" \/>\n\t<meta name=\"twitter:data1\" content=\"Christine Fr\u00f6schl\" \/>\n\t<meta name=\"twitter:label2\" content=\"Gesch\u00e4tzte Lesezeit\" \/>\n\t<meta name=\"twitter:data2\" content=\"3\u00a0Minuten\" \/>\n<script type=\"application\/ld+json\" class=\"yoast-schema-graph\">{\"@context\":\"https:\\\/\\\/schema.org\",\"@graph\":[{\"@type\":\"Article\",\"@id\":\"https:\\\/\\\/www.salzburgerland.com\\\/de\\\/magazin\\\/feuersalamander-froesche-und-kroeten-auf-wanderschaft\\\/#article\",\"isPartOf\":{\"@id\":\"https:\\\/\\\/www.salzburgerland.com\\\/de\\\/magazin\\\/feuersalamander-froesche-und-kroeten-auf-wanderschaft\\\/\"},\"author\":{\"name\":\"Christine Fr\u00f6schl\",\"@id\":\"https:\\\/\\\/www.salzburgerland.com\\\/de\\\/magazin\\\/#\\\/schema\\\/person\\\/7932db74f19d9640620859cb2b794c4e\"},\"headline\":\"Feuersalamander, Fr\u00f6sche und Kr\u00f6ten auf Wanderschaft\",\"datePublished\":\"2017-04-25T06:00:44+00:00\",\"dateModified\":\"2019-06-26T16:40:40+00:00\",\"mainEntityOfPage\":{\"@id\":\"https:\\\/\\\/www.salzburgerland.com\\\/de\\\/magazin\\\/feuersalamander-froesche-und-kroeten-auf-wanderschaft\\\/\"},\"wordCount\":607,\"commentCount\":0,\"publisher\":{\"@id\":\"https:\\\/\\\/www.salzburgerland.com\\\/de\\\/magazin\\\/#organization\"},\"image\":{\"@id\":\"https:\\\/\\\/www.salzburgerland.com\\\/de\\\/magazin\\\/feuersalamander-froesche-und-kroeten-auf-wanderschaft\\\/#primaryimage\"},\"thumbnailUrl\":\"https:\\\/\\\/www.salzburgerland.com\\\/de\\\/magazin\\\/wp-content\\\/uploads\\\/2017\\\/04\\\/Feuersalamander-Robert-Hofrichter.jpg\",\"articleSection\":[\"Outdoor &amp; Sport\"],\"inLanguage\":\"de\",\"potentialAction\":[{\"@type\":\"CommentAction\",\"name\":\"Comment\",\"target\":[\"https:\\\/\\\/www.salzburgerland.com\\\/de\\\/magazin\\\/feuersalamander-froesche-und-kroeten-auf-wanderschaft\\\/#respond\"]}]},{\"@type\":\"WebPage\",\"@id\":\"https:\\\/\\\/www.salzburgerland.com\\\/de\\\/magazin\\\/feuersalamander-froesche-und-kroeten-auf-wanderschaft\\\/\",\"url\":\"https:\\\/\\\/www.salzburgerland.com\\\/de\\\/magazin\\\/feuersalamander-froesche-und-kroeten-auf-wanderschaft\\\/\",\"name\":\"Feuersalamander, Fr\u00f6sche und Kr\u00f6ten auf Wanderschaft - SalzburgerLand Magazin\",\"isPartOf\":{\"@id\":\"https:\\\/\\\/www.salzburgerland.com\\\/de\\\/magazin\\\/#website\"},\"primaryImageOfPage\":{\"@id\":\"https:\\\/\\\/www.salzburgerland.com\\\/de\\\/magazin\\\/feuersalamander-froesche-und-kroeten-auf-wanderschaft\\\/#primaryimage\"},\"image\":{\"@id\":\"https:\\\/\\\/www.salzburgerland.com\\\/de\\\/magazin\\\/feuersalamander-froesche-und-kroeten-auf-wanderschaft\\\/#primaryimage\"},\"thumbnailUrl\":\"https:\\\/\\\/www.salzburgerland.com\\\/de\\\/magazin\\\/wp-content\\\/uploads\\\/2017\\\/04\\\/Feuersalamander-Robert-Hofrichter.jpg\",\"datePublished\":\"2017-04-25T06:00:44+00:00\",\"dateModified\":\"2019-06-26T16:40:40+00:00\",\"breadcrumb\":{\"@id\":\"https:\\\/\\\/www.salzburgerland.com\\\/de\\\/magazin\\\/feuersalamander-froesche-und-kroeten-auf-wanderschaft\\\/#breadcrumb\"},\"inLanguage\":\"de\",\"potentialAction\":[{\"@type\":\"ReadAction\",\"target\":[\"https:\\\/\\\/www.salzburgerland.com\\\/de\\\/magazin\\\/feuersalamander-froesche-und-kroeten-auf-wanderschaft\\\/\"]}]},{\"@type\":\"ImageObject\",\"inLanguage\":\"de\",\"@id\":\"https:\\\/\\\/www.salzburgerland.com\\\/de\\\/magazin\\\/feuersalamander-froesche-und-kroeten-auf-wanderschaft\\\/#primaryimage\",\"url\":\"https:\\\/\\\/www.salzburgerland.com\\\/de\\\/magazin\\\/wp-content\\\/uploads\\\/2017\\\/04\\\/Feuersalamander-Robert-Hofrichter.jpg\",\"contentUrl\":\"https:\\\/\\\/www.salzburgerland.com\\\/de\\\/magazin\\\/wp-content\\\/uploads\\\/2017\\\/04\\\/Feuersalamander-Robert-Hofrichter.jpg\",\"width\":1004,\"height\":670,\"caption\":\"Ein schwarzer Salamander mit gelben Flecken sitzt im seichten, klaren Wasser \u00fcber Felsen.\"},{\"@type\":\"BreadcrumbList\",\"@id\":\"https:\\\/\\\/www.salzburgerland.com\\\/de\\\/magazin\\\/feuersalamander-froesche-und-kroeten-auf-wanderschaft\\\/#breadcrumb\",\"itemListElement\":[{\"@type\":\"ListItem\",\"position\":1,\"name\":\"Startseite\",\"item\":\"https:\\\/\\\/www.salzburgerland.com\\\/de\\\/magazin\\\/\"},{\"@type\":\"ListItem\",\"position\":2,\"name\":\"Outdoor &amp; Sport\",\"item\":\"https:\\\/\\\/www.salzburgerland.com\\\/de\\\/magazin\\\/thema\\\/outdoor-sport\\\/\"},{\"@type\":\"ListItem\",\"position\":3,\"name\":\"Feuersalamander, Fr\u00f6sche und Kr\u00f6ten auf Wanderschaft\"}]},{\"@type\":\"WebSite\",\"@id\":\"https:\\\/\\\/www.salzburgerland.com\\\/de\\\/magazin\\\/#website\",\"url\":\"https:\\\/\\\/www.salzburgerland.com\\\/de\\\/magazin\\\/\",\"name\":\"SalzburgerLand Magazin\",\"description\":\"Geschichten und Interessantes aus dem SalzburgerLand\",\"publisher\":{\"@id\":\"https:\\\/\\\/www.salzburgerland.com\\\/de\\\/magazin\\\/#organization\"},\"potentialAction\":[{\"@type\":\"SearchAction\",\"target\":{\"@type\":\"EntryPoint\",\"urlTemplate\":\"https:\\\/\\\/www.salzburgerland.com\\\/de\\\/magazin\\\/?s={search_term_string}\"},\"query-input\":{\"@type\":\"PropertyValueSpecification\",\"valueRequired\":true,\"valueName\":\"search_term_string\"}}],\"inLanguage\":\"de\"},{\"@type\":\"Organization\",\"@id\":\"https:\\\/\\\/www.salzburgerland.com\\\/de\\\/magazin\\\/#organization\",\"name\":\"SalzburgerLand Tourismus\",\"url\":\"https:\\\/\\\/www.salzburgerland.com\\\/de\\\/magazin\\\/\",\"logo\":{\"@type\":\"ImageObject\",\"inLanguage\":\"de\",\"@id\":\"https:\\\/\\\/www.salzburgerland.com\\\/de\\\/magazin\\\/#\\\/schema\\\/logo\\\/image\\\/\",\"url\":\"https:\\\/\\\/www.salzburgerland.com\\\/de\\\/magazin\\\/wp-content\\\/uploads\\\/2019\\\/06\\\/salzburgerland-logo1.jpg\",\"contentUrl\":\"https:\\\/\\\/www.salzburgerland.com\\\/de\\\/magazin\\\/wp-content\\\/uploads\\\/2019\\\/06\\\/salzburgerland-logo1.jpg\",\"width\":2011,\"height\":866,\"caption\":\"SalzburgerLand Tourismus\"},\"image\":{\"@id\":\"https:\\\/\\\/www.salzburgerland.com\\\/de\\\/magazin\\\/#\\\/schema\\\/logo\\\/image\\\/\"},\"sameAs\":[\"https:\\\/\\\/www.facebook.com\\\/salzburgerland\\\/\",\"https:\\\/\\\/x.com\\\/Salzburgerland\",\"https:\\\/\\\/www.instagram.com\\\/salzburgerland\\\/\",\"https:\\\/\\\/at.linkedin.com\\\/company\\\/salzburgerland-tourismus-gmbh\",\"https:\\\/\\\/www.pinterest.at\\\/salzburgerland\\\/\",\"https:\\\/\\\/www.youtube.com\\\/user\\\/salzburgerland\",\"https:\\\/\\\/de.wikipedia.org\\\/wiki\\\/SalzburgerLand_Tourismus_GmbH\"]},{\"@type\":\"Person\",\"@id\":\"https:\\\/\\\/www.salzburgerland.com\\\/de\\\/magazin\\\/#\\\/schema\\\/person\\\/7932db74f19d9640620859cb2b794c4e\",\"name\":\"Christine Fr\u00f6schl\",\"description\":\"Dein pers\u00f6nlicher Logenplatz im SalzburgerLand? Am liebsten gehe ich auf den Einberg im Salzburger Tennengau. Der Berg in der Osterhorn-Gruppe gl\u00e4nzt das ganze Jahr im Sonnenschein, auf dem Gipfel heben Paragleiter ab und die Aussicht auf das Tennengebirge, den Dachstein und die Bischofsm\u00fctze ist traumhaft. Dosige(r) oder Zuagroast? Zuagroast aus dem sch\u00f6nen Nieder\u00f6sterreich. Fr\u00fchling, Sommer, Herbst oder Winter? Alle Jahreszeiten begeistern mich. Momentan freue ich mich auf den Fr\u00fchling, das Zwitschern der V\u00f6gel und auf die sattgr\u00fcnen Wiesen. Salzburger Nockerl oder Schwarzbeernocken? Eindeutig Schwarzbeernocken. Rindsroulade vom Pinzgauer Biorind oder Saibling fangfrisch aus dem Fuschlsee? Mhhhh. Da kann ich mich nicht entscheiden. Bergtour oder Seentour? Mich zieht es auf jeden Fall hinauf. Begeistert bin ich auch von tiefblauen Bergseen in denen sich die Umgebung spiegelt und von der Aussicht w\u00e4hrend des Weges auf einen der wundersch\u00f6nen Seen im Salzburger Land.\",\"url\":\"https:\\\/\\\/www.salzburgerland.com\\\/de\\\/magazin\\\/author\\\/christine-froeschl\\\/\"}]}<\/script>\n<!-- \/ Yoast SEO Premium plugin. -->","yoast_head_json":{"title":"Feuersalamander, Fr\u00f6sche und Kr\u00f6ten auf Wanderschaft - SalzburgerLand Magazin","description":"Wer jetzt im Fr\u00fchjahr einen Spaziergang durch die W\u00e4lder des SalzburgerLandes unternimmt, sollte die Augen offen halten. Denn auf Erdkr\u00f6ten, Feuersalamander und Fr\u00f6sche trifft man selten so h\u00e4ufig wie jetzt. Wenn die Temperaturen nachts \u00fcber 5 Grad Celsius steigen und es regnet, beginnt die gro\u00dfe Wanderung zu B\u00e4chen, Seen, Teichen und T\u00fcmpeln. Den Winter haben [&hellip;]","robots":{"index":"index","follow":"follow","max-snippet":"max-snippet:-1","max-image-preview":"max-image-preview:large","max-video-preview":"max-video-preview:-1"},"canonical":"https:\/\/www.salzburgerland.com\/de\/magazin\/feuersalamander-froesche-und-kroeten-auf-wanderschaft\/","og_locale":"de_DE","og_type":"article","og_title":"Feuersalamander, Fr\u00f6sche und Kr\u00f6ten auf Wanderschaft","og_description":"Wer jetzt im Fr\u00fchjahr einen Spaziergang durch die W\u00e4lder des SalzburgerLandes unternimmt, sollte die Augen offen halten. Denn auf Erdkr\u00f6ten, Feuersalamander und Fr\u00f6sche trifft man selten so h\u00e4ufig wie jetzt. Wenn die Temperaturen nachts \u00fcber 5 Grad Celsius steigen und es regnet, beginnt die gro\u00dfe Wanderung zu B\u00e4chen, Seen, Teichen und T\u00fcmpeln. Den Winter haben [&hellip;]","og_url":"https:\/\/www.salzburgerland.com\/de\/magazin\/feuersalamander-froesche-und-kroeten-auf-wanderschaft\/","og_site_name":"SalzburgerLand Magazin","article_publisher":"https:\/\/www.facebook.com\/salzburgerland\/","article_published_time":"2017-04-25T06:00:44+00:00","article_modified_time":"2019-06-26T16:40:40+00:00","og_image":[{"width":1004,"height":670,"url":"https:\/\/www.salzburgerland.com\/de\/magazin\/wp-content\/uploads\/2017\/04\/Feuersalamander-Robert-Hofrichter.jpg","type":"image\/jpeg"}],"author":"Christine Fr\u00f6schl","twitter_card":"summary_large_image","twitter_creator":"@Salzburgerland","twitter_site":"@Salzburgerland","twitter_misc":{"Verfasst von":"Christine Fr\u00f6schl","Gesch\u00e4tzte Lesezeit":"3\u00a0Minuten"},"schema":{"@context":"https:\/\/schema.org","@graph":[{"@type":"Article","@id":"https:\/\/www.salzburgerland.com\/de\/magazin\/feuersalamander-froesche-und-kroeten-auf-wanderschaft\/#article","isPartOf":{"@id":"https:\/\/www.salzburgerland.com\/de\/magazin\/feuersalamander-froesche-und-kroeten-auf-wanderschaft\/"},"author":{"name":"Christine Fr\u00f6schl","@id":"https:\/\/www.salzburgerland.com\/de\/magazin\/#\/schema\/person\/7932db74f19d9640620859cb2b794c4e"},"headline":"Feuersalamander, Fr\u00f6sche und Kr\u00f6ten auf Wanderschaft","datePublished":"2017-04-25T06:00:44+00:00","dateModified":"2019-06-26T16:40:40+00:00","mainEntityOfPage":{"@id":"https:\/\/www.salzburgerland.com\/de\/magazin\/feuersalamander-froesche-und-kroeten-auf-wanderschaft\/"},"wordCount":607,"commentCount":0,"publisher":{"@id":"https:\/\/www.salzburgerland.com\/de\/magazin\/#organization"},"image":{"@id":"https:\/\/www.salzburgerland.com\/de\/magazin\/feuersalamander-froesche-und-kroeten-auf-wanderschaft\/#primaryimage"},"thumbnailUrl":"https:\/\/www.salzburgerland.com\/de\/magazin\/wp-content\/uploads\/2017\/04\/Feuersalamander-Robert-Hofrichter.jpg","articleSection":["Outdoor &amp; Sport"],"inLanguage":"de","potentialAction":[{"@type":"CommentAction","name":"Comment","target":["https:\/\/www.salzburgerland.com\/de\/magazin\/feuersalamander-froesche-und-kroeten-auf-wanderschaft\/#respond"]}]},{"@type":"WebPage","@id":"https:\/\/www.salzburgerland.com\/de\/magazin\/feuersalamander-froesche-und-kroeten-auf-wanderschaft\/","url":"https:\/\/www.salzburgerland.com\/de\/magazin\/feuersalamander-froesche-und-kroeten-auf-wanderschaft\/","name":"Feuersalamander, Fr\u00f6sche und Kr\u00f6ten auf Wanderschaft - SalzburgerLand Magazin","isPartOf":{"@id":"https:\/\/www.salzburgerland.com\/de\/magazin\/#website"},"primaryImageOfPage":{"@id":"https:\/\/www.salzburgerland.com\/de\/magazin\/feuersalamander-froesche-und-kroeten-auf-wanderschaft\/#primaryimage"},"image":{"@id":"https:\/\/www.salzburgerland.com\/de\/magazin\/feuersalamander-froesche-und-kroeten-auf-wanderschaft\/#primaryimage"},"thumbnailUrl":"https:\/\/www.salzburgerland.com\/de\/magazin\/wp-content\/uploads\/2017\/04\/Feuersalamander-Robert-Hofrichter.jpg","datePublished":"2017-04-25T06:00:44+00:00","dateModified":"2019-06-26T16:40:40+00:00","breadcrumb":{"@id":"https:\/\/www.salzburgerland.com\/de\/magazin\/feuersalamander-froesche-und-kroeten-auf-wanderschaft\/#breadcrumb"},"inLanguage":"de","potentialAction":[{"@type":"ReadAction","target":["https:\/\/www.salzburgerland.com\/de\/magazin\/feuersalamander-froesche-und-kroeten-auf-wanderschaft\/"]}]},{"@type":"ImageObject","inLanguage":"de","@id":"https:\/\/www.salzburgerland.com\/de\/magazin\/feuersalamander-froesche-und-kroeten-auf-wanderschaft\/#primaryimage","url":"https:\/\/www.salzburgerland.com\/de\/magazin\/wp-content\/uploads\/2017\/04\/Feuersalamander-Robert-Hofrichter.jpg","contentUrl":"https:\/\/www.salzburgerland.com\/de\/magazin\/wp-content\/uploads\/2017\/04\/Feuersalamander-Robert-Hofrichter.jpg","width":1004,"height":670,"caption":"Ein schwarzer Salamander mit gelben Flecken sitzt im seichten, klaren Wasser \u00fcber Felsen."},{"@type":"BreadcrumbList","@id":"https:\/\/www.salzburgerland.com\/de\/magazin\/feuersalamander-froesche-und-kroeten-auf-wanderschaft\/#breadcrumb","itemListElement":[{"@type":"ListItem","position":1,"name":"Startseite","item":"https:\/\/www.salzburgerland.com\/de\/magazin\/"},{"@type":"ListItem","position":2,"name":"Outdoor &amp; Sport","item":"https:\/\/www.salzburgerland.com\/de\/magazin\/thema\/outdoor-sport\/"},{"@type":"ListItem","position":3,"name":"Feuersalamander, Fr\u00f6sche und Kr\u00f6ten auf Wanderschaft"}]},{"@type":"WebSite","@id":"https:\/\/www.salzburgerland.com\/de\/magazin\/#website","url":"https:\/\/www.salzburgerland.com\/de\/magazin\/","name":"SalzburgerLand Magazin","description":"Geschichten und Interessantes aus dem SalzburgerLand","publisher":{"@id":"https:\/\/www.salzburgerland.com\/de\/magazin\/#organization"},"potentialAction":[{"@type":"SearchAction","target":{"@type":"EntryPoint","urlTemplate":"https:\/\/www.salzburgerland.com\/de\/magazin\/?s={search_term_string}"},"query-input":{"@type":"PropertyValueSpecification","valueRequired":true,"valueName":"search_term_string"}}],"inLanguage":"de"},{"@type":"Organization","@id":"https:\/\/www.salzburgerland.com\/de\/magazin\/#organization","name":"SalzburgerLand Tourismus","url":"https:\/\/www.salzburgerland.com\/de\/magazin\/","logo":{"@type":"ImageObject","inLanguage":"de","@id":"https:\/\/www.salzburgerland.com\/de\/magazin\/#\/schema\/logo\/image\/","url":"https:\/\/www.salzburgerland.com\/de\/magazin\/wp-content\/uploads\/2019\/06\/salzburgerland-logo1.jpg","contentUrl":"https:\/\/www.salzburgerland.com\/de\/magazin\/wp-content\/uploads\/2019\/06\/salzburgerland-logo1.jpg","width":2011,"height":866,"caption":"SalzburgerLand Tourismus"},"image":{"@id":"https:\/\/www.salzburgerland.com\/de\/magazin\/#\/schema\/logo\/image\/"},"sameAs":["https:\/\/www.facebook.com\/salzburgerland\/","https:\/\/x.com\/Salzburgerland","https:\/\/www.instagram.com\/salzburgerland\/","https:\/\/at.linkedin.com\/company\/salzburgerland-tourismus-gmbh","https:\/\/www.pinterest.at\/salzburgerland\/","https:\/\/www.youtube.com\/user\/salzburgerland","https:\/\/de.wikipedia.org\/wiki\/SalzburgerLand_Tourismus_GmbH"]},{"@type":"Person","@id":"https:\/\/www.salzburgerland.com\/de\/magazin\/#\/schema\/person\/7932db74f19d9640620859cb2b794c4e","name":"Christine Fr\u00f6schl","description":"Dein pers\u00f6nlicher Logenplatz im SalzburgerLand? Am liebsten gehe ich auf den Einberg im Salzburger Tennengau. Der Berg in der Osterhorn-Gruppe gl\u00e4nzt das ganze Jahr im Sonnenschein, auf dem Gipfel heben Paragleiter ab und die Aussicht auf das Tennengebirge, den Dachstein und die Bischofsm\u00fctze ist traumhaft. Dosige(r) oder Zuagroast? Zuagroast aus dem sch\u00f6nen Nieder\u00f6sterreich. Fr\u00fchling, Sommer, Herbst oder Winter? Alle Jahreszeiten begeistern mich. Momentan freue ich mich auf den Fr\u00fchling, das Zwitschern der V\u00f6gel und auf die sattgr\u00fcnen Wiesen. Salzburger Nockerl oder Schwarzbeernocken? Eindeutig Schwarzbeernocken. Rindsroulade vom Pinzgauer Biorind oder Saibling fangfrisch aus dem Fuschlsee? Mhhhh. Da kann ich mich nicht entscheiden. Bergtour oder Seentour? Mich zieht es auf jeden Fall hinauf. Begeistert bin ich auch von tiefblauen Bergseen in denen sich die Umgebung spiegelt und von der Aussicht w\u00e4hrend des Weges auf einen der wundersch\u00f6nen Seen im Salzburger Land.","url":"https:\/\/www.salzburgerland.com\/de\/magazin\/author\/christine-froeschl\/"}]}},"_wl_alt_label":[],"wl:entity_url":"http:\/\/open.salzburgerland.com\/magazin\/post\/feuersalamander__froesche_und_kroeten_auf_wanderschaft","_links":{"self":[{"href":"https:\/\/www.salzburgerland.com\/de\/magazin\/wp-json\/wp\/v2\/posts\/114428","targetHints":{"allow":["GET"]}}],"collection":[{"href":"https:\/\/www.salzburgerland.com\/de\/magazin\/wp-json\/wp\/v2\/posts"}],"about":[{"href":"https:\/\/www.salzburgerland.com\/de\/magazin\/wp-json\/wp\/v2\/types\/post"}],"author":[{"embeddable":true,"href":"https:\/\/www.salzburgerland.com\/de\/magazin\/wp-json\/wp\/v2\/users\/236"}],"replies":[{"embeddable":true,"href":"https:\/\/www.salzburgerland.com\/de\/magazin\/wp-json\/wp\/v2\/comments?post=114428"}],"version-history":[{"count":0,"href":"https:\/\/www.salzburgerland.com\/de\/magazin\/wp-json\/wp\/v2\/posts\/114428\/revisions"}],"wp:featuredmedia":[{"embeddable":true,"href":"https:\/\/www.salzburgerland.com\/de\/magazin\/wp-json\/wp\/v2\/media\/114435"}],"wp:attachment":[{"href":"https:\/\/www.salzburgerland.com\/de\/magazin\/wp-json\/wp\/v2\/media?parent=114428"}],"wp:term":[{"taxonomy":"category","embeddable":true,"href":"https:\/\/www.salzburgerland.com\/de\/magazin\/wp-json\/wp\/v2\/categories?post=114428"},{"taxonomy":"post_tag","embeddable":true,"href":"https:\/\/www.salzburgerland.com\/de\/magazin\/wp-json\/wp\/v2\/tags?post=114428"},{"taxonomy":"wl_entity_type","embeddable":true,"href":"https:\/\/www.salzburgerland.com\/de\/magazin\/wp-json\/wp\/v2\/wl_entity_type?post=114428"},{"taxonomy":"monatsauswahl","embeddable":true,"href":"https:\/\/www.salzburgerland.com\/de\/magazin\/wp-json\/wp\/v2\/monatsauswahl?post=114428"}],"curies":[{"name":"wp","href":"https:\/\/api.w.org\/{rel}","templated":true}]}}