{"id":114380,"date":"2017-04-26T14:00:09","date_gmt":"2017-04-26T12:00:09","guid":{"rendered":"https:\/\/www.salzburgerland.com\/de\/magazin\/?p=114380"},"modified":"2023-06-22T08:41:47","modified_gmt":"2023-06-22T06:41:47","slug":"auf-wasserentdeckungsreise-mit-sepp-forcher","status":"publish","type":"post","link":"https:\/\/www.salzburgerland.com\/de\/magazin\/auf-wasserentdeckungsreise-mit-sepp-forcher\/","title":{"rendered":"Auf Wasserentdeckungsreise mit Sepp Forcher"},"content":{"rendered":"<p><strong>Sepp Forcher ist einer der kultigsten Fernsehmoderatoren in \u00d6sterreich und ein profunder Kenner der \u00f6sterreichischen Berg- und Seenlandschaft. Wir treffen ihn zu einem Spaziergang und lernen dabei spannende Geschichten rund um das Thema Wasser&nbsp;kennen.<\/strong><\/p>\n<p>Da gilt es zun\u00e4chst einmal die vielen offenen Trinkbrunnen im SalzburgerLand zu entdecken. Einer davon steht gleich ums Eck von Sepp Forchers Zuhause. Direkt an der Lieferinger Hauptstra\u00dfe flie\u00dft Wasser \u00fcber einen Steintrog ab. \u201eFr\u00fcher wurden da die Pferde getr\u00e4nkt und W\u00e4sche gewaschen\u201c, erz\u00e4hlt er. \u00dcberhaupt ist Altliefering eingekreist von kleinen B\u00e4chen: Dem M\u00fchlbach oder dem Fischerwirtsbach &#8211; alle in Trinkwasserqualit\u00e4t und mit paradiesischem Fischbestand. Ein Zeichen f\u00fcr beste Wasserqualit\u00e4t sei auch die Brunnenkresse im Bach, so Forcher.<\/p>\n<p>Still oder prickelnd w\u00e4re f\u00fcr ihn keine Frage. Forcher liebt stilles Wasser \u2013 am besten direkt aus der Quelle. \u201eIch habe in den Tauernt\u00e4lern jedes Wasser gekostet und jedes schmeckt anders.&#8220; Temperatur und Mineralisation beeinflussen den Geschmack. Das beste Wasser habe er in Bad Fusch getrunken. Der Weg zu den Fuscher Quellen sei auch eine empfehlenswerte Wanderung, so der mittlerweile 87-j\u00e4hrige Moderator, der immer noch f\u00fcr den ORF seine Lieblingspl\u00e4tze pr\u00e4sentiert.<\/p>\n<h3>Freie Trinkbrunnen in der Stadt<\/h3>\n<p>Trinkwasser gibt es in Salzburg im \u00dcberfluss &#8211; es flie\u00dft einfach auf die Stra\u00dfe und versickert dort wieder. An hei\u00dfen Tagen freut sich so mancher Jogger \u00fcber das k\u00fchle Nass und auch in der Stadt g\u00f6nnen sich G\u00e4ste gerne einen erfrischenden Schluck. Das ist auch bei Sepp Forcher nicht anders &#8211; seit seiner Kindheit ist ein Schluck Wasser beim Trinkbrunnen vor dem \u00dcbergang zum Rosenh\u00fcgel im Mirabellgarten Pflicht. Einheimische w\u00fcssten dieses Angebot viel zu wenig zu sch\u00e4tzen. Kostenfreies Trinkwasser an allen m\u00f6glichen Pl\u00e4tzen der Stadt \u2013 wo sonst gibt es das in solchen Mengen wie in Salzburg. Man kann seine mitgebrachten Trinkflaschen auff\u00fcllen, ohne daf\u00fcr nur einen Cent zu bezahlen.<br \/>\nAm Gr\u00fcnmarkt beim Almkanal findet man ebenfalls solch einen Trinkwasserbrunnen. Der Almkanal wird durch die K\u00f6nigsseeache gespeist und f\u00fchrt seit Jahrhunderten sauberstes Trinkwasser.<\/p>\n<h3>Wasser-Erlebnistipps von Sepp Forcher<\/h3>\n<p>Zum Abschluss unseres Spaziergangs verr\u00e4t uns Forcher noch einige Geheimtipps, wo man das Element Wasser auf eine ganz besondere Weise erleben kann.<\/p>\n<ul>\n<li>So etwa bei einem Besuch der<a href=\"http:\/\/www.7muehlen.at\" target=\"_blank\" rel=\"noopener noreferrer\">&nbsp;sieben M\u00fchlen<\/a> in Pfarrwerfen.<\/li>\n<li>Auf der Walcher Hochalm in Fusch entlang des Gletscherbachs geht man trockenen Fu\u00dfes unter dem st\u00fcrzenden Bach und sieht eindrucksvoll den Sandbodenkees.<\/li>\n<li>In Hinterthal bei Maria Alm kann man viele Kleinkraftwerke sehen, u.a. das erste Trinkwasserkraftwerk, das Strom erzeugt und Trinkwasser aufbereitet.<\/li>\n<li>Der <a href=\"https:\/\/www.salzburgerland.com\/de\/magazin\/das-wunder-wasser\/\" target=\"_blank\" rel=\"noopener noreferrer\">Gollinger Wasserfall<\/a>&nbsp;sei ebenso sehensw\u00fcrdig mit seiner Karstquelle wie der Traxer Wasserfall, der nur periodisch flie\u00dft.<\/li>\n<li>Wer im Flachgau Quellen sehen will, kann den Quelltopf der Oichten (auch &#8218;Kroisbach&#8216;) bei Nu\u00dfdorf besuchen, von dem nicht nur die Oichten sondern auch die Enknach gespeist wird.<\/li>\n<li>Bei einem weiteren Glas Lieferinger Quellwasser schw\u00e4rmt Sepp Forcher noch vom Gr\u00f6diger Trinkwasser, das die Stadt Salzburg versorgt \u2013 ein unterirdischer Strom hochwertigstes Gebirgswasser, gefiltert durch Kiesablagerungen des eiszeitlichen Salzachgletschers.<\/li>\n<\/ul>\n<div class=\"mag-gallery\"><div class=\"row\"><div class=\"col-6 col-sm-4\"><figure><a class=\"thumb-container\" href=\"https:\/\/www.salzburgerland.com\/de\/magazin\/wp-content\/uploads\/2017\/04\/OR_8061-1280x1024.jpg\">\t<picture><source media=\"(min-width: 576px)\" srcset=\"https:\/\/www.salzburgerland.com\/de\/magazin\/wp-content\/uploads\/2017\/04\/OR_8061-325x209.jpg 325w, https:\/\/www.salzburgerland.com\/de\/magazin\/wp-content\/uploads\/2017\/04\/OR_8061-249x160.jpg 249w\" \/><source media=\"(min-width: 0)\" srcset=\"https:\/\/www.salzburgerland.com\/de\/magazin\/wp-content\/uploads\/2017\/04\/OR_8061-249x160.jpg 249w, https:\/\/www.salzburgerland.com\/de\/magazin\/wp-content\/uploads\/2017\/04\/OR_8061-325x209.jpg 325w\" \/><img decoding=\"async\" alt=\"Gr\u00fcne Pflanzen wachsen neben klarem, flachem Wasser mit Kieseln und Steinen auf dem Grund.\" src=\"https:\/\/www.salzburgerland.com\/de\/magazin\/wp-content\/uploads\/2017\/04\/OR_8061.jpg\" \/>\t<\/picture><\/a><\/figure><\/div><div class=\"col-6 col-sm-4\"><figure><a class=\"thumb-container\" href=\"https:\/\/www.salzburgerland.com\/de\/magazin\/wp-content\/uploads\/2017\/04\/OR_8039-1280x1024.jpg\">\t<picture><source media=\"(min-width: 576px)\" srcset=\"https:\/\/www.salzburgerland.com\/de\/magazin\/wp-content\/uploads\/2017\/04\/OR_8039-325x209.jpg 325w, https:\/\/www.salzburgerland.com\/de\/magazin\/wp-content\/uploads\/2017\/04\/OR_8039-249x160.jpg 249w\" \/><source media=\"(min-width: 0)\" srcset=\"https:\/\/www.salzburgerland.com\/de\/magazin\/wp-content\/uploads\/2017\/04\/OR_8039-249x160.jpg 249w, https:\/\/www.salzburgerland.com\/de\/magazin\/wp-content\/uploads\/2017\/04\/OR_8039-325x209.jpg 325w\" \/><img decoding=\"async\" alt=\"Eine Person h\u00e4lt ihre Hand unter flie\u00dfendem Wasser aus einem Steinbrunnen im Freien mit Gras im Hintergrund.\" src=\"https:\/\/www.salzburgerland.com\/de\/magazin\/wp-content\/uploads\/2017\/04\/OR_8039.jpg\" \/>\t<\/picture><\/a><\/figure><\/div><div class=\"col-6 col-sm-4\"><figure><a class=\"thumb-container\" href=\"https:\/\/www.salzburgerland.com\/de\/magazin\/wp-content\/uploads\/2017\/04\/OR_8040-1280x1024.jpg\">\t<picture><source media=\"(min-width: 576px)\" srcset=\"\" \/><source media=\"(min-width: 0)\" srcset=\"https:\/\/www.salzburgerland.com\/de\/magazin\/wp-content\/uploads\/2017\/04\/OR_8040.jpg 1067w, https:\/\/www.salzburgerland.com\/de\/magazin\/wp-content\/uploads\/2017\/04\/OR_8040-200x300.jpg 200w, https:\/\/www.salzburgerland.com\/de\/magazin\/wp-content\/uploads\/2017\/04\/OR_8040-367x550.jpg 367w, https:\/\/www.salzburgerland.com\/de\/magazin\/wp-content\/uploads\/2017\/04\/OR_8040-267x400.jpg 267w\" \/><img decoding=\"async\" alt=\"Ein \u00e4lterer Mann mit grauem Bart w\u00e4scht sich die H\u00e4nde an einem steinernen Springbrunnen auf einer Wiese.\" src=\"https:\/\/www.salzburgerland.com\/de\/magazin\/wp-content\/uploads\/2017\/04\/OR_8040.jpg\" \/>\t<\/picture><\/a><\/figure><\/div><div class=\"col-6 col-sm-4\"><figure><a class=\"thumb-container\" href=\"https:\/\/www.salzburgerland.com\/de\/magazin\/wp-content\/uploads\/2017\/04\/OR_8046-1280x1024.jpg\">\t<picture><source media=\"(min-width: 576px)\" srcset=\"https:\/\/www.salzburgerland.com\/de\/magazin\/wp-content\/uploads\/2017\/04\/OR_8046-325x209.jpg 325w, https:\/\/www.salzburgerland.com\/de\/magazin\/wp-content\/uploads\/2017\/04\/OR_8046-249x160.jpg 249w\" \/><source media=\"(min-width: 0)\" srcset=\"https:\/\/www.salzburgerland.com\/de\/magazin\/wp-content\/uploads\/2017\/04\/OR_8046-249x160.jpg 249w, https:\/\/www.salzburgerland.com\/de\/magazin\/wp-content\/uploads\/2017\/04\/OR_8046-325x209.jpg 325w\" \/><img decoding=\"async\" alt=\"\u00c4lterer Mann mit Hut, der an einem sonnigen Tag im Freien aus einem Glas trinkt, mit viel Gr\u00fcn im Hintergrund.\" src=\"https:\/\/www.salzburgerland.com\/de\/magazin\/wp-content\/uploads\/2017\/04\/OR_8046.jpg\" \/>\t<\/picture><\/a><\/figure><\/div><div class=\"col-6 col-sm-4\"><figure><a class=\"thumb-container\" href=\"https:\/\/www.salzburgerland.com\/de\/magazin\/wp-content\/uploads\/2017\/04\/OR_8026-1280x1024.jpg\">\t<picture><source media=\"(min-width: 576px)\" srcset=\"https:\/\/www.salzburgerland.com\/de\/magazin\/wp-content\/uploads\/2017\/04\/OR_8026-325x209.jpg 325w, https:\/\/www.salzburgerland.com\/de\/magazin\/wp-content\/uploads\/2017\/04\/OR_8026-300x194.jpg 300w, https:\/\/www.salzburgerland.com\/de\/magazin\/wp-content\/uploads\/2017\/04\/OR_8026-850x550.jpg 850w, https:\/\/www.salzburgerland.com\/de\/magazin\/wp-content\/uploads\/2017\/04\/OR_8026-618x400.jpg 618w, https:\/\/www.salzburgerland.com\/de\/magazin\/wp-content\/uploads\/2017\/04\/OR_8026-249x160.jpg 249w, https:\/\/www.salzburgerland.com\/de\/magazin\/wp-content\/uploads\/2017\/04\/OR_8026-1320x854.jpg 1320w, https:\/\/www.salzburgerland.com\/de\/magazin\/wp-content\/uploads\/2017\/04\/OR_8026.jpg 1600w\" \/><source media=\"(min-width: 0)\" srcset=\"https:\/\/www.salzburgerland.com\/de\/magazin\/wp-content\/uploads\/2017\/04\/OR_8026-249x160.jpg 249w, https:\/\/www.salzburgerland.com\/de\/magazin\/wp-content\/uploads\/2017\/04\/OR_8026-300x194.jpg 300w, https:\/\/www.salzburgerland.com\/de\/magazin\/wp-content\/uploads\/2017\/04\/OR_8026-850x550.jpg 850w, https:\/\/www.salzburgerland.com\/de\/magazin\/wp-content\/uploads\/2017\/04\/OR_8026-618x400.jpg 618w, https:\/\/www.salzburgerland.com\/de\/magazin\/wp-content\/uploads\/2017\/04\/OR_8026-325x209.jpg 325w, https:\/\/www.salzburgerland.com\/de\/magazin\/wp-content\/uploads\/2017\/04\/OR_8026-1320x854.jpg 1320w, https:\/\/www.salzburgerland.com\/de\/magazin\/wp-content\/uploads\/2017\/04\/OR_8026.jpg 1600w\" \/><img decoding=\"async\" alt=\"\u00c4lterer Mann mit Hut holt mit der Hand Wasser aus einer Steinquelle in einer \u00fcppigen, gr\u00fcnen Umgebung.\" src=\"https:\/\/www.salzburgerland.com\/de\/magazin\/wp-content\/uploads\/2017\/04\/OR_8026.jpg\" \/>\t<\/picture><\/a><\/figure><\/div><div class=\"col-6 col-sm-4\"><figure><a class=\"thumb-container\" href=\"https:\/\/www.salzburgerland.com\/de\/magazin\/wp-content\/uploads\/2017\/04\/OR_8022-1280x1024.jpg\">\t<picture><source media=\"(min-width: 576px)\" srcset=\"https:\/\/www.salzburgerland.com\/de\/magazin\/wp-content\/uploads\/2017\/04\/OR_8022-325x209.jpg 325w, https:\/\/www.salzburgerland.com\/de\/magazin\/wp-content\/uploads\/2017\/04\/OR_8022-249x160.jpg 249w\" \/><source media=\"(min-width: 0)\" srcset=\"https:\/\/www.salzburgerland.com\/de\/magazin\/wp-content\/uploads\/2017\/04\/OR_8022-249x160.jpg 249w, https:\/\/www.salzburgerland.com\/de\/magazin\/wp-content\/uploads\/2017\/04\/OR_8022-325x209.jpg 325w\" \/><img decoding=\"async\" alt=\"Eine Hand, die ein klares Glas Wasser im Freien h\u00e4lt, mit einem verschwommenen gr\u00fcnen und gelben Hintergrund.\" src=\"https:\/\/www.salzburgerland.com\/de\/magazin\/wp-content\/uploads\/2017\/04\/OR_8022.jpg\" \/>\t<\/picture><\/a><\/figure><\/div><\/div><\/div><figcaption><\/figcaption>\n<p>&nbsp;<\/p>\n<p>alle Bilder: (c)<a href=\"http:\/\/www.wildbild.at\" target=\"_blank\" rel=\"noopener noreferrer\">wildbild<\/a><\/p>\n","protected":false},"excerpt":{"rendered":"<p>Sepp Forcher ist einer der kultigsten Fernsehmoderatoren in \u00d6sterreich und ein profunder Kenner der \u00f6sterreichischen Berg- und Seenlandschaft. Wir treffen ihn zu einem Spaziergang und lernen dabei spannende Geschichten rund um das Thema Wasser&nbsp;kennen. Da gilt es zun\u00e4chst einmal die vielen offenen Trinkbrunnen im SalzburgerLand zu entdecken. Einer davon steht gleich ums Eck von Sepp [&hellip;]<\/p>\n","protected":false},"author":70,"featured_media":114387,"comment_status":"open","ping_status":"open","sticky":false,"template":"","format":"standard","meta":{"_acf_changed":false,"wl_entities_gutenberg":"","_wl_entity_redirect_enabled":"","footnotes":""},"categories":[7551],"tags":[],"wl_entity_type":[306],"monatsauswahl":[82,83,84,85,86,87,88,89,90,91,92,93],"class_list":["post-114380","post","type-post","status-publish","format-standard","has-post-thumbnail","hentry","category-archiv","wl_entity_type-article","monatsauswahl-monat_1","monatsauswahl-monat_2","monatsauswahl-monat_3","monatsauswahl-monat_4","monatsauswahl-monat_5","monatsauswahl-monat_6","monatsauswahl-monat_7","monatsauswahl-monat_8","monatsauswahl-monat_9","monatsauswahl-monat_10","monatsauswahl-monat_11","monatsauswahl-monat_12"],"acf":[],"yoast_head":"<!-- This site is optimized with the Yoast SEO Premium plugin v27.4 (Yoast SEO v27.4) - https:\/\/yoast.com\/product\/yoast-seo-premium-wordpress\/ -->\n<title>Auf Wasserentdeckungsreise mit Sepp Forcher - SalzburgerLand Magazin<\/title>\n<meta name=\"description\" content=\"Sepp Forcher ist einer der kultigsten Fernsehmoderatoren in \u00d6sterreich und ein profunder Kenner der \u00f6sterreichischen Berg- und Seenlandschaft. Wir treffen ihn zu einem Spaziergang und lernen dabei spannende Geschichten rund um das Thema Wasser&nbsp;kennen. Da gilt es zun\u00e4chst einmal die vielen offenen Trinkbrunnen im SalzburgerLand zu entdecken. Einer davon steht gleich ums Eck von Sepp [&hellip;]\" \/>\n<meta name=\"robots\" content=\"noindex, nofollow\" \/>\n<meta property=\"og:locale\" content=\"de_DE\" \/>\n<meta property=\"og:type\" content=\"article\" \/>\n<meta property=\"og:title\" content=\"Auf Wasserentdeckungsreise mit Sepp Forcher\" \/>\n<meta property=\"og:description\" content=\"Sepp Forcher ist einer der kultigsten Fernsehmoderatoren in \u00d6sterreich und ein profunder Kenner der \u00f6sterreichischen Berg- und Seenlandschaft. Wir treffen ihn zu einem Spaziergang und lernen dabei spannende Geschichten rund um das Thema Wasser&nbsp;kennen. Da gilt es zun\u00e4chst einmal die vielen offenen Trinkbrunnen im SalzburgerLand zu entdecken. Einer davon steht gleich ums Eck von Sepp [&hellip;]\" \/>\n<meta property=\"og:url\" content=\"https:\/\/www.salzburgerland.com\/de\/magazin\/auf-wasserentdeckungsreise-mit-sepp-forcher\/\" \/>\n<meta property=\"og:site_name\" content=\"SalzburgerLand Magazin\" \/>\n<meta property=\"article:publisher\" content=\"https:\/\/www.facebook.com\/salzburgerland\/\" \/>\n<meta property=\"article:published_time\" content=\"2017-04-26T12:00:09+00:00\" \/>\n<meta property=\"article:modified_time\" content=\"2023-06-22T06:41:47+00:00\" \/>\n<meta property=\"og:image\" content=\"https:\/\/www.salzburgerland.com\/de\/magazin\/wp-content\/uploads\/2017\/04\/OR_8030.jpg\" \/>\n\t<meta property=\"og:image:width\" content=\"1600\" \/>\n\t<meta property=\"og:image:height\" content=\"1067\" \/>\n\t<meta property=\"og:image:type\" content=\"image\/jpeg\" \/>\n<meta name=\"author\" content=\"Doris Wild\" \/>\n<meta name=\"twitter:card\" content=\"summary_large_image\" \/>\n<meta name=\"twitter:creator\" content=\"@Salzburgerland\" \/>\n<meta name=\"twitter:site\" content=\"@Salzburgerland\" \/>\n<meta name=\"twitter:label1\" content=\"Verfasst von\" \/>\n\t<meta name=\"twitter:data1\" content=\"Doris Wild\" \/>\n\t<meta name=\"twitter:label2\" content=\"Gesch\u00e4tzte Lesezeit\" \/>\n\t<meta name=\"twitter:data2\" content=\"3\u00a0Minuten\" \/>\n<script type=\"application\/ld+json\" class=\"yoast-schema-graph\">{\"@context\":\"https:\\\/\\\/schema.org\",\"@graph\":[{\"@type\":\"Article\",\"@id\":\"https:\\\/\\\/www.salzburgerland.com\\\/de\\\/magazin\\\/auf-wasserentdeckungsreise-mit-sepp-forcher\\\/#article\",\"isPartOf\":{\"@id\":\"https:\\\/\\\/www.salzburgerland.com\\\/de\\\/magazin\\\/auf-wasserentdeckungsreise-mit-sepp-forcher\\\/\"},\"author\":{\"name\":\"Doris Wild\",\"@id\":\"https:\\\/\\\/www.salzburgerland.com\\\/de\\\/magazin\\\/#\\\/schema\\\/person\\\/3c02fe460374aa9e0ef912270ae0b92c\"},\"headline\":\"Auf Wasserentdeckungsreise mit Sepp Forcher\",\"datePublished\":\"2017-04-26T12:00:09+00:00\",\"dateModified\":\"2023-06-22T06:41:47+00:00\",\"mainEntityOfPage\":{\"@id\":\"https:\\\/\\\/www.salzburgerland.com\\\/de\\\/magazin\\\/auf-wasserentdeckungsreise-mit-sepp-forcher\\\/\"},\"wordCount\":536,\"commentCount\":0,\"publisher\":{\"@id\":\"https:\\\/\\\/www.salzburgerland.com\\\/de\\\/magazin\\\/#organization\"},\"image\":{\"@id\":\"https:\\\/\\\/www.salzburgerland.com\\\/de\\\/magazin\\\/auf-wasserentdeckungsreise-mit-sepp-forcher\\\/#primaryimage\"},\"thumbnailUrl\":\"https:\\\/\\\/www.salzburgerland.com\\\/de\\\/magazin\\\/wp-content\\\/uploads\\\/2017\\\/04\\\/OR_8030.jpg\",\"articleSection\":[\"Archiv\"],\"inLanguage\":\"de\",\"potentialAction\":[{\"@type\":\"CommentAction\",\"name\":\"Comment\",\"target\":[\"https:\\\/\\\/www.salzburgerland.com\\\/de\\\/magazin\\\/auf-wasserentdeckungsreise-mit-sepp-forcher\\\/#respond\"]}]},{\"@type\":\"WebPage\",\"@id\":\"https:\\\/\\\/www.salzburgerland.com\\\/de\\\/magazin\\\/auf-wasserentdeckungsreise-mit-sepp-forcher\\\/\",\"url\":\"https:\\\/\\\/www.salzburgerland.com\\\/de\\\/magazin\\\/auf-wasserentdeckungsreise-mit-sepp-forcher\\\/\",\"name\":\"Auf Wasserentdeckungsreise mit Sepp Forcher - SalzburgerLand Magazin\",\"isPartOf\":{\"@id\":\"https:\\\/\\\/www.salzburgerland.com\\\/de\\\/magazin\\\/#website\"},\"primaryImageOfPage\":{\"@id\":\"https:\\\/\\\/www.salzburgerland.com\\\/de\\\/magazin\\\/auf-wasserentdeckungsreise-mit-sepp-forcher\\\/#primaryimage\"},\"image\":{\"@id\":\"https:\\\/\\\/www.salzburgerland.com\\\/de\\\/magazin\\\/auf-wasserentdeckungsreise-mit-sepp-forcher\\\/#primaryimage\"},\"thumbnailUrl\":\"https:\\\/\\\/www.salzburgerland.com\\\/de\\\/magazin\\\/wp-content\\\/uploads\\\/2017\\\/04\\\/OR_8030.jpg\",\"datePublished\":\"2017-04-26T12:00:09+00:00\",\"dateModified\":\"2023-06-22T06:41:47+00:00\",\"breadcrumb\":{\"@id\":\"https:\\\/\\\/www.salzburgerland.com\\\/de\\\/magazin\\\/auf-wasserentdeckungsreise-mit-sepp-forcher\\\/#breadcrumb\"},\"inLanguage\":\"de\",\"potentialAction\":[{\"@type\":\"ReadAction\",\"target\":[\"https:\\\/\\\/www.salzburgerland.com\\\/de\\\/magazin\\\/auf-wasserentdeckungsreise-mit-sepp-forcher\\\/\"]}]},{\"@type\":\"ImageObject\",\"inLanguage\":\"de\",\"@id\":\"https:\\\/\\\/www.salzburgerland.com\\\/de\\\/magazin\\\/auf-wasserentdeckungsreise-mit-sepp-forcher\\\/#primaryimage\",\"url\":\"https:\\\/\\\/www.salzburgerland.com\\\/de\\\/magazin\\\/wp-content\\\/uploads\\\/2017\\\/04\\\/OR_8030.jpg\",\"contentUrl\":\"https:\\\/\\\/www.salzburgerland.com\\\/de\\\/magazin\\\/wp-content\\\/uploads\\\/2017\\\/04\\\/OR_8030.jpg\",\"width\":1600,\"height\":1067,\"caption\":\"Eine Hand, die Wasser auff\u00e4ngt, das \u00fcber einen moosbewachsenen Steinvorsprung in einen klaren Bach flie\u00dft.\"},{\"@type\":\"BreadcrumbList\",\"@id\":\"https:\\\/\\\/www.salzburgerland.com\\\/de\\\/magazin\\\/auf-wasserentdeckungsreise-mit-sepp-forcher\\\/#breadcrumb\",\"itemListElement\":[{\"@type\":\"ListItem\",\"position\":1,\"name\":\"Startseite\",\"item\":\"https:\\\/\\\/www.salzburgerland.com\\\/de\\\/magazin\\\/\"},{\"@type\":\"ListItem\",\"position\":2,\"name\":\"Archiv\",\"item\":\"https:\\\/\\\/www.salzburgerland.com\\\/de\\\/magazin\\\/thema\\\/archiv\\\/\"},{\"@type\":\"ListItem\",\"position\":3,\"name\":\"Auf Wasserentdeckungsreise mit Sepp Forcher\"}]},{\"@type\":\"WebSite\",\"@id\":\"https:\\\/\\\/www.salzburgerland.com\\\/de\\\/magazin\\\/#website\",\"url\":\"https:\\\/\\\/www.salzburgerland.com\\\/de\\\/magazin\\\/\",\"name\":\"SalzburgerLand Magazin\",\"description\":\"Geschichten und Interessantes aus dem SalzburgerLand\",\"publisher\":{\"@id\":\"https:\\\/\\\/www.salzburgerland.com\\\/de\\\/magazin\\\/#organization\"},\"potentialAction\":[{\"@type\":\"SearchAction\",\"target\":{\"@type\":\"EntryPoint\",\"urlTemplate\":\"https:\\\/\\\/www.salzburgerland.com\\\/de\\\/magazin\\\/?s={search_term_string}\"},\"query-input\":{\"@type\":\"PropertyValueSpecification\",\"valueRequired\":true,\"valueName\":\"search_term_string\"}}],\"inLanguage\":\"de\"},{\"@type\":\"Organization\",\"@id\":\"https:\\\/\\\/www.salzburgerland.com\\\/de\\\/magazin\\\/#organization\",\"name\":\"SalzburgerLand Tourismus\",\"url\":\"https:\\\/\\\/www.salzburgerland.com\\\/de\\\/magazin\\\/\",\"logo\":{\"@type\":\"ImageObject\",\"inLanguage\":\"de\",\"@id\":\"https:\\\/\\\/www.salzburgerland.com\\\/de\\\/magazin\\\/#\\\/schema\\\/logo\\\/image\\\/\",\"url\":\"https:\\\/\\\/www.salzburgerland.com\\\/de\\\/magazin\\\/wp-content\\\/uploads\\\/2019\\\/06\\\/salzburgerland-logo1.jpg\",\"contentUrl\":\"https:\\\/\\\/www.salzburgerland.com\\\/de\\\/magazin\\\/wp-content\\\/uploads\\\/2019\\\/06\\\/salzburgerland-logo1.jpg\",\"width\":2011,\"height\":866,\"caption\":\"SalzburgerLand Tourismus\"},\"image\":{\"@id\":\"https:\\\/\\\/www.salzburgerland.com\\\/de\\\/magazin\\\/#\\\/schema\\\/logo\\\/image\\\/\"},\"sameAs\":[\"https:\\\/\\\/www.facebook.com\\\/salzburgerland\\\/\",\"https:\\\/\\\/x.com\\\/Salzburgerland\",\"https:\\\/\\\/www.instagram.com\\\/salzburgerland\\\/\",\"https:\\\/\\\/at.linkedin.com\\\/company\\\/salzburgerland-tourismus-gmbh\",\"https:\\\/\\\/www.pinterest.at\\\/salzburgerland\\\/\",\"https:\\\/\\\/www.youtube.com\\\/user\\\/salzburgerland\",\"https:\\\/\\\/de.wikipedia.org\\\/wiki\\\/SalzburgerLand_Tourismus_GmbH\"]},{\"@type\":\"Person\",\"@id\":\"https:\\\/\\\/www.salzburgerland.com\\\/de\\\/magazin\\\/#\\\/schema\\\/person\\\/3c02fe460374aa9e0ef912270ae0b92c\",\"name\":\"Doris Wild\",\"description\":\"Doris Wild ist Eventfotografin und Societyjournalistin und hat jetzt mit ihrer Agentur auch den Videojournalismus als zus\u00e4tzliches Standbein entdeckt. Nach 20 Jahren tagesaktueller Berichterstattung sind Blicke hinter die Kulissen der Event-Society und Modewelt die logische Konsequenz. Fragen mit Antworten von Doris Wild Morgen- oder Abendmensch? Vor 8.00 fr\u00fch holt mich nicht einmal der tollste Sonnenaufgang aus den Federn. Dass Fotografen die Morgensonne nutzen sollten \u2013 mag sein. Events finden selten im weichen Morgenlicht statt. Und zur blauen Stunde mache ich die besten Bilder. Weltliteratur oder Tratsch &amp; Klatsch? Man kann das kombinieren. Im Urlaub mal den dicken Schm\u00f6ker, in den Kaffeepausen die Regenbogenzeitschriften. Man muss schlie\u00dflich am Laufenden bleiben, um die Prinzessinnen und Medienstars zu erkennen, wenn sie im Salzburgerland urlauben. Kr\u00e4utertee oder Zirbenschnaps? Ich bin Antialkoholikerin und steh dazu. Ist als Societyfotografin wahrscheinlich die einzige M\u00f6glichkeit zu \u00fcberleben. Golfplatz oder Klettergarten? Klettergarten nat\u00fcrlich. Ich brauch Action. Funsport ist meine Devise! Am besten t\u00e4glich was Neues. Der Herausforderung Golf stelle ich mich sp\u00e4ter. Viel sp\u00e4ter. Dirndl oder Bustierkleid? Jetzt reicht\u00b4s aber. Wie wenn man sich so einfach entscheiden k\u00f6nnte! Mit drei \u00fcbervollen Kleiderschr\u00e4nken und der Ambition sich t\u00e4glich modisch neu zu erfinden, lassen sich diese Fragen nicht beantworten. Das ist anlass- und stimmungsbezogen unterschiedlich. Und \u00fcberhaupt: Auf Kleider steh ich nicht so. Also im Zweifelsfall: Lederhose mit Sneakers. Ausstellung oder Bergpanorama? Das seh ich ganz pragmatisch. Ich komme dort hin, wo mich meine Auftr\u00e4ge hinf\u00fchren. Das ist heute die Vernissage und morgen der Berggipfel. Genau das macht meinen Beruf so spannend und t\u00e4glich anders. Ich will alles.\",\"url\":\"https:\\\/\\\/www.salzburgerland.com\\\/de\\\/magazin\\\/author\\\/doris-wild\\\/\"}]}<\/script>\n<!-- \/ Yoast SEO Premium plugin. -->","yoast_head_json":{"title":"Auf Wasserentdeckungsreise mit Sepp Forcher - SalzburgerLand Magazin","description":"Sepp Forcher ist einer der kultigsten Fernsehmoderatoren in \u00d6sterreich und ein profunder Kenner der \u00f6sterreichischen Berg- und Seenlandschaft. Wir treffen ihn zu einem Spaziergang und lernen dabei spannende Geschichten rund um das Thema Wasser&nbsp;kennen. Da gilt es zun\u00e4chst einmal die vielen offenen Trinkbrunnen im SalzburgerLand zu entdecken. Einer davon steht gleich ums Eck von Sepp [&hellip;]","robots":{"index":"noindex","follow":"nofollow"},"og_locale":"de_DE","og_type":"article","og_title":"Auf Wasserentdeckungsreise mit Sepp Forcher","og_description":"Sepp Forcher ist einer der kultigsten Fernsehmoderatoren in \u00d6sterreich und ein profunder Kenner der \u00f6sterreichischen Berg- und Seenlandschaft. Wir treffen ihn zu einem Spaziergang und lernen dabei spannende Geschichten rund um das Thema Wasser&nbsp;kennen. Da gilt es zun\u00e4chst einmal die vielen offenen Trinkbrunnen im SalzburgerLand zu entdecken. Einer davon steht gleich ums Eck von Sepp [&hellip;]","og_url":"https:\/\/www.salzburgerland.com\/de\/magazin\/auf-wasserentdeckungsreise-mit-sepp-forcher\/","og_site_name":"SalzburgerLand Magazin","article_publisher":"https:\/\/www.facebook.com\/salzburgerland\/","article_published_time":"2017-04-26T12:00:09+00:00","article_modified_time":"2023-06-22T06:41:47+00:00","og_image":[{"width":1600,"height":1067,"url":"https:\/\/www.salzburgerland.com\/de\/magazin\/wp-content\/uploads\/2017\/04\/OR_8030.jpg","type":"image\/jpeg"}],"author":"Doris Wild","twitter_card":"summary_large_image","twitter_creator":"@Salzburgerland","twitter_site":"@Salzburgerland","twitter_misc":{"Verfasst von":"Doris Wild","Gesch\u00e4tzte Lesezeit":"3\u00a0Minuten"},"schema":{"@context":"https:\/\/schema.org","@graph":[{"@type":"Article","@id":"https:\/\/www.salzburgerland.com\/de\/magazin\/auf-wasserentdeckungsreise-mit-sepp-forcher\/#article","isPartOf":{"@id":"https:\/\/www.salzburgerland.com\/de\/magazin\/auf-wasserentdeckungsreise-mit-sepp-forcher\/"},"author":{"name":"Doris Wild","@id":"https:\/\/www.salzburgerland.com\/de\/magazin\/#\/schema\/person\/3c02fe460374aa9e0ef912270ae0b92c"},"headline":"Auf Wasserentdeckungsreise mit Sepp Forcher","datePublished":"2017-04-26T12:00:09+00:00","dateModified":"2023-06-22T06:41:47+00:00","mainEntityOfPage":{"@id":"https:\/\/www.salzburgerland.com\/de\/magazin\/auf-wasserentdeckungsreise-mit-sepp-forcher\/"},"wordCount":536,"commentCount":0,"publisher":{"@id":"https:\/\/www.salzburgerland.com\/de\/magazin\/#organization"},"image":{"@id":"https:\/\/www.salzburgerland.com\/de\/magazin\/auf-wasserentdeckungsreise-mit-sepp-forcher\/#primaryimage"},"thumbnailUrl":"https:\/\/www.salzburgerland.com\/de\/magazin\/wp-content\/uploads\/2017\/04\/OR_8030.jpg","articleSection":["Archiv"],"inLanguage":"de","potentialAction":[{"@type":"CommentAction","name":"Comment","target":["https:\/\/www.salzburgerland.com\/de\/magazin\/auf-wasserentdeckungsreise-mit-sepp-forcher\/#respond"]}]},{"@type":"WebPage","@id":"https:\/\/www.salzburgerland.com\/de\/magazin\/auf-wasserentdeckungsreise-mit-sepp-forcher\/","url":"https:\/\/www.salzburgerland.com\/de\/magazin\/auf-wasserentdeckungsreise-mit-sepp-forcher\/","name":"Auf Wasserentdeckungsreise mit Sepp Forcher - SalzburgerLand Magazin","isPartOf":{"@id":"https:\/\/www.salzburgerland.com\/de\/magazin\/#website"},"primaryImageOfPage":{"@id":"https:\/\/www.salzburgerland.com\/de\/magazin\/auf-wasserentdeckungsreise-mit-sepp-forcher\/#primaryimage"},"image":{"@id":"https:\/\/www.salzburgerland.com\/de\/magazin\/auf-wasserentdeckungsreise-mit-sepp-forcher\/#primaryimage"},"thumbnailUrl":"https:\/\/www.salzburgerland.com\/de\/magazin\/wp-content\/uploads\/2017\/04\/OR_8030.jpg","datePublished":"2017-04-26T12:00:09+00:00","dateModified":"2023-06-22T06:41:47+00:00","breadcrumb":{"@id":"https:\/\/www.salzburgerland.com\/de\/magazin\/auf-wasserentdeckungsreise-mit-sepp-forcher\/#breadcrumb"},"inLanguage":"de","potentialAction":[{"@type":"ReadAction","target":["https:\/\/www.salzburgerland.com\/de\/magazin\/auf-wasserentdeckungsreise-mit-sepp-forcher\/"]}]},{"@type":"ImageObject","inLanguage":"de","@id":"https:\/\/www.salzburgerland.com\/de\/magazin\/auf-wasserentdeckungsreise-mit-sepp-forcher\/#primaryimage","url":"https:\/\/www.salzburgerland.com\/de\/magazin\/wp-content\/uploads\/2017\/04\/OR_8030.jpg","contentUrl":"https:\/\/www.salzburgerland.com\/de\/magazin\/wp-content\/uploads\/2017\/04\/OR_8030.jpg","width":1600,"height":1067,"caption":"Eine Hand, die Wasser auff\u00e4ngt, das \u00fcber einen moosbewachsenen Steinvorsprung in einen klaren Bach flie\u00dft."},{"@type":"BreadcrumbList","@id":"https:\/\/www.salzburgerland.com\/de\/magazin\/auf-wasserentdeckungsreise-mit-sepp-forcher\/#breadcrumb","itemListElement":[{"@type":"ListItem","position":1,"name":"Startseite","item":"https:\/\/www.salzburgerland.com\/de\/magazin\/"},{"@type":"ListItem","position":2,"name":"Archiv","item":"https:\/\/www.salzburgerland.com\/de\/magazin\/thema\/archiv\/"},{"@type":"ListItem","position":3,"name":"Auf Wasserentdeckungsreise mit Sepp Forcher"}]},{"@type":"WebSite","@id":"https:\/\/www.salzburgerland.com\/de\/magazin\/#website","url":"https:\/\/www.salzburgerland.com\/de\/magazin\/","name":"SalzburgerLand Magazin","description":"Geschichten und Interessantes aus dem SalzburgerLand","publisher":{"@id":"https:\/\/www.salzburgerland.com\/de\/magazin\/#organization"},"potentialAction":[{"@type":"SearchAction","target":{"@type":"EntryPoint","urlTemplate":"https:\/\/www.salzburgerland.com\/de\/magazin\/?s={search_term_string}"},"query-input":{"@type":"PropertyValueSpecification","valueRequired":true,"valueName":"search_term_string"}}],"inLanguage":"de"},{"@type":"Organization","@id":"https:\/\/www.salzburgerland.com\/de\/magazin\/#organization","name":"SalzburgerLand Tourismus","url":"https:\/\/www.salzburgerland.com\/de\/magazin\/","logo":{"@type":"ImageObject","inLanguage":"de","@id":"https:\/\/www.salzburgerland.com\/de\/magazin\/#\/schema\/logo\/image\/","url":"https:\/\/www.salzburgerland.com\/de\/magazin\/wp-content\/uploads\/2019\/06\/salzburgerland-logo1.jpg","contentUrl":"https:\/\/www.salzburgerland.com\/de\/magazin\/wp-content\/uploads\/2019\/06\/salzburgerland-logo1.jpg","width":2011,"height":866,"caption":"SalzburgerLand Tourismus"},"image":{"@id":"https:\/\/www.salzburgerland.com\/de\/magazin\/#\/schema\/logo\/image\/"},"sameAs":["https:\/\/www.facebook.com\/salzburgerland\/","https:\/\/x.com\/Salzburgerland","https:\/\/www.instagram.com\/salzburgerland\/","https:\/\/at.linkedin.com\/company\/salzburgerland-tourismus-gmbh","https:\/\/www.pinterest.at\/salzburgerland\/","https:\/\/www.youtube.com\/user\/salzburgerland","https:\/\/de.wikipedia.org\/wiki\/SalzburgerLand_Tourismus_GmbH"]},{"@type":"Person","@id":"https:\/\/www.salzburgerland.com\/de\/magazin\/#\/schema\/person\/3c02fe460374aa9e0ef912270ae0b92c","name":"Doris Wild","description":"Doris Wild ist Eventfotografin und Societyjournalistin und hat jetzt mit ihrer Agentur auch den Videojournalismus als zus\u00e4tzliches Standbein entdeckt. Nach 20 Jahren tagesaktueller Berichterstattung sind Blicke hinter die Kulissen der Event-Society und Modewelt die logische Konsequenz. Fragen mit Antworten von Doris Wild Morgen- oder Abendmensch? Vor 8.00 fr\u00fch holt mich nicht einmal der tollste Sonnenaufgang aus den Federn. Dass Fotografen die Morgensonne nutzen sollten \u2013 mag sein. Events finden selten im weichen Morgenlicht statt. Und zur blauen Stunde mache ich die besten Bilder. Weltliteratur oder Tratsch &amp; Klatsch? Man kann das kombinieren. Im Urlaub mal den dicken Schm\u00f6ker, in den Kaffeepausen die Regenbogenzeitschriften. Man muss schlie\u00dflich am Laufenden bleiben, um die Prinzessinnen und Medienstars zu erkennen, wenn sie im Salzburgerland urlauben. Kr\u00e4utertee oder Zirbenschnaps? Ich bin Antialkoholikerin und steh dazu. Ist als Societyfotografin wahrscheinlich die einzige M\u00f6glichkeit zu \u00fcberleben. Golfplatz oder Klettergarten? Klettergarten nat\u00fcrlich. Ich brauch Action. Funsport ist meine Devise! Am besten t\u00e4glich was Neues. Der Herausforderung Golf stelle ich mich sp\u00e4ter. Viel sp\u00e4ter. Dirndl oder Bustierkleid? Jetzt reicht\u00b4s aber. Wie wenn man sich so einfach entscheiden k\u00f6nnte! Mit drei \u00fcbervollen Kleiderschr\u00e4nken und der Ambition sich t\u00e4glich modisch neu zu erfinden, lassen sich diese Fragen nicht beantworten. Das ist anlass- und stimmungsbezogen unterschiedlich. Und \u00fcberhaupt: Auf Kleider steh ich nicht so. Also im Zweifelsfall: Lederhose mit Sneakers. Ausstellung oder Bergpanorama? Das seh ich ganz pragmatisch. Ich komme dort hin, wo mich meine Auftr\u00e4ge hinf\u00fchren. Das ist heute die Vernissage und morgen der Berggipfel. Genau das macht meinen Beruf so spannend und t\u00e4glich anders. Ich will alles.","url":"https:\/\/www.salzburgerland.com\/de\/magazin\/author\/doris-wild\/"}]}},"_wl_alt_label":[],"wl:entity_url":"http:\/\/open.salzburgerland.com\/magazin\/post\/auf_wasserentdeckungsreise_mit_sepp_forcher","_links":{"self":[{"href":"https:\/\/www.salzburgerland.com\/de\/magazin\/wp-json\/wp\/v2\/posts\/114380","targetHints":{"allow":["GET"]}}],"collection":[{"href":"https:\/\/www.salzburgerland.com\/de\/magazin\/wp-json\/wp\/v2\/posts"}],"about":[{"href":"https:\/\/www.salzburgerland.com\/de\/magazin\/wp-json\/wp\/v2\/types\/post"}],"author":[{"embeddable":true,"href":"https:\/\/www.salzburgerland.com\/de\/magazin\/wp-json\/wp\/v2\/users\/70"}],"replies":[{"embeddable":true,"href":"https:\/\/www.salzburgerland.com\/de\/magazin\/wp-json\/wp\/v2\/comments?post=114380"}],"version-history":[{"count":1,"href":"https:\/\/www.salzburgerland.com\/de\/magazin\/wp-json\/wp\/v2\/posts\/114380\/revisions"}],"predecessor-version":[{"id":168990,"href":"https:\/\/www.salzburgerland.com\/de\/magazin\/wp-json\/wp\/v2\/posts\/114380\/revisions\/168990"}],"wp:featuredmedia":[{"embeddable":true,"href":"https:\/\/www.salzburgerland.com\/de\/magazin\/wp-json\/wp\/v2\/media\/114387"}],"wp:attachment":[{"href":"https:\/\/www.salzburgerland.com\/de\/magazin\/wp-json\/wp\/v2\/media?parent=114380"}],"wp:term":[{"taxonomy":"category","embeddable":true,"href":"https:\/\/www.salzburgerland.com\/de\/magazin\/wp-json\/wp\/v2\/categories?post=114380"},{"taxonomy":"post_tag","embeddable":true,"href":"https:\/\/www.salzburgerland.com\/de\/magazin\/wp-json\/wp\/v2\/tags?post=114380"},{"taxonomy":"wl_entity_type","embeddable":true,"href":"https:\/\/www.salzburgerland.com\/de\/magazin\/wp-json\/wp\/v2\/wl_entity_type?post=114380"},{"taxonomy":"monatsauswahl","embeddable":true,"href":"https:\/\/www.salzburgerland.com\/de\/magazin\/wp-json\/wp\/v2\/monatsauswahl?post=114380"}],"curies":[{"name":"wp","href":"https:\/\/api.w.org\/{rel}","templated":true}]}}