{"id":113135,"date":"2017-04-06T08:08:30","date_gmt":"2017-04-06T06:08:30","guid":{"rendered":"https:\/\/www.salzburgerland.com\/de\/magazin\/?p=113135"},"modified":"2023-06-22T08:43:47","modified_gmt":"2023-06-22T06:43:47","slug":"bramberger-kristalltage-2017","status":"publish","type":"post","link":"https:\/\/www.salzburgerland.com\/de\/magazin\/bramberger-kristalltage-2017\/","title":{"rendered":"Bramberger Kristalltage 2017"},"content":{"rendered":"<p><strong>Vom 28. bis 30. April 2017 wird <a href=\"https:\/\/www.wildkogel-arena.at\/\" target=\"_blank\" rel=\"noopener\">Bramberg<\/a> im Oberpinzgau zum Hotspot der Mineraliensucher und Freunde der edlen Bodensch\u00e4tze. Die sch\u00f6nsten und wertvollsten Fundst\u00fccke des letzten Jahres werden bei den Bramberger Kristalltagen der \u00d6ffentlichkeit pr\u00e4sentiert. Highlight der diesj\u00e4hrigen Mineralienschau ist definitiv das noch nie gezeigte Smaragdkreuz aus dem Stift St. Peter.<\/strong><\/p>\n<p>Funkelnde Sch\u00e4tze sind in den Felsspalten der Alpen versteckt. Die \u201eStoasuacha\u201c, wie die Steinsucher und Mineraliensammler im SalzburgerLand genannt werden, sind diesen wertvollen Kristallen und Mineralien seit vielen Jahren auf der Spur. Ihr Jagdgebiet sind steile Ger\u00f6llhalden, schwindelerregende Felsw\u00e4nde, pfadloses Gel\u00e4nde nahe der Gletscherzungen oder ausgesetzte Steige. Einfach und ungef\u00e4hrlich ist ihre Arbeit nie, und doch sind die \u201eStoasuacha\u201c Jahr f\u00fcr Jahr voller Leidenschaft und Tatendrang unterwegs, um die glitzernden Sch\u00e4tze der Alpen zu entdecken.<\/p>\n<p>Das Steinsuchen hat im Land Salzburg eine sehr lange Geschichte, denn Kristallsucher kannte man bereits in der R\u00f6merzeit. Auch Legenden wie die \u201eVenedigermandl\u201c erz\u00e4hlen von fremden Erz- und Mineraliensuchern, die wertvolle Kristalle aus den Alpen nach Venedig in die Glasmanufakturen trugen. Das Mineraliensuchen ist ein tief verwurzelter Teil der Volkskultur und dient heute auch wichtigen Forschungszwecken.<\/p>\n<figure id=\"attachment_113138\" aria-describedby=\"caption-attachment-113138\" style=\"width: 650px\" class=\"wp-caption alignnone\"><a href=\"https:\/\/www.salzburgerland.com\/de\/magazin\/wp-content\/uploads\/2017\/02\/AchacherLoidl-3.jpg\"><img loading=\"lazy\" decoding=\"async\" class=\"size-singlePost wp-image-113138\" src=\"https:\/\/www.salzburgerland.com\/de\/magazin\/wp-content\/uploads\/2017\/02\/AchacherLoidl-3-650x435.jpg\" alt=\"Gerhard Aschacher ist ein strahlender Finder.\" width=\"650\" height=\"435\"><\/a><figcaption id=\"caption-attachment-113138\" class=\"wp-caption-text\">c Michael Loidl. Gerhard Aschacher ist ein strahlender Finder.<\/figcaption><\/figure>\n<h3>Schatzkammer Nationalpark Hohe Tauern<\/h3>\n<p>Erwin Burgsteiner aus Bramberg ist Salzburger Landesobmann der \u201eVereinigten Mineraliensammler \u00d6sterreichs\u201c und einer der Steinsucher der Wildkogel-Arena. Seit 27 Jahren veranstaltet er im Gasthof Senninger die Bramberger Kristalltage &#8211; eine Art Leistungsschau der heimischen Stoasucher. Er verr\u00e4t: \u201eWir haben eine gut funktionierende Partnerschaft mit dem <a href=\"https:\/\/www.nationalpark.at\/\" target=\"_blank\" rel=\"noopener\">Nationalpark Hohe Tauern<\/a> und sind als wissenschaftliche Mitarbeiter mit einer Ausnahmegenehmigung auch in der Kernzone unterwegs. Jeder Fund wird gemeldet und dokumentiert und jede Bodenverwundung durch die Suche weitgehend vermieden oder renaturiert. Die Mineraliensuche ist uns unter der Auflage, j\u00e4hrlich unsere Funde wissenschaftlich zu dokumentieren, und der \u00d6ffentlichkeit zu pr\u00e4sentieren, erlaubt.\u201c<\/p>\n<div class=\"mag-gallery\"><div class=\"row\"><div class=\"col-6 col-sm-4\"><figure><a class=\"thumb-container\" href=\"https:\/\/www.salzburgerland.com\/de\/magazin\/wp-content\/uploads\/2017\/02\/Schader-Helmut-Steinbeil-1280x1024.jpg\">\t<picture><source media=\"(min-width: 576px)\" srcset=\"https:\/\/www.salzburgerland.com\/de\/magazin\/wp-content\/uploads\/2017\/02\/Schader-Helmut-Steinbeil-325x209.jpg 325w, https:\/\/www.salzburgerland.com\/de\/magazin\/wp-content\/uploads\/2017\/02\/Schader-Helmut-Steinbeil-249x160.jpg 249w\" \/><source media=\"(min-width: 0)\" srcset=\"https:\/\/www.salzburgerland.com\/de\/magazin\/wp-content\/uploads\/2017\/02\/Schader-Helmut-Steinbeil-249x160.jpg 249w, https:\/\/www.salzburgerland.com\/de\/magazin\/wp-content\/uploads\/2017\/02\/Schader-Helmut-Steinbeil-325x209.jpg 325w\" \/><img decoding=\"async\" alt=\"Herbert Schader aus Traunstein pr\u00e4sentiert sein Bergkristallbeil.\" src=\"https:\/\/www.salzburgerland.com\/de\/magazin\/wp-content\/uploads\/2017\/02\/Schader-Helmut-Steinbeil.jpg\" \/>\t<\/picture><\/a><\/figure><\/div><div class=\"col-6 col-sm-4\"><figure><a class=\"thumb-container\" href=\"https:\/\/www.salzburgerland.com\/de\/magazin\/wp-content\/uploads\/2017\/02\/Milgramer-026-1280x1024.jpg\">\t<picture><source media=\"(min-width: 576px)\" srcset=\"https:\/\/www.salzburgerland.com\/de\/magazin\/wp-content\/uploads\/2017\/02\/Milgramer-026-325x209.jpg 325w, https:\/\/www.salzburgerland.com\/de\/magazin\/wp-content\/uploads\/2017\/02\/Milgramer-026-249x160.jpg 249w\" \/><source media=\"(min-width: 0)\" srcset=\"https:\/\/www.salzburgerland.com\/de\/magazin\/wp-content\/uploads\/2017\/02\/Milgramer-026-249x160.jpg 249w, https:\/\/www.salzburgerland.com\/de\/magazin\/wp-content\/uploads\/2017\/02\/Milgramer-026-325x209.jpg 325w\" \/><img decoding=\"async\" alt=\"Franz Millgramer durfte sich \u00fcber den Fund dieser wunderbaren Bergkristallgruppe im Habachtal freuen.\" src=\"https:\/\/www.salzburgerland.com\/de\/magazin\/wp-content\/uploads\/2017\/02\/Milgramer-026.jpg\" \/>\t<\/picture><\/a><\/figure><\/div><div class=\"col-6 col-sm-4\"><figure><a class=\"thumb-container\" href=\"https:\/\/www.salzburgerland.com\/de\/magazin\/wp-content\/uploads\/2017\/02\/INFO-10-005-1280x1024.jpg\">\t<picture><source media=\"(min-width: 576px)\" srcset=\"https:\/\/www.salzburgerland.com\/de\/magazin\/wp-content\/uploads\/2017\/02\/INFO-10-005-325x209.jpg 325w, https:\/\/www.salzburgerland.com\/de\/magazin\/wp-content\/uploads\/2017\/02\/INFO-10-005-249x160.jpg 249w\" \/><source media=\"(min-width: 0)\" srcset=\"https:\/\/www.salzburgerland.com\/de\/magazin\/wp-content\/uploads\/2017\/02\/INFO-10-005-249x160.jpg 249w, https:\/\/www.salzburgerland.com\/de\/magazin\/wp-content\/uploads\/2017\/02\/INFO-10-005-325x209.jpg 325w\" \/><img decoding=\"async\" alt=\"Heli und Sepp Forcher sind interessierte G\u00e4ste bei der Mineralien-Info in Bramberg.\" src=\"https:\/\/www.salzburgerland.com\/de\/magazin\/wp-content\/uploads\/2017\/02\/INFO-10-005.jpg\" \/>\t<\/picture><\/a><\/figure><\/div><\/div><\/div><figcaption><\/figcaption>\n<h3>Erstmalige Ausstellung des Smaragdkreuzes<strong><br \/>\n<\/strong><\/h3>\n<p>Von 28. bis 30. April 2017 k\u00f6nnen daher alle Interessierten im Gasthof Senninger in Bramberg die Funde des Sommers 2016 und historische Sammlungen bei freiem Eintritt bewundern. Am Freitag und Samstag kann man sich bei zahlreichen Vortr\u00e4gen in die Faszination der Mineraliensuche entf\u00fchren lassen. Am Sonntag werden die Vorjahres-Funde ausgestellt und man kann sich von Fachleuten seine eigenen Funde bestimmen lassen. \u201eMineraliensucher und interessierte G\u00e4ste aus \u00d6sterreich, Deutschland, der Schweiz, Italien und sogar Japan beweisen, dass die Bramberger Kristalltage l\u00e4ngst internationales Ansehen genie\u00dfen. Heuer wird als Schwerpunkt die Mineraliensammlung und die T\u00e4tigkeit des Stiftes St. Peter in Salzburg im Bereich der Mineralogie in den Mittelpunkt gestellt. Als Redner bei der Er\u00f6ffnung der Mineralien-Info am Sonntag wird Erzabt Korbinian Birnbacher vom <a href=\"http:\/\/www.stift-stpeter.at\/\" target=\"_blank\" rel=\"noopener\">Stift St.Peter<\/a> nach Bramberg kommen. Er wird auch das noch nie gezeigte Smaragdkreuz, das Pektorale von 1786, des Stiftes St. Peter mitbringen und am Sonntag erstmals der \u00d6ffentlichkeit pr\u00e4sentieren. Dieses einzigartige Kreuz ist besetzt mit sieben geschliffenen Smaragden aus dem Habachtal. Als zweiten H\u00f6hepunkt zeigen wir das einzige ,steinzeitliche Bergkristallbeil\u2019, das von den Br\u00fcdern Helmut und Herbert Schader im Zillertal gefunden wurde\u201c, erz\u00e4hlt Erwin Burgsteiner, der selbst durch einen Zufallsfund vor vielen Jahren zum begeisterten \u201eStoasuacha\u201c wurde und seitdem infiziert von diesem traditionsreichen Handwerk ist.<\/p>\n<p>Wer selbst im Urlaub zum Schatzsucher werden m\u00f6chte, schlie\u00dft sich einfach der <a href=\"https:\/\/www.wildkogel-arena.at\/de\/sommerurlaub-wandern-habachtal#box747\" target=\"_blank\" rel=\"noopener\">w\u00f6chentlichen Mineralien-Exkursion<\/a> in der Wildkogelarena an. Bei dieser gef\u00fchrten Tour geht es ins smaragdreiche Habachtal \u2013 und wer wei\u00df, ob man am Ende dieser Wanderung nicht steinreich nach Hause kommt.&nbsp;<\/p>\n<p>&nbsp;Weitere <a href=\"https:\/\/www.wildkogel-arena.at\/de\/events-highlights-bramberger-kristalltage\" target=\"_blank\" rel=\"noopener\">Informationen und Programmdetails<\/a>.&nbsp;<\/p>\n","protected":false},"excerpt":{"rendered":"<p>Vom 28. bis 30. April 2017 wird Bramberg im Oberpinzgau zum Hotspot der Mineraliensucher und Freunde der edlen Bodensch\u00e4tze. Die sch\u00f6nsten und wertvollsten Fundst\u00fccke des letzten Jahres werden bei den Bramberger Kristalltagen der \u00d6ffentlichkeit pr\u00e4sentiert. Highlight der diesj\u00e4hrigen Mineralienschau ist definitiv das noch nie gezeigte Smaragdkreuz aus dem Stift St. Peter. Funkelnde Sch\u00e4tze sind in [&hellip;]<\/p>\n","protected":false},"author":11,"featured_media":113142,"comment_status":"open","ping_status":"open","sticky":false,"template":"","format":"standard","meta":{"_acf_changed":false,"wl_entities_gutenberg":"","_wl_entity_redirect_enabled":"","footnotes":""},"categories":[7551],"tags":[240],"wl_entity_type":[306],"monatsauswahl":[85],"class_list":["post-113135","post","type-post","status-publish","format-standard","has-post-thumbnail","hentry","category-archiv","tag-nationalpark","wl_entity_type-article","monatsauswahl-monat_4"],"acf":[],"yoast_head":"<!-- This site is optimized with the Yoast SEO Premium plugin v27.4 (Yoast SEO v27.4) - https:\/\/yoast.com\/product\/yoast-seo-premium-wordpress\/ -->\n<title>Bramberger Kristalltage 2017 - SalzburgerLand Magazin<\/title>\n<meta name=\"description\" content=\"Vom 28. bis 30. April 2017 wird Bramberg im Oberpinzgau zum Hotspot der Mineraliensucher und Freunde der edlen Bodensch\u00e4tze. Die sch\u00f6nsten und wertvollsten Fundst\u00fccke des letzten Jahres werden bei den Bramberger Kristalltagen der \u00d6ffentlichkeit pr\u00e4sentiert. Highlight der diesj\u00e4hrigen Mineralienschau ist definitiv das noch nie gezeigte Smaragdkreuz aus dem Stift St. Peter. Funkelnde Sch\u00e4tze sind in [&hellip;]\" \/>\n<meta name=\"robots\" content=\"noindex, nofollow\" \/>\n<meta property=\"og:locale\" content=\"de_DE\" \/>\n<meta property=\"og:type\" content=\"article\" \/>\n<meta property=\"og:title\" content=\"Bramberger Kristalltage 2017\" \/>\n<meta property=\"og:description\" content=\"Vom 28. bis 30. April 2017 wird Bramberg im Oberpinzgau zum Hotspot der Mineraliensucher und Freunde der edlen Bodensch\u00e4tze. Die sch\u00f6nsten und wertvollsten Fundst\u00fccke des letzten Jahres werden bei den Bramberger Kristalltagen der \u00d6ffentlichkeit pr\u00e4sentiert. Highlight der diesj\u00e4hrigen Mineralienschau ist definitiv das noch nie gezeigte Smaragdkreuz aus dem Stift St. Peter. Funkelnde Sch\u00e4tze sind in [&hellip;]\" \/>\n<meta property=\"og:url\" content=\"https:\/\/www.salzburgerland.com\/de\/magazin\/bramberger-kristalltage-2017\/\" \/>\n<meta property=\"og:site_name\" content=\"SalzburgerLand Magazin\" \/>\n<meta property=\"article:publisher\" content=\"https:\/\/www.facebook.com\/salzburgerland\/\" \/>\n<meta property=\"article:published_time\" content=\"2017-04-06T06:08:30+00:00\" \/>\n<meta property=\"article:modified_time\" content=\"2023-06-22T06:43:47+00:00\" \/>\n<meta property=\"og:image\" content=\"https:\/\/www.salzburgerland.com\/de\/magazin\/wp-content\/uploads\/2017\/02\/Pectorale-St-Peter.jpg\" \/>\n\t<meta property=\"og:image:width\" content=\"1600\" \/>\n\t<meta property=\"og:image:height\" content=\"1045\" \/>\n\t<meta property=\"og:image:type\" content=\"image\/jpeg\" \/>\n<meta name=\"author\" content=\"Edith Danzer\" \/>\n<meta name=\"twitter:card\" content=\"summary_large_image\" \/>\n<meta name=\"twitter:creator\" content=\"@Salzburgerland\" \/>\n<meta name=\"twitter:site\" content=\"@Salzburgerland\" \/>\n<meta name=\"twitter:label1\" content=\"Verfasst von\" \/>\n\t<meta name=\"twitter:data1\" content=\"Edith Danzer\" \/>\n\t<meta name=\"twitter:label2\" content=\"Gesch\u00e4tzte Lesezeit\" \/>\n\t<meta name=\"twitter:data2\" content=\"4\u00a0Minuten\" \/>\n<script type=\"application\/ld+json\" class=\"yoast-schema-graph\">{\"@context\":\"https:\\\/\\\/schema.org\",\"@graph\":[{\"@type\":\"Article\",\"@id\":\"https:\\\/\\\/www.salzburgerland.com\\\/de\\\/magazin\\\/bramberger-kristalltage-2017\\\/#article\",\"isPartOf\":{\"@id\":\"https:\\\/\\\/www.salzburgerland.com\\\/de\\\/magazin\\\/bramberger-kristalltage-2017\\\/\"},\"author\":{\"name\":\"Edith Danzer\",\"@id\":\"https:\\\/\\\/www.salzburgerland.com\\\/de\\\/magazin\\\/#\\\/schema\\\/person\\\/79452c699c410aa31a119426313748de\"},\"headline\":\"Bramberger Kristalltage 2017\",\"datePublished\":\"2017-04-06T06:08:30+00:00\",\"dateModified\":\"2023-06-22T06:43:47+00:00\",\"mainEntityOfPage\":{\"@id\":\"https:\\\/\\\/www.salzburgerland.com\\\/de\\\/magazin\\\/bramberger-kristalltage-2017\\\/\"},\"wordCount\":584,\"commentCount\":0,\"publisher\":{\"@id\":\"https:\\\/\\\/www.salzburgerland.com\\\/de\\\/magazin\\\/#organization\"},\"image\":{\"@id\":\"https:\\\/\\\/www.salzburgerland.com\\\/de\\\/magazin\\\/bramberger-kristalltage-2017\\\/#primaryimage\"},\"thumbnailUrl\":\"https:\\\/\\\/www.salzburgerland.com\\\/de\\\/magazin\\\/wp-content\\\/uploads\\\/2017\\\/02\\\/Pectorale-St-Peter.jpg\",\"keywords\":[\"nationalpark\"],\"articleSection\":[\"Archiv\"],\"inLanguage\":\"de\",\"potentialAction\":[{\"@type\":\"CommentAction\",\"name\":\"Comment\",\"target\":[\"https:\\\/\\\/www.salzburgerland.com\\\/de\\\/magazin\\\/bramberger-kristalltage-2017\\\/#respond\"]}]},{\"@type\":\"WebPage\",\"@id\":\"https:\\\/\\\/www.salzburgerland.com\\\/de\\\/magazin\\\/bramberger-kristalltage-2017\\\/\",\"url\":\"https:\\\/\\\/www.salzburgerland.com\\\/de\\\/magazin\\\/bramberger-kristalltage-2017\\\/\",\"name\":\"Bramberger Kristalltage 2017 - SalzburgerLand Magazin\",\"isPartOf\":{\"@id\":\"https:\\\/\\\/www.salzburgerland.com\\\/de\\\/magazin\\\/#website\"},\"primaryImageOfPage\":{\"@id\":\"https:\\\/\\\/www.salzburgerland.com\\\/de\\\/magazin\\\/bramberger-kristalltage-2017\\\/#primaryimage\"},\"image\":{\"@id\":\"https:\\\/\\\/www.salzburgerland.com\\\/de\\\/magazin\\\/bramberger-kristalltage-2017\\\/#primaryimage\"},\"thumbnailUrl\":\"https:\\\/\\\/www.salzburgerland.com\\\/de\\\/magazin\\\/wp-content\\\/uploads\\\/2017\\\/02\\\/Pectorale-St-Peter.jpg\",\"datePublished\":\"2017-04-06T06:08:30+00:00\",\"dateModified\":\"2023-06-22T06:43:47+00:00\",\"breadcrumb\":{\"@id\":\"https:\\\/\\\/www.salzburgerland.com\\\/de\\\/magazin\\\/bramberger-kristalltage-2017\\\/#breadcrumb\"},\"inLanguage\":\"de\",\"potentialAction\":[{\"@type\":\"ReadAction\",\"target\":[\"https:\\\/\\\/www.salzburgerland.com\\\/de\\\/magazin\\\/bramberger-kristalltage-2017\\\/\"]}]},{\"@type\":\"ImageObject\",\"inLanguage\":\"de\",\"@id\":\"https:\\\/\\\/www.salzburgerland.com\\\/de\\\/magazin\\\/bramberger-kristalltage-2017\\\/#primaryimage\",\"url\":\"https:\\\/\\\/www.salzburgerland.com\\\/de\\\/magazin\\\/wp-content\\\/uploads\\\/2017\\\/02\\\/Pectorale-St-Peter.jpg\",\"contentUrl\":\"https:\\\/\\\/www.salzburgerland.com\\\/de\\\/magazin\\\/wp-content\\\/uploads\\\/2017\\\/02\\\/Pectorale-St-Peter.jpg\",\"width\":1600,\"height\":1045,\"caption\":\"c Norbert Urban\\\/Archiv St. Peter. Das wundersch\u00f6ne Pectorale wird erstmals gezeigt.\"},{\"@type\":\"BreadcrumbList\",\"@id\":\"https:\\\/\\\/www.salzburgerland.com\\\/de\\\/magazin\\\/bramberger-kristalltage-2017\\\/#breadcrumb\",\"itemListElement\":[{\"@type\":\"ListItem\",\"position\":1,\"name\":\"Startseite\",\"item\":\"https:\\\/\\\/www.salzburgerland.com\\\/de\\\/magazin\\\/\"},{\"@type\":\"ListItem\",\"position\":2,\"name\":\"Archiv\",\"item\":\"https:\\\/\\\/www.salzburgerland.com\\\/de\\\/magazin\\\/thema\\\/archiv\\\/\"},{\"@type\":\"ListItem\",\"position\":3,\"name\":\"Bramberger Kristalltage 2017\"}]},{\"@type\":\"WebSite\",\"@id\":\"https:\\\/\\\/www.salzburgerland.com\\\/de\\\/magazin\\\/#website\",\"url\":\"https:\\\/\\\/www.salzburgerland.com\\\/de\\\/magazin\\\/\",\"name\":\"SalzburgerLand Magazin\",\"description\":\"Geschichten und Interessantes aus dem SalzburgerLand\",\"publisher\":{\"@id\":\"https:\\\/\\\/www.salzburgerland.com\\\/de\\\/magazin\\\/#organization\"},\"potentialAction\":[{\"@type\":\"SearchAction\",\"target\":{\"@type\":\"EntryPoint\",\"urlTemplate\":\"https:\\\/\\\/www.salzburgerland.com\\\/de\\\/magazin\\\/?s={search_term_string}\"},\"query-input\":{\"@type\":\"PropertyValueSpecification\",\"valueRequired\":true,\"valueName\":\"search_term_string\"}}],\"inLanguage\":\"de\"},{\"@type\":\"Organization\",\"@id\":\"https:\\\/\\\/www.salzburgerland.com\\\/de\\\/magazin\\\/#organization\",\"name\":\"SalzburgerLand Tourismus\",\"url\":\"https:\\\/\\\/www.salzburgerland.com\\\/de\\\/magazin\\\/\",\"logo\":{\"@type\":\"ImageObject\",\"inLanguage\":\"de\",\"@id\":\"https:\\\/\\\/www.salzburgerland.com\\\/de\\\/magazin\\\/#\\\/schema\\\/logo\\\/image\\\/\",\"url\":\"https:\\\/\\\/www.salzburgerland.com\\\/de\\\/magazin\\\/wp-content\\\/uploads\\\/2019\\\/06\\\/salzburgerland-logo1.jpg\",\"contentUrl\":\"https:\\\/\\\/www.salzburgerland.com\\\/de\\\/magazin\\\/wp-content\\\/uploads\\\/2019\\\/06\\\/salzburgerland-logo1.jpg\",\"width\":2011,\"height\":866,\"caption\":\"SalzburgerLand Tourismus\"},\"image\":{\"@id\":\"https:\\\/\\\/www.salzburgerland.com\\\/de\\\/magazin\\\/#\\\/schema\\\/logo\\\/image\\\/\"},\"sameAs\":[\"https:\\\/\\\/www.facebook.com\\\/salzburgerland\\\/\",\"https:\\\/\\\/x.com\\\/Salzburgerland\",\"https:\\\/\\\/www.instagram.com\\\/salzburgerland\\\/\",\"https:\\\/\\\/at.linkedin.com\\\/company\\\/salzburgerland-tourismus-gmbh\",\"https:\\\/\\\/www.pinterest.at\\\/salzburgerland\\\/\",\"https:\\\/\\\/www.youtube.com\\\/user\\\/salzburgerland\",\"https:\\\/\\\/de.wikipedia.org\\\/wiki\\\/SalzburgerLand_Tourismus_GmbH\"]},{\"@type\":\"Person\",\"@id\":\"https:\\\/\\\/www.salzburgerland.com\\\/de\\\/magazin\\\/#\\\/schema\\\/person\\\/79452c699c410aa31a119426313748de\",\"name\":\"Edith Danzer\",\"description\":\"Seit Jahren arbeite ich als freie Redakteurin und Fotografin im SalzburgerLand. Schreiben ist f\u00fcr mich nicht blo\u00df das Erstellen eines Textes. Es ist ein Komponieren einer wundervollen Melodie, ein Malen mit Buchstaben und Worten. Ich liebe die Begegnungen mit Menschen, die mir ihre Geschichte anvertrauen. Wenn man mich sucht, bin ich entweder am Schreibtisch (der auch mal am sonnigen H\u00fcttenbankerl stehen kann) oder mit meinem Husky-M\u00e4dl Ylvi am Berg, am See oder im Wald. Ich \u2026 \u2026 in ein paar Worten. \u2022 Lieber drau\u00dfen, als drinnen. \u2022 Lieber Norden, als S\u00fcden. \u2022 Lieber Buchstaben, als Zahlen. \u2022 Lieber Schnee, als Strand. \u2022 Lieber Berg, als Tal. \u2022 Lieber Nordlichter, als S\u00fcdseezauber. \u2022 Lieber H\u00fctte, als F\u00fcnfsternschuppen. \u2022 Lieber Hund, als Katze. \u2022 Lieber grader Michl, als falscher Fufzga. \u2022 Lieber mittendurch, als drumherum \u2022 Lieber Almleben, als Couchpotato\",\"url\":\"https:\\\/\\\/www.salzburgerland.com\\\/de\\\/magazin\\\/author\\\/edith-danzer\\\/\"}]}<\/script>\n<!-- \/ Yoast SEO Premium plugin. -->","yoast_head_json":{"title":"Bramberger Kristalltage 2017 - SalzburgerLand Magazin","description":"Vom 28. bis 30. April 2017 wird Bramberg im Oberpinzgau zum Hotspot der Mineraliensucher und Freunde der edlen Bodensch\u00e4tze. Die sch\u00f6nsten und wertvollsten Fundst\u00fccke des letzten Jahres werden bei den Bramberger Kristalltagen der \u00d6ffentlichkeit pr\u00e4sentiert. Highlight der diesj\u00e4hrigen Mineralienschau ist definitiv das noch nie gezeigte Smaragdkreuz aus dem Stift St. Peter. Funkelnde Sch\u00e4tze sind in [&hellip;]","robots":{"index":"noindex","follow":"nofollow"},"og_locale":"de_DE","og_type":"article","og_title":"Bramberger Kristalltage 2017","og_description":"Vom 28. bis 30. April 2017 wird Bramberg im Oberpinzgau zum Hotspot der Mineraliensucher und Freunde der edlen Bodensch\u00e4tze. Die sch\u00f6nsten und wertvollsten Fundst\u00fccke des letzten Jahres werden bei den Bramberger Kristalltagen der \u00d6ffentlichkeit pr\u00e4sentiert. Highlight der diesj\u00e4hrigen Mineralienschau ist definitiv das noch nie gezeigte Smaragdkreuz aus dem Stift St. Peter. Funkelnde Sch\u00e4tze sind in [&hellip;]","og_url":"https:\/\/www.salzburgerland.com\/de\/magazin\/bramberger-kristalltage-2017\/","og_site_name":"SalzburgerLand Magazin","article_publisher":"https:\/\/www.facebook.com\/salzburgerland\/","article_published_time":"2017-04-06T06:08:30+00:00","article_modified_time":"2023-06-22T06:43:47+00:00","og_image":[{"width":1600,"height":1045,"url":"https:\/\/www.salzburgerland.com\/de\/magazin\/wp-content\/uploads\/2017\/02\/Pectorale-St-Peter.jpg","type":"image\/jpeg"}],"author":"Edith Danzer","twitter_card":"summary_large_image","twitter_creator":"@Salzburgerland","twitter_site":"@Salzburgerland","twitter_misc":{"Verfasst von":"Edith Danzer","Gesch\u00e4tzte Lesezeit":"4\u00a0Minuten"},"schema":{"@context":"https:\/\/schema.org","@graph":[{"@type":"Article","@id":"https:\/\/www.salzburgerland.com\/de\/magazin\/bramberger-kristalltage-2017\/#article","isPartOf":{"@id":"https:\/\/www.salzburgerland.com\/de\/magazin\/bramberger-kristalltage-2017\/"},"author":{"name":"Edith Danzer","@id":"https:\/\/www.salzburgerland.com\/de\/magazin\/#\/schema\/person\/79452c699c410aa31a119426313748de"},"headline":"Bramberger Kristalltage 2017","datePublished":"2017-04-06T06:08:30+00:00","dateModified":"2023-06-22T06:43:47+00:00","mainEntityOfPage":{"@id":"https:\/\/www.salzburgerland.com\/de\/magazin\/bramberger-kristalltage-2017\/"},"wordCount":584,"commentCount":0,"publisher":{"@id":"https:\/\/www.salzburgerland.com\/de\/magazin\/#organization"},"image":{"@id":"https:\/\/www.salzburgerland.com\/de\/magazin\/bramberger-kristalltage-2017\/#primaryimage"},"thumbnailUrl":"https:\/\/www.salzburgerland.com\/de\/magazin\/wp-content\/uploads\/2017\/02\/Pectorale-St-Peter.jpg","keywords":["nationalpark"],"articleSection":["Archiv"],"inLanguage":"de","potentialAction":[{"@type":"CommentAction","name":"Comment","target":["https:\/\/www.salzburgerland.com\/de\/magazin\/bramberger-kristalltage-2017\/#respond"]}]},{"@type":"WebPage","@id":"https:\/\/www.salzburgerland.com\/de\/magazin\/bramberger-kristalltage-2017\/","url":"https:\/\/www.salzburgerland.com\/de\/magazin\/bramberger-kristalltage-2017\/","name":"Bramberger Kristalltage 2017 - SalzburgerLand Magazin","isPartOf":{"@id":"https:\/\/www.salzburgerland.com\/de\/magazin\/#website"},"primaryImageOfPage":{"@id":"https:\/\/www.salzburgerland.com\/de\/magazin\/bramberger-kristalltage-2017\/#primaryimage"},"image":{"@id":"https:\/\/www.salzburgerland.com\/de\/magazin\/bramberger-kristalltage-2017\/#primaryimage"},"thumbnailUrl":"https:\/\/www.salzburgerland.com\/de\/magazin\/wp-content\/uploads\/2017\/02\/Pectorale-St-Peter.jpg","datePublished":"2017-04-06T06:08:30+00:00","dateModified":"2023-06-22T06:43:47+00:00","breadcrumb":{"@id":"https:\/\/www.salzburgerland.com\/de\/magazin\/bramberger-kristalltage-2017\/#breadcrumb"},"inLanguage":"de","potentialAction":[{"@type":"ReadAction","target":["https:\/\/www.salzburgerland.com\/de\/magazin\/bramberger-kristalltage-2017\/"]}]},{"@type":"ImageObject","inLanguage":"de","@id":"https:\/\/www.salzburgerland.com\/de\/magazin\/bramberger-kristalltage-2017\/#primaryimage","url":"https:\/\/www.salzburgerland.com\/de\/magazin\/wp-content\/uploads\/2017\/02\/Pectorale-St-Peter.jpg","contentUrl":"https:\/\/www.salzburgerland.com\/de\/magazin\/wp-content\/uploads\/2017\/02\/Pectorale-St-Peter.jpg","width":1600,"height":1045,"caption":"c Norbert Urban\/Archiv St. Peter. Das wundersch\u00f6ne Pectorale wird erstmals gezeigt."},{"@type":"BreadcrumbList","@id":"https:\/\/www.salzburgerland.com\/de\/magazin\/bramberger-kristalltage-2017\/#breadcrumb","itemListElement":[{"@type":"ListItem","position":1,"name":"Startseite","item":"https:\/\/www.salzburgerland.com\/de\/magazin\/"},{"@type":"ListItem","position":2,"name":"Archiv","item":"https:\/\/www.salzburgerland.com\/de\/magazin\/thema\/archiv\/"},{"@type":"ListItem","position":3,"name":"Bramberger Kristalltage 2017"}]},{"@type":"WebSite","@id":"https:\/\/www.salzburgerland.com\/de\/magazin\/#website","url":"https:\/\/www.salzburgerland.com\/de\/magazin\/","name":"SalzburgerLand Magazin","description":"Geschichten und Interessantes aus dem SalzburgerLand","publisher":{"@id":"https:\/\/www.salzburgerland.com\/de\/magazin\/#organization"},"potentialAction":[{"@type":"SearchAction","target":{"@type":"EntryPoint","urlTemplate":"https:\/\/www.salzburgerland.com\/de\/magazin\/?s={search_term_string}"},"query-input":{"@type":"PropertyValueSpecification","valueRequired":true,"valueName":"search_term_string"}}],"inLanguage":"de"},{"@type":"Organization","@id":"https:\/\/www.salzburgerland.com\/de\/magazin\/#organization","name":"SalzburgerLand Tourismus","url":"https:\/\/www.salzburgerland.com\/de\/magazin\/","logo":{"@type":"ImageObject","inLanguage":"de","@id":"https:\/\/www.salzburgerland.com\/de\/magazin\/#\/schema\/logo\/image\/","url":"https:\/\/www.salzburgerland.com\/de\/magazin\/wp-content\/uploads\/2019\/06\/salzburgerland-logo1.jpg","contentUrl":"https:\/\/www.salzburgerland.com\/de\/magazin\/wp-content\/uploads\/2019\/06\/salzburgerland-logo1.jpg","width":2011,"height":866,"caption":"SalzburgerLand Tourismus"},"image":{"@id":"https:\/\/www.salzburgerland.com\/de\/magazin\/#\/schema\/logo\/image\/"},"sameAs":["https:\/\/www.facebook.com\/salzburgerland\/","https:\/\/x.com\/Salzburgerland","https:\/\/www.instagram.com\/salzburgerland\/","https:\/\/at.linkedin.com\/company\/salzburgerland-tourismus-gmbh","https:\/\/www.pinterest.at\/salzburgerland\/","https:\/\/www.youtube.com\/user\/salzburgerland","https:\/\/de.wikipedia.org\/wiki\/SalzburgerLand_Tourismus_GmbH"]},{"@type":"Person","@id":"https:\/\/www.salzburgerland.com\/de\/magazin\/#\/schema\/person\/79452c699c410aa31a119426313748de","name":"Edith Danzer","description":"Seit Jahren arbeite ich als freie Redakteurin und Fotografin im SalzburgerLand. Schreiben ist f\u00fcr mich nicht blo\u00df das Erstellen eines Textes. Es ist ein Komponieren einer wundervollen Melodie, ein Malen mit Buchstaben und Worten. Ich liebe die Begegnungen mit Menschen, die mir ihre Geschichte anvertrauen. Wenn man mich sucht, bin ich entweder am Schreibtisch (der auch mal am sonnigen H\u00fcttenbankerl stehen kann) oder mit meinem Husky-M\u00e4dl Ylvi am Berg, am See oder im Wald. Ich \u2026 \u2026 in ein paar Worten. \u2022 Lieber drau\u00dfen, als drinnen. \u2022 Lieber Norden, als S\u00fcden. \u2022 Lieber Buchstaben, als Zahlen. \u2022 Lieber Schnee, als Strand. \u2022 Lieber Berg, als Tal. \u2022 Lieber Nordlichter, als S\u00fcdseezauber. \u2022 Lieber H\u00fctte, als F\u00fcnfsternschuppen. \u2022 Lieber Hund, als Katze. \u2022 Lieber grader Michl, als falscher Fufzga. \u2022 Lieber mittendurch, als drumherum \u2022 Lieber Almleben, als Couchpotato","url":"https:\/\/www.salzburgerland.com\/de\/magazin\/author\/edith-danzer\/"}]}},"_wl_alt_label":[],"wl:entity_url":"http:\/\/open.salzburgerland.com\/magazin\/post\/bramberger_kristalltage_2017","_links":{"self":[{"href":"https:\/\/www.salzburgerland.com\/de\/magazin\/wp-json\/wp\/v2\/posts\/113135","targetHints":{"allow":["GET"]}}],"collection":[{"href":"https:\/\/www.salzburgerland.com\/de\/magazin\/wp-json\/wp\/v2\/posts"}],"about":[{"href":"https:\/\/www.salzburgerland.com\/de\/magazin\/wp-json\/wp\/v2\/types\/post"}],"author":[{"embeddable":true,"href":"https:\/\/www.salzburgerland.com\/de\/magazin\/wp-json\/wp\/v2\/users\/11"}],"replies":[{"embeddable":true,"href":"https:\/\/www.salzburgerland.com\/de\/magazin\/wp-json\/wp\/v2\/comments?post=113135"}],"version-history":[{"count":1,"href":"https:\/\/www.salzburgerland.com\/de\/magazin\/wp-json\/wp\/v2\/posts\/113135\/revisions"}],"predecessor-version":[{"id":168994,"href":"https:\/\/www.salzburgerland.com\/de\/magazin\/wp-json\/wp\/v2\/posts\/113135\/revisions\/168994"}],"wp:featuredmedia":[{"embeddable":true,"href":"https:\/\/www.salzburgerland.com\/de\/magazin\/wp-json\/wp\/v2\/media\/113142"}],"wp:attachment":[{"href":"https:\/\/www.salzburgerland.com\/de\/magazin\/wp-json\/wp\/v2\/media?parent=113135"}],"wp:term":[{"taxonomy":"category","embeddable":true,"href":"https:\/\/www.salzburgerland.com\/de\/magazin\/wp-json\/wp\/v2\/categories?post=113135"},{"taxonomy":"post_tag","embeddable":true,"href":"https:\/\/www.salzburgerland.com\/de\/magazin\/wp-json\/wp\/v2\/tags?post=113135"},{"taxonomy":"wl_entity_type","embeddable":true,"href":"https:\/\/www.salzburgerland.com\/de\/magazin\/wp-json\/wp\/v2\/wl_entity_type?post=113135"},{"taxonomy":"monatsauswahl","embeddable":true,"href":"https:\/\/www.salzburgerland.com\/de\/magazin\/wp-json\/wp\/v2\/monatsauswahl?post=113135"}],"curies":[{"name":"wp","href":"https:\/\/api.w.org\/{rel}","templated":true}]}}