{"id":113103,"date":"2019-02-25T08:09:57","date_gmt":"2019-02-25T07:09:57","guid":{"rendered":"https:\/\/www.salzburgerland.com\/de\/magazin\/?p=113103"},"modified":"2022-03-04T08:53:43","modified_gmt":"2022-03-04T07:53:43","slug":"5-dinge-die-sie-ueber-sonnenskilauf-wissen-sollten","status":"publish","type":"post","link":"https:\/\/www.salzburgerland.com\/de\/magazin\/5-dinge-die-sie-ueber-sonnenskilauf-wissen-sollten\/","title":{"rendered":"5 Dinge, die man \u00fcber Sonnenskilauf wissen sollte"},"content":{"rendered":"\n<h2 class=\"wp-block-slt-subtitle\">Perfekte Pisten &amp; strahlender Sonnenschein<\/h2>\n\n\n\n<p class=\"wp-block-slt-intro\">Im beginnenden Fr\u00fchjahr ist es besonders verlockend, noch einmal in die Skischuhe oder Snowboardboots zu schl\u00fcpfen und den Winter gem\u00fctlich mit entspanntem Sonnenskilauf im SalzburgerLand ausklingen zu lassen. Wir haben 5 Tipps f\u00fcr euch zusammengestellt, damit der Sonnenskilauf zu einem unvergesslichen Erlebnis wird.<br><\/p>\n\n\n\n<h2 class=\"wp-block-heading\" id=\"h-1-auf-die-sonnencreme-nicht-vergessen\">1. Auf die Sonnencreme nicht vergessen<\/h2>\n\n\n\n<p>Untersch\u00e4tzt keinesfalls die immer st\u00e4rker werdende Kraft der Sonne. Denkt daher daran, euch vor dem Sonnenskilauf gut einzucremen, damit die empfindliche, noch nicht an die Sonne gew\u00f6hnte, Winterhaut nicht gleich einen Sonnenbrand bekommt. Besonders Kinderhaut ist jetzt anf\u00e4llig und sollte gut gesch\u00fctzt werden!<\/p>\n\n\n\n<h2 class=\"wp-block-heading\" id=\"h-2-fr-haufsteher-aufgepasst\">2. Fr\u00fchaufsteher aufgepasst<\/h2>\n\n\n\n<p>Die Sonne lacht und wir lachen mit, wenn wir die ersten auf der Piste sind. Rein in die erste Gondel und die frisch pr\u00e4parierten Morgenpisten genie\u00dfen. Aufgrund der h\u00f6heren Tagestemperaturen kann der Schnee im Tagesverlauf schon ziemlich nass und schwer und somit anstrengend zu fahren werden. Unser Tipp ist also: fr\u00fch raus aus den Federn und den Vormittag auf der Piste genie\u00dfen. Dann ist die Mittagspause redlich verdient, und wenn der Schnee schon zu schwer werden sollte, kann der Nachmittag gem\u00fctlich im Liegestuhl verbracht werden. Besonders ans Herz legen k\u00f6nnen wir euch die Top-Early Bird Angebote in manchen Skigebieten \u2013 da startet man gleich mit einem <a href=\"https:\/\/www.salzburgerland.com\/de\/magazin\/fruehstueck-am-berg\/\" target=\"_blank\" rel=\"noreferrer noopener\">Fr\u00fchst\u00fcck am Berg<\/a> in den Tag.<\/p>\n\n\n\n<figure class=\"wp-block-image size-full\"><img loading=\"lazy\" decoding=\"async\" width=\"1600\" height=\"1200\" src=\"https:\/\/www.salzburgerland.com\/de\/magazin\/wp-content\/uploads\/2015\/02\/hochkonig.jpg\" alt=\"Hochk\u00f6nig Early Morning Skiing\" class=\"wp-image-94947\" srcset=\"https:\/\/www.salzburgerland.com\/de\/magazin\/wp-content\/uploads\/2015\/02\/hochkonig.jpg 1600w, https:\/\/www.salzburgerland.com\/de\/magazin\/wp-content\/uploads\/2015\/02\/hochkonig-300x225.jpg 300w, https:\/\/www.salzburgerland.com\/de\/magazin\/wp-content\/uploads\/2015\/02\/hochkonig-733x550.jpg 733w, https:\/\/www.salzburgerland.com\/de\/magazin\/wp-content\/uploads\/2015\/02\/hochkonig-140x105.jpg 140w, https:\/\/www.salzburgerland.com\/de\/magazin\/wp-content\/uploads\/2015\/02\/hochkonig-533x400.jpg 533w, https:\/\/www.salzburgerland.com\/de\/magazin\/wp-content\/uploads\/2015\/02\/hochkonig-960x720.jpg 960w, https:\/\/www.salzburgerland.com\/de\/magazin\/wp-content\/uploads\/2015\/02\/hochkonig-1320x990.jpg 1320w, https:\/\/www.salzburgerland.com\/de\/magazin\/wp-content\/uploads\/2015\/02\/hochkonig-1200x900.jpg 1200w\" sizes=\"auto, (max-width: 1600px) 100vw, 1600px\" \/><figcaption> Wenn die ersten Sonnenstrahlen im Gesicht kitzeln \u00a9 Hochk\u00f6nig<\/figcaption><\/figure>\n\n\n\n<h2 class=\"wp-block-heading\" id=\"h-3-einkehrschwung\">3. Einkehrschwung<\/h2>\n\n\n\n<p>Und damit sind wir schon bei Tipp 3: Sucht euch die sch\u00f6nste Sonnenterrasse vor einer der gem\u00fctlichen, urigen Almh\u00fctten in den vielen <a href=\"https:\/\/www.salzburgerland.com\/de\/skifahren-im-salzburgerland\/\" target=\"_blank\" rel=\"noreferrer noopener\">Skigebieten des SalzburgerLands<\/a> aus, macht es euch gem\u00fctlich und lasst die Seele baumeln. Gerade im Vorfr\u00fchling verw\u00f6hnen die meisten Almen und H\u00fctten mit Liegest\u00fchlen und Lounges, die zum Verweilen und Genie\u00dfen einladen. Dazu unbedingt eine der typisch \u00f6sterreichischen Mehlspeisen, wie <a href=\"https:\/\/www.salzburgerland.com\/de\/magazin\/suse-kostlichkeit-kaiserschmarrn\/\" target=\"_blank\" rel=\"noopener\">Kaiserschmarrn <\/a>oder Apfelstrudel bestellen!<\/p>\n\n\n\n<figure class=\"wp-block-image size-full\"><img loading=\"lazy\" decoding=\"async\" width=\"1920\" height=\"1280\" src=\"https:\/\/www.salzburgerland.com\/de\/magazin\/wp-content\/uploads\/2020\/02\/RS2921_190225-SLT-Family-dsc_5570-lpr.jpg\" alt=\"Ein Paar entspannt sich auf Sitzs\u00e4cken im Schnee, mit Bergen im Hintergrund und Getr\u00e4nken auf einem kleinen Tisch in der N\u00e4he.\" class=\"wp-image-160830\" srcset=\"https:\/\/www.salzburgerland.com\/de\/magazin\/wp-content\/uploads\/2020\/02\/RS2921_190225-SLT-Family-dsc_5570-lpr.jpg 1920w, https:\/\/www.salzburgerland.com\/de\/magazin\/wp-content\/uploads\/2020\/02\/RS2921_190225-SLT-Family-dsc_5570-lpr-300x200.jpg 300w, https:\/\/www.salzburgerland.com\/de\/magazin\/wp-content\/uploads\/2020\/02\/RS2921_190225-SLT-Family-dsc_5570-lpr-1536x1024.jpg 1536w, https:\/\/www.salzburgerland.com\/de\/magazin\/wp-content\/uploads\/2020\/02\/RS2921_190225-SLT-Family-dsc_5570-lpr-825x550.jpg 825w, https:\/\/www.salzburgerland.com\/de\/magazin\/wp-content\/uploads\/2020\/02\/RS2921_190225-SLT-Family-dsc_5570-lpr-600x400.jpg 600w, https:\/\/www.salzburgerland.com\/de\/magazin\/wp-content\/uploads\/2020\/02\/RS2921_190225-SLT-Family-dsc_5570-lpr-1320x880.jpg 1320w, https:\/\/www.salzburgerland.com\/de\/magazin\/wp-content\/uploads\/2020\/02\/RS2921_190225-SLT-Family-dsc_5570-lpr-150x100.jpg 150w\" sizes=\"auto, (max-width: 1920px) 100vw, 1920px\" \/><figcaption>\u00a9 SLTG, Markus Berger<\/figcaption><\/figure>\n\n\n\n<h2 class=\"wp-block-heading\" id=\"h-4-panoramablick\">4. Panoramablick<\/h2>\n\n\n\n<p>Egal ob am Pistenrand, bei der Auffahrt mit der Gondel oder bei der Mittagspause auf der H\u00fctten \u2013 nehmt euch immer wieder Zeit und genie\u00dft bei jeder Gelegenheit den ganz besonderen Ausblick, den das Bergpanorama im Fr\u00fchling bereit h\u00e4lt. Auch wenn die klare Winterluft schon keine W\u00fcnsche mehr offen zu lassen scheint, so gibt doch die Fr\u00fchjahrssonne dem Panoramablick beim Sonnenskilauf im SalzburgerLand einen besonderen Glanz.<\/p>\n\n\n\n<figure class=\"wp-block-image size-full\"><img loading=\"lazy\" decoding=\"async\" width=\"1920\" height=\"1281\" src=\"https:\/\/www.salzburgerland.com\/de\/magazin\/wp-content\/uploads\/2019\/02\/RS3686_SLT_Wintermoods-09963-lpr.jpg\" alt=\"Ein Skifahrer in heller Kleidung steht an einem verschneiten Berghang und blickt auf ferne Gipfel unter einem klaren Himmel.\" class=\"wp-image-160992\" srcset=\"https:\/\/www.salzburgerland.com\/de\/magazin\/wp-content\/uploads\/2019\/02\/RS3686_SLT_Wintermoods-09963-lpr.jpg 1920w, https:\/\/www.salzburgerland.com\/de\/magazin\/wp-content\/uploads\/2019\/02\/RS3686_SLT_Wintermoods-09963-lpr-300x200.jpg 300w, https:\/\/www.salzburgerland.com\/de\/magazin\/wp-content\/uploads\/2019\/02\/RS3686_SLT_Wintermoods-09963-lpr-1536x1025.jpg 1536w, https:\/\/www.salzburgerland.com\/de\/magazin\/wp-content\/uploads\/2019\/02\/RS3686_SLT_Wintermoods-09963-lpr-824x550.jpg 824w, https:\/\/www.salzburgerland.com\/de\/magazin\/wp-content\/uploads\/2019\/02\/RS3686_SLT_Wintermoods-09963-lpr-600x400.jpg 600w, https:\/\/www.salzburgerland.com\/de\/magazin\/wp-content\/uploads\/2019\/02\/RS3686_SLT_Wintermoods-09963-lpr-1320x881.jpg 1320w, https:\/\/www.salzburgerland.com\/de\/magazin\/wp-content\/uploads\/2019\/02\/RS3686_SLT_Wintermoods-09963-lpr-150x100.jpg 150w\" sizes=\"auto, (max-width: 1920px) 100vw, 1920px\" \/><figcaption>\u00a9 SalzburgerLand Tourismus<\/figcaption><\/figure>\n\n\n\n<h2 class=\"wp-block-heading\" id=\"h-5-top-events-zum-sonnenskilauf\">5. Top-Events zum Sonnenskilauf<\/h2>\n\n\n\n<p>F\u00fcr viele sonnenhungrige Wintersportler geh\u00f6ren die chilligen Events zum perfekten Fr\u00fchlings-Skilauf-Feeling einfach dazu. Von den <a href=\"https:\/\/genuss-skitage.at\/de\" target=\"_blank\" rel=\"noreferrer noopener\">Ski-Genusstagen in Zell am See-Kaprun<\/a> \u00fcber die <a href=\"https:\/\/www.grossarltal.info\/de\/winter\/pauschalen\/skiundweingenuss.html\" target=\"_blank\" rel=\"noreferrer noopener\">Ski- und Wein Genusswoche im Gro\u00dfarltal<\/a> bis hin zu den <a href=\"https:\/\/www.salzburgerland.com\/de\/magazin\/white-pearl-mountain-days\/\" target=\"_blank\" rel=\"noopener\">White Pearl Mountain Days<\/a> im Skicircus Saalbach Hinterglemm Leogang Fieberbrunn ist f\u00fcr jeden das Richtige dabei. Viele weitere Top-Events zum Wohlf\u00fchlen und Genie\u00dfen findet ihr <a href=\"https:\/\/www.salzburgerland.com\/de\/magazin\/top-events-zum-sonnenskilauf\/\" target=\"_blank\" rel=\"noreferrer noopener\">hier.<\/a><\/p>\n\n\n\n<p>So macht Sonnenskilauf einfach Spa\u00df!<\/p>\n","protected":false},"excerpt":{"rendered":"<p>1. Auf die Sonnencreme nicht vergessen Untersch\u00e4tzt keinesfalls die immer st\u00e4rker werdende Kraft der Sonne. Denkt daher daran, euch vor dem Sonnenskilauf gut einzucremen, damit die empfindliche, noch nicht an die Sonne gew\u00f6hnte, Winterhaut nicht gleich einen Sonnenbrand bekommt. Besonders Kinderhaut ist jetzt anf\u00e4llig und sollte gut gesch\u00fctzt werden! 2. Fr\u00fchaufsteher aufgepasst Die Sonne lacht [&hellip;]<\/p>\n","protected":false},"author":535,"featured_media":160997,"comment_status":"open","ping_status":"open","sticky":false,"template":"","format":"standard","meta":{"_acf_changed":false,"wl_entities_gutenberg":"","_wl_entity_redirect_enabled":"","footnotes":""},"categories":[8],"tags":[],"wl_entity_type":[306],"monatsauswahl":[84,85],"class_list":["post-113103","post","type-post","status-publish","format-standard","has-post-thumbnail","hentry","category-outdoor-sport","wl_entity_type-article","monatsauswahl-monat_3","monatsauswahl-monat_4"],"acf":[],"yoast_head":"<!-- This site is optimized with the Yoast SEO Premium plugin v27.4 (Yoast SEO v27.4) - https:\/\/yoast.com\/product\/yoast-seo-premium-wordpress\/ -->\n<title>5 Dinge, die man \u00fcber Sonnenskilauf wissen sollte - SalzburgerLand Magazin<\/title>\n<meta name=\"description\" content=\"Im beginnenden Fr\u00fchjahr ist es besonders verlockend, noch einmal in die Skischuhe oder Snowboardboots zu schl\u00fcpfen und den Winter gem\u00fctlich mit entspanntem Sonnenskilauf im SalzburgerLand ausklingen zu lassen. Wir haben 5 Tipps f\u00fcr euch zusammengestellt, damit der Sonnenskilauf zu einem unvergesslichen Erlebnis wird.\" \/>\n<meta name=\"robots\" content=\"index, follow, max-snippet:-1, max-image-preview:large, max-video-preview:-1\" \/>\n<link rel=\"canonical\" href=\"https:\/\/www.salzburgerland.com\/de\/magazin\/5-dinge-die-sie-ueber-sonnenskilauf-wissen-sollten\/\" \/>\n<meta property=\"og:locale\" content=\"de_DE\" \/>\n<meta property=\"og:type\" content=\"article\" \/>\n<meta property=\"og:title\" content=\"5 Dinge, die man \u00fcber Sonnenskilauf wissen sollte\" \/>\n<meta property=\"og:description\" content=\"1. Auf die Sonnencreme nicht vergessen Untersch\u00e4tzt keinesfalls die immer st\u00e4rker werdende Kraft der Sonne. Denkt daher daran, euch vor dem Sonnenskilauf gut einzucremen, damit die empfindliche, noch nicht an die Sonne gew\u00f6hnte, Winterhaut nicht gleich einen Sonnenbrand bekommt. Besonders Kinderhaut ist jetzt anf\u00e4llig und sollte gut gesch\u00fctzt werden! 2. Fr\u00fchaufsteher aufgepasst Die Sonne lacht [&hellip;]\" \/>\n<meta property=\"og:url\" content=\"https:\/\/www.salzburgerland.com\/de\/magazin\/5-dinge-die-sie-ueber-sonnenskilauf-wissen-sollten\/\" \/>\n<meta property=\"og:site_name\" content=\"SalzburgerLand Magazin\" \/>\n<meta property=\"article:publisher\" content=\"https:\/\/www.facebook.com\/salzburgerland\/\" \/>\n<meta property=\"article:published_time\" content=\"2019-02-25T07:09:57+00:00\" \/>\n<meta property=\"article:modified_time\" content=\"2022-03-04T07:53:43+00:00\" \/>\n<meta property=\"og:image\" content=\"https:\/\/www.salzburgerland.com\/de\/magazin\/wp-content\/uploads\/2019\/02\/RS2130_2018-02-05-SLT-Skishooting-by-Michael-Groessinger-1375-lpr.jpg\" \/>\n\t<meta property=\"og:image:width\" content=\"1920\" \/>\n\t<meta property=\"og:image:height\" content=\"1280\" \/>\n\t<meta property=\"og:image:type\" content=\"image\/jpeg\" \/>\n<meta name=\"author\" content=\"Andrea Conrad\" \/>\n<meta name=\"twitter:card\" content=\"summary_large_image\" \/>\n<meta name=\"twitter:creator\" content=\"@Salzburgerland\" \/>\n<meta name=\"twitter:site\" content=\"@Salzburgerland\" \/>\n<meta name=\"twitter:label1\" content=\"Verfasst von\" \/>\n\t<meta name=\"twitter:data1\" content=\"Andrea Conrad\" \/>\n\t<meta name=\"twitter:label2\" content=\"Gesch\u00e4tzte Lesezeit\" \/>\n\t<meta name=\"twitter:data2\" content=\"3\u00a0Minuten\" \/>\n<script type=\"application\/ld+json\" class=\"yoast-schema-graph\">{\"@context\":\"https:\\\/\\\/schema.org\",\"@graph\":[{\"@type\":\"Article\",\"@id\":\"https:\\\/\\\/www.salzburgerland.com\\\/de\\\/magazin\\\/5-dinge-die-sie-ueber-sonnenskilauf-wissen-sollten\\\/#article\",\"isPartOf\":{\"@id\":\"https:\\\/\\\/www.salzburgerland.com\\\/de\\\/magazin\\\/5-dinge-die-sie-ueber-sonnenskilauf-wissen-sollten\\\/\"},\"author\":{\"name\":\"Andrea Conrad\",\"@id\":\"https:\\\/\\\/www.salzburgerland.com\\\/de\\\/magazin\\\/#\\\/schema\\\/person\\\/c767f4347f744071f6184dcceaa12e1e\"},\"headline\":\"5 Dinge, die man \u00fcber Sonnenskilauf wissen sollte\",\"datePublished\":\"2019-02-25T07:09:57+00:00\",\"dateModified\":\"2022-03-04T07:53:43+00:00\",\"mainEntityOfPage\":{\"@id\":\"https:\\\/\\\/www.salzburgerland.com\\\/de\\\/magazin\\\/5-dinge-die-sie-ueber-sonnenskilauf-wissen-sollten\\\/\"},\"wordCount\":468,\"commentCount\":0,\"publisher\":{\"@id\":\"https:\\\/\\\/www.salzburgerland.com\\\/de\\\/magazin\\\/#organization\"},\"image\":{\"@id\":\"https:\\\/\\\/www.salzburgerland.com\\\/de\\\/magazin\\\/5-dinge-die-sie-ueber-sonnenskilauf-wissen-sollten\\\/#primaryimage\"},\"thumbnailUrl\":\"https:\\\/\\\/www.salzburgerland.com\\\/de\\\/magazin\\\/wp-content\\\/uploads\\\/2019\\\/02\\\/RS2130_2018-02-05-SLT-Skishooting-by-Michael-Groessinger-1375-lpr.jpg\",\"articleSection\":[\"Outdoor &amp; Sport\"],\"inLanguage\":\"de\",\"potentialAction\":[{\"@type\":\"CommentAction\",\"name\":\"Comment\",\"target\":[\"https:\\\/\\\/www.salzburgerland.com\\\/de\\\/magazin\\\/5-dinge-die-sie-ueber-sonnenskilauf-wissen-sollten\\\/#respond\"]}]},{\"@type\":\"WebPage\",\"@id\":\"https:\\\/\\\/www.salzburgerland.com\\\/de\\\/magazin\\\/5-dinge-die-sie-ueber-sonnenskilauf-wissen-sollten\\\/\",\"url\":\"https:\\\/\\\/www.salzburgerland.com\\\/de\\\/magazin\\\/5-dinge-die-sie-ueber-sonnenskilauf-wissen-sollten\\\/\",\"name\":\"5 Dinge, die man \u00fcber Sonnenskilauf wissen sollte - SalzburgerLand Magazin\",\"isPartOf\":{\"@id\":\"https:\\\/\\\/www.salzburgerland.com\\\/de\\\/magazin\\\/#website\"},\"primaryImageOfPage\":{\"@id\":\"https:\\\/\\\/www.salzburgerland.com\\\/de\\\/magazin\\\/5-dinge-die-sie-ueber-sonnenskilauf-wissen-sollten\\\/#primaryimage\"},\"image\":{\"@id\":\"https:\\\/\\\/www.salzburgerland.com\\\/de\\\/magazin\\\/5-dinge-die-sie-ueber-sonnenskilauf-wissen-sollten\\\/#primaryimage\"},\"thumbnailUrl\":\"https:\\\/\\\/www.salzburgerland.com\\\/de\\\/magazin\\\/wp-content\\\/uploads\\\/2019\\\/02\\\/RS2130_2018-02-05-SLT-Skishooting-by-Michael-Groessinger-1375-lpr.jpg\",\"datePublished\":\"2019-02-25T07:09:57+00:00\",\"dateModified\":\"2022-03-04T07:53:43+00:00\",\"breadcrumb\":{\"@id\":\"https:\\\/\\\/www.salzburgerland.com\\\/de\\\/magazin\\\/5-dinge-die-sie-ueber-sonnenskilauf-wissen-sollten\\\/#breadcrumb\"},\"inLanguage\":\"de\",\"potentialAction\":[{\"@type\":\"ReadAction\",\"target\":[\"https:\\\/\\\/www.salzburgerland.com\\\/de\\\/magazin\\\/5-dinge-die-sie-ueber-sonnenskilauf-wissen-sollten\\\/\"]}]},{\"@type\":\"ImageObject\",\"inLanguage\":\"de\",\"@id\":\"https:\\\/\\\/www.salzburgerland.com\\\/de\\\/magazin\\\/5-dinge-die-sie-ueber-sonnenskilauf-wissen-sollten\\\/#primaryimage\",\"url\":\"https:\\\/\\\/www.salzburgerland.com\\\/de\\\/magazin\\\/wp-content\\\/uploads\\\/2019\\\/02\\\/RS2130_2018-02-05-SLT-Skishooting-by-Michael-Groessinger-1375-lpr.jpg\",\"contentUrl\":\"https:\\\/\\\/www.salzburgerland.com\\\/de\\\/magazin\\\/wp-content\\\/uploads\\\/2019\\\/02\\\/RS2130_2018-02-05-SLT-Skishooting-by-Michael-Groessinger-1375-lpr.jpg\",\"width\":1920,\"height\":1280,\"caption\":\"Ein Paar in Winterjacken entspannt sich im Schnee mit verschneiten Bergen und B\u00e4umen im Hintergrund.\"},{\"@type\":\"BreadcrumbList\",\"@id\":\"https:\\\/\\\/www.salzburgerland.com\\\/de\\\/magazin\\\/5-dinge-die-sie-ueber-sonnenskilauf-wissen-sollten\\\/#breadcrumb\",\"itemListElement\":[{\"@type\":\"ListItem\",\"position\":1,\"name\":\"Startseite\",\"item\":\"https:\\\/\\\/www.salzburgerland.com\\\/de\\\/magazin\\\/\"},{\"@type\":\"ListItem\",\"position\":2,\"name\":\"Outdoor &amp; Sport\",\"item\":\"https:\\\/\\\/www.salzburgerland.com\\\/de\\\/magazin\\\/thema\\\/outdoor-sport\\\/\"},{\"@type\":\"ListItem\",\"position\":3,\"name\":\"5 Dinge, die man \u00fcber Sonnenskilauf wissen sollte\"}]},{\"@type\":\"WebSite\",\"@id\":\"https:\\\/\\\/www.salzburgerland.com\\\/de\\\/magazin\\\/#website\",\"url\":\"https:\\\/\\\/www.salzburgerland.com\\\/de\\\/magazin\\\/\",\"name\":\"SalzburgerLand Magazin\",\"description\":\"Geschichten und Interessantes aus dem SalzburgerLand\",\"publisher\":{\"@id\":\"https:\\\/\\\/www.salzburgerland.com\\\/de\\\/magazin\\\/#organization\"},\"potentialAction\":[{\"@type\":\"SearchAction\",\"target\":{\"@type\":\"EntryPoint\",\"urlTemplate\":\"https:\\\/\\\/www.salzburgerland.com\\\/de\\\/magazin\\\/?s={search_term_string}\"},\"query-input\":{\"@type\":\"PropertyValueSpecification\",\"valueRequired\":true,\"valueName\":\"search_term_string\"}}],\"inLanguage\":\"de\"},{\"@type\":\"Organization\",\"@id\":\"https:\\\/\\\/www.salzburgerland.com\\\/de\\\/magazin\\\/#organization\",\"name\":\"SalzburgerLand Tourismus\",\"url\":\"https:\\\/\\\/www.salzburgerland.com\\\/de\\\/magazin\\\/\",\"logo\":{\"@type\":\"ImageObject\",\"inLanguage\":\"de\",\"@id\":\"https:\\\/\\\/www.salzburgerland.com\\\/de\\\/magazin\\\/#\\\/schema\\\/logo\\\/image\\\/\",\"url\":\"https:\\\/\\\/www.salzburgerland.com\\\/de\\\/magazin\\\/wp-content\\\/uploads\\\/2019\\\/06\\\/salzburgerland-logo1.jpg\",\"contentUrl\":\"https:\\\/\\\/www.salzburgerland.com\\\/de\\\/magazin\\\/wp-content\\\/uploads\\\/2019\\\/06\\\/salzburgerland-logo1.jpg\",\"width\":2011,\"height\":866,\"caption\":\"SalzburgerLand Tourismus\"},\"image\":{\"@id\":\"https:\\\/\\\/www.salzburgerland.com\\\/de\\\/magazin\\\/#\\\/schema\\\/logo\\\/image\\\/\"},\"sameAs\":[\"https:\\\/\\\/www.facebook.com\\\/salzburgerland\\\/\",\"https:\\\/\\\/x.com\\\/Salzburgerland\",\"https:\\\/\\\/www.instagram.com\\\/salzburgerland\\\/\",\"https:\\\/\\\/at.linkedin.com\\\/company\\\/salzburgerland-tourismus-gmbh\",\"https:\\\/\\\/www.pinterest.at\\\/salzburgerland\\\/\",\"https:\\\/\\\/www.youtube.com\\\/user\\\/salzburgerland\",\"https:\\\/\\\/de.wikipedia.org\\\/wiki\\\/SalzburgerLand_Tourismus_GmbH\"]},{\"@type\":\"Person\",\"@id\":\"https:\\\/\\\/www.salzburgerland.com\\\/de\\\/magazin\\\/#\\\/schema\\\/person\\\/c767f4347f744071f6184dcceaa12e1e\",\"name\":\"Andrea Conrad\",\"description\":\"Aufgewachsen in Anif, Salzburgs gr\u00fcnem S\u00fcden, und zur Schule gegangen in der sch\u00f6nen Keltenstadt Hallein zog es sie nach der Matura nach Wien. Nach der Ausbildung zur Diplomierten Tourismuskauffrau im Modul in Wien und einigen Jahren im Wiener Tourismus kehrte sie \u00fcber S\u00fcdtirol und Hinterglemm nach Salzburg zur\u00fcck. 2010 und 2012 bekam sie hier ihre beiden T\u00f6chter, mit denen sie wieder in Anif heimisch geworden ist. Seit einigen Jahren ist sie nun als bed\u00fcrfnis- und l\u00f6sungsorientierte, ganzheitliche Humanenergetikerin und Systemische Coachin in eigener Praxis in Anif t\u00e4tig. Derzeit befindet sie sich in Ausbildung zur Lebens- und Sozialberaterin. Ehrenamtlich engagiert sie sich f\u00fcr den Verein #estutnichtweh, der sich unter dem Motto \\\"Mit uns wandert der M\u00fcll vom Berg ins Tal\\\" um die S\u00e4uberung der Bergwelt k\u00fcmmert. Wie hat da auch noch das Schreiben Platz? Geschichten zu schreiben ist ihr kreatives Ventil; eher unbeachtete, regionale Nischenthemen zu entdecken und bekannt zu machen, ihre gro\u00dfe Leidenschaft. Hobbies? Ihre freie Zeit verbringt sie am liebsten mit ihren Kindern und ihren Ausbildungen. Die Phantasie l\u00e4sst sie durch B\u00fccher reisen, Erdung holt sie sich in ihrem Blumen- und Gem\u00fcsegarten und beim Wandern und M\u00fcllsammeln in den Bergen des SalzburgerLandes. Fr\u00fchling, Sommer, Herbst oder Winter? Alle! Sommer wie Winter in die Berge - im Sommer wandern, im Winter Schifahren. Im Fr\u00fchling liebe ich es, mit meinen T\u00f6chtern Blumen zu pfl\u00fccken, im Herbst Bl\u00e4tter und Kastanien zu sammeln. Im Sommer k\u00f6nnte ich tagesf\u00fcllend durch die Salzburger und die Halleiner Altstadt flanieren, im Winter die Christkindlm\u00e4rkte im ganzen SalzburgerLand genie\u00dfen. Es ist einfach immer sch\u00f6n bei uns! Morgen- oder Abendmensch? Irgendwie beides! Zeitig raus aus den Federn und den Vormittag f\u00fcr die Schreiberei nutzen und mit meinen Kund*innen genie\u00dfen. Nachmittags sind meine Kids dran und wenn Abends noch Energie \u00fcbrig ist, darf es gerne eine gem\u00fctliche Runde mit Freunden und guten Gespr\u00e4chen sein. Buch oder Film? Ich habe schon immer gern gelesen. Seit ich mich auch intensiv dem Schreiben widme, brauche ich fast \u00fcberhaupt keine Filme mehr zum Zeitvertreib. Kr\u00e4utertee oder Zirbenschnaps? Ich liebe die frischen Kr\u00e4utertees der zahlreichen Kr\u00e4uterfeen, die in und um Salzburg das alte Wissen um Heilkr\u00e4uter, Wald- und Wiesensch\u00e4tze bewahren und weitergeben. Zirbenschnaps mag ich aber auch ;-) Dirndl oder Abendrobe? Dirndl und Lederhose! Immer fesch, immer gem\u00fctlich und immer passend! Ich freue mich unglaublich, dass beides in den letzten Jahren wieder Einzug in den Salzburger Alltag gehalten hat. Dein pers\u00f6nlicher Logenplatz im SalzburgerLand? Ich sch\u00e4tze meine Heimatgemeinde Anif sehr. Von hier aus ist man in wenigen Minuten in Salzburg oder Hallein und direkt im Gr\u00fcnen. Mein pers\u00f6nlicher Kraftplatz liegt im Lungau am Fanningberg, wo ich mit Vorliebe Energie tanke.\",\"url\":\"https:\\\/\\\/www.salzburgerland.com\\\/de\\\/magazin\\\/author\\\/andrea-conrad\\\/\"}]}<\/script>\n<!-- \/ Yoast SEO Premium plugin. -->","yoast_head_json":{"title":"5 Dinge, die man \u00fcber Sonnenskilauf wissen sollte - SalzburgerLand Magazin","description":"Im beginnenden Fr\u00fchjahr ist es besonders verlockend, noch einmal in die Skischuhe oder Snowboardboots zu schl\u00fcpfen und den Winter gem\u00fctlich mit entspanntem Sonnenskilauf im SalzburgerLand ausklingen zu lassen. Wir haben 5 Tipps f\u00fcr euch zusammengestellt, damit der Sonnenskilauf zu einem unvergesslichen Erlebnis wird.","robots":{"index":"index","follow":"follow","max-snippet":"max-snippet:-1","max-image-preview":"max-image-preview:large","max-video-preview":"max-video-preview:-1"},"canonical":"https:\/\/www.salzburgerland.com\/de\/magazin\/5-dinge-die-sie-ueber-sonnenskilauf-wissen-sollten\/","og_locale":"de_DE","og_type":"article","og_title":"5 Dinge, die man \u00fcber Sonnenskilauf wissen sollte","og_description":"1. Auf die Sonnencreme nicht vergessen Untersch\u00e4tzt keinesfalls die immer st\u00e4rker werdende Kraft der Sonne. Denkt daher daran, euch vor dem Sonnenskilauf gut einzucremen, damit die empfindliche, noch nicht an die Sonne gew\u00f6hnte, Winterhaut nicht gleich einen Sonnenbrand bekommt. Besonders Kinderhaut ist jetzt anf\u00e4llig und sollte gut gesch\u00fctzt werden! 2. Fr\u00fchaufsteher aufgepasst Die Sonne lacht [&hellip;]","og_url":"https:\/\/www.salzburgerland.com\/de\/magazin\/5-dinge-die-sie-ueber-sonnenskilauf-wissen-sollten\/","og_site_name":"SalzburgerLand Magazin","article_publisher":"https:\/\/www.facebook.com\/salzburgerland\/","article_published_time":"2019-02-25T07:09:57+00:00","article_modified_time":"2022-03-04T07:53:43+00:00","og_image":[{"width":1920,"height":1280,"url":"https:\/\/www.salzburgerland.com\/de\/magazin\/wp-content\/uploads\/2019\/02\/RS2130_2018-02-05-SLT-Skishooting-by-Michael-Groessinger-1375-lpr.jpg","type":"image\/jpeg"}],"author":"Andrea Conrad","twitter_card":"summary_large_image","twitter_creator":"@Salzburgerland","twitter_site":"@Salzburgerland","twitter_misc":{"Verfasst von":"Andrea Conrad","Gesch\u00e4tzte Lesezeit":"3\u00a0Minuten"},"schema":{"@context":"https:\/\/schema.org","@graph":[{"@type":"Article","@id":"https:\/\/www.salzburgerland.com\/de\/magazin\/5-dinge-die-sie-ueber-sonnenskilauf-wissen-sollten\/#article","isPartOf":{"@id":"https:\/\/www.salzburgerland.com\/de\/magazin\/5-dinge-die-sie-ueber-sonnenskilauf-wissen-sollten\/"},"author":{"name":"Andrea Conrad","@id":"https:\/\/www.salzburgerland.com\/de\/magazin\/#\/schema\/person\/c767f4347f744071f6184dcceaa12e1e"},"headline":"5 Dinge, die man \u00fcber Sonnenskilauf wissen sollte","datePublished":"2019-02-25T07:09:57+00:00","dateModified":"2022-03-04T07:53:43+00:00","mainEntityOfPage":{"@id":"https:\/\/www.salzburgerland.com\/de\/magazin\/5-dinge-die-sie-ueber-sonnenskilauf-wissen-sollten\/"},"wordCount":468,"commentCount":0,"publisher":{"@id":"https:\/\/www.salzburgerland.com\/de\/magazin\/#organization"},"image":{"@id":"https:\/\/www.salzburgerland.com\/de\/magazin\/5-dinge-die-sie-ueber-sonnenskilauf-wissen-sollten\/#primaryimage"},"thumbnailUrl":"https:\/\/www.salzburgerland.com\/de\/magazin\/wp-content\/uploads\/2019\/02\/RS2130_2018-02-05-SLT-Skishooting-by-Michael-Groessinger-1375-lpr.jpg","articleSection":["Outdoor &amp; Sport"],"inLanguage":"de","potentialAction":[{"@type":"CommentAction","name":"Comment","target":["https:\/\/www.salzburgerland.com\/de\/magazin\/5-dinge-die-sie-ueber-sonnenskilauf-wissen-sollten\/#respond"]}]},{"@type":"WebPage","@id":"https:\/\/www.salzburgerland.com\/de\/magazin\/5-dinge-die-sie-ueber-sonnenskilauf-wissen-sollten\/","url":"https:\/\/www.salzburgerland.com\/de\/magazin\/5-dinge-die-sie-ueber-sonnenskilauf-wissen-sollten\/","name":"5 Dinge, die man \u00fcber Sonnenskilauf wissen sollte - SalzburgerLand Magazin","isPartOf":{"@id":"https:\/\/www.salzburgerland.com\/de\/magazin\/#website"},"primaryImageOfPage":{"@id":"https:\/\/www.salzburgerland.com\/de\/magazin\/5-dinge-die-sie-ueber-sonnenskilauf-wissen-sollten\/#primaryimage"},"image":{"@id":"https:\/\/www.salzburgerland.com\/de\/magazin\/5-dinge-die-sie-ueber-sonnenskilauf-wissen-sollten\/#primaryimage"},"thumbnailUrl":"https:\/\/www.salzburgerland.com\/de\/magazin\/wp-content\/uploads\/2019\/02\/RS2130_2018-02-05-SLT-Skishooting-by-Michael-Groessinger-1375-lpr.jpg","datePublished":"2019-02-25T07:09:57+00:00","dateModified":"2022-03-04T07:53:43+00:00","breadcrumb":{"@id":"https:\/\/www.salzburgerland.com\/de\/magazin\/5-dinge-die-sie-ueber-sonnenskilauf-wissen-sollten\/#breadcrumb"},"inLanguage":"de","potentialAction":[{"@type":"ReadAction","target":["https:\/\/www.salzburgerland.com\/de\/magazin\/5-dinge-die-sie-ueber-sonnenskilauf-wissen-sollten\/"]}]},{"@type":"ImageObject","inLanguage":"de","@id":"https:\/\/www.salzburgerland.com\/de\/magazin\/5-dinge-die-sie-ueber-sonnenskilauf-wissen-sollten\/#primaryimage","url":"https:\/\/www.salzburgerland.com\/de\/magazin\/wp-content\/uploads\/2019\/02\/RS2130_2018-02-05-SLT-Skishooting-by-Michael-Groessinger-1375-lpr.jpg","contentUrl":"https:\/\/www.salzburgerland.com\/de\/magazin\/wp-content\/uploads\/2019\/02\/RS2130_2018-02-05-SLT-Skishooting-by-Michael-Groessinger-1375-lpr.jpg","width":1920,"height":1280,"caption":"Ein Paar in Winterjacken entspannt sich im Schnee mit verschneiten Bergen und B\u00e4umen im Hintergrund."},{"@type":"BreadcrumbList","@id":"https:\/\/www.salzburgerland.com\/de\/magazin\/5-dinge-die-sie-ueber-sonnenskilauf-wissen-sollten\/#breadcrumb","itemListElement":[{"@type":"ListItem","position":1,"name":"Startseite","item":"https:\/\/www.salzburgerland.com\/de\/magazin\/"},{"@type":"ListItem","position":2,"name":"Outdoor &amp; Sport","item":"https:\/\/www.salzburgerland.com\/de\/magazin\/thema\/outdoor-sport\/"},{"@type":"ListItem","position":3,"name":"5 Dinge, die man \u00fcber Sonnenskilauf wissen sollte"}]},{"@type":"WebSite","@id":"https:\/\/www.salzburgerland.com\/de\/magazin\/#website","url":"https:\/\/www.salzburgerland.com\/de\/magazin\/","name":"SalzburgerLand Magazin","description":"Geschichten und Interessantes aus dem SalzburgerLand","publisher":{"@id":"https:\/\/www.salzburgerland.com\/de\/magazin\/#organization"},"potentialAction":[{"@type":"SearchAction","target":{"@type":"EntryPoint","urlTemplate":"https:\/\/www.salzburgerland.com\/de\/magazin\/?s={search_term_string}"},"query-input":{"@type":"PropertyValueSpecification","valueRequired":true,"valueName":"search_term_string"}}],"inLanguage":"de"},{"@type":"Organization","@id":"https:\/\/www.salzburgerland.com\/de\/magazin\/#organization","name":"SalzburgerLand Tourismus","url":"https:\/\/www.salzburgerland.com\/de\/magazin\/","logo":{"@type":"ImageObject","inLanguage":"de","@id":"https:\/\/www.salzburgerland.com\/de\/magazin\/#\/schema\/logo\/image\/","url":"https:\/\/www.salzburgerland.com\/de\/magazin\/wp-content\/uploads\/2019\/06\/salzburgerland-logo1.jpg","contentUrl":"https:\/\/www.salzburgerland.com\/de\/magazin\/wp-content\/uploads\/2019\/06\/salzburgerland-logo1.jpg","width":2011,"height":866,"caption":"SalzburgerLand Tourismus"},"image":{"@id":"https:\/\/www.salzburgerland.com\/de\/magazin\/#\/schema\/logo\/image\/"},"sameAs":["https:\/\/www.facebook.com\/salzburgerland\/","https:\/\/x.com\/Salzburgerland","https:\/\/www.instagram.com\/salzburgerland\/","https:\/\/at.linkedin.com\/company\/salzburgerland-tourismus-gmbh","https:\/\/www.pinterest.at\/salzburgerland\/","https:\/\/www.youtube.com\/user\/salzburgerland","https:\/\/de.wikipedia.org\/wiki\/SalzburgerLand_Tourismus_GmbH"]},{"@type":"Person","@id":"https:\/\/www.salzburgerland.com\/de\/magazin\/#\/schema\/person\/c767f4347f744071f6184dcceaa12e1e","name":"Andrea Conrad","description":"Aufgewachsen in Anif, Salzburgs gr\u00fcnem S\u00fcden, und zur Schule gegangen in der sch\u00f6nen Keltenstadt Hallein zog es sie nach der Matura nach Wien. Nach der Ausbildung zur Diplomierten Tourismuskauffrau im Modul in Wien und einigen Jahren im Wiener Tourismus kehrte sie \u00fcber S\u00fcdtirol und Hinterglemm nach Salzburg zur\u00fcck. 2010 und 2012 bekam sie hier ihre beiden T\u00f6chter, mit denen sie wieder in Anif heimisch geworden ist. Seit einigen Jahren ist sie nun als bed\u00fcrfnis- und l\u00f6sungsorientierte, ganzheitliche Humanenergetikerin und Systemische Coachin in eigener Praxis in Anif t\u00e4tig. Derzeit befindet sie sich in Ausbildung zur Lebens- und Sozialberaterin. Ehrenamtlich engagiert sie sich f\u00fcr den Verein #estutnichtweh, der sich unter dem Motto \"Mit uns wandert der M\u00fcll vom Berg ins Tal\" um die S\u00e4uberung der Bergwelt k\u00fcmmert. Wie hat da auch noch das Schreiben Platz? Geschichten zu schreiben ist ihr kreatives Ventil; eher unbeachtete, regionale Nischenthemen zu entdecken und bekannt zu machen, ihre gro\u00dfe Leidenschaft. Hobbies? Ihre freie Zeit verbringt sie am liebsten mit ihren Kindern und ihren Ausbildungen. Die Phantasie l\u00e4sst sie durch B\u00fccher reisen, Erdung holt sie sich in ihrem Blumen- und Gem\u00fcsegarten und beim Wandern und M\u00fcllsammeln in den Bergen des SalzburgerLandes. Fr\u00fchling, Sommer, Herbst oder Winter? Alle! Sommer wie Winter in die Berge - im Sommer wandern, im Winter Schifahren. Im Fr\u00fchling liebe ich es, mit meinen T\u00f6chtern Blumen zu pfl\u00fccken, im Herbst Bl\u00e4tter und Kastanien zu sammeln. Im Sommer k\u00f6nnte ich tagesf\u00fcllend durch die Salzburger und die Halleiner Altstadt flanieren, im Winter die Christkindlm\u00e4rkte im ganzen SalzburgerLand genie\u00dfen. Es ist einfach immer sch\u00f6n bei uns! Morgen- oder Abendmensch? Irgendwie beides! Zeitig raus aus den Federn und den Vormittag f\u00fcr die Schreiberei nutzen und mit meinen Kund*innen genie\u00dfen. Nachmittags sind meine Kids dran und wenn Abends noch Energie \u00fcbrig ist, darf es gerne eine gem\u00fctliche Runde mit Freunden und guten Gespr\u00e4chen sein. Buch oder Film? Ich habe schon immer gern gelesen. Seit ich mich auch intensiv dem Schreiben widme, brauche ich fast \u00fcberhaupt keine Filme mehr zum Zeitvertreib. Kr\u00e4utertee oder Zirbenschnaps? Ich liebe die frischen Kr\u00e4utertees der zahlreichen Kr\u00e4uterfeen, die in und um Salzburg das alte Wissen um Heilkr\u00e4uter, Wald- und Wiesensch\u00e4tze bewahren und weitergeben. Zirbenschnaps mag ich aber auch ;-) Dirndl oder Abendrobe? Dirndl und Lederhose! Immer fesch, immer gem\u00fctlich und immer passend! Ich freue mich unglaublich, dass beides in den letzten Jahren wieder Einzug in den Salzburger Alltag gehalten hat. Dein pers\u00f6nlicher Logenplatz im SalzburgerLand? Ich sch\u00e4tze meine Heimatgemeinde Anif sehr. Von hier aus ist man in wenigen Minuten in Salzburg oder Hallein und direkt im Gr\u00fcnen. Mein pers\u00f6nlicher Kraftplatz liegt im Lungau am Fanningberg, wo ich mit Vorliebe Energie tanke.","url":"https:\/\/www.salzburgerland.com\/de\/magazin\/author\/andrea-conrad\/"}]}},"_wl_alt_label":[],"wl:entity_url":"http:\/\/open.salzburgerland.com\/magazin\/post\/5_dinge__die_sie_ueber_sonnenskilauf_wissen_sollten","_links":{"self":[{"href":"https:\/\/www.salzburgerland.com\/de\/magazin\/wp-json\/wp\/v2\/posts\/113103","targetHints":{"allow":["GET"]}}],"collection":[{"href":"https:\/\/www.salzburgerland.com\/de\/magazin\/wp-json\/wp\/v2\/posts"}],"about":[{"href":"https:\/\/www.salzburgerland.com\/de\/magazin\/wp-json\/wp\/v2\/types\/post"}],"author":[{"embeddable":true,"href":"https:\/\/www.salzburgerland.com\/de\/magazin\/wp-json\/wp\/v2\/users\/535"}],"replies":[{"embeddable":true,"href":"https:\/\/www.salzburgerland.com\/de\/magazin\/wp-json\/wp\/v2\/comments?post=113103"}],"version-history":[{"count":5,"href":"https:\/\/www.salzburgerland.com\/de\/magazin\/wp-json\/wp\/v2\/posts\/113103\/revisions"}],"predecessor-version":[{"id":161246,"href":"https:\/\/www.salzburgerland.com\/de\/magazin\/wp-json\/wp\/v2\/posts\/113103\/revisions\/161246"}],"wp:featuredmedia":[{"embeddable":true,"href":"https:\/\/www.salzburgerland.com\/de\/magazin\/wp-json\/wp\/v2\/media\/160997"}],"wp:attachment":[{"href":"https:\/\/www.salzburgerland.com\/de\/magazin\/wp-json\/wp\/v2\/media?parent=113103"}],"wp:term":[{"taxonomy":"category","embeddable":true,"href":"https:\/\/www.salzburgerland.com\/de\/magazin\/wp-json\/wp\/v2\/categories?post=113103"},{"taxonomy":"post_tag","embeddable":true,"href":"https:\/\/www.salzburgerland.com\/de\/magazin\/wp-json\/wp\/v2\/tags?post=113103"},{"taxonomy":"wl_entity_type","embeddable":true,"href":"https:\/\/www.salzburgerland.com\/de\/magazin\/wp-json\/wp\/v2\/wl_entity_type?post=113103"},{"taxonomy":"monatsauswahl","embeddable":true,"href":"https:\/\/www.salzburgerland.com\/de\/magazin\/wp-json\/wp\/v2\/monatsauswahl?post=113103"}],"curies":[{"name":"wp","href":"https:\/\/api.w.org\/{rel}","templated":true}]}}