{"id":112992,"date":"2017-02-22T13:38:21","date_gmt":"2017-02-22T12:38:21","guid":{"rendered":"https:\/\/www.salzburgerland.com\/de\/magazin\/?p=112992"},"modified":"2017-03-02T10:24:16","modified_gmt":"2017-03-02T09:24:16","slug":"marcel-hirscher-ueber-gutes-essen-und-kulinarische-vorlieben","status":"publish","type":"post","link":"https:\/\/www.salzburgerland.com\/de\/magazin\/marcel-hirscher-ueber-gutes-essen-und-kulinarische-vorlieben\/","title":{"rendered":"Marcel Hirscher \u00fcber gutes Essen und kulinarische Vorlieben"},"content":{"rendered":"<p><strong>Marcel Hirscher hat die WM 2017 in St. Moritz gerockt: Mit Gold im Riesentorlauf, Gold im Slalom und Silber in der Kombination ist der Salzburger der mit Abstand erfolgreichste Athlet dieser Weltmeisterschaft. Einige seiner Erfolgsgeheimnisse hat er schon f\u00fcr uns gel\u00fcftet: Ehrgeiz und Perfektionismus geh\u00f6ren dazu. Noch bevor Marcel Hirscher nach St. Moritz aufgebrochen ist, hat er mit uns \u00fcber das Thema Ern\u00e4hrung gesprochen und uns ein paar Fragen zu seinen kulinarischen Wurzeln und Vorlieben beantwortet. <\/strong><\/p>\n<p>Eine gesunde und ausgewogene Ern\u00e4hrung geh\u00f6rt f\u00fcr den Spitzenathleten und WM-Star 2017 Marcel Hirscher zum Alltag wie das t\u00e4gliche Training. Das SalzburgerLand ist mit seinen hier beheimateten Lieferanten und hochwertigen Produkten ein Eldorado f\u00fcr alle, die sich bewusst ern\u00e4hren m\u00f6chten. Allein beim Thema <a href=\"https:\/\/www.salzburgerland.com\/de\/bioparadies-salzburgerland\/\" target=\"_blank\">Bio<\/a> ist Salzburg seit Jahren europaweiter Spitzenreiter: Nirgendwo sonst gibt es so viele biologisch bzw. bio-dynamisch produzierende Landwirte und Milchviehbauern. Der Spitzensportler und beste Skifahrer der Welt Marcel Hirscher wuchs mit der guten, bodenst\u00e4ndigen K\u00fcche seiner Mutter Sylvia auf. Obwohl sie Holl\u00e4nderin ist, hat sie als H\u00fcttenwirtin schnell die Gerichte ihrer neuen Heimat ins Repertoire aufgenommen. Und w\u00e4hrend sich seine Freundin Laura in ihrem Instagram-Account begeistert zum Ern\u00e4hrungstrend \u201ePaleo\u201c bekennt, h\u00e4lt er es vor allem mit einem: Abwechslung, Saisonalit\u00e4t und Regionalit\u00e4t. Seit diesem Jahr ist er <a href=\"https:\/\/www.salzburgerland.com\/de\/was-ist-die-via-culinaria\/\" target=\"_blank\">Via Culinaria-<\/a>Genussbotschafter f\u00fcr seine Heimat, den Tennengau, wo er w\u00e4hrend der Sommermonate lebt.<\/p>\n<p><strong>Marcel, was sind deine ersten kulinarischen Kindheitserinnerungen?<br \/>\n <\/strong>Meine Eltern waren H\u00fcttenwirte auf der <a href=\"https:\/\/www.salzburgerland.com\/de\/magazin\/marcel-hirscher-kehrt-zurueck-zu-seinen-wurzeln\/\" target=\"_blank\">Stuhlalm in Annaberg<\/a> und so haben auch mein Bruder und ich viele Jahre \u00fcber die Sommermonate auf der Alm verbracht: Meine Eltern haben die Wanderer mit einfachen typischen Gerichten wie Kaiserschmarrn, Wiener Schnitzel und Gamsgulasch verk\u00f6stigt. Ich bin mit einer ausgewogenen Hausmannskost aufgewachsen \u2013 bodenst\u00e4ndig, aber ehrlich. Was ich als kleiner Bub gar nicht ausstehen konnte, waren Kohlsprossen und Spinat, doch heute esse ich beides gerne.<\/p>\n<p><strong>Bei welchen Gerichten kannst du noch heute schwer widerstehen?<br \/>\n <\/strong>Also eine klassische Speckjause ist etwas, bei dem ich definitiv nicht nein sagen kann. Ist vielleicht nicht die optimale Sportlerern\u00e4hrung, doch hin und wieder, zuhause auf einer der vielen gem\u00fctlichen H\u00fctten, ein Muss. Au\u00dferdem esse ich nach wie vor gerne Kaiserschmarrn,\u00a0meine liebste S\u00fc\u00dfspeise. Auf meinen Reisen rund um den Globus esse ich h\u00e4ufig Filetsteaks vom Rind. Das schmeckt \u00fcberall gut, wenn die Qualit\u00e4t stimmt und es richtig zubereitet ist.<\/p>\n<p><strong>Was ist f\u00fcr dich ein ganz besonderer kulinarischer Schatz deiner Heimat?<br \/>\n <\/strong>Definitiv das klare und saubere Wasser. Sogar das Wasser der Lammer, meinem pers\u00f6nlichen Kajak-Hotspot, verf\u00fcgt \u00fcber Trinkwasserqualit\u00e4t. Wasser bildet die Basis f\u00fcr so viele Gerichte und einfach den Hahn aufzudrehen und bestes Wasser zu genie\u00dfen, ist purer Luxus, den wir alle zu sch\u00e4tzen wissen sollten.<\/p>\n<p><strong>Was ist deine pers\u00f6nliche Genuss-Adresse im Tennengau?<br \/>\n <\/strong>Das <a href=\"https:\/\/www.salzburgerland.com\/de\/magazin\/winterstellgut-gastfreundschaft-mit-herz-und-seele\/\" target=\"_blank\">Winterstellgut in Annaberg<\/a>: Mit Erwin Werlberger steht hier ein extrem sensibler und achtsamer Mann am Herd, der ganz genau drauf schaut, von wo die Produkte kommen. Ich w\u00fcrde sagen, dass er fast 100 % seiner Lieferanten pers\u00f6nlich kennt. Dort esse ich regelm\u00e4\u00dfig und da brauche ich gar nicht in die Karte zu schauen. Erwin wei\u00df genau, was mir schmeckt.<\/p>\n<div class=\"mag-gallery\"><div class=\"row\"><div class=\"col-6 col-sm-4\"><figure><a class=\"thumb-container\" href=\"https:\/\/www.salzburgerland.com\/de\/magazin\/wp-content\/uploads\/2017\/02\/RS1244_DSC_0299-lpr-Kopie-1280x1024.jpg\">\t<picture><source media=\"(min-width: 576px)\" srcset=\"https:\/\/www.salzburgerland.com\/de\/magazin\/wp-content\/uploads\/2017\/02\/RS1244_DSC_0299-lpr-Kopie-325x209.jpg 325w, https:\/\/www.salzburgerland.com\/de\/magazin\/wp-content\/uploads\/2017\/02\/RS1244_DSC_0299-lpr-Kopie-249x160.jpg 249w\" \/><source media=\"(min-width: 0)\" srcset=\"https:\/\/www.salzburgerland.com\/de\/magazin\/wp-content\/uploads\/2017\/02\/RS1244_DSC_0299-lpr-Kopie-249x160.jpg 249w, https:\/\/www.salzburgerland.com\/de\/magazin\/wp-content\/uploads\/2017\/02\/RS1244_DSC_0299-lpr-Kopie-325x209.jpg 325w\" \/><img decoding=\"async\" alt=\"Charcuterie-Brett mit verschiedenen Fleisch- und K\u00e4sesorten, geschnittenen Zwiebeln, Trauben, Ei, Essiggurken und Tomaten.\" src=\"https:\/\/www.salzburgerland.com\/de\/magazin\/wp-content\/uploads\/2017\/02\/RS1244_DSC_0299-lpr-Kopie.jpg\" \/>\t<\/picture><\/a><\/figure><\/div><div class=\"col-6 col-sm-4\"><figure><a class=\"thumb-container\" href=\"https:\/\/www.salzburgerland.com\/de\/magazin\/wp-content\/uploads\/2017\/02\/RS1167_DSC_9160-lpr-Kopie-1280x1024.jpg\">\t<picture><source media=\"(min-width: 576px)\" srcset=\"https:\/\/www.salzburgerland.com\/de\/magazin\/wp-content\/uploads\/2017\/02\/RS1167_DSC_9160-lpr-Kopie-325x209.jpg 325w, https:\/\/www.salzburgerland.com\/de\/magazin\/wp-content\/uploads\/2017\/02\/RS1167_DSC_9160-lpr-Kopie-249x160.jpg 249w\" \/><source media=\"(min-width: 0)\" srcset=\"https:\/\/www.salzburgerland.com\/de\/magazin\/wp-content\/uploads\/2017\/02\/RS1167_DSC_9160-lpr-Kopie-249x160.jpg 249w, https:\/\/www.salzburgerland.com\/de\/magazin\/wp-content\/uploads\/2017\/02\/RS1167_DSC_9160-lpr-Kopie-325x209.jpg 325w\" \/><img decoding=\"async\" alt=\"Ein Teller mit puderzuckerbest\u00e4ubtem Kaiserschmarrn mit einem Glas Fruchtmarmelade und einem L\u00f6ffel an der Seite.\" src=\"https:\/\/www.salzburgerland.com\/de\/magazin\/wp-content\/uploads\/2017\/02\/RS1167_DSC_9160-lpr-Kopie.jpg\" \/>\t<\/picture><\/a><\/figure><\/div><div class=\"col-6 col-sm-4\"><figure><a class=\"thumb-container\" href=\"https:\/\/www.salzburgerland.com\/de\/magazin\/wp-content\/uploads\/2017\/02\/RS226_330-Wieseralm-lpr-1280x1024.jpg\">\t<picture><source media=\"(min-width: 576px)\" srcset=\"\" \/><source media=\"(min-width: 0)\" srcset=\"https:\/\/www.salzburgerland.com\/de\/magazin\/wp-content\/uploads\/2017\/02\/RS226_330-Wieseralm-lpr.jpg 801w, https:\/\/www.salzburgerland.com\/de\/magazin\/wp-content\/uploads\/2017\/02\/RS226_330-Wieseralm-lpr-200x300.jpg 200w, https:\/\/www.salzburgerland.com\/de\/magazin\/wp-content\/uploads\/2017\/02\/RS226_330-Wieseralm-lpr-367x550.jpg 367w, https:\/\/www.salzburgerland.com\/de\/magazin\/wp-content\/uploads\/2017\/02\/RS226_330-Wieseralm-lpr-267x400.jpg 267w\" \/><img decoding=\"async\" alt=\"Ein plattiertes Steak mit Champignons, Kirschtomaten und geschnittenem Gem\u00fcse, gehalten von einer Person in Blue Jeans.\" src=\"https:\/\/www.salzburgerland.com\/de\/magazin\/wp-content\/uploads\/2017\/02\/RS226_330-Wieseralm-lpr.jpg\" \/>\t<\/picture><\/a><\/figure><\/div><\/div><\/div><figcaption><\/figcaption>\n<h3>Marcel Hirscher zum Thema \u201eEssen\u201c im Wordrap:<\/h3>\n<p><strong>W\u00e4hrend der Rennsaison achte ich vermehrt darauf, <\/strong>\u2026 dass ich mich ausgewogen und gesund ern\u00e4hre.<\/p>\n<p><strong>Die Themen Bio und Regionalit\u00e4t sind <\/strong>\u2026 f\u00fcr mich beim Einkauf sehr wichtig.<\/p>\n<p><strong>Gut in den Tag starte ich mit einem Fr\u00fchst\u00fcck, bestehend aus<\/strong> \u2026 Eiern, M\u00fcsli und Tee.<\/p>\n<p><strong>Zu meinen liebsten niederl\u00e4ndischen Gerichten geh\u00f6ren<\/strong> \u2026 Fischgerichte.<\/p>\n<p><strong>Jeden Tag essen k\u00f6nnte ich<\/strong> \u2026 eine Brettljause.<\/p>\n<h3>UND 7 ENTWEDER ODERS:<\/h3>\n<p>APFEL ODER AVOCADO? Apfel<\/p>\n<p>GUT DURCH ODER MEDIUM RARE? Medium rare<\/p>\n<p>SCHNAPS ODER BIER? Bier<\/p>\n<p>ZIEGE ODER SCHAF? Lamm<\/p>\n<p>M\u00dcSLIRIEGEL ODER KLETZENBROT? Kletzenbrot<\/p>\n<p>MARMORKUCHEN ODER SCHWARZBEERNOCKEN? Beides nicht so gerne<\/p>\n<p>KAISERSEMMEL ODER VOLLKORNBROT? Vollkornbrot<\/p>\n","protected":false},"excerpt":{"rendered":"<p>Marcel Hirscher hat die WM 2017 in St. Moritz gerockt: Mit Gold im Riesentorlauf, Gold im Slalom und Silber in der Kombination ist der Salzburger der mit Abstand erfolgreichste Athlet dieser Weltmeisterschaft. Einige seiner Erfolgsgeheimnisse hat er schon f\u00fcr uns gel\u00fcftet: Ehrgeiz und Perfektionismus geh\u00f6ren dazu. Noch bevor Marcel Hirscher nach St. Moritz aufgebrochen ist, [&hellip;]<\/p>\n","protected":false},"author":226,"featured_media":107883,"comment_status":"open","ping_status":"open","sticky":false,"template":"","format":"standard","meta":{"_acf_changed":false,"wl_entities_gutenberg":"","_wl_entity_redirect_enabled":"","footnotes":""},"categories":[8],"tags":[238,239],"wl_entity_type":[306],"monatsauswahl":[82,83,84,85,86,87,88,89,90,91,92,93],"class_list":["post-112992","post","type-post","status-publish","format-standard","has-post-thumbnail","hentry","category-outdoor-sport","tag-marcel","tag-marcel-hirscher","wl_entity_type-article","monatsauswahl-monat_1","monatsauswahl-monat_2","monatsauswahl-monat_3","monatsauswahl-monat_4","monatsauswahl-monat_5","monatsauswahl-monat_6","monatsauswahl-monat_7","monatsauswahl-monat_8","monatsauswahl-monat_9","monatsauswahl-monat_10","monatsauswahl-monat_11","monatsauswahl-monat_12"],"acf":[],"yoast_head":"<!-- This site is optimized with the Yoast SEO Premium plugin v27.4 (Yoast SEO v27.4) - https:\/\/yoast.com\/product\/yoast-seo-premium-wordpress\/ -->\n<title>Marcel Hirscher \u00fcber gutes Essen und kulinarische Vorlieben - SalzburgerLand Magazin<\/title>\n<meta name=\"description\" content=\"Marcel Hirscher hat die WM 2017 in St. Moritz gerockt: Mit Gold im Riesentorlauf, Gold im Slalom und Silber in der Kombination ist der Salzburger der mit Abstand erfolgreichste Athlet dieser Weltmeisterschaft. Einige seiner Erfolgsgeheimnisse hat er schon f\u00fcr uns gel\u00fcftet: Ehrgeiz und Perfektionismus geh\u00f6ren dazu. Noch bevor Marcel Hirscher nach St. Moritz aufgebrochen ist, [&hellip;]\" \/>\n<meta name=\"robots\" content=\"index, follow, max-snippet:-1, max-image-preview:large, max-video-preview:-1\" \/>\n<link rel=\"canonical\" href=\"https:\/\/www.salzburgerland.com\/de\/magazin\/marcel-hirscher-ueber-gutes-essen-und-kulinarische-vorlieben\/\" \/>\n<meta property=\"og:locale\" content=\"de_DE\" \/>\n<meta property=\"og:type\" content=\"article\" \/>\n<meta property=\"og:title\" content=\"Marcel Hirscher \u00fcber gutes Essen und kulinarische Vorlieben\" \/>\n<meta property=\"og:description\" content=\"Marcel Hirscher hat die WM 2017 in St. Moritz gerockt: Mit Gold im Riesentorlauf, Gold im Slalom und Silber in der Kombination ist der Salzburger der mit Abstand erfolgreichste Athlet dieser Weltmeisterschaft. Einige seiner Erfolgsgeheimnisse hat er schon f\u00fcr uns gel\u00fcftet: Ehrgeiz und Perfektionismus geh\u00f6ren dazu. Noch bevor Marcel Hirscher nach St. Moritz aufgebrochen ist, [&hellip;]\" \/>\n<meta property=\"og:url\" content=\"https:\/\/www.salzburgerland.com\/de\/magazin\/marcel-hirscher-ueber-gutes-essen-und-kulinarische-vorlieben\/\" \/>\n<meta property=\"og:site_name\" content=\"SalzburgerLand Magazin\" \/>\n<meta property=\"article:publisher\" content=\"https:\/\/www.facebook.com\/salzburgerland\/\" \/>\n<meta property=\"article:published_time\" content=\"2017-02-22T12:38:21+00:00\" \/>\n<meta property=\"article:modified_time\" content=\"2017-03-02T09:24:16+00:00\" \/>\n<meta property=\"og:image\" content=\"https:\/\/www.salzburgerland.com\/de\/magazin\/wp-content\/uploads\/2016\/07\/SLT_Medienevent_Hirscher_12.jpg\" \/>\n\t<meta property=\"og:image:width\" content=\"1600\" \/>\n\t<meta property=\"og:image:height\" content=\"1067\" \/>\n\t<meta property=\"og:image:type\" content=\"image\/jpeg\" \/>\n<meta name=\"author\" content=\"Franziska Lipp\" \/>\n<meta name=\"twitter:card\" content=\"summary_large_image\" \/>\n<meta name=\"twitter:creator\" content=\"@Salzburgerland\" \/>\n<meta name=\"twitter:site\" content=\"@Salzburgerland\" \/>\n<meta name=\"twitter:label1\" content=\"Verfasst von\" \/>\n\t<meta name=\"twitter:data1\" content=\"Franziska Lipp\" \/>\n\t<meta name=\"twitter:label2\" content=\"Gesch\u00e4tzte Lesezeit\" \/>\n\t<meta name=\"twitter:data2\" content=\"3\u00a0Minuten\" \/>\n<script type=\"application\/ld+json\" class=\"yoast-schema-graph\">{\"@context\":\"https:\\\/\\\/schema.org\",\"@graph\":[{\"@type\":\"Article\",\"@id\":\"https:\\\/\\\/www.salzburgerland.com\\\/de\\\/magazin\\\/marcel-hirscher-ueber-gutes-essen-und-kulinarische-vorlieben\\\/#article\",\"isPartOf\":{\"@id\":\"https:\\\/\\\/www.salzburgerland.com\\\/de\\\/magazin\\\/marcel-hirscher-ueber-gutes-essen-und-kulinarische-vorlieben\\\/\"},\"author\":{\"name\":\"Franziska Lipp\",\"@id\":\"https:\\\/\\\/www.salzburgerland.com\\\/de\\\/magazin\\\/#\\\/schema\\\/person\\\/de63f37594c18fae834230774d6a2704\"},\"headline\":\"Marcel Hirscher \u00fcber gutes Essen und kulinarische Vorlieben\",\"datePublished\":\"2017-02-22T12:38:21+00:00\",\"dateModified\":\"2017-03-02T09:24:16+00:00\",\"mainEntityOfPage\":{\"@id\":\"https:\\\/\\\/www.salzburgerland.com\\\/de\\\/magazin\\\/marcel-hirscher-ueber-gutes-essen-und-kulinarische-vorlieben\\\/\"},\"wordCount\":661,\"commentCount\":0,\"publisher\":{\"@id\":\"https:\\\/\\\/www.salzburgerland.com\\\/de\\\/magazin\\\/#organization\"},\"image\":{\"@id\":\"https:\\\/\\\/www.salzburgerland.com\\\/de\\\/magazin\\\/marcel-hirscher-ueber-gutes-essen-und-kulinarische-vorlieben\\\/#primaryimage\"},\"thumbnailUrl\":\"https:\\\/\\\/www.salzburgerland.com\\\/de\\\/magazin\\\/wp-content\\\/uploads\\\/2016\\\/07\\\/SLT_Medienevent_Hirscher_12.jpg\",\"keywords\":[\"Marcel\",\"Marcel Hirscher\"],\"articleSection\":[\"Outdoor &amp; Sport\"],\"inLanguage\":\"de\",\"potentialAction\":[{\"@type\":\"CommentAction\",\"name\":\"Comment\",\"target\":[\"https:\\\/\\\/www.salzburgerland.com\\\/de\\\/magazin\\\/marcel-hirscher-ueber-gutes-essen-und-kulinarische-vorlieben\\\/#respond\"]}]},{\"@type\":\"WebPage\",\"@id\":\"https:\\\/\\\/www.salzburgerland.com\\\/de\\\/magazin\\\/marcel-hirscher-ueber-gutes-essen-und-kulinarische-vorlieben\\\/\",\"url\":\"https:\\\/\\\/www.salzburgerland.com\\\/de\\\/magazin\\\/marcel-hirscher-ueber-gutes-essen-und-kulinarische-vorlieben\\\/\",\"name\":\"Marcel Hirscher \u00fcber gutes Essen und kulinarische Vorlieben - SalzburgerLand Magazin\",\"isPartOf\":{\"@id\":\"https:\\\/\\\/www.salzburgerland.com\\\/de\\\/magazin\\\/#website\"},\"primaryImageOfPage\":{\"@id\":\"https:\\\/\\\/www.salzburgerland.com\\\/de\\\/magazin\\\/marcel-hirscher-ueber-gutes-essen-und-kulinarische-vorlieben\\\/#primaryimage\"},\"image\":{\"@id\":\"https:\\\/\\\/www.salzburgerland.com\\\/de\\\/magazin\\\/marcel-hirscher-ueber-gutes-essen-und-kulinarische-vorlieben\\\/#primaryimage\"},\"thumbnailUrl\":\"https:\\\/\\\/www.salzburgerland.com\\\/de\\\/magazin\\\/wp-content\\\/uploads\\\/2016\\\/07\\\/SLT_Medienevent_Hirscher_12.jpg\",\"datePublished\":\"2017-02-22T12:38:21+00:00\",\"dateModified\":\"2017-03-02T09:24:16+00:00\",\"breadcrumb\":{\"@id\":\"https:\\\/\\\/www.salzburgerland.com\\\/de\\\/magazin\\\/marcel-hirscher-ueber-gutes-essen-und-kulinarische-vorlieben\\\/#breadcrumb\"},\"inLanguage\":\"de\",\"potentialAction\":[{\"@type\":\"ReadAction\",\"target\":[\"https:\\\/\\\/www.salzburgerland.com\\\/de\\\/magazin\\\/marcel-hirscher-ueber-gutes-essen-und-kulinarische-vorlieben\\\/\"]}]},{\"@type\":\"ImageObject\",\"inLanguage\":\"de\",\"@id\":\"https:\\\/\\\/www.salzburgerland.com\\\/de\\\/magazin\\\/marcel-hirscher-ueber-gutes-essen-und-kulinarische-vorlieben\\\/#primaryimage\",\"url\":\"https:\\\/\\\/www.salzburgerland.com\\\/de\\\/magazin\\\/wp-content\\\/uploads\\\/2016\\\/07\\\/SLT_Medienevent_Hirscher_12.jpg\",\"contentUrl\":\"https:\\\/\\\/www.salzburgerland.com\\\/de\\\/magazin\\\/wp-content\\\/uploads\\\/2016\\\/07\\\/SLT_Medienevent_Hirscher_12.jpg\",\"width\":1600,\"height\":1067,\"caption\":\"Zwei l\u00e4chelnde M\u00e4nner essen im Freien an einem rustikalen Holztisch mit Blumen und einer Holzh\u00fctte im Hintergrund.\"},{\"@type\":\"BreadcrumbList\",\"@id\":\"https:\\\/\\\/www.salzburgerland.com\\\/de\\\/magazin\\\/marcel-hirscher-ueber-gutes-essen-und-kulinarische-vorlieben\\\/#breadcrumb\",\"itemListElement\":[{\"@type\":\"ListItem\",\"position\":1,\"name\":\"Startseite\",\"item\":\"https:\\\/\\\/www.salzburgerland.com\\\/de\\\/magazin\\\/\"},{\"@type\":\"ListItem\",\"position\":2,\"name\":\"Outdoor &amp; Sport\",\"item\":\"https:\\\/\\\/www.salzburgerland.com\\\/de\\\/magazin\\\/thema\\\/outdoor-sport\\\/\"},{\"@type\":\"ListItem\",\"position\":3,\"name\":\"Marcel Hirscher \u00fcber gutes Essen und kulinarische Vorlieben\"}]},{\"@type\":\"WebSite\",\"@id\":\"https:\\\/\\\/www.salzburgerland.com\\\/de\\\/magazin\\\/#website\",\"url\":\"https:\\\/\\\/www.salzburgerland.com\\\/de\\\/magazin\\\/\",\"name\":\"SalzburgerLand Magazin\",\"description\":\"Geschichten und Interessantes aus dem SalzburgerLand\",\"publisher\":{\"@id\":\"https:\\\/\\\/www.salzburgerland.com\\\/de\\\/magazin\\\/#organization\"},\"potentialAction\":[{\"@type\":\"SearchAction\",\"target\":{\"@type\":\"EntryPoint\",\"urlTemplate\":\"https:\\\/\\\/www.salzburgerland.com\\\/de\\\/magazin\\\/?s={search_term_string}\"},\"query-input\":{\"@type\":\"PropertyValueSpecification\",\"valueRequired\":true,\"valueName\":\"search_term_string\"}}],\"inLanguage\":\"de\"},{\"@type\":\"Organization\",\"@id\":\"https:\\\/\\\/www.salzburgerland.com\\\/de\\\/magazin\\\/#organization\",\"name\":\"SalzburgerLand Tourismus\",\"url\":\"https:\\\/\\\/www.salzburgerland.com\\\/de\\\/magazin\\\/\",\"logo\":{\"@type\":\"ImageObject\",\"inLanguage\":\"de\",\"@id\":\"https:\\\/\\\/www.salzburgerland.com\\\/de\\\/magazin\\\/#\\\/schema\\\/logo\\\/image\\\/\",\"url\":\"https:\\\/\\\/www.salzburgerland.com\\\/de\\\/magazin\\\/wp-content\\\/uploads\\\/2019\\\/06\\\/salzburgerland-logo1.jpg\",\"contentUrl\":\"https:\\\/\\\/www.salzburgerland.com\\\/de\\\/magazin\\\/wp-content\\\/uploads\\\/2019\\\/06\\\/salzburgerland-logo1.jpg\",\"width\":2011,\"height\":866,\"caption\":\"SalzburgerLand Tourismus\"},\"image\":{\"@id\":\"https:\\\/\\\/www.salzburgerland.com\\\/de\\\/magazin\\\/#\\\/schema\\\/logo\\\/image\\\/\"},\"sameAs\":[\"https:\\\/\\\/www.facebook.com\\\/salzburgerland\\\/\",\"https:\\\/\\\/x.com\\\/Salzburgerland\",\"https:\\\/\\\/www.instagram.com\\\/salzburgerland\\\/\",\"https:\\\/\\\/at.linkedin.com\\\/company\\\/salzburgerland-tourismus-gmbh\",\"https:\\\/\\\/www.pinterest.at\\\/salzburgerland\\\/\",\"https:\\\/\\\/www.youtube.com\\\/user\\\/salzburgerland\",\"https:\\\/\\\/de.wikipedia.org\\\/wiki\\\/SalzburgerLand_Tourismus_GmbH\"]},{\"@type\":\"Person\",\"@id\":\"https:\\\/\\\/www.salzburgerland.com\\\/de\\\/magazin\\\/#\\\/schema\\\/person\\\/de63f37594c18fae834230774d6a2704\",\"name\":\"Franziska Lipp\",\"description\":\"Franziska Lipp ist Texterin, Buchautorin und freie Journalistin. Privat ist sie am allerliebsten drau\u00dfen in der Natur unterwegs: Zu Fu\u00df, mit dem Mountainbiker oder mit Ski. Hauptsache der Rucksack ist mit dabei und viel Zeit. Gerne in Begleitung, aber ebenso gerne auch allein: Denn es gibt keinen besseren Gespr\u00e4chspartner als die Natur selbst. Was ihre beiden Lebensbereiche \u2013 das Berufliche und das Private \u2013 verbindet, ist ihre Vorliebe f\u00fcr Geschichten. Die Salzburgerin liebt es einerseits, Menschen zuzuh\u00f6ren, die eine Geschichte zu erz\u00e4hlen haben. Andererseits ist sie selbst eine passionierte Geschichtenerz\u00e4hlerin. Franziska Lipp betreute als Chefredakteurin \u00fcber zehn Jahre lang das G\u00e4stemagazin \u201eSommerzeit\u201c und \u201eWinterzeit\u201c der SalzburgerLand Tourismus und begleitet das Unternehmen bei zahlreichen Projekten wie etwa bei der Neu-Konzeption des \u201eSalzburger Almenwegs\u201c. Die studierte Tourismussoziologin h\u00e4lt Schreib- und Storytelling-Workshops f\u00fcr touristische Unternehmen und Verb\u00e4nde und begleitet als Konzepterin touristische Projekte wie das \u201eSalzburger Gipfelspiel\u201c in der Salzburger Sportwelt. Im Februar 2023 erschien ihr Buch \u201eLieblingspl\u00e4tze im Salzburger Land\u201c im Gmeiner Verlag mit 84 besonderen Orten in der Stadt Salzburg und in allen Ferienregionen. Bisher erschienene B\u00fccher von Franziska Lipp: \u2022 \u201eLieblingspl\u00e4tze im Salzburger Land\u201c \u2013 2023 (Gmeiner Verlag) \u2022 \u201eK\u00f6stliches von der M\u00fcllerin\u201c \u2013 2021 (Hg. Monika Drax, Drax-M\u00fchle) \u2022 \u201eGesundheit im Zentrum\u201c \u2013 Richtig gut leben mit der Modernen-Mayr-Medizin \u2013 2021 (Hg. Park Igls) \u2022 \u201eDas kleine Buch: Stille Nacht! Heilige Nacht!\u201c \u2013 2018 (Servus Benevento Verlag) \u2022 \u201eDas kleine Buch: Imker werden\u201c \u2013 2016, (Servus Benevento Verlag) \u2022 \u201eDas kleine Buch: Die Gro\u00dfglockner Hochalpenstra\u00dfe anders erleben\u201c \u2013 2016, (Servus Benevento Verlag) \u2022 \u201eBeste Aussichten im Salzburger Land\u201c \u2013 2014 (Gmeiner Verlag) Salzburger Nockerl oder Schwarzbeernocken? Definitiv die Schwarzbeernocken: Nichts schmeckt so sehr nach Wald und Sommer wie diese s\u00fc\u00dfen K\u00f6stlichkeiten! Stadt oder Land? Die Stadt Salzburg ist meine absolute Herzensstadt und ich wei\u00df es zu sch\u00e4tzen, in der Lieblingsstadt wohnen zu d\u00fcrfen. Zum Gl\u00fcck geht es in den einzelnen Stadtvierteln fast d\u00f6rflich zu: Jeder kennt jeden! Das erinnert ans Leben auf dem Land. Almsommer oder Skiwinter? Beides \u2013 nur im Wechsel der Jahreszeiten k\u00f6nnen wir ihre Besonderheiten erst so richtig sch\u00e4tzen. Lesen oder Schreiben? Das Schreiben ist Teil meiner Person. Ohne das Schreiben w\u00e4re ich nicht ich. Das Schreiben ist \u2013 obwohl Arbeit \u2013 meine t\u00e4gliche Dosis, um gl\u00fccklich zu sein. M\u00fcsste ich mich wirklich f\u00fcr etwa entscheiden, dann w\u00e4re es das Schreiben: Denn dann h\u00e4tte ich auch automatisch was zum Lesen. See oder Berg? Eigentlich immer der Berg: Weil ich \u2013 auf einem Gipfel stehend \u2013 stets ein Gef\u00fchl von purer Freiheit und tiefster Zufriedenheit empfinde\",\"sameAs\":[\"http:\\\/\\\/www.franziskalipp.com\"],\"url\":\"https:\\\/\\\/www.salzburgerland.com\\\/de\\\/magazin\\\/author\\\/franziska-lipp\\\/\"}]}<\/script>\n<!-- \/ Yoast SEO Premium plugin. -->","yoast_head_json":{"title":"Marcel Hirscher \u00fcber gutes Essen und kulinarische Vorlieben - SalzburgerLand Magazin","description":"Marcel Hirscher hat die WM 2017 in St. Moritz gerockt: Mit Gold im Riesentorlauf, Gold im Slalom und Silber in der Kombination ist der Salzburger der mit Abstand erfolgreichste Athlet dieser Weltmeisterschaft. Einige seiner Erfolgsgeheimnisse hat er schon f\u00fcr uns gel\u00fcftet: Ehrgeiz und Perfektionismus geh\u00f6ren dazu. Noch bevor Marcel Hirscher nach St. Moritz aufgebrochen ist, [&hellip;]","robots":{"index":"index","follow":"follow","max-snippet":"max-snippet:-1","max-image-preview":"max-image-preview:large","max-video-preview":"max-video-preview:-1"},"canonical":"https:\/\/www.salzburgerland.com\/de\/magazin\/marcel-hirscher-ueber-gutes-essen-und-kulinarische-vorlieben\/","og_locale":"de_DE","og_type":"article","og_title":"Marcel Hirscher \u00fcber gutes Essen und kulinarische Vorlieben","og_description":"Marcel Hirscher hat die WM 2017 in St. Moritz gerockt: Mit Gold im Riesentorlauf, Gold im Slalom und Silber in der Kombination ist der Salzburger der mit Abstand erfolgreichste Athlet dieser Weltmeisterschaft. Einige seiner Erfolgsgeheimnisse hat er schon f\u00fcr uns gel\u00fcftet: Ehrgeiz und Perfektionismus geh\u00f6ren dazu. Noch bevor Marcel Hirscher nach St. Moritz aufgebrochen ist, [&hellip;]","og_url":"https:\/\/www.salzburgerland.com\/de\/magazin\/marcel-hirscher-ueber-gutes-essen-und-kulinarische-vorlieben\/","og_site_name":"SalzburgerLand Magazin","article_publisher":"https:\/\/www.facebook.com\/salzburgerland\/","article_published_time":"2017-02-22T12:38:21+00:00","article_modified_time":"2017-03-02T09:24:16+00:00","og_image":[{"width":1600,"height":1067,"url":"https:\/\/www.salzburgerland.com\/de\/magazin\/wp-content\/uploads\/2016\/07\/SLT_Medienevent_Hirscher_12.jpg","type":"image\/jpeg"}],"author":"Franziska Lipp","twitter_card":"summary_large_image","twitter_creator":"@Salzburgerland","twitter_site":"@Salzburgerland","twitter_misc":{"Verfasst von":"Franziska Lipp","Gesch\u00e4tzte Lesezeit":"3\u00a0Minuten"},"schema":{"@context":"https:\/\/schema.org","@graph":[{"@type":"Article","@id":"https:\/\/www.salzburgerland.com\/de\/magazin\/marcel-hirscher-ueber-gutes-essen-und-kulinarische-vorlieben\/#article","isPartOf":{"@id":"https:\/\/www.salzburgerland.com\/de\/magazin\/marcel-hirscher-ueber-gutes-essen-und-kulinarische-vorlieben\/"},"author":{"name":"Franziska Lipp","@id":"https:\/\/www.salzburgerland.com\/de\/magazin\/#\/schema\/person\/de63f37594c18fae834230774d6a2704"},"headline":"Marcel Hirscher \u00fcber gutes Essen und kulinarische Vorlieben","datePublished":"2017-02-22T12:38:21+00:00","dateModified":"2017-03-02T09:24:16+00:00","mainEntityOfPage":{"@id":"https:\/\/www.salzburgerland.com\/de\/magazin\/marcel-hirscher-ueber-gutes-essen-und-kulinarische-vorlieben\/"},"wordCount":661,"commentCount":0,"publisher":{"@id":"https:\/\/www.salzburgerland.com\/de\/magazin\/#organization"},"image":{"@id":"https:\/\/www.salzburgerland.com\/de\/magazin\/marcel-hirscher-ueber-gutes-essen-und-kulinarische-vorlieben\/#primaryimage"},"thumbnailUrl":"https:\/\/www.salzburgerland.com\/de\/magazin\/wp-content\/uploads\/2016\/07\/SLT_Medienevent_Hirscher_12.jpg","keywords":["Marcel","Marcel Hirscher"],"articleSection":["Outdoor &amp; Sport"],"inLanguage":"de","potentialAction":[{"@type":"CommentAction","name":"Comment","target":["https:\/\/www.salzburgerland.com\/de\/magazin\/marcel-hirscher-ueber-gutes-essen-und-kulinarische-vorlieben\/#respond"]}]},{"@type":"WebPage","@id":"https:\/\/www.salzburgerland.com\/de\/magazin\/marcel-hirscher-ueber-gutes-essen-und-kulinarische-vorlieben\/","url":"https:\/\/www.salzburgerland.com\/de\/magazin\/marcel-hirscher-ueber-gutes-essen-und-kulinarische-vorlieben\/","name":"Marcel Hirscher \u00fcber gutes Essen und kulinarische Vorlieben - SalzburgerLand Magazin","isPartOf":{"@id":"https:\/\/www.salzburgerland.com\/de\/magazin\/#website"},"primaryImageOfPage":{"@id":"https:\/\/www.salzburgerland.com\/de\/magazin\/marcel-hirscher-ueber-gutes-essen-und-kulinarische-vorlieben\/#primaryimage"},"image":{"@id":"https:\/\/www.salzburgerland.com\/de\/magazin\/marcel-hirscher-ueber-gutes-essen-und-kulinarische-vorlieben\/#primaryimage"},"thumbnailUrl":"https:\/\/www.salzburgerland.com\/de\/magazin\/wp-content\/uploads\/2016\/07\/SLT_Medienevent_Hirscher_12.jpg","datePublished":"2017-02-22T12:38:21+00:00","dateModified":"2017-03-02T09:24:16+00:00","breadcrumb":{"@id":"https:\/\/www.salzburgerland.com\/de\/magazin\/marcel-hirscher-ueber-gutes-essen-und-kulinarische-vorlieben\/#breadcrumb"},"inLanguage":"de","potentialAction":[{"@type":"ReadAction","target":["https:\/\/www.salzburgerland.com\/de\/magazin\/marcel-hirscher-ueber-gutes-essen-und-kulinarische-vorlieben\/"]}]},{"@type":"ImageObject","inLanguage":"de","@id":"https:\/\/www.salzburgerland.com\/de\/magazin\/marcel-hirscher-ueber-gutes-essen-und-kulinarische-vorlieben\/#primaryimage","url":"https:\/\/www.salzburgerland.com\/de\/magazin\/wp-content\/uploads\/2016\/07\/SLT_Medienevent_Hirscher_12.jpg","contentUrl":"https:\/\/www.salzburgerland.com\/de\/magazin\/wp-content\/uploads\/2016\/07\/SLT_Medienevent_Hirscher_12.jpg","width":1600,"height":1067,"caption":"Zwei l\u00e4chelnde M\u00e4nner essen im Freien an einem rustikalen Holztisch mit Blumen und einer Holzh\u00fctte im Hintergrund."},{"@type":"BreadcrumbList","@id":"https:\/\/www.salzburgerland.com\/de\/magazin\/marcel-hirscher-ueber-gutes-essen-und-kulinarische-vorlieben\/#breadcrumb","itemListElement":[{"@type":"ListItem","position":1,"name":"Startseite","item":"https:\/\/www.salzburgerland.com\/de\/magazin\/"},{"@type":"ListItem","position":2,"name":"Outdoor &amp; Sport","item":"https:\/\/www.salzburgerland.com\/de\/magazin\/thema\/outdoor-sport\/"},{"@type":"ListItem","position":3,"name":"Marcel Hirscher \u00fcber gutes Essen und kulinarische Vorlieben"}]},{"@type":"WebSite","@id":"https:\/\/www.salzburgerland.com\/de\/magazin\/#website","url":"https:\/\/www.salzburgerland.com\/de\/magazin\/","name":"SalzburgerLand Magazin","description":"Geschichten und Interessantes aus dem SalzburgerLand","publisher":{"@id":"https:\/\/www.salzburgerland.com\/de\/magazin\/#organization"},"potentialAction":[{"@type":"SearchAction","target":{"@type":"EntryPoint","urlTemplate":"https:\/\/www.salzburgerland.com\/de\/magazin\/?s={search_term_string}"},"query-input":{"@type":"PropertyValueSpecification","valueRequired":true,"valueName":"search_term_string"}}],"inLanguage":"de"},{"@type":"Organization","@id":"https:\/\/www.salzburgerland.com\/de\/magazin\/#organization","name":"SalzburgerLand Tourismus","url":"https:\/\/www.salzburgerland.com\/de\/magazin\/","logo":{"@type":"ImageObject","inLanguage":"de","@id":"https:\/\/www.salzburgerland.com\/de\/magazin\/#\/schema\/logo\/image\/","url":"https:\/\/www.salzburgerland.com\/de\/magazin\/wp-content\/uploads\/2019\/06\/salzburgerland-logo1.jpg","contentUrl":"https:\/\/www.salzburgerland.com\/de\/magazin\/wp-content\/uploads\/2019\/06\/salzburgerland-logo1.jpg","width":2011,"height":866,"caption":"SalzburgerLand Tourismus"},"image":{"@id":"https:\/\/www.salzburgerland.com\/de\/magazin\/#\/schema\/logo\/image\/"},"sameAs":["https:\/\/www.facebook.com\/salzburgerland\/","https:\/\/x.com\/Salzburgerland","https:\/\/www.instagram.com\/salzburgerland\/","https:\/\/at.linkedin.com\/company\/salzburgerland-tourismus-gmbh","https:\/\/www.pinterest.at\/salzburgerland\/","https:\/\/www.youtube.com\/user\/salzburgerland","https:\/\/de.wikipedia.org\/wiki\/SalzburgerLand_Tourismus_GmbH"]},{"@type":"Person","@id":"https:\/\/www.salzburgerland.com\/de\/magazin\/#\/schema\/person\/de63f37594c18fae834230774d6a2704","name":"Franziska Lipp","description":"Franziska Lipp ist Texterin, Buchautorin und freie Journalistin. Privat ist sie am allerliebsten drau\u00dfen in der Natur unterwegs: Zu Fu\u00df, mit dem Mountainbiker oder mit Ski. Hauptsache der Rucksack ist mit dabei und viel Zeit. Gerne in Begleitung, aber ebenso gerne auch allein: Denn es gibt keinen besseren Gespr\u00e4chspartner als die Natur selbst. Was ihre beiden Lebensbereiche \u2013 das Berufliche und das Private \u2013 verbindet, ist ihre Vorliebe f\u00fcr Geschichten. Die Salzburgerin liebt es einerseits, Menschen zuzuh\u00f6ren, die eine Geschichte zu erz\u00e4hlen haben. Andererseits ist sie selbst eine passionierte Geschichtenerz\u00e4hlerin. Franziska Lipp betreute als Chefredakteurin \u00fcber zehn Jahre lang das G\u00e4stemagazin \u201eSommerzeit\u201c und \u201eWinterzeit\u201c der SalzburgerLand Tourismus und begleitet das Unternehmen bei zahlreichen Projekten wie etwa bei der Neu-Konzeption des \u201eSalzburger Almenwegs\u201c. Die studierte Tourismussoziologin h\u00e4lt Schreib- und Storytelling-Workshops f\u00fcr touristische Unternehmen und Verb\u00e4nde und begleitet als Konzepterin touristische Projekte wie das \u201eSalzburger Gipfelspiel\u201c in der Salzburger Sportwelt. Im Februar 2023 erschien ihr Buch \u201eLieblingspl\u00e4tze im Salzburger Land\u201c im Gmeiner Verlag mit 84 besonderen Orten in der Stadt Salzburg und in allen Ferienregionen. Bisher erschienene B\u00fccher von Franziska Lipp: \u2022 \u201eLieblingspl\u00e4tze im Salzburger Land\u201c \u2013 2023 (Gmeiner Verlag) \u2022 \u201eK\u00f6stliches von der M\u00fcllerin\u201c \u2013 2021 (Hg. Monika Drax, Drax-M\u00fchle) \u2022 \u201eGesundheit im Zentrum\u201c \u2013 Richtig gut leben mit der Modernen-Mayr-Medizin \u2013 2021 (Hg. Park Igls) \u2022 \u201eDas kleine Buch: Stille Nacht! Heilige Nacht!\u201c \u2013 2018 (Servus Benevento Verlag) \u2022 \u201eDas kleine Buch: Imker werden\u201c \u2013 2016, (Servus Benevento Verlag) \u2022 \u201eDas kleine Buch: Die Gro\u00dfglockner Hochalpenstra\u00dfe anders erleben\u201c \u2013 2016, (Servus Benevento Verlag) \u2022 \u201eBeste Aussichten im Salzburger Land\u201c \u2013 2014 (Gmeiner Verlag) Salzburger Nockerl oder Schwarzbeernocken? Definitiv die Schwarzbeernocken: Nichts schmeckt so sehr nach Wald und Sommer wie diese s\u00fc\u00dfen K\u00f6stlichkeiten! Stadt oder Land? Die Stadt Salzburg ist meine absolute Herzensstadt und ich wei\u00df es zu sch\u00e4tzen, in der Lieblingsstadt wohnen zu d\u00fcrfen. Zum Gl\u00fcck geht es in den einzelnen Stadtvierteln fast d\u00f6rflich zu: Jeder kennt jeden! Das erinnert ans Leben auf dem Land. Almsommer oder Skiwinter? Beides \u2013 nur im Wechsel der Jahreszeiten k\u00f6nnen wir ihre Besonderheiten erst so richtig sch\u00e4tzen. Lesen oder Schreiben? Das Schreiben ist Teil meiner Person. Ohne das Schreiben w\u00e4re ich nicht ich. Das Schreiben ist \u2013 obwohl Arbeit \u2013 meine t\u00e4gliche Dosis, um gl\u00fccklich zu sein. M\u00fcsste ich mich wirklich f\u00fcr etwa entscheiden, dann w\u00e4re es das Schreiben: Denn dann h\u00e4tte ich auch automatisch was zum Lesen. See oder Berg? Eigentlich immer der Berg: Weil ich \u2013 auf einem Gipfel stehend \u2013 stets ein Gef\u00fchl von purer Freiheit und tiefster Zufriedenheit empfinde","sameAs":["http:\/\/www.franziskalipp.com"],"url":"https:\/\/www.salzburgerland.com\/de\/magazin\/author\/franziska-lipp\/"}]}},"_wl_alt_label":[],"wl:entity_url":"http:\/\/open.salzburgerland.com\/magazin\/post\/marcel_hirscher_ueber_gutes_essen_und_kulinarische_vorlieben","_links":{"self":[{"href":"https:\/\/www.salzburgerland.com\/de\/magazin\/wp-json\/wp\/v2\/posts\/112992","targetHints":{"allow":["GET"]}}],"collection":[{"href":"https:\/\/www.salzburgerland.com\/de\/magazin\/wp-json\/wp\/v2\/posts"}],"about":[{"href":"https:\/\/www.salzburgerland.com\/de\/magazin\/wp-json\/wp\/v2\/types\/post"}],"author":[{"embeddable":true,"href":"https:\/\/www.salzburgerland.com\/de\/magazin\/wp-json\/wp\/v2\/users\/226"}],"replies":[{"embeddable":true,"href":"https:\/\/www.salzburgerland.com\/de\/magazin\/wp-json\/wp\/v2\/comments?post=112992"}],"version-history":[{"count":0,"href":"https:\/\/www.salzburgerland.com\/de\/magazin\/wp-json\/wp\/v2\/posts\/112992\/revisions"}],"wp:featuredmedia":[{"embeddable":true,"href":"https:\/\/www.salzburgerland.com\/de\/magazin\/wp-json\/wp\/v2\/media\/107883"}],"wp:attachment":[{"href":"https:\/\/www.salzburgerland.com\/de\/magazin\/wp-json\/wp\/v2\/media?parent=112992"}],"wp:term":[{"taxonomy":"category","embeddable":true,"href":"https:\/\/www.salzburgerland.com\/de\/magazin\/wp-json\/wp\/v2\/categories?post=112992"},{"taxonomy":"post_tag","embeddable":true,"href":"https:\/\/www.salzburgerland.com\/de\/magazin\/wp-json\/wp\/v2\/tags?post=112992"},{"taxonomy":"wl_entity_type","embeddable":true,"href":"https:\/\/www.salzburgerland.com\/de\/magazin\/wp-json\/wp\/v2\/wl_entity_type?post=112992"},{"taxonomy":"monatsauswahl","embeddable":true,"href":"https:\/\/www.salzburgerland.com\/de\/magazin\/wp-json\/wp\/v2\/monatsauswahl?post=112992"}],"curies":[{"name":"wp","href":"https:\/\/api.w.org\/{rel}","templated":true}]}}