{"id":112840,"date":"2026-01-07T08:01:00","date_gmt":"2026-01-07T07:01:00","guid":{"rendered":"https:\/\/www.salzburgerland.com\/de\/magazin\/?p=112840"},"modified":"2026-04-27T12:35:00","modified_gmt":"2026-04-27T10:35:00","slug":"white-pearl-mountain-days","status":"publish","type":"post","link":"https:\/\/www.salzburgerland.com\/de\/magazin\/white-pearl-mountain-days\/","title":{"rendered":"White Pearl Mountain Days"},"content":{"rendered":"\n<h2 class=\"wp-block-slt-subtitle\">Top Event zum Fr\u00fchlingsskilauf in Saalbach Hinterglemm<\/h2>\n\n\n\n<p class=\"wp-block-slt-intro\">Der M\u00e4rz wird mit Perlen gekr\u00f6nt! Firnschnee, Sonne, Sound und Kulinarik &#8211; Mit den White Pearl Mountain Days erhebt der <a href=\"http:\/\/www.skicircus.at\" target=\"_blank\" rel=\"noreferrer noopener\">Skicircus Saalbach Hinterglemm Leogang Fieberbrunn<\/a> das Fr\u00fchlingsskifahren vom 20. bis 29. M\u00e4rz 2026 zur Genuss-Disziplin im winterlichen Skivergn\u00fcgen. <\/p>\n\n\n\n<p>Ich liebe den Fr\u00fchling! Im Tal k\u00e4mpfen schon die Fr\u00fchbl\u00fcher um die Poleposition im Blumenbeet doch oben am Berg ist noch tiefster Winter und der Schnee glitzert im ersten Sonnenlicht. Bei Sonnenaufgang steh ich auf dem Berg, um die ersten Schw\u00fcnge \u00fcber die morgens noch griffigen Pisten zu ziehen. Mit steigendem Sonnenstand verwandeln sich die Pisten in sanfte Firnschnee-Teppiche. Jeder Schwung f\u00fchlt sich nun an wie schwereloses Surfen \u00fcber die sonnigen H\u00e4nge. F\u00fcr mich ein echter Fr\u00fchlings-Genuss, den ich am liebsten im Liegestuhl auf einer der vielen Skih\u00fctten ausklingen lasse! <\/p>\n\n\n<div class=\"mag-gallery\"><div class=\"row\"><div class=\"col-6 col-sm-4\"><figure><a class=\"thumb-container\" href=\"https:\/\/www.salzburgerland.com\/de\/magazin\/wp-content\/uploads\/2017\/02\/saintro-p2-kl-1280x1024.jpg\">\t<picture><source media=\"(min-width: 576px)\" srcset=\"https:\/\/www.salzburgerland.com\/de\/magazin\/wp-content\/uploads\/2017\/02\/saintro-p2-kl-325x209.jpg 325w, https:\/\/www.salzburgerland.com\/de\/magazin\/wp-content\/uploads\/2017\/02\/saintro-p2-kl-249x160.jpg 249w\"><\/source><source media=\"(min-width: 0)\" srcset=\"https:\/\/www.salzburgerland.com\/de\/magazin\/wp-content\/uploads\/2017\/02\/saintro-p2-kl-249x160.jpg 249w, https:\/\/www.salzburgerland.com\/de\/magazin\/wp-content\/uploads\/2017\/02\/saintro-p2-kl-325x209.jpg 325w\"><\/source><img decoding=\"async\" alt=\"Mann spielt Saxophon bei einer Winterveranstaltung im Freien mit Schnee, Bergen und Menschen im Hintergrund.\" src=\"https:\/\/www.salzburgerland.com\/de\/magazin\/wp-content\/uploads\/2017\/02\/saintro-p2-kl.jpg\">\t<\/picture><figcaption>Feine Sax-Kl&auml;nge<\/figcaption><\/a><\/figure><\/div><div class=\"col-6 col-sm-4\"><figure><a class=\"thumb-container\" href=\"https:\/\/www.salzburgerland.com\/de\/magazin\/wp-content\/uploads\/2017\/02\/saintro-p-kl-1280x1024.jpg\">\t<picture><source media=\"(min-width: 576px)\" srcset=\"https:\/\/www.salzburgerland.com\/de\/magazin\/wp-content\/uploads\/2017\/02\/saintro-p-kl-325x209.jpg 325w, https:\/\/www.salzburgerland.com\/de\/magazin\/wp-content\/uploads\/2017\/02\/saintro-p-kl-249x160.jpg 249w\"><\/source><source media=\"(min-width: 0)\" srcset=\"https:\/\/www.salzburgerland.com\/de\/magazin\/wp-content\/uploads\/2017\/02\/saintro-p-kl-249x160.jpg 249w, https:\/\/www.salzburgerland.com\/de\/magazin\/wp-content\/uploads\/2017\/02\/saintro-p-kl-325x209.jpg 325w\"><\/source><img decoding=\"async\" alt=\"Ein Mann in Winterkleidung spielt Saxophon im Freien, w&auml;hrend die Leute an einem verschneiten Tag in den Bergen zusehen.\" src=\"https:\/\/www.salzburgerland.com\/de\/magazin\/wp-content\/uploads\/2017\/02\/saintro-p-kl.jpg\">\t<\/picture><figcaption>&copy;r Saintro P Sax Up<\/figcaption><\/a><\/figure><\/div><div class=\"col-6 col-sm-4\"><figure><a class=\"thumb-container\" href=\"https:\/\/www.salzburgerland.com\/de\/magazin\/wp-content\/uploads\/2017\/02\/persussion-kl-1280x1024.jpg\">\t<picture><source media=\"(min-width: 576px)\" srcset=\"https:\/\/www.salzburgerland.com\/de\/magazin\/wp-content\/uploads\/2017\/02\/persussion-kl-325x209.jpg 325w, https:\/\/www.salzburgerland.com\/de\/magazin\/wp-content\/uploads\/2017\/02\/persussion-kl-249x160.jpg 249w\"><\/source><source media=\"(min-width: 0)\" srcset=\"https:\/\/www.salzburgerland.com\/de\/magazin\/wp-content\/uploads\/2017\/02\/persussion-kl-249x160.jpg 249w, https:\/\/www.salzburgerland.com\/de\/magazin\/wp-content\/uploads\/2017\/02\/persussion-kl-325x209.jpg 325w\"><\/source><img decoding=\"async\" alt=\"Ein Mann spielt Bongos im Schnee, w&auml;hrend sich die Menschen in den Bergen unter der strahlenden Sonne unterhalten.\" src=\"https:\/\/www.salzburgerland.com\/de\/magazin\/wp-content\/uploads\/2017\/02\/persussion-kl.jpg\">\t<\/picture><figcaption>Live-Percussion<\/figcaption><\/a><\/figure><\/div><div class=\"col-6 col-sm-4\"><figure><a class=\"thumb-container\" href=\"https:\/\/www.salzburgerland.com\/de\/magazin\/wp-content\/uploads\/2017\/02\/oli-paella-kl-1280x1024.jpg\">\t<picture><source media=\"(min-width: 576px)\" srcset=\"https:\/\/www.salzburgerland.com\/de\/magazin\/wp-content\/uploads\/2017\/02\/oli-paella-kl-325x209.jpg 325w, https:\/\/www.salzburgerland.com\/de\/magazin\/wp-content\/uploads\/2017\/02\/oli-paella-kl-249x160.jpg 249w\"><\/source><source media=\"(min-width: 0)\" srcset=\"https:\/\/www.salzburgerland.com\/de\/magazin\/wp-content\/uploads\/2017\/02\/oli-paella-kl-249x160.jpg 249w, https:\/\/www.salzburgerland.com\/de\/magazin\/wp-content\/uploads\/2017\/02\/oli-paella-kl-325x209.jpg 325w\"><\/source><img decoding=\"async\" alt=\"Ein Mann kocht an einem sonnigen, verschneiten Bergtag im Freien ein dampfendes Gericht in einer gro&szlig;en Pfanne.\" src=\"https:\/\/www.salzburgerland.com\/de\/magazin\/wp-content\/uploads\/2017\/02\/oli-paella-kl.jpg\">\t<\/picture><figcaption>Kulinarische Highlights.<\/figcaption><\/a><\/figure><\/div><div class=\"col-6 col-sm-4\"><figure><a class=\"thumb-container\" href=\"https:\/\/www.salzburgerland.com\/de\/magazin\/wp-content\/uploads\/2017\/02\/geigein-sonnenuntergang-1280x1024.jpg\">\t<picture><source media=\"(min-width: 576px)\" srcset=\"https:\/\/www.salzburgerland.com\/de\/magazin\/wp-content\/uploads\/2017\/02\/geigein-sonnenuntergang-325x209.jpg 325w, https:\/\/www.salzburgerland.com\/de\/magazin\/wp-content\/uploads\/2017\/02\/geigein-sonnenuntergang-249x160.jpg 249w\"><\/source><source media=\"(min-width: 0)\" srcset=\"https:\/\/www.salzburgerland.com\/de\/magazin\/wp-content\/uploads\/2017\/02\/geigein-sonnenuntergang-249x160.jpg 249w, https:\/\/www.salzburgerland.com\/de\/magazin\/wp-content\/uploads\/2017\/02\/geigein-sonnenuntergang-325x209.jpg 325w\"><\/source><img decoding=\"async\" alt=\"Eine Person mit Sonnenbrille spielt Geige auf verschneitem Boden bei Sonnenuntergang, mit B&auml;umen und Bergen im Hintergrund.\" src=\"https:\/\/www.salzburgerland.com\/de\/magazin\/wp-content\/uploads\/2017\/02\/geigein-sonnenuntergang.jpg\">\t<\/picture><figcaption> E-Violinistin Marian Belinska<\/figcaption><\/a><\/figure><\/div><div class=\"col-6 col-sm-4\"><figure><a class=\"thumb-container\" href=\"https:\/\/www.salzburgerland.com\/de\/magazin\/wp-content\/uploads\/2017\/02\/gastkl-1280x1024.jpg\">\t<picture><source media=\"(min-width: 576px)\" srcset=\"https:\/\/www.salzburgerland.com\/de\/magazin\/wp-content\/uploads\/2017\/02\/gastkl-325x209.jpg 325w, https:\/\/www.salzburgerland.com\/de\/magazin\/wp-content\/uploads\/2017\/02\/gastkl-249x160.jpg 249w\"><\/source><source media=\"(min-width: 0)\" srcset=\"https:\/\/www.salzburgerland.com\/de\/magazin\/wp-content\/uploads\/2017\/02\/gastkl-249x160.jpg 249w, https:\/\/www.salzburgerland.com\/de\/magazin\/wp-content\/uploads\/2017\/02\/gastkl-325x209.jpg 325w\"><\/source><img decoding=\"async\" alt=\"Frau in Winterkleidung l&auml;chelt und h&auml;lt ein Getr&auml;nk in einem verschneiten Skigebiet mit Bergen im Hintergrund.\" src=\"https:\/\/www.salzburgerland.com\/de\/magazin\/wp-content\/uploads\/2017\/02\/gastkl.jpg\">\t<\/picture><figcaption>Party im Schnee<\/figcaption><\/a><\/figure><\/div><\/div><figcaption>&copy; Edith Danzer<\/figcaption><\/div>\n\n\n\n<h2 class=\"wp-block-heading\" id=\"h-die-wertvollsten-tage-im-schnee-geniessen\">Die wertvollsten Tage im Schnee genie\u00dfen! <\/h2>\n\n\n\n<p>Mit den White Pearl Mountain Days presented by Visa kr\u00f6nt der Skicircus Saalbach Hinterglemm Leogang Fieberbrunn das Fr\u00fchlingsskifahren zur Genuss-Disziplin im winterlichen Skivergn\u00fcgen. Vom 20. bis 29. M\u00e4rz 2026 verwandelt sich der Skicircus in eine B\u00fchne au\u00dfergew\u00f6hnlicher Erlebnisse. Sonnenskilauf inmitten glitzernder Berge, internationale House-DJs und Live-Acts mit E-Cello, Drums und E-Guitar, bereichernde Balance &amp; Recovery Erfahrungen sowie kulinarische Highlights aus \u00d6sterreich und der ganzen Welt \u2013 all das erwartet dich hier. Jeder Tag neu. Jeder Moment einzigartig. Jeder Augenblick ein St\u00fcck Zauber.<\/p>\n\n\n\n<h2 class=\"wp-block-heading\" id=\"h-perlen-weiss-wie-schnee-und-wertvoll-wie-der-urlaub\">Perlen \u2013 wei\u00df wie Schnee und wertvoll wie der Urlaub <\/h2>\n\n\n\n<p>Dieses mittlerweile schon bestens etablierte Produkt im Skicircus fand seinen Ursprung im Urlaub bei den&nbsp; Ibiza Beach Clubs. Dort kombiniert man das gute Essen und entspannte Musik. So entstand auch die Idee zu diesem ,Beachclub im Schnee&#8216; f\u00fcr den Skicircus. Wei\u00dfe Perlen \u2013 wei\u00df wie Schnee und wertvoll wie die Urlaubszeit \u2013 locken im Fr\u00fchling sportliche und k\u00f6rperbewusste Genie\u00dfer in die Berge des Glemmtals. <\/p>\n\n\n\n<p>Taucht ein in eine Welt voller Klang und Energie: Bei den White Pearl Mountain Days verschmelzen internationale Beats, Live-Performances und k\u00fcnstlerische Highlights zu einem Erlebnis, das alle Sinne ber\u00fchrt. Hier wird jeder Moment zur B\u00fchne. \u00dcber 45 internationale und nationale DJs verwandeln die White Pearl Mountain Days Jahr f\u00fcr Jahr in ein klangvolles Spektakel, Mehr als 35 Live Acts begleiten die DJs mit packenden Instrumenten und schaffen Augenblicke, die man so schnell nicht vergisst. Ob E-Cello, Drums, E-Violine, Saxophon, Vocals, Piano oder Trompeten \u2013 die harmonische Fusion von Beats und Live-Musik sorgt f\u00fcr G\u00e4nsehaut-Momente.<\/p>\n\n\n\n<h2 class=\"wp-block-heading\" id=\"h-fruhlingshaftes-beachclub-feeling-fur-jedermann\">Fr\u00fchlingshaftes Beachclub-Feeling f\u00fcr Jedermann <\/h2>\n\n\n\n<p>14 Main Locations sind im gesamten Skicircus verteilt \u2013 hoch oben am Berg und unten im Tal, und jede einzelne Location begeistert mit eigenem Charme und Flair. Die Visa White Pearl Lounge ist t\u00e4glicher Treffpunkt f\u00fcr entspannte Genussmomente \u2013 ob beim Kaffee am Morgen, beim Ansto\u00dfen mit Freunden vor atemberaubender Bergkulisse oder beim Sonnentanken im Liegestuhl.<br>Nach einem Tag am Berg geht es in den Organics White Pearl Garden. In diesem stilvollen Indoor-Gew\u00e4chshaus erwarten euch l\u00e4ssige Beats und coole Drinks von der Red Bull Organics Bar. <br>Mitten im Ort k\u00f6nnt ihr in der 150 m\u00b2 gro\u00dfe Balance &amp; Recovery Area bei Sport- und Wellbeing-Sessions, Gesundheits-Check-ups und Begegnungen Energie tanken.<\/p>\n\n\n\n<figure class=\"wp-block-image\"><img loading=\"lazy\" decoding=\"async\" width=\"1280\" height=\"720\" src=\"https:\/\/www.salzburgerland.com\/de\/magazin\/wp-content\/uploads\/2017\/02\/white-pearl-mountain-days.jpg\" alt=\"Ein DJ und ein Saxophonist treten drau\u00dfen auf einem verschneiten Berg auf, wo sich Menschen in der strahlenden Sonne versammelt haben.\" class=\"wp-image-112955\" srcset=\"https:\/\/www.salzburgerland.com\/de\/magazin\/wp-content\/uploads\/2017\/02\/white-pearl-mountain-days.jpg 1280w, https:\/\/www.salzburgerland.com\/de\/magazin\/wp-content\/uploads\/2017\/02\/white-pearl-mountain-days-300x169.jpg 300w, https:\/\/www.salzburgerland.com\/de\/magazin\/wp-content\/uploads\/2017\/02\/white-pearl-mountain-days-978x550.jpg 978w, https:\/\/www.salzburgerland.com\/de\/magazin\/wp-content\/uploads\/2017\/02\/white-pearl-mountain-days-711x400.jpg 711w, https:\/\/www.salzburgerland.com\/de\/magazin\/wp-content\/uploads\/2017\/02\/white-pearl-mountain-days-560x316.jpg 560w, https:\/\/www.salzburgerland.com\/de\/magazin\/wp-content\/uploads\/2017\/02\/white-pearl-mountain-days-250x140.jpg 250w, https:\/\/www.salzburgerland.com\/de\/magazin\/wp-content\/uploads\/2017\/02\/white-pearl-mountain-days-1200x675.jpg 1200w\" sizes=\"auto, (max-width: 1280px) 100vw, 1280px\" \/><figcaption class=\"wp-element-caption\">\u00a9 Edith Danzer<\/figcaption><\/figure>\n","protected":false},"excerpt":{"rendered":"<p>Ich liebe den Fr\u00fchling! Im Tal k\u00e4mpfen schon die Fr\u00fchbl\u00fcher um die Poleposition im Blumenbeet doch oben am Berg ist noch tiefster Winter und der Schnee glitzert im ersten Sonnenlicht. Bei Sonnenaufgang steh ich auf dem Berg, um die ersten Schw\u00fcnge \u00fcber die morgens noch griffigen Pisten zu ziehen. Mit steigendem Sonnenstand verwandeln sich die [&hellip;]<\/p>\n","protected":false},"author":11,"featured_media":112843,"comment_status":"open","ping_status":"open","sticky":false,"template":"","format":"standard","meta":{"_acf_changed":false,"wl_entities_gutenberg":"","_wl_entity_redirect_enabled":"","footnotes":""},"categories":[7551],"tags":[],"wl_entity_type":[306],"monatsauswahl":[83,84,85],"class_list":["post-112840","post","type-post","status-publish","format-standard","has-post-thumbnail","hentry","category-archiv","wl_entity_type-article","monatsauswahl-monat_2","monatsauswahl-monat_3","monatsauswahl-monat_4"],"acf":[],"yoast_head":"<!-- This site is optimized with the Yoast SEO Premium plugin v27.4 (Yoast SEO v27.4) - https:\/\/yoast.com\/product\/yoast-seo-premium-wordpress\/ -->\n<title>White Pearl Mountain Days - SalzburgerLand Magazin<\/title>\n<meta name=\"description\" content=\"Der M\u00e4rz wird mit Perlen gekr\u00f6nt! Firnschnee, Sonne, Sound und Kulinarik - Mit den White Pearl Mountain Days erhebt der Skicircus Saalbach Hinterglemm Leogang Fieberbrunn das Fr\u00fchlingsskifahren vom 20. bis 29. M\u00e4rz 2026 zur Genuss-Disziplin im winterlichen Skivergn\u00fcgen.\" \/>\n<meta name=\"robots\" content=\"index, follow, max-snippet:-1, max-image-preview:large, max-video-preview:-1\" \/>\n<link rel=\"canonical\" href=\"https:\/\/www.salzburgerland.com\/de\/magazin\/white-pearl-mountain-days\/\" \/>\n<meta property=\"og:locale\" content=\"de_DE\" \/>\n<meta property=\"og:type\" content=\"article\" \/>\n<meta property=\"og:title\" content=\"White Pearl Mountain Days\" \/>\n<meta property=\"og:description\" content=\"Ich liebe den Fr\u00fchling! Im Tal k\u00e4mpfen schon die Fr\u00fchbl\u00fcher um die Poleposition im Blumenbeet doch oben am Berg ist noch tiefster Winter und der Schnee glitzert im ersten Sonnenlicht. Bei Sonnenaufgang steh ich auf dem Berg, um die ersten Schw\u00fcnge \u00fcber die morgens noch griffigen Pisten zu ziehen. Mit steigendem Sonnenstand verwandeln sich die [&hellip;]\" \/>\n<meta property=\"og:url\" content=\"https:\/\/www.salzburgerland.com\/de\/magazin\/white-pearl-mountain-days\/\" \/>\n<meta property=\"og:site_name\" content=\"SalzburgerLand Magazin\" \/>\n<meta property=\"article:publisher\" content=\"https:\/\/www.facebook.com\/salzburgerland\/\" \/>\n<meta property=\"article:published_time\" content=\"2026-01-07T07:01:00+00:00\" \/>\n<meta property=\"article:modified_time\" content=\"2026-04-27T10:35:00+00:00\" \/>\n<meta property=\"og:image\" content=\"https:\/\/www.salzburgerland.com\/de\/magazin\/wp-content\/uploads\/2017\/02\/djhoody-kl.jpg\" \/>\n\t<meta property=\"og:image:width\" content=\"1600\" \/>\n\t<meta property=\"og:image:height\" content=\"1068\" \/>\n\t<meta property=\"og:image:type\" content=\"image\/jpeg\" \/>\n<meta name=\"author\" content=\"Edith Danzer\" \/>\n<meta name=\"twitter:card\" content=\"summary_large_image\" \/>\n<meta name=\"twitter:creator\" content=\"@Salzburgerland\" \/>\n<meta name=\"twitter:site\" content=\"@Salzburgerland\" \/>\n<meta name=\"twitter:label1\" content=\"Verfasst von\" \/>\n\t<meta name=\"twitter:data1\" content=\"Edith Danzer\" \/>\n\t<meta name=\"twitter:label2\" content=\"Gesch\u00e4tzte Lesezeit\" \/>\n\t<meta name=\"twitter:data2\" content=\"5\u00a0Minuten\" \/>\n<script type=\"application\/ld+json\" class=\"yoast-schema-graph\">{\"@context\":\"https:\\\/\\\/schema.org\",\"@graph\":[{\"@type\":\"Article\",\"@id\":\"https:\\\/\\\/www.salzburgerland.com\\\/de\\\/magazin\\\/white-pearl-mountain-days\\\/#article\",\"isPartOf\":{\"@id\":\"https:\\\/\\\/www.salzburgerland.com\\\/de\\\/magazin\\\/white-pearl-mountain-days\\\/\"},\"author\":{\"name\":\"Edith Danzer\",\"@id\":\"https:\\\/\\\/www.salzburgerland.com\\\/de\\\/magazin\\\/#\\\/schema\\\/person\\\/79452c699c410aa31a119426313748de\"},\"headline\":\"White Pearl Mountain Days\",\"datePublished\":\"2026-01-07T07:01:00+00:00\",\"dateModified\":\"2026-04-27T10:35:00+00:00\",\"mainEntityOfPage\":{\"@id\":\"https:\\\/\\\/www.salzburgerland.com\\\/de\\\/magazin\\\/white-pearl-mountain-days\\\/\"},\"wordCount\":558,\"commentCount\":0,\"publisher\":{\"@id\":\"https:\\\/\\\/www.salzburgerland.com\\\/de\\\/magazin\\\/#organization\"},\"image\":{\"@id\":\"https:\\\/\\\/www.salzburgerland.com\\\/de\\\/magazin\\\/white-pearl-mountain-days\\\/#primaryimage\"},\"thumbnailUrl\":\"https:\\\/\\\/www.salzburgerland.com\\\/de\\\/magazin\\\/wp-content\\\/uploads\\\/2017\\\/02\\\/djhoody-kl.jpg\",\"articleSection\":[\"Archiv\"],\"inLanguage\":\"de\",\"potentialAction\":[{\"@type\":\"CommentAction\",\"name\":\"Comment\",\"target\":[\"https:\\\/\\\/www.salzburgerland.com\\\/de\\\/magazin\\\/white-pearl-mountain-days\\\/#respond\"]}]},{\"@type\":\"WebPage\",\"@id\":\"https:\\\/\\\/www.salzburgerland.com\\\/de\\\/magazin\\\/white-pearl-mountain-days\\\/\",\"url\":\"https:\\\/\\\/www.salzburgerland.com\\\/de\\\/magazin\\\/white-pearl-mountain-days\\\/\",\"name\":\"White Pearl Mountain Days - SalzburgerLand Magazin\",\"isPartOf\":{\"@id\":\"https:\\\/\\\/www.salzburgerland.com\\\/de\\\/magazin\\\/#website\"},\"primaryImageOfPage\":{\"@id\":\"https:\\\/\\\/www.salzburgerland.com\\\/de\\\/magazin\\\/white-pearl-mountain-days\\\/#primaryimage\"},\"image\":{\"@id\":\"https:\\\/\\\/www.salzburgerland.com\\\/de\\\/magazin\\\/white-pearl-mountain-days\\\/#primaryimage\"},\"thumbnailUrl\":\"https:\\\/\\\/www.salzburgerland.com\\\/de\\\/magazin\\\/wp-content\\\/uploads\\\/2017\\\/02\\\/djhoody-kl.jpg\",\"datePublished\":\"2026-01-07T07:01:00+00:00\",\"dateModified\":\"2026-04-27T10:35:00+00:00\",\"breadcrumb\":{\"@id\":\"https:\\\/\\\/www.salzburgerland.com\\\/de\\\/magazin\\\/white-pearl-mountain-days\\\/#breadcrumb\"},\"inLanguage\":\"de\",\"potentialAction\":[{\"@type\":\"ReadAction\",\"target\":[\"https:\\\/\\\/www.salzburgerland.com\\\/de\\\/magazin\\\/white-pearl-mountain-days\\\/\"]}]},{\"@type\":\"ImageObject\",\"inLanguage\":\"de\",\"@id\":\"https:\\\/\\\/www.salzburgerland.com\\\/de\\\/magazin\\\/white-pearl-mountain-days\\\/#primaryimage\",\"url\":\"https:\\\/\\\/www.salzburgerland.com\\\/de\\\/magazin\\\/wp-content\\\/uploads\\\/2017\\\/02\\\/djhoody-kl.jpg\",\"contentUrl\":\"https:\\\/\\\/www.salzburgerland.com\\\/de\\\/magazin\\\/wp-content\\\/uploads\\\/2017\\\/02\\\/djhoody-kl.jpg\",\"width\":1600,\"height\":1068,\"caption\":\"c Edith Danzer DJ Hoody\"},{\"@type\":\"BreadcrumbList\",\"@id\":\"https:\\\/\\\/www.salzburgerland.com\\\/de\\\/magazin\\\/white-pearl-mountain-days\\\/#breadcrumb\",\"itemListElement\":[{\"@type\":\"ListItem\",\"position\":1,\"name\":\"Startseite\",\"item\":\"https:\\\/\\\/www.salzburgerland.com\\\/de\\\/magazin\\\/\"},{\"@type\":\"ListItem\",\"position\":2,\"name\":\"Archiv\",\"item\":\"https:\\\/\\\/www.salzburgerland.com\\\/de\\\/magazin\\\/thema\\\/archiv\\\/\"},{\"@type\":\"ListItem\",\"position\":3,\"name\":\"White Pearl Mountain Days\"}]},{\"@type\":\"WebSite\",\"@id\":\"https:\\\/\\\/www.salzburgerland.com\\\/de\\\/magazin\\\/#website\",\"url\":\"https:\\\/\\\/www.salzburgerland.com\\\/de\\\/magazin\\\/\",\"name\":\"SalzburgerLand Magazin\",\"description\":\"Geschichten und Interessantes aus dem SalzburgerLand\",\"publisher\":{\"@id\":\"https:\\\/\\\/www.salzburgerland.com\\\/de\\\/magazin\\\/#organization\"},\"potentialAction\":[{\"@type\":\"SearchAction\",\"target\":{\"@type\":\"EntryPoint\",\"urlTemplate\":\"https:\\\/\\\/www.salzburgerland.com\\\/de\\\/magazin\\\/?s={search_term_string}\"},\"query-input\":{\"@type\":\"PropertyValueSpecification\",\"valueRequired\":true,\"valueName\":\"search_term_string\"}}],\"inLanguage\":\"de\"},{\"@type\":\"Organization\",\"@id\":\"https:\\\/\\\/www.salzburgerland.com\\\/de\\\/magazin\\\/#organization\",\"name\":\"SalzburgerLand Tourismus\",\"url\":\"https:\\\/\\\/www.salzburgerland.com\\\/de\\\/magazin\\\/\",\"logo\":{\"@type\":\"ImageObject\",\"inLanguage\":\"de\",\"@id\":\"https:\\\/\\\/www.salzburgerland.com\\\/de\\\/magazin\\\/#\\\/schema\\\/logo\\\/image\\\/\",\"url\":\"https:\\\/\\\/www.salzburgerland.com\\\/de\\\/magazin\\\/wp-content\\\/uploads\\\/2019\\\/06\\\/salzburgerland-logo1.jpg\",\"contentUrl\":\"https:\\\/\\\/www.salzburgerland.com\\\/de\\\/magazin\\\/wp-content\\\/uploads\\\/2019\\\/06\\\/salzburgerland-logo1.jpg\",\"width\":2011,\"height\":866,\"caption\":\"SalzburgerLand Tourismus\"},\"image\":{\"@id\":\"https:\\\/\\\/www.salzburgerland.com\\\/de\\\/magazin\\\/#\\\/schema\\\/logo\\\/image\\\/\"},\"sameAs\":[\"https:\\\/\\\/www.facebook.com\\\/salzburgerland\\\/\",\"https:\\\/\\\/x.com\\\/Salzburgerland\",\"https:\\\/\\\/www.instagram.com\\\/salzburgerland\\\/\",\"https:\\\/\\\/at.linkedin.com\\\/company\\\/salzburgerland-tourismus-gmbh\",\"https:\\\/\\\/www.pinterest.at\\\/salzburgerland\\\/\",\"https:\\\/\\\/www.youtube.com\\\/user\\\/salzburgerland\",\"https:\\\/\\\/de.wikipedia.org\\\/wiki\\\/SalzburgerLand_Tourismus_GmbH\"]},{\"@type\":\"Person\",\"@id\":\"https:\\\/\\\/www.salzburgerland.com\\\/de\\\/magazin\\\/#\\\/schema\\\/person\\\/79452c699c410aa31a119426313748de\",\"name\":\"Edith Danzer\",\"description\":\"Seit Jahren arbeite ich als freie Redakteurin und Fotografin im SalzburgerLand. Schreiben ist f\u00fcr mich nicht blo\u00df das Erstellen eines Textes. Es ist ein Komponieren einer wundervollen Melodie, ein Malen mit Buchstaben und Worten. Ich liebe die Begegnungen mit Menschen, die mir ihre Geschichte anvertrauen. Wenn man mich sucht, bin ich entweder am Schreibtisch (der auch mal am sonnigen H\u00fcttenbankerl stehen kann) oder mit meinem Husky-M\u00e4dl Ylvi am Berg, am See oder im Wald. Ich \u2026 \u2026 in ein paar Worten. \u2022 Lieber drau\u00dfen, als drinnen. \u2022 Lieber Norden, als S\u00fcden. \u2022 Lieber Buchstaben, als Zahlen. \u2022 Lieber Schnee, als Strand. \u2022 Lieber Berg, als Tal. \u2022 Lieber Nordlichter, als S\u00fcdseezauber. \u2022 Lieber H\u00fctte, als F\u00fcnfsternschuppen. \u2022 Lieber Hund, als Katze. \u2022 Lieber grader Michl, als falscher Fufzga. \u2022 Lieber mittendurch, als drumherum \u2022 Lieber Almleben, als Couchpotato\",\"url\":\"https:\\\/\\\/www.salzburgerland.com\\\/de\\\/magazin\\\/author\\\/edith-danzer\\\/\"}]}<\/script>\n<!-- \/ Yoast SEO Premium plugin. -->","yoast_head_json":{"title":"White Pearl Mountain Days - SalzburgerLand Magazin","description":"Der M\u00e4rz wird mit Perlen gekr\u00f6nt! Firnschnee, Sonne, Sound und Kulinarik - Mit den White Pearl Mountain Days erhebt der Skicircus Saalbach Hinterglemm Leogang Fieberbrunn das Fr\u00fchlingsskifahren vom 20. bis 29. M\u00e4rz 2026 zur Genuss-Disziplin im winterlichen Skivergn\u00fcgen.","robots":{"index":"index","follow":"follow","max-snippet":"max-snippet:-1","max-image-preview":"max-image-preview:large","max-video-preview":"max-video-preview:-1"},"canonical":"https:\/\/www.salzburgerland.com\/de\/magazin\/white-pearl-mountain-days\/","og_locale":"de_DE","og_type":"article","og_title":"White Pearl Mountain Days","og_description":"Ich liebe den Fr\u00fchling! Im Tal k\u00e4mpfen schon die Fr\u00fchbl\u00fcher um die Poleposition im Blumenbeet doch oben am Berg ist noch tiefster Winter und der Schnee glitzert im ersten Sonnenlicht. Bei Sonnenaufgang steh ich auf dem Berg, um die ersten Schw\u00fcnge \u00fcber die morgens noch griffigen Pisten zu ziehen. Mit steigendem Sonnenstand verwandeln sich die [&hellip;]","og_url":"https:\/\/www.salzburgerland.com\/de\/magazin\/white-pearl-mountain-days\/","og_site_name":"SalzburgerLand Magazin","article_publisher":"https:\/\/www.facebook.com\/salzburgerland\/","article_published_time":"2026-01-07T07:01:00+00:00","article_modified_time":"2026-04-27T10:35:00+00:00","og_image":[{"width":1600,"height":1068,"url":"https:\/\/www.salzburgerland.com\/de\/magazin\/wp-content\/uploads\/2017\/02\/djhoody-kl.jpg","type":"image\/jpeg"}],"author":"Edith Danzer","twitter_card":"summary_large_image","twitter_creator":"@Salzburgerland","twitter_site":"@Salzburgerland","twitter_misc":{"Verfasst von":"Edith Danzer","Gesch\u00e4tzte Lesezeit":"5\u00a0Minuten"},"schema":{"@context":"https:\/\/schema.org","@graph":[{"@type":"Article","@id":"https:\/\/www.salzburgerland.com\/de\/magazin\/white-pearl-mountain-days\/#article","isPartOf":{"@id":"https:\/\/www.salzburgerland.com\/de\/magazin\/white-pearl-mountain-days\/"},"author":{"name":"Edith Danzer","@id":"https:\/\/www.salzburgerland.com\/de\/magazin\/#\/schema\/person\/79452c699c410aa31a119426313748de"},"headline":"White Pearl Mountain Days","datePublished":"2026-01-07T07:01:00+00:00","dateModified":"2026-04-27T10:35:00+00:00","mainEntityOfPage":{"@id":"https:\/\/www.salzburgerland.com\/de\/magazin\/white-pearl-mountain-days\/"},"wordCount":558,"commentCount":0,"publisher":{"@id":"https:\/\/www.salzburgerland.com\/de\/magazin\/#organization"},"image":{"@id":"https:\/\/www.salzburgerland.com\/de\/magazin\/white-pearl-mountain-days\/#primaryimage"},"thumbnailUrl":"https:\/\/www.salzburgerland.com\/de\/magazin\/wp-content\/uploads\/2017\/02\/djhoody-kl.jpg","articleSection":["Archiv"],"inLanguage":"de","potentialAction":[{"@type":"CommentAction","name":"Comment","target":["https:\/\/www.salzburgerland.com\/de\/magazin\/white-pearl-mountain-days\/#respond"]}]},{"@type":"WebPage","@id":"https:\/\/www.salzburgerland.com\/de\/magazin\/white-pearl-mountain-days\/","url":"https:\/\/www.salzburgerland.com\/de\/magazin\/white-pearl-mountain-days\/","name":"White Pearl Mountain Days - SalzburgerLand Magazin","isPartOf":{"@id":"https:\/\/www.salzburgerland.com\/de\/magazin\/#website"},"primaryImageOfPage":{"@id":"https:\/\/www.salzburgerland.com\/de\/magazin\/white-pearl-mountain-days\/#primaryimage"},"image":{"@id":"https:\/\/www.salzburgerland.com\/de\/magazin\/white-pearl-mountain-days\/#primaryimage"},"thumbnailUrl":"https:\/\/www.salzburgerland.com\/de\/magazin\/wp-content\/uploads\/2017\/02\/djhoody-kl.jpg","datePublished":"2026-01-07T07:01:00+00:00","dateModified":"2026-04-27T10:35:00+00:00","breadcrumb":{"@id":"https:\/\/www.salzburgerland.com\/de\/magazin\/white-pearl-mountain-days\/#breadcrumb"},"inLanguage":"de","potentialAction":[{"@type":"ReadAction","target":["https:\/\/www.salzburgerland.com\/de\/magazin\/white-pearl-mountain-days\/"]}]},{"@type":"ImageObject","inLanguage":"de","@id":"https:\/\/www.salzburgerland.com\/de\/magazin\/white-pearl-mountain-days\/#primaryimage","url":"https:\/\/www.salzburgerland.com\/de\/magazin\/wp-content\/uploads\/2017\/02\/djhoody-kl.jpg","contentUrl":"https:\/\/www.salzburgerland.com\/de\/magazin\/wp-content\/uploads\/2017\/02\/djhoody-kl.jpg","width":1600,"height":1068,"caption":"c Edith Danzer DJ Hoody"},{"@type":"BreadcrumbList","@id":"https:\/\/www.salzburgerland.com\/de\/magazin\/white-pearl-mountain-days\/#breadcrumb","itemListElement":[{"@type":"ListItem","position":1,"name":"Startseite","item":"https:\/\/www.salzburgerland.com\/de\/magazin\/"},{"@type":"ListItem","position":2,"name":"Archiv","item":"https:\/\/www.salzburgerland.com\/de\/magazin\/thema\/archiv\/"},{"@type":"ListItem","position":3,"name":"White Pearl Mountain Days"}]},{"@type":"WebSite","@id":"https:\/\/www.salzburgerland.com\/de\/magazin\/#website","url":"https:\/\/www.salzburgerland.com\/de\/magazin\/","name":"SalzburgerLand Magazin","description":"Geschichten und Interessantes aus dem SalzburgerLand","publisher":{"@id":"https:\/\/www.salzburgerland.com\/de\/magazin\/#organization"},"potentialAction":[{"@type":"SearchAction","target":{"@type":"EntryPoint","urlTemplate":"https:\/\/www.salzburgerland.com\/de\/magazin\/?s={search_term_string}"},"query-input":{"@type":"PropertyValueSpecification","valueRequired":true,"valueName":"search_term_string"}}],"inLanguage":"de"},{"@type":"Organization","@id":"https:\/\/www.salzburgerland.com\/de\/magazin\/#organization","name":"SalzburgerLand Tourismus","url":"https:\/\/www.salzburgerland.com\/de\/magazin\/","logo":{"@type":"ImageObject","inLanguage":"de","@id":"https:\/\/www.salzburgerland.com\/de\/magazin\/#\/schema\/logo\/image\/","url":"https:\/\/www.salzburgerland.com\/de\/magazin\/wp-content\/uploads\/2019\/06\/salzburgerland-logo1.jpg","contentUrl":"https:\/\/www.salzburgerland.com\/de\/magazin\/wp-content\/uploads\/2019\/06\/salzburgerland-logo1.jpg","width":2011,"height":866,"caption":"SalzburgerLand Tourismus"},"image":{"@id":"https:\/\/www.salzburgerland.com\/de\/magazin\/#\/schema\/logo\/image\/"},"sameAs":["https:\/\/www.facebook.com\/salzburgerland\/","https:\/\/x.com\/Salzburgerland","https:\/\/www.instagram.com\/salzburgerland\/","https:\/\/at.linkedin.com\/company\/salzburgerland-tourismus-gmbh","https:\/\/www.pinterest.at\/salzburgerland\/","https:\/\/www.youtube.com\/user\/salzburgerland","https:\/\/de.wikipedia.org\/wiki\/SalzburgerLand_Tourismus_GmbH"]},{"@type":"Person","@id":"https:\/\/www.salzburgerland.com\/de\/magazin\/#\/schema\/person\/79452c699c410aa31a119426313748de","name":"Edith Danzer","description":"Seit Jahren arbeite ich als freie Redakteurin und Fotografin im SalzburgerLand. Schreiben ist f\u00fcr mich nicht blo\u00df das Erstellen eines Textes. Es ist ein Komponieren einer wundervollen Melodie, ein Malen mit Buchstaben und Worten. Ich liebe die Begegnungen mit Menschen, die mir ihre Geschichte anvertrauen. Wenn man mich sucht, bin ich entweder am Schreibtisch (der auch mal am sonnigen H\u00fcttenbankerl stehen kann) oder mit meinem Husky-M\u00e4dl Ylvi am Berg, am See oder im Wald. Ich \u2026 \u2026 in ein paar Worten. \u2022 Lieber drau\u00dfen, als drinnen. \u2022 Lieber Norden, als S\u00fcden. \u2022 Lieber Buchstaben, als Zahlen. \u2022 Lieber Schnee, als Strand. \u2022 Lieber Berg, als Tal. \u2022 Lieber Nordlichter, als S\u00fcdseezauber. \u2022 Lieber H\u00fctte, als F\u00fcnfsternschuppen. \u2022 Lieber Hund, als Katze. \u2022 Lieber grader Michl, als falscher Fufzga. \u2022 Lieber mittendurch, als drumherum \u2022 Lieber Almleben, als Couchpotato","url":"https:\/\/www.salzburgerland.com\/de\/magazin\/author\/edith-danzer\/"}]}},"_wl_alt_label":[],"wl:entity_url":"http:\/\/open.salzburgerland.com\/magazin\/post\/white_pearl_mountain_days","_links":{"self":[{"href":"https:\/\/www.salzburgerland.com\/de\/magazin\/wp-json\/wp\/v2\/posts\/112840","targetHints":{"allow":["GET"]}}],"collection":[{"href":"https:\/\/www.salzburgerland.com\/de\/magazin\/wp-json\/wp\/v2\/posts"}],"about":[{"href":"https:\/\/www.salzburgerland.com\/de\/magazin\/wp-json\/wp\/v2\/types\/post"}],"author":[{"embeddable":true,"href":"https:\/\/www.salzburgerland.com\/de\/magazin\/wp-json\/wp\/v2\/users\/11"}],"replies":[{"embeddable":true,"href":"https:\/\/www.salzburgerland.com\/de\/magazin\/wp-json\/wp\/v2\/comments?post=112840"}],"version-history":[{"count":4,"href":"https:\/\/www.salzburgerland.com\/de\/magazin\/wp-json\/wp\/v2\/posts\/112840\/revisions"}],"predecessor-version":[{"id":187022,"href":"https:\/\/www.salzburgerland.com\/de\/magazin\/wp-json\/wp\/v2\/posts\/112840\/revisions\/187022"}],"wp:featuredmedia":[{"embeddable":true,"href":"https:\/\/www.salzburgerland.com\/de\/magazin\/wp-json\/wp\/v2\/media\/112843"}],"wp:attachment":[{"href":"https:\/\/www.salzburgerland.com\/de\/magazin\/wp-json\/wp\/v2\/media?parent=112840"}],"wp:term":[{"taxonomy":"category","embeddable":true,"href":"https:\/\/www.salzburgerland.com\/de\/magazin\/wp-json\/wp\/v2\/categories?post=112840"},{"taxonomy":"post_tag","embeddable":true,"href":"https:\/\/www.salzburgerland.com\/de\/magazin\/wp-json\/wp\/v2\/tags?post=112840"},{"taxonomy":"wl_entity_type","embeddable":true,"href":"https:\/\/www.salzburgerland.com\/de\/magazin\/wp-json\/wp\/v2\/wl_entity_type?post=112840"},{"taxonomy":"monatsauswahl","embeddable":true,"href":"https:\/\/www.salzburgerland.com\/de\/magazin\/wp-json\/wp\/v2\/monatsauswahl?post=112840"}],"curies":[{"name":"wp","href":"https:\/\/api.w.org\/{rel}","templated":true}]}}