{"id":112669,"date":"2017-03-09T08:00:07","date_gmt":"2017-03-09T07:00:07","guid":{"rendered":"https:\/\/www.salzburgerland.com\/de\/magazin\/?p=112669"},"modified":"2019-05-06T09:22:27","modified_gmt":"2019-05-06T07:22:27","slug":"nussdorfer-schrona-nachhaltige-produkte-aus-der-region","status":"publish","type":"post","link":"https:\/\/www.salzburgerland.com\/de\/magazin\/nussdorfer-schrona-nachhaltige-produkte-aus-der-region\/","title":{"rendered":"Nussdorfer Schrona &#8211; Nachhaltige Produkte aus der Region"},"content":{"rendered":"<p><strong>Auf der\u00a0Nussdorfer Schrona\u00a0werden ausschlie\u00dflich Lebensmittel verkauft, die aus der Salzburger Gemeinde Nussdorf am Haunsberg stammen.\u00a0<\/strong><\/p>\n<p>Wie so oft bei gro\u00dfartigen Projekten steht eine einfache Idee am Beginn: Christina Zauner wollte Lebensmittel\u00a0kaufen, die in ihrer unmittelbaren Umgebung produziert werden,\u00a0kaum bis\u00a0gar keine Transportwege hinter sich haben und tats\u00e4chlich nur dann erh\u00e4ltlich sind, wenn sie Saison haben. Die\u00a0junge Nebenerwerbsb\u00e4uerin erweckte\u00a0einen Markt zum Leben, der genau das bietet.<\/p>\n<p>&#8222;Wir hatten genug von importierten Lebensmitteln aus dem Supermarkt, von spanischen Erdbeeren im Februar und den Superfoods aus S\u00fcdamerika. Unser Interesse galt den Produkten aus dem SalzburgerLand! Wir hatten die Vision eines Bauernmarktes, der wirklich nur die Produkte anbietet, die gerade in unserer Gemeinde produziert werden &#8211; ohne Kompromisse. Nach spannenden\u00a0Gespr\u00e4chen mit einigen Bauern und der J\u00e4gerschaft waren wir geradezu \u00fcberw\u00e4ltigt von den M\u00f6glichkeiten, die sich uns boten. Das\u00a0Angebot an Lebensmitteln unser Gemeinde ist sehr vielf\u00e4ltig,&#8220; beschreibt Christina Zauner, Ideengeberin und Initiatorin der Nussdorfer Schrona, ihr Herzensprojekt.\u00a0<\/p>\n<p>Der Gedanke der Regionalit\u00e4t und Saisonalit\u00e4t bringt die Tatsache mit sich, dass nicht alle Produkte jederzeit verf\u00fcgbar sind. Doch genau darum geht es ihr und ihrem Team! &#8222;Frisches Blattgem\u00fcse k\u00f6nnen wir bereits im Fr\u00fchjahr anbieten, im Sommer dominieren bunte Gem\u00fcsesorten und im Sp\u00e4therbst verkaufen wir viel lagerf\u00e4higes Wurzelgem\u00fcse. Genau\u00a0so setzen wir den \u00f6kologischen Gedanken um und nutzen zudem\u00a0den maximalen gesundheitlichen Faktor. Wir konsumieren frisches Obst und Gem\u00fcse mit der geballten Ladung an Vitaminen!&#8220; erkl\u00e4rt H\u00fchner- und Gem\u00fcsebauer\u00a0Roman Grillneder vom Kastnerg\u00fctl.\u00a0<\/p>\n<p>Auch die anderen Jungbauern der Nussdorfer Schrona besch\u00e4ftigen sich mit dem Gedanken der Nachhaltigkeit. &#8222;Wir wollen mit der Nussdorfer Schrona die Vielfalt und Saisonalit\u00e4t der Region zeigen. Durch den nat\u00fcrlichen Zyklus der Milchschafe ist unsere Bio-Schafmilch, Joghurt, Frischk\u00e4se etc. nur von M\u00e4rz bis November verf\u00fcgbar. In diesem nat\u00fcrlichen Zyklus lammen bei uns alle Schafe gemeinsam im Fr\u00fchjahr ab,&#8220; erz\u00e4hlen Johanna und Martin Strasser vom Mesnerbauer begeistert.\u00a0<\/p>\n<p>Gemeinsam m\u00f6chten die Jungbauern aus Nussdorf die Bev\u00f6lkerung mit ihrer Leidenschaft anstecken, m\u00f6chten zum Nachdenken anregen und Bewusstsein f\u00fcr nachhaltige Lebensmittel schaffen.<\/p>\n<figure id=\"attachment_112676\" aria-describedby=\"caption-attachment-112676\" style=\"width: 650px\" class=\"wp-caption aligncenter\"><img loading=\"lazy\" decoding=\"async\" class=\"size-singlePost wp-image-112676\" src=\"https:\/\/www.salzburgerland.com\/de\/magazin\/wp-content\/uploads\/2017\/02\/Schrona-10.09.2016_Wudwux-7-650x435.jpg\" alt=\"\" width=\"650\" height=\"435\" \/><figcaption id=\"caption-attachment-112676\" class=\"wp-caption-text\">Wildkr\u00e4uter- und Wildobstspezialit\u00e4ten\u00a0von Kr\u00e4uterexpertin Michaela Schwarzbraun.<\/figcaption><\/figure>\n<h3><b>Lebensmittelvielfalt in Nussdorf<\/b><\/h3>\n<p>Rund 2.400\u00a0Einwohner (Stand 1.1.2016) z\u00e4hlt die Gemeinde Nussdorf am Haunsberg im Salzburger Flachgau. Das Gemeindegebiet erstreckt sich auf eine Fl\u00e4che von ca. 35 \u00a0km<sup>2<\/sup>.\u00a0Die\u00a0kleine Gemeinde am Fu\u00dfe des Haunsbergs im SalzburgerLand hat in Punkto Kulinarik einiges zu bieten.\u00a0Ein Auszug aus den Produkten der Nussdorfer Schrona:\u00a0<\/p>\n<p><strong>Gem\u00fcse, H\u00fchnerfleisch, Eier<\/strong>\u00a0(Kastnerg\u00fctl | Christina Zauner &amp; Roman Grillneder)<br \/>\n<strong>Forellen<\/strong> frisch, ger\u00e4uchert und Filets (Kastnerg\u00fctl | Manfred Zauner)<br \/>\n<strong>Rindfleisch<\/strong> (Gmeinergut | Familie Voggenberger)<br \/>\n<strong>Milchprodukte, Honig<\/strong> (Enthammergut | Christine &amp; Thomas Thalmayr)<br \/>\n<strong>Schafmilchprodukte<\/strong> (Mesnerbauer | Johanna &amp; Martin Strasser)<br \/>\n<strong>Wildbret<\/strong> aus Nu\u00dfdorf (J\u00e4gerschaft Nu\u00dfdorf a.H.)<br \/>\n<strong>Edelbr\u00e4nde, Lik\u00f6re, Most, Essige<\/strong> (Eder&#8217;s Edelf\u00fcllung | Hans-Peter, Monika, Verena &amp; Lukas Eder)<br \/>\n<strong>Wildkr\u00e4uter- und Wildobstspezialit\u00e4ten<\/strong> (W\u00fcdwux | Michaela Schwarzbraun)<\/p>\n<div class=\"mag-gallery\"><div class=\"row\"><div class=\"col-6 col-sm-4\"><figure><a class=\"thumb-container\" href=\"https:\/\/www.salzburgerland.com\/de\/magazin\/wp-content\/uploads\/2017\/02\/Schona-10.09.2106_Kastnergutl-RomanChristina-1-1280x1024.jpg\">\t<picture><source media=\"(min-width: 576px)\" srcset=\"https:\/\/www.salzburgerland.com\/de\/magazin\/wp-content\/uploads\/2017\/02\/Schona-10.09.2106_Kastnergutl-RomanChristina-1-325x209.jpg 325w, https:\/\/www.salzburgerland.com\/de\/magazin\/wp-content\/uploads\/2017\/02\/Schona-10.09.2106_Kastnergutl-RomanChristina-1-249x160.jpg 249w\" \/><source media=\"(min-width: 0)\" srcset=\"https:\/\/www.salzburgerland.com\/de\/magazin\/wp-content\/uploads\/2017\/02\/Schona-10.09.2106_Kastnergutl-RomanChristina-1-249x160.jpg 249w, https:\/\/www.salzburgerland.com\/de\/magazin\/wp-content\/uploads\/2017\/02\/Schona-10.09.2106_Kastnergutl-RomanChristina-1-325x209.jpg 325w\" \/><img decoding=\"async\" alt=\"In Scheiben geschnittene violette, gelbe und rosafarbene Kartoffeln auf einer Schiefertafel, mit Karottenscheiben im Hintergrund.\" src=\"https:\/\/www.salzburgerland.com\/de\/magazin\/wp-content\/uploads\/2017\/02\/Schona-10.09.2106_Kastnergutl-RomanChristina-1.jpg\" \/>\t<\/picture><\/a><\/figure><\/div><div class=\"col-6 col-sm-4\"><figure><a class=\"thumb-container\" href=\"https:\/\/www.salzburgerland.com\/de\/magazin\/wp-content\/uploads\/2017\/02\/Schrona-10.09.2016_Eders-Edelfullung-9-1280x1024.jpg\">\t<picture><source media=\"(min-width: 576px)\" srcset=\"https:\/\/www.salzburgerland.com\/de\/magazin\/wp-content\/uploads\/2017\/02\/Schrona-10.09.2016_Eders-Edelfullung-9-325x209.jpg 325w, https:\/\/www.salzburgerland.com\/de\/magazin\/wp-content\/uploads\/2017\/02\/Schrona-10.09.2016_Eders-Edelfullung-9-249x160.jpg 249w\" \/><source media=\"(min-width: 0)\" srcset=\"https:\/\/www.salzburgerland.com\/de\/magazin\/wp-content\/uploads\/2017\/02\/Schrona-10.09.2016_Eders-Edelfullung-9-249x160.jpg 249w, https:\/\/www.salzburgerland.com\/de\/magazin\/wp-content\/uploads\/2017\/02\/Schrona-10.09.2016_Eders-Edelfullung-9-325x209.jpg 325w\" \/><img decoding=\"async\" alt=\"Flaschen mit Fruchtlik\u00f6r in einem Strohkorb mit drei \u00c4pfeln am Boden.\" src=\"https:\/\/www.salzburgerland.com\/de\/magazin\/wp-content\/uploads\/2017\/02\/Schrona-10.09.2016_Eders-Edelfullung-9.jpg\" \/>\t<\/picture><\/a><\/figure><\/div><div class=\"col-6 col-sm-4\"><figure><a class=\"thumb-container\" href=\"https:\/\/www.salzburgerland.com\/de\/magazin\/wp-content\/uploads\/2017\/02\/Schrona-10.09.2016_Enthammergut-2-1280x1024.jpg\">\t<picture><source media=\"(min-width: 576px)\" srcset=\"https:\/\/www.salzburgerland.com\/de\/magazin\/wp-content\/uploads\/2017\/02\/Schrona-10.09.2016_Enthammergut-2-325x209.jpg 325w, https:\/\/www.salzburgerland.com\/de\/magazin\/wp-content\/uploads\/2017\/02\/Schrona-10.09.2016_Enthammergut-2-249x160.jpg 249w\" \/><source media=\"(min-width: 0)\" srcset=\"https:\/\/www.salzburgerland.com\/de\/magazin\/wp-content\/uploads\/2017\/02\/Schrona-10.09.2016_Enthammergut-2-249x160.jpg 249w, https:\/\/www.salzburgerland.com\/de\/magazin\/wp-content\/uploads\/2017\/02\/Schrona-10.09.2016_Enthammergut-2-325x209.jpg 325w\" \/><img decoding=\"async\" alt=\"Joghurtbecher mit blau-karierten Deckeln stehen auf Eis in einem Holzk\u00fcbel an einem Marktstand.\" src=\"https:\/\/www.salzburgerland.com\/de\/magazin\/wp-content\/uploads\/2017\/02\/Schrona-10.09.2016_Enthammergut-2.jpg\" \/>\t<\/picture><\/a><\/figure><\/div><\/div><\/div><figcaption><\/figcaption>\n<div class=\"mag-gallery\"><div class=\"row\"><div class=\"col-6 col-sm-4\"><figure><a class=\"thumb-container\" href=\"https:\/\/www.salzburgerland.com\/de\/magazin\/wp-content\/uploads\/2017\/02\/Schrona-10.09.2016_Kastnergutl-Manfred-2-1280x1024.jpg\">\t<picture><source media=\"(min-width: 576px)\" srcset=\"https:\/\/www.salzburgerland.com\/de\/magazin\/wp-content\/uploads\/2017\/02\/Schrona-10.09.2016_Kastnergutl-Manfred-2-325x209.jpg 325w, https:\/\/www.salzburgerland.com\/de\/magazin\/wp-content\/uploads\/2017\/02\/Schrona-10.09.2016_Kastnergutl-Manfred-2-249x160.jpg 249w\" \/><source media=\"(min-width: 0)\" srcset=\"https:\/\/www.salzburgerland.com\/de\/magazin\/wp-content\/uploads\/2017\/02\/Schrona-10.09.2016_Kastnergutl-Manfred-2-249x160.jpg 249w, https:\/\/www.salzburgerland.com\/de\/magazin\/wp-content\/uploads\/2017\/02\/Schrona-10.09.2016_Kastnergutl-Manfred-2-325x209.jpg 325w\" \/><img decoding=\"async\" alt=\"Ger\u00e4ucherter Fisch, der an Metallhaken an einem Holzbalken h\u00e4ngt, mit einem unscharfen Hintergrund im Freien.\" src=\"https:\/\/www.salzburgerland.com\/de\/magazin\/wp-content\/uploads\/2017\/02\/Schrona-10.09.2016_Kastnergutl-Manfred-2.jpg\" \/>\t<\/picture><\/a><\/figure><\/div><div class=\"col-6 col-sm-4\"><figure><a class=\"thumb-container\" href=\"https:\/\/www.salzburgerland.com\/de\/magazin\/wp-content\/uploads\/2017\/02\/Schrona-10.09.2016_Enthammergut-4-1280x1024.jpg\">\t<picture><source media=\"(min-width: 576px)\" srcset=\"https:\/\/www.salzburgerland.com\/de\/magazin\/wp-content\/uploads\/2017\/02\/Schrona-10.09.2016_Enthammergut-4-325x209.jpg 325w, https:\/\/www.salzburgerland.com\/de\/magazin\/wp-content\/uploads\/2017\/02\/Schrona-10.09.2016_Enthammergut-4-249x160.jpg 249w\" \/><source media=\"(min-width: 0)\" srcset=\"https:\/\/www.salzburgerland.com\/de\/magazin\/wp-content\/uploads\/2017\/02\/Schrona-10.09.2016_Enthammergut-4-249x160.jpg 249w, https:\/\/www.salzburgerland.com\/de\/magazin\/wp-content\/uploads\/2017\/02\/Schrona-10.09.2016_Enthammergut-4-325x209.jpg 325w\" \/><img decoding=\"async\" alt=\"Vintage-Waage mit Gl\u00e4sern, Flaschen und einer Sonnenblume auf einem Tisch auf einem Markt oder einer Messe.\" src=\"https:\/\/www.salzburgerland.com\/de\/magazin\/wp-content\/uploads\/2017\/02\/Schrona-10.09.2016_Enthammergut-4.jpg\" \/>\t<\/picture><\/a><\/figure><\/div><div class=\"col-6 col-sm-4\"><figure><a class=\"thumb-container\" href=\"https:\/\/www.salzburgerland.com\/de\/magazin\/wp-content\/uploads\/2017\/02\/Schrona-10.09.2016_Gmainerhof-8-1280x1024.jpg\">\t<picture><source media=\"(min-width: 576px)\" srcset=\"https:\/\/www.salzburgerland.com\/de\/magazin\/wp-content\/uploads\/2017\/02\/Schrona-10.09.2016_Gmainerhof-8-325x209.jpg 325w, https:\/\/www.salzburgerland.com\/de\/magazin\/wp-content\/uploads\/2017\/02\/Schrona-10.09.2016_Gmainerhof-8-249x160.jpg 249w\" \/><source media=\"(min-width: 0)\" srcset=\"https:\/\/www.salzburgerland.com\/de\/magazin\/wp-content\/uploads\/2017\/02\/Schrona-10.09.2016_Gmainerhof-8-249x160.jpg 249w, https:\/\/www.salzburgerland.com\/de\/magazin\/wp-content\/uploads\/2017\/02\/Schrona-10.09.2016_Gmainerhof-8-325x209.jpg 325w\" \/><img decoding=\"async\" alt=\"Aufgeschnittene W\u00fcrste mit Zahnstochern auf einer Platte, beschriftet mit handgeschriebenen Kreidezeichen in deutscher Sprache.\" src=\"https:\/\/www.salzburgerland.com\/de\/magazin\/wp-content\/uploads\/2017\/02\/Schrona-10.09.2016_Gmainerhof-8.jpg\" \/>\t<\/picture><\/a><\/figure><\/div><\/div><\/div><figcaption><\/figcaption>\n<h3><b>Nachhaltig einkaufen &#8211; ohne Plastikt\u00fcte!<\/b><\/h3>\n<p>Der \u00f6kologische Gedanke steht im Mittelpunkt der Nussdorfer Schrona. Soweit es m\u00f6glich ist wird Verpackungsmaterial vermieden. Einzig Fleisch und Fisch wird frisch am Stand\u00a0in wiederverwendbares Material\u00a0verpackt. Milch, Joghurt und K\u00e4se verkaufen die Nussdorfer in Gl\u00e4sern. Obst und Gem\u00fcse landet im mitgebrachten Einkaufskorb.\u00a0&#8222;Wir besch\u00e4ftigen uns bewusst mit dem Thema Ressourcenschonung und Nachhaltigkeit im Umgang mit unserer Natur und Umwelt. Da geh\u00f6rt ein kritischer Blick auf das Verpackungsmaterial f\u00fcr uns Nu\u00dfdorfer Jungbauern dazu. Wir verwenden wenn m\u00f6glich gar keine Verpackung, die Leute nehmen K\u00f6rberl und sogar eigene Beh\u00e4lter mit &#8211; nat\u00fcrlich alles unter Voraussetzung der Hygiene. Unsere Milch, Joghurt, Mozzarella, Frischk\u00e4se etc. haben wir in Gl\u00e4sern, das sieht super aus, ist praktisch und die Gl\u00e4ser kann man uns zur\u00fcckgeben,&#8220; berichten Christine und Thomas Thalmayr vom Enthammergut.\u00a0Auch bei der Konstruktion der Marktst\u00e4nde dachte man an Ressourcenschonung und die M\u00f6glichkeiten des Upcyclings. Die St\u00e4nde wurden in Eigenregie aus Europaletten gefertigt, Sonnensegel und Planen dienen als \u00dcberdachung.\u00a0<\/p>\n<figure id=\"attachment_112678\" aria-describedby=\"caption-attachment-112678\" style=\"width: 650px\" class=\"wp-caption aligncenter\"><img loading=\"lazy\" decoding=\"async\" class=\"wp-image-112678 size-singlePost\" src=\"https:\/\/www.salzburgerland.com\/de\/magazin\/wp-content\/uploads\/2017\/02\/1_Schrona-10.09.2016_allgemeine-Bilder-9-650x435.jpg\" width=\"650\" height=\"435\" \/><figcaption id=\"caption-attachment-112678\" class=\"wp-caption-text\">In urigem Upcycling-Look pr\u00e4sentiert sich die Nussdorfer Schrona.<\/figcaption><\/figure>\n<h3><b>Termine 2018<\/b><\/h3>\n<p>Im Jahr 2016 fand erstmals die Nussdorfer Schrona an zwei Samstagen statt. Die \u00fcberw\u00e4ltigende Begeisterung der Bev\u00f6lkerung spornte die jungen Bauern an, weitere Markttage zu organisieren. 2017 fand die Schrona schon an f\u00fcnf Samstagen jeweils von 8 Uhr bis 12 Uhr statt. F\u00fcr 2018 sind folgende Termine geplant:<\/p>\n<p><strong>25. Mai 2019<br \/>\n14. September 2019<br \/>\n19. Oktober 2019<\/p>\n<p><\/strong><\/p>\n<div class=\"mag-gallery\"><div class=\"row\"><div class=\"col-6 col-sm-4\"><figure><a class=\"thumb-container\" href=\"https:\/\/www.salzburgerland.com\/de\/magazin\/wp-content\/uploads\/2017\/02\/Schrona-10.09.2016_Eders-Edelfullung-1-1280x1024.jpg\">\t<picture><source media=\"(min-width: 576px)\" srcset=\"https:\/\/www.salzburgerland.com\/de\/magazin\/wp-content\/uploads\/2017\/02\/Schrona-10.09.2016_Eders-Edelfullung-1-325x209.jpg 325w, https:\/\/www.salzburgerland.com\/de\/magazin\/wp-content\/uploads\/2017\/02\/Schrona-10.09.2016_Eders-Edelfullung-1-249x160.jpg 249w\" \/><source media=\"(min-width: 0)\" srcset=\"https:\/\/www.salzburgerland.com\/de\/magazin\/wp-content\/uploads\/2017\/02\/Schrona-10.09.2016_Eders-Edelfullung-1-249x160.jpg 249w, https:\/\/www.salzburgerland.com\/de\/magazin\/wp-content\/uploads\/2017\/02\/Schrona-10.09.2016_Eders-Edelfullung-1-325x209.jpg 325w\" \/><img decoding=\"async\" alt=\"Ein l\u00e4chelnder Mann steht an einem Marktstand mit Flaschen und einem Korb unter einem blauen Vordach.\" src=\"https:\/\/www.salzburgerland.com\/de\/magazin\/wp-content\/uploads\/2017\/02\/Schrona-10.09.2016_Eders-Edelfullung-1.jpg\" \/>\t<\/picture><\/a><\/figure><\/div><div class=\"col-6 col-sm-4\"><figure><a class=\"thumb-container\" href=\"https:\/\/www.salzburgerland.com\/de\/magazin\/wp-content\/uploads\/2017\/02\/Schrona-10.09.2016_Enthammergut-8-1280x1024.jpg\">\t<picture><source media=\"(min-width: 576px)\" srcset=\"\" \/><source media=\"(min-width: 0)\" srcset=\"https:\/\/www.salzburgerland.com\/de\/magazin\/wp-content\/uploads\/2017\/02\/Schrona-10.09.2016_Enthammergut-8.jpg 960w, https:\/\/www.salzburgerland.com\/de\/magazin\/wp-content\/uploads\/2017\/02\/Schrona-10.09.2016_Enthammergut-8-180x300.jpg 180w, https:\/\/www.salzburgerland.com\/de\/magazin\/wp-content\/uploads\/2017\/02\/Schrona-10.09.2016_Enthammergut-8-330x550.jpg 330w, https:\/\/www.salzburgerland.com\/de\/magazin\/wp-content\/uploads\/2017\/02\/Schrona-10.09.2016_Enthammergut-8-240x400.jpg 240w\" \/><img decoding=\"async\" alt=\"Eine l\u00e4chelnde Familie verkauft Milchprodukte und Honig an einem Marktstand mit einem Kreideschild \u00fcber ihnen.\" src=\"https:\/\/www.salzburgerland.com\/de\/magazin\/wp-content\/uploads\/2017\/02\/Schrona-10.09.2016_Enthammergut-8.jpg\" \/>\t<\/picture><\/a><\/figure><\/div><div class=\"col-6 col-sm-4\"><figure><a class=\"thumb-container\" href=\"https:\/\/www.salzburgerland.com\/de\/magazin\/wp-content\/uploads\/2017\/02\/Schrona-10.09.2016_Gmainerhof-1-1280x1024.jpg\">\t<picture><source media=\"(min-width: 576px)\" srcset=\"https:\/\/www.salzburgerland.com\/de\/magazin\/wp-content\/uploads\/2017\/02\/Schrona-10.09.2016_Gmainerhof-1-325x209.jpg 325w, https:\/\/www.salzburgerland.com\/de\/magazin\/wp-content\/uploads\/2017\/02\/Schrona-10.09.2016_Gmainerhof-1-249x160.jpg 249w\" \/><source media=\"(min-width: 0)\" srcset=\"https:\/\/www.salzburgerland.com\/de\/magazin\/wp-content\/uploads\/2017\/02\/Schrona-10.09.2016_Gmainerhof-1-249x160.jpg 249w, https:\/\/www.salzburgerland.com\/de\/magazin\/wp-content\/uploads\/2017\/02\/Schrona-10.09.2016_Gmainerhof-1-325x209.jpg 325w\" \/><img decoding=\"async\" alt=\"Zwei Personen stehen l\u00e4chelnd hinter einem h\u00f6lzernen Marktstand, an dem Fleisch verkauft wird, und daneben steht eine Tafel mit einer Speisekarte.\" src=\"https:\/\/www.salzburgerland.com\/de\/magazin\/wp-content\/uploads\/2017\/02\/Schrona-10.09.2016_Gmainerhof-1.jpg\" \/>\t<\/picture><\/a><\/figure><\/div><\/div><\/div><figcaption><\/figcaption>\n<h3><b>Anreise<\/b><\/h3>\n<p>Die Nussdorfer Schrona findet bei jeder Witterung vor dem Gasthaus Neuwirt (Hauptstra\u00dfe 30, 5151\u00a0Nussdorf am Haunsberg) direkt im Ortszentrum statt. Parkm\u00f6glichkeiten auf dem Schotterparkplatz gegen\u00fcber sind ausreichend vorhanden. Auch mit Bus &amp; Bahn ist Nussdorf bequem erreichbar.\u00a0<\/p>\n<p>Aktuelle\u00a0Informationen zur Nussdorfer Schrona finden Sie auf der Facebook-Seite unter <a href=\"https:\/\/www.facebook.com\/nussdorferschrona\/?fref=ts\" target=\"_blank\" rel=\"noopener\">www.facebook.com\/nussdorferschrona<\/a><\/p>\n<p>\n<em>Fotocredits:\u00a0@ Michi Fuchshofer<\/em><\/p>\n","protected":false},"excerpt":{"rendered":"<p>Auf der\u00a0Nussdorfer Schrona\u00a0werden ausschlie\u00dflich Lebensmittel verkauft, die aus der Salzburger Gemeinde Nussdorf am Haunsberg stammen.\u00a0 Wie so oft bei gro\u00dfartigen Projekten steht eine einfache Idee am Beginn: Christina Zauner wollte Lebensmittel\u00a0kaufen, die in ihrer unmittelbaren Umgebung produziert werden,\u00a0kaum bis\u00a0gar keine Transportwege hinter sich haben und tats\u00e4chlich nur dann erh\u00e4ltlich sind, wenn sie Saison haben. Die\u00a0junge [&hellip;]<\/p>\n","protected":false},"author":533,"featured_media":112671,"comment_status":"open","ping_status":"open","sticky":false,"template":"","format":"standard","meta":{"_acf_changed":false,"wl_entities_gutenberg":"","_wl_entity_redirect_enabled":"","footnotes":""},"categories":[3],"tags":[],"wl_entity_type":[306],"monatsauswahl":[85,86,87,88,89,90,91],"class_list":["post-112669","post","type-post","status-publish","format-standard","has-post-thumbnail","hentry","category-essen-trinken","wl_entity_type-article","monatsauswahl-monat_4","monatsauswahl-monat_5","monatsauswahl-monat_6","monatsauswahl-monat_7","monatsauswahl-monat_8","monatsauswahl-monat_9","monatsauswahl-monat_10"],"acf":[],"yoast_head":"<!-- This site is optimized with the Yoast SEO Premium plugin v27.4 (Yoast SEO v27.4) - https:\/\/yoast.com\/product\/yoast-seo-premium-wordpress\/ -->\n<title>Nussdorfer Schrona - Nachhaltige Produkte aus der Region - SalzburgerLand Magazin<\/title>\n<meta name=\"description\" content=\"Auf der\u00a0Nussdorfer Schrona\u00a0werden ausschlie\u00dflich Lebensmittel verkauft, die aus der Salzburger Gemeinde Nussdorf am Haunsberg stammen.\u00a0 Wie so oft bei gro\u00dfartigen Projekten steht eine einfache Idee am Beginn: Christina Zauner wollte Lebensmittel\u00a0kaufen, die in ihrer unmittelbaren Umgebung produziert werden,\u00a0kaum bis\u00a0gar keine Transportwege hinter sich haben und tats\u00e4chlich nur dann erh\u00e4ltlich sind, wenn sie Saison haben. Die\u00a0junge [&hellip;]\" \/>\n<meta name=\"robots\" content=\"index, follow, max-snippet:-1, max-image-preview:large, max-video-preview:-1\" \/>\n<link rel=\"canonical\" href=\"https:\/\/www.salzburgerland.com\/de\/magazin\/nussdorfer-schrona-nachhaltige-produkte-aus-der-region\/\" \/>\n<meta property=\"og:locale\" content=\"de_DE\" \/>\n<meta property=\"og:type\" content=\"article\" \/>\n<meta property=\"og:title\" content=\"Nussdorfer Schrona - Nachhaltige Produkte aus der Region\" \/>\n<meta property=\"og:description\" content=\"Auf der\u00a0Nussdorfer Schrona\u00a0werden ausschlie\u00dflich Lebensmittel verkauft, die aus der Salzburger Gemeinde Nussdorf am Haunsberg stammen.\u00a0 Wie so oft bei gro\u00dfartigen Projekten steht eine einfache Idee am Beginn: Christina Zauner wollte Lebensmittel\u00a0kaufen, die in ihrer unmittelbaren Umgebung produziert werden,\u00a0kaum bis\u00a0gar keine Transportwege hinter sich haben und tats\u00e4chlich nur dann erh\u00e4ltlich sind, wenn sie Saison haben. Die\u00a0junge [&hellip;]\" \/>\n<meta property=\"og:url\" content=\"https:\/\/www.salzburgerland.com\/de\/magazin\/nussdorfer-schrona-nachhaltige-produkte-aus-der-region\/\" \/>\n<meta property=\"og:site_name\" content=\"SalzburgerLand Magazin\" \/>\n<meta property=\"article:publisher\" content=\"https:\/\/www.facebook.com\/salzburgerland\/\" \/>\n<meta property=\"article:published_time\" content=\"2017-03-09T07:00:07+00:00\" \/>\n<meta property=\"article:modified_time\" content=\"2019-05-06T07:22:27+00:00\" \/>\n<meta property=\"og:image\" content=\"https:\/\/www.salzburgerland.com\/de\/magazin\/wp-content\/uploads\/2017\/02\/Schona-10.09.2106_Kastnergutl-RomanChristina-28.jpg\" \/>\n\t<meta property=\"og:image:width\" content=\"1600\" \/>\n\t<meta property=\"og:image:height\" content=\"1200\" \/>\n\t<meta property=\"og:image:type\" content=\"image\/jpeg\" \/>\n<meta name=\"author\" content=\"Anke Eder\" \/>\n<meta name=\"twitter:card\" content=\"summary_large_image\" \/>\n<meta name=\"twitter:creator\" content=\"@Salzburgerland\" \/>\n<meta name=\"twitter:site\" content=\"@Salzburgerland\" \/>\n<meta name=\"twitter:label1\" content=\"Verfasst von\" \/>\n\t<meta name=\"twitter:data1\" content=\"Anke Eder\" \/>\n\t<meta name=\"twitter:label2\" content=\"Gesch\u00e4tzte Lesezeit\" \/>\n\t<meta name=\"twitter:data2\" content=\"4\u00a0Minuten\" \/>\n<script type=\"application\/ld+json\" class=\"yoast-schema-graph\">{\"@context\":\"https:\\\/\\\/schema.org\",\"@graph\":[{\"@type\":\"Article\",\"@id\":\"https:\\\/\\\/www.salzburgerland.com\\\/de\\\/magazin\\\/nussdorfer-schrona-nachhaltige-produkte-aus-der-region\\\/#article\",\"isPartOf\":{\"@id\":\"https:\\\/\\\/www.salzburgerland.com\\\/de\\\/magazin\\\/nussdorfer-schrona-nachhaltige-produkte-aus-der-region\\\/\"},\"author\":{\"name\":\"Anke Eder\",\"@id\":\"https:\\\/\\\/www.salzburgerland.com\\\/de\\\/magazin\\\/#\\\/schema\\\/person\\\/b4c7972a94a135bc63fe8c2dd626a26e\"},\"headline\":\"Nussdorfer Schrona &#8211; Nachhaltige Produkte aus der Region\",\"datePublished\":\"2017-03-09T07:00:07+00:00\",\"dateModified\":\"2019-05-06T07:22:27+00:00\",\"mainEntityOfPage\":{\"@id\":\"https:\\\/\\\/www.salzburgerland.com\\\/de\\\/magazin\\\/nussdorfer-schrona-nachhaltige-produkte-aus-der-region\\\/\"},\"wordCount\":835,\"commentCount\":0,\"publisher\":{\"@id\":\"https:\\\/\\\/www.salzburgerland.com\\\/de\\\/magazin\\\/#organization\"},\"image\":{\"@id\":\"https:\\\/\\\/www.salzburgerland.com\\\/de\\\/magazin\\\/nussdorfer-schrona-nachhaltige-produkte-aus-der-region\\\/#primaryimage\"},\"thumbnailUrl\":\"https:\\\/\\\/www.salzburgerland.com\\\/de\\\/magazin\\\/wp-content\\\/uploads\\\/2017\\\/02\\\/Schona-10.09.2106_Kastnergutl-RomanChristina-28.jpg\",\"articleSection\":[\"Essen &amp; Trinken\"],\"inLanguage\":\"de\",\"potentialAction\":[{\"@type\":\"CommentAction\",\"name\":\"Comment\",\"target\":[\"https:\\\/\\\/www.salzburgerland.com\\\/de\\\/magazin\\\/nussdorfer-schrona-nachhaltige-produkte-aus-der-region\\\/#respond\"]}]},{\"@type\":\"WebPage\",\"@id\":\"https:\\\/\\\/www.salzburgerland.com\\\/de\\\/magazin\\\/nussdorfer-schrona-nachhaltige-produkte-aus-der-region\\\/\",\"url\":\"https:\\\/\\\/www.salzburgerland.com\\\/de\\\/magazin\\\/nussdorfer-schrona-nachhaltige-produkte-aus-der-region\\\/\",\"name\":\"Nussdorfer Schrona - Nachhaltige Produkte aus der Region - SalzburgerLand Magazin\",\"isPartOf\":{\"@id\":\"https:\\\/\\\/www.salzburgerland.com\\\/de\\\/magazin\\\/#website\"},\"primaryImageOfPage\":{\"@id\":\"https:\\\/\\\/www.salzburgerland.com\\\/de\\\/magazin\\\/nussdorfer-schrona-nachhaltige-produkte-aus-der-region\\\/#primaryimage\"},\"image\":{\"@id\":\"https:\\\/\\\/www.salzburgerland.com\\\/de\\\/magazin\\\/nussdorfer-schrona-nachhaltige-produkte-aus-der-region\\\/#primaryimage\"},\"thumbnailUrl\":\"https:\\\/\\\/www.salzburgerland.com\\\/de\\\/magazin\\\/wp-content\\\/uploads\\\/2017\\\/02\\\/Schona-10.09.2106_Kastnergutl-RomanChristina-28.jpg\",\"datePublished\":\"2017-03-09T07:00:07+00:00\",\"dateModified\":\"2019-05-06T07:22:27+00:00\",\"breadcrumb\":{\"@id\":\"https:\\\/\\\/www.salzburgerland.com\\\/de\\\/magazin\\\/nussdorfer-schrona-nachhaltige-produkte-aus-der-region\\\/#breadcrumb\"},\"inLanguage\":\"de\",\"potentialAction\":[{\"@type\":\"ReadAction\",\"target\":[\"https:\\\/\\\/www.salzburgerland.com\\\/de\\\/magazin\\\/nussdorfer-schrona-nachhaltige-produkte-aus-der-region\\\/\"]}]},{\"@type\":\"ImageObject\",\"inLanguage\":\"de\",\"@id\":\"https:\\\/\\\/www.salzburgerland.com\\\/de\\\/magazin\\\/nussdorfer-schrona-nachhaltige-produkte-aus-der-region\\\/#primaryimage\",\"url\":\"https:\\\/\\\/www.salzburgerland.com\\\/de\\\/magazin\\\/wp-content\\\/uploads\\\/2017\\\/02\\\/Schona-10.09.2106_Kastnergutl-RomanChristina-28.jpg\",\"contentUrl\":\"https:\\\/\\\/www.salzburgerland.com\\\/de\\\/magazin\\\/wp-content\\\/uploads\\\/2017\\\/02\\\/Schona-10.09.2106_Kastnergutl-RomanChristina-28.jpg\",\"width\":1600,\"height\":1200,\"caption\":\"Zwei l\u00e4chelnde Verk\u00e4uferinnen stehen an einem Marktstand mit gro\u00dfen Zucchini und einer alten Waage auf der Theke.\"},{\"@type\":\"BreadcrumbList\",\"@id\":\"https:\\\/\\\/www.salzburgerland.com\\\/de\\\/magazin\\\/nussdorfer-schrona-nachhaltige-produkte-aus-der-region\\\/#breadcrumb\",\"itemListElement\":[{\"@type\":\"ListItem\",\"position\":1,\"name\":\"Startseite\",\"item\":\"https:\\\/\\\/www.salzburgerland.com\\\/de\\\/magazin\\\/\"},{\"@type\":\"ListItem\",\"position\":2,\"name\":\"Essen &amp; Trinken\",\"item\":\"https:\\\/\\\/www.salzburgerland.com\\\/de\\\/magazin\\\/thema\\\/essen-trinken\\\/\"},{\"@type\":\"ListItem\",\"position\":3,\"name\":\"Nussdorfer Schrona &#8211; Nachhaltige Produkte aus der Region\"}]},{\"@type\":\"WebSite\",\"@id\":\"https:\\\/\\\/www.salzburgerland.com\\\/de\\\/magazin\\\/#website\",\"url\":\"https:\\\/\\\/www.salzburgerland.com\\\/de\\\/magazin\\\/\",\"name\":\"SalzburgerLand Magazin\",\"description\":\"Geschichten und Interessantes aus dem SalzburgerLand\",\"publisher\":{\"@id\":\"https:\\\/\\\/www.salzburgerland.com\\\/de\\\/magazin\\\/#organization\"},\"potentialAction\":[{\"@type\":\"SearchAction\",\"target\":{\"@type\":\"EntryPoint\",\"urlTemplate\":\"https:\\\/\\\/www.salzburgerland.com\\\/de\\\/magazin\\\/?s={search_term_string}\"},\"query-input\":{\"@type\":\"PropertyValueSpecification\",\"valueRequired\":true,\"valueName\":\"search_term_string\"}}],\"inLanguage\":\"de\"},{\"@type\":\"Organization\",\"@id\":\"https:\\\/\\\/www.salzburgerland.com\\\/de\\\/magazin\\\/#organization\",\"name\":\"SalzburgerLand Tourismus\",\"url\":\"https:\\\/\\\/www.salzburgerland.com\\\/de\\\/magazin\\\/\",\"logo\":{\"@type\":\"ImageObject\",\"inLanguage\":\"de\",\"@id\":\"https:\\\/\\\/www.salzburgerland.com\\\/de\\\/magazin\\\/#\\\/schema\\\/logo\\\/image\\\/\",\"url\":\"https:\\\/\\\/www.salzburgerland.com\\\/de\\\/magazin\\\/wp-content\\\/uploads\\\/2019\\\/06\\\/salzburgerland-logo1.jpg\",\"contentUrl\":\"https:\\\/\\\/www.salzburgerland.com\\\/de\\\/magazin\\\/wp-content\\\/uploads\\\/2019\\\/06\\\/salzburgerland-logo1.jpg\",\"width\":2011,\"height\":866,\"caption\":\"SalzburgerLand Tourismus\"},\"image\":{\"@id\":\"https:\\\/\\\/www.salzburgerland.com\\\/de\\\/magazin\\\/#\\\/schema\\\/logo\\\/image\\\/\"},\"sameAs\":[\"https:\\\/\\\/www.facebook.com\\\/salzburgerland\\\/\",\"https:\\\/\\\/x.com\\\/Salzburgerland\",\"https:\\\/\\\/www.instagram.com\\\/salzburgerland\\\/\",\"https:\\\/\\\/at.linkedin.com\\\/company\\\/salzburgerland-tourismus-gmbh\",\"https:\\\/\\\/www.pinterest.at\\\/salzburgerland\\\/\",\"https:\\\/\\\/www.youtube.com\\\/user\\\/salzburgerland\",\"https:\\\/\\\/de.wikipedia.org\\\/wiki\\\/SalzburgerLand_Tourismus_GmbH\"]},{\"@type\":\"Person\",\"@id\":\"https:\\\/\\\/www.salzburgerland.com\\\/de\\\/magazin\\\/#\\\/schema\\\/person\\\/b4c7972a94a135bc63fe8c2dd626a26e\",\"name\":\"Anke Eder\",\"description\":\"Anke Eder hat in Salzburg Kommunikationswissenschaft studiert, lebt mit ihrer Familie im wundersch\u00f6nen Salzburger Flachgau und arbeitet als freiberufliche Autorin f\u00fcr das SalzburgerLand Magazin. Ihre Leidenschaft sind selbst gemachte Gerichte mit besten Zutaten aus der Region oder dem eigenen Garten. Als diplomierte Ern\u00e4hrungstrainerin, diplomierte Kr\u00e4uterp\u00e4dagogin und TEH-Praktikerin wei\u00df sie um die Vorz\u00fcge von selbst gemachten Gerichten, schreibt dar\u00fcber und fotografiert was sie f\u00fcr ihre Familie kocht. In ihrer Freizeit ist Anke am liebsten in den Bergen unterwegs - mit dem Rennrad oder den Wanderschuhen. F\u00fcr das SalzburgerLand Magazin entdeckt sie die sch\u00f6nsten Spots in Salzburgs.\u00a0\",\"url\":\"https:\\\/\\\/www.salzburgerland.com\\\/de\\\/magazin\\\/author\\\/anke-eder\\\/\"}]}<\/script>\n<!-- \/ Yoast SEO Premium plugin. -->","yoast_head_json":{"title":"Nussdorfer Schrona - Nachhaltige Produkte aus der Region - SalzburgerLand Magazin","description":"Auf der\u00a0Nussdorfer Schrona\u00a0werden ausschlie\u00dflich Lebensmittel verkauft, die aus der Salzburger Gemeinde Nussdorf am Haunsberg stammen.\u00a0 Wie so oft bei gro\u00dfartigen Projekten steht eine einfache Idee am Beginn: Christina Zauner wollte Lebensmittel\u00a0kaufen, die in ihrer unmittelbaren Umgebung produziert werden,\u00a0kaum bis\u00a0gar keine Transportwege hinter sich haben und tats\u00e4chlich nur dann erh\u00e4ltlich sind, wenn sie Saison haben. Die\u00a0junge [&hellip;]","robots":{"index":"index","follow":"follow","max-snippet":"max-snippet:-1","max-image-preview":"max-image-preview:large","max-video-preview":"max-video-preview:-1"},"canonical":"https:\/\/www.salzburgerland.com\/de\/magazin\/nussdorfer-schrona-nachhaltige-produkte-aus-der-region\/","og_locale":"de_DE","og_type":"article","og_title":"Nussdorfer Schrona - Nachhaltige Produkte aus der Region","og_description":"Auf der\u00a0Nussdorfer Schrona\u00a0werden ausschlie\u00dflich Lebensmittel verkauft, die aus der Salzburger Gemeinde Nussdorf am Haunsberg stammen.\u00a0 Wie so oft bei gro\u00dfartigen Projekten steht eine einfache Idee am Beginn: Christina Zauner wollte Lebensmittel\u00a0kaufen, die in ihrer unmittelbaren Umgebung produziert werden,\u00a0kaum bis\u00a0gar keine Transportwege hinter sich haben und tats\u00e4chlich nur dann erh\u00e4ltlich sind, wenn sie Saison haben. Die\u00a0junge [&hellip;]","og_url":"https:\/\/www.salzburgerland.com\/de\/magazin\/nussdorfer-schrona-nachhaltige-produkte-aus-der-region\/","og_site_name":"SalzburgerLand Magazin","article_publisher":"https:\/\/www.facebook.com\/salzburgerland\/","article_published_time":"2017-03-09T07:00:07+00:00","article_modified_time":"2019-05-06T07:22:27+00:00","og_image":[{"width":1600,"height":1200,"url":"https:\/\/www.salzburgerland.com\/de\/magazin\/wp-content\/uploads\/2017\/02\/Schona-10.09.2106_Kastnergutl-RomanChristina-28.jpg","type":"image\/jpeg"}],"author":"Anke Eder","twitter_card":"summary_large_image","twitter_creator":"@Salzburgerland","twitter_site":"@Salzburgerland","twitter_misc":{"Verfasst von":"Anke Eder","Gesch\u00e4tzte Lesezeit":"4\u00a0Minuten"},"schema":{"@context":"https:\/\/schema.org","@graph":[{"@type":"Article","@id":"https:\/\/www.salzburgerland.com\/de\/magazin\/nussdorfer-schrona-nachhaltige-produkte-aus-der-region\/#article","isPartOf":{"@id":"https:\/\/www.salzburgerland.com\/de\/magazin\/nussdorfer-schrona-nachhaltige-produkte-aus-der-region\/"},"author":{"name":"Anke Eder","@id":"https:\/\/www.salzburgerland.com\/de\/magazin\/#\/schema\/person\/b4c7972a94a135bc63fe8c2dd626a26e"},"headline":"Nussdorfer Schrona &#8211; Nachhaltige Produkte aus der Region","datePublished":"2017-03-09T07:00:07+00:00","dateModified":"2019-05-06T07:22:27+00:00","mainEntityOfPage":{"@id":"https:\/\/www.salzburgerland.com\/de\/magazin\/nussdorfer-schrona-nachhaltige-produkte-aus-der-region\/"},"wordCount":835,"commentCount":0,"publisher":{"@id":"https:\/\/www.salzburgerland.com\/de\/magazin\/#organization"},"image":{"@id":"https:\/\/www.salzburgerland.com\/de\/magazin\/nussdorfer-schrona-nachhaltige-produkte-aus-der-region\/#primaryimage"},"thumbnailUrl":"https:\/\/www.salzburgerland.com\/de\/magazin\/wp-content\/uploads\/2017\/02\/Schona-10.09.2106_Kastnergutl-RomanChristina-28.jpg","articleSection":["Essen &amp; Trinken"],"inLanguage":"de","potentialAction":[{"@type":"CommentAction","name":"Comment","target":["https:\/\/www.salzburgerland.com\/de\/magazin\/nussdorfer-schrona-nachhaltige-produkte-aus-der-region\/#respond"]}]},{"@type":"WebPage","@id":"https:\/\/www.salzburgerland.com\/de\/magazin\/nussdorfer-schrona-nachhaltige-produkte-aus-der-region\/","url":"https:\/\/www.salzburgerland.com\/de\/magazin\/nussdorfer-schrona-nachhaltige-produkte-aus-der-region\/","name":"Nussdorfer Schrona - Nachhaltige Produkte aus der Region - SalzburgerLand Magazin","isPartOf":{"@id":"https:\/\/www.salzburgerland.com\/de\/magazin\/#website"},"primaryImageOfPage":{"@id":"https:\/\/www.salzburgerland.com\/de\/magazin\/nussdorfer-schrona-nachhaltige-produkte-aus-der-region\/#primaryimage"},"image":{"@id":"https:\/\/www.salzburgerland.com\/de\/magazin\/nussdorfer-schrona-nachhaltige-produkte-aus-der-region\/#primaryimage"},"thumbnailUrl":"https:\/\/www.salzburgerland.com\/de\/magazin\/wp-content\/uploads\/2017\/02\/Schona-10.09.2106_Kastnergutl-RomanChristina-28.jpg","datePublished":"2017-03-09T07:00:07+00:00","dateModified":"2019-05-06T07:22:27+00:00","breadcrumb":{"@id":"https:\/\/www.salzburgerland.com\/de\/magazin\/nussdorfer-schrona-nachhaltige-produkte-aus-der-region\/#breadcrumb"},"inLanguage":"de","potentialAction":[{"@type":"ReadAction","target":["https:\/\/www.salzburgerland.com\/de\/magazin\/nussdorfer-schrona-nachhaltige-produkte-aus-der-region\/"]}]},{"@type":"ImageObject","inLanguage":"de","@id":"https:\/\/www.salzburgerland.com\/de\/magazin\/nussdorfer-schrona-nachhaltige-produkte-aus-der-region\/#primaryimage","url":"https:\/\/www.salzburgerland.com\/de\/magazin\/wp-content\/uploads\/2017\/02\/Schona-10.09.2106_Kastnergutl-RomanChristina-28.jpg","contentUrl":"https:\/\/www.salzburgerland.com\/de\/magazin\/wp-content\/uploads\/2017\/02\/Schona-10.09.2106_Kastnergutl-RomanChristina-28.jpg","width":1600,"height":1200,"caption":"Zwei l\u00e4chelnde Verk\u00e4uferinnen stehen an einem Marktstand mit gro\u00dfen Zucchini und einer alten Waage auf der Theke."},{"@type":"BreadcrumbList","@id":"https:\/\/www.salzburgerland.com\/de\/magazin\/nussdorfer-schrona-nachhaltige-produkte-aus-der-region\/#breadcrumb","itemListElement":[{"@type":"ListItem","position":1,"name":"Startseite","item":"https:\/\/www.salzburgerland.com\/de\/magazin\/"},{"@type":"ListItem","position":2,"name":"Essen &amp; Trinken","item":"https:\/\/www.salzburgerland.com\/de\/magazin\/thema\/essen-trinken\/"},{"@type":"ListItem","position":3,"name":"Nussdorfer Schrona &#8211; Nachhaltige Produkte aus der Region"}]},{"@type":"WebSite","@id":"https:\/\/www.salzburgerland.com\/de\/magazin\/#website","url":"https:\/\/www.salzburgerland.com\/de\/magazin\/","name":"SalzburgerLand Magazin","description":"Geschichten und Interessantes aus dem SalzburgerLand","publisher":{"@id":"https:\/\/www.salzburgerland.com\/de\/magazin\/#organization"},"potentialAction":[{"@type":"SearchAction","target":{"@type":"EntryPoint","urlTemplate":"https:\/\/www.salzburgerland.com\/de\/magazin\/?s={search_term_string}"},"query-input":{"@type":"PropertyValueSpecification","valueRequired":true,"valueName":"search_term_string"}}],"inLanguage":"de"},{"@type":"Organization","@id":"https:\/\/www.salzburgerland.com\/de\/magazin\/#organization","name":"SalzburgerLand Tourismus","url":"https:\/\/www.salzburgerland.com\/de\/magazin\/","logo":{"@type":"ImageObject","inLanguage":"de","@id":"https:\/\/www.salzburgerland.com\/de\/magazin\/#\/schema\/logo\/image\/","url":"https:\/\/www.salzburgerland.com\/de\/magazin\/wp-content\/uploads\/2019\/06\/salzburgerland-logo1.jpg","contentUrl":"https:\/\/www.salzburgerland.com\/de\/magazin\/wp-content\/uploads\/2019\/06\/salzburgerland-logo1.jpg","width":2011,"height":866,"caption":"SalzburgerLand Tourismus"},"image":{"@id":"https:\/\/www.salzburgerland.com\/de\/magazin\/#\/schema\/logo\/image\/"},"sameAs":["https:\/\/www.facebook.com\/salzburgerland\/","https:\/\/x.com\/Salzburgerland","https:\/\/www.instagram.com\/salzburgerland\/","https:\/\/at.linkedin.com\/company\/salzburgerland-tourismus-gmbh","https:\/\/www.pinterest.at\/salzburgerland\/","https:\/\/www.youtube.com\/user\/salzburgerland","https:\/\/de.wikipedia.org\/wiki\/SalzburgerLand_Tourismus_GmbH"]},{"@type":"Person","@id":"https:\/\/www.salzburgerland.com\/de\/magazin\/#\/schema\/person\/b4c7972a94a135bc63fe8c2dd626a26e","name":"Anke Eder","description":"Anke Eder hat in Salzburg Kommunikationswissenschaft studiert, lebt mit ihrer Familie im wundersch\u00f6nen Salzburger Flachgau und arbeitet als freiberufliche Autorin f\u00fcr das SalzburgerLand Magazin. Ihre Leidenschaft sind selbst gemachte Gerichte mit besten Zutaten aus der Region oder dem eigenen Garten. Als diplomierte Ern\u00e4hrungstrainerin, diplomierte Kr\u00e4uterp\u00e4dagogin und TEH-Praktikerin wei\u00df sie um die Vorz\u00fcge von selbst gemachten Gerichten, schreibt dar\u00fcber und fotografiert was sie f\u00fcr ihre Familie kocht. In ihrer Freizeit ist Anke am liebsten in den Bergen unterwegs - mit dem Rennrad oder den Wanderschuhen. F\u00fcr das SalzburgerLand Magazin entdeckt sie die sch\u00f6nsten Spots in Salzburgs.\u00a0","url":"https:\/\/www.salzburgerland.com\/de\/magazin\/author\/anke-eder\/"}]}},"_wl_alt_label":[],"wl:entity_url":"http:\/\/open.salzburgerland.com\/magazin\/post\/nussdorfer_schrona_-_nachhaltige_produkte_aus_der_region","_links":{"self":[{"href":"https:\/\/www.salzburgerland.com\/de\/magazin\/wp-json\/wp\/v2\/posts\/112669","targetHints":{"allow":["GET"]}}],"collection":[{"href":"https:\/\/www.salzburgerland.com\/de\/magazin\/wp-json\/wp\/v2\/posts"}],"about":[{"href":"https:\/\/www.salzburgerland.com\/de\/magazin\/wp-json\/wp\/v2\/types\/post"}],"author":[{"embeddable":true,"href":"https:\/\/www.salzburgerland.com\/de\/magazin\/wp-json\/wp\/v2\/users\/533"}],"replies":[{"embeddable":true,"href":"https:\/\/www.salzburgerland.com\/de\/magazin\/wp-json\/wp\/v2\/comments?post=112669"}],"version-history":[{"count":0,"href":"https:\/\/www.salzburgerland.com\/de\/magazin\/wp-json\/wp\/v2\/posts\/112669\/revisions"}],"wp:featuredmedia":[{"embeddable":true,"href":"https:\/\/www.salzburgerland.com\/de\/magazin\/wp-json\/wp\/v2\/media\/112671"}],"wp:attachment":[{"href":"https:\/\/www.salzburgerland.com\/de\/magazin\/wp-json\/wp\/v2\/media?parent=112669"}],"wp:term":[{"taxonomy":"category","embeddable":true,"href":"https:\/\/www.salzburgerland.com\/de\/magazin\/wp-json\/wp\/v2\/categories?post=112669"},{"taxonomy":"post_tag","embeddable":true,"href":"https:\/\/www.salzburgerland.com\/de\/magazin\/wp-json\/wp\/v2\/tags?post=112669"},{"taxonomy":"wl_entity_type","embeddable":true,"href":"https:\/\/www.salzburgerland.com\/de\/magazin\/wp-json\/wp\/v2\/wl_entity_type?post=112669"},{"taxonomy":"monatsauswahl","embeddable":true,"href":"https:\/\/www.salzburgerland.com\/de\/magazin\/wp-json\/wp\/v2\/monatsauswahl?post=112669"}],"curies":[{"name":"wp","href":"https:\/\/api.w.org\/{rel}","templated":true}]}}