{"id":112496,"date":"2017-02-08T15:44:58","date_gmt":"2017-02-08T14:44:58","guid":{"rendered":"https:\/\/www.salzburgerland.com\/de\/magazin\/?p=112496"},"modified":"2017-02-14T09:21:57","modified_gmt":"2017-02-14T08:21:57","slug":"trattberg-skitour-vor-den-toren-salzburgs","status":"publish","type":"post","link":"https:\/\/www.salzburgerland.com\/de\/magazin\/trattberg-skitour-vor-den-toren-salzburgs\/","title":{"rendered":"Trattberg: Skitour vor den Toren Salzburgs"},"content":{"rendered":"<p><strong>Welcher Tourengeher kennt ihn nicht, den stetigen Durst\u00a0nach dem idealen lockeren Pulverschnee. Die Osterhorngruppe liegt in unmittelbarer Greifweite der Stadt Salzburg und bietet zahlreiche Skitourenm\u00f6glichkeiten mit relativ hoher Schneesicherheit. Eine dieser Touren f\u00fchrt\u00a0uns auf den aussichtsreichen und 1.758m hohen Trattberg bei St. Koloman.<\/strong><\/p>\n<p>F\u00fcr Kenner ist die Osterhorngruppe\u00a0ganz klar mit dem Begriff &#8222;Schneeloch&#8220; verbunden. Das bedeutet ungef\u00e4hr soviel wie &#8222;Egal wieviel&#8217;s schneit, dort schneits immer doppelt so viel!&#8220;. Durch die charakteristische Staulage der Nordalpen wird Feuchtigkeit in dieser Region besonders stark zum Abregnen bzw. Abschneien gezwungen, was sich in h\u00f6heren Niederschlagswerten \u00e4u\u00dfert. So trifft man hier bei entsprechender Witterung geh\u00e4uft auf durchaus ansehnliche Neuschneemengen, die in der Regel weniger vom Wind beeinflusst sind, als in den h\u00f6her gelegenen Kalkalpen oder Hohen Tauern. Das Resultat ist Pulverschnee vom Feinsten.<\/p>\n<p><iframe loading=\"lazy\" title=\"Trattberg Pulvertraum\" src=\"https:\/\/player.vimeo.com\/video\/124429901?dnt=1&amp;app_id=122963\" width=\"640\" height=\"360\" frameborder=\"0\" allow=\"autoplay; fullscreen; picture-in-picture; clipboard-write\"><\/iframe><\/p>\n<h3>Ein Traum in Wei\u00df<\/h3>\n<p><img loading=\"lazy\" decoding=\"async\" class=\"alignright size-magazine-halb wp-image-112534\" src=\"https:\/\/www.salzburgerland.com\/de\/magazin\/wp-content\/uploads\/2017\/02\/IMG_5384-300x225.jpg\" alt=\"\" width=\"300\" height=\"225\" \/>Nach dem obligatorischen Pieps-Check am Beginn einer jeden Skitour starten wir am Mautschranken der Trattbergstra\u00dfe, von wo aus es zu Beginn entlang der im Winter sich selbst \u00fcberlassenen Stra\u00dfe durch den Wald bergan geht. Im Gep\u00e4ck warten M\u00fcsliriegel und Tee aus der Thermoskanne geduldig auf ihren Einsatz. Auch die Lawinenausr\u00fcstung bestehend aus LVS-Ger\u00e4t, Schaufel und Sonde\u00a0d\u00fcrfen als Fixausr\u00fcstung im Rucksack nicht fehlen.<\/p>\n<p>Die Schneeh\u00f6he nimmt gef\u00fchlt mit jedem Meter\u00a0in Richtung Gipfel zu. Ringsum ist alles mit einer dicken Glasur aus Schnee und Eis \u00fcberzogen. Kaum ein Ger\u00e4usch dringt an diesen Ort. Nur das Knarren der Skitourenbindungen ist zu h\u00f6ren und wird sogleich wieder von der wei\u00dfen Kulisse ringsum verschluckt.<\/p>\n<p>Wir folgen der Stra\u00dfe in mehreren Kehren, bis wir aus dem Wald herauskommen und zur im Sommer bewirtschafteten Enzianh\u00fctte gelangen. Ab hier steigen wir einfach den dahinterliegenden Hang auf bis zum Gipfel, den wir aber erst unmittelbar vor Erreichen des selben sehen.\u00a0<\/p>\n<h3>Nordabfahrt empfehlenswert<\/h3>\n<p>\n <img loading=\"lazy\" decoding=\"async\" class=\"alignright size-magazine-halb wp-image-112531\" src=\"https:\/\/www.salzburgerland.com\/de\/magazin\/wp-content\/uploads\/2017\/02\/IMG_5361-300x225.jpg\" alt=\"\" width=\"300\" height=\"225\" \/>Oben angekommen k\u00f6nnen kurz Angebundene nun entlang der Aufstiegsspur auf der Westseite des Berges ins Tal abfahren. Wer eine Vorliebe f\u00fcr unber\u00fchrten Pulverschnee hegt, dem sei die Trattberg-Nordseite ans Herz gelegt, die sich h\u00e4ufig durch feinsten Pulverschnee auszeichnet. Freie H\u00e4nge wechseln hier mit lichtem Wald. Die Abfahrt endet gut 350 H\u00f6henmeter unter dem Gipfel in einem eng zulaufenden Graben. Hier wird nochmal aufgefellt und der Hang zur\u00fcck zum Gipfel aufgestiegen, den man in ca. 30 Minuten wieder erreicht und von wo aus die Abfahrt zum Ausgangspunkt in Angriff genommen werden kann.<\/p>\n<h3>Tourdaten inkl. Nordabfahrt:<\/h3>\n<ul>\n<li>Tiefster Punkt:\u00a0ca. 1.000m<\/li>\n<li>H\u00f6chster Punkt:\u00a01.758m<\/li>\n<li>H\u00f6henmeter: ca. 1.000<\/li>\n<li>Dauer: 3h<\/li>\n<li>Streckenl\u00e4nge:\u00a08 km<\/li>\n<li>Exposition:\u00a0West, Nord<\/li>\n<\/ul>\n<div class=\"mag-gallery\"><div class=\"row\"><div class=\"col-6 col-sm-4\"><figure><a class=\"thumb-container\" href=\"https:\/\/www.salzburgerland.com\/de\/magazin\/wp-content\/uploads\/2017\/02\/IMG_5342-1280x1024.jpg\">\t<picture><source media=\"(min-width: 576px)\" srcset=\"https:\/\/www.salzburgerland.com\/de\/magazin\/wp-content\/uploads\/2017\/02\/IMG_5342-325x209.jpg 325w, https:\/\/www.salzburgerland.com\/de\/magazin\/wp-content\/uploads\/2017\/02\/IMG_5342-249x160.jpg 249w\" \/><source media=\"(min-width: 0)\" srcset=\"https:\/\/www.salzburgerland.com\/de\/magazin\/wp-content\/uploads\/2017\/02\/IMG_5342-249x160.jpg 249w, https:\/\/www.salzburgerland.com\/de\/magazin\/wp-content\/uploads\/2017\/02\/IMG_5342-325x209.jpg 325w\" \/><img decoding=\"async\" alt=\"Eine Person mit Skist\u00f6cken wandert durch einen verschneiten Waldweg, der von hohen schneebedeckten B\u00e4umen umgeben ist.\" src=\"https:\/\/www.salzburgerland.com\/de\/magazin\/wp-content\/uploads\/2017\/02\/IMG_5342.jpg\" \/>\t<\/picture><\/a><\/figure><\/div><div class=\"col-6 col-sm-4\"><figure><a class=\"thumb-container\" href=\"https:\/\/www.salzburgerland.com\/de\/magazin\/wp-content\/uploads\/2017\/02\/IMG_5345-1280x1024.jpg\">\t<picture><source media=\"(min-width: 576px)\" srcset=\"https:\/\/www.salzburgerland.com\/de\/magazin\/wp-content\/uploads\/2017\/02\/IMG_5345-325x209.jpg 325w, https:\/\/www.salzburgerland.com\/de\/magazin\/wp-content\/uploads\/2017\/02\/IMG_5345-249x160.jpg 249w\" \/><source media=\"(min-width: 0)\" srcset=\"https:\/\/www.salzburgerland.com\/de\/magazin\/wp-content\/uploads\/2017\/02\/IMG_5345-249x160.jpg 249w, https:\/\/www.salzburgerland.com\/de\/magazin\/wp-content\/uploads\/2017\/02\/IMG_5345-325x209.jpg 325w\" \/><img decoding=\"async\" alt=\"Menschen wandern auf einem verschneiten Weg, umgeben von schneebedeckten B\u00e4umen und unter einem teilweise bew\u00f6lkten Himmel.\" src=\"https:\/\/www.salzburgerland.com\/de\/magazin\/wp-content\/uploads\/2017\/02\/IMG_5345.jpg\" \/>\t<\/picture><\/a><\/figure><\/div><div class=\"col-6 col-sm-4\"><figure><a class=\"thumb-container\" href=\"https:\/\/www.salzburgerland.com\/de\/magazin\/wp-content\/uploads\/2017\/02\/IMG_5376-1280x1024.jpg\">\t<picture><source media=\"(min-width: 576px)\" srcset=\"https:\/\/www.salzburgerland.com\/de\/magazin\/wp-content\/uploads\/2017\/02\/IMG_5376-325x209.jpg 325w, https:\/\/www.salzburgerland.com\/de\/magazin\/wp-content\/uploads\/2017\/02\/IMG_5376-249x160.jpg 249w\" \/><source media=\"(min-width: 0)\" srcset=\"https:\/\/www.salzburgerland.com\/de\/magazin\/wp-content\/uploads\/2017\/02\/IMG_5376-249x160.jpg 249w, https:\/\/www.salzburgerland.com\/de\/magazin\/wp-content\/uploads\/2017\/02\/IMG_5376-325x209.jpg 325w\" \/><img decoding=\"async\" alt=\"Schneebedeckte Berggipfel mit einem Kiefernwald im Vordergrund unter einem bew\u00f6lkten Himmel.\" src=\"https:\/\/www.salzburgerland.com\/de\/magazin\/wp-content\/uploads\/2017\/02\/IMG_5376.jpg\" \/>\t<\/picture><\/a><\/figure><\/div><div class=\"col-6 col-sm-4\"><figure><a class=\"thumb-container\" href=\"https:\/\/www.salzburgerland.com\/de\/magazin\/wp-content\/uploads\/2017\/02\/IMG_5387-1280x1024.jpg\">\t<picture><source media=\"(min-width: 576px)\" srcset=\"https:\/\/www.salzburgerland.com\/de\/magazin\/wp-content\/uploads\/2017\/02\/IMG_5387-325x209.jpg 325w, https:\/\/www.salzburgerland.com\/de\/magazin\/wp-content\/uploads\/2017\/02\/IMG_5387-249x160.jpg 249w\" \/><source media=\"(min-width: 0)\" srcset=\"https:\/\/www.salzburgerland.com\/de\/magazin\/wp-content\/uploads\/2017\/02\/IMG_5387-249x160.jpg 249w, https:\/\/www.salzburgerland.com\/de\/magazin\/wp-content\/uploads\/2017\/02\/IMG_5387-325x209.jpg 325w\" \/><img decoding=\"async\" alt=\"\" src=\"https:\/\/www.salzburgerland.com\/de\/magazin\/wp-content\/uploads\/2017\/02\/IMG_5387.jpg\" \/>\t<\/picture><\/a><\/figure><\/div><div class=\"col-6 col-sm-4\"><figure><a class=\"thumb-container\" href=\"https:\/\/www.salzburgerland.com\/de\/magazin\/wp-content\/uploads\/2017\/02\/IMG_5384-1280x1024.jpg\">\t<picture><source media=\"(min-width: 576px)\" srcset=\"https:\/\/www.salzburgerland.com\/de\/magazin\/wp-content\/uploads\/2017\/02\/IMG_5384-325x209.jpg 325w, https:\/\/www.salzburgerland.com\/de\/magazin\/wp-content\/uploads\/2017\/02\/IMG_5384-249x160.jpg 249w\" \/><source media=\"(min-width: 0)\" srcset=\"https:\/\/www.salzburgerland.com\/de\/magazin\/wp-content\/uploads\/2017\/02\/IMG_5384-249x160.jpg 249w, https:\/\/www.salzburgerland.com\/de\/magazin\/wp-content\/uploads\/2017\/02\/IMG_5384-325x209.jpg 325w\" \/><img decoding=\"async\" alt=\"Person in gelber Jacke f\u00e4hrt auf einem sonnigen, verschneiten Berghang mit vereinzelten B\u00e4umen durch tiefen Schnee bergauf.\" src=\"https:\/\/www.salzburgerland.com\/de\/magazin\/wp-content\/uploads\/2017\/02\/IMG_5384.jpg\" \/>\t<\/picture><\/a><\/figure><\/div><div class=\"col-6 col-sm-4\"><figure><a class=\"thumb-container\" href=\"https:\/\/www.salzburgerland.com\/de\/magazin\/wp-content\/uploads\/2017\/02\/IMG_5361-1280x1024.jpg\">\t<picture><source media=\"(min-width: 576px)\" srcset=\"https:\/\/www.salzburgerland.com\/de\/magazin\/wp-content\/uploads\/2017\/02\/IMG_5361-325x209.jpg 325w, https:\/\/www.salzburgerland.com\/de\/magazin\/wp-content\/uploads\/2017\/02\/IMG_5361-249x160.jpg 249w\" \/><source media=\"(min-width: 0)\" srcset=\"https:\/\/www.salzburgerland.com\/de\/magazin\/wp-content\/uploads\/2017\/02\/IMG_5361-249x160.jpg 249w, https:\/\/www.salzburgerland.com\/de\/magazin\/wp-content\/uploads\/2017\/02\/IMG_5361-325x209.jpg 325w\" \/><img decoding=\"async\" alt=\"Eine Person wandert auf einem verschneiten Weg durch einen verschneiten Kiefernwald unter blauem Himmel.\" src=\"https:\/\/www.salzburgerland.com\/de\/magazin\/wp-content\/uploads\/2017\/02\/IMG_5361.jpg\" \/>\t<\/picture><\/a><\/figure><\/div><div class=\"col-6 col-sm-4\"><figure><a class=\"thumb-container\" href=\"https:\/\/www.salzburgerland.com\/de\/magazin\/wp-content\/uploads\/2017\/02\/IMG_5380a-1280x1024.jpg\">\t<picture><source media=\"(min-width: 576px)\" srcset=\"https:\/\/www.salzburgerland.com\/de\/magazin\/wp-content\/uploads\/2017\/02\/IMG_5380a-325x209.jpg 325w, https:\/\/www.salzburgerland.com\/de\/magazin\/wp-content\/uploads\/2017\/02\/IMG_5380a-249x160.jpg 249w\" \/><source media=\"(min-width: 0)\" srcset=\"https:\/\/www.salzburgerland.com\/de\/magazin\/wp-content\/uploads\/2017\/02\/IMG_5380a-249x160.jpg 249w, https:\/\/www.salzburgerland.com\/de\/magazin\/wp-content\/uploads\/2017\/02\/IMG_5380a-325x209.jpg 325w\" \/><img decoding=\"async\" alt=\"Ein Skifahrer in einer gelben Jacke f\u00e4hrt eine verschneite Piste unter einem bew\u00f6lkten, teilweise sonnigen Himmel mit hohen Kiefern in der N\u00e4he hinunter.\" src=\"https:\/\/www.salzburgerland.com\/de\/magazin\/wp-content\/uploads\/2017\/02\/IMG_5380a.jpg\" \/>\t<\/picture><\/a><\/figure><\/div><div class=\"col-6 col-sm-4\"><figure><a class=\"thumb-container\" href=\"https:\/\/www.salzburgerland.com\/de\/magazin\/wp-content\/uploads\/2017\/02\/IMG_5367-1280x1024.jpg\">\t<picture><source media=\"(min-width: 576px)\" srcset=\"https:\/\/www.salzburgerland.com\/de\/magazin\/wp-content\/uploads\/2017\/02\/IMG_5367-325x209.jpg 325w, https:\/\/www.salzburgerland.com\/de\/magazin\/wp-content\/uploads\/2017\/02\/IMG_5367-249x160.jpg 249w\" \/><source media=\"(min-width: 0)\" srcset=\"https:\/\/www.salzburgerland.com\/de\/magazin\/wp-content\/uploads\/2017\/02\/IMG_5367-249x160.jpg 249w, https:\/\/www.salzburgerland.com\/de\/magazin\/wp-content\/uploads\/2017\/02\/IMG_5367-325x209.jpg 325w\" \/><img decoding=\"async\" alt=\"\" src=\"https:\/\/www.salzburgerland.com\/de\/magazin\/wp-content\/uploads\/2017\/02\/IMG_5367.jpg\" \/>\t<\/picture><\/a><\/figure><\/div><div class=\"col-6 col-sm-4\"><figure><a class=\"thumb-container\" href=\"https:\/\/www.salzburgerland.com\/de\/magazin\/wp-content\/uploads\/2017\/02\/IMG_5354-1280x1024.jpg\">\t<picture><source media=\"(min-width: 576px)\" srcset=\"https:\/\/www.salzburgerland.com\/de\/magazin\/wp-content\/uploads\/2017\/02\/IMG_5354-325x209.jpg 325w, https:\/\/www.salzburgerland.com\/de\/magazin\/wp-content\/uploads\/2017\/02\/IMG_5354-249x160.jpg 249w\" \/><source media=\"(min-width: 0)\" srcset=\"https:\/\/www.salzburgerland.com\/de\/magazin\/wp-content\/uploads\/2017\/02\/IMG_5354-249x160.jpg 249w, https:\/\/www.salzburgerland.com\/de\/magazin\/wp-content\/uploads\/2017\/02\/IMG_5354-325x209.jpg 325w\" \/><img decoding=\"async\" alt=\"\" src=\"https:\/\/www.salzburgerland.com\/de\/magazin\/wp-content\/uploads\/2017\/02\/IMG_5354.jpg\" \/>\t<\/picture><\/a><\/figure><\/div><\/div><\/div><figcaption><\/figcaption>\n<p>Fotos\u00a0\u00a9 Lukas Uitz<\/p>\n","protected":false},"excerpt":{"rendered":"<p>Welcher Tourengeher kennt ihn nicht, den stetigen Durst\u00a0nach dem idealen lockeren Pulverschnee. Die Osterhorngruppe liegt in unmittelbarer Greifweite der Stadt Salzburg und bietet zahlreiche Skitourenm\u00f6glichkeiten mit relativ hoher Schneesicherheit. Eine dieser Touren f\u00fchrt\u00a0uns auf den aussichtsreichen und 1.758m hohen Trattberg bei St. Koloman. F\u00fcr Kenner ist die Osterhorngruppe\u00a0ganz klar mit dem Begriff &#8222;Schneeloch&#8220; verbunden. Das [&hellip;]<\/p>\n","protected":false},"author":538,"featured_media":112533,"comment_status":"open","ping_status":"open","sticky":false,"template":"","format":"standard","meta":{"_acf_changed":false,"wl_entities_gutenberg":"","_wl_entity_redirect_enabled":"","footnotes":""},"categories":[8],"tags":[],"wl_entity_type":[306],"monatsauswahl":[82,83,84,85,92,93],"class_list":["post-112496","post","type-post","status-publish","format-standard","has-post-thumbnail","hentry","category-outdoor-sport","wl_entity_type-article","monatsauswahl-monat_1","monatsauswahl-monat_2","monatsauswahl-monat_3","monatsauswahl-monat_4","monatsauswahl-monat_11","monatsauswahl-monat_12"],"acf":[],"yoast_head":"<!-- This site is optimized with the Yoast SEO Premium plugin v27.4 (Yoast SEO v27.4) - https:\/\/yoast.com\/product\/yoast-seo-premium-wordpress\/ -->\n<title>Trattberg: Skitour vor den Toren Salzburgs - SalzburgerLand Magazin<\/title>\n<meta name=\"description\" content=\"Welcher Tourengeher kennt ihn nicht, den stetigen Durst\u00a0nach dem idealen lockeren Pulverschnee. Die Osterhorngruppe liegt in unmittelbarer Greifweite der Stadt Salzburg und bietet zahlreiche Skitourenm\u00f6glichkeiten mit relativ hoher Schneesicherheit. Eine dieser Touren f\u00fchrt\u00a0uns auf den aussichtsreichen und 1.758m hohen Trattberg bei St. Koloman. F\u00fcr Kenner ist die Osterhorngruppe\u00a0ganz klar mit dem Begriff &#8222;Schneeloch&#8220; verbunden. Das [&hellip;]\" \/>\n<meta name=\"robots\" content=\"index, follow, max-snippet:-1, max-image-preview:large, max-video-preview:-1\" \/>\n<link rel=\"canonical\" href=\"https:\/\/www.salzburgerland.com\/de\/magazin\/trattberg-skitour-vor-den-toren-salzburgs\/\" \/>\n<meta property=\"og:locale\" content=\"de_DE\" \/>\n<meta property=\"og:type\" content=\"article\" \/>\n<meta property=\"og:title\" content=\"Trattberg: Skitour vor den Toren Salzburgs\" \/>\n<meta property=\"og:description\" content=\"Welcher Tourengeher kennt ihn nicht, den stetigen Durst\u00a0nach dem idealen lockeren Pulverschnee. Die Osterhorngruppe liegt in unmittelbarer Greifweite der Stadt Salzburg und bietet zahlreiche Skitourenm\u00f6glichkeiten mit relativ hoher Schneesicherheit. Eine dieser Touren f\u00fchrt\u00a0uns auf den aussichtsreichen und 1.758m hohen Trattberg bei St. Koloman. F\u00fcr Kenner ist die Osterhorngruppe\u00a0ganz klar mit dem Begriff &#8222;Schneeloch&#8220; verbunden. Das [&hellip;]\" \/>\n<meta property=\"og:url\" content=\"https:\/\/www.salzburgerland.com\/de\/magazin\/trattberg-skitour-vor-den-toren-salzburgs\/\" \/>\n<meta property=\"og:site_name\" content=\"SalzburgerLand Magazin\" \/>\n<meta property=\"article:publisher\" content=\"https:\/\/www.facebook.com\/salzburgerland\/\" \/>\n<meta property=\"article:published_time\" content=\"2017-02-08T14:44:58+00:00\" \/>\n<meta property=\"article:modified_time\" content=\"2017-02-14T08:21:57+00:00\" \/>\n<meta property=\"og:image\" content=\"https:\/\/www.salzburgerland.com\/de\/magazin\/wp-content\/uploads\/2017\/02\/IMG_5380a.jpg\" \/>\n\t<meta property=\"og:image:width\" content=\"1600\" \/>\n\t<meta property=\"og:image:height\" content=\"1066\" \/>\n\t<meta property=\"og:image:type\" content=\"image\/jpeg\" \/>\n<meta name=\"author\" content=\"Lukas Uitz\" \/>\n<meta name=\"twitter:card\" content=\"summary_large_image\" \/>\n<meta name=\"twitter:creator\" content=\"@Salzburgerland\" \/>\n<meta name=\"twitter:site\" content=\"@Salzburgerland\" \/>\n<meta name=\"twitter:label1\" content=\"Verfasst von\" \/>\n\t<meta name=\"twitter:data1\" content=\"Lukas Uitz\" \/>\n\t<meta name=\"twitter:label2\" content=\"Gesch\u00e4tzte Lesezeit\" \/>\n\t<meta name=\"twitter:data2\" content=\"2\u00a0Minuten\" \/>\n<script type=\"application\/ld+json\" class=\"yoast-schema-graph\">{\"@context\":\"https:\\\/\\\/schema.org\",\"@graph\":[{\"@type\":\"Article\",\"@id\":\"https:\\\/\\\/www.salzburgerland.com\\\/de\\\/magazin\\\/trattberg-skitour-vor-den-toren-salzburgs\\\/#article\",\"isPartOf\":{\"@id\":\"https:\\\/\\\/www.salzburgerland.com\\\/de\\\/magazin\\\/trattberg-skitour-vor-den-toren-salzburgs\\\/\"},\"author\":{\"name\":\"Lukas Uitz\",\"@id\":\"https:\\\/\\\/www.salzburgerland.com\\\/de\\\/magazin\\\/#\\\/schema\\\/person\\\/3ff7e193e2c8cac782e170e1d616dc9e\"},\"headline\":\"Trattberg: Skitour vor den Toren Salzburgs\",\"datePublished\":\"2017-02-08T14:44:58+00:00\",\"dateModified\":\"2017-02-14T08:21:57+00:00\",\"mainEntityOfPage\":{\"@id\":\"https:\\\/\\\/www.salzburgerland.com\\\/de\\\/magazin\\\/trattberg-skitour-vor-den-toren-salzburgs\\\/\"},\"wordCount\":450,\"commentCount\":0,\"publisher\":{\"@id\":\"https:\\\/\\\/www.salzburgerland.com\\\/de\\\/magazin\\\/#organization\"},\"image\":{\"@id\":\"https:\\\/\\\/www.salzburgerland.com\\\/de\\\/magazin\\\/trattberg-skitour-vor-den-toren-salzburgs\\\/#primaryimage\"},\"thumbnailUrl\":\"https:\\\/\\\/www.salzburgerland.com\\\/de\\\/magazin\\\/wp-content\\\/uploads\\\/2017\\\/02\\\/IMG_5380a.jpg\",\"articleSection\":[\"Outdoor &amp; Sport\"],\"inLanguage\":\"de\",\"potentialAction\":[{\"@type\":\"CommentAction\",\"name\":\"Comment\",\"target\":[\"https:\\\/\\\/www.salzburgerland.com\\\/de\\\/magazin\\\/trattberg-skitour-vor-den-toren-salzburgs\\\/#respond\"]}]},{\"@type\":\"WebPage\",\"@id\":\"https:\\\/\\\/www.salzburgerland.com\\\/de\\\/magazin\\\/trattberg-skitour-vor-den-toren-salzburgs\\\/\",\"url\":\"https:\\\/\\\/www.salzburgerland.com\\\/de\\\/magazin\\\/trattberg-skitour-vor-den-toren-salzburgs\\\/\",\"name\":\"Trattberg: Skitour vor den Toren Salzburgs - SalzburgerLand Magazin\",\"isPartOf\":{\"@id\":\"https:\\\/\\\/www.salzburgerland.com\\\/de\\\/magazin\\\/#website\"},\"primaryImageOfPage\":{\"@id\":\"https:\\\/\\\/www.salzburgerland.com\\\/de\\\/magazin\\\/trattberg-skitour-vor-den-toren-salzburgs\\\/#primaryimage\"},\"image\":{\"@id\":\"https:\\\/\\\/www.salzburgerland.com\\\/de\\\/magazin\\\/trattberg-skitour-vor-den-toren-salzburgs\\\/#primaryimage\"},\"thumbnailUrl\":\"https:\\\/\\\/www.salzburgerland.com\\\/de\\\/magazin\\\/wp-content\\\/uploads\\\/2017\\\/02\\\/IMG_5380a.jpg\",\"datePublished\":\"2017-02-08T14:44:58+00:00\",\"dateModified\":\"2017-02-14T08:21:57+00:00\",\"breadcrumb\":{\"@id\":\"https:\\\/\\\/www.salzburgerland.com\\\/de\\\/magazin\\\/trattberg-skitour-vor-den-toren-salzburgs\\\/#breadcrumb\"},\"inLanguage\":\"de\",\"potentialAction\":[{\"@type\":\"ReadAction\",\"target\":[\"https:\\\/\\\/www.salzburgerland.com\\\/de\\\/magazin\\\/trattberg-skitour-vor-den-toren-salzburgs\\\/\"]}]},{\"@type\":\"ImageObject\",\"inLanguage\":\"de\",\"@id\":\"https:\\\/\\\/www.salzburgerland.com\\\/de\\\/magazin\\\/trattberg-skitour-vor-den-toren-salzburgs\\\/#primaryimage\",\"url\":\"https:\\\/\\\/www.salzburgerland.com\\\/de\\\/magazin\\\/wp-content\\\/uploads\\\/2017\\\/02\\\/IMG_5380a.jpg\",\"contentUrl\":\"https:\\\/\\\/www.salzburgerland.com\\\/de\\\/magazin\\\/wp-content\\\/uploads\\\/2017\\\/02\\\/IMG_5380a.jpg\",\"width\":1600,\"height\":1066,\"caption\":\"Ein Skifahrer in einer gelben Jacke f\u00e4hrt eine verschneite Piste unter einem bew\u00f6lkten, teilweise sonnigen Himmel mit hohen Kiefern in der N\u00e4he hinunter.\"},{\"@type\":\"BreadcrumbList\",\"@id\":\"https:\\\/\\\/www.salzburgerland.com\\\/de\\\/magazin\\\/trattberg-skitour-vor-den-toren-salzburgs\\\/#breadcrumb\",\"itemListElement\":[{\"@type\":\"ListItem\",\"position\":1,\"name\":\"Startseite\",\"item\":\"https:\\\/\\\/www.salzburgerland.com\\\/de\\\/magazin\\\/\"},{\"@type\":\"ListItem\",\"position\":2,\"name\":\"Outdoor &amp; Sport\",\"item\":\"https:\\\/\\\/www.salzburgerland.com\\\/de\\\/magazin\\\/thema\\\/outdoor-sport\\\/\"},{\"@type\":\"ListItem\",\"position\":3,\"name\":\"Trattberg: Skitour vor den Toren Salzburgs\"}]},{\"@type\":\"WebSite\",\"@id\":\"https:\\\/\\\/www.salzburgerland.com\\\/de\\\/magazin\\\/#website\",\"url\":\"https:\\\/\\\/www.salzburgerland.com\\\/de\\\/magazin\\\/\",\"name\":\"SalzburgerLand Magazin\",\"description\":\"Geschichten und Interessantes aus dem SalzburgerLand\",\"publisher\":{\"@id\":\"https:\\\/\\\/www.salzburgerland.com\\\/de\\\/magazin\\\/#organization\"},\"potentialAction\":[{\"@type\":\"SearchAction\",\"target\":{\"@type\":\"EntryPoint\",\"urlTemplate\":\"https:\\\/\\\/www.salzburgerland.com\\\/de\\\/magazin\\\/?s={search_term_string}\"},\"query-input\":{\"@type\":\"PropertyValueSpecification\",\"valueRequired\":true,\"valueName\":\"search_term_string\"}}],\"inLanguage\":\"de\"},{\"@type\":\"Organization\",\"@id\":\"https:\\\/\\\/www.salzburgerland.com\\\/de\\\/magazin\\\/#organization\",\"name\":\"SalzburgerLand Tourismus\",\"url\":\"https:\\\/\\\/www.salzburgerland.com\\\/de\\\/magazin\\\/\",\"logo\":{\"@type\":\"ImageObject\",\"inLanguage\":\"de\",\"@id\":\"https:\\\/\\\/www.salzburgerland.com\\\/de\\\/magazin\\\/#\\\/schema\\\/logo\\\/image\\\/\",\"url\":\"https:\\\/\\\/www.salzburgerland.com\\\/de\\\/magazin\\\/wp-content\\\/uploads\\\/2019\\\/06\\\/salzburgerland-logo1.jpg\",\"contentUrl\":\"https:\\\/\\\/www.salzburgerland.com\\\/de\\\/magazin\\\/wp-content\\\/uploads\\\/2019\\\/06\\\/salzburgerland-logo1.jpg\",\"width\":2011,\"height\":866,\"caption\":\"SalzburgerLand Tourismus\"},\"image\":{\"@id\":\"https:\\\/\\\/www.salzburgerland.com\\\/de\\\/magazin\\\/#\\\/schema\\\/logo\\\/image\\\/\"},\"sameAs\":[\"https:\\\/\\\/www.facebook.com\\\/salzburgerland\\\/\",\"https:\\\/\\\/x.com\\\/Salzburgerland\",\"https:\\\/\\\/www.instagram.com\\\/salzburgerland\\\/\",\"https:\\\/\\\/at.linkedin.com\\\/company\\\/salzburgerland-tourismus-gmbh\",\"https:\\\/\\\/www.pinterest.at\\\/salzburgerland\\\/\",\"https:\\\/\\\/www.youtube.com\\\/user\\\/salzburgerland\",\"https:\\\/\\\/de.wikipedia.org\\\/wiki\\\/SalzburgerLand_Tourismus_GmbH\"]},{\"@type\":\"Person\",\"@id\":\"https:\\\/\\\/www.salzburgerland.com\\\/de\\\/magazin\\\/#\\\/schema\\\/person\\\/3ff7e193e2c8cac782e170e1d616dc9e\",\"name\":\"Lukas Uitz\",\"description\":\"Im Leben von Lukas Uitz dreht sich vieles\u00a0um Umwelt, Berge und Natur. Der geb\u00fcrtige Salzburger studierte erst Geographie in Wien, bis ihn durch die Ankunft seines heute 9-j\u00e4hrigen Sohns die Vaterpflicht und nicht zuletzt\u00a0die Sehnsucht nach den Bergen zur\u00fcck in die Heimat riefen. Sein Studium in Salzburg fortsetzend setzt er sich seither\u00a0stark in verschiedenen\u00a0Umwelt- und Verkehrsinitiativen f\u00fcr Mensch und Natur ein und hat sein Leben\u00a0der Aufkl\u00e4rung \u00fcber die Notwendigkeit von Umweltschutz und nachhaltiger Lebensweisen verschrieben. Daneben arbeitet er als selbstst\u00e4ndiger Filmemacher. Seit er denken kann, lebt Lukas in tiefer Verbundenheit mit der heimischen Bergwelt und besucht sie so oft es geht auf\u00a0unterschiedliche\u00a0Art und Weise. Ob mit Bergschuhen, Tourenski, Mountainbike oder Schneeschuhen. Das Gef\u00fchl, einen Gipfel zu erklimmen, die absolute Stille zu erfahren und auf die weite Welt hinunter zu blicken, z\u00e4hlt f\u00fcr ihn zu den h\u00f6chsten Dingen im Leben.\u00a0 Fr\u00fchling, Sommer, Herbst oder Winter? H\u00e4ufiger tr\u00e4ume ich im Sommer vom Winter als umgekehrt. Am Ende ist es aber die Summe und Vielfalt aller vier Jahreszeiten, die mich begeistert und die das Klima in unseren Breiten so besonders macht. Durchgehend Winter k\u00f6nnte ich genau so wenig aushalten, wie andauerndes Warmwetter. 3 Monate von jedem ist die perfekte Mischung f\u00fcr jemanden, der die Abwechslung liebt. Luxushotel oder Almh\u00fctte? Definitiv Almh\u00fctte! Nirgends sonst komme ich gedanklich und emotional so gut runter, als mehrere Tage auf einer abgelegenen Selbstversorgerh\u00fctte hoch oben in den Bergen. Allerdings ist auch ein Tag im Luxushotel nach wochenlanger Enthaltsamkeit durchaus nicht zu verschm\u00e4hen. Bergsee oder Kr\u00e4utergarten? Beides hat seinen besonderen Reiz. Der See l\u00e4dt zur absoluten Entspannung ein. Daneben z\u00e4hlt das \\\"Blattln\\\" mit flachen Steinen zu meinen Leidenschaften. Im Garten habe ich eine rechte\u00a0Freude, den Dingen beim Wachsen zuzuschauen und mein eigenes Essen anzupflanzen, das dadurch viel besser schmeckt und eine h\u00f6here Wertsch\u00e4tzung erf\u00e4hrt, als die Normware aus dem Regal. Ausstellung oder Bergpanorama? Berg und Natur sind die Ausstellung meiner Wahl. Alpinski, Offpist oder Skitour? Nach M\u00f6glichkeit\u00a0ziehe ich eine Skitour mit meinem Splitboard vor. Eine gut preparierte Piste zum Carven hat aber ebenso reizvolle Aspekte, die ich gerne genie\u00dfe. Mozart oder Hubert von Goisern? Beides Weltmusiker! Der Hubert hat es mir aber schon in der Kindheit angetan und ist seit jeher fester Bestandteil meiner pers\u00f6nlichen Berg-Playlist.\",\"url\":\"https:\\\/\\\/www.salzburgerland.com\\\/de\\\/magazin\\\/author\\\/lukas-uitz\\\/\"}]}<\/script>\n<!-- \/ Yoast SEO Premium plugin. -->","yoast_head_json":{"title":"Trattberg: Skitour vor den Toren Salzburgs - SalzburgerLand Magazin","description":"Welcher Tourengeher kennt ihn nicht, den stetigen Durst\u00a0nach dem idealen lockeren Pulverschnee. Die Osterhorngruppe liegt in unmittelbarer Greifweite der Stadt Salzburg und bietet zahlreiche Skitourenm\u00f6glichkeiten mit relativ hoher Schneesicherheit. Eine dieser Touren f\u00fchrt\u00a0uns auf den aussichtsreichen und 1.758m hohen Trattberg bei St. Koloman. F\u00fcr Kenner ist die Osterhorngruppe\u00a0ganz klar mit dem Begriff &#8222;Schneeloch&#8220; verbunden. Das [&hellip;]","robots":{"index":"index","follow":"follow","max-snippet":"max-snippet:-1","max-image-preview":"max-image-preview:large","max-video-preview":"max-video-preview:-1"},"canonical":"https:\/\/www.salzburgerland.com\/de\/magazin\/trattberg-skitour-vor-den-toren-salzburgs\/","og_locale":"de_DE","og_type":"article","og_title":"Trattberg: Skitour vor den Toren Salzburgs","og_description":"Welcher Tourengeher kennt ihn nicht, den stetigen Durst\u00a0nach dem idealen lockeren Pulverschnee. Die Osterhorngruppe liegt in unmittelbarer Greifweite der Stadt Salzburg und bietet zahlreiche Skitourenm\u00f6glichkeiten mit relativ hoher Schneesicherheit. Eine dieser Touren f\u00fchrt\u00a0uns auf den aussichtsreichen und 1.758m hohen Trattberg bei St. Koloman. F\u00fcr Kenner ist die Osterhorngruppe\u00a0ganz klar mit dem Begriff &#8222;Schneeloch&#8220; verbunden. Das [&hellip;]","og_url":"https:\/\/www.salzburgerland.com\/de\/magazin\/trattberg-skitour-vor-den-toren-salzburgs\/","og_site_name":"SalzburgerLand Magazin","article_publisher":"https:\/\/www.facebook.com\/salzburgerland\/","article_published_time":"2017-02-08T14:44:58+00:00","article_modified_time":"2017-02-14T08:21:57+00:00","og_image":[{"width":1600,"height":1066,"url":"https:\/\/www.salzburgerland.com\/de\/magazin\/wp-content\/uploads\/2017\/02\/IMG_5380a.jpg","type":"image\/jpeg"}],"author":"Lukas Uitz","twitter_card":"summary_large_image","twitter_creator":"@Salzburgerland","twitter_site":"@Salzburgerland","twitter_misc":{"Verfasst von":"Lukas Uitz","Gesch\u00e4tzte Lesezeit":"2\u00a0Minuten"},"schema":{"@context":"https:\/\/schema.org","@graph":[{"@type":"Article","@id":"https:\/\/www.salzburgerland.com\/de\/magazin\/trattberg-skitour-vor-den-toren-salzburgs\/#article","isPartOf":{"@id":"https:\/\/www.salzburgerland.com\/de\/magazin\/trattberg-skitour-vor-den-toren-salzburgs\/"},"author":{"name":"Lukas Uitz","@id":"https:\/\/www.salzburgerland.com\/de\/magazin\/#\/schema\/person\/3ff7e193e2c8cac782e170e1d616dc9e"},"headline":"Trattberg: Skitour vor den Toren Salzburgs","datePublished":"2017-02-08T14:44:58+00:00","dateModified":"2017-02-14T08:21:57+00:00","mainEntityOfPage":{"@id":"https:\/\/www.salzburgerland.com\/de\/magazin\/trattberg-skitour-vor-den-toren-salzburgs\/"},"wordCount":450,"commentCount":0,"publisher":{"@id":"https:\/\/www.salzburgerland.com\/de\/magazin\/#organization"},"image":{"@id":"https:\/\/www.salzburgerland.com\/de\/magazin\/trattberg-skitour-vor-den-toren-salzburgs\/#primaryimage"},"thumbnailUrl":"https:\/\/www.salzburgerland.com\/de\/magazin\/wp-content\/uploads\/2017\/02\/IMG_5380a.jpg","articleSection":["Outdoor &amp; Sport"],"inLanguage":"de","potentialAction":[{"@type":"CommentAction","name":"Comment","target":["https:\/\/www.salzburgerland.com\/de\/magazin\/trattberg-skitour-vor-den-toren-salzburgs\/#respond"]}]},{"@type":"WebPage","@id":"https:\/\/www.salzburgerland.com\/de\/magazin\/trattberg-skitour-vor-den-toren-salzburgs\/","url":"https:\/\/www.salzburgerland.com\/de\/magazin\/trattberg-skitour-vor-den-toren-salzburgs\/","name":"Trattberg: Skitour vor den Toren Salzburgs - SalzburgerLand Magazin","isPartOf":{"@id":"https:\/\/www.salzburgerland.com\/de\/magazin\/#website"},"primaryImageOfPage":{"@id":"https:\/\/www.salzburgerland.com\/de\/magazin\/trattberg-skitour-vor-den-toren-salzburgs\/#primaryimage"},"image":{"@id":"https:\/\/www.salzburgerland.com\/de\/magazin\/trattberg-skitour-vor-den-toren-salzburgs\/#primaryimage"},"thumbnailUrl":"https:\/\/www.salzburgerland.com\/de\/magazin\/wp-content\/uploads\/2017\/02\/IMG_5380a.jpg","datePublished":"2017-02-08T14:44:58+00:00","dateModified":"2017-02-14T08:21:57+00:00","breadcrumb":{"@id":"https:\/\/www.salzburgerland.com\/de\/magazin\/trattberg-skitour-vor-den-toren-salzburgs\/#breadcrumb"},"inLanguage":"de","potentialAction":[{"@type":"ReadAction","target":["https:\/\/www.salzburgerland.com\/de\/magazin\/trattberg-skitour-vor-den-toren-salzburgs\/"]}]},{"@type":"ImageObject","inLanguage":"de","@id":"https:\/\/www.salzburgerland.com\/de\/magazin\/trattberg-skitour-vor-den-toren-salzburgs\/#primaryimage","url":"https:\/\/www.salzburgerland.com\/de\/magazin\/wp-content\/uploads\/2017\/02\/IMG_5380a.jpg","contentUrl":"https:\/\/www.salzburgerland.com\/de\/magazin\/wp-content\/uploads\/2017\/02\/IMG_5380a.jpg","width":1600,"height":1066,"caption":"Ein Skifahrer in einer gelben Jacke f\u00e4hrt eine verschneite Piste unter einem bew\u00f6lkten, teilweise sonnigen Himmel mit hohen Kiefern in der N\u00e4he hinunter."},{"@type":"BreadcrumbList","@id":"https:\/\/www.salzburgerland.com\/de\/magazin\/trattberg-skitour-vor-den-toren-salzburgs\/#breadcrumb","itemListElement":[{"@type":"ListItem","position":1,"name":"Startseite","item":"https:\/\/www.salzburgerland.com\/de\/magazin\/"},{"@type":"ListItem","position":2,"name":"Outdoor &amp; Sport","item":"https:\/\/www.salzburgerland.com\/de\/magazin\/thema\/outdoor-sport\/"},{"@type":"ListItem","position":3,"name":"Trattberg: Skitour vor den Toren Salzburgs"}]},{"@type":"WebSite","@id":"https:\/\/www.salzburgerland.com\/de\/magazin\/#website","url":"https:\/\/www.salzburgerland.com\/de\/magazin\/","name":"SalzburgerLand Magazin","description":"Geschichten und Interessantes aus dem SalzburgerLand","publisher":{"@id":"https:\/\/www.salzburgerland.com\/de\/magazin\/#organization"},"potentialAction":[{"@type":"SearchAction","target":{"@type":"EntryPoint","urlTemplate":"https:\/\/www.salzburgerland.com\/de\/magazin\/?s={search_term_string}"},"query-input":{"@type":"PropertyValueSpecification","valueRequired":true,"valueName":"search_term_string"}}],"inLanguage":"de"},{"@type":"Organization","@id":"https:\/\/www.salzburgerland.com\/de\/magazin\/#organization","name":"SalzburgerLand Tourismus","url":"https:\/\/www.salzburgerland.com\/de\/magazin\/","logo":{"@type":"ImageObject","inLanguage":"de","@id":"https:\/\/www.salzburgerland.com\/de\/magazin\/#\/schema\/logo\/image\/","url":"https:\/\/www.salzburgerland.com\/de\/magazin\/wp-content\/uploads\/2019\/06\/salzburgerland-logo1.jpg","contentUrl":"https:\/\/www.salzburgerland.com\/de\/magazin\/wp-content\/uploads\/2019\/06\/salzburgerland-logo1.jpg","width":2011,"height":866,"caption":"SalzburgerLand Tourismus"},"image":{"@id":"https:\/\/www.salzburgerland.com\/de\/magazin\/#\/schema\/logo\/image\/"},"sameAs":["https:\/\/www.facebook.com\/salzburgerland\/","https:\/\/x.com\/Salzburgerland","https:\/\/www.instagram.com\/salzburgerland\/","https:\/\/at.linkedin.com\/company\/salzburgerland-tourismus-gmbh","https:\/\/www.pinterest.at\/salzburgerland\/","https:\/\/www.youtube.com\/user\/salzburgerland","https:\/\/de.wikipedia.org\/wiki\/SalzburgerLand_Tourismus_GmbH"]},{"@type":"Person","@id":"https:\/\/www.salzburgerland.com\/de\/magazin\/#\/schema\/person\/3ff7e193e2c8cac782e170e1d616dc9e","name":"Lukas Uitz","description":"Im Leben von Lukas Uitz dreht sich vieles\u00a0um Umwelt, Berge und Natur. Der geb\u00fcrtige Salzburger studierte erst Geographie in Wien, bis ihn durch die Ankunft seines heute 9-j\u00e4hrigen Sohns die Vaterpflicht und nicht zuletzt\u00a0die Sehnsucht nach den Bergen zur\u00fcck in die Heimat riefen. Sein Studium in Salzburg fortsetzend setzt er sich seither\u00a0stark in verschiedenen\u00a0Umwelt- und Verkehrsinitiativen f\u00fcr Mensch und Natur ein und hat sein Leben\u00a0der Aufkl\u00e4rung \u00fcber die Notwendigkeit von Umweltschutz und nachhaltiger Lebensweisen verschrieben. Daneben arbeitet er als selbstst\u00e4ndiger Filmemacher. Seit er denken kann, lebt Lukas in tiefer Verbundenheit mit der heimischen Bergwelt und besucht sie so oft es geht auf\u00a0unterschiedliche\u00a0Art und Weise. Ob mit Bergschuhen, Tourenski, Mountainbike oder Schneeschuhen. Das Gef\u00fchl, einen Gipfel zu erklimmen, die absolute Stille zu erfahren und auf die weite Welt hinunter zu blicken, z\u00e4hlt f\u00fcr ihn zu den h\u00f6chsten Dingen im Leben.\u00a0 Fr\u00fchling, Sommer, Herbst oder Winter? H\u00e4ufiger tr\u00e4ume ich im Sommer vom Winter als umgekehrt. Am Ende ist es aber die Summe und Vielfalt aller vier Jahreszeiten, die mich begeistert und die das Klima in unseren Breiten so besonders macht. Durchgehend Winter k\u00f6nnte ich genau so wenig aushalten, wie andauerndes Warmwetter. 3 Monate von jedem ist die perfekte Mischung f\u00fcr jemanden, der die Abwechslung liebt. Luxushotel oder Almh\u00fctte? Definitiv Almh\u00fctte! Nirgends sonst komme ich gedanklich und emotional so gut runter, als mehrere Tage auf einer abgelegenen Selbstversorgerh\u00fctte hoch oben in den Bergen. Allerdings ist auch ein Tag im Luxushotel nach wochenlanger Enthaltsamkeit durchaus nicht zu verschm\u00e4hen. Bergsee oder Kr\u00e4utergarten? Beides hat seinen besonderen Reiz. Der See l\u00e4dt zur absoluten Entspannung ein. Daneben z\u00e4hlt das \"Blattln\" mit flachen Steinen zu meinen Leidenschaften. Im Garten habe ich eine rechte\u00a0Freude, den Dingen beim Wachsen zuzuschauen und mein eigenes Essen anzupflanzen, das dadurch viel besser schmeckt und eine h\u00f6here Wertsch\u00e4tzung erf\u00e4hrt, als die Normware aus dem Regal. Ausstellung oder Bergpanorama? Berg und Natur sind die Ausstellung meiner Wahl. Alpinski, Offpist oder Skitour? Nach M\u00f6glichkeit\u00a0ziehe ich eine Skitour mit meinem Splitboard vor. Eine gut preparierte Piste zum Carven hat aber ebenso reizvolle Aspekte, die ich gerne genie\u00dfe. Mozart oder Hubert von Goisern? Beides Weltmusiker! Der Hubert hat es mir aber schon in der Kindheit angetan und ist seit jeher fester Bestandteil meiner pers\u00f6nlichen Berg-Playlist.","url":"https:\/\/www.salzburgerland.com\/de\/magazin\/author\/lukas-uitz\/"}]}},"_wl_alt_label":[],"wl:entity_url":"http:\/\/open.salzburgerland.com\/magazin\/post\/trattberg__skitour_vor_den_toren_salzburgs","_links":{"self":[{"href":"https:\/\/www.salzburgerland.com\/de\/magazin\/wp-json\/wp\/v2\/posts\/112496","targetHints":{"allow":["GET"]}}],"collection":[{"href":"https:\/\/www.salzburgerland.com\/de\/magazin\/wp-json\/wp\/v2\/posts"}],"about":[{"href":"https:\/\/www.salzburgerland.com\/de\/magazin\/wp-json\/wp\/v2\/types\/post"}],"author":[{"embeddable":true,"href":"https:\/\/www.salzburgerland.com\/de\/magazin\/wp-json\/wp\/v2\/users\/538"}],"replies":[{"embeddable":true,"href":"https:\/\/www.salzburgerland.com\/de\/magazin\/wp-json\/wp\/v2\/comments?post=112496"}],"version-history":[{"count":0,"href":"https:\/\/www.salzburgerland.com\/de\/magazin\/wp-json\/wp\/v2\/posts\/112496\/revisions"}],"wp:featuredmedia":[{"embeddable":true,"href":"https:\/\/www.salzburgerland.com\/de\/magazin\/wp-json\/wp\/v2\/media\/112533"}],"wp:attachment":[{"href":"https:\/\/www.salzburgerland.com\/de\/magazin\/wp-json\/wp\/v2\/media?parent=112496"}],"wp:term":[{"taxonomy":"category","embeddable":true,"href":"https:\/\/www.salzburgerland.com\/de\/magazin\/wp-json\/wp\/v2\/categories?post=112496"},{"taxonomy":"post_tag","embeddable":true,"href":"https:\/\/www.salzburgerland.com\/de\/magazin\/wp-json\/wp\/v2\/tags?post=112496"},{"taxonomy":"wl_entity_type","embeddable":true,"href":"https:\/\/www.salzburgerland.com\/de\/magazin\/wp-json\/wp\/v2\/wl_entity_type?post=112496"},{"taxonomy":"monatsauswahl","embeddable":true,"href":"https:\/\/www.salzburgerland.com\/de\/magazin\/wp-json\/wp\/v2\/monatsauswahl?post=112496"}],"curies":[{"name":"wp","href":"https:\/\/api.w.org\/{rel}","templated":true}]}}