{"id":112197,"date":"2017-01-17T12:45:54","date_gmt":"2017-01-17T11:45:54","guid":{"rendered":"http:\/\/magazin.salzburgerland.com\/?p=112197"},"modified":"2023-02-20T08:11:48","modified_gmt":"2023-02-20T07:11:48","slug":"chaletdorf-fanningberg","status":"publish","type":"post","link":"https:\/\/www.salzburgerland.com\/de\/magazin\/chaletdorf-fanningberg\/","title":{"rendered":"Chaletdorf Fanningberg"},"content":{"rendered":"\n<p><strong>Im <a href=\"http:\/\/www.chaletdorf-fanningberg.at\" target=\"_blank\" rel=\"noopener noreferrer\">Chaletdorf Fanningberg<\/a> wohnen G\u00e4ste in traditionell l\u00e4ndlich, rustikalen Ferienh\u00e4usern und f\u00fchlen sich dort wie zu Hause. Die vielen M\u00f6glichkeiten f\u00fcr Outdoor-Aktivit\u00e4ten im Sommer wie im Winter tun ihr \u00dcbriges dazu, um den Aufenthalt hier zu einem rundum gelungenen Urlaub zu machen.<\/strong><\/p>\n\n\n\n<p>Der gro\u00dfz\u00fcgige, offene Wohnbereich mit Bauerntisch, Holzsesseln und gro\u00dfem B\u00fccherregal str\u00f6mt eine heimelige Atmosph\u00e4re aus. Der l\u00e4ndlich alpine Charme spiegelt sich auch in der \u00fcbrigen Einrichtung wider. K\u00fcche und Bad bestechen durch modernste Einrichtung. Drei Schlafzimmer bieten jede Menge Platz f\u00fcr Familien und Freunde. Im Winter l\u00e4sst es sich herrlich vor dem offenen Kamin entspannen oder man g\u00f6nnt sich den kleinen Extra-Luxus: einen Aufguss in der zum Chalet geh\u00f6renden finnischen Holzsauna.<br>Klingt doch wunderbar gem\u00fctlich! Zu finden ist dieser Urlaubstraum im Salzburger Lungau, genauer gesagt in Fanningberg.<br>Ziehen Sie sich aus dem Alltag zur\u00fcck und verbringen Sie einen Urlaub mit und in der Natur. Die Lage k\u00f6nnte nicht&nbsp; besser sein, die Wiesen, Almen und Berge rundherum werden zum gro\u00dfen Abenteuer-Spielplatz.<\/p>\n\n\n\n<h2 class=\"wp-block-heading\" id=\"h-urlaubsspass-im-winter-wie-im-sommer\">Urlaubsspa\u00df im Winter wie im Sommer<\/h2>\n\n\n\n<p>Im Winter beginnt das Skigebiet Fanningberg direkt vor der Haust\u00fcr. Die Pisten und Lifte erf\u00fcllen alle Anspr\u00fcche f\u00fcr Skifahrer und Snowboarder. Und nach Betriebsende der Liftanlagen wird das gesamte Gebiet samt Flutlicht-Rodelbahn zum Schlittenfahren frei gegeben. Das Gebiet rund um den Fanningberg ist auch bekannt f\u00fcr seine tollen Routen und Wege f\u00fcr Skitourengeher und Schneeschuhwanderer.<\/p>\n\n\n\n<p>Im Sommer erkundet man&nbsp; den Lungau am bestens wandernd. Ob kurze Spazierg\u00e4nge, weite Wanderungen oder Gipfeltouren \u2013 der Fanningberg ist der ideale Ausgangspunkt. Besonders empfehlenswert ist das nahe Wei\u00dfpriachtal mit dem glasklaren Wirpitschsee und der geschichtstr\u00e4chtigen Longa.<\/p>\n\n\n\n<p>Wer dann nach einem Aktivtag zur\u00fcck im Chaletdorf ist, kann sich entweder in die eigenen vier W\u00e4nde zur\u00fcckziehen oder sich im Haupthaus kulinarisch verw\u00f6hnen lassen und am geselligen Abendprogramm teilnehmen.<\/p>\n\n\n\n<p><em>Chaletdorf Fanningberg<\/em><br><em> Fanningberg 157<\/em><br><em> 5573 Wei\u00dfpriach<\/em><br><em> T: +43 664 750 43 650<\/em><br><a href=\"http:\/\/www.chaletdorf-fanningberg.at\" target=\"_blank\" rel=\"noopener noreferrer\"><em> www.chaletdorf-fanningberg.at<br><\/em><\/a><\/p>\n\n\n<div class=\"mag-gallery\"><div class=\"row\"><div class=\"col-6 col-sm-4\"><figure><a class=\"thumb-container\" href=\"https:\/\/www.salzburgerland.com\/de\/magazin\/wp-content\/uploads\/2017\/01\/chatetdorf-fanningberg_kuec-1280x1024.jpg\">\t<picture><source media=\"(min-width: 576px)\" srcset=\"https:\/\/www.salzburgerland.com\/de\/magazin\/wp-content\/uploads\/2017\/01\/chatetdorf-fanningberg_kuec-325x209.jpg 325w, https:\/\/www.salzburgerland.com\/de\/magazin\/wp-content\/uploads\/2017\/01\/chatetdorf-fanningberg_kuec-249x160.jpg 249w\"><\/source><source media=\"(min-width: 0)\" srcset=\"https:\/\/www.salzburgerland.com\/de\/magazin\/wp-content\/uploads\/2017\/01\/chatetdorf-fanningberg_kuec-249x160.jpg 249w, https:\/\/www.salzburgerland.com\/de\/magazin\/wp-content\/uploads\/2017\/01\/chatetdorf-fanningberg_kuec-325x209.jpg 325w\"><\/source><img decoding=\"async\" alt=\"Moderne wei&szlig;e K&uuml;che mit Holzbalken, Einbauger&auml;ten und einem Fenster, das nat&uuml;rliches Licht hereinl&auml;sst.\" src=\"https:\/\/www.salzburgerland.com\/de\/magazin\/wp-content\/uploads\/2017\/01\/chatetdorf-fanningberg_kuec.jpg\">\t<\/picture><\/a><\/figure><\/div><div class=\"col-6 col-sm-4\"><figure><a class=\"thumb-container\" href=\"https:\/\/www.salzburgerland.com\/de\/magazin\/wp-content\/uploads\/2017\/01\/IMG_7838_300dpi-1280x1024.jpg\">\t<picture><source media=\"(min-width: 576px)\" srcset=\"https:\/\/www.salzburgerland.com\/de\/magazin\/wp-content\/uploads\/2017\/01\/IMG_7838_300dpi-325x209.jpg 325w, https:\/\/www.salzburgerland.com\/de\/magazin\/wp-content\/uploads\/2017\/01\/IMG_7838_300dpi-249x160.jpg 249w\"><\/source><source media=\"(min-width: 0)\" srcset=\"https:\/\/www.salzburgerland.com\/de\/magazin\/wp-content\/uploads\/2017\/01\/IMG_7838_300dpi-249x160.jpg 249w, https:\/\/www.salzburgerland.com\/de\/magazin\/wp-content\/uploads\/2017\/01\/IMG_7838_300dpi-325x209.jpg 325w\"><\/source><img decoding=\"async\" alt=\"Helles Wohn-Esszimmer mit Holzbalken, grauem Sofa, Esstisch und montiertem Hirschkopf an der Wand.\" src=\"https:\/\/www.salzburgerland.com\/de\/magazin\/wp-content\/uploads\/2017\/01\/IMG_7838_300dpi.jpg\">\t<\/picture><\/a><\/figure><\/div><div class=\"col-6 col-sm-4\"><figure><a class=\"thumb-container\" href=\"https:\/\/www.salzburgerland.com\/de\/magazin\/wp-content\/uploads\/2017\/01\/IMG_7847_300dpi-1280x1024.jpg\">\t<picture><source media=\"(min-width: 576px)\" srcset=\"https:\/\/www.salzburgerland.com\/de\/magazin\/wp-content\/uploads\/2017\/01\/IMG_7847_300dpi-325x209.jpg 325w, https:\/\/www.salzburgerland.com\/de\/magazin\/wp-content\/uploads\/2017\/01\/IMG_7847_300dpi-249x160.jpg 249w\"><\/source><source media=\"(min-width: 0)\" srcset=\"https:\/\/www.salzburgerland.com\/de\/magazin\/wp-content\/uploads\/2017\/01\/IMG_7847_300dpi-249x160.jpg 249w, https:\/\/www.salzburgerland.com\/de\/magazin\/wp-content\/uploads\/2017\/01\/IMG_7847_300dpi-325x209.jpg 325w\"><\/source><img decoding=\"async\" alt=\"Helles Esszimmer mit Holztisch, sechs St&uuml;hlen, Flachbildfernseher und gro&szlig;en Fenstern mit beigen Vorh&auml;ngen.\" src=\"https:\/\/www.salzburgerland.com\/de\/magazin\/wp-content\/uploads\/2017\/01\/IMG_7847_300dpi.jpg\">\t<\/picture><\/a><\/figure><\/div><div class=\"col-6 col-sm-4\"><figure><a class=\"thumb-container\" href=\"https:\/\/www.salzburgerland.com\/de\/magazin\/wp-content\/uploads\/2017\/01\/IMG_7869_300dpi-1280x1024.jpg\">\t<picture><source media=\"(min-width: 576px)\" srcset=\"https:\/\/www.salzburgerland.com\/de\/magazin\/wp-content\/uploads\/2017\/01\/IMG_7869_300dpi-325x209.jpg 325w, https:\/\/www.salzburgerland.com\/de\/magazin\/wp-content\/uploads\/2017\/01\/IMG_7869_300dpi-249x160.jpg 249w\"><\/source><source media=\"(min-width: 0)\" srcset=\"https:\/\/www.salzburgerland.com\/de\/magazin\/wp-content\/uploads\/2017\/01\/IMG_7869_300dpi-249x160.jpg 249w, https:\/\/www.salzburgerland.com\/de\/magazin\/wp-content\/uploads\/2017\/01\/IMG_7869_300dpi-325x209.jpg 325w\"><\/source><img decoding=\"async\" alt=\"Heller, rustikaler Wohn- und Essbereich mit Holzbalken, modernen M&ouml;beln und einer gem&uuml;tlichen, einladenden Atmosph&auml;re.\" src=\"https:\/\/www.salzburgerland.com\/de\/magazin\/wp-content\/uploads\/2017\/01\/IMG_7869_300dpi.jpg\">\t<\/picture><\/a><\/figure><\/div><div class=\"col-6 col-sm-4\"><figure><a class=\"thumb-container\" href=\"https:\/\/www.salzburgerland.com\/de\/magazin\/wp-content\/uploads\/2017\/01\/IMG_7891_300dpi-1280x1024.jpg\">\t<picture><source media=\"(min-width: 576px)\" srcset=\"https:\/\/www.salzburgerland.com\/de\/magazin\/wp-content\/uploads\/2017\/01\/IMG_7891_300dpi-325x209.jpg 325w, https:\/\/www.salzburgerland.com\/de\/magazin\/wp-content\/uploads\/2017\/01\/IMG_7891_300dpi-249x160.jpg 249w\"><\/source><source media=\"(min-width: 0)\" srcset=\"https:\/\/www.salzburgerland.com\/de\/magazin\/wp-content\/uploads\/2017\/01\/IMG_7891_300dpi-249x160.jpg 249w, https:\/\/www.salzburgerland.com\/de\/magazin\/wp-content\/uploads\/2017\/01\/IMG_7891_300dpi-325x209.jpg 325w\"><\/source><img decoding=\"async\" alt=\"Ein dekorativer Hirschkopf mit Geweih auf einer Holztafel f&uuml;r den Innenbereich in der N&auml;he eines Fensters.\" src=\"https:\/\/www.salzburgerland.com\/de\/magazin\/wp-content\/uploads\/2017\/01\/IMG_7891_300dpi.jpg\">\t<\/picture><\/a><\/figure><\/div><div class=\"col-6 col-sm-4\"><figure><a class=\"thumb-container\" href=\"https:\/\/www.salzburgerland.com\/de\/magazin\/wp-content\/uploads\/2017\/01\/IMG_7894_300dpi-1280x1024.jpg\">\t<picture><source media=\"(min-width: 576px)\" srcset=\"https:\/\/www.salzburgerland.com\/de\/magazin\/wp-content\/uploads\/2017\/01\/IMG_7894_300dpi-325x209.jpg 325w, https:\/\/www.salzburgerland.com\/de\/magazin\/wp-content\/uploads\/2017\/01\/IMG_7894_300dpi-249x160.jpg 249w\"><\/source><source media=\"(min-width: 0)\" srcset=\"https:\/\/www.salzburgerland.com\/de\/magazin\/wp-content\/uploads\/2017\/01\/IMG_7894_300dpi-249x160.jpg 249w, https:\/\/www.salzburgerland.com\/de\/magazin\/wp-content\/uploads\/2017\/01\/IMG_7894_300dpi-325x209.jpg 325w\"><\/source><img decoding=\"async\" alt=\"Zwei silbern gl&auml;nzende Rentierfiguren sitzen auf einer h&ouml;lzernen Fensterbank, durch die Licht ins Fenster f&auml;llt.\" src=\"https:\/\/www.salzburgerland.com\/de\/magazin\/wp-content\/uploads\/2017\/01\/IMG_7894_300dpi.jpg\">\t<\/picture><\/a><\/figure><\/div><div class=\"col-6 col-sm-4\"><figure><a class=\"thumb-container\" href=\"https:\/\/www.salzburgerland.com\/de\/magazin\/wp-content\/uploads\/2017\/01\/IMG_7922_300dpi-1280x1024.jpg\">\t<picture><source media=\"(min-width: 576px)\" srcset=\"https:\/\/www.salzburgerland.com\/de\/magazin\/wp-content\/uploads\/2017\/01\/IMG_7922_300dpi-325x209.jpg 325w, https:\/\/www.salzburgerland.com\/de\/magazin\/wp-content\/uploads\/2017\/01\/IMG_7922_300dpi-249x160.jpg 249w\"><\/source><source media=\"(min-width: 0)\" srcset=\"https:\/\/www.salzburgerland.com\/de\/magazin\/wp-content\/uploads\/2017\/01\/IMG_7922_300dpi-249x160.jpg 249w, https:\/\/www.salzburgerland.com\/de\/magazin\/wp-content\/uploads\/2017\/01\/IMG_7922_300dpi-325x209.jpg 325w\"><\/source><img decoding=\"async\" alt=\"Heller, gem&uuml;tlicher Wohn- und Essbereich mit Holzbalken, modernen M&ouml;beln und gro&szlig;en Fenstern, die viel nat&uuml;rliches Licht hereinlassen.\" src=\"https:\/\/www.salzburgerland.com\/de\/magazin\/wp-content\/uploads\/2017\/01\/IMG_7922_300dpi.jpg\">\t<\/picture><\/a><\/figure><\/div><div class=\"col-6 col-sm-4\"><figure><a class=\"thumb-container\" href=\"https:\/\/www.salzburgerland.com\/de\/magazin\/wp-content\/uploads\/2017\/01\/IMG_7931_72dpi-1280x1024.jpg\">\t<picture><source media=\"(min-width: 576px)\" srcset=\"https:\/\/www.salzburgerland.com\/de\/magazin\/wp-content\/uploads\/2017\/01\/IMG_7931_72dpi-325x209.jpg 325w, https:\/\/www.salzburgerland.com\/de\/magazin\/wp-content\/uploads\/2017\/01\/IMG_7931_72dpi-249x160.jpg 249w\"><\/source><source media=\"(min-width: 0)\" srcset=\"https:\/\/www.salzburgerland.com\/de\/magazin\/wp-content\/uploads\/2017\/01\/IMG_7931_72dpi-249x160.jpg 249w, https:\/\/www.salzburgerland.com\/de\/magazin\/wp-content\/uploads\/2017\/01\/IMG_7931_72dpi-325x209.jpg 325w\"><\/source><img decoding=\"async\" alt=\"Moderner Saunaraum mit Holzb&auml;nken und leuchtenden Salzsteinplatten an den W&auml;nden.\" src=\"https:\/\/www.salzburgerland.com\/de\/magazin\/wp-content\/uploads\/2017\/01\/IMG_7931_72dpi.jpg\">\t<\/picture><\/a><\/figure><\/div><div class=\"col-6 col-sm-4\"><figure><a class=\"thumb-container\" href=\"https:\/\/www.salzburgerland.com\/de\/magazin\/wp-content\/uploads\/2017\/01\/IMG_7942_72dpi-1280x1024.jpg\">\t<picture><source media=\"(min-width: 576px)\" srcset=\"https:\/\/www.salzburgerland.com\/de\/magazin\/wp-content\/uploads\/2017\/01\/IMG_7942_72dpi-325x209.jpg 325w, https:\/\/www.salzburgerland.com\/de\/magazin\/wp-content\/uploads\/2017\/01\/IMG_7942_72dpi-249x160.jpg 249w\"><\/source><source media=\"(min-width: 0)\" srcset=\"https:\/\/www.salzburgerland.com\/de\/magazin\/wp-content\/uploads\/2017\/01\/IMG_7942_72dpi-249x160.jpg 249w, https:\/\/www.salzburgerland.com\/de\/magazin\/wp-content\/uploads\/2017\/01\/IMG_7942_72dpi-325x209.jpg 325w\"><\/source><img decoding=\"async\" alt=\"Gem&uuml;tliches Schlafzimmer mit Oberlicht, h&ouml;lzernen Akzenten, einem Doppelbett und gr&uuml;nen Vorh&auml;ngen vor einem sonnendurchfluteten Fenster.\" src=\"https:\/\/www.salzburgerland.com\/de\/magazin\/wp-content\/uploads\/2017\/01\/IMG_7942_72dpi.jpg\">\t<\/picture><\/a><\/figure><\/div><div class=\"col-6 col-sm-4\"><figure><a class=\"thumb-container\" href=\"https:\/\/www.salzburgerland.com\/de\/magazin\/wp-content\/uploads\/2017\/01\/IMG_7952_72dpi-1280x1024.jpg\">\t<picture><source media=\"(min-width: 576px)\" srcset=\"https:\/\/www.salzburgerland.com\/de\/magazin\/wp-content\/uploads\/2017\/01\/IMG_7952_72dpi-325x209.jpg 325w, https:\/\/www.salzburgerland.com\/de\/magazin\/wp-content\/uploads\/2017\/01\/IMG_7952_72dpi-249x160.jpg 249w\"><\/source><source media=\"(min-width: 0)\" srcset=\"https:\/\/www.salzburgerland.com\/de\/magazin\/wp-content\/uploads\/2017\/01\/IMG_7952_72dpi-249x160.jpg 249w, https:\/\/www.salzburgerland.com\/de\/magazin\/wp-content\/uploads\/2017\/01\/IMG_7952_72dpi-325x209.jpg 325w\"><\/source><img decoding=\"async\" alt=\"Modernes Badezimmer mit gro&szlig;em Waschbecken, Holzschrank und Fenster mit Blick auf eine verschneite Landschaft und B&auml;ume drau&szlig;en.\" src=\"https:\/\/www.salzburgerland.com\/de\/magazin\/wp-content\/uploads\/2017\/01\/IMG_7952_72dpi.jpg\">\t<\/picture><\/a><\/figure><\/div><div class=\"col-6 col-sm-4\"><figure><a class=\"thumb-container\" href=\"https:\/\/www.salzburgerland.com\/de\/magazin\/wp-content\/uploads\/2017\/01\/IMG_7959_72dpi-1280x1024.jpg\">\t<picture><source media=\"(min-width: 576px)\" srcset=\"https:\/\/www.salzburgerland.com\/de\/magazin\/wp-content\/uploads\/2017\/01\/IMG_7959_72dpi-325x209.jpg 325w, https:\/\/www.salzburgerland.com\/de\/magazin\/wp-content\/uploads\/2017\/01\/IMG_7959_72dpi-249x160.jpg 249w\"><\/source><source media=\"(min-width: 0)\" srcset=\"https:\/\/www.salzburgerland.com\/de\/magazin\/wp-content\/uploads\/2017\/01\/IMG_7959_72dpi-249x160.jpg 249w, https:\/\/www.salzburgerland.com\/de\/magazin\/wp-content\/uploads\/2017\/01\/IMG_7959_72dpi-325x209.jpg 325w\"><\/source><img decoding=\"async\" alt=\"Gem&uuml;tliches Schlafzimmer mit Holzdecke, Doppelbett, rot kariertem Bettzeug, Sofa und Balkont&uuml;r.\" src=\"https:\/\/www.salzburgerland.com\/de\/magazin\/wp-content\/uploads\/2017\/01\/IMG_7959_72dpi.jpg\">\t<\/picture><\/a><\/figure><\/div><div class=\"col-6 col-sm-4\"><figure><a class=\"thumb-container\" href=\"https:\/\/www.salzburgerland.com\/de\/magazin\/wp-content\/uploads\/2017\/01\/IMG_7966_72dpi-1280x1024.jpg\">\t<picture><source media=\"(min-width: 576px)\" srcset=\"https:\/\/www.salzburgerland.com\/de\/magazin\/wp-content\/uploads\/2017\/01\/IMG_7966_72dpi-325x209.jpg 325w, https:\/\/www.salzburgerland.com\/de\/magazin\/wp-content\/uploads\/2017\/01\/IMG_7966_72dpi-249x160.jpg 249w\"><\/source><source media=\"(min-width: 0)\" srcset=\"https:\/\/www.salzburgerland.com\/de\/magazin\/wp-content\/uploads\/2017\/01\/IMG_7966_72dpi-249x160.jpg 249w, https:\/\/www.salzburgerland.com\/de\/magazin\/wp-content\/uploads\/2017\/01\/IMG_7966_72dpi-325x209.jpg 325w\"><\/source><img decoding=\"async\" alt=\"Gem&uuml;tliches Schlafzimmer mit Holzm&ouml;beln, rosafarbener Bettw&auml;sche, Blick auf die Berge durch ein gro&szlig;es Fenster und eine schr&auml;ge Holzdecke.\" src=\"https:\/\/www.salzburgerland.com\/de\/magazin\/wp-content\/uploads\/2017\/01\/IMG_7966_72dpi.jpg\">\t<\/picture><\/a><\/figure><\/div><\/div><figcaption><\/figcaption><\/div>\n\n\n\n<p>Fotos \u00a9 Chateldorf Fanningberg<\/p>\n","protected":false},"excerpt":{"rendered":"<p>Im Chaletdorf Fanningberg wohnen G\u00e4ste in traditionell l\u00e4ndlich, rustikalen Ferienh\u00e4usern und f\u00fchlen sich dort wie zu Hause. Die vielen M\u00f6glichkeiten f\u00fcr Outdoor-Aktivit\u00e4ten im Sommer wie im Winter tun ihr \u00dcbriges dazu, um den Aufenthalt hier zu einem rundum gelungenen Urlaub zu machen. Der gro\u00dfz\u00fcgige, offene Wohnbereich mit Bauerntisch, Holzsesseln und gro\u00dfem B\u00fccherregal str\u00f6mt eine heimelige [&hellip;]<\/p>\n","protected":false},"author":90,"featured_media":112204,"comment_status":"open","ping_status":"open","sticky":false,"template":"","format":"standard","meta":{"_acf_changed":false,"wl_entities_gutenberg":"","_wl_entity_redirect_enabled":"","footnotes":""},"categories":[5],"tags":[],"wl_entity_type":[306],"monatsauswahl":[82,83,84,85,86,87,88,89,90,91,92,93],"class_list":["post-112197","post","type-post","status-publish","format-standard","has-post-thumbnail","hentry","category-hotel-reise","wl_entity_type-article","monatsauswahl-monat_1","monatsauswahl-monat_2","monatsauswahl-monat_3","monatsauswahl-monat_4","monatsauswahl-monat_5","monatsauswahl-monat_6","monatsauswahl-monat_7","monatsauswahl-monat_8","monatsauswahl-monat_9","monatsauswahl-monat_10","monatsauswahl-monat_11","monatsauswahl-monat_12"],"acf":[],"yoast_head":"<!-- This site is optimized with the Yoast SEO Premium plugin v27.4 (Yoast SEO v27.4) - https:\/\/yoast.com\/product\/yoast-seo-premium-wordpress\/ -->\n<title>Chaletdorf Fanningberg - SalzburgerLand Magazin<\/title>\n<meta name=\"description\" content=\"Im Chaletdorf Fanningberg wohnen G\u00e4ste in traditionell l\u00e4ndlich, rustikalen Ferienh\u00e4usern und f\u00fchlen sich dort wie zu Hause. Die vielen M\u00f6glichkeiten f\u00fcr Outdoor-Aktivit\u00e4ten im Sommer wie im Winter tun ihr \u00dcbriges dazu, um den Aufenthalt hier zu einem rundum gelungenen Urlaub zu machen. Der gro\u00dfz\u00fcgige, offene Wohnbereich mit Bauerntisch, Holzsesseln und gro\u00dfem B\u00fccherregal str\u00f6mt eine heimelige [&hellip;]\" \/>\n<meta name=\"robots\" content=\"index, follow, max-snippet:-1, max-image-preview:large, max-video-preview:-1\" \/>\n<link rel=\"canonical\" href=\"https:\/\/www.salzburgerland.com\/de\/magazin\/chaletdorf-fanningberg\/\" \/>\n<meta property=\"og:locale\" content=\"de_DE\" \/>\n<meta property=\"og:type\" content=\"article\" \/>\n<meta property=\"og:title\" content=\"Chaletdorf Fanningberg\" \/>\n<meta property=\"og:description\" content=\"Im Chaletdorf Fanningberg wohnen G\u00e4ste in traditionell l\u00e4ndlich, rustikalen Ferienh\u00e4usern und f\u00fchlen sich dort wie zu Hause. Die vielen M\u00f6glichkeiten f\u00fcr Outdoor-Aktivit\u00e4ten im Sommer wie im Winter tun ihr \u00dcbriges dazu, um den Aufenthalt hier zu einem rundum gelungenen Urlaub zu machen. Der gro\u00dfz\u00fcgige, offene Wohnbereich mit Bauerntisch, Holzsesseln und gro\u00dfem B\u00fccherregal str\u00f6mt eine heimelige [&hellip;]\" \/>\n<meta property=\"og:url\" content=\"https:\/\/www.salzburgerland.com\/de\/magazin\/chaletdorf-fanningberg\/\" \/>\n<meta property=\"og:site_name\" content=\"SalzburgerLand Magazin\" \/>\n<meta property=\"article:publisher\" content=\"https:\/\/www.facebook.com\/salzburgerland\/\" \/>\n<meta property=\"article:published_time\" content=\"2017-01-17T11:45:54+00:00\" \/>\n<meta property=\"article:modified_time\" content=\"2023-02-20T07:11:48+00:00\" \/>\n<meta property=\"og:image\" content=\"https:\/\/www.salzburgerland.com\/de\/magazin\/wp-content\/uploads\/2017\/01\/IMG_7922_300dpi.jpg\" \/>\n\t<meta property=\"og:image:width\" content=\"1200\" \/>\n\t<meta property=\"og:image:height\" content=\"792\" \/>\n\t<meta property=\"og:image:type\" content=\"image\/jpeg\" \/>\n<meta name=\"author\" content=\"Ulli Hammerl\" \/>\n<meta name=\"twitter:card\" content=\"summary_large_image\" \/>\n<meta name=\"twitter:creator\" content=\"@Salzburgerland\" \/>\n<meta name=\"twitter:site\" content=\"@Salzburgerland\" \/>\n<meta name=\"twitter:label1\" content=\"Verfasst von\" \/>\n\t<meta name=\"twitter:data1\" content=\"Ulli Hammerl\" \/>\n\t<meta name=\"twitter:label2\" content=\"Gesch\u00e4tzte Lesezeit\" \/>\n\t<meta name=\"twitter:data2\" content=\"5\u00a0Minuten\" \/>\n<script type=\"application\/ld+json\" class=\"yoast-schema-graph\">{\"@context\":\"https:\\\/\\\/schema.org\",\"@graph\":[{\"@type\":\"Article\",\"@id\":\"https:\\\/\\\/www.salzburgerland.com\\\/de\\\/magazin\\\/chaletdorf-fanningberg\\\/#article\",\"isPartOf\":{\"@id\":\"https:\\\/\\\/www.salzburgerland.com\\\/de\\\/magazin\\\/chaletdorf-fanningberg\\\/\"},\"author\":{\"name\":\"Ulli Hammerl\",\"@id\":\"https:\\\/\\\/www.salzburgerland.com\\\/de\\\/magazin\\\/#\\\/schema\\\/person\\\/a55a4fee1009b9e458d298480a18a9f7\"},\"headline\":\"Chaletdorf Fanningberg\",\"datePublished\":\"2017-01-17T11:45:54+00:00\",\"dateModified\":\"2023-02-20T07:11:48+00:00\",\"mainEntityOfPage\":{\"@id\":\"https:\\\/\\\/www.salzburgerland.com\\\/de\\\/magazin\\\/chaletdorf-fanningberg\\\/\"},\"wordCount\":341,\"commentCount\":0,\"publisher\":{\"@id\":\"https:\\\/\\\/www.salzburgerland.com\\\/de\\\/magazin\\\/#organization\"},\"image\":{\"@id\":\"https:\\\/\\\/www.salzburgerland.com\\\/de\\\/magazin\\\/chaletdorf-fanningberg\\\/#primaryimage\"},\"thumbnailUrl\":\"https:\\\/\\\/www.salzburgerland.com\\\/de\\\/magazin\\\/wp-content\\\/uploads\\\/2017\\\/01\\\/IMG_7922_300dpi.jpg\",\"articleSection\":[\"Hotel &amp; Reise\"],\"inLanguage\":\"de\",\"potentialAction\":[{\"@type\":\"CommentAction\",\"name\":\"Comment\",\"target\":[\"https:\\\/\\\/www.salzburgerland.com\\\/de\\\/magazin\\\/chaletdorf-fanningberg\\\/#respond\"]}]},{\"@type\":\"WebPage\",\"@id\":\"https:\\\/\\\/www.salzburgerland.com\\\/de\\\/magazin\\\/chaletdorf-fanningberg\\\/\",\"url\":\"https:\\\/\\\/www.salzburgerland.com\\\/de\\\/magazin\\\/chaletdorf-fanningberg\\\/\",\"name\":\"Chaletdorf Fanningberg - SalzburgerLand Magazin\",\"isPartOf\":{\"@id\":\"https:\\\/\\\/www.salzburgerland.com\\\/de\\\/magazin\\\/#website\"},\"primaryImageOfPage\":{\"@id\":\"https:\\\/\\\/www.salzburgerland.com\\\/de\\\/magazin\\\/chaletdorf-fanningberg\\\/#primaryimage\"},\"image\":{\"@id\":\"https:\\\/\\\/www.salzburgerland.com\\\/de\\\/magazin\\\/chaletdorf-fanningberg\\\/#primaryimage\"},\"thumbnailUrl\":\"https:\\\/\\\/www.salzburgerland.com\\\/de\\\/magazin\\\/wp-content\\\/uploads\\\/2017\\\/01\\\/IMG_7922_300dpi.jpg\",\"datePublished\":\"2017-01-17T11:45:54+00:00\",\"dateModified\":\"2023-02-20T07:11:48+00:00\",\"breadcrumb\":{\"@id\":\"https:\\\/\\\/www.salzburgerland.com\\\/de\\\/magazin\\\/chaletdorf-fanningberg\\\/#breadcrumb\"},\"inLanguage\":\"de\",\"potentialAction\":[{\"@type\":\"ReadAction\",\"target\":[\"https:\\\/\\\/www.salzburgerland.com\\\/de\\\/magazin\\\/chaletdorf-fanningberg\\\/\"]}]},{\"@type\":\"ImageObject\",\"inLanguage\":\"de\",\"@id\":\"https:\\\/\\\/www.salzburgerland.com\\\/de\\\/magazin\\\/chaletdorf-fanningberg\\\/#primaryimage\",\"url\":\"https:\\\/\\\/www.salzburgerland.com\\\/de\\\/magazin\\\/wp-content\\\/uploads\\\/2017\\\/01\\\/IMG_7922_300dpi.jpg\",\"contentUrl\":\"https:\\\/\\\/www.salzburgerland.com\\\/de\\\/magazin\\\/wp-content\\\/uploads\\\/2017\\\/01\\\/IMG_7922_300dpi.jpg\",\"width\":1200,\"height\":792,\"caption\":\"Heller, gem\u00fctlicher Wohn- und Essbereich mit Holzbalken, modernen M\u00f6beln und gro\u00dfen Fenstern, die viel nat\u00fcrliches Licht hereinlassen.\"},{\"@type\":\"BreadcrumbList\",\"@id\":\"https:\\\/\\\/www.salzburgerland.com\\\/de\\\/magazin\\\/chaletdorf-fanningberg\\\/#breadcrumb\",\"itemListElement\":[{\"@type\":\"ListItem\",\"position\":1,\"name\":\"Startseite\",\"item\":\"https:\\\/\\\/www.salzburgerland.com\\\/de\\\/magazin\\\/\"},{\"@type\":\"ListItem\",\"position\":2,\"name\":\"Hotel &amp; Reise\",\"item\":\"https:\\\/\\\/www.salzburgerland.com\\\/de\\\/magazin\\\/thema\\\/hotel-reise\\\/\"},{\"@type\":\"ListItem\",\"position\":3,\"name\":\"Chaletdorf Fanningberg\"}]},{\"@type\":\"WebSite\",\"@id\":\"https:\\\/\\\/www.salzburgerland.com\\\/de\\\/magazin\\\/#website\",\"url\":\"https:\\\/\\\/www.salzburgerland.com\\\/de\\\/magazin\\\/\",\"name\":\"SalzburgerLand Magazin\",\"description\":\"Geschichten und Interessantes aus dem SalzburgerLand\",\"publisher\":{\"@id\":\"https:\\\/\\\/www.salzburgerland.com\\\/de\\\/magazin\\\/#organization\"},\"potentialAction\":[{\"@type\":\"SearchAction\",\"target\":{\"@type\":\"EntryPoint\",\"urlTemplate\":\"https:\\\/\\\/www.salzburgerland.com\\\/de\\\/magazin\\\/?s={search_term_string}\"},\"query-input\":{\"@type\":\"PropertyValueSpecification\",\"valueRequired\":true,\"valueName\":\"search_term_string\"}}],\"inLanguage\":\"de\"},{\"@type\":\"Organization\",\"@id\":\"https:\\\/\\\/www.salzburgerland.com\\\/de\\\/magazin\\\/#organization\",\"name\":\"SalzburgerLand Tourismus\",\"url\":\"https:\\\/\\\/www.salzburgerland.com\\\/de\\\/magazin\\\/\",\"logo\":{\"@type\":\"ImageObject\",\"inLanguage\":\"de\",\"@id\":\"https:\\\/\\\/www.salzburgerland.com\\\/de\\\/magazin\\\/#\\\/schema\\\/logo\\\/image\\\/\",\"url\":\"https:\\\/\\\/www.salzburgerland.com\\\/de\\\/magazin\\\/wp-content\\\/uploads\\\/2019\\\/06\\\/salzburgerland-logo1.jpg\",\"contentUrl\":\"https:\\\/\\\/www.salzburgerland.com\\\/de\\\/magazin\\\/wp-content\\\/uploads\\\/2019\\\/06\\\/salzburgerland-logo1.jpg\",\"width\":2011,\"height\":866,\"caption\":\"SalzburgerLand Tourismus\"},\"image\":{\"@id\":\"https:\\\/\\\/www.salzburgerland.com\\\/de\\\/magazin\\\/#\\\/schema\\\/logo\\\/image\\\/\"},\"sameAs\":[\"https:\\\/\\\/www.facebook.com\\\/salzburgerland\\\/\",\"https:\\\/\\\/x.com\\\/Salzburgerland\",\"https:\\\/\\\/www.instagram.com\\\/salzburgerland\\\/\",\"https:\\\/\\\/at.linkedin.com\\\/company\\\/salzburgerland-tourismus-gmbh\",\"https:\\\/\\\/www.pinterest.at\\\/salzburgerland\\\/\",\"https:\\\/\\\/www.youtube.com\\\/user\\\/salzburgerland\",\"https:\\\/\\\/de.wikipedia.org\\\/wiki\\\/SalzburgerLand_Tourismus_GmbH\"]},{\"@type\":\"Person\",\"@id\":\"https:\\\/\\\/www.salzburgerland.com\\\/de\\\/magazin\\\/#\\\/schema\\\/person\\\/a55a4fee1009b9e458d298480a18a9f7\",\"name\":\"Ulli Hammerl\",\"description\":\"Geboren und aufgewachsen in der Stadt Salzburg war Ulli Hammerl fr\u00fch bewusst, in einer der sch\u00f6nsten St\u00e4dte der Welt zu leben. So ist sie auch w\u00e4hrend ihres Studiums der Kommunikationswissenschaft und \u00d6kologie ihrer Heimatstadt treu geblieben. Gleich nach dem Studium ist sie zu SalzburgerLand Tourismus (SLTG) gegangen und hat hier von 1998 - 2004 u.a. die SalzburgerLand Card betreut. Dabei ist sie viel herumgekommen, wodurch auch die Liebe zum SalzburgerLand enstanden und gewachsen ist. Nach der Geburt ihrer Tochter im September 2004 hat sich Ulli Hammerl 2007 mit einer Agentur selbst\u00e4ndig gemacht. Mein pers\u00f6nlicher Logenplatz: Hoch \u00fcber Salzburg, abseits der stark begangenen Wege mit Blick auf die D\u00e4cher und Kircht\u00fcrme der Stadt \u2013 hier geht mir das Herz auf! Morgen- oder Abendmensch: Ganz klar: Morgenmensch. Wenn um 5.00 Uhr fr\u00fch die V\u00f6gel zwitschern und rund herum noch alles in tiefer Ruhe versinkt, dann ist meine Zeit. Ausgeschlafen, Energie geladen und voller Tatendrang starte ich am liebsten in den fr\u00fchen Morgenstunden in den Tag. Daf\u00fcr kann man nach 21.00 Uhr nicht mehr mit mir rechnen. Buch oder Film: Es gibt nichts Sch\u00f6neres, als es sich am Ende des Tages auf der Couch gem\u00fctlich zu machen und in die Gedankenwelt eines guten Buches einzutauchen \u2013 Lesen ist Abenteuer im Kopf. Wandern, Spazierengehen oder Laufen: alles drei und zwar am besten jeden Tag. Mit ein bisschen Zeiteinteilung geht es sich tats\u00e4chlich fast gehen Tag aus, drau\u00dfen unterwegs zu sein. Fr\u00fchling, Sommer, Herbst oder Winter: Ich kann es im Fr\u00fchling kaum erwarten, die ersten Gr\u00fcnschattierungen in der Natur zu entdecken. Ich liebe hei\u00dfe Sommertage am See und laue Sommerabende am Balkon. Ich mag es, wenn im Herbst die W\u00e4lder in einem Meer aus Farben erstrahlen, Laubrascheln und Kastanien sammeln. Und ich freue mich wie ein Kind, wenn im Dezember die ersten Schneeflocken vom Himmel schweben. Die vier Jahreszeiten sind etwas Wunderbares.\",\"url\":\"https:\\\/\\\/www.salzburgerland.com\\\/de\\\/magazin\\\/author\\\/ulli-hammerl\\\/\"}]}<\/script>\n<!-- \/ Yoast SEO Premium plugin. -->","yoast_head_json":{"title":"Chaletdorf Fanningberg - SalzburgerLand Magazin","description":"Im Chaletdorf Fanningberg wohnen G\u00e4ste in traditionell l\u00e4ndlich, rustikalen Ferienh\u00e4usern und f\u00fchlen sich dort wie zu Hause. Die vielen M\u00f6glichkeiten f\u00fcr Outdoor-Aktivit\u00e4ten im Sommer wie im Winter tun ihr \u00dcbriges dazu, um den Aufenthalt hier zu einem rundum gelungenen Urlaub zu machen. Der gro\u00dfz\u00fcgige, offene Wohnbereich mit Bauerntisch, Holzsesseln und gro\u00dfem B\u00fccherregal str\u00f6mt eine heimelige [&hellip;]","robots":{"index":"index","follow":"follow","max-snippet":"max-snippet:-1","max-image-preview":"max-image-preview:large","max-video-preview":"max-video-preview:-1"},"canonical":"https:\/\/www.salzburgerland.com\/de\/magazin\/chaletdorf-fanningberg\/","og_locale":"de_DE","og_type":"article","og_title":"Chaletdorf Fanningberg","og_description":"Im Chaletdorf Fanningberg wohnen G\u00e4ste in traditionell l\u00e4ndlich, rustikalen Ferienh\u00e4usern und f\u00fchlen sich dort wie zu Hause. Die vielen M\u00f6glichkeiten f\u00fcr Outdoor-Aktivit\u00e4ten im Sommer wie im Winter tun ihr \u00dcbriges dazu, um den Aufenthalt hier zu einem rundum gelungenen Urlaub zu machen. Der gro\u00dfz\u00fcgige, offene Wohnbereich mit Bauerntisch, Holzsesseln und gro\u00dfem B\u00fccherregal str\u00f6mt eine heimelige [&hellip;]","og_url":"https:\/\/www.salzburgerland.com\/de\/magazin\/chaletdorf-fanningberg\/","og_site_name":"SalzburgerLand Magazin","article_publisher":"https:\/\/www.facebook.com\/salzburgerland\/","article_published_time":"2017-01-17T11:45:54+00:00","article_modified_time":"2023-02-20T07:11:48+00:00","og_image":[{"width":1200,"height":792,"url":"https:\/\/www.salzburgerland.com\/de\/magazin\/wp-content\/uploads\/2017\/01\/IMG_7922_300dpi.jpg","type":"image\/jpeg"}],"author":"Ulli Hammerl","twitter_card":"summary_large_image","twitter_creator":"@Salzburgerland","twitter_site":"@Salzburgerland","twitter_misc":{"Verfasst von":"Ulli Hammerl","Gesch\u00e4tzte Lesezeit":"5\u00a0Minuten"},"schema":{"@context":"https:\/\/schema.org","@graph":[{"@type":"Article","@id":"https:\/\/www.salzburgerland.com\/de\/magazin\/chaletdorf-fanningberg\/#article","isPartOf":{"@id":"https:\/\/www.salzburgerland.com\/de\/magazin\/chaletdorf-fanningberg\/"},"author":{"name":"Ulli Hammerl","@id":"https:\/\/www.salzburgerland.com\/de\/magazin\/#\/schema\/person\/a55a4fee1009b9e458d298480a18a9f7"},"headline":"Chaletdorf Fanningberg","datePublished":"2017-01-17T11:45:54+00:00","dateModified":"2023-02-20T07:11:48+00:00","mainEntityOfPage":{"@id":"https:\/\/www.salzburgerland.com\/de\/magazin\/chaletdorf-fanningberg\/"},"wordCount":341,"commentCount":0,"publisher":{"@id":"https:\/\/www.salzburgerland.com\/de\/magazin\/#organization"},"image":{"@id":"https:\/\/www.salzburgerland.com\/de\/magazin\/chaletdorf-fanningberg\/#primaryimage"},"thumbnailUrl":"https:\/\/www.salzburgerland.com\/de\/magazin\/wp-content\/uploads\/2017\/01\/IMG_7922_300dpi.jpg","articleSection":["Hotel &amp; Reise"],"inLanguage":"de","potentialAction":[{"@type":"CommentAction","name":"Comment","target":["https:\/\/www.salzburgerland.com\/de\/magazin\/chaletdorf-fanningberg\/#respond"]}]},{"@type":"WebPage","@id":"https:\/\/www.salzburgerland.com\/de\/magazin\/chaletdorf-fanningberg\/","url":"https:\/\/www.salzburgerland.com\/de\/magazin\/chaletdorf-fanningberg\/","name":"Chaletdorf Fanningberg - SalzburgerLand Magazin","isPartOf":{"@id":"https:\/\/www.salzburgerland.com\/de\/magazin\/#website"},"primaryImageOfPage":{"@id":"https:\/\/www.salzburgerland.com\/de\/magazin\/chaletdorf-fanningberg\/#primaryimage"},"image":{"@id":"https:\/\/www.salzburgerland.com\/de\/magazin\/chaletdorf-fanningberg\/#primaryimage"},"thumbnailUrl":"https:\/\/www.salzburgerland.com\/de\/magazin\/wp-content\/uploads\/2017\/01\/IMG_7922_300dpi.jpg","datePublished":"2017-01-17T11:45:54+00:00","dateModified":"2023-02-20T07:11:48+00:00","breadcrumb":{"@id":"https:\/\/www.salzburgerland.com\/de\/magazin\/chaletdorf-fanningberg\/#breadcrumb"},"inLanguage":"de","potentialAction":[{"@type":"ReadAction","target":["https:\/\/www.salzburgerland.com\/de\/magazin\/chaletdorf-fanningberg\/"]}]},{"@type":"ImageObject","inLanguage":"de","@id":"https:\/\/www.salzburgerland.com\/de\/magazin\/chaletdorf-fanningberg\/#primaryimage","url":"https:\/\/www.salzburgerland.com\/de\/magazin\/wp-content\/uploads\/2017\/01\/IMG_7922_300dpi.jpg","contentUrl":"https:\/\/www.salzburgerland.com\/de\/magazin\/wp-content\/uploads\/2017\/01\/IMG_7922_300dpi.jpg","width":1200,"height":792,"caption":"Heller, gem\u00fctlicher Wohn- und Essbereich mit Holzbalken, modernen M\u00f6beln und gro\u00dfen Fenstern, die viel nat\u00fcrliches Licht hereinlassen."},{"@type":"BreadcrumbList","@id":"https:\/\/www.salzburgerland.com\/de\/magazin\/chaletdorf-fanningberg\/#breadcrumb","itemListElement":[{"@type":"ListItem","position":1,"name":"Startseite","item":"https:\/\/www.salzburgerland.com\/de\/magazin\/"},{"@type":"ListItem","position":2,"name":"Hotel &amp; Reise","item":"https:\/\/www.salzburgerland.com\/de\/magazin\/thema\/hotel-reise\/"},{"@type":"ListItem","position":3,"name":"Chaletdorf Fanningberg"}]},{"@type":"WebSite","@id":"https:\/\/www.salzburgerland.com\/de\/magazin\/#website","url":"https:\/\/www.salzburgerland.com\/de\/magazin\/","name":"SalzburgerLand Magazin","description":"Geschichten und Interessantes aus dem SalzburgerLand","publisher":{"@id":"https:\/\/www.salzburgerland.com\/de\/magazin\/#organization"},"potentialAction":[{"@type":"SearchAction","target":{"@type":"EntryPoint","urlTemplate":"https:\/\/www.salzburgerland.com\/de\/magazin\/?s={search_term_string}"},"query-input":{"@type":"PropertyValueSpecification","valueRequired":true,"valueName":"search_term_string"}}],"inLanguage":"de"},{"@type":"Organization","@id":"https:\/\/www.salzburgerland.com\/de\/magazin\/#organization","name":"SalzburgerLand Tourismus","url":"https:\/\/www.salzburgerland.com\/de\/magazin\/","logo":{"@type":"ImageObject","inLanguage":"de","@id":"https:\/\/www.salzburgerland.com\/de\/magazin\/#\/schema\/logo\/image\/","url":"https:\/\/www.salzburgerland.com\/de\/magazin\/wp-content\/uploads\/2019\/06\/salzburgerland-logo1.jpg","contentUrl":"https:\/\/www.salzburgerland.com\/de\/magazin\/wp-content\/uploads\/2019\/06\/salzburgerland-logo1.jpg","width":2011,"height":866,"caption":"SalzburgerLand Tourismus"},"image":{"@id":"https:\/\/www.salzburgerland.com\/de\/magazin\/#\/schema\/logo\/image\/"},"sameAs":["https:\/\/www.facebook.com\/salzburgerland\/","https:\/\/x.com\/Salzburgerland","https:\/\/www.instagram.com\/salzburgerland\/","https:\/\/at.linkedin.com\/company\/salzburgerland-tourismus-gmbh","https:\/\/www.pinterest.at\/salzburgerland\/","https:\/\/www.youtube.com\/user\/salzburgerland","https:\/\/de.wikipedia.org\/wiki\/SalzburgerLand_Tourismus_GmbH"]},{"@type":"Person","@id":"https:\/\/www.salzburgerland.com\/de\/magazin\/#\/schema\/person\/a55a4fee1009b9e458d298480a18a9f7","name":"Ulli Hammerl","description":"Geboren und aufgewachsen in der Stadt Salzburg war Ulli Hammerl fr\u00fch bewusst, in einer der sch\u00f6nsten St\u00e4dte der Welt zu leben. So ist sie auch w\u00e4hrend ihres Studiums der Kommunikationswissenschaft und \u00d6kologie ihrer Heimatstadt treu geblieben. Gleich nach dem Studium ist sie zu SalzburgerLand Tourismus (SLTG) gegangen und hat hier von 1998 - 2004 u.a. die SalzburgerLand Card betreut. Dabei ist sie viel herumgekommen, wodurch auch die Liebe zum SalzburgerLand enstanden und gewachsen ist. Nach der Geburt ihrer Tochter im September 2004 hat sich Ulli Hammerl 2007 mit einer Agentur selbst\u00e4ndig gemacht. Mein pers\u00f6nlicher Logenplatz: Hoch \u00fcber Salzburg, abseits der stark begangenen Wege mit Blick auf die D\u00e4cher und Kircht\u00fcrme der Stadt \u2013 hier geht mir das Herz auf! Morgen- oder Abendmensch: Ganz klar: Morgenmensch. Wenn um 5.00 Uhr fr\u00fch die V\u00f6gel zwitschern und rund herum noch alles in tiefer Ruhe versinkt, dann ist meine Zeit. Ausgeschlafen, Energie geladen und voller Tatendrang starte ich am liebsten in den fr\u00fchen Morgenstunden in den Tag. Daf\u00fcr kann man nach 21.00 Uhr nicht mehr mit mir rechnen. Buch oder Film: Es gibt nichts Sch\u00f6neres, als es sich am Ende des Tages auf der Couch gem\u00fctlich zu machen und in die Gedankenwelt eines guten Buches einzutauchen \u2013 Lesen ist Abenteuer im Kopf. Wandern, Spazierengehen oder Laufen: alles drei und zwar am besten jeden Tag. Mit ein bisschen Zeiteinteilung geht es sich tats\u00e4chlich fast gehen Tag aus, drau\u00dfen unterwegs zu sein. Fr\u00fchling, Sommer, Herbst oder Winter: Ich kann es im Fr\u00fchling kaum erwarten, die ersten Gr\u00fcnschattierungen in der Natur zu entdecken. Ich liebe hei\u00dfe Sommertage am See und laue Sommerabende am Balkon. Ich mag es, wenn im Herbst die W\u00e4lder in einem Meer aus Farben erstrahlen, Laubrascheln und Kastanien sammeln. Und ich freue mich wie ein Kind, wenn im Dezember die ersten Schneeflocken vom Himmel schweben. Die vier Jahreszeiten sind etwas Wunderbares.","url":"https:\/\/www.salzburgerland.com\/de\/magazin\/author\/ulli-hammerl\/"}]}},"_wl_alt_label":[],"wl:entity_url":"http:\/\/open.salzburgerland.com\/magazin\/post\/chaletdorf_fanningberg","_links":{"self":[{"href":"https:\/\/www.salzburgerland.com\/de\/magazin\/wp-json\/wp\/v2\/posts\/112197","targetHints":{"allow":["GET"]}}],"collection":[{"href":"https:\/\/www.salzburgerland.com\/de\/magazin\/wp-json\/wp\/v2\/posts"}],"about":[{"href":"https:\/\/www.salzburgerland.com\/de\/magazin\/wp-json\/wp\/v2\/types\/post"}],"author":[{"embeddable":true,"href":"https:\/\/www.salzburgerland.com\/de\/magazin\/wp-json\/wp\/v2\/users\/90"}],"replies":[{"embeddable":true,"href":"https:\/\/www.salzburgerland.com\/de\/magazin\/wp-json\/wp\/v2\/comments?post=112197"}],"version-history":[{"count":1,"href":"https:\/\/www.salzburgerland.com\/de\/magazin\/wp-json\/wp\/v2\/posts\/112197\/revisions"}],"predecessor-version":[{"id":168981,"href":"https:\/\/www.salzburgerland.com\/de\/magazin\/wp-json\/wp\/v2\/posts\/112197\/revisions\/168981"}],"wp:featuredmedia":[{"embeddable":true,"href":"https:\/\/www.salzburgerland.com\/de\/magazin\/wp-json\/wp\/v2\/media\/112204"}],"wp:attachment":[{"href":"https:\/\/www.salzburgerland.com\/de\/magazin\/wp-json\/wp\/v2\/media?parent=112197"}],"wp:term":[{"taxonomy":"category","embeddable":true,"href":"https:\/\/www.salzburgerland.com\/de\/magazin\/wp-json\/wp\/v2\/categories?post=112197"},{"taxonomy":"post_tag","embeddable":true,"href":"https:\/\/www.salzburgerland.com\/de\/magazin\/wp-json\/wp\/v2\/tags?post=112197"},{"taxonomy":"wl_entity_type","embeddable":true,"href":"https:\/\/www.salzburgerland.com\/de\/magazin\/wp-json\/wp\/v2\/wl_entity_type?post=112197"},{"taxonomy":"monatsauswahl","embeddable":true,"href":"https:\/\/www.salzburgerland.com\/de\/magazin\/wp-json\/wp\/v2\/monatsauswahl?post=112197"}],"curies":[{"name":"wp","href":"https:\/\/api.w.org\/{rel}","templated":true}]}}