{"id":112085,"date":"2017-01-10T12:23:51","date_gmt":"2017-01-10T11:23:51","guid":{"rendered":"http:\/\/magazin.salzburgerland.com\/?p=112085"},"modified":"2017-01-10T16:17:35","modified_gmt":"2017-01-10T15:17:35","slug":"huettenwinter-im-grossarltal","status":"publish","type":"post","link":"https:\/\/www.salzburgerland.com\/de\/magazin\/huettenwinter-im-grossarltal\/","title":{"rendered":"H\u00fcttenwinter im Gro\u00dfarltal"},"content":{"rendered":"<p><strong>Auf der Loosb\u00fchelh\u00fctte in Gro\u00dfarl genie\u00dfen G\u00e4ste auch \u00a0im Winter heimelige Atmosph\u00e4re und kulinarische K\u00f6stlichkeiten.<\/strong><\/p>\n<p>Endlich ist er da, der hei\u00df ersehnte Schnee. Wenn dann auch noch die Sonne ihre Strahlen dazu mischt, verwandelt sich die Landschaft in eine glitzernde Winter-Wunder-Welt. Da muss man einfach hinaus \u2013 auf die Piste, die Loipe oder einfach nur f\u00fcr einen ausgedehnten Spaziergang.<\/p>\n<p>Doch Schnee, K\u00e4lte und die Bewegung an der frischen Luft sorgen daf\u00fcr, dass sich mit knurrendem Magen schon bald der Hunger meldet. Da kommt eine Einkehr auf einer urigen H\u00fctte gerade recht \u2013 und davon gibt es im SalzburgerLand jede Menge. Viele davon direkt an der Piste. Doch auch wer abseits der Pisten unterwegs ist, freut sich auf eine Pause zum St\u00e4rken und Aufw\u00e4rmen.<\/p>\n<p>Eine H\u00fctte, die 2017 erstmals auch im Winter ge\u00f6ffnet hat, ist die <a href=\"http:\/\/www.loosbuehelalm.at\/\" target=\"_blank\">Loosb\u00fchelh\u00fctte im Gro\u00dfarltal<\/a>. Das besondere an dieser atmosph\u00e4rischen Almh\u00fctte ist, dass sie eben nicht mitten im Skigebiet liegt. Man muss schon einen kleinen Anmarsch und Aufstieg auf sich nehmen, um hierher zu kommen. Ideal also f\u00fcr Skitourengeher und (Schneeschuh)wanderer, die abseits des Trubels die Winteridylle genie\u00dfen wollen.<\/p>\n<p>Vom Parkplatz Grundlehen auf 1.300 Meter wandert man in gut 1 \u00bd Stunden hinauf zur Loosb\u00fchelh\u00fctte. Entweder \u00fcber die, f\u00fcr den \u00f6ffentlichen Verkehr gesperrte, Stra\u00dfe oder \u00fcber einen eigenen Winterweg. Die einzige Gefahr beim Hinaufwandern entlang der Stra\u00dfe besteht aus rasanten Rodlern, denen man allenfalls ausweichen muss. Denn als zus\u00e4tzlichen Pluspunkt kann man sich oben auf der H\u00fctte Rodeln ausborgen \u2013 bei der Vorfreude darauf macht selbst Kindern das Wandern gleich noch mehr Spa\u00df. Aber bevor es wieder hinunter geht, hei\u00dft es erst einmal Aufw\u00e4rmen am Kachelofen und mit den regionalen Schmankerl aus der eigenen Landwirtschaft die Energiereserven wieder auff\u00fcllen.<\/p>\n<p>Wer als Skitourengeher noch Lust auf mehr hat, der kann den Loosb\u00fchel, das Gr\u00fcndegg oder das Filzmoosh\u00f6rndl erobern. Und falls es dann doch ein wenig zu sp\u00e4t f\u00fcr die R\u00fcckkehr ist, oder man am n\u00e4chsten Morgen zeitig zu einer Wanderung aufbrechen m\u00f6chte \u2013 auf der Loosb\u00fchelh\u00fctte kann man auch \u00fcbernachten, Sauna inklusive.<\/p>\n<div class=\"wpb_text_column wpb_content_element \">\n<div class=\"wpb_wrapper\">\n<p><em>Loosb\u00fchelalm<\/em><br \/><em>Ellmau 74<\/em><br \/><em>5611 Gro\u00dfarl<\/em><br \/><em>Tel. <a href=\"tel:+4364144080\">+43 6414 4080<\/a><\/em><br \/><em><a href=\"http:\/\/www.loosbuehelalm.at\" target=\"_blank\">www.loosbuehelalm.at<\/a><\/em><\/p>\n<\/div>\n<\/div>\n<div class=\"mag-gallery\"><div class=\"row\"><div class=\"col-6 col-sm-4\"><figure><a class=\"thumb-container\" href=\"https:\/\/www.salzburgerland.com\/de\/magazin\/wp-content\/uploads\/2017\/01\/GEO4741-2-Internet-1280x1024.jpg\">\t<picture><source media=\"(min-width: 576px)\" srcset=\"https:\/\/www.salzburgerland.com\/de\/magazin\/wp-content\/uploads\/2017\/01\/GEO4741-2-Internet-325x209.jpg 325w, https:\/\/www.salzburgerland.com\/de\/magazin\/wp-content\/uploads\/2017\/01\/GEO4741-2-Internet-249x160.jpg 249w\" \/><source media=\"(min-width: 0)\" srcset=\"https:\/\/www.salzburgerland.com\/de\/magazin\/wp-content\/uploads\/2017\/01\/GEO4741-2-Internet-249x160.jpg 249w, https:\/\/www.salzburgerland.com\/de\/magazin\/wp-content\/uploads\/2017\/01\/GEO4741-2-Internet-325x209.jpg 325w\" \/><img decoding=\"async\" alt=\"Schneebedeckte Berge mit Kiefern, eine Holzh\u00fctte und klarer blauer Himmel in einer sonnigen Winterlandschaft.\" src=\"https:\/\/www.salzburgerland.com\/de\/magazin\/wp-content\/uploads\/2017\/01\/GEO4741-2-Internet.jpg\" \/>\t<\/picture><\/a><\/figure><\/div><div class=\"col-6 col-sm-4\"><figure><a class=\"thumb-container\" href=\"https:\/\/www.salzburgerland.com\/de\/magazin\/wp-content\/uploads\/2017\/01\/DSC_0146-1280x1024.jpg\">\t<picture><source media=\"(min-width: 576px)\" srcset=\"https:\/\/www.salzburgerland.com\/de\/magazin\/wp-content\/uploads\/2017\/01\/DSC_0146-325x209.jpg 325w, https:\/\/www.salzburgerland.com\/de\/magazin\/wp-content\/uploads\/2017\/01\/DSC_0146-249x160.jpg 249w\" \/><source media=\"(min-width: 0)\" srcset=\"https:\/\/www.salzburgerland.com\/de\/magazin\/wp-content\/uploads\/2017\/01\/DSC_0146-249x160.jpg 249w, https:\/\/www.salzburgerland.com\/de\/magazin\/wp-content\/uploads\/2017\/01\/DSC_0146-325x209.jpg 325w\" \/><img decoding=\"async\" alt=\"Schneebedeckte B\u00e4ume auf einem H\u00fcgel in der Abendd\u00e4mmerung mit einer Mondsichel und Bergsilhouetten im Hintergrund.\" src=\"https:\/\/www.salzburgerland.com\/de\/magazin\/wp-content\/uploads\/2017\/01\/DSC_0146.jpg\" \/>\t<\/picture><\/a><\/figure><\/div><div class=\"col-6 col-sm-4\"><figure><a class=\"thumb-container\" href=\"https:\/\/www.salzburgerland.com\/de\/magazin\/wp-content\/uploads\/2017\/01\/DSC_0254-1280x1024.jpg\">\t<picture><source media=\"(min-width: 576px)\" srcset=\"https:\/\/www.salzburgerland.com\/de\/magazin\/wp-content\/uploads\/2017\/01\/DSC_0254-325x209.jpg 325w, https:\/\/www.salzburgerland.com\/de\/magazin\/wp-content\/uploads\/2017\/01\/DSC_0254-249x160.jpg 249w\" \/><source media=\"(min-width: 0)\" srcset=\"https:\/\/www.salzburgerland.com\/de\/magazin\/wp-content\/uploads\/2017\/01\/DSC_0254-249x160.jpg 249w, https:\/\/www.salzburgerland.com\/de\/magazin\/wp-content\/uploads\/2017\/01\/DSC_0254-325x209.jpg 325w\" \/><img decoding=\"async\" alt=\"Ein schneebedeckter Berg mit Skispuren, Kiefern und einem klaren blauen Himmel im Hintergrund.\" src=\"https:\/\/www.salzburgerland.com\/de\/magazin\/wp-content\/uploads\/2017\/01\/DSC_0254.jpg\" \/>\t<\/picture><\/a><\/figure><\/div><div class=\"col-6 col-sm-4\"><figure><a class=\"thumb-container\" href=\"https:\/\/www.salzburgerland.com\/de\/magazin\/wp-content\/uploads\/2017\/01\/Loosbuehelalm-2016-Winter_7-1280x1024.jpg\">\t<picture><source media=\"(min-width: 576px)\" srcset=\"https:\/\/www.salzburgerland.com\/de\/magazin\/wp-content\/uploads\/2017\/01\/Loosbuehelalm-2016-Winter_7-325x209.jpg 325w, https:\/\/www.salzburgerland.com\/de\/magazin\/wp-content\/uploads\/2017\/01\/Loosbuehelalm-2016-Winter_7-249x160.jpg 249w\" \/><source media=\"(min-width: 0)\" srcset=\"https:\/\/www.salzburgerland.com\/de\/magazin\/wp-content\/uploads\/2017\/01\/Loosbuehelalm-2016-Winter_7-249x160.jpg 249w, https:\/\/www.salzburgerland.com\/de\/magazin\/wp-content\/uploads\/2017\/01\/Loosbuehelalm-2016-Winter_7-325x209.jpg 325w\" \/><img decoding=\"async\" alt=\"Eine steinerne Adlerskulptur in verschneiten Bergen, durch deren Fl\u00fcgel das Sonnenlicht scheint.\" src=\"https:\/\/www.salzburgerland.com\/de\/magazin\/wp-content\/uploads\/2017\/01\/Loosbuehelalm-2016-Winter_7.jpg\" \/>\t<\/picture><\/a><\/figure><\/div><div class=\"col-6 col-sm-4\"><figure><a class=\"thumb-container\" href=\"https:\/\/www.salzburgerland.com\/de\/magazin\/wp-content\/uploads\/2017\/01\/Loosbuehelalm-2016-Winter_9-1280x1024.jpg\">\t<picture><source media=\"(min-width: 576px)\" srcset=\"https:\/\/www.salzburgerland.com\/de\/magazin\/wp-content\/uploads\/2017\/01\/Loosbuehelalm-2016-Winter_9-325x209.jpg 325w, https:\/\/www.salzburgerland.com\/de\/magazin\/wp-content\/uploads\/2017\/01\/Loosbuehelalm-2016-Winter_9-249x160.jpg 249w\" \/><source media=\"(min-width: 0)\" srcset=\"https:\/\/www.salzburgerland.com\/de\/magazin\/wp-content\/uploads\/2017\/01\/Loosbuehelalm-2016-Winter_9-249x160.jpg 249w, https:\/\/www.salzburgerland.com\/de\/magazin\/wp-content\/uploads\/2017\/01\/Loosbuehelalm-2016-Winter_9-325x209.jpg 325w\" \/><img decoding=\"async\" alt=\"Eine Scheibe Apfelstrudel mit Puderzucker und Vanillesauce, garniert mit Minze, auf einem wei\u00dfen Teller mit einem L\u00f6ffel.\" src=\"https:\/\/www.salzburgerland.com\/de\/magazin\/wp-content\/uploads\/2017\/01\/Loosbuehelalm-2016-Winter_9.jpg\" \/>\t<\/picture><\/a><\/figure><\/div><div class=\"col-6 col-sm-4\"><figure><a class=\"thumb-container\" href=\"https:\/\/www.salzburgerland.com\/de\/magazin\/wp-content\/uploads\/2017\/01\/Loosbuehelalm-2016-Winter_11-1280x1024.jpg\">\t<picture><source media=\"(min-width: 576px)\" srcset=\"https:\/\/www.salzburgerland.com\/de\/magazin\/wp-content\/uploads\/2017\/01\/Loosbuehelalm-2016-Winter_11-325x209.jpg 325w, https:\/\/www.salzburgerland.com\/de\/magazin\/wp-content\/uploads\/2017\/01\/Loosbuehelalm-2016-Winter_11-249x160.jpg 249w\" \/><source media=\"(min-width: 0)\" srcset=\"https:\/\/www.salzburgerland.com\/de\/magazin\/wp-content\/uploads\/2017\/01\/Loosbuehelalm-2016-Winter_11-249x160.jpg 249w, https:\/\/www.salzburgerland.com\/de\/magazin\/wp-content\/uploads\/2017\/01\/Loosbuehelalm-2016-Winter_11-325x209.jpg 325w\" \/><img decoding=\"async\" alt=\"Logo mit dem Wort Loasb\u00fchelalm, stilisierten Bergen und einer Sonne auf einem strukturierten dunklen Hintergrund.\" src=\"https:\/\/www.salzburgerland.com\/de\/magazin\/wp-content\/uploads\/2017\/01\/Loosbuehelalm-2016-Winter_11.jpg\" \/>\t<\/picture><\/a><\/figure><\/div><div class=\"col-6 col-sm-4\"><figure><a class=\"thumb-container\" href=\"https:\/\/www.salzburgerland.com\/de\/magazin\/wp-content\/uploads\/2017\/01\/Loosbuehelalm-2016-Winter_12-1280x1024.jpg\">\t<picture><source media=\"(min-width: 576px)\" srcset=\"https:\/\/www.salzburgerland.com\/de\/magazin\/wp-content\/uploads\/2017\/01\/Loosbuehelalm-2016-Winter_12-325x209.jpg 325w, https:\/\/www.salzburgerland.com\/de\/magazin\/wp-content\/uploads\/2017\/01\/Loosbuehelalm-2016-Winter_12-249x160.jpg 249w\" \/><source media=\"(min-width: 0)\" srcset=\"https:\/\/www.salzburgerland.com\/de\/magazin\/wp-content\/uploads\/2017\/01\/Loosbuehelalm-2016-Winter_12-249x160.jpg 249w, https:\/\/www.salzburgerland.com\/de\/magazin\/wp-content\/uploads\/2017\/01\/Loosbuehelalm-2016-Winter_12-325x209.jpg 325w\" \/><img decoding=\"async\" alt=\"Eine Feuerstelle aus Metall mit brennendem Holz und gl\u00fchender Glut auf einer Schotterfl\u00e4che.\" src=\"https:\/\/www.salzburgerland.com\/de\/magazin\/wp-content\/uploads\/2017\/01\/Loosbuehelalm-2016-Winter_12.jpg\" \/>\t<\/picture><\/a><\/figure><\/div><div class=\"col-6 col-sm-4\"><figure><a class=\"thumb-container\" href=\"https:\/\/www.salzburgerland.com\/de\/magazin\/wp-content\/uploads\/2017\/01\/Loosbuehelalm-2016-Winter_15-1280x1024.jpg\">\t<picture><source media=\"(min-width: 576px)\" srcset=\"https:\/\/www.salzburgerland.com\/de\/magazin\/wp-content\/uploads\/2017\/01\/Loosbuehelalm-2016-Winter_15-325x209.jpg 325w, https:\/\/www.salzburgerland.com\/de\/magazin\/wp-content\/uploads\/2017\/01\/Loosbuehelalm-2016-Winter_15-249x160.jpg 249w\" \/><source media=\"(min-width: 0)\" srcset=\"https:\/\/www.salzburgerland.com\/de\/magazin\/wp-content\/uploads\/2017\/01\/Loosbuehelalm-2016-Winter_15-249x160.jpg 249w, https:\/\/www.salzburgerland.com\/de\/magazin\/wp-content\/uploads\/2017\/01\/Loosbuehelalm-2016-Winter_15-325x209.jpg 325w\" \/><img decoding=\"async\" alt=\"Eine rustikale Holzh\u00fctte mit schneebedeckten B\u00e4nken liegt am Fu\u00dfe eines verschneiten, mit Kiefern bewachsenen H\u00fcgels.\" src=\"https:\/\/www.salzburgerland.com\/de\/magazin\/wp-content\/uploads\/2017\/01\/Loosbuehelalm-2016-Winter_15.jpg\" \/>\t<\/picture><\/a><\/figure><\/div><div class=\"col-6 col-sm-4\"><figure><a class=\"thumb-container\" href=\"https:\/\/www.salzburgerland.com\/de\/magazin\/wp-content\/uploads\/2017\/01\/Loosbuehelalm-2016-Winter_22-1280x1024.jpg\">\t<picture><source media=\"(min-width: 576px)\" srcset=\"https:\/\/www.salzburgerland.com\/de\/magazin\/wp-content\/uploads\/2017\/01\/Loosbuehelalm-2016-Winter_22-325x209.jpg 325w, https:\/\/www.salzburgerland.com\/de\/magazin\/wp-content\/uploads\/2017\/01\/Loosbuehelalm-2016-Winter_22-249x160.jpg 249w\" \/><source media=\"(min-width: 0)\" srcset=\"https:\/\/www.salzburgerland.com\/de\/magazin\/wp-content\/uploads\/2017\/01\/Loosbuehelalm-2016-Winter_22-249x160.jpg 249w, https:\/\/www.salzburgerland.com\/de\/magazin\/wp-content\/uploads\/2017\/01\/Loosbuehelalm-2016-Winter_22-325x209.jpg 325w\" \/><img decoding=\"async\" alt=\"Zwei Kinder in Winterkleidung sitzen neben einer verschneiten Adlerstatue auf einem Berg, die Sonne scheint hinter ihnen.\" src=\"https:\/\/www.salzburgerland.com\/de\/magazin\/wp-content\/uploads\/2017\/01\/Loosbuehelalm-2016-Winter_22.jpg\" \/>\t<\/picture><\/a><\/figure><\/div><\/div><\/div><figcaption><\/figcaption>\n<p>Fotos\u00a0\u00a9TVB Gro\u00dfarl<\/p>\n","protected":false},"excerpt":{"rendered":"<p>Auf der Loosb\u00fchelh\u00fctte in Gro\u00dfarl genie\u00dfen G\u00e4ste auch \u00a0im Winter heimelige Atmosph\u00e4re und kulinarische K\u00f6stlichkeiten. Endlich ist er da, der hei\u00df ersehnte Schnee. Wenn dann auch noch die Sonne ihre Strahlen dazu mischt, verwandelt sich die Landschaft in eine glitzernde Winter-Wunder-Welt. Da muss man einfach hinaus \u2013 auf die Piste, die Loipe oder einfach nur [&hellip;]<\/p>\n","protected":false},"author":90,"featured_media":112089,"comment_status":"open","ping_status":"open","sticky":false,"template":"","format":"standard","meta":{"_acf_changed":false,"wl_entities_gutenberg":"","_wl_entity_redirect_enabled":"","footnotes":""},"categories":[5],"tags":[],"wl_entity_type":[306],"monatsauswahl":[82,83,84,85,86,87,88,89,90,91,92,93],"class_list":["post-112085","post","type-post","status-publish","format-standard","has-post-thumbnail","hentry","category-hotel-reise","wl_entity_type-article","monatsauswahl-monat_1","monatsauswahl-monat_2","monatsauswahl-monat_3","monatsauswahl-monat_4","monatsauswahl-monat_5","monatsauswahl-monat_6","monatsauswahl-monat_7","monatsauswahl-monat_8","monatsauswahl-monat_9","monatsauswahl-monat_10","monatsauswahl-monat_11","monatsauswahl-monat_12"],"acf":[],"yoast_head":"<!-- This site is optimized with the Yoast SEO Premium plugin v27.4 (Yoast SEO v27.4) - https:\/\/yoast.com\/product\/yoast-seo-premium-wordpress\/ -->\n<title>H\u00fcttenwinter im Gro\u00dfarltal - SalzburgerLand Magazin<\/title>\n<meta name=\"description\" content=\"Auf der Loosb\u00fchelh\u00fctte in Gro\u00dfarl genie\u00dfen G\u00e4ste auch \u00a0im Winter heimelige Atmosph\u00e4re und kulinarische K\u00f6stlichkeiten. Endlich ist er da, der hei\u00df ersehnte Schnee. Wenn dann auch noch die Sonne ihre Strahlen dazu mischt, verwandelt sich die Landschaft in eine glitzernde Winter-Wunder-Welt. Da muss man einfach hinaus \u2013 auf die Piste, die Loipe oder einfach nur [&hellip;]\" \/>\n<meta name=\"robots\" content=\"index, follow, max-snippet:-1, max-image-preview:large, max-video-preview:-1\" \/>\n<link rel=\"canonical\" href=\"https:\/\/www.salzburgerland.com\/de\/magazin\/huettenwinter-im-grossarltal\/\" \/>\n<meta property=\"og:locale\" content=\"de_DE\" \/>\n<meta property=\"og:type\" content=\"article\" \/>\n<meta property=\"og:title\" content=\"H\u00fcttenwinter im Gro\u00dfarltal\" \/>\n<meta property=\"og:description\" content=\"Auf der Loosb\u00fchelh\u00fctte in Gro\u00dfarl genie\u00dfen G\u00e4ste auch \u00a0im Winter heimelige Atmosph\u00e4re und kulinarische K\u00f6stlichkeiten. Endlich ist er da, der hei\u00df ersehnte Schnee. Wenn dann auch noch die Sonne ihre Strahlen dazu mischt, verwandelt sich die Landschaft in eine glitzernde Winter-Wunder-Welt. Da muss man einfach hinaus \u2013 auf die Piste, die Loipe oder einfach nur [&hellip;]\" \/>\n<meta property=\"og:url\" content=\"https:\/\/www.salzburgerland.com\/de\/magazin\/huettenwinter-im-grossarltal\/\" \/>\n<meta property=\"og:site_name\" content=\"SalzburgerLand Magazin\" \/>\n<meta property=\"article:publisher\" content=\"https:\/\/www.facebook.com\/salzburgerland\/\" \/>\n<meta property=\"article:published_time\" content=\"2017-01-10T11:23:51+00:00\" \/>\n<meta property=\"article:modified_time\" content=\"2017-01-10T15:17:35+00:00\" \/>\n<meta property=\"og:image\" content=\"https:\/\/www.salzburgerland.com\/de\/magazin\/wp-content\/uploads\/2017\/01\/GEO4615-Internet.jpg\" \/>\n\t<meta property=\"og:image:width\" content=\"1200\" \/>\n\t<meta property=\"og:image:height\" content=\"801\" \/>\n\t<meta property=\"og:image:type\" content=\"image\/jpeg\" \/>\n<meta name=\"author\" content=\"Ulli Hammerl\" \/>\n<meta name=\"twitter:card\" content=\"summary_large_image\" \/>\n<meta name=\"twitter:creator\" content=\"@Salzburgerland\" \/>\n<meta name=\"twitter:site\" content=\"@Salzburgerland\" \/>\n<meta name=\"twitter:label1\" content=\"Verfasst von\" \/>\n\t<meta name=\"twitter:data1\" content=\"Ulli Hammerl\" \/>\n\t<meta name=\"twitter:label2\" content=\"Gesch\u00e4tzte Lesezeit\" \/>\n\t<meta name=\"twitter:data2\" content=\"2\u00a0Minuten\" \/>\n<script type=\"application\/ld+json\" class=\"yoast-schema-graph\">{\"@context\":\"https:\\\/\\\/schema.org\",\"@graph\":[{\"@type\":\"Article\",\"@id\":\"https:\\\/\\\/www.salzburgerland.com\\\/de\\\/magazin\\\/huettenwinter-im-grossarltal\\\/#article\",\"isPartOf\":{\"@id\":\"https:\\\/\\\/www.salzburgerland.com\\\/de\\\/magazin\\\/huettenwinter-im-grossarltal\\\/\"},\"author\":{\"name\":\"Ulli Hammerl\",\"@id\":\"https:\\\/\\\/www.salzburgerland.com\\\/de\\\/magazin\\\/#\\\/schema\\\/person\\\/a55a4fee1009b9e458d298480a18a9f7\"},\"headline\":\"H\u00fcttenwinter im Gro\u00dfarltal\",\"datePublished\":\"2017-01-10T11:23:51+00:00\",\"dateModified\":\"2017-01-10T15:17:35+00:00\",\"mainEntityOfPage\":{\"@id\":\"https:\\\/\\\/www.salzburgerland.com\\\/de\\\/magazin\\\/huettenwinter-im-grossarltal\\\/\"},\"wordCount\":393,\"commentCount\":0,\"publisher\":{\"@id\":\"https:\\\/\\\/www.salzburgerland.com\\\/de\\\/magazin\\\/#organization\"},\"image\":{\"@id\":\"https:\\\/\\\/www.salzburgerland.com\\\/de\\\/magazin\\\/huettenwinter-im-grossarltal\\\/#primaryimage\"},\"thumbnailUrl\":\"https:\\\/\\\/www.salzburgerland.com\\\/de\\\/magazin\\\/wp-content\\\/uploads\\\/2017\\\/01\\\/GEO4615-Internet.jpg\",\"articleSection\":[\"Hotel &amp; Reise\"],\"inLanguage\":\"de\",\"potentialAction\":[{\"@type\":\"CommentAction\",\"name\":\"Comment\",\"target\":[\"https:\\\/\\\/www.salzburgerland.com\\\/de\\\/magazin\\\/huettenwinter-im-grossarltal\\\/#respond\"]}]},{\"@type\":\"WebPage\",\"@id\":\"https:\\\/\\\/www.salzburgerland.com\\\/de\\\/magazin\\\/huettenwinter-im-grossarltal\\\/\",\"url\":\"https:\\\/\\\/www.salzburgerland.com\\\/de\\\/magazin\\\/huettenwinter-im-grossarltal\\\/\",\"name\":\"H\u00fcttenwinter im Gro\u00dfarltal - SalzburgerLand Magazin\",\"isPartOf\":{\"@id\":\"https:\\\/\\\/www.salzburgerland.com\\\/de\\\/magazin\\\/#website\"},\"primaryImageOfPage\":{\"@id\":\"https:\\\/\\\/www.salzburgerland.com\\\/de\\\/magazin\\\/huettenwinter-im-grossarltal\\\/#primaryimage\"},\"image\":{\"@id\":\"https:\\\/\\\/www.salzburgerland.com\\\/de\\\/magazin\\\/huettenwinter-im-grossarltal\\\/#primaryimage\"},\"thumbnailUrl\":\"https:\\\/\\\/www.salzburgerland.com\\\/de\\\/magazin\\\/wp-content\\\/uploads\\\/2017\\\/01\\\/GEO4615-Internet.jpg\",\"datePublished\":\"2017-01-10T11:23:51+00:00\",\"dateModified\":\"2017-01-10T15:17:35+00:00\",\"breadcrumb\":{\"@id\":\"https:\\\/\\\/www.salzburgerland.com\\\/de\\\/magazin\\\/huettenwinter-im-grossarltal\\\/#breadcrumb\"},\"inLanguage\":\"de\",\"potentialAction\":[{\"@type\":\"ReadAction\",\"target\":[\"https:\\\/\\\/www.salzburgerland.com\\\/de\\\/magazin\\\/huettenwinter-im-grossarltal\\\/\"]}]},{\"@type\":\"ImageObject\",\"inLanguage\":\"de\",\"@id\":\"https:\\\/\\\/www.salzburgerland.com\\\/de\\\/magazin\\\/huettenwinter-im-grossarltal\\\/#primaryimage\",\"url\":\"https:\\\/\\\/www.salzburgerland.com\\\/de\\\/magazin\\\/wp-content\\\/uploads\\\/2017\\\/01\\\/GEO4615-Internet.jpg\",\"contentUrl\":\"https:\\\/\\\/www.salzburgerland.com\\\/de\\\/magazin\\\/wp-content\\\/uploads\\\/2017\\\/01\\\/GEO4615-Internet.jpg\",\"width\":1200,\"height\":801,\"caption\":\"H\u00f6lzerner Torbogen mit deutschem Text, in einer verschneiten Berglandschaft mit Kiefern und blauem Himmel.\"},{\"@type\":\"BreadcrumbList\",\"@id\":\"https:\\\/\\\/www.salzburgerland.com\\\/de\\\/magazin\\\/huettenwinter-im-grossarltal\\\/#breadcrumb\",\"itemListElement\":[{\"@type\":\"ListItem\",\"position\":1,\"name\":\"Startseite\",\"item\":\"https:\\\/\\\/www.salzburgerland.com\\\/de\\\/magazin\\\/\"},{\"@type\":\"ListItem\",\"position\":2,\"name\":\"Hotel &amp; Reise\",\"item\":\"https:\\\/\\\/www.salzburgerland.com\\\/de\\\/magazin\\\/thema\\\/hotel-reise\\\/\"},{\"@type\":\"ListItem\",\"position\":3,\"name\":\"H\u00fcttenwinter im Gro\u00dfarltal\"}]},{\"@type\":\"WebSite\",\"@id\":\"https:\\\/\\\/www.salzburgerland.com\\\/de\\\/magazin\\\/#website\",\"url\":\"https:\\\/\\\/www.salzburgerland.com\\\/de\\\/magazin\\\/\",\"name\":\"SalzburgerLand Magazin\",\"description\":\"Geschichten und Interessantes aus dem SalzburgerLand\",\"publisher\":{\"@id\":\"https:\\\/\\\/www.salzburgerland.com\\\/de\\\/magazin\\\/#organization\"},\"potentialAction\":[{\"@type\":\"SearchAction\",\"target\":{\"@type\":\"EntryPoint\",\"urlTemplate\":\"https:\\\/\\\/www.salzburgerland.com\\\/de\\\/magazin\\\/?s={search_term_string}\"},\"query-input\":{\"@type\":\"PropertyValueSpecification\",\"valueRequired\":true,\"valueName\":\"search_term_string\"}}],\"inLanguage\":\"de\"},{\"@type\":\"Organization\",\"@id\":\"https:\\\/\\\/www.salzburgerland.com\\\/de\\\/magazin\\\/#organization\",\"name\":\"SalzburgerLand Tourismus\",\"url\":\"https:\\\/\\\/www.salzburgerland.com\\\/de\\\/magazin\\\/\",\"logo\":{\"@type\":\"ImageObject\",\"inLanguage\":\"de\",\"@id\":\"https:\\\/\\\/www.salzburgerland.com\\\/de\\\/magazin\\\/#\\\/schema\\\/logo\\\/image\\\/\",\"url\":\"https:\\\/\\\/www.salzburgerland.com\\\/de\\\/magazin\\\/wp-content\\\/uploads\\\/2019\\\/06\\\/salzburgerland-logo1.jpg\",\"contentUrl\":\"https:\\\/\\\/www.salzburgerland.com\\\/de\\\/magazin\\\/wp-content\\\/uploads\\\/2019\\\/06\\\/salzburgerland-logo1.jpg\",\"width\":2011,\"height\":866,\"caption\":\"SalzburgerLand Tourismus\"},\"image\":{\"@id\":\"https:\\\/\\\/www.salzburgerland.com\\\/de\\\/magazin\\\/#\\\/schema\\\/logo\\\/image\\\/\"},\"sameAs\":[\"https:\\\/\\\/www.facebook.com\\\/salzburgerland\\\/\",\"https:\\\/\\\/x.com\\\/Salzburgerland\",\"https:\\\/\\\/www.instagram.com\\\/salzburgerland\\\/\",\"https:\\\/\\\/at.linkedin.com\\\/company\\\/salzburgerland-tourismus-gmbh\",\"https:\\\/\\\/www.pinterest.at\\\/salzburgerland\\\/\",\"https:\\\/\\\/www.youtube.com\\\/user\\\/salzburgerland\",\"https:\\\/\\\/de.wikipedia.org\\\/wiki\\\/SalzburgerLand_Tourismus_GmbH\"]},{\"@type\":\"Person\",\"@id\":\"https:\\\/\\\/www.salzburgerland.com\\\/de\\\/magazin\\\/#\\\/schema\\\/person\\\/a55a4fee1009b9e458d298480a18a9f7\",\"name\":\"Ulli Hammerl\",\"description\":\"Geboren und aufgewachsen in der Stadt Salzburg war Ulli Hammerl fr\u00fch bewusst, in einer der sch\u00f6nsten St\u00e4dte der Welt zu leben. So ist sie auch w\u00e4hrend ihres Studiums der Kommunikationswissenschaft und \u00d6kologie ihrer Heimatstadt treu geblieben. Gleich nach dem Studium ist sie zu SalzburgerLand Tourismus (SLTG) gegangen und hat hier von 1998 - 2004 u.a. die SalzburgerLand Card betreut. Dabei ist sie viel herumgekommen, wodurch auch die Liebe zum SalzburgerLand enstanden und gewachsen ist. Nach der Geburt ihrer Tochter im September 2004 hat sich Ulli Hammerl 2007 mit einer Agentur selbst\u00e4ndig gemacht. Mein pers\u00f6nlicher Logenplatz: Hoch \u00fcber Salzburg, abseits der stark begangenen Wege mit Blick auf die D\u00e4cher und Kircht\u00fcrme der Stadt \u2013 hier geht mir das Herz auf! Morgen- oder Abendmensch: Ganz klar: Morgenmensch. Wenn um 5.00 Uhr fr\u00fch die V\u00f6gel zwitschern und rund herum noch alles in tiefer Ruhe versinkt, dann ist meine Zeit. Ausgeschlafen, Energie geladen und voller Tatendrang starte ich am liebsten in den fr\u00fchen Morgenstunden in den Tag. Daf\u00fcr kann man nach 21.00 Uhr nicht mehr mit mir rechnen. Buch oder Film: Es gibt nichts Sch\u00f6neres, als es sich am Ende des Tages auf der Couch gem\u00fctlich zu machen und in die Gedankenwelt eines guten Buches einzutauchen \u2013 Lesen ist Abenteuer im Kopf. Wandern, Spazierengehen oder Laufen: alles drei und zwar am besten jeden Tag. Mit ein bisschen Zeiteinteilung geht es sich tats\u00e4chlich fast gehen Tag aus, drau\u00dfen unterwegs zu sein. Fr\u00fchling, Sommer, Herbst oder Winter: Ich kann es im Fr\u00fchling kaum erwarten, die ersten Gr\u00fcnschattierungen in der Natur zu entdecken. Ich liebe hei\u00dfe Sommertage am See und laue Sommerabende am Balkon. Ich mag es, wenn im Herbst die W\u00e4lder in einem Meer aus Farben erstrahlen, Laubrascheln und Kastanien sammeln. Und ich freue mich wie ein Kind, wenn im Dezember die ersten Schneeflocken vom Himmel schweben. Die vier Jahreszeiten sind etwas Wunderbares.\",\"url\":\"https:\\\/\\\/www.salzburgerland.com\\\/de\\\/magazin\\\/author\\\/ulli-hammerl\\\/\"}]}<\/script>\n<!-- \/ Yoast SEO Premium plugin. -->","yoast_head_json":{"title":"H\u00fcttenwinter im Gro\u00dfarltal - SalzburgerLand Magazin","description":"Auf der Loosb\u00fchelh\u00fctte in Gro\u00dfarl genie\u00dfen G\u00e4ste auch \u00a0im Winter heimelige Atmosph\u00e4re und kulinarische K\u00f6stlichkeiten. Endlich ist er da, der hei\u00df ersehnte Schnee. Wenn dann auch noch die Sonne ihre Strahlen dazu mischt, verwandelt sich die Landschaft in eine glitzernde Winter-Wunder-Welt. Da muss man einfach hinaus \u2013 auf die Piste, die Loipe oder einfach nur [&hellip;]","robots":{"index":"index","follow":"follow","max-snippet":"max-snippet:-1","max-image-preview":"max-image-preview:large","max-video-preview":"max-video-preview:-1"},"canonical":"https:\/\/www.salzburgerland.com\/de\/magazin\/huettenwinter-im-grossarltal\/","og_locale":"de_DE","og_type":"article","og_title":"H\u00fcttenwinter im Gro\u00dfarltal","og_description":"Auf der Loosb\u00fchelh\u00fctte in Gro\u00dfarl genie\u00dfen G\u00e4ste auch \u00a0im Winter heimelige Atmosph\u00e4re und kulinarische K\u00f6stlichkeiten. Endlich ist er da, der hei\u00df ersehnte Schnee. Wenn dann auch noch die Sonne ihre Strahlen dazu mischt, verwandelt sich die Landschaft in eine glitzernde Winter-Wunder-Welt. Da muss man einfach hinaus \u2013 auf die Piste, die Loipe oder einfach nur [&hellip;]","og_url":"https:\/\/www.salzburgerland.com\/de\/magazin\/huettenwinter-im-grossarltal\/","og_site_name":"SalzburgerLand Magazin","article_publisher":"https:\/\/www.facebook.com\/salzburgerland\/","article_published_time":"2017-01-10T11:23:51+00:00","article_modified_time":"2017-01-10T15:17:35+00:00","og_image":[{"width":1200,"height":801,"url":"https:\/\/www.salzburgerland.com\/de\/magazin\/wp-content\/uploads\/2017\/01\/GEO4615-Internet.jpg","type":"image\/jpeg"}],"author":"Ulli Hammerl","twitter_card":"summary_large_image","twitter_creator":"@Salzburgerland","twitter_site":"@Salzburgerland","twitter_misc":{"Verfasst von":"Ulli Hammerl","Gesch\u00e4tzte Lesezeit":"2\u00a0Minuten"},"schema":{"@context":"https:\/\/schema.org","@graph":[{"@type":"Article","@id":"https:\/\/www.salzburgerland.com\/de\/magazin\/huettenwinter-im-grossarltal\/#article","isPartOf":{"@id":"https:\/\/www.salzburgerland.com\/de\/magazin\/huettenwinter-im-grossarltal\/"},"author":{"name":"Ulli Hammerl","@id":"https:\/\/www.salzburgerland.com\/de\/magazin\/#\/schema\/person\/a55a4fee1009b9e458d298480a18a9f7"},"headline":"H\u00fcttenwinter im Gro\u00dfarltal","datePublished":"2017-01-10T11:23:51+00:00","dateModified":"2017-01-10T15:17:35+00:00","mainEntityOfPage":{"@id":"https:\/\/www.salzburgerland.com\/de\/magazin\/huettenwinter-im-grossarltal\/"},"wordCount":393,"commentCount":0,"publisher":{"@id":"https:\/\/www.salzburgerland.com\/de\/magazin\/#organization"},"image":{"@id":"https:\/\/www.salzburgerland.com\/de\/magazin\/huettenwinter-im-grossarltal\/#primaryimage"},"thumbnailUrl":"https:\/\/www.salzburgerland.com\/de\/magazin\/wp-content\/uploads\/2017\/01\/GEO4615-Internet.jpg","articleSection":["Hotel &amp; Reise"],"inLanguage":"de","potentialAction":[{"@type":"CommentAction","name":"Comment","target":["https:\/\/www.salzburgerland.com\/de\/magazin\/huettenwinter-im-grossarltal\/#respond"]}]},{"@type":"WebPage","@id":"https:\/\/www.salzburgerland.com\/de\/magazin\/huettenwinter-im-grossarltal\/","url":"https:\/\/www.salzburgerland.com\/de\/magazin\/huettenwinter-im-grossarltal\/","name":"H\u00fcttenwinter im Gro\u00dfarltal - SalzburgerLand Magazin","isPartOf":{"@id":"https:\/\/www.salzburgerland.com\/de\/magazin\/#website"},"primaryImageOfPage":{"@id":"https:\/\/www.salzburgerland.com\/de\/magazin\/huettenwinter-im-grossarltal\/#primaryimage"},"image":{"@id":"https:\/\/www.salzburgerland.com\/de\/magazin\/huettenwinter-im-grossarltal\/#primaryimage"},"thumbnailUrl":"https:\/\/www.salzburgerland.com\/de\/magazin\/wp-content\/uploads\/2017\/01\/GEO4615-Internet.jpg","datePublished":"2017-01-10T11:23:51+00:00","dateModified":"2017-01-10T15:17:35+00:00","breadcrumb":{"@id":"https:\/\/www.salzburgerland.com\/de\/magazin\/huettenwinter-im-grossarltal\/#breadcrumb"},"inLanguage":"de","potentialAction":[{"@type":"ReadAction","target":["https:\/\/www.salzburgerland.com\/de\/magazin\/huettenwinter-im-grossarltal\/"]}]},{"@type":"ImageObject","inLanguage":"de","@id":"https:\/\/www.salzburgerland.com\/de\/magazin\/huettenwinter-im-grossarltal\/#primaryimage","url":"https:\/\/www.salzburgerland.com\/de\/magazin\/wp-content\/uploads\/2017\/01\/GEO4615-Internet.jpg","contentUrl":"https:\/\/www.salzburgerland.com\/de\/magazin\/wp-content\/uploads\/2017\/01\/GEO4615-Internet.jpg","width":1200,"height":801,"caption":"H\u00f6lzerner Torbogen mit deutschem Text, in einer verschneiten Berglandschaft mit Kiefern und blauem Himmel."},{"@type":"BreadcrumbList","@id":"https:\/\/www.salzburgerland.com\/de\/magazin\/huettenwinter-im-grossarltal\/#breadcrumb","itemListElement":[{"@type":"ListItem","position":1,"name":"Startseite","item":"https:\/\/www.salzburgerland.com\/de\/magazin\/"},{"@type":"ListItem","position":2,"name":"Hotel &amp; Reise","item":"https:\/\/www.salzburgerland.com\/de\/magazin\/thema\/hotel-reise\/"},{"@type":"ListItem","position":3,"name":"H\u00fcttenwinter im Gro\u00dfarltal"}]},{"@type":"WebSite","@id":"https:\/\/www.salzburgerland.com\/de\/magazin\/#website","url":"https:\/\/www.salzburgerland.com\/de\/magazin\/","name":"SalzburgerLand Magazin","description":"Geschichten und Interessantes aus dem SalzburgerLand","publisher":{"@id":"https:\/\/www.salzburgerland.com\/de\/magazin\/#organization"},"potentialAction":[{"@type":"SearchAction","target":{"@type":"EntryPoint","urlTemplate":"https:\/\/www.salzburgerland.com\/de\/magazin\/?s={search_term_string}"},"query-input":{"@type":"PropertyValueSpecification","valueRequired":true,"valueName":"search_term_string"}}],"inLanguage":"de"},{"@type":"Organization","@id":"https:\/\/www.salzburgerland.com\/de\/magazin\/#organization","name":"SalzburgerLand Tourismus","url":"https:\/\/www.salzburgerland.com\/de\/magazin\/","logo":{"@type":"ImageObject","inLanguage":"de","@id":"https:\/\/www.salzburgerland.com\/de\/magazin\/#\/schema\/logo\/image\/","url":"https:\/\/www.salzburgerland.com\/de\/magazin\/wp-content\/uploads\/2019\/06\/salzburgerland-logo1.jpg","contentUrl":"https:\/\/www.salzburgerland.com\/de\/magazin\/wp-content\/uploads\/2019\/06\/salzburgerland-logo1.jpg","width":2011,"height":866,"caption":"SalzburgerLand Tourismus"},"image":{"@id":"https:\/\/www.salzburgerland.com\/de\/magazin\/#\/schema\/logo\/image\/"},"sameAs":["https:\/\/www.facebook.com\/salzburgerland\/","https:\/\/x.com\/Salzburgerland","https:\/\/www.instagram.com\/salzburgerland\/","https:\/\/at.linkedin.com\/company\/salzburgerland-tourismus-gmbh","https:\/\/www.pinterest.at\/salzburgerland\/","https:\/\/www.youtube.com\/user\/salzburgerland","https:\/\/de.wikipedia.org\/wiki\/SalzburgerLand_Tourismus_GmbH"]},{"@type":"Person","@id":"https:\/\/www.salzburgerland.com\/de\/magazin\/#\/schema\/person\/a55a4fee1009b9e458d298480a18a9f7","name":"Ulli Hammerl","description":"Geboren und aufgewachsen in der Stadt Salzburg war Ulli Hammerl fr\u00fch bewusst, in einer der sch\u00f6nsten St\u00e4dte der Welt zu leben. So ist sie auch w\u00e4hrend ihres Studiums der Kommunikationswissenschaft und \u00d6kologie ihrer Heimatstadt treu geblieben. Gleich nach dem Studium ist sie zu SalzburgerLand Tourismus (SLTG) gegangen und hat hier von 1998 - 2004 u.a. die SalzburgerLand Card betreut. Dabei ist sie viel herumgekommen, wodurch auch die Liebe zum SalzburgerLand enstanden und gewachsen ist. Nach der Geburt ihrer Tochter im September 2004 hat sich Ulli Hammerl 2007 mit einer Agentur selbst\u00e4ndig gemacht. Mein pers\u00f6nlicher Logenplatz: Hoch \u00fcber Salzburg, abseits der stark begangenen Wege mit Blick auf die D\u00e4cher und Kircht\u00fcrme der Stadt \u2013 hier geht mir das Herz auf! Morgen- oder Abendmensch: Ganz klar: Morgenmensch. Wenn um 5.00 Uhr fr\u00fch die V\u00f6gel zwitschern und rund herum noch alles in tiefer Ruhe versinkt, dann ist meine Zeit. Ausgeschlafen, Energie geladen und voller Tatendrang starte ich am liebsten in den fr\u00fchen Morgenstunden in den Tag. Daf\u00fcr kann man nach 21.00 Uhr nicht mehr mit mir rechnen. Buch oder Film: Es gibt nichts Sch\u00f6neres, als es sich am Ende des Tages auf der Couch gem\u00fctlich zu machen und in die Gedankenwelt eines guten Buches einzutauchen \u2013 Lesen ist Abenteuer im Kopf. Wandern, Spazierengehen oder Laufen: alles drei und zwar am besten jeden Tag. Mit ein bisschen Zeiteinteilung geht es sich tats\u00e4chlich fast gehen Tag aus, drau\u00dfen unterwegs zu sein. Fr\u00fchling, Sommer, Herbst oder Winter: Ich kann es im Fr\u00fchling kaum erwarten, die ersten Gr\u00fcnschattierungen in der Natur zu entdecken. Ich liebe hei\u00dfe Sommertage am See und laue Sommerabende am Balkon. Ich mag es, wenn im Herbst die W\u00e4lder in einem Meer aus Farben erstrahlen, Laubrascheln und Kastanien sammeln. Und ich freue mich wie ein Kind, wenn im Dezember die ersten Schneeflocken vom Himmel schweben. Die vier Jahreszeiten sind etwas Wunderbares.","url":"https:\/\/www.salzburgerland.com\/de\/magazin\/author\/ulli-hammerl\/"}]}},"_wl_alt_label":[],"wl:entity_url":"http:\/\/open.salzburgerland.com\/magazin\/post\/huettenwinter_im_grossarltal","_links":{"self":[{"href":"https:\/\/www.salzburgerland.com\/de\/magazin\/wp-json\/wp\/v2\/posts\/112085","targetHints":{"allow":["GET"]}}],"collection":[{"href":"https:\/\/www.salzburgerland.com\/de\/magazin\/wp-json\/wp\/v2\/posts"}],"about":[{"href":"https:\/\/www.salzburgerland.com\/de\/magazin\/wp-json\/wp\/v2\/types\/post"}],"author":[{"embeddable":true,"href":"https:\/\/www.salzburgerland.com\/de\/magazin\/wp-json\/wp\/v2\/users\/90"}],"replies":[{"embeddable":true,"href":"https:\/\/www.salzburgerland.com\/de\/magazin\/wp-json\/wp\/v2\/comments?post=112085"}],"version-history":[{"count":0,"href":"https:\/\/www.salzburgerland.com\/de\/magazin\/wp-json\/wp\/v2\/posts\/112085\/revisions"}],"wp:featuredmedia":[{"embeddable":true,"href":"https:\/\/www.salzburgerland.com\/de\/magazin\/wp-json\/wp\/v2\/media\/112089"}],"wp:attachment":[{"href":"https:\/\/www.salzburgerland.com\/de\/magazin\/wp-json\/wp\/v2\/media?parent=112085"}],"wp:term":[{"taxonomy":"category","embeddable":true,"href":"https:\/\/www.salzburgerland.com\/de\/magazin\/wp-json\/wp\/v2\/categories?post=112085"},{"taxonomy":"post_tag","embeddable":true,"href":"https:\/\/www.salzburgerland.com\/de\/magazin\/wp-json\/wp\/v2\/tags?post=112085"},{"taxonomy":"wl_entity_type","embeddable":true,"href":"https:\/\/www.salzburgerland.com\/de\/magazin\/wp-json\/wp\/v2\/wl_entity_type?post=112085"},{"taxonomy":"monatsauswahl","embeddable":true,"href":"https:\/\/www.salzburgerland.com\/de\/magazin\/wp-json\/wp\/v2\/monatsauswahl?post=112085"}],"curies":[{"name":"wp","href":"https:\/\/api.w.org\/{rel}","templated":true}]}}