{"id":111881,"date":"2017-01-10T09:00:47","date_gmt":"2017-01-10T08:00:47","guid":{"rendered":"http:\/\/magazin.salzburgerland.com\/?p=111881"},"modified":"2017-01-10T17:31:13","modified_gmt":"2017-01-10T16:31:13","slug":"lisa-zimmermann-im-portraet","status":"publish","type":"post","link":"https:\/\/www.salzburgerland.com\/de\/magazin\/lisa-zimmermann-im-portraet\/","title":{"rendered":"Lisa Zimmermann im Portr\u00e4t"},"content":{"rendered":"<p><em><strong>Lisa Zimmermann geh\u00f6rt zu den besten Freeskierinnen weltweit und konnte bisher einen Weltmeistertitel und mehrere Siege im Big-Air-Weltcup f\u00fcr sich verbuchen. Den Grundstein f\u00fcr ihre Erfolge hat sie auch im <a href=\"http:\/\/salzburgerland.com\" target=\"_blank\">SalzburgerLand<\/a> gelegt. Der <a href=\"http:\/\/www.absolutpark.com\" target=\"_blank\">Absolut Park<\/a> in Flachauwinkel z\u00e4hlt zu ihren Lieblingsparks in Europa, hier trainiert sie regelm\u00e4\u00dfig ihre Spr\u00fcnge und Tricks in der Luft.<\/strong><\/em><\/p>\n<p>Die geborene N\u00fcrnbergerin hatte eigentlich eine gro\u00dfe Eislaufkarriere vor sich. Bis sie mit 10 Jahren zum ersten Mal mit ihrem Vater und ihren Bruder in die \u00f6sterreichischen Berge zum Skifahren fuhr und die Liebe f\u00fcr die zwei Bretter entdeckte. Von Anfang an war der Funpark ihr bevorzugtes Terrain. Die Spr\u00fcnge und Drehungen in der Luft kannte sie schon vom Eislaufen, daher tat sie sich von Anfang an leicht. Tricks, die andere Freeskier monatelang \u00fcben mussten, beherrschte sie aus dem Stehgreif. Daf\u00fcr blieb die Skitechnik auf der Piste ein wenig zur\u00fcck. \u201eIch glaube, ich kann bis heute nicht richtig Ski fahren, ich bin noch nie einen Slalom gefahren\u201c, erkl\u00e4rt sie. Das muss sie im Funpark auch nicht. Sie fuhr jedes Wochenende mit ihrem Bruder in die Berge, anfangs mit dem Zug, sp\u00e4ter mit dem Auto und begann erfolgreich an den ersten Wettbewerben teilzunehmen.<\/p>\n<p><a href=\"https:\/\/www.salzburgerland.com\/de\/magazin\/wp-content\/uploads\/2016\/12\/AN_3791.jpg\"><img loading=\"lazy\" decoding=\"async\" class=\"alignnone size-singlePost wp-image-111884\" src=\"https:\/\/www.salzburgerland.com\/de\/magazin\/wp-content\/uploads\/2016\/12\/AN_3791-650x435.jpg\" alt=\"_an_3791\" width=\"650\" height=\"435\" \/><\/a><\/p>\n<h3><strong>Absolut Park als Homebase<\/strong><\/h3>\n<p>Sie konnte sich Jahr f\u00fcr Jahr verbessern und entdeckte dann den Absolut Park in Flachauwinkel f\u00fcr sich. \u201eIch wei\u00df nicht genau warum, aber ich habe hier sehr schnell, viele Leute kennengelernt und mich von Anfang an wohl gef\u00fchlt\u201c, so Lisa Zimmermann weiter. Darum hat sie sich auch entschlossen in den n\u00e4chsten Monaten ihren Hauptwohnsitz nach Altenmarkt zu verlegen. Hier hat sie die Berge vor der Haust\u00fcre und auch der Absolut Park ist nur einen Steinwurf entfernt. Im Sommer hat sie hier ebenso viele M\u00f6glichkeiten ihr Training zu gestalten. Dabei zieht sie die Natur dem Fitnessstudio vor. Sei es Klettern, Beachvolleyball oder Surfen, sie nutzt viele andere Outdoorsportarten, um sich auf den Winter vorzubereiten.<\/p>\n<p><a href=\"https:\/\/www.salzburgerland.com\/de\/magazin\/wp-content\/uploads\/2016\/12\/AN_3752.jpg\"><img loading=\"lazy\" decoding=\"async\" class=\"alignnone size-singlePost wp-image-111882\" src=\"https:\/\/www.salzburgerland.com\/de\/magazin\/wp-content\/uploads\/2016\/12\/AN_3752-650x435.jpg\" alt=\"_an_3752\" width=\"650\" height=\"435\" \/><\/a><\/p>\n<h3><strong>Ziel: Medaille bei Olympia<\/strong><\/h3>\n<p>Nach dem WM-Titel und den Weltcupsiegen bleibt f\u00fcr sie nur noch ein gro\u00dfes Ziel: Eine Medaille bei den n\u00e4chsten olympischen Spielen in S\u00fcdkorea 2018. Bis dahin hei\u00dft es f\u00fcr sie noch viel Trainieren und neue Tricks lernen. Mit dem Absolut Park vor der T\u00fcr sollte das kein Problem sein.<\/p>\n<p>Fotos \u00a9:<a href=\"http:\/\/heikomandl.at\">heikomandl.at<\/a><\/p>\n<p><span style=\"border-radius: 2px; text-indent: 20px; width: auto; padding: 0px 4px 0px 0px; text-align: center; font: bold 11px\/20px 'Helvetica Neue',Helvetica,sans-serif; color: #ffffff; background: #bd081c  no-repeat scroll 3px 50% \/ 14px 14px; position: absolute; opacity: 1; z-index: 8675309; display: none; cursor: pointer;\">Merken<\/span><\/p>\n","protected":false},"excerpt":{"rendered":"<p>Lisa Zimmermann geh\u00f6rt zu den besten Freeskierinnen weltweit und konnte bisher einen Weltmeistertitel und mehrere Siege im Big-Air-Weltcup f\u00fcr sich verbuchen. Den Grundstein f\u00fcr ihre Erfolge hat sie auch im SalzburgerLand gelegt. Der Absolut Park in Flachauwinkel z\u00e4hlt zu ihren Lieblingsparks in Europa, hier trainiert sie regelm\u00e4\u00dfig ihre Spr\u00fcnge und Tricks in der Luft. Die [&hellip;]<\/p>\n","protected":false},"author":10,"featured_media":111883,"comment_status":"open","ping_status":"open","sticky":false,"template":"","format":"standard","meta":{"_acf_changed":false,"wl_entities_gutenberg":"","_wl_entity_redirect_enabled":"","footnotes":""},"categories":[8],"tags":[],"wl_entity_type":[306],"monatsauswahl":[82,83,84,85,91,92,93],"class_list":["post-111881","post","type-post","status-publish","format-standard","has-post-thumbnail","hentry","category-outdoor-sport","wl_entity_type-article","monatsauswahl-monat_1","monatsauswahl-monat_2","monatsauswahl-monat_3","monatsauswahl-monat_4","monatsauswahl-monat_10","monatsauswahl-monat_11","monatsauswahl-monat_12"],"acf":[],"yoast_head":"<!-- This site is optimized with the Yoast SEO Premium plugin v27.4 (Yoast SEO v27.4) - https:\/\/yoast.com\/product\/yoast-seo-premium-wordpress\/ -->\n<title>Lisa Zimmermann im Portr\u00e4t - SalzburgerLand Magazin<\/title>\n<meta name=\"description\" content=\"Lisa Zimmermann geh\u00f6rt zu den besten Freeskierinnen weltweit und konnte bisher einen Weltmeistertitel und mehrere Siege im Big-Air-Weltcup f\u00fcr sich verbuchen. Den Grundstein f\u00fcr ihre Erfolge hat sie auch im SalzburgerLand gelegt. Der Absolut Park in Flachauwinkel z\u00e4hlt zu ihren Lieblingsparks in Europa, hier trainiert sie regelm\u00e4\u00dfig ihre Spr\u00fcnge und Tricks in der Luft. Die [&hellip;]\" \/>\n<meta name=\"robots\" content=\"index, follow, max-snippet:-1, max-image-preview:large, max-video-preview:-1\" \/>\n<link rel=\"canonical\" href=\"https:\/\/www.salzburgerland.com\/de\/magazin\/lisa-zimmermann-im-portraet\/\" \/>\n<meta property=\"og:locale\" content=\"de_DE\" \/>\n<meta property=\"og:type\" content=\"article\" \/>\n<meta property=\"og:title\" content=\"Lisa Zimmermann im Portr\u00e4t\" \/>\n<meta property=\"og:description\" content=\"Lisa Zimmermann geh\u00f6rt zu den besten Freeskierinnen weltweit und konnte bisher einen Weltmeistertitel und mehrere Siege im Big-Air-Weltcup f\u00fcr sich verbuchen. Den Grundstein f\u00fcr ihre Erfolge hat sie auch im SalzburgerLand gelegt. Der Absolut Park in Flachauwinkel z\u00e4hlt zu ihren Lieblingsparks in Europa, hier trainiert sie regelm\u00e4\u00dfig ihre Spr\u00fcnge und Tricks in der Luft. Die [&hellip;]\" \/>\n<meta property=\"og:url\" content=\"https:\/\/www.salzburgerland.com\/de\/magazin\/lisa-zimmermann-im-portraet\/\" \/>\n<meta property=\"og:site_name\" content=\"SalzburgerLand Magazin\" \/>\n<meta property=\"article:publisher\" content=\"https:\/\/www.facebook.com\/salzburgerland\/\" \/>\n<meta property=\"article:published_time\" content=\"2017-01-10T08:00:47+00:00\" \/>\n<meta property=\"article:modified_time\" content=\"2017-01-10T16:31:13+00:00\" \/>\n<meta property=\"og:image\" content=\"https:\/\/www.salzburgerland.com\/de\/magazin\/wp-content\/uploads\/2016\/12\/AN_3764.jpg\" \/>\n\t<meta property=\"og:image:width\" content=\"1600\" \/>\n\t<meta property=\"og:image:height\" content=\"1067\" \/>\n\t<meta property=\"og:image:type\" content=\"image\/jpeg\" \/>\n<meta name=\"author\" content=\"Heiko Mandl\" \/>\n<meta name=\"twitter:card\" content=\"summary_large_image\" \/>\n<meta name=\"twitter:creator\" content=\"@Salzburgerland\" \/>\n<meta name=\"twitter:site\" content=\"@Salzburgerland\" \/>\n<meta name=\"twitter:label1\" content=\"Verfasst von\" \/>\n\t<meta name=\"twitter:data1\" content=\"Heiko Mandl\" \/>\n\t<meta name=\"twitter:label2\" content=\"Gesch\u00e4tzte Lesezeit\" \/>\n\t<meta name=\"twitter:data2\" content=\"2\u00a0Minuten\" \/>\n<script type=\"application\/ld+json\" class=\"yoast-schema-graph\">{\"@context\":\"https:\\\/\\\/schema.org\",\"@graph\":[{\"@type\":\"Article\",\"@id\":\"https:\\\/\\\/www.salzburgerland.com\\\/de\\\/magazin\\\/lisa-zimmermann-im-portraet\\\/#article\",\"isPartOf\":{\"@id\":\"https:\\\/\\\/www.salzburgerland.com\\\/de\\\/magazin\\\/lisa-zimmermann-im-portraet\\\/\"},\"author\":{\"name\":\"Heiko Mandl\",\"@id\":\"https:\\\/\\\/www.salzburgerland.com\\\/de\\\/magazin\\\/#\\\/schema\\\/person\\\/8871c7c764fce6ea66752310e7fe9e98\"},\"headline\":\"Lisa Zimmermann im Portr\u00e4t\",\"datePublished\":\"2017-01-10T08:00:47+00:00\",\"dateModified\":\"2017-01-10T16:31:13+00:00\",\"mainEntityOfPage\":{\"@id\":\"https:\\\/\\\/www.salzburgerland.com\\\/de\\\/magazin\\\/lisa-zimmermann-im-portraet\\\/\"},\"wordCount\":400,\"commentCount\":0,\"publisher\":{\"@id\":\"https:\\\/\\\/www.salzburgerland.com\\\/de\\\/magazin\\\/#organization\"},\"image\":{\"@id\":\"https:\\\/\\\/www.salzburgerland.com\\\/de\\\/magazin\\\/lisa-zimmermann-im-portraet\\\/#primaryimage\"},\"thumbnailUrl\":\"https:\\\/\\\/www.salzburgerland.com\\\/de\\\/magazin\\\/wp-content\\\/uploads\\\/2016\\\/12\\\/AN_3764.jpg\",\"articleSection\":[\"Outdoor &amp; Sport\"],\"inLanguage\":\"de\",\"potentialAction\":[{\"@type\":\"CommentAction\",\"name\":\"Comment\",\"target\":[\"https:\\\/\\\/www.salzburgerland.com\\\/de\\\/magazin\\\/lisa-zimmermann-im-portraet\\\/#respond\"]}]},{\"@type\":\"WebPage\",\"@id\":\"https:\\\/\\\/www.salzburgerland.com\\\/de\\\/magazin\\\/lisa-zimmermann-im-portraet\\\/\",\"url\":\"https:\\\/\\\/www.salzburgerland.com\\\/de\\\/magazin\\\/lisa-zimmermann-im-portraet\\\/\",\"name\":\"Lisa Zimmermann im Portr\u00e4t - SalzburgerLand Magazin\",\"isPartOf\":{\"@id\":\"https:\\\/\\\/www.salzburgerland.com\\\/de\\\/magazin\\\/#website\"},\"primaryImageOfPage\":{\"@id\":\"https:\\\/\\\/www.salzburgerland.com\\\/de\\\/magazin\\\/lisa-zimmermann-im-portraet\\\/#primaryimage\"},\"image\":{\"@id\":\"https:\\\/\\\/www.salzburgerland.com\\\/de\\\/magazin\\\/lisa-zimmermann-im-portraet\\\/#primaryimage\"},\"thumbnailUrl\":\"https:\\\/\\\/www.salzburgerland.com\\\/de\\\/magazin\\\/wp-content\\\/uploads\\\/2016\\\/12\\\/AN_3764.jpg\",\"datePublished\":\"2017-01-10T08:00:47+00:00\",\"dateModified\":\"2017-01-10T16:31:13+00:00\",\"breadcrumb\":{\"@id\":\"https:\\\/\\\/www.salzburgerland.com\\\/de\\\/magazin\\\/lisa-zimmermann-im-portraet\\\/#breadcrumb\"},\"inLanguage\":\"de\",\"potentialAction\":[{\"@type\":\"ReadAction\",\"target\":[\"https:\\\/\\\/www.salzburgerland.com\\\/de\\\/magazin\\\/lisa-zimmermann-im-portraet\\\/\"]}]},{\"@type\":\"ImageObject\",\"inLanguage\":\"de\",\"@id\":\"https:\\\/\\\/www.salzburgerland.com\\\/de\\\/magazin\\\/lisa-zimmermann-im-portraet\\\/#primaryimage\",\"url\":\"https:\\\/\\\/www.salzburgerland.com\\\/de\\\/magazin\\\/wp-content\\\/uploads\\\/2016\\\/12\\\/AN_3764.jpg\",\"contentUrl\":\"https:\\\/\\\/www.salzburgerland.com\\\/de\\\/magazin\\\/wp-content\\\/uploads\\\/2016\\\/12\\\/AN_3764.jpg\",\"width\":1600,\"height\":1067,\"caption\":\"An einem sonnigen Wintertag schleift ein Skifahrer in der Luft eine gelbe Schiene in einem Snowpark.\"},{\"@type\":\"BreadcrumbList\",\"@id\":\"https:\\\/\\\/www.salzburgerland.com\\\/de\\\/magazin\\\/lisa-zimmermann-im-portraet\\\/#breadcrumb\",\"itemListElement\":[{\"@type\":\"ListItem\",\"position\":1,\"name\":\"Startseite\",\"item\":\"https:\\\/\\\/www.salzburgerland.com\\\/de\\\/magazin\\\/\"},{\"@type\":\"ListItem\",\"position\":2,\"name\":\"Outdoor &amp; Sport\",\"item\":\"https:\\\/\\\/www.salzburgerland.com\\\/de\\\/magazin\\\/thema\\\/outdoor-sport\\\/\"},{\"@type\":\"ListItem\",\"position\":3,\"name\":\"Lisa Zimmermann im Portr\u00e4t\"}]},{\"@type\":\"WebSite\",\"@id\":\"https:\\\/\\\/www.salzburgerland.com\\\/de\\\/magazin\\\/#website\",\"url\":\"https:\\\/\\\/www.salzburgerland.com\\\/de\\\/magazin\\\/\",\"name\":\"SalzburgerLand Magazin\",\"description\":\"Geschichten und Interessantes aus dem SalzburgerLand\",\"publisher\":{\"@id\":\"https:\\\/\\\/www.salzburgerland.com\\\/de\\\/magazin\\\/#organization\"},\"potentialAction\":[{\"@type\":\"SearchAction\",\"target\":{\"@type\":\"EntryPoint\",\"urlTemplate\":\"https:\\\/\\\/www.salzburgerland.com\\\/de\\\/magazin\\\/?s={search_term_string}\"},\"query-input\":{\"@type\":\"PropertyValueSpecification\",\"valueRequired\":true,\"valueName\":\"search_term_string\"}}],\"inLanguage\":\"de\"},{\"@type\":\"Organization\",\"@id\":\"https:\\\/\\\/www.salzburgerland.com\\\/de\\\/magazin\\\/#organization\",\"name\":\"SalzburgerLand Tourismus\",\"url\":\"https:\\\/\\\/www.salzburgerland.com\\\/de\\\/magazin\\\/\",\"logo\":{\"@type\":\"ImageObject\",\"inLanguage\":\"de\",\"@id\":\"https:\\\/\\\/www.salzburgerland.com\\\/de\\\/magazin\\\/#\\\/schema\\\/logo\\\/image\\\/\",\"url\":\"https:\\\/\\\/www.salzburgerland.com\\\/de\\\/magazin\\\/wp-content\\\/uploads\\\/2019\\\/06\\\/salzburgerland-logo1.jpg\",\"contentUrl\":\"https:\\\/\\\/www.salzburgerland.com\\\/de\\\/magazin\\\/wp-content\\\/uploads\\\/2019\\\/06\\\/salzburgerland-logo1.jpg\",\"width\":2011,\"height\":866,\"caption\":\"SalzburgerLand Tourismus\"},\"image\":{\"@id\":\"https:\\\/\\\/www.salzburgerland.com\\\/de\\\/magazin\\\/#\\\/schema\\\/logo\\\/image\\\/\"},\"sameAs\":[\"https:\\\/\\\/www.facebook.com\\\/salzburgerland\\\/\",\"https:\\\/\\\/x.com\\\/Salzburgerland\",\"https:\\\/\\\/www.instagram.com\\\/salzburgerland\\\/\",\"https:\\\/\\\/at.linkedin.com\\\/company\\\/salzburgerland-tourismus-gmbh\",\"https:\\\/\\\/www.pinterest.at\\\/salzburgerland\\\/\",\"https:\\\/\\\/www.youtube.com\\\/user\\\/salzburgerland\",\"https:\\\/\\\/de.wikipedia.org\\\/wiki\\\/SalzburgerLand_Tourismus_GmbH\"]},{\"@type\":\"Person\",\"@id\":\"https:\\\/\\\/www.salzburgerland.com\\\/de\\\/magazin\\\/#\\\/schema\\\/person\\\/8871c7c764fce6ea66752310e7fe9e98\",\"name\":\"Heiko Mandl\",\"description\":\"Heiko Mandl, geboren 1976 in Salzburg, ist durch den Journalismus zur Fotografie gekommen und ist seit zehn Jahren als selbstst\u00e4ndiger Fotograf und Autor in Salzburg t\u00e4tig. Schon von Kindheit an haben ihn die Berge vor seiner Haust\u00fcr fasziniert. Heute z\u00e4hlen sie unter anderem zu seinem Arbeitsplatz. Er arbeitet f\u00fcr internationale Outdoor- und Reisemagazine sowie zahlreiche Firmen und Agenturen. Luxushotel oder Almh\u00fctte: Ich kann beides genie\u00dfen und ich gehe das nach dem Motto: Alles zur richtigen Zeit und zur passenden Gelegenheit an. Wandern oder Laufen: Auf jeden Fall wandern, ist gem\u00fctlicher und man kann sich mehr auf die Umgebung konzentrieren. Golfplatz oder Klettergarten: Klettergarten, zumindest noch die n\u00e4chsten 20 Jahre. Fr\u00fchling, sommer, herbst oder Winter? Fr\u00fchling und Sommer und Herbst und Winter! Im SalzburgerLand ist es das ganze Jahr traumhaft sch\u00f6n. Wellness oder Mountainbike? Zuerst eine Runde mit dem Mountainbike und dann ab in den Wellnesstempel. Das eine schlie\u00dft das andere nicht aus!\",\"url\":\"https:\\\/\\\/www.salzburgerland.com\\\/de\\\/magazin\\\/author\\\/heiko-mandl\\\/\"}]}<\/script>\n<!-- \/ Yoast SEO Premium plugin. -->","yoast_head_json":{"title":"Lisa Zimmermann im Portr\u00e4t - SalzburgerLand Magazin","description":"Lisa Zimmermann geh\u00f6rt zu den besten Freeskierinnen weltweit und konnte bisher einen Weltmeistertitel und mehrere Siege im Big-Air-Weltcup f\u00fcr sich verbuchen. Den Grundstein f\u00fcr ihre Erfolge hat sie auch im SalzburgerLand gelegt. Der Absolut Park in Flachauwinkel z\u00e4hlt zu ihren Lieblingsparks in Europa, hier trainiert sie regelm\u00e4\u00dfig ihre Spr\u00fcnge und Tricks in der Luft. Die [&hellip;]","robots":{"index":"index","follow":"follow","max-snippet":"max-snippet:-1","max-image-preview":"max-image-preview:large","max-video-preview":"max-video-preview:-1"},"canonical":"https:\/\/www.salzburgerland.com\/de\/magazin\/lisa-zimmermann-im-portraet\/","og_locale":"de_DE","og_type":"article","og_title":"Lisa Zimmermann im Portr\u00e4t","og_description":"Lisa Zimmermann geh\u00f6rt zu den besten Freeskierinnen weltweit und konnte bisher einen Weltmeistertitel und mehrere Siege im Big-Air-Weltcup f\u00fcr sich verbuchen. Den Grundstein f\u00fcr ihre Erfolge hat sie auch im SalzburgerLand gelegt. Der Absolut Park in Flachauwinkel z\u00e4hlt zu ihren Lieblingsparks in Europa, hier trainiert sie regelm\u00e4\u00dfig ihre Spr\u00fcnge und Tricks in der Luft. Die [&hellip;]","og_url":"https:\/\/www.salzburgerland.com\/de\/magazin\/lisa-zimmermann-im-portraet\/","og_site_name":"SalzburgerLand Magazin","article_publisher":"https:\/\/www.facebook.com\/salzburgerland\/","article_published_time":"2017-01-10T08:00:47+00:00","article_modified_time":"2017-01-10T16:31:13+00:00","og_image":[{"width":1600,"height":1067,"url":"https:\/\/www.salzburgerland.com\/de\/magazin\/wp-content\/uploads\/2016\/12\/AN_3764.jpg","type":"image\/jpeg"}],"author":"Heiko Mandl","twitter_card":"summary_large_image","twitter_creator":"@Salzburgerland","twitter_site":"@Salzburgerland","twitter_misc":{"Verfasst von":"Heiko Mandl","Gesch\u00e4tzte Lesezeit":"2\u00a0Minuten"},"schema":{"@context":"https:\/\/schema.org","@graph":[{"@type":"Article","@id":"https:\/\/www.salzburgerland.com\/de\/magazin\/lisa-zimmermann-im-portraet\/#article","isPartOf":{"@id":"https:\/\/www.salzburgerland.com\/de\/magazin\/lisa-zimmermann-im-portraet\/"},"author":{"name":"Heiko Mandl","@id":"https:\/\/www.salzburgerland.com\/de\/magazin\/#\/schema\/person\/8871c7c764fce6ea66752310e7fe9e98"},"headline":"Lisa Zimmermann im Portr\u00e4t","datePublished":"2017-01-10T08:00:47+00:00","dateModified":"2017-01-10T16:31:13+00:00","mainEntityOfPage":{"@id":"https:\/\/www.salzburgerland.com\/de\/magazin\/lisa-zimmermann-im-portraet\/"},"wordCount":400,"commentCount":0,"publisher":{"@id":"https:\/\/www.salzburgerland.com\/de\/magazin\/#organization"},"image":{"@id":"https:\/\/www.salzburgerland.com\/de\/magazin\/lisa-zimmermann-im-portraet\/#primaryimage"},"thumbnailUrl":"https:\/\/www.salzburgerland.com\/de\/magazin\/wp-content\/uploads\/2016\/12\/AN_3764.jpg","articleSection":["Outdoor &amp; Sport"],"inLanguage":"de","potentialAction":[{"@type":"CommentAction","name":"Comment","target":["https:\/\/www.salzburgerland.com\/de\/magazin\/lisa-zimmermann-im-portraet\/#respond"]}]},{"@type":"WebPage","@id":"https:\/\/www.salzburgerland.com\/de\/magazin\/lisa-zimmermann-im-portraet\/","url":"https:\/\/www.salzburgerland.com\/de\/magazin\/lisa-zimmermann-im-portraet\/","name":"Lisa Zimmermann im Portr\u00e4t - SalzburgerLand Magazin","isPartOf":{"@id":"https:\/\/www.salzburgerland.com\/de\/magazin\/#website"},"primaryImageOfPage":{"@id":"https:\/\/www.salzburgerland.com\/de\/magazin\/lisa-zimmermann-im-portraet\/#primaryimage"},"image":{"@id":"https:\/\/www.salzburgerland.com\/de\/magazin\/lisa-zimmermann-im-portraet\/#primaryimage"},"thumbnailUrl":"https:\/\/www.salzburgerland.com\/de\/magazin\/wp-content\/uploads\/2016\/12\/AN_3764.jpg","datePublished":"2017-01-10T08:00:47+00:00","dateModified":"2017-01-10T16:31:13+00:00","breadcrumb":{"@id":"https:\/\/www.salzburgerland.com\/de\/magazin\/lisa-zimmermann-im-portraet\/#breadcrumb"},"inLanguage":"de","potentialAction":[{"@type":"ReadAction","target":["https:\/\/www.salzburgerland.com\/de\/magazin\/lisa-zimmermann-im-portraet\/"]}]},{"@type":"ImageObject","inLanguage":"de","@id":"https:\/\/www.salzburgerland.com\/de\/magazin\/lisa-zimmermann-im-portraet\/#primaryimage","url":"https:\/\/www.salzburgerland.com\/de\/magazin\/wp-content\/uploads\/2016\/12\/AN_3764.jpg","contentUrl":"https:\/\/www.salzburgerland.com\/de\/magazin\/wp-content\/uploads\/2016\/12\/AN_3764.jpg","width":1600,"height":1067,"caption":"An einem sonnigen Wintertag schleift ein Skifahrer in der Luft eine gelbe Schiene in einem Snowpark."},{"@type":"BreadcrumbList","@id":"https:\/\/www.salzburgerland.com\/de\/magazin\/lisa-zimmermann-im-portraet\/#breadcrumb","itemListElement":[{"@type":"ListItem","position":1,"name":"Startseite","item":"https:\/\/www.salzburgerland.com\/de\/magazin\/"},{"@type":"ListItem","position":2,"name":"Outdoor &amp; Sport","item":"https:\/\/www.salzburgerland.com\/de\/magazin\/thema\/outdoor-sport\/"},{"@type":"ListItem","position":3,"name":"Lisa Zimmermann im Portr\u00e4t"}]},{"@type":"WebSite","@id":"https:\/\/www.salzburgerland.com\/de\/magazin\/#website","url":"https:\/\/www.salzburgerland.com\/de\/magazin\/","name":"SalzburgerLand Magazin","description":"Geschichten und Interessantes aus dem SalzburgerLand","publisher":{"@id":"https:\/\/www.salzburgerland.com\/de\/magazin\/#organization"},"potentialAction":[{"@type":"SearchAction","target":{"@type":"EntryPoint","urlTemplate":"https:\/\/www.salzburgerland.com\/de\/magazin\/?s={search_term_string}"},"query-input":{"@type":"PropertyValueSpecification","valueRequired":true,"valueName":"search_term_string"}}],"inLanguage":"de"},{"@type":"Organization","@id":"https:\/\/www.salzburgerland.com\/de\/magazin\/#organization","name":"SalzburgerLand Tourismus","url":"https:\/\/www.salzburgerland.com\/de\/magazin\/","logo":{"@type":"ImageObject","inLanguage":"de","@id":"https:\/\/www.salzburgerland.com\/de\/magazin\/#\/schema\/logo\/image\/","url":"https:\/\/www.salzburgerland.com\/de\/magazin\/wp-content\/uploads\/2019\/06\/salzburgerland-logo1.jpg","contentUrl":"https:\/\/www.salzburgerland.com\/de\/magazin\/wp-content\/uploads\/2019\/06\/salzburgerland-logo1.jpg","width":2011,"height":866,"caption":"SalzburgerLand Tourismus"},"image":{"@id":"https:\/\/www.salzburgerland.com\/de\/magazin\/#\/schema\/logo\/image\/"},"sameAs":["https:\/\/www.facebook.com\/salzburgerland\/","https:\/\/x.com\/Salzburgerland","https:\/\/www.instagram.com\/salzburgerland\/","https:\/\/at.linkedin.com\/company\/salzburgerland-tourismus-gmbh","https:\/\/www.pinterest.at\/salzburgerland\/","https:\/\/www.youtube.com\/user\/salzburgerland","https:\/\/de.wikipedia.org\/wiki\/SalzburgerLand_Tourismus_GmbH"]},{"@type":"Person","@id":"https:\/\/www.salzburgerland.com\/de\/magazin\/#\/schema\/person\/8871c7c764fce6ea66752310e7fe9e98","name":"Heiko Mandl","description":"Heiko Mandl, geboren 1976 in Salzburg, ist durch den Journalismus zur Fotografie gekommen und ist seit zehn Jahren als selbstst\u00e4ndiger Fotograf und Autor in Salzburg t\u00e4tig. Schon von Kindheit an haben ihn die Berge vor seiner Haust\u00fcr fasziniert. Heute z\u00e4hlen sie unter anderem zu seinem Arbeitsplatz. Er arbeitet f\u00fcr internationale Outdoor- und Reisemagazine sowie zahlreiche Firmen und Agenturen. Luxushotel oder Almh\u00fctte: Ich kann beides genie\u00dfen und ich gehe das nach dem Motto: Alles zur richtigen Zeit und zur passenden Gelegenheit an. Wandern oder Laufen: Auf jeden Fall wandern, ist gem\u00fctlicher und man kann sich mehr auf die Umgebung konzentrieren. Golfplatz oder Klettergarten: Klettergarten, zumindest noch die n\u00e4chsten 20 Jahre. Fr\u00fchling, sommer, herbst oder Winter? Fr\u00fchling und Sommer und Herbst und Winter! Im SalzburgerLand ist es das ganze Jahr traumhaft sch\u00f6n. Wellness oder Mountainbike? Zuerst eine Runde mit dem Mountainbike und dann ab in den Wellnesstempel. Das eine schlie\u00dft das andere nicht aus!","url":"https:\/\/www.salzburgerland.com\/de\/magazin\/author\/heiko-mandl\/"}]}},"_wl_alt_label":[],"wl:entity_url":"http:\/\/open.salzburgerland.com\/magazin\/post\/lisa_zimmermann_im_portraet","_links":{"self":[{"href":"https:\/\/www.salzburgerland.com\/de\/magazin\/wp-json\/wp\/v2\/posts\/111881","targetHints":{"allow":["GET"]}}],"collection":[{"href":"https:\/\/www.salzburgerland.com\/de\/magazin\/wp-json\/wp\/v2\/posts"}],"about":[{"href":"https:\/\/www.salzburgerland.com\/de\/magazin\/wp-json\/wp\/v2\/types\/post"}],"author":[{"embeddable":true,"href":"https:\/\/www.salzburgerland.com\/de\/magazin\/wp-json\/wp\/v2\/users\/10"}],"replies":[{"embeddable":true,"href":"https:\/\/www.salzburgerland.com\/de\/magazin\/wp-json\/wp\/v2\/comments?post=111881"}],"version-history":[{"count":0,"href":"https:\/\/www.salzburgerland.com\/de\/magazin\/wp-json\/wp\/v2\/posts\/111881\/revisions"}],"wp:featuredmedia":[{"embeddable":true,"href":"https:\/\/www.salzburgerland.com\/de\/magazin\/wp-json\/wp\/v2\/media\/111883"}],"wp:attachment":[{"href":"https:\/\/www.salzburgerland.com\/de\/magazin\/wp-json\/wp\/v2\/media?parent=111881"}],"wp:term":[{"taxonomy":"category","embeddable":true,"href":"https:\/\/www.salzburgerland.com\/de\/magazin\/wp-json\/wp\/v2\/categories?post=111881"},{"taxonomy":"post_tag","embeddable":true,"href":"https:\/\/www.salzburgerland.com\/de\/magazin\/wp-json\/wp\/v2\/tags?post=111881"},{"taxonomy":"wl_entity_type","embeddable":true,"href":"https:\/\/www.salzburgerland.com\/de\/magazin\/wp-json\/wp\/v2\/wl_entity_type?post=111881"},{"taxonomy":"monatsauswahl","embeddable":true,"href":"https:\/\/www.salzburgerland.com\/de\/magazin\/wp-json\/wp\/v2\/monatsauswahl?post=111881"}],"curies":[{"name":"wp","href":"https:\/\/api.w.org\/{rel}","templated":true}]}}