{"id":111703,"date":"2016-12-14T17:09:11","date_gmt":"2016-12-14T16:09:11","guid":{"rendered":"http:\/\/magazin.salzburgerland.com\/?p=111703"},"modified":"2024-11-08T15:44:59","modified_gmt":"2024-11-08T14:44:59","slug":"weihnachtsandacht-auf-der-einsiedelei-saalfelden","status":"publish","type":"post","link":"https:\/\/www.salzburgerland.com\/de\/magazin\/weihnachtsandacht-auf-der-einsiedelei-saalfelden\/","title":{"rendered":"Weihnachtsandacht auf der Einsiedelei Saalfelden"},"content":{"rendered":"<p><strong>Am 24. Dezember findet auf der Einsiedelei St. Georg am Palfen bei Saalfelden wieder eine\u00a0besinnliche\u00a0Weihnachtsandacht statt. Hoch oben auf einer der\u00a0letzten bewohnten Eremitagen Europas wird in ganz besonderer Atmosph\u00e4re das Fest der Liebe gefeiert. Eine wunderbare und einzigartige Einstimmung auf das Weihnachtsfest, die man so schnell nicht vergisst.\u00a0<\/strong><\/p>\n<p>Schon im 16. Jahrhundert war die Felsenh\u00f6hle in Saalfelden am Steinernen Meer, oberhalb vom Schloss Lichtenberg, ein beliebtes Pilgerziel. Die Menschen zog es hinauf zu einem\u00a0Bildnis des Heiligen Georg, dem Schutzpatron der Tiere, das in dieser H\u00f6hle zu sehen war.\u00a0Die Geschichte der\u00a0Einsiedelei am Palfen bei Saalfelden beginnt ein Jahrhundert sp\u00e4ter, als Thomas Pichler, ein Bauernsohn aus Embach, 1664 die Erlaubnis erh\u00e4lt, sich als Einsiedler in genau dieser H\u00f6hle unweit des Schlosses Lichtenberg niederzulassen. Er war es auch, der die H\u00f6hle mit dem Bildnis des Heiligen Georg zu einer Kapelle um- und ausbaute. 13 Jahre sp\u00e4ter, 1677, wurde schlie\u00dflich die Messlizenz gew\u00e4hrt \u2013 das hei\u00dft, ab diesem Zeitpunkt durften Eucharistiefeiern in der Felsenkapelle abgehalten\u00a0werden. Die eigentliche Einsiedelei, also die Behausung, wurde unterhalb der H\u00f6hle an den Felsen gebaut. Sie\u00a0verschmilzt optisch fast mit dem Fels, so eng schmiegt sie sich an den Berg. In rund 1400 Metern Seeh\u00f6he trotzt sie seit Jahrhunderten Wind und Wetter und ist bis heute ein Ort des R\u00fcckzugs und der Besinnung.<\/p>\n<p><img loading=\"lazy\" decoding=\"async\" class=\"alignnone size-singlePost wp-image-111706\" src=\"https:\/\/www.salzburgerland.com\/de\/magazin\/wp-content\/uploads\/2016\/12\/Einsiedelei_1-650x435.jpg\" alt=\"einsiedelei_1\" width=\"650\" height=\"435\" \/><\/p>\n<p><strong>Die feierliche Weihnachtsandacht am Heiligen Abend<\/strong><br \/>\nMit dem Gottesdienst auf der Einsiedelei Saalfelden findet der Advent\u00a0in <a href=\"http:\/\/www.saalfelden-leogang.com\/de\/\" target=\"_blank\" rel=\"noopener\">Saalfelden-Leogang<\/a> einen feierlichen Abschluss.\u00a0Die Heilig Abend-Andacht am 24. Dezember beginnt um 15.00 Uhr auf der Einsiedelei, nach einer gemeinsamen Wanderung hinauf zum Palfen. Eine gute halbe Stunde wandert man bis hinauf \u2013 und wird mit einem atemberaubenden Ausblick auf Saalfelden und das Kitzsteinhorn belohnt. Die Andacht selbst ist ein Erlebnis mit Seltenheitswert: Die festliche Andacht des Pfarrers, feierlich und besinnlich,\u00a0und im Hintergrund der\u00a0Winterwind, der in den B\u00e4umen fl\u00fcstert.\u00a0Wenn dann gem\u00e4chlich die D\u00e4mmerung heranzieht und unten im Tal die Lichter angehen, wenn Kerzen entz\u00fcndet werden und die Geistlichen vor der beeindruckenden\u00a0Felsenkulisse Worte des Friedens und der Liebe sprechen \u2013 dann beginnen nicht nur Kinderaugen zu strahlen.<\/p>\n<p><img loading=\"lazy\" decoding=\"async\" class=\"alignnone size-singlePost wp-image-111707\" src=\"https:\/\/www.salzburgerland.com\/de\/magazin\/wp-content\/uploads\/2016\/12\/Einsiedelei_2-650x435.jpg\" alt=\"einsiedelei_2\" width=\"650\" height=\"435\" \/><\/p>\n<p><strong>Der Eremit von Saalfelden<\/strong><br \/>\nDie Einsiedelei ist Teil der <a href=\"http:\/\/www.pfarre-saalfelden.at\" target=\"_blank\" rel=\"noopener\">Pfarre Saalfelden<\/a>, die Gottesdienste in der Eremitage \u00fcbernimmt\u00a0der Saalfeldner Pfarrer. An seiner Seite: Bruder Raimund von der Thannen. Der Benediktinerm\u00f6nch\u00a0aus dem Kloster St. Lambrecht lebt in den\u00a0Sommermonaten hoch oben in einer der letzten bewohnten Eremitage Europas als Eremit \u2013 ohne Strom, ohne flie\u00dfendes Wasser, daf\u00fcr mit sehr viel Ruhe. Er ist bereits der 32. Eremit der Einsiedelei Saalfelden. Als Einsiedler erh\u00e4lt Bruder Raimund kein Gehalt \u2013 weder von der Gemeinde noch von der Kirche. Er muss seinen Lebensunterhalt auf der Einsiedelei selbst bestreiten. Und obwohl die Eremiten am Palfen\u00a0ein karges, einfaches Leben f\u00fchren, gibt es immer wieder gen\u00fcgend Bewerber, wenn ein Einsiedler die Eremitage verl\u00e4sst. Vielleicht ist\u00a0es aber auch gerade das einfache Leben,\u00a0das f\u00fcr die Bewerber so verlockend ist.<\/p>\n<p><strong>Weihnachtsandacht auf der Einsiedelei Saalfelden<\/strong><br \/>\nWann: 24.12.<br \/>\nBeginn: 15.00 Uhr auf der Einsiedelei St. Georg am Palfen<br \/>\nHinkommen: Die Einsiedelei ist \u00fcber mehrere Routen\u00a0erreichbar, zum Beispiel vom Saalfeldner Ortsteil\u00a0Bachwinkl aus.<\/p>\n<p><em>Fotocredits: \u00a9 Saalfelden Leogang Touristik GmbH<\/em><\/p>\n<p><span style=\"border-radius: 2px; text-indent: 20px; width: auto; padding: 0px 4px 0px 0px; text-align: center; font: bold 11px\/20px 'Helvetica Neue',Helvetica,sans-serif; color: #ffffff; background: #bd081c  no-repeat scroll 3px 50% \/ 14px 14px; position: absolute; opacity: 1; z-index: 8675309; display: none; cursor: pointer; top: 380px; left: 20px;\">Merken<\/span><\/p>\n","protected":false},"excerpt":{"rendered":"<p>Am 24. Dezember findet auf der Einsiedelei St. Georg am Palfen bei Saalfelden wieder eine\u00a0besinnliche\u00a0Weihnachtsandacht statt. Hoch oben auf einer der\u00a0letzten bewohnten Eremitagen Europas wird in ganz besonderer Atmosph\u00e4re das Fest der Liebe gefeiert. Eine wunderbare und einzigartige Einstimmung auf das Weihnachtsfest, die man so schnell nicht vergisst.\u00a0 Schon im 16. Jahrhundert war die Felsenh\u00f6hle [&hellip;]<\/p>\n","protected":false},"author":333,"featured_media":111708,"comment_status":"open","ping_status":"open","sticky":false,"template":"","format":"standard","meta":{"_acf_changed":false,"wl_entities_gutenberg":"","_wl_entity_redirect_enabled":"","footnotes":""},"categories":[9],"tags":[],"wl_entity_type":[306],"monatsauswahl":[93],"class_list":["post-111703","post","type-post","status-publish","format-standard","has-post-thumbnail","hentry","category-sehenswurdig","wl_entity_type-article","monatsauswahl-monat_12"],"acf":[],"yoast_head":"<!-- This site is optimized with the Yoast SEO Premium plugin v27.4 (Yoast SEO v27.4) - https:\/\/yoast.com\/product\/yoast-seo-premium-wordpress\/ -->\n<title>Weihnachtsandacht auf der Einsiedelei Saalfelden - SalzburgerLand Magazin<\/title>\n<meta name=\"description\" content=\"Am 24. Dezember findet auf der Einsiedelei St. Georg am Palfen bei Saalfelden wieder eine\u00a0besinnliche\u00a0Weihnachtsandacht statt. Hoch oben auf einer der\u00a0letzten bewohnten Eremitagen Europas wird in ganz besonderer Atmosph\u00e4re das Fest der Liebe gefeiert. Eine wunderbare und einzigartige Einstimmung auf das Weihnachtsfest, die man so schnell nicht vergisst.\u00a0 Schon im 16. Jahrhundert war die Felsenh\u00f6hle [&hellip;]\" \/>\n<meta name=\"robots\" content=\"index, follow, max-snippet:-1, max-image-preview:large, max-video-preview:-1\" \/>\n<link rel=\"canonical\" href=\"https:\/\/www.salzburgerland.com\/de\/magazin\/weihnachtsandacht-auf-der-einsiedelei-saalfelden\/\" \/>\n<meta property=\"og:locale\" content=\"de_DE\" \/>\n<meta property=\"og:type\" content=\"article\" \/>\n<meta property=\"og:title\" content=\"Weihnachtsandacht auf der Einsiedelei Saalfelden\" \/>\n<meta property=\"og:description\" content=\"Am 24. Dezember findet auf der Einsiedelei St. Georg am Palfen bei Saalfelden wieder eine\u00a0besinnliche\u00a0Weihnachtsandacht statt. Hoch oben auf einer der\u00a0letzten bewohnten Eremitagen Europas wird in ganz besonderer Atmosph\u00e4re das Fest der Liebe gefeiert. Eine wunderbare und einzigartige Einstimmung auf das Weihnachtsfest, die man so schnell nicht vergisst.\u00a0 Schon im 16. Jahrhundert war die Felsenh\u00f6hle [&hellip;]\" \/>\n<meta property=\"og:url\" content=\"https:\/\/www.salzburgerland.com\/de\/magazin\/weihnachtsandacht-auf-der-einsiedelei-saalfelden\/\" \/>\n<meta property=\"og:site_name\" content=\"SalzburgerLand Magazin\" \/>\n<meta property=\"article:publisher\" content=\"https:\/\/www.facebook.com\/salzburgerland\/\" \/>\n<meta property=\"article:published_time\" content=\"2016-12-14T16:09:11+00:00\" \/>\n<meta property=\"article:modified_time\" content=\"2024-11-08T14:44:59+00:00\" \/>\n<meta property=\"og:image\" content=\"https:\/\/www.salzburgerland.com\/de\/magazin\/wp-content\/uploads\/2016\/12\/Einsiedelei_3.jpg\" \/>\n\t<meta property=\"og:image:width\" content=\"700\" \/>\n\t<meta property=\"og:image:height\" content=\"467\" \/>\n\t<meta property=\"og:image:type\" content=\"image\/jpeg\" \/>\n<meta name=\"author\" content=\"Christina Knauseder-Csipek\" \/>\n<meta name=\"twitter:card\" content=\"summary_large_image\" \/>\n<meta name=\"twitter:creator\" content=\"@Salzburgerland\" \/>\n<meta name=\"twitter:site\" content=\"@Salzburgerland\" \/>\n<meta name=\"twitter:label1\" content=\"Verfasst von\" \/>\n\t<meta name=\"twitter:data1\" content=\"Christina Knauseder-Csipek\" \/>\n\t<meta name=\"twitter:label2\" content=\"Gesch\u00e4tzte Lesezeit\" \/>\n\t<meta name=\"twitter:data2\" content=\"4\u00a0Minuten\" \/>\n<script type=\"application\/ld+json\" class=\"yoast-schema-graph\">{\"@context\":\"https:\\\/\\\/schema.org\",\"@graph\":[{\"@type\":\"Article\",\"@id\":\"https:\\\/\\\/www.salzburgerland.com\\\/de\\\/magazin\\\/weihnachtsandacht-auf-der-einsiedelei-saalfelden\\\/#article\",\"isPartOf\":{\"@id\":\"https:\\\/\\\/www.salzburgerland.com\\\/de\\\/magazin\\\/weihnachtsandacht-auf-der-einsiedelei-saalfelden\\\/\"},\"author\":{\"name\":\"Christina Knauseder-Csipek\",\"@id\":\"https:\\\/\\\/www.salzburgerland.com\\\/de\\\/magazin\\\/#\\\/schema\\\/person\\\/c8d118fb84adefa6fa30b3220457409a\"},\"headline\":\"Weihnachtsandacht auf der Einsiedelei Saalfelden\",\"datePublished\":\"2016-12-14T16:09:11+00:00\",\"dateModified\":\"2024-11-08T14:44:59+00:00\",\"mainEntityOfPage\":{\"@id\":\"https:\\\/\\\/www.salzburgerland.com\\\/de\\\/magazin\\\/weihnachtsandacht-auf-der-einsiedelei-saalfelden\\\/\"},\"wordCount\":535,\"commentCount\":1,\"publisher\":{\"@id\":\"https:\\\/\\\/www.salzburgerland.com\\\/de\\\/magazin\\\/#organization\"},\"image\":{\"@id\":\"https:\\\/\\\/www.salzburgerland.com\\\/de\\\/magazin\\\/weihnachtsandacht-auf-der-einsiedelei-saalfelden\\\/#primaryimage\"},\"thumbnailUrl\":\"https:\\\/\\\/www.salzburgerland.com\\\/de\\\/magazin\\\/wp-content\\\/uploads\\\/2016\\\/12\\\/Einsiedelei_3.jpg\",\"articleSection\":[\"Sehensw\u00fcrdig\"],\"inLanguage\":\"de\",\"potentialAction\":[{\"@type\":\"CommentAction\",\"name\":\"Comment\",\"target\":[\"https:\\\/\\\/www.salzburgerland.com\\\/de\\\/magazin\\\/weihnachtsandacht-auf-der-einsiedelei-saalfelden\\\/#respond\"]}]},{\"@type\":\"WebPage\",\"@id\":\"https:\\\/\\\/www.salzburgerland.com\\\/de\\\/magazin\\\/weihnachtsandacht-auf-der-einsiedelei-saalfelden\\\/\",\"url\":\"https:\\\/\\\/www.salzburgerland.com\\\/de\\\/magazin\\\/weihnachtsandacht-auf-der-einsiedelei-saalfelden\\\/\",\"name\":\"Weihnachtsandacht auf der Einsiedelei Saalfelden - SalzburgerLand Magazin\",\"isPartOf\":{\"@id\":\"https:\\\/\\\/www.salzburgerland.com\\\/de\\\/magazin\\\/#website\"},\"primaryImageOfPage\":{\"@id\":\"https:\\\/\\\/www.salzburgerland.com\\\/de\\\/magazin\\\/weihnachtsandacht-auf-der-einsiedelei-saalfelden\\\/#primaryimage\"},\"image\":{\"@id\":\"https:\\\/\\\/www.salzburgerland.com\\\/de\\\/magazin\\\/weihnachtsandacht-auf-der-einsiedelei-saalfelden\\\/#primaryimage\"},\"thumbnailUrl\":\"https:\\\/\\\/www.salzburgerland.com\\\/de\\\/magazin\\\/wp-content\\\/uploads\\\/2016\\\/12\\\/Einsiedelei_3.jpg\",\"datePublished\":\"2016-12-14T16:09:11+00:00\",\"dateModified\":\"2024-11-08T14:44:59+00:00\",\"breadcrumb\":{\"@id\":\"https:\\\/\\\/www.salzburgerland.com\\\/de\\\/magazin\\\/weihnachtsandacht-auf-der-einsiedelei-saalfelden\\\/#breadcrumb\"},\"inLanguage\":\"de\",\"potentialAction\":[{\"@type\":\"ReadAction\",\"target\":[\"https:\\\/\\\/www.salzburgerland.com\\\/de\\\/magazin\\\/weihnachtsandacht-auf-der-einsiedelei-saalfelden\\\/\"]}]},{\"@type\":\"ImageObject\",\"inLanguage\":\"de\",\"@id\":\"https:\\\/\\\/www.salzburgerland.com\\\/de\\\/magazin\\\/weihnachtsandacht-auf-der-einsiedelei-saalfelden\\\/#primaryimage\",\"url\":\"https:\\\/\\\/www.salzburgerland.com\\\/de\\\/magazin\\\/wp-content\\\/uploads\\\/2016\\\/12\\\/Einsiedelei_3.jpg\",\"contentUrl\":\"https:\\\/\\\/www.salzburgerland.com\\\/de\\\/magazin\\\/wp-content\\\/uploads\\\/2016\\\/12\\\/Einsiedelei_3.jpg\",\"width\":700,\"height\":467},{\"@type\":\"BreadcrumbList\",\"@id\":\"https:\\\/\\\/www.salzburgerland.com\\\/de\\\/magazin\\\/weihnachtsandacht-auf-der-einsiedelei-saalfelden\\\/#breadcrumb\",\"itemListElement\":[{\"@type\":\"ListItem\",\"position\":1,\"name\":\"Startseite\",\"item\":\"https:\\\/\\\/www.salzburgerland.com\\\/de\\\/magazin\\\/\"},{\"@type\":\"ListItem\",\"position\":2,\"name\":\"Sehensw\u00fcrdig\",\"item\":\"https:\\\/\\\/www.salzburgerland.com\\\/de\\\/magazin\\\/thema\\\/sehenswurdig\\\/\"},{\"@type\":\"ListItem\",\"position\":3,\"name\":\"Weihnachtsandacht auf der Einsiedelei Saalfelden\"}]},{\"@type\":\"WebSite\",\"@id\":\"https:\\\/\\\/www.salzburgerland.com\\\/de\\\/magazin\\\/#website\",\"url\":\"https:\\\/\\\/www.salzburgerland.com\\\/de\\\/magazin\\\/\",\"name\":\"SalzburgerLand Magazin\",\"description\":\"Geschichten und Interessantes aus dem SalzburgerLand\",\"publisher\":{\"@id\":\"https:\\\/\\\/www.salzburgerland.com\\\/de\\\/magazin\\\/#organization\"},\"potentialAction\":[{\"@type\":\"SearchAction\",\"target\":{\"@type\":\"EntryPoint\",\"urlTemplate\":\"https:\\\/\\\/www.salzburgerland.com\\\/de\\\/magazin\\\/?s={search_term_string}\"},\"query-input\":{\"@type\":\"PropertyValueSpecification\",\"valueRequired\":true,\"valueName\":\"search_term_string\"}}],\"inLanguage\":\"de\"},{\"@type\":\"Organization\",\"@id\":\"https:\\\/\\\/www.salzburgerland.com\\\/de\\\/magazin\\\/#organization\",\"name\":\"SalzburgerLand Tourismus\",\"url\":\"https:\\\/\\\/www.salzburgerland.com\\\/de\\\/magazin\\\/\",\"logo\":{\"@type\":\"ImageObject\",\"inLanguage\":\"de\",\"@id\":\"https:\\\/\\\/www.salzburgerland.com\\\/de\\\/magazin\\\/#\\\/schema\\\/logo\\\/image\\\/\",\"url\":\"https:\\\/\\\/www.salzburgerland.com\\\/de\\\/magazin\\\/wp-content\\\/uploads\\\/2019\\\/06\\\/salzburgerland-logo1.jpg\",\"contentUrl\":\"https:\\\/\\\/www.salzburgerland.com\\\/de\\\/magazin\\\/wp-content\\\/uploads\\\/2019\\\/06\\\/salzburgerland-logo1.jpg\",\"width\":2011,\"height\":866,\"caption\":\"SalzburgerLand Tourismus\"},\"image\":{\"@id\":\"https:\\\/\\\/www.salzburgerland.com\\\/de\\\/magazin\\\/#\\\/schema\\\/logo\\\/image\\\/\"},\"sameAs\":[\"https:\\\/\\\/www.facebook.com\\\/salzburgerland\\\/\",\"https:\\\/\\\/x.com\\\/Salzburgerland\",\"https:\\\/\\\/www.instagram.com\\\/salzburgerland\\\/\",\"https:\\\/\\\/at.linkedin.com\\\/company\\\/salzburgerland-tourismus-gmbh\",\"https:\\\/\\\/www.pinterest.at\\\/salzburgerland\\\/\",\"https:\\\/\\\/www.youtube.com\\\/user\\\/salzburgerland\",\"https:\\\/\\\/de.wikipedia.org\\\/wiki\\\/SalzburgerLand_Tourismus_GmbH\"]},{\"@type\":\"Person\",\"@id\":\"https:\\\/\\\/www.salzburgerland.com\\\/de\\\/magazin\\\/#\\\/schema\\\/person\\\/c8d118fb84adefa6fa30b3220457409a\",\"name\":\"Christina Knauseder-Csipek\",\"description\":\"Ob interessante Menschen, besondere Landstriche oder bedeutsame Orte: Geschichten von Land und Leuten liegen Christina als studierte Historikerin und Kommunikationswissenschaftlerin besonders am Herzen. In ihrer Freizeit ist sie am liebsten in der Natur unterwegs oder begibt sich mit einer Tasse Tee in der Hand in fremde (Buch-)Welten. Das SalzburgerLand hat die Redakteurin schon als Kind sch\u00e4tzen und lieben gelernt. Heute genie\u00dft sie dessen Sch\u00f6nheiten noch immer so oft wie m\u00f6glich, zieht ihre Kreise aber auch gerne mal etwas gr\u00f6\u00dfer. Freunde munkeln \u00fcber einen Schuss Zigeunerblut in ihren Adern. So tingelt sie am liebsten entweder mit dem Rucksack durch Asien oder mit dem alten VW-Bus quer durch Europa. Und \u00fcberall warten spannende Geschichten darauf, bemerkt und niedergeschrieben zu werden. Fr\u00fchling, Sommer, Herbst oder Winter? Als geb\u00fcrtiges \u201eHerbstkatzerl\u201c liegt mir diese Jahreszeit besonders am Herzen. So sehr ich auch Fr\u00fchling, Sommer und Winter genie\u00dfe, ein klarer, sonniger Herbsttag mit seiner opulenten Farbenpracht \u2013 das hat schon einen ganz besonderen Zauber. Luxushotel oder Almh\u00fctte? Klar lasse ich mich auch gerne mal in einem Luxushotel verw\u00f6hnen, alles andere w\u00e4re geschwindelt. Aber gegen ein bodenst\u00e4ndiges Reise-Erlebnis nah an der Natur, ob auf einer urigen Alm oder am spartanischen Campingplatz auf Korsika, tausche ich einen Luxus-Urlaub gerne ein. Jederzeit und immer wieder. Kr\u00e4utertee oder Zirbenschnaps? Ein Schnapserl in Ehren kann ich schwer verwehren, wobei auch da eher den selbstgemachten Nusschnaps vom Onkel als die Zirbe. Grunds\u00e4tzlich bin ich aber ein leidenschaftlicher Tee-Genie\u00dfer und fr\u00f6ne dieser Leidenschaft literweise. Ob Gr\u00fcntee, Kr\u00e4utertee oder ganz klassisch \u201eEarl Grey\u201c: Eine Tasse Tee ist f\u00fcr mich Entspannung und Antrieb gleicherma\u00dfen. Buch oder Film? Ich bin ein absoluter B\u00fccherwurm, von Kindesbeinen an. B\u00f6se Zungen behaupten, dieser Zeit (Lesen bei, naja, nicht immer optimalen Bedingungen) h\u00e4tte ich auch meine Fehlsichtigkeit zu verdanken. Ob \u201eDer Herr der Ringe\u201c oder \u201eGame of Thrones\u201c \u2013 vor allem in fantastischen Welten kann ich mich komplett verlieren. Guten Filmen bin ich trotzdem nicht abgeneigt, da haben es mir vor allem \u00f6sterreichische und d\u00e4nische Produktionen angetan. Meistens herrlich skurril und oft zum Br\u00fcllen komisch. Yoga oder Mountainbike Auch wenn ich\u00b4s mir fr\u00fcher nicht gedacht h\u00e4tte: Yoga ist wirklich eine geniale Sache. Das mehr auf Kraft ausgerichtete Ashtanga Yoga hat einen fixen Platz in meinem Wochenplan gefunden, obwohl meine eigentliche Leidenschaft den Pferden geh\u00f6rt. Grunds\u00e4tzlich bevorzuge ich sportliche Aktivit\u00e4ten unter freiem Himmel. Von Laufen bis hin zum Paragleiten ist da alles mit dabei.\",\"url\":\"https:\\\/\\\/www.salzburgerland.com\\\/de\\\/magazin\\\/author\\\/christina-knauseder-csipek\\\/\"}]}<\/script>\n<!-- \/ Yoast SEO Premium plugin. -->","yoast_head_json":{"title":"Weihnachtsandacht auf der Einsiedelei Saalfelden - SalzburgerLand Magazin","description":"Am 24. Dezember findet auf der Einsiedelei St. Georg am Palfen bei Saalfelden wieder eine\u00a0besinnliche\u00a0Weihnachtsandacht statt. Hoch oben auf einer der\u00a0letzten bewohnten Eremitagen Europas wird in ganz besonderer Atmosph\u00e4re das Fest der Liebe gefeiert. Eine wunderbare und einzigartige Einstimmung auf das Weihnachtsfest, die man so schnell nicht vergisst.\u00a0 Schon im 16. Jahrhundert war die Felsenh\u00f6hle [&hellip;]","robots":{"index":"index","follow":"follow","max-snippet":"max-snippet:-1","max-image-preview":"max-image-preview:large","max-video-preview":"max-video-preview:-1"},"canonical":"https:\/\/www.salzburgerland.com\/de\/magazin\/weihnachtsandacht-auf-der-einsiedelei-saalfelden\/","og_locale":"de_DE","og_type":"article","og_title":"Weihnachtsandacht auf der Einsiedelei Saalfelden","og_description":"Am 24. Dezember findet auf der Einsiedelei St. Georg am Palfen bei Saalfelden wieder eine\u00a0besinnliche\u00a0Weihnachtsandacht statt. Hoch oben auf einer der\u00a0letzten bewohnten Eremitagen Europas wird in ganz besonderer Atmosph\u00e4re das Fest der Liebe gefeiert. Eine wunderbare und einzigartige Einstimmung auf das Weihnachtsfest, die man so schnell nicht vergisst.\u00a0 Schon im 16. Jahrhundert war die Felsenh\u00f6hle [&hellip;]","og_url":"https:\/\/www.salzburgerland.com\/de\/magazin\/weihnachtsandacht-auf-der-einsiedelei-saalfelden\/","og_site_name":"SalzburgerLand Magazin","article_publisher":"https:\/\/www.facebook.com\/salzburgerland\/","article_published_time":"2016-12-14T16:09:11+00:00","article_modified_time":"2024-11-08T14:44:59+00:00","og_image":[{"width":700,"height":467,"url":"https:\/\/www.salzburgerland.com\/de\/magazin\/wp-content\/uploads\/2016\/12\/Einsiedelei_3.jpg","type":"image\/jpeg"}],"author":"Christina Knauseder-Csipek","twitter_card":"summary_large_image","twitter_creator":"@Salzburgerland","twitter_site":"@Salzburgerland","twitter_misc":{"Verfasst von":"Christina Knauseder-Csipek","Gesch\u00e4tzte Lesezeit":"4\u00a0Minuten"},"schema":{"@context":"https:\/\/schema.org","@graph":[{"@type":"Article","@id":"https:\/\/www.salzburgerland.com\/de\/magazin\/weihnachtsandacht-auf-der-einsiedelei-saalfelden\/#article","isPartOf":{"@id":"https:\/\/www.salzburgerland.com\/de\/magazin\/weihnachtsandacht-auf-der-einsiedelei-saalfelden\/"},"author":{"name":"Christina Knauseder-Csipek","@id":"https:\/\/www.salzburgerland.com\/de\/magazin\/#\/schema\/person\/c8d118fb84adefa6fa30b3220457409a"},"headline":"Weihnachtsandacht auf der Einsiedelei Saalfelden","datePublished":"2016-12-14T16:09:11+00:00","dateModified":"2024-11-08T14:44:59+00:00","mainEntityOfPage":{"@id":"https:\/\/www.salzburgerland.com\/de\/magazin\/weihnachtsandacht-auf-der-einsiedelei-saalfelden\/"},"wordCount":535,"commentCount":1,"publisher":{"@id":"https:\/\/www.salzburgerland.com\/de\/magazin\/#organization"},"image":{"@id":"https:\/\/www.salzburgerland.com\/de\/magazin\/weihnachtsandacht-auf-der-einsiedelei-saalfelden\/#primaryimage"},"thumbnailUrl":"https:\/\/www.salzburgerland.com\/de\/magazin\/wp-content\/uploads\/2016\/12\/Einsiedelei_3.jpg","articleSection":["Sehensw\u00fcrdig"],"inLanguage":"de","potentialAction":[{"@type":"CommentAction","name":"Comment","target":["https:\/\/www.salzburgerland.com\/de\/magazin\/weihnachtsandacht-auf-der-einsiedelei-saalfelden\/#respond"]}]},{"@type":"WebPage","@id":"https:\/\/www.salzburgerland.com\/de\/magazin\/weihnachtsandacht-auf-der-einsiedelei-saalfelden\/","url":"https:\/\/www.salzburgerland.com\/de\/magazin\/weihnachtsandacht-auf-der-einsiedelei-saalfelden\/","name":"Weihnachtsandacht auf der Einsiedelei Saalfelden - SalzburgerLand Magazin","isPartOf":{"@id":"https:\/\/www.salzburgerland.com\/de\/magazin\/#website"},"primaryImageOfPage":{"@id":"https:\/\/www.salzburgerland.com\/de\/magazin\/weihnachtsandacht-auf-der-einsiedelei-saalfelden\/#primaryimage"},"image":{"@id":"https:\/\/www.salzburgerland.com\/de\/magazin\/weihnachtsandacht-auf-der-einsiedelei-saalfelden\/#primaryimage"},"thumbnailUrl":"https:\/\/www.salzburgerland.com\/de\/magazin\/wp-content\/uploads\/2016\/12\/Einsiedelei_3.jpg","datePublished":"2016-12-14T16:09:11+00:00","dateModified":"2024-11-08T14:44:59+00:00","breadcrumb":{"@id":"https:\/\/www.salzburgerland.com\/de\/magazin\/weihnachtsandacht-auf-der-einsiedelei-saalfelden\/#breadcrumb"},"inLanguage":"de","potentialAction":[{"@type":"ReadAction","target":["https:\/\/www.salzburgerland.com\/de\/magazin\/weihnachtsandacht-auf-der-einsiedelei-saalfelden\/"]}]},{"@type":"ImageObject","inLanguage":"de","@id":"https:\/\/www.salzburgerland.com\/de\/magazin\/weihnachtsandacht-auf-der-einsiedelei-saalfelden\/#primaryimage","url":"https:\/\/www.salzburgerland.com\/de\/magazin\/wp-content\/uploads\/2016\/12\/Einsiedelei_3.jpg","contentUrl":"https:\/\/www.salzburgerland.com\/de\/magazin\/wp-content\/uploads\/2016\/12\/Einsiedelei_3.jpg","width":700,"height":467},{"@type":"BreadcrumbList","@id":"https:\/\/www.salzburgerland.com\/de\/magazin\/weihnachtsandacht-auf-der-einsiedelei-saalfelden\/#breadcrumb","itemListElement":[{"@type":"ListItem","position":1,"name":"Startseite","item":"https:\/\/www.salzburgerland.com\/de\/magazin\/"},{"@type":"ListItem","position":2,"name":"Sehensw\u00fcrdig","item":"https:\/\/www.salzburgerland.com\/de\/magazin\/thema\/sehenswurdig\/"},{"@type":"ListItem","position":3,"name":"Weihnachtsandacht auf der Einsiedelei Saalfelden"}]},{"@type":"WebSite","@id":"https:\/\/www.salzburgerland.com\/de\/magazin\/#website","url":"https:\/\/www.salzburgerland.com\/de\/magazin\/","name":"SalzburgerLand Magazin","description":"Geschichten und Interessantes aus dem SalzburgerLand","publisher":{"@id":"https:\/\/www.salzburgerland.com\/de\/magazin\/#organization"},"potentialAction":[{"@type":"SearchAction","target":{"@type":"EntryPoint","urlTemplate":"https:\/\/www.salzburgerland.com\/de\/magazin\/?s={search_term_string}"},"query-input":{"@type":"PropertyValueSpecification","valueRequired":true,"valueName":"search_term_string"}}],"inLanguage":"de"},{"@type":"Organization","@id":"https:\/\/www.salzburgerland.com\/de\/magazin\/#organization","name":"SalzburgerLand Tourismus","url":"https:\/\/www.salzburgerland.com\/de\/magazin\/","logo":{"@type":"ImageObject","inLanguage":"de","@id":"https:\/\/www.salzburgerland.com\/de\/magazin\/#\/schema\/logo\/image\/","url":"https:\/\/www.salzburgerland.com\/de\/magazin\/wp-content\/uploads\/2019\/06\/salzburgerland-logo1.jpg","contentUrl":"https:\/\/www.salzburgerland.com\/de\/magazin\/wp-content\/uploads\/2019\/06\/salzburgerland-logo1.jpg","width":2011,"height":866,"caption":"SalzburgerLand Tourismus"},"image":{"@id":"https:\/\/www.salzburgerland.com\/de\/magazin\/#\/schema\/logo\/image\/"},"sameAs":["https:\/\/www.facebook.com\/salzburgerland\/","https:\/\/x.com\/Salzburgerland","https:\/\/www.instagram.com\/salzburgerland\/","https:\/\/at.linkedin.com\/company\/salzburgerland-tourismus-gmbh","https:\/\/www.pinterest.at\/salzburgerland\/","https:\/\/www.youtube.com\/user\/salzburgerland","https:\/\/de.wikipedia.org\/wiki\/SalzburgerLand_Tourismus_GmbH"]},{"@type":"Person","@id":"https:\/\/www.salzburgerland.com\/de\/magazin\/#\/schema\/person\/c8d118fb84adefa6fa30b3220457409a","name":"Christina Knauseder-Csipek","description":"Ob interessante Menschen, besondere Landstriche oder bedeutsame Orte: Geschichten von Land und Leuten liegen Christina als studierte Historikerin und Kommunikationswissenschaftlerin besonders am Herzen. In ihrer Freizeit ist sie am liebsten in der Natur unterwegs oder begibt sich mit einer Tasse Tee in der Hand in fremde (Buch-)Welten. Das SalzburgerLand hat die Redakteurin schon als Kind sch\u00e4tzen und lieben gelernt. Heute genie\u00dft sie dessen Sch\u00f6nheiten noch immer so oft wie m\u00f6glich, zieht ihre Kreise aber auch gerne mal etwas gr\u00f6\u00dfer. Freunde munkeln \u00fcber einen Schuss Zigeunerblut in ihren Adern. So tingelt sie am liebsten entweder mit dem Rucksack durch Asien oder mit dem alten VW-Bus quer durch Europa. Und \u00fcberall warten spannende Geschichten darauf, bemerkt und niedergeschrieben zu werden. Fr\u00fchling, Sommer, Herbst oder Winter? Als geb\u00fcrtiges \u201eHerbstkatzerl\u201c liegt mir diese Jahreszeit besonders am Herzen. So sehr ich auch Fr\u00fchling, Sommer und Winter genie\u00dfe, ein klarer, sonniger Herbsttag mit seiner opulenten Farbenpracht \u2013 das hat schon einen ganz besonderen Zauber. Luxushotel oder Almh\u00fctte? Klar lasse ich mich auch gerne mal in einem Luxushotel verw\u00f6hnen, alles andere w\u00e4re geschwindelt. Aber gegen ein bodenst\u00e4ndiges Reise-Erlebnis nah an der Natur, ob auf einer urigen Alm oder am spartanischen Campingplatz auf Korsika, tausche ich einen Luxus-Urlaub gerne ein. Jederzeit und immer wieder. Kr\u00e4utertee oder Zirbenschnaps? Ein Schnapserl in Ehren kann ich schwer verwehren, wobei auch da eher den selbstgemachten Nusschnaps vom Onkel als die Zirbe. Grunds\u00e4tzlich bin ich aber ein leidenschaftlicher Tee-Genie\u00dfer und fr\u00f6ne dieser Leidenschaft literweise. Ob Gr\u00fcntee, Kr\u00e4utertee oder ganz klassisch \u201eEarl Grey\u201c: Eine Tasse Tee ist f\u00fcr mich Entspannung und Antrieb gleicherma\u00dfen. Buch oder Film? Ich bin ein absoluter B\u00fccherwurm, von Kindesbeinen an. B\u00f6se Zungen behaupten, dieser Zeit (Lesen bei, naja, nicht immer optimalen Bedingungen) h\u00e4tte ich auch meine Fehlsichtigkeit zu verdanken. Ob \u201eDer Herr der Ringe\u201c oder \u201eGame of Thrones\u201c \u2013 vor allem in fantastischen Welten kann ich mich komplett verlieren. Guten Filmen bin ich trotzdem nicht abgeneigt, da haben es mir vor allem \u00f6sterreichische und d\u00e4nische Produktionen angetan. Meistens herrlich skurril und oft zum Br\u00fcllen komisch. Yoga oder Mountainbike Auch wenn ich\u00b4s mir fr\u00fcher nicht gedacht h\u00e4tte: Yoga ist wirklich eine geniale Sache. Das mehr auf Kraft ausgerichtete Ashtanga Yoga hat einen fixen Platz in meinem Wochenplan gefunden, obwohl meine eigentliche Leidenschaft den Pferden geh\u00f6rt. Grunds\u00e4tzlich bevorzuge ich sportliche Aktivit\u00e4ten unter freiem Himmel. Von Laufen bis hin zum Paragleiten ist da alles mit dabei.","url":"https:\/\/www.salzburgerland.com\/de\/magazin\/author\/christina-knauseder-csipek\/"}]}},"_wl_alt_label":[],"wl:entity_url":"http:\/\/open.salzburgerland.com\/magazin\/post\/weihnachtsandacht_auf_der_einsiedelei_saalfelden","_links":{"self":[{"href":"https:\/\/www.salzburgerland.com\/de\/magazin\/wp-json\/wp\/v2\/posts\/111703","targetHints":{"allow":["GET"]}}],"collection":[{"href":"https:\/\/www.salzburgerland.com\/de\/magazin\/wp-json\/wp\/v2\/posts"}],"about":[{"href":"https:\/\/www.salzburgerland.com\/de\/magazin\/wp-json\/wp\/v2\/types\/post"}],"author":[{"embeddable":true,"href":"https:\/\/www.salzburgerland.com\/de\/magazin\/wp-json\/wp\/v2\/users\/333"}],"replies":[{"embeddable":true,"href":"https:\/\/www.salzburgerland.com\/de\/magazin\/wp-json\/wp\/v2\/comments?post=111703"}],"version-history":[{"count":2,"href":"https:\/\/www.salzburgerland.com\/de\/magazin\/wp-json\/wp\/v2\/posts\/111703\/revisions"}],"predecessor-version":[{"id":179200,"href":"https:\/\/www.salzburgerland.com\/de\/magazin\/wp-json\/wp\/v2\/posts\/111703\/revisions\/179200"}],"wp:featuredmedia":[{"embeddable":true,"href":"https:\/\/www.salzburgerland.com\/de\/magazin\/wp-json\/wp\/v2\/media\/111708"}],"wp:attachment":[{"href":"https:\/\/www.salzburgerland.com\/de\/magazin\/wp-json\/wp\/v2\/media?parent=111703"}],"wp:term":[{"taxonomy":"category","embeddable":true,"href":"https:\/\/www.salzburgerland.com\/de\/magazin\/wp-json\/wp\/v2\/categories?post=111703"},{"taxonomy":"post_tag","embeddable":true,"href":"https:\/\/www.salzburgerland.com\/de\/magazin\/wp-json\/wp\/v2\/tags?post=111703"},{"taxonomy":"wl_entity_type","embeddable":true,"href":"https:\/\/www.salzburgerland.com\/de\/magazin\/wp-json\/wp\/v2\/wl_entity_type?post=111703"},{"taxonomy":"monatsauswahl","embeddable":true,"href":"https:\/\/www.salzburgerland.com\/de\/magazin\/wp-json\/wp\/v2\/monatsauswahl?post=111703"}],"curies":[{"name":"wp","href":"https:\/\/api.w.org\/{rel}","templated":true}]}}