{"id":111421,"date":"2016-11-29T08:56:47","date_gmt":"2016-11-29T07:56:47","guid":{"rendered":"http:\/\/magazin.salzburgerland.com\/?p=111421"},"modified":"2025-12-09T11:38:18","modified_gmt":"2025-12-09T10:38:18","slug":"weihnachtskrippentour-durch-die-salzburger-altstadt","status":"publish","type":"post","link":"https:\/\/www.salzburgerland.com\/de\/magazin\/weihnachtskrippentour-durch-die-salzburger-altstadt\/","title":{"rendered":"Weihnachtskrippentour durch die Salzburger Altstadt"},"content":{"rendered":"\n<h2 class=\"wp-block-slt-subtitle\">Von traditionell bis modern<\/h2>\n\n\n\n<p class=\"wp-block-slt-intro\">Begleite uns auf einem Spaziergang durch die Stadt Salzburg auf der Suche nach der sch\u00f6nsten Weihnachtskrippe.<\/p>\n\n\n\n<p>Das Brauchtum, Weihnachtskrippen mit der Geburtsszene von Jesus im Stall von Bethlehem aufzustellen, reicht bis ins Fr\u00fchchristentum zur\u00fcck. Auch heute noch ist es in vielen Familien \u00fcblich, im Advent eine eigene Krippe einzurichten. Und nat\u00fcrlich gibt es auch kaum eine christliche Kirche, in der die Heilige Familie nicht Einzug h\u00e4lt. Wir haben uns auf den Weg durch die Salzburger Altstadt gemacht und dabei eine Vielzahl ganz unterschiedlicher Krippen-Szenen kennengelernt.<\/p>\n\n\n\n<p>Ganz klassisch beginnt der Spaziergang am Christkindlmarkt. Hier am Residenzplatz, an der Au\u00dfenseite der Marktst\u00e4nde , ist die gro\u00dfe<strong> Krippenausstellung im Winterwald<\/strong> aufgebaut. Der Krippenverein Gr\u00f6dig beweist hier sein vielf\u00e4ltiges K\u00f6nnen.<\/p>\n\n\n<div class=\"mag-gallery\"><div class=\"row\"><div class=\"col-6 col-sm-4\"><figure><a class=\"thumb-container\" href=\"https:\/\/www.salzburgerland.com\/de\/magazin\/wp-content\/uploads\/2016\/11\/Krippenausstellung-Kriooenb-1-1280x1024.jpg\">\t<picture><source media=\"(min-width: 576px)\" srcset=\"https:\/\/www.salzburgerland.com\/de\/magazin\/wp-content\/uploads\/2016\/11\/Krippenausstellung-Kriooenb-1-325x209.jpg 325w, https:\/\/www.salzburgerland.com\/de\/magazin\/wp-content\/uploads\/2016\/11\/Krippenausstellung-Kriooenb-1-249x160.jpg 249w\"><\/source><source media=\"(min-width: 0)\" srcset=\"https:\/\/www.salzburgerland.com\/de\/magazin\/wp-content\/uploads\/2016\/11\/Krippenausstellung-Kriooenb-1-249x160.jpg 249w, https:\/\/www.salzburgerland.com\/de\/magazin\/wp-content\/uploads\/2016\/11\/Krippenausstellung-Kriooenb-1-325x209.jpg 325w\"><\/source><img decoding=\"async\" alt=\"Ein detailliertes Krippendiorama mit Figuren und einem Haus, umgeben von B&auml;umen, Bl&auml;ttern und einem kleinen Bach.\" src=\"https:\/\/www.salzburgerland.com\/de\/magazin\/wp-content\/uploads\/2016\/11\/Krippenausstellung-Kriooenb-1.jpg\">\t<\/picture><\/a><\/figure><\/div><div class=\"col-6 col-sm-4\"><figure><a class=\"thumb-container\" href=\"https:\/\/www.salzburgerland.com\/de\/magazin\/wp-content\/uploads\/2016\/11\/Krippenausstellung-4-1-1280x1024.jpg\">\t<picture><source media=\"(min-width: 576px)\" srcset=\"https:\/\/www.salzburgerland.com\/de\/magazin\/wp-content\/uploads\/2016\/11\/Krippenausstellung-4-1-325x209.jpg 325w, https:\/\/www.salzburgerland.com\/de\/magazin\/wp-content\/uploads\/2016\/11\/Krippenausstellung-4-1-249x160.jpg 249w\"><\/source><source media=\"(min-width: 0)\" srcset=\"https:\/\/www.salzburgerland.com\/de\/magazin\/wp-content\/uploads\/2016\/11\/Krippenausstellung-4-1-249x160.jpg 249w, https:\/\/www.salzburgerland.com\/de\/magazin\/wp-content\/uploads\/2016\/11\/Krippenausstellung-4-1-325x209.jpg 325w\"><\/source><img decoding=\"async\" alt=\"Krippenszene mit Maria, Josef, dem Jesuskind in der Krippe, Tieren und einem Hirten in einer rustikalen Stallumgebung.\" src=\"https:\/\/www.salzburgerland.com\/de\/magazin\/wp-content\/uploads\/2016\/11\/Krippenausstellung-4-1.jpg\">\t<\/picture><\/a><\/figure><\/div><\/div><figcaption>&copy;Hammerl<\/figcaption><\/div>\n\n\n\n<p>Ein Besuch wert ist auf jeden Fall auch die j\u00e4hrlich stattfindende <strong><a href=\"https:\/\/www.salzburgerheimatwerk.at\/\" target=\"_blank\" rel=\"noreferrer noopener\">Krippenausstellung im Heimatwerk<\/a>.<\/strong> Von traditionell l\u00e4ndlich bis modern \u2013 die hier pr\u00e4sentierten Krippen treffen jeden Geschmack. \u00a0<\/p>\n\n\n\n<p>Wenn man schon am Residenzplatz ist, muss man auch unbedingt einen Abstecher in die kleine <strong>Michaelikirche<\/strong> machen. Das besondere an dieser Krippe ist, dass sie das ganze Jahr hindurch besichtigt werden kann. Die regelm\u00e4\u00dfig wechselnden Szenen haben immer einen Salzburg Bezug. Und damit auch kleine Kinder die ganze Pracht der Krippe bestaunen k\u00f6nnen, ist davor eine kleine Stufe platziert.<\/p>\n\n\n\n<figure class=\"wp-block-image size-full\"><img loading=\"lazy\" decoding=\"async\" width=\"1200\" height=\"803\" src=\"https:\/\/www.salzburgerland.com\/de\/magazin\/wp-content\/uploads\/2016\/11\/Michaelskirche-1.jpg\" alt=\"Miniaturkrippe mit Figuren, einem Haus, B\u00e4umen und Z\u00e4unen vor einer felsigen Bergkulisse.\" class=\"wp-image-111444\" srcset=\"https:\/\/www.salzburgerland.com\/de\/magazin\/wp-content\/uploads\/2016\/11\/Michaelskirche-1.jpg 1200w, https:\/\/www.salzburgerland.com\/de\/magazin\/wp-content\/uploads\/2016\/11\/Michaelskirche-1-300x201.jpg 300w, https:\/\/www.salzburgerland.com\/de\/magazin\/wp-content\/uploads\/2016\/11\/Michaelskirche-1-822x550.jpg 822w, https:\/\/www.salzburgerland.com\/de\/magazin\/wp-content\/uploads\/2016\/11\/Michaelskirche-1-598x400.jpg 598w\" sizes=\"auto, (max-width: 1200px) 100vw, 1200px\" \/><figcaption class=\"wp-element-caption\">\u00a9Hammerl<\/figcaption><\/figure>\n\n\n\n<p>Unser Weg f\u00fchrt uns weiter zum<strong> Dom<\/strong>. Dort im linken Seitenschiff ist eine alpenl\u00e4ndische Krippe eines Tiroler K\u00fcnstlers zu bewundern, die etwa aus dem Jahr 1870 stammt. Auch hier werden die Szenen bis zum Heiligen Abend gewechselt. Bei unserem Besuch war die Szene der Mari\u00e4&nbsp; Verk\u00fcndigung dargestellt.<\/p>\n\n\n\n<p>Als n\u00e4chstes schlendern wir zur <strong>Stiftskirche St. Peter<\/strong>. Um die Vorweihnachtsidylle auch voll auszukosten, bietet sich der Weg \u00fcber den Kapitelplatz in den kleinen Innenhof der Stiftsb\u00e4ckerei an.  \u00dcber den Friedhof kommt man von dort zur Stiftskirche mit der wundersch\u00f6nen Krippe von Riedlm\u00fcller aus Thaur in Tirol aus den Jahren 1884 \u2013 1886, die ab dem 8.12. zu bewundern ist.<\/p>\n\n\n\n<p>Eine ganz besondere Krippe findet sich in der Steingasse. 300 Figuren aus Textilien bev\u00f6lkern diese einzigartige, handgefertige <a href=\"http:\/\/www.sammlung-aichhorn.at\/\" target=\"_blank\" rel=\"noopener noreferrer\"><strong>Sammlung von Brigitte Aichhorn-Kosina<\/strong><\/a>. Und das Beste daran, diese Krippe kann das ganze Jahr \u00fcber besichtigt werden.<\/p>\n\n\n\n<p>Wem es all diese wunderbaren Krippe angetan haben, muss sich im Advent immer noch ein wenig gedulden. Denn einige weitere Kirchen stellen ihre Krippen erst am 24. Dezember auf, so wie etwa die Franziskanerkirche, die Kajetanerkirche am gleichnamigen Platz, die Kirche St. Sebastian in der Linzergasse oder die Loretokirche in der Paris-Lodron-Stra\u00dfe.<\/p>\n\n\n<div class=\"mag-gallery\"><div class=\"row\"><div class=\"col-6 col-sm-4\"><figure><a class=\"thumb-container\" href=\"https:\/\/www.salzburgerland.com\/de\/magazin\/wp-content\/uploads\/2016\/11\/Krippenausstellung-2-1-1280x1024.jpg\">\t<picture><source media=\"(min-width: 576px)\" srcset=\"https:\/\/www.salzburgerland.com\/de\/magazin\/wp-content\/uploads\/2016\/11\/Krippenausstellung-2-1-325x209.jpg 325w, https:\/\/www.salzburgerland.com\/de\/magazin\/wp-content\/uploads\/2016\/11\/Krippenausstellung-2-1-249x160.jpg 249w\"><\/source><source media=\"(min-width: 0)\" srcset=\"https:\/\/www.salzburgerland.com\/de\/magazin\/wp-content\/uploads\/2016\/11\/Krippenausstellung-2-1-249x160.jpg 249w, https:\/\/www.salzburgerland.com\/de\/magazin\/wp-content\/uploads\/2016\/11\/Krippenausstellung-2-1-325x209.jpg 325w\"><\/source><img decoding=\"async\" alt=\"Krippendarstellung mit kleinen Figuren, Geb&auml;uden, trockenen Zweigen und einem hellen Stern dar&uuml;ber.\" src=\"https:\/\/www.salzburgerland.com\/de\/magazin\/wp-content\/uploads\/2016\/11\/Krippenausstellung-2-1.jpg\">\t<\/picture><\/a><\/figure><\/div><div class=\"col-6 col-sm-4\"><figure><a class=\"thumb-container\" href=\"https:\/\/www.salzburgerland.com\/de\/magazin\/wp-content\/uploads\/2016\/11\/Krippenausstellung-5-1280x1024.jpg\">\t<picture><source media=\"(min-width: 576px)\" srcset=\"https:\/\/www.salzburgerland.com\/de\/magazin\/wp-content\/uploads\/2016\/11\/Krippenausstellung-5-325x209.jpg 325w, https:\/\/www.salzburgerland.com\/de\/magazin\/wp-content\/uploads\/2016\/11\/Krippenausstellung-5-249x160.jpg 249w\"><\/source><source media=\"(min-width: 0)\" srcset=\"https:\/\/www.salzburgerland.com\/de\/magazin\/wp-content\/uploads\/2016\/11\/Krippenausstellung-5-249x160.jpg 249w, https:\/\/www.salzburgerland.com\/de\/magazin\/wp-content\/uploads\/2016\/11\/Krippenausstellung-5-325x209.jpg 325w\"><\/source><img decoding=\"async\" alt=\"Krippenszene mit Maria, Josef, dem Jesuskind in der Krippe und Figuren von Hirten und Tieren.\" src=\"https:\/\/www.salzburgerland.com\/de\/magazin\/wp-content\/uploads\/2016\/11\/Krippenausstellung-5.jpg\">\t<\/picture><\/a><\/figure><\/div><div class=\"col-6 col-sm-4\"><figure><a class=\"thumb-container\" href=\"https:\/\/www.salzburgerland.com\/de\/magazin\/wp-content\/uploads\/2016\/11\/Krippenausstellung-6-1280x1024.jpg\">\t<picture><source media=\"(min-width: 576px)\" srcset=\"https:\/\/www.salzburgerland.com\/de\/magazin\/wp-content\/uploads\/2016\/11\/Krippenausstellung-6-325x209.jpg 325w, https:\/\/www.salzburgerland.com\/de\/magazin\/wp-content\/uploads\/2016\/11\/Krippenausstellung-6-249x160.jpg 249w\"><\/source><source media=\"(min-width: 0)\" srcset=\"https:\/\/www.salzburgerland.com\/de\/magazin\/wp-content\/uploads\/2016\/11\/Krippenausstellung-6-249x160.jpg 249w, https:\/\/www.salzburgerland.com\/de\/magazin\/wp-content\/uploads\/2016\/11\/Krippenausstellung-6-325x209.jpg 325w\"><\/source><img decoding=\"async\" alt=\"Krippe mit Figuren, Tieren und alten Steingeb&auml;uden in einer rustikalen &ouml;sterreichischen Dorfumgebung.\" src=\"https:\/\/www.salzburgerland.com\/de\/magazin\/wp-content\/uploads\/2016\/11\/Krippenausstellung-6.jpg\">\t<\/picture><\/a><\/figure><\/div><div class=\"col-6 col-sm-4\"><figure><a class=\"thumb-container\" href=\"https:\/\/www.salzburgerland.com\/de\/magazin\/wp-content\/uploads\/2016\/11\/Maria-Verkuendigung-im-Dom-1280x1024.jpg\">\t<picture><source media=\"(min-width: 576px)\" srcset=\"https:\/\/www.salzburgerland.com\/de\/magazin\/wp-content\/uploads\/2016\/11\/Maria-Verkuendigung-im-Dom-325x209.jpg 325w, https:\/\/www.salzburgerland.com\/de\/magazin\/wp-content\/uploads\/2016\/11\/Maria-Verkuendigung-im-Dom-249x160.jpg 249w\"><\/source><source media=\"(min-width: 0)\" srcset=\"https:\/\/www.salzburgerland.com\/de\/magazin\/wp-content\/uploads\/2016\/11\/Maria-Verkuendigung-im-Dom-249x160.jpg 249w, https:\/\/www.salzburgerland.com\/de\/magazin\/wp-content\/uploads\/2016\/11\/Maria-Verkuendigung-im-Dom-325x209.jpg 325w\"><\/source><img decoding=\"async\" alt=\"Krippenszene mit Figuren, Tieren und einem detaillierten verschneiten Dorf und Bergen im Hintergrund.\" src=\"https:\/\/www.salzburgerland.com\/de\/magazin\/wp-content\/uploads\/2016\/11\/Maria-Verkuendigung-im-Dom.jpg\">\t<\/picture><\/a><\/figure><\/div><div class=\"col-6 col-sm-4\"><figure><a class=\"thumb-container\" href=\"https:\/\/www.salzburgerland.com\/de\/magazin\/wp-content\/uploads\/2016\/11\/Michaelskirche-1-1280x1024.jpg\">\t<picture><source media=\"(min-width: 576px)\" srcset=\"https:\/\/www.salzburgerland.com\/de\/magazin\/wp-content\/uploads\/2016\/11\/Michaelskirche-1-325x209.jpg 325w, https:\/\/www.salzburgerland.com\/de\/magazin\/wp-content\/uploads\/2016\/11\/Michaelskirche-1-249x160.jpg 249w\"><\/source><source media=\"(min-width: 0)\" srcset=\"https:\/\/www.salzburgerland.com\/de\/magazin\/wp-content\/uploads\/2016\/11\/Michaelskirche-1-249x160.jpg 249w, https:\/\/www.salzburgerland.com\/de\/magazin\/wp-content\/uploads\/2016\/11\/Michaelskirche-1-325x209.jpg 325w\"><\/source><img decoding=\"async\" alt=\"Miniaturkrippe mit Figuren, einem Haus, B&auml;umen und Z&auml;unen vor einer felsigen Bergkulisse.\" src=\"https:\/\/www.salzburgerland.com\/de\/magazin\/wp-content\/uploads\/2016\/11\/Michaelskirche-1.jpg\">\t<\/picture><\/a><\/figure><\/div><div class=\"col-6 col-sm-4\"><figure><a class=\"thumb-container\" href=\"https:\/\/www.salzburgerland.com\/de\/magazin\/wp-content\/uploads\/2016\/11\/Teaser-1280x1024.jpg\">\t<picture><source media=\"(min-width: 576px)\" srcset=\"https:\/\/www.salzburgerland.com\/de\/magazin\/wp-content\/uploads\/2016\/11\/Teaser-325x209.jpg 325w, https:\/\/www.salzburgerland.com\/de\/magazin\/wp-content\/uploads\/2016\/11\/Teaser-249x160.jpg 249w\"><\/source><source media=\"(min-width: 0)\" srcset=\"https:\/\/www.salzburgerland.com\/de\/magazin\/wp-content\/uploads\/2016\/11\/Teaser-249x160.jpg 249w, https:\/\/www.salzburgerland.com\/de\/magazin\/wp-content\/uploads\/2016\/11\/Teaser-325x209.jpg 325w\"><\/source><img decoding=\"async\" alt=\"Krippenspiel mit Figuren von Maria, Josef, dem Jesuskind, den Hirten, den Weisen und Tieren im Stall.\" src=\"https:\/\/www.salzburgerland.com\/de\/magazin\/wp-content\/uploads\/2016\/11\/Teaser.jpg\">\t<\/picture><\/a><\/figure><\/div><\/div><figcaption>&copy;Hammerl<\/figcaption><\/div>\n","protected":false},"excerpt":{"rendered":"<p>Das Brauchtum, Weihnachtskrippen mit der Geburtsszene von Jesus im Stall von Bethlehem aufzustellen, reicht bis ins Fr\u00fchchristentum zur\u00fcck. Auch heute noch ist es in vielen Familien \u00fcblich, im Advent eine eigene Krippe einzurichten. Und nat\u00fcrlich gibt es auch kaum eine christliche Kirche, in der die Heilige Familie nicht Einzug h\u00e4lt. Wir haben uns auf den [&hellip;]<\/p>\n","protected":false},"author":90,"featured_media":159520,"comment_status":"open","ping_status":"open","sticky":false,"template":"","format":"standard","meta":{"_acf_changed":false,"wl_entities_gutenberg":"","_wl_entity_redirect_enabled":"","footnotes":""},"categories":[6],"tags":[],"wl_entity_type":[306],"monatsauswahl":[82,92,93],"class_list":["post-111421","post","type-post","status-publish","format-standard","has-post-thumbnail","hentry","category-kunst-kultur","wl_entity_type-article","monatsauswahl-monat_1","monatsauswahl-monat_11","monatsauswahl-monat_12"],"acf":[],"yoast_head":"<!-- This site is optimized with the Yoast SEO Premium plugin v27.4 (Yoast SEO v27.4) - https:\/\/yoast.com\/product\/yoast-seo-premium-wordpress\/ -->\n<title>Weihnachtskrippentour durch die Salzburger Altstadt - SalzburgerLand Magazin<\/title>\n<meta name=\"description\" content=\"Begleite uns auf einem Spaziergang durch die Stadt Salzburg auf der Suche nach der sch\u00f6nsten Weihnachtskrippe.\" \/>\n<meta name=\"robots\" content=\"index, follow, max-snippet:-1, max-image-preview:large, max-video-preview:-1\" \/>\n<link rel=\"canonical\" href=\"https:\/\/www.salzburgerland.com\/de\/magazin\/weihnachtskrippentour-durch-die-salzburger-altstadt\/\" \/>\n<meta property=\"og:locale\" content=\"de_DE\" \/>\n<meta property=\"og:type\" content=\"article\" \/>\n<meta property=\"og:title\" content=\"Weihnachtskrippentour durch die Salzburger Altstadt\" \/>\n<meta property=\"og:description\" content=\"Das Brauchtum, Weihnachtskrippen mit der Geburtsszene von Jesus im Stall von Bethlehem aufzustellen, reicht bis ins Fr\u00fchchristentum zur\u00fcck. Auch heute noch ist es in vielen Familien \u00fcblich, im Advent eine eigene Krippe einzurichten. Und nat\u00fcrlich gibt es auch kaum eine christliche Kirche, in der die Heilige Familie nicht Einzug h\u00e4lt. Wir haben uns auf den [&hellip;]\" \/>\n<meta property=\"og:url\" content=\"https:\/\/www.salzburgerland.com\/de\/magazin\/weihnachtskrippentour-durch-die-salzburger-altstadt\/\" \/>\n<meta property=\"og:site_name\" content=\"SalzburgerLand Magazin\" \/>\n<meta property=\"article:publisher\" content=\"https:\/\/www.facebook.com\/salzburgerland\/\" \/>\n<meta property=\"article:published_time\" content=\"2016-11-29T07:56:47+00:00\" \/>\n<meta property=\"article:modified_time\" content=\"2025-12-09T10:38:18+00:00\" \/>\n<meta property=\"og:image\" content=\"https:\/\/www.salzburgerland.com\/de\/magazin\/wp-content\/uploads\/2016\/11\/Krippe-e1639477278236.jpg\" \/>\n\t<meta property=\"og:image:width\" content=\"1915\" \/>\n\t<meta property=\"og:image:height\" content=\"979\" \/>\n\t<meta property=\"og:image:type\" content=\"image\/jpeg\" \/>\n<meta name=\"author\" content=\"Ulli Hammerl\" \/>\n<meta name=\"twitter:card\" content=\"summary_large_image\" \/>\n<meta name=\"twitter:creator\" content=\"@Salzburgerland\" \/>\n<meta name=\"twitter:site\" content=\"@Salzburgerland\" \/>\n<meta name=\"twitter:label1\" content=\"Verfasst von\" \/>\n\t<meta name=\"twitter:data1\" content=\"Ulli Hammerl\" \/>\n\t<meta name=\"twitter:label2\" content=\"Gesch\u00e4tzte Lesezeit\" \/>\n\t<meta name=\"twitter:data2\" content=\"5\u00a0Minuten\" \/>\n<script type=\"application\/ld+json\" class=\"yoast-schema-graph\">{\"@context\":\"https:\\\/\\\/schema.org\",\"@graph\":[{\"@type\":\"Article\",\"@id\":\"https:\\\/\\\/www.salzburgerland.com\\\/de\\\/magazin\\\/weihnachtskrippentour-durch-die-salzburger-altstadt\\\/#article\",\"isPartOf\":{\"@id\":\"https:\\\/\\\/www.salzburgerland.com\\\/de\\\/magazin\\\/weihnachtskrippentour-durch-die-salzburger-altstadt\\\/\"},\"author\":{\"name\":\"Ulli Hammerl\",\"@id\":\"https:\\\/\\\/www.salzburgerland.com\\\/de\\\/magazin\\\/#\\\/schema\\\/person\\\/a55a4fee1009b9e458d298480a18a9f7\"},\"headline\":\"Weihnachtskrippentour durch die Salzburger Altstadt\",\"datePublished\":\"2016-11-29T07:56:47+00:00\",\"dateModified\":\"2025-12-09T10:38:18+00:00\",\"mainEntityOfPage\":{\"@id\":\"https:\\\/\\\/www.salzburgerland.com\\\/de\\\/magazin\\\/weihnachtskrippentour-durch-die-salzburger-altstadt\\\/\"},\"wordCount\":425,\"commentCount\":0,\"publisher\":{\"@id\":\"https:\\\/\\\/www.salzburgerland.com\\\/de\\\/magazin\\\/#organization\"},\"image\":{\"@id\":\"https:\\\/\\\/www.salzburgerland.com\\\/de\\\/magazin\\\/weihnachtskrippentour-durch-die-salzburger-altstadt\\\/#primaryimage\"},\"thumbnailUrl\":\"https:\\\/\\\/www.salzburgerland.com\\\/de\\\/magazin\\\/wp-content\\\/uploads\\\/2016\\\/11\\\/Krippe-e1639477278236.jpg\",\"articleSection\":[\"Kunst &amp; Kultur\"],\"inLanguage\":\"de\",\"potentialAction\":[{\"@type\":\"CommentAction\",\"name\":\"Comment\",\"target\":[\"https:\\\/\\\/www.salzburgerland.com\\\/de\\\/magazin\\\/weihnachtskrippentour-durch-die-salzburger-altstadt\\\/#respond\"]}]},{\"@type\":\"WebPage\",\"@id\":\"https:\\\/\\\/www.salzburgerland.com\\\/de\\\/magazin\\\/weihnachtskrippentour-durch-die-salzburger-altstadt\\\/\",\"url\":\"https:\\\/\\\/www.salzburgerland.com\\\/de\\\/magazin\\\/weihnachtskrippentour-durch-die-salzburger-altstadt\\\/\",\"name\":\"Weihnachtskrippentour durch die Salzburger Altstadt - SalzburgerLand Magazin\",\"isPartOf\":{\"@id\":\"https:\\\/\\\/www.salzburgerland.com\\\/de\\\/magazin\\\/#website\"},\"primaryImageOfPage\":{\"@id\":\"https:\\\/\\\/www.salzburgerland.com\\\/de\\\/magazin\\\/weihnachtskrippentour-durch-die-salzburger-altstadt\\\/#primaryimage\"},\"image\":{\"@id\":\"https:\\\/\\\/www.salzburgerland.com\\\/de\\\/magazin\\\/weihnachtskrippentour-durch-die-salzburger-altstadt\\\/#primaryimage\"},\"thumbnailUrl\":\"https:\\\/\\\/www.salzburgerland.com\\\/de\\\/magazin\\\/wp-content\\\/uploads\\\/2016\\\/11\\\/Krippe-e1639477278236.jpg\",\"datePublished\":\"2016-11-29T07:56:47+00:00\",\"dateModified\":\"2025-12-09T10:38:18+00:00\",\"breadcrumb\":{\"@id\":\"https:\\\/\\\/www.salzburgerland.com\\\/de\\\/magazin\\\/weihnachtskrippentour-durch-die-salzburger-altstadt\\\/#breadcrumb\"},\"inLanguage\":\"de\",\"potentialAction\":[{\"@type\":\"ReadAction\",\"target\":[\"https:\\\/\\\/www.salzburgerland.com\\\/de\\\/magazin\\\/weihnachtskrippentour-durch-die-salzburger-altstadt\\\/\"]}]},{\"@type\":\"ImageObject\",\"inLanguage\":\"de\",\"@id\":\"https:\\\/\\\/www.salzburgerland.com\\\/de\\\/magazin\\\/weihnachtskrippentour-durch-die-salzburger-altstadt\\\/#primaryimage\",\"url\":\"https:\\\/\\\/www.salzburgerland.com\\\/de\\\/magazin\\\/wp-content\\\/uploads\\\/2016\\\/11\\\/Krippe-e1639477278236.jpg\",\"contentUrl\":\"https:\\\/\\\/www.salzburgerland.com\\\/de\\\/magazin\\\/wp-content\\\/uploads\\\/2016\\\/11\\\/Krippe-e1639477278236.jpg\",\"width\":1915,\"height\":979,\"caption\":\"\u00a9 Ulli Hammerl - Krippe des Krippenbauvereins Gr\u00f6dig am Christkindlmarkt\"},{\"@type\":\"BreadcrumbList\",\"@id\":\"https:\\\/\\\/www.salzburgerland.com\\\/de\\\/magazin\\\/weihnachtskrippentour-durch-die-salzburger-altstadt\\\/#breadcrumb\",\"itemListElement\":[{\"@type\":\"ListItem\",\"position\":1,\"name\":\"Startseite\",\"item\":\"https:\\\/\\\/www.salzburgerland.com\\\/de\\\/magazin\\\/\"},{\"@type\":\"ListItem\",\"position\":2,\"name\":\"Kunst &amp; Kultur\",\"item\":\"https:\\\/\\\/www.salzburgerland.com\\\/de\\\/magazin\\\/thema\\\/kunst-kultur\\\/\"},{\"@type\":\"ListItem\",\"position\":3,\"name\":\"Weihnachtskrippentour durch die Salzburger Altstadt\"}]},{\"@type\":\"WebSite\",\"@id\":\"https:\\\/\\\/www.salzburgerland.com\\\/de\\\/magazin\\\/#website\",\"url\":\"https:\\\/\\\/www.salzburgerland.com\\\/de\\\/magazin\\\/\",\"name\":\"SalzburgerLand Magazin\",\"description\":\"Geschichten und Interessantes aus dem SalzburgerLand\",\"publisher\":{\"@id\":\"https:\\\/\\\/www.salzburgerland.com\\\/de\\\/magazin\\\/#organization\"},\"potentialAction\":[{\"@type\":\"SearchAction\",\"target\":{\"@type\":\"EntryPoint\",\"urlTemplate\":\"https:\\\/\\\/www.salzburgerland.com\\\/de\\\/magazin\\\/?s={search_term_string}\"},\"query-input\":{\"@type\":\"PropertyValueSpecification\",\"valueRequired\":true,\"valueName\":\"search_term_string\"}}],\"inLanguage\":\"de\"},{\"@type\":\"Organization\",\"@id\":\"https:\\\/\\\/www.salzburgerland.com\\\/de\\\/magazin\\\/#organization\",\"name\":\"SalzburgerLand Tourismus\",\"url\":\"https:\\\/\\\/www.salzburgerland.com\\\/de\\\/magazin\\\/\",\"logo\":{\"@type\":\"ImageObject\",\"inLanguage\":\"de\",\"@id\":\"https:\\\/\\\/www.salzburgerland.com\\\/de\\\/magazin\\\/#\\\/schema\\\/logo\\\/image\\\/\",\"url\":\"https:\\\/\\\/www.salzburgerland.com\\\/de\\\/magazin\\\/wp-content\\\/uploads\\\/2019\\\/06\\\/salzburgerland-logo1.jpg\",\"contentUrl\":\"https:\\\/\\\/www.salzburgerland.com\\\/de\\\/magazin\\\/wp-content\\\/uploads\\\/2019\\\/06\\\/salzburgerland-logo1.jpg\",\"width\":2011,\"height\":866,\"caption\":\"SalzburgerLand Tourismus\"},\"image\":{\"@id\":\"https:\\\/\\\/www.salzburgerland.com\\\/de\\\/magazin\\\/#\\\/schema\\\/logo\\\/image\\\/\"},\"sameAs\":[\"https:\\\/\\\/www.facebook.com\\\/salzburgerland\\\/\",\"https:\\\/\\\/x.com\\\/Salzburgerland\",\"https:\\\/\\\/www.instagram.com\\\/salzburgerland\\\/\",\"https:\\\/\\\/at.linkedin.com\\\/company\\\/salzburgerland-tourismus-gmbh\",\"https:\\\/\\\/www.pinterest.at\\\/salzburgerland\\\/\",\"https:\\\/\\\/www.youtube.com\\\/user\\\/salzburgerland\",\"https:\\\/\\\/de.wikipedia.org\\\/wiki\\\/SalzburgerLand_Tourismus_GmbH\"]},{\"@type\":\"Person\",\"@id\":\"https:\\\/\\\/www.salzburgerland.com\\\/de\\\/magazin\\\/#\\\/schema\\\/person\\\/a55a4fee1009b9e458d298480a18a9f7\",\"name\":\"Ulli Hammerl\",\"description\":\"Geboren und aufgewachsen in der Stadt Salzburg war Ulli Hammerl fr\u00fch bewusst, in einer der sch\u00f6nsten St\u00e4dte der Welt zu leben. So ist sie auch w\u00e4hrend ihres Studiums der Kommunikationswissenschaft und \u00d6kologie ihrer Heimatstadt treu geblieben. Gleich nach dem Studium ist sie zu SalzburgerLand Tourismus (SLTG) gegangen und hat hier von 1998 - 2004 u.a. die SalzburgerLand Card betreut. Dabei ist sie viel herumgekommen, wodurch auch die Liebe zum SalzburgerLand enstanden und gewachsen ist. Nach der Geburt ihrer Tochter im September 2004 hat sich Ulli Hammerl 2007 mit einer Agentur selbst\u00e4ndig gemacht. Mein pers\u00f6nlicher Logenplatz: Hoch \u00fcber Salzburg, abseits der stark begangenen Wege mit Blick auf die D\u00e4cher und Kircht\u00fcrme der Stadt \u2013 hier geht mir das Herz auf! Morgen- oder Abendmensch: Ganz klar: Morgenmensch. Wenn um 5.00 Uhr fr\u00fch die V\u00f6gel zwitschern und rund herum noch alles in tiefer Ruhe versinkt, dann ist meine Zeit. Ausgeschlafen, Energie geladen und voller Tatendrang starte ich am liebsten in den fr\u00fchen Morgenstunden in den Tag. Daf\u00fcr kann man nach 21.00 Uhr nicht mehr mit mir rechnen. Buch oder Film: Es gibt nichts Sch\u00f6neres, als es sich am Ende des Tages auf der Couch gem\u00fctlich zu machen und in die Gedankenwelt eines guten Buches einzutauchen \u2013 Lesen ist Abenteuer im Kopf. Wandern, Spazierengehen oder Laufen: alles drei und zwar am besten jeden Tag. Mit ein bisschen Zeiteinteilung geht es sich tats\u00e4chlich fast gehen Tag aus, drau\u00dfen unterwegs zu sein. Fr\u00fchling, Sommer, Herbst oder Winter: Ich kann es im Fr\u00fchling kaum erwarten, die ersten Gr\u00fcnschattierungen in der Natur zu entdecken. Ich liebe hei\u00dfe Sommertage am See und laue Sommerabende am Balkon. Ich mag es, wenn im Herbst die W\u00e4lder in einem Meer aus Farben erstrahlen, Laubrascheln und Kastanien sammeln. Und ich freue mich wie ein Kind, wenn im Dezember die ersten Schneeflocken vom Himmel schweben. Die vier Jahreszeiten sind etwas Wunderbares.\",\"url\":\"https:\\\/\\\/www.salzburgerland.com\\\/de\\\/magazin\\\/author\\\/ulli-hammerl\\\/\"}]}<\/script>\n<!-- \/ Yoast SEO Premium plugin. -->","yoast_head_json":{"title":"Weihnachtskrippentour durch die Salzburger Altstadt - SalzburgerLand Magazin","description":"Begleite uns auf einem Spaziergang durch die Stadt Salzburg auf der Suche nach der sch\u00f6nsten Weihnachtskrippe.","robots":{"index":"index","follow":"follow","max-snippet":"max-snippet:-1","max-image-preview":"max-image-preview:large","max-video-preview":"max-video-preview:-1"},"canonical":"https:\/\/www.salzburgerland.com\/de\/magazin\/weihnachtskrippentour-durch-die-salzburger-altstadt\/","og_locale":"de_DE","og_type":"article","og_title":"Weihnachtskrippentour durch die Salzburger Altstadt","og_description":"Das Brauchtum, Weihnachtskrippen mit der Geburtsszene von Jesus im Stall von Bethlehem aufzustellen, reicht bis ins Fr\u00fchchristentum zur\u00fcck. Auch heute noch ist es in vielen Familien \u00fcblich, im Advent eine eigene Krippe einzurichten. Und nat\u00fcrlich gibt es auch kaum eine christliche Kirche, in der die Heilige Familie nicht Einzug h\u00e4lt. Wir haben uns auf den [&hellip;]","og_url":"https:\/\/www.salzburgerland.com\/de\/magazin\/weihnachtskrippentour-durch-die-salzburger-altstadt\/","og_site_name":"SalzburgerLand Magazin","article_publisher":"https:\/\/www.facebook.com\/salzburgerland\/","article_published_time":"2016-11-29T07:56:47+00:00","article_modified_time":"2025-12-09T10:38:18+00:00","og_image":[{"width":1915,"height":979,"url":"https:\/\/www.salzburgerland.com\/de\/magazin\/wp-content\/uploads\/2016\/11\/Krippe-e1639477278236.jpg","type":"image\/jpeg"}],"author":"Ulli Hammerl","twitter_card":"summary_large_image","twitter_creator":"@Salzburgerland","twitter_site":"@Salzburgerland","twitter_misc":{"Verfasst von":"Ulli Hammerl","Gesch\u00e4tzte Lesezeit":"5\u00a0Minuten"},"schema":{"@context":"https:\/\/schema.org","@graph":[{"@type":"Article","@id":"https:\/\/www.salzburgerland.com\/de\/magazin\/weihnachtskrippentour-durch-die-salzburger-altstadt\/#article","isPartOf":{"@id":"https:\/\/www.salzburgerland.com\/de\/magazin\/weihnachtskrippentour-durch-die-salzburger-altstadt\/"},"author":{"name":"Ulli Hammerl","@id":"https:\/\/www.salzburgerland.com\/de\/magazin\/#\/schema\/person\/a55a4fee1009b9e458d298480a18a9f7"},"headline":"Weihnachtskrippentour durch die Salzburger Altstadt","datePublished":"2016-11-29T07:56:47+00:00","dateModified":"2025-12-09T10:38:18+00:00","mainEntityOfPage":{"@id":"https:\/\/www.salzburgerland.com\/de\/magazin\/weihnachtskrippentour-durch-die-salzburger-altstadt\/"},"wordCount":425,"commentCount":0,"publisher":{"@id":"https:\/\/www.salzburgerland.com\/de\/magazin\/#organization"},"image":{"@id":"https:\/\/www.salzburgerland.com\/de\/magazin\/weihnachtskrippentour-durch-die-salzburger-altstadt\/#primaryimage"},"thumbnailUrl":"https:\/\/www.salzburgerland.com\/de\/magazin\/wp-content\/uploads\/2016\/11\/Krippe-e1639477278236.jpg","articleSection":["Kunst &amp; Kultur"],"inLanguage":"de","potentialAction":[{"@type":"CommentAction","name":"Comment","target":["https:\/\/www.salzburgerland.com\/de\/magazin\/weihnachtskrippentour-durch-die-salzburger-altstadt\/#respond"]}]},{"@type":"WebPage","@id":"https:\/\/www.salzburgerland.com\/de\/magazin\/weihnachtskrippentour-durch-die-salzburger-altstadt\/","url":"https:\/\/www.salzburgerland.com\/de\/magazin\/weihnachtskrippentour-durch-die-salzburger-altstadt\/","name":"Weihnachtskrippentour durch die Salzburger Altstadt - SalzburgerLand Magazin","isPartOf":{"@id":"https:\/\/www.salzburgerland.com\/de\/magazin\/#website"},"primaryImageOfPage":{"@id":"https:\/\/www.salzburgerland.com\/de\/magazin\/weihnachtskrippentour-durch-die-salzburger-altstadt\/#primaryimage"},"image":{"@id":"https:\/\/www.salzburgerland.com\/de\/magazin\/weihnachtskrippentour-durch-die-salzburger-altstadt\/#primaryimage"},"thumbnailUrl":"https:\/\/www.salzburgerland.com\/de\/magazin\/wp-content\/uploads\/2016\/11\/Krippe-e1639477278236.jpg","datePublished":"2016-11-29T07:56:47+00:00","dateModified":"2025-12-09T10:38:18+00:00","breadcrumb":{"@id":"https:\/\/www.salzburgerland.com\/de\/magazin\/weihnachtskrippentour-durch-die-salzburger-altstadt\/#breadcrumb"},"inLanguage":"de","potentialAction":[{"@type":"ReadAction","target":["https:\/\/www.salzburgerland.com\/de\/magazin\/weihnachtskrippentour-durch-die-salzburger-altstadt\/"]}]},{"@type":"ImageObject","inLanguage":"de","@id":"https:\/\/www.salzburgerland.com\/de\/magazin\/weihnachtskrippentour-durch-die-salzburger-altstadt\/#primaryimage","url":"https:\/\/www.salzburgerland.com\/de\/magazin\/wp-content\/uploads\/2016\/11\/Krippe-e1639477278236.jpg","contentUrl":"https:\/\/www.salzburgerland.com\/de\/magazin\/wp-content\/uploads\/2016\/11\/Krippe-e1639477278236.jpg","width":1915,"height":979,"caption":"\u00a9 Ulli Hammerl - Krippe des Krippenbauvereins Gr\u00f6dig am Christkindlmarkt"},{"@type":"BreadcrumbList","@id":"https:\/\/www.salzburgerland.com\/de\/magazin\/weihnachtskrippentour-durch-die-salzburger-altstadt\/#breadcrumb","itemListElement":[{"@type":"ListItem","position":1,"name":"Startseite","item":"https:\/\/www.salzburgerland.com\/de\/magazin\/"},{"@type":"ListItem","position":2,"name":"Kunst &amp; Kultur","item":"https:\/\/www.salzburgerland.com\/de\/magazin\/thema\/kunst-kultur\/"},{"@type":"ListItem","position":3,"name":"Weihnachtskrippentour durch die Salzburger Altstadt"}]},{"@type":"WebSite","@id":"https:\/\/www.salzburgerland.com\/de\/magazin\/#website","url":"https:\/\/www.salzburgerland.com\/de\/magazin\/","name":"SalzburgerLand Magazin","description":"Geschichten und Interessantes aus dem SalzburgerLand","publisher":{"@id":"https:\/\/www.salzburgerland.com\/de\/magazin\/#organization"},"potentialAction":[{"@type":"SearchAction","target":{"@type":"EntryPoint","urlTemplate":"https:\/\/www.salzburgerland.com\/de\/magazin\/?s={search_term_string}"},"query-input":{"@type":"PropertyValueSpecification","valueRequired":true,"valueName":"search_term_string"}}],"inLanguage":"de"},{"@type":"Organization","@id":"https:\/\/www.salzburgerland.com\/de\/magazin\/#organization","name":"SalzburgerLand Tourismus","url":"https:\/\/www.salzburgerland.com\/de\/magazin\/","logo":{"@type":"ImageObject","inLanguage":"de","@id":"https:\/\/www.salzburgerland.com\/de\/magazin\/#\/schema\/logo\/image\/","url":"https:\/\/www.salzburgerland.com\/de\/magazin\/wp-content\/uploads\/2019\/06\/salzburgerland-logo1.jpg","contentUrl":"https:\/\/www.salzburgerland.com\/de\/magazin\/wp-content\/uploads\/2019\/06\/salzburgerland-logo1.jpg","width":2011,"height":866,"caption":"SalzburgerLand Tourismus"},"image":{"@id":"https:\/\/www.salzburgerland.com\/de\/magazin\/#\/schema\/logo\/image\/"},"sameAs":["https:\/\/www.facebook.com\/salzburgerland\/","https:\/\/x.com\/Salzburgerland","https:\/\/www.instagram.com\/salzburgerland\/","https:\/\/at.linkedin.com\/company\/salzburgerland-tourismus-gmbh","https:\/\/www.pinterest.at\/salzburgerland\/","https:\/\/www.youtube.com\/user\/salzburgerland","https:\/\/de.wikipedia.org\/wiki\/SalzburgerLand_Tourismus_GmbH"]},{"@type":"Person","@id":"https:\/\/www.salzburgerland.com\/de\/magazin\/#\/schema\/person\/a55a4fee1009b9e458d298480a18a9f7","name":"Ulli Hammerl","description":"Geboren und aufgewachsen in der Stadt Salzburg war Ulli Hammerl fr\u00fch bewusst, in einer der sch\u00f6nsten St\u00e4dte der Welt zu leben. So ist sie auch w\u00e4hrend ihres Studiums der Kommunikationswissenschaft und \u00d6kologie ihrer Heimatstadt treu geblieben. Gleich nach dem Studium ist sie zu SalzburgerLand Tourismus (SLTG) gegangen und hat hier von 1998 - 2004 u.a. die SalzburgerLand Card betreut. Dabei ist sie viel herumgekommen, wodurch auch die Liebe zum SalzburgerLand enstanden und gewachsen ist. Nach der Geburt ihrer Tochter im September 2004 hat sich Ulli Hammerl 2007 mit einer Agentur selbst\u00e4ndig gemacht. Mein pers\u00f6nlicher Logenplatz: Hoch \u00fcber Salzburg, abseits der stark begangenen Wege mit Blick auf die D\u00e4cher und Kircht\u00fcrme der Stadt \u2013 hier geht mir das Herz auf! Morgen- oder Abendmensch: Ganz klar: Morgenmensch. Wenn um 5.00 Uhr fr\u00fch die V\u00f6gel zwitschern und rund herum noch alles in tiefer Ruhe versinkt, dann ist meine Zeit. Ausgeschlafen, Energie geladen und voller Tatendrang starte ich am liebsten in den fr\u00fchen Morgenstunden in den Tag. Daf\u00fcr kann man nach 21.00 Uhr nicht mehr mit mir rechnen. Buch oder Film: Es gibt nichts Sch\u00f6neres, als es sich am Ende des Tages auf der Couch gem\u00fctlich zu machen und in die Gedankenwelt eines guten Buches einzutauchen \u2013 Lesen ist Abenteuer im Kopf. Wandern, Spazierengehen oder Laufen: alles drei und zwar am besten jeden Tag. Mit ein bisschen Zeiteinteilung geht es sich tats\u00e4chlich fast gehen Tag aus, drau\u00dfen unterwegs zu sein. Fr\u00fchling, Sommer, Herbst oder Winter: Ich kann es im Fr\u00fchling kaum erwarten, die ersten Gr\u00fcnschattierungen in der Natur zu entdecken. Ich liebe hei\u00dfe Sommertage am See und laue Sommerabende am Balkon. Ich mag es, wenn im Herbst die W\u00e4lder in einem Meer aus Farben erstrahlen, Laubrascheln und Kastanien sammeln. Und ich freue mich wie ein Kind, wenn im Dezember die ersten Schneeflocken vom Himmel schweben. Die vier Jahreszeiten sind etwas Wunderbares.","url":"https:\/\/www.salzburgerland.com\/de\/magazin\/author\/ulli-hammerl\/"}]}},"_wl_alt_label":[],"wl:entity_url":"http:\/\/open.salzburgerland.com\/magazin\/post\/weihnachtskrippentour_durch_die_salzburger_altstadt","_links":{"self":[{"href":"https:\/\/www.salzburgerland.com\/de\/magazin\/wp-json\/wp\/v2\/posts\/111421","targetHints":{"allow":["GET"]}}],"collection":[{"href":"https:\/\/www.salzburgerland.com\/de\/magazin\/wp-json\/wp\/v2\/posts"}],"about":[{"href":"https:\/\/www.salzburgerland.com\/de\/magazin\/wp-json\/wp\/v2\/types\/post"}],"author":[{"embeddable":true,"href":"https:\/\/www.salzburgerland.com\/de\/magazin\/wp-json\/wp\/v2\/users\/90"}],"replies":[{"embeddable":true,"href":"https:\/\/www.salzburgerland.com\/de\/magazin\/wp-json\/wp\/v2\/comments?post=111421"}],"version-history":[{"count":4,"href":"https:\/\/www.salzburgerland.com\/de\/magazin\/wp-json\/wp\/v2\/posts\/111421\/revisions"}],"predecessor-version":[{"id":185459,"href":"https:\/\/www.salzburgerland.com\/de\/magazin\/wp-json\/wp\/v2\/posts\/111421\/revisions\/185459"}],"wp:featuredmedia":[{"embeddable":true,"href":"https:\/\/www.salzburgerland.com\/de\/magazin\/wp-json\/wp\/v2\/media\/159520"}],"wp:attachment":[{"href":"https:\/\/www.salzburgerland.com\/de\/magazin\/wp-json\/wp\/v2\/media?parent=111421"}],"wp:term":[{"taxonomy":"category","embeddable":true,"href":"https:\/\/www.salzburgerland.com\/de\/magazin\/wp-json\/wp\/v2\/categories?post=111421"},{"taxonomy":"post_tag","embeddable":true,"href":"https:\/\/www.salzburgerland.com\/de\/magazin\/wp-json\/wp\/v2\/tags?post=111421"},{"taxonomy":"wl_entity_type","embeddable":true,"href":"https:\/\/www.salzburgerland.com\/de\/magazin\/wp-json\/wp\/v2\/wl_entity_type?post=111421"},{"taxonomy":"monatsauswahl","embeddable":true,"href":"https:\/\/www.salzburgerland.com\/de\/magazin\/wp-json\/wp\/v2\/monatsauswahl?post=111421"}],"curies":[{"name":"wp","href":"https:\/\/api.w.org\/{rel}","templated":true}]}}