{"id":111315,"date":"2016-12-14T08:00:20","date_gmt":"2016-12-14T07:00:20","guid":{"rendered":"http:\/\/magazin.salzburgerland.com\/?p=111315"},"modified":"2023-02-20T08:05:05","modified_gmt":"2023-02-20T07:05:05","slug":"intuition-reflexion-innenschau","status":"publish","type":"post","link":"https:\/\/www.salzburgerland.com\/de\/magazin\/intuition-reflexion-innenschau\/","title":{"rendered":"Intuition. Reflexion. Innenschau."},"content":{"rendered":"\n<p><strong>Das Raun\u00e4chtetagebuch von <a href=\"http:\/\/www.diemaerchenfee.at\/\">Nina St\u00f6gm\u00fcller<\/a> ist ein Begleiter durch die \u201ezw\u00f6lf heiligen N\u00e4chte\u201c im Jahr &#8211; den so genannten Raun\u00e4chten. In diesem kurzweiligen Buch laden M\u00e4rchen zum Schmunzeln, Nachdenken und Reflektieren ein. Wer Lust hat, schreibt seine Gedanken ins Buch und f\u00e4rbt die vielen Zeichnungen bunt.<\/strong><\/p>\n\n\n\n<p>Zeit zum Innehalten, sich eine Auszeit g\u00f6nnen und gemeinsam mit seinen Lieben eine ruhige Zeit verbringen: Die zw\u00f6lf Raun\u00e4chte zwischen der Wintersonnenwende und dem Dreik\u00f6nigstag sind eine besondere Zeit. Viele haben frei und n\u00fctzen die Tage zum Wandern, Skifahren, Lesen oder f\u00fcr Besuche bei Verwandten und Freunden . <br> In fr\u00fcheren Zeiten galten Raun\u00e4chte als heilig, geheimnisvoll und manchmal auch als gef\u00e4hrlich. Nina St\u00f6gm\u00fcller hat \u00fcber diese besondere Zeit ein Buch geschrieben. &#8222;Es gibt dar\u00fcber nicht viel Literatur, daf\u00fcr umso mehr \u00fcberliefertes Wissen, Br\u00e4uche, Rituale und Aberglauben&#8220;, sagt sie. In &#8222;Mein Raun\u00e4chtetagebuch&#8220; erz\u00e4hlt die Autorin Raunachtm\u00e4rchen zum Schmunzeln und zum Nachdenken. St\u00f6gm\u00fcller: &#8222;Ich m\u00f6chte in Form meiner M\u00e4rchen dazu beitragen, dass unsere Welt ein bisschen zauberhafter wird. Beim Lesen von m\u00e4rchenhaften Geschichten kann man besonders gut zur Ruhe kommen und auch einmal vom Alltagsstress abschalten&#8220;, sagt sie.<\/p>\n\n\n\n<p>Die Zeit zwischen dem alten und dem neuen Jahr galt seit jeher als mystisch und geheimnisvoll. Perchtenl\u00e4ufe finden in vielen Salzburger Gemeinden schon in der Adventzeit statt. Frau Percht gilt als Mutter der Raun\u00e4chte. Sie symbolisiert den Zyklus von Geburt, Werden und Tod. Sie erscheint in den Raun\u00e4chten meist als alte Weise die durch das Land zieht und den Menschen hilft das alte Jahr gut abzuschlie\u00dfen.<\/p>\n\n\n\n<p>Was die Raun\u00e4chte heute so mystisch macht, sind die Br\u00e4uche, die diese Zeit begleiten. Es hei\u00dft zum Beispiel was man in den Raun\u00e4chten tr\u00e4umt wird wahr. Jede Nacht steht f\u00fcr ein Monat im neuen Jahr. Die erste Raunacht &#8211; die Wintersonnenwende am 21. Dezember &#8211; gilt dem J\u00e4nner, die zweite zwischen dem 25. und 26. Dezember, dem Februar und so weiter. Der sechste J\u00e4nner &#8211; der &#8222;Dreik\u00f6nigstag&#8220; gilt als Abschluss der Raun\u00e4chte.<\/p>\n\n\n\n<p>St\u00f6gm\u00fcller l\u00e4dt mit &#8222;Mein Raun\u00e4chtetagebuch&#8220; ein, w\u00e4hrend den Raun\u00e4chten bewusst in sich zu gehen und pers\u00f6nliche Eindr\u00fccke, Gedanken und Tr\u00e4ume schriftlich festzuhalten, um die so gewonnenen Erkenntnisse im neuen Jahr positiv nutzen zu k\u00f6nnen. Das 160 Seiten z\u00e4hlende Buch ist im <a href=\"https:\/\/pustet.at\/de\/buecher.cp\/mein-raunaechtetagebuch\/356\" target=\"_blank\" rel=\"noreferrer noopener\">Anton Pustet Verlag<\/a> erschienen und kostet 19,95 Euro; ISBN 978-3-7025-0843-2.<\/p>\n\n\n<div class=\"mag-gallery\"><div class=\"row\"><div class=\"col-6 col-sm-4\"><figure><a class=\"thumb-container\" href=\"https:\/\/www.salzburgerland.com\/de\/magazin\/wp-content\/uploads\/2016\/11\/cover_raunychtetagebuch-3-1280x1024.jpg\">\t<picture><source media=\"(min-width: 576px)\" srcset=\"\"><\/source><source media=\"(min-width: 0)\" srcset=\"https:\/\/www.salzburgerland.com\/de\/magazin\/wp-content\/uploads\/2016\/11\/cover_raunychtetagebuch-3.jpg 1010w, https:\/\/www.salzburgerland.com\/de\/magazin\/wp-content\/uploads\/2016\/11\/cover_raunychtetagebuch-3-189x300.jpg 189w, https:\/\/www.salzburgerland.com\/de\/magazin\/wp-content\/uploads\/2016\/11\/cover_raunychtetagebuch-3-347x550.jpg 347w, https:\/\/www.salzburgerland.com\/de\/magazin\/wp-content\/uploads\/2016\/11\/cover_raunychtetagebuch-3-253x400.jpg 253w\"><\/source><img decoding=\"async\" alt=\"Ein blattloser Baum mit V&ouml;geln auf den &Auml;sten, Schneefall und dem deutschen Text MEIN RAUN&Auml;CHTE-TAGEBUCH.\" src=\"https:\/\/www.salzburgerland.com\/de\/magazin\/wp-content\/uploads\/2016\/11\/cover_raunychtetagebuch-3.jpg\">\t<\/picture><figcaption>Das Raun&auml;chtetagebuch &#8230;<\/figcaption><\/a><\/figure><\/div><div class=\"col-6 col-sm-4\"><figure><a class=\"thumb-container\" href=\"https:\/\/www.salzburgerland.com\/de\/magazin\/wp-content\/uploads\/2016\/11\/Percht-d-1280x1024.jpg\">\t<picture><source media=\"(min-width: 576px)\" srcset=\"https:\/\/www.salzburgerland.com\/de\/magazin\/wp-content\/uploads\/2016\/11\/Percht-d-325x209.jpg 325w, https:\/\/www.salzburgerland.com\/de\/magazin\/wp-content\/uploads\/2016\/11\/Percht-d-249x160.jpg 249w\"><\/source><source media=\"(min-width: 0)\" srcset=\"https:\/\/www.salzburgerland.com\/de\/magazin\/wp-content\/uploads\/2016\/11\/Percht-d-249x160.jpg 249w, https:\/\/www.salzburgerland.com\/de\/magazin\/wp-content\/uploads\/2016\/11\/Percht-d-325x209.jpg 325w\"><\/source><img decoding=\"async\" alt=\"Person mit einer gruseligen, verdrehten Hexenmaske mit langen Haaren bei einer n&auml;chtlichen, verschneiten Veranstaltung im Freien.\" src=\"https:\/\/www.salzburgerland.com\/de\/magazin\/wp-content\/uploads\/2016\/11\/Percht-d.jpg\">\t<\/picture><figcaption>&#8230; erz&auml;hlt &uuml;ber alte Br&auml;uche <\/figcaption><\/a><\/figure><\/div><div class=\"col-6 col-sm-4\"><figure><a class=\"thumb-container\" href=\"https:\/\/www.salzburgerland.com\/de\/magazin\/wp-content\/uploads\/2016\/11\/Perchta-d-1280x1024.jpg\">\t<picture><source media=\"(min-width: 576px)\" srcset=\"https:\/\/www.salzburgerland.com\/de\/magazin\/wp-content\/uploads\/2016\/11\/Perchta-d-325x209.jpg 325w, https:\/\/www.salzburgerland.com\/de\/magazin\/wp-content\/uploads\/2016\/11\/Perchta-d-249x160.jpg 249w\"><\/source><source media=\"(min-width: 0)\" srcset=\"https:\/\/www.salzburgerland.com\/de\/magazin\/wp-content\/uploads\/2016\/11\/Perchta-d-249x160.jpg 249w, https:\/\/www.salzburgerland.com\/de\/magazin\/wp-content\/uploads\/2016\/11\/Perchta-d-325x209.jpg 325w\"><\/source><img decoding=\"async\" alt=\"Person, die eine sonnenf&ouml;rmige Maske mit &uuml;bertriebenen Gesichtsz&uuml;gen vor einem dunklen Hintergrund mit wei&szlig;en Flecken tr&auml;gt.\" src=\"https:\/\/www.salzburgerland.com\/de\/magazin\/wp-content\/uploads\/2016\/11\/Perchta-d.jpg\">\t<\/picture><figcaption>&#8230; mit der sch&ouml;nen und mit der &#8230;<\/figcaption><\/a><\/figure><\/div><div class=\"col-6 col-sm-4\"><figure><a class=\"thumb-container\" href=\"https:\/\/www.salzburgerland.com\/de\/magazin\/wp-content\/uploads\/2016\/11\/Perchta-e-1280x1024.jpg\">\t<picture><source media=\"(min-width: 576px)\" srcset=\"https:\/\/www.salzburgerland.com\/de\/magazin\/wp-content\/uploads\/2016\/11\/Perchta-e-325x209.jpg 325w, https:\/\/www.salzburgerland.com\/de\/magazin\/wp-content\/uploads\/2016\/11\/Perchta-e-249x160.jpg 249w\"><\/source><source media=\"(min-width: 0)\" srcset=\"https:\/\/www.salzburgerland.com\/de\/magazin\/wp-content\/uploads\/2016\/11\/Perchta-e-249x160.jpg 249w, https:\/\/www.salzburgerland.com\/de\/magazin\/wp-content\/uploads\/2016\/11\/Perchta-e-325x209.jpg 325w\"><\/source><img decoding=\"async\" alt=\"Person, die eine furchterregende, geh&ouml;rnte, rote D&auml;monenmaske mit langen wei&szlig;en Haaren bei Nacht im fallenden Schnee tr&auml;gt.\" src=\"https:\/\/www.salzburgerland.com\/de\/magazin\/wp-content\/uploads\/2016\/11\/Perchta-e.jpg\">\t<\/picture><figcaption>und der b&ouml;sen Frau Percht.<\/figcaption><\/a><\/figure><\/div><div class=\"col-6 col-sm-4\"><figure><a class=\"thumb-container\" href=\"https:\/\/www.salzburgerland.com\/de\/magazin\/wp-content\/uploads\/2016\/11\/Rauchern-c-1280x1024.jpg\">\t<picture><source media=\"(min-width: 576px)\" srcset=\"https:\/\/www.salzburgerland.com\/de\/magazin\/wp-content\/uploads\/2016\/11\/Rauchern-c-325x209.jpg 325w, https:\/\/www.salzburgerland.com\/de\/magazin\/wp-content\/uploads\/2016\/11\/Rauchern-c-249x160.jpg 249w\"><\/source><source media=\"(min-width: 0)\" srcset=\"https:\/\/www.salzburgerland.com\/de\/magazin\/wp-content\/uploads\/2016\/11\/Rauchern-c-249x160.jpg 249w, https:\/\/www.salzburgerland.com\/de\/magazin\/wp-content\/uploads\/2016\/11\/Rauchern-c-325x209.jpg 325w\"><\/source><img decoding=\"async\" alt=\"Zwei Personen halten eine rauchende Eisenpfanne mit Kr&auml;utern und einen Holzbecher mit Beeren oder Samen darin.\" src=\"https:\/\/www.salzburgerland.com\/de\/magazin\/wp-content\/uploads\/2016\/11\/Rauchern-c.jpg\">\t<\/picture><figcaption>Es erz&auml;hlt &uuml;ber r&auml;uchern &#8230;<\/figcaption><\/a><\/figure><\/div><div class=\"col-6 col-sm-4\"><figure><a class=\"thumb-container\" href=\"https:\/\/www.salzburgerland.com\/de\/magazin\/wp-content\/uploads\/2016\/11\/Rauchern-a-1280x1024.jpg\">\t<picture><source media=\"(min-width: 576px)\" srcset=\"https:\/\/www.salzburgerland.com\/de\/magazin\/wp-content\/uploads\/2016\/11\/Rauchern-a-325x209.jpg 325w, https:\/\/www.salzburgerland.com\/de\/magazin\/wp-content\/uploads\/2016\/11\/Rauchern-a-249x160.jpg 249w\"><\/source><source media=\"(min-width: 0)\" srcset=\"https:\/\/www.salzburgerland.com\/de\/magazin\/wp-content\/uploads\/2016\/11\/Rauchern-a-249x160.jpg 249w, https:\/\/www.salzburgerland.com\/de\/magazin\/wp-content\/uploads\/2016\/11\/Rauchern-a-325x209.jpg 325w\"><\/source><img decoding=\"async\" alt=\"Ein Mann k&uuml;mmert sich mit einer kleinen Metallpfanne um das Feuer in einem gr&uuml;nen Kachelofen im Haus.\" src=\"https:\/\/www.salzburgerland.com\/de\/magazin\/wp-content\/uploads\/2016\/11\/Rauchern-a.jpg\">\t<\/picture><figcaption>&#8230; und alten Br&auml;uchen<\/figcaption><\/a><\/figure><\/div><\/div><figcaption><\/figcaption><\/div>\n","protected":false},"excerpt":{"rendered":"<p>Das Raun\u00e4chtetagebuch von Nina St\u00f6gm\u00fcller ist ein Begleiter durch die \u201ezw\u00f6lf heiligen N\u00e4chte\u201c im Jahr &#8211; den so genannten Raun\u00e4chten. In diesem kurzweiligen Buch laden M\u00e4rchen zum Schmunzeln, Nachdenken und Reflektieren ein. Wer Lust hat, schreibt seine Gedanken ins Buch und f\u00e4rbt die vielen Zeichnungen bunt. Zeit zum Innehalten, sich eine Auszeit g\u00f6nnen und gemeinsam [&hellip;]<\/p>\n","protected":false},"author":236,"featured_media":111316,"comment_status":"open","ping_status":"open","sticky":false,"template":"","format":"standard","meta":{"_acf_changed":false,"wl_entities_gutenberg":"","_wl_entity_redirect_enabled":"","footnotes":""},"categories":[6],"tags":[],"wl_entity_type":[306],"monatsauswahl":[82,93],"class_list":["post-111315","post","type-post","status-publish","format-standard","has-post-thumbnail","hentry","category-kunst-kultur","wl_entity_type-article","monatsauswahl-monat_1","monatsauswahl-monat_12"],"acf":[],"yoast_head":"<!-- This site is optimized with the Yoast SEO Premium plugin v27.4 (Yoast SEO v27.4) - https:\/\/yoast.com\/product\/yoast-seo-premium-wordpress\/ -->\n<title>Intuition. Reflexion. Innenschau. - SalzburgerLand Magazin<\/title>\n<meta name=\"description\" content=\"Das Raun\u00e4chtetagebuch von Nina St\u00f6gm\u00fcller ist ein Begleiter durch die \u201ezw\u00f6lf heiligen N\u00e4chte\u201c im Jahr &#8211; den so genannten Raun\u00e4chten. In diesem kurzweiligen Buch laden M\u00e4rchen zum Schmunzeln, Nachdenken und Reflektieren ein. Wer Lust hat, schreibt seine Gedanken ins Buch und f\u00e4rbt die vielen Zeichnungen bunt. Zeit zum Innehalten, sich eine Auszeit g\u00f6nnen und gemeinsam [&hellip;]\" \/>\n<meta name=\"robots\" content=\"index, follow, max-snippet:-1, max-image-preview:large, max-video-preview:-1\" \/>\n<link rel=\"canonical\" href=\"https:\/\/www.salzburgerland.com\/de\/magazin\/intuition-reflexion-innenschau\/\" \/>\n<meta property=\"og:locale\" content=\"de_DE\" \/>\n<meta property=\"og:type\" content=\"article\" \/>\n<meta property=\"og:title\" content=\"Intuition. Reflexion. Innenschau.\" \/>\n<meta property=\"og:description\" content=\"Das Raun\u00e4chtetagebuch von Nina St\u00f6gm\u00fcller ist ein Begleiter durch die \u201ezw\u00f6lf heiligen N\u00e4chte\u201c im Jahr &#8211; den so genannten Raun\u00e4chten. In diesem kurzweiligen Buch laden M\u00e4rchen zum Schmunzeln, Nachdenken und Reflektieren ein. Wer Lust hat, schreibt seine Gedanken ins Buch und f\u00e4rbt die vielen Zeichnungen bunt. Zeit zum Innehalten, sich eine Auszeit g\u00f6nnen und gemeinsam [&hellip;]\" \/>\n<meta property=\"og:url\" content=\"https:\/\/www.salzburgerland.com\/de\/magazin\/intuition-reflexion-innenschau\/\" \/>\n<meta property=\"og:site_name\" content=\"SalzburgerLand Magazin\" \/>\n<meta property=\"article:publisher\" content=\"https:\/\/www.facebook.com\/salzburgerland\/\" \/>\n<meta property=\"article:published_time\" content=\"2016-12-14T07:00:20+00:00\" \/>\n<meta property=\"article:modified_time\" content=\"2023-02-20T07:05:05+00:00\" \/>\n<meta property=\"og:image\" content=\"https:\/\/www.salzburgerland.com\/de\/magazin\/wp-content\/uploads\/2016\/11\/cover_raunychtetagebuch-3.jpg\" \/>\n\t<meta property=\"og:image:width\" content=\"1010\" \/>\n\t<meta property=\"og:image:height\" content=\"1600\" \/>\n\t<meta property=\"og:image:type\" content=\"image\/jpeg\" \/>\n<meta name=\"author\" content=\"Christine Fr\u00f6schl\" \/>\n<meta name=\"twitter:card\" content=\"summary_large_image\" \/>\n<meta name=\"twitter:creator\" content=\"@Salzburgerland\" \/>\n<meta name=\"twitter:site\" content=\"@Salzburgerland\" \/>\n<meta name=\"twitter:label1\" content=\"Verfasst von\" \/>\n\t<meta name=\"twitter:data1\" content=\"Christine Fr\u00f6schl\" \/>\n\t<meta name=\"twitter:label2\" content=\"Gesch\u00e4tzte Lesezeit\" \/>\n\t<meta name=\"twitter:data2\" content=\"4\u00a0Minuten\" \/>\n<script type=\"application\/ld+json\" class=\"yoast-schema-graph\">{\"@context\":\"https:\\\/\\\/schema.org\",\"@graph\":[{\"@type\":\"Article\",\"@id\":\"https:\\\/\\\/www.salzburgerland.com\\\/de\\\/magazin\\\/intuition-reflexion-innenschau\\\/#article\",\"isPartOf\":{\"@id\":\"https:\\\/\\\/www.salzburgerland.com\\\/de\\\/magazin\\\/intuition-reflexion-innenschau\\\/\"},\"author\":{\"name\":\"Christine Fr\u00f6schl\",\"@id\":\"https:\\\/\\\/www.salzburgerland.com\\\/de\\\/magazin\\\/#\\\/schema\\\/person\\\/7932db74f19d9640620859cb2b794c4e\"},\"headline\":\"Intuition. Reflexion. Innenschau.\",\"datePublished\":\"2016-12-14T07:00:20+00:00\",\"dateModified\":\"2023-02-20T07:05:05+00:00\",\"mainEntityOfPage\":{\"@id\":\"https:\\\/\\\/www.salzburgerland.com\\\/de\\\/magazin\\\/intuition-reflexion-innenschau\\\/\"},\"wordCount\":458,\"commentCount\":0,\"publisher\":{\"@id\":\"https:\\\/\\\/www.salzburgerland.com\\\/de\\\/magazin\\\/#organization\"},\"image\":{\"@id\":\"https:\\\/\\\/www.salzburgerland.com\\\/de\\\/magazin\\\/intuition-reflexion-innenschau\\\/#primaryimage\"},\"thumbnailUrl\":\"https:\\\/\\\/www.salzburgerland.com\\\/de\\\/magazin\\\/wp-content\\\/uploads\\\/2016\\\/11\\\/cover_raunychtetagebuch-3.jpg\",\"articleSection\":[\"Kunst &amp; Kultur\"],\"inLanguage\":\"de\",\"potentialAction\":[{\"@type\":\"CommentAction\",\"name\":\"Comment\",\"target\":[\"https:\\\/\\\/www.salzburgerland.com\\\/de\\\/magazin\\\/intuition-reflexion-innenschau\\\/#respond\"]}]},{\"@type\":\"WebPage\",\"@id\":\"https:\\\/\\\/www.salzburgerland.com\\\/de\\\/magazin\\\/intuition-reflexion-innenschau\\\/\",\"url\":\"https:\\\/\\\/www.salzburgerland.com\\\/de\\\/magazin\\\/intuition-reflexion-innenschau\\\/\",\"name\":\"Intuition. Reflexion. Innenschau. - SalzburgerLand Magazin\",\"isPartOf\":{\"@id\":\"https:\\\/\\\/www.salzburgerland.com\\\/de\\\/magazin\\\/#website\"},\"primaryImageOfPage\":{\"@id\":\"https:\\\/\\\/www.salzburgerland.com\\\/de\\\/magazin\\\/intuition-reflexion-innenschau\\\/#primaryimage\"},\"image\":{\"@id\":\"https:\\\/\\\/www.salzburgerland.com\\\/de\\\/magazin\\\/intuition-reflexion-innenschau\\\/#primaryimage\"},\"thumbnailUrl\":\"https:\\\/\\\/www.salzburgerland.com\\\/de\\\/magazin\\\/wp-content\\\/uploads\\\/2016\\\/11\\\/cover_raunychtetagebuch-3.jpg\",\"datePublished\":\"2016-12-14T07:00:20+00:00\",\"dateModified\":\"2023-02-20T07:05:05+00:00\",\"breadcrumb\":{\"@id\":\"https:\\\/\\\/www.salzburgerland.com\\\/de\\\/magazin\\\/intuition-reflexion-innenschau\\\/#breadcrumb\"},\"inLanguage\":\"de\",\"potentialAction\":[{\"@type\":\"ReadAction\",\"target\":[\"https:\\\/\\\/www.salzburgerland.com\\\/de\\\/magazin\\\/intuition-reflexion-innenschau\\\/\"]}]},{\"@type\":\"ImageObject\",\"inLanguage\":\"de\",\"@id\":\"https:\\\/\\\/www.salzburgerland.com\\\/de\\\/magazin\\\/intuition-reflexion-innenschau\\\/#primaryimage\",\"url\":\"https:\\\/\\\/www.salzburgerland.com\\\/de\\\/magazin\\\/wp-content\\\/uploads\\\/2016\\\/11\\\/cover_raunychtetagebuch-3.jpg\",\"contentUrl\":\"https:\\\/\\\/www.salzburgerland.com\\\/de\\\/magazin\\\/wp-content\\\/uploads\\\/2016\\\/11\\\/cover_raunychtetagebuch-3.jpg\",\"width\":1010,\"height\":1600,\"caption\":\"Das Raun\u00e4chtetagebuch ...\"},{\"@type\":\"BreadcrumbList\",\"@id\":\"https:\\\/\\\/www.salzburgerland.com\\\/de\\\/magazin\\\/intuition-reflexion-innenschau\\\/#breadcrumb\",\"itemListElement\":[{\"@type\":\"ListItem\",\"position\":1,\"name\":\"Startseite\",\"item\":\"https:\\\/\\\/www.salzburgerland.com\\\/de\\\/magazin\\\/\"},{\"@type\":\"ListItem\",\"position\":2,\"name\":\"Kunst &amp; Kultur\",\"item\":\"https:\\\/\\\/www.salzburgerland.com\\\/de\\\/magazin\\\/thema\\\/kunst-kultur\\\/\"},{\"@type\":\"ListItem\",\"position\":3,\"name\":\"Intuition. Reflexion. Innenschau.\"}]},{\"@type\":\"WebSite\",\"@id\":\"https:\\\/\\\/www.salzburgerland.com\\\/de\\\/magazin\\\/#website\",\"url\":\"https:\\\/\\\/www.salzburgerland.com\\\/de\\\/magazin\\\/\",\"name\":\"SalzburgerLand Magazin\",\"description\":\"Geschichten und Interessantes aus dem SalzburgerLand\",\"publisher\":{\"@id\":\"https:\\\/\\\/www.salzburgerland.com\\\/de\\\/magazin\\\/#organization\"},\"potentialAction\":[{\"@type\":\"SearchAction\",\"target\":{\"@type\":\"EntryPoint\",\"urlTemplate\":\"https:\\\/\\\/www.salzburgerland.com\\\/de\\\/magazin\\\/?s={search_term_string}\"},\"query-input\":{\"@type\":\"PropertyValueSpecification\",\"valueRequired\":true,\"valueName\":\"search_term_string\"}}],\"inLanguage\":\"de\"},{\"@type\":\"Organization\",\"@id\":\"https:\\\/\\\/www.salzburgerland.com\\\/de\\\/magazin\\\/#organization\",\"name\":\"SalzburgerLand Tourismus\",\"url\":\"https:\\\/\\\/www.salzburgerland.com\\\/de\\\/magazin\\\/\",\"logo\":{\"@type\":\"ImageObject\",\"inLanguage\":\"de\",\"@id\":\"https:\\\/\\\/www.salzburgerland.com\\\/de\\\/magazin\\\/#\\\/schema\\\/logo\\\/image\\\/\",\"url\":\"https:\\\/\\\/www.salzburgerland.com\\\/de\\\/magazin\\\/wp-content\\\/uploads\\\/2019\\\/06\\\/salzburgerland-logo1.jpg\",\"contentUrl\":\"https:\\\/\\\/www.salzburgerland.com\\\/de\\\/magazin\\\/wp-content\\\/uploads\\\/2019\\\/06\\\/salzburgerland-logo1.jpg\",\"width\":2011,\"height\":866,\"caption\":\"SalzburgerLand Tourismus\"},\"image\":{\"@id\":\"https:\\\/\\\/www.salzburgerland.com\\\/de\\\/magazin\\\/#\\\/schema\\\/logo\\\/image\\\/\"},\"sameAs\":[\"https:\\\/\\\/www.facebook.com\\\/salzburgerland\\\/\",\"https:\\\/\\\/x.com\\\/Salzburgerland\",\"https:\\\/\\\/www.instagram.com\\\/salzburgerland\\\/\",\"https:\\\/\\\/at.linkedin.com\\\/company\\\/salzburgerland-tourismus-gmbh\",\"https:\\\/\\\/www.pinterest.at\\\/salzburgerland\\\/\",\"https:\\\/\\\/www.youtube.com\\\/user\\\/salzburgerland\",\"https:\\\/\\\/de.wikipedia.org\\\/wiki\\\/SalzburgerLand_Tourismus_GmbH\"]},{\"@type\":\"Person\",\"@id\":\"https:\\\/\\\/www.salzburgerland.com\\\/de\\\/magazin\\\/#\\\/schema\\\/person\\\/7932db74f19d9640620859cb2b794c4e\",\"name\":\"Christine Fr\u00f6schl\",\"description\":\"Dein pers\u00f6nlicher Logenplatz im SalzburgerLand? Am liebsten gehe ich auf den Einberg im Salzburger Tennengau. Der Berg in der Osterhorn-Gruppe gl\u00e4nzt das ganze Jahr im Sonnenschein, auf dem Gipfel heben Paragleiter ab und die Aussicht auf das Tennengebirge, den Dachstein und die Bischofsm\u00fctze ist traumhaft. Dosige(r) oder Zuagroast? Zuagroast aus dem sch\u00f6nen Nieder\u00f6sterreich. Fr\u00fchling, Sommer, Herbst oder Winter? Alle Jahreszeiten begeistern mich. Momentan freue ich mich auf den Fr\u00fchling, das Zwitschern der V\u00f6gel und auf die sattgr\u00fcnen Wiesen. Salzburger Nockerl oder Schwarzbeernocken? Eindeutig Schwarzbeernocken. Rindsroulade vom Pinzgauer Biorind oder Saibling fangfrisch aus dem Fuschlsee? Mhhhh. Da kann ich mich nicht entscheiden. Bergtour oder Seentour? Mich zieht es auf jeden Fall hinauf. Begeistert bin ich auch von tiefblauen Bergseen in denen sich die Umgebung spiegelt und von der Aussicht w\u00e4hrend des Weges auf einen der wundersch\u00f6nen Seen im Salzburger Land.\",\"url\":\"https:\\\/\\\/www.salzburgerland.com\\\/de\\\/magazin\\\/author\\\/christine-froeschl\\\/\"}]}<\/script>\n<!-- \/ Yoast SEO Premium plugin. -->","yoast_head_json":{"title":"Intuition. Reflexion. Innenschau. - SalzburgerLand Magazin","description":"Das Raun\u00e4chtetagebuch von Nina St\u00f6gm\u00fcller ist ein Begleiter durch die \u201ezw\u00f6lf heiligen N\u00e4chte\u201c im Jahr &#8211; den so genannten Raun\u00e4chten. In diesem kurzweiligen Buch laden M\u00e4rchen zum Schmunzeln, Nachdenken und Reflektieren ein. Wer Lust hat, schreibt seine Gedanken ins Buch und f\u00e4rbt die vielen Zeichnungen bunt. Zeit zum Innehalten, sich eine Auszeit g\u00f6nnen und gemeinsam [&hellip;]","robots":{"index":"index","follow":"follow","max-snippet":"max-snippet:-1","max-image-preview":"max-image-preview:large","max-video-preview":"max-video-preview:-1"},"canonical":"https:\/\/www.salzburgerland.com\/de\/magazin\/intuition-reflexion-innenschau\/","og_locale":"de_DE","og_type":"article","og_title":"Intuition. Reflexion. Innenschau.","og_description":"Das Raun\u00e4chtetagebuch von Nina St\u00f6gm\u00fcller ist ein Begleiter durch die \u201ezw\u00f6lf heiligen N\u00e4chte\u201c im Jahr &#8211; den so genannten Raun\u00e4chten. In diesem kurzweiligen Buch laden M\u00e4rchen zum Schmunzeln, Nachdenken und Reflektieren ein. Wer Lust hat, schreibt seine Gedanken ins Buch und f\u00e4rbt die vielen Zeichnungen bunt. Zeit zum Innehalten, sich eine Auszeit g\u00f6nnen und gemeinsam [&hellip;]","og_url":"https:\/\/www.salzburgerland.com\/de\/magazin\/intuition-reflexion-innenschau\/","og_site_name":"SalzburgerLand Magazin","article_publisher":"https:\/\/www.facebook.com\/salzburgerland\/","article_published_time":"2016-12-14T07:00:20+00:00","article_modified_time":"2023-02-20T07:05:05+00:00","og_image":[{"width":1010,"height":1600,"url":"https:\/\/www.salzburgerland.com\/de\/magazin\/wp-content\/uploads\/2016\/11\/cover_raunychtetagebuch-3.jpg","type":"image\/jpeg"}],"author":"Christine Fr\u00f6schl","twitter_card":"summary_large_image","twitter_creator":"@Salzburgerland","twitter_site":"@Salzburgerland","twitter_misc":{"Verfasst von":"Christine Fr\u00f6schl","Gesch\u00e4tzte Lesezeit":"4\u00a0Minuten"},"schema":{"@context":"https:\/\/schema.org","@graph":[{"@type":"Article","@id":"https:\/\/www.salzburgerland.com\/de\/magazin\/intuition-reflexion-innenschau\/#article","isPartOf":{"@id":"https:\/\/www.salzburgerland.com\/de\/magazin\/intuition-reflexion-innenschau\/"},"author":{"name":"Christine Fr\u00f6schl","@id":"https:\/\/www.salzburgerland.com\/de\/magazin\/#\/schema\/person\/7932db74f19d9640620859cb2b794c4e"},"headline":"Intuition. Reflexion. Innenschau.","datePublished":"2016-12-14T07:00:20+00:00","dateModified":"2023-02-20T07:05:05+00:00","mainEntityOfPage":{"@id":"https:\/\/www.salzburgerland.com\/de\/magazin\/intuition-reflexion-innenschau\/"},"wordCount":458,"commentCount":0,"publisher":{"@id":"https:\/\/www.salzburgerland.com\/de\/magazin\/#organization"},"image":{"@id":"https:\/\/www.salzburgerland.com\/de\/magazin\/intuition-reflexion-innenschau\/#primaryimage"},"thumbnailUrl":"https:\/\/www.salzburgerland.com\/de\/magazin\/wp-content\/uploads\/2016\/11\/cover_raunychtetagebuch-3.jpg","articleSection":["Kunst &amp; Kultur"],"inLanguage":"de","potentialAction":[{"@type":"CommentAction","name":"Comment","target":["https:\/\/www.salzburgerland.com\/de\/magazin\/intuition-reflexion-innenschau\/#respond"]}]},{"@type":"WebPage","@id":"https:\/\/www.salzburgerland.com\/de\/magazin\/intuition-reflexion-innenschau\/","url":"https:\/\/www.salzburgerland.com\/de\/magazin\/intuition-reflexion-innenschau\/","name":"Intuition. Reflexion. Innenschau. - SalzburgerLand Magazin","isPartOf":{"@id":"https:\/\/www.salzburgerland.com\/de\/magazin\/#website"},"primaryImageOfPage":{"@id":"https:\/\/www.salzburgerland.com\/de\/magazin\/intuition-reflexion-innenschau\/#primaryimage"},"image":{"@id":"https:\/\/www.salzburgerland.com\/de\/magazin\/intuition-reflexion-innenschau\/#primaryimage"},"thumbnailUrl":"https:\/\/www.salzburgerland.com\/de\/magazin\/wp-content\/uploads\/2016\/11\/cover_raunychtetagebuch-3.jpg","datePublished":"2016-12-14T07:00:20+00:00","dateModified":"2023-02-20T07:05:05+00:00","breadcrumb":{"@id":"https:\/\/www.salzburgerland.com\/de\/magazin\/intuition-reflexion-innenschau\/#breadcrumb"},"inLanguage":"de","potentialAction":[{"@type":"ReadAction","target":["https:\/\/www.salzburgerland.com\/de\/magazin\/intuition-reflexion-innenschau\/"]}]},{"@type":"ImageObject","inLanguage":"de","@id":"https:\/\/www.salzburgerland.com\/de\/magazin\/intuition-reflexion-innenschau\/#primaryimage","url":"https:\/\/www.salzburgerland.com\/de\/magazin\/wp-content\/uploads\/2016\/11\/cover_raunychtetagebuch-3.jpg","contentUrl":"https:\/\/www.salzburgerland.com\/de\/magazin\/wp-content\/uploads\/2016\/11\/cover_raunychtetagebuch-3.jpg","width":1010,"height":1600,"caption":"Das Raun\u00e4chtetagebuch ..."},{"@type":"BreadcrumbList","@id":"https:\/\/www.salzburgerland.com\/de\/magazin\/intuition-reflexion-innenschau\/#breadcrumb","itemListElement":[{"@type":"ListItem","position":1,"name":"Startseite","item":"https:\/\/www.salzburgerland.com\/de\/magazin\/"},{"@type":"ListItem","position":2,"name":"Kunst &amp; Kultur","item":"https:\/\/www.salzburgerland.com\/de\/magazin\/thema\/kunst-kultur\/"},{"@type":"ListItem","position":3,"name":"Intuition. Reflexion. Innenschau."}]},{"@type":"WebSite","@id":"https:\/\/www.salzburgerland.com\/de\/magazin\/#website","url":"https:\/\/www.salzburgerland.com\/de\/magazin\/","name":"SalzburgerLand Magazin","description":"Geschichten und Interessantes aus dem SalzburgerLand","publisher":{"@id":"https:\/\/www.salzburgerland.com\/de\/magazin\/#organization"},"potentialAction":[{"@type":"SearchAction","target":{"@type":"EntryPoint","urlTemplate":"https:\/\/www.salzburgerland.com\/de\/magazin\/?s={search_term_string}"},"query-input":{"@type":"PropertyValueSpecification","valueRequired":true,"valueName":"search_term_string"}}],"inLanguage":"de"},{"@type":"Organization","@id":"https:\/\/www.salzburgerland.com\/de\/magazin\/#organization","name":"SalzburgerLand Tourismus","url":"https:\/\/www.salzburgerland.com\/de\/magazin\/","logo":{"@type":"ImageObject","inLanguage":"de","@id":"https:\/\/www.salzburgerland.com\/de\/magazin\/#\/schema\/logo\/image\/","url":"https:\/\/www.salzburgerland.com\/de\/magazin\/wp-content\/uploads\/2019\/06\/salzburgerland-logo1.jpg","contentUrl":"https:\/\/www.salzburgerland.com\/de\/magazin\/wp-content\/uploads\/2019\/06\/salzburgerland-logo1.jpg","width":2011,"height":866,"caption":"SalzburgerLand Tourismus"},"image":{"@id":"https:\/\/www.salzburgerland.com\/de\/magazin\/#\/schema\/logo\/image\/"},"sameAs":["https:\/\/www.facebook.com\/salzburgerland\/","https:\/\/x.com\/Salzburgerland","https:\/\/www.instagram.com\/salzburgerland\/","https:\/\/at.linkedin.com\/company\/salzburgerland-tourismus-gmbh","https:\/\/www.pinterest.at\/salzburgerland\/","https:\/\/www.youtube.com\/user\/salzburgerland","https:\/\/de.wikipedia.org\/wiki\/SalzburgerLand_Tourismus_GmbH"]},{"@type":"Person","@id":"https:\/\/www.salzburgerland.com\/de\/magazin\/#\/schema\/person\/7932db74f19d9640620859cb2b794c4e","name":"Christine Fr\u00f6schl","description":"Dein pers\u00f6nlicher Logenplatz im SalzburgerLand? Am liebsten gehe ich auf den Einberg im Salzburger Tennengau. Der Berg in der Osterhorn-Gruppe gl\u00e4nzt das ganze Jahr im Sonnenschein, auf dem Gipfel heben Paragleiter ab und die Aussicht auf das Tennengebirge, den Dachstein und die Bischofsm\u00fctze ist traumhaft. Dosige(r) oder Zuagroast? Zuagroast aus dem sch\u00f6nen Nieder\u00f6sterreich. Fr\u00fchling, Sommer, Herbst oder Winter? Alle Jahreszeiten begeistern mich. Momentan freue ich mich auf den Fr\u00fchling, das Zwitschern der V\u00f6gel und auf die sattgr\u00fcnen Wiesen. Salzburger Nockerl oder Schwarzbeernocken? Eindeutig Schwarzbeernocken. Rindsroulade vom Pinzgauer Biorind oder Saibling fangfrisch aus dem Fuschlsee? Mhhhh. Da kann ich mich nicht entscheiden. Bergtour oder Seentour? Mich zieht es auf jeden Fall hinauf. Begeistert bin ich auch von tiefblauen Bergseen in denen sich die Umgebung spiegelt und von der Aussicht w\u00e4hrend des Weges auf einen der wundersch\u00f6nen Seen im Salzburger Land.","url":"https:\/\/www.salzburgerland.com\/de\/magazin\/author\/christine-froeschl\/"}]}},"_wl_alt_label":[],"wl:entity_url":"http:\/\/open.salzburgerland.com\/magazin\/post\/intuition-_reflexion-_innenschau","_links":{"self":[{"href":"https:\/\/www.salzburgerland.com\/de\/magazin\/wp-json\/wp\/v2\/posts\/111315","targetHints":{"allow":["GET"]}}],"collection":[{"href":"https:\/\/www.salzburgerland.com\/de\/magazin\/wp-json\/wp\/v2\/posts"}],"about":[{"href":"https:\/\/www.salzburgerland.com\/de\/magazin\/wp-json\/wp\/v2\/types\/post"}],"author":[{"embeddable":true,"href":"https:\/\/www.salzburgerland.com\/de\/magazin\/wp-json\/wp\/v2\/users\/236"}],"replies":[{"embeddable":true,"href":"https:\/\/www.salzburgerland.com\/de\/magazin\/wp-json\/wp\/v2\/comments?post=111315"}],"version-history":[{"count":1,"href":"https:\/\/www.salzburgerland.com\/de\/magazin\/wp-json\/wp\/v2\/posts\/111315\/revisions"}],"predecessor-version":[{"id":168974,"href":"https:\/\/www.salzburgerland.com\/de\/magazin\/wp-json\/wp\/v2\/posts\/111315\/revisions\/168974"}],"wp:featuredmedia":[{"embeddable":true,"href":"https:\/\/www.salzburgerland.com\/de\/magazin\/wp-json\/wp\/v2\/media\/111316"}],"wp:attachment":[{"href":"https:\/\/www.salzburgerland.com\/de\/magazin\/wp-json\/wp\/v2\/media?parent=111315"}],"wp:term":[{"taxonomy":"category","embeddable":true,"href":"https:\/\/www.salzburgerland.com\/de\/magazin\/wp-json\/wp\/v2\/categories?post=111315"},{"taxonomy":"post_tag","embeddable":true,"href":"https:\/\/www.salzburgerland.com\/de\/magazin\/wp-json\/wp\/v2\/tags?post=111315"},{"taxonomy":"wl_entity_type","embeddable":true,"href":"https:\/\/www.salzburgerland.com\/de\/magazin\/wp-json\/wp\/v2\/wl_entity_type?post=111315"},{"taxonomy":"monatsauswahl","embeddable":true,"href":"https:\/\/www.salzburgerland.com\/de\/magazin\/wp-json\/wp\/v2\/monatsauswahl?post=111315"}],"curies":[{"name":"wp","href":"https:\/\/api.w.org\/{rel}","templated":true}]}}