{"id":111249,"date":"2016-12-05T12:04:01","date_gmt":"2016-12-05T11:04:01","guid":{"rendered":"http:\/\/magazin.salzburgerland.com\/?p=111249"},"modified":"2016-12-05T16:29:34","modified_gmt":"2016-12-05T15:29:34","slug":"10-fragen-an-eva-walkner","status":"publish","type":"post","link":"https:\/\/www.salzburgerland.com\/de\/magazin\/10-fragen-an-eva-walkner\/","title":{"rendered":"10 Fragen an Eva Walkner"},"content":{"rendered":"<p><em><strong>Eva Walkner ist die Freeride-Queen im SalzburgerLand. Mit zwei WM-Titeln z\u00e4hlt sie zu den Topfahrern weltweit und ist in der Szene wohl bekannt.<\/strong><\/em><\/p>\n<p><em><strong>Warum bist du vom Stangenwald in den Tiefschnee gewechselt?<\/strong><\/em><\/p>\n<p>Ich bin verletzungsbedingt vom Weltcup ausgestiegen und wollte danach ein Zeit lang \u00fcberhaupt nicht mehr Ski fahren. Ich bin dann nach Wien gezogen und mit den Freeride-Skiern das erste Mal in Obertauern in Ber\u00fchrung gekommen. Das war f\u00fcr mich ein ganz anderes Gef\u00fchl im Schnee und hat mir viel Spa\u00df gemacht. Es war f\u00fcr mich damals eine neue Herausforderung und bin bis heute beim Freeriden geblieben.<\/p>\n<p><em><strong>Wie sieht deine Saisonvorbereitung aus? Trainierst du anders als fr\u00fcher im Weltcup?<\/strong><\/em><\/p>\n<p>Das Training ist \u00e4hnlich. Ich trainiere im Olympiazentrum in Rif. Mein Trainer ist der Oliver Andorfer, der kommt vom Skisport und war fr\u00fcher selbst professioneller Freerider. Er wei\u00df was wichtig ist f\u00fcr das Freeriden. Ich trainiere im Sommer zwischen vier und sechs Stunden t\u00e4glich \u2013 viel Krafttraining und auch Dinge wie Trampolinspringen. Ich bin auch viel in den Bergen zum Klettern oder Wandern. Mein Fahrstil braucht viel Kraft und ein gut trainierter K\u00f6rper ist auch eine sehr gut Verletzungsprophylaxe.<\/p>\n<p><em><strong>Was bedeutet f\u00fcr dich Freeriden?<\/strong><\/em><\/p>\n<p>In Zeiten der \u00fcberf\u00fcllten Pisten bedeutet f\u00fcr mich Freeriden Freiheit und Ruhe in der Natur. Nach einem kurzen Anstieg vom Lift aus bist du schon allein in den Bergen. Das Skifahren macht mir im Gel\u00e4nde viel mehr Spa\u00df. Das Bergerlebnis ist auch viel intensiver als auf der Piste.<\/p>\n<p><em><strong>Dein sch\u00f6nster Moment am Berg?<\/strong><\/em><\/p>\n<p>Da gab es bisher viele sch\u00f6ne Momente. Wenn ich am Gipfel stehe und kurz vor dem Start den Moment genie\u00dfen kann, bedeutet mir das sehr viel. Der Berg ist f\u00fcr mich ein Kraftplatz, hier hole ich mir die Energie f\u00fcr die Wettk\u00e4mpfe.<\/p>\n<p><a href=\"https:\/\/www.salzburgerland.com\/de\/magazin\/wp-content\/uploads\/2016\/11\/AN_8144.jpg\"><img loading=\"lazy\" decoding=\"async\" class=\"alignnone size-singlePost wp-image-111252\" src=\"https:\/\/www.salzburgerland.com\/de\/magazin\/wp-content\/uploads\/2016\/11\/AN_8144-650x435.jpg\" alt=\"_an_8144\" width=\"650\" height=\"435\" \/><\/a><\/p>\n<p><em><strong>Was sind deine Lieblingspl\u00e4tze im SalzburgerLand?<\/strong><\/em><\/p>\n<p>Ich bin gerne in Leogang. Meine Basis ist dort der Leoganger Hof. Dort kann ich gut trainieren und relaxen. Durch den Zusammenschluss mit Fieberbrunn habe ich das gr\u00f6\u00dfte Skigebiet in der Region vor meiner Hotelt\u00fcr. Einfach perfekt. Ich bin aber generell dort am liebsten, wo der Schnee gut ist. Wir haben hier im SalzburgerLand viele geheime Pl\u00e4tze, wo man nach Tagen noch unverspurte H\u00e4nge findet.<\/p>\n<p><em><strong>Was ist Heimat f\u00fcr dich?<\/strong><\/em><\/p>\n<p>Ich bin schon viel gereist, war im Iran, in S\u00fcdamerika, im Kaschmir. Wenn man sieht, wie die Menschen dort zum Teil leben, dann sch\u00e4tzt man die Heimat umso mehr. Die Freiheit die wir hier haben, ist nicht selbstverst\u00e4ndlich. Oder einfach gesagt: Wenn ich aufstehe und der G\u00f6ll vor meiner Nase noch im Morgenrot leuchtet dann f\u00fchle ich mich zu Hause.<\/p>\n<p><em><strong>Welcher war dein sch\u00f6nster WM-Titel? Der Erste oder Zweite?<\/strong><\/em><\/p>\n<p>Auf jeden Fall der Erste. Ich feierte in dieser Saison mein Comeback nach einer zweij\u00e4hrigen Verletzungspause. Dann gleich der WM-Titel, das war sehr emotional f\u00fcr mich. Ich hatte damit eigentlich nicht gerechnet.<\/p>\n<p><em><strong>Was m\u00f6chtest du jungen Freeridern auf ihrem Weg mitgeben?<\/strong><\/em><\/p>\n<p>Auf alle F\u00e4lle Lawinen-Kurse besuchen und sich mit der alpinen Thematik auseinandersetzen. Es gibt kostenlose Fortbildungen, bevor man die Ausbildung nicht hat sollte man nicht ins alpine Gel\u00e4nde gehen. Man kann sich auch viel von erfahrenen Fahrern abschauen. Ansonsten so oft es geht Skifahren, auch bei schlechten Bedingungen. Und nat\u00fcrlich viel Spa\u00df haben am Berg.<\/p>\n<p><em><strong>Was sind deine Ziele f\u00fcr die kommenden Jahre?<\/strong><\/em><\/p>\n<p>Ich m\u00f6chte bei der Freeride World Tour wieder vorne dabei sein und ein Filmprojekt \u00fcber zwei Jahre starten. F\u00fcr die weitere Zukunft habe ich noch keinen Plan. Das wichtigste f\u00fcr mich ist Spa\u00df haben und die Zeit genie\u00dfen.<\/p>\n<p>W<em><strong>as machst du sp\u00e4ter in deiner Skipension?<\/strong><\/em><\/p>\n<p>Skifahren, vielleicht nicht mehr so professionell, aber ich m\u00f6chte weiter auf den Brettern stehen. Ansonsten habe ich keinen konkreten Plan, nur ein paar Ideen, die sich vielleicht umsetzen lassen.<\/p>\n","protected":false},"excerpt":{"rendered":"<p>Eva Walkner ist die Freeride-Queen im SalzburgerLand. Mit zwei WM-Titeln z\u00e4hlt sie zu den Topfahrern weltweit und ist in der Szene wohl bekannt. Warum bist du vom Stangenwald in den Tiefschnee gewechselt? Ich bin verletzungsbedingt vom Weltcup ausgestiegen und wollte danach ein Zeit lang \u00fcberhaupt nicht mehr Ski fahren. Ich bin dann nach Wien gezogen [&hellip;]<\/p>\n","protected":false},"author":10,"featured_media":111620,"comment_status":"open","ping_status":"open","sticky":false,"template":"","format":"standard","meta":{"_acf_changed":false,"wl_entities_gutenberg":"","_wl_entity_redirect_enabled":"","footnotes":""},"categories":[8],"tags":[],"wl_entity_type":[306],"monatsauswahl":[82,83,84,85,91,92,93],"class_list":["post-111249","post","type-post","status-publish","format-standard","has-post-thumbnail","hentry","category-outdoor-sport","wl_entity_type-article","monatsauswahl-monat_1","monatsauswahl-monat_2","monatsauswahl-monat_3","monatsauswahl-monat_4","monatsauswahl-monat_10","monatsauswahl-monat_11","monatsauswahl-monat_12"],"acf":[],"yoast_head":"<!-- This site is optimized with the Yoast SEO Premium plugin v27.4 (Yoast SEO v27.4) - https:\/\/yoast.com\/product\/yoast-seo-premium-wordpress\/ -->\n<title>10 Fragen an Eva Walkner - SalzburgerLand Magazin<\/title>\n<meta name=\"description\" content=\"Eva Walkner ist die Freeride-Queen im SalzburgerLand. Mit zwei WM-Titeln z\u00e4hlt sie zu den Topfahrern weltweit und ist in der Szene wohl bekannt. Warum bist du vom Stangenwald in den Tiefschnee gewechselt? Ich bin verletzungsbedingt vom Weltcup ausgestiegen und wollte danach ein Zeit lang \u00fcberhaupt nicht mehr Ski fahren. Ich bin dann nach Wien gezogen [&hellip;]\" \/>\n<meta name=\"robots\" content=\"index, follow, max-snippet:-1, max-image-preview:large, max-video-preview:-1\" \/>\n<link rel=\"canonical\" href=\"https:\/\/www.salzburgerland.com\/de\/magazin\/10-fragen-an-eva-walkner\/\" \/>\n<meta property=\"og:locale\" content=\"de_DE\" \/>\n<meta property=\"og:type\" content=\"article\" \/>\n<meta property=\"og:title\" content=\"10 Fragen an Eva Walkner\" \/>\n<meta property=\"og:description\" content=\"Eva Walkner ist die Freeride-Queen im SalzburgerLand. Mit zwei WM-Titeln z\u00e4hlt sie zu den Topfahrern weltweit und ist in der Szene wohl bekannt. Warum bist du vom Stangenwald in den Tiefschnee gewechselt? Ich bin verletzungsbedingt vom Weltcup ausgestiegen und wollte danach ein Zeit lang \u00fcberhaupt nicht mehr Ski fahren. Ich bin dann nach Wien gezogen [&hellip;]\" \/>\n<meta property=\"og:url\" content=\"https:\/\/www.salzburgerland.com\/de\/magazin\/10-fragen-an-eva-walkner\/\" \/>\n<meta property=\"og:site_name\" content=\"SalzburgerLand Magazin\" \/>\n<meta property=\"article:publisher\" content=\"https:\/\/www.facebook.com\/salzburgerland\/\" \/>\n<meta property=\"article:published_time\" content=\"2016-12-05T11:04:01+00:00\" \/>\n<meta property=\"article:modified_time\" content=\"2016-12-05T15:29:34+00:00\" \/>\n<meta property=\"og:image\" content=\"https:\/\/www.salzburgerland.com\/de\/magazin\/wp-content\/uploads\/2016\/12\/Eva_Walkner_Ski_SKODA-Kopie.jpeg\" \/>\n\t<meta property=\"og:image:width\" content=\"1600\" \/>\n\t<meta property=\"og:image:height\" content=\"1067\" \/>\n\t<meta property=\"og:image:type\" content=\"image\/jpeg\" \/>\n<meta name=\"author\" content=\"Heiko Mandl\" \/>\n<meta name=\"twitter:card\" content=\"summary_large_image\" \/>\n<meta name=\"twitter:creator\" content=\"@Salzburgerland\" \/>\n<meta name=\"twitter:site\" content=\"@Salzburgerland\" \/>\n<meta name=\"twitter:label1\" content=\"Verfasst von\" \/>\n\t<meta name=\"twitter:data1\" content=\"Heiko Mandl\" \/>\n\t<meta name=\"twitter:label2\" content=\"Gesch\u00e4tzte Lesezeit\" \/>\n\t<meta name=\"twitter:data2\" content=\"3\u00a0Minuten\" \/>\n<script type=\"application\/ld+json\" class=\"yoast-schema-graph\">{\"@context\":\"https:\\\/\\\/schema.org\",\"@graph\":[{\"@type\":\"Article\",\"@id\":\"https:\\\/\\\/www.salzburgerland.com\\\/de\\\/magazin\\\/10-fragen-an-eva-walkner\\\/#article\",\"isPartOf\":{\"@id\":\"https:\\\/\\\/www.salzburgerland.com\\\/de\\\/magazin\\\/10-fragen-an-eva-walkner\\\/\"},\"author\":{\"name\":\"Heiko Mandl\",\"@id\":\"https:\\\/\\\/www.salzburgerland.com\\\/de\\\/magazin\\\/#\\\/schema\\\/person\\\/8871c7c764fce6ea66752310e7fe9e98\"},\"headline\":\"10 Fragen an Eva Walkner\",\"datePublished\":\"2016-12-05T11:04:01+00:00\",\"dateModified\":\"2016-12-05T15:29:34+00:00\",\"mainEntityOfPage\":{\"@id\":\"https:\\\/\\\/www.salzburgerland.com\\\/de\\\/magazin\\\/10-fragen-an-eva-walkner\\\/\"},\"wordCount\":661,\"commentCount\":0,\"publisher\":{\"@id\":\"https:\\\/\\\/www.salzburgerland.com\\\/de\\\/magazin\\\/#organization\"},\"image\":{\"@id\":\"https:\\\/\\\/www.salzburgerland.com\\\/de\\\/magazin\\\/10-fragen-an-eva-walkner\\\/#primaryimage\"},\"thumbnailUrl\":\"https:\\\/\\\/www.salzburgerland.com\\\/de\\\/magazin\\\/wp-content\\\/uploads\\\/2016\\\/12\\\/Eva_Walkner_Ski_SKODA-Kopie.jpeg\",\"articleSection\":[\"Outdoor &amp; Sport\"],\"inLanguage\":\"de\",\"potentialAction\":[{\"@type\":\"CommentAction\",\"name\":\"Comment\",\"target\":[\"https:\\\/\\\/www.salzburgerland.com\\\/de\\\/magazin\\\/10-fragen-an-eva-walkner\\\/#respond\"]}]},{\"@type\":\"WebPage\",\"@id\":\"https:\\\/\\\/www.salzburgerland.com\\\/de\\\/magazin\\\/10-fragen-an-eva-walkner\\\/\",\"url\":\"https:\\\/\\\/www.salzburgerland.com\\\/de\\\/magazin\\\/10-fragen-an-eva-walkner\\\/\",\"name\":\"10 Fragen an Eva Walkner - SalzburgerLand Magazin\",\"isPartOf\":{\"@id\":\"https:\\\/\\\/www.salzburgerland.com\\\/de\\\/magazin\\\/#website\"},\"primaryImageOfPage\":{\"@id\":\"https:\\\/\\\/www.salzburgerland.com\\\/de\\\/magazin\\\/10-fragen-an-eva-walkner\\\/#primaryimage\"},\"image\":{\"@id\":\"https:\\\/\\\/www.salzburgerland.com\\\/de\\\/magazin\\\/10-fragen-an-eva-walkner\\\/#primaryimage\"},\"thumbnailUrl\":\"https:\\\/\\\/www.salzburgerland.com\\\/de\\\/magazin\\\/wp-content\\\/uploads\\\/2016\\\/12\\\/Eva_Walkner_Ski_SKODA-Kopie.jpeg\",\"datePublished\":\"2016-12-05T11:04:01+00:00\",\"dateModified\":\"2016-12-05T15:29:34+00:00\",\"breadcrumb\":{\"@id\":\"https:\\\/\\\/www.salzburgerland.com\\\/de\\\/magazin\\\/10-fragen-an-eva-walkner\\\/#breadcrumb\"},\"inLanguage\":\"de\",\"potentialAction\":[{\"@type\":\"ReadAction\",\"target\":[\"https:\\\/\\\/www.salzburgerland.com\\\/de\\\/magazin\\\/10-fragen-an-eva-walkner\\\/\"]}]},{\"@type\":\"ImageObject\",\"inLanguage\":\"de\",\"@id\":\"https:\\\/\\\/www.salzburgerland.com\\\/de\\\/magazin\\\/10-fragen-an-eva-walkner\\\/#primaryimage\",\"url\":\"https:\\\/\\\/www.salzburgerland.com\\\/de\\\/magazin\\\/wp-content\\\/uploads\\\/2016\\\/12\\\/Eva_Walkner_Ski_SKODA-Kopie.jpeg\",\"contentUrl\":\"https:\\\/\\\/www.salzburgerland.com\\\/de\\\/magazin\\\/wp-content\\\/uploads\\\/2016\\\/12\\\/Eva_Walkner_Ski_SKODA-Kopie.jpeg\",\"width\":1600,\"height\":1067,\"caption\":\"Eine Frau in Skiausr\u00fcstung h\u00e4lt zwei Skier aufrecht und tr\u00e4gt eine schwarze M\u00fctze und eine Skibrille auf dem Kopf.\"},{\"@type\":\"BreadcrumbList\",\"@id\":\"https:\\\/\\\/www.salzburgerland.com\\\/de\\\/magazin\\\/10-fragen-an-eva-walkner\\\/#breadcrumb\",\"itemListElement\":[{\"@type\":\"ListItem\",\"position\":1,\"name\":\"Startseite\",\"item\":\"https:\\\/\\\/www.salzburgerland.com\\\/de\\\/magazin\\\/\"},{\"@type\":\"ListItem\",\"position\":2,\"name\":\"Outdoor &amp; Sport\",\"item\":\"https:\\\/\\\/www.salzburgerland.com\\\/de\\\/magazin\\\/thema\\\/outdoor-sport\\\/\"},{\"@type\":\"ListItem\",\"position\":3,\"name\":\"10 Fragen an Eva Walkner\"}]},{\"@type\":\"WebSite\",\"@id\":\"https:\\\/\\\/www.salzburgerland.com\\\/de\\\/magazin\\\/#website\",\"url\":\"https:\\\/\\\/www.salzburgerland.com\\\/de\\\/magazin\\\/\",\"name\":\"SalzburgerLand Magazin\",\"description\":\"Geschichten und Interessantes aus dem SalzburgerLand\",\"publisher\":{\"@id\":\"https:\\\/\\\/www.salzburgerland.com\\\/de\\\/magazin\\\/#organization\"},\"potentialAction\":[{\"@type\":\"SearchAction\",\"target\":{\"@type\":\"EntryPoint\",\"urlTemplate\":\"https:\\\/\\\/www.salzburgerland.com\\\/de\\\/magazin\\\/?s={search_term_string}\"},\"query-input\":{\"@type\":\"PropertyValueSpecification\",\"valueRequired\":true,\"valueName\":\"search_term_string\"}}],\"inLanguage\":\"de\"},{\"@type\":\"Organization\",\"@id\":\"https:\\\/\\\/www.salzburgerland.com\\\/de\\\/magazin\\\/#organization\",\"name\":\"SalzburgerLand Tourismus\",\"url\":\"https:\\\/\\\/www.salzburgerland.com\\\/de\\\/magazin\\\/\",\"logo\":{\"@type\":\"ImageObject\",\"inLanguage\":\"de\",\"@id\":\"https:\\\/\\\/www.salzburgerland.com\\\/de\\\/magazin\\\/#\\\/schema\\\/logo\\\/image\\\/\",\"url\":\"https:\\\/\\\/www.salzburgerland.com\\\/de\\\/magazin\\\/wp-content\\\/uploads\\\/2019\\\/06\\\/salzburgerland-logo1.jpg\",\"contentUrl\":\"https:\\\/\\\/www.salzburgerland.com\\\/de\\\/magazin\\\/wp-content\\\/uploads\\\/2019\\\/06\\\/salzburgerland-logo1.jpg\",\"width\":2011,\"height\":866,\"caption\":\"SalzburgerLand Tourismus\"},\"image\":{\"@id\":\"https:\\\/\\\/www.salzburgerland.com\\\/de\\\/magazin\\\/#\\\/schema\\\/logo\\\/image\\\/\"},\"sameAs\":[\"https:\\\/\\\/www.facebook.com\\\/salzburgerland\\\/\",\"https:\\\/\\\/x.com\\\/Salzburgerland\",\"https:\\\/\\\/www.instagram.com\\\/salzburgerland\\\/\",\"https:\\\/\\\/at.linkedin.com\\\/company\\\/salzburgerland-tourismus-gmbh\",\"https:\\\/\\\/www.pinterest.at\\\/salzburgerland\\\/\",\"https:\\\/\\\/www.youtube.com\\\/user\\\/salzburgerland\",\"https:\\\/\\\/de.wikipedia.org\\\/wiki\\\/SalzburgerLand_Tourismus_GmbH\"]},{\"@type\":\"Person\",\"@id\":\"https:\\\/\\\/www.salzburgerland.com\\\/de\\\/magazin\\\/#\\\/schema\\\/person\\\/8871c7c764fce6ea66752310e7fe9e98\",\"name\":\"Heiko Mandl\",\"description\":\"Heiko Mandl, geboren 1976 in Salzburg, ist durch den Journalismus zur Fotografie gekommen und ist seit zehn Jahren als selbstst\u00e4ndiger Fotograf und Autor in Salzburg t\u00e4tig. Schon von Kindheit an haben ihn die Berge vor seiner Haust\u00fcr fasziniert. Heute z\u00e4hlen sie unter anderem zu seinem Arbeitsplatz. Er arbeitet f\u00fcr internationale Outdoor- und Reisemagazine sowie zahlreiche Firmen und Agenturen. Luxushotel oder Almh\u00fctte: Ich kann beides genie\u00dfen und ich gehe das nach dem Motto: Alles zur richtigen Zeit und zur passenden Gelegenheit an. Wandern oder Laufen: Auf jeden Fall wandern, ist gem\u00fctlicher und man kann sich mehr auf die Umgebung konzentrieren. Golfplatz oder Klettergarten: Klettergarten, zumindest noch die n\u00e4chsten 20 Jahre. Fr\u00fchling, sommer, herbst oder Winter? Fr\u00fchling und Sommer und Herbst und Winter! Im SalzburgerLand ist es das ganze Jahr traumhaft sch\u00f6n. Wellness oder Mountainbike? Zuerst eine Runde mit dem Mountainbike und dann ab in den Wellnesstempel. Das eine schlie\u00dft das andere nicht aus!\",\"url\":\"https:\\\/\\\/www.salzburgerland.com\\\/de\\\/magazin\\\/author\\\/heiko-mandl\\\/\"}]}<\/script>\n<!-- \/ Yoast SEO Premium plugin. -->","yoast_head_json":{"title":"10 Fragen an Eva Walkner - SalzburgerLand Magazin","description":"Eva Walkner ist die Freeride-Queen im SalzburgerLand. Mit zwei WM-Titeln z\u00e4hlt sie zu den Topfahrern weltweit und ist in der Szene wohl bekannt. Warum bist du vom Stangenwald in den Tiefschnee gewechselt? Ich bin verletzungsbedingt vom Weltcup ausgestiegen und wollte danach ein Zeit lang \u00fcberhaupt nicht mehr Ski fahren. Ich bin dann nach Wien gezogen [&hellip;]","robots":{"index":"index","follow":"follow","max-snippet":"max-snippet:-1","max-image-preview":"max-image-preview:large","max-video-preview":"max-video-preview:-1"},"canonical":"https:\/\/www.salzburgerland.com\/de\/magazin\/10-fragen-an-eva-walkner\/","og_locale":"de_DE","og_type":"article","og_title":"10 Fragen an Eva Walkner","og_description":"Eva Walkner ist die Freeride-Queen im SalzburgerLand. Mit zwei WM-Titeln z\u00e4hlt sie zu den Topfahrern weltweit und ist in der Szene wohl bekannt. Warum bist du vom Stangenwald in den Tiefschnee gewechselt? Ich bin verletzungsbedingt vom Weltcup ausgestiegen und wollte danach ein Zeit lang \u00fcberhaupt nicht mehr Ski fahren. Ich bin dann nach Wien gezogen [&hellip;]","og_url":"https:\/\/www.salzburgerland.com\/de\/magazin\/10-fragen-an-eva-walkner\/","og_site_name":"SalzburgerLand Magazin","article_publisher":"https:\/\/www.facebook.com\/salzburgerland\/","article_published_time":"2016-12-05T11:04:01+00:00","article_modified_time":"2016-12-05T15:29:34+00:00","og_image":[{"width":1600,"height":1067,"url":"https:\/\/www.salzburgerland.com\/de\/magazin\/wp-content\/uploads\/2016\/12\/Eva_Walkner_Ski_SKODA-Kopie.jpeg","type":"image\/jpeg"}],"author":"Heiko Mandl","twitter_card":"summary_large_image","twitter_creator":"@Salzburgerland","twitter_site":"@Salzburgerland","twitter_misc":{"Verfasst von":"Heiko Mandl","Gesch\u00e4tzte Lesezeit":"3\u00a0Minuten"},"schema":{"@context":"https:\/\/schema.org","@graph":[{"@type":"Article","@id":"https:\/\/www.salzburgerland.com\/de\/magazin\/10-fragen-an-eva-walkner\/#article","isPartOf":{"@id":"https:\/\/www.salzburgerland.com\/de\/magazin\/10-fragen-an-eva-walkner\/"},"author":{"name":"Heiko Mandl","@id":"https:\/\/www.salzburgerland.com\/de\/magazin\/#\/schema\/person\/8871c7c764fce6ea66752310e7fe9e98"},"headline":"10 Fragen an Eva Walkner","datePublished":"2016-12-05T11:04:01+00:00","dateModified":"2016-12-05T15:29:34+00:00","mainEntityOfPage":{"@id":"https:\/\/www.salzburgerland.com\/de\/magazin\/10-fragen-an-eva-walkner\/"},"wordCount":661,"commentCount":0,"publisher":{"@id":"https:\/\/www.salzburgerland.com\/de\/magazin\/#organization"},"image":{"@id":"https:\/\/www.salzburgerland.com\/de\/magazin\/10-fragen-an-eva-walkner\/#primaryimage"},"thumbnailUrl":"https:\/\/www.salzburgerland.com\/de\/magazin\/wp-content\/uploads\/2016\/12\/Eva_Walkner_Ski_SKODA-Kopie.jpeg","articleSection":["Outdoor &amp; Sport"],"inLanguage":"de","potentialAction":[{"@type":"CommentAction","name":"Comment","target":["https:\/\/www.salzburgerland.com\/de\/magazin\/10-fragen-an-eva-walkner\/#respond"]}]},{"@type":"WebPage","@id":"https:\/\/www.salzburgerland.com\/de\/magazin\/10-fragen-an-eva-walkner\/","url":"https:\/\/www.salzburgerland.com\/de\/magazin\/10-fragen-an-eva-walkner\/","name":"10 Fragen an Eva Walkner - SalzburgerLand Magazin","isPartOf":{"@id":"https:\/\/www.salzburgerland.com\/de\/magazin\/#website"},"primaryImageOfPage":{"@id":"https:\/\/www.salzburgerland.com\/de\/magazin\/10-fragen-an-eva-walkner\/#primaryimage"},"image":{"@id":"https:\/\/www.salzburgerland.com\/de\/magazin\/10-fragen-an-eva-walkner\/#primaryimage"},"thumbnailUrl":"https:\/\/www.salzburgerland.com\/de\/magazin\/wp-content\/uploads\/2016\/12\/Eva_Walkner_Ski_SKODA-Kopie.jpeg","datePublished":"2016-12-05T11:04:01+00:00","dateModified":"2016-12-05T15:29:34+00:00","breadcrumb":{"@id":"https:\/\/www.salzburgerland.com\/de\/magazin\/10-fragen-an-eva-walkner\/#breadcrumb"},"inLanguage":"de","potentialAction":[{"@type":"ReadAction","target":["https:\/\/www.salzburgerland.com\/de\/magazin\/10-fragen-an-eva-walkner\/"]}]},{"@type":"ImageObject","inLanguage":"de","@id":"https:\/\/www.salzburgerland.com\/de\/magazin\/10-fragen-an-eva-walkner\/#primaryimage","url":"https:\/\/www.salzburgerland.com\/de\/magazin\/wp-content\/uploads\/2016\/12\/Eva_Walkner_Ski_SKODA-Kopie.jpeg","contentUrl":"https:\/\/www.salzburgerland.com\/de\/magazin\/wp-content\/uploads\/2016\/12\/Eva_Walkner_Ski_SKODA-Kopie.jpeg","width":1600,"height":1067,"caption":"Eine Frau in Skiausr\u00fcstung h\u00e4lt zwei Skier aufrecht und tr\u00e4gt eine schwarze M\u00fctze und eine Skibrille auf dem Kopf."},{"@type":"BreadcrumbList","@id":"https:\/\/www.salzburgerland.com\/de\/magazin\/10-fragen-an-eva-walkner\/#breadcrumb","itemListElement":[{"@type":"ListItem","position":1,"name":"Startseite","item":"https:\/\/www.salzburgerland.com\/de\/magazin\/"},{"@type":"ListItem","position":2,"name":"Outdoor &amp; Sport","item":"https:\/\/www.salzburgerland.com\/de\/magazin\/thema\/outdoor-sport\/"},{"@type":"ListItem","position":3,"name":"10 Fragen an Eva Walkner"}]},{"@type":"WebSite","@id":"https:\/\/www.salzburgerland.com\/de\/magazin\/#website","url":"https:\/\/www.salzburgerland.com\/de\/magazin\/","name":"SalzburgerLand Magazin","description":"Geschichten und Interessantes aus dem SalzburgerLand","publisher":{"@id":"https:\/\/www.salzburgerland.com\/de\/magazin\/#organization"},"potentialAction":[{"@type":"SearchAction","target":{"@type":"EntryPoint","urlTemplate":"https:\/\/www.salzburgerland.com\/de\/magazin\/?s={search_term_string}"},"query-input":{"@type":"PropertyValueSpecification","valueRequired":true,"valueName":"search_term_string"}}],"inLanguage":"de"},{"@type":"Organization","@id":"https:\/\/www.salzburgerland.com\/de\/magazin\/#organization","name":"SalzburgerLand Tourismus","url":"https:\/\/www.salzburgerland.com\/de\/magazin\/","logo":{"@type":"ImageObject","inLanguage":"de","@id":"https:\/\/www.salzburgerland.com\/de\/magazin\/#\/schema\/logo\/image\/","url":"https:\/\/www.salzburgerland.com\/de\/magazin\/wp-content\/uploads\/2019\/06\/salzburgerland-logo1.jpg","contentUrl":"https:\/\/www.salzburgerland.com\/de\/magazin\/wp-content\/uploads\/2019\/06\/salzburgerland-logo1.jpg","width":2011,"height":866,"caption":"SalzburgerLand Tourismus"},"image":{"@id":"https:\/\/www.salzburgerland.com\/de\/magazin\/#\/schema\/logo\/image\/"},"sameAs":["https:\/\/www.facebook.com\/salzburgerland\/","https:\/\/x.com\/Salzburgerland","https:\/\/www.instagram.com\/salzburgerland\/","https:\/\/at.linkedin.com\/company\/salzburgerland-tourismus-gmbh","https:\/\/www.pinterest.at\/salzburgerland\/","https:\/\/www.youtube.com\/user\/salzburgerland","https:\/\/de.wikipedia.org\/wiki\/SalzburgerLand_Tourismus_GmbH"]},{"@type":"Person","@id":"https:\/\/www.salzburgerland.com\/de\/magazin\/#\/schema\/person\/8871c7c764fce6ea66752310e7fe9e98","name":"Heiko Mandl","description":"Heiko Mandl, geboren 1976 in Salzburg, ist durch den Journalismus zur Fotografie gekommen und ist seit zehn Jahren als selbstst\u00e4ndiger Fotograf und Autor in Salzburg t\u00e4tig. Schon von Kindheit an haben ihn die Berge vor seiner Haust\u00fcr fasziniert. Heute z\u00e4hlen sie unter anderem zu seinem Arbeitsplatz. Er arbeitet f\u00fcr internationale Outdoor- und Reisemagazine sowie zahlreiche Firmen und Agenturen. Luxushotel oder Almh\u00fctte: Ich kann beides genie\u00dfen und ich gehe das nach dem Motto: Alles zur richtigen Zeit und zur passenden Gelegenheit an. Wandern oder Laufen: Auf jeden Fall wandern, ist gem\u00fctlicher und man kann sich mehr auf die Umgebung konzentrieren. Golfplatz oder Klettergarten: Klettergarten, zumindest noch die n\u00e4chsten 20 Jahre. Fr\u00fchling, sommer, herbst oder Winter? Fr\u00fchling und Sommer und Herbst und Winter! Im SalzburgerLand ist es das ganze Jahr traumhaft sch\u00f6n. Wellness oder Mountainbike? Zuerst eine Runde mit dem Mountainbike und dann ab in den Wellnesstempel. Das eine schlie\u00dft das andere nicht aus!","url":"https:\/\/www.salzburgerland.com\/de\/magazin\/author\/heiko-mandl\/"}]}},"_wl_alt_label":[],"wl:entity_url":"http:\/\/open.salzburgerland.com\/magazin\/post\/10_fragen_an_eva_walkner","_links":{"self":[{"href":"https:\/\/www.salzburgerland.com\/de\/magazin\/wp-json\/wp\/v2\/posts\/111249","targetHints":{"allow":["GET"]}}],"collection":[{"href":"https:\/\/www.salzburgerland.com\/de\/magazin\/wp-json\/wp\/v2\/posts"}],"about":[{"href":"https:\/\/www.salzburgerland.com\/de\/magazin\/wp-json\/wp\/v2\/types\/post"}],"author":[{"embeddable":true,"href":"https:\/\/www.salzburgerland.com\/de\/magazin\/wp-json\/wp\/v2\/users\/10"}],"replies":[{"embeddable":true,"href":"https:\/\/www.salzburgerland.com\/de\/magazin\/wp-json\/wp\/v2\/comments?post=111249"}],"version-history":[{"count":0,"href":"https:\/\/www.salzburgerland.com\/de\/magazin\/wp-json\/wp\/v2\/posts\/111249\/revisions"}],"wp:featuredmedia":[{"embeddable":true,"href":"https:\/\/www.salzburgerland.com\/de\/magazin\/wp-json\/wp\/v2\/media\/111620"}],"wp:attachment":[{"href":"https:\/\/www.salzburgerland.com\/de\/magazin\/wp-json\/wp\/v2\/media?parent=111249"}],"wp:term":[{"taxonomy":"category","embeddable":true,"href":"https:\/\/www.salzburgerland.com\/de\/magazin\/wp-json\/wp\/v2\/categories?post=111249"},{"taxonomy":"post_tag","embeddable":true,"href":"https:\/\/www.salzburgerland.com\/de\/magazin\/wp-json\/wp\/v2\/tags?post=111249"},{"taxonomy":"wl_entity_type","embeddable":true,"href":"https:\/\/www.salzburgerland.com\/de\/magazin\/wp-json\/wp\/v2\/wl_entity_type?post=111249"},{"taxonomy":"monatsauswahl","embeddable":true,"href":"https:\/\/www.salzburgerland.com\/de\/magazin\/wp-json\/wp\/v2\/monatsauswahl?post=111249"}],"curies":[{"name":"wp","href":"https:\/\/api.w.org\/{rel}","templated":true}]}}