{"id":111101,"date":"2017-07-21T08:00:54","date_gmt":"2017-07-21T06:00:54","guid":{"rendered":"http:\/\/magazin.salzburgerland.com\/?p=111101"},"modified":"2017-07-25T09:21:14","modified_gmt":"2017-07-25T07:21:14","slug":"die-kraft-der-meeraeuglquelle","status":"publish","type":"post","link":"https:\/\/www.salzburgerland.com\/de\/magazin\/die-kraft-der-meeraeuglquelle\/","title":{"rendered":"Die Kraft der Meer\u00e4uglquelle"},"content":{"rendered":"<p><strong><em>&#8222;Willst du mich ergr\u00fcnden, werd ich dich verschl\u00fcnden&#8220;<\/em>, soll es aus dem dunklen Fels ert\u00f6nt sein, als zwei Almhirten in l\u00e4ngst vergangener Zeit wissen wollten, wie tief denn der Spalt sei, aus dem das Wasser der Meer\u00e4uglquelle hervorsprudelte. Schon damals war die besondere Kraft dieses Wassers in der Region wohl bekannt und so manch einer schwor fest darauf, durch diese Gesundung erfahren zu haben. Bis heute\u00a0erfreut sich die Quelle hoch \u00fcber Filzmoos ungebrochener Beliebtheit. Sei es als Ort der Rast am Weg hinauf zum Almsee oder als stiller Kraftort, an dem man den Alltag einmal hinter sich lassen und K\u00f6rper, Seele und auch Geist wieder in Balance bringen kann. Grund genug, um die Wanderschuhe wieder einmal auszupacken, um diesem besonderen Platz einen Besuch abzustatten.\u00a0<\/strong><\/p>\n<p>In Filzmoos angekommen bekomme ich erstmal meinen Mund vor lauter Staunen nicht zu. Was f\u00fcr ein malerischer, imposanter Ort?! Schmucke H\u00e4user reihen sich aneinander, die Mandling flie\u00dft rauschend der Salzach entgegen und die markante Bischofsm\u00fctze strahlt mit dem ebenso eindrucksvollen Gosaukamm in der Morgensonne um die Wette. Leicht f\u00e4llt es mir nicht, mich von diesem Blick loszurei\u00dfen, aber schlie\u00dflich will ich ja beim Mittagessen schon oben auf der Oberhofalm sein. Also, rein in die Wanderschuhe und los geht&#8217;s. Start ist beim Busparkplatz, unten im Tal. Von dort geht es dann gleich links Richtung Hofalmen, sp\u00e4ter dann vorbei an der Mautstation. W\u00e4hrend ich stetig leicht bergauf wandere, mir die Morgensonne ihre ersten warmen Strahlen entgegenschickt und ich die wunderbare Bergluft einatme, denke ich noch einmal an die beiden Hirten aus der Sage. Ziemlich unheimlich, wenn\u00a0einem pl\u00f6tzlich aus\u00a0der Tiefe solche Worte entgegenhallen? Finde ich zumindest.\u00a0<\/p>\n<figure id=\"attachment_111127\" aria-describedby=\"caption-attachment-111127\" style=\"width: 650px\" class=\"wp-caption alignnone\"><img loading=\"lazy\" decoding=\"async\" class=\"wp-image-111127 size-singlePost\" src=\"https:\/\/www.salzburgerland.com\/de\/magazin\/wp-content\/uploads\/2016\/11\/IMG_4095-650x435.jpg\" alt=\"Autor Peter Zeitlhofer vor der Bergwelt in Filzmoos\" width=\"650\" height=\"435\" \/><figcaption id=\"caption-attachment-111127\" class=\"wp-caption-text\">Das Wandern ist des Schreibers Lust.<\/figcaption><\/figure>\n<p>Die Hirten sollen aber trotz der Warnung keine Furcht gekannt\u00a0haben und eilten ins nahe Filzmoos, um vom \u00f6rtlichen Weber die l\u00e4ngste aller Garnspulen zu besorgen. <em>&#8222;Die alten Geschichten sind doch nicht mehr aktuell, wir haben keine Angst davor hinabgezogen zu werden, wenn wir den Grund der Meer\u00e4ugl bestimmen&#8220;<\/em>, sollen sie laut gelacht und alle Warnungen in den Wind geschossen haben. Unter der l\u00e4ndlichen Bev\u00f6lkerung hielt sich damals der Glaube, dass die Quelle keinen Grund habe und mit dem Meer verbunden sei. Der noch heute g\u00e4ngige Name stammt von dieser Vorstellung. Wieder zur\u00fcck, banden die beiden Draufg\u00e4nger einen schweren Stein an das Ende des Fadens und lie\u00dfen ihn hinab in die Dunkelheit. Je mehr vom Garn abgespult wurde, desto banger wurden ihnen und als dann noch einmal\u00a0<em>&#8222;Willst du mich ergr\u00fcnden, werd ich dich verschl\u00fcnden&#8220; erklang, <\/em>lie\u00dfen sie alles stehen und liegen und liefen laut schreiend davon. Seit damals hat niemand mehr versucht, den Grund der Meer\u00e4ugl zu ergr\u00fcnden.\u00a0<\/p>\n<p>F\u00fcr mich geht es weiter durch die wirklich sch\u00f6ne Almenwelt \u00fcber Filzmoos, vorbei an schmucken H\u00fctten und immer wieder entlang der Mandling, die ja oben beim Almsee entspringt. &#8218;An der Gabelung nehmen Sie den Weg rechts Richtung Oberhofalm, um den Kraftort zu erreichen&#8216;, sagt mein Wanderf\u00fchrer. Na gut, dann also rechts den Schotterweg entlang. Das Wort Kraftort bleibt bei mir h\u00e4ngen und ich muss an das denken, was ich gestern Abend \u00fcber Filzmoos gelesen habe. Eine besonders hohen Dichte an solchen Kraftorten soll es hier geben. 16 an der Zahl. Die schwarze Lacke, der magische Sesselkreis, der Reinigungsplatz im Hachauer Wald und wie sie sonst noch alle hei\u00dfen. Jeder f\u00fcr sich einzigartig und sicherlich einen Besuch wert.<\/p>\n<figure id=\"attachment_111122\" aria-describedby=\"caption-attachment-111122\" style=\"width: 650px\" class=\"wp-caption alignnone\"><img loading=\"lazy\" decoding=\"async\" class=\"wp-image-111122 size-singlePost\" src=\"https:\/\/www.salzburgerland.com\/de\/magazin\/wp-content\/uploads\/2016\/11\/IMG_4128-650x435.jpg\" alt=\"Wasser der Meer\u00e4uglquelle vor der Bergwelt in Filzmoos\" width=\"650\" height=\"435\" \/><figcaption id=\"caption-attachment-111122\" class=\"wp-caption-text\">Imposante Bergwelt hoch \u00fcber Filzmoos an der Meer\u00e4uglquelle.<\/figcaption><\/figure>\n<p>Pl\u00f6tzlich liegt es vor mir, das erste Ziel meiner Wanderung. Die Meer\u00e4uglquelle. Ein wunderbar-idyllischer Ort, der durch unaufdringliche Sch\u00f6nheit zu wirken wei\u00df und einen so in seinen Bann zieht. Auch wenn eine Bank zum Ausrasten einl\u00e4dt, entscheide ich mich f\u00fcr einen Stein direkt am Wasser, entledige mich meiner Schuhe und lasse die F\u00fc\u00dfe ins Wasser baumeln. Einige Meter oberhalb liegt die eigentliche Quelle, aus der eine geh\u00f6rige Menge des k\u00fchlen Nasses ans Tageslicht str\u00f6mt. Mehrere Wasserl\u00e4ufe tauchen den ganzen Ort unter und bilden ein wunderbares, nat\u00fcrliches Biotop f\u00fcr unz\u00e4hlige Pflanzen und Tiere. Rastend sitze ich auf meinem Stein und sehe dem Wasser beim Flie\u00dfen zu. Das hat etwas Meditatives.\u00a0Die Bezeichnung Kraftplatz passt hier wohl perfekt.<\/p>\n<p>Nach ca. einer halben Stunde an der Quellen, barfu\u00df watend durchs Wasser und einer kleinen St\u00e4rkung in Form eines M\u00fcsliriegels, setze ich meinen Weg hinauf zur Oberhofalm fort. Weit ist es ja jetzt wirklich nicht mehr und nach einigen Kurven sehe ich sie auch schon vor mir. Nach einem wirklich sehr guten Mittagessen auf der gro\u00dfen Sonnenterrasse will ich jetzt auch noch den Almsee besuchen. Einzigartig soll er sein. Fast wie von einer anderen Welt. Da kann man ja gespannt sein. Ein kurzer Weg \u00fcber eine Wiese oberhalb der Alm, dann durch ein kurzes Waldst\u00fcck und schon liegt er vor mir. Traumhaft spiegeln sich die Bischofsm\u00fctze und der Gosaukamm im stillen, glatten Wasser, die V\u00f6gel zwitschern ihr immer wiederkehrendes Liedchen und ich erwische mich dabei, wie ich leicht zu l\u00e4cheln beginne. Kann es denn so einen Ort \u00fcberhaupt geben? Wie aus einem Gem\u00e4lde entsprungen. Nur noch intensiver, noch pr\u00e4chtiger. Ich spaziere um den See, besuche den Hochzeitsplatz und den Platz der Dankbarkeit, die beiden Kraftpl\u00e4tze hier oben am See und freue mich, dass ich an einem so sch\u00f6nen Ort sein kann. Immer wieder hebe ich staunend den Blick hinauf auf die Berge und verstehe, warum der Gosaukamm zum Welterbe Hallstatt-Dachstein\/ Salzkammergut geh\u00f6rt. Beeindruckend.\u00a0<\/p>\n<figure id=\"attachment_111126\" aria-describedby=\"caption-attachment-111126\" style=\"width: 650px\" class=\"wp-caption alignnone\"><img loading=\"lazy\" decoding=\"async\" class=\"wp-image-111126 size-singlePost\" src=\"https:\/\/www.salzburgerland.com\/de\/magazin\/wp-content\/uploads\/2016\/11\/IMG_4103-650x435.jpg\" alt=\"Die Legende vom Almsee wird auf einer Tafel beim See erz\u00e4hlt. \" width=\"650\" height=\"435\" \/><figcaption id=\"caption-attachment-111126\" class=\"wp-caption-text\">Die Legende vom Almsee.<\/figcaption><\/figure>\n<p>Nach der Runde um den See genie\u00dfe ich auf der Unterhofalm noch Kaffee und Kuchen und wandere dann gem\u00fctlich hinunter und zur\u00fcck nach Filzmoos. Lange wird es sicher nicht dauern bis ich wieder zur\u00fcckkomme, um die anderen Kraftplatze zu entdecken. Doch das ist eine andere Geschichte&#8230;<\/p>\n<p>\u00a9alle Bilder: Peter Zeitlhofer-n8musik\u00a0kreativwerk|stadt<\/p>\n","protected":false},"excerpt":{"rendered":"<p>&#8222;Willst du mich ergr\u00fcnden, werd ich dich verschl\u00fcnden&#8220;, soll es aus dem dunklen Fels ert\u00f6nt sein, als zwei Almhirten in l\u00e4ngst vergangener Zeit wissen wollten, wie tief denn der Spalt sei, aus dem das Wasser der Meer\u00e4uglquelle hervorsprudelte. Schon damals war die besondere Kraft dieses Wassers in der Region wohl bekannt und so manch einer [&hellip;]<\/p>\n","protected":false},"author":505,"featured_media":111123,"comment_status":"open","ping_status":"open","sticky":false,"template":"","format":"standard","meta":{"_acf_changed":false,"wl_entities_gutenberg":"","_wl_entity_redirect_enabled":"","footnotes":""},"categories":[9],"tags":[],"wl_entity_type":[306],"monatsauswahl":[86,87,88,89,90,91],"class_list":["post-111101","post","type-post","status-publish","format-standard","has-post-thumbnail","hentry","category-sehenswurdig","wl_entity_type-article","monatsauswahl-monat_5","monatsauswahl-monat_6","monatsauswahl-monat_7","monatsauswahl-monat_8","monatsauswahl-monat_9","monatsauswahl-monat_10"],"acf":[],"yoast_head":"<!-- This site is optimized with the Yoast SEO Premium plugin v27.4 (Yoast SEO v27.4) - https:\/\/yoast.com\/product\/yoast-seo-premium-wordpress\/ -->\n<title>Die Kraft der Meer\u00e4uglquelle - SalzburgerLand Magazin<\/title>\n<meta name=\"description\" content=\"&#8222;Willst du mich ergr\u00fcnden, werd ich dich verschl\u00fcnden&#8220;, soll es aus dem dunklen Fels ert\u00f6nt sein, als zwei Almhirten in l\u00e4ngst vergangener Zeit wissen wollten, wie tief denn der Spalt sei, aus dem das Wasser der Meer\u00e4uglquelle hervorsprudelte. Schon damals war die besondere Kraft dieses Wassers in der Region wohl bekannt und so manch einer [&hellip;]\" \/>\n<meta name=\"robots\" content=\"index, follow, max-snippet:-1, max-image-preview:large, max-video-preview:-1\" \/>\n<link rel=\"canonical\" href=\"https:\/\/www.salzburgerland.com\/de\/magazin\/die-kraft-der-meeraeuglquelle\/\" \/>\n<meta property=\"og:locale\" content=\"de_DE\" \/>\n<meta property=\"og:type\" content=\"article\" \/>\n<meta property=\"og:title\" content=\"Die Kraft der Meer\u00e4uglquelle\" \/>\n<meta property=\"og:description\" content=\"&#8222;Willst du mich ergr\u00fcnden, werd ich dich verschl\u00fcnden&#8220;, soll es aus dem dunklen Fels ert\u00f6nt sein, als zwei Almhirten in l\u00e4ngst vergangener Zeit wissen wollten, wie tief denn der Spalt sei, aus dem das Wasser der Meer\u00e4uglquelle hervorsprudelte. Schon damals war die besondere Kraft dieses Wassers in der Region wohl bekannt und so manch einer [&hellip;]\" \/>\n<meta property=\"og:url\" content=\"https:\/\/www.salzburgerland.com\/de\/magazin\/die-kraft-der-meeraeuglquelle\/\" \/>\n<meta property=\"og:site_name\" content=\"SalzburgerLand Magazin\" \/>\n<meta property=\"article:publisher\" content=\"https:\/\/www.facebook.com\/salzburgerland\/\" \/>\n<meta property=\"article:published_time\" content=\"2017-07-21T06:00:54+00:00\" \/>\n<meta property=\"article:modified_time\" content=\"2017-07-25T07:21:14+00:00\" \/>\n<meta property=\"og:image\" content=\"https:\/\/www.salzburgerland.com\/de\/magazin\/wp-content\/uploads\/2016\/11\/IMG_4078.jpg\" \/>\n\t<meta property=\"og:image:width\" content=\"1600\" \/>\n\t<meta property=\"og:image:height\" content=\"1200\" \/>\n\t<meta property=\"og:image:type\" content=\"image\/jpeg\" \/>\n<meta name=\"author\" content=\"Peter Zeitlhofer\" \/>\n<meta name=\"twitter:card\" content=\"summary_large_image\" \/>\n<meta name=\"twitter:creator\" content=\"@Salzburgerland\" \/>\n<meta name=\"twitter:site\" content=\"@Salzburgerland\" \/>\n<meta name=\"twitter:label1\" content=\"Verfasst von\" \/>\n\t<meta name=\"twitter:data1\" content=\"Peter Zeitlhofer\" \/>\n\t<meta name=\"twitter:label2\" content=\"Gesch\u00e4tzte Lesezeit\" \/>\n\t<meta name=\"twitter:data2\" content=\"5\u00a0Minuten\" \/>\n<script type=\"application\/ld+json\" class=\"yoast-schema-graph\">{\"@context\":\"https:\\\/\\\/schema.org\",\"@graph\":[{\"@type\":\"Article\",\"@id\":\"https:\\\/\\\/www.salzburgerland.com\\\/de\\\/magazin\\\/die-kraft-der-meeraeuglquelle\\\/#article\",\"isPartOf\":{\"@id\":\"https:\\\/\\\/www.salzburgerland.com\\\/de\\\/magazin\\\/die-kraft-der-meeraeuglquelle\\\/\"},\"author\":{\"name\":\"Peter Zeitlhofer\",\"@id\":\"https:\\\/\\\/www.salzburgerland.com\\\/de\\\/magazin\\\/#\\\/schema\\\/person\\\/ebd2c9f244aeea71e30f3b5d5e309de4\"},\"headline\":\"Die Kraft der Meer\u00e4uglquelle\",\"datePublished\":\"2017-07-21T06:00:54+00:00\",\"dateModified\":\"2017-07-25T07:21:14+00:00\",\"mainEntityOfPage\":{\"@id\":\"https:\\\/\\\/www.salzburgerland.com\\\/de\\\/magazin\\\/die-kraft-der-meeraeuglquelle\\\/\"},\"wordCount\":1029,\"commentCount\":0,\"publisher\":{\"@id\":\"https:\\\/\\\/www.salzburgerland.com\\\/de\\\/magazin\\\/#organization\"},\"image\":{\"@id\":\"https:\\\/\\\/www.salzburgerland.com\\\/de\\\/magazin\\\/die-kraft-der-meeraeuglquelle\\\/#primaryimage\"},\"thumbnailUrl\":\"https:\\\/\\\/www.salzburgerland.com\\\/de\\\/magazin\\\/wp-content\\\/uploads\\\/2016\\\/11\\\/IMG_4078.jpg\",\"articleSection\":[\"Sehensw\u00fcrdig\"],\"inLanguage\":\"de\",\"potentialAction\":[{\"@type\":\"CommentAction\",\"name\":\"Comment\",\"target\":[\"https:\\\/\\\/www.salzburgerland.com\\\/de\\\/magazin\\\/die-kraft-der-meeraeuglquelle\\\/#respond\"]}]},{\"@type\":\"WebPage\",\"@id\":\"https:\\\/\\\/www.salzburgerland.com\\\/de\\\/magazin\\\/die-kraft-der-meeraeuglquelle\\\/\",\"url\":\"https:\\\/\\\/www.salzburgerland.com\\\/de\\\/magazin\\\/die-kraft-der-meeraeuglquelle\\\/\",\"name\":\"Die Kraft der Meer\u00e4uglquelle - SalzburgerLand Magazin\",\"isPartOf\":{\"@id\":\"https:\\\/\\\/www.salzburgerland.com\\\/de\\\/magazin\\\/#website\"},\"primaryImageOfPage\":{\"@id\":\"https:\\\/\\\/www.salzburgerland.com\\\/de\\\/magazin\\\/die-kraft-der-meeraeuglquelle\\\/#primaryimage\"},\"image\":{\"@id\":\"https:\\\/\\\/www.salzburgerland.com\\\/de\\\/magazin\\\/die-kraft-der-meeraeuglquelle\\\/#primaryimage\"},\"thumbnailUrl\":\"https:\\\/\\\/www.salzburgerland.com\\\/de\\\/magazin\\\/wp-content\\\/uploads\\\/2016\\\/11\\\/IMG_4078.jpg\",\"datePublished\":\"2017-07-21T06:00:54+00:00\",\"dateModified\":\"2017-07-25T07:21:14+00:00\",\"breadcrumb\":{\"@id\":\"https:\\\/\\\/www.salzburgerland.com\\\/de\\\/magazin\\\/die-kraft-der-meeraeuglquelle\\\/#breadcrumb\"},\"inLanguage\":\"de\",\"potentialAction\":[{\"@type\":\"ReadAction\",\"target\":[\"https:\\\/\\\/www.salzburgerland.com\\\/de\\\/magazin\\\/die-kraft-der-meeraeuglquelle\\\/\"]}]},{\"@type\":\"ImageObject\",\"inLanguage\":\"de\",\"@id\":\"https:\\\/\\\/www.salzburgerland.com\\\/de\\\/magazin\\\/die-kraft-der-meeraeuglquelle\\\/#primaryimage\",\"url\":\"https:\\\/\\\/www.salzburgerland.com\\\/de\\\/magazin\\\/wp-content\\\/uploads\\\/2016\\\/11\\\/IMG_4078.jpg\",\"contentUrl\":\"https:\\\/\\\/www.salzburgerland.com\\\/de\\\/magazin\\\/wp-content\\\/uploads\\\/2016\\\/11\\\/IMG_4078.jpg\",\"width\":1600,\"height\":1200,\"caption\":\"Die Mee\u00e4uglquelle wird von den Menschen im Pongau schon seit vielen Jahren als Kraftplatz empfunden.\"},{\"@type\":\"BreadcrumbList\",\"@id\":\"https:\\\/\\\/www.salzburgerland.com\\\/de\\\/magazin\\\/die-kraft-der-meeraeuglquelle\\\/#breadcrumb\",\"itemListElement\":[{\"@type\":\"ListItem\",\"position\":1,\"name\":\"Startseite\",\"item\":\"https:\\\/\\\/www.salzburgerland.com\\\/de\\\/magazin\\\/\"},{\"@type\":\"ListItem\",\"position\":2,\"name\":\"Sehensw\u00fcrdig\",\"item\":\"https:\\\/\\\/www.salzburgerland.com\\\/de\\\/magazin\\\/thema\\\/sehenswurdig\\\/\"},{\"@type\":\"ListItem\",\"position\":3,\"name\":\"Die Kraft der Meer\u00e4uglquelle\"}]},{\"@type\":\"WebSite\",\"@id\":\"https:\\\/\\\/www.salzburgerland.com\\\/de\\\/magazin\\\/#website\",\"url\":\"https:\\\/\\\/www.salzburgerland.com\\\/de\\\/magazin\\\/\",\"name\":\"SalzburgerLand Magazin\",\"description\":\"Geschichten und Interessantes aus dem SalzburgerLand\",\"publisher\":{\"@id\":\"https:\\\/\\\/www.salzburgerland.com\\\/de\\\/magazin\\\/#organization\"},\"potentialAction\":[{\"@type\":\"SearchAction\",\"target\":{\"@type\":\"EntryPoint\",\"urlTemplate\":\"https:\\\/\\\/www.salzburgerland.com\\\/de\\\/magazin\\\/?s={search_term_string}\"},\"query-input\":{\"@type\":\"PropertyValueSpecification\",\"valueRequired\":true,\"valueName\":\"search_term_string\"}}],\"inLanguage\":\"de\"},{\"@type\":\"Organization\",\"@id\":\"https:\\\/\\\/www.salzburgerland.com\\\/de\\\/magazin\\\/#organization\",\"name\":\"SalzburgerLand Tourismus\",\"url\":\"https:\\\/\\\/www.salzburgerland.com\\\/de\\\/magazin\\\/\",\"logo\":{\"@type\":\"ImageObject\",\"inLanguage\":\"de\",\"@id\":\"https:\\\/\\\/www.salzburgerland.com\\\/de\\\/magazin\\\/#\\\/schema\\\/logo\\\/image\\\/\",\"url\":\"https:\\\/\\\/www.salzburgerland.com\\\/de\\\/magazin\\\/wp-content\\\/uploads\\\/2019\\\/06\\\/salzburgerland-logo1.jpg\",\"contentUrl\":\"https:\\\/\\\/www.salzburgerland.com\\\/de\\\/magazin\\\/wp-content\\\/uploads\\\/2019\\\/06\\\/salzburgerland-logo1.jpg\",\"width\":2011,\"height\":866,\"caption\":\"SalzburgerLand Tourismus\"},\"image\":{\"@id\":\"https:\\\/\\\/www.salzburgerland.com\\\/de\\\/magazin\\\/#\\\/schema\\\/logo\\\/image\\\/\"},\"sameAs\":[\"https:\\\/\\\/www.facebook.com\\\/salzburgerland\\\/\",\"https:\\\/\\\/x.com\\\/Salzburgerland\",\"https:\\\/\\\/www.instagram.com\\\/salzburgerland\\\/\",\"https:\\\/\\\/at.linkedin.com\\\/company\\\/salzburgerland-tourismus-gmbh\",\"https:\\\/\\\/www.pinterest.at\\\/salzburgerland\\\/\",\"https:\\\/\\\/www.youtube.com\\\/user\\\/salzburgerland\",\"https:\\\/\\\/de.wikipedia.org\\\/wiki\\\/SalzburgerLand_Tourismus_GmbH\"]},{\"@type\":\"Person\",\"@id\":\"https:\\\/\\\/www.salzburgerland.com\\\/de\\\/magazin\\\/#\\\/schema\\\/person\\\/ebd2c9f244aeea71e30f3b5d5e309de4\",\"name\":\"Peter Zeitlhofer\",\"description\":\"'Von Neugier getrieben' - diese Worte kommen Peter Zeitlhofer wohl schon ziemlich nahe. Egal ob am Segelboot, im Tiefschnee, unterwegs in Stadt und Land, oder auf einer seinen vielen Reisen - er ist immer auf der Suche nach Neuem, nach dem Besonderen, probiert so ziemlich alles aus und liebt es, dar\u00fcber zu reden und zu berichten. Womit man auch schon fast bei seiner zweiten Leidenschaft w\u00e4re - dem Schreiben. Immer und \u00fcberall ausgestattet\u00a0mit seinem Notebook, hat der Salzburger, mit Wurzeln am Attersee, sein Office\u00a0im wahrsten Sinne des Wortes unterm Arm und k\u00f6nnte sich nichts besseres vorstellen, als die Geschichten dort zu erz\u00e4hlen, wo sie passieren. Fr\u00fchling, Sommer, Herbst oder Winter? Als Mensch der Extreme, mag ich auch bei den Jahreszeiten den Sommer und den Winter am liebsten. Obwohl nat\u00fcrlich auch der Fr\u00fchling seine Reize hat. Aber der Herbst? Rindsroulade vom Pinzgauer Biorind oder Saibling fangfrisch aus dem Fuschlsee? Immer diese Entscheidungen! Kann ich auch beides haben? Mundharmonika oder Stradivari? Weder noch - als Gitarrist k\u00f6nnte ich mit beiden Instrumenten nichts anfangen. Lederhose oder Smoking? Eindeutig Lederhose, die bei mir mittlerweile sogar den Einzug in den sommerlichen Alltag gefunden hat. Und der LederhosnDonnerstag ist \u00a0ohnehin Pflicht. Alpinski, Offpist oder Skitour? Hauptsache rauf auf den Berg! Was dann tats\u00e4chlich auf dem Programm steht ist zweitrangig. Nur so viel: wenn der Schnee passt, dann h\u00e4lt mich nichts oder niemand auf der Piste. Bergtour oder Seentour? F\u00fcr mich gibt es im Sommer nichts Sch\u00f6neres, als mit dem Segelboot auf unseren herrlichen Seen unterwegs zu sein. Also wenn ich die Wahl habe, dann nehme ich im Sommer die Berge h\u00f6chstens als Kulisse. Haubenlokal oder Ab-Hof-Laden? Auch hier nehme ich von beidem ein bisschen. Aber bei der Oma schmeckt's dann doch am besten.\",\"url\":\"https:\\\/\\\/www.salzburgerland.com\\\/de\\\/magazin\\\/author\\\/peter-zeitlhofer\\\/\"}]}<\/script>\n<!-- \/ Yoast SEO Premium plugin. -->","yoast_head_json":{"title":"Die Kraft der Meer\u00e4uglquelle - SalzburgerLand Magazin","description":"&#8222;Willst du mich ergr\u00fcnden, werd ich dich verschl\u00fcnden&#8220;, soll es aus dem dunklen Fels ert\u00f6nt sein, als zwei Almhirten in l\u00e4ngst vergangener Zeit wissen wollten, wie tief denn der Spalt sei, aus dem das Wasser der Meer\u00e4uglquelle hervorsprudelte. Schon damals war die besondere Kraft dieses Wassers in der Region wohl bekannt und so manch einer [&hellip;]","robots":{"index":"index","follow":"follow","max-snippet":"max-snippet:-1","max-image-preview":"max-image-preview:large","max-video-preview":"max-video-preview:-1"},"canonical":"https:\/\/www.salzburgerland.com\/de\/magazin\/die-kraft-der-meeraeuglquelle\/","og_locale":"de_DE","og_type":"article","og_title":"Die Kraft der Meer\u00e4uglquelle","og_description":"&#8222;Willst du mich ergr\u00fcnden, werd ich dich verschl\u00fcnden&#8220;, soll es aus dem dunklen Fels ert\u00f6nt sein, als zwei Almhirten in l\u00e4ngst vergangener Zeit wissen wollten, wie tief denn der Spalt sei, aus dem das Wasser der Meer\u00e4uglquelle hervorsprudelte. Schon damals war die besondere Kraft dieses Wassers in der Region wohl bekannt und so manch einer [&hellip;]","og_url":"https:\/\/www.salzburgerland.com\/de\/magazin\/die-kraft-der-meeraeuglquelle\/","og_site_name":"SalzburgerLand Magazin","article_publisher":"https:\/\/www.facebook.com\/salzburgerland\/","article_published_time":"2017-07-21T06:00:54+00:00","article_modified_time":"2017-07-25T07:21:14+00:00","og_image":[{"width":1600,"height":1200,"url":"https:\/\/www.salzburgerland.com\/de\/magazin\/wp-content\/uploads\/2016\/11\/IMG_4078.jpg","type":"image\/jpeg"}],"author":"Peter Zeitlhofer","twitter_card":"summary_large_image","twitter_creator":"@Salzburgerland","twitter_site":"@Salzburgerland","twitter_misc":{"Verfasst von":"Peter Zeitlhofer","Gesch\u00e4tzte Lesezeit":"5\u00a0Minuten"},"schema":{"@context":"https:\/\/schema.org","@graph":[{"@type":"Article","@id":"https:\/\/www.salzburgerland.com\/de\/magazin\/die-kraft-der-meeraeuglquelle\/#article","isPartOf":{"@id":"https:\/\/www.salzburgerland.com\/de\/magazin\/die-kraft-der-meeraeuglquelle\/"},"author":{"name":"Peter Zeitlhofer","@id":"https:\/\/www.salzburgerland.com\/de\/magazin\/#\/schema\/person\/ebd2c9f244aeea71e30f3b5d5e309de4"},"headline":"Die Kraft der Meer\u00e4uglquelle","datePublished":"2017-07-21T06:00:54+00:00","dateModified":"2017-07-25T07:21:14+00:00","mainEntityOfPage":{"@id":"https:\/\/www.salzburgerland.com\/de\/magazin\/die-kraft-der-meeraeuglquelle\/"},"wordCount":1029,"commentCount":0,"publisher":{"@id":"https:\/\/www.salzburgerland.com\/de\/magazin\/#organization"},"image":{"@id":"https:\/\/www.salzburgerland.com\/de\/magazin\/die-kraft-der-meeraeuglquelle\/#primaryimage"},"thumbnailUrl":"https:\/\/www.salzburgerland.com\/de\/magazin\/wp-content\/uploads\/2016\/11\/IMG_4078.jpg","articleSection":["Sehensw\u00fcrdig"],"inLanguage":"de","potentialAction":[{"@type":"CommentAction","name":"Comment","target":["https:\/\/www.salzburgerland.com\/de\/magazin\/die-kraft-der-meeraeuglquelle\/#respond"]}]},{"@type":"WebPage","@id":"https:\/\/www.salzburgerland.com\/de\/magazin\/die-kraft-der-meeraeuglquelle\/","url":"https:\/\/www.salzburgerland.com\/de\/magazin\/die-kraft-der-meeraeuglquelle\/","name":"Die Kraft der Meer\u00e4uglquelle - SalzburgerLand Magazin","isPartOf":{"@id":"https:\/\/www.salzburgerland.com\/de\/magazin\/#website"},"primaryImageOfPage":{"@id":"https:\/\/www.salzburgerland.com\/de\/magazin\/die-kraft-der-meeraeuglquelle\/#primaryimage"},"image":{"@id":"https:\/\/www.salzburgerland.com\/de\/magazin\/die-kraft-der-meeraeuglquelle\/#primaryimage"},"thumbnailUrl":"https:\/\/www.salzburgerland.com\/de\/magazin\/wp-content\/uploads\/2016\/11\/IMG_4078.jpg","datePublished":"2017-07-21T06:00:54+00:00","dateModified":"2017-07-25T07:21:14+00:00","breadcrumb":{"@id":"https:\/\/www.salzburgerland.com\/de\/magazin\/die-kraft-der-meeraeuglquelle\/#breadcrumb"},"inLanguage":"de","potentialAction":[{"@type":"ReadAction","target":["https:\/\/www.salzburgerland.com\/de\/magazin\/die-kraft-der-meeraeuglquelle\/"]}]},{"@type":"ImageObject","inLanguage":"de","@id":"https:\/\/www.salzburgerland.com\/de\/magazin\/die-kraft-der-meeraeuglquelle\/#primaryimage","url":"https:\/\/www.salzburgerland.com\/de\/magazin\/wp-content\/uploads\/2016\/11\/IMG_4078.jpg","contentUrl":"https:\/\/www.salzburgerland.com\/de\/magazin\/wp-content\/uploads\/2016\/11\/IMG_4078.jpg","width":1600,"height":1200,"caption":"Die Mee\u00e4uglquelle wird von den Menschen im Pongau schon seit vielen Jahren als Kraftplatz empfunden."},{"@type":"BreadcrumbList","@id":"https:\/\/www.salzburgerland.com\/de\/magazin\/die-kraft-der-meeraeuglquelle\/#breadcrumb","itemListElement":[{"@type":"ListItem","position":1,"name":"Startseite","item":"https:\/\/www.salzburgerland.com\/de\/magazin\/"},{"@type":"ListItem","position":2,"name":"Sehensw\u00fcrdig","item":"https:\/\/www.salzburgerland.com\/de\/magazin\/thema\/sehenswurdig\/"},{"@type":"ListItem","position":3,"name":"Die Kraft der Meer\u00e4uglquelle"}]},{"@type":"WebSite","@id":"https:\/\/www.salzburgerland.com\/de\/magazin\/#website","url":"https:\/\/www.salzburgerland.com\/de\/magazin\/","name":"SalzburgerLand Magazin","description":"Geschichten und Interessantes aus dem SalzburgerLand","publisher":{"@id":"https:\/\/www.salzburgerland.com\/de\/magazin\/#organization"},"potentialAction":[{"@type":"SearchAction","target":{"@type":"EntryPoint","urlTemplate":"https:\/\/www.salzburgerland.com\/de\/magazin\/?s={search_term_string}"},"query-input":{"@type":"PropertyValueSpecification","valueRequired":true,"valueName":"search_term_string"}}],"inLanguage":"de"},{"@type":"Organization","@id":"https:\/\/www.salzburgerland.com\/de\/magazin\/#organization","name":"SalzburgerLand Tourismus","url":"https:\/\/www.salzburgerland.com\/de\/magazin\/","logo":{"@type":"ImageObject","inLanguage":"de","@id":"https:\/\/www.salzburgerland.com\/de\/magazin\/#\/schema\/logo\/image\/","url":"https:\/\/www.salzburgerland.com\/de\/magazin\/wp-content\/uploads\/2019\/06\/salzburgerland-logo1.jpg","contentUrl":"https:\/\/www.salzburgerland.com\/de\/magazin\/wp-content\/uploads\/2019\/06\/salzburgerland-logo1.jpg","width":2011,"height":866,"caption":"SalzburgerLand Tourismus"},"image":{"@id":"https:\/\/www.salzburgerland.com\/de\/magazin\/#\/schema\/logo\/image\/"},"sameAs":["https:\/\/www.facebook.com\/salzburgerland\/","https:\/\/x.com\/Salzburgerland","https:\/\/www.instagram.com\/salzburgerland\/","https:\/\/at.linkedin.com\/company\/salzburgerland-tourismus-gmbh","https:\/\/www.pinterest.at\/salzburgerland\/","https:\/\/www.youtube.com\/user\/salzburgerland","https:\/\/de.wikipedia.org\/wiki\/SalzburgerLand_Tourismus_GmbH"]},{"@type":"Person","@id":"https:\/\/www.salzburgerland.com\/de\/magazin\/#\/schema\/person\/ebd2c9f244aeea71e30f3b5d5e309de4","name":"Peter Zeitlhofer","description":"'Von Neugier getrieben' - diese Worte kommen Peter Zeitlhofer wohl schon ziemlich nahe. Egal ob am Segelboot, im Tiefschnee, unterwegs in Stadt und Land, oder auf einer seinen vielen Reisen - er ist immer auf der Suche nach Neuem, nach dem Besonderen, probiert so ziemlich alles aus und liebt es, dar\u00fcber zu reden und zu berichten. Womit man auch schon fast bei seiner zweiten Leidenschaft w\u00e4re - dem Schreiben. Immer und \u00fcberall ausgestattet\u00a0mit seinem Notebook, hat der Salzburger, mit Wurzeln am Attersee, sein Office\u00a0im wahrsten Sinne des Wortes unterm Arm und k\u00f6nnte sich nichts besseres vorstellen, als die Geschichten dort zu erz\u00e4hlen, wo sie passieren. Fr\u00fchling, Sommer, Herbst oder Winter? Als Mensch der Extreme, mag ich auch bei den Jahreszeiten den Sommer und den Winter am liebsten. Obwohl nat\u00fcrlich auch der Fr\u00fchling seine Reize hat. Aber der Herbst? Rindsroulade vom Pinzgauer Biorind oder Saibling fangfrisch aus dem Fuschlsee? Immer diese Entscheidungen! Kann ich auch beides haben? Mundharmonika oder Stradivari? Weder noch - als Gitarrist k\u00f6nnte ich mit beiden Instrumenten nichts anfangen. Lederhose oder Smoking? Eindeutig Lederhose, die bei mir mittlerweile sogar den Einzug in den sommerlichen Alltag gefunden hat. Und der LederhosnDonnerstag ist \u00a0ohnehin Pflicht. Alpinski, Offpist oder Skitour? Hauptsache rauf auf den Berg! Was dann tats\u00e4chlich auf dem Programm steht ist zweitrangig. Nur so viel: wenn der Schnee passt, dann h\u00e4lt mich nichts oder niemand auf der Piste. Bergtour oder Seentour? F\u00fcr mich gibt es im Sommer nichts Sch\u00f6neres, als mit dem Segelboot auf unseren herrlichen Seen unterwegs zu sein. Also wenn ich die Wahl habe, dann nehme ich im Sommer die Berge h\u00f6chstens als Kulisse. Haubenlokal oder Ab-Hof-Laden? Auch hier nehme ich von beidem ein bisschen. Aber bei der Oma schmeckt's dann doch am besten.","url":"https:\/\/www.salzburgerland.com\/de\/magazin\/author\/peter-zeitlhofer\/"}]}},"_wl_alt_label":[],"wl:entity_url":"http:\/\/open.salzburgerland.com\/magazin\/post\/die_kraft_der_meeraeuglquelle","_links":{"self":[{"href":"https:\/\/www.salzburgerland.com\/de\/magazin\/wp-json\/wp\/v2\/posts\/111101","targetHints":{"allow":["GET"]}}],"collection":[{"href":"https:\/\/www.salzburgerland.com\/de\/magazin\/wp-json\/wp\/v2\/posts"}],"about":[{"href":"https:\/\/www.salzburgerland.com\/de\/magazin\/wp-json\/wp\/v2\/types\/post"}],"author":[{"embeddable":true,"href":"https:\/\/www.salzburgerland.com\/de\/magazin\/wp-json\/wp\/v2\/users\/505"}],"replies":[{"embeddable":true,"href":"https:\/\/www.salzburgerland.com\/de\/magazin\/wp-json\/wp\/v2\/comments?post=111101"}],"version-history":[{"count":0,"href":"https:\/\/www.salzburgerland.com\/de\/magazin\/wp-json\/wp\/v2\/posts\/111101\/revisions"}],"wp:featuredmedia":[{"embeddable":true,"href":"https:\/\/www.salzburgerland.com\/de\/magazin\/wp-json\/wp\/v2\/media\/111123"}],"wp:attachment":[{"href":"https:\/\/www.salzburgerland.com\/de\/magazin\/wp-json\/wp\/v2\/media?parent=111101"}],"wp:term":[{"taxonomy":"category","embeddable":true,"href":"https:\/\/www.salzburgerland.com\/de\/magazin\/wp-json\/wp\/v2\/categories?post=111101"},{"taxonomy":"post_tag","embeddable":true,"href":"https:\/\/www.salzburgerland.com\/de\/magazin\/wp-json\/wp\/v2\/tags?post=111101"},{"taxonomy":"wl_entity_type","embeddable":true,"href":"https:\/\/www.salzburgerland.com\/de\/magazin\/wp-json\/wp\/v2\/wl_entity_type?post=111101"},{"taxonomy":"monatsauswahl","embeddable":true,"href":"https:\/\/www.salzburgerland.com\/de\/magazin\/wp-json\/wp\/v2\/monatsauswahl?post=111101"}],"curies":[{"name":"wp","href":"https:\/\/api.w.org\/{rel}","templated":true}]}}