{"id":110624,"date":"2017-01-02T08:00:32","date_gmt":"2017-01-02T07:00:32","guid":{"rendered":"http:\/\/magazin.salzburgerland.com\/?p=110624"},"modified":"2019-08-14T14:02:53","modified_gmt":"2019-08-14T12:02:53","slug":"ein-tag-in-der-skischule","status":"publish","type":"post","link":"https:\/\/www.salzburgerland.com\/de\/magazin\/ein-tag-in-der-skischule\/","title":{"rendered":"Ein Tag in der Skischule"},"content":{"rendered":"\n<p class=\"wp-block-slt-intro\">Blauer Himmel, Sonnenschein und jede Menge glitzernder Schnee: so empfing St. Johann unseren Autor Peter Zeitlhofer an einem wundersch\u00f6nen Wintermorgen. F\u00fcr den leidenschaftlichen Snowboarder ging es seit langer Zeit wieder einmal in den Skikurs. Und er machte eine ungeheure Entdeckung: Sch\u00fcler, die jede Menge Spa\u00df am Lernen haben! <\/p>\n\n\n\n<p>Beim Verlassen der Bergstation finde ich mich pl\u00f6tzlich in einer scheinbar anderen Welt wieder. Um mich herum ein bunter Haufen fr\u00f6hlicher Menschen, die in Skianz\u00fcgen herumlaufen, sich in den verschiedensten Sprachen unterhalten und einen wahnsinnigen Spa\u00df zu haben scheinen. Ich muss wohl einen ziemlich verwirrten Eindruck machen, denn sofort kommt Gerhard Sint, Leiter der Skischule Rot-Wei\u00df-Rot in St. Johann, winkend auf mich zu und streckt mir lachend die Hand entgegen. \u201eDenk dir nichts, so geht es bei uns jeden Morgen zu, wenn sich die Gruppen hier oben treffen. Das ist erst einmal der absolute Ausnahmezustand, aber das legt sich in der Regel schnell.\u201c Und tats\u00e4chlich scheint wie durch Zauberhand Ordnung in das Chaos zu kommen, und eine Gruppe nach der anderen verl\u00e4sst den Platz vor der Bergstation.<\/p>\n\n\n\n<h2 class=\"wp-block-heading\">Pizzaschnitten f\u00fcr die Zwergerln<\/h2>\n\n\n\n<p>Wie aus dem Nichts trifft mich etwas im R\u00fccken und noch bevor ich realisiere, woher ich denn so pl\u00f6tzlich angegriffen werde, packt mich Skilehrerin Nienke am Arm und zieht mich zu Boden. \u201eVersteck dich, sonst war das nicht der einzige Schneeball, der dich heute treffen wird\u201c, ruft sie freudenstrahlend und wirft einen Ball zur\u00fcck auf die ausgelassene Meute um uns. \u201eBei den Zwergerln im Ski-Kindergarten kann man nicht den ganzen Tag Technik unterrichten. Da verlieren sie schnell das Interesse und wollen nach Hause. Also spielen wir, machen immer wieder Pausen und lassen den Spa\u00df nicht zu kurz kommen. So haben die Kleinen eine super Zeit \u2013 und wir nat\u00fcrlich auch\u201c, erz\u00e4hlt die sympathische Holl\u00e4nderin, w\u00e4hrend sie <em>\u201e<\/em>ihre&#8220; Kinder zusammentrommelt, um mit ihnen die Pizza \u2013 so nennt man den Schneepflug heute korrekt \u2013 und die ersten B\u00f6gen am Hang zu \u00fcben.<\/p>\n\n\n\n<h2 class=\"wp-block-heading\">Neue Sicherheit f\u00fcr Wiedereinsteiger<\/h2>\n\n\n\n<p>Im Anschluss daran fahre ich zum Sessellift weiter, wo ich mich mit Jeff und seiner Gruppe verabredet habe. Der Amerikaner kommt schon seit vielen Jahren in den Pongau, um sein Wissen an erwachsene Wiedereinsteiger weiterzugeben. \u201eEs ist genauso wie bei den Anf\u00e4ngern\u201c, erz\u00e4hlt er in seinem <em>\u201e<\/em>American-Deutsch&#8220;. \u201eDie einen brauchen nur ein paar Schw\u00fcnge, um wieder drinnen zu sein, die anderen halt ein bisschen l\u00e4nger. Aber eines haben alle gemeinsam: Der Spa\u00df am Skifahren l\u00e4sst auch beim Wiedereinstieg nicht lange auf sich warten\u201c. Was mir Osman best\u00e4tigt. Etwas au\u00dfer Atem erz\u00e4hlt mir der D\u00fcsseldorfer, dass er sich niemals gedacht h\u00e4tte, dass die Begeisterung so schnell zur\u00fcckkommen w\u00fcrde. \u201eMeine Frau und ich haben wegen der Kinder wieder angefangen, Ski zu fahren, nachdem die Bretter \u00fcber 10 Jahre im Keller standen. Uns war es wichtig, dass auch sie Skifahren lernen und erleben, wie sch\u00f6n es ist, in den Bergen unterwegs zu sein.\u201c Auf die Frage, ob es denn notwendig sei, einen Skikurs zu machen, nickt er energisch: \u201eAbsolut, denn nur so bekommt man die Sicherheit zur\u00fcck.\u201c<\/p>\n\n\n\n<h2 class=\"wp-block-heading\">Geniale \u201eLines\u201c f\u00fcr die Kids<\/h2>\n\n\n\n<p>Am Nachmittag dieses herrlichen Wintertages schlie\u00dfe ich mich Sebastian und seiner Gruppe an. Der Student unterrichtet in den Ferien und ist heute mit den fortgeschrittenen Jugendlichen unterwegs. \u201eTechnisch brauche ich diesem wilden Haufen nicht mehr viel beizubringen. Bei mir geht es eher um die Sicherheit und darum, dass sie verstehen, dass man am meisten Spa\u00df am Berg hat, wenn man sich an die Pistenregeln h\u00e4lt und gef\u00e4hrliche Situationen vermeidet.\u201c Ein paar Mal fahre ich mit ihnen die Pisten hinunter, sehe zu, wie Sebastian den Kids zeigt, wie man den Berg am besten nutzt. Linien, die einem selbst nicht einfallen w\u00fcrden. Genial! In der Buchauh\u00fctte treffe ich dann noch einmal Gerhard Sint. Bei einem Kaffee sagt er: \u201eDas Allerwichtigste ist, dass der Skikurs Spa\u00df macht, und dass die Skilehrer den Sch\u00fclern die Begeisterung f\u00fcr den Schnee, die Berge und der Bewegung mitgeben. Das gilt f\u00fcr Erwachsene genauso wie f\u00fcr die Kids und die Zwergerl.\u201c Es scheint, als mache das Team der Skischule Rot-Wei\u00df-Rot einen ziemlich guten Job. Da hab sogar ich noch etwas gelernt. Mit Spa\u00df!<\/p>\n\n\n<div class=\"mag-gallery\"><div class=\"row\"><div class=\"col-6 col-sm-4\"><figure><a class=\"thumb-container\" href=\"https:\/\/www.salzburgerland.com\/de\/magazin\/wp-content\/uploads\/2016\/10\/RS130_YoungSLT_Winter1-12a-lpr-1280x1024.jpg\">\t<picture><source media=\"(min-width: 576px)\" srcset=\"https:\/\/www.salzburgerland.com\/de\/magazin\/wp-content\/uploads\/2016\/10\/RS130_YoungSLT_Winter1-12a-lpr-325x209.jpg 325w, https:\/\/www.salzburgerland.com\/de\/magazin\/wp-content\/uploads\/2016\/10\/RS130_YoungSLT_Winter1-12a-lpr-249x160.jpg 249w\"><\/source><source media=\"(min-width: 0)\" srcset=\"https:\/\/www.salzburgerland.com\/de\/magazin\/wp-content\/uploads\/2016\/10\/RS130_YoungSLT_Winter1-12a-lpr-249x160.jpg 249w, https:\/\/www.salzburgerland.com\/de\/magazin\/wp-content\/uploads\/2016\/10\/RS130_YoungSLT_Winter1-12a-lpr-325x209.jpg 325w\"><\/source><img decoding=\"async\" alt=\"Drei Skifahrer in farbenfrohen Outfits machen eine Gruppen&uuml;bung auf einem verschneiten Berg mit B&auml;umen und Gipfeln im Hintergrund.\" src=\"https:\/\/www.salzburgerland.com\/de\/magazin\/wp-content\/uploads\/2016\/10\/RS130_YoungSLT_Winter1-12a-lpr.jpg\">\t<\/picture><\/a><\/figure><\/div><div class=\"col-6 col-sm-4\"><figure><a class=\"thumb-container\" href=\"https:\/\/www.salzburgerland.com\/de\/magazin\/wp-content\/uploads\/2016\/10\/RS135_YoungSLT_Winter1-132a-lpr-1280x1024.jpg\">\t<picture><source media=\"(min-width: 576px)\" srcset=\"https:\/\/www.salzburgerland.com\/de\/magazin\/wp-content\/uploads\/2016\/10\/RS135_YoungSLT_Winter1-132a-lpr-325x209.jpg 325w, https:\/\/www.salzburgerland.com\/de\/magazin\/wp-content\/uploads\/2016\/10\/RS135_YoungSLT_Winter1-132a-lpr-249x160.jpg 249w\"><\/source><source media=\"(min-width: 0)\" srcset=\"https:\/\/www.salzburgerland.com\/de\/magazin\/wp-content\/uploads\/2016\/10\/RS135_YoungSLT_Winter1-132a-lpr-249x160.jpg 249w, https:\/\/www.salzburgerland.com\/de\/magazin\/wp-content\/uploads\/2016\/10\/RS135_YoungSLT_Winter1-132a-lpr-325x209.jpg 325w\"><\/source><img decoding=\"async\" alt=\"Snowboardlehrer, der einem Sch&uuml;ler auf einer verschneiten Piste hilft, mit zwei Personen, die im Hintergrund sitzen.\" src=\"https:\/\/www.salzburgerland.com\/de\/magazin\/wp-content\/uploads\/2016\/10\/RS135_YoungSLT_Winter1-132a-lpr.jpg\">\t<\/picture><\/a><\/figure><\/div><div class=\"col-6 col-sm-4\"><figure><a class=\"thumb-container\" href=\"https:\/\/www.salzburgerland.com\/de\/magazin\/wp-content\/uploads\/2016\/10\/RS137_YoungSLT_Winter1-168a-lpr-1280x1024.jpg\">\t<picture><source media=\"(min-width: 576px)\" srcset=\"https:\/\/www.salzburgerland.com\/de\/magazin\/wp-content\/uploads\/2016\/10\/RS137_YoungSLT_Winter1-168a-lpr-325x209.jpg 325w, https:\/\/www.salzburgerland.com\/de\/magazin\/wp-content\/uploads\/2016\/10\/RS137_YoungSLT_Winter1-168a-lpr-249x160.jpg 249w\"><\/source><source media=\"(min-width: 0)\" srcset=\"https:\/\/www.salzburgerland.com\/de\/magazin\/wp-content\/uploads\/2016\/10\/RS137_YoungSLT_Winter1-168a-lpr-249x160.jpg 249w, https:\/\/www.salzburgerland.com\/de\/magazin\/wp-content\/uploads\/2016\/10\/RS137_YoungSLT_Winter1-168a-lpr-325x209.jpg 325w\"><\/source><img decoding=\"async\" alt=\"Drei l&auml;chelnde Kinder in bunten Skijacken und Helmen posieren gemeinsam auf einer verschneiten Piste.\" src=\"https:\/\/www.salzburgerland.com\/de\/magazin\/wp-content\/uploads\/2016\/10\/RS137_YoungSLT_Winter1-168a-lpr.jpg\">\t<\/picture><\/a><\/figure><\/div><div class=\"col-6 col-sm-4\"><figure><a class=\"thumb-container\" href=\"https:\/\/www.salzburgerland.com\/de\/magazin\/wp-content\/uploads\/2016\/10\/RS181__N4G0632-lpr-1280x1024.jpg\">\t<picture><source media=\"(min-width: 576px)\" srcset=\"https:\/\/www.salzburgerland.com\/de\/magazin\/wp-content\/uploads\/2016\/10\/RS181__N4G0632-lpr-325x209.jpg 325w, https:\/\/www.salzburgerland.com\/de\/magazin\/wp-content\/uploads\/2016\/10\/RS181__N4G0632-lpr-249x160.jpg 249w\"><\/source><source media=\"(min-width: 0)\" srcset=\"https:\/\/www.salzburgerland.com\/de\/magazin\/wp-content\/uploads\/2016\/10\/RS181__N4G0632-lpr-249x160.jpg 249w, https:\/\/www.salzburgerland.com\/de\/magazin\/wp-content\/uploads\/2016\/10\/RS181__N4G0632-lpr-325x209.jpg 325w\"><\/source><img decoding=\"async\" alt=\"Drei Personen fahren auf einem sonnigen, schneebedeckten Berg mit B&auml;umen und blauem Himmel im Hintergrund bergab.\" src=\"https:\/\/www.salzburgerland.com\/de\/magazin\/wp-content\/uploads\/2016\/10\/RS181__N4G0632-lpr.jpg\">\t<\/picture><\/a><\/figure><\/div><div class=\"col-6 col-sm-4\"><figure><a class=\"thumb-container\" href=\"https:\/\/www.salzburgerland.com\/de\/magazin\/wp-content\/uploads\/2016\/10\/RS278__N4G1346_RZm-lpr-1280x1024.jpg\">\t<picture><source media=\"(min-width: 576px)\" srcset=\"https:\/\/www.salzburgerland.com\/de\/magazin\/wp-content\/uploads\/2016\/10\/RS278__N4G1346_RZm-lpr-325x209.jpg 325w, https:\/\/www.salzburgerland.com\/de\/magazin\/wp-content\/uploads\/2016\/10\/RS278__N4G1346_RZm-lpr-249x160.jpg 249w\"><\/source><source media=\"(min-width: 0)\" srcset=\"https:\/\/www.salzburgerland.com\/de\/magazin\/wp-content\/uploads\/2016\/10\/RS278__N4G1346_RZm-lpr-249x160.jpg 249w, https:\/\/www.salzburgerland.com\/de\/magazin\/wp-content\/uploads\/2016\/10\/RS278__N4G1346_RZm-lpr-325x209.jpg 325w\"><\/source><img decoding=\"async\" alt=\"Eine Gruppe von Skifahrern in farbenfroher Ausr&uuml;stung sitzt l&auml;chelnd mit Skist&ouml;cken in der Hand an einem verschneiten Berghang.\" src=\"https:\/\/www.salzburgerland.com\/de\/magazin\/wp-content\/uploads\/2016\/10\/RS278__N4G1346_RZm-lpr.jpg\">\t<\/picture><\/a><\/figure><\/div><div class=\"col-6 col-sm-4\"><figure><a class=\"thumb-container\" href=\"https:\/\/www.salzburgerland.com\/de\/magazin\/wp-content\/uploads\/2016\/10\/RS133_YoungSLT_Winter1-87a-lpr-1280x1024.jpg\">\t<picture><source media=\"(min-width: 576px)\" srcset=\"https:\/\/www.salzburgerland.com\/de\/magazin\/wp-content\/uploads\/2016\/10\/RS133_YoungSLT_Winter1-87a-lpr-325x209.jpg 325w, https:\/\/www.salzburgerland.com\/de\/magazin\/wp-content\/uploads\/2016\/10\/RS133_YoungSLT_Winter1-87a-lpr-249x160.jpg 249w\"><\/source><source media=\"(min-width: 0)\" srcset=\"https:\/\/www.salzburgerland.com\/de\/magazin\/wp-content\/uploads\/2016\/10\/RS133_YoungSLT_Winter1-87a-lpr-249x160.jpg 249w, https:\/\/www.salzburgerland.com\/de\/magazin\/wp-content\/uploads\/2016\/10\/RS133_YoungSLT_Winter1-87a-lpr-325x209.jpg 325w\"><\/source><img decoding=\"async\" alt=\"Ein Skilehrer unterrichtet eine Gruppe von vier Kindern auf einer verschneiten Piste, alle tragen Helme und Skiausr&uuml;stung.\" src=\"https:\/\/www.salzburgerland.com\/de\/magazin\/wp-content\/uploads\/2016\/10\/RS133_YoungSLT_Winter1-87a-lpr.jpg\">\t<\/picture><\/a><\/figure><\/div><\/div><figcaption><\/figcaption><\/div>\n\n\n\n<p>Fotos \u00a9 SalzburgerLand Tourismus<\/p>\n","protected":false},"excerpt":{"rendered":"<p>Beim Verlassen der Bergstation finde ich mich pl\u00f6tzlich in einer scheinbar anderen Welt wieder. Um mich herum ein bunter Haufen fr\u00f6hlicher Menschen, die in Skianz\u00fcgen herumlaufen, sich in den verschiedensten Sprachen unterhalten und einen wahnsinnigen Spa\u00df zu haben scheinen. Ich muss wohl einen ziemlich verwirrten Eindruck machen, denn sofort kommt Gerhard Sint, Leiter der Skischule [&hellip;]<\/p>\n","protected":false},"author":519,"featured_media":110626,"comment_status":"open","ping_status":"open","sticky":false,"template":"","format":"standard","meta":{"_acf_changed":false,"wl_entities_gutenberg":"{\"http:\/\/open.salzburgerland.com\/magazin\/entity\/sankt_johann_in_salzburg\":{\"uri\":\"http:\/\/open.salzburgerland.com\/magazin\/entity\/sankt_johann_in_salzburg\",\"label\":\"Sankt Johann in Salzburg\",\"description\":\"Sommer in St. Johann\\r\\nDie attraktive Einkaufsstra\u00dfe mit ihren Boutiquen, Kaffeeh\u00e4usern und Gastg\u00e4rten l\u00e4dt zum entspannten Einkaufen ein. Die Alpendorf Gondelbahn f\u00e4hrt auch im Sommer auf den 1.787 Meter hohen Gernkogel. Mit seinem aussichtsreichen Gipfel und dem\u00a0Erlebnispark Geisterberg\u00a0ist dieses Naturparadies ein\u00a0willkommenes Ziel f\u00fcr gro\u00dfe und kleine Entdecker.\u00a0In der umliegenden Bergwelt warten zahlreiche Wanderungen und Ausflugsziele - so wie das Naturparadies Liechtensteinklamm, eine der l\u00e4ngsten und tiefsten Schluchten der Alpen.\\r\\n\\r\\nGolftipp:\u00a0Der Golfclub OPEN GOLF St. Johann mit seinem 9-Loch-Akadmieplatz und dem 9-Loch-Turnierplatz.\\r\\n\\r\\nSt. Johann im Sommer \u00aeMIRJAGEH\\r\\nWinter in St. Johann\\r\\nWer seinen Winter in St. Johann in Salzburg verbringt, ist bestimmt an der richtigen Adresse! Schlie\u00dflich wartet in diesem Ferienort der erste Einstieg in die Salzburger Sportwelt\/ Ski amad\u00e9.\u00a0Modernste Liftanlagen bringen Sie in eines der gr\u00f6\u00dften\u00a0Skigebiete \u00d6sterreichs mit 760\u00a0herrlichen Pistenkilometern! Ein Muss f\u00fcr Freeskier und Snowboarder: Snowpark Alpendorf!\\r\\n\\r\\nOb Ski oder Board, der Einkehr in die H\u00fctte darf nach dem ausgelassenen Tag auf der Piste nicht fehlen. In den Skih\u00fctten werden k\u00f6stliche Schmankerln serviert. F\u00fcr alle, die den Winter abseits der Pisten erleben m\u00f6chten, gibt es\u00a0Skitouren, Schneeschuhwanderungen,\u00a0Rodelbahnen und mehr.\\r\\n\\r\\nKulturtipp: Einen Besuch wert ist \u00fcbrigens auch der historische Pongauer Dom.\\r\\n\\r\\nSt. Johann im Winter \u00aeMIRJAGEH\",\"main_type\":\"wl-place\",\"type\":[\"http:\/\/schema.org\/Place\"],\"image\":[\"https:\/\/www.salzburgerland.com\/de\/wp-content\/uploads\/2016\/08\/mg_5969.jpg\",\"https:\/\/www.salzburgerland.com\/de\/wp-content\/uploads\/2016\/08\/sankt-johann-alpendorf-sommer-berge.jpg\",\"https:\/\/www.salzburgerland.com\/de\/wp-content\/uploads\/2016\/08\/sankt-johann-alpendorf-sommeransicht.jpg\",\"https:\/\/www.salzburgerland.com\/de\/wp-content\/uploads\/2016\/08\/sankt-johann-gernkogel-winter.png\",\"https:\/\/www.salzburgerland.com\/de\/wp-content\/uploads\/2016\/08\/st--johann-sommer_st_johann-mirjageh_0529.jpg\",\"https:\/\/www.salzburgerland.com\/de\/wp-content\/uploads\/2016\/08\/st_johann-mirjageh_328.jpg\",\"https:\/\/www.salzburgerland.com\/de\/wp-content\/uploads\/2016\/08\/st_johann-winterjo-mirjageh_206.jpg\",\"https:\/\/www.salzburgerland.com\/de\/wp-content\/uploads\/2016\/08\/st_johann-wintermirjageh_328.jpg\",\"https:\/\/www.salzburgerland.com\/de\/wp-content\/uploads\/2016\/08\/wagrain-kleinarl-bikepark.jpg\",\"https:\/\/www.salzburgerland.com\/de\/wp-content\/uploads\/2016\/08\/wagrain-kleinarl-gondel.jpg\",\"https:\/\/www.salzburgerland.com\/de\/wp-content\/uploads\/2016\/08\/wagrain-kleinarl-snowpark-winter.jpg\",\"https:\/\/www.salzburgerland.com\/de\/wp-content\/uploads\/2016\/08\/wagrain-kleinarl-wasserwelt.tiff\"],\"sameas\":[\"http:\/\/open.salzburgerland.com\/de\/entity\/st-_johann-alpendorf\"]},\"http:\/\/open.salzburgerland.com\/de\/entity\/skifahren_und_snowboarden\":{\"uri\":\"http:\/\/open.salzburgerland.com\/de\/entity\/skifahren_und_snowboarden\",\"label\":\"Skifahren\",\"description\":\"Skifahren und Snowboarden im SalzburgerLand geh\u00f6ren zu den Dingen, f\u00fcr die dieses Land zurecht weltbekannt ist. Denn, wenn man all die M\u00f6glichkeiten, die vielen Skigebiete, die unterschiedlichsten Pisten und all die modernen Liftanlagen betrachtet, dann kann man es ohne \u00dcbertreibung als Wintersport-Paradies bezeichnen. Hier findet einfach jeder den Berg und den Hang, der f\u00fcr ihn passt. Auf dem er sich nach Lust und Laune und seinem K\u00f6nnen entsprechend austoben kann. Die\u00a0Familien verbringen wunderbare Tage im Schnee und die Kinder lernen im Skikurs neue Freunde kennen. Verliebte halten am Sessellift H\u00e4ndchen und sportlich-ambitionierte Fahrer loten auf den schwarzen Pisten ihre Grenzen aus. \\r\\nBretter, die uns die Welt bedeuten\\r\\nUnd damit man all die M\u00f6glichkeiten, die einem die Skigebiete im SalzburgerLand bieten, auch richtig nutzen kann, wird mit der Salzburger Super Ski Card der Traum vom grenzenlosen Skigenuss im ganzen Land auch wirklich wahr.\\r\\nDoch auch abseits der Pisten ist im Schnee hier so einiges los. Die\u00a0Skitourengeher feiern ihre einsamen, weit entlegenen Gipfelsiege, Freerider ziehen die ersten Spuren in den frischen Powder und landen nach weiten Spr\u00fcngen \u00fcber selbst gebaute Kicker wieder sicher im weichen Schnee. Abgerundet werden derart perfekte Skitage von kulinarischen Verw\u00f6hnprogrammen. Diese kann man nach Lust und Laune\u00a0in den urigen Skih\u00fctten, den gem\u00fctlichen Gasth\u00e4usern, oder der Top-Gastronomie erleben. Denn auch wenn die Pisten noch so perfekt und die Berge auch noch so verschneit sein m\u00f6gen: zum wahren Winterparadies wird ein Land erst dann, wenn auch rundherum alles stimmt. So wie hier... Machen Sie den Selbsttest!\",\"main_type\":\"wl-thing\",\"type\":[\"http:\/\/schema.org\/Thing\"],\"image\":[\"https:\/\/www.salzburgerland.com\/de\/wp-content\/uploads\/2016\/08\/rs184_n4g6496_titelbild_neu-lpr.jpg\",\"https:\/\/www.salzburgerland.com\/de\/wp-content\/uploads\/2016\/08\/sqknfye4-4m-1.jpg\",\"https:\/\/www.salzburgerland.com\/de\/wp-content\/uploads\/2017\/08\/winter-skifahrer-abfahrt.jpg\"],\"sameas\":[]},\"http:\/\/open.salzburgerland.com\/de\/entity\/kids\":{\"uri\":\"http:\/\/open.salzburgerland.com\/de\/entity\/kids\",\"label\":\"Kids\",\"description\":\"Kids ist ein US-amerikanischer Spielfilm aus dem Jahre 1995. Die Regie f\u00fchrte Larry Clark. Der Film beschreibt die Jugendkultur im New York der 1990er-Jahre, in der Hip-Hop, Trendsportarten wie Skateboardfahren, Partys, Drogen (insbesondere Cannabis und Alkohol) und Sex eine wesentliche Rolle spielen. Da die AIDS-Problematik die Handlung des Films bestimmt, wird er auch als Drama bezeichnet.\",\"main_type\":\"wl-creative-work\",\"type\":[\"http:\/\/schema.org\/CreativeWork\"],\"image\":[],\"sameas\":[\"http:\/\/rdf.freebase.com\/ns\/m.02ww1t\",\"http:\/\/dbpedia.org\/resource\/Kids_(film)\",\"http:\/\/yago-knowledge.org\/resource\/Kids_(film)\"]}}","_wl_entity_redirect_enabled":"","footnotes":""},"categories":[7],"tags":[],"wl_entity_type":[306],"monatsauswahl":[82,83,84,93],"class_list":["post-110624","post","type-post","status-publish","format-standard","has-post-thumbnail","hentry","category-lifestyle","wl_entity_type-article","monatsauswahl-monat_1","monatsauswahl-monat_2","monatsauswahl-monat_3","monatsauswahl-monat_12"],"acf":[],"yoast_head":"<!-- This site is optimized with the Yoast SEO Premium plugin v27.4 (Yoast SEO v27.4) - https:\/\/yoast.com\/product\/yoast-seo-premium-wordpress\/ -->\n<title>Ein Tag in der Skischule - SalzburgerLand Magazin<\/title>\n<meta name=\"description\" content=\"Blauer Himmel, Sonnenschein und jede Menge glitzernder Schnee: so empfing St. Johann unseren Autor Peter Zeitlhofer an einem wundersch\u00f6nen Wintermorgen. F\u00fcr den leidenschaftlichen Snowboarder ging es seit langer Zeit wieder einmal in den Skikurs. Und er machte eine ungeheure Entdeckung: Sch\u00fcler, die jede Menge Spa\u00df am Lernen haben!\" \/>\n<meta name=\"robots\" content=\"index, follow, max-snippet:-1, max-image-preview:large, max-video-preview:-1\" \/>\n<link rel=\"canonical\" href=\"https:\/\/www.salzburgerland.com\/de\/magazin\/ein-tag-in-der-skischule\/\" \/>\n<meta property=\"og:locale\" content=\"de_DE\" \/>\n<meta property=\"og:type\" content=\"article\" \/>\n<meta property=\"og:title\" content=\"Ein Tag in der Skischule\" \/>\n<meta property=\"og:description\" content=\"Beim Verlassen der Bergstation finde ich mich pl\u00f6tzlich in einer scheinbar anderen Welt wieder. Um mich herum ein bunter Haufen fr\u00f6hlicher Menschen, die in Skianz\u00fcgen herumlaufen, sich in den verschiedensten Sprachen unterhalten und einen wahnsinnigen Spa\u00df zu haben scheinen. Ich muss wohl einen ziemlich verwirrten Eindruck machen, denn sofort kommt Gerhard Sint, Leiter der Skischule [&hellip;]\" \/>\n<meta property=\"og:url\" content=\"https:\/\/www.salzburgerland.com\/de\/magazin\/ein-tag-in-der-skischule\/\" \/>\n<meta property=\"og:site_name\" content=\"SalzburgerLand Magazin\" \/>\n<meta property=\"article:publisher\" content=\"https:\/\/www.facebook.com\/salzburgerland\/\" \/>\n<meta property=\"article:published_time\" content=\"2017-01-02T07:00:32+00:00\" \/>\n<meta property=\"article:modified_time\" content=\"2019-08-14T12:02:53+00:00\" \/>\n<meta property=\"og:image\" content=\"https:\/\/www.salzburgerland.com\/de\/magazin\/wp-content\/uploads\/2016\/10\/RS133_YoungSLT_Winter1-87a-lpr.jpg\" \/>\n\t<meta property=\"og:image:width\" content=\"1600\" \/>\n\t<meta property=\"og:image:height\" content=\"1109\" \/>\n\t<meta property=\"og:image:type\" content=\"image\/jpeg\" \/>\n<meta name=\"author\" content=\"SalzburgerLand Redaktion\" \/>\n<meta name=\"twitter:card\" content=\"summary_large_image\" \/>\n<meta name=\"twitter:creator\" content=\"@Salzburgerland\" \/>\n<meta name=\"twitter:site\" content=\"@Salzburgerland\" \/>\n<meta name=\"twitter:label1\" content=\"Verfasst von\" \/>\n\t<meta name=\"twitter:data1\" content=\"SalzburgerLand Redaktion\" \/>\n\t<meta name=\"twitter:label2\" content=\"Gesch\u00e4tzte Lesezeit\" \/>\n\t<meta name=\"twitter:data2\" content=\"4\u00a0Minuten\" \/>\n<script type=\"application\/ld+json\" class=\"yoast-schema-graph\">{\"@context\":\"https:\\\/\\\/schema.org\",\"@graph\":[{\"@type\":\"Article\",\"@id\":\"https:\\\/\\\/www.salzburgerland.com\\\/de\\\/magazin\\\/ein-tag-in-der-skischule\\\/#article\",\"isPartOf\":{\"@id\":\"https:\\\/\\\/www.salzburgerland.com\\\/de\\\/magazin\\\/ein-tag-in-der-skischule\\\/\"},\"author\":{\"name\":\"SalzburgerLand Redaktion\",\"@id\":\"https:\\\/\\\/www.salzburgerland.com\\\/de\\\/magazin\\\/#\\\/schema\\\/person\\\/349c9c85bed4ea156e4b5f3fc5777e1a\"},\"headline\":\"Ein Tag in der Skischule\",\"datePublished\":\"2017-01-02T07:00:32+00:00\",\"dateModified\":\"2019-08-14T12:02:53+00:00\",\"mainEntityOfPage\":{\"@id\":\"https:\\\/\\\/www.salzburgerland.com\\\/de\\\/magazin\\\/ein-tag-in-der-skischule\\\/\"},\"wordCount\":726,\"commentCount\":0,\"publisher\":{\"@id\":\"https:\\\/\\\/www.salzburgerland.com\\\/de\\\/magazin\\\/#organization\"},\"image\":{\"@id\":\"https:\\\/\\\/www.salzburgerland.com\\\/de\\\/magazin\\\/ein-tag-in-der-skischule\\\/#primaryimage\"},\"thumbnailUrl\":\"https:\\\/\\\/www.salzburgerland.com\\\/de\\\/magazin\\\/wp-content\\\/uploads\\\/2016\\\/10\\\/RS133_YoungSLT_Winter1-87a-lpr.jpg\",\"articleSection\":[\"Lifestyle\"],\"inLanguage\":\"de\",\"potentialAction\":[{\"@type\":\"CommentAction\",\"name\":\"Comment\",\"target\":[\"https:\\\/\\\/www.salzburgerland.com\\\/de\\\/magazin\\\/ein-tag-in-der-skischule\\\/#respond\"]}]},{\"@type\":\"WebPage\",\"@id\":\"https:\\\/\\\/www.salzburgerland.com\\\/de\\\/magazin\\\/ein-tag-in-der-skischule\\\/\",\"url\":\"https:\\\/\\\/www.salzburgerland.com\\\/de\\\/magazin\\\/ein-tag-in-der-skischule\\\/\",\"name\":\"Ein Tag in der Skischule - SalzburgerLand Magazin\",\"isPartOf\":{\"@id\":\"https:\\\/\\\/www.salzburgerland.com\\\/de\\\/magazin\\\/#website\"},\"primaryImageOfPage\":{\"@id\":\"https:\\\/\\\/www.salzburgerland.com\\\/de\\\/magazin\\\/ein-tag-in-der-skischule\\\/#primaryimage\"},\"image\":{\"@id\":\"https:\\\/\\\/www.salzburgerland.com\\\/de\\\/magazin\\\/ein-tag-in-der-skischule\\\/#primaryimage\"},\"thumbnailUrl\":\"https:\\\/\\\/www.salzburgerland.com\\\/de\\\/magazin\\\/wp-content\\\/uploads\\\/2016\\\/10\\\/RS133_YoungSLT_Winter1-87a-lpr.jpg\",\"datePublished\":\"2017-01-02T07:00:32+00:00\",\"dateModified\":\"2019-08-14T12:02:53+00:00\",\"breadcrumb\":{\"@id\":\"https:\\\/\\\/www.salzburgerland.com\\\/de\\\/magazin\\\/ein-tag-in-der-skischule\\\/#breadcrumb\"},\"inLanguage\":\"de\",\"potentialAction\":[{\"@type\":\"ReadAction\",\"target\":[\"https:\\\/\\\/www.salzburgerland.com\\\/de\\\/magazin\\\/ein-tag-in-der-skischule\\\/\"]}]},{\"@type\":\"ImageObject\",\"inLanguage\":\"de\",\"@id\":\"https:\\\/\\\/www.salzburgerland.com\\\/de\\\/magazin\\\/ein-tag-in-der-skischule\\\/#primaryimage\",\"url\":\"https:\\\/\\\/www.salzburgerland.com\\\/de\\\/magazin\\\/wp-content\\\/uploads\\\/2016\\\/10\\\/RS133_YoungSLT_Winter1-87a-lpr.jpg\",\"contentUrl\":\"https:\\\/\\\/www.salzburgerland.com\\\/de\\\/magazin\\\/wp-content\\\/uploads\\\/2016\\\/10\\\/RS133_YoungSLT_Winter1-87a-lpr.jpg\",\"width\":1600,\"height\":1109,\"caption\":\"Ein Skilehrer unterrichtet eine Gruppe von vier Kindern auf einer verschneiten Piste, alle tragen Helme und Skiausr\u00fcstung.\"},{\"@type\":\"BreadcrumbList\",\"@id\":\"https:\\\/\\\/www.salzburgerland.com\\\/de\\\/magazin\\\/ein-tag-in-der-skischule\\\/#breadcrumb\",\"itemListElement\":[{\"@type\":\"ListItem\",\"position\":1,\"name\":\"Startseite\",\"item\":\"https:\\\/\\\/www.salzburgerland.com\\\/de\\\/magazin\\\/\"},{\"@type\":\"ListItem\",\"position\":2,\"name\":\"Lifestyle\",\"item\":\"https:\\\/\\\/www.salzburgerland.com\\\/de\\\/magazin\\\/thema\\\/lifestyle\\\/\"},{\"@type\":\"ListItem\",\"position\":3,\"name\":\"Ein Tag in der Skischule\"}]},{\"@type\":\"WebSite\",\"@id\":\"https:\\\/\\\/www.salzburgerland.com\\\/de\\\/magazin\\\/#website\",\"url\":\"https:\\\/\\\/www.salzburgerland.com\\\/de\\\/magazin\\\/\",\"name\":\"SalzburgerLand Magazin\",\"description\":\"Geschichten und Interessantes aus dem SalzburgerLand\",\"publisher\":{\"@id\":\"https:\\\/\\\/www.salzburgerland.com\\\/de\\\/magazin\\\/#organization\"},\"potentialAction\":[{\"@type\":\"SearchAction\",\"target\":{\"@type\":\"EntryPoint\",\"urlTemplate\":\"https:\\\/\\\/www.salzburgerland.com\\\/de\\\/magazin\\\/?s={search_term_string}\"},\"query-input\":{\"@type\":\"PropertyValueSpecification\",\"valueRequired\":true,\"valueName\":\"search_term_string\"}}],\"inLanguage\":\"de\"},{\"@type\":\"Organization\",\"@id\":\"https:\\\/\\\/www.salzburgerland.com\\\/de\\\/magazin\\\/#organization\",\"name\":\"SalzburgerLand Tourismus\",\"url\":\"https:\\\/\\\/www.salzburgerland.com\\\/de\\\/magazin\\\/\",\"logo\":{\"@type\":\"ImageObject\",\"inLanguage\":\"de\",\"@id\":\"https:\\\/\\\/www.salzburgerland.com\\\/de\\\/magazin\\\/#\\\/schema\\\/logo\\\/image\\\/\",\"url\":\"https:\\\/\\\/www.salzburgerland.com\\\/de\\\/magazin\\\/wp-content\\\/uploads\\\/2019\\\/06\\\/salzburgerland-logo1.jpg\",\"contentUrl\":\"https:\\\/\\\/www.salzburgerland.com\\\/de\\\/magazin\\\/wp-content\\\/uploads\\\/2019\\\/06\\\/salzburgerland-logo1.jpg\",\"width\":2011,\"height\":866,\"caption\":\"SalzburgerLand Tourismus\"},\"image\":{\"@id\":\"https:\\\/\\\/www.salzburgerland.com\\\/de\\\/magazin\\\/#\\\/schema\\\/logo\\\/image\\\/\"},\"sameAs\":[\"https:\\\/\\\/www.facebook.com\\\/salzburgerland\\\/\",\"https:\\\/\\\/x.com\\\/Salzburgerland\",\"https:\\\/\\\/www.instagram.com\\\/salzburgerland\\\/\",\"https:\\\/\\\/at.linkedin.com\\\/company\\\/salzburgerland-tourismus-gmbh\",\"https:\\\/\\\/www.pinterest.at\\\/salzburgerland\\\/\",\"https:\\\/\\\/www.youtube.com\\\/user\\\/salzburgerland\",\"https:\\\/\\\/de.wikipedia.org\\\/wiki\\\/SalzburgerLand_Tourismus_GmbH\"]},{\"@type\":\"Person\",\"@id\":\"https:\\\/\\\/www.salzburgerland.com\\\/de\\\/magazin\\\/#\\\/schema\\\/person\\\/349c9c85bed4ea156e4b5f3fc5777e1a\",\"name\":\"SalzburgerLand Redaktion\",\"url\":\"https:\\\/\\\/www.salzburgerland.com\\\/de\\\/magazin\\\/author\\\/redaktion\\\/\"}]}<\/script>\n<!-- \/ Yoast SEO Premium plugin. -->","yoast_head_json":{"title":"Ein Tag in der Skischule - SalzburgerLand Magazin","description":"Blauer Himmel, Sonnenschein und jede Menge glitzernder Schnee: so empfing St. Johann unseren Autor Peter Zeitlhofer an einem wundersch\u00f6nen Wintermorgen. F\u00fcr den leidenschaftlichen Snowboarder ging es seit langer Zeit wieder einmal in den Skikurs. Und er machte eine ungeheure Entdeckung: Sch\u00fcler, die jede Menge Spa\u00df am Lernen haben!","robots":{"index":"index","follow":"follow","max-snippet":"max-snippet:-1","max-image-preview":"max-image-preview:large","max-video-preview":"max-video-preview:-1"},"canonical":"https:\/\/www.salzburgerland.com\/de\/magazin\/ein-tag-in-der-skischule\/","og_locale":"de_DE","og_type":"article","og_title":"Ein Tag in der Skischule","og_description":"Beim Verlassen der Bergstation finde ich mich pl\u00f6tzlich in einer scheinbar anderen Welt wieder. Um mich herum ein bunter Haufen fr\u00f6hlicher Menschen, die in Skianz\u00fcgen herumlaufen, sich in den verschiedensten Sprachen unterhalten und einen wahnsinnigen Spa\u00df zu haben scheinen. Ich muss wohl einen ziemlich verwirrten Eindruck machen, denn sofort kommt Gerhard Sint, Leiter der Skischule [&hellip;]","og_url":"https:\/\/www.salzburgerland.com\/de\/magazin\/ein-tag-in-der-skischule\/","og_site_name":"SalzburgerLand Magazin","article_publisher":"https:\/\/www.facebook.com\/salzburgerland\/","article_published_time":"2017-01-02T07:00:32+00:00","article_modified_time":"2019-08-14T12:02:53+00:00","og_image":[{"width":1600,"height":1109,"url":"https:\/\/www.salzburgerland.com\/de\/magazin\/wp-content\/uploads\/2016\/10\/RS133_YoungSLT_Winter1-87a-lpr.jpg","type":"image\/jpeg"}],"author":"SalzburgerLand Redaktion","twitter_card":"summary_large_image","twitter_creator":"@Salzburgerland","twitter_site":"@Salzburgerland","twitter_misc":{"Verfasst von":"SalzburgerLand Redaktion","Gesch\u00e4tzte Lesezeit":"4\u00a0Minuten"},"schema":{"@context":"https:\/\/schema.org","@graph":[{"@type":"Article","@id":"https:\/\/www.salzburgerland.com\/de\/magazin\/ein-tag-in-der-skischule\/#article","isPartOf":{"@id":"https:\/\/www.salzburgerland.com\/de\/magazin\/ein-tag-in-der-skischule\/"},"author":{"name":"SalzburgerLand Redaktion","@id":"https:\/\/www.salzburgerland.com\/de\/magazin\/#\/schema\/person\/349c9c85bed4ea156e4b5f3fc5777e1a"},"headline":"Ein Tag in der Skischule","datePublished":"2017-01-02T07:00:32+00:00","dateModified":"2019-08-14T12:02:53+00:00","mainEntityOfPage":{"@id":"https:\/\/www.salzburgerland.com\/de\/magazin\/ein-tag-in-der-skischule\/"},"wordCount":726,"commentCount":0,"publisher":{"@id":"https:\/\/www.salzburgerland.com\/de\/magazin\/#organization"},"image":{"@id":"https:\/\/www.salzburgerland.com\/de\/magazin\/ein-tag-in-der-skischule\/#primaryimage"},"thumbnailUrl":"https:\/\/www.salzburgerland.com\/de\/magazin\/wp-content\/uploads\/2016\/10\/RS133_YoungSLT_Winter1-87a-lpr.jpg","articleSection":["Lifestyle"],"inLanguage":"de","potentialAction":[{"@type":"CommentAction","name":"Comment","target":["https:\/\/www.salzburgerland.com\/de\/magazin\/ein-tag-in-der-skischule\/#respond"]}]},{"@type":"WebPage","@id":"https:\/\/www.salzburgerland.com\/de\/magazin\/ein-tag-in-der-skischule\/","url":"https:\/\/www.salzburgerland.com\/de\/magazin\/ein-tag-in-der-skischule\/","name":"Ein Tag in der Skischule - SalzburgerLand Magazin","isPartOf":{"@id":"https:\/\/www.salzburgerland.com\/de\/magazin\/#website"},"primaryImageOfPage":{"@id":"https:\/\/www.salzburgerland.com\/de\/magazin\/ein-tag-in-der-skischule\/#primaryimage"},"image":{"@id":"https:\/\/www.salzburgerland.com\/de\/magazin\/ein-tag-in-der-skischule\/#primaryimage"},"thumbnailUrl":"https:\/\/www.salzburgerland.com\/de\/magazin\/wp-content\/uploads\/2016\/10\/RS133_YoungSLT_Winter1-87a-lpr.jpg","datePublished":"2017-01-02T07:00:32+00:00","dateModified":"2019-08-14T12:02:53+00:00","breadcrumb":{"@id":"https:\/\/www.salzburgerland.com\/de\/magazin\/ein-tag-in-der-skischule\/#breadcrumb"},"inLanguage":"de","potentialAction":[{"@type":"ReadAction","target":["https:\/\/www.salzburgerland.com\/de\/magazin\/ein-tag-in-der-skischule\/"]}]},{"@type":"ImageObject","inLanguage":"de","@id":"https:\/\/www.salzburgerland.com\/de\/magazin\/ein-tag-in-der-skischule\/#primaryimage","url":"https:\/\/www.salzburgerland.com\/de\/magazin\/wp-content\/uploads\/2016\/10\/RS133_YoungSLT_Winter1-87a-lpr.jpg","contentUrl":"https:\/\/www.salzburgerland.com\/de\/magazin\/wp-content\/uploads\/2016\/10\/RS133_YoungSLT_Winter1-87a-lpr.jpg","width":1600,"height":1109,"caption":"Ein Skilehrer unterrichtet eine Gruppe von vier Kindern auf einer verschneiten Piste, alle tragen Helme und Skiausr\u00fcstung."},{"@type":"BreadcrumbList","@id":"https:\/\/www.salzburgerland.com\/de\/magazin\/ein-tag-in-der-skischule\/#breadcrumb","itemListElement":[{"@type":"ListItem","position":1,"name":"Startseite","item":"https:\/\/www.salzburgerland.com\/de\/magazin\/"},{"@type":"ListItem","position":2,"name":"Lifestyle","item":"https:\/\/www.salzburgerland.com\/de\/magazin\/thema\/lifestyle\/"},{"@type":"ListItem","position":3,"name":"Ein Tag in der Skischule"}]},{"@type":"WebSite","@id":"https:\/\/www.salzburgerland.com\/de\/magazin\/#website","url":"https:\/\/www.salzburgerland.com\/de\/magazin\/","name":"SalzburgerLand Magazin","description":"Geschichten und Interessantes aus dem SalzburgerLand","publisher":{"@id":"https:\/\/www.salzburgerland.com\/de\/magazin\/#organization"},"potentialAction":[{"@type":"SearchAction","target":{"@type":"EntryPoint","urlTemplate":"https:\/\/www.salzburgerland.com\/de\/magazin\/?s={search_term_string}"},"query-input":{"@type":"PropertyValueSpecification","valueRequired":true,"valueName":"search_term_string"}}],"inLanguage":"de"},{"@type":"Organization","@id":"https:\/\/www.salzburgerland.com\/de\/magazin\/#organization","name":"SalzburgerLand Tourismus","url":"https:\/\/www.salzburgerland.com\/de\/magazin\/","logo":{"@type":"ImageObject","inLanguage":"de","@id":"https:\/\/www.salzburgerland.com\/de\/magazin\/#\/schema\/logo\/image\/","url":"https:\/\/www.salzburgerland.com\/de\/magazin\/wp-content\/uploads\/2019\/06\/salzburgerland-logo1.jpg","contentUrl":"https:\/\/www.salzburgerland.com\/de\/magazin\/wp-content\/uploads\/2019\/06\/salzburgerland-logo1.jpg","width":2011,"height":866,"caption":"SalzburgerLand Tourismus"},"image":{"@id":"https:\/\/www.salzburgerland.com\/de\/magazin\/#\/schema\/logo\/image\/"},"sameAs":["https:\/\/www.facebook.com\/salzburgerland\/","https:\/\/x.com\/Salzburgerland","https:\/\/www.instagram.com\/salzburgerland\/","https:\/\/at.linkedin.com\/company\/salzburgerland-tourismus-gmbh","https:\/\/www.pinterest.at\/salzburgerland\/","https:\/\/www.youtube.com\/user\/salzburgerland","https:\/\/de.wikipedia.org\/wiki\/SalzburgerLand_Tourismus_GmbH"]},{"@type":"Person","@id":"https:\/\/www.salzburgerland.com\/de\/magazin\/#\/schema\/person\/349c9c85bed4ea156e4b5f3fc5777e1a","name":"SalzburgerLand Redaktion","url":"https:\/\/www.salzburgerland.com\/de\/magazin\/author\/redaktion\/"}]}},"_wl_alt_label":[],"wl:entity_url":"http:\/\/open.salzburgerland.com\/magazin\/post\/ein_tag_in_der_skischule","_links":{"self":[{"href":"https:\/\/www.salzburgerland.com\/de\/magazin\/wp-json\/wp\/v2\/posts\/110624","targetHints":{"allow":["GET"]}}],"collection":[{"href":"https:\/\/www.salzburgerland.com\/de\/magazin\/wp-json\/wp\/v2\/posts"}],"about":[{"href":"https:\/\/www.salzburgerland.com\/de\/magazin\/wp-json\/wp\/v2\/types\/post"}],"author":[{"embeddable":true,"href":"https:\/\/www.salzburgerland.com\/de\/magazin\/wp-json\/wp\/v2\/users\/519"}],"replies":[{"embeddable":true,"href":"https:\/\/www.salzburgerland.com\/de\/magazin\/wp-json\/wp\/v2\/comments?post=110624"}],"version-history":[{"count":0,"href":"https:\/\/www.salzburgerland.com\/de\/magazin\/wp-json\/wp\/v2\/posts\/110624\/revisions"}],"wp:featuredmedia":[{"embeddable":true,"href":"https:\/\/www.salzburgerland.com\/de\/magazin\/wp-json\/wp\/v2\/media\/110626"}],"wp:attachment":[{"href":"https:\/\/www.salzburgerland.com\/de\/magazin\/wp-json\/wp\/v2\/media?parent=110624"}],"wp:term":[{"taxonomy":"category","embeddable":true,"href":"https:\/\/www.salzburgerland.com\/de\/magazin\/wp-json\/wp\/v2\/categories?post=110624"},{"taxonomy":"post_tag","embeddable":true,"href":"https:\/\/www.salzburgerland.com\/de\/magazin\/wp-json\/wp\/v2\/tags?post=110624"},{"taxonomy":"wl_entity_type","embeddable":true,"href":"https:\/\/www.salzburgerland.com\/de\/magazin\/wp-json\/wp\/v2\/wl_entity_type?post=110624"},{"taxonomy":"monatsauswahl","embeddable":true,"href":"https:\/\/www.salzburgerland.com\/de\/magazin\/wp-json\/wp\/v2\/monatsauswahl?post=110624"}],"curies":[{"name":"wp","href":"https:\/\/api.w.org\/{rel}","templated":true}]}}