{"id":110125,"date":"2021-08-12T08:00:00","date_gmt":"2021-08-12T06:00:00","guid":{"rendered":"http:\/\/magazin.salzburgerland.com\/?p=110125"},"modified":"2026-04-20T11:13:37","modified_gmt":"2026-04-20T09:13:37","slug":"yoga-in-gastein","status":"publish","type":"post","link":"https:\/\/www.salzburgerland.com\/de\/magazin\/yoga-in-gastein\/","title":{"rendered":"Yoga in Gastein"},"content":{"rendered":"\n<h2 class=\"wp-block-slt-subtitle\">Atme die Berge<\/h2>\n\n\n\n<p class=\"wp-block-slt-intro\">Jahr f\u00fcr Jahr wird das Gasteinertal zum Treffpunkt f\u00fcr Yogis und Yoginis. Denn inmitten der einzigartigen Naturlandschaft lassen sich wunderbar Kraftreserven tanken.&nbsp;<strong>Das ganzheitliche Angebot verbindet Yoga, Thermen und alpine Natur zu einem umfassenden Gesundheits- und Regenerationserlebnis.<\/strong><\/p>\n\n\n\n<p>Wer kennt das nicht? Lange Arbeitstage am Schreibtisch, die Augen ger\u00f6tet vom PC, der Nacken steif und am Abend fehlt trotzdem die Lust auf Bewegung. Dabei ist Yoga einfach ideal, um den ganzen K\u00f6rper durchzubewegen, die Muskeln zu st\u00e4rken und zu dehnen, die Atemr\u00e4ume zu \u00f6ffnen und den Wirbeln ein bisschen Platz zu verschaffen. Wer zuhause \u00fcbt, muss nicht einmal die eigene vier W\u00e4nde verlassen. Doch, wer sich das allj\u00e4hrliche Yoga-Programm in Gastein anschaut, wird garantiert sofort das Zuhause mit einem Yoga-Urlaub in den Bergen tauschen wollen.<\/p>\n\n\n\n<h2 class=\"wp-block-heading\" id=\"h-kraft-tanken-im-yogafruhling\">Kraft tanken im Yogafr\u00fchling <\/h2>\n\n\n\n<p>Auf der Yogaplattform beim weltber\u00fchmten Wasserfall, auf der spektakul\u00e4ren H\u00e4ngebr\u00fccke am Gipfel des Stubnerkogels oder an einem der vielen wundersch\u00f6nen Flecken Natur: Die einen tun es, um zu entspannen, die anderen sehen es als gutes Training oder Lebensphilosophie. Jedes Fr\u00fchjahr steht das Gasteinertal f\u00fcr fast zwei Wochen ganz im Zeichen von Yoga. Mittlerweile ist der <a href=\"https:\/\/www.gastein.com\/events\/fruehling\/yogafruehling\/\" target=\"_blank\" rel=\"noreferrer noopener\">Gasteiner Yogafr\u00fchling<\/a> zur gr\u00f6\u00dften Yoga-Veranstaltung Europas herangewachsen. <strong>Der Yogafr\u00fchling Gastein findet 2026 von 4. bis 14. Juni statt.<\/strong><\/p>\n\n\n\n<p>Mehr als 300 Yogastunden von \u00fcber 30 internationalen Yogalehrenden aus allen Stilrichtungen bieten eine einzigartige Vielfalt, die mittlerweile Yogabegeisterte aus halb Europa ins&nbsp;<a href=\"https:\/\/www.gastein.com\/yoga\/\">Gasteinertal<\/a>&nbsp;lockt. Das Programm richtet sich an Einsteiger*innen ebenso wie erfahrene Yogis. Die vielen Yogaeinheiten im Gasteiner Bergfr\u00fchling sind f\u00fcr Yogis die sch\u00f6nste Art und Weise, den Beginn der warmen Jahreszeit inmitten der freien Natur zu genie\u00dfen.<br>Aus zahlreichen \u00dcbungseinheiten, die von renommierten und bestens qualifizierten Yogalehrenden aus \u00d6sterreich und Deutschland geleitet werden, k\u00f6nnen Sie Ihr individuelles Yogaprogramm aus den verschiedensten Stilrichtungen zusammenstellen. Besondere Highlights sind u. a. Outdoor-Einheiten, Atem- und Meditationsformate sowie spezielle Angebote wie \u201eYoga &amp; Jodeln\u201c oder Einheiten zu Stressmanagement, Schlaf und Achtsamkeit. Erg\u00e4nzt wird das Angebot auch durch Yogaeinheiten im warmen Thermalwasser der Gasteiner Thermen.<\/p>\n\n\n<div class=\"mag-gallery\"><div class=\"row\"><div class=\"col-6 col-sm-4\"><figure><a class=\"thumb-container\" href=\"https:\/\/www.salzburgerland.com\/de\/magazin\/wp-content\/uploads\/2016\/04\/Yogatage-Atme-die-Berge-c-Gasteinertal-Tourismus-GmbH-8-1280x1024.jpg\">\t<picture><source media=\"(min-width: 576px)\" srcset=\"https:\/\/www.salzburgerland.com\/de\/magazin\/wp-content\/uploads\/2016\/04\/Yogatage-Atme-die-Berge-c-Gasteinertal-Tourismus-GmbH-8-325x209.jpg 325w, https:\/\/www.salzburgerland.com\/de\/magazin\/wp-content\/uploads\/2016\/04\/Yogatage-Atme-die-Berge-c-Gasteinertal-Tourismus-GmbH-8-249x160.jpg 249w\"><\/source><source media=\"(min-width: 0)\" srcset=\"https:\/\/www.salzburgerland.com\/de\/magazin\/wp-content\/uploads\/2016\/04\/Yogatage-Atme-die-Berge-c-Gasteinertal-Tourismus-GmbH-8-249x160.jpg 249w, https:\/\/www.salzburgerland.com\/de\/magazin\/wp-content\/uploads\/2016\/04\/Yogatage-Atme-die-Berge-c-Gasteinertal-Tourismus-GmbH-8-325x209.jpg 325w\"><\/source><img decoding=\"async\" alt=\"\" src=\"https:\/\/www.salzburgerland.com\/de\/magazin\/wp-content\/uploads\/2016\/04\/Yogatage-Atme-die-Berge-c-Gasteinertal-Tourismus-GmbH-8.jpg\">\t<\/picture><\/a><\/figure><\/div><div class=\"col-6 col-sm-4\"><figure><a class=\"thumb-container\" href=\"https:\/\/www.salzburgerland.com\/de\/magazin\/wp-content\/uploads\/2016\/04\/Yogaherbst_Quelle-der-Inspiration_-2016_-c-Gasteinertal-Tourismus-GmbH-142-1280x1024.jpg\">\t<picture><source media=\"(min-width: 576px)\" srcset=\"https:\/\/www.salzburgerland.com\/de\/magazin\/wp-content\/uploads\/2016\/04\/Yogaherbst_Quelle-der-Inspiration_-2016_-c-Gasteinertal-Tourismus-GmbH-142-325x209.jpg 325w, https:\/\/www.salzburgerland.com\/de\/magazin\/wp-content\/uploads\/2016\/04\/Yogaherbst_Quelle-der-Inspiration_-2016_-c-Gasteinertal-Tourismus-GmbH-142-249x160.jpg 249w\"><\/source><source media=\"(min-width: 0)\" srcset=\"https:\/\/www.salzburgerland.com\/de\/magazin\/wp-content\/uploads\/2016\/04\/Yogaherbst_Quelle-der-Inspiration_-2016_-c-Gasteinertal-Tourismus-GmbH-142-249x160.jpg 249w, https:\/\/www.salzburgerland.com\/de\/magazin\/wp-content\/uploads\/2016\/04\/Yogaherbst_Quelle-der-Inspiration_-2016_-c-Gasteinertal-Tourismus-GmbH-142-325x209.jpg 325w\"><\/source><img decoding=\"async\" alt=\"\" src=\"https:\/\/www.salzburgerland.com\/de\/magazin\/wp-content\/uploads\/2016\/04\/Yogaherbst_Quelle-der-Inspiration_-2016_-c-Gasteinertal-Tourismus-GmbH-142.jpg\">\t<\/picture><\/a><\/figure><\/div><div class=\"col-6 col-sm-4\"><figure><a class=\"thumb-container\" href=\"https:\/\/www.salzburgerland.com\/de\/magazin\/wp-content\/uploads\/2016\/04\/Yogafruhling-1280x1024.jpg\">\t<picture><source media=\"(min-width: 576px)\" srcset=\"https:\/\/www.salzburgerland.com\/de\/magazin\/wp-content\/uploads\/2016\/04\/Yogafruhling-325x209.jpg 325w, https:\/\/www.salzburgerland.com\/de\/magazin\/wp-content\/uploads\/2016\/04\/Yogafruhling-249x160.jpg 249w\"><\/source><source media=\"(min-width: 0)\" srcset=\"https:\/\/www.salzburgerland.com\/de\/magazin\/wp-content\/uploads\/2016\/04\/Yogafruhling-249x160.jpg 249w, https:\/\/www.salzburgerland.com\/de\/magazin\/wp-content\/uploads\/2016\/04\/Yogafruhling-325x209.jpg 325w\"><\/source><img decoding=\"async\" alt=\"\" src=\"https:\/\/www.salzburgerland.com\/de\/magazin\/wp-content\/uploads\/2016\/04\/Yogafruhling.jpg\">\t<\/picture><\/a><\/figure><\/div><\/div><figcaption>Yogafr&uuml;hling &copy;Gastein<\/figcaption><\/div>\n\n\n\n<h2 class=\"wp-block-heading\" id=\"h-yunion-yoga-festival-im-sommer\">Yunion Yoga Festival im Sommer<\/h2>\n\n\n\n<p>Bereits Ende August geht es f\u00fcr Yoga-Fans in Gastein weiter. Hunderte Yogabegeisterte pilgern zu ihrem pers\u00f6nlichen Yoga Retreat nach Bad Hofgastein, um&nbsp;Yoga&nbsp;in allen Formen zu genie\u00dfen. Hier kommt man nicht nur mit Gleichgesinnten zusammen, sondern ist sich mehr als bewusst, dass man mit der t\u00e4glichen Yogaauszeit K\u00f6rper, Geist und Seele&nbsp;st\u00e4rkt. <br>Inside Yoga, Inside Flow, Yin Yoga, und Vinyasa Yoga&nbsp;sind nur einige Workshopformate, die das <strong>Yunion Yoga Festival <\/strong>unter dem Motto &#8222;Gesund und achtsam zusammenkommen&#8220; anbietet.&nbsp;Mit \u00fcber 100 Workshops und internationalen Top-Lehrenden bietet das Festival ein vielf\u00e4ltiges Programm sowie Raum f\u00fcr Austausch innerhalb der internationalen Yoga-Community. Das yunion Yoga Festival im Sommer findet von 24. bis 30. August 2026 statt.<\/p>\n\n\n\n<figure class=\"wp-block-image size-full\"><img loading=\"lazy\" decoding=\"async\" width=\"1600\" height=\"1067\" src=\"https:\/\/www.salzburgerland.com\/de\/magazin\/wp-content\/uploads\/2017\/04\/Yoga_Gasteinertal.jpg\" alt=\"F\u00fcnf Personen \u00fcben Yogastellungen auf Felsen neben einem Wasserfall in einer \u00fcppigen, sonnigen Umgebung.\" class=\"wp-image-114028\" srcset=\"https:\/\/www.salzburgerland.com\/de\/magazin\/wp-content\/uploads\/2017\/04\/Yoga_Gasteinertal.jpg 1600w, https:\/\/www.salzburgerland.com\/de\/magazin\/wp-content\/uploads\/2017\/04\/Yoga_Gasteinertal-300x200.jpg 300w, https:\/\/www.salzburgerland.com\/de\/magazin\/wp-content\/uploads\/2017\/04\/Yoga_Gasteinertal-825x550.jpg 825w, https:\/\/www.salzburgerland.com\/de\/magazin\/wp-content\/uploads\/2017\/04\/Yoga_Gasteinertal-600x400.jpg 600w, https:\/\/www.salzburgerland.com\/de\/magazin\/wp-content\/uploads\/2017\/04\/Yoga_Gasteinertal-1320x880.jpg 1320w\" sizes=\"auto, (max-width: 1600px) 100vw, 1600px\" \/><figcaption class=\"wp-element-caption\"> \u00a9Gastein <\/figcaption><\/figure>\n\n\n\n<h2 class=\"wp-block-heading\" id=\"h-entschleunigen-im-yogaherbst\">Entschleunigen im Yogaherbst<\/h2>\n\n\n\n<p>Wenn sich die Bl\u00e4tter verf\u00e4rben, die Tage k\u00fcrzer werden und die Natur sich ihre wohlverdiente Ruhe g\u00f6nnt, ist die beste Zeit, auch die eigenen Kraftreserven und den Energiespeicher&nbsp; aufzuf\u00fcllen. Yogis und Yoginis erwartet daher beim &#8222;Yogaherbst Gastein &#8211; Quelle der Inspiration&#8220; ein breites und buntes Angebot: An insgesamt zehn Tagen von von gepr\u00fcften Yoga-Lehrenden und Vortragenden die verschiedensten&nbsp; Yoga-Stile&nbsp;gelehrt, mit Fokus auf sanfte, regenerierende Einheiten, Achtsamkeit und Entschleunigung<em><strong>.<\/strong><\/em> Und das an einzigartigen Orten. Oder haben Sie schon einmal zwei Kilometer tief, im Inneren eines Berges meditiert? Der Gasteiner Heilstollen macht es m\u00f6glich. Nicht minder einzigartig ist die Kulisse, denn so manche Yogaeinheit findet in freier Natur inmitten der Gasteiner Bergwelt statt. Mitmachen und ausprobieren erlaubt und erw\u00fcnscht.<\/p>\n\n\n\n<p>Was den \u201e<a href=\"https:\/\/www.gastein.com\/events\/herbst\/yogaherbst\/?Autumn=%2F&amp;cHash=f79b7f9a46a0bebf6c6aaad45c0eb89c\" target=\"_blank\" rel=\"noreferrer noopener\">Yogaherbst Gastein\u201c<\/a> so einzigartig macht, ist die Kombination von Yoga mit zahlreichen anderen \u2013&nbsp; kreativen, sportlichen, musischen, gesundheitsorientierten und philosophischen \u2013 Kursen, Seminaren und Workshops. Die Einheiten finden nicht nur drinnen, sondern auch in freier Natur statt. Erg\u00e4nzt wird das Kernprogramm Yoga mit Tanz &amp; Klang, Kr\u00e4uter &amp; Ern\u00e4hrung, Natur &amp; Spiritualit\u00e4t,&nbsp; Dialog &amp; Inspiration. Der Yogaherbst Gastein findet 2026 von 16. bis 26. Oktober statt.<\/p>\n\n\n\n<figure class=\"wp-block-image size-full\"><img loading=\"lazy\" decoding=\"async\" width=\"1920\" height=\"1280\" src=\"https:\/\/www.salzburgerland.com\/de\/magazin\/wp-content\/uploads\/2021\/08\/Yogaherbst-c-Gasteinertal-Tourismus-GmbH-Michael-Koenigshofer-.jpg\" alt=\"Beim Yogaherbst im Gasteinertal sind die Berge die perfekte Kulisse.\" class=\"wp-image-184408\" srcset=\"https:\/\/www.salzburgerland.com\/de\/magazin\/wp-content\/uploads\/2021\/08\/Yogaherbst-c-Gasteinertal-Tourismus-GmbH-Michael-Koenigshofer-.jpg 1920w, https:\/\/www.salzburgerland.com\/de\/magazin\/wp-content\/uploads\/2021\/08\/Yogaherbst-c-Gasteinertal-Tourismus-GmbH-Michael-Koenigshofer--300x200.jpg 300w, https:\/\/www.salzburgerland.com\/de\/magazin\/wp-content\/uploads\/2021\/08\/Yogaherbst-c-Gasteinertal-Tourismus-GmbH-Michael-Koenigshofer--1536x1024.jpg 1536w, https:\/\/www.salzburgerland.com\/de\/magazin\/wp-content\/uploads\/2021\/08\/Yogaherbst-c-Gasteinertal-Tourismus-GmbH-Michael-Koenigshofer--825x550.jpg 825w, https:\/\/www.salzburgerland.com\/de\/magazin\/wp-content\/uploads\/2021\/08\/Yogaherbst-c-Gasteinertal-Tourismus-GmbH-Michael-Koenigshofer--600x400.jpg 600w, https:\/\/www.salzburgerland.com\/de\/magazin\/wp-content\/uploads\/2021\/08\/Yogaherbst-c-Gasteinertal-Tourismus-GmbH-Michael-Koenigshofer--1320x880.jpg 1320w, https:\/\/www.salzburgerland.com\/de\/magazin\/wp-content\/uploads\/2021\/08\/Yogaherbst-c-Gasteinertal-Tourismus-GmbH-Michael-Koenigshofer--150x100.jpg 150w\" sizes=\"auto, (max-width: 1920px) 100vw, 1920px\" \/><\/figure>\n\n\n\n<p>Mehr Informationen und das komplette Angebot unter <a href=\"https:\/\/www.gastein.com\/aktiv\/yoga\/\" target=\"_blank\" rel=\"noreferrer noopener\">www.yoga-gastein.com<\/a><\/p>\n\n\n\n<p>Neben den gro\u00dfen Events wird das Yoga-Angebot in Gastein immer weiter ausgebaut: Von Mai bis November finden mehrmals pro Woche gef\u00fchrte Yoga-Einheiten in der Natur statt \u2013 darunter \u201eYoga im Kurpark\u201c, \u201eYoga im Wald\u201c, \u201eBerg:Yoga\u201c sowie Yoga an besonderen Kraftpl\u00e4tzen. Dieses dichte Wochenprogramm erm\u00f6glicht G\u00e4sten eine flexible und regelm\u00e4\u00dfige Yoga-Praxis w\u00e4hrend ihres Aufenthalts.<\/p>\n\n\n\n<p><\/p>\n","protected":false},"excerpt":{"rendered":"<p>Atme die Berge: Jahr f\u00fcr Jahr wird das Gasteinertal zum Treffpunkt f\u00fcr Yogis und Yoginis. Die vielen Yogaeinheiten im Gasteiner Bergfr\u00fchling sind f\u00fcr Yogis die sch\u00f6nste Art und Weise, den Beginn der warmen Jahreszeit inmitten der freien Natur zu genie\u00dfen.<\/p>\n","protected":false},"author":567,"featured_media":135582,"comment_status":"open","ping_status":"open","sticky":false,"template":"","format":"standard","meta":{"_acf_changed":false,"wl_entities_gutenberg":"","_wl_entity_redirect_enabled":"","footnotes":""},"categories":[4],"tags":[7156,1483],"wl_entity_type":[306],"monatsauswahl":[86,87,88,89,90,91],"class_list":["post-110125","post","type-post","status-publish","format-standard","has-post-thumbnail","hentry","category-gesundheit","tag-gastein","tag-yoga","wl_entity_type-article","monatsauswahl-monat_5","monatsauswahl-monat_6","monatsauswahl-monat_7","monatsauswahl-monat_8","monatsauswahl-monat_9","monatsauswahl-monat_10"],"acf":[],"yoast_head":"<!-- This site is optimized with the Yoast SEO Premium plugin v27.4 (Yoast SEO v27.4) - https:\/\/yoast.com\/product\/yoast-seo-premium-wordpress\/ -->\n<title>Yoga in Gastein - SalzburgerLand Magazin<\/title>\n<meta name=\"description\" content=\"Atme die Berge: Jahr f\u00fcr Jahr wird das Gasteinertal zum Treffpunkt f\u00fcr Yogis und Yoginis. Yogaeinheiten im Gasteiner Bergfr\u00fchling sind die sch\u00f6nste Art und Weise, den Beginn der warmen Jahreszeit inmitten der freien Natur zu genie\u00dfen.\" \/>\n<meta name=\"robots\" content=\"index, follow, max-snippet:-1, max-image-preview:large, max-video-preview:-1\" \/>\n<link rel=\"canonical\" href=\"https:\/\/www.salzburgerland.com\/de\/magazin\/yoga-in-gastein\/\" \/>\n<meta property=\"og:locale\" content=\"de_DE\" \/>\n<meta property=\"og:type\" content=\"article\" \/>\n<meta property=\"og:title\" content=\"Yoga in Gastein\" \/>\n<meta property=\"og:description\" content=\"Atme die Berge: Jahr f\u00fcr Jahr wird das Gasteinertal zum Treffpunkt f\u00fcr Yogis und Yoginis. Yogaeinheiten im Gasteiner Bergfr\u00fchling sind die sch\u00f6nste Art und Weise, den Beginn der warmen Jahreszeit inmitten der freien Natur zu genie\u00dfen.\" \/>\n<meta property=\"og:url\" content=\"https:\/\/www.salzburgerland.com\/de\/magazin\/yoga-in-gastein\/\" \/>\n<meta property=\"og:site_name\" content=\"SalzburgerLand Magazin\" \/>\n<meta property=\"article:publisher\" content=\"https:\/\/www.facebook.com\/salzburgerland\/\" \/>\n<meta property=\"article:published_time\" content=\"2021-08-12T06:00:00+00:00\" \/>\n<meta property=\"article:modified_time\" content=\"2026-04-20T09:13:37+00:00\" \/>\n<meta property=\"og:image\" content=\"https:\/\/www.salzburgerland.com\/de\/magazin\/wp-content\/uploads\/wl\/2019\/07\/yogaherbst_quelle-der-inspi.jpg\" \/>\n\t<meta property=\"og:image:width\" content=\"1920\" \/>\n\t<meta property=\"og:image:height\" content=\"1282\" \/>\n\t<meta property=\"og:image:type\" content=\"image\/jpeg\" \/>\n<meta name=\"author\" content=\"Barbara Walzer\" \/>\n<meta name=\"twitter:card\" content=\"summary_large_image\" \/>\n<meta name=\"twitter:creator\" content=\"@Salzburgerland\" \/>\n<meta name=\"twitter:site\" content=\"@Salzburgerland\" \/>\n<meta name=\"twitter:label1\" content=\"Verfasst von\" \/>\n\t<meta name=\"twitter:data1\" content=\"Barbara Walzer\" \/>\n\t<meta name=\"twitter:label2\" content=\"Gesch\u00e4tzte Lesezeit\" \/>\n\t<meta name=\"twitter:data2\" content=\"6\u00a0Minuten\" \/>\n<script type=\"application\/ld+json\" class=\"yoast-schema-graph\">{\"@context\":\"https:\\\/\\\/schema.org\",\"@graph\":[{\"@type\":\"Article\",\"@id\":\"https:\\\/\\\/www.salzburgerland.com\\\/de\\\/magazin\\\/yoga-in-gastein\\\/#article\",\"isPartOf\":{\"@id\":\"https:\\\/\\\/www.salzburgerland.com\\\/de\\\/magazin\\\/yoga-in-gastein\\\/\"},\"author\":{\"name\":\"Barbara Walzer\",\"@id\":\"https:\\\/\\\/www.salzburgerland.com\\\/de\\\/magazin\\\/#\\\/schema\\\/person\\\/32325381e229b77006a3a7079e01d8c9\"},\"headline\":\"Yoga in Gastein\",\"datePublished\":\"2021-08-12T06:00:00+00:00\",\"dateModified\":\"2026-04-20T09:13:37+00:00\",\"mainEntityOfPage\":{\"@id\":\"https:\\\/\\\/www.salzburgerland.com\\\/de\\\/magazin\\\/yoga-in-gastein\\\/\"},\"wordCount\":756,\"commentCount\":0,\"publisher\":{\"@id\":\"https:\\\/\\\/www.salzburgerland.com\\\/de\\\/magazin\\\/#organization\"},\"image\":{\"@id\":\"https:\\\/\\\/www.salzburgerland.com\\\/de\\\/magazin\\\/yoga-in-gastein\\\/#primaryimage\"},\"thumbnailUrl\":\"https:\\\/\\\/www.salzburgerland.com\\\/de\\\/magazin\\\/wp-content\\\/uploads\\\/wl\\\/2019\\\/07\\\/yogaherbst_quelle-der-inspi.jpg\",\"keywords\":[\"gastein\",\"Yoga\"],\"articleSection\":[\"Gesundheit\"],\"inLanguage\":\"de\",\"potentialAction\":[{\"@type\":\"CommentAction\",\"name\":\"Comment\",\"target\":[\"https:\\\/\\\/www.salzburgerland.com\\\/de\\\/magazin\\\/yoga-in-gastein\\\/#respond\"]}]},{\"@type\":\"WebPage\",\"@id\":\"https:\\\/\\\/www.salzburgerland.com\\\/de\\\/magazin\\\/yoga-in-gastein\\\/\",\"url\":\"https:\\\/\\\/www.salzburgerland.com\\\/de\\\/magazin\\\/yoga-in-gastein\\\/\",\"name\":\"Yoga in Gastein - SalzburgerLand Magazin\",\"isPartOf\":{\"@id\":\"https:\\\/\\\/www.salzburgerland.com\\\/de\\\/magazin\\\/#website\"},\"primaryImageOfPage\":{\"@id\":\"https:\\\/\\\/www.salzburgerland.com\\\/de\\\/magazin\\\/yoga-in-gastein\\\/#primaryimage\"},\"image\":{\"@id\":\"https:\\\/\\\/www.salzburgerland.com\\\/de\\\/magazin\\\/yoga-in-gastein\\\/#primaryimage\"},\"thumbnailUrl\":\"https:\\\/\\\/www.salzburgerland.com\\\/de\\\/magazin\\\/wp-content\\\/uploads\\\/wl\\\/2019\\\/07\\\/yogaherbst_quelle-der-inspi.jpg\",\"datePublished\":\"2021-08-12T06:00:00+00:00\",\"dateModified\":\"2026-04-20T09:13:37+00:00\",\"description\":\"Atme die Berge: Jahr f\u00fcr Jahr wird das Gasteinertal zum Treffpunkt f\u00fcr Yogis und Yoginis. Yogaeinheiten im Gasteiner Bergfr\u00fchling sind die sch\u00f6nste Art und Weise, den Beginn der warmen Jahreszeit inmitten der freien Natur zu genie\u00dfen.\",\"breadcrumb\":{\"@id\":\"https:\\\/\\\/www.salzburgerland.com\\\/de\\\/magazin\\\/yoga-in-gastein\\\/#breadcrumb\"},\"inLanguage\":\"de\",\"potentialAction\":[{\"@type\":\"ReadAction\",\"target\":[\"https:\\\/\\\/www.salzburgerland.com\\\/de\\\/magazin\\\/yoga-in-gastein\\\/\"]}]},{\"@type\":\"ImageObject\",\"inLanguage\":\"de\",\"@id\":\"https:\\\/\\\/www.salzburgerland.com\\\/de\\\/magazin\\\/yoga-in-gastein\\\/#primaryimage\",\"url\":\"https:\\\/\\\/www.salzburgerland.com\\\/de\\\/magazin\\\/wp-content\\\/uploads\\\/wl\\\/2019\\\/07\\\/yogaherbst_quelle-der-inspi.jpg\",\"contentUrl\":\"https:\\\/\\\/www.salzburgerland.com\\\/de\\\/magazin\\\/wp-content\\\/uploads\\\/wl\\\/2019\\\/07\\\/yogaherbst_quelle-der-inspi.jpg\",\"width\":1920,\"height\":1282,\"caption\":\"Vier Frauen praktizieren Yoga im Freien auf einer Wiese mit Bergen im Hintergrund unter einem klaren Himmel.\"},{\"@type\":\"BreadcrumbList\",\"@id\":\"https:\\\/\\\/www.salzburgerland.com\\\/de\\\/magazin\\\/yoga-in-gastein\\\/#breadcrumb\",\"itemListElement\":[{\"@type\":\"ListItem\",\"position\":1,\"name\":\"Startseite\",\"item\":\"https:\\\/\\\/www.salzburgerland.com\\\/de\\\/magazin\\\/\"},{\"@type\":\"ListItem\",\"position\":2,\"name\":\"Gesundheit\",\"item\":\"https:\\\/\\\/www.salzburgerland.com\\\/de\\\/magazin\\\/thema\\\/gesundheit\\\/\"},{\"@type\":\"ListItem\",\"position\":3,\"name\":\"Yoga in Gastein\"}]},{\"@type\":\"WebSite\",\"@id\":\"https:\\\/\\\/www.salzburgerland.com\\\/de\\\/magazin\\\/#website\",\"url\":\"https:\\\/\\\/www.salzburgerland.com\\\/de\\\/magazin\\\/\",\"name\":\"SalzburgerLand Magazin\",\"description\":\"Geschichten und Interessantes aus dem SalzburgerLand\",\"publisher\":{\"@id\":\"https:\\\/\\\/www.salzburgerland.com\\\/de\\\/magazin\\\/#organization\"},\"potentialAction\":[{\"@type\":\"SearchAction\",\"target\":{\"@type\":\"EntryPoint\",\"urlTemplate\":\"https:\\\/\\\/www.salzburgerland.com\\\/de\\\/magazin\\\/?s={search_term_string}\"},\"query-input\":{\"@type\":\"PropertyValueSpecification\",\"valueRequired\":true,\"valueName\":\"search_term_string\"}}],\"inLanguage\":\"de\"},{\"@type\":\"Organization\",\"@id\":\"https:\\\/\\\/www.salzburgerland.com\\\/de\\\/magazin\\\/#organization\",\"name\":\"SalzburgerLand Tourismus\",\"url\":\"https:\\\/\\\/www.salzburgerland.com\\\/de\\\/magazin\\\/\",\"logo\":{\"@type\":\"ImageObject\",\"inLanguage\":\"de\",\"@id\":\"https:\\\/\\\/www.salzburgerland.com\\\/de\\\/magazin\\\/#\\\/schema\\\/logo\\\/image\\\/\",\"url\":\"https:\\\/\\\/www.salzburgerland.com\\\/de\\\/magazin\\\/wp-content\\\/uploads\\\/2019\\\/06\\\/salzburgerland-logo1.jpg\",\"contentUrl\":\"https:\\\/\\\/www.salzburgerland.com\\\/de\\\/magazin\\\/wp-content\\\/uploads\\\/2019\\\/06\\\/salzburgerland-logo1.jpg\",\"width\":2011,\"height\":866,\"caption\":\"SalzburgerLand Tourismus\"},\"image\":{\"@id\":\"https:\\\/\\\/www.salzburgerland.com\\\/de\\\/magazin\\\/#\\\/schema\\\/logo\\\/image\\\/\"},\"sameAs\":[\"https:\\\/\\\/www.facebook.com\\\/salzburgerland\\\/\",\"https:\\\/\\\/x.com\\\/Salzburgerland\",\"https:\\\/\\\/www.instagram.com\\\/salzburgerland\\\/\",\"https:\\\/\\\/at.linkedin.com\\\/company\\\/salzburgerland-tourismus-gmbh\",\"https:\\\/\\\/www.pinterest.at\\\/salzburgerland\\\/\",\"https:\\\/\\\/www.youtube.com\\\/user\\\/salzburgerland\",\"https:\\\/\\\/de.wikipedia.org\\\/wiki\\\/SalzburgerLand_Tourismus_GmbH\"]},{\"@type\":\"Person\",\"@id\":\"https:\\\/\\\/www.salzburgerland.com\\\/de\\\/magazin\\\/#\\\/schema\\\/person\\\/32325381e229b77006a3a7079e01d8c9\",\"name\":\"Barbara Walzer\",\"description\":\"Seit vielen Jahren darf ich f\u00fcr das SalzburgerLand arbeiten \u2013 und es f\u00fchlt sich f\u00fcr mich weniger nach Beruf als nach Berufung an. Meine Inspiration finde ich dort, wo das SalzburgerLand besonders echt ist: Drau\u00dfen. Beim Wandern \u00fcber alpine Pfade, mit dem Rad durch unsere T\u00e4ler, auf Almen, im Wald oder am See. Natur, Berge und Achtsamkeit sind Teil meines Alltags und pr\u00e4gen meinen Blick auf Regionen, Menschen und Erlebnisse. Wer mich sucht, findet mich entweder am Schreibtisch \u2013 oder unterwegs (durchaus auch einmal auf einem sonnigen H\u00fcttenbankerl). Dort, wo Weite, Ruhe und Natur den Takt vorgeben. Zu Fu\u00df oder mit dem Rad, aufmerksam, neugierig und offen f\u00fcr Begegnungen. Denn die besten Geschichten entstehen dort, wo Menschen ihre Zeit, ihre Leidenschaft und ihr Lebensgef\u00fchl teilen. Im SalzburgerLand verbinden sich f\u00fcr mich genau diese Elemente: urspr\u00fcngliche Natur, gelebte Tradition, herzliche Gastgeber:innen und R\u00e4ume f\u00fcr echte Erholung. Ob Almleben oder Bergtour, stille Waldmomente oder unterhaltsame Begegnungen \u2013 all das macht die Region so besonders und erz\u00e4hlenswert. Warum ich meine Begeisterung \u00fcber das SalzburgerLand mit euch teile: Weil ich es nicht nur beschreibe, sondern erlebe. Und weil jede Region ihre Geschichten verdient \u2013 ehrlich, achtsam und nah an den Menschen erz\u00e4hlt.\",\"url\":\"https:\\\/\\\/www.salzburgerland.com\\\/de\\\/magazin\\\/author\\\/bwalzer\\\/\"}]}<\/script>\n<!-- \/ Yoast SEO Premium plugin. -->","yoast_head_json":{"title":"Yoga in Gastein - SalzburgerLand Magazin","description":"Atme die Berge: Jahr f\u00fcr Jahr wird das Gasteinertal zum Treffpunkt f\u00fcr Yogis und Yoginis. Yogaeinheiten im Gasteiner Bergfr\u00fchling sind die sch\u00f6nste Art und Weise, den Beginn der warmen Jahreszeit inmitten der freien Natur zu genie\u00dfen.","robots":{"index":"index","follow":"follow","max-snippet":"max-snippet:-1","max-image-preview":"max-image-preview:large","max-video-preview":"max-video-preview:-1"},"canonical":"https:\/\/www.salzburgerland.com\/de\/magazin\/yoga-in-gastein\/","og_locale":"de_DE","og_type":"article","og_title":"Yoga in Gastein","og_description":"Atme die Berge: Jahr f\u00fcr Jahr wird das Gasteinertal zum Treffpunkt f\u00fcr Yogis und Yoginis. Yogaeinheiten im Gasteiner Bergfr\u00fchling sind die sch\u00f6nste Art und Weise, den Beginn der warmen Jahreszeit inmitten der freien Natur zu genie\u00dfen.","og_url":"https:\/\/www.salzburgerland.com\/de\/magazin\/yoga-in-gastein\/","og_site_name":"SalzburgerLand Magazin","article_publisher":"https:\/\/www.facebook.com\/salzburgerland\/","article_published_time":"2021-08-12T06:00:00+00:00","article_modified_time":"2026-04-20T09:13:37+00:00","og_image":[{"width":1920,"height":1282,"url":"https:\/\/www.salzburgerland.com\/de\/magazin\/wp-content\/uploads\/wl\/2019\/07\/yogaherbst_quelle-der-inspi.jpg","type":"image\/jpeg"}],"author":"Barbara Walzer","twitter_card":"summary_large_image","twitter_creator":"@Salzburgerland","twitter_site":"@Salzburgerland","twitter_misc":{"Verfasst von":"Barbara Walzer","Gesch\u00e4tzte Lesezeit":"6\u00a0Minuten"},"schema":{"@context":"https:\/\/schema.org","@graph":[{"@type":"Article","@id":"https:\/\/www.salzburgerland.com\/de\/magazin\/yoga-in-gastein\/#article","isPartOf":{"@id":"https:\/\/www.salzburgerland.com\/de\/magazin\/yoga-in-gastein\/"},"author":{"name":"Barbara Walzer","@id":"https:\/\/www.salzburgerland.com\/de\/magazin\/#\/schema\/person\/32325381e229b77006a3a7079e01d8c9"},"headline":"Yoga in Gastein","datePublished":"2021-08-12T06:00:00+00:00","dateModified":"2026-04-20T09:13:37+00:00","mainEntityOfPage":{"@id":"https:\/\/www.salzburgerland.com\/de\/magazin\/yoga-in-gastein\/"},"wordCount":756,"commentCount":0,"publisher":{"@id":"https:\/\/www.salzburgerland.com\/de\/magazin\/#organization"},"image":{"@id":"https:\/\/www.salzburgerland.com\/de\/magazin\/yoga-in-gastein\/#primaryimage"},"thumbnailUrl":"https:\/\/www.salzburgerland.com\/de\/magazin\/wp-content\/uploads\/wl\/2019\/07\/yogaherbst_quelle-der-inspi.jpg","keywords":["gastein","Yoga"],"articleSection":["Gesundheit"],"inLanguage":"de","potentialAction":[{"@type":"CommentAction","name":"Comment","target":["https:\/\/www.salzburgerland.com\/de\/magazin\/yoga-in-gastein\/#respond"]}]},{"@type":"WebPage","@id":"https:\/\/www.salzburgerland.com\/de\/magazin\/yoga-in-gastein\/","url":"https:\/\/www.salzburgerland.com\/de\/magazin\/yoga-in-gastein\/","name":"Yoga in Gastein - SalzburgerLand Magazin","isPartOf":{"@id":"https:\/\/www.salzburgerland.com\/de\/magazin\/#website"},"primaryImageOfPage":{"@id":"https:\/\/www.salzburgerland.com\/de\/magazin\/yoga-in-gastein\/#primaryimage"},"image":{"@id":"https:\/\/www.salzburgerland.com\/de\/magazin\/yoga-in-gastein\/#primaryimage"},"thumbnailUrl":"https:\/\/www.salzburgerland.com\/de\/magazin\/wp-content\/uploads\/wl\/2019\/07\/yogaherbst_quelle-der-inspi.jpg","datePublished":"2021-08-12T06:00:00+00:00","dateModified":"2026-04-20T09:13:37+00:00","description":"Atme die Berge: Jahr f\u00fcr Jahr wird das Gasteinertal zum Treffpunkt f\u00fcr Yogis und Yoginis. Yogaeinheiten im Gasteiner Bergfr\u00fchling sind die sch\u00f6nste Art und Weise, den Beginn der warmen Jahreszeit inmitten der freien Natur zu genie\u00dfen.","breadcrumb":{"@id":"https:\/\/www.salzburgerland.com\/de\/magazin\/yoga-in-gastein\/#breadcrumb"},"inLanguage":"de","potentialAction":[{"@type":"ReadAction","target":["https:\/\/www.salzburgerland.com\/de\/magazin\/yoga-in-gastein\/"]}]},{"@type":"ImageObject","inLanguage":"de","@id":"https:\/\/www.salzburgerland.com\/de\/magazin\/yoga-in-gastein\/#primaryimage","url":"https:\/\/www.salzburgerland.com\/de\/magazin\/wp-content\/uploads\/wl\/2019\/07\/yogaherbst_quelle-der-inspi.jpg","contentUrl":"https:\/\/www.salzburgerland.com\/de\/magazin\/wp-content\/uploads\/wl\/2019\/07\/yogaherbst_quelle-der-inspi.jpg","width":1920,"height":1282,"caption":"Vier Frauen praktizieren Yoga im Freien auf einer Wiese mit Bergen im Hintergrund unter einem klaren Himmel."},{"@type":"BreadcrumbList","@id":"https:\/\/www.salzburgerland.com\/de\/magazin\/yoga-in-gastein\/#breadcrumb","itemListElement":[{"@type":"ListItem","position":1,"name":"Startseite","item":"https:\/\/www.salzburgerland.com\/de\/magazin\/"},{"@type":"ListItem","position":2,"name":"Gesundheit","item":"https:\/\/www.salzburgerland.com\/de\/magazin\/thema\/gesundheit\/"},{"@type":"ListItem","position":3,"name":"Yoga in Gastein"}]},{"@type":"WebSite","@id":"https:\/\/www.salzburgerland.com\/de\/magazin\/#website","url":"https:\/\/www.salzburgerland.com\/de\/magazin\/","name":"SalzburgerLand Magazin","description":"Geschichten und Interessantes aus dem SalzburgerLand","publisher":{"@id":"https:\/\/www.salzburgerland.com\/de\/magazin\/#organization"},"potentialAction":[{"@type":"SearchAction","target":{"@type":"EntryPoint","urlTemplate":"https:\/\/www.salzburgerland.com\/de\/magazin\/?s={search_term_string}"},"query-input":{"@type":"PropertyValueSpecification","valueRequired":true,"valueName":"search_term_string"}}],"inLanguage":"de"},{"@type":"Organization","@id":"https:\/\/www.salzburgerland.com\/de\/magazin\/#organization","name":"SalzburgerLand Tourismus","url":"https:\/\/www.salzburgerland.com\/de\/magazin\/","logo":{"@type":"ImageObject","inLanguage":"de","@id":"https:\/\/www.salzburgerland.com\/de\/magazin\/#\/schema\/logo\/image\/","url":"https:\/\/www.salzburgerland.com\/de\/magazin\/wp-content\/uploads\/2019\/06\/salzburgerland-logo1.jpg","contentUrl":"https:\/\/www.salzburgerland.com\/de\/magazin\/wp-content\/uploads\/2019\/06\/salzburgerland-logo1.jpg","width":2011,"height":866,"caption":"SalzburgerLand Tourismus"},"image":{"@id":"https:\/\/www.salzburgerland.com\/de\/magazin\/#\/schema\/logo\/image\/"},"sameAs":["https:\/\/www.facebook.com\/salzburgerland\/","https:\/\/x.com\/Salzburgerland","https:\/\/www.instagram.com\/salzburgerland\/","https:\/\/at.linkedin.com\/company\/salzburgerland-tourismus-gmbh","https:\/\/www.pinterest.at\/salzburgerland\/","https:\/\/www.youtube.com\/user\/salzburgerland","https:\/\/de.wikipedia.org\/wiki\/SalzburgerLand_Tourismus_GmbH"]},{"@type":"Person","@id":"https:\/\/www.salzburgerland.com\/de\/magazin\/#\/schema\/person\/32325381e229b77006a3a7079e01d8c9","name":"Barbara Walzer","description":"Seit vielen Jahren darf ich f\u00fcr das SalzburgerLand arbeiten \u2013 und es f\u00fchlt sich f\u00fcr mich weniger nach Beruf als nach Berufung an. Meine Inspiration finde ich dort, wo das SalzburgerLand besonders echt ist: Drau\u00dfen. Beim Wandern \u00fcber alpine Pfade, mit dem Rad durch unsere T\u00e4ler, auf Almen, im Wald oder am See. Natur, Berge und Achtsamkeit sind Teil meines Alltags und pr\u00e4gen meinen Blick auf Regionen, Menschen und Erlebnisse. Wer mich sucht, findet mich entweder am Schreibtisch \u2013 oder unterwegs (durchaus auch einmal auf einem sonnigen H\u00fcttenbankerl). Dort, wo Weite, Ruhe und Natur den Takt vorgeben. Zu Fu\u00df oder mit dem Rad, aufmerksam, neugierig und offen f\u00fcr Begegnungen. Denn die besten Geschichten entstehen dort, wo Menschen ihre Zeit, ihre Leidenschaft und ihr Lebensgef\u00fchl teilen. Im SalzburgerLand verbinden sich f\u00fcr mich genau diese Elemente: urspr\u00fcngliche Natur, gelebte Tradition, herzliche Gastgeber:innen und R\u00e4ume f\u00fcr echte Erholung. Ob Almleben oder Bergtour, stille Waldmomente oder unterhaltsame Begegnungen \u2013 all das macht die Region so besonders und erz\u00e4hlenswert. Warum ich meine Begeisterung \u00fcber das SalzburgerLand mit euch teile: Weil ich es nicht nur beschreibe, sondern erlebe. Und weil jede Region ihre Geschichten verdient \u2013 ehrlich, achtsam und nah an den Menschen erz\u00e4hlt.","url":"https:\/\/www.salzburgerland.com\/de\/magazin\/author\/bwalzer\/"}]}},"_wl_alt_label":[],"wl:entity_url":"http:\/\/open.salzburgerland.com\/magazin\/post\/yogaherbst_gastein","_links":{"self":[{"href":"https:\/\/www.salzburgerland.com\/de\/magazin\/wp-json\/wp\/v2\/posts\/110125","targetHints":{"allow":["GET"]}}],"collection":[{"href":"https:\/\/www.salzburgerland.com\/de\/magazin\/wp-json\/wp\/v2\/posts"}],"about":[{"href":"https:\/\/www.salzburgerland.com\/de\/magazin\/wp-json\/wp\/v2\/types\/post"}],"author":[{"embeddable":true,"href":"https:\/\/www.salzburgerland.com\/de\/magazin\/wp-json\/wp\/v2\/users\/567"}],"replies":[{"embeddable":true,"href":"https:\/\/www.salzburgerland.com\/de\/magazin\/wp-json\/wp\/v2\/comments?post=110125"}],"version-history":[{"count":9,"href":"https:\/\/www.salzburgerland.com\/de\/magazin\/wp-json\/wp\/v2\/posts\/110125\/revisions"}],"predecessor-version":[{"id":186874,"href":"https:\/\/www.salzburgerland.com\/de\/magazin\/wp-json\/wp\/v2\/posts\/110125\/revisions\/186874"}],"wp:featuredmedia":[{"embeddable":true,"href":"https:\/\/www.salzburgerland.com\/de\/magazin\/wp-json\/wp\/v2\/media\/135582"}],"wp:attachment":[{"href":"https:\/\/www.salzburgerland.com\/de\/magazin\/wp-json\/wp\/v2\/media?parent=110125"}],"wp:term":[{"taxonomy":"category","embeddable":true,"href":"https:\/\/www.salzburgerland.com\/de\/magazin\/wp-json\/wp\/v2\/categories?post=110125"},{"taxonomy":"post_tag","embeddable":true,"href":"https:\/\/www.salzburgerland.com\/de\/magazin\/wp-json\/wp\/v2\/tags?post=110125"},{"taxonomy":"wl_entity_type","embeddable":true,"href":"https:\/\/www.salzburgerland.com\/de\/magazin\/wp-json\/wp\/v2\/wl_entity_type?post=110125"},{"taxonomy":"monatsauswahl","embeddable":true,"href":"https:\/\/www.salzburgerland.com\/de\/magazin\/wp-json\/wp\/v2\/monatsauswahl?post=110125"}],"curies":[{"name":"wp","href":"https:\/\/api.w.org\/{rel}","templated":true}]}}