{"id":110106,"date":"2017-09-22T10:00:22","date_gmt":"2017-09-22T08:00:22","guid":{"rendered":"http:\/\/magazin.salzburgerland.com\/?p=110106"},"modified":"2017-09-26T09:43:55","modified_gmt":"2017-09-26T07:43:55","slug":"kuerbisschnitzen-im-salzburgerland","status":"publish","type":"post","link":"https:\/\/www.salzburgerland.com\/de\/magazin\/kuerbisschnitzen-im-salzburgerland\/","title":{"rendered":"Leuchtende K\u00fcrbisgesichter"},"content":{"rendered":"<p><strong>Herbstzeit ist K\u00fcrbiszeit im SalzburgerLand und im Salzburger Bauernherbst! Aus den herbstlichen Fr\u00fcchten lassen sich nicht nur herrliche, schmackhafte Gerichte zaubern, sondern auch fantasievolle Dekos und leuchtende Gruselgesichter herstellen.<\/strong><\/p>\n<p>Freundlich grinsende Gesichter, gruselige Fratzen oder fantasievolle Muster \u2013 dem Ideenreichtum f\u00fcr stimmungsvoll beleuchtete K\u00fcrbisse sind keine Grenzen gesetzt. Und Halloween oder nicht \u2013 zum Herbst geh\u00f6ren die orangen, gelben oder wei\u00dfen Fr\u00fcchte einfach dazu. Man kommt ja fast nicht an ihnen vorbei. Sp\u00e4testens im September findet man entlang der Stra\u00dfen immer wieder Verkaufsfl\u00e4chen, die K\u00fcrbisse in allen Formen und Farben anbieten. Da gibt es kleinen Zierk\u00fcrbisse, Butternussk\u00fcrbisse, klassische Hokkaido-K\u00fcrbisse, aber auch Sorten mit so ausgefallenen Namen wie Cham\u00e4leon, Dornenkrone, Krummhals oder Small Spoon. Fast alle eignen sich zum Schnitzen, viele sind auch ausgezeichnete Speisek\u00fcrbisse! Da f\u00e4llt die Wahl gar nicht so leicht.<\/p>\n<p>Um mit dem K\u00fcrbisschnitzen zu beginnen, braucht es nicht viel. Ein Messer, einen L\u00f6ffel, oder noch besser einen Eisportionierer aus Metall und nat\u00fcrlich den K\u00fcrbis. Zuerst wird ein Deckel abgeschnitten. Dann k\u00f6nnen die Kerne im Inneren des K\u00fcrbis entfernt und das Fruchtfleisch St\u00fcck f\u00fcr St\u00fcck mit dem Eisportionierer heraus geschabt werden. Zugegeben, das ist ein wenig Arbeit!<\/p>\n<p>Dann ist der ausgeh\u00f6hlte K\u00fcrbis auch schon bereit, ein Gesicht oder ein Muster verpasst zu bekommen. Am besten man macht sich vorher eine Vorlage! H\u00fcbsch sieht es auch aus, wenn man mit der Bohrmaschine Muster in die Schale bohrt. Dann hei\u00dft es nur noch ein Teelicht hineinstellen und warten bis es dunkel wird.<\/p>\n<p>Und passend zur \u00a0leuchtenden Tischdekoration serviert man am besten eines der herrlichen K\u00fcrbisrezepte. In Salzburg gibt es \u00fcbrigens einen <a href=\"https:\/\/www.salzburgerland.com\/de\/magazin\/der-kurbisbauer\/\" target=\"_blank\" rel=\"noopener\">K\u00fcrbisbauern<\/a>, der uns auch gleich ein Rezept f\u00fcr eine k\u00f6stliche K\u00fcrbiscremesuppe verraten hat.<\/p>\n<div class=\"mag-gallery\"><div class=\"row\"><div class=\"col-6 col-sm-4\"><figure><a class=\"thumb-container\" href=\"https:\/\/www.salzburgerland.com\/de\/magazin\/wp-content\/uploads\/2016\/10\/Ausgehoehlter-Kuerbis-1280x1024.jpg\">\t<picture><source media=\"(min-width: 576px)\" srcset=\"https:\/\/www.salzburgerland.com\/de\/magazin\/wp-content\/uploads\/2016\/10\/Ausgehoehlter-Kuerbis-325x209.jpg 325w, https:\/\/www.salzburgerland.com\/de\/magazin\/wp-content\/uploads\/2016\/10\/Ausgehoehlter-Kuerbis-249x160.jpg 249w\" \/><source media=\"(min-width: 0)\" srcset=\"https:\/\/www.salzburgerland.com\/de\/magazin\/wp-content\/uploads\/2016\/10\/Ausgehoehlter-Kuerbis-249x160.jpg 249w, https:\/\/www.salzburgerland.com\/de\/magazin\/wp-content\/uploads\/2016\/10\/Ausgehoehlter-Kuerbis-325x209.jpg 325w\" \/><img decoding=\"async\" alt=\"Ein gro\u00dfer orangefarbener K\u00fcrbis mit abgeschnittener Spitze liegt neben einer Platte mit bemalten Steinen.\" src=\"https:\/\/www.salzburgerland.com\/de\/magazin\/wp-content\/uploads\/2016\/10\/Ausgehoehlter-Kuerbis.jpg\" \/>\t<\/picture><\/a><\/figure><\/div><div class=\"col-6 col-sm-4\"><figure><a class=\"thumb-container\" href=\"https:\/\/www.salzburgerland.com\/de\/magazin\/wp-content\/uploads\/2016\/10\/Hokkaidos-1280x1024.jpg\">\t<picture><source media=\"(min-width: 576px)\" srcset=\"https:\/\/www.salzburgerland.com\/de\/magazin\/wp-content\/uploads\/2016\/10\/Hokkaidos-325x209.jpg 325w, https:\/\/www.salzburgerland.com\/de\/magazin\/wp-content\/uploads\/2016\/10\/Hokkaidos-249x160.jpg 249w\" \/><source media=\"(min-width: 0)\" srcset=\"https:\/\/www.salzburgerland.com\/de\/magazin\/wp-content\/uploads\/2016\/10\/Hokkaidos-249x160.jpg 249w, https:\/\/www.salzburgerland.com\/de\/magazin\/wp-content\/uploads\/2016\/10\/Hokkaidos-325x209.jpg 325w\" \/><img decoding=\"async\" alt=\"Mehrere leuchtend orangefarbene K\u00fcrbisse werden auf einer gl\u00e4nzenden schwarzen Fl\u00e4che im Sonnenlicht pr\u00e4sentiert.\" src=\"https:\/\/www.salzburgerland.com\/de\/magazin\/wp-content\/uploads\/2016\/10\/Hokkaidos.jpg\" \/>\t<\/picture><\/a><\/figure><\/div><div class=\"col-6 col-sm-4\"><figure><a class=\"thumb-container\" href=\"https:\/\/www.salzburgerland.com\/de\/magazin\/wp-content\/uploads\/2016\/10\/Schnitzkuerbisse-1280x1024.jpg\">\t<picture><source media=\"(min-width: 576px)\" srcset=\"https:\/\/www.salzburgerland.com\/de\/magazin\/wp-content\/uploads\/2016\/10\/Schnitzkuerbisse-325x209.jpg 325w, https:\/\/www.salzburgerland.com\/de\/magazin\/wp-content\/uploads\/2016\/10\/Schnitzkuerbisse-249x160.jpg 249w\" \/><source media=\"(min-width: 0)\" srcset=\"https:\/\/www.salzburgerland.com\/de\/magazin\/wp-content\/uploads\/2016\/10\/Schnitzkuerbisse-249x160.jpg 249w, https:\/\/www.salzburgerland.com\/de\/magazin\/wp-content\/uploads\/2016\/10\/Schnitzkuerbisse-325x209.jpg 325w\" \/><img decoding=\"async\" alt=\"Drei gro\u00dfe, gerippte K\u00fcrbisse sitzen auf einem verwitterten gr\u00fcnen Tisch in der N\u00e4he eines grasbewachsenen Feldes und eines Drahtzauns.\" src=\"https:\/\/www.salzburgerland.com\/de\/magazin\/wp-content\/uploads\/2016\/10\/Schnitzkuerbisse.jpg\" \/>\t<\/picture><\/a><\/figure><\/div><div class=\"col-6 col-sm-4\"><figure><a class=\"thumb-container\" href=\"https:\/\/www.salzburgerland.com\/de\/magazin\/wp-content\/uploads\/2016\/10\/Turbankuerbisse-1280x1024.jpg\">\t<picture><source media=\"(min-width: 576px)\" srcset=\"https:\/\/www.salzburgerland.com\/de\/magazin\/wp-content\/uploads\/2016\/10\/Turbankuerbisse-325x209.jpg 325w, https:\/\/www.salzburgerland.com\/de\/magazin\/wp-content\/uploads\/2016\/10\/Turbankuerbisse-249x160.jpg 249w\" \/><source media=\"(min-width: 0)\" srcset=\"https:\/\/www.salzburgerland.com\/de\/magazin\/wp-content\/uploads\/2016\/10\/Turbankuerbisse-249x160.jpg 249w, https:\/\/www.salzburgerland.com\/de\/magazin\/wp-content\/uploads\/2016\/10\/Turbankuerbisse-325x209.jpg 325w\" \/><img decoding=\"async\" alt=\"Ein Korb gef\u00fcllt mit roten und gr\u00fcnen K\u00fcrbissen in Turbanform.\" src=\"https:\/\/www.salzburgerland.com\/de\/magazin\/wp-content\/uploads\/2016\/10\/Turbankuerbisse.jpg\" \/>\t<\/picture><\/a><\/figure><\/div><div class=\"col-6 col-sm-4\"><figure><a class=\"thumb-container\" href=\"https:\/\/www.salzburgerland.com\/de\/magazin\/wp-content\/uploads\/2016\/10\/Zierkuerbisse-1280x1024.jpg\">\t<picture><source media=\"(min-width: 576px)\" srcset=\"\" \/><source media=\"(min-width: 0)\" srcset=\"https:\/\/www.salzburgerland.com\/de\/magazin\/wp-content\/uploads\/2016\/10\/Zierkuerbisse.jpg 897w, https:\/\/www.salzburgerland.com\/de\/magazin\/wp-content\/uploads\/2016\/10\/Zierkuerbisse-168x300.jpg 168w, https:\/\/www.salzburgerland.com\/de\/magazin\/wp-content\/uploads\/2016\/10\/Zierkuerbisse-308x550.jpg 308w, https:\/\/www.salzburgerland.com\/de\/magazin\/wp-content\/uploads\/2016\/10\/Zierkuerbisse-224x400.jpg 224w\" \/><img decoding=\"async\" alt=\"Bunte K\u00fcrbisse und K\u00fcrbisse in einer Holzkiste, beleuchtet vom Sonnenlicht.\" src=\"https:\/\/www.salzburgerland.com\/de\/magazin\/wp-content\/uploads\/2016\/10\/Zierkuerbisse.jpg\" \/>\t<\/picture><\/a><\/figure><\/div><div class=\"col-6 col-sm-4\"><figure><a class=\"thumb-container\" href=\"https:\/\/www.salzburgerland.com\/de\/magazin\/wp-content\/uploads\/2016\/10\/beleuchtet-1280x1024.jpg\">\t<picture><source media=\"(min-width: 576px)\" srcset=\"https:\/\/www.salzburgerland.com\/de\/magazin\/wp-content\/uploads\/2016\/10\/beleuchtet-325x209.jpg 325w, https:\/\/www.salzburgerland.com\/de\/magazin\/wp-content\/uploads\/2016\/10\/beleuchtet-249x160.jpg 249w\" \/><source media=\"(min-width: 0)\" srcset=\"https:\/\/www.salzburgerland.com\/de\/magazin\/wp-content\/uploads\/2016\/10\/beleuchtet-249x160.jpg 249w, https:\/\/www.salzburgerland.com\/de\/magazin\/wp-content\/uploads\/2016\/10\/beleuchtet-325x209.jpg 325w\" \/><img decoding=\"async\" alt=\"Ein leuchtender geschnitzter K\u00fcrbis mit einem gezackten, l\u00e4chelnden Gesicht leuchtet in einem dunklen Raum von innen heraus.\" src=\"https:\/\/www.salzburgerland.com\/de\/magazin\/wp-content\/uploads\/2016\/10\/beleuchtet.jpg\" \/>\t<\/picture><\/a><\/figure><\/div><div class=\"col-6 col-sm-4\"><figure><a class=\"thumb-container\" href=\"https:\/\/www.salzburgerland.com\/de\/magazin\/wp-content\/uploads\/2016\/10\/Hokkaido-1280x1024.jpg\">\t<picture><source media=\"(min-width: 576px)\" srcset=\"https:\/\/www.salzburgerland.com\/de\/magazin\/wp-content\/uploads\/2016\/10\/Hokkaido-325x209.jpg 325w, https:\/\/www.salzburgerland.com\/de\/magazin\/wp-content\/uploads\/2016\/10\/Hokkaido-249x160.jpg 249w\" \/><source media=\"(min-width: 0)\" srcset=\"https:\/\/www.salzburgerland.com\/de\/magazin\/wp-content\/uploads\/2016\/10\/Hokkaido-249x160.jpg 249w, https:\/\/www.salzburgerland.com\/de\/magazin\/wp-content\/uploads\/2016\/10\/Hokkaido-325x209.jpg 325w\" \/><img decoding=\"async\" alt=\"Eine leuchtende Jack-O-Lantern mit einem geschnitzten l\u00e4chelnden Gesicht, das im Dunkeln leuchtet.\" src=\"https:\/\/www.salzburgerland.com\/de\/magazin\/wp-content\/uploads\/2016\/10\/Hokkaido.jpg\" \/>\t<\/picture><\/a><\/figure><\/div><div class=\"col-6 col-sm-4\"><figure><a class=\"thumb-container\" href=\"https:\/\/www.salzburgerland.com\/de\/magazin\/wp-content\/uploads\/2016\/10\/Lachender-Kurbis-1280x1024.jpg\">\t<picture><source media=\"(min-width: 576px)\" srcset=\"https:\/\/www.salzburgerland.com\/de\/magazin\/wp-content\/uploads\/2016\/10\/Lachender-Kurbis-325x209.jpg 325w, https:\/\/www.salzburgerland.com\/de\/magazin\/wp-content\/uploads\/2016\/10\/Lachender-Kurbis-249x160.jpg 249w\" \/><source media=\"(min-width: 0)\" srcset=\"https:\/\/www.salzburgerland.com\/de\/magazin\/wp-content\/uploads\/2016\/10\/Lachender-Kurbis-249x160.jpg 249w, https:\/\/www.salzburgerland.com\/de\/magazin\/wp-content\/uploads\/2016\/10\/Lachender-Kurbis-325x209.jpg 325w\" \/><img decoding=\"async\" alt=\"Gl\u00fchender Irrwisch mit breitem L\u00e4cheln und dreieckigen Augen in der Dunkelheit.\" src=\"https:\/\/www.salzburgerland.com\/de\/magazin\/wp-content\/uploads\/2016\/10\/Lachender-Kurbis.jpg\" \/>\t<\/picture><\/a><\/figure><\/div><div class=\"col-6 col-sm-4\"><figure><a class=\"thumb-container\" href=\"https:\/\/www.salzburgerland.com\/de\/magazin\/wp-content\/uploads\/2016\/10\/Leuchtende-Kuerbisse-1280x1024.jpg\">\t<picture><source media=\"(min-width: 576px)\" srcset=\"https:\/\/www.salzburgerland.com\/de\/magazin\/wp-content\/uploads\/2016\/10\/Leuchtende-Kuerbisse-325x209.jpg 325w, https:\/\/www.salzburgerland.com\/de\/magazin\/wp-content\/uploads\/2016\/10\/Leuchtende-Kuerbisse-249x160.jpg 249w\" \/><source media=\"(min-width: 0)\" srcset=\"https:\/\/www.salzburgerland.com\/de\/magazin\/wp-content\/uploads\/2016\/10\/Leuchtende-Kuerbisse-249x160.jpg 249w, https:\/\/www.salzburgerland.com\/de\/magazin\/wp-content\/uploads\/2016\/10\/Leuchtende-Kuerbisse-325x209.jpg 325w\" \/><img decoding=\"async\" alt=\"Drei leuchtende Irrlichter mit verschiedenen geschnitzten Gesichtern stehen in einem dunklen, von innen beleuchteten Raum.\" src=\"https:\/\/www.salzburgerland.com\/de\/magazin\/wp-content\/uploads\/2016\/10\/Leuchtende-Kuerbisse.jpg\" \/>\t<\/picture><\/a><\/figure><\/div><\/div><\/div><figcaption><\/figcaption>\n<p>Fotos \u00a9Hammerl<\/p>\n","protected":false},"excerpt":{"rendered":"<p>Herbstzeit ist K\u00fcrbiszeit im SalzburgerLand und im Salzburger Bauernherbst! Aus den herbstlichen Fr\u00fcchten lassen sich nicht nur herrliche, schmackhafte Gerichte zaubern, sondern auch fantasievolle Dekos und leuchtende Gruselgesichter herstellen. Freundlich grinsende Gesichter, gruselige Fratzen oder fantasievolle Muster \u2013 dem Ideenreichtum f\u00fcr stimmungsvoll beleuchtete K\u00fcrbisse sind keine Grenzen gesetzt. Und Halloween oder nicht \u2013 zum Herbst [&hellip;]<\/p>\n","protected":false},"author":90,"featured_media":110113,"comment_status":"open","ping_status":"open","sticky":false,"template":"","format":"standard","meta":{"_acf_changed":false,"wl_entities_gutenberg":"","_wl_entity_redirect_enabled":"","footnotes":""},"categories":[7],"tags":[],"wl_entity_type":[306],"monatsauswahl":[90,91,92],"class_list":["post-110106","post","type-post","status-publish","format-standard","has-post-thumbnail","hentry","category-lifestyle","wl_entity_type-article","monatsauswahl-monat_9","monatsauswahl-monat_10","monatsauswahl-monat_11"],"acf":[],"yoast_head":"<!-- This site is optimized with the Yoast SEO Premium plugin v27.4 (Yoast SEO v27.4) - https:\/\/yoast.com\/product\/yoast-seo-premium-wordpress\/ -->\n<title>Leuchtende K\u00fcrbisgesichter - SalzburgerLand Magazin<\/title>\n<meta name=\"description\" content=\"Herbstzeit ist K\u00fcrbiszeit im SalzburgerLand und im Salzburger Bauernherbst! Aus den herbstlichen Fr\u00fcchten lassen sich nicht nur herrliche, schmackhafte Gerichte zaubern, sondern auch fantasievolle Dekos und leuchtende Gruselgesichter herstellen. Freundlich grinsende Gesichter, gruselige Fratzen oder fantasievolle Muster \u2013 dem Ideenreichtum f\u00fcr stimmungsvoll beleuchtete K\u00fcrbisse sind keine Grenzen gesetzt. Und Halloween oder nicht \u2013 zum Herbst [&hellip;]\" \/>\n<meta name=\"robots\" content=\"index, follow, max-snippet:-1, max-image-preview:large, max-video-preview:-1\" \/>\n<link rel=\"canonical\" href=\"https:\/\/www.salzburgerland.com\/de\/magazin\/kuerbisschnitzen-im-salzburgerland\/\" \/>\n<meta property=\"og:locale\" content=\"de_DE\" \/>\n<meta property=\"og:type\" content=\"article\" \/>\n<meta property=\"og:title\" content=\"Leuchtende K\u00fcrbisgesichter\" \/>\n<meta property=\"og:description\" content=\"Herbstzeit ist K\u00fcrbiszeit im SalzburgerLand und im Salzburger Bauernherbst! Aus den herbstlichen Fr\u00fcchten lassen sich nicht nur herrliche, schmackhafte Gerichte zaubern, sondern auch fantasievolle Dekos und leuchtende Gruselgesichter herstellen. Freundlich grinsende Gesichter, gruselige Fratzen oder fantasievolle Muster \u2013 dem Ideenreichtum f\u00fcr stimmungsvoll beleuchtete K\u00fcrbisse sind keine Grenzen gesetzt. Und Halloween oder nicht \u2013 zum Herbst [&hellip;]\" \/>\n<meta property=\"og:url\" content=\"https:\/\/www.salzburgerland.com\/de\/magazin\/kuerbisschnitzen-im-salzburgerland\/\" \/>\n<meta property=\"og:site_name\" content=\"SalzburgerLand Magazin\" \/>\n<meta property=\"article:publisher\" content=\"https:\/\/www.facebook.com\/salzburgerland\/\" \/>\n<meta property=\"article:published_time\" content=\"2017-09-22T08:00:22+00:00\" \/>\n<meta property=\"article:modified_time\" content=\"2017-09-26T07:43:55+00:00\" \/>\n<meta property=\"og:image\" content=\"https:\/\/www.salzburgerland.com\/de\/magazin\/wp-content\/uploads\/2016\/10\/Leuchtende-Kuerbisse.jpg\" \/>\n\t<meta property=\"og:image:width\" content=\"1200\" \/>\n\t<meta property=\"og:image:height\" content=\"803\" \/>\n\t<meta property=\"og:image:type\" content=\"image\/jpeg\" \/>\n<meta name=\"author\" content=\"Ulli Hammerl\" \/>\n<meta name=\"twitter:card\" content=\"summary_large_image\" \/>\n<meta name=\"twitter:creator\" content=\"@Salzburgerland\" \/>\n<meta name=\"twitter:site\" content=\"@Salzburgerland\" \/>\n<meta name=\"twitter:label1\" content=\"Verfasst von\" \/>\n\t<meta name=\"twitter:data1\" content=\"Ulli Hammerl\" \/>\n\t<meta name=\"twitter:label2\" content=\"Gesch\u00e4tzte Lesezeit\" \/>\n\t<meta name=\"twitter:data2\" content=\"2\u00a0Minuten\" \/>\n<script type=\"application\/ld+json\" class=\"yoast-schema-graph\">{\"@context\":\"https:\\\/\\\/schema.org\",\"@graph\":[{\"@type\":\"Article\",\"@id\":\"https:\\\/\\\/www.salzburgerland.com\\\/de\\\/magazin\\\/kuerbisschnitzen-im-salzburgerland\\\/#article\",\"isPartOf\":{\"@id\":\"https:\\\/\\\/www.salzburgerland.com\\\/de\\\/magazin\\\/kuerbisschnitzen-im-salzburgerland\\\/\"},\"author\":{\"name\":\"Ulli Hammerl\",\"@id\":\"https:\\\/\\\/www.salzburgerland.com\\\/de\\\/magazin\\\/#\\\/schema\\\/person\\\/a55a4fee1009b9e458d298480a18a9f7\"},\"headline\":\"Leuchtende K\u00fcrbisgesichter\",\"datePublished\":\"2017-09-22T08:00:22+00:00\",\"dateModified\":\"2017-09-26T07:43:55+00:00\",\"mainEntityOfPage\":{\"@id\":\"https:\\\/\\\/www.salzburgerland.com\\\/de\\\/magazin\\\/kuerbisschnitzen-im-salzburgerland\\\/\"},\"wordCount\":318,\"commentCount\":0,\"publisher\":{\"@id\":\"https:\\\/\\\/www.salzburgerland.com\\\/de\\\/magazin\\\/#organization\"},\"image\":{\"@id\":\"https:\\\/\\\/www.salzburgerland.com\\\/de\\\/magazin\\\/kuerbisschnitzen-im-salzburgerland\\\/#primaryimage\"},\"thumbnailUrl\":\"https:\\\/\\\/www.salzburgerland.com\\\/de\\\/magazin\\\/wp-content\\\/uploads\\\/2016\\\/10\\\/Leuchtende-Kuerbisse.jpg\",\"articleSection\":[\"Lifestyle\"],\"inLanguage\":\"de\",\"potentialAction\":[{\"@type\":\"CommentAction\",\"name\":\"Comment\",\"target\":[\"https:\\\/\\\/www.salzburgerland.com\\\/de\\\/magazin\\\/kuerbisschnitzen-im-salzburgerland\\\/#respond\"]}]},{\"@type\":\"WebPage\",\"@id\":\"https:\\\/\\\/www.salzburgerland.com\\\/de\\\/magazin\\\/kuerbisschnitzen-im-salzburgerland\\\/\",\"url\":\"https:\\\/\\\/www.salzburgerland.com\\\/de\\\/magazin\\\/kuerbisschnitzen-im-salzburgerland\\\/\",\"name\":\"Leuchtende K\u00fcrbisgesichter - SalzburgerLand Magazin\",\"isPartOf\":{\"@id\":\"https:\\\/\\\/www.salzburgerland.com\\\/de\\\/magazin\\\/#website\"},\"primaryImageOfPage\":{\"@id\":\"https:\\\/\\\/www.salzburgerland.com\\\/de\\\/magazin\\\/kuerbisschnitzen-im-salzburgerland\\\/#primaryimage\"},\"image\":{\"@id\":\"https:\\\/\\\/www.salzburgerland.com\\\/de\\\/magazin\\\/kuerbisschnitzen-im-salzburgerland\\\/#primaryimage\"},\"thumbnailUrl\":\"https:\\\/\\\/www.salzburgerland.com\\\/de\\\/magazin\\\/wp-content\\\/uploads\\\/2016\\\/10\\\/Leuchtende-Kuerbisse.jpg\",\"datePublished\":\"2017-09-22T08:00:22+00:00\",\"dateModified\":\"2017-09-26T07:43:55+00:00\",\"breadcrumb\":{\"@id\":\"https:\\\/\\\/www.salzburgerland.com\\\/de\\\/magazin\\\/kuerbisschnitzen-im-salzburgerland\\\/#breadcrumb\"},\"inLanguage\":\"de\",\"potentialAction\":[{\"@type\":\"ReadAction\",\"target\":[\"https:\\\/\\\/www.salzburgerland.com\\\/de\\\/magazin\\\/kuerbisschnitzen-im-salzburgerland\\\/\"]}]},{\"@type\":\"ImageObject\",\"inLanguage\":\"de\",\"@id\":\"https:\\\/\\\/www.salzburgerland.com\\\/de\\\/magazin\\\/kuerbisschnitzen-im-salzburgerland\\\/#primaryimage\",\"url\":\"https:\\\/\\\/www.salzburgerland.com\\\/de\\\/magazin\\\/wp-content\\\/uploads\\\/2016\\\/10\\\/Leuchtende-Kuerbisse.jpg\",\"contentUrl\":\"https:\\\/\\\/www.salzburgerland.com\\\/de\\\/magazin\\\/wp-content\\\/uploads\\\/2016\\\/10\\\/Leuchtende-Kuerbisse.jpg\",\"width\":1200,\"height\":803,\"caption\":\"Drei leuchtende Irrlichter mit verschiedenen geschnitzten Gesichtern stehen in einem dunklen, von innen beleuchteten Raum.\"},{\"@type\":\"BreadcrumbList\",\"@id\":\"https:\\\/\\\/www.salzburgerland.com\\\/de\\\/magazin\\\/kuerbisschnitzen-im-salzburgerland\\\/#breadcrumb\",\"itemListElement\":[{\"@type\":\"ListItem\",\"position\":1,\"name\":\"Startseite\",\"item\":\"https:\\\/\\\/www.salzburgerland.com\\\/de\\\/magazin\\\/\"},{\"@type\":\"ListItem\",\"position\":2,\"name\":\"Lifestyle\",\"item\":\"https:\\\/\\\/www.salzburgerland.com\\\/de\\\/magazin\\\/thema\\\/lifestyle\\\/\"},{\"@type\":\"ListItem\",\"position\":3,\"name\":\"Leuchtende K\u00fcrbisgesichter\"}]},{\"@type\":\"WebSite\",\"@id\":\"https:\\\/\\\/www.salzburgerland.com\\\/de\\\/magazin\\\/#website\",\"url\":\"https:\\\/\\\/www.salzburgerland.com\\\/de\\\/magazin\\\/\",\"name\":\"SalzburgerLand Magazin\",\"description\":\"Geschichten und Interessantes aus dem SalzburgerLand\",\"publisher\":{\"@id\":\"https:\\\/\\\/www.salzburgerland.com\\\/de\\\/magazin\\\/#organization\"},\"potentialAction\":[{\"@type\":\"SearchAction\",\"target\":{\"@type\":\"EntryPoint\",\"urlTemplate\":\"https:\\\/\\\/www.salzburgerland.com\\\/de\\\/magazin\\\/?s={search_term_string}\"},\"query-input\":{\"@type\":\"PropertyValueSpecification\",\"valueRequired\":true,\"valueName\":\"search_term_string\"}}],\"inLanguage\":\"de\"},{\"@type\":\"Organization\",\"@id\":\"https:\\\/\\\/www.salzburgerland.com\\\/de\\\/magazin\\\/#organization\",\"name\":\"SalzburgerLand Tourismus\",\"url\":\"https:\\\/\\\/www.salzburgerland.com\\\/de\\\/magazin\\\/\",\"logo\":{\"@type\":\"ImageObject\",\"inLanguage\":\"de\",\"@id\":\"https:\\\/\\\/www.salzburgerland.com\\\/de\\\/magazin\\\/#\\\/schema\\\/logo\\\/image\\\/\",\"url\":\"https:\\\/\\\/www.salzburgerland.com\\\/de\\\/magazin\\\/wp-content\\\/uploads\\\/2019\\\/06\\\/salzburgerland-logo1.jpg\",\"contentUrl\":\"https:\\\/\\\/www.salzburgerland.com\\\/de\\\/magazin\\\/wp-content\\\/uploads\\\/2019\\\/06\\\/salzburgerland-logo1.jpg\",\"width\":2011,\"height\":866,\"caption\":\"SalzburgerLand Tourismus\"},\"image\":{\"@id\":\"https:\\\/\\\/www.salzburgerland.com\\\/de\\\/magazin\\\/#\\\/schema\\\/logo\\\/image\\\/\"},\"sameAs\":[\"https:\\\/\\\/www.facebook.com\\\/salzburgerland\\\/\",\"https:\\\/\\\/x.com\\\/Salzburgerland\",\"https:\\\/\\\/www.instagram.com\\\/salzburgerland\\\/\",\"https:\\\/\\\/at.linkedin.com\\\/company\\\/salzburgerland-tourismus-gmbh\",\"https:\\\/\\\/www.pinterest.at\\\/salzburgerland\\\/\",\"https:\\\/\\\/www.youtube.com\\\/user\\\/salzburgerland\",\"https:\\\/\\\/de.wikipedia.org\\\/wiki\\\/SalzburgerLand_Tourismus_GmbH\"]},{\"@type\":\"Person\",\"@id\":\"https:\\\/\\\/www.salzburgerland.com\\\/de\\\/magazin\\\/#\\\/schema\\\/person\\\/a55a4fee1009b9e458d298480a18a9f7\",\"name\":\"Ulli Hammerl\",\"description\":\"Geboren und aufgewachsen in der Stadt Salzburg war Ulli Hammerl fr\u00fch bewusst, in einer der sch\u00f6nsten St\u00e4dte der Welt zu leben. So ist sie auch w\u00e4hrend ihres Studiums der Kommunikationswissenschaft und \u00d6kologie ihrer Heimatstadt treu geblieben. Gleich nach dem Studium ist sie zu SalzburgerLand Tourismus (SLTG) gegangen und hat hier von 1998 - 2004 u.a. die SalzburgerLand Card betreut. Dabei ist sie viel herumgekommen, wodurch auch die Liebe zum SalzburgerLand enstanden und gewachsen ist. Nach der Geburt ihrer Tochter im September 2004 hat sich Ulli Hammerl 2007 mit einer Agentur selbst\u00e4ndig gemacht. Mein pers\u00f6nlicher Logenplatz: Hoch \u00fcber Salzburg, abseits der stark begangenen Wege mit Blick auf die D\u00e4cher und Kircht\u00fcrme der Stadt \u2013 hier geht mir das Herz auf! Morgen- oder Abendmensch: Ganz klar: Morgenmensch. Wenn um 5.00 Uhr fr\u00fch die V\u00f6gel zwitschern und rund herum noch alles in tiefer Ruhe versinkt, dann ist meine Zeit. Ausgeschlafen, Energie geladen und voller Tatendrang starte ich am liebsten in den fr\u00fchen Morgenstunden in den Tag. Daf\u00fcr kann man nach 21.00 Uhr nicht mehr mit mir rechnen. Buch oder Film: Es gibt nichts Sch\u00f6neres, als es sich am Ende des Tages auf der Couch gem\u00fctlich zu machen und in die Gedankenwelt eines guten Buches einzutauchen \u2013 Lesen ist Abenteuer im Kopf. Wandern, Spazierengehen oder Laufen: alles drei und zwar am besten jeden Tag. Mit ein bisschen Zeiteinteilung geht es sich tats\u00e4chlich fast gehen Tag aus, drau\u00dfen unterwegs zu sein. Fr\u00fchling, Sommer, Herbst oder Winter: Ich kann es im Fr\u00fchling kaum erwarten, die ersten Gr\u00fcnschattierungen in der Natur zu entdecken. Ich liebe hei\u00dfe Sommertage am See und laue Sommerabende am Balkon. Ich mag es, wenn im Herbst die W\u00e4lder in einem Meer aus Farben erstrahlen, Laubrascheln und Kastanien sammeln. Und ich freue mich wie ein Kind, wenn im Dezember die ersten Schneeflocken vom Himmel schweben. Die vier Jahreszeiten sind etwas Wunderbares.\",\"url\":\"https:\\\/\\\/www.salzburgerland.com\\\/de\\\/magazin\\\/author\\\/ulli-hammerl\\\/\"}]}<\/script>\n<!-- \/ Yoast SEO Premium plugin. -->","yoast_head_json":{"title":"Leuchtende K\u00fcrbisgesichter - SalzburgerLand Magazin","description":"Herbstzeit ist K\u00fcrbiszeit im SalzburgerLand und im Salzburger Bauernherbst! Aus den herbstlichen Fr\u00fcchten lassen sich nicht nur herrliche, schmackhafte Gerichte zaubern, sondern auch fantasievolle Dekos und leuchtende Gruselgesichter herstellen. Freundlich grinsende Gesichter, gruselige Fratzen oder fantasievolle Muster \u2013 dem Ideenreichtum f\u00fcr stimmungsvoll beleuchtete K\u00fcrbisse sind keine Grenzen gesetzt. Und Halloween oder nicht \u2013 zum Herbst [&hellip;]","robots":{"index":"index","follow":"follow","max-snippet":"max-snippet:-1","max-image-preview":"max-image-preview:large","max-video-preview":"max-video-preview:-1"},"canonical":"https:\/\/www.salzburgerland.com\/de\/magazin\/kuerbisschnitzen-im-salzburgerland\/","og_locale":"de_DE","og_type":"article","og_title":"Leuchtende K\u00fcrbisgesichter","og_description":"Herbstzeit ist K\u00fcrbiszeit im SalzburgerLand und im Salzburger Bauernherbst! Aus den herbstlichen Fr\u00fcchten lassen sich nicht nur herrliche, schmackhafte Gerichte zaubern, sondern auch fantasievolle Dekos und leuchtende Gruselgesichter herstellen. Freundlich grinsende Gesichter, gruselige Fratzen oder fantasievolle Muster \u2013 dem Ideenreichtum f\u00fcr stimmungsvoll beleuchtete K\u00fcrbisse sind keine Grenzen gesetzt. Und Halloween oder nicht \u2013 zum Herbst [&hellip;]","og_url":"https:\/\/www.salzburgerland.com\/de\/magazin\/kuerbisschnitzen-im-salzburgerland\/","og_site_name":"SalzburgerLand Magazin","article_publisher":"https:\/\/www.facebook.com\/salzburgerland\/","article_published_time":"2017-09-22T08:00:22+00:00","article_modified_time":"2017-09-26T07:43:55+00:00","og_image":[{"width":1200,"height":803,"url":"https:\/\/www.salzburgerland.com\/de\/magazin\/wp-content\/uploads\/2016\/10\/Leuchtende-Kuerbisse.jpg","type":"image\/jpeg"}],"author":"Ulli Hammerl","twitter_card":"summary_large_image","twitter_creator":"@Salzburgerland","twitter_site":"@Salzburgerland","twitter_misc":{"Verfasst von":"Ulli Hammerl","Gesch\u00e4tzte Lesezeit":"2\u00a0Minuten"},"schema":{"@context":"https:\/\/schema.org","@graph":[{"@type":"Article","@id":"https:\/\/www.salzburgerland.com\/de\/magazin\/kuerbisschnitzen-im-salzburgerland\/#article","isPartOf":{"@id":"https:\/\/www.salzburgerland.com\/de\/magazin\/kuerbisschnitzen-im-salzburgerland\/"},"author":{"name":"Ulli Hammerl","@id":"https:\/\/www.salzburgerland.com\/de\/magazin\/#\/schema\/person\/a55a4fee1009b9e458d298480a18a9f7"},"headline":"Leuchtende K\u00fcrbisgesichter","datePublished":"2017-09-22T08:00:22+00:00","dateModified":"2017-09-26T07:43:55+00:00","mainEntityOfPage":{"@id":"https:\/\/www.salzburgerland.com\/de\/magazin\/kuerbisschnitzen-im-salzburgerland\/"},"wordCount":318,"commentCount":0,"publisher":{"@id":"https:\/\/www.salzburgerland.com\/de\/magazin\/#organization"},"image":{"@id":"https:\/\/www.salzburgerland.com\/de\/magazin\/kuerbisschnitzen-im-salzburgerland\/#primaryimage"},"thumbnailUrl":"https:\/\/www.salzburgerland.com\/de\/magazin\/wp-content\/uploads\/2016\/10\/Leuchtende-Kuerbisse.jpg","articleSection":["Lifestyle"],"inLanguage":"de","potentialAction":[{"@type":"CommentAction","name":"Comment","target":["https:\/\/www.salzburgerland.com\/de\/magazin\/kuerbisschnitzen-im-salzburgerland\/#respond"]}]},{"@type":"WebPage","@id":"https:\/\/www.salzburgerland.com\/de\/magazin\/kuerbisschnitzen-im-salzburgerland\/","url":"https:\/\/www.salzburgerland.com\/de\/magazin\/kuerbisschnitzen-im-salzburgerland\/","name":"Leuchtende K\u00fcrbisgesichter - SalzburgerLand Magazin","isPartOf":{"@id":"https:\/\/www.salzburgerland.com\/de\/magazin\/#website"},"primaryImageOfPage":{"@id":"https:\/\/www.salzburgerland.com\/de\/magazin\/kuerbisschnitzen-im-salzburgerland\/#primaryimage"},"image":{"@id":"https:\/\/www.salzburgerland.com\/de\/magazin\/kuerbisschnitzen-im-salzburgerland\/#primaryimage"},"thumbnailUrl":"https:\/\/www.salzburgerland.com\/de\/magazin\/wp-content\/uploads\/2016\/10\/Leuchtende-Kuerbisse.jpg","datePublished":"2017-09-22T08:00:22+00:00","dateModified":"2017-09-26T07:43:55+00:00","breadcrumb":{"@id":"https:\/\/www.salzburgerland.com\/de\/magazin\/kuerbisschnitzen-im-salzburgerland\/#breadcrumb"},"inLanguage":"de","potentialAction":[{"@type":"ReadAction","target":["https:\/\/www.salzburgerland.com\/de\/magazin\/kuerbisschnitzen-im-salzburgerland\/"]}]},{"@type":"ImageObject","inLanguage":"de","@id":"https:\/\/www.salzburgerland.com\/de\/magazin\/kuerbisschnitzen-im-salzburgerland\/#primaryimage","url":"https:\/\/www.salzburgerland.com\/de\/magazin\/wp-content\/uploads\/2016\/10\/Leuchtende-Kuerbisse.jpg","contentUrl":"https:\/\/www.salzburgerland.com\/de\/magazin\/wp-content\/uploads\/2016\/10\/Leuchtende-Kuerbisse.jpg","width":1200,"height":803,"caption":"Drei leuchtende Irrlichter mit verschiedenen geschnitzten Gesichtern stehen in einem dunklen, von innen beleuchteten Raum."},{"@type":"BreadcrumbList","@id":"https:\/\/www.salzburgerland.com\/de\/magazin\/kuerbisschnitzen-im-salzburgerland\/#breadcrumb","itemListElement":[{"@type":"ListItem","position":1,"name":"Startseite","item":"https:\/\/www.salzburgerland.com\/de\/magazin\/"},{"@type":"ListItem","position":2,"name":"Lifestyle","item":"https:\/\/www.salzburgerland.com\/de\/magazin\/thema\/lifestyle\/"},{"@type":"ListItem","position":3,"name":"Leuchtende K\u00fcrbisgesichter"}]},{"@type":"WebSite","@id":"https:\/\/www.salzburgerland.com\/de\/magazin\/#website","url":"https:\/\/www.salzburgerland.com\/de\/magazin\/","name":"SalzburgerLand Magazin","description":"Geschichten und Interessantes aus dem SalzburgerLand","publisher":{"@id":"https:\/\/www.salzburgerland.com\/de\/magazin\/#organization"},"potentialAction":[{"@type":"SearchAction","target":{"@type":"EntryPoint","urlTemplate":"https:\/\/www.salzburgerland.com\/de\/magazin\/?s={search_term_string}"},"query-input":{"@type":"PropertyValueSpecification","valueRequired":true,"valueName":"search_term_string"}}],"inLanguage":"de"},{"@type":"Organization","@id":"https:\/\/www.salzburgerland.com\/de\/magazin\/#organization","name":"SalzburgerLand Tourismus","url":"https:\/\/www.salzburgerland.com\/de\/magazin\/","logo":{"@type":"ImageObject","inLanguage":"de","@id":"https:\/\/www.salzburgerland.com\/de\/magazin\/#\/schema\/logo\/image\/","url":"https:\/\/www.salzburgerland.com\/de\/magazin\/wp-content\/uploads\/2019\/06\/salzburgerland-logo1.jpg","contentUrl":"https:\/\/www.salzburgerland.com\/de\/magazin\/wp-content\/uploads\/2019\/06\/salzburgerland-logo1.jpg","width":2011,"height":866,"caption":"SalzburgerLand Tourismus"},"image":{"@id":"https:\/\/www.salzburgerland.com\/de\/magazin\/#\/schema\/logo\/image\/"},"sameAs":["https:\/\/www.facebook.com\/salzburgerland\/","https:\/\/x.com\/Salzburgerland","https:\/\/www.instagram.com\/salzburgerland\/","https:\/\/at.linkedin.com\/company\/salzburgerland-tourismus-gmbh","https:\/\/www.pinterest.at\/salzburgerland\/","https:\/\/www.youtube.com\/user\/salzburgerland","https:\/\/de.wikipedia.org\/wiki\/SalzburgerLand_Tourismus_GmbH"]},{"@type":"Person","@id":"https:\/\/www.salzburgerland.com\/de\/magazin\/#\/schema\/person\/a55a4fee1009b9e458d298480a18a9f7","name":"Ulli Hammerl","description":"Geboren und aufgewachsen in der Stadt Salzburg war Ulli Hammerl fr\u00fch bewusst, in einer der sch\u00f6nsten St\u00e4dte der Welt zu leben. So ist sie auch w\u00e4hrend ihres Studiums der Kommunikationswissenschaft und \u00d6kologie ihrer Heimatstadt treu geblieben. Gleich nach dem Studium ist sie zu SalzburgerLand Tourismus (SLTG) gegangen und hat hier von 1998 - 2004 u.a. die SalzburgerLand Card betreut. Dabei ist sie viel herumgekommen, wodurch auch die Liebe zum SalzburgerLand enstanden und gewachsen ist. Nach der Geburt ihrer Tochter im September 2004 hat sich Ulli Hammerl 2007 mit einer Agentur selbst\u00e4ndig gemacht. Mein pers\u00f6nlicher Logenplatz: Hoch \u00fcber Salzburg, abseits der stark begangenen Wege mit Blick auf die D\u00e4cher und Kircht\u00fcrme der Stadt \u2013 hier geht mir das Herz auf! Morgen- oder Abendmensch: Ganz klar: Morgenmensch. Wenn um 5.00 Uhr fr\u00fch die V\u00f6gel zwitschern und rund herum noch alles in tiefer Ruhe versinkt, dann ist meine Zeit. Ausgeschlafen, Energie geladen und voller Tatendrang starte ich am liebsten in den fr\u00fchen Morgenstunden in den Tag. Daf\u00fcr kann man nach 21.00 Uhr nicht mehr mit mir rechnen. Buch oder Film: Es gibt nichts Sch\u00f6neres, als es sich am Ende des Tages auf der Couch gem\u00fctlich zu machen und in die Gedankenwelt eines guten Buches einzutauchen \u2013 Lesen ist Abenteuer im Kopf. Wandern, Spazierengehen oder Laufen: alles drei und zwar am besten jeden Tag. Mit ein bisschen Zeiteinteilung geht es sich tats\u00e4chlich fast gehen Tag aus, drau\u00dfen unterwegs zu sein. Fr\u00fchling, Sommer, Herbst oder Winter: Ich kann es im Fr\u00fchling kaum erwarten, die ersten Gr\u00fcnschattierungen in der Natur zu entdecken. Ich liebe hei\u00dfe Sommertage am See und laue Sommerabende am Balkon. Ich mag es, wenn im Herbst die W\u00e4lder in einem Meer aus Farben erstrahlen, Laubrascheln und Kastanien sammeln. Und ich freue mich wie ein Kind, wenn im Dezember die ersten Schneeflocken vom Himmel schweben. Die vier Jahreszeiten sind etwas Wunderbares.","url":"https:\/\/www.salzburgerland.com\/de\/magazin\/author\/ulli-hammerl\/"}]}},"_wl_alt_label":[],"wl:entity_url":"http:\/\/open.salzburgerland.com\/magazin\/post\/leuchtende_kuerbisgesichter","_links":{"self":[{"href":"https:\/\/www.salzburgerland.com\/de\/magazin\/wp-json\/wp\/v2\/posts\/110106","targetHints":{"allow":["GET"]}}],"collection":[{"href":"https:\/\/www.salzburgerland.com\/de\/magazin\/wp-json\/wp\/v2\/posts"}],"about":[{"href":"https:\/\/www.salzburgerland.com\/de\/magazin\/wp-json\/wp\/v2\/types\/post"}],"author":[{"embeddable":true,"href":"https:\/\/www.salzburgerland.com\/de\/magazin\/wp-json\/wp\/v2\/users\/90"}],"replies":[{"embeddable":true,"href":"https:\/\/www.salzburgerland.com\/de\/magazin\/wp-json\/wp\/v2\/comments?post=110106"}],"version-history":[{"count":0,"href":"https:\/\/www.salzburgerland.com\/de\/magazin\/wp-json\/wp\/v2\/posts\/110106\/revisions"}],"wp:featuredmedia":[{"embeddable":true,"href":"https:\/\/www.salzburgerland.com\/de\/magazin\/wp-json\/wp\/v2\/media\/110113"}],"wp:attachment":[{"href":"https:\/\/www.salzburgerland.com\/de\/magazin\/wp-json\/wp\/v2\/media?parent=110106"}],"wp:term":[{"taxonomy":"category","embeddable":true,"href":"https:\/\/www.salzburgerland.com\/de\/magazin\/wp-json\/wp\/v2\/categories?post=110106"},{"taxonomy":"post_tag","embeddable":true,"href":"https:\/\/www.salzburgerland.com\/de\/magazin\/wp-json\/wp\/v2\/tags?post=110106"},{"taxonomy":"wl_entity_type","embeddable":true,"href":"https:\/\/www.salzburgerland.com\/de\/magazin\/wp-json\/wp\/v2\/wl_entity_type?post=110106"},{"taxonomy":"monatsauswahl","embeddable":true,"href":"https:\/\/www.salzburgerland.com\/de\/magazin\/wp-json\/wp\/v2\/monatsauswahl?post=110106"}],"curies":[{"name":"wp","href":"https:\/\/api.w.org\/{rel}","templated":true}]}}