{"id":109901,"date":"2017-04-14T08:00:48","date_gmt":"2017-04-14T06:00:48","guid":{"rendered":"http:\/\/magazin.salzburgerland.com\/?p=109901"},"modified":"2023-06-22T08:43:19","modified_gmt":"2023-06-22T06:43:19","slug":"triathlon-camps-im-salzburgerland","status":"publish","type":"post","link":"https:\/\/www.salzburgerland.com\/de\/magazin\/triathlon-camps-im-salzburgerland\/","title":{"rendered":"Triathlon Camps im SalzburgerLand"},"content":{"rendered":"<p><strong>Es m\u00fcssen nicht immer Mallorca oder die Kanarischen Inseln sein: Wer sich auf die n\u00e4chste Triathlon Saison vorbereiten will, findet im SalzburgerLand M\u00f6glichkeiten, die mindestens ebenso viel Spielraum bieten wie die der Inseln \u2013 ganz ohne Reisestress!<\/strong><\/p>\n<h3>Das Trainingsareal vor der Haust\u00fcre<\/h3>\n<p>Willkommen bei mir daheim: Seen, Berge, Wanderwege und W\u00e4lder wohin das Auge reicht! Die Vielfalt in den Salzburger Alpen ist doppelt atemberaubend. Denn einerseits l\u00e4sst mich die Natur auch nach Jahren noch meinen Atem stocken und andererseits raubt mir die Umgebung beim Triathlontraining regelm\u00e4\u00dfig die Luft.<\/p>\n<p>Endlose Radausfahrten auf Bergp\u00e4sse, Schwimmtraining in den Naturseen und L\u00e4ufe durch den Wald sorgen f\u00fcr eine einzigartige Kombination direkt vor meiner Haust\u00fcre. Nicht nur als Triathlet f\u00fchlt man sich hier privilegiert.<\/p>\n<h3>Hohe Standards im SalzburgerLand<\/h3>\n<p>Die wundersch\u00f6ne Natur des SalzburgerLandes l\u00e4dt ein, um darin zu verweilen. Wer Triathleten etwas bieten will, muss aber auch in Sachen Service mit bekannten Trainings-Oasen im Ausland mithalten k\u00f6nnen.<\/p>\n<p>Infrastruktur und Unterk\u00fcnfte spielen neben dem Trainingsumfeld die wichtigste Rolle in der Entscheidung f\u00fcr ein Triathlon Camp. Wer will schon einen Schlagloch-Slalom oder eine Schlafentzugs-Einheit in den Trainingsplan aufnehmen?<\/p>\n<p>Als Austragungsst\u00e4tte der Ironman 70.3 Weltmeisterschaft 2015 hat Zell am See-Kaprun bewiesen, dass das SalzburgerLand zu den Elite-Regionen f\u00fcr den Sport z\u00e4hlt. Das beste daran: Auch in der Zeit nach dem Event stehen alle Abschnitte der Strecke f\u00fcr Schwimmeinheiten, Rennradausfahrten und L\u00e4ufe zur Verf\u00fcgung!<\/p>\n<div class=\"mag-gallery\"><div class=\"row\"><div class=\"col-6 col-sm-4\"><figure><a class=\"thumb-container\" href=\"https:\/\/www.salzburgerland.com\/de\/magazin\/wp-content\/uploads\/2016\/10\/Triathloncamp-Zell-am-See-2016-87-1280x1024.jpg\">\t<picture><source media=\"(min-width: 576px)\" srcset=\"https:\/\/www.salzburgerland.com\/de\/magazin\/wp-content\/uploads\/2016\/10\/Triathloncamp-Zell-am-See-2016-87-325x209.jpg 325w, https:\/\/www.salzburgerland.com\/de\/magazin\/wp-content\/uploads\/2016\/10\/Triathloncamp-Zell-am-See-2016-87-249x160.jpg 249w\" \/><source media=\"(min-width: 0)\" srcset=\"https:\/\/www.salzburgerland.com\/de\/magazin\/wp-content\/uploads\/2016\/10\/Triathloncamp-Zell-am-See-2016-87-249x160.jpg 249w, https:\/\/www.salzburgerland.com\/de\/magazin\/wp-content\/uploads\/2016\/10\/Triathloncamp-Zell-am-See-2016-87-325x209.jpg 325w\" \/><img decoding=\"async\" alt=\"Die Radfahrer fahren auf einem sonnigen Weg durch ein Bergtal mit schneebedeckten Gipfeln und gr\u00fcnen Feldern.\" src=\"https:\/\/www.salzburgerland.com\/de\/magazin\/wp-content\/uploads\/2016\/10\/Triathloncamp-Zell-am-See-2016-87.jpg\" \/>\t<\/picture><\/a><\/figure><\/div><div class=\"col-6 col-sm-4\"><figure><a class=\"thumb-container\" href=\"https:\/\/www.salzburgerland.com\/de\/magazin\/wp-content\/uploads\/2016\/10\/Triathloncamp-Zell-am-See-2016-92-1280x1024.jpg\">\t<picture><source media=\"(min-width: 576px)\" srcset=\"https:\/\/www.salzburgerland.com\/de\/magazin\/wp-content\/uploads\/2016\/10\/Triathloncamp-Zell-am-See-2016-92-325x209.jpg 325w, https:\/\/www.salzburgerland.com\/de\/magazin\/wp-content\/uploads\/2016\/10\/Triathloncamp-Zell-am-See-2016-92-249x160.jpg 249w\" \/><source media=\"(min-width: 0)\" srcset=\"https:\/\/www.salzburgerland.com\/de\/magazin\/wp-content\/uploads\/2016\/10\/Triathloncamp-Zell-am-See-2016-92-249x160.jpg 249w, https:\/\/www.salzburgerland.com\/de\/magazin\/wp-content\/uploads\/2016\/10\/Triathloncamp-Zell-am-See-2016-92-325x209.jpg 325w\" \/><img decoding=\"async\" alt=\"Radfahrer reihen sich auf einer Stra\u00dfe auf, w\u00e4hrend ein Instruktor vor einer Bergkulisse Anweisungen gibt.\" src=\"https:\/\/www.salzburgerland.com\/de\/magazin\/wp-content\/uploads\/2016\/10\/Triathloncamp-Zell-am-See-2016-92.jpg\" \/>\t<\/picture><\/a><\/figure><\/div><div class=\"col-6 col-sm-4\"><figure><a class=\"thumb-container\" href=\"https:\/\/www.salzburgerland.com\/de\/magazin\/wp-content\/uploads\/2016\/10\/Triathloncamp-Zell-am-See-2016-103-1280x1024.jpg\">\t<picture><source media=\"(min-width: 576px)\" srcset=\"https:\/\/www.salzburgerland.com\/de\/magazin\/wp-content\/uploads\/2016\/10\/Triathloncamp-Zell-am-See-2016-103-325x209.jpg 325w, https:\/\/www.salzburgerland.com\/de\/magazin\/wp-content\/uploads\/2016\/10\/Triathloncamp-Zell-am-See-2016-103-249x160.jpg 249w\" \/><source media=\"(min-width: 0)\" srcset=\"https:\/\/www.salzburgerland.com\/de\/magazin\/wp-content\/uploads\/2016\/10\/Triathloncamp-Zell-am-See-2016-103-249x160.jpg 249w, https:\/\/www.salzburgerland.com\/de\/magazin\/wp-content\/uploads\/2016\/10\/Triathloncamp-Zell-am-See-2016-103-325x209.jpg 325w\" \/><img decoding=\"async\" alt=\"Eine Gruppe von Radfahrern f\u00e4hrt auf einem gepflasterten Weg im Freien, umgeben von Gr\u00fcn und Bergen.\" src=\"https:\/\/www.salzburgerland.com\/de\/magazin\/wp-content\/uploads\/2016\/10\/Triathloncamp-Zell-am-See-2016-103.jpg\" \/>\t<\/picture><\/a><\/figure><\/div><div class=\"col-6 col-sm-4\"><figure><a class=\"thumb-container\" href=\"https:\/\/www.salzburgerland.com\/de\/magazin\/wp-content\/uploads\/2016\/10\/Triathloncamp-Zell-am-See-2016-106-1280x1024.jpg\">\t<picture><source media=\"(min-width: 576px)\" srcset=\"https:\/\/www.salzburgerland.com\/de\/magazin\/wp-content\/uploads\/2016\/10\/Triathloncamp-Zell-am-See-2016-106-325x209.jpg 325w, https:\/\/www.salzburgerland.com\/de\/magazin\/wp-content\/uploads\/2016\/10\/Triathloncamp-Zell-am-See-2016-106-249x160.jpg 249w\" \/><source media=\"(min-width: 0)\" srcset=\"https:\/\/www.salzburgerland.com\/de\/magazin\/wp-content\/uploads\/2016\/10\/Triathloncamp-Zell-am-See-2016-106-249x160.jpg 249w, https:\/\/www.salzburgerland.com\/de\/magazin\/wp-content\/uploads\/2016\/10\/Triathloncamp-Zell-am-See-2016-106-325x209.jpg 325w\" \/><img decoding=\"async\" alt=\"Menschen joggen auf einem sonnenbeschienenen Weg, umgeben von B\u00e4umen und Gras, mit Bergen und Stromleitungen im Hintergrund.\" src=\"https:\/\/www.salzburgerland.com\/de\/magazin\/wp-content\/uploads\/2016\/10\/Triathloncamp-Zell-am-See-2016-106.jpg\" \/>\t<\/picture><\/a><\/figure><\/div><div class=\"col-6 col-sm-4\"><figure><a class=\"thumb-container\" href=\"https:\/\/www.salzburgerland.com\/de\/magazin\/wp-content\/uploads\/2016\/10\/Triathloncamp-Zell-am-See-2016-118-1280x1024.jpg\">\t<picture><source media=\"(min-width: 576px)\" srcset=\"https:\/\/www.salzburgerland.com\/de\/magazin\/wp-content\/uploads\/2016\/10\/Triathloncamp-Zell-am-See-2016-118-325x209.jpg 325w, https:\/\/www.salzburgerland.com\/de\/magazin\/wp-content\/uploads\/2016\/10\/Triathloncamp-Zell-am-See-2016-118-249x160.jpg 249w\" \/><source media=\"(min-width: 0)\" srcset=\"https:\/\/www.salzburgerland.com\/de\/magazin\/wp-content\/uploads\/2016\/10\/Triathloncamp-Zell-am-See-2016-118-249x160.jpg 249w, https:\/\/www.salzburgerland.com\/de\/magazin\/wp-content\/uploads\/2016\/10\/Triathloncamp-Zell-am-See-2016-118-325x209.jpg 325w\" \/><img decoding=\"async\" alt=\"Eine Frau in Triathlonkleidung zieht w\u00e4hrend eines Rennens in der Wechselzone neben den Fahrr\u00e4dern die Schuhe an.\" src=\"https:\/\/www.salzburgerland.com\/de\/magazin\/wp-content\/uploads\/2016\/10\/Triathloncamp-Zell-am-See-2016-118.jpg\" \/>\t<\/picture><\/a><\/figure><\/div><div class=\"col-6 col-sm-4\"><figure><a class=\"thumb-container\" href=\"https:\/\/www.salzburgerland.com\/de\/magazin\/wp-content\/uploads\/2016\/10\/Triathloncamp-Zell-am-See-2016-125-1280x1024.jpg\">\t<picture><source media=\"(min-width: 576px)\" srcset=\"https:\/\/www.salzburgerland.com\/de\/magazin\/wp-content\/uploads\/2016\/10\/Triathloncamp-Zell-am-See-2016-125-325x209.jpg 325w, https:\/\/www.salzburgerland.com\/de\/magazin\/wp-content\/uploads\/2016\/10\/Triathloncamp-Zell-am-See-2016-125-249x160.jpg 249w\" \/><source media=\"(min-width: 0)\" srcset=\"https:\/\/www.salzburgerland.com\/de\/magazin\/wp-content\/uploads\/2016\/10\/Triathloncamp-Zell-am-See-2016-125-249x160.jpg 249w, https:\/\/www.salzburgerland.com\/de\/magazin\/wp-content\/uploads\/2016\/10\/Triathloncamp-Zell-am-See-2016-125-325x209.jpg 325w\" \/><img decoding=\"async\" alt=\"Zwei Schwimmer in einem See mit Bergen, einem Hotel und einer wei\u00dfen Flagge im Hintergrund an einem sonnigen Tag.\" src=\"https:\/\/www.salzburgerland.com\/de\/magazin\/wp-content\/uploads\/2016\/10\/Triathloncamp-Zell-am-See-2016-125.jpg\" \/>\t<\/picture><\/a><\/figure><\/div><\/div><\/div><figcaption><\/figcaption>\n<h3>Auf den Spuren der Profis<\/h3>\n<p>Wer will, begibt sich also in die Spuren der Profis und erlebt das SalzburgerLand aus v\u00f6llig neuen Perspektiven. Als Ausgangspunkt daf\u00fcr eignet sich das <a href=\"http:\/\/www.tauernspakaprun.com\/de\" target=\"_blank\" rel=\"noopener\">Tauern Spa Kaprun<\/a>, die Top-Adresse f\u00fcr Triathleten.<\/p>\n<p>Mit 25 Meter Pool, Massagen oder voll ausgestatteten Fitnessr\u00e4umen finden Multisportler hier alles an einem Ort; inklusive der Annehmlichkeiten, die ein Vier-Sterne Sporthotel in \u00d6sterreich mit sich bringt.<\/p>\n<p>Wer sich davon selbst \u00fcberzeugen m\u00f6chte hat von <strong>11. bis 14. Mai 2017<\/strong> das n\u00e4chste Mal die Gelegenheit dazu. Das Sportalpen Triathlon Trainingscamp l\u00e4dt Einsteiger und Fortgeschrittene ein, Sport, Spa\u00df und Genuss in der Heimat zu erleben. Alle weiteren Infos unter <a href=\"http:\/\/www.sportalpen.com\/trainingscamp\/triathloncamp\" target=\"_blank\" rel=\"noopener\">www.sportalpen.com<\/a>.<\/p>\n<p>Fotos &nbsp;\u00a9 Sportalpen.com<\/p>\n","protected":false},"excerpt":{"rendered":"<p>Es m\u00fcssen nicht immer Mallorca oder die Kanarischen Inseln sein: Wer sich auf die n\u00e4chste Triathlon Saison vorbereiten will, findet im SalzburgerLand M\u00f6glichkeiten, die mindestens ebenso viel Spielraum bieten wie die der Inseln \u2013 ganz ohne Reisestress! Das Trainingsareal vor der Haust\u00fcre Willkommen bei mir daheim: Seen, Berge, Wanderwege und W\u00e4lder wohin das Auge reicht! [&hellip;]<\/p>\n","protected":false},"author":523,"featured_media":109912,"comment_status":"open","ping_status":"open","sticky":false,"template":"","format":"standard","meta":{"_acf_changed":false,"wl_entities_gutenberg":"","_wl_entity_redirect_enabled":"","footnotes":""},"categories":[7551],"tags":[],"wl_entity_type":[306],"monatsauswahl":[86],"class_list":["post-109901","post","type-post","status-publish","format-standard","has-post-thumbnail","hentry","category-archiv","wl_entity_type-article","monatsauswahl-monat_5"],"acf":[],"yoast_head":"<!-- This site is optimized with the Yoast SEO Premium plugin v27.4 (Yoast SEO v27.4) - https:\/\/yoast.com\/product\/yoast-seo-premium-wordpress\/ -->\n<title>Triathlon Camps im SalzburgerLand - SalzburgerLand Magazin<\/title>\n<meta name=\"description\" content=\"Es m\u00fcssen nicht immer Mallorca oder die Kanarischen Inseln sein: Wer sich auf die n\u00e4chste Triathlon Saison vorbereiten will, findet im SalzburgerLand M\u00f6glichkeiten, die mindestens ebenso viel Spielraum bieten wie die der Inseln \u2013 ganz ohne Reisestress! Das Trainingsareal vor der Haust\u00fcre Willkommen bei mir daheim: Seen, Berge, Wanderwege und W\u00e4lder wohin das Auge reicht! [&hellip;]\" \/>\n<meta name=\"robots\" content=\"noindex, nofollow\" \/>\n<meta property=\"og:locale\" content=\"de_DE\" \/>\n<meta property=\"og:type\" content=\"article\" \/>\n<meta property=\"og:title\" content=\"Triathlon Camps im SalzburgerLand\" \/>\n<meta property=\"og:description\" content=\"Es m\u00fcssen nicht immer Mallorca oder die Kanarischen Inseln sein: Wer sich auf die n\u00e4chste Triathlon Saison vorbereiten will, findet im SalzburgerLand M\u00f6glichkeiten, die mindestens ebenso viel Spielraum bieten wie die der Inseln \u2013 ganz ohne Reisestress! Das Trainingsareal vor der Haust\u00fcre Willkommen bei mir daheim: Seen, Berge, Wanderwege und W\u00e4lder wohin das Auge reicht! [&hellip;]\" \/>\n<meta property=\"og:url\" content=\"https:\/\/www.salzburgerland.com\/de\/magazin\/triathlon-camps-im-salzburgerland\/\" \/>\n<meta property=\"og:site_name\" content=\"SalzburgerLand Magazin\" \/>\n<meta property=\"article:publisher\" content=\"https:\/\/www.facebook.com\/salzburgerland\/\" \/>\n<meta property=\"article:author\" content=\"https:\/\/www.facebook.com\/CorSchierl\" \/>\n<meta property=\"article:published_time\" content=\"2017-04-14T06:00:48+00:00\" \/>\n<meta property=\"article:modified_time\" content=\"2023-06-22T06:43:19+00:00\" \/>\n<meta property=\"og:image\" content=\"https:\/\/www.salzburgerland.com\/de\/magazin\/wp-content\/uploads\/2016\/10\/Triathloncamp-Zell-am-See-2016-87.jpg\" \/>\n\t<meta property=\"og:image:width\" content=\"1600\" \/>\n\t<meta property=\"og:image:height\" content=\"1067\" \/>\n\t<meta property=\"og:image:type\" content=\"image\/jpeg\" \/>\n<meta name=\"author\" content=\"Cornelia Schierl\" \/>\n<meta name=\"twitter:card\" content=\"summary_large_image\" \/>\n<meta name=\"twitter:creator\" content=\"@https:\/\/twitter.com\/corneliaschierl\" \/>\n<meta name=\"twitter:site\" content=\"@Salzburgerland\" \/>\n<meta name=\"twitter:label1\" content=\"Verfasst von\" \/>\n\t<meta name=\"twitter:data1\" content=\"Cornelia Schierl\" \/>\n\t<meta name=\"twitter:label2\" content=\"Gesch\u00e4tzte Lesezeit\" \/>\n\t<meta name=\"twitter:data2\" content=\"2\u00a0Minuten\" \/>\n<script type=\"application\/ld+json\" class=\"yoast-schema-graph\">{\"@context\":\"https:\\\/\\\/schema.org\",\"@graph\":[{\"@type\":\"Article\",\"@id\":\"https:\\\/\\\/www.salzburgerland.com\\\/de\\\/magazin\\\/triathlon-camps-im-salzburgerland\\\/#article\",\"isPartOf\":{\"@id\":\"https:\\\/\\\/www.salzburgerland.com\\\/de\\\/magazin\\\/triathlon-camps-im-salzburgerland\\\/\"},\"author\":{\"name\":\"Cornelia Schierl\",\"@id\":\"https:\\\/\\\/www.salzburgerland.com\\\/de\\\/magazin\\\/#\\\/schema\\\/person\\\/7f07bc78e806225f527c12f58835c9b6\"},\"headline\":\"Triathlon Camps im SalzburgerLand\",\"datePublished\":\"2017-04-14T06:00:48+00:00\",\"dateModified\":\"2023-06-22T06:43:19+00:00\",\"mainEntityOfPage\":{\"@id\":\"https:\\\/\\\/www.salzburgerland.com\\\/de\\\/magazin\\\/triathlon-camps-im-salzburgerland\\\/\"},\"wordCount\":366,\"commentCount\":0,\"publisher\":{\"@id\":\"https:\\\/\\\/www.salzburgerland.com\\\/de\\\/magazin\\\/#organization\"},\"image\":{\"@id\":\"https:\\\/\\\/www.salzburgerland.com\\\/de\\\/magazin\\\/triathlon-camps-im-salzburgerland\\\/#primaryimage\"},\"thumbnailUrl\":\"https:\\\/\\\/www.salzburgerland.com\\\/de\\\/magazin\\\/wp-content\\\/uploads\\\/2016\\\/10\\\/Triathloncamp-Zell-am-See-2016-87.jpg\",\"articleSection\":[\"Archiv\"],\"inLanguage\":\"de\",\"potentialAction\":[{\"@type\":\"CommentAction\",\"name\":\"Comment\",\"target\":[\"https:\\\/\\\/www.salzburgerland.com\\\/de\\\/magazin\\\/triathlon-camps-im-salzburgerland\\\/#respond\"]}]},{\"@type\":\"WebPage\",\"@id\":\"https:\\\/\\\/www.salzburgerland.com\\\/de\\\/magazin\\\/triathlon-camps-im-salzburgerland\\\/\",\"url\":\"https:\\\/\\\/www.salzburgerland.com\\\/de\\\/magazin\\\/triathlon-camps-im-salzburgerland\\\/\",\"name\":\"Triathlon Camps im SalzburgerLand - SalzburgerLand Magazin\",\"isPartOf\":{\"@id\":\"https:\\\/\\\/www.salzburgerland.com\\\/de\\\/magazin\\\/#website\"},\"primaryImageOfPage\":{\"@id\":\"https:\\\/\\\/www.salzburgerland.com\\\/de\\\/magazin\\\/triathlon-camps-im-salzburgerland\\\/#primaryimage\"},\"image\":{\"@id\":\"https:\\\/\\\/www.salzburgerland.com\\\/de\\\/magazin\\\/triathlon-camps-im-salzburgerland\\\/#primaryimage\"},\"thumbnailUrl\":\"https:\\\/\\\/www.salzburgerland.com\\\/de\\\/magazin\\\/wp-content\\\/uploads\\\/2016\\\/10\\\/Triathloncamp-Zell-am-See-2016-87.jpg\",\"datePublished\":\"2017-04-14T06:00:48+00:00\",\"dateModified\":\"2023-06-22T06:43:19+00:00\",\"breadcrumb\":{\"@id\":\"https:\\\/\\\/www.salzburgerland.com\\\/de\\\/magazin\\\/triathlon-camps-im-salzburgerland\\\/#breadcrumb\"},\"inLanguage\":\"de\",\"potentialAction\":[{\"@type\":\"ReadAction\",\"target\":[\"https:\\\/\\\/www.salzburgerland.com\\\/de\\\/magazin\\\/triathlon-camps-im-salzburgerland\\\/\"]}]},{\"@type\":\"ImageObject\",\"inLanguage\":\"de\",\"@id\":\"https:\\\/\\\/www.salzburgerland.com\\\/de\\\/magazin\\\/triathlon-camps-im-salzburgerland\\\/#primaryimage\",\"url\":\"https:\\\/\\\/www.salzburgerland.com\\\/de\\\/magazin\\\/wp-content\\\/uploads\\\/2016\\\/10\\\/Triathloncamp-Zell-am-See-2016-87.jpg\",\"contentUrl\":\"https:\\\/\\\/www.salzburgerland.com\\\/de\\\/magazin\\\/wp-content\\\/uploads\\\/2016\\\/10\\\/Triathloncamp-Zell-am-See-2016-87.jpg\",\"width\":1600,\"height\":1067,\"caption\":\"Die Radfahrer fahren auf einem sonnigen Weg durch ein Bergtal mit schneebedeckten Gipfeln und gr\u00fcnen Feldern.\"},{\"@type\":\"BreadcrumbList\",\"@id\":\"https:\\\/\\\/www.salzburgerland.com\\\/de\\\/magazin\\\/triathlon-camps-im-salzburgerland\\\/#breadcrumb\",\"itemListElement\":[{\"@type\":\"ListItem\",\"position\":1,\"name\":\"Startseite\",\"item\":\"https:\\\/\\\/www.salzburgerland.com\\\/de\\\/magazin\\\/\"},{\"@type\":\"ListItem\",\"position\":2,\"name\":\"Archiv\",\"item\":\"https:\\\/\\\/www.salzburgerland.com\\\/de\\\/magazin\\\/thema\\\/archiv\\\/\"},{\"@type\":\"ListItem\",\"position\":3,\"name\":\"Triathlon Camps im SalzburgerLand\"}]},{\"@type\":\"WebSite\",\"@id\":\"https:\\\/\\\/www.salzburgerland.com\\\/de\\\/magazin\\\/#website\",\"url\":\"https:\\\/\\\/www.salzburgerland.com\\\/de\\\/magazin\\\/\",\"name\":\"SalzburgerLand Magazin\",\"description\":\"Geschichten und Interessantes aus dem SalzburgerLand\",\"publisher\":{\"@id\":\"https:\\\/\\\/www.salzburgerland.com\\\/de\\\/magazin\\\/#organization\"},\"potentialAction\":[{\"@type\":\"SearchAction\",\"target\":{\"@type\":\"EntryPoint\",\"urlTemplate\":\"https:\\\/\\\/www.salzburgerland.com\\\/de\\\/magazin\\\/?s={search_term_string}\"},\"query-input\":{\"@type\":\"PropertyValueSpecification\",\"valueRequired\":true,\"valueName\":\"search_term_string\"}}],\"inLanguage\":\"de\"},{\"@type\":\"Organization\",\"@id\":\"https:\\\/\\\/www.salzburgerland.com\\\/de\\\/magazin\\\/#organization\",\"name\":\"SalzburgerLand Tourismus\",\"url\":\"https:\\\/\\\/www.salzburgerland.com\\\/de\\\/magazin\\\/\",\"logo\":{\"@type\":\"ImageObject\",\"inLanguage\":\"de\",\"@id\":\"https:\\\/\\\/www.salzburgerland.com\\\/de\\\/magazin\\\/#\\\/schema\\\/logo\\\/image\\\/\",\"url\":\"https:\\\/\\\/www.salzburgerland.com\\\/de\\\/magazin\\\/wp-content\\\/uploads\\\/2019\\\/06\\\/salzburgerland-logo1.jpg\",\"contentUrl\":\"https:\\\/\\\/www.salzburgerland.com\\\/de\\\/magazin\\\/wp-content\\\/uploads\\\/2019\\\/06\\\/salzburgerland-logo1.jpg\",\"width\":2011,\"height\":866,\"caption\":\"SalzburgerLand Tourismus\"},\"image\":{\"@id\":\"https:\\\/\\\/www.salzburgerland.com\\\/de\\\/magazin\\\/#\\\/schema\\\/logo\\\/image\\\/\"},\"sameAs\":[\"https:\\\/\\\/www.facebook.com\\\/salzburgerland\\\/\",\"https:\\\/\\\/x.com\\\/Salzburgerland\",\"https:\\\/\\\/www.instagram.com\\\/salzburgerland\\\/\",\"https:\\\/\\\/at.linkedin.com\\\/company\\\/salzburgerland-tourismus-gmbh\",\"https:\\\/\\\/www.pinterest.at\\\/salzburgerland\\\/\",\"https:\\\/\\\/www.youtube.com\\\/user\\\/salzburgerland\",\"https:\\\/\\\/de.wikipedia.org\\\/wiki\\\/SalzburgerLand_Tourismus_GmbH\"]},{\"@type\":\"Person\",\"@id\":\"https:\\\/\\\/www.salzburgerland.com\\\/de\\\/magazin\\\/#\\\/schema\\\/person\\\/7f07bc78e806225f527c12f58835c9b6\",\"name\":\"Cornelia Schierl\",\"description\":\"Cornelia Schierl ist sportbegeisterte Vollbluttouristikerin. Sie bereichtet von Geheimtipps, interessante Pers\u00f6nlichkeiten, Tradition und Sport.\u00a0\",\"sameAs\":[\"http:\\\/\\\/www.sportalpen-marketing.at\",\"https:\\\/\\\/www.facebook.com\\\/CorSchierl\",\"https:\\\/\\\/x.com\\\/https:\\\/\\\/twitter.com\\\/corneliaschierl\"],\"url\":\"https:\\\/\\\/www.salzburgerland.com\\\/de\\\/magazin\\\/author\\\/cornelia-schierl\\\/\"}]}<\/script>\n<!-- \/ Yoast SEO Premium plugin. -->","yoast_head_json":{"title":"Triathlon Camps im SalzburgerLand - SalzburgerLand Magazin","description":"Es m\u00fcssen nicht immer Mallorca oder die Kanarischen Inseln sein: Wer sich auf die n\u00e4chste Triathlon Saison vorbereiten will, findet im SalzburgerLand M\u00f6glichkeiten, die mindestens ebenso viel Spielraum bieten wie die der Inseln \u2013 ganz ohne Reisestress! Das Trainingsareal vor der Haust\u00fcre Willkommen bei mir daheim: Seen, Berge, Wanderwege und W\u00e4lder wohin das Auge reicht! [&hellip;]","robots":{"index":"noindex","follow":"nofollow"},"og_locale":"de_DE","og_type":"article","og_title":"Triathlon Camps im SalzburgerLand","og_description":"Es m\u00fcssen nicht immer Mallorca oder die Kanarischen Inseln sein: Wer sich auf die n\u00e4chste Triathlon Saison vorbereiten will, findet im SalzburgerLand M\u00f6glichkeiten, die mindestens ebenso viel Spielraum bieten wie die der Inseln \u2013 ganz ohne Reisestress! Das Trainingsareal vor der Haust\u00fcre Willkommen bei mir daheim: Seen, Berge, Wanderwege und W\u00e4lder wohin das Auge reicht! [&hellip;]","og_url":"https:\/\/www.salzburgerland.com\/de\/magazin\/triathlon-camps-im-salzburgerland\/","og_site_name":"SalzburgerLand Magazin","article_publisher":"https:\/\/www.facebook.com\/salzburgerland\/","article_author":"https:\/\/www.facebook.com\/CorSchierl","article_published_time":"2017-04-14T06:00:48+00:00","article_modified_time":"2023-06-22T06:43:19+00:00","og_image":[{"width":1600,"height":1067,"url":"https:\/\/www.salzburgerland.com\/de\/magazin\/wp-content\/uploads\/2016\/10\/Triathloncamp-Zell-am-See-2016-87.jpg","type":"image\/jpeg"}],"author":"Cornelia Schierl","twitter_card":"summary_large_image","twitter_creator":"@https:\/\/twitter.com\/corneliaschierl","twitter_site":"@Salzburgerland","twitter_misc":{"Verfasst von":"Cornelia Schierl","Gesch\u00e4tzte Lesezeit":"2\u00a0Minuten"},"schema":{"@context":"https:\/\/schema.org","@graph":[{"@type":"Article","@id":"https:\/\/www.salzburgerland.com\/de\/magazin\/triathlon-camps-im-salzburgerland\/#article","isPartOf":{"@id":"https:\/\/www.salzburgerland.com\/de\/magazin\/triathlon-camps-im-salzburgerland\/"},"author":{"name":"Cornelia Schierl","@id":"https:\/\/www.salzburgerland.com\/de\/magazin\/#\/schema\/person\/7f07bc78e806225f527c12f58835c9b6"},"headline":"Triathlon Camps im SalzburgerLand","datePublished":"2017-04-14T06:00:48+00:00","dateModified":"2023-06-22T06:43:19+00:00","mainEntityOfPage":{"@id":"https:\/\/www.salzburgerland.com\/de\/magazin\/triathlon-camps-im-salzburgerland\/"},"wordCount":366,"commentCount":0,"publisher":{"@id":"https:\/\/www.salzburgerland.com\/de\/magazin\/#organization"},"image":{"@id":"https:\/\/www.salzburgerland.com\/de\/magazin\/triathlon-camps-im-salzburgerland\/#primaryimage"},"thumbnailUrl":"https:\/\/www.salzburgerland.com\/de\/magazin\/wp-content\/uploads\/2016\/10\/Triathloncamp-Zell-am-See-2016-87.jpg","articleSection":["Archiv"],"inLanguage":"de","potentialAction":[{"@type":"CommentAction","name":"Comment","target":["https:\/\/www.salzburgerland.com\/de\/magazin\/triathlon-camps-im-salzburgerland\/#respond"]}]},{"@type":"WebPage","@id":"https:\/\/www.salzburgerland.com\/de\/magazin\/triathlon-camps-im-salzburgerland\/","url":"https:\/\/www.salzburgerland.com\/de\/magazin\/triathlon-camps-im-salzburgerland\/","name":"Triathlon Camps im SalzburgerLand - SalzburgerLand Magazin","isPartOf":{"@id":"https:\/\/www.salzburgerland.com\/de\/magazin\/#website"},"primaryImageOfPage":{"@id":"https:\/\/www.salzburgerland.com\/de\/magazin\/triathlon-camps-im-salzburgerland\/#primaryimage"},"image":{"@id":"https:\/\/www.salzburgerland.com\/de\/magazin\/triathlon-camps-im-salzburgerland\/#primaryimage"},"thumbnailUrl":"https:\/\/www.salzburgerland.com\/de\/magazin\/wp-content\/uploads\/2016\/10\/Triathloncamp-Zell-am-See-2016-87.jpg","datePublished":"2017-04-14T06:00:48+00:00","dateModified":"2023-06-22T06:43:19+00:00","breadcrumb":{"@id":"https:\/\/www.salzburgerland.com\/de\/magazin\/triathlon-camps-im-salzburgerland\/#breadcrumb"},"inLanguage":"de","potentialAction":[{"@type":"ReadAction","target":["https:\/\/www.salzburgerland.com\/de\/magazin\/triathlon-camps-im-salzburgerland\/"]}]},{"@type":"ImageObject","inLanguage":"de","@id":"https:\/\/www.salzburgerland.com\/de\/magazin\/triathlon-camps-im-salzburgerland\/#primaryimage","url":"https:\/\/www.salzburgerland.com\/de\/magazin\/wp-content\/uploads\/2016\/10\/Triathloncamp-Zell-am-See-2016-87.jpg","contentUrl":"https:\/\/www.salzburgerland.com\/de\/magazin\/wp-content\/uploads\/2016\/10\/Triathloncamp-Zell-am-See-2016-87.jpg","width":1600,"height":1067,"caption":"Die Radfahrer fahren auf einem sonnigen Weg durch ein Bergtal mit schneebedeckten Gipfeln und gr\u00fcnen Feldern."},{"@type":"BreadcrumbList","@id":"https:\/\/www.salzburgerland.com\/de\/magazin\/triathlon-camps-im-salzburgerland\/#breadcrumb","itemListElement":[{"@type":"ListItem","position":1,"name":"Startseite","item":"https:\/\/www.salzburgerland.com\/de\/magazin\/"},{"@type":"ListItem","position":2,"name":"Archiv","item":"https:\/\/www.salzburgerland.com\/de\/magazin\/thema\/archiv\/"},{"@type":"ListItem","position":3,"name":"Triathlon Camps im SalzburgerLand"}]},{"@type":"WebSite","@id":"https:\/\/www.salzburgerland.com\/de\/magazin\/#website","url":"https:\/\/www.salzburgerland.com\/de\/magazin\/","name":"SalzburgerLand Magazin","description":"Geschichten und Interessantes aus dem SalzburgerLand","publisher":{"@id":"https:\/\/www.salzburgerland.com\/de\/magazin\/#organization"},"potentialAction":[{"@type":"SearchAction","target":{"@type":"EntryPoint","urlTemplate":"https:\/\/www.salzburgerland.com\/de\/magazin\/?s={search_term_string}"},"query-input":{"@type":"PropertyValueSpecification","valueRequired":true,"valueName":"search_term_string"}}],"inLanguage":"de"},{"@type":"Organization","@id":"https:\/\/www.salzburgerland.com\/de\/magazin\/#organization","name":"SalzburgerLand Tourismus","url":"https:\/\/www.salzburgerland.com\/de\/magazin\/","logo":{"@type":"ImageObject","inLanguage":"de","@id":"https:\/\/www.salzburgerland.com\/de\/magazin\/#\/schema\/logo\/image\/","url":"https:\/\/www.salzburgerland.com\/de\/magazin\/wp-content\/uploads\/2019\/06\/salzburgerland-logo1.jpg","contentUrl":"https:\/\/www.salzburgerland.com\/de\/magazin\/wp-content\/uploads\/2019\/06\/salzburgerland-logo1.jpg","width":2011,"height":866,"caption":"SalzburgerLand Tourismus"},"image":{"@id":"https:\/\/www.salzburgerland.com\/de\/magazin\/#\/schema\/logo\/image\/"},"sameAs":["https:\/\/www.facebook.com\/salzburgerland\/","https:\/\/x.com\/Salzburgerland","https:\/\/www.instagram.com\/salzburgerland\/","https:\/\/at.linkedin.com\/company\/salzburgerland-tourismus-gmbh","https:\/\/www.pinterest.at\/salzburgerland\/","https:\/\/www.youtube.com\/user\/salzburgerland","https:\/\/de.wikipedia.org\/wiki\/SalzburgerLand_Tourismus_GmbH"]},{"@type":"Person","@id":"https:\/\/www.salzburgerland.com\/de\/magazin\/#\/schema\/person\/7f07bc78e806225f527c12f58835c9b6","name":"Cornelia Schierl","description":"Cornelia Schierl ist sportbegeisterte Vollbluttouristikerin. Sie bereichtet von Geheimtipps, interessante Pers\u00f6nlichkeiten, Tradition und Sport.\u00a0","sameAs":["http:\/\/www.sportalpen-marketing.at","https:\/\/www.facebook.com\/CorSchierl","https:\/\/x.com\/https:\/\/twitter.com\/corneliaschierl"],"url":"https:\/\/www.salzburgerland.com\/de\/magazin\/author\/cornelia-schierl\/"}]}},"_wl_alt_label":[],"wl:entity_url":"http:\/\/open.salzburgerland.com\/magazin\/post\/triathlon_camps_im_salzburgerland","_links":{"self":[{"href":"https:\/\/www.salzburgerland.com\/de\/magazin\/wp-json\/wp\/v2\/posts\/109901","targetHints":{"allow":["GET"]}}],"collection":[{"href":"https:\/\/www.salzburgerland.com\/de\/magazin\/wp-json\/wp\/v2\/posts"}],"about":[{"href":"https:\/\/www.salzburgerland.com\/de\/magazin\/wp-json\/wp\/v2\/types\/post"}],"author":[{"embeddable":true,"href":"https:\/\/www.salzburgerland.com\/de\/magazin\/wp-json\/wp\/v2\/users\/523"}],"replies":[{"embeddable":true,"href":"https:\/\/www.salzburgerland.com\/de\/magazin\/wp-json\/wp\/v2\/comments?post=109901"}],"version-history":[{"count":1,"href":"https:\/\/www.salzburgerland.com\/de\/magazin\/wp-json\/wp\/v2\/posts\/109901\/revisions"}],"predecessor-version":[{"id":168992,"href":"https:\/\/www.salzburgerland.com\/de\/magazin\/wp-json\/wp\/v2\/posts\/109901\/revisions\/168992"}],"wp:featuredmedia":[{"embeddable":true,"href":"https:\/\/www.salzburgerland.com\/de\/magazin\/wp-json\/wp\/v2\/media\/109912"}],"wp:attachment":[{"href":"https:\/\/www.salzburgerland.com\/de\/magazin\/wp-json\/wp\/v2\/media?parent=109901"}],"wp:term":[{"taxonomy":"category","embeddable":true,"href":"https:\/\/www.salzburgerland.com\/de\/magazin\/wp-json\/wp\/v2\/categories?post=109901"},{"taxonomy":"post_tag","embeddable":true,"href":"https:\/\/www.salzburgerland.com\/de\/magazin\/wp-json\/wp\/v2\/tags?post=109901"},{"taxonomy":"wl_entity_type","embeddable":true,"href":"https:\/\/www.salzburgerland.com\/de\/magazin\/wp-json\/wp\/v2\/wl_entity_type?post=109901"},{"taxonomy":"monatsauswahl","embeddable":true,"href":"https:\/\/www.salzburgerland.com\/de\/magazin\/wp-json\/wp\/v2\/monatsauswahl?post=109901"}],"curies":[{"name":"wp","href":"https:\/\/api.w.org\/{rel}","templated":true}]}}