{"id":109883,"date":"2016-11-08T18:00:17","date_gmt":"2016-11-08T17:00:17","guid":{"rendered":"http:\/\/magazin.salzburgerland.com\/?p=109883"},"modified":"2016-11-08T16:23:24","modified_gmt":"2016-11-08T15:23:24","slug":"die-kasmandln-gehen-um","status":"publish","type":"post","link":"https:\/\/www.salzburgerland.com\/de\/magazin\/die-kasmandln-gehen-um\/","title":{"rendered":"Die Kasmandln gehen um"},"content":{"rendered":"<p><strong>Wenn die Menschen des Lungaus zu Martini ihren Bergh\u00fctten nach einem langen Sommer endg\u00fcltig den R\u00fccken zukehren, \u00fcbernehmen die Kasmandln wieder die Kontrolle \u00fcber die Almen. Hier trotzen sie dem klirrend kalten Winter der Berge und machen es sich in den Behausungen der Menschen gem\u00fctlich. So erz\u00e4hlen es sich die Bauern und Senner der Region seit vielen Hunderten von Jahren. Dass die kleinen, geisterhaften Wesen dabei alles andere als ungebetene G\u00e4ste sind, ja man sogar Nahrung und Brennholz f\u00fcr die faltigen Zeitgenossen zur\u00fcckl\u00e4sst, hat einen ganz speziellen Grund: nur wenn man den Kasmandln freundlich gesonnen ist, lassen sie einen den Almsommer \u00fcber in Ruhe und verscheuchen nicht das wertvolle Vieh.<\/strong><\/p>\n<p>Sp\u00e4testens zu Martini, also am 11. November des jeweiligen Jahres, m\u00fcssen auch die allerletzten Bauersleut\u2019 des Lungaus ihre Almen verlassen und f\u00fcr den Winter zur\u00fcck ins Tal ziehen. Erst zu Georgi, am 24. April, ist es den Menschen wieder \u201aerlaubt\u2019, in die H\u00f6hen aufzusteigen und den Sommer gemeinsam mit dem Vieh auf der Alm zu verbringen. Warum sie nicht schon fr\u00fcher zur\u00fcckkehren d\u00fcrfen? Na weil sie dann die Kasmandln st\u00f6ren w\u00fcrden, die sich in der kalten Jahreszeit in den Almh\u00fctten breit gemacht haben. Und die m\u00f6gen das, so hei\u00dft es, \u00fcberhaupt nicht gerne. Erst am Vorabend des Georgi Tages, werden sie durch lautes L\u00e4rmen aus den H\u00fctten vertrieben, um sich fortan wieder von Fr\u00fcchten und Kleingetier der W\u00e4lder und Berge zu ern\u00e4hren. Nur wer in den Almh\u00fctten f\u00fcr die kleinen Wesen vorsorgt, hat dann auch den Sommer \u00fcber Ruhe von den frechen Zwergen.<\/p>\n<p><iframe loading=\"lazy\" title=\"Die Kasmandln in Ramingstein, RTS-Brauchtumseck\" width=\"640\" height=\"360\" src=\"https:\/\/www.youtube-nocookie.com\/embed\/VkWwbd96py8?feature=oembed&#038;rel=0&#038;modestbranding=1\" frameborder=\"0\" allow=\"accelerometer; autoplay; clipboard-write; encrypted-media; gyroscope; picture-in-picture; web-share\" referrerpolicy=\"strict-origin-when-cross-origin\" allowfullscreen><\/iframe><\/p>\n<p><strong>Die Kasmandln in Ramingstein, RTS-Brauchtumseck &#8211; ab 1.20\u00a0<\/strong><\/p>\n<p>Aus diesem Aberglauben heraus, gibt es im Lungau seit jeher den Brauch des Kasmandlfoans (Kasmandlfahrens). Jedes Jahr im November, am Vorabend zu Martini, verkleiden sich die Kinder, ziehen mit Kuhglocken bimmelnd von Haus zu Haus, sagen Kasmandl-Spr\u00fcche auf, erz\u00e4hlen lustige Anekdoten vom Almleben und singen Almlieder. Dabei verteilen sie traditionell Rahmkoch, Rahmkas und Schnuraus \u2013 allesamt feinste Almspezialit\u00e4ten. Ohne Zweifel geh\u00f6ren die Kasmandln bis heute zur gelebten Tradition des Lungaus!<\/p>\n<p>\u00a0<strong>Hier einige Beispiele f\u00fcr Kasmandlspr\u00fcche:<\/strong><\/p>\n<p>\u201eI bin is Kasmandl und bin no kloa,\u2028<br \/> ban Jausna sitz i mi auf an Stoa.\u2028<br \/> Speck und Kas des mog i gean\u2028<br \/> und dazua a lustigs Liadl hean.<\/p>\n<p>Wonn e nochan groa\u00df bin,<br \/>des sog i enk schoa,<br \/>suach i ma a Kasweibe,<br \/>nochan bin i neama so alloa!\u201c<br \/> (Andrea B.)<\/p>\n<p>\u201eI bins kasmandl mitn liacht,<br \/>und geh voroh das jo nix gschiacht.<br \/>auf de berg tuat\u00b4s scho st\u00fcrma und schneibn,<br \/>do kinnan ma a neama obn bleibn!<br \/>drum kemman ma a bissl oba za enk,<br \/>es gfreit eich gwiss, wia i mas denk.\u201c<br \/>(Michael G.)<\/p>\n<p>\u201eHeit is wieda Kasmandltag<br \/>und hiatz losts zua, was i, da Bauer enk sog.<br \/>Es gonze Viech und a es Gsind<br \/>muas i schaun das va da Oim oa kimbt.<br \/>Wei do om is hiatz koa sei,<br \/>pfeift da Schneewind scho aus und ein.<br \/>In da Hittn los ma no lign a bissl a Jausn<br \/>das de Kasmandl kinnan guat hausn.\u2028<br \/> Hom jo bis Georgi in da Hiitn nix valogn,\u2028<br \/> wei hot des Kasmandl koa Rua griags woitan an Zoang.\u2028<br \/> De ruhige Zeit auf de gfrei i mi schoa;\u2028<br \/> Do is dawei das i mi aufs Ofnbanke loa.\u2028<br \/> Hiatz woas i nix mehr zan sogn,\u2028<br \/> ums weitere miasts meine Almleit frogn.\u201c<br \/> (Thomas R.)<\/p>\n<p><strong>Diese und viele weitere Spr\u00fcche findet man auf <a href=\"http:\/\/www.kasmandl.at\" target=\"_blank\">www.kasmandl.at<\/a><\/strong><\/p>\n<figure id=\"attachment_110002\" aria-describedby=\"caption-attachment-110002\" style=\"width: 650px\" class=\"wp-caption alignnone\"><img loading=\"lazy\" decoding=\"async\" class=\"wp-image-110002 size-singlePost\" src=\"https:\/\/www.salzburgerland.com\/de\/magazin\/wp-content\/uploads\/2016\/10\/Kasmandl-Lintsching-2013_DSC2839z-11-650x435.jpg\" alt=\"Kasmandlbrauch im Lungau am Vorabend des Heiligen Martin (10. November) \u00a9Tourismusverband St. Andr\u00e4(+Beitragsbild)\" width=\"650\" height=\"435\" \/><figcaption id=\"caption-attachment-110002\" class=\"wp-caption-text\">Kasmandlbrauch im Lungau am Vorabend des Heiligen Martin (10. November) \u00a9Tourismusverband St. Andr\u00e4(+Beitragsbild)<\/figcaption><\/figure>\n","protected":false},"excerpt":{"rendered":"<p>Wenn die Menschen des Lungaus zu Martini ihren Bergh\u00fctten nach einem langen Sommer endg\u00fcltig den R\u00fccken zukehren, \u00fcbernehmen die Kasmandln wieder die Kontrolle \u00fcber die Almen. Hier trotzen sie dem klirrend kalten Winter der Berge und machen es sich in den Behausungen der Menschen gem\u00fctlich. So erz\u00e4hlen es sich die Bauern und Senner der Region [&hellip;]<\/p>\n","protected":false},"author":505,"featured_media":110001,"comment_status":"open","ping_status":"open","sticky":false,"template":"","format":"standard","meta":{"_acf_changed":false,"wl_entities_gutenberg":"","_wl_entity_redirect_enabled":"","footnotes":""},"categories":[6],"tags":[],"wl_entity_type":[306],"monatsauswahl":[92],"class_list":["post-109883","post","type-post","status-publish","format-standard","has-post-thumbnail","hentry","category-kunst-kultur","wl_entity_type-article","monatsauswahl-monat_11"],"acf":[],"yoast_head":"<!-- This site is optimized with the Yoast SEO Premium plugin v27.4 (Yoast SEO v27.4) - https:\/\/yoast.com\/product\/yoast-seo-premium-wordpress\/ -->\n<title>Die Kasmandln gehen um - SalzburgerLand Magazin<\/title>\n<meta name=\"description\" content=\"Wenn die Menschen des Lungaus zu Martini ihren Bergh\u00fctten nach einem langen Sommer endg\u00fcltig den R\u00fccken zukehren, \u00fcbernehmen die Kasmandln wieder die Kontrolle \u00fcber die Almen. Hier trotzen sie dem klirrend kalten Winter der Berge und machen es sich in den Behausungen der Menschen gem\u00fctlich. So erz\u00e4hlen es sich die Bauern und Senner der Region [&hellip;]\" \/>\n<meta name=\"robots\" content=\"index, follow, max-snippet:-1, max-image-preview:large, max-video-preview:-1\" \/>\n<link rel=\"canonical\" href=\"https:\/\/www.salzburgerland.com\/de\/magazin\/die-kasmandln-gehen-um\/\" \/>\n<meta property=\"og:locale\" content=\"de_DE\" \/>\n<meta property=\"og:type\" content=\"article\" \/>\n<meta property=\"og:title\" content=\"Die Kasmandln gehen um\" \/>\n<meta property=\"og:description\" content=\"Wenn die Menschen des Lungaus zu Martini ihren Bergh\u00fctten nach einem langen Sommer endg\u00fcltig den R\u00fccken zukehren, \u00fcbernehmen die Kasmandln wieder die Kontrolle \u00fcber die Almen. Hier trotzen sie dem klirrend kalten Winter der Berge und machen es sich in den Behausungen der Menschen gem\u00fctlich. So erz\u00e4hlen es sich die Bauern und Senner der Region [&hellip;]\" \/>\n<meta property=\"og:url\" content=\"https:\/\/www.salzburgerland.com\/de\/magazin\/die-kasmandln-gehen-um\/\" \/>\n<meta property=\"og:site_name\" content=\"SalzburgerLand Magazin\" \/>\n<meta property=\"article:publisher\" content=\"https:\/\/www.facebook.com\/salzburgerland\/\" \/>\n<meta property=\"article:published_time\" content=\"2016-11-08T17:00:17+00:00\" \/>\n<meta property=\"og:image\" content=\"https:\/\/www.salzburgerland.com\/de\/magazin\/wp-content\/uploads\/2016\/10\/Kasmandl-Lintsching-2013_DSC2839z-8.jpg\" \/>\n\t<meta property=\"og:image:width\" content=\"1600\" \/>\n\t<meta property=\"og:image:height\" content=\"1103\" \/>\n\t<meta property=\"og:image:type\" content=\"image\/jpeg\" \/>\n<meta name=\"author\" content=\"Peter Zeitlhofer\" \/>\n<meta name=\"twitter:card\" content=\"summary_large_image\" \/>\n<meta name=\"twitter:creator\" content=\"@Salzburgerland\" \/>\n<meta name=\"twitter:site\" content=\"@Salzburgerland\" \/>\n<meta name=\"twitter:label1\" content=\"Verfasst von\" \/>\n\t<meta name=\"twitter:data1\" content=\"Peter Zeitlhofer\" \/>\n\t<meta name=\"twitter:label2\" content=\"Gesch\u00e4tzte Lesezeit\" \/>\n\t<meta name=\"twitter:data2\" content=\"3\u00a0Minuten\" \/>\n<script type=\"application\/ld+json\" class=\"yoast-schema-graph\">{\"@context\":\"https:\\\/\\\/schema.org\",\"@graph\":[{\"@type\":\"Article\",\"@id\":\"https:\\\/\\\/www.salzburgerland.com\\\/de\\\/magazin\\\/die-kasmandln-gehen-um\\\/#article\",\"isPartOf\":{\"@id\":\"https:\\\/\\\/www.salzburgerland.com\\\/de\\\/magazin\\\/die-kasmandln-gehen-um\\\/\"},\"author\":{\"name\":\"Peter Zeitlhofer\",\"@id\":\"https:\\\/\\\/www.salzburgerland.com\\\/de\\\/magazin\\\/#\\\/schema\\\/person\\\/ebd2c9f244aeea71e30f3b5d5e309de4\"},\"headline\":\"Die Kasmandln gehen um\",\"datePublished\":\"2016-11-08T17:00:17+00:00\",\"mainEntityOfPage\":{\"@id\":\"https:\\\/\\\/www.salzburgerland.com\\\/de\\\/magazin\\\/die-kasmandln-gehen-um\\\/\"},\"wordCount\":620,\"commentCount\":0,\"publisher\":{\"@id\":\"https:\\\/\\\/www.salzburgerland.com\\\/de\\\/magazin\\\/#organization\"},\"image\":{\"@id\":\"https:\\\/\\\/www.salzburgerland.com\\\/de\\\/magazin\\\/die-kasmandln-gehen-um\\\/#primaryimage\"},\"thumbnailUrl\":\"https:\\\/\\\/www.salzburgerland.com\\\/de\\\/magazin\\\/wp-content\\\/uploads\\\/2016\\\/10\\\/Kasmandl-Lintsching-2013_DSC2839z-8.jpg\",\"articleSection\":[\"Kunst &amp; Kultur\"],\"inLanguage\":\"de\",\"potentialAction\":[{\"@type\":\"CommentAction\",\"name\":\"Comment\",\"target\":[\"https:\\\/\\\/www.salzburgerland.com\\\/de\\\/magazin\\\/die-kasmandln-gehen-um\\\/#respond\"]}]},{\"@type\":\"WebPage\",\"@id\":\"https:\\\/\\\/www.salzburgerland.com\\\/de\\\/magazin\\\/die-kasmandln-gehen-um\\\/\",\"url\":\"https:\\\/\\\/www.salzburgerland.com\\\/de\\\/magazin\\\/die-kasmandln-gehen-um\\\/\",\"name\":\"Die Kasmandln gehen um - SalzburgerLand Magazin\",\"isPartOf\":{\"@id\":\"https:\\\/\\\/www.salzburgerland.com\\\/de\\\/magazin\\\/#website\"},\"primaryImageOfPage\":{\"@id\":\"https:\\\/\\\/www.salzburgerland.com\\\/de\\\/magazin\\\/die-kasmandln-gehen-um\\\/#primaryimage\"},\"image\":{\"@id\":\"https:\\\/\\\/www.salzburgerland.com\\\/de\\\/magazin\\\/die-kasmandln-gehen-um\\\/#primaryimage\"},\"thumbnailUrl\":\"https:\\\/\\\/www.salzburgerland.com\\\/de\\\/magazin\\\/wp-content\\\/uploads\\\/2016\\\/10\\\/Kasmandl-Lintsching-2013_DSC2839z-8.jpg\",\"datePublished\":\"2016-11-08T17:00:17+00:00\",\"breadcrumb\":{\"@id\":\"https:\\\/\\\/www.salzburgerland.com\\\/de\\\/magazin\\\/die-kasmandln-gehen-um\\\/#breadcrumb\"},\"inLanguage\":\"de\",\"potentialAction\":[{\"@type\":\"ReadAction\",\"target\":[\"https:\\\/\\\/www.salzburgerland.com\\\/de\\\/magazin\\\/die-kasmandln-gehen-um\\\/\"]}]},{\"@type\":\"ImageObject\",\"inLanguage\":\"de\",\"@id\":\"https:\\\/\\\/www.salzburgerland.com\\\/de\\\/magazin\\\/die-kasmandln-gehen-um\\\/#primaryimage\",\"url\":\"https:\\\/\\\/www.salzburgerland.com\\\/de\\\/magazin\\\/wp-content\\\/uploads\\\/2016\\\/10\\\/Kasmandl-Lintsching-2013_DSC2839z-8.jpg\",\"contentUrl\":\"https:\\\/\\\/www.salzburgerland.com\\\/de\\\/magazin\\\/wp-content\\\/uploads\\\/2016\\\/10\\\/Kasmandl-Lintsching-2013_DSC2839z-8.jpg\",\"width\":1600,\"height\":1103,\"caption\":\"Kasmandlbrauch im Lungau am Vorabend des Heiligen Martin (10. November) Gruppe aus St. Andr\u00e4, Ortsteil Lintsching. Ein Teil der gesamten Gruppe (Namen bitte vom Gesamtfoto nehmen), Stier mit K\u00e4lbern und K\u00fchen\"},{\"@type\":\"BreadcrumbList\",\"@id\":\"https:\\\/\\\/www.salzburgerland.com\\\/de\\\/magazin\\\/die-kasmandln-gehen-um\\\/#breadcrumb\",\"itemListElement\":[{\"@type\":\"ListItem\",\"position\":1,\"name\":\"Startseite\",\"item\":\"https:\\\/\\\/www.salzburgerland.com\\\/de\\\/magazin\\\/\"},{\"@type\":\"ListItem\",\"position\":2,\"name\":\"Kunst &amp; Kultur\",\"item\":\"https:\\\/\\\/www.salzburgerland.com\\\/de\\\/magazin\\\/thema\\\/kunst-kultur\\\/\"},{\"@type\":\"ListItem\",\"position\":3,\"name\":\"Die Kasmandln gehen um\"}]},{\"@type\":\"WebSite\",\"@id\":\"https:\\\/\\\/www.salzburgerland.com\\\/de\\\/magazin\\\/#website\",\"url\":\"https:\\\/\\\/www.salzburgerland.com\\\/de\\\/magazin\\\/\",\"name\":\"SalzburgerLand Magazin\",\"description\":\"Geschichten und Interessantes aus dem SalzburgerLand\",\"publisher\":{\"@id\":\"https:\\\/\\\/www.salzburgerland.com\\\/de\\\/magazin\\\/#organization\"},\"potentialAction\":[{\"@type\":\"SearchAction\",\"target\":{\"@type\":\"EntryPoint\",\"urlTemplate\":\"https:\\\/\\\/www.salzburgerland.com\\\/de\\\/magazin\\\/?s={search_term_string}\"},\"query-input\":{\"@type\":\"PropertyValueSpecification\",\"valueRequired\":true,\"valueName\":\"search_term_string\"}}],\"inLanguage\":\"de\"},{\"@type\":\"Organization\",\"@id\":\"https:\\\/\\\/www.salzburgerland.com\\\/de\\\/magazin\\\/#organization\",\"name\":\"SalzburgerLand Tourismus\",\"url\":\"https:\\\/\\\/www.salzburgerland.com\\\/de\\\/magazin\\\/\",\"logo\":{\"@type\":\"ImageObject\",\"inLanguage\":\"de\",\"@id\":\"https:\\\/\\\/www.salzburgerland.com\\\/de\\\/magazin\\\/#\\\/schema\\\/logo\\\/image\\\/\",\"url\":\"https:\\\/\\\/www.salzburgerland.com\\\/de\\\/magazin\\\/wp-content\\\/uploads\\\/2019\\\/06\\\/salzburgerland-logo1.jpg\",\"contentUrl\":\"https:\\\/\\\/www.salzburgerland.com\\\/de\\\/magazin\\\/wp-content\\\/uploads\\\/2019\\\/06\\\/salzburgerland-logo1.jpg\",\"width\":2011,\"height\":866,\"caption\":\"SalzburgerLand Tourismus\"},\"image\":{\"@id\":\"https:\\\/\\\/www.salzburgerland.com\\\/de\\\/magazin\\\/#\\\/schema\\\/logo\\\/image\\\/\"},\"sameAs\":[\"https:\\\/\\\/www.facebook.com\\\/salzburgerland\\\/\",\"https:\\\/\\\/x.com\\\/Salzburgerland\",\"https:\\\/\\\/www.instagram.com\\\/salzburgerland\\\/\",\"https:\\\/\\\/at.linkedin.com\\\/company\\\/salzburgerland-tourismus-gmbh\",\"https:\\\/\\\/www.pinterest.at\\\/salzburgerland\\\/\",\"https:\\\/\\\/www.youtube.com\\\/user\\\/salzburgerland\",\"https:\\\/\\\/de.wikipedia.org\\\/wiki\\\/SalzburgerLand_Tourismus_GmbH\"]},{\"@type\":\"Person\",\"@id\":\"https:\\\/\\\/www.salzburgerland.com\\\/de\\\/magazin\\\/#\\\/schema\\\/person\\\/ebd2c9f244aeea71e30f3b5d5e309de4\",\"name\":\"Peter Zeitlhofer\",\"description\":\"'Von Neugier getrieben' - diese Worte kommen Peter Zeitlhofer wohl schon ziemlich nahe. Egal ob am Segelboot, im Tiefschnee, unterwegs in Stadt und Land, oder auf einer seinen vielen Reisen - er ist immer auf der Suche nach Neuem, nach dem Besonderen, probiert so ziemlich alles aus und liebt es, dar\u00fcber zu reden und zu berichten. Womit man auch schon fast bei seiner zweiten Leidenschaft w\u00e4re - dem Schreiben. Immer und \u00fcberall ausgestattet\u00a0mit seinem Notebook, hat der Salzburger, mit Wurzeln am Attersee, sein Office\u00a0im wahrsten Sinne des Wortes unterm Arm und k\u00f6nnte sich nichts besseres vorstellen, als die Geschichten dort zu erz\u00e4hlen, wo sie passieren. Fr\u00fchling, Sommer, Herbst oder Winter? Als Mensch der Extreme, mag ich auch bei den Jahreszeiten den Sommer und den Winter am liebsten. Obwohl nat\u00fcrlich auch der Fr\u00fchling seine Reize hat. Aber der Herbst? Rindsroulade vom Pinzgauer Biorind oder Saibling fangfrisch aus dem Fuschlsee? Immer diese Entscheidungen! Kann ich auch beides haben? Mundharmonika oder Stradivari? Weder noch - als Gitarrist k\u00f6nnte ich mit beiden Instrumenten nichts anfangen. Lederhose oder Smoking? Eindeutig Lederhose, die bei mir mittlerweile sogar den Einzug in den sommerlichen Alltag gefunden hat. Und der LederhosnDonnerstag ist \u00a0ohnehin Pflicht. Alpinski, Offpist oder Skitour? Hauptsache rauf auf den Berg! Was dann tats\u00e4chlich auf dem Programm steht ist zweitrangig. Nur so viel: wenn der Schnee passt, dann h\u00e4lt mich nichts oder niemand auf der Piste. Bergtour oder Seentour? F\u00fcr mich gibt es im Sommer nichts Sch\u00f6neres, als mit dem Segelboot auf unseren herrlichen Seen unterwegs zu sein. Also wenn ich die Wahl habe, dann nehme ich im Sommer die Berge h\u00f6chstens als Kulisse. Haubenlokal oder Ab-Hof-Laden? Auch hier nehme ich von beidem ein bisschen. Aber bei der Oma schmeckt's dann doch am besten.\",\"url\":\"https:\\\/\\\/www.salzburgerland.com\\\/de\\\/magazin\\\/author\\\/peter-zeitlhofer\\\/\"}]}<\/script>\n<meta property=\"og:video\" content=\"https:\/\/www.youtube.com\/embed\/VkWwbd96py8\" \/>\n<meta property=\"og:video:type\" content=\"text\/html\" \/>\n<meta property=\"og:video:duration\" content=\"361\" \/>\n<meta property=\"og:video:width\" content=\"480\" \/>\n<meta property=\"og:video:height\" content=\"270\" \/>\n<meta property=\"ya:ovs:adult\" content=\"false\" \/>\n<meta property=\"ya:ovs:upload_date\" content=\"2016-11-08T17:00:17+00:00\" \/>\n<meta property=\"ya:ovs:allow_embed\" content=\"true\" \/>\n<!-- \/ Yoast SEO Premium plugin. -->","yoast_head_json":{"title":"Die Kasmandln gehen um - SalzburgerLand Magazin","description":"Wenn die Menschen des Lungaus zu Martini ihren Bergh\u00fctten nach einem langen Sommer endg\u00fcltig den R\u00fccken zukehren, \u00fcbernehmen die Kasmandln wieder die Kontrolle \u00fcber die Almen. Hier trotzen sie dem klirrend kalten Winter der Berge und machen es sich in den Behausungen der Menschen gem\u00fctlich. So erz\u00e4hlen es sich die Bauern und Senner der Region [&hellip;]","robots":{"index":"index","follow":"follow","max-snippet":"max-snippet:-1","max-image-preview":"max-image-preview:large","max-video-preview":"max-video-preview:-1"},"canonical":"https:\/\/www.salzburgerland.com\/de\/magazin\/die-kasmandln-gehen-um\/","og_locale":"de_DE","og_type":"article","og_title":"Die Kasmandln gehen um","og_description":"Wenn die Menschen des Lungaus zu Martini ihren Bergh\u00fctten nach einem langen Sommer endg\u00fcltig den R\u00fccken zukehren, \u00fcbernehmen die Kasmandln wieder die Kontrolle \u00fcber die Almen. Hier trotzen sie dem klirrend kalten Winter der Berge und machen es sich in den Behausungen der Menschen gem\u00fctlich. So erz\u00e4hlen es sich die Bauern und Senner der Region [&hellip;]","og_url":"https:\/\/www.salzburgerland.com\/de\/magazin\/die-kasmandln-gehen-um\/","og_site_name":"SalzburgerLand Magazin","article_publisher":"https:\/\/www.facebook.com\/salzburgerland\/","article_published_time":"2016-11-08T17:00:17+00:00","og_image":[{"width":1600,"height":1103,"url":"https:\/\/www.salzburgerland.com\/de\/magazin\/wp-content\/uploads\/2016\/10\/Kasmandl-Lintsching-2013_DSC2839z-8.jpg","type":"image\/jpeg"}],"author":"Peter Zeitlhofer","twitter_card":"summary_large_image","twitter_creator":"@Salzburgerland","twitter_site":"@Salzburgerland","twitter_misc":{"Verfasst von":"Peter Zeitlhofer","Gesch\u00e4tzte Lesezeit":"3\u00a0Minuten"},"schema":{"@context":"https:\/\/schema.org","@graph":[{"@type":"Article","@id":"https:\/\/www.salzburgerland.com\/de\/magazin\/die-kasmandln-gehen-um\/#article","isPartOf":{"@id":"https:\/\/www.salzburgerland.com\/de\/magazin\/die-kasmandln-gehen-um\/"},"author":{"name":"Peter Zeitlhofer","@id":"https:\/\/www.salzburgerland.com\/de\/magazin\/#\/schema\/person\/ebd2c9f244aeea71e30f3b5d5e309de4"},"headline":"Die Kasmandln gehen um","datePublished":"2016-11-08T17:00:17+00:00","mainEntityOfPage":{"@id":"https:\/\/www.salzburgerland.com\/de\/magazin\/die-kasmandln-gehen-um\/"},"wordCount":620,"commentCount":0,"publisher":{"@id":"https:\/\/www.salzburgerland.com\/de\/magazin\/#organization"},"image":{"@id":"https:\/\/www.salzburgerland.com\/de\/magazin\/die-kasmandln-gehen-um\/#primaryimage"},"thumbnailUrl":"https:\/\/www.salzburgerland.com\/de\/magazin\/wp-content\/uploads\/2016\/10\/Kasmandl-Lintsching-2013_DSC2839z-8.jpg","articleSection":["Kunst &amp; Kultur"],"inLanguage":"de","potentialAction":[{"@type":"CommentAction","name":"Comment","target":["https:\/\/www.salzburgerland.com\/de\/magazin\/die-kasmandln-gehen-um\/#respond"]}]},{"@type":"WebPage","@id":"https:\/\/www.salzburgerland.com\/de\/magazin\/die-kasmandln-gehen-um\/","url":"https:\/\/www.salzburgerland.com\/de\/magazin\/die-kasmandln-gehen-um\/","name":"Die Kasmandln gehen um - SalzburgerLand Magazin","isPartOf":{"@id":"https:\/\/www.salzburgerland.com\/de\/magazin\/#website"},"primaryImageOfPage":{"@id":"https:\/\/www.salzburgerland.com\/de\/magazin\/die-kasmandln-gehen-um\/#primaryimage"},"image":{"@id":"https:\/\/www.salzburgerland.com\/de\/magazin\/die-kasmandln-gehen-um\/#primaryimage"},"thumbnailUrl":"https:\/\/www.salzburgerland.com\/de\/magazin\/wp-content\/uploads\/2016\/10\/Kasmandl-Lintsching-2013_DSC2839z-8.jpg","datePublished":"2016-11-08T17:00:17+00:00","breadcrumb":{"@id":"https:\/\/www.salzburgerland.com\/de\/magazin\/die-kasmandln-gehen-um\/#breadcrumb"},"inLanguage":"de","potentialAction":[{"@type":"ReadAction","target":["https:\/\/www.salzburgerland.com\/de\/magazin\/die-kasmandln-gehen-um\/"]}]},{"@type":"ImageObject","inLanguage":"de","@id":"https:\/\/www.salzburgerland.com\/de\/magazin\/die-kasmandln-gehen-um\/#primaryimage","url":"https:\/\/www.salzburgerland.com\/de\/magazin\/wp-content\/uploads\/2016\/10\/Kasmandl-Lintsching-2013_DSC2839z-8.jpg","contentUrl":"https:\/\/www.salzburgerland.com\/de\/magazin\/wp-content\/uploads\/2016\/10\/Kasmandl-Lintsching-2013_DSC2839z-8.jpg","width":1600,"height":1103,"caption":"Kasmandlbrauch im Lungau am Vorabend des Heiligen Martin (10. November) Gruppe aus St. Andr\u00e4, Ortsteil Lintsching. Ein Teil der gesamten Gruppe (Namen bitte vom Gesamtfoto nehmen), Stier mit K\u00e4lbern und K\u00fchen"},{"@type":"BreadcrumbList","@id":"https:\/\/www.salzburgerland.com\/de\/magazin\/die-kasmandln-gehen-um\/#breadcrumb","itemListElement":[{"@type":"ListItem","position":1,"name":"Startseite","item":"https:\/\/www.salzburgerland.com\/de\/magazin\/"},{"@type":"ListItem","position":2,"name":"Kunst &amp; Kultur","item":"https:\/\/www.salzburgerland.com\/de\/magazin\/thema\/kunst-kultur\/"},{"@type":"ListItem","position":3,"name":"Die Kasmandln gehen um"}]},{"@type":"WebSite","@id":"https:\/\/www.salzburgerland.com\/de\/magazin\/#website","url":"https:\/\/www.salzburgerland.com\/de\/magazin\/","name":"SalzburgerLand Magazin","description":"Geschichten und Interessantes aus dem SalzburgerLand","publisher":{"@id":"https:\/\/www.salzburgerland.com\/de\/magazin\/#organization"},"potentialAction":[{"@type":"SearchAction","target":{"@type":"EntryPoint","urlTemplate":"https:\/\/www.salzburgerland.com\/de\/magazin\/?s={search_term_string}"},"query-input":{"@type":"PropertyValueSpecification","valueRequired":true,"valueName":"search_term_string"}}],"inLanguage":"de"},{"@type":"Organization","@id":"https:\/\/www.salzburgerland.com\/de\/magazin\/#organization","name":"SalzburgerLand Tourismus","url":"https:\/\/www.salzburgerland.com\/de\/magazin\/","logo":{"@type":"ImageObject","inLanguage":"de","@id":"https:\/\/www.salzburgerland.com\/de\/magazin\/#\/schema\/logo\/image\/","url":"https:\/\/www.salzburgerland.com\/de\/magazin\/wp-content\/uploads\/2019\/06\/salzburgerland-logo1.jpg","contentUrl":"https:\/\/www.salzburgerland.com\/de\/magazin\/wp-content\/uploads\/2019\/06\/salzburgerland-logo1.jpg","width":2011,"height":866,"caption":"SalzburgerLand Tourismus"},"image":{"@id":"https:\/\/www.salzburgerland.com\/de\/magazin\/#\/schema\/logo\/image\/"},"sameAs":["https:\/\/www.facebook.com\/salzburgerland\/","https:\/\/x.com\/Salzburgerland","https:\/\/www.instagram.com\/salzburgerland\/","https:\/\/at.linkedin.com\/company\/salzburgerland-tourismus-gmbh","https:\/\/www.pinterest.at\/salzburgerland\/","https:\/\/www.youtube.com\/user\/salzburgerland","https:\/\/de.wikipedia.org\/wiki\/SalzburgerLand_Tourismus_GmbH"]},{"@type":"Person","@id":"https:\/\/www.salzburgerland.com\/de\/magazin\/#\/schema\/person\/ebd2c9f244aeea71e30f3b5d5e309de4","name":"Peter Zeitlhofer","description":"'Von Neugier getrieben' - diese Worte kommen Peter Zeitlhofer wohl schon ziemlich nahe. Egal ob am Segelboot, im Tiefschnee, unterwegs in Stadt und Land, oder auf einer seinen vielen Reisen - er ist immer auf der Suche nach Neuem, nach dem Besonderen, probiert so ziemlich alles aus und liebt es, dar\u00fcber zu reden und zu berichten. Womit man auch schon fast bei seiner zweiten Leidenschaft w\u00e4re - dem Schreiben. Immer und \u00fcberall ausgestattet\u00a0mit seinem Notebook, hat der Salzburger, mit Wurzeln am Attersee, sein Office\u00a0im wahrsten Sinne des Wortes unterm Arm und k\u00f6nnte sich nichts besseres vorstellen, als die Geschichten dort zu erz\u00e4hlen, wo sie passieren. Fr\u00fchling, Sommer, Herbst oder Winter? Als Mensch der Extreme, mag ich auch bei den Jahreszeiten den Sommer und den Winter am liebsten. Obwohl nat\u00fcrlich auch der Fr\u00fchling seine Reize hat. Aber der Herbst? Rindsroulade vom Pinzgauer Biorind oder Saibling fangfrisch aus dem Fuschlsee? Immer diese Entscheidungen! Kann ich auch beides haben? Mundharmonika oder Stradivari? Weder noch - als Gitarrist k\u00f6nnte ich mit beiden Instrumenten nichts anfangen. Lederhose oder Smoking? Eindeutig Lederhose, die bei mir mittlerweile sogar den Einzug in den sommerlichen Alltag gefunden hat. Und der LederhosnDonnerstag ist \u00a0ohnehin Pflicht. Alpinski, Offpist oder Skitour? Hauptsache rauf auf den Berg! Was dann tats\u00e4chlich auf dem Programm steht ist zweitrangig. Nur so viel: wenn der Schnee passt, dann h\u00e4lt mich nichts oder niemand auf der Piste. Bergtour oder Seentour? F\u00fcr mich gibt es im Sommer nichts Sch\u00f6neres, als mit dem Segelboot auf unseren herrlichen Seen unterwegs zu sein. Also wenn ich die Wahl habe, dann nehme ich im Sommer die Berge h\u00f6chstens als Kulisse. Haubenlokal oder Ab-Hof-Laden? Auch hier nehme ich von beidem ein bisschen. Aber bei der Oma schmeckt's dann doch am besten.","url":"https:\/\/www.salzburgerland.com\/de\/magazin\/author\/peter-zeitlhofer\/"}]},"og_video":"https:\/\/www.youtube.com\/embed\/VkWwbd96py8","og_video_type":"text\/html","og_video_duration":"361","og_video_width":"480","og_video_height":"270","ya_ovs_adult":"false","ya_ovs_upload_date":"2016-11-08T17:00:17+00:00","ya_ovs_allow_embed":"true"},"_wl_alt_label":[],"wl:entity_url":"http:\/\/open.salzburgerland.com\/magazin\/post\/die_kasmandln_gehen_um","_links":{"self":[{"href":"https:\/\/www.salzburgerland.com\/de\/magazin\/wp-json\/wp\/v2\/posts\/109883","targetHints":{"allow":["GET"]}}],"collection":[{"href":"https:\/\/www.salzburgerland.com\/de\/magazin\/wp-json\/wp\/v2\/posts"}],"about":[{"href":"https:\/\/www.salzburgerland.com\/de\/magazin\/wp-json\/wp\/v2\/types\/post"}],"author":[{"embeddable":true,"href":"https:\/\/www.salzburgerland.com\/de\/magazin\/wp-json\/wp\/v2\/users\/505"}],"replies":[{"embeddable":true,"href":"https:\/\/www.salzburgerland.com\/de\/magazin\/wp-json\/wp\/v2\/comments?post=109883"}],"version-history":[{"count":0,"href":"https:\/\/www.salzburgerland.com\/de\/magazin\/wp-json\/wp\/v2\/posts\/109883\/revisions"}],"wp:featuredmedia":[{"embeddable":true,"href":"https:\/\/www.salzburgerland.com\/de\/magazin\/wp-json\/wp\/v2\/media\/110001"}],"wp:attachment":[{"href":"https:\/\/www.salzburgerland.com\/de\/magazin\/wp-json\/wp\/v2\/media?parent=109883"}],"wp:term":[{"taxonomy":"category","embeddable":true,"href":"https:\/\/www.salzburgerland.com\/de\/magazin\/wp-json\/wp\/v2\/categories?post=109883"},{"taxonomy":"post_tag","embeddable":true,"href":"https:\/\/www.salzburgerland.com\/de\/magazin\/wp-json\/wp\/v2\/tags?post=109883"},{"taxonomy":"wl_entity_type","embeddable":true,"href":"https:\/\/www.salzburgerland.com\/de\/magazin\/wp-json\/wp\/v2\/wl_entity_type?post=109883"},{"taxonomy":"monatsauswahl","embeddable":true,"href":"https:\/\/www.salzburgerland.com\/de\/magazin\/wp-json\/wp\/v2\/monatsauswahl?post=109883"}],"curies":[{"name":"wp","href":"https:\/\/api.w.org\/{rel}","templated":true}]}}