{"id":109744,"date":"2016-10-09T12:00:36","date_gmt":"2016-10-09T10:00:36","guid":{"rendered":"http:\/\/magazin.salzburgerland.com\/?p=109744"},"modified":"2019-10-31T07:11:14","modified_gmt":"2019-10-31T06:11:14","slug":"aktivhotel-alpina-bikespass-fuer-die-ganze-familie","status":"publish","type":"post","link":"https:\/\/www.salzburgerland.com\/de\/magazin\/aktivhotel-alpina-bikespass-fuer-die-ganze-familie\/","title":{"rendered":"Aktivhotel Alpina, Wagrain"},"content":{"rendered":"\n<h2 class=\"wp-block-slt-subtitle\">Bikespass f\u00fcr die ganze Familie<\/h2>\n\n\n\n<p class=\"wp-block-slt-intro\"> Das Aktivhotel Alpina befindet sich im Zentrum von Wagrain, gleich neben den Bergbahnen und den Downhillstrecken. In k\u00fcrzester Zeit geht es dann von der Hotelt\u00fcr in die Berge und auf die Trails.<\/p>\n\n\n\n<p>Doch nicht nur Downhiller und Freerider, sondern auch Tourenbiker kommen in der Region voll auf ihre Kosten. So bietet die neue Tour hoch zur Kleinarler H\u00fctte alles was das Bikeherz begehrt. Auf den 1000 H\u00f6henmetern bergauf erleben die Biker die Salzburger Berge hautnah und die Aussicht von oben ist einfach atemberaubend. Ganz neu ist der Trail von der H\u00fctte in das Tal. So kann man die Forststra\u00dfe bequem hochfahren und den Karrenweg in den Talboden nehmen. Die Tour ist nur eine von vielen aus dem umfangreichen Angebot an Bikerouten. So kann man ohne Probleme bis nach Flachau oder Sankt Johann \u00fcber Bikewege fahren.<\/p>\n\n\n\n<figure class=\"wp-block-image\"><a href=\"https:\/\/www.salzburgerland.com\/de\/magazin\/wp-content\/uploads\/2016\/09\/Bikeguide-Roland.jpg\"><img decoding=\"async\" src=\"https:\/\/www.salzburgerland.com\/de\/magazin\/wp-content\/uploads\/2016\/09\/Bikeguide-Roland-650x435.jpg\" alt=\"bikeguide-roland\" class=\"wp-image-109748\"\/><\/a><\/figure>\n\n\n\n<h2 class=\"wp-block-heading\"><strong>Hard Rock in Wagrain<\/strong><\/h2>\n\n\n\n<p>F\u00fcr die Bikepark-Freaks bietet das Aktivhotel Alpina das kosteng\u00fcnstige Bed&amp;Breakfast-Apartementhaus, das sich auch in unmittelbarer N\u00e4her zur Talstation der Flying Mozart befindet. Seit 2015 ist hier auch der neue Trail \u201eHard Rock\u201c in Betrieb. Die Strecke ist als mittelschwer klassifiziert, hat aber einige schwarze Sektionen und mit einer L\u00e4nge von 3,7 km nur etwas f\u00fcr konditionsstarke Fahrer. Die anderen Strecken im Bikepark bieten Anf\u00e4ngern und auch Profis eine gro\u00dfe Auswahl an Spr\u00fcngen, Steilkurven und Wallrides.<\/p>\n\n\n\n<figure class=\"wp-block-image\"><a href=\"https:\/\/www.salzburgerland.com\/de\/magazin\/wp-content\/uploads\/2016\/09\/Mountainbike-Park.jpg\"><img decoding=\"async\" src=\"https:\/\/www.salzburgerland.com\/de\/magazin\/wp-content\/uploads\/2016\/09\/Mountainbike-Park-650x435.jpg\" alt=\"mountainbike-park\" class=\"wp-image-109753\"\/><\/a><\/figure>\n\n\n\n<h2 class=\"wp-block-heading\"><strong>Bester Service f\u00fcr Biker<\/strong><\/h2>\n\n\n\n<p>G\u00e4ste des Aktivhotels Alpina k\u00f6nnen kostenlos die Wasserwelt ben\u00fctzen, die nur ein paar Meter vom Hotel entfernt liegt. Nat\u00fcrlich bietet das Hotel f\u00fcr Biker die n\u00f6tige Infrastruktur mit absperrbaren Bikekeller, Waschplatz, GPS-Service etc. und auf Wunsch gef\u00fchrte Touren durch die umliegende Bergwelt.<\/p>\n\n\n\n<figure class=\"wp-block-image\"><a href=\"https:\/\/www.salzburgerland.com\/de\/magazin\/wp-content\/uploads\/2016\/09\/Hotel-Schwimmbad.jpg\"><img decoding=\"async\" src=\"https:\/\/www.salzburgerland.com\/de\/magazin\/wp-content\/uploads\/2016\/09\/Hotel-Schwimmbad-650x435.jpg\" alt=\"hotel-schwimmbad\" class=\"wp-image-109751\"\/><\/a><\/figure>\n\n\n\n<p>Aktiv &amp;\u00a0Family Hotel Alpina<br>Kirchboden 97<br>5602 Wagrain<br>T +43 64 13 83 37<br> <a href=\"http:\/\/www.hotelalpina.at\">www.hotelalpina.at<\/a><\/p>\n","protected":false},"excerpt":{"rendered":"<p>Doch nicht nur Downhiller und Freerider, sondern auch Tourenbiker kommen in der Region voll auf ihre Kosten. So bietet die neue Tour hoch zur Kleinarler H\u00fctte alles was das Bikeherz begehrt. Auf den 1000 H\u00f6henmetern bergauf erleben die Biker die Salzburger Berge hautnah und die Aussicht von oben ist einfach atemberaubend. Ganz neu ist der [&hellip;]<\/p>\n","protected":false},"author":10,"featured_media":109749,"comment_status":"open","ping_status":"open","sticky":false,"template":"","format":"standard","meta":{"_acf_changed":false,"wl_entities_gutenberg":"","_wl_entity_redirect_enabled":"","footnotes":""},"categories":[5],"tags":[],"wl_entity_type":[306],"monatsauswahl":[85,86,87,88,89,90,91],"class_list":["post-109744","post","type-post","status-publish","format-standard","has-post-thumbnail","hentry","category-hotel-reise","wl_entity_type-article","monatsauswahl-monat_4","monatsauswahl-monat_5","monatsauswahl-monat_6","monatsauswahl-monat_7","monatsauswahl-monat_8","monatsauswahl-monat_9","monatsauswahl-monat_10"],"acf":[],"yoast_head":"<!-- This site is optimized with the Yoast SEO Premium plugin v27.4 (Yoast SEO v27.4) - https:\/\/yoast.com\/product\/yoast-seo-premium-wordpress\/ -->\n<title>Aktivhotel Alpina, Wagrain - SalzburgerLand Magazin<\/title>\n<meta name=\"description\" content=\"Das Aktivhotel Alpina befindet sich im Zentrum von Wagrain, gleich neben den Bergbahnen und den Downhillstrecken. In k\u00fcrzester Zeit geht es dann von der Hotelt\u00fcr in die Berge und auf die Trails.\" \/>\n<meta name=\"robots\" content=\"index, follow, max-snippet:-1, max-image-preview:large, max-video-preview:-1\" \/>\n<link rel=\"canonical\" href=\"https:\/\/www.salzburgerland.com\/de\/magazin\/aktivhotel-alpina-bikespass-fuer-die-ganze-familie\/\" \/>\n<meta property=\"og:locale\" content=\"de_DE\" \/>\n<meta property=\"og:type\" content=\"article\" \/>\n<meta property=\"og:title\" content=\"Aktivhotel Alpina, Wagrain\" \/>\n<meta property=\"og:description\" content=\"Doch nicht nur Downhiller und Freerider, sondern auch Tourenbiker kommen in der Region voll auf ihre Kosten. So bietet die neue Tour hoch zur Kleinarler H\u00fctte alles was das Bikeherz begehrt. Auf den 1000 H\u00f6henmetern bergauf erleben die Biker die Salzburger Berge hautnah und die Aussicht von oben ist einfach atemberaubend. Ganz neu ist der [&hellip;]\" \/>\n<meta property=\"og:url\" content=\"https:\/\/www.salzburgerland.com\/de\/magazin\/aktivhotel-alpina-bikespass-fuer-die-ganze-familie\/\" \/>\n<meta property=\"og:site_name\" content=\"SalzburgerLand Magazin\" \/>\n<meta property=\"article:publisher\" content=\"https:\/\/www.facebook.com\/salzburgerland\/\" \/>\n<meta property=\"article:published_time\" content=\"2016-10-09T10:00:36+00:00\" \/>\n<meta property=\"article:modified_time\" content=\"2019-10-31T06:11:14+00:00\" \/>\n<meta property=\"og:image\" content=\"https:\/\/www.salzburgerland.com\/de\/magazin\/wp-content\/uploads\/2016\/09\/Frontansicht_Hotel_Baum-mit-vollen-Bla\u0308ttern.jpg\" \/>\n\t<meta property=\"og:image:width\" content=\"1600\" \/>\n\t<meta property=\"og:image:height\" content=\"997\" \/>\n\t<meta property=\"og:image:type\" content=\"image\/jpeg\" \/>\n<meta name=\"author\" content=\"Heiko Mandl\" \/>\n<meta name=\"twitter:card\" content=\"summary_large_image\" \/>\n<meta name=\"twitter:creator\" content=\"@Salzburgerland\" \/>\n<meta name=\"twitter:site\" content=\"@Salzburgerland\" \/>\n<meta name=\"twitter:label1\" content=\"Verfasst von\" \/>\n\t<meta name=\"twitter:data1\" content=\"Heiko Mandl\" \/>\n\t<meta name=\"twitter:label2\" content=\"Gesch\u00e4tzte Lesezeit\" \/>\n\t<meta name=\"twitter:data2\" content=\"1\u00a0Minute\" \/>\n<script type=\"application\/ld+json\" class=\"yoast-schema-graph\">{\"@context\":\"https:\\\/\\\/schema.org\",\"@graph\":[{\"@type\":\"Article\",\"@id\":\"https:\\\/\\\/www.salzburgerland.com\\\/de\\\/magazin\\\/aktivhotel-alpina-bikespass-fuer-die-ganze-familie\\\/#article\",\"isPartOf\":{\"@id\":\"https:\\\/\\\/www.salzburgerland.com\\\/de\\\/magazin\\\/aktivhotel-alpina-bikespass-fuer-die-ganze-familie\\\/\"},\"author\":{\"name\":\"Heiko Mandl\",\"@id\":\"https:\\\/\\\/www.salzburgerland.com\\\/de\\\/magazin\\\/#\\\/schema\\\/person\\\/8871c7c764fce6ea66752310e7fe9e98\"},\"headline\":\"Aktivhotel Alpina, Wagrain\",\"datePublished\":\"2016-10-09T10:00:36+00:00\",\"dateModified\":\"2019-10-31T06:11:14+00:00\",\"mainEntityOfPage\":{\"@id\":\"https:\\\/\\\/www.salzburgerland.com\\\/de\\\/magazin\\\/aktivhotel-alpina-bikespass-fuer-die-ganze-familie\\\/\"},\"wordCount\":299,\"commentCount\":0,\"publisher\":{\"@id\":\"https:\\\/\\\/www.salzburgerland.com\\\/de\\\/magazin\\\/#organization\"},\"image\":{\"@id\":\"https:\\\/\\\/www.salzburgerland.com\\\/de\\\/magazin\\\/aktivhotel-alpina-bikespass-fuer-die-ganze-familie\\\/#primaryimage\"},\"thumbnailUrl\":\"https:\\\/\\\/www.salzburgerland.com\\\/de\\\/magazin\\\/wp-content\\\/uploads\\\/2016\\\/09\\\/Frontansicht_Hotel_Baum-mit-vollen-Bla\u0308ttern.jpg\",\"articleSection\":[\"Hotel &amp; Reise\"],\"inLanguage\":\"de\",\"potentialAction\":[{\"@type\":\"CommentAction\",\"name\":\"Comment\",\"target\":[\"https:\\\/\\\/www.salzburgerland.com\\\/de\\\/magazin\\\/aktivhotel-alpina-bikespass-fuer-die-ganze-familie\\\/#respond\"]}]},{\"@type\":\"WebPage\",\"@id\":\"https:\\\/\\\/www.salzburgerland.com\\\/de\\\/magazin\\\/aktivhotel-alpina-bikespass-fuer-die-ganze-familie\\\/\",\"url\":\"https:\\\/\\\/www.salzburgerland.com\\\/de\\\/magazin\\\/aktivhotel-alpina-bikespass-fuer-die-ganze-familie\\\/\",\"name\":\"Aktivhotel Alpina, Wagrain - SalzburgerLand Magazin\",\"isPartOf\":{\"@id\":\"https:\\\/\\\/www.salzburgerland.com\\\/de\\\/magazin\\\/#website\"},\"primaryImageOfPage\":{\"@id\":\"https:\\\/\\\/www.salzburgerland.com\\\/de\\\/magazin\\\/aktivhotel-alpina-bikespass-fuer-die-ganze-familie\\\/#primaryimage\"},\"image\":{\"@id\":\"https:\\\/\\\/www.salzburgerland.com\\\/de\\\/magazin\\\/aktivhotel-alpina-bikespass-fuer-die-ganze-familie\\\/#primaryimage\"},\"thumbnailUrl\":\"https:\\\/\\\/www.salzburgerland.com\\\/de\\\/magazin\\\/wp-content\\\/uploads\\\/2016\\\/09\\\/Frontansicht_Hotel_Baum-mit-vollen-Bla\u0308ttern.jpg\",\"datePublished\":\"2016-10-09T10:00:36+00:00\",\"dateModified\":\"2019-10-31T06:11:14+00:00\",\"breadcrumb\":{\"@id\":\"https:\\\/\\\/www.salzburgerland.com\\\/de\\\/magazin\\\/aktivhotel-alpina-bikespass-fuer-die-ganze-familie\\\/#breadcrumb\"},\"inLanguage\":\"de\",\"potentialAction\":[{\"@type\":\"ReadAction\",\"target\":[\"https:\\\/\\\/www.salzburgerland.com\\\/de\\\/magazin\\\/aktivhotel-alpina-bikespass-fuer-die-ganze-familie\\\/\"]}]},{\"@type\":\"ImageObject\",\"inLanguage\":\"de\",\"@id\":\"https:\\\/\\\/www.salzburgerland.com\\\/de\\\/magazin\\\/aktivhotel-alpina-bikespass-fuer-die-ganze-familie\\\/#primaryimage\",\"url\":\"https:\\\/\\\/www.salzburgerland.com\\\/de\\\/magazin\\\/wp-content\\\/uploads\\\/2016\\\/09\\\/Frontansicht_Hotel_Baum-mit-vollen-Bla\u0308ttern.jpg\",\"contentUrl\":\"https:\\\/\\\/www.salzburgerland.com\\\/de\\\/magazin\\\/wp-content\\\/uploads\\\/2016\\\/09\\\/Frontansicht_Hotel_Baum-mit-vollen-Bla\u0308ttern.jpg\",\"width\":1600,\"height\":997,\"caption\":\"Ein gelbes Hotel mit gr\u00fcnen Balkonen, davor geparkte Autos und ein rotbl\u00e4ttriger Baum unter einem sonnigen Himmel.\"},{\"@type\":\"BreadcrumbList\",\"@id\":\"https:\\\/\\\/www.salzburgerland.com\\\/de\\\/magazin\\\/aktivhotel-alpina-bikespass-fuer-die-ganze-familie\\\/#breadcrumb\",\"itemListElement\":[{\"@type\":\"ListItem\",\"position\":1,\"name\":\"Startseite\",\"item\":\"https:\\\/\\\/www.salzburgerland.com\\\/de\\\/magazin\\\/\"},{\"@type\":\"ListItem\",\"position\":2,\"name\":\"Hotel &amp; Reise\",\"item\":\"https:\\\/\\\/www.salzburgerland.com\\\/de\\\/magazin\\\/thema\\\/hotel-reise\\\/\"},{\"@type\":\"ListItem\",\"position\":3,\"name\":\"Aktivhotel Alpina, Wagrain\"}]},{\"@type\":\"WebSite\",\"@id\":\"https:\\\/\\\/www.salzburgerland.com\\\/de\\\/magazin\\\/#website\",\"url\":\"https:\\\/\\\/www.salzburgerland.com\\\/de\\\/magazin\\\/\",\"name\":\"SalzburgerLand Magazin\",\"description\":\"Geschichten und Interessantes aus dem SalzburgerLand\",\"publisher\":{\"@id\":\"https:\\\/\\\/www.salzburgerland.com\\\/de\\\/magazin\\\/#organization\"},\"potentialAction\":[{\"@type\":\"SearchAction\",\"target\":{\"@type\":\"EntryPoint\",\"urlTemplate\":\"https:\\\/\\\/www.salzburgerland.com\\\/de\\\/magazin\\\/?s={search_term_string}\"},\"query-input\":{\"@type\":\"PropertyValueSpecification\",\"valueRequired\":true,\"valueName\":\"search_term_string\"}}],\"inLanguage\":\"de\"},{\"@type\":\"Organization\",\"@id\":\"https:\\\/\\\/www.salzburgerland.com\\\/de\\\/magazin\\\/#organization\",\"name\":\"SalzburgerLand Tourismus\",\"url\":\"https:\\\/\\\/www.salzburgerland.com\\\/de\\\/magazin\\\/\",\"logo\":{\"@type\":\"ImageObject\",\"inLanguage\":\"de\",\"@id\":\"https:\\\/\\\/www.salzburgerland.com\\\/de\\\/magazin\\\/#\\\/schema\\\/logo\\\/image\\\/\",\"url\":\"https:\\\/\\\/www.salzburgerland.com\\\/de\\\/magazin\\\/wp-content\\\/uploads\\\/2019\\\/06\\\/salzburgerland-logo1.jpg\",\"contentUrl\":\"https:\\\/\\\/www.salzburgerland.com\\\/de\\\/magazin\\\/wp-content\\\/uploads\\\/2019\\\/06\\\/salzburgerland-logo1.jpg\",\"width\":2011,\"height\":866,\"caption\":\"SalzburgerLand Tourismus\"},\"image\":{\"@id\":\"https:\\\/\\\/www.salzburgerland.com\\\/de\\\/magazin\\\/#\\\/schema\\\/logo\\\/image\\\/\"},\"sameAs\":[\"https:\\\/\\\/www.facebook.com\\\/salzburgerland\\\/\",\"https:\\\/\\\/x.com\\\/Salzburgerland\",\"https:\\\/\\\/www.instagram.com\\\/salzburgerland\\\/\",\"https:\\\/\\\/at.linkedin.com\\\/company\\\/salzburgerland-tourismus-gmbh\",\"https:\\\/\\\/www.pinterest.at\\\/salzburgerland\\\/\",\"https:\\\/\\\/www.youtube.com\\\/user\\\/salzburgerland\",\"https:\\\/\\\/de.wikipedia.org\\\/wiki\\\/SalzburgerLand_Tourismus_GmbH\"]},{\"@type\":\"Person\",\"@id\":\"https:\\\/\\\/www.salzburgerland.com\\\/de\\\/magazin\\\/#\\\/schema\\\/person\\\/8871c7c764fce6ea66752310e7fe9e98\",\"name\":\"Heiko Mandl\",\"description\":\"Heiko Mandl, geboren 1976 in Salzburg, ist durch den Journalismus zur Fotografie gekommen und ist seit zehn Jahren als selbstst\u00e4ndiger Fotograf und Autor in Salzburg t\u00e4tig. Schon von Kindheit an haben ihn die Berge vor seiner Haust\u00fcr fasziniert. Heute z\u00e4hlen sie unter anderem zu seinem Arbeitsplatz. Er arbeitet f\u00fcr internationale Outdoor- und Reisemagazine sowie zahlreiche Firmen und Agenturen. Luxushotel oder Almh\u00fctte: Ich kann beides genie\u00dfen und ich gehe das nach dem Motto: Alles zur richtigen Zeit und zur passenden Gelegenheit an. Wandern oder Laufen: Auf jeden Fall wandern, ist gem\u00fctlicher und man kann sich mehr auf die Umgebung konzentrieren. Golfplatz oder Klettergarten: Klettergarten, zumindest noch die n\u00e4chsten 20 Jahre. Fr\u00fchling, sommer, herbst oder Winter? Fr\u00fchling und Sommer und Herbst und Winter! Im SalzburgerLand ist es das ganze Jahr traumhaft sch\u00f6n. Wellness oder Mountainbike? Zuerst eine Runde mit dem Mountainbike und dann ab in den Wellnesstempel. Das eine schlie\u00dft das andere nicht aus!\",\"url\":\"https:\\\/\\\/www.salzburgerland.com\\\/de\\\/magazin\\\/author\\\/heiko-mandl\\\/\"}]}<\/script>\n<!-- \/ Yoast SEO Premium plugin. -->","yoast_head_json":{"title":"Aktivhotel Alpina, Wagrain - SalzburgerLand Magazin","description":"Das Aktivhotel Alpina befindet sich im Zentrum von Wagrain, gleich neben den Bergbahnen und den Downhillstrecken. In k\u00fcrzester Zeit geht es dann von der Hotelt\u00fcr in die Berge und auf die Trails.","robots":{"index":"index","follow":"follow","max-snippet":"max-snippet:-1","max-image-preview":"max-image-preview:large","max-video-preview":"max-video-preview:-1"},"canonical":"https:\/\/www.salzburgerland.com\/de\/magazin\/aktivhotel-alpina-bikespass-fuer-die-ganze-familie\/","og_locale":"de_DE","og_type":"article","og_title":"Aktivhotel Alpina, Wagrain","og_description":"Doch nicht nur Downhiller und Freerider, sondern auch Tourenbiker kommen in der Region voll auf ihre Kosten. So bietet die neue Tour hoch zur Kleinarler H\u00fctte alles was das Bikeherz begehrt. Auf den 1000 H\u00f6henmetern bergauf erleben die Biker die Salzburger Berge hautnah und die Aussicht von oben ist einfach atemberaubend. Ganz neu ist der [&hellip;]","og_url":"https:\/\/www.salzburgerland.com\/de\/magazin\/aktivhotel-alpina-bikespass-fuer-die-ganze-familie\/","og_site_name":"SalzburgerLand Magazin","article_publisher":"https:\/\/www.facebook.com\/salzburgerland\/","article_published_time":"2016-10-09T10:00:36+00:00","article_modified_time":"2019-10-31T06:11:14+00:00","og_image":[{"width":1600,"height":997,"url":"https:\/\/www.salzburgerland.com\/de\/magazin\/wp-content\/uploads\/2016\/09\/Frontansicht_Hotel_Baum-mit-vollen-Bla\u0308ttern.jpg","type":"image\/jpeg"}],"author":"Heiko Mandl","twitter_card":"summary_large_image","twitter_creator":"@Salzburgerland","twitter_site":"@Salzburgerland","twitter_misc":{"Verfasst von":"Heiko Mandl","Gesch\u00e4tzte Lesezeit":"1\u00a0Minute"},"schema":{"@context":"https:\/\/schema.org","@graph":[{"@type":"Article","@id":"https:\/\/www.salzburgerland.com\/de\/magazin\/aktivhotel-alpina-bikespass-fuer-die-ganze-familie\/#article","isPartOf":{"@id":"https:\/\/www.salzburgerland.com\/de\/magazin\/aktivhotel-alpina-bikespass-fuer-die-ganze-familie\/"},"author":{"name":"Heiko Mandl","@id":"https:\/\/www.salzburgerland.com\/de\/magazin\/#\/schema\/person\/8871c7c764fce6ea66752310e7fe9e98"},"headline":"Aktivhotel Alpina, Wagrain","datePublished":"2016-10-09T10:00:36+00:00","dateModified":"2019-10-31T06:11:14+00:00","mainEntityOfPage":{"@id":"https:\/\/www.salzburgerland.com\/de\/magazin\/aktivhotel-alpina-bikespass-fuer-die-ganze-familie\/"},"wordCount":299,"commentCount":0,"publisher":{"@id":"https:\/\/www.salzburgerland.com\/de\/magazin\/#organization"},"image":{"@id":"https:\/\/www.salzburgerland.com\/de\/magazin\/aktivhotel-alpina-bikespass-fuer-die-ganze-familie\/#primaryimage"},"thumbnailUrl":"https:\/\/www.salzburgerland.com\/de\/magazin\/wp-content\/uploads\/2016\/09\/Frontansicht_Hotel_Baum-mit-vollen-Bla\u0308ttern.jpg","articleSection":["Hotel &amp; Reise"],"inLanguage":"de","potentialAction":[{"@type":"CommentAction","name":"Comment","target":["https:\/\/www.salzburgerland.com\/de\/magazin\/aktivhotel-alpina-bikespass-fuer-die-ganze-familie\/#respond"]}]},{"@type":"WebPage","@id":"https:\/\/www.salzburgerland.com\/de\/magazin\/aktivhotel-alpina-bikespass-fuer-die-ganze-familie\/","url":"https:\/\/www.salzburgerland.com\/de\/magazin\/aktivhotel-alpina-bikespass-fuer-die-ganze-familie\/","name":"Aktivhotel Alpina, Wagrain - SalzburgerLand Magazin","isPartOf":{"@id":"https:\/\/www.salzburgerland.com\/de\/magazin\/#website"},"primaryImageOfPage":{"@id":"https:\/\/www.salzburgerland.com\/de\/magazin\/aktivhotel-alpina-bikespass-fuer-die-ganze-familie\/#primaryimage"},"image":{"@id":"https:\/\/www.salzburgerland.com\/de\/magazin\/aktivhotel-alpina-bikespass-fuer-die-ganze-familie\/#primaryimage"},"thumbnailUrl":"https:\/\/www.salzburgerland.com\/de\/magazin\/wp-content\/uploads\/2016\/09\/Frontansicht_Hotel_Baum-mit-vollen-Bla\u0308ttern.jpg","datePublished":"2016-10-09T10:00:36+00:00","dateModified":"2019-10-31T06:11:14+00:00","breadcrumb":{"@id":"https:\/\/www.salzburgerland.com\/de\/magazin\/aktivhotel-alpina-bikespass-fuer-die-ganze-familie\/#breadcrumb"},"inLanguage":"de","potentialAction":[{"@type":"ReadAction","target":["https:\/\/www.salzburgerland.com\/de\/magazin\/aktivhotel-alpina-bikespass-fuer-die-ganze-familie\/"]}]},{"@type":"ImageObject","inLanguage":"de","@id":"https:\/\/www.salzburgerland.com\/de\/magazin\/aktivhotel-alpina-bikespass-fuer-die-ganze-familie\/#primaryimage","url":"https:\/\/www.salzburgerland.com\/de\/magazin\/wp-content\/uploads\/2016\/09\/Frontansicht_Hotel_Baum-mit-vollen-Bla\u0308ttern.jpg","contentUrl":"https:\/\/www.salzburgerland.com\/de\/magazin\/wp-content\/uploads\/2016\/09\/Frontansicht_Hotel_Baum-mit-vollen-Bla\u0308ttern.jpg","width":1600,"height":997,"caption":"Ein gelbes Hotel mit gr\u00fcnen Balkonen, davor geparkte Autos und ein rotbl\u00e4ttriger Baum unter einem sonnigen Himmel."},{"@type":"BreadcrumbList","@id":"https:\/\/www.salzburgerland.com\/de\/magazin\/aktivhotel-alpina-bikespass-fuer-die-ganze-familie\/#breadcrumb","itemListElement":[{"@type":"ListItem","position":1,"name":"Startseite","item":"https:\/\/www.salzburgerland.com\/de\/magazin\/"},{"@type":"ListItem","position":2,"name":"Hotel &amp; Reise","item":"https:\/\/www.salzburgerland.com\/de\/magazin\/thema\/hotel-reise\/"},{"@type":"ListItem","position":3,"name":"Aktivhotel Alpina, Wagrain"}]},{"@type":"WebSite","@id":"https:\/\/www.salzburgerland.com\/de\/magazin\/#website","url":"https:\/\/www.salzburgerland.com\/de\/magazin\/","name":"SalzburgerLand Magazin","description":"Geschichten und Interessantes aus dem SalzburgerLand","publisher":{"@id":"https:\/\/www.salzburgerland.com\/de\/magazin\/#organization"},"potentialAction":[{"@type":"SearchAction","target":{"@type":"EntryPoint","urlTemplate":"https:\/\/www.salzburgerland.com\/de\/magazin\/?s={search_term_string}"},"query-input":{"@type":"PropertyValueSpecification","valueRequired":true,"valueName":"search_term_string"}}],"inLanguage":"de"},{"@type":"Organization","@id":"https:\/\/www.salzburgerland.com\/de\/magazin\/#organization","name":"SalzburgerLand Tourismus","url":"https:\/\/www.salzburgerland.com\/de\/magazin\/","logo":{"@type":"ImageObject","inLanguage":"de","@id":"https:\/\/www.salzburgerland.com\/de\/magazin\/#\/schema\/logo\/image\/","url":"https:\/\/www.salzburgerland.com\/de\/magazin\/wp-content\/uploads\/2019\/06\/salzburgerland-logo1.jpg","contentUrl":"https:\/\/www.salzburgerland.com\/de\/magazin\/wp-content\/uploads\/2019\/06\/salzburgerland-logo1.jpg","width":2011,"height":866,"caption":"SalzburgerLand Tourismus"},"image":{"@id":"https:\/\/www.salzburgerland.com\/de\/magazin\/#\/schema\/logo\/image\/"},"sameAs":["https:\/\/www.facebook.com\/salzburgerland\/","https:\/\/x.com\/Salzburgerland","https:\/\/www.instagram.com\/salzburgerland\/","https:\/\/at.linkedin.com\/company\/salzburgerland-tourismus-gmbh","https:\/\/www.pinterest.at\/salzburgerland\/","https:\/\/www.youtube.com\/user\/salzburgerland","https:\/\/de.wikipedia.org\/wiki\/SalzburgerLand_Tourismus_GmbH"]},{"@type":"Person","@id":"https:\/\/www.salzburgerland.com\/de\/magazin\/#\/schema\/person\/8871c7c764fce6ea66752310e7fe9e98","name":"Heiko Mandl","description":"Heiko Mandl, geboren 1976 in Salzburg, ist durch den Journalismus zur Fotografie gekommen und ist seit zehn Jahren als selbstst\u00e4ndiger Fotograf und Autor in Salzburg t\u00e4tig. Schon von Kindheit an haben ihn die Berge vor seiner Haust\u00fcr fasziniert. Heute z\u00e4hlen sie unter anderem zu seinem Arbeitsplatz. Er arbeitet f\u00fcr internationale Outdoor- und Reisemagazine sowie zahlreiche Firmen und Agenturen. Luxushotel oder Almh\u00fctte: Ich kann beides genie\u00dfen und ich gehe das nach dem Motto: Alles zur richtigen Zeit und zur passenden Gelegenheit an. Wandern oder Laufen: Auf jeden Fall wandern, ist gem\u00fctlicher und man kann sich mehr auf die Umgebung konzentrieren. Golfplatz oder Klettergarten: Klettergarten, zumindest noch die n\u00e4chsten 20 Jahre. Fr\u00fchling, sommer, herbst oder Winter? Fr\u00fchling und Sommer und Herbst und Winter! Im SalzburgerLand ist es das ganze Jahr traumhaft sch\u00f6n. Wellness oder Mountainbike? Zuerst eine Runde mit dem Mountainbike und dann ab in den Wellnesstempel. Das eine schlie\u00dft das andere nicht aus!","url":"https:\/\/www.salzburgerland.com\/de\/magazin\/author\/heiko-mandl\/"}]}},"_wl_alt_label":[],"wl:entity_url":"http:\/\/open.salzburgerland.com\/magazin\/post\/aktivhotel_alpina__bikespass_fuer_die_ganze_familie","_links":{"self":[{"href":"https:\/\/www.salzburgerland.com\/de\/magazin\/wp-json\/wp\/v2\/posts\/109744","targetHints":{"allow":["GET"]}}],"collection":[{"href":"https:\/\/www.salzburgerland.com\/de\/magazin\/wp-json\/wp\/v2\/posts"}],"about":[{"href":"https:\/\/www.salzburgerland.com\/de\/magazin\/wp-json\/wp\/v2\/types\/post"}],"author":[{"embeddable":true,"href":"https:\/\/www.salzburgerland.com\/de\/magazin\/wp-json\/wp\/v2\/users\/10"}],"replies":[{"embeddable":true,"href":"https:\/\/www.salzburgerland.com\/de\/magazin\/wp-json\/wp\/v2\/comments?post=109744"}],"version-history":[{"count":0,"href":"https:\/\/www.salzburgerland.com\/de\/magazin\/wp-json\/wp\/v2\/posts\/109744\/revisions"}],"wp:featuredmedia":[{"embeddable":true,"href":"https:\/\/www.salzburgerland.com\/de\/magazin\/wp-json\/wp\/v2\/media\/109749"}],"wp:attachment":[{"href":"https:\/\/www.salzburgerland.com\/de\/magazin\/wp-json\/wp\/v2\/media?parent=109744"}],"wp:term":[{"taxonomy":"category","embeddable":true,"href":"https:\/\/www.salzburgerland.com\/de\/magazin\/wp-json\/wp\/v2\/categories?post=109744"},{"taxonomy":"post_tag","embeddable":true,"href":"https:\/\/www.salzburgerland.com\/de\/magazin\/wp-json\/wp\/v2\/tags?post=109744"},{"taxonomy":"wl_entity_type","embeddable":true,"href":"https:\/\/www.salzburgerland.com\/de\/magazin\/wp-json\/wp\/v2\/wl_entity_type?post=109744"},{"taxonomy":"monatsauswahl","embeddable":true,"href":"https:\/\/www.salzburgerland.com\/de\/magazin\/wp-json\/wp\/v2\/monatsauswahl?post=109744"}],"curies":[{"name":"wp","href":"https:\/\/api.w.org\/{rel}","templated":true}]}}