{"id":109695,"date":"2016-09-30T12:45:50","date_gmt":"2016-09-30T10:45:50","guid":{"rendered":"http:\/\/magazin.salzburgerland.com\/?p=109695"},"modified":"2020-02-13T10:39:47","modified_gmt":"2020-02-13T09:39:47","slug":"sicher-in-den-bergen-mit-kindern-wandern","status":"publish","type":"post","link":"https:\/\/www.salzburgerland.com\/de\/magazin\/sicher-in-den-bergen-mit-kindern-wandern\/","title":{"rendered":"Sicher in den Bergen: Mit Kindern wandern"},"content":{"rendered":"<p>Stellen Sie sich vor, es ist ein perfekter Wandertag im Herbst. Die Sonne hat soeben den Nebel durchbrochen, sanft strahlen die Gipfel im ged\u00e4mpften Sonnenlicht. Doch Kinder haben keinen Blick f\u00fcr die Sch\u00f6nheit einer Landschaft. Es interessiert sie nicht, wie gut die Luft, wie gr\u00fcn die W\u00e4lder und wie toll die Aussichten sind. Viel spannender finden es Kinder, auf einer Wanderung ein Rinnsal in einem Gebirgsbach zu stauen, unz\u00e4hlige Steine zu sammeln, ein Wettschie\u00dfen mit Tannenzapfen zu machen oder einfach Ameisen zu beobachten.<\/p>\n<p>Es ist ihnen auch egal, wo sie wandern. <strong>F\u00fcr Kinder z\u00e4hlen beim Wandern keine Gipfelsiege.<\/strong> Berge sind f\u00fcr sie Orte f\u00fcr Abenteuer oder Spiel. Das Wichtigste am Wandern mit Kindern ist deshalb, deren Begeisterung daf\u00fcr \u00fcberhaupt zu wecken. Abwechslungsreiche Touren sind wichtig. Zum Beispiel entlang eines Baches, durch T\u00e4ler und W\u00e4lder.<\/p>\n<figure id=\"attachment_109700\" aria-describedby=\"caption-attachment-109700\" style=\"width: 650px\" class=\"wp-caption aligncenter\"><a href=\"https:\/\/www.salzburgerland.com\/de\/magazin\/wp-content\/uploads\/2016\/09\/Kinder_wandern.jpg\"><img loading=\"lazy\" decoding=\"async\" class=\"wp-image-109700 size-singlePost\" src=\"https:\/\/www.salzburgerland.com\/de\/magazin\/wp-content\/uploads\/2016\/09\/Kinder_wandern-650x435.jpg\" alt=\"kinder_wandern\" width=\"650\" height=\"435\" \/><\/a><figcaption id=\"caption-attachment-109700\" class=\"wp-caption-text\">Abwechslungsreiche Ziele wie ein Bauernhof mit Tieren, eine Sommerrodelbahn oder aber auch ein Naturschauspiel wie ein Wasserfall oder ein Naturlehrpfad k\u00f6nnen Kinder motivieren. (Foto: Grossarltal)<\/figcaption><\/figure>\n<p><strong><br \/>\nGute Tourenplanung ist wichtig<br \/>\n<\/strong>Suchen Sie sich eine Tour, die auch f\u00fcr Kinder geeignet ist. Neben einer nicht zu langen Gehzeit ist es wichtig, dass die Tour keine zu steilen Anstiege oder gef\u00e4hrliche Stelle aufweist. Nat\u00fcrlich sollte man am besten die Tour auch selbst kennen und gut einsch\u00e4tzen k\u00f6nnen.<\/p>\n<ul>\n<li>Lassen Sie sich daher von den Ideen Ihrer Kinder inspirieren, wenn sie eine Tour planen.<\/li>\n<li>Den Reiz der Bergwelt erleben Kinder auch auf unanstrengende Weise: Man f\u00e4hrt zun\u00e4chst mit einer Gondel oder dem Sessellift auf das Hochplateau und schl\u00e4gt einen kurzen Rundweg ein.<\/li>\n<\/ul>\n<figure id=\"attachment_109714\" aria-describedby=\"caption-attachment-109714\" style=\"width: 650px\" class=\"wp-caption aligncenter\"><a href=\"https:\/\/www.salzburgerland.com\/de\/magazin\/wp-content\/uploads\/2016\/09\/WanderninRauris.jpg\"><img loading=\"lazy\" decoding=\"async\" class=\"wp-image-109714 size-singlePost\" src=\"https:\/\/www.salzburgerland.com\/de\/magazin\/wp-content\/uploads\/2016\/09\/WanderninRauris-650x435.jpg\" alt=\"Wandern in Rauris\" width=\"650\" height=\"435\" \/><\/a><figcaption id=\"caption-attachment-109714\" class=\"wp-caption-text\">Wandern in Rauris (Foto SalzburgerLand)<\/figcaption><\/figure>\n<p><strong>Ziele Kinder selbst suchen lassen<br \/>\n<\/strong>Wer seine Kinder zum Wandern mit nimmt, ist meist selbst sehr sportlich. Viele Erwachsene vergessen aber, dass ihre Kinder k\u00f6rperlich noch nicht auf dem gleichen Niveau sind. Wenn Kinder sich der Aufgabe nicht gewachsen sehen oder sie \u00fcberfordert werden, f\u00fchrt das oft zu Frust. \u201eWann sind wir endlich da?\u201c &#8211; das will eigentlich niemand h\u00f6ren. Daher lieber kurze Halbtageswanderungen als \u00dcberforderung.<\/p>\n<p><strong>Planen Sie Pausen ein,<\/strong> denn Kinder halten es meist nicht durch, lange durchzuwandern. Daher sollte immer gen\u00fcgend Zeit zum Ruhen sein. Und diese sollten Sie regelm\u00e4\u00dfig und oft einplanen.<\/p>\n<p><strong>Ziele m\u00fcssen nichts\u00a0Au\u00dfergew\u00f6hnliches sein\u00a0<\/strong> &#8211; es reicht zum Beispiel schon ein sch\u00f6ner Platz, wo Kinder mit einer Jause belohnt werden. Oder beispielsweise ein Gasthaus mit Spielplatz, ein Bauernhof mit Tieren, eine Sommerrodelbahn oder aber auch ein abenteuerlicher Wasserfall oder ein Naturlehrpfad kann Kinder motivieren. W\u00e4hlen Sie daher immer solche H\u00f6hepunkte.<\/p>\n<p><a href=\"https:\/\/www.salzburgerland.com\/de\/magazin\/wp-content\/uploads\/2016\/09\/FamilieWandern.jpg\"><img loading=\"lazy\" decoding=\"async\" class=\"aligncenter size-singlePost wp-image-109699\" src=\"https:\/\/www.salzburgerland.com\/de\/magazin\/wp-content\/uploads\/2016\/09\/FamilieWandern-650x435.jpg\" alt=\"familiewandern\" width=\"650\" height=\"435\" \/><\/a><\/p>\n<ul>\n<li>Geben Sie den Kindern die Aufgabe, etwa <strong>nach dem richtigen Weg zu suchen<\/strong>. Sie werden sehen, sie sind mit Feuereifer bei der Sache. Und ganz nebenbei geht es auch noch rasch voran, denn der n\u00e4chste Wegweiser soll gefunden werden \u2026<\/li>\n<li>Kinder m\u00f6gen keine langweilige Wege, die vielleicht noch durch die immer gleiche Landschaft f\u00fchren und nichts zum Entdecken bieten. Daher <strong>Abwechslung schaffen<\/strong>.<\/li>\n<li><strong>Fernglas und\/oder Lupe<\/strong> mit auf die Wanderung nehmen. Denn wer etwas entdeckt hat auch Spa\u00df dabei.<\/li>\n<li>Eine <strong>Schatzsuche<\/strong> hat bis jetzt noch jedes Kind begeistert. <strong>Geocaching<\/strong> ist ein Trend, den Kinder lieben. Zusammen mit den Eltern kann man sich auf die Suche nach versteckten Gegenst\u00e4nden und Orten machen. Apps und Anleitungen gibt es dazu im Internet zu gen\u00fcge.<br \/>\nJe nach Alter des Kindes kann man das dann gleich mit <strong>Karte lesen \u00fcben<\/strong>, oder noch besser, <strong>nach Kompass laufen<\/strong>, verbinden. Dinge, die Kindern gro\u00dfen Spa\u00df bereiten!<\/li>\n<\/ul>\n<p>Es zahlt sich bei Wanderungen aus, behutsam zu starten und sich gegebenenfalls bei kommenden Touren St\u00fcck f\u00fcr St\u00fcck zu steigern.<\/p>\n<figure id=\"attachment_109698\" aria-describedby=\"caption-attachment-109698\" style=\"width: 650px\" class=\"wp-caption aligncenter\"><a href=\"https:\/\/www.salzburgerland.com\/de\/magazin\/wp-content\/uploads\/2016\/09\/familiensommer.jpg\"><img loading=\"lazy\" decoding=\"async\" class=\"wp-image-109698 size-singlePost\" src=\"https:\/\/www.salzburgerland.com\/de\/magazin\/wp-content\/uploads\/2016\/09\/familiensommer-650x435.jpg\" alt=\"Gasteiner Tal \/  @ Claudia Ziegler\" width=\"650\" height=\"435\" \/><\/a><figcaption id=\"caption-attachment-109698\" class=\"wp-caption-text\">Motivation durch Rast. Gasteiner Tal \/ @ Claudia Ziegler<\/figcaption><\/figure>\n<p><strong>Was auf einer Wanderung mit Kindern nicht fehlen darf<br \/>\n<\/strong>Nat\u00fcrlich ein ordentlich gepackter Rucksack. Nehmen Sie als Jause mit, was Ihr Kind gerne isst. Beachten Sie, dass Kinder bei Wanderungen rund die doppelte Menge trinken sollten.<\/p>\n<p><a href=\"https:\/\/www.salzburgerland.com\/de\/magazin\/wp-content\/uploads\/2016\/09\/Familie_wandern.jpg\"><img loading=\"lazy\" decoding=\"async\" class=\"aligncenter size-singlePost wp-image-109697\" src=\"https:\/\/www.salzburgerland.com\/de\/magazin\/wp-content\/uploads\/2016\/09\/Familie_wandern-650x435.jpg\" alt=\"familie_wandern\" width=\"650\" height=\"435\" \/><\/a><\/p>\n<p>Es kann in den Bergen Hunderte Gr\u00fcnde geben, warum man <strong>extra Proviant und extra Kleidung<\/strong> ben\u00f6tigt. Mit Kindern gibt es vermutlich nochmals 100 gute Gr\u00fcnde mehr.<\/p>\n<p>Passiert ein kleiner Kratzer, kann ein lustiges Kinderpflaster schnell heilsam sein. Nicht vergessen sollte man auf entsprechendes Schuhwerk, das guten Halt gibt, wie<strong>\u00a0Kinder-Wanderschuhe<\/strong>.\u00a0<\/p>\n<p>Die besten Voraussetzungen f\u00fcr einen g<a href=\"https:\/\/www.salzburgerland.com\/de\/family\/\/index.html\">elungenen Familienurlaub in den Bergen bieten <strong>Familienhotels<\/strong><\/a>. Dank vieler Sport- und Freizeitangebote kommen dort auch jene Kinder auf ihre Kosten, die sich nur schwer f\u00fcr das Bergwandern begeistern lassen.<\/p>\n<p>Abenteuer pur ist auch eine <strong>Nacht auf einer H\u00fctte<\/strong>. Gerade im SalzburgerLand gibt es zahllose M\u00f6glichkeiten, die ein oder andere Tour mit einer <a href=\"https:\/\/www.salzburgerland.com\/de\/huettenurlaub\/\"><strong>H\u00fctten\u00fcbernachtung<\/strong> <\/a>zu verbinden.<\/p>\n<p><em>Fotos: <a href=\"http:\/\/www.grossarltal.info\/\"><strong>Grossarltal<\/strong>,<\/a> <a href=\"http:\/\/www.gastein.com\/de\"><strong>Gasteinertal<\/strong><\/a><\/em><\/p>\n","protected":false},"excerpt":{"rendered":"<p>Stellen Sie sich vor, es ist ein perfekter Wandertag im Herbst. Die Sonne hat soeben den Nebel durchbrochen, sanft strahlen die Gipfel im ged\u00e4mpften Sonnenlicht. Doch Kinder haben keinen Blick f\u00fcr die Sch\u00f6nheit einer Landschaft. Es interessiert sie nicht, wie gut die Luft, wie gr\u00fcn die W\u00e4lder und wie toll die Aussichten sind. Viel spannender [&hellip;]<\/p>\n","protected":false},"author":217,"featured_media":109701,"comment_status":"open","ping_status":"open","sticky":false,"template":"","format":"standard","meta":{"_acf_changed":false,"wl_entities_gutenberg":"","_wl_entity_redirect_enabled":"","footnotes":""},"categories":[4],"tags":[231],"wl_entity_type":[306],"monatsauswahl":[85,91],"class_list":["post-109695","post","type-post","status-publish","format-standard","has-post-thumbnail","hentry","category-gesundheit","tag-family","wl_entity_type-article","monatsauswahl-monat_4","monatsauswahl-monat_10"],"acf":[],"yoast_head":"<!-- This site is optimized with the Yoast SEO Premium plugin v27.4 (Yoast SEO v27.4) - https:\/\/yoast.com\/product\/yoast-seo-premium-wordpress\/ -->\n<title>Sicher in den Bergen: Mit Kindern wandern - SalzburgerLand Magazin<\/title>\n<meta name=\"description\" content=\"Stellen Sie sich vor, es ist ein perfekter Wandertag im Herbst. Die Sonne hat soeben den Nebel durchbrochen, sanft strahlen die Gipfel im ged\u00e4mpften Sonnenlicht. Doch Kinder haben keinen Blick f\u00fcr die Sch\u00f6nheit einer Landschaft. Es interessiert sie nicht, wie gut die Luft, wie gr\u00fcn die W\u00e4lder und wie toll die Aussichten sind. Viel spannender [&hellip;]\" \/>\n<meta name=\"robots\" content=\"index, follow, max-snippet:-1, max-image-preview:large, max-video-preview:-1\" \/>\n<link rel=\"canonical\" href=\"https:\/\/www.salzburgerland.com\/de\/magazin\/sicher-in-den-bergen-mit-kindern-wandern\/\" \/>\n<meta property=\"og:locale\" content=\"de_DE\" \/>\n<meta property=\"og:type\" content=\"article\" \/>\n<meta property=\"og:title\" content=\"Sicher in den Bergen: Mit Kindern wandern\" \/>\n<meta property=\"og:description\" content=\"Stellen Sie sich vor, es ist ein perfekter Wandertag im Herbst. Die Sonne hat soeben den Nebel durchbrochen, sanft strahlen die Gipfel im ged\u00e4mpften Sonnenlicht. Doch Kinder haben keinen Blick f\u00fcr die Sch\u00f6nheit einer Landschaft. Es interessiert sie nicht, wie gut die Luft, wie gr\u00fcn die W\u00e4lder und wie toll die Aussichten sind. Viel spannender [&hellip;]\" \/>\n<meta property=\"og:url\" content=\"https:\/\/www.salzburgerland.com\/de\/magazin\/sicher-in-den-bergen-mit-kindern-wandern\/\" \/>\n<meta property=\"og:site_name\" content=\"SalzburgerLand Magazin\" \/>\n<meta property=\"article:publisher\" content=\"https:\/\/www.facebook.com\/salzburgerland\/\" \/>\n<meta property=\"article:published_time\" content=\"2016-09-30T10:45:50+00:00\" \/>\n<meta property=\"article:modified_time\" content=\"2020-02-13T09:39:47+00:00\" \/>\n<meta property=\"og:image\" content=\"https:\/\/www.salzburgerland.com\/de\/magazin\/wp-content\/uploads\/2016\/09\/Kinder_Wandern1.jpg\" \/>\n\t<meta property=\"og:image:width\" content=\"1600\" \/>\n\t<meta property=\"og:image:height\" content=\"1067\" \/>\n\t<meta property=\"og:image:type\" content=\"image\/jpeg\" \/>\n<meta name=\"author\" content=\"Maria Riedler\" \/>\n<meta name=\"twitter:card\" content=\"summary_large_image\" \/>\n<meta name=\"twitter:creator\" content=\"@Salzburgerland\" \/>\n<meta name=\"twitter:site\" content=\"@Salzburgerland\" \/>\n<meta name=\"twitter:label1\" content=\"Verfasst von\" \/>\n\t<meta name=\"twitter:data1\" content=\"Maria Riedler\" \/>\n\t<meta name=\"twitter:label2\" content=\"Gesch\u00e4tzte Lesezeit\" \/>\n\t<meta name=\"twitter:data2\" content=\"4\u00a0Minuten\" \/>\n<script type=\"application\/ld+json\" class=\"yoast-schema-graph\">{\"@context\":\"https:\\\/\\\/schema.org\",\"@graph\":[{\"@type\":\"Article\",\"@id\":\"https:\\\/\\\/www.salzburgerland.com\\\/de\\\/magazin\\\/sicher-in-den-bergen-mit-kindern-wandern\\\/#article\",\"isPartOf\":{\"@id\":\"https:\\\/\\\/www.salzburgerland.com\\\/de\\\/magazin\\\/sicher-in-den-bergen-mit-kindern-wandern\\\/\"},\"author\":{\"name\":\"Maria Riedler\",\"@id\":\"https:\\\/\\\/www.salzburgerland.com\\\/de\\\/magazin\\\/#\\\/schema\\\/person\\\/0cd712588b834668bcd33d7a0668adb3\"},\"headline\":\"Sicher in den Bergen: Mit Kindern wandern\",\"datePublished\":\"2016-09-30T10:45:50+00:00\",\"dateModified\":\"2020-02-13T09:39:47+00:00\",\"mainEntityOfPage\":{\"@id\":\"https:\\\/\\\/www.salzburgerland.com\\\/de\\\/magazin\\\/sicher-in-den-bergen-mit-kindern-wandern\\\/\"},\"wordCount\":805,\"commentCount\":0,\"publisher\":{\"@id\":\"https:\\\/\\\/www.salzburgerland.com\\\/de\\\/magazin\\\/#organization\"},\"image\":{\"@id\":\"https:\\\/\\\/www.salzburgerland.com\\\/de\\\/magazin\\\/sicher-in-den-bergen-mit-kindern-wandern\\\/#primaryimage\"},\"thumbnailUrl\":\"https:\\\/\\\/www.salzburgerland.com\\\/de\\\/magazin\\\/wp-content\\\/uploads\\\/2016\\\/09\\\/Kinder_Wandern1.jpg\",\"keywords\":[\"Family-Time im SalzburgerLand\"],\"articleSection\":[\"Gesundheit\"],\"inLanguage\":\"de\",\"potentialAction\":[{\"@type\":\"CommentAction\",\"name\":\"Comment\",\"target\":[\"https:\\\/\\\/www.salzburgerland.com\\\/de\\\/magazin\\\/sicher-in-den-bergen-mit-kindern-wandern\\\/#respond\"]}]},{\"@type\":\"WebPage\",\"@id\":\"https:\\\/\\\/www.salzburgerland.com\\\/de\\\/magazin\\\/sicher-in-den-bergen-mit-kindern-wandern\\\/\",\"url\":\"https:\\\/\\\/www.salzburgerland.com\\\/de\\\/magazin\\\/sicher-in-den-bergen-mit-kindern-wandern\\\/\",\"name\":\"Sicher in den Bergen: Mit Kindern wandern - SalzburgerLand Magazin\",\"isPartOf\":{\"@id\":\"https:\\\/\\\/www.salzburgerland.com\\\/de\\\/magazin\\\/#website\"},\"primaryImageOfPage\":{\"@id\":\"https:\\\/\\\/www.salzburgerland.com\\\/de\\\/magazin\\\/sicher-in-den-bergen-mit-kindern-wandern\\\/#primaryimage\"},\"image\":{\"@id\":\"https:\\\/\\\/www.salzburgerland.com\\\/de\\\/magazin\\\/sicher-in-den-bergen-mit-kindern-wandern\\\/#primaryimage\"},\"thumbnailUrl\":\"https:\\\/\\\/www.salzburgerland.com\\\/de\\\/magazin\\\/wp-content\\\/uploads\\\/2016\\\/09\\\/Kinder_Wandern1.jpg\",\"datePublished\":\"2016-09-30T10:45:50+00:00\",\"dateModified\":\"2020-02-13T09:39:47+00:00\",\"breadcrumb\":{\"@id\":\"https:\\\/\\\/www.salzburgerland.com\\\/de\\\/magazin\\\/sicher-in-den-bergen-mit-kindern-wandern\\\/#breadcrumb\"},\"inLanguage\":\"de\",\"potentialAction\":[{\"@type\":\"ReadAction\",\"target\":[\"https:\\\/\\\/www.salzburgerland.com\\\/de\\\/magazin\\\/sicher-in-den-bergen-mit-kindern-wandern\\\/\"]}]},{\"@type\":\"ImageObject\",\"inLanguage\":\"de\",\"@id\":\"https:\\\/\\\/www.salzburgerland.com\\\/de\\\/magazin\\\/sicher-in-den-bergen-mit-kindern-wandern\\\/#primaryimage\",\"url\":\"https:\\\/\\\/www.salzburgerland.com\\\/de\\\/magazin\\\/wp-content\\\/uploads\\\/2016\\\/09\\\/Kinder_Wandern1.jpg\",\"contentUrl\":\"https:\\\/\\\/www.salzburgerland.com\\\/de\\\/magazin\\\/wp-content\\\/uploads\\\/2016\\\/09\\\/Kinder_Wandern1.jpg\",\"width\":1600,\"height\":1067,\"caption\":\"Austria \\\/ Salzburg \\\/ Gasteiner Tal \\\/ Herbst 2009 @ Claudia Ziegler\"},{\"@type\":\"BreadcrumbList\",\"@id\":\"https:\\\/\\\/www.salzburgerland.com\\\/de\\\/magazin\\\/sicher-in-den-bergen-mit-kindern-wandern\\\/#breadcrumb\",\"itemListElement\":[{\"@type\":\"ListItem\",\"position\":1,\"name\":\"Startseite\",\"item\":\"https:\\\/\\\/www.salzburgerland.com\\\/de\\\/magazin\\\/\"},{\"@type\":\"ListItem\",\"position\":2,\"name\":\"Gesundheit\",\"item\":\"https:\\\/\\\/www.salzburgerland.com\\\/de\\\/magazin\\\/thema\\\/gesundheit\\\/\"},{\"@type\":\"ListItem\",\"position\":3,\"name\":\"Sicher in den Bergen: Mit Kindern wandern\"}]},{\"@type\":\"WebSite\",\"@id\":\"https:\\\/\\\/www.salzburgerland.com\\\/de\\\/magazin\\\/#website\",\"url\":\"https:\\\/\\\/www.salzburgerland.com\\\/de\\\/magazin\\\/\",\"name\":\"SalzburgerLand Magazin\",\"description\":\"Geschichten und Interessantes aus dem SalzburgerLand\",\"publisher\":{\"@id\":\"https:\\\/\\\/www.salzburgerland.com\\\/de\\\/magazin\\\/#organization\"},\"potentialAction\":[{\"@type\":\"SearchAction\",\"target\":{\"@type\":\"EntryPoint\",\"urlTemplate\":\"https:\\\/\\\/www.salzburgerland.com\\\/de\\\/magazin\\\/?s={search_term_string}\"},\"query-input\":{\"@type\":\"PropertyValueSpecification\",\"valueRequired\":true,\"valueName\":\"search_term_string\"}}],\"inLanguage\":\"de\"},{\"@type\":\"Organization\",\"@id\":\"https:\\\/\\\/www.salzburgerland.com\\\/de\\\/magazin\\\/#organization\",\"name\":\"SalzburgerLand Tourismus\",\"url\":\"https:\\\/\\\/www.salzburgerland.com\\\/de\\\/magazin\\\/\",\"logo\":{\"@type\":\"ImageObject\",\"inLanguage\":\"de\",\"@id\":\"https:\\\/\\\/www.salzburgerland.com\\\/de\\\/magazin\\\/#\\\/schema\\\/logo\\\/image\\\/\",\"url\":\"https:\\\/\\\/www.salzburgerland.com\\\/de\\\/magazin\\\/wp-content\\\/uploads\\\/2019\\\/06\\\/salzburgerland-logo1.jpg\",\"contentUrl\":\"https:\\\/\\\/www.salzburgerland.com\\\/de\\\/magazin\\\/wp-content\\\/uploads\\\/2019\\\/06\\\/salzburgerland-logo1.jpg\",\"width\":2011,\"height\":866,\"caption\":\"SalzburgerLand Tourismus\"},\"image\":{\"@id\":\"https:\\\/\\\/www.salzburgerland.com\\\/de\\\/magazin\\\/#\\\/schema\\\/logo\\\/image\\\/\"},\"sameAs\":[\"https:\\\/\\\/www.facebook.com\\\/salzburgerland\\\/\",\"https:\\\/\\\/x.com\\\/Salzburgerland\",\"https:\\\/\\\/www.instagram.com\\\/salzburgerland\\\/\",\"https:\\\/\\\/at.linkedin.com\\\/company\\\/salzburgerland-tourismus-gmbh\",\"https:\\\/\\\/www.pinterest.at\\\/salzburgerland\\\/\",\"https:\\\/\\\/www.youtube.com\\\/user\\\/salzburgerland\",\"https:\\\/\\\/de.wikipedia.org\\\/wiki\\\/SalzburgerLand_Tourismus_GmbH\"]},{\"@type\":\"Person\",\"@id\":\"https:\\\/\\\/www.salzburgerland.com\\\/de\\\/magazin\\\/#\\\/schema\\\/person\\\/0cd712588b834668bcd33d7a0668adb3\",\"name\":\"Maria Riedler\",\"description\":\"Ein Bild sagt mehr als tausend Worte, hei\u00dft es. Aber genauso wichtig ist die Geschichte dazu. Spannende Texte haben nicht nur einen gro\u00dfen Effekt auf unsere Wahrnehmung, sie lassen auch das Kopfkino in uns starten! Den Dingen nachzusp\u00fcren und auf den Grund zu gehen, das geh\u00f6rt jedenfalls seit meiner Jugendzeit zu mir ... Maria Riedler studierte neben ihrer T\u00e4tigkeit als Kinderkrankenschwester Publizistik und P\u00e4dagogik. Nach dem Studium verbrachte sie \u00fcber zwei Jahre in Australien, wo sie f\u00fcr den staatlichen Rundfunk SBS arbeitete. Anschlie\u00dfend war sie f\u00fcnf Jahre freie Mitarbeiterin im ORF Landesstudio Salzburg, weiters Kommunikationsbeauftragte beim Arbeitskreis f\u00fcr Vorsorgemedizin Salzburg (AVOS), war freiberufliche Journalistin bei der Salzburgerin und ist als Redakteurin f\u00fcr die Pongauer Nachrichten t\u00e4tig. Neben Schreiben, Fotografieren und Lesen liebt sie vor allem unsere Berge und ist ehrenamtlich Bergrettungshundef\u00fchrerin und Pressereferentin der Bergrettung Salzburg. Dosige(r) oder Zuagroast? Eindeutig dosig - aus dem\u00a0einmaligen Lungau. Fr\u00fchling, Sommer, Herbst oder Winter? Nachdem ich auch einige Jahre in Australien gelebt habe, bin ich mir sicher, dass uns weltweit die Menschen um diese so unterschiedlich sch\u00f6nen und so facettenreichen Jahreszeiten beneiden. Luxushotel oder Almh\u00fctte? Obwohl so ein Luxushotel schon seine Reize hat, genie\u00dfe ich doch meist eher die Einsamkeit auf einer Almh\u00fctte\u2026. Mozart oder Hubert von Goisern? Wie sch\u00f6n, dass wir so begnadete Musiker haben!\u00a0Leider\u00a0gibt es f\u00fcr mich - wie so oft - siehe oben und unten :-) kein Entweder-Oder\u2026 Ausstellung oder Bergpanorama? \\\"Kunst w\u00e4scht den Staub des Alltag von der Seele\\\", meinte Pablo Picasso. \u00a0Die Berge und deren Traumpanorama brauche ich auch, um mir\u00a0neue Perspektiven vom Leben zu holen.\u00a0Also:\u00a0Es muss doch mehr als alles geben \u00a0- wahrscheinlich mein Lebensmotto, deshalb bitte keine weiteren Entweder-Oder Fragen!\u00a0:-) Wer jemals einen Sonnenaufgang oder Sonnenuntergang in unseren Bergen erlebt hat, wei\u00df um die Einmaligkeit dieser Bilder und Eindr\u00fccke.\",\"url\":\"https:\\\/\\\/www.salzburgerland.com\\\/de\\\/magazin\\\/author\\\/mriedler\\\/\"}]}<\/script>\n<!-- \/ Yoast SEO Premium plugin. -->","yoast_head_json":{"title":"Sicher in den Bergen: Mit Kindern wandern - SalzburgerLand Magazin","description":"Stellen Sie sich vor, es ist ein perfekter Wandertag im Herbst. Die Sonne hat soeben den Nebel durchbrochen, sanft strahlen die Gipfel im ged\u00e4mpften Sonnenlicht. Doch Kinder haben keinen Blick f\u00fcr die Sch\u00f6nheit einer Landschaft. Es interessiert sie nicht, wie gut die Luft, wie gr\u00fcn die W\u00e4lder und wie toll die Aussichten sind. Viel spannender [&hellip;]","robots":{"index":"index","follow":"follow","max-snippet":"max-snippet:-1","max-image-preview":"max-image-preview:large","max-video-preview":"max-video-preview:-1"},"canonical":"https:\/\/www.salzburgerland.com\/de\/magazin\/sicher-in-den-bergen-mit-kindern-wandern\/","og_locale":"de_DE","og_type":"article","og_title":"Sicher in den Bergen: Mit Kindern wandern","og_description":"Stellen Sie sich vor, es ist ein perfekter Wandertag im Herbst. Die Sonne hat soeben den Nebel durchbrochen, sanft strahlen die Gipfel im ged\u00e4mpften Sonnenlicht. Doch Kinder haben keinen Blick f\u00fcr die Sch\u00f6nheit einer Landschaft. Es interessiert sie nicht, wie gut die Luft, wie gr\u00fcn die W\u00e4lder und wie toll die Aussichten sind. Viel spannender [&hellip;]","og_url":"https:\/\/www.salzburgerland.com\/de\/magazin\/sicher-in-den-bergen-mit-kindern-wandern\/","og_site_name":"SalzburgerLand Magazin","article_publisher":"https:\/\/www.facebook.com\/salzburgerland\/","article_published_time":"2016-09-30T10:45:50+00:00","article_modified_time":"2020-02-13T09:39:47+00:00","og_image":[{"width":1600,"height":1067,"url":"https:\/\/www.salzburgerland.com\/de\/magazin\/wp-content\/uploads\/2016\/09\/Kinder_Wandern1.jpg","type":"image\/jpeg"}],"author":"Maria Riedler","twitter_card":"summary_large_image","twitter_creator":"@Salzburgerland","twitter_site":"@Salzburgerland","twitter_misc":{"Verfasst von":"Maria Riedler","Gesch\u00e4tzte Lesezeit":"4\u00a0Minuten"},"schema":{"@context":"https:\/\/schema.org","@graph":[{"@type":"Article","@id":"https:\/\/www.salzburgerland.com\/de\/magazin\/sicher-in-den-bergen-mit-kindern-wandern\/#article","isPartOf":{"@id":"https:\/\/www.salzburgerland.com\/de\/magazin\/sicher-in-den-bergen-mit-kindern-wandern\/"},"author":{"name":"Maria Riedler","@id":"https:\/\/www.salzburgerland.com\/de\/magazin\/#\/schema\/person\/0cd712588b834668bcd33d7a0668adb3"},"headline":"Sicher in den Bergen: Mit Kindern wandern","datePublished":"2016-09-30T10:45:50+00:00","dateModified":"2020-02-13T09:39:47+00:00","mainEntityOfPage":{"@id":"https:\/\/www.salzburgerland.com\/de\/magazin\/sicher-in-den-bergen-mit-kindern-wandern\/"},"wordCount":805,"commentCount":0,"publisher":{"@id":"https:\/\/www.salzburgerland.com\/de\/magazin\/#organization"},"image":{"@id":"https:\/\/www.salzburgerland.com\/de\/magazin\/sicher-in-den-bergen-mit-kindern-wandern\/#primaryimage"},"thumbnailUrl":"https:\/\/www.salzburgerland.com\/de\/magazin\/wp-content\/uploads\/2016\/09\/Kinder_Wandern1.jpg","keywords":["Family-Time im SalzburgerLand"],"articleSection":["Gesundheit"],"inLanguage":"de","potentialAction":[{"@type":"CommentAction","name":"Comment","target":["https:\/\/www.salzburgerland.com\/de\/magazin\/sicher-in-den-bergen-mit-kindern-wandern\/#respond"]}]},{"@type":"WebPage","@id":"https:\/\/www.salzburgerland.com\/de\/magazin\/sicher-in-den-bergen-mit-kindern-wandern\/","url":"https:\/\/www.salzburgerland.com\/de\/magazin\/sicher-in-den-bergen-mit-kindern-wandern\/","name":"Sicher in den Bergen: Mit Kindern wandern - SalzburgerLand Magazin","isPartOf":{"@id":"https:\/\/www.salzburgerland.com\/de\/magazin\/#website"},"primaryImageOfPage":{"@id":"https:\/\/www.salzburgerland.com\/de\/magazin\/sicher-in-den-bergen-mit-kindern-wandern\/#primaryimage"},"image":{"@id":"https:\/\/www.salzburgerland.com\/de\/magazin\/sicher-in-den-bergen-mit-kindern-wandern\/#primaryimage"},"thumbnailUrl":"https:\/\/www.salzburgerland.com\/de\/magazin\/wp-content\/uploads\/2016\/09\/Kinder_Wandern1.jpg","datePublished":"2016-09-30T10:45:50+00:00","dateModified":"2020-02-13T09:39:47+00:00","breadcrumb":{"@id":"https:\/\/www.salzburgerland.com\/de\/magazin\/sicher-in-den-bergen-mit-kindern-wandern\/#breadcrumb"},"inLanguage":"de","potentialAction":[{"@type":"ReadAction","target":["https:\/\/www.salzburgerland.com\/de\/magazin\/sicher-in-den-bergen-mit-kindern-wandern\/"]}]},{"@type":"ImageObject","inLanguage":"de","@id":"https:\/\/www.salzburgerland.com\/de\/magazin\/sicher-in-den-bergen-mit-kindern-wandern\/#primaryimage","url":"https:\/\/www.salzburgerland.com\/de\/magazin\/wp-content\/uploads\/2016\/09\/Kinder_Wandern1.jpg","contentUrl":"https:\/\/www.salzburgerland.com\/de\/magazin\/wp-content\/uploads\/2016\/09\/Kinder_Wandern1.jpg","width":1600,"height":1067,"caption":"Austria \/ Salzburg \/ Gasteiner Tal \/ Herbst 2009 @ Claudia Ziegler"},{"@type":"BreadcrumbList","@id":"https:\/\/www.salzburgerland.com\/de\/magazin\/sicher-in-den-bergen-mit-kindern-wandern\/#breadcrumb","itemListElement":[{"@type":"ListItem","position":1,"name":"Startseite","item":"https:\/\/www.salzburgerland.com\/de\/magazin\/"},{"@type":"ListItem","position":2,"name":"Gesundheit","item":"https:\/\/www.salzburgerland.com\/de\/magazin\/thema\/gesundheit\/"},{"@type":"ListItem","position":3,"name":"Sicher in den Bergen: Mit Kindern wandern"}]},{"@type":"WebSite","@id":"https:\/\/www.salzburgerland.com\/de\/magazin\/#website","url":"https:\/\/www.salzburgerland.com\/de\/magazin\/","name":"SalzburgerLand Magazin","description":"Geschichten und Interessantes aus dem SalzburgerLand","publisher":{"@id":"https:\/\/www.salzburgerland.com\/de\/magazin\/#organization"},"potentialAction":[{"@type":"SearchAction","target":{"@type":"EntryPoint","urlTemplate":"https:\/\/www.salzburgerland.com\/de\/magazin\/?s={search_term_string}"},"query-input":{"@type":"PropertyValueSpecification","valueRequired":true,"valueName":"search_term_string"}}],"inLanguage":"de"},{"@type":"Organization","@id":"https:\/\/www.salzburgerland.com\/de\/magazin\/#organization","name":"SalzburgerLand Tourismus","url":"https:\/\/www.salzburgerland.com\/de\/magazin\/","logo":{"@type":"ImageObject","inLanguage":"de","@id":"https:\/\/www.salzburgerland.com\/de\/magazin\/#\/schema\/logo\/image\/","url":"https:\/\/www.salzburgerland.com\/de\/magazin\/wp-content\/uploads\/2019\/06\/salzburgerland-logo1.jpg","contentUrl":"https:\/\/www.salzburgerland.com\/de\/magazin\/wp-content\/uploads\/2019\/06\/salzburgerland-logo1.jpg","width":2011,"height":866,"caption":"SalzburgerLand Tourismus"},"image":{"@id":"https:\/\/www.salzburgerland.com\/de\/magazin\/#\/schema\/logo\/image\/"},"sameAs":["https:\/\/www.facebook.com\/salzburgerland\/","https:\/\/x.com\/Salzburgerland","https:\/\/www.instagram.com\/salzburgerland\/","https:\/\/at.linkedin.com\/company\/salzburgerland-tourismus-gmbh","https:\/\/www.pinterest.at\/salzburgerland\/","https:\/\/www.youtube.com\/user\/salzburgerland","https:\/\/de.wikipedia.org\/wiki\/SalzburgerLand_Tourismus_GmbH"]},{"@type":"Person","@id":"https:\/\/www.salzburgerland.com\/de\/magazin\/#\/schema\/person\/0cd712588b834668bcd33d7a0668adb3","name":"Maria Riedler","description":"Ein Bild sagt mehr als tausend Worte, hei\u00dft es. Aber genauso wichtig ist die Geschichte dazu. Spannende Texte haben nicht nur einen gro\u00dfen Effekt auf unsere Wahrnehmung, sie lassen auch das Kopfkino in uns starten! Den Dingen nachzusp\u00fcren und auf den Grund zu gehen, das geh\u00f6rt jedenfalls seit meiner Jugendzeit zu mir ... Maria Riedler studierte neben ihrer T\u00e4tigkeit als Kinderkrankenschwester Publizistik und P\u00e4dagogik. Nach dem Studium verbrachte sie \u00fcber zwei Jahre in Australien, wo sie f\u00fcr den staatlichen Rundfunk SBS arbeitete. Anschlie\u00dfend war sie f\u00fcnf Jahre freie Mitarbeiterin im ORF Landesstudio Salzburg, weiters Kommunikationsbeauftragte beim Arbeitskreis f\u00fcr Vorsorgemedizin Salzburg (AVOS), war freiberufliche Journalistin bei der Salzburgerin und ist als Redakteurin f\u00fcr die Pongauer Nachrichten t\u00e4tig. Neben Schreiben, Fotografieren und Lesen liebt sie vor allem unsere Berge und ist ehrenamtlich Bergrettungshundef\u00fchrerin und Pressereferentin der Bergrettung Salzburg. Dosige(r) oder Zuagroast? Eindeutig dosig - aus dem\u00a0einmaligen Lungau. Fr\u00fchling, Sommer, Herbst oder Winter? Nachdem ich auch einige Jahre in Australien gelebt habe, bin ich mir sicher, dass uns weltweit die Menschen um diese so unterschiedlich sch\u00f6nen und so facettenreichen Jahreszeiten beneiden. Luxushotel oder Almh\u00fctte? Obwohl so ein Luxushotel schon seine Reize hat, genie\u00dfe ich doch meist eher die Einsamkeit auf einer Almh\u00fctte\u2026. Mozart oder Hubert von Goisern? Wie sch\u00f6n, dass wir so begnadete Musiker haben!\u00a0Leider\u00a0gibt es f\u00fcr mich - wie so oft - siehe oben und unten :-) kein Entweder-Oder\u2026 Ausstellung oder Bergpanorama? \"Kunst w\u00e4scht den Staub des Alltag von der Seele\", meinte Pablo Picasso. \u00a0Die Berge und deren Traumpanorama brauche ich auch, um mir\u00a0neue Perspektiven vom Leben zu holen.\u00a0Also:\u00a0Es muss doch mehr als alles geben \u00a0- wahrscheinlich mein Lebensmotto, deshalb bitte keine weiteren Entweder-Oder Fragen!\u00a0:-) Wer jemals einen Sonnenaufgang oder Sonnenuntergang in unseren Bergen erlebt hat, wei\u00df um die Einmaligkeit dieser Bilder und Eindr\u00fccke.","url":"https:\/\/www.salzburgerland.com\/de\/magazin\/author\/mriedler\/"}]}},"_wl_alt_label":[],"wl:entity_url":"http:\/\/open.salzburgerland.com\/magazin\/post\/sicher_in_den_bergen__mit_kindern_wandern","_links":{"self":[{"href":"https:\/\/www.salzburgerland.com\/de\/magazin\/wp-json\/wp\/v2\/posts\/109695","targetHints":{"allow":["GET"]}}],"collection":[{"href":"https:\/\/www.salzburgerland.com\/de\/magazin\/wp-json\/wp\/v2\/posts"}],"about":[{"href":"https:\/\/www.salzburgerland.com\/de\/magazin\/wp-json\/wp\/v2\/types\/post"}],"author":[{"embeddable":true,"href":"https:\/\/www.salzburgerland.com\/de\/magazin\/wp-json\/wp\/v2\/users\/217"}],"replies":[{"embeddable":true,"href":"https:\/\/www.salzburgerland.com\/de\/magazin\/wp-json\/wp\/v2\/comments?post=109695"}],"version-history":[{"count":0,"href":"https:\/\/www.salzburgerland.com\/de\/magazin\/wp-json\/wp\/v2\/posts\/109695\/revisions"}],"wp:featuredmedia":[{"embeddable":true,"href":"https:\/\/www.salzburgerland.com\/de\/magazin\/wp-json\/wp\/v2\/media\/109701"}],"wp:attachment":[{"href":"https:\/\/www.salzburgerland.com\/de\/magazin\/wp-json\/wp\/v2\/media?parent=109695"}],"wp:term":[{"taxonomy":"category","embeddable":true,"href":"https:\/\/www.salzburgerland.com\/de\/magazin\/wp-json\/wp\/v2\/categories?post=109695"},{"taxonomy":"post_tag","embeddable":true,"href":"https:\/\/www.salzburgerland.com\/de\/magazin\/wp-json\/wp\/v2\/tags?post=109695"},{"taxonomy":"wl_entity_type","embeddable":true,"href":"https:\/\/www.salzburgerland.com\/de\/magazin\/wp-json\/wp\/v2\/wl_entity_type?post=109695"},{"taxonomy":"monatsauswahl","embeddable":true,"href":"https:\/\/www.salzburgerland.com\/de\/magazin\/wp-json\/wp\/v2\/monatsauswahl?post=109695"}],"curies":[{"name":"wp","href":"https:\/\/api.w.org\/{rel}","templated":true}]}}