{"id":109615,"date":"2016-09-24T15:21:48","date_gmt":"2016-09-24T13:21:48","guid":{"rendered":"http:\/\/magazin.salzburgerland.com\/?p=109615"},"modified":"2020-04-20T11:29:46","modified_gmt":"2020-04-20T09:29:46","slug":"ruhepol-tappenkarsee","status":"publish","type":"post","link":"https:\/\/www.salzburgerland.com\/de\/magazin\/ruhepol-tappenkarsee\/","title":{"rendered":"Ruhepol Tappenkarsee"},"content":{"rendered":"\n<h2 class=\"wp-block-slt-subtitle\">Sagenumwobener Bergsee<\/h2>\n\n\n\n<p class=\"wp-block-slt-intro\">Er geh\u00f6rt mit Sicherheit zu den sch\u00f6nsten Flecken \u00d6sterreichs, der sagenumwobene Tappenkarsee mit seinen malerischen Almwiesen inmitten der Radst\u00e4dter Tauern.\u00a0Durch die einfache Erreichbarkeit in ca. 2 Stunden Aufstiegszeit ist Salzburgs gr\u00f6\u00dfter Gebirgssee f\u00fcr zahlreiche Wanderer von nah und fern der ultimative Ort, um mal richtig abzuschalten und die Seele baumeln zu lassen.<\/p>\n\n\n\n<p>Wir w\u00e4hlen f\u00fcr diese Tour die Anreise per PKW bis zum Parkplatz am kristallklaren J\u00e4gersee, wo wir auf das mitgef\u00fchrte Mountainbike umsteigen, das uns den Weg zur Schwabalm verk\u00fcrzt. Da auf dem Weg zur Materialseilbahn tags\u00fcber auch die PKW-Zufahrt erlaubt ist, muss man hier bei Sch\u00f6nwetter noch mit regem Verkehrsaufkommen rechnen. Das \u00e4ndert sich schlagartig, sobald man das Gatter hinter dem Parkplatz durchschritten hat. Ab hier gibt das Wandervolk den Ton an.<\/p>\n\n\n\n<h2 class=\"wp-block-heading\"><strong>Auf den Spuren\u00a0des Lindwurms<\/strong><\/h2>\n\n\n\n<p>Der Aufstieg zum Tappenkarsee verl\u00e4uft auf breitem Weg und in Serpentinen \u00fcber eine Steilstufe am Talschluss. Z\u00fcgig \u00fcberwinden wir, durch lichten L\u00e4rchenwald und vorbei an traumhaften Wasserf\u00e4llen, die 700 Meter H\u00f6henunterschied und erreichen nach knapp zwei Stunden das Ziel. Hier er\u00f6ffnet sich uns der Blick auf das m\u00e4rchenhafte Hochtal, in das sich der tiefblaue See eingebettet sieht. Nicht umsonst ranken sich um diesen Ort seit jeher zahlreiche Mythen. Es hei\u00dft, der Lindwurm \u2013 ein drachen\u00e4hnliches Wesen, das einst viel Unheil unter den Viehherden anrichtete \u2013 haust noch heute tief unten am Seegrund und nagt unaufhaltsam am Gestein des nat\u00fcrlichen Staudamms, um eines Tages das darunterliegende Kleinarltal zu verw\u00fcsten.<\/p>\n\n\n\n<figure class=\"wp-block-image size-large\"><img loading=\"lazy\" decoding=\"async\" width=\"1600\" height=\"1200\" src=\"https:\/\/www.salzburgerland.com\/de\/magazin\/wp-content\/uploads\/2016\/09\/IMG_0029.jpg\" alt=\"Ein ruhiger Bergsee mit gr\u00fcnen H\u00fcgeln, B\u00e4umen und einem teilweise bew\u00f6lkten Himmel, der sich im Wasser spiegelt.\" class=\"wp-image-109626\" srcset=\"https:\/\/www.salzburgerland.com\/de\/magazin\/wp-content\/uploads\/2016\/09\/IMG_0029.jpg 1600w, https:\/\/www.salzburgerland.com\/de\/magazin\/wp-content\/uploads\/2016\/09\/IMG_0029-300x225.jpg 300w, https:\/\/www.salzburgerland.com\/de\/magazin\/wp-content\/uploads\/2016\/09\/IMG_0029-733x550.jpg 733w, https:\/\/www.salzburgerland.com\/de\/magazin\/wp-content\/uploads\/2016\/09\/IMG_0029-140x105.jpg 140w, https:\/\/www.salzburgerland.com\/de\/magazin\/wp-content\/uploads\/2016\/09\/IMG_0029-533x400.jpg 533w, https:\/\/www.salzburgerland.com\/de\/magazin\/wp-content\/uploads\/2016\/09\/IMG_0029-960x720.jpg 960w, https:\/\/www.salzburgerland.com\/de\/magazin\/wp-content\/uploads\/2016\/09\/IMG_0029-1320x990.jpg 1320w, https:\/\/www.salzburgerland.com\/de\/magazin\/wp-content\/uploads\/2016\/09\/IMG_0029-1200x900.jpg 1200w\" sizes=\"auto, (max-width: 1600px) 100vw, 1600px\" \/><\/figure>\n\n\n\n<h2 class=\"wp-block-heading\"><strong>Gerade noch\u00a0trocken geblieben<\/strong><\/h2>\n\n\n\n<p>Mit einem Sprung ins k\u00fchle Nass und einem ausgedehnten Picknick feiern wir das Erreichen unseres heutigen Ziels. Da wir die Nacht auf der oberhalb des Sees liegenden <a href=\"http:\/\/www.tappenkarseehuette.at\" target=\"_blank\" rel=\"noreferrer noopener\">Tappenkarseeh\u00fctte<\/a> verbringen werden, st\u00f6ren uns die sich auft\u00fcrmenden Gewitterwolken wenig. Mit dem ersten Donnerschlag betreten wir die gro\u00dfe Alpenvereinsh\u00fctte und werden freundlich begr\u00fc\u00dft. Eine gro\u00dfe singende Jugendgruppe bev\u00f6lkert bereits die gem\u00fctliche Gaststube. W\u00e4hrend sich drau\u00dfen alle Himmelsschleusen zu \u00f6ffnen scheinen und ein Blitz nach dem anderen \u00fcber den Himmel jagd, machen wir es uns bei einer hei\u00dfen Schokolade gem\u00fctlich. Seit Jahrzehnten wird die Tappenkarseeh\u00fctte von der Familie H\u00f6ller bewirtschaftet. H\u00fcttenwirt Hannes wird deshalb aber nicht m\u00fcde, aufmerksam den Erz\u00e4hlungen seiner G\u00e4ste zu lauschen und verspr\u00fcht durch und durch positive Lebensenergie. Am sp\u00e4teren Abend berichtet er uns, dass die Zufahrtsstra\u00dfe zur Schwabalm gerade von einer Mure versch\u00fcttet worden sei und nun unter einem Meter aus Schlamm und Ger\u00f6ll liegen soll. Wir haben gut daran getan, das Auto bereits am J\u00e4gersee stehengelassen zu haben, w\u00fcrden die Aufr\u00e4umarbeiten doch bestimmt bis in den Nachmittag des n\u00e4chsten Tages hinein dauern. Interessiert lauschen wir weiteren Anekdoten aus dem Almleben und legen uns danach m\u00fcde und zufrieden zur Ruhe.<\/p>\n\n\n\n<p>Nach einer tiefenentspannten Nacht im Matratzenlager wecken uns die ersten Sonnenstrahlen und locken uns zum ausgedehnten Fr\u00fchst\u00fcck auf die Sonnenterasse, von der aus wir den herrlichen Blick auf den See und die umliegenden Gipfel genie\u00dfen. W\u00e4hrend die meisten G\u00e4ste bereits aufgebrochen sind, haben wir es nicht eilig und wollen noch ein paar Stunden an diesem idyllischen Ort verbringen, bevor wir den R\u00fcckweg ins Tal antreten.<\/p>\n\n\n\n<p><strong>Gehzeit zum Tappenkarsee<\/strong><\/p>\n\n\n\n<ul class=\"wp-block-list\"><li>2:40h vom J\u00e4gersee<\/li><li>1:40h von Schwabalm<\/li><\/ul>\n\n\n<div class=\"oax_marg_bottom_12\">\u00a0<\/div>\n<div class=\"mag-gallery\"><div class=\"row\"><div class=\"col-6 col-sm-4\"><figure><a class=\"thumb-container\" href=\"https:\/\/www.salzburgerland.com\/de\/magazin\/wp-content\/uploads\/2016\/09\/IMG_0037-1280x1024.jpg\">\t<picture><source media=\"(min-width: 576px)\" srcset=\"\" \/><source media=\"(min-width: 0)\" srcset=\"https:\/\/www.salzburgerland.com\/de\/magazin\/wp-content\/uploads\/2016\/09\/IMG_0037.jpg 1200w, https:\/\/www.salzburgerland.com\/de\/magazin\/wp-content\/uploads\/2016\/09\/IMG_0037-225x300.jpg 225w, https:\/\/www.salzburgerland.com\/de\/magazin\/wp-content\/uploads\/2016\/09\/IMG_0037-413x550.jpg 413w, https:\/\/www.salzburgerland.com\/de\/magazin\/wp-content\/uploads\/2016\/09\/IMG_0037-300x400.jpg 300w\" \/><img decoding=\"async\" alt=\"Gro\u00dfer Wasserfall, der \u00fcber felsige Klippen st\u00fcrzt, umgeben von gr\u00fcnen B\u00e4umen und Waldvegetation.\" src=\"https:\/\/www.salzburgerland.com\/de\/magazin\/wp-content\/uploads\/2016\/09\/IMG_0037.jpg\" \/>\t<\/picture><\/a><\/figure><\/div><div class=\"col-6 col-sm-4\"><figure><a class=\"thumb-container\" href=\"https:\/\/www.salzburgerland.com\/de\/magazin\/wp-content\/uploads\/2016\/09\/IMG_9837-1280x1024.jpg\">\t<picture><source media=\"(min-width: 576px)\" srcset=\"https:\/\/www.salzburgerland.com\/de\/magazin\/wp-content\/uploads\/2016\/09\/IMG_9837-325x209.jpg 325w, https:\/\/www.salzburgerland.com\/de\/magazin\/wp-content\/uploads\/2016\/09\/IMG_9837-249x160.jpg 249w\" \/><source media=\"(min-width: 0)\" srcset=\"https:\/\/www.salzburgerland.com\/de\/magazin\/wp-content\/uploads\/2016\/09\/IMG_9837-249x160.jpg 249w, https:\/\/www.salzburgerland.com\/de\/magazin\/wp-content\/uploads\/2016\/09\/IMG_9837-325x209.jpg 325w\" \/><img decoding=\"async\" alt=\"Ein kleines Boot am Ufer eines Bergsees mit gr\u00fcnen H\u00fcgeln und einem teilweise bew\u00f6lkten Himmel.\" src=\"https:\/\/www.salzburgerland.com\/de\/magazin\/wp-content\/uploads\/2016\/09\/IMG_9837.jpg\" \/>\t<\/picture><\/a><\/figure><\/div><div class=\"col-6 col-sm-4\"><figure><a class=\"thumb-container\" href=\"https:\/\/www.salzburgerland.com\/de\/magazin\/wp-content\/uploads\/2016\/09\/IMG_9845-1280x1024.jpg\">\t<picture><source media=\"(min-width: 576px)\" srcset=\"https:\/\/www.salzburgerland.com\/de\/magazin\/wp-content\/uploads\/2016\/09\/IMG_9845-325x209.jpg 325w, https:\/\/www.salzburgerland.com\/de\/magazin\/wp-content\/uploads\/2016\/09\/IMG_9845-249x160.jpg 249w\" \/><source media=\"(min-width: 0)\" srcset=\"https:\/\/www.salzburgerland.com\/de\/magazin\/wp-content\/uploads\/2016\/09\/IMG_9845-249x160.jpg 249w, https:\/\/www.salzburgerland.com\/de\/magazin\/wp-content\/uploads\/2016\/09\/IMG_9845-325x209.jpg 325w\" \/><img decoding=\"async\" alt=\"Eine Ente mit Entenk\u00fcken steht an einem See, mit felsigen Bergen und gr\u00fcnen B\u00e4umen im Hintergrund.\" src=\"https:\/\/www.salzburgerland.com\/de\/magazin\/wp-content\/uploads\/2016\/09\/IMG_9845.jpg\" \/>\t<\/picture><\/a><\/figure><\/div><div class=\"col-6 col-sm-4\"><figure><a class=\"thumb-container\" href=\"https:\/\/www.salzburgerland.com\/de\/magazin\/wp-content\/uploads\/2016\/09\/IMG_9883-1280x1024.jpg\">\t<picture><source media=\"(min-width: 576px)\" srcset=\"https:\/\/www.salzburgerland.com\/de\/magazin\/wp-content\/uploads\/2016\/09\/IMG_9883-325x209.jpg 325w, https:\/\/www.salzburgerland.com\/de\/magazin\/wp-content\/uploads\/2016\/09\/IMG_9883-249x160.jpg 249w\" \/><source media=\"(min-width: 0)\" srcset=\"https:\/\/www.salzburgerland.com\/de\/magazin\/wp-content\/uploads\/2016\/09\/IMG_9883-249x160.jpg 249w, https:\/\/www.salzburgerland.com\/de\/magazin\/wp-content\/uploads\/2016\/09\/IMG_9883-325x209.jpg 325w\" \/><img decoding=\"async\" alt=\"Ein Bergsee, umgeben von gr\u00fcnen H\u00fcgeln und einem sich schl\u00e4ngelnden Bach unter einem klaren blauen Himmel.\" src=\"https:\/\/www.salzburgerland.com\/de\/magazin\/wp-content\/uploads\/2016\/09\/IMG_9883.jpg\" \/>\t<\/picture><\/a><\/figure><\/div><div class=\"col-6 col-sm-4\"><figure><a class=\"thumb-container\" href=\"https:\/\/www.salzburgerland.com\/de\/magazin\/wp-content\/uploads\/2016\/09\/IMG_9895-1280x1024.jpg\">\t<picture><source media=\"(min-width: 576px)\" srcset=\"https:\/\/www.salzburgerland.com\/de\/magazin\/wp-content\/uploads\/2016\/09\/IMG_9895-325x209.jpg 325w, https:\/\/www.salzburgerland.com\/de\/magazin\/wp-content\/uploads\/2016\/09\/IMG_9895-249x160.jpg 249w\" \/><source media=\"(min-width: 0)\" srcset=\"https:\/\/www.salzburgerland.com\/de\/magazin\/wp-content\/uploads\/2016\/09\/IMG_9895-249x160.jpg 249w, https:\/\/www.salzburgerland.com\/de\/magazin\/wp-content\/uploads\/2016\/09\/IMG_9895-325x209.jpg 325w\" \/><img decoding=\"async\" alt=\"Menschen essen im Freien auf einer Holzterrasse mit Blick auf einen See und gr\u00fcne Berge unter blauem Himmel.\" src=\"https:\/\/www.salzburgerland.com\/de\/magazin\/wp-content\/uploads\/2016\/09\/IMG_9895.jpg\" \/>\t<\/picture><\/a><\/figure><\/div><div class=\"col-6 col-sm-4\"><figure><a class=\"thumb-container\" href=\"https:\/\/www.salzburgerland.com\/de\/magazin\/wp-content\/uploads\/2016\/09\/IMG_0027-1280x1024.jpg\">\t<picture><source media=\"(min-width: 576px)\" srcset=\"https:\/\/www.salzburgerland.com\/de\/magazin\/wp-content\/uploads\/2016\/09\/IMG_0027-325x209.jpg 325w, https:\/\/www.salzburgerland.com\/de\/magazin\/wp-content\/uploads\/2016\/09\/IMG_0027-249x160.jpg 249w\" \/><source media=\"(min-width: 0)\" srcset=\"https:\/\/www.salzburgerland.com\/de\/magazin\/wp-content\/uploads\/2016\/09\/IMG_0027-249x160.jpg 249w, https:\/\/www.salzburgerland.com\/de\/magazin\/wp-content\/uploads\/2016\/09\/IMG_0027-325x209.jpg 325w\" \/><img decoding=\"async\" alt=\"Menschen spazieren an einem Bergsee mit einer Holzh\u00fctte, umgeben von felsigen Gipfeln und gr\u00fcnen H\u00fcgeln unter blauem Himmel.\" src=\"https:\/\/www.salzburgerland.com\/de\/magazin\/wp-content\/uploads\/2016\/09\/IMG_0027.jpg\" \/>\t<\/picture><\/a><\/figure><\/div><div class=\"col-6 col-sm-4\"><figure><a class=\"thumb-container\" href=\"https:\/\/www.salzburgerland.com\/de\/magazin\/wp-content\/uploads\/2016\/09\/IMG_0029-1280x1024.jpg\">\t<picture><source media=\"(min-width: 576px)\" srcset=\"https:\/\/www.salzburgerland.com\/de\/magazin\/wp-content\/uploads\/2016\/09\/IMG_0029-325x209.jpg 325w, https:\/\/www.salzburgerland.com\/de\/magazin\/wp-content\/uploads\/2016\/09\/IMG_0029-249x160.jpg 249w\" \/><source media=\"(min-width: 0)\" srcset=\"https:\/\/www.salzburgerland.com\/de\/magazin\/wp-content\/uploads\/2016\/09\/IMG_0029-249x160.jpg 249w, https:\/\/www.salzburgerland.com\/de\/magazin\/wp-content\/uploads\/2016\/09\/IMG_0029-325x209.jpg 325w\" \/><img decoding=\"async\" alt=\"Ein ruhiger Bergsee mit gr\u00fcnen H\u00fcgeln, B\u00e4umen und einem teilweise bew\u00f6lkten Himmel, der sich im Wasser spiegelt.\" src=\"https:\/\/www.salzburgerland.com\/de\/magazin\/wp-content\/uploads\/2016\/09\/IMG_0029.jpg\" \/>\t<\/picture><\/a><\/figure><\/div><div class=\"col-6 col-sm-4\"><figure><a class=\"thumb-container\" href=\"https:\/\/www.salzburgerland.com\/de\/magazin\/wp-content\/uploads\/2016\/09\/IMG_9828-1280x1024.jpg\">\t<picture><source media=\"(min-width: 576px)\" srcset=\"https:\/\/www.salzburgerland.com\/de\/magazin\/wp-content\/uploads\/2016\/09\/IMG_9828-325x209.jpg 325w, https:\/\/www.salzburgerland.com\/de\/magazin\/wp-content\/uploads\/2016\/09\/IMG_9828-249x160.jpg 249w\" \/><source media=\"(min-width: 0)\" srcset=\"https:\/\/www.salzburgerland.com\/de\/magazin\/wp-content\/uploads\/2016\/09\/IMG_9828-249x160.jpg 249w, https:\/\/www.salzburgerland.com\/de\/magazin\/wp-content\/uploads\/2016\/09\/IMG_9828-325x209.jpg 325w\" \/><img decoding=\"async\" alt=\"Ein Radfahrer f\u00e4hrt auf einem Schotterweg durch ein \u00fcppiges Bergtal mit B\u00e4umen und fernen Gipfeln.\" src=\"https:\/\/www.salzburgerland.com\/de\/magazin\/wp-content\/uploads\/2016\/09\/IMG_9828.jpg\" \/>\t<\/picture><\/a><\/figure><\/div><div class=\"col-6 col-sm-4\"><figure><a class=\"thumb-container\" href=\"https:\/\/www.salzburgerland.com\/de\/magazin\/wp-content\/uploads\/2016\/09\/IMG_9885-1280x1024.jpg\">\t<picture><source media=\"(min-width: 576px)\" srcset=\"https:\/\/www.salzburgerland.com\/de\/magazin\/wp-content\/uploads\/2016\/09\/IMG_9885-325x209.jpg 325w, https:\/\/www.salzburgerland.com\/de\/magazin\/wp-content\/uploads\/2016\/09\/IMG_9885-249x160.jpg 249w\" \/><source media=\"(min-width: 0)\" srcset=\"https:\/\/www.salzburgerland.com\/de\/magazin\/wp-content\/uploads\/2016\/09\/IMG_9885-249x160.jpg 249w, https:\/\/www.salzburgerland.com\/de\/magazin\/wp-content\/uploads\/2016\/09\/IMG_9885-325x209.jpg 325w\" \/><img decoding=\"async\" alt=\"Das Sonnenlicht str\u00f6mt \u00fcber einen Berggipfel und wirft einen hellen, diagonalen Lichtstrahl \u00fcber einen gr\u00fcnen Berghang.\" src=\"https:\/\/www.salzburgerland.com\/de\/magazin\/wp-content\/uploads\/2016\/09\/IMG_9885.jpg\" \/>\t<\/picture><\/a><\/figure><\/div><div class=\"col-6 col-sm-4\"><figure><a class=\"thumb-container\" href=\"https:\/\/www.salzburgerland.com\/de\/magazin\/wp-content\/uploads\/2016\/09\/IMG_0032-1280x1024.jpg\">\t<picture><source media=\"(min-width: 576px)\" srcset=\"\" \/><source media=\"(min-width: 0)\" srcset=\"\" \/><img decoding=\"async\" alt=\"Wanderer auf einem Bergpfad, umgeben von gr\u00fcnen B\u00e4umen, mit felsigen Gipfeln und blauem Himmel im Hintergrund.\" src=\"https:\/\/www.salzburgerland.com\/de\/magazin\/wp-content\/uploads\/2016\/09\/IMG_0032-rotated.jpg\" \/>\t<\/picture><\/a><\/figure><\/div><div class=\"col-6 col-sm-4\"><figure><a class=\"thumb-container\" href=\"https:\/\/www.salzburgerland.com\/de\/magazin\/wp-content\/uploads\/2016\/09\/IMG_9840-1280x1024.jpg\">\t<picture><source media=\"(min-width: 576px)\" srcset=\"https:\/\/www.salzburgerland.com\/de\/magazin\/wp-content\/uploads\/2016\/09\/IMG_9840-325x209.jpg 325w, https:\/\/www.salzburgerland.com\/de\/magazin\/wp-content\/uploads\/2016\/09\/IMG_9840-249x160.jpg 249w\" \/><source media=\"(min-width: 0)\" srcset=\"https:\/\/www.salzburgerland.com\/de\/magazin\/wp-content\/uploads\/2016\/09\/IMG_9840-249x160.jpg 249w, https:\/\/www.salzburgerland.com\/de\/magazin\/wp-content\/uploads\/2016\/09\/IMG_9840-325x209.jpg 325w\" \/><img decoding=\"async\" alt=\"Eine Person schwimmt in einem klaren Bergsee mit steilen, gr\u00fcnen, felsigen Gipfeln im Hintergrund unter blauem Himmel.\" src=\"https:\/\/www.salzburgerland.com\/de\/magazin\/wp-content\/uploads\/2016\/09\/IMG_9840.jpg\" \/>\t<\/picture><\/a><\/figure><\/div><div class=\"col-6 col-sm-4\"><figure><a class=\"thumb-container\" href=\"https:\/\/www.salzburgerland.com\/de\/magazin\/wp-content\/uploads\/2016\/09\/IMG_9903-1280x1024.jpg\">\t<picture><source media=\"(min-width: 576px)\" srcset=\"https:\/\/www.salzburgerland.com\/de\/magazin\/wp-content\/uploads\/2016\/09\/IMG_9903-325x209.jpg 325w, https:\/\/www.salzburgerland.com\/de\/magazin\/wp-content\/uploads\/2016\/09\/IMG_9903-249x160.jpg 249w\" \/><source media=\"(min-width: 0)\" srcset=\"https:\/\/www.salzburgerland.com\/de\/magazin\/wp-content\/uploads\/2016\/09\/IMG_9903-249x160.jpg 249w, https:\/\/www.salzburgerland.com\/de\/magazin\/wp-content\/uploads\/2016\/09\/IMG_9903-325x209.jpg 325w\" \/><img decoding=\"async\" alt=\"Auf einem grasbewachsenen H\u00fcgel unter blauem Himmel steht ein Steinhaus, zu dem ein felsiger Pfad hinauff\u00fchrt.\" src=\"https:\/\/www.salzburgerland.com\/de\/magazin\/wp-content\/uploads\/2016\/09\/IMG_9903.jpg\" \/>\t<\/picture><\/a><\/figure><\/div><div class=\"col-6 col-sm-4\"><figure><a class=\"thumb-container\" href=\"https:\/\/www.salzburgerland.com\/de\/magazin\/wp-content\/uploads\/2016\/09\/IMG_9930-1280x1024.jpg\">\t<picture><source media=\"(min-width: 576px)\" srcset=\"https:\/\/www.salzburgerland.com\/de\/magazin\/wp-content\/uploads\/2016\/09\/IMG_9930-325x209.jpg 325w, https:\/\/www.salzburgerland.com\/de\/magazin\/wp-content\/uploads\/2016\/09\/IMG_9930-249x160.jpg 249w\" \/><source media=\"(min-width: 0)\" srcset=\"https:\/\/www.salzburgerland.com\/de\/magazin\/wp-content\/uploads\/2016\/09\/IMG_9930-249x160.jpg 249w, https:\/\/www.salzburgerland.com\/de\/magazin\/wp-content\/uploads\/2016\/09\/IMG_9930-325x209.jpg 325w\" \/><img decoding=\"async\" alt=\"Eine Person, die auf einem ruhigen Bergsee, umgeben von gr\u00fcnen H\u00fcgeln und unter blauem Himmel, Steine springen l\u00e4sst.\" src=\"https:\/\/www.salzburgerland.com\/de\/magazin\/wp-content\/uploads\/2016\/09\/IMG_9930.jpg\" \/>\t<\/picture><\/a><\/figure><\/div><\/div><\/div><figcaption><\/figcaption>","protected":false},"excerpt":{"rendered":"<p>Wir w\u00e4hlen f\u00fcr diese Tour die Anreise per PKW bis zum Parkplatz am kristallklaren J\u00e4gersee, wo wir auf das mitgef\u00fchrte Mountainbike umsteigen, das uns den Weg zur Schwabalm verk\u00fcrzt. Da auf dem Weg zur Materialseilbahn tags\u00fcber auch die PKW-Zufahrt erlaubt ist, muss man hier bei Sch\u00f6nwetter noch mit regem Verkehrsaufkommen rechnen. Das \u00e4ndert sich schlagartig, [&hellip;]<\/p>\n","protected":false},"author":538,"featured_media":109619,"comment_status":"open","ping_status":"open","sticky":false,"template":"","format":"standard","meta":{"_acf_changed":false,"wl_entities_gutenberg":"","_wl_entity_redirect_enabled":"","footnotes":""},"categories":[8],"tags":[],"wl_entity_type":[306],"monatsauswahl":[86,87,88,89,90,91],"class_list":["post-109615","post","type-post","status-publish","format-standard","has-post-thumbnail","hentry","category-outdoor-sport","wl_entity_type-article","monatsauswahl-monat_5","monatsauswahl-monat_6","monatsauswahl-monat_7","monatsauswahl-monat_8","monatsauswahl-monat_9","monatsauswahl-monat_10"],"acf":[],"yoast_head":"<!-- This site is optimized with the Yoast SEO Premium plugin v27.4 (Yoast SEO v27.4) - https:\/\/yoast.com\/product\/yoast-seo-premium-wordpress\/ -->\n<title>Ruhepol Tappenkarsee - SalzburgerLand Magazin<\/title>\n<meta name=\"description\" content=\"Er geh\u00f6rt mit Sicherheit zu den sch\u00f6nsten Flecken \u00d6sterreichs, der sagenumwobene Tappenkarsee mit seinen malerischen Almwiesen inmitten der Radst\u00e4dter Tauern.\u00a0Durch die einfache Erreichbarkeit in ca. 2 Stunden Aufstiegszeit ist Salzburgs gr\u00f6\u00dfter Gebirgssee f\u00fcr zahlreiche Wanderer von nah und fern der ultimative Ort, um mal richtig abzuschalten und die Seele baumeln zu lassen.\" \/>\n<meta name=\"robots\" content=\"index, follow, max-snippet:-1, max-image-preview:large, max-video-preview:-1\" \/>\n<link rel=\"canonical\" href=\"https:\/\/www.salzburgerland.com\/de\/magazin\/ruhepol-tappenkarsee\/\" \/>\n<meta property=\"og:locale\" content=\"de_DE\" \/>\n<meta property=\"og:type\" content=\"article\" \/>\n<meta property=\"og:title\" content=\"Ruhepol Tappenkarsee\" \/>\n<meta property=\"og:description\" content=\"Wir w\u00e4hlen f\u00fcr diese Tour die Anreise per PKW bis zum Parkplatz am kristallklaren J\u00e4gersee, wo wir auf das mitgef\u00fchrte Mountainbike umsteigen, das uns den Weg zur Schwabalm verk\u00fcrzt. Da auf dem Weg zur Materialseilbahn tags\u00fcber auch die PKW-Zufahrt erlaubt ist, muss man hier bei Sch\u00f6nwetter noch mit regem Verkehrsaufkommen rechnen. Das \u00e4ndert sich schlagartig, [&hellip;]\" \/>\n<meta property=\"og:url\" content=\"https:\/\/www.salzburgerland.com\/de\/magazin\/ruhepol-tappenkarsee\/\" \/>\n<meta property=\"og:site_name\" content=\"SalzburgerLand Magazin\" \/>\n<meta property=\"article:publisher\" content=\"https:\/\/www.facebook.com\/salzburgerland\/\" \/>\n<meta property=\"article:published_time\" content=\"2016-09-24T13:21:48+00:00\" \/>\n<meta property=\"article:modified_time\" content=\"2020-04-20T09:29:46+00:00\" \/>\n<meta property=\"og:image\" content=\"https:\/\/www.salzburgerland.com\/de\/magazin\/wp-content\/uploads\/2016\/09\/IMG_9883.jpg\" \/>\n\t<meta property=\"og:image:width\" content=\"1600\" \/>\n\t<meta property=\"og:image:height\" content=\"1200\" \/>\n\t<meta property=\"og:image:type\" content=\"image\/jpeg\" \/>\n<meta name=\"author\" content=\"Lukas Uitz\" \/>\n<meta name=\"twitter:card\" content=\"summary_large_image\" \/>\n<meta name=\"twitter:creator\" content=\"@Salzburgerland\" \/>\n<meta name=\"twitter:site\" content=\"@Salzburgerland\" \/>\n<meta name=\"twitter:label1\" content=\"Verfasst von\" \/>\n\t<meta name=\"twitter:data1\" content=\"Lukas Uitz\" \/>\n\t<meta name=\"twitter:label2\" content=\"Gesch\u00e4tzte Lesezeit\" \/>\n\t<meta name=\"twitter:data2\" content=\"3\u00a0Minuten\" \/>\n<script type=\"application\/ld+json\" class=\"yoast-schema-graph\">{\"@context\":\"https:\\\/\\\/schema.org\",\"@graph\":[{\"@type\":\"Article\",\"@id\":\"https:\\\/\\\/www.salzburgerland.com\\\/de\\\/magazin\\\/ruhepol-tappenkarsee\\\/#article\",\"isPartOf\":{\"@id\":\"https:\\\/\\\/www.salzburgerland.com\\\/de\\\/magazin\\\/ruhepol-tappenkarsee\\\/\"},\"author\":{\"name\":\"Lukas Uitz\",\"@id\":\"https:\\\/\\\/www.salzburgerland.com\\\/de\\\/magazin\\\/#\\\/schema\\\/person\\\/3ff7e193e2c8cac782e170e1d616dc9e\"},\"headline\":\"Ruhepol Tappenkarsee\",\"datePublished\":\"2016-09-24T13:21:48+00:00\",\"dateModified\":\"2020-04-20T09:29:46+00:00\",\"mainEntityOfPage\":{\"@id\":\"https:\\\/\\\/www.salzburgerland.com\\\/de\\\/magazin\\\/ruhepol-tappenkarsee\\\/\"},\"wordCount\":570,\"commentCount\":0,\"publisher\":{\"@id\":\"https:\\\/\\\/www.salzburgerland.com\\\/de\\\/magazin\\\/#organization\"},\"image\":{\"@id\":\"https:\\\/\\\/www.salzburgerland.com\\\/de\\\/magazin\\\/ruhepol-tappenkarsee\\\/#primaryimage\"},\"thumbnailUrl\":\"https:\\\/\\\/www.salzburgerland.com\\\/de\\\/magazin\\\/wp-content\\\/uploads\\\/2016\\\/09\\\/IMG_9883.jpg\",\"articleSection\":[\"Outdoor &amp; Sport\"],\"inLanguage\":\"de\",\"potentialAction\":[{\"@type\":\"CommentAction\",\"name\":\"Comment\",\"target\":[\"https:\\\/\\\/www.salzburgerland.com\\\/de\\\/magazin\\\/ruhepol-tappenkarsee\\\/#respond\"]}]},{\"@type\":\"WebPage\",\"@id\":\"https:\\\/\\\/www.salzburgerland.com\\\/de\\\/magazin\\\/ruhepol-tappenkarsee\\\/\",\"url\":\"https:\\\/\\\/www.salzburgerland.com\\\/de\\\/magazin\\\/ruhepol-tappenkarsee\\\/\",\"name\":\"Ruhepol Tappenkarsee - SalzburgerLand Magazin\",\"isPartOf\":{\"@id\":\"https:\\\/\\\/www.salzburgerland.com\\\/de\\\/magazin\\\/#website\"},\"primaryImageOfPage\":{\"@id\":\"https:\\\/\\\/www.salzburgerland.com\\\/de\\\/magazin\\\/ruhepol-tappenkarsee\\\/#primaryimage\"},\"image\":{\"@id\":\"https:\\\/\\\/www.salzburgerland.com\\\/de\\\/magazin\\\/ruhepol-tappenkarsee\\\/#primaryimage\"},\"thumbnailUrl\":\"https:\\\/\\\/www.salzburgerland.com\\\/de\\\/magazin\\\/wp-content\\\/uploads\\\/2016\\\/09\\\/IMG_9883.jpg\",\"datePublished\":\"2016-09-24T13:21:48+00:00\",\"dateModified\":\"2020-04-20T09:29:46+00:00\",\"breadcrumb\":{\"@id\":\"https:\\\/\\\/www.salzburgerland.com\\\/de\\\/magazin\\\/ruhepol-tappenkarsee\\\/#breadcrumb\"},\"inLanguage\":\"de\",\"potentialAction\":[{\"@type\":\"ReadAction\",\"target\":[\"https:\\\/\\\/www.salzburgerland.com\\\/de\\\/magazin\\\/ruhepol-tappenkarsee\\\/\"]}]},{\"@type\":\"ImageObject\",\"inLanguage\":\"de\",\"@id\":\"https:\\\/\\\/www.salzburgerland.com\\\/de\\\/magazin\\\/ruhepol-tappenkarsee\\\/#primaryimage\",\"url\":\"https:\\\/\\\/www.salzburgerland.com\\\/de\\\/magazin\\\/wp-content\\\/uploads\\\/2016\\\/09\\\/IMG_9883.jpg\",\"contentUrl\":\"https:\\\/\\\/www.salzburgerland.com\\\/de\\\/magazin\\\/wp-content\\\/uploads\\\/2016\\\/09\\\/IMG_9883.jpg\",\"width\":1600,\"height\":1200,\"caption\":\"Ein Bergsee, umgeben von gr\u00fcnen H\u00fcgeln und einem sich schl\u00e4ngelnden Bach unter einem klaren blauen Himmel.\"},{\"@type\":\"BreadcrumbList\",\"@id\":\"https:\\\/\\\/www.salzburgerland.com\\\/de\\\/magazin\\\/ruhepol-tappenkarsee\\\/#breadcrumb\",\"itemListElement\":[{\"@type\":\"ListItem\",\"position\":1,\"name\":\"Startseite\",\"item\":\"https:\\\/\\\/www.salzburgerland.com\\\/de\\\/magazin\\\/\"},{\"@type\":\"ListItem\",\"position\":2,\"name\":\"Outdoor &amp; Sport\",\"item\":\"https:\\\/\\\/www.salzburgerland.com\\\/de\\\/magazin\\\/thema\\\/outdoor-sport\\\/\"},{\"@type\":\"ListItem\",\"position\":3,\"name\":\"Ruhepol Tappenkarsee\"}]},{\"@type\":\"WebSite\",\"@id\":\"https:\\\/\\\/www.salzburgerland.com\\\/de\\\/magazin\\\/#website\",\"url\":\"https:\\\/\\\/www.salzburgerland.com\\\/de\\\/magazin\\\/\",\"name\":\"SalzburgerLand Magazin\",\"description\":\"Geschichten und Interessantes aus dem SalzburgerLand\",\"publisher\":{\"@id\":\"https:\\\/\\\/www.salzburgerland.com\\\/de\\\/magazin\\\/#organization\"},\"potentialAction\":[{\"@type\":\"SearchAction\",\"target\":{\"@type\":\"EntryPoint\",\"urlTemplate\":\"https:\\\/\\\/www.salzburgerland.com\\\/de\\\/magazin\\\/?s={search_term_string}\"},\"query-input\":{\"@type\":\"PropertyValueSpecification\",\"valueRequired\":true,\"valueName\":\"search_term_string\"}}],\"inLanguage\":\"de\"},{\"@type\":\"Organization\",\"@id\":\"https:\\\/\\\/www.salzburgerland.com\\\/de\\\/magazin\\\/#organization\",\"name\":\"SalzburgerLand Tourismus\",\"url\":\"https:\\\/\\\/www.salzburgerland.com\\\/de\\\/magazin\\\/\",\"logo\":{\"@type\":\"ImageObject\",\"inLanguage\":\"de\",\"@id\":\"https:\\\/\\\/www.salzburgerland.com\\\/de\\\/magazin\\\/#\\\/schema\\\/logo\\\/image\\\/\",\"url\":\"https:\\\/\\\/www.salzburgerland.com\\\/de\\\/magazin\\\/wp-content\\\/uploads\\\/2019\\\/06\\\/salzburgerland-logo1.jpg\",\"contentUrl\":\"https:\\\/\\\/www.salzburgerland.com\\\/de\\\/magazin\\\/wp-content\\\/uploads\\\/2019\\\/06\\\/salzburgerland-logo1.jpg\",\"width\":2011,\"height\":866,\"caption\":\"SalzburgerLand Tourismus\"},\"image\":{\"@id\":\"https:\\\/\\\/www.salzburgerland.com\\\/de\\\/magazin\\\/#\\\/schema\\\/logo\\\/image\\\/\"},\"sameAs\":[\"https:\\\/\\\/www.facebook.com\\\/salzburgerland\\\/\",\"https:\\\/\\\/x.com\\\/Salzburgerland\",\"https:\\\/\\\/www.instagram.com\\\/salzburgerland\\\/\",\"https:\\\/\\\/at.linkedin.com\\\/company\\\/salzburgerland-tourismus-gmbh\",\"https:\\\/\\\/www.pinterest.at\\\/salzburgerland\\\/\",\"https:\\\/\\\/www.youtube.com\\\/user\\\/salzburgerland\",\"https:\\\/\\\/de.wikipedia.org\\\/wiki\\\/SalzburgerLand_Tourismus_GmbH\"]},{\"@type\":\"Person\",\"@id\":\"https:\\\/\\\/www.salzburgerland.com\\\/de\\\/magazin\\\/#\\\/schema\\\/person\\\/3ff7e193e2c8cac782e170e1d616dc9e\",\"name\":\"Lukas Uitz\",\"description\":\"Im Leben von Lukas Uitz dreht sich vieles\u00a0um Umwelt, Berge und Natur. Der geb\u00fcrtige Salzburger studierte erst Geographie in Wien, bis ihn durch die Ankunft seines heute 9-j\u00e4hrigen Sohns die Vaterpflicht und nicht zuletzt\u00a0die Sehnsucht nach den Bergen zur\u00fcck in die Heimat riefen. Sein Studium in Salzburg fortsetzend setzt er sich seither\u00a0stark in verschiedenen\u00a0Umwelt- und Verkehrsinitiativen f\u00fcr Mensch und Natur ein und hat sein Leben\u00a0der Aufkl\u00e4rung \u00fcber die Notwendigkeit von Umweltschutz und nachhaltiger Lebensweisen verschrieben. Daneben arbeitet er als selbstst\u00e4ndiger Filmemacher. Seit er denken kann, lebt Lukas in tiefer Verbundenheit mit der heimischen Bergwelt und besucht sie so oft es geht auf\u00a0unterschiedliche\u00a0Art und Weise. Ob mit Bergschuhen, Tourenski, Mountainbike oder Schneeschuhen. Das Gef\u00fchl, einen Gipfel zu erklimmen, die absolute Stille zu erfahren und auf die weite Welt hinunter zu blicken, z\u00e4hlt f\u00fcr ihn zu den h\u00f6chsten Dingen im Leben.\u00a0 Fr\u00fchling, Sommer, Herbst oder Winter? H\u00e4ufiger tr\u00e4ume ich im Sommer vom Winter als umgekehrt. Am Ende ist es aber die Summe und Vielfalt aller vier Jahreszeiten, die mich begeistert und die das Klima in unseren Breiten so besonders macht. Durchgehend Winter k\u00f6nnte ich genau so wenig aushalten, wie andauerndes Warmwetter. 3 Monate von jedem ist die perfekte Mischung f\u00fcr jemanden, der die Abwechslung liebt. Luxushotel oder Almh\u00fctte? Definitiv Almh\u00fctte! Nirgends sonst komme ich gedanklich und emotional so gut runter, als mehrere Tage auf einer abgelegenen Selbstversorgerh\u00fctte hoch oben in den Bergen. Allerdings ist auch ein Tag im Luxushotel nach wochenlanger Enthaltsamkeit durchaus nicht zu verschm\u00e4hen. Bergsee oder Kr\u00e4utergarten? Beides hat seinen besonderen Reiz. Der See l\u00e4dt zur absoluten Entspannung ein. Daneben z\u00e4hlt das \\\"Blattln\\\" mit flachen Steinen zu meinen Leidenschaften. Im Garten habe ich eine rechte\u00a0Freude, den Dingen beim Wachsen zuzuschauen und mein eigenes Essen anzupflanzen, das dadurch viel besser schmeckt und eine h\u00f6here Wertsch\u00e4tzung erf\u00e4hrt, als die Normware aus dem Regal. Ausstellung oder Bergpanorama? Berg und Natur sind die Ausstellung meiner Wahl. Alpinski, Offpist oder Skitour? Nach M\u00f6glichkeit\u00a0ziehe ich eine Skitour mit meinem Splitboard vor. Eine gut preparierte Piste zum Carven hat aber ebenso reizvolle Aspekte, die ich gerne genie\u00dfe. Mozart oder Hubert von Goisern? Beides Weltmusiker! Der Hubert hat es mir aber schon in der Kindheit angetan und ist seit jeher fester Bestandteil meiner pers\u00f6nlichen Berg-Playlist.\",\"url\":\"https:\\\/\\\/www.salzburgerland.com\\\/de\\\/magazin\\\/author\\\/lukas-uitz\\\/\"}]}<\/script>\n<!-- \/ Yoast SEO Premium plugin. -->","yoast_head_json":{"title":"Ruhepol Tappenkarsee - SalzburgerLand Magazin","description":"Er geh\u00f6rt mit Sicherheit zu den sch\u00f6nsten Flecken \u00d6sterreichs, der sagenumwobene Tappenkarsee mit seinen malerischen Almwiesen inmitten der Radst\u00e4dter Tauern.\u00a0Durch die einfache Erreichbarkeit in ca. 2 Stunden Aufstiegszeit ist Salzburgs gr\u00f6\u00dfter Gebirgssee f\u00fcr zahlreiche Wanderer von nah und fern der ultimative Ort, um mal richtig abzuschalten und die Seele baumeln zu lassen.","robots":{"index":"index","follow":"follow","max-snippet":"max-snippet:-1","max-image-preview":"max-image-preview:large","max-video-preview":"max-video-preview:-1"},"canonical":"https:\/\/www.salzburgerland.com\/de\/magazin\/ruhepol-tappenkarsee\/","og_locale":"de_DE","og_type":"article","og_title":"Ruhepol Tappenkarsee","og_description":"Wir w\u00e4hlen f\u00fcr diese Tour die Anreise per PKW bis zum Parkplatz am kristallklaren J\u00e4gersee, wo wir auf das mitgef\u00fchrte Mountainbike umsteigen, das uns den Weg zur Schwabalm verk\u00fcrzt. Da auf dem Weg zur Materialseilbahn tags\u00fcber auch die PKW-Zufahrt erlaubt ist, muss man hier bei Sch\u00f6nwetter noch mit regem Verkehrsaufkommen rechnen. Das \u00e4ndert sich schlagartig, [&hellip;]","og_url":"https:\/\/www.salzburgerland.com\/de\/magazin\/ruhepol-tappenkarsee\/","og_site_name":"SalzburgerLand Magazin","article_publisher":"https:\/\/www.facebook.com\/salzburgerland\/","article_published_time":"2016-09-24T13:21:48+00:00","article_modified_time":"2020-04-20T09:29:46+00:00","og_image":[{"width":1600,"height":1200,"url":"https:\/\/www.salzburgerland.com\/de\/magazin\/wp-content\/uploads\/2016\/09\/IMG_9883.jpg","type":"image\/jpeg"}],"author":"Lukas Uitz","twitter_card":"summary_large_image","twitter_creator":"@Salzburgerland","twitter_site":"@Salzburgerland","twitter_misc":{"Verfasst von":"Lukas Uitz","Gesch\u00e4tzte Lesezeit":"3\u00a0Minuten"},"schema":{"@context":"https:\/\/schema.org","@graph":[{"@type":"Article","@id":"https:\/\/www.salzburgerland.com\/de\/magazin\/ruhepol-tappenkarsee\/#article","isPartOf":{"@id":"https:\/\/www.salzburgerland.com\/de\/magazin\/ruhepol-tappenkarsee\/"},"author":{"name":"Lukas Uitz","@id":"https:\/\/www.salzburgerland.com\/de\/magazin\/#\/schema\/person\/3ff7e193e2c8cac782e170e1d616dc9e"},"headline":"Ruhepol Tappenkarsee","datePublished":"2016-09-24T13:21:48+00:00","dateModified":"2020-04-20T09:29:46+00:00","mainEntityOfPage":{"@id":"https:\/\/www.salzburgerland.com\/de\/magazin\/ruhepol-tappenkarsee\/"},"wordCount":570,"commentCount":0,"publisher":{"@id":"https:\/\/www.salzburgerland.com\/de\/magazin\/#organization"},"image":{"@id":"https:\/\/www.salzburgerland.com\/de\/magazin\/ruhepol-tappenkarsee\/#primaryimage"},"thumbnailUrl":"https:\/\/www.salzburgerland.com\/de\/magazin\/wp-content\/uploads\/2016\/09\/IMG_9883.jpg","articleSection":["Outdoor &amp; Sport"],"inLanguage":"de","potentialAction":[{"@type":"CommentAction","name":"Comment","target":["https:\/\/www.salzburgerland.com\/de\/magazin\/ruhepol-tappenkarsee\/#respond"]}]},{"@type":"WebPage","@id":"https:\/\/www.salzburgerland.com\/de\/magazin\/ruhepol-tappenkarsee\/","url":"https:\/\/www.salzburgerland.com\/de\/magazin\/ruhepol-tappenkarsee\/","name":"Ruhepol Tappenkarsee - SalzburgerLand Magazin","isPartOf":{"@id":"https:\/\/www.salzburgerland.com\/de\/magazin\/#website"},"primaryImageOfPage":{"@id":"https:\/\/www.salzburgerland.com\/de\/magazin\/ruhepol-tappenkarsee\/#primaryimage"},"image":{"@id":"https:\/\/www.salzburgerland.com\/de\/magazin\/ruhepol-tappenkarsee\/#primaryimage"},"thumbnailUrl":"https:\/\/www.salzburgerland.com\/de\/magazin\/wp-content\/uploads\/2016\/09\/IMG_9883.jpg","datePublished":"2016-09-24T13:21:48+00:00","dateModified":"2020-04-20T09:29:46+00:00","breadcrumb":{"@id":"https:\/\/www.salzburgerland.com\/de\/magazin\/ruhepol-tappenkarsee\/#breadcrumb"},"inLanguage":"de","potentialAction":[{"@type":"ReadAction","target":["https:\/\/www.salzburgerland.com\/de\/magazin\/ruhepol-tappenkarsee\/"]}]},{"@type":"ImageObject","inLanguage":"de","@id":"https:\/\/www.salzburgerland.com\/de\/magazin\/ruhepol-tappenkarsee\/#primaryimage","url":"https:\/\/www.salzburgerland.com\/de\/magazin\/wp-content\/uploads\/2016\/09\/IMG_9883.jpg","contentUrl":"https:\/\/www.salzburgerland.com\/de\/magazin\/wp-content\/uploads\/2016\/09\/IMG_9883.jpg","width":1600,"height":1200,"caption":"Ein Bergsee, umgeben von gr\u00fcnen H\u00fcgeln und einem sich schl\u00e4ngelnden Bach unter einem klaren blauen Himmel."},{"@type":"BreadcrumbList","@id":"https:\/\/www.salzburgerland.com\/de\/magazin\/ruhepol-tappenkarsee\/#breadcrumb","itemListElement":[{"@type":"ListItem","position":1,"name":"Startseite","item":"https:\/\/www.salzburgerland.com\/de\/magazin\/"},{"@type":"ListItem","position":2,"name":"Outdoor &amp; Sport","item":"https:\/\/www.salzburgerland.com\/de\/magazin\/thema\/outdoor-sport\/"},{"@type":"ListItem","position":3,"name":"Ruhepol Tappenkarsee"}]},{"@type":"WebSite","@id":"https:\/\/www.salzburgerland.com\/de\/magazin\/#website","url":"https:\/\/www.salzburgerland.com\/de\/magazin\/","name":"SalzburgerLand Magazin","description":"Geschichten und Interessantes aus dem SalzburgerLand","publisher":{"@id":"https:\/\/www.salzburgerland.com\/de\/magazin\/#organization"},"potentialAction":[{"@type":"SearchAction","target":{"@type":"EntryPoint","urlTemplate":"https:\/\/www.salzburgerland.com\/de\/magazin\/?s={search_term_string}"},"query-input":{"@type":"PropertyValueSpecification","valueRequired":true,"valueName":"search_term_string"}}],"inLanguage":"de"},{"@type":"Organization","@id":"https:\/\/www.salzburgerland.com\/de\/magazin\/#organization","name":"SalzburgerLand Tourismus","url":"https:\/\/www.salzburgerland.com\/de\/magazin\/","logo":{"@type":"ImageObject","inLanguage":"de","@id":"https:\/\/www.salzburgerland.com\/de\/magazin\/#\/schema\/logo\/image\/","url":"https:\/\/www.salzburgerland.com\/de\/magazin\/wp-content\/uploads\/2019\/06\/salzburgerland-logo1.jpg","contentUrl":"https:\/\/www.salzburgerland.com\/de\/magazin\/wp-content\/uploads\/2019\/06\/salzburgerland-logo1.jpg","width":2011,"height":866,"caption":"SalzburgerLand Tourismus"},"image":{"@id":"https:\/\/www.salzburgerland.com\/de\/magazin\/#\/schema\/logo\/image\/"},"sameAs":["https:\/\/www.facebook.com\/salzburgerland\/","https:\/\/x.com\/Salzburgerland","https:\/\/www.instagram.com\/salzburgerland\/","https:\/\/at.linkedin.com\/company\/salzburgerland-tourismus-gmbh","https:\/\/www.pinterest.at\/salzburgerland\/","https:\/\/www.youtube.com\/user\/salzburgerland","https:\/\/de.wikipedia.org\/wiki\/SalzburgerLand_Tourismus_GmbH"]},{"@type":"Person","@id":"https:\/\/www.salzburgerland.com\/de\/magazin\/#\/schema\/person\/3ff7e193e2c8cac782e170e1d616dc9e","name":"Lukas Uitz","description":"Im Leben von Lukas Uitz dreht sich vieles\u00a0um Umwelt, Berge und Natur. Der geb\u00fcrtige Salzburger studierte erst Geographie in Wien, bis ihn durch die Ankunft seines heute 9-j\u00e4hrigen Sohns die Vaterpflicht und nicht zuletzt\u00a0die Sehnsucht nach den Bergen zur\u00fcck in die Heimat riefen. Sein Studium in Salzburg fortsetzend setzt er sich seither\u00a0stark in verschiedenen\u00a0Umwelt- und Verkehrsinitiativen f\u00fcr Mensch und Natur ein und hat sein Leben\u00a0der Aufkl\u00e4rung \u00fcber die Notwendigkeit von Umweltschutz und nachhaltiger Lebensweisen verschrieben. Daneben arbeitet er als selbstst\u00e4ndiger Filmemacher. Seit er denken kann, lebt Lukas in tiefer Verbundenheit mit der heimischen Bergwelt und besucht sie so oft es geht auf\u00a0unterschiedliche\u00a0Art und Weise. Ob mit Bergschuhen, Tourenski, Mountainbike oder Schneeschuhen. Das Gef\u00fchl, einen Gipfel zu erklimmen, die absolute Stille zu erfahren und auf die weite Welt hinunter zu blicken, z\u00e4hlt f\u00fcr ihn zu den h\u00f6chsten Dingen im Leben.\u00a0 Fr\u00fchling, Sommer, Herbst oder Winter? H\u00e4ufiger tr\u00e4ume ich im Sommer vom Winter als umgekehrt. Am Ende ist es aber die Summe und Vielfalt aller vier Jahreszeiten, die mich begeistert und die das Klima in unseren Breiten so besonders macht. Durchgehend Winter k\u00f6nnte ich genau so wenig aushalten, wie andauerndes Warmwetter. 3 Monate von jedem ist die perfekte Mischung f\u00fcr jemanden, der die Abwechslung liebt. Luxushotel oder Almh\u00fctte? Definitiv Almh\u00fctte! Nirgends sonst komme ich gedanklich und emotional so gut runter, als mehrere Tage auf einer abgelegenen Selbstversorgerh\u00fctte hoch oben in den Bergen. Allerdings ist auch ein Tag im Luxushotel nach wochenlanger Enthaltsamkeit durchaus nicht zu verschm\u00e4hen. Bergsee oder Kr\u00e4utergarten? Beides hat seinen besonderen Reiz. Der See l\u00e4dt zur absoluten Entspannung ein. Daneben z\u00e4hlt das \"Blattln\" mit flachen Steinen zu meinen Leidenschaften. Im Garten habe ich eine rechte\u00a0Freude, den Dingen beim Wachsen zuzuschauen und mein eigenes Essen anzupflanzen, das dadurch viel besser schmeckt und eine h\u00f6here Wertsch\u00e4tzung erf\u00e4hrt, als die Normware aus dem Regal. Ausstellung oder Bergpanorama? Berg und Natur sind die Ausstellung meiner Wahl. Alpinski, Offpist oder Skitour? Nach M\u00f6glichkeit\u00a0ziehe ich eine Skitour mit meinem Splitboard vor. Eine gut preparierte Piste zum Carven hat aber ebenso reizvolle Aspekte, die ich gerne genie\u00dfe. Mozart oder Hubert von Goisern? Beides Weltmusiker! Der Hubert hat es mir aber schon in der Kindheit angetan und ist seit jeher fester Bestandteil meiner pers\u00f6nlichen Berg-Playlist.","url":"https:\/\/www.salzburgerland.com\/de\/magazin\/author\/lukas-uitz\/"}]}},"_wl_alt_label":[],"wl:entity_url":"http:\/\/open.salzburgerland.com\/magazin\/post\/ruhepol_tappenkarsee","_links":{"self":[{"href":"https:\/\/www.salzburgerland.com\/de\/magazin\/wp-json\/wp\/v2\/posts\/109615","targetHints":{"allow":["GET"]}}],"collection":[{"href":"https:\/\/www.salzburgerland.com\/de\/magazin\/wp-json\/wp\/v2\/posts"}],"about":[{"href":"https:\/\/www.salzburgerland.com\/de\/magazin\/wp-json\/wp\/v2\/types\/post"}],"author":[{"embeddable":true,"href":"https:\/\/www.salzburgerland.com\/de\/magazin\/wp-json\/wp\/v2\/users\/538"}],"replies":[{"embeddable":true,"href":"https:\/\/www.salzburgerland.com\/de\/magazin\/wp-json\/wp\/v2\/comments?post=109615"}],"version-history":[{"count":1,"href":"https:\/\/www.salzburgerland.com\/de\/magazin\/wp-json\/wp\/v2\/posts\/109615\/revisions"}],"predecessor-version":[{"id":144006,"href":"https:\/\/www.salzburgerland.com\/de\/magazin\/wp-json\/wp\/v2\/posts\/109615\/revisions\/144006"}],"wp:featuredmedia":[{"embeddable":true,"href":"https:\/\/www.salzburgerland.com\/de\/magazin\/wp-json\/wp\/v2\/media\/109619"}],"wp:attachment":[{"href":"https:\/\/www.salzburgerland.com\/de\/magazin\/wp-json\/wp\/v2\/media?parent=109615"}],"wp:term":[{"taxonomy":"category","embeddable":true,"href":"https:\/\/www.salzburgerland.com\/de\/magazin\/wp-json\/wp\/v2\/categories?post=109615"},{"taxonomy":"post_tag","embeddable":true,"href":"https:\/\/www.salzburgerland.com\/de\/magazin\/wp-json\/wp\/v2\/tags?post=109615"},{"taxonomy":"wl_entity_type","embeddable":true,"href":"https:\/\/www.salzburgerland.com\/de\/magazin\/wp-json\/wp\/v2\/wl_entity_type?post=109615"},{"taxonomy":"monatsauswahl","embeddable":true,"href":"https:\/\/www.salzburgerland.com\/de\/magazin\/wp-json\/wp\/v2\/monatsauswahl?post=109615"}],"curies":[{"name":"wp","href":"https:\/\/api.w.org\/{rel}","templated":true}]}}