{"id":109345,"date":"2016-10-17T09:00:49","date_gmt":"2016-10-17T07:00:49","guid":{"rendered":"http:\/\/magazin.salzburgerland.com\/?p=109345"},"modified":"2024-02-07T08:29:53","modified_gmt":"2024-02-07T07:29:53","slug":"bio-bienenhonig-aus-salzburg","status":"publish","type":"post","link":"https:\/\/www.salzburgerland.com\/de\/magazin\/bio-bienenhonig-aus-salzburg\/","title":{"rendered":"Bio-Bienenhonig aus Salzburg"},"content":{"rendered":"\n<h2 class=\"wp-block-slt-subtitle\">Bienenst\u00f6cke auf den Salzburger Hausbergen<\/h2>\n\n\n\n<p><strong>Aufgrund einer Insolvenz wird Bienenlieb derzeit leider nicht betrieben!<\/strong><\/p>\n\n\n\n<p>Daniel Pfeifenberger, ausgebildeter Imker und Bienenz\u00fcchter aus der Stadt Salzburg, erweckte vor vier Jahren eine alte Tradition zum Leben: Bienenst\u00f6cke auf den Salzburger Hausbergen! Bis vor\u00a0100 Jahren hielten die M\u00f6nche in ihrem Klostergarten auf dem Kapuzinerberg Bienen. Daniel Pfeifenberger hat auf der Suche nach den besten Standorten f\u00fcr seine Bienen die Archive durchforstet und ist auf altes Wissen gesto\u00dfen.<\/p>\n\n\n\n<blockquote class=\"wp-block-quote is-layout-flow wp-block-quote-is-layout-flow\">\n<p>\n&#8222;Salzburg bietet den Bienen aufgrund der vielen Gr\u00fcnfl\u00e4chen einen gro\u00dfartigen Lebensraum. Nicht&nbsp;zu gro\u00dfe Landwirtschaften und wenig Monokulturen zeichnen Salzburg als bienenfreundliches Bundesland aus!&#8220;, schw\u00e4rmt Bienenfreund Daniel Pfeifenberger von &#8222;seinem&#8220; Salzburg. &nbsp;<\/p>\n<\/blockquote>\n\n\n<div class=\"wp-block-image wp-image-109354 size-singlePost\">\n<figure class=\"aligncenter\"><img loading=\"lazy\" decoding=\"async\" width=\"1600\" height=\"1067\" src=\"https:\/\/www.salzburgerland.com\/de\/magazin\/wp-content\/uploads\/2016\/09\/Bio-Imkerei-Bienenlieb_3.jpg\" alt=\"Ein Mann steht im Freien, die Hand auf einem h\u00f6lzernen Bienenstock, neben drei anderen Bienenst\u00f6cken in einem Garten.\" class=\"wp-image-109349\" srcset=\"https:\/\/www.salzburgerland.com\/de\/magazin\/wp-content\/uploads\/2016\/09\/Bio-Imkerei-Bienenlieb_3.jpg 1600w, https:\/\/www.salzburgerland.com\/de\/magazin\/wp-content\/uploads\/2016\/09\/Bio-Imkerei-Bienenlieb_3-300x200.jpg 300w, https:\/\/www.salzburgerland.com\/de\/magazin\/wp-content\/uploads\/2016\/09\/Bio-Imkerei-Bienenlieb_3-825x550.jpg 825w, https:\/\/www.salzburgerland.com\/de\/magazin\/wp-content\/uploads\/2016\/09\/Bio-Imkerei-Bienenlieb_3-600x400.jpg 600w, https:\/\/www.salzburgerland.com\/de\/magazin\/wp-content\/uploads\/2016\/09\/Bio-Imkerei-Bienenlieb_3-1320x880.jpg 1320w\" sizes=\"auto, (max-width: 1600px) 100vw, 1600px\" \/><\/figure><\/div>\n\n\n<p>Rund 200 Bienenst\u00f6cke in der Stadt Salzburg geh\u00f6ren zur Bio-Imkerei Bienenlieb. Sie stehen unter anderem am&nbsp;M\u00f6nchsberg, am Kapuzinerberg beim Franziskischl\u00f6ssel und im Kapuzinerkloster, im Garten der Apotheke Josefiau, am Kommunalfriedhof und beim Erlebnisbauernhof Gr\u00f6dig.<\/p>\n\n\n\n<h2 class=\"wp-block-heading\" id=\"h-biologischer-honig-aus-salzburg\"> <strong>Biologischer Honig aus Salzburg<\/strong> <\/h2>\n\n\n\n<p>\u00d6kologische Bienenhaltung bedeutet f\u00fcr Daniel Pfeifenberger grunds\u00e4tzlich in Harmonie mit den Bienen zu leben, zu arbeiten und die Tiere&nbsp;nicht auszubeuten. Zum grunds\u00e4tzlichen Verst\u00e4ndnis: Die Bienen sammeln in den Bienenst\u00f6cken&nbsp;Honig. In der herk\u00f6mmlichen Bienenhaltung erhalten Bienen als Futter Zucker. Daniel Pfeifenberger teilt mit seinen Bienen den Honig &#8211; mindestens 20% des gesammelten Honigs erhalten die Bienen als Futter und dazu teuren und schwer erh\u00e4ltlichen Bio-R\u00fcbenzucker. Zudem achtet Imkerprofi Daniel Pfeifenberger bei der V\u00f6lkerf\u00fchrung auf das Wesen der Bienen und verwendet f\u00fcr die Behandlung der Varroamilbe keine Ameisens\u00e4ure, sondern behandelt die Bienenbrut mit W\u00e4rme um die sch\u00e4dlichen Milben zu bek\u00e4mpfen.&nbsp;<\/p>\n\n\n\n<h2 class=\"wp-block-heading\" id=\"h-schonendes-pressen-fur-eine-hohere-qualitat\"><strong>Schonendes Pressen f\u00fcr eine h\u00f6here Qualit\u00e4t<\/strong> <\/h2>\n\n\n\n<p>Die Methode ist zeitintensiver und der Ertrag ist weniger hoch &#8211; Daniel Pfeifenberger gewinnt seinen Bio-Honig durch sanftes Pressen. Die Wabe wird zerdr\u00fcckt wodurch mehr Inhaltsstoffe durch diesen schonenden Vorgang in den Honig gelangen. Ein Nachteil: Mit rund 20% weniger Honigertrag muss der Imker rechnen, da die Bienen erst wieder eine neue Wabe bauen m\u00fcssen bevor sie wertvollen Honig produzieren k\u00f6nnen. In der herk\u00f6mmlichen Honigproduktion wird&nbsp;durch Schleudern sehr viel schneller Honig gewonnen, die Waben bleiben erhalten und k\u00f6nnen wiederverwendet werden. F\u00fcr Daniel Pfeifenberger \u00fcberwiegen trotz des geringeren Ertrages die Vorteile: Die Wabe muss nicht gelagert und hygienisch behandelt werden und durch die Pressung ensteht ein einzigartiger Geschmack mit wertvollen Inhaltsstoffen.&nbsp;<\/p>\n\n\n\n<div class=\"mag-gallery\"><div class=\"row\"><div class=\"col-6 col-sm-4\"><figure><a class=\"thumb-container\" href=\"https:\/\/www.salzburgerland.com\/de\/magazin\/wp-content\/uploads\/2016\/09\/Bio-Imkerei-Bienenlieb_1-1280x1024.jpg\">\t<picture><source media=\"(min-width: 576px)\" srcset=\"https:\/\/www.salzburgerland.com\/de\/magazin\/wp-content\/uploads\/2016\/09\/Bio-Imkerei-Bienenlieb_1-325x209.jpg 325w, https:\/\/www.salzburgerland.com\/de\/magazin\/wp-content\/uploads\/2016\/09\/Bio-Imkerei-Bienenlieb_1-249x160.jpg 249w\" \/><source media=\"(min-width: 0)\" srcset=\"https:\/\/www.salzburgerland.com\/de\/magazin\/wp-content\/uploads\/2016\/09\/Bio-Imkerei-Bienenlieb_1-249x160.jpg 249w, https:\/\/www.salzburgerland.com\/de\/magazin\/wp-content\/uploads\/2016\/09\/Bio-Imkerei-Bienenlieb_1-325x209.jpg 325w\" \/><img decoding=\"async\" alt=\"Sonnige Terrasse mit Steinboden, mit Blick auf die Salzburger Festung und die \u00f6sterreichischen Stadtgeb\u00e4ude im Hintergrund.\" src=\"https:\/\/www.salzburgerland.com\/de\/magazin\/wp-content\/uploads\/2016\/09\/Bio-Imkerei-Bienenlieb_1.jpg\" \/>\t<\/picture><\/a><\/figure><\/div><div class=\"col-6 col-sm-4\"><figure><a class=\"thumb-container\" href=\"https:\/\/www.salzburgerland.com\/de\/magazin\/wp-content\/uploads\/2016\/09\/Bio-Imkerei-Bienenlieb_2-1280x1024.jpg\">\t<picture><source media=\"(min-width: 576px)\" srcset=\"https:\/\/www.salzburgerland.com\/de\/magazin\/wp-content\/uploads\/2016\/09\/Bio-Imkerei-Bienenlieb_2-325x209.jpg 325w, https:\/\/www.salzburgerland.com\/de\/magazin\/wp-content\/uploads\/2016\/09\/Bio-Imkerei-Bienenlieb_2-249x160.jpg 249w\" \/><source media=\"(min-width: 0)\" srcset=\"https:\/\/www.salzburgerland.com\/de\/magazin\/wp-content\/uploads\/2016\/09\/Bio-Imkerei-Bienenlieb_2-249x160.jpg 249w, https:\/\/www.salzburgerland.com\/de\/magazin\/wp-content\/uploads\/2016\/09\/Bio-Imkerei-Bienenlieb_2-325x209.jpg 325w\" \/><img decoding=\"async\" alt=\"Zwei h\u00f6lzerne Bienenst\u00f6cke stehen auf einer Wiese im Freien, das Sonnenlicht wirft Schatten auf sie.\" src=\"https:\/\/www.salzburgerland.com\/de\/magazin\/wp-content\/uploads\/2016\/09\/Bio-Imkerei-Bienenlieb_2.jpg\" \/>\t<\/picture><\/a><\/figure><\/div><div class=\"col-6 col-sm-4\"><figure><a class=\"thumb-container\" href=\"https:\/\/www.salzburgerland.com\/de\/magazin\/wp-content\/uploads\/2016\/09\/Imkerei-Bienenlieb_2-1280x1024.jpg\">\t<picture><source media=\"(min-width: 576px)\" srcset=\"https:\/\/www.salzburgerland.com\/de\/magazin\/wp-content\/uploads\/2016\/09\/Imkerei-Bienenlieb_2-325x209.jpg 325w, https:\/\/www.salzburgerland.com\/de\/magazin\/wp-content\/uploads\/2016\/09\/Imkerei-Bienenlieb_2-249x160.jpg 249w\" \/><source media=\"(min-width: 0)\" srcset=\"https:\/\/www.salzburgerland.com\/de\/magazin\/wp-content\/uploads\/2016\/09\/Imkerei-Bienenlieb_2-249x160.jpg 249w, https:\/\/www.salzburgerland.com\/de\/magazin\/wp-content\/uploads\/2016\/09\/Imkerei-Bienenlieb_2-325x209.jpg 325w\" \/><img decoding=\"async\" alt=\"In den wei\u00dfen Regalen stehen B\u00fccher, Kerzen, Honigprodukte, Snacks und kleine Holzgeschenkboxen.\" src=\"https:\/\/www.salzburgerland.com\/de\/magazin\/wp-content\/uploads\/2016\/09\/Imkerei-Bienenlieb_2.jpg\" \/>\t<\/picture><\/a><\/figure><\/div><div class=\"col-6 col-sm-4\"><figure><a class=\"thumb-container\" href=\"https:\/\/www.salzburgerland.com\/de\/magazin\/wp-content\/uploads\/2016\/09\/Bio-Imkerei-Bienenlieb_3-1280x1024.jpg\">\t<picture><source media=\"(min-width: 576px)\" srcset=\"https:\/\/www.salzburgerland.com\/de\/magazin\/wp-content\/uploads\/2016\/09\/Bio-Imkerei-Bienenlieb_3-325x209.jpg 325w, https:\/\/www.salzburgerland.com\/de\/magazin\/wp-content\/uploads\/2016\/09\/Bio-Imkerei-Bienenlieb_3-249x160.jpg 249w\" \/><source media=\"(min-width: 0)\" srcset=\"https:\/\/www.salzburgerland.com\/de\/magazin\/wp-content\/uploads\/2016\/09\/Bio-Imkerei-Bienenlieb_3-249x160.jpg 249w, https:\/\/www.salzburgerland.com\/de\/magazin\/wp-content\/uploads\/2016\/09\/Bio-Imkerei-Bienenlieb_3-325x209.jpg 325w\" \/><img decoding=\"async\" alt=\"Ein Mann steht im Freien, die Hand auf einem h\u00f6lzernen Bienenstock, neben drei anderen Bienenst\u00f6cken in einem Garten.\" src=\"https:\/\/www.salzburgerland.com\/de\/magazin\/wp-content\/uploads\/2016\/09\/Bio-Imkerei-Bienenlieb_3.jpg\" \/>\t<\/picture><\/a><\/figure><\/div><div class=\"col-6 col-sm-4\"><figure><a class=\"thumb-container\" href=\"https:\/\/www.salzburgerland.com\/de\/magazin\/wp-content\/uploads\/2016\/09\/Imkerei-Bienenlieb_22-1280x1024.jpg\">\t<picture><source media=\"(min-width: 576px)\" srcset=\"https:\/\/www.salzburgerland.com\/de\/magazin\/wp-content\/uploads\/2016\/09\/Imkerei-Bienenlieb_22-325x209.jpg 325w, https:\/\/www.salzburgerland.com\/de\/magazin\/wp-content\/uploads\/2016\/09\/Imkerei-Bienenlieb_22-249x160.jpg 249w\" \/><source media=\"(min-width: 0)\" srcset=\"https:\/\/www.salzburgerland.com\/de\/magazin\/wp-content\/uploads\/2016\/09\/Imkerei-Bienenlieb_22-249x160.jpg 249w, https:\/\/www.salzburgerland.com\/de\/magazin\/wp-content\/uploads\/2016\/09\/Imkerei-Bienenlieb_22-325x209.jpg 325w\" \/><img decoding=\"async\" alt=\"In einem Regal stehen verschiedene gelbe Bienenwachskerzen in unterschiedlichen Formen und Gr\u00f6\u00dfen.\" src=\"https:\/\/www.salzburgerland.com\/de\/magazin\/wp-content\/uploads\/2016\/09\/Imkerei-Bienenlieb_22.jpg\" \/>\t<\/picture><\/a><\/figure><\/div><div class=\"col-6 col-sm-4\"><figure><a class=\"thumb-container\" href=\"https:\/\/www.salzburgerland.com\/de\/magazin\/wp-content\/uploads\/2016\/09\/Imkerei-Bienenlieb_3-1280x1024.jpg\">\t<picture><source media=\"(min-width: 576px)\" srcset=\"\" \/><source media=\"(min-width: 0)\" srcset=\"https:\/\/www.salzburgerland.com\/de\/magazin\/wp-content\/uploads\/2016\/09\/Imkerei-Bienenlieb_3.jpg 1067w, https:\/\/www.salzburgerland.com\/de\/magazin\/wp-content\/uploads\/2016\/09\/Imkerei-Bienenlieb_3-200x300.jpg 200w, https:\/\/www.salzburgerland.com\/de\/magazin\/wp-content\/uploads\/2016\/09\/Imkerei-Bienenlieb_3-367x550.jpg 367w, https:\/\/www.salzburgerland.com\/de\/magazin\/wp-content\/uploads\/2016\/09\/Imkerei-Bienenlieb_3-267x400.jpg 267w\" \/><img decoding=\"async\" alt=\"Rundes K\u00e4ferhotel und kuppelf\u00f6rmiges Vogelhaus mit blauem Eingang, ausgestellt auf einem wei\u00dfen Regal vor einer wei\u00dfen Wand.\" src=\"https:\/\/www.salzburgerland.com\/de\/magazin\/wp-content\/uploads\/2016\/09\/Imkerei-Bienenlieb_3.jpg\" \/>\t<\/picture><\/a><\/figure><\/div><div class=\"col-6 col-sm-4\"><figure><a class=\"thumb-container\" href=\"https:\/\/www.salzburgerland.com\/de\/magazin\/wp-content\/uploads\/2016\/09\/Imkerei-Bienenlieb_13-1280x1024.jpg\">\t<picture><source media=\"(min-width: 576px)\" srcset=\"https:\/\/www.salzburgerland.com\/de\/magazin\/wp-content\/uploads\/2016\/09\/Imkerei-Bienenlieb_13-325x209.jpg 325w, https:\/\/www.salzburgerland.com\/de\/magazin\/wp-content\/uploads\/2016\/09\/Imkerei-Bienenlieb_13-249x160.jpg 249w\" \/><source media=\"(min-width: 0)\" srcset=\"https:\/\/www.salzburgerland.com\/de\/magazin\/wp-content\/uploads\/2016\/09\/Imkerei-Bienenlieb_13-249x160.jpg 249w, https:\/\/www.salzburgerland.com\/de\/magazin\/wp-content\/uploads\/2016\/09\/Imkerei-Bienenlieb_13-325x209.jpg 325w\" \/><img decoding=\"async\" alt=\"Auf einem wei\u00dfen Regal reihen sich Honiggl\u00e4ser mit der Aufschrift Bienenlieb aneinander.\" src=\"https:\/\/www.salzburgerland.com\/de\/magazin\/wp-content\/uploads\/2016\/09\/Imkerei-Bienenlieb_13.jpg\" \/>\t<\/picture><\/a><\/figure><\/div><div class=\"col-6 col-sm-4\"><figure><a class=\"thumb-container\" href=\"https:\/\/www.salzburgerland.com\/de\/magazin\/wp-content\/uploads\/2016\/09\/Bio-Imkerei-Bienenlieb_4-1280x1024.jpg\">\t<picture><source media=\"(min-width: 576px)\" srcset=\"https:\/\/www.salzburgerland.com\/de\/magazin\/wp-content\/uploads\/2016\/09\/Bio-Imkerei-Bienenlieb_4-325x209.jpg 325w, https:\/\/www.salzburgerland.com\/de\/magazin\/wp-content\/uploads\/2016\/09\/Bio-Imkerei-Bienenlieb_4-249x160.jpg 249w\" \/><source media=\"(min-width: 0)\" srcset=\"https:\/\/www.salzburgerland.com\/de\/magazin\/wp-content\/uploads\/2016\/09\/Bio-Imkerei-Bienenlieb_4-249x160.jpg 249w, https:\/\/www.salzburgerland.com\/de\/magazin\/wp-content\/uploads\/2016\/09\/Bio-Imkerei-Bienenlieb_4-325x209.jpg 325w\" \/><img decoding=\"async\" alt=\"Eine Person in einem blauen Hemd k\u00fcmmert sich um h\u00f6lzerne Bienenst\u00f6cke in einem sonnigen, gr\u00fcnen Garten.\" src=\"https:\/\/www.salzburgerland.com\/de\/magazin\/wp-content\/uploads\/2016\/09\/Bio-Imkerei-Bienenlieb_4.jpg\" \/>\t<\/picture><\/a><\/figure><\/div><div class=\"col-6 col-sm-4\"><figure><a class=\"thumb-container\" href=\"https:\/\/www.salzburgerland.com\/de\/magazin\/wp-content\/uploads\/2016\/09\/Bio-Imkerei-Bienenlieb_5-1280x1024.jpg\">\t<picture><source media=\"(min-width: 576px)\" srcset=\"https:\/\/www.salzburgerland.com\/de\/magazin\/wp-content\/uploads\/2016\/09\/Bio-Imkerei-Bienenlieb_5-325x209.jpg 325w, https:\/\/www.salzburgerland.com\/de\/magazin\/wp-content\/uploads\/2016\/09\/Bio-Imkerei-Bienenlieb_5-249x160.jpg 249w\" \/><source media=\"(min-width: 0)\" srcset=\"https:\/\/www.salzburgerland.com\/de\/magazin\/wp-content\/uploads\/2016\/09\/Bio-Imkerei-Bienenlieb_5-249x160.jpg 249w, https:\/\/www.salzburgerland.com\/de\/magazin\/wp-content\/uploads\/2016\/09\/Bio-Imkerei-Bienenlieb_5-325x209.jpg 325w\" \/><img decoding=\"async\" alt=\"Eine Person inspiziert an einem sonnigen Tag im Freien einen h\u00f6lzernen Bienenstock voller Bienen.\" src=\"https:\/\/www.salzburgerland.com\/de\/magazin\/wp-content\/uploads\/2016\/09\/Bio-Imkerei-Bienenlieb_5.jpg\" \/>\t<\/picture><\/a><\/figure><\/div><div class=\"col-6 col-sm-4\"><figure><a class=\"thumb-container\" href=\"https:\/\/www.salzburgerland.com\/de\/magazin\/wp-content\/uploads\/2016\/09\/Imkerei-Bienenlieb_25-1280x1024.jpg\">\t<picture><source media=\"(min-width: 576px)\" srcset=\"https:\/\/www.salzburgerland.com\/de\/magazin\/wp-content\/uploads\/2016\/09\/Imkerei-Bienenlieb_25-325x209.jpg 325w, https:\/\/www.salzburgerland.com\/de\/magazin\/wp-content\/uploads\/2016\/09\/Imkerei-Bienenlieb_25-249x160.jpg 249w\" \/><source media=\"(min-width: 0)\" srcset=\"https:\/\/www.salzburgerland.com\/de\/magazin\/wp-content\/uploads\/2016\/09\/Imkerei-Bienenlieb_25-249x160.jpg 249w, https:\/\/www.salzburgerland.com\/de\/magazin\/wp-content\/uploads\/2016\/09\/Imkerei-Bienenlieb_25-325x209.jpg 325w\" \/><img decoding=\"async\" alt=\"Eine Hand greift nach einem zylindrischen Metallkorb mit gelochten Seiten und einer zentralen Gewindestange.\" src=\"https:\/\/www.salzburgerland.com\/de\/magazin\/wp-content\/uploads\/2016\/09\/Imkerei-Bienenlieb_25.jpg\" \/>\t<\/picture><\/a><\/figure><\/div><div class=\"col-6 col-sm-4\"><figure><a class=\"thumb-container\" href=\"https:\/\/www.salzburgerland.com\/de\/magazin\/wp-content\/uploads\/2016\/09\/Imkerei-Bienenlieb_8-1280x1024.jpg\">\t<picture><source media=\"(min-width: 576px)\" srcset=\"https:\/\/www.salzburgerland.com\/de\/magazin\/wp-content\/uploads\/2016\/09\/Imkerei-Bienenlieb_8-325x209.jpg 325w, https:\/\/www.salzburgerland.com\/de\/magazin\/wp-content\/uploads\/2016\/09\/Imkerei-Bienenlieb_8-249x160.jpg 249w\" \/><source media=\"(min-width: 0)\" srcset=\"https:\/\/www.salzburgerland.com\/de\/magazin\/wp-content\/uploads\/2016\/09\/Imkerei-Bienenlieb_8-249x160.jpg 249w, https:\/\/www.salzburgerland.com\/de\/magazin\/wp-content\/uploads\/2016\/09\/Imkerei-Bienenlieb_8-325x209.jpg 325w\" \/><img decoding=\"async\" alt=\"Ein Mann spricht mit drei Frauen, die vor Regalen mit verschiedenen Produkten in einem Gesch\u00e4ft oder Laden stehen.\" src=\"https:\/\/www.salzburgerland.com\/de\/magazin\/wp-content\/uploads\/2016\/09\/Imkerei-Bienenlieb_8.jpg\" \/>\t<\/picture><\/a><\/figure><\/div><\/div><\/div><figcaption><\/figcaption>\n\n\n\n<p><b>Kontakt:&nbsp;<br> <\/b>Bio-Imkerei Bienenlieb<br> Obmann Salzburger Imkerverein Daniel Pfeifenberger<br> Imker-Ortsgrupe Salzburg Stadt\/Umgebung<br>  Membergerstra\u00dfe 1 <br> 5020 Salzburg<br> Telefon: +43 662 262200<br> E-Mail: info@bienenlieb.at<br> <a rel=\"noopener noreferrer\" href=\"http:\/\/www.bienenlieb.at\" target=\"_blank\">www.bienenlieb.at <\/a><\/p>\n\n\n\n<p><a href=\"http:\/\/www.bienenlieb.at\" target=\"_blank\" rel=\"noopener noreferrer\"><\/a><em>Fotos: (c) Anke Eder,&nbsp;<a href=\"http:\/\/www.agentur-rede.at\" target=\"_blank\" rel=\"noopener noreferrer\">http:\/\/www.agentur-rede.at<\/a>&nbsp;<\/em><a href=\"http:\/\/www.bienenlieb.at\" target=\"_blank\" rel=\"noopener noreferrer\"><br>\n<\/a><\/p>\n","protected":false},"excerpt":{"rendered":"<p>Aufgrund einer Insolvenz wird Bienenlieb derzeit leider nicht betrieben! Daniel Pfeifenberger, ausgebildeter Imker und Bienenz\u00fcchter aus der Stadt Salzburg, erweckte vor vier Jahren eine alte Tradition zum Leben: Bienenst\u00f6cke auf den Salzburger Hausbergen! Bis vor\u00a0100 Jahren hielten die M\u00f6nche in ihrem Klostergarten auf dem Kapuzinerberg Bienen. Daniel Pfeifenberger hat auf der Suche nach den besten [&hellip;]<\/p>\n","protected":false},"author":533,"featured_media":109354,"comment_status":"open","ping_status":"open","sticky":false,"template":"","format":"standard","meta":{"_acf_changed":false,"wl_entities_gutenberg":"","_wl_entity_redirect_enabled":"","footnotes":""},"categories":[7551],"tags":[],"wl_entity_type":[306],"monatsauswahl":[86,87,88,89,90,91],"class_list":["post-109345","post","type-post","status-publish","format-standard","has-post-thumbnail","hentry","category-archiv","wl_entity_type-article","monatsauswahl-monat_5","monatsauswahl-monat_6","monatsauswahl-monat_7","monatsauswahl-monat_8","monatsauswahl-monat_9","monatsauswahl-monat_10"],"acf":[],"yoast_head":"<!-- This site is optimized with the Yoast SEO Premium plugin v27.4 (Yoast SEO v27.4) - https:\/\/yoast.com\/product\/yoast-seo-premium-wordpress\/ -->\n<title>Bio-Bienenhonig aus Salzburg - SalzburgerLand Magazin<\/title>\n<meta name=\"description\" content=\"Aufgrund einer Insolvenz wird Bienenlieb derzeit leider nicht betrieben! Daniel Pfeifenberger, ausgebildeter Imker und Bienenz\u00fcchter aus der Stadt Salzburg, erweckte vor vier Jahren eine alte Tradition zum Leben: Bienenst\u00f6cke auf den Salzburger Hausbergen! Bis vor\u00a0100 Jahren hielten die M\u00f6nche in ihrem Klostergarten auf dem Kapuzinerberg Bienen. Daniel Pfeifenberger hat auf der Suche nach den besten [&hellip;]\" \/>\n<meta name=\"robots\" content=\"index, nofollow, max-snippet:-1, max-image-preview:large, max-video-preview:-1\" \/>\n<link rel=\"canonical\" href=\"https:\/\/www.salzburgerland.com\/de\/magazin\/bio-bienenhonig-aus-salzburg\/\" \/>\n<meta property=\"og:locale\" content=\"de_DE\" \/>\n<meta property=\"og:type\" content=\"article\" \/>\n<meta property=\"og:title\" content=\"Bio-Bienenhonig aus Salzburg\" \/>\n<meta property=\"og:description\" content=\"Aufgrund einer Insolvenz wird Bienenlieb derzeit leider nicht betrieben! Daniel Pfeifenberger, ausgebildeter Imker und Bienenz\u00fcchter aus der Stadt Salzburg, erweckte vor vier Jahren eine alte Tradition zum Leben: Bienenst\u00f6cke auf den Salzburger Hausbergen! Bis vor\u00a0100 Jahren hielten die M\u00f6nche in ihrem Klostergarten auf dem Kapuzinerberg Bienen. Daniel Pfeifenberger hat auf der Suche nach den besten [&hellip;]\" \/>\n<meta property=\"og:url\" content=\"https:\/\/www.salzburgerland.com\/de\/magazin\/bio-bienenhonig-aus-salzburg\/\" \/>\n<meta property=\"og:site_name\" content=\"SalzburgerLand Magazin\" \/>\n<meta property=\"article:publisher\" content=\"https:\/\/www.facebook.com\/salzburgerland\/\" \/>\n<meta property=\"article:published_time\" content=\"2016-10-17T07:00:49+00:00\" \/>\n<meta property=\"article:modified_time\" content=\"2024-02-07T07:29:53+00:00\" \/>\n<meta property=\"og:image\" content=\"https:\/\/www.salzburgerland.com\/de\/magazin\/wp-content\/uploads\/2016\/09\/Bio-Imkerei-Bienenlieb_5.jpg\" \/>\n\t<meta property=\"og:image:width\" content=\"1600\" \/>\n\t<meta property=\"og:image:height\" content=\"1067\" \/>\n\t<meta property=\"og:image:type\" content=\"image\/jpeg\" \/>\n<meta name=\"author\" content=\"Anke Eder\" \/>\n<meta name=\"twitter:card\" content=\"summary_large_image\" \/>\n<meta name=\"twitter:creator\" content=\"@Salzburgerland\" \/>\n<meta name=\"twitter:site\" content=\"@Salzburgerland\" \/>\n<meta name=\"twitter:label1\" content=\"Verfasst von\" \/>\n\t<meta name=\"twitter:data1\" content=\"Anke Eder\" \/>\n\t<meta name=\"twitter:label2\" content=\"Gesch\u00e4tzte Lesezeit\" \/>\n\t<meta name=\"twitter:data2\" content=\"3\u00a0Minuten\" \/>\n<script type=\"application\/ld+json\" class=\"yoast-schema-graph\">{\"@context\":\"https:\\\/\\\/schema.org\",\"@graph\":[{\"@type\":\"Article\",\"@id\":\"https:\\\/\\\/www.salzburgerland.com\\\/de\\\/magazin\\\/bio-bienenhonig-aus-salzburg\\\/#article\",\"isPartOf\":{\"@id\":\"https:\\\/\\\/www.salzburgerland.com\\\/de\\\/magazin\\\/bio-bienenhonig-aus-salzburg\\\/\"},\"author\":{\"name\":\"Anke Eder\",\"@id\":\"https:\\\/\\\/www.salzburgerland.com\\\/de\\\/magazin\\\/#\\\/schema\\\/person\\\/b4c7972a94a135bc63fe8c2dd626a26e\"},\"headline\":\"Bio-Bienenhonig aus Salzburg\",\"datePublished\":\"2016-10-17T07:00:49+00:00\",\"dateModified\":\"2024-02-07T07:29:53+00:00\",\"mainEntityOfPage\":{\"@id\":\"https:\\\/\\\/www.salzburgerland.com\\\/de\\\/magazin\\\/bio-bienenhonig-aus-salzburg\\\/\"},\"wordCount\":446,\"commentCount\":0,\"publisher\":{\"@id\":\"https:\\\/\\\/www.salzburgerland.com\\\/de\\\/magazin\\\/#organization\"},\"image\":{\"@id\":\"https:\\\/\\\/www.salzburgerland.com\\\/de\\\/magazin\\\/bio-bienenhonig-aus-salzburg\\\/#primaryimage\"},\"thumbnailUrl\":\"https:\\\/\\\/www.salzburgerland.com\\\/de\\\/magazin\\\/wp-content\\\/uploads\\\/2016\\\/09\\\/Bio-Imkerei-Bienenlieb_5.jpg\",\"articleSection\":[\"Archiv\"],\"inLanguage\":\"de\",\"potentialAction\":[{\"@type\":\"CommentAction\",\"name\":\"Comment\",\"target\":[\"https:\\\/\\\/www.salzburgerland.com\\\/de\\\/magazin\\\/bio-bienenhonig-aus-salzburg\\\/#respond\"]}]},{\"@type\":\"WebPage\",\"@id\":\"https:\\\/\\\/www.salzburgerland.com\\\/de\\\/magazin\\\/bio-bienenhonig-aus-salzburg\\\/\",\"url\":\"https:\\\/\\\/www.salzburgerland.com\\\/de\\\/magazin\\\/bio-bienenhonig-aus-salzburg\\\/\",\"name\":\"Bio-Bienenhonig aus Salzburg - SalzburgerLand Magazin\",\"isPartOf\":{\"@id\":\"https:\\\/\\\/www.salzburgerland.com\\\/de\\\/magazin\\\/#website\"},\"primaryImageOfPage\":{\"@id\":\"https:\\\/\\\/www.salzburgerland.com\\\/de\\\/magazin\\\/bio-bienenhonig-aus-salzburg\\\/#primaryimage\"},\"image\":{\"@id\":\"https:\\\/\\\/www.salzburgerland.com\\\/de\\\/magazin\\\/bio-bienenhonig-aus-salzburg\\\/#primaryimage\"},\"thumbnailUrl\":\"https:\\\/\\\/www.salzburgerland.com\\\/de\\\/magazin\\\/wp-content\\\/uploads\\\/2016\\\/09\\\/Bio-Imkerei-Bienenlieb_5.jpg\",\"datePublished\":\"2016-10-17T07:00:49+00:00\",\"dateModified\":\"2024-02-07T07:29:53+00:00\",\"breadcrumb\":{\"@id\":\"https:\\\/\\\/www.salzburgerland.com\\\/de\\\/magazin\\\/bio-bienenhonig-aus-salzburg\\\/#breadcrumb\"},\"inLanguage\":\"de\",\"potentialAction\":[{\"@type\":\"ReadAction\",\"target\":[\"https:\\\/\\\/www.salzburgerland.com\\\/de\\\/magazin\\\/bio-bienenhonig-aus-salzburg\\\/\"]}]},{\"@type\":\"ImageObject\",\"inLanguage\":\"de\",\"@id\":\"https:\\\/\\\/www.salzburgerland.com\\\/de\\\/magazin\\\/bio-bienenhonig-aus-salzburg\\\/#primaryimage\",\"url\":\"https:\\\/\\\/www.salzburgerland.com\\\/de\\\/magazin\\\/wp-content\\\/uploads\\\/2016\\\/09\\\/Bio-Imkerei-Bienenlieb_5.jpg\",\"contentUrl\":\"https:\\\/\\\/www.salzburgerland.com\\\/de\\\/magazin\\\/wp-content\\\/uploads\\\/2016\\\/09\\\/Bio-Imkerei-Bienenlieb_5.jpg\",\"width\":1600,\"height\":1067,\"caption\":\"Eine Person inspiziert an einem sonnigen Tag im Freien einen h\u00f6lzernen Bienenstock voller Bienen.\"},{\"@type\":\"BreadcrumbList\",\"@id\":\"https:\\\/\\\/www.salzburgerland.com\\\/de\\\/magazin\\\/bio-bienenhonig-aus-salzburg\\\/#breadcrumb\",\"itemListElement\":[{\"@type\":\"ListItem\",\"position\":1,\"name\":\"Startseite\",\"item\":\"https:\\\/\\\/www.salzburgerland.com\\\/de\\\/magazin\\\/\"},{\"@type\":\"ListItem\",\"position\":2,\"name\":\"Archiv\",\"item\":\"https:\\\/\\\/www.salzburgerland.com\\\/de\\\/magazin\\\/thema\\\/archiv\\\/\"},{\"@type\":\"ListItem\",\"position\":3,\"name\":\"Bio-Bienenhonig aus Salzburg\"}]},{\"@type\":\"WebSite\",\"@id\":\"https:\\\/\\\/www.salzburgerland.com\\\/de\\\/magazin\\\/#website\",\"url\":\"https:\\\/\\\/www.salzburgerland.com\\\/de\\\/magazin\\\/\",\"name\":\"SalzburgerLand Magazin\",\"description\":\"Geschichten und Interessantes aus dem SalzburgerLand\",\"publisher\":{\"@id\":\"https:\\\/\\\/www.salzburgerland.com\\\/de\\\/magazin\\\/#organization\"},\"potentialAction\":[{\"@type\":\"SearchAction\",\"target\":{\"@type\":\"EntryPoint\",\"urlTemplate\":\"https:\\\/\\\/www.salzburgerland.com\\\/de\\\/magazin\\\/?s={search_term_string}\"},\"query-input\":{\"@type\":\"PropertyValueSpecification\",\"valueRequired\":true,\"valueName\":\"search_term_string\"}}],\"inLanguage\":\"de\"},{\"@type\":\"Organization\",\"@id\":\"https:\\\/\\\/www.salzburgerland.com\\\/de\\\/magazin\\\/#organization\",\"name\":\"SalzburgerLand Tourismus\",\"url\":\"https:\\\/\\\/www.salzburgerland.com\\\/de\\\/magazin\\\/\",\"logo\":{\"@type\":\"ImageObject\",\"inLanguage\":\"de\",\"@id\":\"https:\\\/\\\/www.salzburgerland.com\\\/de\\\/magazin\\\/#\\\/schema\\\/logo\\\/image\\\/\",\"url\":\"https:\\\/\\\/www.salzburgerland.com\\\/de\\\/magazin\\\/wp-content\\\/uploads\\\/2019\\\/06\\\/salzburgerland-logo1.jpg\",\"contentUrl\":\"https:\\\/\\\/www.salzburgerland.com\\\/de\\\/magazin\\\/wp-content\\\/uploads\\\/2019\\\/06\\\/salzburgerland-logo1.jpg\",\"width\":2011,\"height\":866,\"caption\":\"SalzburgerLand Tourismus\"},\"image\":{\"@id\":\"https:\\\/\\\/www.salzburgerland.com\\\/de\\\/magazin\\\/#\\\/schema\\\/logo\\\/image\\\/\"},\"sameAs\":[\"https:\\\/\\\/www.facebook.com\\\/salzburgerland\\\/\",\"https:\\\/\\\/x.com\\\/Salzburgerland\",\"https:\\\/\\\/www.instagram.com\\\/salzburgerland\\\/\",\"https:\\\/\\\/at.linkedin.com\\\/company\\\/salzburgerland-tourismus-gmbh\",\"https:\\\/\\\/www.pinterest.at\\\/salzburgerland\\\/\",\"https:\\\/\\\/www.youtube.com\\\/user\\\/salzburgerland\",\"https:\\\/\\\/de.wikipedia.org\\\/wiki\\\/SalzburgerLand_Tourismus_GmbH\"]},{\"@type\":\"Person\",\"@id\":\"https:\\\/\\\/www.salzburgerland.com\\\/de\\\/magazin\\\/#\\\/schema\\\/person\\\/b4c7972a94a135bc63fe8c2dd626a26e\",\"name\":\"Anke Eder\",\"description\":\"Anke Eder hat in Salzburg Kommunikationswissenschaft studiert, lebt mit ihrer Familie im wundersch\u00f6nen Salzburger Flachgau und arbeitet als freiberufliche Autorin f\u00fcr das SalzburgerLand Magazin. Ihre Leidenschaft sind selbst gemachte Gerichte mit besten Zutaten aus der Region oder dem eigenen Garten. Als diplomierte Ern\u00e4hrungstrainerin, diplomierte Kr\u00e4uterp\u00e4dagogin und TEH-Praktikerin wei\u00df sie um die Vorz\u00fcge von selbst gemachten Gerichten, schreibt dar\u00fcber und fotografiert was sie f\u00fcr ihre Familie kocht. In ihrer Freizeit ist Anke am liebsten in den Bergen unterwegs - mit dem Rennrad oder den Wanderschuhen. F\u00fcr das SalzburgerLand Magazin entdeckt sie die sch\u00f6nsten Spots in Salzburgs.\u00a0\",\"url\":\"https:\\\/\\\/www.salzburgerland.com\\\/de\\\/magazin\\\/author\\\/anke-eder\\\/\"}]}<\/script>\n<!-- \/ Yoast SEO Premium plugin. -->","yoast_head_json":{"title":"Bio-Bienenhonig aus Salzburg - SalzburgerLand Magazin","description":"Aufgrund einer Insolvenz wird Bienenlieb derzeit leider nicht betrieben! Daniel Pfeifenberger, ausgebildeter Imker und Bienenz\u00fcchter aus der Stadt Salzburg, erweckte vor vier Jahren eine alte Tradition zum Leben: Bienenst\u00f6cke auf den Salzburger Hausbergen! Bis vor\u00a0100 Jahren hielten die M\u00f6nche in ihrem Klostergarten auf dem Kapuzinerberg Bienen. Daniel Pfeifenberger hat auf der Suche nach den besten [&hellip;]","robots":{"index":"index","follow":"nofollow","max-snippet":"max-snippet:-1","max-image-preview":"max-image-preview:large","max-video-preview":"max-video-preview:-1"},"canonical":"https:\/\/www.salzburgerland.com\/de\/magazin\/bio-bienenhonig-aus-salzburg\/","og_locale":"de_DE","og_type":"article","og_title":"Bio-Bienenhonig aus Salzburg","og_description":"Aufgrund einer Insolvenz wird Bienenlieb derzeit leider nicht betrieben! Daniel Pfeifenberger, ausgebildeter Imker und Bienenz\u00fcchter aus der Stadt Salzburg, erweckte vor vier Jahren eine alte Tradition zum Leben: Bienenst\u00f6cke auf den Salzburger Hausbergen! Bis vor\u00a0100 Jahren hielten die M\u00f6nche in ihrem Klostergarten auf dem Kapuzinerberg Bienen. Daniel Pfeifenberger hat auf der Suche nach den besten [&hellip;]","og_url":"https:\/\/www.salzburgerland.com\/de\/magazin\/bio-bienenhonig-aus-salzburg\/","og_site_name":"SalzburgerLand Magazin","article_publisher":"https:\/\/www.facebook.com\/salzburgerland\/","article_published_time":"2016-10-17T07:00:49+00:00","article_modified_time":"2024-02-07T07:29:53+00:00","og_image":[{"width":1600,"height":1067,"url":"https:\/\/www.salzburgerland.com\/de\/magazin\/wp-content\/uploads\/2016\/09\/Bio-Imkerei-Bienenlieb_5.jpg","type":"image\/jpeg"}],"author":"Anke Eder","twitter_card":"summary_large_image","twitter_creator":"@Salzburgerland","twitter_site":"@Salzburgerland","twitter_misc":{"Verfasst von":"Anke Eder","Gesch\u00e4tzte Lesezeit":"3\u00a0Minuten"},"schema":{"@context":"https:\/\/schema.org","@graph":[{"@type":"Article","@id":"https:\/\/www.salzburgerland.com\/de\/magazin\/bio-bienenhonig-aus-salzburg\/#article","isPartOf":{"@id":"https:\/\/www.salzburgerland.com\/de\/magazin\/bio-bienenhonig-aus-salzburg\/"},"author":{"name":"Anke Eder","@id":"https:\/\/www.salzburgerland.com\/de\/magazin\/#\/schema\/person\/b4c7972a94a135bc63fe8c2dd626a26e"},"headline":"Bio-Bienenhonig aus Salzburg","datePublished":"2016-10-17T07:00:49+00:00","dateModified":"2024-02-07T07:29:53+00:00","mainEntityOfPage":{"@id":"https:\/\/www.salzburgerland.com\/de\/magazin\/bio-bienenhonig-aus-salzburg\/"},"wordCount":446,"commentCount":0,"publisher":{"@id":"https:\/\/www.salzburgerland.com\/de\/magazin\/#organization"},"image":{"@id":"https:\/\/www.salzburgerland.com\/de\/magazin\/bio-bienenhonig-aus-salzburg\/#primaryimage"},"thumbnailUrl":"https:\/\/www.salzburgerland.com\/de\/magazin\/wp-content\/uploads\/2016\/09\/Bio-Imkerei-Bienenlieb_5.jpg","articleSection":["Archiv"],"inLanguage":"de","potentialAction":[{"@type":"CommentAction","name":"Comment","target":["https:\/\/www.salzburgerland.com\/de\/magazin\/bio-bienenhonig-aus-salzburg\/#respond"]}]},{"@type":"WebPage","@id":"https:\/\/www.salzburgerland.com\/de\/magazin\/bio-bienenhonig-aus-salzburg\/","url":"https:\/\/www.salzburgerland.com\/de\/magazin\/bio-bienenhonig-aus-salzburg\/","name":"Bio-Bienenhonig aus Salzburg - SalzburgerLand Magazin","isPartOf":{"@id":"https:\/\/www.salzburgerland.com\/de\/magazin\/#website"},"primaryImageOfPage":{"@id":"https:\/\/www.salzburgerland.com\/de\/magazin\/bio-bienenhonig-aus-salzburg\/#primaryimage"},"image":{"@id":"https:\/\/www.salzburgerland.com\/de\/magazin\/bio-bienenhonig-aus-salzburg\/#primaryimage"},"thumbnailUrl":"https:\/\/www.salzburgerland.com\/de\/magazin\/wp-content\/uploads\/2016\/09\/Bio-Imkerei-Bienenlieb_5.jpg","datePublished":"2016-10-17T07:00:49+00:00","dateModified":"2024-02-07T07:29:53+00:00","breadcrumb":{"@id":"https:\/\/www.salzburgerland.com\/de\/magazin\/bio-bienenhonig-aus-salzburg\/#breadcrumb"},"inLanguage":"de","potentialAction":[{"@type":"ReadAction","target":["https:\/\/www.salzburgerland.com\/de\/magazin\/bio-bienenhonig-aus-salzburg\/"]}]},{"@type":"ImageObject","inLanguage":"de","@id":"https:\/\/www.salzburgerland.com\/de\/magazin\/bio-bienenhonig-aus-salzburg\/#primaryimage","url":"https:\/\/www.salzburgerland.com\/de\/magazin\/wp-content\/uploads\/2016\/09\/Bio-Imkerei-Bienenlieb_5.jpg","contentUrl":"https:\/\/www.salzburgerland.com\/de\/magazin\/wp-content\/uploads\/2016\/09\/Bio-Imkerei-Bienenlieb_5.jpg","width":1600,"height":1067,"caption":"Eine Person inspiziert an einem sonnigen Tag im Freien einen h\u00f6lzernen Bienenstock voller Bienen."},{"@type":"BreadcrumbList","@id":"https:\/\/www.salzburgerland.com\/de\/magazin\/bio-bienenhonig-aus-salzburg\/#breadcrumb","itemListElement":[{"@type":"ListItem","position":1,"name":"Startseite","item":"https:\/\/www.salzburgerland.com\/de\/magazin\/"},{"@type":"ListItem","position":2,"name":"Archiv","item":"https:\/\/www.salzburgerland.com\/de\/magazin\/thema\/archiv\/"},{"@type":"ListItem","position":3,"name":"Bio-Bienenhonig aus Salzburg"}]},{"@type":"WebSite","@id":"https:\/\/www.salzburgerland.com\/de\/magazin\/#website","url":"https:\/\/www.salzburgerland.com\/de\/magazin\/","name":"SalzburgerLand Magazin","description":"Geschichten und Interessantes aus dem SalzburgerLand","publisher":{"@id":"https:\/\/www.salzburgerland.com\/de\/magazin\/#organization"},"potentialAction":[{"@type":"SearchAction","target":{"@type":"EntryPoint","urlTemplate":"https:\/\/www.salzburgerland.com\/de\/magazin\/?s={search_term_string}"},"query-input":{"@type":"PropertyValueSpecification","valueRequired":true,"valueName":"search_term_string"}}],"inLanguage":"de"},{"@type":"Organization","@id":"https:\/\/www.salzburgerland.com\/de\/magazin\/#organization","name":"SalzburgerLand Tourismus","url":"https:\/\/www.salzburgerland.com\/de\/magazin\/","logo":{"@type":"ImageObject","inLanguage":"de","@id":"https:\/\/www.salzburgerland.com\/de\/magazin\/#\/schema\/logo\/image\/","url":"https:\/\/www.salzburgerland.com\/de\/magazin\/wp-content\/uploads\/2019\/06\/salzburgerland-logo1.jpg","contentUrl":"https:\/\/www.salzburgerland.com\/de\/magazin\/wp-content\/uploads\/2019\/06\/salzburgerland-logo1.jpg","width":2011,"height":866,"caption":"SalzburgerLand Tourismus"},"image":{"@id":"https:\/\/www.salzburgerland.com\/de\/magazin\/#\/schema\/logo\/image\/"},"sameAs":["https:\/\/www.facebook.com\/salzburgerland\/","https:\/\/x.com\/Salzburgerland","https:\/\/www.instagram.com\/salzburgerland\/","https:\/\/at.linkedin.com\/company\/salzburgerland-tourismus-gmbh","https:\/\/www.pinterest.at\/salzburgerland\/","https:\/\/www.youtube.com\/user\/salzburgerland","https:\/\/de.wikipedia.org\/wiki\/SalzburgerLand_Tourismus_GmbH"]},{"@type":"Person","@id":"https:\/\/www.salzburgerland.com\/de\/magazin\/#\/schema\/person\/b4c7972a94a135bc63fe8c2dd626a26e","name":"Anke Eder","description":"Anke Eder hat in Salzburg Kommunikationswissenschaft studiert, lebt mit ihrer Familie im wundersch\u00f6nen Salzburger Flachgau und arbeitet als freiberufliche Autorin f\u00fcr das SalzburgerLand Magazin. Ihre Leidenschaft sind selbst gemachte Gerichte mit besten Zutaten aus der Region oder dem eigenen Garten. Als diplomierte Ern\u00e4hrungstrainerin, diplomierte Kr\u00e4uterp\u00e4dagogin und TEH-Praktikerin wei\u00df sie um die Vorz\u00fcge von selbst gemachten Gerichten, schreibt dar\u00fcber und fotografiert was sie f\u00fcr ihre Familie kocht. In ihrer Freizeit ist Anke am liebsten in den Bergen unterwegs - mit dem Rennrad oder den Wanderschuhen. F\u00fcr das SalzburgerLand Magazin entdeckt sie die sch\u00f6nsten Spots in Salzburgs.\u00a0","url":"https:\/\/www.salzburgerland.com\/de\/magazin\/author\/anke-eder\/"}]}},"_wl_alt_label":[],"wl:entity_url":"http:\/\/open.salzburgerland.com\/magazin\/post\/bio-bienenhonig_aus_salzburg","_links":{"self":[{"href":"https:\/\/www.salzburgerland.com\/de\/magazin\/wp-json\/wp\/v2\/posts\/109345","targetHints":{"allow":["GET"]}}],"collection":[{"href":"https:\/\/www.salzburgerland.com\/de\/magazin\/wp-json\/wp\/v2\/posts"}],"about":[{"href":"https:\/\/www.salzburgerland.com\/de\/magazin\/wp-json\/wp\/v2\/types\/post"}],"author":[{"embeddable":true,"href":"https:\/\/www.salzburgerland.com\/de\/magazin\/wp-json\/wp\/v2\/users\/533"}],"replies":[{"embeddable":true,"href":"https:\/\/www.salzburgerland.com\/de\/magazin\/wp-json\/wp\/v2\/comments?post=109345"}],"version-history":[{"count":2,"href":"https:\/\/www.salzburgerland.com\/de\/magazin\/wp-json\/wp\/v2\/posts\/109345\/revisions"}],"predecessor-version":[{"id":175371,"href":"https:\/\/www.salzburgerland.com\/de\/magazin\/wp-json\/wp\/v2\/posts\/109345\/revisions\/175371"}],"wp:featuredmedia":[{"embeddable":true,"href":"https:\/\/www.salzburgerland.com\/de\/magazin\/wp-json\/wp\/v2\/media\/109354"}],"wp:attachment":[{"href":"https:\/\/www.salzburgerland.com\/de\/magazin\/wp-json\/wp\/v2\/media?parent=109345"}],"wp:term":[{"taxonomy":"category","embeddable":true,"href":"https:\/\/www.salzburgerland.com\/de\/magazin\/wp-json\/wp\/v2\/categories?post=109345"},{"taxonomy":"post_tag","embeddable":true,"href":"https:\/\/www.salzburgerland.com\/de\/magazin\/wp-json\/wp\/v2\/tags?post=109345"},{"taxonomy":"wl_entity_type","embeddable":true,"href":"https:\/\/www.salzburgerland.com\/de\/magazin\/wp-json\/wp\/v2\/wl_entity_type?post=109345"},{"taxonomy":"monatsauswahl","embeddable":true,"href":"https:\/\/www.salzburgerland.com\/de\/magazin\/wp-json\/wp\/v2\/monatsauswahl?post=109345"}],"curies":[{"name":"wp","href":"https:\/\/api.w.org\/{rel}","templated":true}]}}