{"id":109343,"date":"2016-10-07T08:00:09","date_gmt":"2016-10-07T06:00:09","guid":{"rendered":"http:\/\/magazin.salzburgerland.com\/?p=109343"},"modified":"2016-10-07T10:52:15","modified_gmt":"2016-10-07T08:52:15","slug":"magische-wanderungen-is-it-magic","status":"publish","type":"post","link":"https:\/\/www.salzburgerland.com\/de\/magazin\/magische-wanderungen-is-it-magic\/","title":{"rendered":"Magische Wanderungen &#8211; is it magic?"},"content":{"rendered":"<p><strong>Im Zuge der Magischen Wanderungen k\u00f6nnen Sie bei Vollmond Kraftpl\u00e4tze in und um Salzburg kennenlernen, erkunden und die Kr\u00e4fte der Pl\u00e4tze und des Mondes nutzen, um Ihren Alltag oder Ihren Urlaub auf sanfte, nachhaltige Art und Weise aufzuwerten.<\/strong><\/p>\n<p>Hat es wirklich mit Magie zu tun, wenn sich Menschen mit Wanderschuhen an den F\u00fc\u00dfen treffen und sich in die H\u00e4nde von 2 jungen Salzburgerinnen begeben, die sie an die Kraftpl\u00e4tze in und um Salzburg f\u00fchren? Es hat auf jeden Fall etwas Magisches, wenn die beiden anfangen, \u00fcber die Natur, die umliegende Bergwelt und die Kr\u00e4fte der Kr\u00e4uter und des Mondes zu erz\u00e4hlen.<\/p>\n<p>Renate Steinacher ist Wanderf\u00fchrerin, Bergretterin, Naturfreundin und Salzburgerin mit Leib und Seele. Wer sich in ihre H\u00e4nde begibt, kann sicher sein: die richtigen Wege zu finden, gut aufgehoben zu sein, sicher ans Ziel zu kommen.<\/p>\n<p>Eva Reiter ist \u201eg\u2019sp\u00fcrige\u201c Kr\u00e4uterfrau, F\u00fcnf Tibeter Trainerin, Feng Shui Beraterin und Naturliebhaberin: \u201eDie Freiheit zu haben, dieses Paradies atmen und sp\u00fcren zu d\u00fcrfen, ist mir bis heute ein Bed\u00fcrfnis, und daraus entspringt auch mein gro\u00dfes Interesse f\u00fcr (R\u00e4ucher-) Pflanzen, Elfen, Feen und andere Elementarwesen sowie f\u00fcr die ganzheitlichen Lehren des Feng Shui und der Geomantie.\u201c<\/p>\n<p>Aus eigener Erfahrung wei\u00df ich, es hat auf jeden Fall etwas Magisches an sich. Die Magie der Kraftpl\u00e4tze wirklich zu sp\u00fcren, ist vielleicht nicht jedem verg\u00f6nnt. Aber es ist eine gute M\u00f6glichkeit, raus zu gehen in die Natur, das Herz zu \u00f6ffnen und sich selbst und die Umgebung auf ganz eigene, intensive Art und Weise wahrzunehmen.<\/p>\n<h3>Wanderprogramm bei Tag und nachts bei Vollmond<\/h3>\n<p>Am Anfang jeder Tour steht eine kleine Vorstellungsrunde, schlie\u00dflich darf jeder wissen, mit wem er sich auf den Weg macht. Renate f\u00fchrt die Gruppe an. Wer m\u00f6chte, kann miteinander plaudern, wer m\u00f6chte, darf sich in Ruhe und Stille \u00fcben. Es sind keine schwierigen Wanderungen, die hier angeboten werden. Es ist nicht wichtig, wie fit und trainiert jeder Teilnehmer ist. Es geht einzig darum, achtsam mit sich selbst und den anderen aufzubrechen um am Ende des Weges einen besonderen Logenplatz zu finden, zu sp\u00fcren und zu genie\u00dfen.<\/p>\n<p>Hier darf, wer m\u00f6chte, an der gef\u00fchrten Meditation von Eva teilnehmen. Sie gibt ihre eigenen feinf\u00fchligen Impulse gekonnt an die Teilnehmer weiter. Auch wenn die Konzentration ob der Sch\u00f6nheit der Umgebung vielleicht schwer fallen mag, zahlt es sich aus, sich diesen Moment der Stille und Einkehr zu g\u00f6nnen. Und wer Gl\u00fcck hat, so wie ich, darf dabei ein Geschenk erhalten, das das Leben vielleicht auch nachhaltig ver\u00e4ndert.<\/p>\n<p>Die Magischen Wanderungen finden jedes Monat bei Vollmond statt. Termine und Kontaktdaten f\u00fcr die Anmeldung finden Sie auf <a href=\"https:\/\/www.facebook.com\/magischewanderungen\/?fref=ts\">Facebook<\/a>.<\/p>\n<p>Selbstverst\u00e4ndlich k\u00f6nnen Magische Wanderungen auch individuell gebucht werden. Kraftpl\u00e4tze gibt es in und um Salzburg so viele. \u00dcbrigens: auch bei Neumond, Sonnenfinsternis, Mondfinsternis, Jahreszeitenwechsel, Tag-Nachtgleiche, Rauhn\u00e4chte, etc. sind besondere Energien im Spiel\u2026<\/p>\n<p>Es zahlt sich also immer aus, eine Magische Wanderung zu unternehmen!<\/p>\n<h3>Anmeldung und Info<\/h3>\n<p>renate@stonemotion.at, +43 680 234 16 14, www.stonemotion.at<br \/>office@soulgarden.at, +43 660 238 87 18, www.soulgarden.at<\/p>\n<div class=\"mag-gallery\"><div class=\"row\"><div class=\"col-6 col-sm-4\"><figure><a class=\"thumb-container\" href=\"https:\/\/www.salzburgerland.com\/de\/magazin\/wp-content\/uploads\/2016\/09\/IMG-20160627-WA0000-1280x1024.jpg\">\t<picture><source media=\"(min-width: 576px)\" srcset=\"https:\/\/www.salzburgerland.com\/de\/magazin\/wp-content\/uploads\/2016\/09\/IMG-20160627-WA0000-325x209.jpg 325w, https:\/\/www.salzburgerland.com\/de\/magazin\/wp-content\/uploads\/2016\/09\/IMG-20160627-WA0000-249x160.jpg 249w\" \/><source media=\"(min-width: 0)\" srcset=\"https:\/\/www.salzburgerland.com\/de\/magazin\/wp-content\/uploads\/2016\/09\/IMG-20160627-WA0000-249x160.jpg 249w, https:\/\/www.salzburgerland.com\/de\/magazin\/wp-content\/uploads\/2016\/09\/IMG-20160627-WA0000-325x209.jpg 325w\" \/><img decoding=\"async\" alt=\"Renate an der Jakobsquelle\" src=\"https:\/\/www.salzburgerland.com\/de\/magazin\/wp-content\/uploads\/2016\/09\/IMG-20160627-WA0000.jpg\" \/>\t<\/picture><\/a><\/figure><\/div><div class=\"col-6 col-sm-4\"><figure><a class=\"thumb-container\" href=\"https:\/\/www.salzburgerland.com\/de\/magazin\/wp-content\/uploads\/2016\/09\/IMG-20160627-WA0007-1280x1024.jpg\">\t<picture><source media=\"(min-width: 576px)\" srcset=\"https:\/\/www.salzburgerland.com\/de\/magazin\/wp-content\/uploads\/2016\/09\/IMG-20160627-WA0007-325x209.jpg 325w, https:\/\/www.salzburgerland.com\/de\/magazin\/wp-content\/uploads\/2016\/09\/IMG-20160627-WA0007-249x160.jpg 249w\" \/><source media=\"(min-width: 0)\" srcset=\"https:\/\/www.salzburgerland.com\/de\/magazin\/wp-content\/uploads\/2016\/09\/IMG-20160627-WA0007-249x160.jpg 249w, https:\/\/www.salzburgerland.com\/de\/magazin\/wp-content\/uploads\/2016\/09\/IMG-20160627-WA0007-325x209.jpg 325w\" \/><img decoding=\"async\" alt=\"Magische Wanderungen\" src=\"https:\/\/www.salzburgerland.com\/de\/magazin\/wp-content\/uploads\/2016\/09\/IMG-20160627-WA0007.jpg\" \/>\t<\/picture><\/a><\/figure><\/div><div class=\"col-6 col-sm-4\"><figure><a class=\"thumb-container\" href=\"https:\/\/www.salzburgerland.com\/de\/magazin\/wp-content\/uploads\/2016\/09\/IMG-20160627-WA0003-1280x1024.jpg\">\t<picture><source media=\"(min-width: 576px)\" srcset=\"https:\/\/www.salzburgerland.com\/de\/magazin\/wp-content\/uploads\/2016\/09\/IMG-20160627-WA0003-325x209.jpg 325w, https:\/\/www.salzburgerland.com\/de\/magazin\/wp-content\/uploads\/2016\/09\/IMG-20160627-WA0003-249x160.jpg 249w\" \/><source media=\"(min-width: 0)\" srcset=\"https:\/\/www.salzburgerland.com\/de\/magazin\/wp-content\/uploads\/2016\/09\/IMG-20160627-WA0003-249x160.jpg 249w, https:\/\/www.salzburgerland.com\/de\/magazin\/wp-content\/uploads\/2016\/09\/IMG-20160627-WA0003-325x209.jpg 325w\" \/><img decoding=\"async\" alt=\"Magische Wanderungen\" src=\"https:\/\/www.salzburgerland.com\/de\/magazin\/wp-content\/uploads\/2016\/09\/IMG-20160627-WA0003.jpg\" \/>\t<\/picture><\/a><\/figure><\/div><div class=\"col-6 col-sm-4\"><figure><a class=\"thumb-container\" href=\"https:\/\/www.salzburgerland.com\/de\/magazin\/wp-content\/uploads\/2016\/09\/Magische-Wanderung-am-Buchberg-1280x1024.jpg\">\t<picture><source media=\"(min-width: 576px)\" srcset=\"https:\/\/www.salzburgerland.com\/de\/magazin\/wp-content\/uploads\/2016\/09\/Magische-Wanderung-am-Buchberg-325x209.jpg 325w, https:\/\/www.salzburgerland.com\/de\/magazin\/wp-content\/uploads\/2016\/09\/Magische-Wanderung-am-Buchberg-249x160.jpg 249w\" \/><source media=\"(min-width: 0)\" srcset=\"https:\/\/www.salzburgerland.com\/de\/magazin\/wp-content\/uploads\/2016\/09\/Magische-Wanderung-am-Buchberg-249x160.jpg 249w, https:\/\/www.salzburgerland.com\/de\/magazin\/wp-content\/uploads\/2016\/09\/Magische-Wanderung-am-Buchberg-325x209.jpg 325w\" \/><img decoding=\"async\" alt=\"Zwei Personen mit Rucks\u00e4cken gehen zwischen gro\u00dfen Felsen auf einer Wiese unter einem teilweise bew\u00f6lkten Himmel.\" src=\"https:\/\/www.salzburgerland.com\/de\/magazin\/wp-content\/uploads\/2016\/09\/Magische-Wanderung-am-Buchberg.jpg\" \/>\t<\/picture><\/a><\/figure><\/div><div class=\"col-6 col-sm-4\"><figure><a class=\"thumb-container\" href=\"https:\/\/www.salzburgerland.com\/de\/magazin\/wp-content\/uploads\/2016\/09\/Eva-Reiter-und-Renate-Steinacher-Magische-Wanderungen-1280x1024.jpg\">\t<picture><source media=\"(min-width: 576px)\" srcset=\"https:\/\/www.salzburgerland.com\/de\/magazin\/wp-content\/uploads\/2016\/09\/Eva-Reiter-und-Renate-Steinacher-Magische-Wanderungen-325x209.jpg 325w, https:\/\/www.salzburgerland.com\/de\/magazin\/wp-content\/uploads\/2016\/09\/Eva-Reiter-und-Renate-Steinacher-Magische-Wanderungen-249x160.jpg 249w\" \/><source media=\"(min-width: 0)\" srcset=\"https:\/\/www.salzburgerland.com\/de\/magazin\/wp-content\/uploads\/2016\/09\/Eva-Reiter-und-Renate-Steinacher-Magische-Wanderungen-249x160.jpg 249w, https:\/\/www.salzburgerland.com\/de\/magazin\/wp-content\/uploads\/2016\/09\/Eva-Reiter-und-Renate-Steinacher-Magische-Wanderungen-325x209.jpg 325w\" \/><img decoding=\"async\" alt=\"Eva Reiter und Renate Steinacher\" src=\"https:\/\/www.salzburgerland.com\/de\/magazin\/wp-content\/uploads\/2016\/09\/Eva-Reiter-und-Renate-Steinacher-Magische-Wanderungen.jpg\" \/>\t<\/picture><\/a><\/figure><\/div><div class=\"col-6 col-sm-4\"><figure><a class=\"thumb-container\" href=\"https:\/\/www.salzburgerland.com\/de\/magazin\/wp-content\/uploads\/2016\/09\/Krauterkranzbinden-am-Buchberg-1280x1024.jpg\">\t<picture><source media=\"(min-width: 576px)\" srcset=\"https:\/\/www.salzburgerland.com\/de\/magazin\/wp-content\/uploads\/2016\/09\/Krauterkranzbinden-am-Buchberg-325x209.jpg 325w, https:\/\/www.salzburgerland.com\/de\/magazin\/wp-content\/uploads\/2016\/09\/Krauterkranzbinden-am-Buchberg-249x160.jpg 249w\" \/><source media=\"(min-width: 0)\" srcset=\"https:\/\/www.salzburgerland.com\/de\/magazin\/wp-content\/uploads\/2016\/09\/Krauterkranzbinden-am-Buchberg-249x160.jpg 249w, https:\/\/www.salzburgerland.com\/de\/magazin\/wp-content\/uploads\/2016\/09\/Krauterkranzbinden-am-Buchberg-325x209.jpg 325w\" \/><img decoding=\"async\" alt=\"Kr\u00e4uterkranzbinden\" src=\"https:\/\/www.salzburgerland.com\/de\/magazin\/wp-content\/uploads\/2016\/09\/Krauterkranzbinden-am-Buchberg.jpg\" \/>\t<\/picture><\/a><\/figure><\/div><\/div><\/div><figcaption><\/figcaption>\n","protected":false},"excerpt":{"rendered":"<p>Im Zuge der Magischen Wanderungen k\u00f6nnen Sie bei Vollmond Kraftpl\u00e4tze in und um Salzburg kennenlernen, erkunden und die Kr\u00e4fte der Pl\u00e4tze und des Mondes nutzen, um Ihren Alltag oder Ihren Urlaub auf sanfte, nachhaltige Art und Weise aufzuwerten. Hat es wirklich mit Magie zu tun, wenn sich Menschen mit Wanderschuhen an den F\u00fc\u00dfen treffen und [&hellip;]<\/p>\n","protected":false},"author":535,"featured_media":109371,"comment_status":"open","ping_status":"open","sticky":false,"template":"","format":"standard","meta":{"_acf_changed":false,"wl_entities_gutenberg":"","_wl_entity_redirect_enabled":"","footnotes":""},"categories":[8],"tags":[],"wl_entity_type":[306],"monatsauswahl":[82,83,84,85,86,87,88,89,90,91,92,93],"class_list":["post-109343","post","type-post","status-publish","format-standard","has-post-thumbnail","hentry","category-outdoor-sport","wl_entity_type-article","monatsauswahl-monat_1","monatsauswahl-monat_2","monatsauswahl-monat_3","monatsauswahl-monat_4","monatsauswahl-monat_5","monatsauswahl-monat_6","monatsauswahl-monat_7","monatsauswahl-monat_8","monatsauswahl-monat_9","monatsauswahl-monat_10","monatsauswahl-monat_11","monatsauswahl-monat_12"],"acf":[],"yoast_head":"<!-- This site is optimized with the Yoast SEO Premium plugin v27.4 (Yoast SEO v27.4) - https:\/\/yoast.com\/product\/yoast-seo-premium-wordpress\/ -->\n<title>Magische Wanderungen - is it magic? - SalzburgerLand Magazin<\/title>\n<meta name=\"description\" content=\"Im Zuge der Magischen Wanderungen k\u00f6nnen Sie bei Vollmond Kraftpl\u00e4tze in und um Salzburg kennenlernen, erkunden und die Kr\u00e4fte der Pl\u00e4tze und des Mondes nutzen, um Ihren Alltag oder Ihren Urlaub auf sanfte, nachhaltige Art und Weise aufzuwerten. Hat es wirklich mit Magie zu tun, wenn sich Menschen mit Wanderschuhen an den F\u00fc\u00dfen treffen und [&hellip;]\" \/>\n<meta name=\"robots\" content=\"index, follow, max-snippet:-1, max-image-preview:large, max-video-preview:-1\" \/>\n<link rel=\"canonical\" href=\"https:\/\/www.salzburgerland.com\/de\/magazin\/magische-wanderungen-is-it-magic\/\" \/>\n<meta property=\"og:locale\" content=\"de_DE\" \/>\n<meta property=\"og:type\" content=\"article\" \/>\n<meta property=\"og:title\" content=\"Magische Wanderungen - is it magic?\" \/>\n<meta property=\"og:description\" content=\"Im Zuge der Magischen Wanderungen k\u00f6nnen Sie bei Vollmond Kraftpl\u00e4tze in und um Salzburg kennenlernen, erkunden und die Kr\u00e4fte der Pl\u00e4tze und des Mondes nutzen, um Ihren Alltag oder Ihren Urlaub auf sanfte, nachhaltige Art und Weise aufzuwerten. Hat es wirklich mit Magie zu tun, wenn sich Menschen mit Wanderschuhen an den F\u00fc\u00dfen treffen und [&hellip;]\" \/>\n<meta property=\"og:url\" content=\"https:\/\/www.salzburgerland.com\/de\/magazin\/magische-wanderungen-is-it-magic\/\" \/>\n<meta property=\"og:site_name\" content=\"SalzburgerLand Magazin\" \/>\n<meta property=\"article:publisher\" content=\"https:\/\/www.facebook.com\/salzburgerland\/\" \/>\n<meta property=\"article:published_time\" content=\"2016-10-07T06:00:09+00:00\" \/>\n<meta property=\"article:modified_time\" content=\"2016-10-07T08:52:15+00:00\" \/>\n<meta property=\"og:image\" content=\"https:\/\/www.salzburgerland.com\/de\/magazin\/wp-content\/uploads\/2016\/09\/Magische-Wanderung-in-Maria-Plain.jpg\" \/>\n\t<meta property=\"og:image:width\" content=\"1600\" \/>\n\t<meta property=\"og:image:height\" content=\"1306\" \/>\n\t<meta property=\"og:image:type\" content=\"image\/jpeg\" \/>\n<meta name=\"author\" content=\"Andrea Conrad\" \/>\n<meta name=\"twitter:card\" content=\"summary_large_image\" \/>\n<meta name=\"twitter:creator\" content=\"@Salzburgerland\" \/>\n<meta name=\"twitter:site\" content=\"@Salzburgerland\" \/>\n<meta name=\"twitter:label1\" content=\"Verfasst von\" \/>\n\t<meta name=\"twitter:data1\" content=\"Andrea Conrad\" \/>\n\t<meta name=\"twitter:label2\" content=\"Gesch\u00e4tzte Lesezeit\" \/>\n\t<meta name=\"twitter:data2\" content=\"3\u00a0Minuten\" \/>\n<script type=\"application\/ld+json\" class=\"yoast-schema-graph\">{\"@context\":\"https:\\\/\\\/schema.org\",\"@graph\":[{\"@type\":\"Article\",\"@id\":\"https:\\\/\\\/www.salzburgerland.com\\\/de\\\/magazin\\\/magische-wanderungen-is-it-magic\\\/#article\",\"isPartOf\":{\"@id\":\"https:\\\/\\\/www.salzburgerland.com\\\/de\\\/magazin\\\/magische-wanderungen-is-it-magic\\\/\"},\"author\":{\"name\":\"Andrea Conrad\",\"@id\":\"https:\\\/\\\/www.salzburgerland.com\\\/de\\\/magazin\\\/#\\\/schema\\\/person\\\/c767f4347f744071f6184dcceaa12e1e\"},\"headline\":\"Magische Wanderungen &#8211; is it magic?\",\"datePublished\":\"2016-10-07T06:00:09+00:00\",\"dateModified\":\"2016-10-07T08:52:15+00:00\",\"mainEntityOfPage\":{\"@id\":\"https:\\\/\\\/www.salzburgerland.com\\\/de\\\/magazin\\\/magische-wanderungen-is-it-magic\\\/\"},\"wordCount\":539,\"commentCount\":0,\"publisher\":{\"@id\":\"https:\\\/\\\/www.salzburgerland.com\\\/de\\\/magazin\\\/#organization\"},\"image\":{\"@id\":\"https:\\\/\\\/www.salzburgerland.com\\\/de\\\/magazin\\\/magische-wanderungen-is-it-magic\\\/#primaryimage\"},\"thumbnailUrl\":\"https:\\\/\\\/www.salzburgerland.com\\\/de\\\/magazin\\\/wp-content\\\/uploads\\\/2016\\\/09\\\/Magische-Wanderung-in-Maria-Plain.jpg\",\"articleSection\":[\"Outdoor &amp; Sport\"],\"inLanguage\":\"de\",\"potentialAction\":[{\"@type\":\"CommentAction\",\"name\":\"Comment\",\"target\":[\"https:\\\/\\\/www.salzburgerland.com\\\/de\\\/magazin\\\/magische-wanderungen-is-it-magic\\\/#respond\"]}]},{\"@type\":\"WebPage\",\"@id\":\"https:\\\/\\\/www.salzburgerland.com\\\/de\\\/magazin\\\/magische-wanderungen-is-it-magic\\\/\",\"url\":\"https:\\\/\\\/www.salzburgerland.com\\\/de\\\/magazin\\\/magische-wanderungen-is-it-magic\\\/\",\"name\":\"Magische Wanderungen - is it magic? - SalzburgerLand Magazin\",\"isPartOf\":{\"@id\":\"https:\\\/\\\/www.salzburgerland.com\\\/de\\\/magazin\\\/#website\"},\"primaryImageOfPage\":{\"@id\":\"https:\\\/\\\/www.salzburgerland.com\\\/de\\\/magazin\\\/magische-wanderungen-is-it-magic\\\/#primaryimage\"},\"image\":{\"@id\":\"https:\\\/\\\/www.salzburgerland.com\\\/de\\\/magazin\\\/magische-wanderungen-is-it-magic\\\/#primaryimage\"},\"thumbnailUrl\":\"https:\\\/\\\/www.salzburgerland.com\\\/de\\\/magazin\\\/wp-content\\\/uploads\\\/2016\\\/09\\\/Magische-Wanderung-in-Maria-Plain.jpg\",\"datePublished\":\"2016-10-07T06:00:09+00:00\",\"dateModified\":\"2016-10-07T08:52:15+00:00\",\"breadcrumb\":{\"@id\":\"https:\\\/\\\/www.salzburgerland.com\\\/de\\\/magazin\\\/magische-wanderungen-is-it-magic\\\/#breadcrumb\"},\"inLanguage\":\"de\",\"potentialAction\":[{\"@type\":\"ReadAction\",\"target\":[\"https:\\\/\\\/www.salzburgerland.com\\\/de\\\/magazin\\\/magische-wanderungen-is-it-magic\\\/\"]}]},{\"@type\":\"ImageObject\",\"inLanguage\":\"de\",\"@id\":\"https:\\\/\\\/www.salzburgerland.com\\\/de\\\/magazin\\\/magische-wanderungen-is-it-magic\\\/#primaryimage\",\"url\":\"https:\\\/\\\/www.salzburgerland.com\\\/de\\\/magazin\\\/wp-content\\\/uploads\\\/2016\\\/09\\\/Magische-Wanderung-in-Maria-Plain.jpg\",\"contentUrl\":\"https:\\\/\\\/www.salzburgerland.com\\\/de\\\/magazin\\\/wp-content\\\/uploads\\\/2016\\\/09\\\/Magische-Wanderung-in-Maria-Plain.jpg\",\"width\":1600,\"height\":1306,\"caption\":\"Magische Wanderungen\"},{\"@type\":\"BreadcrumbList\",\"@id\":\"https:\\\/\\\/www.salzburgerland.com\\\/de\\\/magazin\\\/magische-wanderungen-is-it-magic\\\/#breadcrumb\",\"itemListElement\":[{\"@type\":\"ListItem\",\"position\":1,\"name\":\"Startseite\",\"item\":\"https:\\\/\\\/www.salzburgerland.com\\\/de\\\/magazin\\\/\"},{\"@type\":\"ListItem\",\"position\":2,\"name\":\"Outdoor &amp; Sport\",\"item\":\"https:\\\/\\\/www.salzburgerland.com\\\/de\\\/magazin\\\/thema\\\/outdoor-sport\\\/\"},{\"@type\":\"ListItem\",\"position\":3,\"name\":\"Magische Wanderungen &#8211; is it magic?\"}]},{\"@type\":\"WebSite\",\"@id\":\"https:\\\/\\\/www.salzburgerland.com\\\/de\\\/magazin\\\/#website\",\"url\":\"https:\\\/\\\/www.salzburgerland.com\\\/de\\\/magazin\\\/\",\"name\":\"SalzburgerLand Magazin\",\"description\":\"Geschichten und Interessantes aus dem SalzburgerLand\",\"publisher\":{\"@id\":\"https:\\\/\\\/www.salzburgerland.com\\\/de\\\/magazin\\\/#organization\"},\"potentialAction\":[{\"@type\":\"SearchAction\",\"target\":{\"@type\":\"EntryPoint\",\"urlTemplate\":\"https:\\\/\\\/www.salzburgerland.com\\\/de\\\/magazin\\\/?s={search_term_string}\"},\"query-input\":{\"@type\":\"PropertyValueSpecification\",\"valueRequired\":true,\"valueName\":\"search_term_string\"}}],\"inLanguage\":\"de\"},{\"@type\":\"Organization\",\"@id\":\"https:\\\/\\\/www.salzburgerland.com\\\/de\\\/magazin\\\/#organization\",\"name\":\"SalzburgerLand Tourismus\",\"url\":\"https:\\\/\\\/www.salzburgerland.com\\\/de\\\/magazin\\\/\",\"logo\":{\"@type\":\"ImageObject\",\"inLanguage\":\"de\",\"@id\":\"https:\\\/\\\/www.salzburgerland.com\\\/de\\\/magazin\\\/#\\\/schema\\\/logo\\\/image\\\/\",\"url\":\"https:\\\/\\\/www.salzburgerland.com\\\/de\\\/magazin\\\/wp-content\\\/uploads\\\/2019\\\/06\\\/salzburgerland-logo1.jpg\",\"contentUrl\":\"https:\\\/\\\/www.salzburgerland.com\\\/de\\\/magazin\\\/wp-content\\\/uploads\\\/2019\\\/06\\\/salzburgerland-logo1.jpg\",\"width\":2011,\"height\":866,\"caption\":\"SalzburgerLand Tourismus\"},\"image\":{\"@id\":\"https:\\\/\\\/www.salzburgerland.com\\\/de\\\/magazin\\\/#\\\/schema\\\/logo\\\/image\\\/\"},\"sameAs\":[\"https:\\\/\\\/www.facebook.com\\\/salzburgerland\\\/\",\"https:\\\/\\\/x.com\\\/Salzburgerland\",\"https:\\\/\\\/www.instagram.com\\\/salzburgerland\\\/\",\"https:\\\/\\\/at.linkedin.com\\\/company\\\/salzburgerland-tourismus-gmbh\",\"https:\\\/\\\/www.pinterest.at\\\/salzburgerland\\\/\",\"https:\\\/\\\/www.youtube.com\\\/user\\\/salzburgerland\",\"https:\\\/\\\/de.wikipedia.org\\\/wiki\\\/SalzburgerLand_Tourismus_GmbH\"]},{\"@type\":\"Person\",\"@id\":\"https:\\\/\\\/www.salzburgerland.com\\\/de\\\/magazin\\\/#\\\/schema\\\/person\\\/c767f4347f744071f6184dcceaa12e1e\",\"name\":\"Andrea Conrad\",\"description\":\"Aufgewachsen in Anif, Salzburgs gr\u00fcnem S\u00fcden, und zur Schule gegangen in der sch\u00f6nen Keltenstadt Hallein zog es sie nach der Matura nach Wien. Nach der Ausbildung zur Diplomierten Tourismuskauffrau im Modul in Wien und einigen Jahren im Wiener Tourismus kehrte sie \u00fcber S\u00fcdtirol und Hinterglemm nach Salzburg zur\u00fcck. 2010 und 2012 bekam sie hier ihre beiden T\u00f6chter, mit denen sie wieder in Anif heimisch geworden ist. Seit einigen Jahren ist sie nun als bed\u00fcrfnis- und l\u00f6sungsorientierte, ganzheitliche Humanenergetikerin und Systemische Coachin in eigener Praxis in Anif t\u00e4tig. Derzeit befindet sie sich in Ausbildung zur Lebens- und Sozialberaterin. Ehrenamtlich engagiert sie sich f\u00fcr den Verein #estutnichtweh, der sich unter dem Motto \\\"Mit uns wandert der M\u00fcll vom Berg ins Tal\\\" um die S\u00e4uberung der Bergwelt k\u00fcmmert. Wie hat da auch noch das Schreiben Platz? Geschichten zu schreiben ist ihr kreatives Ventil; eher unbeachtete, regionale Nischenthemen zu entdecken und bekannt zu machen, ihre gro\u00dfe Leidenschaft. Hobbies? Ihre freie Zeit verbringt sie am liebsten mit ihren Kindern und ihren Ausbildungen. Die Phantasie l\u00e4sst sie durch B\u00fccher reisen, Erdung holt sie sich in ihrem Blumen- und Gem\u00fcsegarten und beim Wandern und M\u00fcllsammeln in den Bergen des SalzburgerLandes. Fr\u00fchling, Sommer, Herbst oder Winter? Alle! Sommer wie Winter in die Berge - im Sommer wandern, im Winter Schifahren. Im Fr\u00fchling liebe ich es, mit meinen T\u00f6chtern Blumen zu pfl\u00fccken, im Herbst Bl\u00e4tter und Kastanien zu sammeln. Im Sommer k\u00f6nnte ich tagesf\u00fcllend durch die Salzburger und die Halleiner Altstadt flanieren, im Winter die Christkindlm\u00e4rkte im ganzen SalzburgerLand genie\u00dfen. Es ist einfach immer sch\u00f6n bei uns! Morgen- oder Abendmensch? Irgendwie beides! Zeitig raus aus den Federn und den Vormittag f\u00fcr die Schreiberei nutzen und mit meinen Kund*innen genie\u00dfen. Nachmittags sind meine Kids dran und wenn Abends noch Energie \u00fcbrig ist, darf es gerne eine gem\u00fctliche Runde mit Freunden und guten Gespr\u00e4chen sein. Buch oder Film? Ich habe schon immer gern gelesen. Seit ich mich auch intensiv dem Schreiben widme, brauche ich fast \u00fcberhaupt keine Filme mehr zum Zeitvertreib. Kr\u00e4utertee oder Zirbenschnaps? Ich liebe die frischen Kr\u00e4utertees der zahlreichen Kr\u00e4uterfeen, die in und um Salzburg das alte Wissen um Heilkr\u00e4uter, Wald- und Wiesensch\u00e4tze bewahren und weitergeben. Zirbenschnaps mag ich aber auch ;-) Dirndl oder Abendrobe? Dirndl und Lederhose! Immer fesch, immer gem\u00fctlich und immer passend! Ich freue mich unglaublich, dass beides in den letzten Jahren wieder Einzug in den Salzburger Alltag gehalten hat. Dein pers\u00f6nlicher Logenplatz im SalzburgerLand? Ich sch\u00e4tze meine Heimatgemeinde Anif sehr. Von hier aus ist man in wenigen Minuten in Salzburg oder Hallein und direkt im Gr\u00fcnen. Mein pers\u00f6nlicher Kraftplatz liegt im Lungau am Fanningberg, wo ich mit Vorliebe Energie tanke.\",\"url\":\"https:\\\/\\\/www.salzburgerland.com\\\/de\\\/magazin\\\/author\\\/andrea-conrad\\\/\"}]}<\/script>\n<!-- \/ Yoast SEO Premium plugin. -->","yoast_head_json":{"title":"Magische Wanderungen - is it magic? - SalzburgerLand Magazin","description":"Im Zuge der Magischen Wanderungen k\u00f6nnen Sie bei Vollmond Kraftpl\u00e4tze in und um Salzburg kennenlernen, erkunden und die Kr\u00e4fte der Pl\u00e4tze und des Mondes nutzen, um Ihren Alltag oder Ihren Urlaub auf sanfte, nachhaltige Art und Weise aufzuwerten. Hat es wirklich mit Magie zu tun, wenn sich Menschen mit Wanderschuhen an den F\u00fc\u00dfen treffen und [&hellip;]","robots":{"index":"index","follow":"follow","max-snippet":"max-snippet:-1","max-image-preview":"max-image-preview:large","max-video-preview":"max-video-preview:-1"},"canonical":"https:\/\/www.salzburgerland.com\/de\/magazin\/magische-wanderungen-is-it-magic\/","og_locale":"de_DE","og_type":"article","og_title":"Magische Wanderungen - is it magic?","og_description":"Im Zuge der Magischen Wanderungen k\u00f6nnen Sie bei Vollmond Kraftpl\u00e4tze in und um Salzburg kennenlernen, erkunden und die Kr\u00e4fte der Pl\u00e4tze und des Mondes nutzen, um Ihren Alltag oder Ihren Urlaub auf sanfte, nachhaltige Art und Weise aufzuwerten. Hat es wirklich mit Magie zu tun, wenn sich Menschen mit Wanderschuhen an den F\u00fc\u00dfen treffen und [&hellip;]","og_url":"https:\/\/www.salzburgerland.com\/de\/magazin\/magische-wanderungen-is-it-magic\/","og_site_name":"SalzburgerLand Magazin","article_publisher":"https:\/\/www.facebook.com\/salzburgerland\/","article_published_time":"2016-10-07T06:00:09+00:00","article_modified_time":"2016-10-07T08:52:15+00:00","og_image":[{"width":1600,"height":1306,"url":"https:\/\/www.salzburgerland.com\/de\/magazin\/wp-content\/uploads\/2016\/09\/Magische-Wanderung-in-Maria-Plain.jpg","type":"image\/jpeg"}],"author":"Andrea Conrad","twitter_card":"summary_large_image","twitter_creator":"@Salzburgerland","twitter_site":"@Salzburgerland","twitter_misc":{"Verfasst von":"Andrea Conrad","Gesch\u00e4tzte Lesezeit":"3\u00a0Minuten"},"schema":{"@context":"https:\/\/schema.org","@graph":[{"@type":"Article","@id":"https:\/\/www.salzburgerland.com\/de\/magazin\/magische-wanderungen-is-it-magic\/#article","isPartOf":{"@id":"https:\/\/www.salzburgerland.com\/de\/magazin\/magische-wanderungen-is-it-magic\/"},"author":{"name":"Andrea Conrad","@id":"https:\/\/www.salzburgerland.com\/de\/magazin\/#\/schema\/person\/c767f4347f744071f6184dcceaa12e1e"},"headline":"Magische Wanderungen &#8211; is it magic?","datePublished":"2016-10-07T06:00:09+00:00","dateModified":"2016-10-07T08:52:15+00:00","mainEntityOfPage":{"@id":"https:\/\/www.salzburgerland.com\/de\/magazin\/magische-wanderungen-is-it-magic\/"},"wordCount":539,"commentCount":0,"publisher":{"@id":"https:\/\/www.salzburgerland.com\/de\/magazin\/#organization"},"image":{"@id":"https:\/\/www.salzburgerland.com\/de\/magazin\/magische-wanderungen-is-it-magic\/#primaryimage"},"thumbnailUrl":"https:\/\/www.salzburgerland.com\/de\/magazin\/wp-content\/uploads\/2016\/09\/Magische-Wanderung-in-Maria-Plain.jpg","articleSection":["Outdoor &amp; Sport"],"inLanguage":"de","potentialAction":[{"@type":"CommentAction","name":"Comment","target":["https:\/\/www.salzburgerland.com\/de\/magazin\/magische-wanderungen-is-it-magic\/#respond"]}]},{"@type":"WebPage","@id":"https:\/\/www.salzburgerland.com\/de\/magazin\/magische-wanderungen-is-it-magic\/","url":"https:\/\/www.salzburgerland.com\/de\/magazin\/magische-wanderungen-is-it-magic\/","name":"Magische Wanderungen - is it magic? - SalzburgerLand Magazin","isPartOf":{"@id":"https:\/\/www.salzburgerland.com\/de\/magazin\/#website"},"primaryImageOfPage":{"@id":"https:\/\/www.salzburgerland.com\/de\/magazin\/magische-wanderungen-is-it-magic\/#primaryimage"},"image":{"@id":"https:\/\/www.salzburgerland.com\/de\/magazin\/magische-wanderungen-is-it-magic\/#primaryimage"},"thumbnailUrl":"https:\/\/www.salzburgerland.com\/de\/magazin\/wp-content\/uploads\/2016\/09\/Magische-Wanderung-in-Maria-Plain.jpg","datePublished":"2016-10-07T06:00:09+00:00","dateModified":"2016-10-07T08:52:15+00:00","breadcrumb":{"@id":"https:\/\/www.salzburgerland.com\/de\/magazin\/magische-wanderungen-is-it-magic\/#breadcrumb"},"inLanguage":"de","potentialAction":[{"@type":"ReadAction","target":["https:\/\/www.salzburgerland.com\/de\/magazin\/magische-wanderungen-is-it-magic\/"]}]},{"@type":"ImageObject","inLanguage":"de","@id":"https:\/\/www.salzburgerland.com\/de\/magazin\/magische-wanderungen-is-it-magic\/#primaryimage","url":"https:\/\/www.salzburgerland.com\/de\/magazin\/wp-content\/uploads\/2016\/09\/Magische-Wanderung-in-Maria-Plain.jpg","contentUrl":"https:\/\/www.salzburgerland.com\/de\/magazin\/wp-content\/uploads\/2016\/09\/Magische-Wanderung-in-Maria-Plain.jpg","width":1600,"height":1306,"caption":"Magische Wanderungen"},{"@type":"BreadcrumbList","@id":"https:\/\/www.salzburgerland.com\/de\/magazin\/magische-wanderungen-is-it-magic\/#breadcrumb","itemListElement":[{"@type":"ListItem","position":1,"name":"Startseite","item":"https:\/\/www.salzburgerland.com\/de\/magazin\/"},{"@type":"ListItem","position":2,"name":"Outdoor &amp; Sport","item":"https:\/\/www.salzburgerland.com\/de\/magazin\/thema\/outdoor-sport\/"},{"@type":"ListItem","position":3,"name":"Magische Wanderungen &#8211; is it magic?"}]},{"@type":"WebSite","@id":"https:\/\/www.salzburgerland.com\/de\/magazin\/#website","url":"https:\/\/www.salzburgerland.com\/de\/magazin\/","name":"SalzburgerLand Magazin","description":"Geschichten und Interessantes aus dem SalzburgerLand","publisher":{"@id":"https:\/\/www.salzburgerland.com\/de\/magazin\/#organization"},"potentialAction":[{"@type":"SearchAction","target":{"@type":"EntryPoint","urlTemplate":"https:\/\/www.salzburgerland.com\/de\/magazin\/?s={search_term_string}"},"query-input":{"@type":"PropertyValueSpecification","valueRequired":true,"valueName":"search_term_string"}}],"inLanguage":"de"},{"@type":"Organization","@id":"https:\/\/www.salzburgerland.com\/de\/magazin\/#organization","name":"SalzburgerLand Tourismus","url":"https:\/\/www.salzburgerland.com\/de\/magazin\/","logo":{"@type":"ImageObject","inLanguage":"de","@id":"https:\/\/www.salzburgerland.com\/de\/magazin\/#\/schema\/logo\/image\/","url":"https:\/\/www.salzburgerland.com\/de\/magazin\/wp-content\/uploads\/2019\/06\/salzburgerland-logo1.jpg","contentUrl":"https:\/\/www.salzburgerland.com\/de\/magazin\/wp-content\/uploads\/2019\/06\/salzburgerland-logo1.jpg","width":2011,"height":866,"caption":"SalzburgerLand Tourismus"},"image":{"@id":"https:\/\/www.salzburgerland.com\/de\/magazin\/#\/schema\/logo\/image\/"},"sameAs":["https:\/\/www.facebook.com\/salzburgerland\/","https:\/\/x.com\/Salzburgerland","https:\/\/www.instagram.com\/salzburgerland\/","https:\/\/at.linkedin.com\/company\/salzburgerland-tourismus-gmbh","https:\/\/www.pinterest.at\/salzburgerland\/","https:\/\/www.youtube.com\/user\/salzburgerland","https:\/\/de.wikipedia.org\/wiki\/SalzburgerLand_Tourismus_GmbH"]},{"@type":"Person","@id":"https:\/\/www.salzburgerland.com\/de\/magazin\/#\/schema\/person\/c767f4347f744071f6184dcceaa12e1e","name":"Andrea Conrad","description":"Aufgewachsen in Anif, Salzburgs gr\u00fcnem S\u00fcden, und zur Schule gegangen in der sch\u00f6nen Keltenstadt Hallein zog es sie nach der Matura nach Wien. Nach der Ausbildung zur Diplomierten Tourismuskauffrau im Modul in Wien und einigen Jahren im Wiener Tourismus kehrte sie \u00fcber S\u00fcdtirol und Hinterglemm nach Salzburg zur\u00fcck. 2010 und 2012 bekam sie hier ihre beiden T\u00f6chter, mit denen sie wieder in Anif heimisch geworden ist. Seit einigen Jahren ist sie nun als bed\u00fcrfnis- und l\u00f6sungsorientierte, ganzheitliche Humanenergetikerin und Systemische Coachin in eigener Praxis in Anif t\u00e4tig. Derzeit befindet sie sich in Ausbildung zur Lebens- und Sozialberaterin. Ehrenamtlich engagiert sie sich f\u00fcr den Verein #estutnichtweh, der sich unter dem Motto \"Mit uns wandert der M\u00fcll vom Berg ins Tal\" um die S\u00e4uberung der Bergwelt k\u00fcmmert. Wie hat da auch noch das Schreiben Platz? Geschichten zu schreiben ist ihr kreatives Ventil; eher unbeachtete, regionale Nischenthemen zu entdecken und bekannt zu machen, ihre gro\u00dfe Leidenschaft. Hobbies? Ihre freie Zeit verbringt sie am liebsten mit ihren Kindern und ihren Ausbildungen. Die Phantasie l\u00e4sst sie durch B\u00fccher reisen, Erdung holt sie sich in ihrem Blumen- und Gem\u00fcsegarten und beim Wandern und M\u00fcllsammeln in den Bergen des SalzburgerLandes. Fr\u00fchling, Sommer, Herbst oder Winter? Alle! Sommer wie Winter in die Berge - im Sommer wandern, im Winter Schifahren. Im Fr\u00fchling liebe ich es, mit meinen T\u00f6chtern Blumen zu pfl\u00fccken, im Herbst Bl\u00e4tter und Kastanien zu sammeln. Im Sommer k\u00f6nnte ich tagesf\u00fcllend durch die Salzburger und die Halleiner Altstadt flanieren, im Winter die Christkindlm\u00e4rkte im ganzen SalzburgerLand genie\u00dfen. Es ist einfach immer sch\u00f6n bei uns! Morgen- oder Abendmensch? Irgendwie beides! Zeitig raus aus den Federn und den Vormittag f\u00fcr die Schreiberei nutzen und mit meinen Kund*innen genie\u00dfen. Nachmittags sind meine Kids dran und wenn Abends noch Energie \u00fcbrig ist, darf es gerne eine gem\u00fctliche Runde mit Freunden und guten Gespr\u00e4chen sein. Buch oder Film? Ich habe schon immer gern gelesen. Seit ich mich auch intensiv dem Schreiben widme, brauche ich fast \u00fcberhaupt keine Filme mehr zum Zeitvertreib. Kr\u00e4utertee oder Zirbenschnaps? Ich liebe die frischen Kr\u00e4utertees der zahlreichen Kr\u00e4uterfeen, die in und um Salzburg das alte Wissen um Heilkr\u00e4uter, Wald- und Wiesensch\u00e4tze bewahren und weitergeben. Zirbenschnaps mag ich aber auch ;-) Dirndl oder Abendrobe? Dirndl und Lederhose! Immer fesch, immer gem\u00fctlich und immer passend! Ich freue mich unglaublich, dass beides in den letzten Jahren wieder Einzug in den Salzburger Alltag gehalten hat. Dein pers\u00f6nlicher Logenplatz im SalzburgerLand? Ich sch\u00e4tze meine Heimatgemeinde Anif sehr. Von hier aus ist man in wenigen Minuten in Salzburg oder Hallein und direkt im Gr\u00fcnen. Mein pers\u00f6nlicher Kraftplatz liegt im Lungau am Fanningberg, wo ich mit Vorliebe Energie tanke.","url":"https:\/\/www.salzburgerland.com\/de\/magazin\/author\/andrea-conrad\/"}]}},"_wl_alt_label":[],"wl:entity_url":"http:\/\/open.salzburgerland.com\/magazin\/post\/magische_wanderungen_-_is_it_magic_","_links":{"self":[{"href":"https:\/\/www.salzburgerland.com\/de\/magazin\/wp-json\/wp\/v2\/posts\/109343","targetHints":{"allow":["GET"]}}],"collection":[{"href":"https:\/\/www.salzburgerland.com\/de\/magazin\/wp-json\/wp\/v2\/posts"}],"about":[{"href":"https:\/\/www.salzburgerland.com\/de\/magazin\/wp-json\/wp\/v2\/types\/post"}],"author":[{"embeddable":true,"href":"https:\/\/www.salzburgerland.com\/de\/magazin\/wp-json\/wp\/v2\/users\/535"}],"replies":[{"embeddable":true,"href":"https:\/\/www.salzburgerland.com\/de\/magazin\/wp-json\/wp\/v2\/comments?post=109343"}],"version-history":[{"count":0,"href":"https:\/\/www.salzburgerland.com\/de\/magazin\/wp-json\/wp\/v2\/posts\/109343\/revisions"}],"wp:featuredmedia":[{"embeddable":true,"href":"https:\/\/www.salzburgerland.com\/de\/magazin\/wp-json\/wp\/v2\/media\/109371"}],"wp:attachment":[{"href":"https:\/\/www.salzburgerland.com\/de\/magazin\/wp-json\/wp\/v2\/media?parent=109343"}],"wp:term":[{"taxonomy":"category","embeddable":true,"href":"https:\/\/www.salzburgerland.com\/de\/magazin\/wp-json\/wp\/v2\/categories?post=109343"},{"taxonomy":"post_tag","embeddable":true,"href":"https:\/\/www.salzburgerland.com\/de\/magazin\/wp-json\/wp\/v2\/tags?post=109343"},{"taxonomy":"wl_entity_type","embeddable":true,"href":"https:\/\/www.salzburgerland.com\/de\/magazin\/wp-json\/wp\/v2\/wl_entity_type?post=109343"},{"taxonomy":"monatsauswahl","embeddable":true,"href":"https:\/\/www.salzburgerland.com\/de\/magazin\/wp-json\/wp\/v2\/monatsauswahl?post=109343"}],"curies":[{"name":"wp","href":"https:\/\/api.w.org\/{rel}","templated":true}]}}