{"id":109179,"date":"2016-09-12T15:09:52","date_gmt":"2016-09-12T13:09:52","guid":{"rendered":"http:\/\/magazin.salzburgerland.com\/?p=109179"},"modified":"2022-12-21T19:09:06","modified_gmt":"2022-12-21T18:09:06","slug":"salzburger-thermenland","status":"publish","type":"post","link":"https:\/\/www.salzburgerland.com\/de\/magazin\/salzburger-thermenland\/","title":{"rendered":"Salzburger Thermenland"},"content":{"rendered":"\n<h2 class=\"wp-block-slt-subtitle\">Erholung und Enspannung pur<\/h2>\n\n\n\n<p class=\"wp-block-slt-intro\">Erholung, Genuss, Spa\u00df: Salzburgs Thermen verw\u00f6hnen mit Saunalandschaften, Heilwasserbecken sowie einer gro\u00dfen Auswahl an Massagen, Rutschen und Schwimmbecken.<\/p>\n\n\n\n<p>Das&nbsp;<a href=\"http:\/\/www.tauernspakaprun.com\/de\" target=\"_blank\" rel=\"noopener noreferrer\">Tauern Spa&nbsp;<\/a>&nbsp;schmiegt sich&nbsp;im <a href=\"http:\/\/www.nationalpark-hohetauern.at\/\" target=\"_blank\" rel=\"noopener noreferrer\">Nationalpark Hohe Tauern <\/a>zwischen <a href=\"http:\/\/www.zellamsee-kaprun.com\/de\" target=\"_blank\" rel=\"noopener noreferrer\">Zell am See und Kaprun <\/a>in die Landschaft. In der fr\u00fchen Morgensonne dampft das Wasser in den Au\u00dfenbecken. Im Skyline-Pool im obersten Stockwerk, des Hotels, ziehen schon vor dem Fr\u00fchst\u00fcck Schwimmerinnen und Schwimmer ihre ersten Runden. Entspannung pur bietet die Saunawelt des Tauernspa. Eine besondere Attraktion ist die Backofen-Sauna. Hier werden zu bestimmten Zeiten Br\u00f6tchen gebackenen. Diese schmecken anschlie\u00dfend an der Saunabar besonders gut.<\/p>\n\n\n\n<h2 class=\"wp-block-heading\" id=\"h-bei-showaufgussen-gemeinsam-schwitzen\"><strong>Bei Showaufg\u00fcssen gemeinsam Schwitzen<\/strong><\/h2>\n\n\n\n<p>Ein bisschen Mut braucht ihr, um in der Speed-Rutsche in der <a href=\"http:\/\/www.alpentherme.com\/de\" target=\"_blank\" rel=\"noopener noreferrer\">Alpentherme Bad Hofgastein<\/a> in atemberaubendem Tempo hinunterzusausen. F\u00fcr Kinder und Familien bietet die Therme Abwechslung, Spa\u00df und Action. In der Family World toben, spritzen und spielen Kinder nach Herzenslust. Ruhig geht es dagegen in der Relax World zu. Und in der Sauna-World laden die Saunameister zum Beispiel mit Showaufg\u00fcssen zum gemeinsamen Schwitzen ein. Danach in den Becken &#8222;Thermalbadewassersee&#8220; springen und die angenehme K\u00fchle sp\u00fcren. Das leicht mineralische Thermalwasser enth\u00e4lt Radon. Dieses Mineral regeneriert Zellen, mobilisiert die Abwehrkr\u00e4fte des K\u00f6rpers und bringt den Organismus in Schwung.<\/p>\n\n\n\n<h2 class=\"wp-block-heading\" id=\"h-relaxen-im-bad-gasteiner-gesundheitswasser\"><strong>Relaxen im Bad Gasteiner Gesundheitswasser<\/strong><\/h2>\n\n\n\n<p>Ganz in der N\u00e4he befindet sich die <a href=\"http:\/\/www.gastein.com\/de\/thermen-gesundheit\/felsentherme\" target=\"_blank\" rel=\"noopener noreferrer\">Gasteiner Felsentherme<\/a><strong>. <\/strong>Auch das Wasser dieser Therme enth\u00e4lt Radon. Hier, inmitten der <a href=\"https:\/\/www.gastein.com\/aktiv\/sommer\/erlebnisberge\/\" target=\"_blank\" rel=\"noreferrer noopener\">Gasteiner Bergwelt<\/a>, beeindruckt das Sonnendeck im obersten Stockwerk des Hauses. Da befindet sich der Wellness-Bereich mit grandiosem Blick auf die umliegende Bergwelt. F\u00fcr jene die gerne beide Thermen im Gasteinertal genie\u00dfen m\u00f6chten, bietet die Region das Thermenduett an:<\/p>\n\n\n\n<ul class=\"wp-block-list\">\n<li>2 \u00dcbernachtungen inklusive gebuchter Verpflegung<\/li>\n\n\n\n<li>1 Tageseintritt inklusive Sauna Alpentherme<\/li>\n\n\n\n<li>1 Tageseintritt inklusive Sauna Felsentherme<\/li>\n\n\n\n<li>1 x Relax- und Aktivprogramm Alpentherme<\/li>\n\n\n\n<li>1 x&nbsp; Aqua Gymnastik Felsentherme (MO bis FR)<\/li>\n<\/ul>\n\n\n\n<h2 class=\"wp-block-heading\" id=\"h-looping-und-trichterrutsche-in-der-erlebnis-therme-amade\"><strong>Looping- und Trichterrutsche in der Erlebnis-Therme Amad\u00e9<\/strong><\/h2>\n\n\n\n<p>In der <a rel=\"noopener noreferrer\" href=\"http:\/\/www.thermeamade.at\/\" target=\"_blank\">Erlebnis-Therme Amad\u00e9 in Altenmarkt <\/a>ist die abwechslungsreiche Bade- und Saunalandschaft ein wahrer Genuss. W\u00e4hrend die Eltern in den Sole-Relaxbecken oder beim Schwimmen im Wellen- oder Sportbecken entspannen, genie\u00dft der Nachwuchs die Sprunganlage und Wasserkletterwand. Eine besondere Herausforderung sind Einzel-Looping &#8211; und die Trichter-Rutsche sowie die Wasserkletterwand im Sportbecken.<\/p>\n\n\n\n<h2 class=\"wp-block-heading\" id=\"h-1001-nachtbad-im-aqua-salza\"><strong>1001 Nachtbad im Aqua Salza<\/strong><\/h2>\n\n\n\n<p>25 Meter lange Bahnen zum Schwimmen, Massagebecken in der Brodelgrotte und Turboduschen lassen den Alltag im <a rel=\"noopener noreferrer\" href=\"http:\/\/www.aqua-salza.at\/\" target=\"_blank\">Aqua Salza in Gollin<\/a> vergessen. Im 35 Grad warmen Babybecken fr\u00f6nen die J\u00fcngsten dem Badespa\u00df. Zudem lockt Aqua Salza mit einer gro\u00dfz\u00fcgig gestalteten Saunalandschaft. Verschiedenen Themen wie das 1001 Nachtbad f\u00fcr Zwei, Relax-Aufguss und Erdsauna bieten f\u00fcr alle Sinne Abwechslung und Entspannung.<\/p>\n\n\n\n<h2 class=\"wp-block-heading\" id=\"h-quelle-des-wohlbefindens-in-bad-vigaun\"><strong>Quelle des Wohlbefindens in Bad Vigaun<\/strong><\/h2>\n\n\n\n<p>Das Herzst\u00fcck der Heiltherme in <a rel=\"noopener noreferrer\" href=\"http:\/\/www.badvigaun.com\/de\/\" target=\"_blank\">Bad Vigaun<\/a> ist die St. Barbara Quelle. Diese sprudelt mit einer Temperatur von 34\u00b0C aus der Erde. Das heilende Wasser eignet sich zur Behandlung von degenerativen und chronisch entz\u00fcndlichen Erkrankungen der Gelenke, Wirbels\u00e4ule, Muskulatur, sowie B\u00e4nder und Gef\u00e4\u00dfe.<\/p>\n\n\n\n<p>Zum Schwimmen und sich treiben lassen, laden zwei Innenbecken sowie ein Au\u00dfenbecken ein. Gespeist werden diese mit hei\u00dfem, sprudelndem Thermalheilwasser. Das Ambiente des gesamten Badebereichs mit Naturstein, edlem Holz und gro\u00dfen Panoramafenstern strahlt Ruhe und Gelassenheit aus.<\/p>\n\n\n\n<p>Salzburgs Thermen bieten eine gro\u00dfe Vielfalt. F\u00fcr alle ist etwas dabei: Heilwasser, gro\u00dfz\u00fcgige Saunawelten, Rutschen, Plansch- und Schwimmbereiche sowie gem\u00fctlich Ruher\u00e4ume zum Seele baumeln lassen. Weitere Informationen findet Ihr hier <a href=\"https:\/\/www.salzburgerthermen.at\/\" target=\"_blank\" rel=\"noopener noreferrer\">https:\/\/www.salzburgerthermen.at\/<\/a>.<\/p>\n\n\n\n<p>Hier tickt die Zeit in ihrem eigenen Rhythmus, wenn ihr entspannt in den Thermalbecken schwebt, in den Sauna-Landschaften die Augen schlie\u00dft oder ausgiebigen Spa\u00df mit der ganzen Familie erlebt. <\/p>\n\n\n\n<h2 class=\"wp-block-heading\"><strong>Thermen-Gutscheine<\/strong><\/h2>\n\n\n\n<p><strong>Unser Tipp<\/strong>: <a href=\"https:\/\/www.salzburgerthermen.at\/product\/wertgutschein\/\" target=\"_blank\" rel=\"noreferrer noopener\">Wertgutscheine verschenken<\/a>, mit denen ihr eure Liebsten verw\u00f6hnen k\u00f6nnt. Eine Sinfonie f\u00fcr die Sinne. Denn die 6 Thermen im SalzburgerLand spielen im Konzert der ganz Gro\u00dfen mit. Jede mit ihrem besonderen Klang. Mit den Gutscheinen kann der oder die Beschenkte selbst w\u00e4hlen, welches St\u00fcck gespielt wird. <\/p>\n\n\n<div class=\"mag-gallery\"><div class=\"row\"><div class=\"col-6 col-sm-4\"><figure><a class=\"thumb-container\" href=\"https:\/\/www.salzburgerland.com\/de\/magazin\/wp-content\/uploads\/2016\/09\/Tauernspa_-1280x1024.jpeg\">\t<picture><source media=\"(min-width: 576px)\" srcset=\"https:\/\/www.salzburgerland.com\/de\/magazin\/wp-content\/uploads\/2016\/09\/Tauernspa_-325x209.jpeg 325w, https:\/\/www.salzburgerland.com\/de\/magazin\/wp-content\/uploads\/2016\/09\/Tauernspa_-249x160.jpeg 249w\"><\/source><source media=\"(min-width: 0)\" srcset=\"https:\/\/www.salzburgerland.com\/de\/magazin\/wp-content\/uploads\/2016\/09\/Tauernspa_-249x160.jpeg 249w, https:\/\/www.salzburgerland.com\/de\/magazin\/wp-content\/uploads\/2016\/09\/Tauernspa_-325x209.jpeg 325w\"><\/source><img decoding=\"async\" alt=\"Moderner gl&auml;serner Geb&auml;udekomplex mit Pools in einem gr&uuml;nen Tal, umgeben von bewaldeten Bergen.\" src=\"https:\/\/www.salzburgerland.com\/de\/magazin\/wp-content\/uploads\/2016\/09\/Tauernspa_.jpeg\">\t<\/picture><figcaption>Tauernspa<\/figcaption><\/a><\/figure><\/div><div class=\"col-6 col-sm-4\"><figure><a class=\"thumb-container\" href=\"https:\/\/www.salzburgerland.com\/de\/magazin\/wp-content\/uploads\/2016\/09\/Tauernspa-1280x1024.jpeg\">\t<picture><source media=\"(min-width: 576px)\" srcset=\"https:\/\/www.salzburgerland.com\/de\/magazin\/wp-content\/uploads\/2016\/09\/Tauernspa-325x209.jpeg 325w, https:\/\/www.salzburgerland.com\/de\/magazin\/wp-content\/uploads\/2016\/09\/Tauernspa-249x160.jpeg 249w\"><\/source><source media=\"(min-width: 0)\" srcset=\"https:\/\/www.salzburgerland.com\/de\/magazin\/wp-content\/uploads\/2016\/09\/Tauernspa-249x160.jpeg 249w, https:\/\/www.salzburgerland.com\/de\/magazin\/wp-content\/uploads\/2016\/09\/Tauernspa-325x209.jpeg 325w\"><\/source><img decoding=\"async\" alt=\"Eine Person entspannt sich in einem Pool mit Blick auf die Berge und ein malerisches Tal unter einem klaren blauen Himmel.\" src=\"https:\/\/www.salzburgerland.com\/de\/magazin\/wp-content\/uploads\/2016\/09\/Tauernspa.jpeg\">\t<\/picture><figcaption>Skyline-Pool im Tauernspa<\/figcaption><\/a><\/figure><\/div><div class=\"col-6 col-sm-4\"><figure><a class=\"thumb-container\" href=\"https:\/\/www.salzburgerland.com\/de\/magazin\/wp-content\/uploads\/2016\/09\/Tauernspa_1-1280x1024.jpeg\">\t<picture><source media=\"(min-width: 576px)\" srcset=\"https:\/\/www.salzburgerland.com\/de\/magazin\/wp-content\/uploads\/2016\/09\/Tauernspa_1-325x209.jpeg 325w, https:\/\/www.salzburgerland.com\/de\/magazin\/wp-content\/uploads\/2016\/09\/Tauernspa_1-249x160.jpeg 249w\"><\/source><source media=\"(min-width: 0)\" srcset=\"https:\/\/www.salzburgerland.com\/de\/magazin\/wp-content\/uploads\/2016\/09\/Tauernspa_1-249x160.jpeg 249w, https:\/\/www.salzburgerland.com\/de\/magazin\/wp-content\/uploads\/2016\/09\/Tauernspa_1-325x209.jpeg 325w\"><\/source><img decoding=\"async\" alt=\"Zwei Liegest&uuml;hle auf einem Holzbalkon mit Blick auf gr&uuml;ne H&uuml;gel und ferne Berge unter einem blauen Himmel.\" src=\"https:\/\/www.salzburgerland.com\/de\/magazin\/wp-content\/uploads\/2016\/09\/Tauernspa_1.jpeg\">\t<\/picture><figcaption>Traumhafte Aussichten<\/figcaption><\/a><\/figure><\/div><div class=\"col-6 col-sm-4\"><figure><a class=\"thumb-container\" href=\"https:\/\/www.salzburgerland.com\/de\/magazin\/wp-content\/uploads\/2016\/09\/Vigaun_2-1280x1024.jpg\">\t<picture><source media=\"(min-width: 576px)\" srcset=\"https:\/\/www.salzburgerland.com\/de\/magazin\/wp-content\/uploads\/2016\/09\/Vigaun_2-325x209.jpg 325w, https:\/\/www.salzburgerland.com\/de\/magazin\/wp-content\/uploads\/2016\/09\/Vigaun_2-249x160.jpg 249w\"><\/source><source media=\"(min-width: 0)\" srcset=\"https:\/\/www.salzburgerland.com\/de\/magazin\/wp-content\/uploads\/2016\/09\/Vigaun_2-249x160.jpg 249w, https:\/\/www.salzburgerland.com\/de\/magazin\/wp-content\/uploads\/2016\/09\/Vigaun_2-325x209.jpg 325w\"><\/source><img decoding=\"async\" alt=\"Freibad bei Nacht mit einem modernen Glasgeb&auml;ude, das im Hintergrund von bunten Lichtern beleuchtet wird.\" src=\"https:\/\/www.salzburgerland.com\/de\/magazin\/wp-content\/uploads\/2016\/09\/Vigaun_2.jpg\">\t<\/picture><figcaption>Heiltherme Bad Vigaun<\/figcaption><\/a><\/figure><\/div><div class=\"col-6 col-sm-4\"><figure><a class=\"thumb-container\" href=\"https:\/\/www.salzburgerland.com\/de\/magazin\/wp-content\/uploads\/2016\/09\/amade-1280x1024.jpg\">\t<picture><source media=\"(min-width: 576px)\" srcset=\"https:\/\/www.salzburgerland.com\/de\/magazin\/wp-content\/uploads\/2016\/09\/amade-325x209.jpg 325w, https:\/\/www.salzburgerland.com\/de\/magazin\/wp-content\/uploads\/2016\/09\/amade-249x160.jpg 249w\"><\/source><source media=\"(min-width: 0)\" srcset=\"https:\/\/www.salzburgerland.com\/de\/magazin\/wp-content\/uploads\/2016\/09\/amade-249x160.jpg 249w, https:\/\/www.salzburgerland.com\/de\/magazin\/wp-content\/uploads\/2016\/09\/amade-325x209.jpg 325w\"><\/source><img decoding=\"async\" alt=\"Vier Personen in blauen Handt&uuml;chern entspannen sich auf Holzb&auml;nken in einem warmen, ger&auml;umigen Saunaraum mit sanfter Beleuchtung.\" src=\"https:\/\/www.salzburgerland.com\/de\/magazin\/wp-content\/uploads\/2016\/09\/amade.jpg\">\t<\/picture><figcaption>Sauna in Bad Vigaun<\/figcaption><\/a><\/figure><\/div><div class=\"col-6 col-sm-4\"><figure><a class=\"thumb-container\" href=\"https:\/\/www.salzburgerland.com\/de\/magazin\/wp-content\/uploads\/2016\/09\/amade_1-1280x1024.jpg\">\t<picture><source media=\"(min-width: 576px)\" srcset=\"https:\/\/www.salzburgerland.com\/de\/magazin\/wp-content\/uploads\/2016\/09\/amade_1-325x209.jpg 325w, https:\/\/www.salzburgerland.com\/de\/magazin\/wp-content\/uploads\/2016\/09\/amade_1-249x160.jpg 249w\"><\/source><source media=\"(min-width: 0)\" srcset=\"https:\/\/www.salzburgerland.com\/de\/magazin\/wp-content\/uploads\/2016\/09\/amade_1-249x160.jpg 249w, https:\/\/www.salzburgerland.com\/de\/magazin\/wp-content\/uploads\/2016\/09\/amade_1-325x209.jpg 325w\"><\/source><img decoding=\"async\" alt=\"Ein kleines Kind in einem Schwimmbecken l&auml;chelt in der N&auml;he einer Kaskade in einem Freibad.\" src=\"https:\/\/www.salzburgerland.com\/de\/magazin\/wp-content\/uploads\/2016\/09\/amade_1.jpg\">\t<\/picture><figcaption>Erlebnistherme Amad&eacute;<\/figcaption><\/a><\/figure><\/div><div class=\"col-6 col-sm-4\"><figure><a class=\"thumb-container\" href=\"https:\/\/www.salzburgerland.com\/de\/magazin\/wp-content\/uploads\/2016\/09\/csm_Aqua_Salza__Feuersauna_02_94c33a2a05-1280x1024.jpg\">\t<picture><source media=\"(min-width: 576px)\" srcset=\"https:\/\/www.salzburgerland.com\/de\/magazin\/wp-content\/uploads\/2016\/09\/csm_Aqua_Salza__Feuersauna_02_94c33a2a05-325x209.jpg 325w, https:\/\/www.salzburgerland.com\/de\/magazin\/wp-content\/uploads\/2016\/09\/csm_Aqua_Salza__Feuersauna_02_94c33a2a05-249x160.jpg 249w\"><\/source><source media=\"(min-width: 0)\" srcset=\"https:\/\/www.salzburgerland.com\/de\/magazin\/wp-content\/uploads\/2016\/09\/csm_Aqua_Salza__Feuersauna_02_94c33a2a05-249x160.jpg 249w, https:\/\/www.salzburgerland.com\/de\/magazin\/wp-content\/uploads\/2016\/09\/csm_Aqua_Salza__Feuersauna_02_94c33a2a05-325x209.jpg 325w\"><\/source><img decoding=\"async\" alt=\"Eine Frau entspannt sich in der Sauna, eingewickelt in ein Handtuch, und sitzt neben einem modernen Kamin mit orangefarbenen Flammen.\" src=\"https:\/\/www.salzburgerland.com\/de\/magazin\/wp-content\/uploads\/2016\/09\/csm_Aqua_Salza__Feuersauna_02_94c33a2a05.jpg\">\t<\/picture><figcaption>Entspannen im Aqua Salza<\/figcaption><\/a><\/figure><\/div><div class=\"col-6 col-sm-4\"><figure><a class=\"thumb-container\" href=\"https:\/\/www.salzburgerland.com\/de\/magazin\/wp-content\/uploads\/2016\/09\/csm_Aqua_Salza_Sauna_02_22cc2f4251-1280x1024.jpg\">\t<picture><source media=\"(min-width: 576px)\" srcset=\"https:\/\/www.salzburgerland.com\/de\/magazin\/wp-content\/uploads\/2016\/09\/csm_Aqua_Salza_Sauna_02_22cc2f4251-325x209.jpg 325w, https:\/\/www.salzburgerland.com\/de\/magazin\/wp-content\/uploads\/2016\/09\/csm_Aqua_Salza_Sauna_02_22cc2f4251-249x160.jpg 249w\"><\/source><source media=\"(min-width: 0)\" srcset=\"https:\/\/www.salzburgerland.com\/de\/magazin\/wp-content\/uploads\/2016\/09\/csm_Aqua_Salza_Sauna_02_22cc2f4251-249x160.jpg 249w, https:\/\/www.salzburgerland.com\/de\/magazin\/wp-content\/uploads\/2016\/09\/csm_Aqua_Salza_Sauna_02_22cc2f4251-325x209.jpg 325w\"><\/source><img decoding=\"async\" alt=\"Eine steinerne Kr&auml;uterspirale und ein Blockhaus in einem sonnigen Garten mit Bergen im Hintergrund.\" src=\"https:\/\/www.salzburgerland.com\/de\/magazin\/wp-content\/uploads\/2016\/09\/csm_Aqua_Salza_Sauna_02_22cc2f4251.jpg\">\t<\/picture><figcaption>Sauna im Aqua Salza<\/figcaption><\/a><\/figure><\/div><div class=\"col-6 col-sm-4\"><figure><a class=\"thumb-container\" href=\"https:\/\/www.salzburgerland.com\/de\/magazin\/wp-content\/uploads\/2016\/09\/felsenbad_3a-1280x1024.jpeg\">\t<picture><source media=\"(min-width: 576px)\" srcset=\"https:\/\/www.salzburgerland.com\/de\/magazin\/wp-content\/uploads\/2016\/09\/felsenbad_3a-325x209.jpeg 325w, https:\/\/www.salzburgerland.com\/de\/magazin\/wp-content\/uploads\/2016\/09\/felsenbad_3a-249x160.jpeg 249w\"><\/source><source media=\"(min-width: 0)\" srcset=\"https:\/\/www.salzburgerland.com\/de\/magazin\/wp-content\/uploads\/2016\/09\/felsenbad_3a-249x160.jpeg 249w, https:\/\/www.salzburgerland.com\/de\/magazin\/wp-content\/uploads\/2016\/09\/felsenbad_3a-325x209.jpeg 325w\"><\/source><img decoding=\"async\" alt=\"Luftaufnahme einer modernen Freibadanlage mit Grasd&auml;chern, Sonnenliegen und einer blauen Wasserrutsche.\" src=\"https:\/\/www.salzburgerland.com\/de\/magazin\/wp-content\/uploads\/2016\/09\/felsenbad_3a.jpeg\">\t<\/picture><figcaption>Felsenbad Gastein<\/figcaption><\/a><\/figure><\/div><div class=\"col-6 col-sm-4\"><figure><a class=\"thumb-container\" href=\"https:\/\/www.salzburgerland.com\/de\/magazin\/wp-content\/uploads\/2016\/09\/felsentherme_017-1280x1024.jpeg\">\t<picture><source media=\"(min-width: 576px)\" srcset=\"https:\/\/www.salzburgerland.com\/de\/magazin\/wp-content\/uploads\/2016\/09\/felsentherme_017-325x209.jpeg 325w, https:\/\/www.salzburgerland.com\/de\/magazin\/wp-content\/uploads\/2016\/09\/felsentherme_017-249x160.jpeg 249w\"><\/source><source media=\"(min-width: 0)\" srcset=\"https:\/\/www.salzburgerland.com\/de\/magazin\/wp-content\/uploads\/2016\/09\/felsentherme_017-249x160.jpeg 249w, https:\/\/www.salzburgerland.com\/de\/magazin\/wp-content\/uploads\/2016\/09\/felsentherme_017-325x209.jpeg 325w\"><\/source><img decoding=\"async\" alt=\"Ein Mann entspannt sich in einem Pool, der an einer Steinmauer liegt, w&auml;hrend das Wasser vor ihm in Kaskaden herunterflie&szlig;t.\" src=\"https:\/\/www.salzburgerland.com\/de\/magazin\/wp-content\/uploads\/2016\/09\/felsentherme_017.jpeg\">\t<\/picture><figcaption>Wasserfall <\/figcaption><\/a><\/figure><\/div><div class=\"col-6 col-sm-4\"><figure><a class=\"thumb-container\" href=\"https:\/\/www.salzburgerland.com\/de\/magazin\/wp-content\/uploads\/2016\/09\/Therme-Amade-1280x1024.jpg\">\t<picture><source media=\"(min-width: 576px)\" srcset=\"https:\/\/www.salzburgerland.com\/de\/magazin\/wp-content\/uploads\/2016\/09\/Therme-Amade-325x209.jpg 325w, https:\/\/www.salzburgerland.com\/de\/magazin\/wp-content\/uploads\/2016\/09\/Therme-Amade-249x160.jpg 249w\"><\/source><source media=\"(min-width: 0)\" srcset=\"https:\/\/www.salzburgerland.com\/de\/magazin\/wp-content\/uploads\/2016\/09\/Therme-Amade-249x160.jpg 249w, https:\/\/www.salzburgerland.com\/de\/magazin\/wp-content\/uploads\/2016\/09\/Therme-Amade-325x209.jpg 325w\"><\/source><img decoding=\"async\" alt=\"Ein moderner Indoor-Wasserpark mit farbenfrohen Wasserrutschen im Freien auf einer Wiese, umgeben von Bergen.\" src=\"https:\/\/www.salzburgerland.com\/de\/magazin\/wp-content\/uploads\/2016\/09\/Therme-Amade.jpg\">\t<\/picture><figcaption>Rutschen in der Erlebnistherme <\/figcaption><\/a><\/figure><\/div><div class=\"col-6 col-sm-4\"><figure><a class=\"thumb-container\" href=\"https:\/\/www.salzburgerland.com\/de\/magazin\/wp-content\/uploads\/2016\/09\/Vigaun-1280x1024.jpg\">\t<picture><source media=\"(min-width: 576px)\" srcset=\"https:\/\/www.salzburgerland.com\/de\/magazin\/wp-content\/uploads\/2016\/09\/Vigaun-325x209.jpg 325w, https:\/\/www.salzburgerland.com\/de\/magazin\/wp-content\/uploads\/2016\/09\/Vigaun-249x160.jpg 249w\"><\/source><source media=\"(min-width: 0)\" srcset=\"https:\/\/www.salzburgerland.com\/de\/magazin\/wp-content\/uploads\/2016\/09\/Vigaun-249x160.jpg 249w, https:\/\/www.salzburgerland.com\/de\/magazin\/wp-content\/uploads\/2016\/09\/Vigaun-325x209.jpg 325w\"><\/source><img decoding=\"async\" alt=\"Hallenbad mit Wasserrutsche, Liegest&uuml;hlen und bunter Deckenbeleuchtung.\" src=\"https:\/\/www.salzburgerland.com\/de\/magazin\/wp-content\/uploads\/2016\/09\/Vigaun.jpg\">\t<\/picture><figcaption>Stimmungen in Bad Vigaun<\/figcaption><\/a><\/figure><\/div><div class=\"col-6 col-sm-4\"><figure><a class=\"thumb-container\" href=\"https:\/\/www.salzburgerland.com\/de\/magazin\/wp-content\/uploads\/2016\/09\/Vigaun_1-1280x1024.jpg\">\t<picture><source media=\"(min-width: 576px)\" srcset=\"https:\/\/www.salzburgerland.com\/de\/magazin\/wp-content\/uploads\/2016\/09\/Vigaun_1-325x209.jpg 325w, https:\/\/www.salzburgerland.com\/de\/magazin\/wp-content\/uploads\/2016\/09\/Vigaun_1-249x160.jpg 249w\"><\/source><source media=\"(min-width: 0)\" srcset=\"https:\/\/www.salzburgerland.com\/de\/magazin\/wp-content\/uploads\/2016\/09\/Vigaun_1-249x160.jpg 249w, https:\/\/www.salzburgerland.com\/de\/magazin\/wp-content\/uploads\/2016\/09\/Vigaun_1-325x209.jpg 325w\"><\/source><img decoding=\"async\" alt=\"Eine Frau im Badeanzug entspannt sich in einem Schwimmbad und lehnt sich mit nach oben geneigtem Kopf an den Rand.\" src=\"https:\/\/www.salzburgerland.com\/de\/magazin\/wp-content\/uploads\/2016\/09\/Vigaun_1.jpg\">\t<\/picture><figcaption>Relaxen im Heilwasser<\/figcaption><\/a><\/figure><\/div><div class=\"col-6 col-sm-4\"><figure><a class=\"thumb-container\" href=\"https:\/\/www.salzburgerland.com\/de\/magazin\/wp-content\/uploads\/2016\/09\/Bad-Hofgastein_d-1280x1024.jpg\">\t<picture><source media=\"(min-width: 576px)\" srcset=\"https:\/\/www.salzburgerland.com\/de\/magazin\/wp-content\/uploads\/2016\/09\/Bad-Hofgastein_d-325x209.jpg 325w, https:\/\/www.salzburgerland.com\/de\/magazin\/wp-content\/uploads\/2016\/09\/Bad-Hofgastein_d-249x160.jpg 249w\"><\/source><source media=\"(min-width: 0)\" srcset=\"https:\/\/www.salzburgerland.com\/de\/magazin\/wp-content\/uploads\/2016\/09\/Bad-Hofgastein_d-249x160.jpg 249w, https:\/\/www.salzburgerland.com\/de\/magazin\/wp-content\/uploads\/2016\/09\/Bad-Hofgastein_d-325x209.jpg 325w\"><\/source><img decoding=\"async\" alt=\"Zwei Personen, die mit erhobenen Armen einen dampfenden Au&szlig;enpool genie&szlig;en, umgeben von Bergen in hellem Sonnenlicht.\" src=\"https:\/\/www.salzburgerland.com\/de\/magazin\/wp-content\/uploads\/2016\/09\/Bad-Hofgastein_d.jpg\">\t<\/picture><figcaption>Badesee<\/figcaption><\/a><\/figure><\/div><div class=\"col-6 col-sm-4\"><figure><a class=\"thumb-container\" href=\"https:\/\/www.salzburgerland.com\/de\/magazin\/wp-content\/uploads\/2016\/09\/Bad-Hofgastein_f-1280x1024.jpg\">\t<picture><source media=\"(min-width: 576px)\" srcset=\"https:\/\/www.salzburgerland.com\/de\/magazin\/wp-content\/uploads\/2016\/09\/Bad-Hofgastein_f-325x209.jpg 325w, https:\/\/www.salzburgerland.com\/de\/magazin\/wp-content\/uploads\/2016\/09\/Bad-Hofgastein_f-249x160.jpg 249w\"><\/source><source media=\"(min-width: 0)\" srcset=\"https:\/\/www.salzburgerland.com\/de\/magazin\/wp-content\/uploads\/2016\/09\/Bad-Hofgastein_f-249x160.jpg 249w, https:\/\/www.salzburgerland.com\/de\/magazin\/wp-content\/uploads\/2016\/09\/Bad-Hofgastein_f-325x209.jpg 325w\"><\/source><img decoding=\"async\" alt=\"Ein modernes, mit rosa Lichtern beleuchtetes Geb&auml;ude, das sich in der Abendd&auml;mmerung in einem geschwungenen Swimmingpool spiegelt.\" src=\"https:\/\/www.salzburgerland.com\/de\/magazin\/wp-content\/uploads\/2016\/09\/Bad-Hofgastein_f.jpg\">\t<\/picture><figcaption>Stimmungsvolles Ambiente<\/figcaption><\/a><\/figure><\/div><div class=\"col-6 col-sm-4\"><figure><a class=\"thumb-container\" href=\"https:\/\/www.salzburgerland.com\/de\/magazin\/wp-content\/uploads\/2016\/09\/Bad-Hofgastein_i-1280x1024.jpg\">\t<picture><source media=\"(min-width: 576px)\" srcset=\"https:\/\/www.salzburgerland.com\/de\/magazin\/wp-content\/uploads\/2016\/09\/Bad-Hofgastein_i-325x209.jpg 325w, https:\/\/www.salzburgerland.com\/de\/magazin\/wp-content\/uploads\/2016\/09\/Bad-Hofgastein_i-249x160.jpg 249w\"><\/source><source media=\"(min-width: 0)\" srcset=\"https:\/\/www.salzburgerland.com\/de\/magazin\/wp-content\/uploads\/2016\/09\/Bad-Hofgastein_i-249x160.jpg 249w, https:\/\/www.salzburgerland.com\/de\/magazin\/wp-content\/uploads\/2016\/09\/Bad-Hofgastein_i-325x209.jpg 325w\"><\/source><img decoding=\"async\" alt=\"Bergferienort mit modernen Geb&auml;uden, Pools und gr&uuml;nen Rasenfl&auml;chen, umgeben von bewaldeten H&uuml;geln unter blauem Himmel.\" src=\"https:\/\/www.salzburgerland.com\/de\/magazin\/wp-content\/uploads\/2016\/09\/Bad-Hofgastein_i.jpg\">\t<\/picture><figcaption>Alpentherme in Bad Hofgastein<\/figcaption><\/a><\/figure><\/div><\/div><figcaption><\/figcaption><\/div>\n","protected":false},"excerpt":{"rendered":"<p>Das&nbsp;Tauern Spa&nbsp;&nbsp;schmiegt sich&nbsp;im Nationalpark Hohe Tauern zwischen Zell am See und Kaprun in die Landschaft. In der fr\u00fchen Morgensonne dampft das Wasser in den Au\u00dfenbecken. Im Skyline-Pool im obersten Stockwerk, des Hotels, ziehen schon vor dem Fr\u00fchst\u00fcck Schwimmerinnen und Schwimmer ihre ersten Runden. Entspannung pur bietet die Saunawelt des Tauernspa. Eine besondere Attraktion ist die [&hellip;]<\/p>\n","protected":false},"author":236,"featured_media":97669,"comment_status":"open","ping_status":"open","sticky":false,"template":"","format":"standard","meta":{"_acf_changed":false,"wl_entities_gutenberg":"","_wl_entity_redirect_enabled":"","footnotes":""},"categories":[4],"tags":[],"wl_entity_type":[306],"monatsauswahl":[82,83,84,85,86,87,88,89,90,91,92,93],"class_list":["post-109179","post","type-post","status-publish","format-standard","has-post-thumbnail","hentry","category-gesundheit","wl_entity_type-article","monatsauswahl-monat_1","monatsauswahl-monat_2","monatsauswahl-monat_3","monatsauswahl-monat_4","monatsauswahl-monat_5","monatsauswahl-monat_6","monatsauswahl-monat_7","monatsauswahl-monat_8","monatsauswahl-monat_9","monatsauswahl-monat_10","monatsauswahl-monat_11","monatsauswahl-monat_12"],"acf":[],"yoast_head":"<!-- This site is optimized with the Yoast SEO Premium plugin v27.4 (Yoast SEO v27.4) - https:\/\/yoast.com\/product\/yoast-seo-premium-wordpress\/ -->\n<title>Salzburger Thermenland - SalzburgerLand Magazin<\/title>\n<meta name=\"description\" content=\"Erholung, Genuss, Spa\u00df: Salzburgs Thermen verw\u00f6hnen mit Saunalandschaften, Heilwasserbecken sowie einer gro\u00dfen Auswahl an Massagen, Rutschen und Schwimmbecken.\" \/>\n<meta name=\"robots\" content=\"index, follow, max-snippet:-1, max-image-preview:large, max-video-preview:-1\" \/>\n<link rel=\"canonical\" href=\"https:\/\/www.salzburgerland.com\/de\/magazin\/salzburger-thermenland\/\" \/>\n<meta property=\"og:locale\" content=\"de_DE\" \/>\n<meta property=\"og:type\" content=\"article\" \/>\n<meta property=\"og:title\" content=\"Salzburger Thermenland\" \/>\n<meta property=\"og:description\" content=\"Das&nbsp;Tauern Spa&nbsp;&nbsp;schmiegt sich&nbsp;im Nationalpark Hohe Tauern zwischen Zell am See und Kaprun in die Landschaft. In der fr\u00fchen Morgensonne dampft das Wasser in den Au\u00dfenbecken. Im Skyline-Pool im obersten Stockwerk, des Hotels, ziehen schon vor dem Fr\u00fchst\u00fcck Schwimmerinnen und Schwimmer ihre ersten Runden. Entspannung pur bietet die Saunawelt des Tauernspa. Eine besondere Attraktion ist die [&hellip;]\" \/>\n<meta property=\"og:url\" content=\"https:\/\/www.salzburgerland.com\/de\/magazin\/salzburger-thermenland\/\" \/>\n<meta property=\"og:site_name\" content=\"SalzburgerLand Magazin\" \/>\n<meta property=\"article:publisher\" content=\"https:\/\/www.facebook.com\/salzburgerland\/\" \/>\n<meta property=\"article:published_time\" content=\"2016-09-12T13:09:52+00:00\" \/>\n<meta property=\"article:modified_time\" content=\"2022-12-21T18:09:06+00:00\" \/>\n<meta property=\"og:image\" content=\"https:\/\/www.salzburgerland.com\/de\/magazin\/wp-content\/uploads\/2015\/05\/kinder_in_der_felsentherme-e1589519859424.jpg\" \/>\n\t<meta property=\"og:image:width\" content=\"1596\" \/>\n\t<meta property=\"og:image:height\" content=\"804\" \/>\n\t<meta property=\"og:image:type\" content=\"image\/jpeg\" \/>\n<meta name=\"author\" content=\"Christine Fr\u00f6schl\" \/>\n<meta name=\"twitter:card\" content=\"summary_large_image\" \/>\n<meta name=\"twitter:creator\" content=\"@Salzburgerland\" \/>\n<meta name=\"twitter:site\" content=\"@Salzburgerland\" \/>\n<meta name=\"twitter:label1\" content=\"Verfasst von\" \/>\n\t<meta name=\"twitter:data1\" content=\"Christine Fr\u00f6schl\" \/>\n\t<meta name=\"twitter:label2\" content=\"Gesch\u00e4tzte Lesezeit\" \/>\n\t<meta name=\"twitter:data2\" content=\"7\u00a0Minuten\" \/>\n<script type=\"application\/ld+json\" class=\"yoast-schema-graph\">{\"@context\":\"https:\\\/\\\/schema.org\",\"@graph\":[{\"@type\":\"Article\",\"@id\":\"https:\\\/\\\/www.salzburgerland.com\\\/de\\\/magazin\\\/salzburger-thermenland\\\/#article\",\"isPartOf\":{\"@id\":\"https:\\\/\\\/www.salzburgerland.com\\\/de\\\/magazin\\\/salzburger-thermenland\\\/\"},\"author\":{\"name\":\"Christine Fr\u00f6schl\",\"@id\":\"https:\\\/\\\/www.salzburgerland.com\\\/de\\\/magazin\\\/#\\\/schema\\\/person\\\/7932db74f19d9640620859cb2b794c4e\"},\"headline\":\"Salzburger Thermenland\",\"datePublished\":\"2016-09-12T13:09:52+00:00\",\"dateModified\":\"2022-12-21T18:09:06+00:00\",\"mainEntityOfPage\":{\"@id\":\"https:\\\/\\\/www.salzburgerland.com\\\/de\\\/magazin\\\/salzburger-thermenland\\\/\"},\"wordCount\":696,\"commentCount\":0,\"publisher\":{\"@id\":\"https:\\\/\\\/www.salzburgerland.com\\\/de\\\/magazin\\\/#organization\"},\"image\":{\"@id\":\"https:\\\/\\\/www.salzburgerland.com\\\/de\\\/magazin\\\/salzburger-thermenland\\\/#primaryimage\"},\"thumbnailUrl\":\"https:\\\/\\\/www.salzburgerland.com\\\/de\\\/magazin\\\/wp-content\\\/uploads\\\/2015\\\/05\\\/kinder_in_der_felsentherme-e1589519859424.jpg\",\"articleSection\":[\"Gesundheit\"],\"inLanguage\":\"de\",\"potentialAction\":[{\"@type\":\"CommentAction\",\"name\":\"Comment\",\"target\":[\"https:\\\/\\\/www.salzburgerland.com\\\/de\\\/magazin\\\/salzburger-thermenland\\\/#respond\"]}]},{\"@type\":\"WebPage\",\"@id\":\"https:\\\/\\\/www.salzburgerland.com\\\/de\\\/magazin\\\/salzburger-thermenland\\\/\",\"url\":\"https:\\\/\\\/www.salzburgerland.com\\\/de\\\/magazin\\\/salzburger-thermenland\\\/\",\"name\":\"Salzburger Thermenland - SalzburgerLand Magazin\",\"isPartOf\":{\"@id\":\"https:\\\/\\\/www.salzburgerland.com\\\/de\\\/magazin\\\/#website\"},\"primaryImageOfPage\":{\"@id\":\"https:\\\/\\\/www.salzburgerland.com\\\/de\\\/magazin\\\/salzburger-thermenland\\\/#primaryimage\"},\"image\":{\"@id\":\"https:\\\/\\\/www.salzburgerland.com\\\/de\\\/magazin\\\/salzburger-thermenland\\\/#primaryimage\"},\"thumbnailUrl\":\"https:\\\/\\\/www.salzburgerland.com\\\/de\\\/magazin\\\/wp-content\\\/uploads\\\/2015\\\/05\\\/kinder_in_der_felsentherme-e1589519859424.jpg\",\"datePublished\":\"2016-09-12T13:09:52+00:00\",\"dateModified\":\"2022-12-21T18:09:06+00:00\",\"breadcrumb\":{\"@id\":\"https:\\\/\\\/www.salzburgerland.com\\\/de\\\/magazin\\\/salzburger-thermenland\\\/#breadcrumb\"},\"inLanguage\":\"de\",\"potentialAction\":[{\"@type\":\"ReadAction\",\"target\":[\"https:\\\/\\\/www.salzburgerland.com\\\/de\\\/magazin\\\/salzburger-thermenland\\\/\"]}]},{\"@type\":\"ImageObject\",\"inLanguage\":\"de\",\"@id\":\"https:\\\/\\\/www.salzburgerland.com\\\/de\\\/magazin\\\/salzburger-thermenland\\\/#primaryimage\",\"url\":\"https:\\\/\\\/www.salzburgerland.com\\\/de\\\/magazin\\\/wp-content\\\/uploads\\\/2015\\\/05\\\/kinder_in_der_felsentherme-e1589519859424.jpg\",\"contentUrl\":\"https:\\\/\\\/www.salzburgerland.com\\\/de\\\/magazin\\\/wp-content\\\/uploads\\\/2015\\\/05\\\/kinder_in_der_felsentherme-e1589519859424.jpg\",\"width\":1596,\"height\":804},{\"@type\":\"BreadcrumbList\",\"@id\":\"https:\\\/\\\/www.salzburgerland.com\\\/de\\\/magazin\\\/salzburger-thermenland\\\/#breadcrumb\",\"itemListElement\":[{\"@type\":\"ListItem\",\"position\":1,\"name\":\"Startseite\",\"item\":\"https:\\\/\\\/www.salzburgerland.com\\\/de\\\/magazin\\\/\"},{\"@type\":\"ListItem\",\"position\":2,\"name\":\"Gesundheit\",\"item\":\"https:\\\/\\\/www.salzburgerland.com\\\/de\\\/magazin\\\/thema\\\/gesundheit\\\/\"},{\"@type\":\"ListItem\",\"position\":3,\"name\":\"Salzburger Thermenland\"}]},{\"@type\":\"WebSite\",\"@id\":\"https:\\\/\\\/www.salzburgerland.com\\\/de\\\/magazin\\\/#website\",\"url\":\"https:\\\/\\\/www.salzburgerland.com\\\/de\\\/magazin\\\/\",\"name\":\"SalzburgerLand Magazin\",\"description\":\"Geschichten und Interessantes aus dem SalzburgerLand\",\"publisher\":{\"@id\":\"https:\\\/\\\/www.salzburgerland.com\\\/de\\\/magazin\\\/#organization\"},\"potentialAction\":[{\"@type\":\"SearchAction\",\"target\":{\"@type\":\"EntryPoint\",\"urlTemplate\":\"https:\\\/\\\/www.salzburgerland.com\\\/de\\\/magazin\\\/?s={search_term_string}\"},\"query-input\":{\"@type\":\"PropertyValueSpecification\",\"valueRequired\":true,\"valueName\":\"search_term_string\"}}],\"inLanguage\":\"de\"},{\"@type\":\"Organization\",\"@id\":\"https:\\\/\\\/www.salzburgerland.com\\\/de\\\/magazin\\\/#organization\",\"name\":\"SalzburgerLand Tourismus\",\"url\":\"https:\\\/\\\/www.salzburgerland.com\\\/de\\\/magazin\\\/\",\"logo\":{\"@type\":\"ImageObject\",\"inLanguage\":\"de\",\"@id\":\"https:\\\/\\\/www.salzburgerland.com\\\/de\\\/magazin\\\/#\\\/schema\\\/logo\\\/image\\\/\",\"url\":\"https:\\\/\\\/www.salzburgerland.com\\\/de\\\/magazin\\\/wp-content\\\/uploads\\\/2019\\\/06\\\/salzburgerland-logo1.jpg\",\"contentUrl\":\"https:\\\/\\\/www.salzburgerland.com\\\/de\\\/magazin\\\/wp-content\\\/uploads\\\/2019\\\/06\\\/salzburgerland-logo1.jpg\",\"width\":2011,\"height\":866,\"caption\":\"SalzburgerLand Tourismus\"},\"image\":{\"@id\":\"https:\\\/\\\/www.salzburgerland.com\\\/de\\\/magazin\\\/#\\\/schema\\\/logo\\\/image\\\/\"},\"sameAs\":[\"https:\\\/\\\/www.facebook.com\\\/salzburgerland\\\/\",\"https:\\\/\\\/x.com\\\/Salzburgerland\",\"https:\\\/\\\/www.instagram.com\\\/salzburgerland\\\/\",\"https:\\\/\\\/at.linkedin.com\\\/company\\\/salzburgerland-tourismus-gmbh\",\"https:\\\/\\\/www.pinterest.at\\\/salzburgerland\\\/\",\"https:\\\/\\\/www.youtube.com\\\/user\\\/salzburgerland\",\"https:\\\/\\\/de.wikipedia.org\\\/wiki\\\/SalzburgerLand_Tourismus_GmbH\"]},{\"@type\":\"Person\",\"@id\":\"https:\\\/\\\/www.salzburgerland.com\\\/de\\\/magazin\\\/#\\\/schema\\\/person\\\/7932db74f19d9640620859cb2b794c4e\",\"name\":\"Christine Fr\u00f6schl\",\"description\":\"Dein pers\u00f6nlicher Logenplatz im SalzburgerLand? Am liebsten gehe ich auf den Einberg im Salzburger Tennengau. Der Berg in der Osterhorn-Gruppe gl\u00e4nzt das ganze Jahr im Sonnenschein, auf dem Gipfel heben Paragleiter ab und die Aussicht auf das Tennengebirge, den Dachstein und die Bischofsm\u00fctze ist traumhaft. Dosige(r) oder Zuagroast? Zuagroast aus dem sch\u00f6nen Nieder\u00f6sterreich. Fr\u00fchling, Sommer, Herbst oder Winter? Alle Jahreszeiten begeistern mich. Momentan freue ich mich auf den Fr\u00fchling, das Zwitschern der V\u00f6gel und auf die sattgr\u00fcnen Wiesen. Salzburger Nockerl oder Schwarzbeernocken? Eindeutig Schwarzbeernocken. Rindsroulade vom Pinzgauer Biorind oder Saibling fangfrisch aus dem Fuschlsee? Mhhhh. Da kann ich mich nicht entscheiden. Bergtour oder Seentour? Mich zieht es auf jeden Fall hinauf. Begeistert bin ich auch von tiefblauen Bergseen in denen sich die Umgebung spiegelt und von der Aussicht w\u00e4hrend des Weges auf einen der wundersch\u00f6nen Seen im Salzburger Land.\",\"url\":\"https:\\\/\\\/www.salzburgerland.com\\\/de\\\/magazin\\\/author\\\/christine-froeschl\\\/\"}]}<\/script>\n<!-- \/ Yoast SEO Premium plugin. -->","yoast_head_json":{"title":"Salzburger Thermenland - SalzburgerLand Magazin","description":"Erholung, Genuss, Spa\u00df: Salzburgs Thermen verw\u00f6hnen mit Saunalandschaften, Heilwasserbecken sowie einer gro\u00dfen Auswahl an Massagen, Rutschen und Schwimmbecken.","robots":{"index":"index","follow":"follow","max-snippet":"max-snippet:-1","max-image-preview":"max-image-preview:large","max-video-preview":"max-video-preview:-1"},"canonical":"https:\/\/www.salzburgerland.com\/de\/magazin\/salzburger-thermenland\/","og_locale":"de_DE","og_type":"article","og_title":"Salzburger Thermenland","og_description":"Das&nbsp;Tauern Spa&nbsp;&nbsp;schmiegt sich&nbsp;im Nationalpark Hohe Tauern zwischen Zell am See und Kaprun in die Landschaft. In der fr\u00fchen Morgensonne dampft das Wasser in den Au\u00dfenbecken. Im Skyline-Pool im obersten Stockwerk, des Hotels, ziehen schon vor dem Fr\u00fchst\u00fcck Schwimmerinnen und Schwimmer ihre ersten Runden. Entspannung pur bietet die Saunawelt des Tauernspa. Eine besondere Attraktion ist die [&hellip;]","og_url":"https:\/\/www.salzburgerland.com\/de\/magazin\/salzburger-thermenland\/","og_site_name":"SalzburgerLand Magazin","article_publisher":"https:\/\/www.facebook.com\/salzburgerland\/","article_published_time":"2016-09-12T13:09:52+00:00","article_modified_time":"2022-12-21T18:09:06+00:00","og_image":[{"width":1596,"height":804,"url":"https:\/\/www.salzburgerland.com\/de\/magazin\/wp-content\/uploads\/2015\/05\/kinder_in_der_felsentherme-e1589519859424.jpg","type":"image\/jpeg"}],"author":"Christine Fr\u00f6schl","twitter_card":"summary_large_image","twitter_creator":"@Salzburgerland","twitter_site":"@Salzburgerland","twitter_misc":{"Verfasst von":"Christine Fr\u00f6schl","Gesch\u00e4tzte Lesezeit":"7\u00a0Minuten"},"schema":{"@context":"https:\/\/schema.org","@graph":[{"@type":"Article","@id":"https:\/\/www.salzburgerland.com\/de\/magazin\/salzburger-thermenland\/#article","isPartOf":{"@id":"https:\/\/www.salzburgerland.com\/de\/magazin\/salzburger-thermenland\/"},"author":{"name":"Christine Fr\u00f6schl","@id":"https:\/\/www.salzburgerland.com\/de\/magazin\/#\/schema\/person\/7932db74f19d9640620859cb2b794c4e"},"headline":"Salzburger Thermenland","datePublished":"2016-09-12T13:09:52+00:00","dateModified":"2022-12-21T18:09:06+00:00","mainEntityOfPage":{"@id":"https:\/\/www.salzburgerland.com\/de\/magazin\/salzburger-thermenland\/"},"wordCount":696,"commentCount":0,"publisher":{"@id":"https:\/\/www.salzburgerland.com\/de\/magazin\/#organization"},"image":{"@id":"https:\/\/www.salzburgerland.com\/de\/magazin\/salzburger-thermenland\/#primaryimage"},"thumbnailUrl":"https:\/\/www.salzburgerland.com\/de\/magazin\/wp-content\/uploads\/2015\/05\/kinder_in_der_felsentherme-e1589519859424.jpg","articleSection":["Gesundheit"],"inLanguage":"de","potentialAction":[{"@type":"CommentAction","name":"Comment","target":["https:\/\/www.salzburgerland.com\/de\/magazin\/salzburger-thermenland\/#respond"]}]},{"@type":"WebPage","@id":"https:\/\/www.salzburgerland.com\/de\/magazin\/salzburger-thermenland\/","url":"https:\/\/www.salzburgerland.com\/de\/magazin\/salzburger-thermenland\/","name":"Salzburger Thermenland - SalzburgerLand Magazin","isPartOf":{"@id":"https:\/\/www.salzburgerland.com\/de\/magazin\/#website"},"primaryImageOfPage":{"@id":"https:\/\/www.salzburgerland.com\/de\/magazin\/salzburger-thermenland\/#primaryimage"},"image":{"@id":"https:\/\/www.salzburgerland.com\/de\/magazin\/salzburger-thermenland\/#primaryimage"},"thumbnailUrl":"https:\/\/www.salzburgerland.com\/de\/magazin\/wp-content\/uploads\/2015\/05\/kinder_in_der_felsentherme-e1589519859424.jpg","datePublished":"2016-09-12T13:09:52+00:00","dateModified":"2022-12-21T18:09:06+00:00","breadcrumb":{"@id":"https:\/\/www.salzburgerland.com\/de\/magazin\/salzburger-thermenland\/#breadcrumb"},"inLanguage":"de","potentialAction":[{"@type":"ReadAction","target":["https:\/\/www.salzburgerland.com\/de\/magazin\/salzburger-thermenland\/"]}]},{"@type":"ImageObject","inLanguage":"de","@id":"https:\/\/www.salzburgerland.com\/de\/magazin\/salzburger-thermenland\/#primaryimage","url":"https:\/\/www.salzburgerland.com\/de\/magazin\/wp-content\/uploads\/2015\/05\/kinder_in_der_felsentherme-e1589519859424.jpg","contentUrl":"https:\/\/www.salzburgerland.com\/de\/magazin\/wp-content\/uploads\/2015\/05\/kinder_in_der_felsentherme-e1589519859424.jpg","width":1596,"height":804},{"@type":"BreadcrumbList","@id":"https:\/\/www.salzburgerland.com\/de\/magazin\/salzburger-thermenland\/#breadcrumb","itemListElement":[{"@type":"ListItem","position":1,"name":"Startseite","item":"https:\/\/www.salzburgerland.com\/de\/magazin\/"},{"@type":"ListItem","position":2,"name":"Gesundheit","item":"https:\/\/www.salzburgerland.com\/de\/magazin\/thema\/gesundheit\/"},{"@type":"ListItem","position":3,"name":"Salzburger Thermenland"}]},{"@type":"WebSite","@id":"https:\/\/www.salzburgerland.com\/de\/magazin\/#website","url":"https:\/\/www.salzburgerland.com\/de\/magazin\/","name":"SalzburgerLand Magazin","description":"Geschichten und Interessantes aus dem SalzburgerLand","publisher":{"@id":"https:\/\/www.salzburgerland.com\/de\/magazin\/#organization"},"potentialAction":[{"@type":"SearchAction","target":{"@type":"EntryPoint","urlTemplate":"https:\/\/www.salzburgerland.com\/de\/magazin\/?s={search_term_string}"},"query-input":{"@type":"PropertyValueSpecification","valueRequired":true,"valueName":"search_term_string"}}],"inLanguage":"de"},{"@type":"Organization","@id":"https:\/\/www.salzburgerland.com\/de\/magazin\/#organization","name":"SalzburgerLand Tourismus","url":"https:\/\/www.salzburgerland.com\/de\/magazin\/","logo":{"@type":"ImageObject","inLanguage":"de","@id":"https:\/\/www.salzburgerland.com\/de\/magazin\/#\/schema\/logo\/image\/","url":"https:\/\/www.salzburgerland.com\/de\/magazin\/wp-content\/uploads\/2019\/06\/salzburgerland-logo1.jpg","contentUrl":"https:\/\/www.salzburgerland.com\/de\/magazin\/wp-content\/uploads\/2019\/06\/salzburgerland-logo1.jpg","width":2011,"height":866,"caption":"SalzburgerLand Tourismus"},"image":{"@id":"https:\/\/www.salzburgerland.com\/de\/magazin\/#\/schema\/logo\/image\/"},"sameAs":["https:\/\/www.facebook.com\/salzburgerland\/","https:\/\/x.com\/Salzburgerland","https:\/\/www.instagram.com\/salzburgerland\/","https:\/\/at.linkedin.com\/company\/salzburgerland-tourismus-gmbh","https:\/\/www.pinterest.at\/salzburgerland\/","https:\/\/www.youtube.com\/user\/salzburgerland","https:\/\/de.wikipedia.org\/wiki\/SalzburgerLand_Tourismus_GmbH"]},{"@type":"Person","@id":"https:\/\/www.salzburgerland.com\/de\/magazin\/#\/schema\/person\/7932db74f19d9640620859cb2b794c4e","name":"Christine Fr\u00f6schl","description":"Dein pers\u00f6nlicher Logenplatz im SalzburgerLand? Am liebsten gehe ich auf den Einberg im Salzburger Tennengau. Der Berg in der Osterhorn-Gruppe gl\u00e4nzt das ganze Jahr im Sonnenschein, auf dem Gipfel heben Paragleiter ab und die Aussicht auf das Tennengebirge, den Dachstein und die Bischofsm\u00fctze ist traumhaft. Dosige(r) oder Zuagroast? Zuagroast aus dem sch\u00f6nen Nieder\u00f6sterreich. Fr\u00fchling, Sommer, Herbst oder Winter? Alle Jahreszeiten begeistern mich. Momentan freue ich mich auf den Fr\u00fchling, das Zwitschern der V\u00f6gel und auf die sattgr\u00fcnen Wiesen. Salzburger Nockerl oder Schwarzbeernocken? Eindeutig Schwarzbeernocken. Rindsroulade vom Pinzgauer Biorind oder Saibling fangfrisch aus dem Fuschlsee? Mhhhh. Da kann ich mich nicht entscheiden. Bergtour oder Seentour? Mich zieht es auf jeden Fall hinauf. Begeistert bin ich auch von tiefblauen Bergseen in denen sich die Umgebung spiegelt und von der Aussicht w\u00e4hrend des Weges auf einen der wundersch\u00f6nen Seen im Salzburger Land.","url":"https:\/\/www.salzburgerland.com\/de\/magazin\/author\/christine-froeschl\/"}]}},"_wl_alt_label":[],"wl:entity_url":"http:\/\/open.salzburgerland.com\/magazin\/post\/salzburger_thermenland","_links":{"self":[{"href":"https:\/\/www.salzburgerland.com\/de\/magazin\/wp-json\/wp\/v2\/posts\/109179","targetHints":{"allow":["GET"]}}],"collection":[{"href":"https:\/\/www.salzburgerland.com\/de\/magazin\/wp-json\/wp\/v2\/posts"}],"about":[{"href":"https:\/\/www.salzburgerland.com\/de\/magazin\/wp-json\/wp\/v2\/types\/post"}],"author":[{"embeddable":true,"href":"https:\/\/www.salzburgerland.com\/de\/magazin\/wp-json\/wp\/v2\/users\/236"}],"replies":[{"embeddable":true,"href":"https:\/\/www.salzburgerland.com\/de\/magazin\/wp-json\/wp\/v2\/comments?post=109179"}],"version-history":[{"count":5,"href":"https:\/\/www.salzburgerland.com\/de\/magazin\/wp-json\/wp\/v2\/posts\/109179\/revisions"}],"predecessor-version":[{"id":167352,"href":"https:\/\/www.salzburgerland.com\/de\/magazin\/wp-json\/wp\/v2\/posts\/109179\/revisions\/167352"}],"wp:featuredmedia":[{"embeddable":true,"href":"https:\/\/www.salzburgerland.com\/de\/magazin\/wp-json\/wp\/v2\/media\/97669"}],"wp:attachment":[{"href":"https:\/\/www.salzburgerland.com\/de\/magazin\/wp-json\/wp\/v2\/media?parent=109179"}],"wp:term":[{"taxonomy":"category","embeddable":true,"href":"https:\/\/www.salzburgerland.com\/de\/magazin\/wp-json\/wp\/v2\/categories?post=109179"},{"taxonomy":"post_tag","embeddable":true,"href":"https:\/\/www.salzburgerland.com\/de\/magazin\/wp-json\/wp\/v2\/tags?post=109179"},{"taxonomy":"wl_entity_type","embeddable":true,"href":"https:\/\/www.salzburgerland.com\/de\/magazin\/wp-json\/wp\/v2\/wl_entity_type?post=109179"},{"taxonomy":"monatsauswahl","embeddable":true,"href":"https:\/\/www.salzburgerland.com\/de\/magazin\/wp-json\/wp\/v2\/monatsauswahl?post=109179"}],"curies":[{"name":"wp","href":"https:\/\/api.w.org\/{rel}","templated":true}]}}