{"id":109150,"date":"2016-09-26T14:30:20","date_gmt":"2016-09-26T12:30:20","guid":{"rendered":"http:\/\/magazin.salzburgerland.com\/?p=109150"},"modified":"2020-04-14T10:26:20","modified_gmt":"2020-04-14T08:26:20","slug":"familienwanderung-auf-die-gruberalm","status":"publish","type":"post","link":"https:\/\/www.salzburgerland.com\/de\/magazin\/familienwanderung-auf-die-gruberalm\/","title":{"rendered":"Familienwanderung auf die Gruberalm"},"content":{"rendered":"\n<p>Rund 40 Minuten von der Stadt Salzburg entfernt, liegt der Ausgangspunkt unserer Familienwanderung auf die <a href=\"http:\/\/www.gruberalm.at\" target=\"_blank\" rel=\"noopener noreferrer\">Gruberalm<\/a> &#8211; der Parkplatz Talschluss L\u00e4mmerbach.&nbsp;Der Weg auf die Alm f\u00fchrt uns \u00fcber die Forststra\u00dfe durch den Wald, was besonders an hei\u00dfen Tagen ideale Wanderbedingungen bietet. Rund 60 Minuten in moderatem Tempo&nbsp;wandern wir vorbei an rauschenden B\u00e4chen bis wir&nbsp;die Gruberalm mit den drei bewirtschafteten Almh\u00fctten erreichen.&nbsp;<\/p>\n\n\n<div class=\"mag-gallery\"><div class=\"row\"><div class=\"col-6 col-sm-4\"><figure><a class=\"thumb-container\" href=\"https:\/\/www.salzburgerland.com\/de\/magazin\/wp-content\/uploads\/2016\/09\/Wanderung-zur-Gruberalm_35-1280x1024.jpg\">\t<picture><source media=\"(min-width: 576px)\" srcset=\"https:\/\/www.salzburgerland.com\/de\/magazin\/wp-content\/uploads\/2016\/09\/Wanderung-zur-Gruberalm_35-325x209.jpg 325w, https:\/\/www.salzburgerland.com\/de\/magazin\/wp-content\/uploads\/2016\/09\/Wanderung-zur-Gruberalm_35-249x160.jpg 249w\"><\/source><source media=\"(min-width: 0)\" srcset=\"https:\/\/www.salzburgerland.com\/de\/magazin\/wp-content\/uploads\/2016\/09\/Wanderung-zur-Gruberalm_35-249x160.jpg 249w, https:\/\/www.salzburgerland.com\/de\/magazin\/wp-content\/uploads\/2016\/09\/Wanderung-zur-Gruberalm_35-325x209.jpg 325w\"><\/source><img decoding=\"async\" alt='H&auml;ngende Blumen &uuml;ber Holzschildern mit der Aufschrift \"Die Grubenalm Grubenalmh&uuml;tte\" und \"Sennerin Helga\".' src=\"https:\/\/www.salzburgerland.com\/de\/magazin\/wp-content\/uploads\/2016\/09\/Wanderung-zur-Gruberalm_35.jpg\">\t<\/picture><\/a><\/figure><\/div><div class=\"col-6 col-sm-4\"><figure><a class=\"thumb-container\" href=\"https:\/\/www.salzburgerland.com\/de\/magazin\/wp-content\/uploads\/2016\/09\/Wanderung-zur-Gruberalm_2-1280x1024.jpg\">\t<picture><source media=\"(min-width: 576px)\" srcset=\"https:\/\/www.salzburgerland.com\/de\/magazin\/wp-content\/uploads\/2016\/09\/Wanderung-zur-Gruberalm_2-325x209.jpg 325w, https:\/\/www.salzburgerland.com\/de\/magazin\/wp-content\/uploads\/2016\/09\/Wanderung-zur-Gruberalm_2-249x160.jpg 249w\"><\/source><source media=\"(min-width: 0)\" srcset=\"https:\/\/www.salzburgerland.com\/de\/magazin\/wp-content\/uploads\/2016\/09\/Wanderung-zur-Gruberalm_2-249x160.jpg 249w, https:\/\/www.salzburgerland.com\/de\/magazin\/wp-content\/uploads\/2016\/09\/Wanderung-zur-Gruberalm_2-325x209.jpg 325w\"><\/source><img decoding=\"async\" alt=\"Nahaufnahme von moosbedeckten Felsen, zwischen denen Wasser flie&szlig;t, Sonnenlicht beleuchtet gr&uuml;nes Moos.\" src=\"https:\/\/www.salzburgerland.com\/de\/magazin\/wp-content\/uploads\/2016\/09\/Wanderung-zur-Gruberalm_2.jpg\">\t<\/picture><\/a><\/figure><\/div><div class=\"col-6 col-sm-4\"><figure><a class=\"thumb-container\" href=\"https:\/\/www.salzburgerland.com\/de\/magazin\/wp-content\/uploads\/2016\/09\/Wanderung-zur-Gruberalm_10-1280x1024.jpg\">\t<picture><source media=\"(min-width: 576px)\" srcset=\"https:\/\/www.salzburgerland.com\/de\/magazin\/wp-content\/uploads\/2016\/09\/Wanderung-zur-Gruberalm_10-325x209.jpg 325w, https:\/\/www.salzburgerland.com\/de\/magazin\/wp-content\/uploads\/2016\/09\/Wanderung-zur-Gruberalm_10-249x160.jpg 249w\"><\/source><source media=\"(min-width: 0)\" srcset=\"https:\/\/www.salzburgerland.com\/de\/magazin\/wp-content\/uploads\/2016\/09\/Wanderung-zur-Gruberalm_10-249x160.jpg 249w, https:\/\/www.salzburgerland.com\/de\/magazin\/wp-content\/uploads\/2016\/09\/Wanderung-zur-Gruberalm_10-325x209.jpg 325w\"><\/source><img decoding=\"async\" alt=\"Klares Wasser, das &uuml;ber moosbewachsene Felsen in einem Bach flie&szlig;t, mit gr&uuml;nen Pflanzen im Vordergrund.\" src=\"https:\/\/www.salzburgerland.com\/de\/magazin\/wp-content\/uploads\/2016\/09\/Wanderung-zur-Gruberalm_10.jpg\">\t<\/picture><\/a><\/figure><\/div><\/div><figcaption><\/figcaption><\/div>\n\n\n\n<p>Die Mayerlehenh\u00fctte, die Hinterleit`n H\u00fctte und die Grubenbachh\u00fctte erwarten die G\u00e4ste auf der Almanh\u00f6he in sonniger Lage auf 1036m Seeh\u00f6he. Besonders f\u00fcr Familien mit Kindern ist die Gruberalm ein gro\u00dfartiges Wander- und Ausflugsziel. Das Gel\u00e4nde ist weitl\u00e4ufig und sehr \u00fcbersichtlich. Die Kinder k\u00f6nnen sich frei bewegen und finden viel&nbsp;Platz zum Laufen oder Fu\u00dfball spielen. Bauernhoftiere wie Ziegen warten auf Streicheleinheiten der kleinen und gro\u00dfen Almbesucher. F\u00fcr das leibliche Wohl ist nat\u00fcrlich auf der Gruberalm gesorgt. Selbstgemachte Hollerkracherl f\u00fcr den Durst, Kaspresskn\u00f6delsuppe f\u00fcr den kleinen Hunger und zum Abschluss frisch gebackene Bauernkrapfen mit H\u00fcttenkaffee&nbsp;gibt es zum Beispiel auf der Mayerlehenh\u00fctte.&nbsp;<\/p>\n\n\n<div class=\"mag-gallery\"><div class=\"row\"><div class=\"col-6 col-sm-4\"><figure><a class=\"thumb-container\" href=\"https:\/\/www.salzburgerland.com\/de\/magazin\/wp-content\/uploads\/2016\/09\/Wanderung-zur-Gruberalm_28-1280x1024.jpg\">\t<picture><source media=\"(min-width: 576px)\" srcset=\"https:\/\/www.salzburgerland.com\/de\/magazin\/wp-content\/uploads\/2016\/09\/Wanderung-zur-Gruberalm_28-325x209.jpg 325w, https:\/\/www.salzburgerland.com\/de\/magazin\/wp-content\/uploads\/2016\/09\/Wanderung-zur-Gruberalm_28-249x160.jpg 249w\"><\/source><source media=\"(min-width: 0)\" srcset=\"https:\/\/www.salzburgerland.com\/de\/magazin\/wp-content\/uploads\/2016\/09\/Wanderung-zur-Gruberalm_28-249x160.jpg 249w, https:\/\/www.salzburgerland.com\/de\/magazin\/wp-content\/uploads\/2016\/09\/Wanderung-zur-Gruberalm_28-325x209.jpg 325w\"><\/source><img decoding=\"async\" alt=\"Eine rustikale Holzh&uuml;tte mit Blumenk&auml;sten und Menschen, die drau&szlig;en essen, inmitten einer gr&uuml;nen Berglandschaft.\" src=\"https:\/\/www.salzburgerland.com\/de\/magazin\/wp-content\/uploads\/2016\/09\/Wanderung-zur-Gruberalm_28.jpg\">\t<\/picture><\/a><\/figure><\/div><div class=\"col-6 col-sm-4\"><figure><a class=\"thumb-container\" href=\"https:\/\/www.salzburgerland.com\/de\/magazin\/wp-content\/uploads\/2016\/09\/Wanderung-zur-Gruberalm_60-1280x1024.jpg\">\t<picture><source media=\"(min-width: 576px)\" srcset=\"https:\/\/www.salzburgerland.com\/de\/magazin\/wp-content\/uploads\/2016\/09\/Wanderung-zur-Gruberalm_60-325x209.jpg 325w, https:\/\/www.salzburgerland.com\/de\/magazin\/wp-content\/uploads\/2016\/09\/Wanderung-zur-Gruberalm_60-249x160.jpg 249w\"><\/source><source media=\"(min-width: 0)\" srcset=\"https:\/\/www.salzburgerland.com\/de\/magazin\/wp-content\/uploads\/2016\/09\/Wanderung-zur-Gruberalm_60-249x160.jpg 249w, https:\/\/www.salzburgerland.com\/de\/magazin\/wp-content\/uploads\/2016\/09\/Wanderung-zur-Gruberalm_60-325x209.jpg 325w\"><\/source><img decoding=\"async\" alt=\"Ein Stein mit dem deutschen Gru&szlig; Gria&szlig; eich! in wei&szlig;er Schrift eingraviert und hervorgehoben.\" src=\"https:\/\/www.salzburgerland.com\/de\/magazin\/wp-content\/uploads\/2016\/09\/Wanderung-zur-Gruberalm_60.jpg\">\t<\/picture><\/a><\/figure><\/div><div class=\"col-6 col-sm-4\"><figure><a class=\"thumb-container\" href=\"https:\/\/www.salzburgerland.com\/de\/magazin\/wp-content\/uploads\/2016\/09\/Wanderung-zur-Gruberalm_33-1280x1024.jpg\">\t<picture><source media=\"(min-width: 576px)\" srcset=\"https:\/\/www.salzburgerland.com\/de\/magazin\/wp-content\/uploads\/2016\/09\/Wanderung-zur-Gruberalm_33-325x209.jpg 325w, https:\/\/www.salzburgerland.com\/de\/magazin\/wp-content\/uploads\/2016\/09\/Wanderung-zur-Gruberalm_33-249x160.jpg 249w\"><\/source><source media=\"(min-width: 0)\" srcset=\"https:\/\/www.salzburgerland.com\/de\/magazin\/wp-content\/uploads\/2016\/09\/Wanderung-zur-Gruberalm_33-249x160.jpg 249w, https:\/\/www.salzburgerland.com\/de\/magazin\/wp-content\/uploads\/2016\/09\/Wanderung-zur-Gruberalm_33-325x209.jpg 325w\"><\/source><img decoding=\"async\" alt=\"H&ouml;lzerne Almh&uuml;tte mit Blumenk&auml;sten, Sitzgelegenheiten im Freien und Bergen im Hintergrund an einem sonnigen Tag.\" src=\"https:\/\/www.salzburgerland.com\/de\/magazin\/wp-content\/uploads\/2016\/09\/Wanderung-zur-Gruberalm_33.jpg\">\t<\/picture><\/a><\/figure><\/div><\/div><figcaption><\/figcaption><\/div>\n\n\n\n<h2 class=\"wp-block-heading\"><strong>Fr\u00fchst\u00fcck auf der Mayerlehenh\u00fctte<\/strong><\/h2>\n\n\n\n<p>Seit \u00fcber 100 Jahren wird die obere der drei Almh\u00fctten auf der Gruberalm bewirtschaftet &#8211; die Mayerlehenh\u00fctte. Sennerin Lisi und Werner Matieschek bieten sowohl unter der Woche (gegen telefonische Voranmeldung) sowie an den Wochenenden das BioFaire Holleralm Fr\u00fchst\u00fcck an. Von 8:00\u00a0bis 11:00 gibt es selbstgemachte K\u00f6stlichkeiten wie Brot, Aufstriche und Marmelade. Eine eigene Getreidequetsche steht den G\u00e4sten f\u00fcr die pers\u00f6nliche M\u00fcslimischung zur Verf\u00fcgung. Dazu gibt es nat\u00fcrlich frische Milch von den K\u00fchen auf der Alm, Tee mit Kr\u00e4utern aus dem eigenen Almkr\u00e4utergarten und Joghurt mit Hollerbl\u00fctengelee. Die Mayerlehenh\u00fctte wird von Anfang Mai bis Ende Oktober bewirtschaftet.\u00a0<\/p>\n\n\n<div class=\"mag-gallery\"><div class=\"row\"><div class=\"col-6 col-sm-4\"><figure><a class=\"thumb-container\" href=\"https:\/\/www.salzburgerland.com\/de\/magazin\/wp-content\/uploads\/2016\/09\/Wanderung-zur-Gruberalm_34-1280x1024.jpg\">\t<picture><source media=\"(min-width: 576px)\" srcset=\"https:\/\/www.salzburgerland.com\/de\/magazin\/wp-content\/uploads\/2016\/09\/Wanderung-zur-Gruberalm_34-325x209.jpg 325w, https:\/\/www.salzburgerland.com\/de\/magazin\/wp-content\/uploads\/2016\/09\/Wanderung-zur-Gruberalm_34-249x160.jpg 249w\"><\/source><source media=\"(min-width: 0)\" srcset=\"https:\/\/www.salzburgerland.com\/de\/magazin\/wp-content\/uploads\/2016\/09\/Wanderung-zur-Gruberalm_34-249x160.jpg 249w, https:\/\/www.salzburgerland.com\/de\/magazin\/wp-content\/uploads\/2016\/09\/Wanderung-zur-Gruberalm_34-325x209.jpg 325w\"><\/source><img decoding=\"async\" alt=\"Rote Blumen in einem Metallk&uuml;bel auf einem rustikalen Holzwagen im Freien an einem sonnigen Tag.\" src=\"https:\/\/www.salzburgerland.com\/de\/magazin\/wp-content\/uploads\/2016\/09\/Wanderung-zur-Gruberalm_34.jpg\">\t<\/picture><\/a><\/figure><\/div><div class=\"col-6 col-sm-4\"><figure><a class=\"thumb-container\" href=\"https:\/\/www.salzburgerland.com\/de\/magazin\/wp-content\/uploads\/2016\/09\/Wanderung-zur-Gruberalm_59-1280x1024.jpg\">\t<picture><source media=\"(min-width: 576px)\" srcset=\"https:\/\/www.salzburgerland.com\/de\/magazin\/wp-content\/uploads\/2016\/09\/Wanderung-zur-Gruberalm_59-325x209.jpg 325w, https:\/\/www.salzburgerland.com\/de\/magazin\/wp-content\/uploads\/2016\/09\/Wanderung-zur-Gruberalm_59-249x160.jpg 249w\"><\/source><source media=\"(min-width: 0)\" srcset=\"https:\/\/www.salzburgerland.com\/de\/magazin\/wp-content\/uploads\/2016\/09\/Wanderung-zur-Gruberalm_59-249x160.jpg 249w, https:\/\/www.salzburgerland.com\/de\/magazin\/wp-content\/uploads\/2016\/09\/Wanderung-zur-Gruberalm_59-325x209.jpg 325w\"><\/source><img decoding=\"async\" alt=\"Eine Ziege mit einem gelben Halsband steht in einem grasbewachsenen Feld mit Bergen und anderen Ziegen im Hintergrund.\" src=\"https:\/\/www.salzburgerland.com\/de\/magazin\/wp-content\/uploads\/2016\/09\/Wanderung-zur-Gruberalm_59.jpg\">\t<\/picture><\/a><\/figure><\/div><div class=\"col-6 col-sm-4\"><figure><a class=\"thumb-container\" href=\"https:\/\/www.salzburgerland.com\/de\/magazin\/wp-content\/uploads\/2016\/09\/Wanderung-zur-Gruberalm_80-1280x1024.jpg\">\t<picture><source media=\"(min-width: 576px)\" srcset=\"https:\/\/www.salzburgerland.com\/de\/magazin\/wp-content\/uploads\/2016\/09\/Wanderung-zur-Gruberalm_80-325x209.jpg 325w, https:\/\/www.salzburgerland.com\/de\/magazin\/wp-content\/uploads\/2016\/09\/Wanderung-zur-Gruberalm_80-249x160.jpg 249w\"><\/source><source media=\"(min-width: 0)\" srcset=\"https:\/\/www.salzburgerland.com\/de\/magazin\/wp-content\/uploads\/2016\/09\/Wanderung-zur-Gruberalm_80-249x160.jpg 249w, https:\/\/www.salzburgerland.com\/de\/magazin\/wp-content\/uploads\/2016\/09\/Wanderung-zur-Gruberalm_80-325x209.jpg 325w\"><\/source><img decoding=\"async\" alt=\"Nahaufnahme von gr&uuml;nen Kleebl&auml;ttern und Moos, die auf einem Felsen im nat&uuml;rlichen Sonnenlicht wachsen.\" src=\"https:\/\/www.salzburgerland.com\/de\/magazin\/wp-content\/uploads\/2016\/09\/Wanderung-zur-Gruberalm_80.jpg\">\t<\/picture><\/a><\/figure><\/div><\/div><figcaption><\/figcaption><\/div>\n\n\n\n<p><strong>Kontakt:<\/strong>&nbsp;<br>Lisi und Werner Matieschek<br>L\u00e4mmerbach 11<br>5324 Hintersee<br>Telefon: +43 664 5223740<br>e-Mail: mayerlehen@gruberalm.at<br><a href=\"http:\/\/www.gruberalm.at\" target=\"_blank\" rel=\"noopener noreferrer\">www.gruberalm.at<\/a><\/p>\n\n\n\n<p><em>Fotos: (c) Anke Eder,&nbsp;<a href=\"http:\/\/www.agentur-rede.at\" target=\"_blank\" rel=\"noopener noreferrer\">http:\/\/www.agentur-rede.at<\/a>&nbsp;<\/em><a href=\"http:\/\/www.gruberalm.at\" target=\"_blank\" rel=\"noopener noreferrer\"><br><\/a><\/p>\n","protected":false},"excerpt":{"rendered":"<p>Rund 40 Minuten von der Stadt Salzburg entfernt, liegt der Ausgangspunkt unserer Familienwanderung auf die Gruberalm &#8211; der Parkplatz Talschluss L\u00e4mmerbach.&nbsp;Der Weg auf die Alm f\u00fchrt uns \u00fcber die Forststra\u00dfe durch den Wald, was besonders an hei\u00dfen Tagen ideale Wanderbedingungen bietet. Rund 60 Minuten in moderatem Tempo&nbsp;wandern wir vorbei an rauschenden B\u00e4chen bis wir&nbsp;die Gruberalm [&hellip;]<\/p>\n","protected":false},"author":533,"featured_media":109151,"comment_status":"open","ping_status":"open","sticky":false,"template":"","format":"standard","meta":{"_acf_changed":false,"wl_entities_gutenberg":"","_wl_entity_redirect_enabled":"","footnotes":""},"categories":[8],"tags":[231],"wl_entity_type":[306],"monatsauswahl":[86,87,88,89,90,91],"class_list":["post-109150","post","type-post","status-publish","format-standard","has-post-thumbnail","hentry","category-outdoor-sport","tag-family","wl_entity_type-article","monatsauswahl-monat_5","monatsauswahl-monat_6","monatsauswahl-monat_7","monatsauswahl-monat_8","monatsauswahl-monat_9","monatsauswahl-monat_10"],"acf":[],"yoast_head":"<!-- This site is optimized with the Yoast SEO Premium plugin v27.4 (Yoast SEO v27.4) - https:\/\/yoast.com\/product\/yoast-seo-premium-wordpress\/ -->\n<title>Familienwanderung auf die Gruberalm - SalzburgerLand Magazin<\/title>\n<meta name=\"description\" content=\"Rund 40 Minuten von der Stadt Salzburg entfernt, liegt der Ausgangspunkt unserer Familienwanderung auf die Gruberalm &#8211; der Parkplatz Talschluss L\u00e4mmerbach.&nbsp;Der Weg auf die Alm f\u00fchrt uns \u00fcber die Forststra\u00dfe durch den Wald, was besonders an hei\u00dfen Tagen ideale Wanderbedingungen bietet. Rund 60 Minuten in moderatem Tempo&nbsp;wandern wir vorbei an rauschenden B\u00e4chen bis wir&nbsp;die Gruberalm [&hellip;]\" \/>\n<meta name=\"robots\" content=\"index, follow, max-snippet:-1, max-image-preview:large, max-video-preview:-1\" \/>\n<link rel=\"canonical\" href=\"https:\/\/www.salzburgerland.com\/de\/magazin\/familienwanderung-auf-die-gruberalm\/\" \/>\n<meta property=\"og:locale\" content=\"de_DE\" \/>\n<meta property=\"og:type\" content=\"article\" \/>\n<meta property=\"og:title\" content=\"Familienwanderung auf die Gruberalm\" \/>\n<meta property=\"og:description\" content=\"Rund 40 Minuten von der Stadt Salzburg entfernt, liegt der Ausgangspunkt unserer Familienwanderung auf die Gruberalm &#8211; der Parkplatz Talschluss L\u00e4mmerbach.&nbsp;Der Weg auf die Alm f\u00fchrt uns \u00fcber die Forststra\u00dfe durch den Wald, was besonders an hei\u00dfen Tagen ideale Wanderbedingungen bietet. Rund 60 Minuten in moderatem Tempo&nbsp;wandern wir vorbei an rauschenden B\u00e4chen bis wir&nbsp;die Gruberalm [&hellip;]\" \/>\n<meta property=\"og:url\" content=\"https:\/\/www.salzburgerland.com\/de\/magazin\/familienwanderung-auf-die-gruberalm\/\" \/>\n<meta property=\"og:site_name\" content=\"SalzburgerLand Magazin\" \/>\n<meta property=\"article:publisher\" content=\"https:\/\/www.facebook.com\/salzburgerland\/\" \/>\n<meta property=\"article:published_time\" content=\"2016-09-26T12:30:20+00:00\" \/>\n<meta property=\"article:modified_time\" content=\"2020-04-14T08:26:20+00:00\" \/>\n<meta property=\"og:image\" content=\"https:\/\/www.salzburgerland.com\/de\/magazin\/wp-content\/uploads\/2016\/09\/Wanderung-zur-Gruberalm_22.jpg\" \/>\n\t<meta property=\"og:image:width\" content=\"1600\" \/>\n\t<meta property=\"og:image:height\" content=\"1067\" \/>\n\t<meta property=\"og:image:type\" content=\"image\/jpeg\" \/>\n<meta name=\"author\" content=\"Anke Eder\" \/>\n<meta name=\"twitter:card\" content=\"summary_large_image\" \/>\n<meta name=\"twitter:creator\" content=\"@Salzburgerland\" \/>\n<meta name=\"twitter:site\" content=\"@Salzburgerland\" \/>\n<meta name=\"twitter:label1\" content=\"Verfasst von\" \/>\n\t<meta name=\"twitter:data1\" content=\"Anke Eder\" \/>\n\t<meta name=\"twitter:label2\" content=\"Gesch\u00e4tzte Lesezeit\" \/>\n\t<meta name=\"twitter:data2\" content=\"2\u00a0Minuten\" \/>\n<script type=\"application\/ld+json\" class=\"yoast-schema-graph\">{\"@context\":\"https:\\\/\\\/schema.org\",\"@graph\":[{\"@type\":\"Article\",\"@id\":\"https:\\\/\\\/www.salzburgerland.com\\\/de\\\/magazin\\\/familienwanderung-auf-die-gruberalm\\\/#article\",\"isPartOf\":{\"@id\":\"https:\\\/\\\/www.salzburgerland.com\\\/de\\\/magazin\\\/familienwanderung-auf-die-gruberalm\\\/\"},\"author\":{\"name\":\"Anke Eder\",\"@id\":\"https:\\\/\\\/www.salzburgerland.com\\\/de\\\/magazin\\\/#\\\/schema\\\/person\\\/b4c7972a94a135bc63fe8c2dd626a26e\"},\"headline\":\"Familienwanderung auf die Gruberalm\",\"datePublished\":\"2016-09-26T12:30:20+00:00\",\"dateModified\":\"2020-04-14T08:26:20+00:00\",\"mainEntityOfPage\":{\"@id\":\"https:\\\/\\\/www.salzburgerland.com\\\/de\\\/magazin\\\/familienwanderung-auf-die-gruberalm\\\/\"},\"wordCount\":343,\"commentCount\":0,\"publisher\":{\"@id\":\"https:\\\/\\\/www.salzburgerland.com\\\/de\\\/magazin\\\/#organization\"},\"image\":{\"@id\":\"https:\\\/\\\/www.salzburgerland.com\\\/de\\\/magazin\\\/familienwanderung-auf-die-gruberalm\\\/#primaryimage\"},\"thumbnailUrl\":\"https:\\\/\\\/www.salzburgerland.com\\\/de\\\/magazin\\\/wp-content\\\/uploads\\\/2016\\\/09\\\/Wanderung-zur-Gruberalm_22.jpg\",\"keywords\":[\"Family-Time im SalzburgerLand\"],\"articleSection\":[\"Outdoor &amp; Sport\"],\"inLanguage\":\"de\",\"potentialAction\":[{\"@type\":\"CommentAction\",\"name\":\"Comment\",\"target\":[\"https:\\\/\\\/www.salzburgerland.com\\\/de\\\/magazin\\\/familienwanderung-auf-die-gruberalm\\\/#respond\"]}]},{\"@type\":\"WebPage\",\"@id\":\"https:\\\/\\\/www.salzburgerland.com\\\/de\\\/magazin\\\/familienwanderung-auf-die-gruberalm\\\/\",\"url\":\"https:\\\/\\\/www.salzburgerland.com\\\/de\\\/magazin\\\/familienwanderung-auf-die-gruberalm\\\/\",\"name\":\"Familienwanderung auf die Gruberalm - SalzburgerLand Magazin\",\"isPartOf\":{\"@id\":\"https:\\\/\\\/www.salzburgerland.com\\\/de\\\/magazin\\\/#website\"},\"primaryImageOfPage\":{\"@id\":\"https:\\\/\\\/www.salzburgerland.com\\\/de\\\/magazin\\\/familienwanderung-auf-die-gruberalm\\\/#primaryimage\"},\"image\":{\"@id\":\"https:\\\/\\\/www.salzburgerland.com\\\/de\\\/magazin\\\/familienwanderung-auf-die-gruberalm\\\/#primaryimage\"},\"thumbnailUrl\":\"https:\\\/\\\/www.salzburgerland.com\\\/de\\\/magazin\\\/wp-content\\\/uploads\\\/2016\\\/09\\\/Wanderung-zur-Gruberalm_22.jpg\",\"datePublished\":\"2016-09-26T12:30:20+00:00\",\"dateModified\":\"2020-04-14T08:26:20+00:00\",\"breadcrumb\":{\"@id\":\"https:\\\/\\\/www.salzburgerland.com\\\/de\\\/magazin\\\/familienwanderung-auf-die-gruberalm\\\/#breadcrumb\"},\"inLanguage\":\"de\",\"potentialAction\":[{\"@type\":\"ReadAction\",\"target\":[\"https:\\\/\\\/www.salzburgerland.com\\\/de\\\/magazin\\\/familienwanderung-auf-die-gruberalm\\\/\"]}]},{\"@type\":\"ImageObject\",\"inLanguage\":\"de\",\"@id\":\"https:\\\/\\\/www.salzburgerland.com\\\/de\\\/magazin\\\/familienwanderung-auf-die-gruberalm\\\/#primaryimage\",\"url\":\"https:\\\/\\\/www.salzburgerland.com\\\/de\\\/magazin\\\/wp-content\\\/uploads\\\/2016\\\/09\\\/Wanderung-zur-Gruberalm_22.jpg\",\"contentUrl\":\"https:\\\/\\\/www.salzburgerland.com\\\/de\\\/magazin\\\/wp-content\\\/uploads\\\/2016\\\/09\\\/Wanderung-zur-Gruberalm_22.jpg\",\"width\":1600,\"height\":1067,\"caption\":\"Leuchtend rote Blumen in einem Blumenkasten h\u00e4ngen an der Seite eines rustikalen Holzgeb\u00e4udes im Sonnenlicht.\"},{\"@type\":\"BreadcrumbList\",\"@id\":\"https:\\\/\\\/www.salzburgerland.com\\\/de\\\/magazin\\\/familienwanderung-auf-die-gruberalm\\\/#breadcrumb\",\"itemListElement\":[{\"@type\":\"ListItem\",\"position\":1,\"name\":\"Startseite\",\"item\":\"https:\\\/\\\/www.salzburgerland.com\\\/de\\\/magazin\\\/\"},{\"@type\":\"ListItem\",\"position\":2,\"name\":\"Outdoor &amp; Sport\",\"item\":\"https:\\\/\\\/www.salzburgerland.com\\\/de\\\/magazin\\\/thema\\\/outdoor-sport\\\/\"},{\"@type\":\"ListItem\",\"position\":3,\"name\":\"Familienwanderung auf die Gruberalm\"}]},{\"@type\":\"WebSite\",\"@id\":\"https:\\\/\\\/www.salzburgerland.com\\\/de\\\/magazin\\\/#website\",\"url\":\"https:\\\/\\\/www.salzburgerland.com\\\/de\\\/magazin\\\/\",\"name\":\"SalzburgerLand Magazin\",\"description\":\"Geschichten und Interessantes aus dem SalzburgerLand\",\"publisher\":{\"@id\":\"https:\\\/\\\/www.salzburgerland.com\\\/de\\\/magazin\\\/#organization\"},\"potentialAction\":[{\"@type\":\"SearchAction\",\"target\":{\"@type\":\"EntryPoint\",\"urlTemplate\":\"https:\\\/\\\/www.salzburgerland.com\\\/de\\\/magazin\\\/?s={search_term_string}\"},\"query-input\":{\"@type\":\"PropertyValueSpecification\",\"valueRequired\":true,\"valueName\":\"search_term_string\"}}],\"inLanguage\":\"de\"},{\"@type\":\"Organization\",\"@id\":\"https:\\\/\\\/www.salzburgerland.com\\\/de\\\/magazin\\\/#organization\",\"name\":\"SalzburgerLand Tourismus\",\"url\":\"https:\\\/\\\/www.salzburgerland.com\\\/de\\\/magazin\\\/\",\"logo\":{\"@type\":\"ImageObject\",\"inLanguage\":\"de\",\"@id\":\"https:\\\/\\\/www.salzburgerland.com\\\/de\\\/magazin\\\/#\\\/schema\\\/logo\\\/image\\\/\",\"url\":\"https:\\\/\\\/www.salzburgerland.com\\\/de\\\/magazin\\\/wp-content\\\/uploads\\\/2019\\\/06\\\/salzburgerland-logo1.jpg\",\"contentUrl\":\"https:\\\/\\\/www.salzburgerland.com\\\/de\\\/magazin\\\/wp-content\\\/uploads\\\/2019\\\/06\\\/salzburgerland-logo1.jpg\",\"width\":2011,\"height\":866,\"caption\":\"SalzburgerLand Tourismus\"},\"image\":{\"@id\":\"https:\\\/\\\/www.salzburgerland.com\\\/de\\\/magazin\\\/#\\\/schema\\\/logo\\\/image\\\/\"},\"sameAs\":[\"https:\\\/\\\/www.facebook.com\\\/salzburgerland\\\/\",\"https:\\\/\\\/x.com\\\/Salzburgerland\",\"https:\\\/\\\/www.instagram.com\\\/salzburgerland\\\/\",\"https:\\\/\\\/at.linkedin.com\\\/company\\\/salzburgerland-tourismus-gmbh\",\"https:\\\/\\\/www.pinterest.at\\\/salzburgerland\\\/\",\"https:\\\/\\\/www.youtube.com\\\/user\\\/salzburgerland\",\"https:\\\/\\\/de.wikipedia.org\\\/wiki\\\/SalzburgerLand_Tourismus_GmbH\"]},{\"@type\":\"Person\",\"@id\":\"https:\\\/\\\/www.salzburgerland.com\\\/de\\\/magazin\\\/#\\\/schema\\\/person\\\/b4c7972a94a135bc63fe8c2dd626a26e\",\"name\":\"Anke Eder\",\"description\":\"Anke Eder hat in Salzburg Kommunikationswissenschaft studiert, lebt mit ihrer Familie im wundersch\u00f6nen Salzburger Flachgau und arbeitet als freiberufliche Autorin f\u00fcr das SalzburgerLand Magazin. Ihre Leidenschaft sind selbst gemachte Gerichte mit besten Zutaten aus der Region oder dem eigenen Garten. Als diplomierte Ern\u00e4hrungstrainerin, diplomierte Kr\u00e4uterp\u00e4dagogin und TEH-Praktikerin wei\u00df sie um die Vorz\u00fcge von selbst gemachten Gerichten, schreibt dar\u00fcber und fotografiert was sie f\u00fcr ihre Familie kocht. In ihrer Freizeit ist Anke am liebsten in den Bergen unterwegs - mit dem Rennrad oder den Wanderschuhen. F\u00fcr das SalzburgerLand Magazin entdeckt sie die sch\u00f6nsten Spots in Salzburgs.\u00a0\",\"url\":\"https:\\\/\\\/www.salzburgerland.com\\\/de\\\/magazin\\\/author\\\/anke-eder\\\/\"}]}<\/script>\n<!-- \/ Yoast SEO Premium plugin. -->","yoast_head_json":{"title":"Familienwanderung auf die Gruberalm - SalzburgerLand Magazin","description":"Rund 40 Minuten von der Stadt Salzburg entfernt, liegt der Ausgangspunkt unserer Familienwanderung auf die Gruberalm &#8211; der Parkplatz Talschluss L\u00e4mmerbach.&nbsp;Der Weg auf die Alm f\u00fchrt uns \u00fcber die Forststra\u00dfe durch den Wald, was besonders an hei\u00dfen Tagen ideale Wanderbedingungen bietet. Rund 60 Minuten in moderatem Tempo&nbsp;wandern wir vorbei an rauschenden B\u00e4chen bis wir&nbsp;die Gruberalm [&hellip;]","robots":{"index":"index","follow":"follow","max-snippet":"max-snippet:-1","max-image-preview":"max-image-preview:large","max-video-preview":"max-video-preview:-1"},"canonical":"https:\/\/www.salzburgerland.com\/de\/magazin\/familienwanderung-auf-die-gruberalm\/","og_locale":"de_DE","og_type":"article","og_title":"Familienwanderung auf die Gruberalm","og_description":"Rund 40 Minuten von der Stadt Salzburg entfernt, liegt der Ausgangspunkt unserer Familienwanderung auf die Gruberalm &#8211; der Parkplatz Talschluss L\u00e4mmerbach.&nbsp;Der Weg auf die Alm f\u00fchrt uns \u00fcber die Forststra\u00dfe durch den Wald, was besonders an hei\u00dfen Tagen ideale Wanderbedingungen bietet. Rund 60 Minuten in moderatem Tempo&nbsp;wandern wir vorbei an rauschenden B\u00e4chen bis wir&nbsp;die Gruberalm [&hellip;]","og_url":"https:\/\/www.salzburgerland.com\/de\/magazin\/familienwanderung-auf-die-gruberalm\/","og_site_name":"SalzburgerLand Magazin","article_publisher":"https:\/\/www.facebook.com\/salzburgerland\/","article_published_time":"2016-09-26T12:30:20+00:00","article_modified_time":"2020-04-14T08:26:20+00:00","og_image":[{"width":1600,"height":1067,"url":"https:\/\/www.salzburgerland.com\/de\/magazin\/wp-content\/uploads\/2016\/09\/Wanderung-zur-Gruberalm_22.jpg","type":"image\/jpeg"}],"author":"Anke Eder","twitter_card":"summary_large_image","twitter_creator":"@Salzburgerland","twitter_site":"@Salzburgerland","twitter_misc":{"Verfasst von":"Anke Eder","Gesch\u00e4tzte Lesezeit":"2\u00a0Minuten"},"schema":{"@context":"https:\/\/schema.org","@graph":[{"@type":"Article","@id":"https:\/\/www.salzburgerland.com\/de\/magazin\/familienwanderung-auf-die-gruberalm\/#article","isPartOf":{"@id":"https:\/\/www.salzburgerland.com\/de\/magazin\/familienwanderung-auf-die-gruberalm\/"},"author":{"name":"Anke Eder","@id":"https:\/\/www.salzburgerland.com\/de\/magazin\/#\/schema\/person\/b4c7972a94a135bc63fe8c2dd626a26e"},"headline":"Familienwanderung auf die Gruberalm","datePublished":"2016-09-26T12:30:20+00:00","dateModified":"2020-04-14T08:26:20+00:00","mainEntityOfPage":{"@id":"https:\/\/www.salzburgerland.com\/de\/magazin\/familienwanderung-auf-die-gruberalm\/"},"wordCount":343,"commentCount":0,"publisher":{"@id":"https:\/\/www.salzburgerland.com\/de\/magazin\/#organization"},"image":{"@id":"https:\/\/www.salzburgerland.com\/de\/magazin\/familienwanderung-auf-die-gruberalm\/#primaryimage"},"thumbnailUrl":"https:\/\/www.salzburgerland.com\/de\/magazin\/wp-content\/uploads\/2016\/09\/Wanderung-zur-Gruberalm_22.jpg","keywords":["Family-Time im SalzburgerLand"],"articleSection":["Outdoor &amp; Sport"],"inLanguage":"de","potentialAction":[{"@type":"CommentAction","name":"Comment","target":["https:\/\/www.salzburgerland.com\/de\/magazin\/familienwanderung-auf-die-gruberalm\/#respond"]}]},{"@type":"WebPage","@id":"https:\/\/www.salzburgerland.com\/de\/magazin\/familienwanderung-auf-die-gruberalm\/","url":"https:\/\/www.salzburgerland.com\/de\/magazin\/familienwanderung-auf-die-gruberalm\/","name":"Familienwanderung auf die Gruberalm - SalzburgerLand Magazin","isPartOf":{"@id":"https:\/\/www.salzburgerland.com\/de\/magazin\/#website"},"primaryImageOfPage":{"@id":"https:\/\/www.salzburgerland.com\/de\/magazin\/familienwanderung-auf-die-gruberalm\/#primaryimage"},"image":{"@id":"https:\/\/www.salzburgerland.com\/de\/magazin\/familienwanderung-auf-die-gruberalm\/#primaryimage"},"thumbnailUrl":"https:\/\/www.salzburgerland.com\/de\/magazin\/wp-content\/uploads\/2016\/09\/Wanderung-zur-Gruberalm_22.jpg","datePublished":"2016-09-26T12:30:20+00:00","dateModified":"2020-04-14T08:26:20+00:00","breadcrumb":{"@id":"https:\/\/www.salzburgerland.com\/de\/magazin\/familienwanderung-auf-die-gruberalm\/#breadcrumb"},"inLanguage":"de","potentialAction":[{"@type":"ReadAction","target":["https:\/\/www.salzburgerland.com\/de\/magazin\/familienwanderung-auf-die-gruberalm\/"]}]},{"@type":"ImageObject","inLanguage":"de","@id":"https:\/\/www.salzburgerland.com\/de\/magazin\/familienwanderung-auf-die-gruberalm\/#primaryimage","url":"https:\/\/www.salzburgerland.com\/de\/magazin\/wp-content\/uploads\/2016\/09\/Wanderung-zur-Gruberalm_22.jpg","contentUrl":"https:\/\/www.salzburgerland.com\/de\/magazin\/wp-content\/uploads\/2016\/09\/Wanderung-zur-Gruberalm_22.jpg","width":1600,"height":1067,"caption":"Leuchtend rote Blumen in einem Blumenkasten h\u00e4ngen an der Seite eines rustikalen Holzgeb\u00e4udes im Sonnenlicht."},{"@type":"BreadcrumbList","@id":"https:\/\/www.salzburgerland.com\/de\/magazin\/familienwanderung-auf-die-gruberalm\/#breadcrumb","itemListElement":[{"@type":"ListItem","position":1,"name":"Startseite","item":"https:\/\/www.salzburgerland.com\/de\/magazin\/"},{"@type":"ListItem","position":2,"name":"Outdoor &amp; Sport","item":"https:\/\/www.salzburgerland.com\/de\/magazin\/thema\/outdoor-sport\/"},{"@type":"ListItem","position":3,"name":"Familienwanderung auf die Gruberalm"}]},{"@type":"WebSite","@id":"https:\/\/www.salzburgerland.com\/de\/magazin\/#website","url":"https:\/\/www.salzburgerland.com\/de\/magazin\/","name":"SalzburgerLand Magazin","description":"Geschichten und Interessantes aus dem SalzburgerLand","publisher":{"@id":"https:\/\/www.salzburgerland.com\/de\/magazin\/#organization"},"potentialAction":[{"@type":"SearchAction","target":{"@type":"EntryPoint","urlTemplate":"https:\/\/www.salzburgerland.com\/de\/magazin\/?s={search_term_string}"},"query-input":{"@type":"PropertyValueSpecification","valueRequired":true,"valueName":"search_term_string"}}],"inLanguage":"de"},{"@type":"Organization","@id":"https:\/\/www.salzburgerland.com\/de\/magazin\/#organization","name":"SalzburgerLand Tourismus","url":"https:\/\/www.salzburgerland.com\/de\/magazin\/","logo":{"@type":"ImageObject","inLanguage":"de","@id":"https:\/\/www.salzburgerland.com\/de\/magazin\/#\/schema\/logo\/image\/","url":"https:\/\/www.salzburgerland.com\/de\/magazin\/wp-content\/uploads\/2019\/06\/salzburgerland-logo1.jpg","contentUrl":"https:\/\/www.salzburgerland.com\/de\/magazin\/wp-content\/uploads\/2019\/06\/salzburgerland-logo1.jpg","width":2011,"height":866,"caption":"SalzburgerLand Tourismus"},"image":{"@id":"https:\/\/www.salzburgerland.com\/de\/magazin\/#\/schema\/logo\/image\/"},"sameAs":["https:\/\/www.facebook.com\/salzburgerland\/","https:\/\/x.com\/Salzburgerland","https:\/\/www.instagram.com\/salzburgerland\/","https:\/\/at.linkedin.com\/company\/salzburgerland-tourismus-gmbh","https:\/\/www.pinterest.at\/salzburgerland\/","https:\/\/www.youtube.com\/user\/salzburgerland","https:\/\/de.wikipedia.org\/wiki\/SalzburgerLand_Tourismus_GmbH"]},{"@type":"Person","@id":"https:\/\/www.salzburgerland.com\/de\/magazin\/#\/schema\/person\/b4c7972a94a135bc63fe8c2dd626a26e","name":"Anke Eder","description":"Anke Eder hat in Salzburg Kommunikationswissenschaft studiert, lebt mit ihrer Familie im wundersch\u00f6nen Salzburger Flachgau und arbeitet als freiberufliche Autorin f\u00fcr das SalzburgerLand Magazin. Ihre Leidenschaft sind selbst gemachte Gerichte mit besten Zutaten aus der Region oder dem eigenen Garten. Als diplomierte Ern\u00e4hrungstrainerin, diplomierte Kr\u00e4uterp\u00e4dagogin und TEH-Praktikerin wei\u00df sie um die Vorz\u00fcge von selbst gemachten Gerichten, schreibt dar\u00fcber und fotografiert was sie f\u00fcr ihre Familie kocht. In ihrer Freizeit ist Anke am liebsten in den Bergen unterwegs - mit dem Rennrad oder den Wanderschuhen. F\u00fcr das SalzburgerLand Magazin entdeckt sie die sch\u00f6nsten Spots in Salzburgs.\u00a0","url":"https:\/\/www.salzburgerland.com\/de\/magazin\/author\/anke-eder\/"}]}},"_wl_alt_label":[],"wl:entity_url":"http:\/\/open.salzburgerland.com\/magazin\/post\/familienwanderung_auf_die_gruberalm","_links":{"self":[{"href":"https:\/\/www.salzburgerland.com\/de\/magazin\/wp-json\/wp\/v2\/posts\/109150","targetHints":{"allow":["GET"]}}],"collection":[{"href":"https:\/\/www.salzburgerland.com\/de\/magazin\/wp-json\/wp\/v2\/posts"}],"about":[{"href":"https:\/\/www.salzburgerland.com\/de\/magazin\/wp-json\/wp\/v2\/types\/post"}],"author":[{"embeddable":true,"href":"https:\/\/www.salzburgerland.com\/de\/magazin\/wp-json\/wp\/v2\/users\/533"}],"replies":[{"embeddable":true,"href":"https:\/\/www.salzburgerland.com\/de\/magazin\/wp-json\/wp\/v2\/comments?post=109150"}],"version-history":[{"count":1,"href":"https:\/\/www.salzburgerland.com\/de\/magazin\/wp-json\/wp\/v2\/posts\/109150\/revisions"}],"predecessor-version":[{"id":143757,"href":"https:\/\/www.salzburgerland.com\/de\/magazin\/wp-json\/wp\/v2\/posts\/109150\/revisions\/143757"}],"wp:featuredmedia":[{"embeddable":true,"href":"https:\/\/www.salzburgerland.com\/de\/magazin\/wp-json\/wp\/v2\/media\/109151"}],"wp:attachment":[{"href":"https:\/\/www.salzburgerland.com\/de\/magazin\/wp-json\/wp\/v2\/media?parent=109150"}],"wp:term":[{"taxonomy":"category","embeddable":true,"href":"https:\/\/www.salzburgerland.com\/de\/magazin\/wp-json\/wp\/v2\/categories?post=109150"},{"taxonomy":"post_tag","embeddable":true,"href":"https:\/\/www.salzburgerland.com\/de\/magazin\/wp-json\/wp\/v2\/tags?post=109150"},{"taxonomy":"wl_entity_type","embeddable":true,"href":"https:\/\/www.salzburgerland.com\/de\/magazin\/wp-json\/wp\/v2\/wl_entity_type?post=109150"},{"taxonomy":"monatsauswahl","embeddable":true,"href":"https:\/\/www.salzburgerland.com\/de\/magazin\/wp-json\/wp\/v2\/monatsauswahl?post=109150"}],"curies":[{"name":"wp","href":"https:\/\/api.w.org\/{rel}","templated":true}]}}