{"id":108957,"date":"2016-08-30T15:12:36","date_gmt":"2016-08-30T13:12:36","guid":{"rendered":"http:\/\/magazin.salzburgerland.com\/?p=108957"},"modified":"2019-07-12T13:43:51","modified_gmt":"2019-07-12T11:43:51","slug":"meisis-reise-durchs-salzburgerland","status":"publish","type":"post","link":"https:\/\/www.salzburgerland.com\/de\/magazin\/meisis-reise-durchs-salzburgerland\/","title":{"rendered":"\u201eMeisis Reise durchs SalzburgerLand\u201c"},"content":{"rendered":"<p><strong>Im Sommer 2016 stand Ex-Skistar Alexandra Meissnitzer zum ersten Mal f\u00fcr die neue Reihe \u201eMeisis Reise durchs SalzburgerLand\u201c vor der Kamera: Gedreht wurde in Rauris, im Lungau und in der Ferienregion Hochk\u00f6nig. Der Professionalit\u00e4t und der Disziplin der ehemaligen Spitzensportlerin ist es zu verdanken, dass daraus wunderbar ansprechende Filme wurden. Wir verraten ein paar Hintergr\u00fcnde zu Meisi und ihrer Reise.<\/strong><\/p>\n<div class=\"mag-gallery\"><div class=\"row\"><div class=\"col-6 col-sm-4\"><figure><a class=\"thumb-container\" href=\"https:\/\/www.salzburgerland.com\/de\/magazin\/wp-content\/uploads\/2016\/08\/MeisisReise5-1280x1024.jpg\">\t<picture><source media=\"(min-width: 576px)\" srcset=\"\" \/><source media=\"(min-width: 0)\" srcset=\"https:\/\/www.salzburgerland.com\/de\/magazin\/wp-content\/uploads\/2016\/08\/MeisisReise5.jpg 1200w, https:\/\/www.salzburgerland.com\/de\/magazin\/wp-content\/uploads\/2016\/08\/MeisisReise5-225x300.jpg 225w, https:\/\/www.salzburgerland.com\/de\/magazin\/wp-content\/uploads\/2016\/08\/MeisisReise5-413x550.jpg 413w, https:\/\/www.salzburgerland.com\/de\/magazin\/wp-content\/uploads\/2016\/08\/MeisisReise5-300x400.jpg 300w\" \/><img decoding=\"async\" alt=\"Zwei Frauen kochen in einer rustikalen K\u00fcche, w\u00e4hrend ein Hund auf dem Boden liegt; \u00fcber dem Kopf h\u00e4ngt ein Mikrofon.\" src=\"https:\/\/www.salzburgerland.com\/de\/magazin\/wp-content\/uploads\/2016\/08\/MeisisReise5.jpg\" \/>\t<\/picture><\/a><\/figure><\/div><div class=\"col-6 col-sm-4\"><figure><a class=\"thumb-container\" href=\"https:\/\/www.salzburgerland.com\/de\/magazin\/wp-content\/uploads\/2016\/08\/MeisisReise4-1280x1024.jpg\">\t<picture><source media=\"(min-width: 576px)\" srcset=\"\" \/><source media=\"(min-width: 0)\" srcset=\"https:\/\/www.salzburgerland.com\/de\/magazin\/wp-content\/uploads\/2016\/08\/MeisisReise4.jpg 1200w, https:\/\/www.salzburgerland.com\/de\/magazin\/wp-content\/uploads\/2016\/08\/MeisisReise4-225x300.jpg 225w, https:\/\/www.salzburgerland.com\/de\/magazin\/wp-content\/uploads\/2016\/08\/MeisisReise4-413x550.jpg 413w, https:\/\/www.salzburgerland.com\/de\/magazin\/wp-content\/uploads\/2016\/08\/MeisisReise4-300x400.jpg 300w\" \/><img decoding=\"async\" alt=\"Eine Frau sitzt drau\u00dfen an einem rustikalen Holztisch, w\u00e4hrend ein braun-wei\u00dfer Hund in der N\u00e4he steht und in die Kamera schaut.\" src=\"https:\/\/www.salzburgerland.com\/de\/magazin\/wp-content\/uploads\/2016\/08\/MeisisReise4.jpg\" \/>\t<\/picture><\/a><\/figure><\/div><div class=\"col-6 col-sm-4\"><figure><a class=\"thumb-container\" href=\"https:\/\/www.salzburgerland.com\/de\/magazin\/wp-content\/uploads\/2016\/08\/MeisisReise1-1280x1024.jpg\">\t<picture><source media=\"(min-width: 576px)\" srcset=\"https:\/\/www.salzburgerland.com\/de\/magazin\/wp-content\/uploads\/2016\/08\/MeisisReise1-325x209.jpg 325w, https:\/\/www.salzburgerland.com\/de\/magazin\/wp-content\/uploads\/2016\/08\/MeisisReise1-249x160.jpg 249w\" \/><source media=\"(min-width: 0)\" srcset=\"https:\/\/www.salzburgerland.com\/de\/magazin\/wp-content\/uploads\/2016\/08\/MeisisReise1-249x160.jpg 249w, https:\/\/www.salzburgerland.com\/de\/magazin\/wp-content\/uploads\/2016\/08\/MeisisReise1-325x209.jpg 325w\" \/><img decoding=\"async\" alt=\"Ein Filmteam mit Ausr\u00fcstung nimmt Wanderer auf, die auf einem Pfad in einem \u00fcppigen, gr\u00fcnen Waldgebiet wandern.\" src=\"https:\/\/www.salzburgerland.com\/de\/magazin\/wp-content\/uploads\/2016\/08\/MeisisReise1.jpg\" \/>\t<\/picture><\/a><\/figure><\/div><div class=\"col-6 col-sm-4\"><figure><a class=\"thumb-container\" href=\"https:\/\/www.salzburgerland.com\/de\/magazin\/wp-content\/uploads\/2016\/08\/2016-07-27-SLT-Shooitng-Rauris-IMG_2823-1280x1024.jpg\">\t<picture><source media=\"(min-width: 576px)\" srcset=\"https:\/\/www.salzburgerland.com\/de\/magazin\/wp-content\/uploads\/2016\/08\/2016-07-27-SLT-Shooitng-Rauris-IMG_2823-325x209.jpg 325w, https:\/\/www.salzburgerland.com\/de\/magazin\/wp-content\/uploads\/2016\/08\/2016-07-27-SLT-Shooitng-Rauris-IMG_2823-249x160.jpg 249w\" \/><source media=\"(min-width: 0)\" srcset=\"https:\/\/www.salzburgerland.com\/de\/magazin\/wp-content\/uploads\/2016\/08\/2016-07-27-SLT-Shooitng-Rauris-IMG_2823-249x160.jpg 249w, https:\/\/www.salzburgerland.com\/de\/magazin\/wp-content\/uploads\/2016\/08\/2016-07-27-SLT-Shooitng-Rauris-IMG_2823-325x209.jpg 325w\" \/><img decoding=\"async\" alt=\"Zwei Frauen sch\u00fctteln sich die H\u00e4nde und l\u00e4cheln in einer rustikalen K\u00fcche mit karierten Vorh\u00e4ngen und Holzdekor.\" src=\"https:\/\/www.salzburgerland.com\/de\/magazin\/wp-content\/uploads\/2016\/08\/2016-07-27-SLT-Shooitng-Rauris-IMG_2823.jpg\" \/>\t<\/picture><\/a><\/figure><\/div><div class=\"col-6 col-sm-4\"><figure><a class=\"thumb-container\" href=\"https:\/\/www.salzburgerland.com\/de\/magazin\/wp-content\/uploads\/2016\/08\/2016-07-27-SLT-Shooitng-Rauris-IMG_2565-1280x1024.jpg\">\t<picture><source media=\"(min-width: 576px)\" srcset=\"https:\/\/www.salzburgerland.com\/de\/magazin\/wp-content\/uploads\/2016\/08\/2016-07-27-SLT-Shooitng-Rauris-IMG_2565-325x209.jpg 325w, https:\/\/www.salzburgerland.com\/de\/magazin\/wp-content\/uploads\/2016\/08\/2016-07-27-SLT-Shooitng-Rauris-IMG_2565-249x160.jpg 249w\" \/><source media=\"(min-width: 0)\" srcset=\"https:\/\/www.salzburgerland.com\/de\/magazin\/wp-content\/uploads\/2016\/08\/2016-07-27-SLT-Shooitng-Rauris-IMG_2565-249x160.jpg 249w, https:\/\/www.salzburgerland.com\/de\/magazin\/wp-content\/uploads\/2016\/08\/2016-07-27-SLT-Shooitng-Rauris-IMG_2565-325x209.jpg 325w\" \/><img decoding=\"async\" alt=\"Eine Frau mit Rucksack steht an einer rustikalen Holzt\u00fcr und bereitet sich darauf vor, anzuklopfen.\" src=\"https:\/\/www.salzburgerland.com\/de\/magazin\/wp-content\/uploads\/2016\/08\/2016-07-27-SLT-Shooitng-Rauris-IMG_2565.jpg\" \/>\t<\/picture><\/a><\/figure><\/div><div class=\"col-6 col-sm-4\"><figure><a class=\"thumb-container\" href=\"https:\/\/www.salzburgerland.com\/de\/magazin\/wp-content\/uploads\/2016\/08\/2016-07-27-SLT-Shooitng-Rauris-IMG_2549-1280x1024.jpg\">\t<picture><source media=\"(min-width: 576px)\" srcset=\"https:\/\/www.salzburgerland.com\/de\/magazin\/wp-content\/uploads\/2016\/08\/2016-07-27-SLT-Shooitng-Rauris-IMG_2549-325x209.jpg 325w, https:\/\/www.salzburgerland.com\/de\/magazin\/wp-content\/uploads\/2016\/08\/2016-07-27-SLT-Shooitng-Rauris-IMG_2549-249x160.jpg 249w\" \/><source media=\"(min-width: 0)\" srcset=\"https:\/\/www.salzburgerland.com\/de\/magazin\/wp-content\/uploads\/2016\/08\/2016-07-27-SLT-Shooitng-Rauris-IMG_2549-249x160.jpg 249w, https:\/\/www.salzburgerland.com\/de\/magazin\/wp-content\/uploads\/2016\/08\/2016-07-27-SLT-Shooitng-Rauris-IMG_2549-325x209.jpg 325w\" \/><img decoding=\"async\" alt=\"L\u00e4chelnde Frau beim Wandern auf einem Pfad in der N\u00e4he einer Holzh\u00fctte in einer gr\u00fcnen, bergigen Gegend.\" src=\"https:\/\/www.salzburgerland.com\/de\/magazin\/wp-content\/uploads\/2016\/08\/2016-07-27-SLT-Shooitng-Rauris-IMG_2549.jpg\" \/>\t<\/picture><\/a><\/figure><\/div><\/div><\/div><figcaption><\/figcaption>\n<p><strong>Wer ist Alexandra Meissnitzer?<\/strong><br \/>\nWenn Alexandra Meissnitzer eines kann, dann ist es Skifahren: Die geb\u00fcrtige Abtenauerin war Doppelweltmeisterin, Gesamtweltcupgesamtsiegerin, Olympia- und WM-Medaillen-Gewinnerin und Sportlerin des Jahres. Ihr erstes Weltcuprennen bestritt sie 1991, ihre aktive Karriere beendete sie 2008. Sie liebte die schnellen Disziplinen und ist all jenen ein Begriff, die sie 17 Jahre lang vor den Fernsehern und mit gedr\u00fcckten Daumen begleitet haben. In \u00d6sterreich kennt sie also beinahe jeder: Denn ein Volk, das den alpinen Skisport so sehr liebt, der liebt auch dessen Stars. <\/p>\n<p><strong>Wie wurde sie SalzburgerLand-Botschafterin?<\/strong><br \/>\nHeute kennen TV-Zuseher vor allem Alexandra Meissnitzers Stimme: Inzwischen ist sie Co-Kommentatorin und Kameral\u00e4uferin bei alpinen Damenrennen im ORF. Somit ist sie dem Skirennsport genauso treu geblieben wie ihren Wurzeln und ihrer Heimat, dem SalzburgerLand. Alexandra Meissnitzer hat im Fr\u00fchjahr 2016 keinen Augenblick gez\u00f6gert, das Angebot, SalzburgerLand-Botschafterin zu werden, anzunehmen. Sie ist mit Leib und Seele und aus ganzem Herzen Salzburgerin, liebt die Berge, sch\u00e4tzt die Menschen und kann kaum einem Kaiserschmarrn widerstehen. Und so ging es f\u00fcr die ersten Drehtage gleich an drei Orte, die selbst Alexandra Meissnitzer bis dato noch nicht pers\u00f6nlich kannte.<\/p>\n<p><strong>Wohin f\u00fchrt der Weg durch den Rauriser Urwald?<\/strong><br \/>\n\u201eEin unglaublich sch\u00f6nes Erlebnis war f\u00fcr mich die Wanderung durch den Rauriser Urwald. Wir sind morgens um 7 Uhr gestartet, was mir pers\u00f6nlich sehr entgegenkommt\u201c, erz\u00e4hlt sie im Nachhinein. \u201eDer Nationalpark Hohe Tauern ist ein echtes Naturparadies und es lohnt sich, gemeinsam mit einem Ranger unterwegs zu sein. Denn alleine w\u00fcrde man die vielen Dinge am Wegesrand gar nicht wahrnehmen.\u201c Das anschlie\u00dfende Krapfenbacken mit B\u00e4uerin Sophie Ennsmann auf der Gainschnigg-Alm war sowohl f\u00fcr Alexandra Meissnitzer als auch f\u00fcr das Team ein spannendes Erlebnis: Denn nat\u00fcrlich verhalten sich Teig und Fett pl\u00f6tzlich ganz anders, wenn Kamera und Licht aufgebaut sind. Zum Gl\u00fcck hat es Ende aber doch noch geklappt: Und geschmeckt haben sie gewohnt k\u00f6stlich. Wovon sich alle pers\u00f6nlich \u00fcberzeugten. <\/p>\n<p><strong>Wann geht im Lungau die Sonne auf?<\/strong><br \/>\nDass bei Dreharbeiten nicht immer alles nach Plan l\u00e4uft, erfuhren Alexandra Meissnitzer und das Team auch am wundersch\u00f6nen Twenger Almsee auf \u00fcber 2.000 Meter Seeh\u00f6he. Almbauer Wolfgang Kocher von der Twenger Alm war \u00fcberzeugt, die Sonne w\u00fcrde schon um kurz vor 6 Uhr aufgehen: Doch tats\u00e4chlich versteckte sich die hei\u00df Herbeigesehnte bis 7.30 Uhr hinterm Grad. Bei frischen Temperaturen im einstelligen Bereich k\u00f6nnte einem da schon das Lachen vergehen. Nicht jedoch Alexandra Meissnitzer: Ganz in ihrem Sinne wurde die Wartezeit damit verbracht, um Fitness-Szenen zu drehen. Sie selbst sagt lachend \u00fcber sich: \u201eSolange ich in Bewegung und aktiv bin, werde ich nicht m\u00fcde. Aber nur zu warten und herumzustehen, entspricht nicht meinem Naturell.\u201c Ihr Energiepegel ist hoch; beinahe \u00fcberfl\u00fcssig zu erw\u00e4hnen, dass die ehemalige Spitzensportlerin konditionell immer noch extrem gut drauf ist.<\/p>\n<p><strong>Was kommt nach dem Kr\u00e4uter-Smoothie?<\/strong><br \/>\nStar-All\u00fcren sind Alexandra Meissnitzer hingegen g\u00e4nzlich fremd: Das machte die Dreharbeiten zu einem entspannten und professionellen Miteinander. Auch auf der wundersch\u00f6nen B\u00fcrgl-Alm am Fu\u00dfe des Hochk\u00f6nigs waren die Almleute Gabi und Toni B\u00fcrgler auf Anhieb begeistert von Meisis offener und bodenst\u00e4ndiger Art. Ihr Interesse \u2013 beispielsweise f\u00fcr die Heilpflanzen, die Gabi B\u00fcrgler zu Tinkturen verarbeitet \u2013 ist keineswegs gespielt: Was Alexandra Meissnitzer auszeichnet, ist ihre journalistische Neugierde, mit der sie Dingen auf den Grund geht. Sie ist keine, die sich permanent in den Mittepunkt spielt: Sie ist eine, die das Miteinander sch\u00e4tzt, gerne zuh\u00f6rt, nachfragt und Neues lernt. Dabei geht sie diszipliniert, ausdauernd und aufmerksam ans Werk. Nachdem sie gemeinsam mit Gabi B\u00fcrgler Brennnessel gepfl\u00fcckt und einen Smoothie gemixt hatte, freute sich sie jedoch schon auf ihren geliebten Kaiserschmarrn: Den gab es allerdings nur hinter den Kulissen!<\/p>\n<p><strong>Wann geht\u2019s auf die Piste?<\/strong><br \/>\nSo wurde an den ersten drei Drehtagen viel und gut gearbeitet, aber ebenso viel gelacht und geschmunzelt. Im Winter geht es mit Alexandra Meissnitzer dann in ihr h\u00f6chstpers\u00f6nliches Revier: Auf die Piste! Ein Drehtag wird das Team noch zur Vorweihnachtszeit ins Gasteinertal f\u00fchren: Nachdem Alexandra Meissnitzer Pistenluft geschnuppert hat, lernt sie echtes Pongauer Brauchtum kennen und begibt sich dann auf die Spuren des Thermalwassers im weltber\u00fchmten Kurort Bad Gastein. <br \/>\nEbenfalls um den alpinen Skisport auf bestens pr\u00e4parierten Pisten und um den kulinarischen Einkehrschwung geht es beim geplanten Dreh in Flachau: Der Wintersportort ist Heimat von Ex-Skistar Hermann Maier und liegt im Herzen von Ski amad\u00e9, dem gr\u00f6\u00dften Skiverbund \u00d6sterreichs. Wir freuen uns drauf, auch wenn wir uns ein klein wenig fragen: \u201eWerden wir ihr auf Ski hinterher kommen?\u201c Lasst euch \u00fcberraschen!<\/p>\n<div class=\"mag-gallery\"><div class=\"row\"><div class=\"col-6 col-sm-4\"><figure><a class=\"thumb-container\" href=\"https:\/\/www.salzburgerland.com\/de\/magazin\/wp-content\/uploads\/2016\/08\/2016-08-04-SLT-Burglalm-Meisis-Reise-IMG_1533-1280x1024.jpg\">\t<picture><source media=\"(min-width: 576px)\" srcset=\"https:\/\/www.salzburgerland.com\/de\/magazin\/wp-content\/uploads\/2016\/08\/2016-08-04-SLT-Burglalm-Meisis-Reise-IMG_1533-325x209.jpg 325w, https:\/\/www.salzburgerland.com\/de\/magazin\/wp-content\/uploads\/2016\/08\/2016-08-04-SLT-Burglalm-Meisis-Reise-IMG_1533-249x160.jpg 249w\" \/><source media=\"(min-width: 0)\" srcset=\"https:\/\/www.salzburgerland.com\/de\/magazin\/wp-content\/uploads\/2016\/08\/2016-08-04-SLT-Burglalm-Meisis-Reise-IMG_1533-249x160.jpg 249w, https:\/\/www.salzburgerland.com\/de\/magazin\/wp-content\/uploads\/2016\/08\/2016-08-04-SLT-Burglalm-Meisis-Reise-IMG_1533-325x209.jpg 325w\" \/><img decoding=\"async\" alt=\"Zwei Frauen sitzen an einem Tisch im Freien, unterhalten sich und l\u00e4cheln, mit Kr\u00e4utern und einem Gef\u00e4\u00df vor sich.\" src=\"https:\/\/www.salzburgerland.com\/de\/magazin\/wp-content\/uploads\/2016\/08\/2016-08-04-SLT-Burglalm-Meisis-Reise-IMG_1533.jpg\" \/>\t<\/picture><\/a><\/figure><\/div><div class=\"col-6 col-sm-4\"><figure><a class=\"thumb-container\" href=\"https:\/\/www.salzburgerland.com\/de\/magazin\/wp-content\/uploads\/2016\/08\/2016-08-04-SLT-Burglalm-Meisis-Reise-IMG_1355-1280x1024.jpg\">\t<picture><source media=\"(min-width: 576px)\" srcset=\"https:\/\/www.salzburgerland.com\/de\/magazin\/wp-content\/uploads\/2016\/08\/2016-08-04-SLT-Burglalm-Meisis-Reise-IMG_1355-325x209.jpg 325w, https:\/\/www.salzburgerland.com\/de\/magazin\/wp-content\/uploads\/2016\/08\/2016-08-04-SLT-Burglalm-Meisis-Reise-IMG_1355-249x160.jpg 249w\" \/><source media=\"(min-width: 0)\" srcset=\"https:\/\/www.salzburgerland.com\/de\/magazin\/wp-content\/uploads\/2016\/08\/2016-08-04-SLT-Burglalm-Meisis-Reise-IMG_1355-249x160.jpg 249w, https:\/\/www.salzburgerland.com\/de\/magazin\/wp-content\/uploads\/2016\/08\/2016-08-04-SLT-Burglalm-Meisis-Reise-IMG_1355-325x209.jpg 325w\" \/><img decoding=\"async\" alt=\"Zwei Personen untersuchen bl\u00fchende Pflanzen an einem sonnigen Tag im Freien, mit gr\u00fcnem Gras und Holzb\u00e4nken in der N\u00e4he.\" src=\"https:\/\/www.salzburgerland.com\/de\/magazin\/wp-content\/uploads\/2016\/08\/2016-08-04-SLT-Burglalm-Meisis-Reise-IMG_1355.jpg\" \/>\t<\/picture><\/a><\/figure><\/div><div class=\"col-6 col-sm-4\"><figure><a class=\"thumb-container\" href=\"https:\/\/www.salzburgerland.com\/de\/magazin\/wp-content\/uploads\/2016\/08\/2016-08-04-SLT-Burglalm-Meisis-Reise-IMG_1320-1280x1024.jpg\">\t<picture><source media=\"(min-width: 576px)\" srcset=\"https:\/\/www.salzburgerland.com\/de\/magazin\/wp-content\/uploads\/2016\/08\/2016-08-04-SLT-Burglalm-Meisis-Reise-IMG_1320-325x209.jpg 325w, https:\/\/www.salzburgerland.com\/de\/magazin\/wp-content\/uploads\/2016\/08\/2016-08-04-SLT-Burglalm-Meisis-Reise-IMG_1320-249x160.jpg 249w\" \/><source media=\"(min-width: 0)\" srcset=\"https:\/\/www.salzburgerland.com\/de\/magazin\/wp-content\/uploads\/2016\/08\/2016-08-04-SLT-Burglalm-Meisis-Reise-IMG_1320-249x160.jpg 249w, https:\/\/www.salzburgerland.com\/de\/magazin\/wp-content\/uploads\/2016\/08\/2016-08-04-SLT-Burglalm-Meisis-Reise-IMG_1320-325x209.jpg 325w\" \/><img decoding=\"async\" alt=\"Ein Mann und eine Frau geben sich die Hand und l\u00e4cheln in einem Garten mit Blumen und rustikalem Dekor.\" src=\"https:\/\/www.salzburgerland.com\/de\/magazin\/wp-content\/uploads\/2016\/08\/2016-08-04-SLT-Burglalm-Meisis-Reise-IMG_1320.jpg\" \/>\t<\/picture><\/a><\/figure><\/div><div class=\"col-6 col-sm-4\"><figure><a class=\"thumb-container\" href=\"https:\/\/www.salzburgerland.com\/de\/magazin\/wp-content\/uploads\/2016\/08\/2016-08-04-SLT-Burglalm-Meisis-Reise-IMG_1266-1280x1024.jpg\">\t<picture><source media=\"(min-width: 576px)\" srcset=\"https:\/\/www.salzburgerland.com\/de\/magazin\/wp-content\/uploads\/2016\/08\/2016-08-04-SLT-Burglalm-Meisis-Reise-IMG_1266-325x209.jpg 325w, https:\/\/www.salzburgerland.com\/de\/magazin\/wp-content\/uploads\/2016\/08\/2016-08-04-SLT-Burglalm-Meisis-Reise-IMG_1266-249x160.jpg 249w\" \/><source media=\"(min-width: 0)\" srcset=\"https:\/\/www.salzburgerland.com\/de\/magazin\/wp-content\/uploads\/2016\/08\/2016-08-04-SLT-Burglalm-Meisis-Reise-IMG_1266-249x160.jpg 249w, https:\/\/www.salzburgerland.com\/de\/magazin\/wp-content\/uploads\/2016\/08\/2016-08-04-SLT-Burglalm-Meisis-Reise-IMG_1266-325x209.jpg 325w\" \/><img decoding=\"async\" alt=\"Zwei Frauen ernten Kr\u00e4uter an einem Berghang, mit Wald und Bergen im Hintergrund.\" src=\"https:\/\/www.salzburgerland.com\/de\/magazin\/wp-content\/uploads\/2016\/08\/2016-08-04-SLT-Burglalm-Meisis-Reise-IMG_1266.jpg\" \/>\t<\/picture><\/a><\/figure><\/div><div class=\"col-6 col-sm-4\"><figure><a class=\"thumb-container\" href=\"https:\/\/www.salzburgerland.com\/de\/magazin\/wp-content\/uploads\/2016\/08\/2016-08-03-SLT-Twengeralmsee-Meisis-Reise-IMG_9277-1280x1024.jpg\">\t<picture><source media=\"(min-width: 576px)\" srcset=\"https:\/\/www.salzburgerland.com\/de\/magazin\/wp-content\/uploads\/2016\/08\/2016-08-03-SLT-Twengeralmsee-Meisis-Reise-IMG_9277-325x209.jpg 325w, https:\/\/www.salzburgerland.com\/de\/magazin\/wp-content\/uploads\/2016\/08\/2016-08-03-SLT-Twengeralmsee-Meisis-Reise-IMG_9277-249x160.jpg 249w\" \/><source media=\"(min-width: 0)\" srcset=\"https:\/\/www.salzburgerland.com\/de\/magazin\/wp-content\/uploads\/2016\/08\/2016-08-03-SLT-Twengeralmsee-Meisis-Reise-IMG_9277-249x160.jpg 249w, https:\/\/www.salzburgerland.com\/de\/magazin\/wp-content\/uploads\/2016\/08\/2016-08-03-SLT-Twengeralmsee-Meisis-Reise-IMG_9277-325x209.jpg 325w\" \/><img decoding=\"async\" alt=\"Eine Frau mit einem Rucksack kniet an einem See und sch\u00f6pft Wasser in ihren H\u00e4nden, um es zu trinken.\" src=\"https:\/\/www.salzburgerland.com\/de\/magazin\/wp-content\/uploads\/2016\/08\/2016-08-03-SLT-Twengeralmsee-Meisis-Reise-IMG_9277.jpg\" \/>\t<\/picture><\/a><\/figure><\/div><div class=\"col-6 col-sm-4\"><figure><a class=\"thumb-container\" href=\"https:\/\/www.salzburgerland.com\/de\/magazin\/wp-content\/uploads\/2016\/08\/2016-08-03-SLT-Twengeralmsee-Meisis-Reise-IMG_0763-1280x1024.jpg\">\t<picture><source media=\"(min-width: 576px)\" srcset=\"https:\/\/www.salzburgerland.com\/de\/magazin\/wp-content\/uploads\/2016\/08\/2016-08-03-SLT-Twengeralmsee-Meisis-Reise-IMG_0763-325x209.jpg 325w, https:\/\/www.salzburgerland.com\/de\/magazin\/wp-content\/uploads\/2016\/08\/2016-08-03-SLT-Twengeralmsee-Meisis-Reise-IMG_0763-249x160.jpg 249w\" \/><source media=\"(min-width: 0)\" srcset=\"https:\/\/www.salzburgerland.com\/de\/magazin\/wp-content\/uploads\/2016\/08\/2016-08-03-SLT-Twengeralmsee-Meisis-Reise-IMG_0763-249x160.jpg 249w, https:\/\/www.salzburgerland.com\/de\/magazin\/wp-content\/uploads\/2016\/08\/2016-08-03-SLT-Twengeralmsee-Meisis-Reise-IMG_0763-325x209.jpg 325w\" \/><img decoding=\"async\" alt=\"Ein l\u00e4chelndes Paar st\u00f6\u00dft an einem Tisch im Freien mit den malerischen Bergen im Hintergrund mit einem Glas Ros\u00e9wein an.\" src=\"https:\/\/www.salzburgerland.com\/de\/magazin\/wp-content\/uploads\/2016\/08\/2016-08-03-SLT-Twengeralmsee-Meisis-Reise-IMG_0763.jpg\" \/>\t<\/picture><\/a><\/figure><\/div><\/div><\/div><figcaption><\/figcaption>\n<p>Tipp: Die Geschichtenreihe \u201eMeisis Reise durchs SalzburgerLand\u201c findet ihr ab Dezember 2016 auf <a href=\"https:\/\/www.salzburgerland.com\" target=\"_blank\" rel=\"noopener noreferrer\">www.salzburgerland.com<\/a><\/p>\n<p><em>Franziska Lipp verfasst die Drehb\u00fccher f\u00fcr \u201eMeisis Reise durchs SalzburgerLand\u201c und begleitet das Team w\u00e4hrend der Dreharbeiten.<\/em><\/p>\n","protected":false},"excerpt":{"rendered":"<p>Im Sommer 2016 stand Ex-Skistar Alexandra Meissnitzer zum ersten Mal f\u00fcr die neue Reihe \u201eMeisis Reise durchs SalzburgerLand\u201c vor der Kamera: Gedreht wurde in Rauris, im Lungau und in der Ferienregion Hochk\u00f6nig. Der Professionalit\u00e4t und der Disziplin der ehemaligen Spitzensportlerin ist es zu verdanken, dass daraus wunderbar ansprechende Filme wurden. Wir verraten ein paar Hintergr\u00fcnde [&hellip;]<\/p>\n","protected":false},"author":226,"featured_media":108962,"comment_status":"open","ping_status":"open","sticky":false,"template":"","format":"standard","meta":{"_acf_changed":false,"wl_entities_gutenberg":"","_wl_entity_redirect_enabled":"","footnotes":""},"categories":[8],"tags":[240],"wl_entity_type":[306],"monatsauswahl":[82,83,84,85,86,87,88,89,90,91,92,93],"class_list":["post-108957","post","type-post","status-publish","format-standard","has-post-thumbnail","hentry","category-outdoor-sport","tag-nationalpark","wl_entity_type-article","monatsauswahl-monat_1","monatsauswahl-monat_2","monatsauswahl-monat_3","monatsauswahl-monat_4","monatsauswahl-monat_5","monatsauswahl-monat_6","monatsauswahl-monat_7","monatsauswahl-monat_8","monatsauswahl-monat_9","monatsauswahl-monat_10","monatsauswahl-monat_11","monatsauswahl-monat_12"],"acf":[],"yoast_head":"<!-- This site is optimized with the Yoast SEO Premium plugin v27.4 (Yoast SEO v27.4) - https:\/\/yoast.com\/product\/yoast-seo-premium-wordpress\/ -->\n<title>\u201eMeisis Reise durchs SalzburgerLand\u201c - SalzburgerLand Magazin<\/title>\n<meta name=\"description\" content=\"Im Sommer 2016 stand Ex-Skistar Alexandra Meissnitzer zum ersten Mal f\u00fcr die neue Reihe \u201eMeisis Reise durchs SalzburgerLand\u201c vor der Kamera: Gedreht wurde in Rauris, im Lungau und in der Ferienregion Hochk\u00f6nig. Der Professionalit\u00e4t und der Disziplin der ehemaligen Spitzensportlerin ist es zu verdanken, dass daraus wunderbar ansprechende Filme wurden. Wir verraten ein paar Hintergr\u00fcnde [&hellip;]\" \/>\n<meta name=\"robots\" content=\"index, follow, max-snippet:-1, max-image-preview:large, max-video-preview:-1\" \/>\n<link rel=\"canonical\" href=\"https:\/\/www.salzburgerland.com\/de\/magazin\/meisis-reise-durchs-salzburgerland\/\" \/>\n<meta property=\"og:locale\" content=\"de_DE\" \/>\n<meta property=\"og:type\" content=\"article\" \/>\n<meta property=\"og:title\" content=\"\u201eMeisis Reise durchs SalzburgerLand\u201c\" \/>\n<meta property=\"og:description\" content=\"Im Sommer 2016 stand Ex-Skistar Alexandra Meissnitzer zum ersten Mal f\u00fcr die neue Reihe \u201eMeisis Reise durchs SalzburgerLand\u201c vor der Kamera: Gedreht wurde in Rauris, im Lungau und in der Ferienregion Hochk\u00f6nig. Der Professionalit\u00e4t und der Disziplin der ehemaligen Spitzensportlerin ist es zu verdanken, dass daraus wunderbar ansprechende Filme wurden. Wir verraten ein paar Hintergr\u00fcnde [&hellip;]\" \/>\n<meta property=\"og:url\" content=\"https:\/\/www.salzburgerland.com\/de\/magazin\/meisis-reise-durchs-salzburgerland\/\" \/>\n<meta property=\"og:site_name\" content=\"SalzburgerLand Magazin\" \/>\n<meta property=\"article:publisher\" content=\"https:\/\/www.facebook.com\/salzburgerland\/\" \/>\n<meta property=\"article:published_time\" content=\"2016-08-30T13:12:36+00:00\" \/>\n<meta property=\"article:modified_time\" content=\"2019-07-12T11:43:51+00:00\" \/>\n<meta property=\"og:image\" content=\"https:\/\/www.salzburgerland.com\/de\/magazin\/wp-content\/uploads\/2016\/08\/2016-07-27-SLT-Shooitng-Rauris-IMG_2565.jpg\" \/>\n\t<meta property=\"og:image:width\" content=\"1181\" \/>\n\t<meta property=\"og:image:height\" content=\"775\" \/>\n\t<meta property=\"og:image:type\" content=\"image\/jpeg\" \/>\n<meta name=\"author\" content=\"Franziska Lipp\" \/>\n<meta name=\"twitter:card\" content=\"summary_large_image\" \/>\n<meta name=\"twitter:creator\" content=\"@Salzburgerland\" \/>\n<meta name=\"twitter:site\" content=\"@Salzburgerland\" \/>\n<meta name=\"twitter:label1\" content=\"Verfasst von\" \/>\n\t<meta name=\"twitter:data1\" content=\"Franziska Lipp\" \/>\n\t<meta name=\"twitter:label2\" content=\"Gesch\u00e4tzte Lesezeit\" \/>\n\t<meta name=\"twitter:data2\" content=\"4\u00a0Minuten\" \/>\n<script type=\"application\/ld+json\" class=\"yoast-schema-graph\">{\"@context\":\"https:\\\/\\\/schema.org\",\"@graph\":[{\"@type\":\"Article\",\"@id\":\"https:\\\/\\\/www.salzburgerland.com\\\/de\\\/magazin\\\/meisis-reise-durchs-salzburgerland\\\/#article\",\"isPartOf\":{\"@id\":\"https:\\\/\\\/www.salzburgerland.com\\\/de\\\/magazin\\\/meisis-reise-durchs-salzburgerland\\\/\"},\"author\":{\"name\":\"Franziska Lipp\",\"@id\":\"https:\\\/\\\/www.salzburgerland.com\\\/de\\\/magazin\\\/#\\\/schema\\\/person\\\/de63f37594c18fae834230774d6a2704\"},\"headline\":\"\u201eMeisis Reise durchs SalzburgerLand\u201c\",\"datePublished\":\"2016-08-30T13:12:36+00:00\",\"dateModified\":\"2019-07-12T11:43:51+00:00\",\"mainEntityOfPage\":{\"@id\":\"https:\\\/\\\/www.salzburgerland.com\\\/de\\\/magazin\\\/meisis-reise-durchs-salzburgerland\\\/\"},\"wordCount\":878,\"commentCount\":0,\"publisher\":{\"@id\":\"https:\\\/\\\/www.salzburgerland.com\\\/de\\\/magazin\\\/#organization\"},\"image\":{\"@id\":\"https:\\\/\\\/www.salzburgerland.com\\\/de\\\/magazin\\\/meisis-reise-durchs-salzburgerland\\\/#primaryimage\"},\"thumbnailUrl\":\"https:\\\/\\\/www.salzburgerland.com\\\/de\\\/magazin\\\/wp-content\\\/uploads\\\/2016\\\/08\\\/2016-07-27-SLT-Shooitng-Rauris-IMG_2565.jpg\",\"keywords\":[\"nationalpark\"],\"articleSection\":[\"Outdoor &amp; Sport\"],\"inLanguage\":\"de\",\"potentialAction\":[{\"@type\":\"CommentAction\",\"name\":\"Comment\",\"target\":[\"https:\\\/\\\/www.salzburgerland.com\\\/de\\\/magazin\\\/meisis-reise-durchs-salzburgerland\\\/#respond\"]}]},{\"@type\":\"WebPage\",\"@id\":\"https:\\\/\\\/www.salzburgerland.com\\\/de\\\/magazin\\\/meisis-reise-durchs-salzburgerland\\\/\",\"url\":\"https:\\\/\\\/www.salzburgerland.com\\\/de\\\/magazin\\\/meisis-reise-durchs-salzburgerland\\\/\",\"name\":\"\u201eMeisis Reise durchs SalzburgerLand\u201c - SalzburgerLand Magazin\",\"isPartOf\":{\"@id\":\"https:\\\/\\\/www.salzburgerland.com\\\/de\\\/magazin\\\/#website\"},\"primaryImageOfPage\":{\"@id\":\"https:\\\/\\\/www.salzburgerland.com\\\/de\\\/magazin\\\/meisis-reise-durchs-salzburgerland\\\/#primaryimage\"},\"image\":{\"@id\":\"https:\\\/\\\/www.salzburgerland.com\\\/de\\\/magazin\\\/meisis-reise-durchs-salzburgerland\\\/#primaryimage\"},\"thumbnailUrl\":\"https:\\\/\\\/www.salzburgerland.com\\\/de\\\/magazin\\\/wp-content\\\/uploads\\\/2016\\\/08\\\/2016-07-27-SLT-Shooitng-Rauris-IMG_2565.jpg\",\"datePublished\":\"2016-08-30T13:12:36+00:00\",\"dateModified\":\"2019-07-12T11:43:51+00:00\",\"breadcrumb\":{\"@id\":\"https:\\\/\\\/www.salzburgerland.com\\\/de\\\/magazin\\\/meisis-reise-durchs-salzburgerland\\\/#breadcrumb\"},\"inLanguage\":\"de\",\"potentialAction\":[{\"@type\":\"ReadAction\",\"target\":[\"https:\\\/\\\/www.salzburgerland.com\\\/de\\\/magazin\\\/meisis-reise-durchs-salzburgerland\\\/\"]}]},{\"@type\":\"ImageObject\",\"inLanguage\":\"de\",\"@id\":\"https:\\\/\\\/www.salzburgerland.com\\\/de\\\/magazin\\\/meisis-reise-durchs-salzburgerland\\\/#primaryimage\",\"url\":\"https:\\\/\\\/www.salzburgerland.com\\\/de\\\/magazin\\\/wp-content\\\/uploads\\\/2016\\\/08\\\/2016-07-27-SLT-Shooitng-Rauris-IMG_2565.jpg\",\"contentUrl\":\"https:\\\/\\\/www.salzburgerland.com\\\/de\\\/magazin\\\/wp-content\\\/uploads\\\/2016\\\/08\\\/2016-07-27-SLT-Shooitng-Rauris-IMG_2565.jpg\",\"width\":1181,\"height\":775,\"caption\":\"Eine Frau mit Rucksack steht an einer rustikalen Holzt\u00fcr und bereitet sich darauf vor, anzuklopfen.\"},{\"@type\":\"BreadcrumbList\",\"@id\":\"https:\\\/\\\/www.salzburgerland.com\\\/de\\\/magazin\\\/meisis-reise-durchs-salzburgerland\\\/#breadcrumb\",\"itemListElement\":[{\"@type\":\"ListItem\",\"position\":1,\"name\":\"Startseite\",\"item\":\"https:\\\/\\\/www.salzburgerland.com\\\/de\\\/magazin\\\/\"},{\"@type\":\"ListItem\",\"position\":2,\"name\":\"Outdoor &amp; Sport\",\"item\":\"https:\\\/\\\/www.salzburgerland.com\\\/de\\\/magazin\\\/thema\\\/outdoor-sport\\\/\"},{\"@type\":\"ListItem\",\"position\":3,\"name\":\"\u201eMeisis Reise durchs SalzburgerLand\u201c\"}]},{\"@type\":\"WebSite\",\"@id\":\"https:\\\/\\\/www.salzburgerland.com\\\/de\\\/magazin\\\/#website\",\"url\":\"https:\\\/\\\/www.salzburgerland.com\\\/de\\\/magazin\\\/\",\"name\":\"SalzburgerLand Magazin\",\"description\":\"Geschichten und Interessantes aus dem SalzburgerLand\",\"publisher\":{\"@id\":\"https:\\\/\\\/www.salzburgerland.com\\\/de\\\/magazin\\\/#organization\"},\"potentialAction\":[{\"@type\":\"SearchAction\",\"target\":{\"@type\":\"EntryPoint\",\"urlTemplate\":\"https:\\\/\\\/www.salzburgerland.com\\\/de\\\/magazin\\\/?s={search_term_string}\"},\"query-input\":{\"@type\":\"PropertyValueSpecification\",\"valueRequired\":true,\"valueName\":\"search_term_string\"}}],\"inLanguage\":\"de\"},{\"@type\":\"Organization\",\"@id\":\"https:\\\/\\\/www.salzburgerland.com\\\/de\\\/magazin\\\/#organization\",\"name\":\"SalzburgerLand Tourismus\",\"url\":\"https:\\\/\\\/www.salzburgerland.com\\\/de\\\/magazin\\\/\",\"logo\":{\"@type\":\"ImageObject\",\"inLanguage\":\"de\",\"@id\":\"https:\\\/\\\/www.salzburgerland.com\\\/de\\\/magazin\\\/#\\\/schema\\\/logo\\\/image\\\/\",\"url\":\"https:\\\/\\\/www.salzburgerland.com\\\/de\\\/magazin\\\/wp-content\\\/uploads\\\/2019\\\/06\\\/salzburgerland-logo1.jpg\",\"contentUrl\":\"https:\\\/\\\/www.salzburgerland.com\\\/de\\\/magazin\\\/wp-content\\\/uploads\\\/2019\\\/06\\\/salzburgerland-logo1.jpg\",\"width\":2011,\"height\":866,\"caption\":\"SalzburgerLand Tourismus\"},\"image\":{\"@id\":\"https:\\\/\\\/www.salzburgerland.com\\\/de\\\/magazin\\\/#\\\/schema\\\/logo\\\/image\\\/\"},\"sameAs\":[\"https:\\\/\\\/www.facebook.com\\\/salzburgerland\\\/\",\"https:\\\/\\\/x.com\\\/Salzburgerland\",\"https:\\\/\\\/www.instagram.com\\\/salzburgerland\\\/\",\"https:\\\/\\\/at.linkedin.com\\\/company\\\/salzburgerland-tourismus-gmbh\",\"https:\\\/\\\/www.pinterest.at\\\/salzburgerland\\\/\",\"https:\\\/\\\/www.youtube.com\\\/user\\\/salzburgerland\",\"https:\\\/\\\/de.wikipedia.org\\\/wiki\\\/SalzburgerLand_Tourismus_GmbH\"]},{\"@type\":\"Person\",\"@id\":\"https:\\\/\\\/www.salzburgerland.com\\\/de\\\/magazin\\\/#\\\/schema\\\/person\\\/de63f37594c18fae834230774d6a2704\",\"name\":\"Franziska Lipp\",\"description\":\"Franziska Lipp ist Texterin, Buchautorin und freie Journalistin. Privat ist sie am allerliebsten drau\u00dfen in der Natur unterwegs: Zu Fu\u00df, mit dem Mountainbiker oder mit Ski. Hauptsache der Rucksack ist mit dabei und viel Zeit. Gerne in Begleitung, aber ebenso gerne auch allein: Denn es gibt keinen besseren Gespr\u00e4chspartner als die Natur selbst. Was ihre beiden Lebensbereiche \u2013 das Berufliche und das Private \u2013 verbindet, ist ihre Vorliebe f\u00fcr Geschichten. Die Salzburgerin liebt es einerseits, Menschen zuzuh\u00f6ren, die eine Geschichte zu erz\u00e4hlen haben. Andererseits ist sie selbst eine passionierte Geschichtenerz\u00e4hlerin. Franziska Lipp betreute als Chefredakteurin \u00fcber zehn Jahre lang das G\u00e4stemagazin \u201eSommerzeit\u201c und \u201eWinterzeit\u201c der SalzburgerLand Tourismus und begleitet das Unternehmen bei zahlreichen Projekten wie etwa bei der Neu-Konzeption des \u201eSalzburger Almenwegs\u201c. Die studierte Tourismussoziologin h\u00e4lt Schreib- und Storytelling-Workshops f\u00fcr touristische Unternehmen und Verb\u00e4nde und begleitet als Konzepterin touristische Projekte wie das \u201eSalzburger Gipfelspiel\u201c in der Salzburger Sportwelt. Im Februar 2023 erschien ihr Buch \u201eLieblingspl\u00e4tze im Salzburger Land\u201c im Gmeiner Verlag mit 84 besonderen Orten in der Stadt Salzburg und in allen Ferienregionen. Bisher erschienene B\u00fccher von Franziska Lipp: \u2022 \u201eLieblingspl\u00e4tze im Salzburger Land\u201c \u2013 2023 (Gmeiner Verlag) \u2022 \u201eK\u00f6stliches von der M\u00fcllerin\u201c \u2013 2021 (Hg. Monika Drax, Drax-M\u00fchle) \u2022 \u201eGesundheit im Zentrum\u201c \u2013 Richtig gut leben mit der Modernen-Mayr-Medizin \u2013 2021 (Hg. Park Igls) \u2022 \u201eDas kleine Buch: Stille Nacht! Heilige Nacht!\u201c \u2013 2018 (Servus Benevento Verlag) \u2022 \u201eDas kleine Buch: Imker werden\u201c \u2013 2016, (Servus Benevento Verlag) \u2022 \u201eDas kleine Buch: Die Gro\u00dfglockner Hochalpenstra\u00dfe anders erleben\u201c \u2013 2016, (Servus Benevento Verlag) \u2022 \u201eBeste Aussichten im Salzburger Land\u201c \u2013 2014 (Gmeiner Verlag) Salzburger Nockerl oder Schwarzbeernocken? Definitiv die Schwarzbeernocken: Nichts schmeckt so sehr nach Wald und Sommer wie diese s\u00fc\u00dfen K\u00f6stlichkeiten! Stadt oder Land? Die Stadt Salzburg ist meine absolute Herzensstadt und ich wei\u00df es zu sch\u00e4tzen, in der Lieblingsstadt wohnen zu d\u00fcrfen. Zum Gl\u00fcck geht es in den einzelnen Stadtvierteln fast d\u00f6rflich zu: Jeder kennt jeden! Das erinnert ans Leben auf dem Land. Almsommer oder Skiwinter? Beides \u2013 nur im Wechsel der Jahreszeiten k\u00f6nnen wir ihre Besonderheiten erst so richtig sch\u00e4tzen. Lesen oder Schreiben? Das Schreiben ist Teil meiner Person. Ohne das Schreiben w\u00e4re ich nicht ich. Das Schreiben ist \u2013 obwohl Arbeit \u2013 meine t\u00e4gliche Dosis, um gl\u00fccklich zu sein. M\u00fcsste ich mich wirklich f\u00fcr etwa entscheiden, dann w\u00e4re es das Schreiben: Denn dann h\u00e4tte ich auch automatisch was zum Lesen. See oder Berg? Eigentlich immer der Berg: Weil ich \u2013 auf einem Gipfel stehend \u2013 stets ein Gef\u00fchl von purer Freiheit und tiefster Zufriedenheit empfinde\",\"sameAs\":[\"http:\\\/\\\/www.franziskalipp.com\"],\"url\":\"https:\\\/\\\/www.salzburgerland.com\\\/de\\\/magazin\\\/author\\\/franziska-lipp\\\/\"}]}<\/script>\n<!-- \/ Yoast SEO Premium plugin. -->","yoast_head_json":{"title":"\u201eMeisis Reise durchs SalzburgerLand\u201c - SalzburgerLand Magazin","description":"Im Sommer 2016 stand Ex-Skistar Alexandra Meissnitzer zum ersten Mal f\u00fcr die neue Reihe \u201eMeisis Reise durchs SalzburgerLand\u201c vor der Kamera: Gedreht wurde in Rauris, im Lungau und in der Ferienregion Hochk\u00f6nig. Der Professionalit\u00e4t und der Disziplin der ehemaligen Spitzensportlerin ist es zu verdanken, dass daraus wunderbar ansprechende Filme wurden. Wir verraten ein paar Hintergr\u00fcnde [&hellip;]","robots":{"index":"index","follow":"follow","max-snippet":"max-snippet:-1","max-image-preview":"max-image-preview:large","max-video-preview":"max-video-preview:-1"},"canonical":"https:\/\/www.salzburgerland.com\/de\/magazin\/meisis-reise-durchs-salzburgerland\/","og_locale":"de_DE","og_type":"article","og_title":"\u201eMeisis Reise durchs SalzburgerLand\u201c","og_description":"Im Sommer 2016 stand Ex-Skistar Alexandra Meissnitzer zum ersten Mal f\u00fcr die neue Reihe \u201eMeisis Reise durchs SalzburgerLand\u201c vor der Kamera: Gedreht wurde in Rauris, im Lungau und in der Ferienregion Hochk\u00f6nig. Der Professionalit\u00e4t und der Disziplin der ehemaligen Spitzensportlerin ist es zu verdanken, dass daraus wunderbar ansprechende Filme wurden. Wir verraten ein paar Hintergr\u00fcnde [&hellip;]","og_url":"https:\/\/www.salzburgerland.com\/de\/magazin\/meisis-reise-durchs-salzburgerland\/","og_site_name":"SalzburgerLand Magazin","article_publisher":"https:\/\/www.facebook.com\/salzburgerland\/","article_published_time":"2016-08-30T13:12:36+00:00","article_modified_time":"2019-07-12T11:43:51+00:00","og_image":[{"width":1181,"height":775,"url":"https:\/\/www.salzburgerland.com\/de\/magazin\/wp-content\/uploads\/2016\/08\/2016-07-27-SLT-Shooitng-Rauris-IMG_2565.jpg","type":"image\/jpeg"}],"author":"Franziska Lipp","twitter_card":"summary_large_image","twitter_creator":"@Salzburgerland","twitter_site":"@Salzburgerland","twitter_misc":{"Verfasst von":"Franziska Lipp","Gesch\u00e4tzte Lesezeit":"4\u00a0Minuten"},"schema":{"@context":"https:\/\/schema.org","@graph":[{"@type":"Article","@id":"https:\/\/www.salzburgerland.com\/de\/magazin\/meisis-reise-durchs-salzburgerland\/#article","isPartOf":{"@id":"https:\/\/www.salzburgerland.com\/de\/magazin\/meisis-reise-durchs-salzburgerland\/"},"author":{"name":"Franziska Lipp","@id":"https:\/\/www.salzburgerland.com\/de\/magazin\/#\/schema\/person\/de63f37594c18fae834230774d6a2704"},"headline":"\u201eMeisis Reise durchs SalzburgerLand\u201c","datePublished":"2016-08-30T13:12:36+00:00","dateModified":"2019-07-12T11:43:51+00:00","mainEntityOfPage":{"@id":"https:\/\/www.salzburgerland.com\/de\/magazin\/meisis-reise-durchs-salzburgerland\/"},"wordCount":878,"commentCount":0,"publisher":{"@id":"https:\/\/www.salzburgerland.com\/de\/magazin\/#organization"},"image":{"@id":"https:\/\/www.salzburgerland.com\/de\/magazin\/meisis-reise-durchs-salzburgerland\/#primaryimage"},"thumbnailUrl":"https:\/\/www.salzburgerland.com\/de\/magazin\/wp-content\/uploads\/2016\/08\/2016-07-27-SLT-Shooitng-Rauris-IMG_2565.jpg","keywords":["nationalpark"],"articleSection":["Outdoor &amp; Sport"],"inLanguage":"de","potentialAction":[{"@type":"CommentAction","name":"Comment","target":["https:\/\/www.salzburgerland.com\/de\/magazin\/meisis-reise-durchs-salzburgerland\/#respond"]}]},{"@type":"WebPage","@id":"https:\/\/www.salzburgerland.com\/de\/magazin\/meisis-reise-durchs-salzburgerland\/","url":"https:\/\/www.salzburgerland.com\/de\/magazin\/meisis-reise-durchs-salzburgerland\/","name":"\u201eMeisis Reise durchs SalzburgerLand\u201c - SalzburgerLand Magazin","isPartOf":{"@id":"https:\/\/www.salzburgerland.com\/de\/magazin\/#website"},"primaryImageOfPage":{"@id":"https:\/\/www.salzburgerland.com\/de\/magazin\/meisis-reise-durchs-salzburgerland\/#primaryimage"},"image":{"@id":"https:\/\/www.salzburgerland.com\/de\/magazin\/meisis-reise-durchs-salzburgerland\/#primaryimage"},"thumbnailUrl":"https:\/\/www.salzburgerland.com\/de\/magazin\/wp-content\/uploads\/2016\/08\/2016-07-27-SLT-Shooitng-Rauris-IMG_2565.jpg","datePublished":"2016-08-30T13:12:36+00:00","dateModified":"2019-07-12T11:43:51+00:00","breadcrumb":{"@id":"https:\/\/www.salzburgerland.com\/de\/magazin\/meisis-reise-durchs-salzburgerland\/#breadcrumb"},"inLanguage":"de","potentialAction":[{"@type":"ReadAction","target":["https:\/\/www.salzburgerland.com\/de\/magazin\/meisis-reise-durchs-salzburgerland\/"]}]},{"@type":"ImageObject","inLanguage":"de","@id":"https:\/\/www.salzburgerland.com\/de\/magazin\/meisis-reise-durchs-salzburgerland\/#primaryimage","url":"https:\/\/www.salzburgerland.com\/de\/magazin\/wp-content\/uploads\/2016\/08\/2016-07-27-SLT-Shooitng-Rauris-IMG_2565.jpg","contentUrl":"https:\/\/www.salzburgerland.com\/de\/magazin\/wp-content\/uploads\/2016\/08\/2016-07-27-SLT-Shooitng-Rauris-IMG_2565.jpg","width":1181,"height":775,"caption":"Eine Frau mit Rucksack steht an einer rustikalen Holzt\u00fcr und bereitet sich darauf vor, anzuklopfen."},{"@type":"BreadcrumbList","@id":"https:\/\/www.salzburgerland.com\/de\/magazin\/meisis-reise-durchs-salzburgerland\/#breadcrumb","itemListElement":[{"@type":"ListItem","position":1,"name":"Startseite","item":"https:\/\/www.salzburgerland.com\/de\/magazin\/"},{"@type":"ListItem","position":2,"name":"Outdoor &amp; Sport","item":"https:\/\/www.salzburgerland.com\/de\/magazin\/thema\/outdoor-sport\/"},{"@type":"ListItem","position":3,"name":"\u201eMeisis Reise durchs SalzburgerLand\u201c"}]},{"@type":"WebSite","@id":"https:\/\/www.salzburgerland.com\/de\/magazin\/#website","url":"https:\/\/www.salzburgerland.com\/de\/magazin\/","name":"SalzburgerLand Magazin","description":"Geschichten und Interessantes aus dem SalzburgerLand","publisher":{"@id":"https:\/\/www.salzburgerland.com\/de\/magazin\/#organization"},"potentialAction":[{"@type":"SearchAction","target":{"@type":"EntryPoint","urlTemplate":"https:\/\/www.salzburgerland.com\/de\/magazin\/?s={search_term_string}"},"query-input":{"@type":"PropertyValueSpecification","valueRequired":true,"valueName":"search_term_string"}}],"inLanguage":"de"},{"@type":"Organization","@id":"https:\/\/www.salzburgerland.com\/de\/magazin\/#organization","name":"SalzburgerLand Tourismus","url":"https:\/\/www.salzburgerland.com\/de\/magazin\/","logo":{"@type":"ImageObject","inLanguage":"de","@id":"https:\/\/www.salzburgerland.com\/de\/magazin\/#\/schema\/logo\/image\/","url":"https:\/\/www.salzburgerland.com\/de\/magazin\/wp-content\/uploads\/2019\/06\/salzburgerland-logo1.jpg","contentUrl":"https:\/\/www.salzburgerland.com\/de\/magazin\/wp-content\/uploads\/2019\/06\/salzburgerland-logo1.jpg","width":2011,"height":866,"caption":"SalzburgerLand Tourismus"},"image":{"@id":"https:\/\/www.salzburgerland.com\/de\/magazin\/#\/schema\/logo\/image\/"},"sameAs":["https:\/\/www.facebook.com\/salzburgerland\/","https:\/\/x.com\/Salzburgerland","https:\/\/www.instagram.com\/salzburgerland\/","https:\/\/at.linkedin.com\/company\/salzburgerland-tourismus-gmbh","https:\/\/www.pinterest.at\/salzburgerland\/","https:\/\/www.youtube.com\/user\/salzburgerland","https:\/\/de.wikipedia.org\/wiki\/SalzburgerLand_Tourismus_GmbH"]},{"@type":"Person","@id":"https:\/\/www.salzburgerland.com\/de\/magazin\/#\/schema\/person\/de63f37594c18fae834230774d6a2704","name":"Franziska Lipp","description":"Franziska Lipp ist Texterin, Buchautorin und freie Journalistin. Privat ist sie am allerliebsten drau\u00dfen in der Natur unterwegs: Zu Fu\u00df, mit dem Mountainbiker oder mit Ski. Hauptsache der Rucksack ist mit dabei und viel Zeit. Gerne in Begleitung, aber ebenso gerne auch allein: Denn es gibt keinen besseren Gespr\u00e4chspartner als die Natur selbst. Was ihre beiden Lebensbereiche \u2013 das Berufliche und das Private \u2013 verbindet, ist ihre Vorliebe f\u00fcr Geschichten. Die Salzburgerin liebt es einerseits, Menschen zuzuh\u00f6ren, die eine Geschichte zu erz\u00e4hlen haben. Andererseits ist sie selbst eine passionierte Geschichtenerz\u00e4hlerin. Franziska Lipp betreute als Chefredakteurin \u00fcber zehn Jahre lang das G\u00e4stemagazin \u201eSommerzeit\u201c und \u201eWinterzeit\u201c der SalzburgerLand Tourismus und begleitet das Unternehmen bei zahlreichen Projekten wie etwa bei der Neu-Konzeption des \u201eSalzburger Almenwegs\u201c. Die studierte Tourismussoziologin h\u00e4lt Schreib- und Storytelling-Workshops f\u00fcr touristische Unternehmen und Verb\u00e4nde und begleitet als Konzepterin touristische Projekte wie das \u201eSalzburger Gipfelspiel\u201c in der Salzburger Sportwelt. Im Februar 2023 erschien ihr Buch \u201eLieblingspl\u00e4tze im Salzburger Land\u201c im Gmeiner Verlag mit 84 besonderen Orten in der Stadt Salzburg und in allen Ferienregionen. Bisher erschienene B\u00fccher von Franziska Lipp: \u2022 \u201eLieblingspl\u00e4tze im Salzburger Land\u201c \u2013 2023 (Gmeiner Verlag) \u2022 \u201eK\u00f6stliches von der M\u00fcllerin\u201c \u2013 2021 (Hg. Monika Drax, Drax-M\u00fchle) \u2022 \u201eGesundheit im Zentrum\u201c \u2013 Richtig gut leben mit der Modernen-Mayr-Medizin \u2013 2021 (Hg. Park Igls) \u2022 \u201eDas kleine Buch: Stille Nacht! Heilige Nacht!\u201c \u2013 2018 (Servus Benevento Verlag) \u2022 \u201eDas kleine Buch: Imker werden\u201c \u2013 2016, (Servus Benevento Verlag) \u2022 \u201eDas kleine Buch: Die Gro\u00dfglockner Hochalpenstra\u00dfe anders erleben\u201c \u2013 2016, (Servus Benevento Verlag) \u2022 \u201eBeste Aussichten im Salzburger Land\u201c \u2013 2014 (Gmeiner Verlag) Salzburger Nockerl oder Schwarzbeernocken? Definitiv die Schwarzbeernocken: Nichts schmeckt so sehr nach Wald und Sommer wie diese s\u00fc\u00dfen K\u00f6stlichkeiten! Stadt oder Land? Die Stadt Salzburg ist meine absolute Herzensstadt und ich wei\u00df es zu sch\u00e4tzen, in der Lieblingsstadt wohnen zu d\u00fcrfen. Zum Gl\u00fcck geht es in den einzelnen Stadtvierteln fast d\u00f6rflich zu: Jeder kennt jeden! Das erinnert ans Leben auf dem Land. Almsommer oder Skiwinter? Beides \u2013 nur im Wechsel der Jahreszeiten k\u00f6nnen wir ihre Besonderheiten erst so richtig sch\u00e4tzen. Lesen oder Schreiben? Das Schreiben ist Teil meiner Person. Ohne das Schreiben w\u00e4re ich nicht ich. Das Schreiben ist \u2013 obwohl Arbeit \u2013 meine t\u00e4gliche Dosis, um gl\u00fccklich zu sein. M\u00fcsste ich mich wirklich f\u00fcr etwa entscheiden, dann w\u00e4re es das Schreiben: Denn dann h\u00e4tte ich auch automatisch was zum Lesen. See oder Berg? Eigentlich immer der Berg: Weil ich \u2013 auf einem Gipfel stehend \u2013 stets ein Gef\u00fchl von purer Freiheit und tiefster Zufriedenheit empfinde","sameAs":["http:\/\/www.franziskalipp.com"],"url":"https:\/\/www.salzburgerland.com\/de\/magazin\/author\/franziska-lipp\/"}]}},"_wl_alt_label":[],"wl:entity_url":"http:\/\/open.salzburgerland.com\/magazin\/post\/meisis_reise_durchs_salzburgerland","_links":{"self":[{"href":"https:\/\/www.salzburgerland.com\/de\/magazin\/wp-json\/wp\/v2\/posts\/108957","targetHints":{"allow":["GET"]}}],"collection":[{"href":"https:\/\/www.salzburgerland.com\/de\/magazin\/wp-json\/wp\/v2\/posts"}],"about":[{"href":"https:\/\/www.salzburgerland.com\/de\/magazin\/wp-json\/wp\/v2\/types\/post"}],"author":[{"embeddable":true,"href":"https:\/\/www.salzburgerland.com\/de\/magazin\/wp-json\/wp\/v2\/users\/226"}],"replies":[{"embeddable":true,"href":"https:\/\/www.salzburgerland.com\/de\/magazin\/wp-json\/wp\/v2\/comments?post=108957"}],"version-history":[{"count":0,"href":"https:\/\/www.salzburgerland.com\/de\/magazin\/wp-json\/wp\/v2\/posts\/108957\/revisions"}],"wp:featuredmedia":[{"embeddable":true,"href":"https:\/\/www.salzburgerland.com\/de\/magazin\/wp-json\/wp\/v2\/media\/108962"}],"wp:attachment":[{"href":"https:\/\/www.salzburgerland.com\/de\/magazin\/wp-json\/wp\/v2\/media?parent=108957"}],"wp:term":[{"taxonomy":"category","embeddable":true,"href":"https:\/\/www.salzburgerland.com\/de\/magazin\/wp-json\/wp\/v2\/categories?post=108957"},{"taxonomy":"post_tag","embeddable":true,"href":"https:\/\/www.salzburgerland.com\/de\/magazin\/wp-json\/wp\/v2\/tags?post=108957"},{"taxonomy":"wl_entity_type","embeddable":true,"href":"https:\/\/www.salzburgerland.com\/de\/magazin\/wp-json\/wp\/v2\/wl_entity_type?post=108957"},{"taxonomy":"monatsauswahl","embeddable":true,"href":"https:\/\/www.salzburgerland.com\/de\/magazin\/wp-json\/wp\/v2\/monatsauswahl?post=108957"}],"curies":[{"name":"wp","href":"https:\/\/api.w.org\/{rel}","templated":true}]}}