{"id":108691,"date":"2020-09-02T09:00:59","date_gmt":"2020-09-02T07:00:59","guid":{"rendered":"http:\/\/magazin.salzburgerland.com\/?p=108691"},"modified":"2020-09-08T10:15:10","modified_gmt":"2020-09-08T08:15:10","slug":"gruselwanderung-durch-die-stadt-salzburg","status":"publish","type":"post","link":"https:\/\/www.salzburgerland.com\/de\/magazin\/gruselwanderung-durch-die-stadt-salzburg\/","title":{"rendered":"Gruselwanderung durch die Stadt Salzburg"},"content":{"rendered":"\n<h2 class=\"wp-block-slt-subtitle\">Eine Stadttour der besonderen Art.<\/h2>\n\n\n\n<p class=\"wp-block-slt-intro\"><br>Wer es liebt, sich zu gruseln und grausame, blutr\u00fcnstige Geschichten, Sagen und Legenden anzuh\u00f6ren, ist bei der Gruselwanderung durch Salzburgs Altstadt genau richtig. Der Hexenprozess und die Hexensabatte im 17. Jahrhundert sind ein wesentlicher Bestandteil dieser ausgefallenen F\u00fchrung.<br><\/p>\n\n\n\n<p>Wissen Sie, woher der Ausdruck &#8222;Heute ist ein Schei\u00dftag&#8220; kommt? Heutzutage wird der Begriff vulg\u00e4r-umgangssprachlich f\u00fcr einen schlechten Tag verwendet, aber bis ins 19. Jahrhundert war es in \u00d6sterreich \u00fcblich, Knechten und Dienstboten ein bis drei unbezahlte Arbeitstage zu verrechnen, die die von ihnen beanspruchte Zeit f\u00fcr die Verrichtung des Stuhlgangs w\u00e4hrend der Arbeit ausgleichen sollte.<br>Nein, zimperlich d\u00fcrfen Sie nicht sein, wenn Sie sich Sabine Raths Gruselwanderung durch die Stadt Salzburg anschlie\u00dfen. Es tauchen zwar keine Geister und Gespenster auf, aber die Fremdenf\u00fchrerin berichtet \u00fcber &#8222;Hexen&#8220; und Hexenverbrennungen, Folterungen, \u00fcber Henker und andere d\u00fcstere Pers\u00f6nlichkeiten und Praktiken aus der Mozartstadt.<\/p>\n\n\n\n<h2 class=\"wp-block-heading\"><strong>Warum gruselt man sich gern?<\/strong><\/h2>\n\n\n\n<p>Sie m\u00f6chten wissen, warum in Salzburg im 17. Jahrhundert mehr M\u00e4nner als Frauen hingerichtet wurden, wie man seine Frau &#8222;zu Tode kitzelt&#8220;, wie man dem Henker im letzten Moment doch noch entkommt oder welche Foltermethoden angewandt wurden, um Verurteilten Gest\u00e4ndnisse zu entlocken? Dann viel Spa\u00df beim Gruseln &#8211; wir wollen hier ja nicht zu viel verraten.<\/p>\n\n\n\n<p>Aber warum gruseln sich die Leute eigentlich gern? Ich habe bei Sabine Raths Publikum nachgefragt. &#8222;Ich grusle mich eigentlich gar nicht gern&#8220;, lacht Karin Fritzer. Die Lienzerin l\u00e4sst sich nur gern \u00fcberraschen: &#8222;Meine Nichte hatte die Idee und wir sind wegen der Gruselwanderung extra nach Salzburg gefahren. Es war spannend, die Seiten von Salzburg zu entdecken, die sich sonst nicht so leicht offenbaren. Stadtf\u00fchrungen gibt es ja viele, aber das ist einmal etwas anderes.&#8220;<br>Sabine Buchst\u00e4tter ist geb\u00fcrtige Salzburgerin, lebt jetzt aber in Wien. Sie erkl\u00e4rt: &#8222;Ich war jetzt schon lange nicht mehr in Salzburg und wollte mich auf die alten Spuren der Stadt begeben.&#8220;<\/p>\n\n\n\n<h2 class=\"wp-block-heading\"><strong>Das Leben ist nicht immer nur Volksmusik<\/strong><\/h2>\n\n\n\n<p>Sabine Rath selbst meint: &#8222;Ich gehe davon aus, dass keine Sadisten an meinen Gruselwanderungen teilnehmen. Warum die Leute zu mir kommen? Mal braucht man Volksmusik, mal eben Grusel. So sind wir Menschen.&#8220;<\/p>\n\n\n\n<figure class=\"wp-block-image alignnone size-singlePost wp-image-108693\"><img decoding=\"async\" src=\"https:\/\/www.salzburgerland.com\/de\/magazin\/wp-content\/uploads\/2016\/08\/2-650x435.jpg\" alt=\"Begeisterte Zuh\u00f6rer: Sonja Mittermayer und Markus Berger gruseln sich gern.\" class=\"wp-image-108693\"\/><figcaption>Begeisterte Zuh\u00f6rer: Sonja Mittermayer und Markus Berger gruseln sich gern.<\/figcaption><\/figure>\n\n\n\n<p>Nicht immer gut weg kommt bei der Fremdenf\u00fchrerin die katholische Kirche. &#8222;Ich will nichts B\u00f6ses, ich liebe Salzburg. Aber es ist schon immer schwierig, wenn das Weltliche und Geistliche in einem Land in einer Hand ist &#8211; und in Salzburg war es das durch die Erzbisch\u00f6fe ja lange.&#8220; Rath bietet auch noch andere F\u00fchrungen durch Salzburg an, u. a. \u201eSalzburg im 2. Weltkrieg\u201c , \u201eSalzburg f\u00fcr Salzburger\u201c , Schloss Leopoldskron, eine Mozart-Spezial- oder eine Sisi-F\u00fchrung im dazupassendem Outfit. Sie ist immer auf der Suche nach neuen Inputs. Sie orientiert sich bei ihrer Gruselwanderung an echten Begebenheiten und an Sagen: &#8222;Es ist gar nicht so leicht, an Material f\u00fcr meine Erz\u00e4hlungen zu kommen. Ich habe mein Grusel-Wissen teilweise von der Universit\u00e4tsbibliothek, dem Stadtarchiv und anderen Quellen.&#8220;<\/p>\n\n\n\n<h2 class=\"wp-block-heading\"><strong>&#8222;Es war super!&#8220;<\/strong><\/h2>\n\n\n\n<p>Ab zehn Jahren darf man an der Gruselwanderung teilnehmen, au\u00dfer die Eltern sind anwesend und sind mit der Teilnahme einverstanden. Sabine Rath achtet sehr genau auf ihr Publikum: &#8222;Wenn Kinder dabei sind, mache ich eine Soft-Version und lasse die ganz argen Dinge weg.&#8220;<br>Die sagenhafte Sex-Orgie der Hexen mit dem Teufel \u00fcber die Rath am Mozartplatz berichtet, scheint den zehnj\u00e4hrigen Matteo Gassner aus Salzburg jedenfalls nicht allzu sehr schockiert zu haben: &#8222;Mir hat der Henker am besten gefallen. Gef\u00fcrchtet habe ich mich aber nie, die F\u00fchrung h\u00e4tte sogar noch gruseliger sein d\u00fcrfen.&#8220;<br>Sein Vater Wolfgang Gassner erkl\u00e4rt zum Schluss: &#8222;Es war keinen Moment fad, die F\u00fchrung war super.&#8220;<\/p>\n\n\n\n<figure class=\"wp-block-image alignnone wp-image-108694 size-singlePost\"><img decoding=\"async\" src=\"https:\/\/www.salzburgerland.com\/de\/magazin\/wp-content\/uploads\/2016\/08\/6-650x435.jpg\" alt=\"6\" class=\"wp-image-108694\"\/><figcaption>Was passierte fr\u00fcher Schreckliches am Mozartplatz? Auch das erf\u00e4hrt man bei der abendlichen Gruself\u00fchrung.<\/figcaption><\/figure>\n\n\n\n<p>Einmal im Monat und zwar jeden letzten Freitag um 20.00 Uhr findet die Gruselwanderung durch Salzburg \u00f6ffentlich statt. Treffpunkt ist in der Festungsgasse (vor der Talstation Festungsbahn)<br>Pro Person bezahlt man 15 Euro, Kinder unter zehn Jahren bezahlen nichts. Anmeldung erforderlich unter <a href=\"https:\/\/www.tourguide-salzburg.com\/wo-sie-uns-finden\/\" target=\"_blank\" rel=\"noreferrer noopener\">www.tourguide-salzburg.com<\/a>.<\/p>\n\n\n\n<p>Mehr Fremdenf\u00fchrungen und -f\u00fchrer finden Sie <a href=\"http:\/\/www.salzburgguides.at\/\" target=\"_blank\" rel=\"noreferrer noopener\">hier<\/a>.<\/p>\n\n\n<div class=\"mag-gallery\"><div class=\"row\"><div class=\"col-6 col-sm-4\"><figure><a class=\"thumb-container\" href=\"https:\/\/www.salzburgerland.com\/de\/magazin\/wp-content\/uploads\/2016\/08\/1-1-1280x1024.jpg\">\t<picture><source media=\"(min-width: 576px)\" srcset=\"https:\/\/www.salzburgerland.com\/de\/magazin\/wp-content\/uploads\/2016\/08\/1-1-325x209.jpg 325w, https:\/\/www.salzburgerland.com\/de\/magazin\/wp-content\/uploads\/2016\/08\/1-1-249x160.jpg 249w\"><\/source><source media=\"(min-width: 0)\" srcset=\"https:\/\/www.salzburgerland.com\/de\/magazin\/wp-content\/uploads\/2016\/08\/1-1-249x160.jpg 249w, https:\/\/www.salzburgerland.com\/de\/magazin\/wp-content\/uploads\/2016\/08\/1-1-325x209.jpg 325w\"><\/source><img decoding=\"async\" alt=\"Eine l&auml;chelnde Frau in schwarzem Spitzenkleid steht mit erhobenen H&auml;nden auf einem alten Friedhof neben einer Kapelle.\" src=\"https:\/\/www.salzburgerland.com\/de\/magazin\/wp-content\/uploads\/2016\/08\/1-1.jpg\">\t<\/picture><\/a><\/figure><\/div><div class=\"col-6 col-sm-4\"><figure><a class=\"thumb-container\" href=\"https:\/\/www.salzburgerland.com\/de\/magazin\/wp-content\/uploads\/2016\/08\/3-1280x1024.jpg\">\t<picture><source media=\"(min-width: 576px)\" srcset=\"https:\/\/www.salzburgerland.com\/de\/magazin\/wp-content\/uploads\/2016\/08\/3-325x209.jpg 325w, https:\/\/www.salzburgerland.com\/de\/magazin\/wp-content\/uploads\/2016\/08\/3-249x160.jpg 249w\"><\/source><source media=\"(min-width: 0)\" srcset=\"https:\/\/www.salzburgerland.com\/de\/magazin\/wp-content\/uploads\/2016\/08\/3-249x160.jpg 249w, https:\/\/www.salzburgerland.com\/de\/magazin\/wp-content\/uploads\/2016\/08\/3-325x209.jpg 325w\"><\/source><img decoding=\"async\" alt=\"Gedenktafeln an einer Wand in deutscher Sprache, die Paracelsus und Dr. Wilfried Haslauer Platz erw&auml;hnen.\" src=\"https:\/\/www.salzburgerland.com\/de\/magazin\/wp-content\/uploads\/2016\/08\/3.jpg\">\t<\/picture><\/a><\/figure><\/div><div class=\"col-6 col-sm-4\"><figure><a class=\"thumb-container\" href=\"https:\/\/www.salzburgerland.com\/de\/magazin\/wp-content\/uploads\/2016\/08\/4-1280x1024.jpg\">\t<picture><source media=\"(min-width: 576px)\" srcset=\"https:\/\/www.salzburgerland.com\/de\/magazin\/wp-content\/uploads\/2016\/08\/4-325x209.jpg 325w, https:\/\/www.salzburgerland.com\/de\/magazin\/wp-content\/uploads\/2016\/08\/4-249x160.jpg 249w\"><\/source><source media=\"(min-width: 0)\" srcset=\"https:\/\/www.salzburgerland.com\/de\/magazin\/wp-content\/uploads\/2016\/08\/4-249x160.jpg 249w, https:\/\/www.salzburgerland.com\/de\/magazin\/wp-content\/uploads\/2016\/08\/4-325x209.jpg 325w\"><\/source><img decoding=\"async\" alt=\"Zwei Frauen, die l&auml;chelnd die Daumen nach oben strecken, w&auml;hrend sie auf einer Stra&szlig;e in der Stadt stehen.\" src=\"https:\/\/www.salzburgerland.com\/de\/magazin\/wp-content\/uploads\/2016\/08\/4.jpg\">\t<\/picture><\/a><\/figure><\/div><div class=\"col-6 col-sm-4\"><figure><a class=\"thumb-container\" href=\"https:\/\/www.salzburgerland.com\/de\/magazin\/wp-content\/uploads\/2016\/08\/5-1280x1024.jpg\">\t<picture><source media=\"(min-width: 576px)\" srcset=\"https:\/\/www.salzburgerland.com\/de\/magazin\/wp-content\/uploads\/2016\/08\/5-325x209.jpg 325w, https:\/\/www.salzburgerland.com\/de\/magazin\/wp-content\/uploads\/2016\/08\/5-249x160.jpg 249w\"><\/source><source media=\"(min-width: 0)\" srcset=\"https:\/\/www.salzburgerland.com\/de\/magazin\/wp-content\/uploads\/2016\/08\/5-249x160.jpg 249w, https:\/\/www.salzburgerland.com\/de\/magazin\/wp-content\/uploads\/2016\/08\/5-325x209.jpg 325w\"><\/source><img decoding=\"async\" alt=\"Eine Gruppe von Menschen steht drau&szlig;en und h&ouml;rt einer Frau zu, die in der N&auml;he eines Geb&auml;udeeingangs spricht.\" src=\"https:\/\/www.salzburgerland.com\/de\/magazin\/wp-content\/uploads\/2016\/08\/5.jpg\">\t<\/picture><\/a><\/figure><\/div><div class=\"col-6 col-sm-4\"><figure><a class=\"thumb-container\" href=\"https:\/\/www.salzburgerland.com\/de\/magazin\/wp-content\/uploads\/2016\/08\/7-1280x1024.jpg\">\t<picture><source media=\"(min-width: 576px)\" srcset=\"https:\/\/www.salzburgerland.com\/de\/magazin\/wp-content\/uploads\/2016\/08\/7-325x209.jpg 325w, https:\/\/www.salzburgerland.com\/de\/magazin\/wp-content\/uploads\/2016\/08\/7-249x160.jpg 249w\"><\/source><source media=\"(min-width: 0)\" srcset=\"https:\/\/www.salzburgerland.com\/de\/magazin\/wp-content\/uploads\/2016\/08\/7-249x160.jpg 249w, https:\/\/www.salzburgerland.com\/de\/magazin\/wp-content\/uploads\/2016\/08\/7-325x209.jpg 325w\"><\/source><img decoding=\"async\" alt=\"Eine Statue steht in der Abendd&auml;mmerung auf einem beleuchteten Stadtplatz, um den sich Menschen versammelt haben, w&auml;hrend im Hintergrund historische Geb&auml;ude zu sehen sind.\" src=\"https:\/\/www.salzburgerland.com\/de\/magazin\/wp-content\/uploads\/2016\/08\/7.jpg\">\t<\/picture><\/a><\/figure><\/div><div class=\"col-6 col-sm-4\"><figure><a class=\"thumb-container\" href=\"https:\/\/www.salzburgerland.com\/de\/magazin\/wp-content\/uploads\/2016\/08\/8-1280x1024.jpg\">\t<picture><source media=\"(min-width: 576px)\" srcset=\"https:\/\/www.salzburgerland.com\/de\/magazin\/wp-content\/uploads\/2016\/08\/8-325x209.jpg 325w, https:\/\/www.salzburgerland.com\/de\/magazin\/wp-content\/uploads\/2016\/08\/8-249x160.jpg 249w\"><\/source><source media=\"(min-width: 0)\" srcset=\"https:\/\/www.salzburgerland.com\/de\/magazin\/wp-content\/uploads\/2016\/08\/8-249x160.jpg 249w, https:\/\/www.salzburgerland.com\/de\/magazin\/wp-content\/uploads\/2016\/08\/8-325x209.jpg 325w\"><\/source><img decoding=\"async\" alt=\"Eine l&auml;chelnde dreik&ouml;pfige Familie posiert auf einer n&auml;chtlichen Stra&szlig;e in der Stadt und zeigt der Kamera die Daumen nach oben.\" src=\"https:\/\/www.salzburgerland.com\/de\/magazin\/wp-content\/uploads\/2016\/08\/8.jpg\">\t<\/picture><\/a><\/figure><\/div><\/div><figcaption><\/figcaption><\/div>\n","protected":false},"excerpt":{"rendered":"<p>Wissen Sie, woher der Ausdruck &#8222;Heute ist ein Schei\u00dftag&#8220; kommt? Heutzutage wird der Begriff vulg\u00e4r-umgangssprachlich f\u00fcr einen schlechten Tag verwendet, aber bis ins 19. Jahrhundert war es in \u00d6sterreich \u00fcblich, Knechten und Dienstboten ein bis drei unbezahlte Arbeitstage zu verrechnen, die die von ihnen beanspruchte Zeit f\u00fcr die Verrichtung des Stuhlgangs w\u00e4hrend der Arbeit ausgleichen [&hellip;]<\/p>\n","protected":false},"author":520,"featured_media":108692,"comment_status":"open","ping_status":"open","sticky":false,"template":"","format":"standard","meta":{"_acf_changed":false,"wl_entities_gutenberg":"","_wl_entity_redirect_enabled":"","footnotes":""},"categories":[6],"tags":[],"wl_entity_type":[306],"monatsauswahl":[82,83,84,85,86,87,88,89,90,91,92,93],"class_list":["post-108691","post","type-post","status-publish","format-standard","has-post-thumbnail","hentry","category-kunst-kultur","wl_entity_type-article","monatsauswahl-monat_1","monatsauswahl-monat_2","monatsauswahl-monat_3","monatsauswahl-monat_4","monatsauswahl-monat_5","monatsauswahl-monat_6","monatsauswahl-monat_7","monatsauswahl-monat_8","monatsauswahl-monat_9","monatsauswahl-monat_10","monatsauswahl-monat_11","monatsauswahl-monat_12"],"acf":[],"yoast_head":"<!-- This site is optimized with the Yoast SEO Premium plugin v27.4 (Yoast SEO v27.4) - https:\/\/yoast.com\/product\/yoast-seo-premium-wordpress\/ -->\n<title>Gruselwanderung durch die Stadt Salzburg - SalzburgerLand Magazin<\/title>\n<meta name=\"description\" content=\"Wer es liebt, sich zu gruseln und grausame, blutr\u00fcnstige Geschichten, Sagen und Legenden anzuh\u00f6ren, ist bei der Gruselwanderung durch Salzburgs Altstadt genau richtig. Der Hexenprozess und die Hexensabatte im 17. Jahrhundert sind ein wesentlicher Bestandteil dieser ausgefallenen F\u00fchrung.\" \/>\n<meta name=\"robots\" content=\"index, follow, max-snippet:-1, max-image-preview:large, max-video-preview:-1\" \/>\n<link rel=\"canonical\" href=\"https:\/\/www.salzburgerland.com\/de\/magazin\/gruselwanderung-durch-die-stadt-salzburg\/\" \/>\n<meta property=\"og:locale\" content=\"de_DE\" \/>\n<meta property=\"og:type\" content=\"article\" \/>\n<meta property=\"og:title\" content=\"Gruselwanderung durch die Stadt Salzburg\" \/>\n<meta property=\"og:description\" content=\"Wissen Sie, woher der Ausdruck &#8222;Heute ist ein Schei\u00dftag&#8220; kommt? Heutzutage wird der Begriff vulg\u00e4r-umgangssprachlich f\u00fcr einen schlechten Tag verwendet, aber bis ins 19. Jahrhundert war es in \u00d6sterreich \u00fcblich, Knechten und Dienstboten ein bis drei unbezahlte Arbeitstage zu verrechnen, die die von ihnen beanspruchte Zeit f\u00fcr die Verrichtung des Stuhlgangs w\u00e4hrend der Arbeit ausgleichen [&hellip;]\" \/>\n<meta property=\"og:url\" content=\"https:\/\/www.salzburgerland.com\/de\/magazin\/gruselwanderung-durch-die-stadt-salzburg\/\" \/>\n<meta property=\"og:site_name\" content=\"SalzburgerLand Magazin\" \/>\n<meta property=\"article:publisher\" content=\"https:\/\/www.facebook.com\/salzburgerland\/\" \/>\n<meta property=\"article:published_time\" content=\"2020-09-02T07:00:59+00:00\" \/>\n<meta property=\"article:modified_time\" content=\"2020-09-08T08:15:10+00:00\" \/>\n<meta property=\"og:image\" content=\"https:\/\/www.salzburgerland.com\/de\/magazin\/wp-content\/uploads\/2016\/08\/1.jpg\" \/>\n\t<meta property=\"og:image:width\" content=\"1600\" \/>\n\t<meta property=\"og:image:height\" content=\"1063\" \/>\n\t<meta property=\"og:image:type\" content=\"image\/jpeg\" \/>\n<meta name=\"author\" content=\"Theresa Kaserer\" \/>\n<meta name=\"twitter:card\" content=\"summary_large_image\" \/>\n<meta name=\"twitter:creator\" content=\"@Salzburgerland\" \/>\n<meta name=\"twitter:site\" content=\"@Salzburgerland\" \/>\n<meta name=\"twitter:label1\" content=\"Verfasst von\" \/>\n\t<meta name=\"twitter:data1\" content=\"Theresa Kaserer\" \/>\n\t<meta name=\"twitter:label2\" content=\"Gesch\u00e4tzte Lesezeit\" \/>\n\t<meta name=\"twitter:data2\" content=\"3\u00a0Minuten\" \/>\n<script type=\"application\/ld+json\" class=\"yoast-schema-graph\">{\"@context\":\"https:\\\/\\\/schema.org\",\"@graph\":[{\"@type\":\"Article\",\"@id\":\"https:\\\/\\\/www.salzburgerland.com\\\/de\\\/magazin\\\/gruselwanderung-durch-die-stadt-salzburg\\\/#article\",\"isPartOf\":{\"@id\":\"https:\\\/\\\/www.salzburgerland.com\\\/de\\\/magazin\\\/gruselwanderung-durch-die-stadt-salzburg\\\/\"},\"author\":{\"name\":\"Theresa Kaserer\",\"@id\":\"https:\\\/\\\/www.salzburgerland.com\\\/de\\\/magazin\\\/#\\\/schema\\\/person\\\/7795a232ab5dc59478be3a767c60dd12\"},\"headline\":\"Gruselwanderung durch die Stadt Salzburg\",\"datePublished\":\"2020-09-02T07:00:59+00:00\",\"dateModified\":\"2020-09-08T08:15:10+00:00\",\"mainEntityOfPage\":{\"@id\":\"https:\\\/\\\/www.salzburgerland.com\\\/de\\\/magazin\\\/gruselwanderung-durch-die-stadt-salzburg\\\/\"},\"wordCount\":702,\"commentCount\":1,\"publisher\":{\"@id\":\"https:\\\/\\\/www.salzburgerland.com\\\/de\\\/magazin\\\/#organization\"},\"image\":{\"@id\":\"https:\\\/\\\/www.salzburgerland.com\\\/de\\\/magazin\\\/gruselwanderung-durch-die-stadt-salzburg\\\/#primaryimage\"},\"thumbnailUrl\":\"https:\\\/\\\/www.salzburgerland.com\\\/de\\\/magazin\\\/wp-content\\\/uploads\\\/2016\\\/08\\\/1.jpg\",\"articleSection\":[\"Kunst &amp; Kultur\"],\"inLanguage\":\"de\",\"potentialAction\":[{\"@type\":\"CommentAction\",\"name\":\"Comment\",\"target\":[\"https:\\\/\\\/www.salzburgerland.com\\\/de\\\/magazin\\\/gruselwanderung-durch-die-stadt-salzburg\\\/#respond\"]}]},{\"@type\":\"WebPage\",\"@id\":\"https:\\\/\\\/www.salzburgerland.com\\\/de\\\/magazin\\\/gruselwanderung-durch-die-stadt-salzburg\\\/\",\"url\":\"https:\\\/\\\/www.salzburgerland.com\\\/de\\\/magazin\\\/gruselwanderung-durch-die-stadt-salzburg\\\/\",\"name\":\"Gruselwanderung durch die Stadt Salzburg - SalzburgerLand Magazin\",\"isPartOf\":{\"@id\":\"https:\\\/\\\/www.salzburgerland.com\\\/de\\\/magazin\\\/#website\"},\"primaryImageOfPage\":{\"@id\":\"https:\\\/\\\/www.salzburgerland.com\\\/de\\\/magazin\\\/gruselwanderung-durch-die-stadt-salzburg\\\/#primaryimage\"},\"image\":{\"@id\":\"https:\\\/\\\/www.salzburgerland.com\\\/de\\\/magazin\\\/gruselwanderung-durch-die-stadt-salzburg\\\/#primaryimage\"},\"thumbnailUrl\":\"https:\\\/\\\/www.salzburgerland.com\\\/de\\\/magazin\\\/wp-content\\\/uploads\\\/2016\\\/08\\\/1.jpg\",\"datePublished\":\"2020-09-02T07:00:59+00:00\",\"dateModified\":\"2020-09-08T08:15:10+00:00\",\"breadcrumb\":{\"@id\":\"https:\\\/\\\/www.salzburgerland.com\\\/de\\\/magazin\\\/gruselwanderung-durch-die-stadt-salzburg\\\/#breadcrumb\"},\"inLanguage\":\"de\",\"potentialAction\":[{\"@type\":\"ReadAction\",\"target\":[\"https:\\\/\\\/www.salzburgerland.com\\\/de\\\/magazin\\\/gruselwanderung-durch-die-stadt-salzburg\\\/\"]}]},{\"@type\":\"ImageObject\",\"inLanguage\":\"de\",\"@id\":\"https:\\\/\\\/www.salzburgerland.com\\\/de\\\/magazin\\\/gruselwanderung-durch-die-stadt-salzburg\\\/#primaryimage\",\"url\":\"https:\\\/\\\/www.salzburgerland.com\\\/de\\\/magazin\\\/wp-content\\\/uploads\\\/2016\\\/08\\\/1.jpg\",\"contentUrl\":\"https:\\\/\\\/www.salzburgerland.com\\\/de\\\/magazin\\\/wp-content\\\/uploads\\\/2016\\\/08\\\/1.jpg\",\"width\":1600,\"height\":1063,\"caption\":\"Sabine Rath lebt ist seit 2001 in Salzburg: \\\"Als Wahlheimat ist mir die Stadt ans Herz gewachsen - auch ihre dunklen Gassen.\\\"\"},{\"@type\":\"BreadcrumbList\",\"@id\":\"https:\\\/\\\/www.salzburgerland.com\\\/de\\\/magazin\\\/gruselwanderung-durch-die-stadt-salzburg\\\/#breadcrumb\",\"itemListElement\":[{\"@type\":\"ListItem\",\"position\":1,\"name\":\"Startseite\",\"item\":\"https:\\\/\\\/www.salzburgerland.com\\\/de\\\/magazin\\\/\"},{\"@type\":\"ListItem\",\"position\":2,\"name\":\"Kunst &amp; Kultur\",\"item\":\"https:\\\/\\\/www.salzburgerland.com\\\/de\\\/magazin\\\/thema\\\/kunst-kultur\\\/\"},{\"@type\":\"ListItem\",\"position\":3,\"name\":\"Gruselwanderung durch die Stadt Salzburg\"}]},{\"@type\":\"WebSite\",\"@id\":\"https:\\\/\\\/www.salzburgerland.com\\\/de\\\/magazin\\\/#website\",\"url\":\"https:\\\/\\\/www.salzburgerland.com\\\/de\\\/magazin\\\/\",\"name\":\"SalzburgerLand Magazin\",\"description\":\"Geschichten und Interessantes aus dem SalzburgerLand\",\"publisher\":{\"@id\":\"https:\\\/\\\/www.salzburgerland.com\\\/de\\\/magazin\\\/#organization\"},\"potentialAction\":[{\"@type\":\"SearchAction\",\"target\":{\"@type\":\"EntryPoint\",\"urlTemplate\":\"https:\\\/\\\/www.salzburgerland.com\\\/de\\\/magazin\\\/?s={search_term_string}\"},\"query-input\":{\"@type\":\"PropertyValueSpecification\",\"valueRequired\":true,\"valueName\":\"search_term_string\"}}],\"inLanguage\":\"de\"},{\"@type\":\"Organization\",\"@id\":\"https:\\\/\\\/www.salzburgerland.com\\\/de\\\/magazin\\\/#organization\",\"name\":\"SalzburgerLand Tourismus\",\"url\":\"https:\\\/\\\/www.salzburgerland.com\\\/de\\\/magazin\\\/\",\"logo\":{\"@type\":\"ImageObject\",\"inLanguage\":\"de\",\"@id\":\"https:\\\/\\\/www.salzburgerland.com\\\/de\\\/magazin\\\/#\\\/schema\\\/logo\\\/image\\\/\",\"url\":\"https:\\\/\\\/www.salzburgerland.com\\\/de\\\/magazin\\\/wp-content\\\/uploads\\\/2019\\\/06\\\/salzburgerland-logo1.jpg\",\"contentUrl\":\"https:\\\/\\\/www.salzburgerland.com\\\/de\\\/magazin\\\/wp-content\\\/uploads\\\/2019\\\/06\\\/salzburgerland-logo1.jpg\",\"width\":2011,\"height\":866,\"caption\":\"SalzburgerLand Tourismus\"},\"image\":{\"@id\":\"https:\\\/\\\/www.salzburgerland.com\\\/de\\\/magazin\\\/#\\\/schema\\\/logo\\\/image\\\/\"},\"sameAs\":[\"https:\\\/\\\/www.facebook.com\\\/salzburgerland\\\/\",\"https:\\\/\\\/x.com\\\/Salzburgerland\",\"https:\\\/\\\/www.instagram.com\\\/salzburgerland\\\/\",\"https:\\\/\\\/at.linkedin.com\\\/company\\\/salzburgerland-tourismus-gmbh\",\"https:\\\/\\\/www.pinterest.at\\\/salzburgerland\\\/\",\"https:\\\/\\\/www.youtube.com\\\/user\\\/salzburgerland\",\"https:\\\/\\\/de.wikipedia.org\\\/wiki\\\/SalzburgerLand_Tourismus_GmbH\"]},{\"@type\":\"Person\",\"@id\":\"https:\\\/\\\/www.salzburgerland.com\\\/de\\\/magazin\\\/#\\\/schema\\\/person\\\/7795a232ab5dc59478be3a767c60dd12\",\"name\":\"Theresa Kaserer\",\"description\":\"Fragen mit Antworten von Theresa Kaserer Dein pers\u00f6nlicher Logenplatz im SalzburgerLand? Da gibt es so viele. Wenn ich laufe, dann am liebsten die Barmstein-Runde im Tennengau wegen der sch\u00f6nen Aussicht auf Hallein hinunter. Mit dem Mountainbike fahre ich gern aufs Oberjoch bei Golling, auch wegen des Traum-Panoramas und weil es bei mir vor der Haust\u00fcre ist. Mit dem Rennrad ist mir die Edelwei\u00dfspitze in der Glocknergruppe besonders in Erinnerung geblieben, aber daf\u00fcr braucht man schon ein wenig Kondition. Als Skitour ein Hammer war der Gro\u00dfvenediger, weil der Tag einfach irrsinnig sch\u00f6n war, das Wetter, das Panorama und die Gesellschaft total gepasst hat. Auch der Hocheiser war ein Traum. Ich kann mich nicht entscheiden. Es muss aber bei mir immer ein eher einsamer Gipfel mit sch\u00f6ner Aussicht sein, da f\u00fchle ich mich am wohlsten. Dosige oder Zuagroaste? Eine Zuagroaste. Eigentlich eine Tirolerin, aus Igls bei Innsbruck, aber auch mit Pinzgauer Wurzeln in Bramberg am Wildkogel. Jetzt lebe ich im Tennengau. Woasch, jo hoi, wenn i \u00fcba die Kufstoana Grenz dr\u00fcbafoahr, nocha red i auf oamol volle b\u00e4rig Tirolerisch oba i ku scho\u00a0freiaso\u00a0gschpezig und go nid letz auf Pinzgauerisch bleamen und sch\u00f6n reden und schreiben kann ich nat\u00fcrlich auch. Morgen- oder Abendmensch? Ich bin ein Abendmensch. Vor 10 Uhr morgens bin ich eher nicht zu gebrauchen. Daf\u00fcr werde ich abends kreativ. Luxushotel oder Almh\u00fctte? Almh\u00fctte!!! Wobei ab und zu ein wenig Luxus, dazu sage ich auch nicht nein. Nur \\\"Schickimicki\\\" muss nicht sein. Ich mag es unkompliziert, gem\u00fctlich und echt. \u00a0 Mozart oder Hubert von Goisern? Wenn es Musik aus Salzburg sein soll, dann sag ich: die Steaming Satellites aus Golling. Ich mag Rockmusik. Aber Hubert von Goisern ist auch okay. Nur mit Klassik kann ich\u00a0 nichts anfangen, sorry, Wolferl! Gummistiefel oder Highheels? Laufschuhe. Notfalls nehme ich die Gummistiefel. Mit Highheels zu gehen ist f\u00fcr mich eine Qual. Ein bis zwei Stunden geht das schon, aber dann landen sie im Eck und ich barfu\u00df auf der Tanzfl\u00e4che. Wellness oder Mountainbike? Beides. Zuerst Mountainbiken und dann gerne in die Sauna. Golfplatz oder Klettergarten? Klettergarten. Ich glaube, Golf ist der einzige Sport, den ich niemals machen werde. Ausstellung oder Bergpanorama? Das ist einfach: Bergpanorama. Fr\u00fchling, Sommer, Herbst oder Winter? Die Mischung macht es aus und da geht es uns in \u00d6sterreich ja richtig gut. Nur Sommer oder Winter w\u00e4re nichts f\u00fcr mich. Ich nutze jede Jahreszeit aus und freue mich dar\u00fcber.\",\"url\":\"https:\\\/\\\/www.salzburgerland.com\\\/de\\\/magazin\\\/author\\\/theresa-kaserer\\\/\"}]}<\/script>\n<!-- \/ Yoast SEO Premium plugin. -->","yoast_head_json":{"title":"Gruselwanderung durch die Stadt Salzburg - SalzburgerLand Magazin","description":"Wer es liebt, sich zu gruseln und grausame, blutr\u00fcnstige Geschichten, Sagen und Legenden anzuh\u00f6ren, ist bei der Gruselwanderung durch Salzburgs Altstadt genau richtig. Der Hexenprozess und die Hexensabatte im 17. Jahrhundert sind ein wesentlicher Bestandteil dieser ausgefallenen F\u00fchrung.","robots":{"index":"index","follow":"follow","max-snippet":"max-snippet:-1","max-image-preview":"max-image-preview:large","max-video-preview":"max-video-preview:-1"},"canonical":"https:\/\/www.salzburgerland.com\/de\/magazin\/gruselwanderung-durch-die-stadt-salzburg\/","og_locale":"de_DE","og_type":"article","og_title":"Gruselwanderung durch die Stadt Salzburg","og_description":"Wissen Sie, woher der Ausdruck &#8222;Heute ist ein Schei\u00dftag&#8220; kommt? Heutzutage wird der Begriff vulg\u00e4r-umgangssprachlich f\u00fcr einen schlechten Tag verwendet, aber bis ins 19. Jahrhundert war es in \u00d6sterreich \u00fcblich, Knechten und Dienstboten ein bis drei unbezahlte Arbeitstage zu verrechnen, die die von ihnen beanspruchte Zeit f\u00fcr die Verrichtung des Stuhlgangs w\u00e4hrend der Arbeit ausgleichen [&hellip;]","og_url":"https:\/\/www.salzburgerland.com\/de\/magazin\/gruselwanderung-durch-die-stadt-salzburg\/","og_site_name":"SalzburgerLand Magazin","article_publisher":"https:\/\/www.facebook.com\/salzburgerland\/","article_published_time":"2020-09-02T07:00:59+00:00","article_modified_time":"2020-09-08T08:15:10+00:00","og_image":[{"width":1600,"height":1063,"url":"https:\/\/www.salzburgerland.com\/de\/magazin\/wp-content\/uploads\/2016\/08\/1.jpg","type":"image\/jpeg"}],"author":"Theresa Kaserer","twitter_card":"summary_large_image","twitter_creator":"@Salzburgerland","twitter_site":"@Salzburgerland","twitter_misc":{"Verfasst von":"Theresa Kaserer","Gesch\u00e4tzte Lesezeit":"3\u00a0Minuten"},"schema":{"@context":"https:\/\/schema.org","@graph":[{"@type":"Article","@id":"https:\/\/www.salzburgerland.com\/de\/magazin\/gruselwanderung-durch-die-stadt-salzburg\/#article","isPartOf":{"@id":"https:\/\/www.salzburgerland.com\/de\/magazin\/gruselwanderung-durch-die-stadt-salzburg\/"},"author":{"name":"Theresa Kaserer","@id":"https:\/\/www.salzburgerland.com\/de\/magazin\/#\/schema\/person\/7795a232ab5dc59478be3a767c60dd12"},"headline":"Gruselwanderung durch die Stadt Salzburg","datePublished":"2020-09-02T07:00:59+00:00","dateModified":"2020-09-08T08:15:10+00:00","mainEntityOfPage":{"@id":"https:\/\/www.salzburgerland.com\/de\/magazin\/gruselwanderung-durch-die-stadt-salzburg\/"},"wordCount":702,"commentCount":1,"publisher":{"@id":"https:\/\/www.salzburgerland.com\/de\/magazin\/#organization"},"image":{"@id":"https:\/\/www.salzburgerland.com\/de\/magazin\/gruselwanderung-durch-die-stadt-salzburg\/#primaryimage"},"thumbnailUrl":"https:\/\/www.salzburgerland.com\/de\/magazin\/wp-content\/uploads\/2016\/08\/1.jpg","articleSection":["Kunst &amp; Kultur"],"inLanguage":"de","potentialAction":[{"@type":"CommentAction","name":"Comment","target":["https:\/\/www.salzburgerland.com\/de\/magazin\/gruselwanderung-durch-die-stadt-salzburg\/#respond"]}]},{"@type":"WebPage","@id":"https:\/\/www.salzburgerland.com\/de\/magazin\/gruselwanderung-durch-die-stadt-salzburg\/","url":"https:\/\/www.salzburgerland.com\/de\/magazin\/gruselwanderung-durch-die-stadt-salzburg\/","name":"Gruselwanderung durch die Stadt Salzburg - SalzburgerLand Magazin","isPartOf":{"@id":"https:\/\/www.salzburgerland.com\/de\/magazin\/#website"},"primaryImageOfPage":{"@id":"https:\/\/www.salzburgerland.com\/de\/magazin\/gruselwanderung-durch-die-stadt-salzburg\/#primaryimage"},"image":{"@id":"https:\/\/www.salzburgerland.com\/de\/magazin\/gruselwanderung-durch-die-stadt-salzburg\/#primaryimage"},"thumbnailUrl":"https:\/\/www.salzburgerland.com\/de\/magazin\/wp-content\/uploads\/2016\/08\/1.jpg","datePublished":"2020-09-02T07:00:59+00:00","dateModified":"2020-09-08T08:15:10+00:00","breadcrumb":{"@id":"https:\/\/www.salzburgerland.com\/de\/magazin\/gruselwanderung-durch-die-stadt-salzburg\/#breadcrumb"},"inLanguage":"de","potentialAction":[{"@type":"ReadAction","target":["https:\/\/www.salzburgerland.com\/de\/magazin\/gruselwanderung-durch-die-stadt-salzburg\/"]}]},{"@type":"ImageObject","inLanguage":"de","@id":"https:\/\/www.salzburgerland.com\/de\/magazin\/gruselwanderung-durch-die-stadt-salzburg\/#primaryimage","url":"https:\/\/www.salzburgerland.com\/de\/magazin\/wp-content\/uploads\/2016\/08\/1.jpg","contentUrl":"https:\/\/www.salzburgerland.com\/de\/magazin\/wp-content\/uploads\/2016\/08\/1.jpg","width":1600,"height":1063,"caption":"Sabine Rath lebt ist seit 2001 in Salzburg: \"Als Wahlheimat ist mir die Stadt ans Herz gewachsen - auch ihre dunklen Gassen.\""},{"@type":"BreadcrumbList","@id":"https:\/\/www.salzburgerland.com\/de\/magazin\/gruselwanderung-durch-die-stadt-salzburg\/#breadcrumb","itemListElement":[{"@type":"ListItem","position":1,"name":"Startseite","item":"https:\/\/www.salzburgerland.com\/de\/magazin\/"},{"@type":"ListItem","position":2,"name":"Kunst &amp; Kultur","item":"https:\/\/www.salzburgerland.com\/de\/magazin\/thema\/kunst-kultur\/"},{"@type":"ListItem","position":3,"name":"Gruselwanderung durch die Stadt Salzburg"}]},{"@type":"WebSite","@id":"https:\/\/www.salzburgerland.com\/de\/magazin\/#website","url":"https:\/\/www.salzburgerland.com\/de\/magazin\/","name":"SalzburgerLand Magazin","description":"Geschichten und Interessantes aus dem SalzburgerLand","publisher":{"@id":"https:\/\/www.salzburgerland.com\/de\/magazin\/#organization"},"potentialAction":[{"@type":"SearchAction","target":{"@type":"EntryPoint","urlTemplate":"https:\/\/www.salzburgerland.com\/de\/magazin\/?s={search_term_string}"},"query-input":{"@type":"PropertyValueSpecification","valueRequired":true,"valueName":"search_term_string"}}],"inLanguage":"de"},{"@type":"Organization","@id":"https:\/\/www.salzburgerland.com\/de\/magazin\/#organization","name":"SalzburgerLand Tourismus","url":"https:\/\/www.salzburgerland.com\/de\/magazin\/","logo":{"@type":"ImageObject","inLanguage":"de","@id":"https:\/\/www.salzburgerland.com\/de\/magazin\/#\/schema\/logo\/image\/","url":"https:\/\/www.salzburgerland.com\/de\/magazin\/wp-content\/uploads\/2019\/06\/salzburgerland-logo1.jpg","contentUrl":"https:\/\/www.salzburgerland.com\/de\/magazin\/wp-content\/uploads\/2019\/06\/salzburgerland-logo1.jpg","width":2011,"height":866,"caption":"SalzburgerLand Tourismus"},"image":{"@id":"https:\/\/www.salzburgerland.com\/de\/magazin\/#\/schema\/logo\/image\/"},"sameAs":["https:\/\/www.facebook.com\/salzburgerland\/","https:\/\/x.com\/Salzburgerland","https:\/\/www.instagram.com\/salzburgerland\/","https:\/\/at.linkedin.com\/company\/salzburgerland-tourismus-gmbh","https:\/\/www.pinterest.at\/salzburgerland\/","https:\/\/www.youtube.com\/user\/salzburgerland","https:\/\/de.wikipedia.org\/wiki\/SalzburgerLand_Tourismus_GmbH"]},{"@type":"Person","@id":"https:\/\/www.salzburgerland.com\/de\/magazin\/#\/schema\/person\/7795a232ab5dc59478be3a767c60dd12","name":"Theresa Kaserer","description":"Fragen mit Antworten von Theresa Kaserer Dein pers\u00f6nlicher Logenplatz im SalzburgerLand? Da gibt es so viele. Wenn ich laufe, dann am liebsten die Barmstein-Runde im Tennengau wegen der sch\u00f6nen Aussicht auf Hallein hinunter. Mit dem Mountainbike fahre ich gern aufs Oberjoch bei Golling, auch wegen des Traum-Panoramas und weil es bei mir vor der Haust\u00fcre ist. Mit dem Rennrad ist mir die Edelwei\u00dfspitze in der Glocknergruppe besonders in Erinnerung geblieben, aber daf\u00fcr braucht man schon ein wenig Kondition. Als Skitour ein Hammer war der Gro\u00dfvenediger, weil der Tag einfach irrsinnig sch\u00f6n war, das Wetter, das Panorama und die Gesellschaft total gepasst hat. Auch der Hocheiser war ein Traum. Ich kann mich nicht entscheiden. Es muss aber bei mir immer ein eher einsamer Gipfel mit sch\u00f6ner Aussicht sein, da f\u00fchle ich mich am wohlsten. Dosige oder Zuagroaste? Eine Zuagroaste. Eigentlich eine Tirolerin, aus Igls bei Innsbruck, aber auch mit Pinzgauer Wurzeln in Bramberg am Wildkogel. Jetzt lebe ich im Tennengau. Woasch, jo hoi, wenn i \u00fcba die Kufstoana Grenz dr\u00fcbafoahr, nocha red i auf oamol volle b\u00e4rig Tirolerisch oba i ku scho\u00a0freiaso\u00a0gschpezig und go nid letz auf Pinzgauerisch bleamen und sch\u00f6n reden und schreiben kann ich nat\u00fcrlich auch. Morgen- oder Abendmensch? Ich bin ein Abendmensch. Vor 10 Uhr morgens bin ich eher nicht zu gebrauchen. Daf\u00fcr werde ich abends kreativ. Luxushotel oder Almh\u00fctte? Almh\u00fctte!!! Wobei ab und zu ein wenig Luxus, dazu sage ich auch nicht nein. Nur \"Schickimicki\" muss nicht sein. Ich mag es unkompliziert, gem\u00fctlich und echt. \u00a0 Mozart oder Hubert von Goisern? Wenn es Musik aus Salzburg sein soll, dann sag ich: die Steaming Satellites aus Golling. Ich mag Rockmusik. Aber Hubert von Goisern ist auch okay. Nur mit Klassik kann ich\u00a0 nichts anfangen, sorry, Wolferl! Gummistiefel oder Highheels? Laufschuhe. Notfalls nehme ich die Gummistiefel. Mit Highheels zu gehen ist f\u00fcr mich eine Qual. Ein bis zwei Stunden geht das schon, aber dann landen sie im Eck und ich barfu\u00df auf der Tanzfl\u00e4che. Wellness oder Mountainbike? Beides. Zuerst Mountainbiken und dann gerne in die Sauna. Golfplatz oder Klettergarten? Klettergarten. Ich glaube, Golf ist der einzige Sport, den ich niemals machen werde. Ausstellung oder Bergpanorama? Das ist einfach: Bergpanorama. Fr\u00fchling, Sommer, Herbst oder Winter? Die Mischung macht es aus und da geht es uns in \u00d6sterreich ja richtig gut. Nur Sommer oder Winter w\u00e4re nichts f\u00fcr mich. Ich nutze jede Jahreszeit aus und freue mich dar\u00fcber.","url":"https:\/\/www.salzburgerland.com\/de\/magazin\/author\/theresa-kaserer\/"}]}},"_wl_alt_label":[],"wl:entity_url":"http:\/\/open.salzburgerland.com\/magazin\/post\/gruselwanderung_durch_die_stadt_salzburg","_links":{"self":[{"href":"https:\/\/www.salzburgerland.com\/de\/magazin\/wp-json\/wp\/v2\/posts\/108691","targetHints":{"allow":["GET"]}}],"collection":[{"href":"https:\/\/www.salzburgerland.com\/de\/magazin\/wp-json\/wp\/v2\/posts"}],"about":[{"href":"https:\/\/www.salzburgerland.com\/de\/magazin\/wp-json\/wp\/v2\/types\/post"}],"author":[{"embeddable":true,"href":"https:\/\/www.salzburgerland.com\/de\/magazin\/wp-json\/wp\/v2\/users\/520"}],"replies":[{"embeddable":true,"href":"https:\/\/www.salzburgerland.com\/de\/magazin\/wp-json\/wp\/v2\/comments?post=108691"}],"version-history":[{"count":3,"href":"https:\/\/www.salzburgerland.com\/de\/magazin\/wp-json\/wp\/v2\/posts\/108691\/revisions"}],"predecessor-version":[{"id":146288,"href":"https:\/\/www.salzburgerland.com\/de\/magazin\/wp-json\/wp\/v2\/posts\/108691\/revisions\/146288"}],"wp:featuredmedia":[{"embeddable":true,"href":"https:\/\/www.salzburgerland.com\/de\/magazin\/wp-json\/wp\/v2\/media\/108692"}],"wp:attachment":[{"href":"https:\/\/www.salzburgerland.com\/de\/magazin\/wp-json\/wp\/v2\/media?parent=108691"}],"wp:term":[{"taxonomy":"category","embeddable":true,"href":"https:\/\/www.salzburgerland.com\/de\/magazin\/wp-json\/wp\/v2\/categories?post=108691"},{"taxonomy":"post_tag","embeddable":true,"href":"https:\/\/www.salzburgerland.com\/de\/magazin\/wp-json\/wp\/v2\/tags?post=108691"},{"taxonomy":"wl_entity_type","embeddable":true,"href":"https:\/\/www.salzburgerland.com\/de\/magazin\/wp-json\/wp\/v2\/wl_entity_type?post=108691"},{"taxonomy":"monatsauswahl","embeddable":true,"href":"https:\/\/www.salzburgerland.com\/de\/magazin\/wp-json\/wp\/v2\/monatsauswahl?post=108691"}],"curies":[{"name":"wp","href":"https:\/\/api.w.org\/{rel}","templated":true}]}}