{"id":108513,"date":"2018-05-23T08:30:12","date_gmt":"2018-05-23T06:30:12","guid":{"rendered":"http:\/\/magazin.salzburgerland.com\/?p=108513"},"modified":"2022-11-23T10:43:50","modified_gmt":"2022-11-23T09:43:50","slug":"8-topfilme-aus-dem-salzburgerland","status":"publish","type":"post","link":"https:\/\/www.salzburgerland.com\/de\/magazin\/8-topfilme-aus-dem-salzburgerland\/","title":{"rendered":"Topfilme aus dem SalzburgerLand"},"content":{"rendered":"\n<h2 class=\"wp-block-slt-subtitle\">Mehr als nur Kulisse<\/h2>\n\n\n\n<p class=\"wp-block-slt-intro\">Das SalzburgerLand bietet fantastische Kulissen, die von der historischen Stadt, romantischen Schl\u00f6ssern&nbsp;bis hin zu ber\u00fchrend sch\u00f6nen Naturlandschaften reicht. Filmemacher wissen das \u2013 und&nbsp;erkl\u00e4rten das SalzburgerLand mehr als einmal zu ihrem&nbsp;Drehort.&nbsp;<\/p>\n\n\n\n<p>Es gibt Dinge, die kann die&nbsp;Filmkulisse Hollywoods trotz all seiner Ber\u00fchmtheit nicht bieten. Die Naturkulisse und die Kultur des SalzburgerLandes&nbsp;zum Beispiel \u2013 die dramatisch sch\u00f6nen Alpen, die in eine andere Welt weit \u00fcber jene des&nbsp;Alltags entf\u00fchrt.&nbsp;Geb\u00e4ude, die so viele Jahrhunderte auf den Buckel haben, dass sie in ihrem Alter mit den uralten Eichen und Kastanienb\u00e4umen mithalten k\u00f6nnen. Kreative K\u00f6pfe wissen das zu sch\u00e4tzen \u2013 und drehen ihre Filme hier, wo die Salzburger Kultur zuhause ist.&nbsp;Wir haben uns auf die Suche nach den Top-Filmen made im SalzburgerLand gemacht.<\/p>\n\n\n\n<h2 class=\"wp-block-heading\" id=\"h-the-sound-of-music\">The Sound of Music<\/h2>\n\n\n\n<figure class=\"wp-block-image alignnone size-full wp-image-108600 size-singlePost\"><img loading=\"lazy\" decoding=\"async\" width=\"1024\" height=\"768\" src=\"https:\/\/www.salzburgerland.com\/de\/magazin\/wp-content\/uploads\/2016\/08\/sound-of-music1-2.jpg\" alt=\"sound-of-music1\" class=\"wp-image-108600\" srcset=\"https:\/\/www.salzburgerland.com\/de\/magazin\/wp-content\/uploads\/2016\/08\/sound-of-music1-2.jpg 1024w, https:\/\/www.salzburgerland.com\/de\/magazin\/wp-content\/uploads\/2016\/08\/sound-of-music1-2-300x225.jpg 300w, https:\/\/www.salzburgerland.com\/de\/magazin\/wp-content\/uploads\/2016\/08\/sound-of-music1-2-733x550.jpg 733w, https:\/\/www.salzburgerland.com\/de\/magazin\/wp-content\/uploads\/2016\/08\/sound-of-music1-2-140x105.jpg 140w, https:\/\/www.salzburgerland.com\/de\/magazin\/wp-content\/uploads\/2016\/08\/sound-of-music1-2-533x400.jpg 533w, https:\/\/www.salzburgerland.com\/de\/magazin\/wp-content\/uploads\/2016\/08\/sound-of-music1-2-960x720.jpg 960w, https:\/\/www.salzburgerland.com\/de\/magazin\/wp-content\/uploads\/2016\/08\/sound-of-music1-2-1200x900.jpg 1200w\" sizes=\"auto, (max-width: 1024px) 100vw, 1024px\" \/><figcaption>Salzburgs wohl ber\u00fchmtester Film: The Sound of Music. \u00a9 The Sound of Music<\/figcaption><\/figure>\n\n\n\n<p>Zugegeben, der war aufgelegt: The Sound of Music ist nicht nur Titelgeber f\u00fcr einen Musical-Film, der 1965 in den Kinos lief, sondern auch f\u00fcr ein real inszeniertes Musical, gef\u00fchrte Radtouren, gef\u00fchrte Bustouren und und und. Ganz klar: Alpenpanorama und dazu Musik, das mag vielleicht ein bisschen kitschig anmuten, ber\u00fchrt aber dann doch die tiefsten Sehns\u00fcchte nach Natur und Harmonie. Im \u00dcbrigen ist die Geschichte, die die Trapp-Familie erlebt, nicht im Geringsten kitschig. Da geht es n\u00e4mlich neben der Musik auch&nbsp;um den zweiten Weltkrieg und um einen Mann, der vor dem Beitritt in die Marine flieht.&nbsp;Gedreht wurde das Ganze damals an unterschiedlichen Stationen der Mozartstadt, darunter&nbsp;Schloss Leopoldskron, dem Benediktinerinnenkloster Nonnberg und dem Mirabellgarten. 2015 erschien die Neuverfilmung, nat\u00fcrlich ebenfalls in Salzburg und unter dem Titel &#8222;Die Trapp Familie \u2013 Ein Leben f\u00fcr die Musik&#8220;.<\/p>\n\n\n\n<h2 class=\"wp-block-heading\" id=\"h-agenten-sterben-einsam\">Agenten sterben einsam<\/h2>\n\n\n\n<figure class=\"wp-block-image size-full\"><img loading=\"lazy\" decoding=\"async\" width=\"1000\" height=\"667\" src=\"https:\/\/www.salzburgerland.com\/de\/magazin\/wp-content\/uploads\/2018\/05\/csm__DSC5838_0d8023f010.jpeg\" alt=\"Steinschloss mit rot-wei\u00dfen Fensterl\u00e4den, steilen Treppen und T\u00fcrmen unter einem strahlenden Himmel.\" class=\"wp-image-166856\" srcset=\"https:\/\/www.salzburgerland.com\/de\/magazin\/wp-content\/uploads\/2018\/05\/csm__DSC5838_0d8023f010.jpeg 1000w, https:\/\/www.salzburgerland.com\/de\/magazin\/wp-content\/uploads\/2018\/05\/csm__DSC5838_0d8023f010-300x200.jpeg 300w, https:\/\/www.salzburgerland.com\/de\/magazin\/wp-content\/uploads\/2018\/05\/csm__DSC5838_0d8023f010-825x550.jpeg 825w, https:\/\/www.salzburgerland.com\/de\/magazin\/wp-content\/uploads\/2018\/05\/csm__DSC5838_0d8023f010-600x400.jpeg 600w, https:\/\/www.salzburgerland.com\/de\/magazin\/wp-content\/uploads\/2018\/05\/csm__DSC5838_0d8023f010-150x100.jpeg 150w\" sizes=\"auto, (max-width: 1000px) 100vw, 1000px\" \/><figcaption>\u00a9 Burg Hohenwerfen<\/figcaption><\/figure>\n\n\n\n<p>Hollywood-Schauspieler Richard Burton und Clint Eastwood waren auf Hohenwerfen zu Beginn des Jahres 1968 \u2013 nur knapp 23 Jahre nach Kriegsende \u2013 die Hauptdarsteller im milit\u00e4rischen Kampf gegen das \u201eDritte Reich\u201c. In dem Film \u201eAgenten sterben einsam\u201c (\u201eWhere Eagles Dare\u201c) spielt der geb\u00fcrtige Brite Burton einen Elite-Soldaten: Als britischer Major Jonathan Smith f\u00fchrt er eine Gruppe alliierter K\u00e4mpfer an, die mit Fallschirmen nahe der Festung Hohenwerfen abspringen und sich als deutsche Soldaten verkleiden, um in die Burg zu kommen. Scout und Regionalmanager f\u00fcr das Filmteam war der Salzburger Extrembergsteiger Marcus Schmuck, der 1954 durch die Erstbesteigung des Broad Peak in Pakistan weltbekannt geworden war. So manch Werfener kann sich noch heute an die Filmleute erinnern als Liz Taylor in Begleitung von Noch-Ehemann Richard Burton in Werfen gewohnt und die Einheimischen mit ihrem Charme verzaubert hat.<\/p>\n\n\n\n<h2 class=\"wp-block-heading\" id=\"h-blutsbruder-teilen-alles\">Blutsbr\u00fcder teilen alles<\/h2>\n\n\n\n<figure class=\"wp-block-image alignnone size-full wp-image-108597 size-singlePost\"><img loading=\"lazy\" decoding=\"async\" width=\"1600\" height=\"669\" src=\"https:\/\/www.salzburgerland.com\/de\/magazin\/wp-content\/uploads\/2016\/08\/blutsbrueder01.jpg\" alt=\"blutsbrueder01\" class=\"wp-image-108597\" srcset=\"https:\/\/www.salzburgerland.com\/de\/magazin\/wp-content\/uploads\/2016\/08\/blutsbrueder01.jpg 1600w, https:\/\/www.salzburgerland.com\/de\/magazin\/wp-content\/uploads\/2016\/08\/blutsbrueder01-300x125.jpg 300w, https:\/\/www.salzburgerland.com\/de\/magazin\/wp-content\/uploads\/2016\/08\/blutsbrueder01-1315x550.jpg 1315w, https:\/\/www.salzburgerland.com\/de\/magazin\/wp-content\/uploads\/2016\/08\/blutsbrueder01-957x400.jpg 957w, https:\/\/www.salzburgerland.com\/de\/magazin\/wp-content\/uploads\/2016\/08\/blutsbrueder01-1320x552.jpg 1320w\" sizes=\"auto, (max-width: 1600px) 100vw, 1600px\" \/><figcaption>Zwei echte Freunde: &#8222;Blutsbr\u00fcder teilen alles&#8220;, Drehort: Hallein \u00a9 Luna Film<\/figcaption><\/figure>\n\n\n\n<p>Hallein diente als Drehort f\u00fcr eine&nbsp;Geschichte, der richtig an die Nieren geht. 2013 erschien der Film, der von zwei Buben handelt, die wahre Freunde sind. Es ist das letztes Jahr des 2. Weltkrieges und ausgerechnet in diesem entdecken die beiden ihre Lust am Abenteuer. Heile, freudige Kinderwelt und daneben zerbombte H\u00e4user: Diese zwei Extreme finden in &#8222;Blutsbr\u00fcder teilen alles&#8220;&nbsp;tats\u00e4chlich und auf ber\u00fchrende Art und Weise nebeneinander Platz. Ganz gro\u00dfes Kino von Regisseur&nbsp;Wolfram Paulus.<\/p>\n\n\n\n<h2 class=\"wp-block-heading\" id=\"h-die-ruckkehr-der-tempelritter\">Die R\u00fcckkehr der Tempelritter<\/h2>\n\n\n\n<figure class=\"wp-block-image alignnone size-full wp-image-108620 size-singlePost\"><img loading=\"lazy\" decoding=\"async\" width=\"1400\" height=\"933\" src=\"https:\/\/www.salzburgerland.com\/de\/magazin\/wp-content\/uploads\/2016\/08\/tempelritter-1.jpg\" alt=\"tempelritter-1\" class=\"wp-image-108620\" srcset=\"https:\/\/www.salzburgerland.com\/de\/magazin\/wp-content\/uploads\/2016\/08\/tempelritter-1.jpg 1400w, https:\/\/www.salzburgerland.com\/de\/magazin\/wp-content\/uploads\/2016\/08\/tempelritter-1-300x200.jpg 300w, https:\/\/www.salzburgerland.com\/de\/magazin\/wp-content\/uploads\/2016\/08\/tempelritter-1-825x550.jpg 825w, https:\/\/www.salzburgerland.com\/de\/magazin\/wp-content\/uploads\/2016\/08\/tempelritter-1-600x400.jpg 600w, https:\/\/www.salzburgerland.com\/de\/magazin\/wp-content\/uploads\/2016\/08\/tempelritter-1-1320x880.jpg 1320w\" sizes=\"auto, (max-width: 1400px) 100vw, 1400px\" \/><figcaption>Die f\u00fcr eine Hexe gehaltene Anna sucht in &#8222;Die R\u00fcckkehr der Tempelritter&#8220; am Seewaldsee bei St. Koloman Schutz. \u00a9 Universum Film GmbH<\/figcaption><\/figure>\n\n\n\n<p>Wer schon einmal da war, der wei\u00df um die fast schon mystische Sch\u00f6nheit des Seewaldsees bei St. Koloman Bescheid. Irgendwie hat sich diese bis zu Hollywood-Regisseur Dominic Sena herumgesprochen, der kurzerhand beschloss, seinen Film &#8222;Die R\u00fcckkehr der Tempelritter&#8220; hier auf rund 1.100 Metern Seeh\u00f6he zu drehen.&nbsp;Der Mystery-Abenteuerfilm mit Nicolas Cage und Ron Perlman in den Hauptrollen f\u00fchrt den Zuschauer in die d\u00fcstere Welt des fr\u00fchen Mittelalters, der&nbsp;Hexenverbrennung und eines&nbsp;geheimnisvollen Rituals, das die der Hexerei bezichtigte Anna retten soll.<\/p>\n\n\n\n<h2 class=\"wp-block-heading\" id=\"h-metamorphosis\">Metamorphosis<\/h2>\n\n\n\n<figure class=\"wp-block-image alignnone size-full wp-image-108602 size-singlePost\"><img loading=\"lazy\" decoding=\"async\" width=\"1600\" height=\"1065\" src=\"https:\/\/www.salzburgerland.com\/de\/magazin\/wp-content\/uploads\/2016\/08\/winter-flugaufnahme-burg-kaprun-1.jpg\" alt=\"winter-flugaufnahme-burg-kaprun-1\" class=\"wp-image-108602\" srcset=\"https:\/\/www.salzburgerland.com\/de\/magazin\/wp-content\/uploads\/2016\/08\/winter-flugaufnahme-burg-kaprun-1.jpg 1600w, https:\/\/www.salzburgerland.com\/de\/magazin\/wp-content\/uploads\/2016\/08\/winter-flugaufnahme-burg-kaprun-1-300x200.jpg 300w, https:\/\/www.salzburgerland.com\/de\/magazin\/wp-content\/uploads\/2016\/08\/winter-flugaufnahme-burg-kaprun-1-826x550.jpg 826w, https:\/\/www.salzburgerland.com\/de\/magazin\/wp-content\/uploads\/2016\/08\/winter-flugaufnahme-burg-kaprun-1-601x400.jpg 601w, https:\/\/www.salzburgerland.com\/de\/magazin\/wp-content\/uploads\/2016\/08\/winter-flugaufnahme-burg-kaprun-1-1320x879.jpg 1320w\" sizes=\"auto, (max-width: 1600px) 100vw, 1600px\" \/><figcaption>Gute Location f\u00fcr einen Vampir-Film: Die Burg Kaprun um&nbsp;Zell am See. \u00a9 Zell am See-Kaprun Tourismus \/ Mairitsch<\/figcaption><\/figure>\n\n\n\n<p>Die&nbsp;Burg Kaprun in Zell am See ist die perfekte mystische Kulisse, um die Geschichte von einer ungarischen Gr\u00e4fin zu erz\u00e4hlen. Keith, ein junger Schriftsteller aus Amerika, sp\u00fcrt der Gr\u00e4fin im Zuge seiner Recherchen nach \u2013 sie soll im 16. Jahrhundert gelebt haben. Auf seiner Reise durch Osteuropa trifft er auf die Sch\u00f6nheit, die auf wundersame Weise noch immer am Leben ist und, wie sollte es anders sein, verliebt sich in sie. Der uralte Twist zweier Herrschaftsh\u00e4user wird wieder heraufbeschworen und ein Kampf um Leben und Tod beginnt. Gruselig, spannend und romantisch obendrein pr\u00e4sentiert sich &#8222;Metamorphosis&#8220;, der 2007 in den Kinos lief.<\/p>\n\n\n\n<h2 class=\"wp-block-heading\" id=\"h-silentium\">Silentium<\/h2>\n\n\n\n<figure class=\"wp-block-image alignnone size-full wp-image-108593 size-singlePost\"><img loading=\"lazy\" decoding=\"async\" width=\"1600\" height=\"1071\" src=\"https:\/\/www.salzburgerland.com\/de\/magazin\/wp-content\/uploads\/2016\/08\/hires-Aussicht_vom_Festspielhaus_c_Luigi_Caputo.jpg\" alt=\"hires-Aussicht_vom_Festspielhaus_c_Luigi_Caputo\" class=\"wp-image-108593\" srcset=\"https:\/\/www.salzburgerland.com\/de\/magazin\/wp-content\/uploads\/2016\/08\/hires-Aussicht_vom_Festspielhaus_c_Luigi_Caputo.jpg 1600w, https:\/\/www.salzburgerland.com\/de\/magazin\/wp-content\/uploads\/2016\/08\/hires-Aussicht_vom_Festspielhaus_c_Luigi_Caputo-300x201.jpg 300w, https:\/\/www.salzburgerland.com\/de\/magazin\/wp-content\/uploads\/2016\/08\/hires-Aussicht_vom_Festspielhaus_c_Luigi_Caputo-822x550.jpg 822w, https:\/\/www.salzburgerland.com\/de\/magazin\/wp-content\/uploads\/2016\/08\/hires-Aussicht_vom_Festspielhaus_c_Luigi_Caputo-598x400.jpg 598w, https:\/\/www.salzburgerland.com\/de\/magazin\/wp-content\/uploads\/2016\/08\/hires-Aussicht_vom_Festspielhaus_c_Luigi_Caputo-1320x884.jpg 1320w\" sizes=\"auto, (max-width: 1600px) 100vw, 1600px\" \/><figcaption>Der Festspielbezirk diente als Kulisse f\u00fcr die Wolf Haas-Verfilmung &#8222;Silentium&#8220;. \u00a9 Luigi Caputo<\/figcaption><\/figure>\n\n\n\n<p>Ein Mord, viele Verd\u00e4chtige und dabei so viel mehr als ein einfacher Krimi: &#8222;Silentium&#8220;, die Verfilmung des gleichnamigen Romans von Erfolgsautor Wolf Hass ging 2004 als Meisterwerk in die Filmgeschichte ein. Sowohl Haas als auch Regisseur Wolfgang Murnberger nahmen sich einem nicht gerade unverf\u00e4nglichen Thema an: Nicht nur geht es im Film um ein Todesopfer, sondern auch um das Festspiel-Business und Dinge, die von ganz oben kommen und doch keineswegs rechtens sind. Josef Hader zeigt sich hier&nbsp;mal wieder gewohnt genial.<\/p>\n\n\n\n<h2 class=\"wp-block-heading\" id=\"h-der-wilderer-vom-silberwald\">Der Wilderer vom Silberwald<\/h2>\n\n\n\n<figure class=\"wp-block-image alignnone size-full wp-image-108621 size-singlePost\"><img loading=\"lazy\" decoding=\"async\" width=\"994\" height=\"558\" src=\"https:\/\/www.salzburgerland.com\/de\/magazin\/wp-content\/uploads\/2016\/08\/wilderer-vom-silberwald-102-_v-img__16__9__xl_-d31c35f8186ebeb80b0cd843a7c267a0e0c81647.jpg\" alt=\"wilderer-vom-silberwald-102-_v-img__16__9__xl_-d31c35f8186ebeb80b0cd843a7c267a0e0c81647\" class=\"wp-image-108621\" srcset=\"https:\/\/www.salzburgerland.com\/de\/magazin\/wp-content\/uploads\/2016\/08\/wilderer-vom-silberwald-102-_v-img__16__9__xl_-d31c35f8186ebeb80b0cd843a7c267a0e0c81647.jpg 994w, https:\/\/www.salzburgerland.com\/de\/magazin\/wp-content\/uploads\/2016\/08\/wilderer-vom-silberwald-102-_v-img__16__9__xl_-d31c35f8186ebeb80b0cd843a7c267a0e0c81647-300x168.jpg 300w, https:\/\/www.salzburgerland.com\/de\/magazin\/wp-content\/uploads\/2016\/08\/wilderer-vom-silberwald-102-_v-img__16__9__xl_-d31c35f8186ebeb80b0cd843a7c267a0e0c81647-980x550.jpg 980w, https:\/\/www.salzburgerland.com\/de\/magazin\/wp-content\/uploads\/2016\/08\/wilderer-vom-silberwald-102-_v-img__16__9__xl_-d31c35f8186ebeb80b0cd843a7c267a0e0c81647-713x400.jpg 713w, https:\/\/www.salzburgerland.com\/de\/magazin\/wp-content\/uploads\/2016\/08\/wilderer-vom-silberwald-102-_v-img__16__9__xl_-d31c35f8186ebeb80b0cd843a7c267a0e0c81647-250x140.jpg 250w, https:\/\/www.salzburgerland.com\/de\/magazin\/wp-content\/uploads\/2016\/08\/wilderer-vom-silberwald-102-_v-img__16__9__xl_-d31c35f8186ebeb80b0cd843a7c267a0e0c81647-1200x675.jpg 1200w\" sizes=\"auto, (max-width: 994px) 100vw, 994px\" \/><figcaption>Rundum Maria Alm spielt sich der Heimatfilm &#8222;Der Wilderer vom Silberwald&#8220; ab. \u00a9 ARD Degeto<\/figcaption><\/figure>\n\n\n\n<p>Sehnsucht nach den Alpen? Nach Edelwei\u00df, Almen, dem L\u00e4uten der Kuhglocken und dieser Luft, die es nur in den Bergen gibt? Wer sich gerade nicht&nbsp;ohne weiteres auf den R\u00fccken der Berge begeben kann,&nbsp;dessen Gel\u00fcste k\u00f6nnten auch durch den Heimatfilm &#8222;Der Wilderer vom Silberwald&#8220; aus dem Jahr 1957 kurzfristig gestillt werden.&nbsp;Der junge Christian Pachegg gelangt in dem Werk von Otto Meyer zu einer neuen Stelle als F\u00f6rster in Eglau im Alpenland, bei der er dann auch gleich die junge Witwe Josefa Rohrer kennen lernt. Josefa, merkt er rasch, ist nicht sonderlich beliebt im Dorf. Aber ganz ehrlich: Das wirklich Tolle an diesem Film ist nicht die Story. Es sind die bezaubernden Tier- und Landschaftsaufnahmen in der herrlichen Gegend rundum Maria Alm.<\/p>\n\n\n\n<h2 class=\"wp-block-heading\" id=\"h-sissi\">Sissi<\/h2>\n\n\n\n<figure class=\"wp-block-image alignnone wp-image-26355 size-singlePost\"><img decoding=\"async\" src=\"https:\/\/www.salzburgerland.com\/de\/magazin\/wp-content\/uploads\/2012\/09\/sissi1-650x435.jpg\" alt=\"sissi1\" class=\"wp-image-26355\"\/><figcaption>Das Schloss zu Ufern des Fuschlsees beherbergte einst Romy Schneider alias Sissi. \u00a9 TVB Fuschl am See<\/figcaption><\/figure>\n\n\n\n<p>Nat\u00fcrlich, die bayerische Prinzessin und sp\u00e4tere Kaiserin \u00fcber \u00d6sterreich und Ungarn darf in dieser Aufz\u00e4hlung nicht fehlen. Kaum einer, der die ab 1955 begonnene Trilogie nicht kennt. Sissi und ihr Franz gingen nicht nur in die Geschichtsb\u00fccher, sondern auch in die Filmgeschichte und in die Herzen von Generationen ein. Die Heimat Sissis, eigentlich&nbsp;das Schloss Possenhofen am Starnberger See, verlegte Regisseur Ernst Marischka kurzerhand nach Fuschl am See in das Schlosshotel Fuschl. Welches f\u00fcr den Dreh aufw\u00e4ndig umgebaut wurde, um der neuen filmischen Heimat der bayerischen Prinzessin gerecht zu werden.&nbsp;Hat sich gelohnt: Sissi ist noch immer der perfekte Film, um nach allen Regeln der Kunst zu schmachten und zu tr\u00e4umen.<\/p>\n","protected":false},"excerpt":{"rendered":"<p>Es gibt Dinge, die kann die&nbsp;Filmkulisse Hollywoods trotz all seiner Ber\u00fchmtheit nicht bieten. Die Naturkulisse und die Kultur des SalzburgerLandes&nbsp;zum Beispiel \u2013 die dramatisch sch\u00f6nen Alpen, die in eine andere Welt weit \u00fcber jene des&nbsp;Alltags entf\u00fchrt.&nbsp;Geb\u00e4ude, die so viele Jahrhunderte auf den Buckel haben, dass sie in ihrem Alter mit den uralten Eichen und Kastanienb\u00e4umen [&hellip;]<\/p>\n","protected":false},"author":8,"featured_media":166861,"comment_status":"open","ping_status":"open","sticky":false,"template":"","format":"standard","meta":{"_acf_changed":false,"wl_entities_gutenberg":"","_wl_entity_redirect_enabled":"","footnotes":""},"categories":[6],"tags":[],"wl_entity_type":[306],"monatsauswahl":[82,83,84,85,86,87,88,89,90,91,92,93],"class_list":["post-108513","post","type-post","status-publish","format-standard","has-post-thumbnail","hentry","category-kunst-kultur","wl_entity_type-article","monatsauswahl-monat_1","monatsauswahl-monat_2","monatsauswahl-monat_3","monatsauswahl-monat_4","monatsauswahl-monat_5","monatsauswahl-monat_6","monatsauswahl-monat_7","monatsauswahl-monat_8","monatsauswahl-monat_9","monatsauswahl-monat_10","monatsauswahl-monat_11","monatsauswahl-monat_12"],"acf":[],"yoast_head":"<!-- This site is optimized with the Yoast SEO Premium plugin v27.4 (Yoast SEO v27.4) - https:\/\/yoast.com\/product\/yoast-seo-premium-wordpress\/ -->\n<title>Topfilme aus dem SalzburgerLand - SalzburgerLand Magazin<\/title>\n<meta name=\"description\" content=\"Das SalzburgerLand bietet fantastische Kulissen, die von der historischen Stadt, romantischen Schl\u00f6ssern&nbsp;bis hin zu ber\u00fchrend sch\u00f6nen Naturlandschaften reicht. Filmemacher wissen das \u2013 und&nbsp;erkl\u00e4rten das SalzburgerLand mehr als einmal zu ihrem&nbsp;Drehort.&nbsp;\" \/>\n<meta name=\"robots\" content=\"index, follow, max-snippet:-1, max-image-preview:large, max-video-preview:-1\" \/>\n<link rel=\"canonical\" href=\"https:\/\/www.salzburgerland.com\/de\/magazin\/8-topfilme-aus-dem-salzburgerland\/\" \/>\n<meta property=\"og:locale\" content=\"de_DE\" \/>\n<meta property=\"og:type\" content=\"article\" \/>\n<meta property=\"og:title\" content=\"Topfilme aus dem SalzburgerLand\" \/>\n<meta property=\"og:description\" content=\"Es gibt Dinge, die kann die&nbsp;Filmkulisse Hollywoods trotz all seiner Ber\u00fchmtheit nicht bieten. Die Naturkulisse und die Kultur des SalzburgerLandes&nbsp;zum Beispiel \u2013 die dramatisch sch\u00f6nen Alpen, die in eine andere Welt weit \u00fcber jene des&nbsp;Alltags entf\u00fchrt.&nbsp;Geb\u00e4ude, die so viele Jahrhunderte auf den Buckel haben, dass sie in ihrem Alter mit den uralten Eichen und Kastanienb\u00e4umen [&hellip;]\" \/>\n<meta property=\"og:url\" content=\"https:\/\/www.salzburgerland.com\/de\/magazin\/8-topfilme-aus-dem-salzburgerland\/\" \/>\n<meta property=\"og:site_name\" content=\"SalzburgerLand Magazin\" \/>\n<meta property=\"article:publisher\" content=\"https:\/\/www.facebook.com\/salzburgerland\/\" \/>\n<meta property=\"article:published_time\" content=\"2018-05-23T06:30:12+00:00\" \/>\n<meta property=\"article:modified_time\" content=\"2022-11-23T09:43:50+00:00\" \/>\n<meta property=\"og:image\" content=\"https:\/\/www.salzburgerland.com\/de\/magazin\/wp-content\/uploads\/2018\/05\/RS2261_soundofmusic_moechsberg_1032-lpr.jpg\" \/>\n\t<meta property=\"og:image:width\" content=\"1920\" \/>\n\t<meta property=\"og:image:height\" content=\"1281\" \/>\n\t<meta property=\"og:image:type\" content=\"image\/jpeg\" \/>\n<meta name=\"author\" content=\"Christine Gnahn\" \/>\n<meta name=\"twitter:card\" content=\"summary_large_image\" \/>\n<meta name=\"twitter:creator\" content=\"@Salzburgerland\" \/>\n<meta name=\"twitter:site\" content=\"@Salzburgerland\" \/>\n<meta name=\"twitter:label1\" content=\"Verfasst von\" \/>\n\t<meta name=\"twitter:data1\" content=\"Christine Gnahn\" \/>\n\t<meta name=\"twitter:label2\" content=\"Gesch\u00e4tzte Lesezeit\" \/>\n\t<meta name=\"twitter:data2\" content=\"8\u00a0Minuten\" \/>\n<script type=\"application\/ld+json\" class=\"yoast-schema-graph\">{\"@context\":\"https:\\\/\\\/schema.org\",\"@graph\":[{\"@type\":\"Article\",\"@id\":\"https:\\\/\\\/www.salzburgerland.com\\\/de\\\/magazin\\\/8-topfilme-aus-dem-salzburgerland\\\/#article\",\"isPartOf\":{\"@id\":\"https:\\\/\\\/www.salzburgerland.com\\\/de\\\/magazin\\\/8-topfilme-aus-dem-salzburgerland\\\/\"},\"author\":{\"name\":\"Christine Gnahn\",\"@id\":\"https:\\\/\\\/www.salzburgerland.com\\\/de\\\/magazin\\\/#\\\/schema\\\/person\\\/bffbd5cf7c6a1f4948505566c7fcff7c\"},\"headline\":\"Topfilme aus dem SalzburgerLand\",\"datePublished\":\"2018-05-23T06:30:12+00:00\",\"dateModified\":\"2022-11-23T09:43:50+00:00\",\"mainEntityOfPage\":{\"@id\":\"https:\\\/\\\/www.salzburgerland.com\\\/de\\\/magazin\\\/8-topfilme-aus-dem-salzburgerland\\\/\"},\"wordCount\":1176,\"commentCount\":0,\"publisher\":{\"@id\":\"https:\\\/\\\/www.salzburgerland.com\\\/de\\\/magazin\\\/#organization\"},\"image\":{\"@id\":\"https:\\\/\\\/www.salzburgerland.com\\\/de\\\/magazin\\\/8-topfilme-aus-dem-salzburgerland\\\/#primaryimage\"},\"thumbnailUrl\":\"https:\\\/\\\/www.salzburgerland.com\\\/de\\\/magazin\\\/wp-content\\\/uploads\\\/2018\\\/05\\\/RS2261_soundofmusic_moechsberg_1032-lpr.jpg\",\"articleSection\":[\"Kunst &amp; Kultur\"],\"inLanguage\":\"de\",\"potentialAction\":[{\"@type\":\"CommentAction\",\"name\":\"Comment\",\"target\":[\"https:\\\/\\\/www.salzburgerland.com\\\/de\\\/magazin\\\/8-topfilme-aus-dem-salzburgerland\\\/#respond\"]}]},{\"@type\":\"WebPage\",\"@id\":\"https:\\\/\\\/www.salzburgerland.com\\\/de\\\/magazin\\\/8-topfilme-aus-dem-salzburgerland\\\/\",\"url\":\"https:\\\/\\\/www.salzburgerland.com\\\/de\\\/magazin\\\/8-topfilme-aus-dem-salzburgerland\\\/\",\"name\":\"Topfilme aus dem SalzburgerLand - SalzburgerLand Magazin\",\"isPartOf\":{\"@id\":\"https:\\\/\\\/www.salzburgerland.com\\\/de\\\/magazin\\\/#website\"},\"primaryImageOfPage\":{\"@id\":\"https:\\\/\\\/www.salzburgerland.com\\\/de\\\/magazin\\\/8-topfilme-aus-dem-salzburgerland\\\/#primaryimage\"},\"image\":{\"@id\":\"https:\\\/\\\/www.salzburgerland.com\\\/de\\\/magazin\\\/8-topfilme-aus-dem-salzburgerland\\\/#primaryimage\"},\"thumbnailUrl\":\"https:\\\/\\\/www.salzburgerland.com\\\/de\\\/magazin\\\/wp-content\\\/uploads\\\/2018\\\/05\\\/RS2261_soundofmusic_moechsberg_1032-lpr.jpg\",\"datePublished\":\"2018-05-23T06:30:12+00:00\",\"dateModified\":\"2022-11-23T09:43:50+00:00\",\"breadcrumb\":{\"@id\":\"https:\\\/\\\/www.salzburgerland.com\\\/de\\\/magazin\\\/8-topfilme-aus-dem-salzburgerland\\\/#breadcrumb\"},\"inLanguage\":\"de\",\"potentialAction\":[{\"@type\":\"ReadAction\",\"target\":[\"https:\\\/\\\/www.salzburgerland.com\\\/de\\\/magazin\\\/8-topfilme-aus-dem-salzburgerland\\\/\"]}]},{\"@type\":\"ImageObject\",\"inLanguage\":\"de\",\"@id\":\"https:\\\/\\\/www.salzburgerland.com\\\/de\\\/magazin\\\/8-topfilme-aus-dem-salzburgerland\\\/#primaryimage\",\"url\":\"https:\\\/\\\/www.salzburgerland.com\\\/de\\\/magazin\\\/wp-content\\\/uploads\\\/2018\\\/05\\\/RS2261_soundofmusic_moechsberg_1032-lpr.jpg\",\"contentUrl\":\"https:\\\/\\\/www.salzburgerland.com\\\/de\\\/magazin\\\/wp-content\\\/uploads\\\/2018\\\/05\\\/RS2261_soundofmusic_moechsberg_1032-lpr.jpg\",\"width\":1920,\"height\":1281,\"caption\":\"Sound of Music M\u00f6chsberg\"},{\"@type\":\"BreadcrumbList\",\"@id\":\"https:\\\/\\\/www.salzburgerland.com\\\/de\\\/magazin\\\/8-topfilme-aus-dem-salzburgerland\\\/#breadcrumb\",\"itemListElement\":[{\"@type\":\"ListItem\",\"position\":1,\"name\":\"Startseite\",\"item\":\"https:\\\/\\\/www.salzburgerland.com\\\/de\\\/magazin\\\/\"},{\"@type\":\"ListItem\",\"position\":2,\"name\":\"Kunst &amp; Kultur\",\"item\":\"https:\\\/\\\/www.salzburgerland.com\\\/de\\\/magazin\\\/thema\\\/kunst-kultur\\\/\"},{\"@type\":\"ListItem\",\"position\":3,\"name\":\"Topfilme aus dem SalzburgerLand\"}]},{\"@type\":\"WebSite\",\"@id\":\"https:\\\/\\\/www.salzburgerland.com\\\/de\\\/magazin\\\/#website\",\"url\":\"https:\\\/\\\/www.salzburgerland.com\\\/de\\\/magazin\\\/\",\"name\":\"SalzburgerLand Magazin\",\"description\":\"Geschichten und Interessantes aus dem SalzburgerLand\",\"publisher\":{\"@id\":\"https:\\\/\\\/www.salzburgerland.com\\\/de\\\/magazin\\\/#organization\"},\"potentialAction\":[{\"@type\":\"SearchAction\",\"target\":{\"@type\":\"EntryPoint\",\"urlTemplate\":\"https:\\\/\\\/www.salzburgerland.com\\\/de\\\/magazin\\\/?s={search_term_string}\"},\"query-input\":{\"@type\":\"PropertyValueSpecification\",\"valueRequired\":true,\"valueName\":\"search_term_string\"}}],\"inLanguage\":\"de\"},{\"@type\":\"Organization\",\"@id\":\"https:\\\/\\\/www.salzburgerland.com\\\/de\\\/magazin\\\/#organization\",\"name\":\"SalzburgerLand Tourismus\",\"url\":\"https:\\\/\\\/www.salzburgerland.com\\\/de\\\/magazin\\\/\",\"logo\":{\"@type\":\"ImageObject\",\"inLanguage\":\"de\",\"@id\":\"https:\\\/\\\/www.salzburgerland.com\\\/de\\\/magazin\\\/#\\\/schema\\\/logo\\\/image\\\/\",\"url\":\"https:\\\/\\\/www.salzburgerland.com\\\/de\\\/magazin\\\/wp-content\\\/uploads\\\/2019\\\/06\\\/salzburgerland-logo1.jpg\",\"contentUrl\":\"https:\\\/\\\/www.salzburgerland.com\\\/de\\\/magazin\\\/wp-content\\\/uploads\\\/2019\\\/06\\\/salzburgerland-logo1.jpg\",\"width\":2011,\"height\":866,\"caption\":\"SalzburgerLand Tourismus\"},\"image\":{\"@id\":\"https:\\\/\\\/www.salzburgerland.com\\\/de\\\/magazin\\\/#\\\/schema\\\/logo\\\/image\\\/\"},\"sameAs\":[\"https:\\\/\\\/www.facebook.com\\\/salzburgerland\\\/\",\"https:\\\/\\\/x.com\\\/Salzburgerland\",\"https:\\\/\\\/www.instagram.com\\\/salzburgerland\\\/\",\"https:\\\/\\\/at.linkedin.com\\\/company\\\/salzburgerland-tourismus-gmbh\",\"https:\\\/\\\/www.pinterest.at\\\/salzburgerland\\\/\",\"https:\\\/\\\/www.youtube.com\\\/user\\\/salzburgerland\",\"https:\\\/\\\/de.wikipedia.org\\\/wiki\\\/SalzburgerLand_Tourismus_GmbH\"]},{\"@type\":\"Person\",\"@id\":\"https:\\\/\\\/www.salzburgerland.com\\\/de\\\/magazin\\\/#\\\/schema\\\/person\\\/bffbd5cf7c6a1f4948505566c7fcff7c\",\"name\":\"Christine Gnahn\",\"description\":\"Christine Gnahn ist mit Leidenschaft dabei, wenn es um Kunst, Kultur und Menschen im sch\u00f6nen SalzburgerLand geht. In ihrer Freizeit ist sie gern immer im Trubel des Geschehens und verbringt viel Zeit mit Sport und Wandern in der heilsamen Atmosph\u00e4re vom Salzburger M\u00f6nchs- und Kapuzinerberg. Das Schreiben ist sowohl Beruf als auch Hobby: Auch Gedichte, Kurzgeschichten und Romane z\u00e4hlen zum Repertoire der 22-j\u00e4hrigen Journalistin und Schrifstellerin. Um den eigenen Horrizont zu erweitern, begibt sie sich regelm\u00e4\u00dfig auf abenteuerliche Rucksackreisen durch aller Herren L\u00e4nder. Lebensmotto: Leb den Moment! Fragen mit Antworten von Christine Gnahn Morgen- oder Abendmensch? Wenn Morgens die Sonne aufgeht bin ich putzmunter und hab Riesenhunger auf Fr\u00fchst\u00fcck und Leben! Ich wei\u00df ich geh\u00f6re einer aussterbenden Rasse an aber ich f\u00fchle mich pudelwohl damit! Im Morgen liegt einfach eine besondere Kraft: Die Kraft des Neubeginns. Wellnessurlaub oder Rucksackreise? Rucksackreise, ruhig auch ohne jeglichen Komfort. Ich gehe auf Reisen, um Menschen, Land und Lebensgef\u00fchl zu sp\u00fcren. Dazu braucht es weder h\u00fcbsches Hotelzimmer noch edle Buffets. Alles Hab und Gut auf den R\u00fccken und bereit f\u00fcr jedes Abenteuer, das ist doch die wahre Freiheit! Berge oder Meer? Obwohl ich die Berge sehr liebe, w\u00fcrde ich wohl meist das Meer bevorzugen. Schon als Kind Stunden und Tage an der Adria verbracht, ist es mit seinen Wellen, Str\u00f6mung, Flut und Ebbe f\u00fcr mich Sinnbild der Energie und der Ruhe zugleich. Wandern oder Laufen? Ich bin ein Sportfreak. Erst morgens Laufen, dann Wandern! Turnschuhe oder High Heels? Ich besitze ein paar High Heels und die trage ich ungef\u00e4hr einmal in zwei Jahren. Im \u00fcbrigen ist High Heel wohl auch ein klarer Euphemismus f\u00fcr drei Zentimeter Absatz. Gmiadlich soll's sein und ich will mich wohlf\u00fchlen, daher: Turnschuhe! Fr\u00fchling, Sommer, Herbst oder Winter? Ich mag eigentlich jede Jahreszeit. Grad in Australien, wo grad im Norden Jahreszeiten eigentlich komplett durch Regen- und Trockenzeit ersetzt werden, lernt man sie zu sch\u00e4tzen. Aber wenn ich w\u00e4hlen muss, mag ich wohl Fr\u00fchling und Sommer am liebsten. Rindsroulade vom Pinzgauer Biorind oder Saibling fangfrisch aus dem\u00a0Fuschlsee? Ganz klar der Fisch! Grad frischem Fisch kann ich nicht widerstehen. Dazu noch ein Hauch Zitrone... mhhhh!\",\"url\":\"https:\\\/\\\/www.salzburgerland.com\\\/de\\\/magazin\\\/author\\\/cgnahn\\\/\"}]}<\/script>\n<!-- \/ Yoast SEO Premium plugin. -->","yoast_head_json":{"title":"Topfilme aus dem SalzburgerLand - SalzburgerLand Magazin","description":"Das SalzburgerLand bietet fantastische Kulissen, die von der historischen Stadt, romantischen Schl\u00f6ssern&nbsp;bis hin zu ber\u00fchrend sch\u00f6nen Naturlandschaften reicht. Filmemacher wissen das \u2013 und&nbsp;erkl\u00e4rten das SalzburgerLand mehr als einmal zu ihrem&nbsp;Drehort.&nbsp;","robots":{"index":"index","follow":"follow","max-snippet":"max-snippet:-1","max-image-preview":"max-image-preview:large","max-video-preview":"max-video-preview:-1"},"canonical":"https:\/\/www.salzburgerland.com\/de\/magazin\/8-topfilme-aus-dem-salzburgerland\/","og_locale":"de_DE","og_type":"article","og_title":"Topfilme aus dem SalzburgerLand","og_description":"Es gibt Dinge, die kann die&nbsp;Filmkulisse Hollywoods trotz all seiner Ber\u00fchmtheit nicht bieten. Die Naturkulisse und die Kultur des SalzburgerLandes&nbsp;zum Beispiel \u2013 die dramatisch sch\u00f6nen Alpen, die in eine andere Welt weit \u00fcber jene des&nbsp;Alltags entf\u00fchrt.&nbsp;Geb\u00e4ude, die so viele Jahrhunderte auf den Buckel haben, dass sie in ihrem Alter mit den uralten Eichen und Kastanienb\u00e4umen [&hellip;]","og_url":"https:\/\/www.salzburgerland.com\/de\/magazin\/8-topfilme-aus-dem-salzburgerland\/","og_site_name":"SalzburgerLand Magazin","article_publisher":"https:\/\/www.facebook.com\/salzburgerland\/","article_published_time":"2018-05-23T06:30:12+00:00","article_modified_time":"2022-11-23T09:43:50+00:00","og_image":[{"width":1920,"height":1281,"url":"https:\/\/www.salzburgerland.com\/de\/magazin\/wp-content\/uploads\/2018\/05\/RS2261_soundofmusic_moechsberg_1032-lpr.jpg","type":"image\/jpeg"}],"author":"Christine Gnahn","twitter_card":"summary_large_image","twitter_creator":"@Salzburgerland","twitter_site":"@Salzburgerland","twitter_misc":{"Verfasst von":"Christine Gnahn","Gesch\u00e4tzte Lesezeit":"8\u00a0Minuten"},"schema":{"@context":"https:\/\/schema.org","@graph":[{"@type":"Article","@id":"https:\/\/www.salzburgerland.com\/de\/magazin\/8-topfilme-aus-dem-salzburgerland\/#article","isPartOf":{"@id":"https:\/\/www.salzburgerland.com\/de\/magazin\/8-topfilme-aus-dem-salzburgerland\/"},"author":{"name":"Christine Gnahn","@id":"https:\/\/www.salzburgerland.com\/de\/magazin\/#\/schema\/person\/bffbd5cf7c6a1f4948505566c7fcff7c"},"headline":"Topfilme aus dem SalzburgerLand","datePublished":"2018-05-23T06:30:12+00:00","dateModified":"2022-11-23T09:43:50+00:00","mainEntityOfPage":{"@id":"https:\/\/www.salzburgerland.com\/de\/magazin\/8-topfilme-aus-dem-salzburgerland\/"},"wordCount":1176,"commentCount":0,"publisher":{"@id":"https:\/\/www.salzburgerland.com\/de\/magazin\/#organization"},"image":{"@id":"https:\/\/www.salzburgerland.com\/de\/magazin\/8-topfilme-aus-dem-salzburgerland\/#primaryimage"},"thumbnailUrl":"https:\/\/www.salzburgerland.com\/de\/magazin\/wp-content\/uploads\/2018\/05\/RS2261_soundofmusic_moechsberg_1032-lpr.jpg","articleSection":["Kunst &amp; Kultur"],"inLanguage":"de","potentialAction":[{"@type":"CommentAction","name":"Comment","target":["https:\/\/www.salzburgerland.com\/de\/magazin\/8-topfilme-aus-dem-salzburgerland\/#respond"]}]},{"@type":"WebPage","@id":"https:\/\/www.salzburgerland.com\/de\/magazin\/8-topfilme-aus-dem-salzburgerland\/","url":"https:\/\/www.salzburgerland.com\/de\/magazin\/8-topfilme-aus-dem-salzburgerland\/","name":"Topfilme aus dem SalzburgerLand - SalzburgerLand Magazin","isPartOf":{"@id":"https:\/\/www.salzburgerland.com\/de\/magazin\/#website"},"primaryImageOfPage":{"@id":"https:\/\/www.salzburgerland.com\/de\/magazin\/8-topfilme-aus-dem-salzburgerland\/#primaryimage"},"image":{"@id":"https:\/\/www.salzburgerland.com\/de\/magazin\/8-topfilme-aus-dem-salzburgerland\/#primaryimage"},"thumbnailUrl":"https:\/\/www.salzburgerland.com\/de\/magazin\/wp-content\/uploads\/2018\/05\/RS2261_soundofmusic_moechsberg_1032-lpr.jpg","datePublished":"2018-05-23T06:30:12+00:00","dateModified":"2022-11-23T09:43:50+00:00","breadcrumb":{"@id":"https:\/\/www.salzburgerland.com\/de\/magazin\/8-topfilme-aus-dem-salzburgerland\/#breadcrumb"},"inLanguage":"de","potentialAction":[{"@type":"ReadAction","target":["https:\/\/www.salzburgerland.com\/de\/magazin\/8-topfilme-aus-dem-salzburgerland\/"]}]},{"@type":"ImageObject","inLanguage":"de","@id":"https:\/\/www.salzburgerland.com\/de\/magazin\/8-topfilme-aus-dem-salzburgerland\/#primaryimage","url":"https:\/\/www.salzburgerland.com\/de\/magazin\/wp-content\/uploads\/2018\/05\/RS2261_soundofmusic_moechsberg_1032-lpr.jpg","contentUrl":"https:\/\/www.salzburgerland.com\/de\/magazin\/wp-content\/uploads\/2018\/05\/RS2261_soundofmusic_moechsberg_1032-lpr.jpg","width":1920,"height":1281,"caption":"Sound of Music M\u00f6chsberg"},{"@type":"BreadcrumbList","@id":"https:\/\/www.salzburgerland.com\/de\/magazin\/8-topfilme-aus-dem-salzburgerland\/#breadcrumb","itemListElement":[{"@type":"ListItem","position":1,"name":"Startseite","item":"https:\/\/www.salzburgerland.com\/de\/magazin\/"},{"@type":"ListItem","position":2,"name":"Kunst &amp; Kultur","item":"https:\/\/www.salzburgerland.com\/de\/magazin\/thema\/kunst-kultur\/"},{"@type":"ListItem","position":3,"name":"Topfilme aus dem SalzburgerLand"}]},{"@type":"WebSite","@id":"https:\/\/www.salzburgerland.com\/de\/magazin\/#website","url":"https:\/\/www.salzburgerland.com\/de\/magazin\/","name":"SalzburgerLand Magazin","description":"Geschichten und Interessantes aus dem SalzburgerLand","publisher":{"@id":"https:\/\/www.salzburgerland.com\/de\/magazin\/#organization"},"potentialAction":[{"@type":"SearchAction","target":{"@type":"EntryPoint","urlTemplate":"https:\/\/www.salzburgerland.com\/de\/magazin\/?s={search_term_string}"},"query-input":{"@type":"PropertyValueSpecification","valueRequired":true,"valueName":"search_term_string"}}],"inLanguage":"de"},{"@type":"Organization","@id":"https:\/\/www.salzburgerland.com\/de\/magazin\/#organization","name":"SalzburgerLand Tourismus","url":"https:\/\/www.salzburgerland.com\/de\/magazin\/","logo":{"@type":"ImageObject","inLanguage":"de","@id":"https:\/\/www.salzburgerland.com\/de\/magazin\/#\/schema\/logo\/image\/","url":"https:\/\/www.salzburgerland.com\/de\/magazin\/wp-content\/uploads\/2019\/06\/salzburgerland-logo1.jpg","contentUrl":"https:\/\/www.salzburgerland.com\/de\/magazin\/wp-content\/uploads\/2019\/06\/salzburgerland-logo1.jpg","width":2011,"height":866,"caption":"SalzburgerLand Tourismus"},"image":{"@id":"https:\/\/www.salzburgerland.com\/de\/magazin\/#\/schema\/logo\/image\/"},"sameAs":["https:\/\/www.facebook.com\/salzburgerland\/","https:\/\/x.com\/Salzburgerland","https:\/\/www.instagram.com\/salzburgerland\/","https:\/\/at.linkedin.com\/company\/salzburgerland-tourismus-gmbh","https:\/\/www.pinterest.at\/salzburgerland\/","https:\/\/www.youtube.com\/user\/salzburgerland","https:\/\/de.wikipedia.org\/wiki\/SalzburgerLand_Tourismus_GmbH"]},{"@type":"Person","@id":"https:\/\/www.salzburgerland.com\/de\/magazin\/#\/schema\/person\/bffbd5cf7c6a1f4948505566c7fcff7c","name":"Christine Gnahn","description":"Christine Gnahn ist mit Leidenschaft dabei, wenn es um Kunst, Kultur und Menschen im sch\u00f6nen SalzburgerLand geht. In ihrer Freizeit ist sie gern immer im Trubel des Geschehens und verbringt viel Zeit mit Sport und Wandern in der heilsamen Atmosph\u00e4re vom Salzburger M\u00f6nchs- und Kapuzinerberg. Das Schreiben ist sowohl Beruf als auch Hobby: Auch Gedichte, Kurzgeschichten und Romane z\u00e4hlen zum Repertoire der 22-j\u00e4hrigen Journalistin und Schrifstellerin. Um den eigenen Horrizont zu erweitern, begibt sie sich regelm\u00e4\u00dfig auf abenteuerliche Rucksackreisen durch aller Herren L\u00e4nder. Lebensmotto: Leb den Moment! Fragen mit Antworten von Christine Gnahn Morgen- oder Abendmensch? Wenn Morgens die Sonne aufgeht bin ich putzmunter und hab Riesenhunger auf Fr\u00fchst\u00fcck und Leben! Ich wei\u00df ich geh\u00f6re einer aussterbenden Rasse an aber ich f\u00fchle mich pudelwohl damit! Im Morgen liegt einfach eine besondere Kraft: Die Kraft des Neubeginns. Wellnessurlaub oder Rucksackreise? Rucksackreise, ruhig auch ohne jeglichen Komfort. Ich gehe auf Reisen, um Menschen, Land und Lebensgef\u00fchl zu sp\u00fcren. Dazu braucht es weder h\u00fcbsches Hotelzimmer noch edle Buffets. Alles Hab und Gut auf den R\u00fccken und bereit f\u00fcr jedes Abenteuer, das ist doch die wahre Freiheit! Berge oder Meer? Obwohl ich die Berge sehr liebe, w\u00fcrde ich wohl meist das Meer bevorzugen. Schon als Kind Stunden und Tage an der Adria verbracht, ist es mit seinen Wellen, Str\u00f6mung, Flut und Ebbe f\u00fcr mich Sinnbild der Energie und der Ruhe zugleich. Wandern oder Laufen? Ich bin ein Sportfreak. Erst morgens Laufen, dann Wandern! Turnschuhe oder High Heels? Ich besitze ein paar High Heels und die trage ich ungef\u00e4hr einmal in zwei Jahren. Im \u00fcbrigen ist High Heel wohl auch ein klarer Euphemismus f\u00fcr drei Zentimeter Absatz. Gmiadlich soll's sein und ich will mich wohlf\u00fchlen, daher: Turnschuhe! Fr\u00fchling, Sommer, Herbst oder Winter? Ich mag eigentlich jede Jahreszeit. Grad in Australien, wo grad im Norden Jahreszeiten eigentlich komplett durch Regen- und Trockenzeit ersetzt werden, lernt man sie zu sch\u00e4tzen. Aber wenn ich w\u00e4hlen muss, mag ich wohl Fr\u00fchling und Sommer am liebsten. Rindsroulade vom Pinzgauer Biorind oder Saibling fangfrisch aus dem\u00a0Fuschlsee? Ganz klar der Fisch! Grad frischem Fisch kann ich nicht widerstehen. Dazu noch ein Hauch Zitrone... mhhhh!","url":"https:\/\/www.salzburgerland.com\/de\/magazin\/author\/cgnahn\/"}]}},"_wl_alt_label":[],"wl:entity_url":"http:\/\/open.salzburgerland.com\/magazin\/post\/8_topfilme_aus_dem_salzburgerland","_links":{"self":[{"href":"https:\/\/www.salzburgerland.com\/de\/magazin\/wp-json\/wp\/v2\/posts\/108513","targetHints":{"allow":["GET"]}}],"collection":[{"href":"https:\/\/www.salzburgerland.com\/de\/magazin\/wp-json\/wp\/v2\/posts"}],"about":[{"href":"https:\/\/www.salzburgerland.com\/de\/magazin\/wp-json\/wp\/v2\/types\/post"}],"author":[{"embeddable":true,"href":"https:\/\/www.salzburgerland.com\/de\/magazin\/wp-json\/wp\/v2\/users\/8"}],"replies":[{"embeddable":true,"href":"https:\/\/www.salzburgerland.com\/de\/magazin\/wp-json\/wp\/v2\/comments?post=108513"}],"version-history":[{"count":5,"href":"https:\/\/www.salzburgerland.com\/de\/magazin\/wp-json\/wp\/v2\/posts\/108513\/revisions"}],"predecessor-version":[{"id":181467,"href":"https:\/\/www.salzburgerland.com\/de\/magazin\/wp-json\/wp\/v2\/posts\/108513\/revisions\/181467"}],"wp:featuredmedia":[{"embeddable":true,"href":"https:\/\/www.salzburgerland.com\/de\/magazin\/wp-json\/wp\/v2\/media\/166861"}],"wp:attachment":[{"href":"https:\/\/www.salzburgerland.com\/de\/magazin\/wp-json\/wp\/v2\/media?parent=108513"}],"wp:term":[{"taxonomy":"category","embeddable":true,"href":"https:\/\/www.salzburgerland.com\/de\/magazin\/wp-json\/wp\/v2\/categories?post=108513"},{"taxonomy":"post_tag","embeddable":true,"href":"https:\/\/www.salzburgerland.com\/de\/magazin\/wp-json\/wp\/v2\/tags?post=108513"},{"taxonomy":"wl_entity_type","embeddable":true,"href":"https:\/\/www.salzburgerland.com\/de\/magazin\/wp-json\/wp\/v2\/wl_entity_type?post=108513"},{"taxonomy":"monatsauswahl","embeddable":true,"href":"https:\/\/www.salzburgerland.com\/de\/magazin\/wp-json\/wp\/v2\/monatsauswahl?post=108513"}],"curies":[{"name":"wp","href":"https:\/\/api.w.org\/{rel}","templated":true}]}}