{"id":108467,"date":"2016-08-19T14:15:42","date_gmt":"2016-08-19T12:15:42","guid":{"rendered":"http:\/\/magazin.salzburgerland.com\/?p=108467"},"modified":"2016-08-19T14:26:43","modified_gmt":"2016-08-19T12:26:43","slug":"keine-angst-vor-kuehen-auf-der-alm","status":"publish","type":"post","link":"https:\/\/www.salzburgerland.com\/de\/magazin\/keine-angst-vor-kuehen-auf-der-alm\/","title":{"rendered":"Keine Angst vor K\u00fchen auf der Alm"},"content":{"rendered":"<p><strong>Salzburgs Almlandschaften sind ein \u00e4u\u00dferst beliebtes\u00a0Freizeitziel f\u00fcr Wanderer. Doch unsere Almen sind auch Lebensraum f\u00fcr viele Almtiere. Einige Tipps zum richtigen Verhalten auf Almenweiden,\u00a0speziell wenn Sie mit einem unserer liebsten Begleiter &#8211; dem Hund &#8211; unterwegs sind.\u00a0<\/strong><\/p>\n<p>Die Bergschuhe schn\u00fcren und den Rucksack schultern. Salzburgs unz\u00e4hlige Almen sind der Inbegriff von Gem\u00fctlichkeit und deshalb zieht es auch viele Menschen w\u00e4hrend der Wanderzeit zu den sch\u00f6nsten Pl\u00e4tzen in unserem Bundesland.<br \/> Auf unseren Almen kommt es jedoch leider immer wieder zu unvorhergesehenen Verhalten von K\u00fchen. Der Grund sind Wanderer, die sich manchmal\u00a0unwissentlich nicht richtig verhalten. Oft werden die K\u00fche auf den Almen durch die von Wanderern mitgef\u00fchrten Hunden irritiert.<\/p>\n<p><a href=\"https:\/\/www.salzburgerland.com\/de\/magazin\/wp-content\/uploads\/2016\/08\/isi.jpg\"><img loading=\"lazy\" decoding=\"async\" class=\"aligncenter size-singlePost wp-image-108470\" src=\"https:\/\/www.salzburgerland.com\/de\/magazin\/wp-content\/uploads\/2016\/08\/isi-650x435.jpg\" alt=\"isi\" width=\"650\" height=\"435\" \/><\/a><\/p>\n<p>Dazu sollte man wissen, dass Rinder von Natur aus friedfertige Tiere sind, sie laufen normalerweise bei Bedrohung eher davon. Menschen greifen sie nur dann an, wenn sie keine andere M\u00f6glichkeit mehr haben oder ihre K\u00e4lber verteidigen wollen. <\/p>\n<p><strong>Almtiere sind keine Schmusetiere <br \/><\/strong>Man muss ihnen daher mit dem notwendigen Respekt und entsprechender Vorsicht begegnen.\u00a0Daher ist besondere Vorsicht vor allem dann geboten, wenn nicht nur Mutterk\u00fche, sondern auch junge K\u00e4lber auf den Almen sind. Der Mutterinstinkt der K\u00fche ist stark ausgepr\u00e4gt und sie verteidigen ihre K\u00e4lber. Daher: Weiden mit K\u00e4lber meiden.<\/p>\n<p><a href=\"https:\/\/www.salzburgerland.com\/de\/magazin\/wp-content\/uploads\/2016\/08\/Kontakt_Kuhen.jpg\"><img loading=\"lazy\" decoding=\"async\" class=\"alignleft size-magazine-thumb wp-image-108471\" src=\"https:\/\/www.salzburgerland.com\/de\/magazin\/wp-content\/uploads\/2016\/08\/Kontakt_Kuhen-150x150.jpg\" alt=\"Kontakt_K\u00fchen\" width=\"150\" height=\"150\" srcset=\"https:\/\/www.salzburgerland.com\/de\/magazin\/wp-content\/uploads\/2016\/08\/Kontakt_Kuhen-150x150.jpg 150w, https:\/\/www.salzburgerland.com\/de\/magazin\/wp-content\/uploads\/2016\/08\/Kontakt_Kuhen-1200x1200.jpg 1200w\" sizes=\"auto, (max-width: 150px) 100vw, 150px\" \/><\/a>Jungtiere sind allerdings sehr neugierig und verspielt und laufen oft aktiv auf Wanderer und Hunde zu. Deshalb ist es in diesem Fall sehr wichtig, dass man als Wanderer langsam weitergeht, die Mutterkuh im Auge beh\u00e4lt, ruhig auf die K\u00fche und K\u00e4lber einredet. Wenn Sie einen Hund mithaben, dann m\u00fcssen Sie hier besonders vorsichtig sein, denn Hunde werden von Rindern als Feind angesehen. Passen Sie auch besonders auf, wenn Stiere auf einer Weide sind. Auch diese \u201ebesch\u00fctzen\u201c ihre Herde und k\u00f6nnen aggressiv reagieren.<\/p>\n<p>Im Falle einer Begegnung mit dem Wanderer und dem Hund bleiben die meisten Rinder zu Beginn stehen und fixieren ihr Ziel. Dabei heben und senken sie den Kopf, gehen etwas in die Knie und schnauben. Die Tiere gehen dann meist einige, oft langsame Schritte in Richtung ihres Zieles, bevor sie loslaufen. Zeigt eine Herde Unruhe oder werden Wanderer bereits von Tieren fixiert, unbedingt Abstand halten! Lieber einen Umweg in Kauf nehmen!<\/p>\n<p><strong>Allgemeine Tipps f\u00fcr Ihr richtiges Verhalten<\/strong><\/p>\n<ul>\n<li>Bei Mutterkuhherden sollte immer ein gro\u00dfer Bogen herum gemacht werden. Denn hier steht die Verteidigung der K\u00e4lber durch die Mutterkuh und die Neugierde der Jungtiere im Vordergrund.<\/li>\n<li>Kuhaugen vermitteln Sanftmut und Arglosigkeit. K\u00fche oder K\u00e4lber &#8211; auch ohne Hundebegleitung &#8211; bitte jedoch nie streicheln oder f\u00fcttern! Sollten Sie mit einem Hund unterwegs sein, so machen Sie lieber prinzipiell einen Bogen um eine Herde mit Jungtieren und halten Sie einen Sicherheitsabstand. Nehmen\u00a0Sie <strong>zur Sicherheit immer einen Stock zur Hand<\/strong>!<\/li>\n<li>Wenn Sie einen Hund mithaben, ist es am besten, wenn Sie ihn ruhig Fu\u00df neben sich gehen lassen. \u00a0Sollte er dieses Kommando nicht zu 100 Prozent sicher\u00a0befolgen, so m\u00fcssen Sie ihn anleinen und im besten Fall in der Mitte der Wandergruppe halten.<\/li>\n<\/ul>\n<figure id=\"attachment_108469\" aria-describedby=\"caption-attachment-108469\" style=\"width: 650px\" class=\"wp-caption aligncenter\"><a href=\"https:\/\/www.salzburgerland.com\/de\/magazin\/wp-content\/uploads\/2016\/08\/Hund_KUh.jpg\"><img loading=\"lazy\" decoding=\"async\" class=\"wp-image-108469 size-singlePost\" src=\"https:\/\/www.salzburgerland.com\/de\/magazin\/wp-content\/uploads\/2016\/08\/Hund_KUh-650x435.jpg\" alt=\"Hund_KUh\" width=\"650\" height=\"435\" \/><\/a><figcaption id=\"caption-attachment-108469\" class=\"wp-caption-text\">Manche Hunde \u2013 wie hier am Bild Bergrettungsh\u00fcndin Isa \u2013 sind an Weidetiere gew\u00f6hnt und verhalten sich ihnen gegen\u00fcber unaufgeregt und ruhig. Sie bellen nicht und laufen auch nicht aufgeregt bei einer Viehherde umher und so kommt es hier in der Regel auch nie zu Problemen.<\/figcaption><\/figure>\n<p>&nbsp;<\/p>\n<ul>\n<li>Vermeiden Sie unbedingt jede Hektik oder L\u00e4rm.<\/li>\n<\/ul>\n<p><strong>Sollte Sie irgendwann ein Rind tats\u00e4chlich angreifen<\/strong>, so laufen Sie niemals weg oder drehen diesem den R\u00fccken zu. Falls Sie einen Hund mit sich haben, dann lassen Sie ihn <strong>bei einem Angriff<\/strong> unbedingt von der Leine. Hunde sind im Ernstfall schnell genug, um den Gefahrenbereich zu verlassen und dabei die Rinder vom Hundehalter abzulenken.<\/p>\n<p>Wenn\u00a0K\u00fche Drohgeb\u00e4rden zeigen, so k\u00f6nnen Sie sich mit dem Stock sch\u00fctzen und die Tiere noch vor einem Angriff zur\u00fccktreiben, auch mit lautem Zuruf. Versuchen Sie dabei aber nie hektisch zu agieren!<\/p>\n<figure id=\"attachment_108476\" aria-describedby=\"caption-attachment-108476\" style=\"width: 650px\" class=\"wp-caption aligncenter\"><a href=\"https:\/\/www.salzburgerland.com\/de\/magazin\/wp-content\/uploads\/2016\/08\/Wandern_Kuh.jpg\"><img loading=\"lazy\" decoding=\"async\" class=\"wp-image-108476 size-singlePost\" src=\"https:\/\/www.salzburgerland.com\/de\/magazin\/wp-content\/uploads\/2016\/08\/Wandern_Kuh-650x435.jpg\" alt=\"Wandern_Kuh\" width=\"650\" height=\"435\" \/><\/a><figcaption id=\"caption-attachment-108476\" class=\"wp-caption-text\">Sollten Sie als Hundehalter gerne und viel wandern, so ist es am besten, wenn Sie Ihren Hund schon von klein an an die unterschiedlichsten Weidetiere gew\u00f6hnen. Nur so kann er ruhig schwierige Situationen meistern.<\/figcaption><\/figure>\n<p>Viele Weidetiere wie Pferde, Schafe, K\u00fche, Ziegen etc. sind im besten Fall ebenfalls an Hunde gewohnt. Aber leider nicht alle und vor allem\u00a0k\u00f6nnen Sie das nicht im Vorhinein wissen. Aber f\u00fcr die Wanderungen mit Hunden auf unseren Almen hat sich auch eines besonders bew\u00e4hrt: Wenn Ihr Hund\u00a0sehr\u00a0folgsam ist und alle Grundbefehle sehr sicher befolgt. Ansonsten sollten\u00a0Sie ihn leider ohnehin an der Leine f\u00fchren &#8230;<\/p>\n<p><em>Alle Fotos: Maria Riedler und Coen Weesjes<\/em><\/p>\n<div class=\"mag-gallery\"><div class=\"row\"><div class=\"col-6 col-sm-4\"><figure><a class=\"thumb-container\" href=\"https:\/\/www.salzburgerland.com\/de\/magazin\/wp-content\/uploads\/2016\/08\/isi-1280x1024.jpg\">\t<picture><source media=\"(min-width: 576px)\" srcset=\"https:\/\/www.salzburgerland.com\/de\/magazin\/wp-content\/uploads\/2016\/08\/isi-325x209.jpg 325w, https:\/\/www.salzburgerland.com\/de\/magazin\/wp-content\/uploads\/2016\/08\/isi-249x160.jpg 249w\" \/><source media=\"(min-width: 0)\" srcset=\"https:\/\/www.salzburgerland.com\/de\/magazin\/wp-content\/uploads\/2016\/08\/isi-249x160.jpg 249w, https:\/\/www.salzburgerland.com\/de\/magazin\/wp-content\/uploads\/2016\/08\/isi-325x209.jpg 325w\" \/><img decoding=\"async\" alt=\"Ein schwarzer Hund, der auf einer Waldlichtung im Gras liegt, gegen\u00fcber einer braunen Kuh, zwischen ihnen ein Rucksack.\" src=\"https:\/\/www.salzburgerland.com\/de\/magazin\/wp-content\/uploads\/2016\/08\/isi.jpg\" \/>\t<\/picture><\/a><\/figure><\/div><div class=\"col-6 col-sm-4\"><figure><a class=\"thumb-container\" href=\"https:\/\/www.salzburgerland.com\/de\/magazin\/wp-content\/uploads\/2016\/08\/Wandern_Hund-1280x1024.jpg\">\t<picture><source media=\"(min-width: 576px)\" srcset=\"https:\/\/www.salzburgerland.com\/de\/magazin\/wp-content\/uploads\/2016\/08\/Wandern_Hund-325x209.jpg 325w, https:\/\/www.salzburgerland.com\/de\/magazin\/wp-content\/uploads\/2016\/08\/Wandern_Hund-249x160.jpg 249w\" \/><source media=\"(min-width: 0)\" srcset=\"https:\/\/www.salzburgerland.com\/de\/magazin\/wp-content\/uploads\/2016\/08\/Wandern_Hund-249x160.jpg 249w, https:\/\/www.salzburgerland.com\/de\/magazin\/wp-content\/uploads\/2016\/08\/Wandern_Hund-325x209.jpg 325w\" \/><img decoding=\"async\" alt=\"Ein Wanderer mit Rucksack und Wanderst\u00f6cken steht neben drei K\u00fchen und einem schwarzen Hund auf einer Bergwiese.\" src=\"https:\/\/www.salzburgerland.com\/de\/magazin\/wp-content\/uploads\/2016\/08\/Wandern_Hund.jpg\" \/>\t<\/picture><\/a><\/figure><\/div><div class=\"col-6 col-sm-4\"><figure><a class=\"thumb-container\" href=\"https:\/\/www.salzburgerland.com\/de\/magazin\/wp-content\/uploads\/2016\/08\/relaxtekuh_hund-1280x1024.jpg\">\t<picture><source media=\"(min-width: 576px)\" srcset=\"https:\/\/www.salzburgerland.com\/de\/magazin\/wp-content\/uploads\/2016\/08\/relaxtekuh_hund-325x209.jpg 325w, https:\/\/www.salzburgerland.com\/de\/magazin\/wp-content\/uploads\/2016\/08\/relaxtekuh_hund-249x160.jpg 249w\" \/><source media=\"(min-width: 0)\" srcset=\"https:\/\/www.salzburgerland.com\/de\/magazin\/wp-content\/uploads\/2016\/08\/relaxtekuh_hund-249x160.jpg 249w, https:\/\/www.salzburgerland.com\/de\/magazin\/wp-content\/uploads\/2016\/08\/relaxtekuh_hund-325x209.jpg 325w\" \/><img decoding=\"async\" alt=\"\" src=\"https:\/\/www.salzburgerland.com\/de\/magazin\/wp-content\/uploads\/2016\/08\/relaxtekuh_hund.jpg\" \/>\t<\/picture><\/a><\/figure><\/div><div class=\"col-6 col-sm-4\"><figure><a class=\"thumb-container\" href=\"https:\/\/www.salzburgerland.com\/de\/magazin\/wp-content\/uploads\/2016\/08\/Kontakt_Kuhen-1280x1024.jpg\">\t<picture><source media=\"(min-width: 576px)\" srcset=\"\" \/><source media=\"(min-width: 0)\" srcset=\"https:\/\/www.salzburgerland.com\/de\/magazin\/wp-content\/uploads\/2016\/08\/Kontakt_Kuhen.jpg 1086w, https:\/\/www.salzburgerland.com\/de\/magazin\/wp-content\/uploads\/2016\/08\/Kontakt_Kuhen-204x300.jpg 204w, https:\/\/www.salzburgerland.com\/de\/magazin\/wp-content\/uploads\/2016\/08\/Kontakt_Kuhen-373x550.jpg 373w, https:\/\/www.salzburgerland.com\/de\/magazin\/wp-content\/uploads\/2016\/08\/Kontakt_Kuhen-272x400.jpg 272w\" \/><img decoding=\"async\" alt=\"Ein Wanderer f\u00fcttert K\u00fche an einem Berghang, w\u00e4hrend ein schwarzer Hund in der N\u00e4he sitzt, mit Gipfeln im Hintergrund.\" src=\"https:\/\/www.salzburgerland.com\/de\/magazin\/wp-content\/uploads\/2016\/08\/Kontakt_Kuhen.jpg\" \/>\t<\/picture><\/a><\/figure><\/div><div class=\"col-6 col-sm-4\"><figure><a class=\"thumb-container\" href=\"https:\/\/www.salzburgerland.com\/de\/magazin\/wp-content\/uploads\/2016\/08\/Hund_KUh-1280x1024.jpg\">\t<picture><source media=\"(min-width: 576px)\" srcset=\"https:\/\/www.salzburgerland.com\/de\/magazin\/wp-content\/uploads\/2016\/08\/Hund_KUh-325x209.jpg 325w, https:\/\/www.salzburgerland.com\/de\/magazin\/wp-content\/uploads\/2016\/08\/Hund_KUh-249x160.jpg 249w\" \/><source media=\"(min-width: 0)\" srcset=\"https:\/\/www.salzburgerland.com\/de\/magazin\/wp-content\/uploads\/2016\/08\/Hund_KUh-249x160.jpg 249w, https:\/\/www.salzburgerland.com\/de\/magazin\/wp-content\/uploads\/2016\/08\/Hund_KUh-325x209.jpg 325w\" \/><img decoding=\"async\" alt=\"Eine braun-wei\u00dfe Kuh, die im Gras liegt, mit einem schwarzen Hund in der N\u00e4he, B\u00e4ume im Hintergrund.\" src=\"https:\/\/www.salzburgerland.com\/de\/magazin\/wp-content\/uploads\/2016\/08\/Hund_KUh.jpg\" \/>\t<\/picture><\/a><\/figure><\/div><div class=\"col-6 col-sm-4\"><figure><a class=\"thumb-container\" href=\"https:\/\/www.salzburgerland.com\/de\/magazin\/wp-content\/uploads\/2016\/08\/Wandern_Kuh-1280x1024.jpg\">\t<picture><source media=\"(min-width: 576px)\" srcset=\"https:\/\/www.salzburgerland.com\/de\/magazin\/wp-content\/uploads\/2016\/08\/Wandern_Kuh-325x209.jpg 325w, https:\/\/www.salzburgerland.com\/de\/magazin\/wp-content\/uploads\/2016\/08\/Wandern_Kuh-249x160.jpg 249w\" \/><source media=\"(min-width: 0)\" srcset=\"https:\/\/www.salzburgerland.com\/de\/magazin\/wp-content\/uploads\/2016\/08\/Wandern_Kuh-249x160.jpg 249w, https:\/\/www.salzburgerland.com\/de\/magazin\/wp-content\/uploads\/2016\/08\/Wandern_Kuh-325x209.jpg 325w\" \/><img decoding=\"async\" alt=\"Eine Kuh liegt im Gras mit weiteren K\u00fchen, einem Menschen und einem schwarzen Hund auf einer sonnigen, gr\u00fcnen, bewaldeten Wiese.\" src=\"https:\/\/www.salzburgerland.com\/de\/magazin\/wp-content\/uploads\/2016\/08\/Wandern_Kuh.jpg\" \/>\t<\/picture><\/a><\/figure><\/div><\/div><\/div><figcaption><\/figcaption>\n<p>&nbsp;<\/p>\n","protected":false},"excerpt":{"rendered":"<p>Salzburgs Almlandschaften sind ein \u00e4u\u00dferst beliebtes\u00a0Freizeitziel f\u00fcr Wanderer. Doch unsere Almen sind auch Lebensraum f\u00fcr viele Almtiere. Einige Tipps zum richtigen Verhalten auf Almenweiden,\u00a0speziell wenn Sie mit einem unserer liebsten Begleiter &#8211; dem Hund &#8211; unterwegs sind.\u00a0 Die Bergschuhe schn\u00fcren und den Rucksack schultern. Salzburgs unz\u00e4hlige Almen sind der Inbegriff von Gem\u00fctlichkeit und deshalb zieht [&hellip;]<\/p>\n","protected":false},"author":217,"featured_media":108475,"comment_status":"open","ping_status":"open","sticky":false,"template":"","format":"standard","meta":{"_acf_changed":false,"wl_entities_gutenberg":"","_wl_entity_redirect_enabled":"","footnotes":""},"categories":[4],"tags":[],"wl_entity_type":[306],"monatsauswahl":[],"class_list":["post-108467","post","type-post","status-publish","format-standard","has-post-thumbnail","hentry","category-gesundheit","wl_entity_type-article"],"acf":[],"yoast_head":"<!-- This site is optimized with the Yoast SEO Premium plugin v27.4 (Yoast SEO v27.4) - https:\/\/yoast.com\/product\/yoast-seo-premium-wordpress\/ -->\n<title>Keine Angst vor K\u00fchen auf der Alm - SalzburgerLand Magazin<\/title>\n<meta name=\"description\" content=\"Salzburgs Almlandschaften sind ein \u00e4u\u00dferst beliebtes\u00a0Freizeitziel f\u00fcr Wanderer. Doch unsere Almen sind auch Lebensraum f\u00fcr viele Almtiere. Einige Tipps zum richtigen Verhalten auf Almenweiden,\u00a0speziell wenn Sie mit einem unserer liebsten Begleiter &#8211; dem Hund &#8211; unterwegs sind.\u00a0 Die Bergschuhe schn\u00fcren und den Rucksack schultern. Salzburgs unz\u00e4hlige Almen sind der Inbegriff von Gem\u00fctlichkeit und deshalb zieht [&hellip;]\" \/>\n<meta name=\"robots\" content=\"index, follow, max-snippet:-1, max-image-preview:large, max-video-preview:-1\" \/>\n<link rel=\"canonical\" href=\"https:\/\/www.salzburgerland.com\/de\/magazin\/keine-angst-vor-kuehen-auf-der-alm\/\" \/>\n<meta property=\"og:locale\" content=\"de_DE\" \/>\n<meta property=\"og:type\" content=\"article\" \/>\n<meta property=\"og:title\" content=\"Keine Angst vor K\u00fchen auf der Alm\" \/>\n<meta property=\"og:description\" content=\"Salzburgs Almlandschaften sind ein \u00e4u\u00dferst beliebtes\u00a0Freizeitziel f\u00fcr Wanderer. Doch unsere Almen sind auch Lebensraum f\u00fcr viele Almtiere. Einige Tipps zum richtigen Verhalten auf Almenweiden,\u00a0speziell wenn Sie mit einem unserer liebsten Begleiter &#8211; dem Hund &#8211; unterwegs sind.\u00a0 Die Bergschuhe schn\u00fcren und den Rucksack schultern. Salzburgs unz\u00e4hlige Almen sind der Inbegriff von Gem\u00fctlichkeit und deshalb zieht [&hellip;]\" \/>\n<meta property=\"og:url\" content=\"https:\/\/www.salzburgerland.com\/de\/magazin\/keine-angst-vor-kuehen-auf-der-alm\/\" \/>\n<meta property=\"og:site_name\" content=\"SalzburgerLand Magazin\" \/>\n<meta property=\"article:publisher\" content=\"https:\/\/www.facebook.com\/salzburgerland\/\" \/>\n<meta property=\"article:published_time\" content=\"2016-08-19T12:15:42+00:00\" \/>\n<meta property=\"article:modified_time\" content=\"2016-08-19T12:26:43+00:00\" \/>\n<meta property=\"og:image\" content=\"https:\/\/www.salzburgerland.com\/de\/magazin\/wp-content\/uploads\/2016\/08\/Wandern_Hund.jpg\" \/>\n\t<meta property=\"og:image:width\" content=\"1600\" \/>\n\t<meta property=\"og:image:height\" content=\"985\" \/>\n\t<meta property=\"og:image:type\" content=\"image\/jpeg\" \/>\n<meta name=\"author\" content=\"Maria Riedler\" \/>\n<meta name=\"twitter:card\" content=\"summary_large_image\" \/>\n<meta name=\"twitter:creator\" content=\"@Salzburgerland\" \/>\n<meta name=\"twitter:site\" content=\"@Salzburgerland\" \/>\n<meta name=\"twitter:label1\" content=\"Verfasst von\" \/>\n\t<meta name=\"twitter:data1\" content=\"Maria Riedler\" \/>\n\t<meta name=\"twitter:label2\" content=\"Gesch\u00e4tzte Lesezeit\" \/>\n\t<meta name=\"twitter:data2\" content=\"4\u00a0Minuten\" \/>\n<script type=\"application\/ld+json\" class=\"yoast-schema-graph\">{\"@context\":\"https:\\\/\\\/schema.org\",\"@graph\":[{\"@type\":\"Article\",\"@id\":\"https:\\\/\\\/www.salzburgerland.com\\\/de\\\/magazin\\\/keine-angst-vor-kuehen-auf-der-alm\\\/#article\",\"isPartOf\":{\"@id\":\"https:\\\/\\\/www.salzburgerland.com\\\/de\\\/magazin\\\/keine-angst-vor-kuehen-auf-der-alm\\\/\"},\"author\":{\"name\":\"Maria Riedler\",\"@id\":\"https:\\\/\\\/www.salzburgerland.com\\\/de\\\/magazin\\\/#\\\/schema\\\/person\\\/0cd712588b834668bcd33d7a0668adb3\"},\"headline\":\"Keine Angst vor K\u00fchen auf der Alm\",\"datePublished\":\"2016-08-19T12:15:42+00:00\",\"dateModified\":\"2016-08-19T12:26:43+00:00\",\"mainEntityOfPage\":{\"@id\":\"https:\\\/\\\/www.salzburgerland.com\\\/de\\\/magazin\\\/keine-angst-vor-kuehen-auf-der-alm\\\/\"},\"wordCount\":803,\"commentCount\":0,\"publisher\":{\"@id\":\"https:\\\/\\\/www.salzburgerland.com\\\/de\\\/magazin\\\/#organization\"},\"image\":{\"@id\":\"https:\\\/\\\/www.salzburgerland.com\\\/de\\\/magazin\\\/keine-angst-vor-kuehen-auf-der-alm\\\/#primaryimage\"},\"thumbnailUrl\":\"https:\\\/\\\/www.salzburgerland.com\\\/de\\\/magazin\\\/wp-content\\\/uploads\\\/2016\\\/08\\\/Wandern_Hund.jpg\",\"articleSection\":[\"Gesundheit\"],\"inLanguage\":\"de\",\"potentialAction\":[{\"@type\":\"CommentAction\",\"name\":\"Comment\",\"target\":[\"https:\\\/\\\/www.salzburgerland.com\\\/de\\\/magazin\\\/keine-angst-vor-kuehen-auf-der-alm\\\/#respond\"]}]},{\"@type\":\"WebPage\",\"@id\":\"https:\\\/\\\/www.salzburgerland.com\\\/de\\\/magazin\\\/keine-angst-vor-kuehen-auf-der-alm\\\/\",\"url\":\"https:\\\/\\\/www.salzburgerland.com\\\/de\\\/magazin\\\/keine-angst-vor-kuehen-auf-der-alm\\\/\",\"name\":\"Keine Angst vor K\u00fchen auf der Alm - SalzburgerLand Magazin\",\"isPartOf\":{\"@id\":\"https:\\\/\\\/www.salzburgerland.com\\\/de\\\/magazin\\\/#website\"},\"primaryImageOfPage\":{\"@id\":\"https:\\\/\\\/www.salzburgerland.com\\\/de\\\/magazin\\\/keine-angst-vor-kuehen-auf-der-alm\\\/#primaryimage\"},\"image\":{\"@id\":\"https:\\\/\\\/www.salzburgerland.com\\\/de\\\/magazin\\\/keine-angst-vor-kuehen-auf-der-alm\\\/#primaryimage\"},\"thumbnailUrl\":\"https:\\\/\\\/www.salzburgerland.com\\\/de\\\/magazin\\\/wp-content\\\/uploads\\\/2016\\\/08\\\/Wandern_Hund.jpg\",\"datePublished\":\"2016-08-19T12:15:42+00:00\",\"dateModified\":\"2016-08-19T12:26:43+00:00\",\"breadcrumb\":{\"@id\":\"https:\\\/\\\/www.salzburgerland.com\\\/de\\\/magazin\\\/keine-angst-vor-kuehen-auf-der-alm\\\/#breadcrumb\"},\"inLanguage\":\"de\",\"potentialAction\":[{\"@type\":\"ReadAction\",\"target\":[\"https:\\\/\\\/www.salzburgerland.com\\\/de\\\/magazin\\\/keine-angst-vor-kuehen-auf-der-alm\\\/\"]}]},{\"@type\":\"ImageObject\",\"inLanguage\":\"de\",\"@id\":\"https:\\\/\\\/www.salzburgerland.com\\\/de\\\/magazin\\\/keine-angst-vor-kuehen-auf-der-alm\\\/#primaryimage\",\"url\":\"https:\\\/\\\/www.salzburgerland.com\\\/de\\\/magazin\\\/wp-content\\\/uploads\\\/2016\\\/08\\\/Wandern_Hund.jpg\",\"contentUrl\":\"https:\\\/\\\/www.salzburgerland.com\\\/de\\\/magazin\\\/wp-content\\\/uploads\\\/2016\\\/08\\\/Wandern_Hund.jpg\",\"width\":1600,\"height\":985,\"caption\":\"Ein Wanderer mit Rucksack und Wanderst\u00f6cken steht neben drei K\u00fchen und einem schwarzen Hund auf einer Bergwiese.\"},{\"@type\":\"BreadcrumbList\",\"@id\":\"https:\\\/\\\/www.salzburgerland.com\\\/de\\\/magazin\\\/keine-angst-vor-kuehen-auf-der-alm\\\/#breadcrumb\",\"itemListElement\":[{\"@type\":\"ListItem\",\"position\":1,\"name\":\"Startseite\",\"item\":\"https:\\\/\\\/www.salzburgerland.com\\\/de\\\/magazin\\\/\"},{\"@type\":\"ListItem\",\"position\":2,\"name\":\"Gesundheit\",\"item\":\"https:\\\/\\\/www.salzburgerland.com\\\/de\\\/magazin\\\/thema\\\/gesundheit\\\/\"},{\"@type\":\"ListItem\",\"position\":3,\"name\":\"Keine Angst vor K\u00fchen auf der Alm\"}]},{\"@type\":\"WebSite\",\"@id\":\"https:\\\/\\\/www.salzburgerland.com\\\/de\\\/magazin\\\/#website\",\"url\":\"https:\\\/\\\/www.salzburgerland.com\\\/de\\\/magazin\\\/\",\"name\":\"SalzburgerLand Magazin\",\"description\":\"Geschichten und Interessantes aus dem SalzburgerLand\",\"publisher\":{\"@id\":\"https:\\\/\\\/www.salzburgerland.com\\\/de\\\/magazin\\\/#organization\"},\"potentialAction\":[{\"@type\":\"SearchAction\",\"target\":{\"@type\":\"EntryPoint\",\"urlTemplate\":\"https:\\\/\\\/www.salzburgerland.com\\\/de\\\/magazin\\\/?s={search_term_string}\"},\"query-input\":{\"@type\":\"PropertyValueSpecification\",\"valueRequired\":true,\"valueName\":\"search_term_string\"}}],\"inLanguage\":\"de\"},{\"@type\":\"Organization\",\"@id\":\"https:\\\/\\\/www.salzburgerland.com\\\/de\\\/magazin\\\/#organization\",\"name\":\"SalzburgerLand Tourismus\",\"url\":\"https:\\\/\\\/www.salzburgerland.com\\\/de\\\/magazin\\\/\",\"logo\":{\"@type\":\"ImageObject\",\"inLanguage\":\"de\",\"@id\":\"https:\\\/\\\/www.salzburgerland.com\\\/de\\\/magazin\\\/#\\\/schema\\\/logo\\\/image\\\/\",\"url\":\"https:\\\/\\\/www.salzburgerland.com\\\/de\\\/magazin\\\/wp-content\\\/uploads\\\/2019\\\/06\\\/salzburgerland-logo1.jpg\",\"contentUrl\":\"https:\\\/\\\/www.salzburgerland.com\\\/de\\\/magazin\\\/wp-content\\\/uploads\\\/2019\\\/06\\\/salzburgerland-logo1.jpg\",\"width\":2011,\"height\":866,\"caption\":\"SalzburgerLand Tourismus\"},\"image\":{\"@id\":\"https:\\\/\\\/www.salzburgerland.com\\\/de\\\/magazin\\\/#\\\/schema\\\/logo\\\/image\\\/\"},\"sameAs\":[\"https:\\\/\\\/www.facebook.com\\\/salzburgerland\\\/\",\"https:\\\/\\\/x.com\\\/Salzburgerland\",\"https:\\\/\\\/www.instagram.com\\\/salzburgerland\\\/\",\"https:\\\/\\\/at.linkedin.com\\\/company\\\/salzburgerland-tourismus-gmbh\",\"https:\\\/\\\/www.pinterest.at\\\/salzburgerland\\\/\",\"https:\\\/\\\/www.youtube.com\\\/user\\\/salzburgerland\",\"https:\\\/\\\/de.wikipedia.org\\\/wiki\\\/SalzburgerLand_Tourismus_GmbH\"]},{\"@type\":\"Person\",\"@id\":\"https:\\\/\\\/www.salzburgerland.com\\\/de\\\/magazin\\\/#\\\/schema\\\/person\\\/0cd712588b834668bcd33d7a0668adb3\",\"name\":\"Maria Riedler\",\"description\":\"Ein Bild sagt mehr als tausend Worte, hei\u00dft es. Aber genauso wichtig ist die Geschichte dazu. Spannende Texte haben nicht nur einen gro\u00dfen Effekt auf unsere Wahrnehmung, sie lassen auch das Kopfkino in uns starten! Den Dingen nachzusp\u00fcren und auf den Grund zu gehen, das geh\u00f6rt jedenfalls seit meiner Jugendzeit zu mir ... Maria Riedler studierte neben ihrer T\u00e4tigkeit als Kinderkrankenschwester Publizistik und P\u00e4dagogik. Nach dem Studium verbrachte sie \u00fcber zwei Jahre in Australien, wo sie f\u00fcr den staatlichen Rundfunk SBS arbeitete. Anschlie\u00dfend war sie f\u00fcnf Jahre freie Mitarbeiterin im ORF Landesstudio Salzburg, weiters Kommunikationsbeauftragte beim Arbeitskreis f\u00fcr Vorsorgemedizin Salzburg (AVOS), war freiberufliche Journalistin bei der Salzburgerin und ist als Redakteurin f\u00fcr die Pongauer Nachrichten t\u00e4tig. Neben Schreiben, Fotografieren und Lesen liebt sie vor allem unsere Berge und ist ehrenamtlich Bergrettungshundef\u00fchrerin und Pressereferentin der Bergrettung Salzburg. Dosige(r) oder Zuagroast? Eindeutig dosig - aus dem\u00a0einmaligen Lungau. Fr\u00fchling, Sommer, Herbst oder Winter? Nachdem ich auch einige Jahre in Australien gelebt habe, bin ich mir sicher, dass uns weltweit die Menschen um diese so unterschiedlich sch\u00f6nen und so facettenreichen Jahreszeiten beneiden. Luxushotel oder Almh\u00fctte? Obwohl so ein Luxushotel schon seine Reize hat, genie\u00dfe ich doch meist eher die Einsamkeit auf einer Almh\u00fctte\u2026. Mozart oder Hubert von Goisern? Wie sch\u00f6n, dass wir so begnadete Musiker haben!\u00a0Leider\u00a0gibt es f\u00fcr mich - wie so oft - siehe oben und unten :-) kein Entweder-Oder\u2026 Ausstellung oder Bergpanorama? \\\"Kunst w\u00e4scht den Staub des Alltag von der Seele\\\", meinte Pablo Picasso. \u00a0Die Berge und deren Traumpanorama brauche ich auch, um mir\u00a0neue Perspektiven vom Leben zu holen.\u00a0Also:\u00a0Es muss doch mehr als alles geben \u00a0- wahrscheinlich mein Lebensmotto, deshalb bitte keine weiteren Entweder-Oder Fragen!\u00a0:-) Wer jemals einen Sonnenaufgang oder Sonnenuntergang in unseren Bergen erlebt hat, wei\u00df um die Einmaligkeit dieser Bilder und Eindr\u00fccke.\",\"url\":\"https:\\\/\\\/www.salzburgerland.com\\\/de\\\/magazin\\\/author\\\/mriedler\\\/\"}]}<\/script>\n<!-- \/ Yoast SEO Premium plugin. -->","yoast_head_json":{"title":"Keine Angst vor K\u00fchen auf der Alm - SalzburgerLand Magazin","description":"Salzburgs Almlandschaften sind ein \u00e4u\u00dferst beliebtes\u00a0Freizeitziel f\u00fcr Wanderer. Doch unsere Almen sind auch Lebensraum f\u00fcr viele Almtiere. Einige Tipps zum richtigen Verhalten auf Almenweiden,\u00a0speziell wenn Sie mit einem unserer liebsten Begleiter &#8211; dem Hund &#8211; unterwegs sind.\u00a0 Die Bergschuhe schn\u00fcren und den Rucksack schultern. Salzburgs unz\u00e4hlige Almen sind der Inbegriff von Gem\u00fctlichkeit und deshalb zieht [&hellip;]","robots":{"index":"index","follow":"follow","max-snippet":"max-snippet:-1","max-image-preview":"max-image-preview:large","max-video-preview":"max-video-preview:-1"},"canonical":"https:\/\/www.salzburgerland.com\/de\/magazin\/keine-angst-vor-kuehen-auf-der-alm\/","og_locale":"de_DE","og_type":"article","og_title":"Keine Angst vor K\u00fchen auf der Alm","og_description":"Salzburgs Almlandschaften sind ein \u00e4u\u00dferst beliebtes\u00a0Freizeitziel f\u00fcr Wanderer. Doch unsere Almen sind auch Lebensraum f\u00fcr viele Almtiere. Einige Tipps zum richtigen Verhalten auf Almenweiden,\u00a0speziell wenn Sie mit einem unserer liebsten Begleiter &#8211; dem Hund &#8211; unterwegs sind.\u00a0 Die Bergschuhe schn\u00fcren und den Rucksack schultern. Salzburgs unz\u00e4hlige Almen sind der Inbegriff von Gem\u00fctlichkeit und deshalb zieht [&hellip;]","og_url":"https:\/\/www.salzburgerland.com\/de\/magazin\/keine-angst-vor-kuehen-auf-der-alm\/","og_site_name":"SalzburgerLand Magazin","article_publisher":"https:\/\/www.facebook.com\/salzburgerland\/","article_published_time":"2016-08-19T12:15:42+00:00","article_modified_time":"2016-08-19T12:26:43+00:00","og_image":[{"width":1600,"height":985,"url":"https:\/\/www.salzburgerland.com\/de\/magazin\/wp-content\/uploads\/2016\/08\/Wandern_Hund.jpg","type":"image\/jpeg"}],"author":"Maria Riedler","twitter_card":"summary_large_image","twitter_creator":"@Salzburgerland","twitter_site":"@Salzburgerland","twitter_misc":{"Verfasst von":"Maria Riedler","Gesch\u00e4tzte Lesezeit":"4\u00a0Minuten"},"schema":{"@context":"https:\/\/schema.org","@graph":[{"@type":"Article","@id":"https:\/\/www.salzburgerland.com\/de\/magazin\/keine-angst-vor-kuehen-auf-der-alm\/#article","isPartOf":{"@id":"https:\/\/www.salzburgerland.com\/de\/magazin\/keine-angst-vor-kuehen-auf-der-alm\/"},"author":{"name":"Maria Riedler","@id":"https:\/\/www.salzburgerland.com\/de\/magazin\/#\/schema\/person\/0cd712588b834668bcd33d7a0668adb3"},"headline":"Keine Angst vor K\u00fchen auf der Alm","datePublished":"2016-08-19T12:15:42+00:00","dateModified":"2016-08-19T12:26:43+00:00","mainEntityOfPage":{"@id":"https:\/\/www.salzburgerland.com\/de\/magazin\/keine-angst-vor-kuehen-auf-der-alm\/"},"wordCount":803,"commentCount":0,"publisher":{"@id":"https:\/\/www.salzburgerland.com\/de\/magazin\/#organization"},"image":{"@id":"https:\/\/www.salzburgerland.com\/de\/magazin\/keine-angst-vor-kuehen-auf-der-alm\/#primaryimage"},"thumbnailUrl":"https:\/\/www.salzburgerland.com\/de\/magazin\/wp-content\/uploads\/2016\/08\/Wandern_Hund.jpg","articleSection":["Gesundheit"],"inLanguage":"de","potentialAction":[{"@type":"CommentAction","name":"Comment","target":["https:\/\/www.salzburgerland.com\/de\/magazin\/keine-angst-vor-kuehen-auf-der-alm\/#respond"]}]},{"@type":"WebPage","@id":"https:\/\/www.salzburgerland.com\/de\/magazin\/keine-angst-vor-kuehen-auf-der-alm\/","url":"https:\/\/www.salzburgerland.com\/de\/magazin\/keine-angst-vor-kuehen-auf-der-alm\/","name":"Keine Angst vor K\u00fchen auf der Alm - SalzburgerLand Magazin","isPartOf":{"@id":"https:\/\/www.salzburgerland.com\/de\/magazin\/#website"},"primaryImageOfPage":{"@id":"https:\/\/www.salzburgerland.com\/de\/magazin\/keine-angst-vor-kuehen-auf-der-alm\/#primaryimage"},"image":{"@id":"https:\/\/www.salzburgerland.com\/de\/magazin\/keine-angst-vor-kuehen-auf-der-alm\/#primaryimage"},"thumbnailUrl":"https:\/\/www.salzburgerland.com\/de\/magazin\/wp-content\/uploads\/2016\/08\/Wandern_Hund.jpg","datePublished":"2016-08-19T12:15:42+00:00","dateModified":"2016-08-19T12:26:43+00:00","breadcrumb":{"@id":"https:\/\/www.salzburgerland.com\/de\/magazin\/keine-angst-vor-kuehen-auf-der-alm\/#breadcrumb"},"inLanguage":"de","potentialAction":[{"@type":"ReadAction","target":["https:\/\/www.salzburgerland.com\/de\/magazin\/keine-angst-vor-kuehen-auf-der-alm\/"]}]},{"@type":"ImageObject","inLanguage":"de","@id":"https:\/\/www.salzburgerland.com\/de\/magazin\/keine-angst-vor-kuehen-auf-der-alm\/#primaryimage","url":"https:\/\/www.salzburgerland.com\/de\/magazin\/wp-content\/uploads\/2016\/08\/Wandern_Hund.jpg","contentUrl":"https:\/\/www.salzburgerland.com\/de\/magazin\/wp-content\/uploads\/2016\/08\/Wandern_Hund.jpg","width":1600,"height":985,"caption":"Ein Wanderer mit Rucksack und Wanderst\u00f6cken steht neben drei K\u00fchen und einem schwarzen Hund auf einer Bergwiese."},{"@type":"BreadcrumbList","@id":"https:\/\/www.salzburgerland.com\/de\/magazin\/keine-angst-vor-kuehen-auf-der-alm\/#breadcrumb","itemListElement":[{"@type":"ListItem","position":1,"name":"Startseite","item":"https:\/\/www.salzburgerland.com\/de\/magazin\/"},{"@type":"ListItem","position":2,"name":"Gesundheit","item":"https:\/\/www.salzburgerland.com\/de\/magazin\/thema\/gesundheit\/"},{"@type":"ListItem","position":3,"name":"Keine Angst vor K\u00fchen auf der Alm"}]},{"@type":"WebSite","@id":"https:\/\/www.salzburgerland.com\/de\/magazin\/#website","url":"https:\/\/www.salzburgerland.com\/de\/magazin\/","name":"SalzburgerLand Magazin","description":"Geschichten und Interessantes aus dem SalzburgerLand","publisher":{"@id":"https:\/\/www.salzburgerland.com\/de\/magazin\/#organization"},"potentialAction":[{"@type":"SearchAction","target":{"@type":"EntryPoint","urlTemplate":"https:\/\/www.salzburgerland.com\/de\/magazin\/?s={search_term_string}"},"query-input":{"@type":"PropertyValueSpecification","valueRequired":true,"valueName":"search_term_string"}}],"inLanguage":"de"},{"@type":"Organization","@id":"https:\/\/www.salzburgerland.com\/de\/magazin\/#organization","name":"SalzburgerLand Tourismus","url":"https:\/\/www.salzburgerland.com\/de\/magazin\/","logo":{"@type":"ImageObject","inLanguage":"de","@id":"https:\/\/www.salzburgerland.com\/de\/magazin\/#\/schema\/logo\/image\/","url":"https:\/\/www.salzburgerland.com\/de\/magazin\/wp-content\/uploads\/2019\/06\/salzburgerland-logo1.jpg","contentUrl":"https:\/\/www.salzburgerland.com\/de\/magazin\/wp-content\/uploads\/2019\/06\/salzburgerland-logo1.jpg","width":2011,"height":866,"caption":"SalzburgerLand Tourismus"},"image":{"@id":"https:\/\/www.salzburgerland.com\/de\/magazin\/#\/schema\/logo\/image\/"},"sameAs":["https:\/\/www.facebook.com\/salzburgerland\/","https:\/\/x.com\/Salzburgerland","https:\/\/www.instagram.com\/salzburgerland\/","https:\/\/at.linkedin.com\/company\/salzburgerland-tourismus-gmbh","https:\/\/www.pinterest.at\/salzburgerland\/","https:\/\/www.youtube.com\/user\/salzburgerland","https:\/\/de.wikipedia.org\/wiki\/SalzburgerLand_Tourismus_GmbH"]},{"@type":"Person","@id":"https:\/\/www.salzburgerland.com\/de\/magazin\/#\/schema\/person\/0cd712588b834668bcd33d7a0668adb3","name":"Maria Riedler","description":"Ein Bild sagt mehr als tausend Worte, hei\u00dft es. Aber genauso wichtig ist die Geschichte dazu. Spannende Texte haben nicht nur einen gro\u00dfen Effekt auf unsere Wahrnehmung, sie lassen auch das Kopfkino in uns starten! Den Dingen nachzusp\u00fcren und auf den Grund zu gehen, das geh\u00f6rt jedenfalls seit meiner Jugendzeit zu mir ... Maria Riedler studierte neben ihrer T\u00e4tigkeit als Kinderkrankenschwester Publizistik und P\u00e4dagogik. Nach dem Studium verbrachte sie \u00fcber zwei Jahre in Australien, wo sie f\u00fcr den staatlichen Rundfunk SBS arbeitete. Anschlie\u00dfend war sie f\u00fcnf Jahre freie Mitarbeiterin im ORF Landesstudio Salzburg, weiters Kommunikationsbeauftragte beim Arbeitskreis f\u00fcr Vorsorgemedizin Salzburg (AVOS), war freiberufliche Journalistin bei der Salzburgerin und ist als Redakteurin f\u00fcr die Pongauer Nachrichten t\u00e4tig. Neben Schreiben, Fotografieren und Lesen liebt sie vor allem unsere Berge und ist ehrenamtlich Bergrettungshundef\u00fchrerin und Pressereferentin der Bergrettung Salzburg. Dosige(r) oder Zuagroast? Eindeutig dosig - aus dem\u00a0einmaligen Lungau. Fr\u00fchling, Sommer, Herbst oder Winter? Nachdem ich auch einige Jahre in Australien gelebt habe, bin ich mir sicher, dass uns weltweit die Menschen um diese so unterschiedlich sch\u00f6nen und so facettenreichen Jahreszeiten beneiden. Luxushotel oder Almh\u00fctte? Obwohl so ein Luxushotel schon seine Reize hat, genie\u00dfe ich doch meist eher die Einsamkeit auf einer Almh\u00fctte\u2026. Mozart oder Hubert von Goisern? Wie sch\u00f6n, dass wir so begnadete Musiker haben!\u00a0Leider\u00a0gibt es f\u00fcr mich - wie so oft - siehe oben und unten :-) kein Entweder-Oder\u2026 Ausstellung oder Bergpanorama? \"Kunst w\u00e4scht den Staub des Alltag von der Seele\", meinte Pablo Picasso. \u00a0Die Berge und deren Traumpanorama brauche ich auch, um mir\u00a0neue Perspektiven vom Leben zu holen.\u00a0Also:\u00a0Es muss doch mehr als alles geben \u00a0- wahrscheinlich mein Lebensmotto, deshalb bitte keine weiteren Entweder-Oder Fragen!\u00a0:-) Wer jemals einen Sonnenaufgang oder Sonnenuntergang in unseren Bergen erlebt hat, wei\u00df um die Einmaligkeit dieser Bilder und Eindr\u00fccke.","url":"https:\/\/www.salzburgerland.com\/de\/magazin\/author\/mriedler\/"}]}},"_wl_alt_label":[],"wl:entity_url":"http:\/\/open.salzburgerland.com\/magazin\/post\/keine_angst_vor_kuehen_auf_der_alm","_links":{"self":[{"href":"https:\/\/www.salzburgerland.com\/de\/magazin\/wp-json\/wp\/v2\/posts\/108467","targetHints":{"allow":["GET"]}}],"collection":[{"href":"https:\/\/www.salzburgerland.com\/de\/magazin\/wp-json\/wp\/v2\/posts"}],"about":[{"href":"https:\/\/www.salzburgerland.com\/de\/magazin\/wp-json\/wp\/v2\/types\/post"}],"author":[{"embeddable":true,"href":"https:\/\/www.salzburgerland.com\/de\/magazin\/wp-json\/wp\/v2\/users\/217"}],"replies":[{"embeddable":true,"href":"https:\/\/www.salzburgerland.com\/de\/magazin\/wp-json\/wp\/v2\/comments?post=108467"}],"version-history":[{"count":1,"href":"https:\/\/www.salzburgerland.com\/de\/magazin\/wp-json\/wp\/v2\/posts\/108467\/revisions"}],"predecessor-version":[{"id":165190,"href":"https:\/\/www.salzburgerland.com\/de\/magazin\/wp-json\/wp\/v2\/posts\/108467\/revisions\/165190"}],"wp:featuredmedia":[{"embeddable":true,"href":"https:\/\/www.salzburgerland.com\/de\/magazin\/wp-json\/wp\/v2\/media\/108475"}],"wp:attachment":[{"href":"https:\/\/www.salzburgerland.com\/de\/magazin\/wp-json\/wp\/v2\/media?parent=108467"}],"wp:term":[{"taxonomy":"category","embeddable":true,"href":"https:\/\/www.salzburgerland.com\/de\/magazin\/wp-json\/wp\/v2\/categories?post=108467"},{"taxonomy":"post_tag","embeddable":true,"href":"https:\/\/www.salzburgerland.com\/de\/magazin\/wp-json\/wp\/v2\/tags?post=108467"},{"taxonomy":"wl_entity_type","embeddable":true,"href":"https:\/\/www.salzburgerland.com\/de\/magazin\/wp-json\/wp\/v2\/wl_entity_type?post=108467"},{"taxonomy":"monatsauswahl","embeddable":true,"href":"https:\/\/www.salzburgerland.com\/de\/magazin\/wp-json\/wp\/v2\/monatsauswahl?post=108467"}],"curies":[{"name":"wp","href":"https:\/\/api.w.org\/{rel}","templated":true}]}}