{"id":108414,"date":"2016-08-16T11:52:46","date_gmt":"2016-08-16T09:52:46","guid":{"rendered":"http:\/\/magazin.salzburgerland.com\/?p=108414"},"modified":"2021-07-22T16:17:51","modified_gmt":"2021-07-22T14:17:51","slug":"grossarl-tal-der-almen","status":"publish","type":"post","link":"https:\/\/www.salzburgerland.com\/de\/magazin\/grossarl-tal-der-almen\/","title":{"rendered":"Gro\u00dfarltal \u2013 das Tal der Almen"},"content":{"rendered":"\n<h2 class=\"wp-block-slt-subtitle\">Mehr als 40 bewirtschaftete H\u00fctten<\/h2>\n\n\n\n<p class=\"wp-block-slt-intro\">Sie schmeckt schon anders: die Jause auf der Alm! Echter, intensiver, voller Naturgenuss und Lebenskraft. Und immer mit Ausblick auf die herrliche Bergwelt im Nationalpark Hohe Tauern.<\/p>\n\n\n\n<p>\u201eRiecht ihr den zarten Vanilleduft? Das ist das Kohlr\u00f6schen\u201c, erkl\u00e4rt Bergf\u00fchrer und Ern\u00e4hrungsberater Fritz beim \u201eEntschleunigungstag\u201c im Gro\u00dfarltal und zeigt auf das kleine, kugelige Orchideengew\u00e4chs direkt am Wegesrand. Vom glasklaren Schuhflickersee ist es nicht mehr weit zur Aualm, eine der rund 40 bewirtschafteten H\u00fctten des Tales. Frisches Bauernbrot, der \u201e<a href=\"https:\/\/www.salzburgschmeckt.at\/geschichte\/genussregion-grossarltaler-bergbauernkaese-12\" target=\"_blank\" rel=\"noreferrer noopener\">Gro\u00dfarltaler Sauerk\u00e4se<\/a>\u201c \u2013 ein Genuss-Regions-Produkt \u2013 und selbst ger\u00e4ucherter Speck geh\u00f6ren zur wohlverdienten Rast. Und nat\u00fcrlich der grandiose Ausblick auf die herrliche Bergwelt im Nationalpark Hohe Tauern. Das Gro\u00dfarltal wurde als erste Region im SalzburgerLand mit dem \u00d6sterreichischen Wanderg\u00fctesiegel ausgezeichnet und gilt mit ihren 400 Kilometer langen und markierten Wanderwegen nachweislich als beste Wanderregion. Das Wanderdorf Gro\u00dfarl in der Talmitte punktet mit einem gro\u00dfen, familienfreundlichen Sport- &amp; Freizeitzentrum mit Erlebnisschwimmbad und der \u201e<a href=\"https:\/\/www.salzburgerland.com\/de\/magazin\/abenteuerspielplatz-einmal-anders\/\" target=\"_blank\" rel=\"noreferrer noopener\">Gaudi-Alm<\/a>\u201c \u2013 Salzburgs gr\u00f6\u00dftem Almenspielplatz. Das <a href=\"https:\/\/www.bergsteigerdoerfer.org\/126-0-Ueber-das-Bergsteigerdorf-Huettschlag.html\" target=\"_blank\" rel=\"noreferrer noopener\">Bergsteigerdorf\u00ae H\u00fcttschlag<\/a> lockt neben den vielen Almen auch mit Klettersteigen sowie hochalpinen Gipfeltouren wie etwa auf den Keeskogel und den Weinschnabel.<\/p>\n\n\n<div class=\"mag-gallery\"><div class=\"row\"><div class=\"col-6 col-sm-4\"><figure><a class=\"thumb-container\" href=\"https:\/\/www.salzburgerland.com\/de\/magazin\/wp-content\/uploads\/2016\/08\/RS3847_@deniscebulec-x-@salzburgerland-0032-lpr-1280x1024.jpg\">\t<picture><source media=\"(min-width: 576px)\" srcset=\"https:\/\/www.salzburgerland.com\/de\/magazin\/wp-content\/uploads\/2016\/08\/RS3847_@deniscebulec-x-@salzburgerland-0032-lpr-325x209.jpg 325w, https:\/\/www.salzburgerland.com\/de\/magazin\/wp-content\/uploads\/2016\/08\/RS3847_@deniscebulec-x-@salzburgerland-0032-lpr-249x160.jpg 249w\"><\/source><source media=\"(min-width: 0)\" srcset=\"https:\/\/www.salzburgerland.com\/de\/magazin\/wp-content\/uploads\/2016\/08\/RS3847_@deniscebulec-x-@salzburgerland-0032-lpr-249x160.jpg 249w, https:\/\/www.salzburgerland.com\/de\/magazin\/wp-content\/uploads\/2016\/08\/RS3847_@deniscebulec-x-@salzburgerland-0032-lpr-325x209.jpg 325w\"><\/source><img decoding=\"async\" alt=\"Braune und wei&szlig;e Kuh auf einer Wiese mit Bergen und blauem Himmel im Hintergrund.\" src=\"https:\/\/www.salzburgerland.com\/de\/magazin\/wp-content\/uploads\/2016\/08\/RS3847_@deniscebulec-x-@salzburgerland-0032-lpr.jpg\">\t<\/picture><\/a><\/figure><\/div><div class=\"col-6 col-sm-4\"><figure><a class=\"thumb-container\" href=\"https:\/\/www.salzburgerland.com\/de\/magazin\/wp-content\/uploads\/2016\/08\/RS3853_@deniscebulec-x-@salzburgerland-1166-lpr-1280x1024.jpg\">\t<picture><source media=\"(min-width: 576px)\" srcset=\"https:\/\/www.salzburgerland.com\/de\/magazin\/wp-content\/uploads\/2016\/08\/RS3853_@deniscebulec-x-@salzburgerland-1166-lpr-325x209.jpg 325w, https:\/\/www.salzburgerland.com\/de\/magazin\/wp-content\/uploads\/2016\/08\/RS3853_@deniscebulec-x-@salzburgerland-1166-lpr-249x160.jpg 249w\"><\/source><source media=\"(min-width: 0)\" srcset=\"https:\/\/www.salzburgerland.com\/de\/magazin\/wp-content\/uploads\/2016\/08\/RS3853_@deniscebulec-x-@salzburgerland-1166-lpr-249x160.jpg 249w, https:\/\/www.salzburgerland.com\/de\/magazin\/wp-content\/uploads\/2016\/08\/RS3853_@deniscebulec-x-@salzburgerland-1166-lpr-325x209.jpg 325w\"><\/source><img decoding=\"async\" alt=\"Zwei gestreifte Liegest&uuml;hle auf einer grasbewachsenen Anh&ouml;he &uuml;berblicken die Berge unter einem blauen Himmel mit Wolken.\" src=\"https:\/\/www.salzburgerland.com\/de\/magazin\/wp-content\/uploads\/2016\/08\/RS3853_@deniscebulec-x-@salzburgerland-1166-lpr.jpg\">\t<\/picture><\/a><\/figure><\/div><div class=\"col-6 col-sm-4\"><figure><a class=\"thumb-container\" href=\"https:\/\/www.salzburgerland.com\/de\/magazin\/wp-content\/uploads\/2016\/08\/RS3261_TappenkarseecWagrain-Kleinarl-Tourismus_Eduard-Gellner-lpr-1280x1024.jpg\">\t<picture><source media=\"(min-width: 576px)\" srcset=\"https:\/\/www.salzburgerland.com\/de\/magazin\/wp-content\/uploads\/2016\/08\/RS3261_TappenkarseecWagrain-Kleinarl-Tourismus_Eduard-Gellner-lpr-325x209.jpg 325w, https:\/\/www.salzburgerland.com\/de\/magazin\/wp-content\/uploads\/2016\/08\/RS3261_TappenkarseecWagrain-Kleinarl-Tourismus_Eduard-Gellner-lpr-249x160.jpg 249w\"><\/source><source media=\"(min-width: 0)\" srcset=\"https:\/\/www.salzburgerland.com\/de\/magazin\/wp-content\/uploads\/2016\/08\/RS3261_TappenkarseecWagrain-Kleinarl-Tourismus_Eduard-Gellner-lpr-249x160.jpg 249w, https:\/\/www.salzburgerland.com\/de\/magazin\/wp-content\/uploads\/2016\/08\/RS3261_TappenkarseecWagrain-Kleinarl-Tourismus_Eduard-Gellner-lpr-325x209.jpg 325w\"><\/source><img decoding=\"async\" alt=\"Ein Gebirgstal mit einem See, gewundenen B&auml;chen und einer einsamen H&uuml;tte, umgeben von gr&uuml;nen H&uuml;geln und Gipfeln.\" src=\"https:\/\/www.salzburgerland.com\/de\/magazin\/wp-content\/uploads\/2016\/08\/RS3261_TappenkarseecWagrain-Kleinarl-Tourismus_Eduard-Gellner-lpr.jpg\">\t<\/picture><\/a><\/figure><\/div><\/div><figcaption><\/figcaption><\/div>\n\n\n\n<h2 class=\"wp-block-heading\" id=\"h-sportlich-unterwegs-im-tal-der-almen\">Sportlich unterwegs im Tal der Almen<\/h2>\n\n\n\n<p>Unvergessliche Sonnenunter- und Sonnenaufg\u00e4nge lassen sich im \u201eTal der Almen\u201c mit einer&nbsp;himmlischen H\u00fctten\u00fcbernachtung kombinieren: So zum Beispiel auf einer mehrt\u00e4gigen Tour am Salzburger Almenweg. 4 der 31 Tagesetappen f\u00fchren durch das Gro\u00dfarltal. Wer die bequemere Variante bevorzugt, bestellt sich zur fr\u00fchen Morgenstunde ein&nbsp; Wandertaxi und erklimmt die Gipfel. Wer das Mountainbike den Wanderschuhen vorzieht, darf sich \u00fcber 140 Kilometer Mountainbikewege mit insgesamt rund 13.000 m (!) H\u00f6henunterschied freuen. Gut die H\u00e4lfte der Almen ist f\u00fcr Bergr adler \u00fcber ausgeschilderte Forstwege erreichbar. F\u00fcr noch mehr&nbsp; R\u00fcckenwind sorgen die modernen E-Mountainbikes, die vor Ort ausgeliehen werden k\u00f6nnen, und mit denen sich jede Ausfahrt zur Genusstour entwickelt.<\/p>\n\n\n\n<p>Intensive Bergerlebnisse f\u00fcr K\u00f6rper, Geist und Seele stehen im Mittelpunkt von \u201eBerg-Gesund\u201c: Das&nbsp; ganzheitliche Programm umfasst Gipfeltouren, Yoga auf der Alm, Gleitschirmfliegen, Klettern und gef\u00fchrte Hochgebirgstouren auf die vergletscherten Gipfel im Talschluss. Wer sich gar nicht sportlich bet\u00e4tigen will, aber trotzdem gerne das herrliche Panorama im Gro\u00dfarltal genie\u00dfen m\u00f6chte, der kann mit der Panoramabahn bequem und schnell auf den Berg gondeln.<\/p>\n\n\n\n<h2 class=\"wp-block-heading\" id=\"h-berg-gesund\">Berg gesund<\/h2>\n\n\n\n<p>Der Verein&nbsp;<a href=\"https:\/\/www.berg-gesund.at\/\" target=\"_blank\" rel=\"noreferrer noopener\">BERG-GESUND<\/a>&nbsp;aus dem Gro\u00dfarltal hat ein attraktives&nbsp;Wander-,&nbsp;Bergtouren- und Kletterangebot&nbsp;geschaffen. Dabei gibt es w\u00f6chentlich im Sommer verschiedene gef\u00fchrte Touren mit staatlich gepr\u00fcften&nbsp;Wander- und&nbsp;Bergf\u00fchrern. Von&nbsp;gem\u00fctlichen Wanderungen&nbsp;bis zu&nbsp;anspruchsvollen Hochgebirgstouren&nbsp;ist alles dabei. Das Sommerprogramm geht von Mitte Mai bis Oktober. Intensives Bergerlebnis mit allen 5 Sinnen genie\u00dfen steht dabei im Mittelpunkt.&nbsp;<\/p>\n\n\n\n<figure class=\"wp-block-image size-large\"><img loading=\"lazy\" decoding=\"async\" width=\"2000\" height=\"1333\" src=\"https:\/\/www.salzburgerland.com\/de\/magazin\/wp-content\/uploads\/2016\/08\/RS821_HV9A1284-lpr.jpg\" alt=\"Zwei Radfahrer fahren bergauf auf einem grasbewachsenen Weg in der N\u00e4he einer Holzh\u00fctte, umgeben von B\u00e4umen und Wildblumen.\" class=\"wp-image-151751\" srcset=\"https:\/\/www.salzburgerland.com\/de\/magazin\/wp-content\/uploads\/2016\/08\/RS821_HV9A1284-lpr.jpg 2000w, https:\/\/www.salzburgerland.com\/de\/magazin\/wp-content\/uploads\/2016\/08\/RS821_HV9A1284-lpr-300x200.jpg 300w, https:\/\/www.salzburgerland.com\/de\/magazin\/wp-content\/uploads\/2016\/08\/RS821_HV9A1284-lpr-1536x1024.jpg 1536w, https:\/\/www.salzburgerland.com\/de\/magazin\/wp-content\/uploads\/2016\/08\/RS821_HV9A1284-lpr-825x550.jpg 825w, https:\/\/www.salzburgerland.com\/de\/magazin\/wp-content\/uploads\/2016\/08\/RS821_HV9A1284-lpr-600x400.jpg 600w, https:\/\/www.salzburgerland.com\/de\/magazin\/wp-content\/uploads\/2016\/08\/RS821_HV9A1284-lpr-1320x880.jpg 1320w, https:\/\/www.salzburgerland.com\/de\/magazin\/wp-content\/uploads\/2016\/08\/RS821_HV9A1284-lpr-150x100.jpg 150w\" sizes=\"auto, (max-width: 2000px) 100vw, 2000px\" \/><\/figure>\n\n\n\n<h2 class=\"wp-block-heading\" id=\"h-grossarler-almgeheimnisse\">Grossarler Almgeheimnisse<\/h2>\n\n\n\n<p>Kennt ihr denn auch schon die Gro\u00dfarler Almgeheimnisse? Die gibt es auf den Almh\u00fctten entlang des\u00a0<a href=\"https:\/\/www.grossarltal.info\/de\/sommer\/almwandern\/salzburger-almenweg.html\" target=\"_blank\" rel=\"noreferrer noopener\">Salzburger Almenweges<\/a>\u00a0in Gro\u00dfarl und H\u00fcttschlag zu entdecken. Denn alle H\u00fcttenwirt:innen haben eigene Geheimrezepte, welche aber nicht weiter geheim bleiben sollen. Holt euch also eure pers\u00f6nlichen Rezeptkarten. Und je mehr H\u00fctten ihr besucht, desto gr\u00f6\u00dfer wird der Schatz an Rezepten. So bleibt beim Nachkochen zu Hause die Erinnerung an den sch\u00f6nen Almsommer im Gro\u00dfarltal lange gewahrt. <\/p>\n\n\n\n<p>Wie w\u00e4re es denn mit einem traditionellen \u201eMuas\u201c, herzhaften \u201eKasnock\u00b4n mit Knetk\u00e4se\u201c oder leckeren  \u201eSchwarzbeernock\u00b4n\u201c. Nat\u00fcrlich d\u00fcrfen auch Tipps f\u00fcr leckere Ansatzlik\u00f6re auf Basis von selbst gebranntem Bauernobstler nicht fehlen. Mahlzeit!<\/p>\n\n\n\n<figure class=\"wp-block-image size-large\"><img loading=\"lazy\" decoding=\"async\" width=\"2000\" height=\"1361\" src=\"https:\/\/www.salzburgerland.com\/de\/magazin\/wp-content\/uploads\/2016\/08\/bauernkrapfen-heugathalm-grossarltal-gross.jpg\" alt=\"Geb\u00e4ck mit Puderzucker, Kaffee und Sahne auf einem Holztisch, mit Bergen im Hintergrund.\" class=\"wp-image-155973\" srcset=\"https:\/\/www.salzburgerland.com\/de\/magazin\/wp-content\/uploads\/2016\/08\/bauernkrapfen-heugathalm-grossarltal-gross.jpg 2000w, https:\/\/www.salzburgerland.com\/de\/magazin\/wp-content\/uploads\/2016\/08\/bauernkrapfen-heugathalm-grossarltal-gross-300x204.jpg 300w, https:\/\/www.salzburgerland.com\/de\/magazin\/wp-content\/uploads\/2016\/08\/bauernkrapfen-heugathalm-grossarltal-gross-1536x1045.jpg 1536w, https:\/\/www.salzburgerland.com\/de\/magazin\/wp-content\/uploads\/2016\/08\/bauernkrapfen-heugathalm-grossarltal-gross-808x550.jpg 808w, https:\/\/www.salzburgerland.com\/de\/magazin\/wp-content\/uploads\/2016\/08\/bauernkrapfen-heugathalm-grossarltal-gross-588x400.jpg 588w, https:\/\/www.salzburgerland.com\/de\/magazin\/wp-content\/uploads\/2016\/08\/bauernkrapfen-heugathalm-grossarltal-gross-1320x898.jpg 1320w, https:\/\/www.salzburgerland.com\/de\/magazin\/wp-content\/uploads\/2016\/08\/bauernkrapfen-heugathalm-grossarltal-gross-150x102.jpg 150w\" sizes=\"auto, (max-width: 2000px) 100vw, 2000px\" \/><figcaption>\u00a9 Gro\u00dfarltal &#8211; Bauernkrapfen auf der Heugathalm<\/figcaption><\/figure>\n","protected":false},"excerpt":{"rendered":"<p>\u201eRiecht ihr den zarten Vanilleduft? Das ist das Kohlr\u00f6schen\u201c, erkl\u00e4rt Bergf\u00fchrer und Ern\u00e4hrungsberater Fritz beim \u201eEntschleunigungstag\u201c im Gro\u00dfarltal und zeigt auf das kleine, kugelige Orchideengew\u00e4chs direkt am Wegesrand. Vom glasklaren Schuhflickersee ist es nicht mehr weit zur Aualm, eine der rund 40 bewirtschafteten H\u00fctten des Tales. Frisches Bauernbrot, der \u201eGro\u00dfarltaler Sauerk\u00e4se\u201c \u2013 ein Genuss-Regions-Produkt \u2013 [&hellip;]<\/p>\n","protected":false},"author":519,"featured_media":151755,"comment_status":"open","ping_status":"open","sticky":false,"template":"","format":"standard","meta":{"_acf_changed":false,"wl_entities_gutenberg":"","_wl_entity_redirect_enabled":"","footnotes":""},"categories":[8],"tags":[],"wl_entity_type":[306],"monatsauswahl":[86,87,88,89,90,91],"class_list":["post-108414","post","type-post","status-publish","format-standard","has-post-thumbnail","hentry","category-outdoor-sport","wl_entity_type-article","monatsauswahl-monat_5","monatsauswahl-monat_6","monatsauswahl-monat_7","monatsauswahl-monat_8","monatsauswahl-monat_9","monatsauswahl-monat_10"],"acf":[],"yoast_head":"<!-- This site is optimized with the Yoast SEO Premium plugin v27.4 (Yoast SEO v27.4) - https:\/\/yoast.com\/product\/yoast-seo-premium-wordpress\/ -->\n<title>Gro\u00dfarltal \u2013 das Tal der Almen - SalzburgerLand Magazin<\/title>\n<meta name=\"description\" content=\"Sie schmeckt schon anders: die Jause auf der Alm! Echter, intensiver, voller Naturgenuss und Lebenskraft. Und immer mit Ausblick auf die herrliche Bergwelt im Nationalpark Hohe Tauern.\" \/>\n<meta name=\"robots\" content=\"index, follow, max-snippet:-1, max-image-preview:large, max-video-preview:-1\" \/>\n<link rel=\"canonical\" href=\"https:\/\/www.salzburgerland.com\/de\/magazin\/grossarl-tal-der-almen\/\" \/>\n<meta property=\"og:locale\" content=\"de_DE\" \/>\n<meta property=\"og:type\" content=\"article\" \/>\n<meta property=\"og:title\" content=\"Gro\u00dfarltal \u2013 das Tal der Almen\" \/>\n<meta property=\"og:description\" content=\"\u201eRiecht ihr den zarten Vanilleduft? Das ist das Kohlr\u00f6schen\u201c, erkl\u00e4rt Bergf\u00fchrer und Ern\u00e4hrungsberater Fritz beim \u201eEntschleunigungstag\u201c im Gro\u00dfarltal und zeigt auf das kleine, kugelige Orchideengew\u00e4chs direkt am Wegesrand. Vom glasklaren Schuhflickersee ist es nicht mehr weit zur Aualm, eine der rund 40 bewirtschafteten H\u00fctten des Tales. Frisches Bauernbrot, der \u201eGro\u00dfarltaler Sauerk\u00e4se\u201c \u2013 ein Genuss-Regions-Produkt \u2013 [&hellip;]\" \/>\n<meta property=\"og:url\" content=\"https:\/\/www.salzburgerland.com\/de\/magazin\/grossarl-tal-der-almen\/\" \/>\n<meta property=\"og:site_name\" content=\"SalzburgerLand Magazin\" \/>\n<meta property=\"article:publisher\" content=\"https:\/\/www.facebook.com\/salzburgerland\/\" \/>\n<meta property=\"article:published_time\" content=\"2016-08-16T09:52:46+00:00\" \/>\n<meta property=\"article:modified_time\" content=\"2021-07-22T14:17:51+00:00\" \/>\n<meta property=\"og:image\" content=\"https:\/\/www.salzburgerland.com\/de\/magazin\/wp-content\/uploads\/2016\/08\/RS3837_SLT_Grossarl_Almenweg_ChrisPerkles-71-lpr.jpg\" \/>\n\t<meta property=\"og:image:width\" content=\"2000\" \/>\n\t<meta property=\"og:image:height\" content=\"1333\" \/>\n\t<meta property=\"og:image:type\" content=\"image\/jpeg\" \/>\n<meta name=\"author\" content=\"SalzburgerLand Redaktion\" \/>\n<meta name=\"twitter:card\" content=\"summary_large_image\" \/>\n<meta name=\"twitter:creator\" content=\"@Salzburgerland\" \/>\n<meta name=\"twitter:site\" content=\"@Salzburgerland\" \/>\n<meta name=\"twitter:label1\" content=\"Verfasst von\" \/>\n\t<meta name=\"twitter:data1\" content=\"SalzburgerLand Redaktion\" \/>\n\t<meta name=\"twitter:label2\" content=\"Gesch\u00e4tzte Lesezeit\" \/>\n\t<meta name=\"twitter:data2\" content=\"4\u00a0Minuten\" \/>\n<script type=\"application\/ld+json\" class=\"yoast-schema-graph\">{\"@context\":\"https:\\\/\\\/schema.org\",\"@graph\":[{\"@type\":\"Article\",\"@id\":\"https:\\\/\\\/www.salzburgerland.com\\\/de\\\/magazin\\\/grossarl-tal-der-almen\\\/#article\",\"isPartOf\":{\"@id\":\"https:\\\/\\\/www.salzburgerland.com\\\/de\\\/magazin\\\/grossarl-tal-der-almen\\\/\"},\"author\":{\"name\":\"SalzburgerLand Redaktion\",\"@id\":\"https:\\\/\\\/www.salzburgerland.com\\\/de\\\/magazin\\\/#\\\/schema\\\/person\\\/349c9c85bed4ea156e4b5f3fc5777e1a\"},\"headline\":\"Gro\u00dfarltal \u2013 das Tal der Almen\",\"datePublished\":\"2016-08-16T09:52:46+00:00\",\"dateModified\":\"2021-07-22T14:17:51+00:00\",\"mainEntityOfPage\":{\"@id\":\"https:\\\/\\\/www.salzburgerland.com\\\/de\\\/magazin\\\/grossarl-tal-der-almen\\\/\"},\"wordCount\":599,\"commentCount\":0,\"publisher\":{\"@id\":\"https:\\\/\\\/www.salzburgerland.com\\\/de\\\/magazin\\\/#organization\"},\"image\":{\"@id\":\"https:\\\/\\\/www.salzburgerland.com\\\/de\\\/magazin\\\/grossarl-tal-der-almen\\\/#primaryimage\"},\"thumbnailUrl\":\"https:\\\/\\\/www.salzburgerland.com\\\/de\\\/magazin\\\/wp-content\\\/uploads\\\/2016\\\/08\\\/RS3837_SLT_Grossarl_Almenweg_ChrisPerkles-71-lpr.jpg\",\"articleSection\":[\"Outdoor &amp; Sport\"],\"inLanguage\":\"de\",\"potentialAction\":[{\"@type\":\"CommentAction\",\"name\":\"Comment\",\"target\":[\"https:\\\/\\\/www.salzburgerland.com\\\/de\\\/magazin\\\/grossarl-tal-der-almen\\\/#respond\"]}]},{\"@type\":\"WebPage\",\"@id\":\"https:\\\/\\\/www.salzburgerland.com\\\/de\\\/magazin\\\/grossarl-tal-der-almen\\\/\",\"url\":\"https:\\\/\\\/www.salzburgerland.com\\\/de\\\/magazin\\\/grossarl-tal-der-almen\\\/\",\"name\":\"Gro\u00dfarltal \u2013 das Tal der Almen - SalzburgerLand Magazin\",\"isPartOf\":{\"@id\":\"https:\\\/\\\/www.salzburgerland.com\\\/de\\\/magazin\\\/#website\"},\"primaryImageOfPage\":{\"@id\":\"https:\\\/\\\/www.salzburgerland.com\\\/de\\\/magazin\\\/grossarl-tal-der-almen\\\/#primaryimage\"},\"image\":{\"@id\":\"https:\\\/\\\/www.salzburgerland.com\\\/de\\\/magazin\\\/grossarl-tal-der-almen\\\/#primaryimage\"},\"thumbnailUrl\":\"https:\\\/\\\/www.salzburgerland.com\\\/de\\\/magazin\\\/wp-content\\\/uploads\\\/2016\\\/08\\\/RS3837_SLT_Grossarl_Almenweg_ChrisPerkles-71-lpr.jpg\",\"datePublished\":\"2016-08-16T09:52:46+00:00\",\"dateModified\":\"2021-07-22T14:17:51+00:00\",\"breadcrumb\":{\"@id\":\"https:\\\/\\\/www.salzburgerland.com\\\/de\\\/magazin\\\/grossarl-tal-der-almen\\\/#breadcrumb\"},\"inLanguage\":\"de\",\"potentialAction\":[{\"@type\":\"ReadAction\",\"target\":[\"https:\\\/\\\/www.salzburgerland.com\\\/de\\\/magazin\\\/grossarl-tal-der-almen\\\/\"]}]},{\"@type\":\"ImageObject\",\"inLanguage\":\"de\",\"@id\":\"https:\\\/\\\/www.salzburgerland.com\\\/de\\\/magazin\\\/grossarl-tal-der-almen\\\/#primaryimage\",\"url\":\"https:\\\/\\\/www.salzburgerland.com\\\/de\\\/magazin\\\/wp-content\\\/uploads\\\/2016\\\/08\\\/RS3837_SLT_Grossarl_Almenweg_ChrisPerkles-71-lpr.jpg\",\"contentUrl\":\"https:\\\/\\\/www.salzburgerland.com\\\/de\\\/magazin\\\/wp-content\\\/uploads\\\/2016\\\/08\\\/RS3837_SLT_Grossarl_Almenweg_ChrisPerkles-71-lpr.jpg\",\"width\":2000,\"height\":1333,\"caption\":\"Ein ruhiger Bergsee, umgeben von gr\u00fcnen H\u00fcgeln, Blumen und Kiefern unter einem blauen Himmel mit Wolken.\"},{\"@type\":\"BreadcrumbList\",\"@id\":\"https:\\\/\\\/www.salzburgerland.com\\\/de\\\/magazin\\\/grossarl-tal-der-almen\\\/#breadcrumb\",\"itemListElement\":[{\"@type\":\"ListItem\",\"position\":1,\"name\":\"Startseite\",\"item\":\"https:\\\/\\\/www.salzburgerland.com\\\/de\\\/magazin\\\/\"},{\"@type\":\"ListItem\",\"position\":2,\"name\":\"Outdoor &amp; Sport\",\"item\":\"https:\\\/\\\/www.salzburgerland.com\\\/de\\\/magazin\\\/thema\\\/outdoor-sport\\\/\"},{\"@type\":\"ListItem\",\"position\":3,\"name\":\"Gro\u00dfarltal \u2013 das Tal der Almen\"}]},{\"@type\":\"WebSite\",\"@id\":\"https:\\\/\\\/www.salzburgerland.com\\\/de\\\/magazin\\\/#website\",\"url\":\"https:\\\/\\\/www.salzburgerland.com\\\/de\\\/magazin\\\/\",\"name\":\"SalzburgerLand Magazin\",\"description\":\"Geschichten und Interessantes aus dem SalzburgerLand\",\"publisher\":{\"@id\":\"https:\\\/\\\/www.salzburgerland.com\\\/de\\\/magazin\\\/#organization\"},\"potentialAction\":[{\"@type\":\"SearchAction\",\"target\":{\"@type\":\"EntryPoint\",\"urlTemplate\":\"https:\\\/\\\/www.salzburgerland.com\\\/de\\\/magazin\\\/?s={search_term_string}\"},\"query-input\":{\"@type\":\"PropertyValueSpecification\",\"valueRequired\":true,\"valueName\":\"search_term_string\"}}],\"inLanguage\":\"de\"},{\"@type\":\"Organization\",\"@id\":\"https:\\\/\\\/www.salzburgerland.com\\\/de\\\/magazin\\\/#organization\",\"name\":\"SalzburgerLand Tourismus\",\"url\":\"https:\\\/\\\/www.salzburgerland.com\\\/de\\\/magazin\\\/\",\"logo\":{\"@type\":\"ImageObject\",\"inLanguage\":\"de\",\"@id\":\"https:\\\/\\\/www.salzburgerland.com\\\/de\\\/magazin\\\/#\\\/schema\\\/logo\\\/image\\\/\",\"url\":\"https:\\\/\\\/www.salzburgerland.com\\\/de\\\/magazin\\\/wp-content\\\/uploads\\\/2019\\\/06\\\/salzburgerland-logo1.jpg\",\"contentUrl\":\"https:\\\/\\\/www.salzburgerland.com\\\/de\\\/magazin\\\/wp-content\\\/uploads\\\/2019\\\/06\\\/salzburgerland-logo1.jpg\",\"width\":2011,\"height\":866,\"caption\":\"SalzburgerLand Tourismus\"},\"image\":{\"@id\":\"https:\\\/\\\/www.salzburgerland.com\\\/de\\\/magazin\\\/#\\\/schema\\\/logo\\\/image\\\/\"},\"sameAs\":[\"https:\\\/\\\/www.facebook.com\\\/salzburgerland\\\/\",\"https:\\\/\\\/x.com\\\/Salzburgerland\",\"https:\\\/\\\/www.instagram.com\\\/salzburgerland\\\/\",\"https:\\\/\\\/at.linkedin.com\\\/company\\\/salzburgerland-tourismus-gmbh\",\"https:\\\/\\\/www.pinterest.at\\\/salzburgerland\\\/\",\"https:\\\/\\\/www.youtube.com\\\/user\\\/salzburgerland\",\"https:\\\/\\\/de.wikipedia.org\\\/wiki\\\/SalzburgerLand_Tourismus_GmbH\"]},{\"@type\":\"Person\",\"@id\":\"https:\\\/\\\/www.salzburgerland.com\\\/de\\\/magazin\\\/#\\\/schema\\\/person\\\/349c9c85bed4ea156e4b5f3fc5777e1a\",\"name\":\"SalzburgerLand Redaktion\",\"url\":\"https:\\\/\\\/www.salzburgerland.com\\\/de\\\/magazin\\\/author\\\/redaktion\\\/\"}]}<\/script>\n<!-- \/ Yoast SEO Premium plugin. -->","yoast_head_json":{"title":"Gro\u00dfarltal \u2013 das Tal der Almen - SalzburgerLand Magazin","description":"Sie schmeckt schon anders: die Jause auf der Alm! Echter, intensiver, voller Naturgenuss und Lebenskraft. Und immer mit Ausblick auf die herrliche Bergwelt im Nationalpark Hohe Tauern.","robots":{"index":"index","follow":"follow","max-snippet":"max-snippet:-1","max-image-preview":"max-image-preview:large","max-video-preview":"max-video-preview:-1"},"canonical":"https:\/\/www.salzburgerland.com\/de\/magazin\/grossarl-tal-der-almen\/","og_locale":"de_DE","og_type":"article","og_title":"Gro\u00dfarltal \u2013 das Tal der Almen","og_description":"\u201eRiecht ihr den zarten Vanilleduft? Das ist das Kohlr\u00f6schen\u201c, erkl\u00e4rt Bergf\u00fchrer und Ern\u00e4hrungsberater Fritz beim \u201eEntschleunigungstag\u201c im Gro\u00dfarltal und zeigt auf das kleine, kugelige Orchideengew\u00e4chs direkt am Wegesrand. Vom glasklaren Schuhflickersee ist es nicht mehr weit zur Aualm, eine der rund 40 bewirtschafteten H\u00fctten des Tales. Frisches Bauernbrot, der \u201eGro\u00dfarltaler Sauerk\u00e4se\u201c \u2013 ein Genuss-Regions-Produkt \u2013 [&hellip;]","og_url":"https:\/\/www.salzburgerland.com\/de\/magazin\/grossarl-tal-der-almen\/","og_site_name":"SalzburgerLand Magazin","article_publisher":"https:\/\/www.facebook.com\/salzburgerland\/","article_published_time":"2016-08-16T09:52:46+00:00","article_modified_time":"2021-07-22T14:17:51+00:00","og_image":[{"width":2000,"height":1333,"url":"https:\/\/www.salzburgerland.com\/de\/magazin\/wp-content\/uploads\/2016\/08\/RS3837_SLT_Grossarl_Almenweg_ChrisPerkles-71-lpr.jpg","type":"image\/jpeg"}],"author":"SalzburgerLand Redaktion","twitter_card":"summary_large_image","twitter_creator":"@Salzburgerland","twitter_site":"@Salzburgerland","twitter_misc":{"Verfasst von":"SalzburgerLand Redaktion","Gesch\u00e4tzte Lesezeit":"4\u00a0Minuten"},"schema":{"@context":"https:\/\/schema.org","@graph":[{"@type":"Article","@id":"https:\/\/www.salzburgerland.com\/de\/magazin\/grossarl-tal-der-almen\/#article","isPartOf":{"@id":"https:\/\/www.salzburgerland.com\/de\/magazin\/grossarl-tal-der-almen\/"},"author":{"name":"SalzburgerLand Redaktion","@id":"https:\/\/www.salzburgerland.com\/de\/magazin\/#\/schema\/person\/349c9c85bed4ea156e4b5f3fc5777e1a"},"headline":"Gro\u00dfarltal \u2013 das Tal der Almen","datePublished":"2016-08-16T09:52:46+00:00","dateModified":"2021-07-22T14:17:51+00:00","mainEntityOfPage":{"@id":"https:\/\/www.salzburgerland.com\/de\/magazin\/grossarl-tal-der-almen\/"},"wordCount":599,"commentCount":0,"publisher":{"@id":"https:\/\/www.salzburgerland.com\/de\/magazin\/#organization"},"image":{"@id":"https:\/\/www.salzburgerland.com\/de\/magazin\/grossarl-tal-der-almen\/#primaryimage"},"thumbnailUrl":"https:\/\/www.salzburgerland.com\/de\/magazin\/wp-content\/uploads\/2016\/08\/RS3837_SLT_Grossarl_Almenweg_ChrisPerkles-71-lpr.jpg","articleSection":["Outdoor &amp; Sport"],"inLanguage":"de","potentialAction":[{"@type":"CommentAction","name":"Comment","target":["https:\/\/www.salzburgerland.com\/de\/magazin\/grossarl-tal-der-almen\/#respond"]}]},{"@type":"WebPage","@id":"https:\/\/www.salzburgerland.com\/de\/magazin\/grossarl-tal-der-almen\/","url":"https:\/\/www.salzburgerland.com\/de\/magazin\/grossarl-tal-der-almen\/","name":"Gro\u00dfarltal \u2013 das Tal der Almen - SalzburgerLand Magazin","isPartOf":{"@id":"https:\/\/www.salzburgerland.com\/de\/magazin\/#website"},"primaryImageOfPage":{"@id":"https:\/\/www.salzburgerland.com\/de\/magazin\/grossarl-tal-der-almen\/#primaryimage"},"image":{"@id":"https:\/\/www.salzburgerland.com\/de\/magazin\/grossarl-tal-der-almen\/#primaryimage"},"thumbnailUrl":"https:\/\/www.salzburgerland.com\/de\/magazin\/wp-content\/uploads\/2016\/08\/RS3837_SLT_Grossarl_Almenweg_ChrisPerkles-71-lpr.jpg","datePublished":"2016-08-16T09:52:46+00:00","dateModified":"2021-07-22T14:17:51+00:00","breadcrumb":{"@id":"https:\/\/www.salzburgerland.com\/de\/magazin\/grossarl-tal-der-almen\/#breadcrumb"},"inLanguage":"de","potentialAction":[{"@type":"ReadAction","target":["https:\/\/www.salzburgerland.com\/de\/magazin\/grossarl-tal-der-almen\/"]}]},{"@type":"ImageObject","inLanguage":"de","@id":"https:\/\/www.salzburgerland.com\/de\/magazin\/grossarl-tal-der-almen\/#primaryimage","url":"https:\/\/www.salzburgerland.com\/de\/magazin\/wp-content\/uploads\/2016\/08\/RS3837_SLT_Grossarl_Almenweg_ChrisPerkles-71-lpr.jpg","contentUrl":"https:\/\/www.salzburgerland.com\/de\/magazin\/wp-content\/uploads\/2016\/08\/RS3837_SLT_Grossarl_Almenweg_ChrisPerkles-71-lpr.jpg","width":2000,"height":1333,"caption":"Ein ruhiger Bergsee, umgeben von gr\u00fcnen H\u00fcgeln, Blumen und Kiefern unter einem blauen Himmel mit Wolken."},{"@type":"BreadcrumbList","@id":"https:\/\/www.salzburgerland.com\/de\/magazin\/grossarl-tal-der-almen\/#breadcrumb","itemListElement":[{"@type":"ListItem","position":1,"name":"Startseite","item":"https:\/\/www.salzburgerland.com\/de\/magazin\/"},{"@type":"ListItem","position":2,"name":"Outdoor &amp; Sport","item":"https:\/\/www.salzburgerland.com\/de\/magazin\/thema\/outdoor-sport\/"},{"@type":"ListItem","position":3,"name":"Gro\u00dfarltal \u2013 das Tal der Almen"}]},{"@type":"WebSite","@id":"https:\/\/www.salzburgerland.com\/de\/magazin\/#website","url":"https:\/\/www.salzburgerland.com\/de\/magazin\/","name":"SalzburgerLand Magazin","description":"Geschichten und Interessantes aus dem SalzburgerLand","publisher":{"@id":"https:\/\/www.salzburgerland.com\/de\/magazin\/#organization"},"potentialAction":[{"@type":"SearchAction","target":{"@type":"EntryPoint","urlTemplate":"https:\/\/www.salzburgerland.com\/de\/magazin\/?s={search_term_string}"},"query-input":{"@type":"PropertyValueSpecification","valueRequired":true,"valueName":"search_term_string"}}],"inLanguage":"de"},{"@type":"Organization","@id":"https:\/\/www.salzburgerland.com\/de\/magazin\/#organization","name":"SalzburgerLand Tourismus","url":"https:\/\/www.salzburgerland.com\/de\/magazin\/","logo":{"@type":"ImageObject","inLanguage":"de","@id":"https:\/\/www.salzburgerland.com\/de\/magazin\/#\/schema\/logo\/image\/","url":"https:\/\/www.salzburgerland.com\/de\/magazin\/wp-content\/uploads\/2019\/06\/salzburgerland-logo1.jpg","contentUrl":"https:\/\/www.salzburgerland.com\/de\/magazin\/wp-content\/uploads\/2019\/06\/salzburgerland-logo1.jpg","width":2011,"height":866,"caption":"SalzburgerLand Tourismus"},"image":{"@id":"https:\/\/www.salzburgerland.com\/de\/magazin\/#\/schema\/logo\/image\/"},"sameAs":["https:\/\/www.facebook.com\/salzburgerland\/","https:\/\/x.com\/Salzburgerland","https:\/\/www.instagram.com\/salzburgerland\/","https:\/\/at.linkedin.com\/company\/salzburgerland-tourismus-gmbh","https:\/\/www.pinterest.at\/salzburgerland\/","https:\/\/www.youtube.com\/user\/salzburgerland","https:\/\/de.wikipedia.org\/wiki\/SalzburgerLand_Tourismus_GmbH"]},{"@type":"Person","@id":"https:\/\/www.salzburgerland.com\/de\/magazin\/#\/schema\/person\/349c9c85bed4ea156e4b5f3fc5777e1a","name":"SalzburgerLand Redaktion","url":"https:\/\/www.salzburgerland.com\/de\/magazin\/author\/redaktion\/"}]}},"_wl_alt_label":[],"wl:entity_url":"http:\/\/open.salzburgerland.com\/magazin\/post\/grossarl_-_tal_der_almen","_links":{"self":[{"href":"https:\/\/www.salzburgerland.com\/de\/magazin\/wp-json\/wp\/v2\/posts\/108414","targetHints":{"allow":["GET"]}}],"collection":[{"href":"https:\/\/www.salzburgerland.com\/de\/magazin\/wp-json\/wp\/v2\/posts"}],"about":[{"href":"https:\/\/www.salzburgerland.com\/de\/magazin\/wp-json\/wp\/v2\/types\/post"}],"author":[{"embeddable":true,"href":"https:\/\/www.salzburgerland.com\/de\/magazin\/wp-json\/wp\/v2\/users\/519"}],"replies":[{"embeddable":true,"href":"https:\/\/www.salzburgerland.com\/de\/magazin\/wp-json\/wp\/v2\/comments?post=108414"}],"version-history":[{"count":5,"href":"https:\/\/www.salzburgerland.com\/de\/magazin\/wp-json\/wp\/v2\/posts\/108414\/revisions"}],"predecessor-version":[{"id":156299,"href":"https:\/\/www.salzburgerland.com\/de\/magazin\/wp-json\/wp\/v2\/posts\/108414\/revisions\/156299"}],"wp:featuredmedia":[{"embeddable":true,"href":"https:\/\/www.salzburgerland.com\/de\/magazin\/wp-json\/wp\/v2\/media\/151755"}],"wp:attachment":[{"href":"https:\/\/www.salzburgerland.com\/de\/magazin\/wp-json\/wp\/v2\/media?parent=108414"}],"wp:term":[{"taxonomy":"category","embeddable":true,"href":"https:\/\/www.salzburgerland.com\/de\/magazin\/wp-json\/wp\/v2\/categories?post=108414"},{"taxonomy":"post_tag","embeddable":true,"href":"https:\/\/www.salzburgerland.com\/de\/magazin\/wp-json\/wp\/v2\/tags?post=108414"},{"taxonomy":"wl_entity_type","embeddable":true,"href":"https:\/\/www.salzburgerland.com\/de\/magazin\/wp-json\/wp\/v2\/wl_entity_type?post=108414"},{"taxonomy":"monatsauswahl","embeddable":true,"href":"https:\/\/www.salzburgerland.com\/de\/magazin\/wp-json\/wp\/v2\/monatsauswahl?post=108414"}],"curies":[{"name":"wp","href":"https:\/\/api.w.org\/{rel}","templated":true}]}}