{"id":108208,"date":"2016-08-23T10:25:43","date_gmt":"2016-08-23T08:25:43","guid":{"rendered":"http:\/\/magazin.salzburgerland.com\/?p=108208"},"modified":"2016-08-25T09:46:42","modified_gmt":"2016-08-25T07:46:42","slug":"im-kloster-fuehlen-statt-reden","status":"publish","type":"post","link":"https:\/\/www.salzburgerland.com\/de\/magazin\/im-kloster-fuehlen-statt-reden\/","title":{"rendered":"Im Kloster: F\u00fchlen statt reden"},"content":{"rendered":"<p><strong>Stille und Spiritualit\u00e4t locken immer mehr G\u00e4ste f\u00fcr einige Zeit in Salzburgs Kl\u00f6ster und Stifte. Die Erzdi\u00f6zese Salzburg hat besondere Pl\u00e4tze unter dem Titel &#8222;Heilsame Orte&#8220; zu einer Einheit zusammen gef\u00fchrt.<\/strong><\/p>\n<p>Kl\u00f6ster faszinieren. Von ihnen geht eine Stille, Ruhe und Beschaulichkeit aus, die der heutigen Welt oft fehlt. Immer mehr Menschen suchen eine kurze Auszeit vom Alltag. Sie verbringen einige Tage oder auch mehrere Wochen in der Abgeschiedenheit des kl\u00f6sterlichen Lebens. Die <a href=\"http:\/\/www.kirchen.net\/salzburg\/\">Erzdi\u00f6zese Salzburg<\/a> \u00f6ffnet unter dem Titel &#8222;<a href=\"http:\/\/www.heilsame-orte.at\/home\/\">Heilsame Orte&#8220;<\/a> f\u00fcr G\u00e4ste einige Gottesh\u00e4user. Diese haben besinnliche, meditative und spirituelle Angebote unterschiedlicher Dauer und Intensit\u00e4t geschn\u00fcrt. Zu den H\u00e4usern der &#8222;Heilsamen Orte&#8220; z\u00e4hlen unter anderen das <a href=\"http:\/\/www.stift-stpeter.at\/\">Stift St. Peter<\/a>, das <a href=\"http:\/\/www.salzburg.info\/de\/sehenswertes\/kirchen_friedhoefe\/kapuzinerkloster\">Kapuzinerkloster auf dem gleichnamigen Berg in der Stadt Salzburg<\/a>, das <a href=\"http:\/\/www.maria-kirchental.at\/home\/\">Haus der Besinnung bei der Wallfahrtskirche Maria Kirchenthal in St. Martin bei Lofer <\/a>und das <a href=\"http:\/\/www.europakloster.com\/\">Europakloster Gut Aich in St. Gilgen<\/a>.<\/p>\n<p><strong>Einige Tage in der Klostergemeinschaft mitleben<\/strong><br \/>Das Benediktinerstift St. Peter ist das \u00e4lteste Kloster Salzburgs. Es wurde um 700 vom Missionar Rupert gegr\u00fcndet. Dieses Gotteshaus ist f\u00fcr M\u00e4nner offen, die einige Tage in der Klostergemeinschaft mitleben m\u00f6chten. Das Ziel des M\u00f6nchslebens ist dabei das gleiche wie das eines jeden Christen: den eigenen Egoismus durchschauen und \u00fcberwinden und ein liebevoller Mensch zu werden.<\/p>\n<p>Das Haus der Besinnung neben der rund 300 Jahre alten Wallfahrtskirche Maria Kirchental in St. Martin bei Lofer bietet die M\u00f6glichkeit, in der Abgeschiedenheit der Natur bei Exerzitien, Schweigekursen, Atemseminaren und Biblischen Wanderwochen neue Kr\u00e4fte zu tanken. Die Missionarinnen Christi und die Herz Jesu Missionare begleiten die G\u00e4ste, sind offen f\u00fcr alle Menschen und interessiert an deren Wegen.<\/p>\n<p>Auch bei den Benediktinerm\u00f6nchen im Europakloster Gut Aich am Wolfgangsee bilden &#8211; so wie bei den M\u00f6nche des Stiftes St. Peter &#8211; das feierliche Chorgebet und das gemeinsame Leben nach den Regeln des heiligen Benedikt die S\u00e4ulen der Gemeinschaft. Benediktinische Spiritualit\u00e4t ist Beziehungsspiritualit\u00e4t und wird im Alltag, beim gemeinsamen Essen, Arbeiten, Beten und in der Freizeit ausgelebt. Bei \u00dcbungszeiten und Seminaren spielen Meditation, Exerzitien, Fasten und Schweigen eine zentrale Rolle.<\/p>\n<p>Jeder Platz dieser &#8222;Heilsamen Orte&#8220; Salzburgs hat einen engen Bezug zur Natur. B\u00e4ume, G\u00e4rten und Berge f\u00f6rdern hier eine Atmosph\u00e4re der Stille, Ruhe und Ausgeglichenheit.<\/p>\n<p>&nbsp;<\/p>\n<div class=\"mag-gallery\"><div class=\"row\"><div class=\"col-6 col-sm-4\"><figure><a class=\"thumb-container\" href=\"https:\/\/www.salzburgerland.com\/de\/magazin\/wp-content\/uploads\/2016\/08\/DSC_0018-1280x1024.jpg\">\t<picture><source media=\"(min-width: 576px)\" srcset=\"https:\/\/www.salzburgerland.com\/de\/magazin\/wp-content\/uploads\/2016\/08\/DSC_0018-325x209.jpg 325w, https:\/\/www.salzburgerland.com\/de\/magazin\/wp-content\/uploads\/2016\/08\/DSC_0018-249x160.jpg 249w\" \/><source media=\"(min-width: 0)\" srcset=\"https:\/\/www.salzburgerland.com\/de\/magazin\/wp-content\/uploads\/2016\/08\/DSC_0018-249x160.jpg 249w, https:\/\/www.salzburgerland.com\/de\/magazin\/wp-content\/uploads\/2016\/08\/DSC_0018-325x209.jpg 325w\" \/><img decoding=\"async\" alt=\"Wei\u00dfes historisches Geb\u00e4ude mit Bogenfenstern und einem Turm mit gr\u00fcner Kuppel unter einem hellen, klaren Himmel.\" src=\"https:\/\/www.salzburgerland.com\/de\/magazin\/wp-content\/uploads\/2016\/08\/DSC_0018.jpg\" \/>\t<\/picture><\/a><\/figure><\/div><div class=\"col-6 col-sm-4\"><figure><a class=\"thumb-container\" href=\"https:\/\/www.salzburgerland.com\/de\/magazin\/wp-content\/uploads\/2016\/08\/DSC_0026-1280x1024.jpg\">\t<picture><source media=\"(min-width: 576px)\" srcset=\"\" \/><source media=\"(min-width: 0)\" srcset=\"https:\/\/www.salzburgerland.com\/de\/magazin\/wp-content\/uploads\/2016\/08\/DSC_0026.jpg 1000w, https:\/\/www.salzburgerland.com\/de\/magazin\/wp-content\/uploads\/2016\/08\/DSC_0026-199x300.jpg 199w, https:\/\/www.salzburgerland.com\/de\/magazin\/wp-content\/uploads\/2016\/08\/DSC_0026-366x550.jpg 366w, https:\/\/www.salzburgerland.com\/de\/magazin\/wp-content\/uploads\/2016\/08\/DSC_0026-266x400.jpg 266w\" \/><img decoding=\"async\" alt=\"Historische Kathedrale mit gr\u00fcnen Kuppeln und T\u00fcrmen, die teilweise hinter B\u00e4umen und einem grasbewachsenen Garten verborgen ist.\" src=\"https:\/\/www.salzburgerland.com\/de\/magazin\/wp-content\/uploads\/2016\/08\/DSC_0026.jpg\" \/>\t<\/picture><\/a><\/figure><\/div><div class=\"col-6 col-sm-4\"><figure><a class=\"thumb-container\" href=\"https:\/\/www.salzburgerland.com\/de\/magazin\/wp-content\/uploads\/2016\/08\/DSC_0030-1280x1024.jpg\">\t<picture><source media=\"(min-width: 576px)\" srcset=\"\" \/><source media=\"(min-width: 0)\" srcset=\"https:\/\/www.salzburgerland.com\/de\/magazin\/wp-content\/uploads\/2016\/08\/DSC_0030.jpg 1000w, https:\/\/www.salzburgerland.com\/de\/magazin\/wp-content\/uploads\/2016\/08\/DSC_0030-199x300.jpg 199w, https:\/\/www.salzburgerland.com\/de\/magazin\/wp-content\/uploads\/2016\/08\/DSC_0030-366x550.jpg 366w, https:\/\/www.salzburgerland.com\/de\/magazin\/wp-content\/uploads\/2016\/08\/DSC_0030-266x400.jpg 266w\" \/><img decoding=\"async\" alt=\"Ein Kircheninnenhof mit G\u00e4rten, Grabsteinen und historischen Geb\u00e4uden in Salzburg, \u00d6sterreich, bei klarem Himmel.\" src=\"https:\/\/www.salzburgerland.com\/de\/magazin\/wp-content\/uploads\/2016\/08\/DSC_0030.jpg\" \/>\t<\/picture><\/a><\/figure><\/div><div class=\"col-6 col-sm-4\"><figure><a class=\"thumb-container\" href=\"https:\/\/www.salzburgerland.com\/de\/magazin\/wp-content\/uploads\/2016\/08\/IMG_1607-1280x1024.jpg\">\t<picture><source media=\"(min-width: 576px)\" srcset=\"https:\/\/www.salzburgerland.com\/de\/magazin\/wp-content\/uploads\/2016\/08\/IMG_1607-325x209.jpg 325w, https:\/\/www.salzburgerland.com\/de\/magazin\/wp-content\/uploads\/2016\/08\/IMG_1607-249x160.jpg 249w\" \/><source media=\"(min-width: 0)\" srcset=\"https:\/\/www.salzburgerland.com\/de\/magazin\/wp-content\/uploads\/2016\/08\/IMG_1607-249x160.jpg 249w, https:\/\/www.salzburgerland.com\/de\/magazin\/wp-content\/uploads\/2016\/08\/IMG_1607-325x209.jpg 325w\" \/><img decoding=\"async\" alt=\"Ein Mann steht vor einer malerischen Ansicht von Salzburg, \u00d6sterreich, mit der Festung Hohensalzburg im Hintergrund.\" src=\"https:\/\/www.salzburgerland.com\/de\/magazin\/wp-content\/uploads\/2016\/08\/IMG_1607.jpg\" \/>\t<\/picture><\/a><\/figure><\/div><div class=\"col-6 col-sm-4\"><figure><a class=\"thumb-container\" href=\"https:\/\/www.salzburgerland.com\/de\/magazin\/wp-content\/uploads\/2016\/08\/2986753-1280x1024.jpg\">\t<picture><source media=\"(min-width: 576px)\" srcset=\"\" \/><source media=\"(min-width: 0)\" srcset=\"https:\/\/www.salzburgerland.com\/de\/magazin\/wp-content\/uploads\/2016\/08\/2986753.jpg 480w, https:\/\/www.salzburgerland.com\/de\/magazin\/wp-content\/uploads\/2016\/08\/2986753-225x300.jpg 225w, https:\/\/www.salzburgerland.com\/de\/magazin\/wp-content\/uploads\/2016\/08\/2986753-413x550.jpg 413w, https:\/\/www.salzburgerland.com\/de\/magazin\/wp-content\/uploads\/2016\/08\/2986753-300x400.jpg 300w\" \/><img decoding=\"async\" alt=\"Ein Mann in einem braunen Gewand steht vor einem verzierten Kirchenaltar, in dem Menschen in Holzb\u00e4nken sitzen.\" src=\"https:\/\/www.salzburgerland.com\/de\/magazin\/wp-content\/uploads\/2016\/08\/2986753.jpg\" \/>\t<\/picture><\/a><\/figure><\/div><div class=\"col-6 col-sm-4\"><figure><a class=\"thumb-container\" href=\"https:\/\/www.salzburgerland.com\/de\/magazin\/wp-content\/uploads\/2016\/08\/IMG_1576-1280x1024.jpg\">\t<picture><source media=\"(min-width: 576px)\" srcset=\"https:\/\/www.salzburgerland.com\/de\/magazin\/wp-content\/uploads\/2016\/08\/IMG_1576-325x209.jpg 325w, https:\/\/www.salzburgerland.com\/de\/magazin\/wp-content\/uploads\/2016\/08\/IMG_1576-249x160.jpg 249w\" \/><source media=\"(min-width: 0)\" srcset=\"https:\/\/www.salzburgerland.com\/de\/magazin\/wp-content\/uploads\/2016\/08\/IMG_1576-249x160.jpg 249w, https:\/\/www.salzburgerland.com\/de\/magazin\/wp-content\/uploads\/2016\/08\/IMG_1576-325x209.jpg 325w\" \/><img decoding=\"async\" alt=\"Blick nach oben auf eine Wendeltreppe mit Holzgel\u00e4nder und einem schwarzen Kronleuchter in der Mitte.\" src=\"https:\/\/www.salzburgerland.com\/de\/magazin\/wp-content\/uploads\/2016\/08\/IMG_1576.jpg\" \/>\t<\/picture><\/a><\/figure><\/div><div class=\"col-6 col-sm-4\"><figure><a class=\"thumb-container\" href=\"https:\/\/www.salzburgerland.com\/de\/magazin\/wp-content\/uploads\/2016\/08\/IMG_1595-1280x1024.jpg\">\t<picture><source media=\"(min-width: 576px)\" srcset=\"https:\/\/www.salzburgerland.com\/de\/magazin\/wp-content\/uploads\/2016\/08\/IMG_1595-325x209.jpg 325w, https:\/\/www.salzburgerland.com\/de\/magazin\/wp-content\/uploads\/2016\/08\/IMG_1595-249x160.jpg 249w\" \/><source media=\"(min-width: 0)\" srcset=\"https:\/\/www.salzburgerland.com\/de\/magazin\/wp-content\/uploads\/2016\/08\/IMG_1595-249x160.jpg 249w, https:\/\/www.salzburgerland.com\/de\/magazin\/wp-content\/uploads\/2016\/08\/IMG_1595-325x209.jpg 325w\" \/><img decoding=\"async\" alt=\"Ein altes, gro\u00dfes, aufgeschlagenes Buch mit lateinischem Text, das in einem Raum mit Holzdeckenbalken ausgestellt ist.\" src=\"https:\/\/www.salzburgerland.com\/de\/magazin\/wp-content\/uploads\/2016\/08\/IMG_1595.jpg\" \/>\t<\/picture><\/a><\/figure><\/div><div class=\"col-6 col-sm-4\"><figure><a class=\"thumb-container\" href=\"https:\/\/www.salzburgerland.com\/de\/magazin\/wp-content\/uploads\/2016\/08\/IMG_1586-1280x1024.jpg\">\t<picture><source media=\"(min-width: 576px)\" srcset=\"https:\/\/www.salzburgerland.com\/de\/magazin\/wp-content\/uploads\/2016\/08\/IMG_1586-325x209.jpg 325w, https:\/\/www.salzburgerland.com\/de\/magazin\/wp-content\/uploads\/2016\/08\/IMG_1586-249x160.jpg 249w\" \/><source media=\"(min-width: 0)\" srcset=\"https:\/\/www.salzburgerland.com\/de\/magazin\/wp-content\/uploads\/2016\/08\/IMG_1586-249x160.jpg 249w, https:\/\/www.salzburgerland.com\/de\/magazin\/wp-content\/uploads\/2016\/08\/IMG_1586-325x209.jpg 325w\" \/><img decoding=\"async\" alt=\"Ein M\u00f6nch steht in einem Steinkeller neben einer religi\u00f6sen Ikone, einem aufgeschlagenen Buch und einer kleinen Kerze auf dem Boden.\" src=\"https:\/\/www.salzburgerland.com\/de\/magazin\/wp-content\/uploads\/2016\/08\/IMG_1586.jpg\" \/>\t<\/picture><\/a><\/figure><\/div><div class=\"col-6 col-sm-4\"><figure><a class=\"thumb-container\" href=\"https:\/\/www.salzburgerland.com\/de\/magazin\/wp-content\/uploads\/2016\/08\/aich-1280x1024.jpg\">\t<picture><source media=\"(min-width: 576px)\" srcset=\"https:\/\/www.salzburgerland.com\/de\/magazin\/wp-content\/uploads\/2016\/08\/aich-325x209.jpg 325w, https:\/\/www.salzburgerland.com\/de\/magazin\/wp-content\/uploads\/2016\/08\/aich-249x160.jpg 249w\" \/><source media=\"(min-width: 0)\" srcset=\"https:\/\/www.salzburgerland.com\/de\/magazin\/wp-content\/uploads\/2016\/08\/aich-249x160.jpg 249w, https:\/\/www.salzburgerland.com\/de\/magazin\/wp-content\/uploads\/2016\/08\/aich-325x209.jpg 325w\" \/><img decoding=\"async\" alt=\"Ein gro\u00dfes Haus mit Sonnenkollektoren auf dem Dach, eingebettet in eine gr\u00fcne Landschaft mit B\u00e4umen und H\u00fcgeln im Hintergrund.\" src=\"https:\/\/www.salzburgerland.com\/de\/magazin\/wp-content\/uploads\/2016\/08\/aich-scaled.jpg\" \/>\t<\/picture><\/a><\/figure><\/div><div class=\"col-6 col-sm-4\"><figure><a class=\"thumb-container\" href=\"https:\/\/www.salzburgerland.com\/de\/magazin\/wp-content\/uploads\/2016\/08\/aich_4-1280x1024.jpg\">\t<picture><source media=\"(min-width: 576px)\" srcset=\"https:\/\/www.salzburgerland.com\/de\/magazin\/wp-content\/uploads\/2016\/08\/aich_4-325x209.jpg 325w, https:\/\/www.salzburgerland.com\/de\/magazin\/wp-content\/uploads\/2016\/08\/aich_4-249x160.jpg 249w\" \/><source media=\"(min-width: 0)\" srcset=\"https:\/\/www.salzburgerland.com\/de\/magazin\/wp-content\/uploads\/2016\/08\/aich_4-249x160.jpg 249w, https:\/\/www.salzburgerland.com\/de\/magazin\/wp-content\/uploads\/2016\/08\/aich_4-325x209.jpg 325w\" \/><img decoding=\"async\" alt=\"Gelbes Haus mit Garten, Torbogen mit roten Rosen und einem Weg, der durch \u00fcppiges Gr\u00fcn f\u00fchrt.\" src=\"https:\/\/www.salzburgerland.com\/de\/magazin\/wp-content\/uploads\/2016\/08\/aich_4-scaled.jpg\" \/>\t<\/picture><\/a><\/figure><\/div><div class=\"col-6 col-sm-4\"><figure><a class=\"thumb-container\" href=\"https:\/\/www.salzburgerland.com\/de\/magazin\/wp-content\/uploads\/2016\/08\/aich_2-1280x1024.jpg\">\t<picture><source media=\"(min-width: 576px)\" srcset=\"https:\/\/www.salzburgerland.com\/de\/magazin\/wp-content\/uploads\/2016\/08\/aich_2-325x209.jpg 325w, https:\/\/www.salzburgerland.com\/de\/magazin\/wp-content\/uploads\/2016\/08\/aich_2-249x160.jpg 249w\" \/><source media=\"(min-width: 0)\" srcset=\"https:\/\/www.salzburgerland.com\/de\/magazin\/wp-content\/uploads\/2016\/08\/aich_2-249x160.jpg 249w, https:\/\/www.salzburgerland.com\/de\/magazin\/wp-content\/uploads\/2016\/08\/aich_2-325x209.jpg 325w\" \/><img decoding=\"async\" alt=\"Ein Steinschrein am Stra\u00dfenrand mit einem Haus und einer Wiese im Hintergrund an einem sonnigen Tag.\" src=\"https:\/\/www.salzburgerland.com\/de\/magazin\/wp-content\/uploads\/2016\/08\/aich_2.jpg\" \/>\t<\/picture><\/a><\/figure><\/div><div class=\"col-6 col-sm-4\"><figure><a class=\"thumb-container\" href=\"https:\/\/www.salzburgerland.com\/de\/magazin\/wp-content\/uploads\/2016\/08\/aich_1-1280x1024.jpg\">\t<picture><source media=\"(min-width: 576px)\" srcset=\"https:\/\/www.salzburgerland.com\/de\/magazin\/wp-content\/uploads\/2016\/08\/aich_1-325x209.jpg 325w, https:\/\/www.salzburgerland.com\/de\/magazin\/wp-content\/uploads\/2016\/08\/aich_1-249x160.jpg 249w\" \/><source media=\"(min-width: 0)\" srcset=\"https:\/\/www.salzburgerland.com\/de\/magazin\/wp-content\/uploads\/2016\/08\/aich_1-249x160.jpg 249w, https:\/\/www.salzburgerland.com\/de\/magazin\/wp-content\/uploads\/2016\/08\/aich_1-325x209.jpg 325w\" \/><img decoding=\"async\" alt=\"Ein zweist\u00f6ckiges Geb\u00e4ude mit einer Wandmalerei und einem Schild mit der Aufschrift Klosterhof an einem sonnigen Tag.\" src=\"https:\/\/www.salzburgerland.com\/de\/magazin\/wp-content\/uploads\/2016\/08\/aich_1-scaled.jpg\" \/>\t<\/picture><\/a><\/figure><\/div><\/div><\/div><figcaption><\/figcaption>\n","protected":false},"excerpt":{"rendered":"<p>Stille und Spiritualit\u00e4t locken immer mehr G\u00e4ste f\u00fcr einige Zeit in Salzburgs Kl\u00f6ster und Stifte. Die Erzdi\u00f6zese Salzburg hat besondere Pl\u00e4tze unter dem Titel &#8222;Heilsame Orte&#8220; zu einer Einheit zusammen gef\u00fchrt. Kl\u00f6ster faszinieren. Von ihnen geht eine Stille, Ruhe und Beschaulichkeit aus, die der heutigen Welt oft fehlt. Immer mehr Menschen suchen eine kurze Auszeit [&hellip;]<\/p>\n","protected":false},"author":236,"featured_media":108230,"comment_status":"open","ping_status":"open","sticky":false,"template":"","format":"standard","meta":{"_acf_changed":false,"wl_entities_gutenberg":"","_wl_entity_redirect_enabled":"","footnotes":""},"categories":[5],"tags":[],"wl_entity_type":[306],"monatsauswahl":[82,83,84,85,86,87,88,89,90,91,92,93],"class_list":["post-108208","post","type-post","status-publish","format-standard","has-post-thumbnail","hentry","category-hotel-reise","wl_entity_type-article","monatsauswahl-monat_1","monatsauswahl-monat_2","monatsauswahl-monat_3","monatsauswahl-monat_4","monatsauswahl-monat_5","monatsauswahl-monat_6","monatsauswahl-monat_7","monatsauswahl-monat_8","monatsauswahl-monat_9","monatsauswahl-monat_10","monatsauswahl-monat_11","monatsauswahl-monat_12"],"acf":[],"yoast_head":"<!-- This site is optimized with the Yoast SEO Premium plugin v27.4 (Yoast SEO v27.4) - https:\/\/yoast.com\/product\/yoast-seo-premium-wordpress\/ -->\n<title>Im Kloster: F\u00fchlen statt reden - SalzburgerLand Magazin<\/title>\n<meta name=\"description\" content=\"Stille und Spiritualit\u00e4t locken immer mehr G\u00e4ste f\u00fcr einige Zeit in Salzburgs Kl\u00f6ster und Stifte. Die Erzdi\u00f6zese Salzburg hat besondere Pl\u00e4tze unter dem Titel &#8222;Heilsame Orte&#8220; zu einer Einheit zusammen gef\u00fchrt. Kl\u00f6ster faszinieren. Von ihnen geht eine Stille, Ruhe und Beschaulichkeit aus, die der heutigen Welt oft fehlt. Immer mehr Menschen suchen eine kurze Auszeit [&hellip;]\" \/>\n<meta name=\"robots\" content=\"index, follow, max-snippet:-1, max-image-preview:large, max-video-preview:-1\" \/>\n<link rel=\"canonical\" href=\"https:\/\/www.salzburgerland.com\/de\/magazin\/im-kloster-fuehlen-statt-reden\/\" \/>\n<meta property=\"og:locale\" content=\"de_DE\" \/>\n<meta property=\"og:type\" content=\"article\" \/>\n<meta property=\"og:title\" content=\"Im Kloster: F\u00fchlen statt reden\" \/>\n<meta property=\"og:description\" content=\"Stille und Spiritualit\u00e4t locken immer mehr G\u00e4ste f\u00fcr einige Zeit in Salzburgs Kl\u00f6ster und Stifte. Die Erzdi\u00f6zese Salzburg hat besondere Pl\u00e4tze unter dem Titel &#8222;Heilsame Orte&#8220; zu einer Einheit zusammen gef\u00fchrt. Kl\u00f6ster faszinieren. Von ihnen geht eine Stille, Ruhe und Beschaulichkeit aus, die der heutigen Welt oft fehlt. Immer mehr Menschen suchen eine kurze Auszeit [&hellip;]\" \/>\n<meta property=\"og:url\" content=\"https:\/\/www.salzburgerland.com\/de\/magazin\/im-kloster-fuehlen-statt-reden\/\" \/>\n<meta property=\"og:site_name\" content=\"SalzburgerLand Magazin\" \/>\n<meta property=\"article:publisher\" content=\"https:\/\/www.facebook.com\/salzburgerland\/\" \/>\n<meta property=\"article:published_time\" content=\"2016-08-23T08:25:43+00:00\" \/>\n<meta property=\"article:modified_time\" content=\"2016-08-25T07:46:42+00:00\" \/>\n<meta property=\"og:image\" content=\"https:\/\/www.salzburgerland.com\/de\/magazin\/wp-content\/uploads\/2016\/08\/DSC_0026.jpg\" \/>\n\t<meta property=\"og:image:width\" content=\"1000\" \/>\n\t<meta property=\"og:image:height\" content=\"1504\" \/>\n\t<meta property=\"og:image:type\" content=\"image\/jpeg\" \/>\n<meta name=\"author\" content=\"Christine Fr\u00f6schl\" \/>\n<meta name=\"twitter:card\" content=\"summary_large_image\" \/>\n<meta name=\"twitter:creator\" content=\"@Salzburgerland\" \/>\n<meta name=\"twitter:site\" content=\"@Salzburgerland\" \/>\n<meta name=\"twitter:label1\" content=\"Verfasst von\" \/>\n\t<meta name=\"twitter:data1\" content=\"Christine Fr\u00f6schl\" \/>\n\t<meta name=\"twitter:label2\" content=\"Gesch\u00e4tzte Lesezeit\" \/>\n\t<meta name=\"twitter:data2\" content=\"2\u00a0Minuten\" \/>\n<script type=\"application\/ld+json\" class=\"yoast-schema-graph\">{\"@context\":\"https:\\\/\\\/schema.org\",\"@graph\":[{\"@type\":\"Article\",\"@id\":\"https:\\\/\\\/www.salzburgerland.com\\\/de\\\/magazin\\\/im-kloster-fuehlen-statt-reden\\\/#article\",\"isPartOf\":{\"@id\":\"https:\\\/\\\/www.salzburgerland.com\\\/de\\\/magazin\\\/im-kloster-fuehlen-statt-reden\\\/\"},\"author\":{\"name\":\"Christine Fr\u00f6schl\",\"@id\":\"https:\\\/\\\/www.salzburgerland.com\\\/de\\\/magazin\\\/#\\\/schema\\\/person\\\/7932db74f19d9640620859cb2b794c4e\"},\"headline\":\"Im Kloster: F\u00fchlen statt reden\",\"datePublished\":\"2016-08-23T08:25:43+00:00\",\"dateModified\":\"2016-08-25T07:46:42+00:00\",\"mainEntityOfPage\":{\"@id\":\"https:\\\/\\\/www.salzburgerland.com\\\/de\\\/magazin\\\/im-kloster-fuehlen-statt-reden\\\/\"},\"wordCount\":400,\"commentCount\":0,\"publisher\":{\"@id\":\"https:\\\/\\\/www.salzburgerland.com\\\/de\\\/magazin\\\/#organization\"},\"image\":{\"@id\":\"https:\\\/\\\/www.salzburgerland.com\\\/de\\\/magazin\\\/im-kloster-fuehlen-statt-reden\\\/#primaryimage\"},\"thumbnailUrl\":\"https:\\\/\\\/www.salzburgerland.com\\\/de\\\/magazin\\\/wp-content\\\/uploads\\\/2016\\\/08\\\/DSC_0026.jpg\",\"articleSection\":[\"Hotel &amp; Reise\"],\"inLanguage\":\"de\",\"potentialAction\":[{\"@type\":\"CommentAction\",\"name\":\"Comment\",\"target\":[\"https:\\\/\\\/www.salzburgerland.com\\\/de\\\/magazin\\\/im-kloster-fuehlen-statt-reden\\\/#respond\"]}]},{\"@type\":\"WebPage\",\"@id\":\"https:\\\/\\\/www.salzburgerland.com\\\/de\\\/magazin\\\/im-kloster-fuehlen-statt-reden\\\/\",\"url\":\"https:\\\/\\\/www.salzburgerland.com\\\/de\\\/magazin\\\/im-kloster-fuehlen-statt-reden\\\/\",\"name\":\"Im Kloster: F\u00fchlen statt reden - SalzburgerLand Magazin\",\"isPartOf\":{\"@id\":\"https:\\\/\\\/www.salzburgerland.com\\\/de\\\/magazin\\\/#website\"},\"primaryImageOfPage\":{\"@id\":\"https:\\\/\\\/www.salzburgerland.com\\\/de\\\/magazin\\\/im-kloster-fuehlen-statt-reden\\\/#primaryimage\"},\"image\":{\"@id\":\"https:\\\/\\\/www.salzburgerland.com\\\/de\\\/magazin\\\/im-kloster-fuehlen-statt-reden\\\/#primaryimage\"},\"thumbnailUrl\":\"https:\\\/\\\/www.salzburgerland.com\\\/de\\\/magazin\\\/wp-content\\\/uploads\\\/2016\\\/08\\\/DSC_0026.jpg\",\"datePublished\":\"2016-08-23T08:25:43+00:00\",\"dateModified\":\"2016-08-25T07:46:42+00:00\",\"breadcrumb\":{\"@id\":\"https:\\\/\\\/www.salzburgerland.com\\\/de\\\/magazin\\\/im-kloster-fuehlen-statt-reden\\\/#breadcrumb\"},\"inLanguage\":\"de\",\"potentialAction\":[{\"@type\":\"ReadAction\",\"target\":[\"https:\\\/\\\/www.salzburgerland.com\\\/de\\\/magazin\\\/im-kloster-fuehlen-statt-reden\\\/\"]}]},{\"@type\":\"ImageObject\",\"inLanguage\":\"de\",\"@id\":\"https:\\\/\\\/www.salzburgerland.com\\\/de\\\/magazin\\\/im-kloster-fuehlen-statt-reden\\\/#primaryimage\",\"url\":\"https:\\\/\\\/www.salzburgerland.com\\\/de\\\/magazin\\\/wp-content\\\/uploads\\\/2016\\\/08\\\/DSC_0026.jpg\",\"contentUrl\":\"https:\\\/\\\/www.salzburgerland.com\\\/de\\\/magazin\\\/wp-content\\\/uploads\\\/2016\\\/08\\\/DSC_0026.jpg\",\"width\":1000,\"height\":1504,\"caption\":\"Stift St. Peter mit Garten\"},{\"@type\":\"BreadcrumbList\",\"@id\":\"https:\\\/\\\/www.salzburgerland.com\\\/de\\\/magazin\\\/im-kloster-fuehlen-statt-reden\\\/#breadcrumb\",\"itemListElement\":[{\"@type\":\"ListItem\",\"position\":1,\"name\":\"Startseite\",\"item\":\"https:\\\/\\\/www.salzburgerland.com\\\/de\\\/magazin\\\/\"},{\"@type\":\"ListItem\",\"position\":2,\"name\":\"Hotel &amp; Reise\",\"item\":\"https:\\\/\\\/www.salzburgerland.com\\\/de\\\/magazin\\\/thema\\\/hotel-reise\\\/\"},{\"@type\":\"ListItem\",\"position\":3,\"name\":\"Im Kloster: F\u00fchlen statt reden\"}]},{\"@type\":\"WebSite\",\"@id\":\"https:\\\/\\\/www.salzburgerland.com\\\/de\\\/magazin\\\/#website\",\"url\":\"https:\\\/\\\/www.salzburgerland.com\\\/de\\\/magazin\\\/\",\"name\":\"SalzburgerLand Magazin\",\"description\":\"Geschichten und Interessantes aus dem SalzburgerLand\",\"publisher\":{\"@id\":\"https:\\\/\\\/www.salzburgerland.com\\\/de\\\/magazin\\\/#organization\"},\"potentialAction\":[{\"@type\":\"SearchAction\",\"target\":{\"@type\":\"EntryPoint\",\"urlTemplate\":\"https:\\\/\\\/www.salzburgerland.com\\\/de\\\/magazin\\\/?s={search_term_string}\"},\"query-input\":{\"@type\":\"PropertyValueSpecification\",\"valueRequired\":true,\"valueName\":\"search_term_string\"}}],\"inLanguage\":\"de\"},{\"@type\":\"Organization\",\"@id\":\"https:\\\/\\\/www.salzburgerland.com\\\/de\\\/magazin\\\/#organization\",\"name\":\"SalzburgerLand Tourismus\",\"url\":\"https:\\\/\\\/www.salzburgerland.com\\\/de\\\/magazin\\\/\",\"logo\":{\"@type\":\"ImageObject\",\"inLanguage\":\"de\",\"@id\":\"https:\\\/\\\/www.salzburgerland.com\\\/de\\\/magazin\\\/#\\\/schema\\\/logo\\\/image\\\/\",\"url\":\"https:\\\/\\\/www.salzburgerland.com\\\/de\\\/magazin\\\/wp-content\\\/uploads\\\/2019\\\/06\\\/salzburgerland-logo1.jpg\",\"contentUrl\":\"https:\\\/\\\/www.salzburgerland.com\\\/de\\\/magazin\\\/wp-content\\\/uploads\\\/2019\\\/06\\\/salzburgerland-logo1.jpg\",\"width\":2011,\"height\":866,\"caption\":\"SalzburgerLand Tourismus\"},\"image\":{\"@id\":\"https:\\\/\\\/www.salzburgerland.com\\\/de\\\/magazin\\\/#\\\/schema\\\/logo\\\/image\\\/\"},\"sameAs\":[\"https:\\\/\\\/www.facebook.com\\\/salzburgerland\\\/\",\"https:\\\/\\\/x.com\\\/Salzburgerland\",\"https:\\\/\\\/www.instagram.com\\\/salzburgerland\\\/\",\"https:\\\/\\\/at.linkedin.com\\\/company\\\/salzburgerland-tourismus-gmbh\",\"https:\\\/\\\/www.pinterest.at\\\/salzburgerland\\\/\",\"https:\\\/\\\/www.youtube.com\\\/user\\\/salzburgerland\",\"https:\\\/\\\/de.wikipedia.org\\\/wiki\\\/SalzburgerLand_Tourismus_GmbH\"]},{\"@type\":\"Person\",\"@id\":\"https:\\\/\\\/www.salzburgerland.com\\\/de\\\/magazin\\\/#\\\/schema\\\/person\\\/7932db74f19d9640620859cb2b794c4e\",\"name\":\"Christine Fr\u00f6schl\",\"description\":\"Dein pers\u00f6nlicher Logenplatz im SalzburgerLand? Am liebsten gehe ich auf den Einberg im Salzburger Tennengau. Der Berg in der Osterhorn-Gruppe gl\u00e4nzt das ganze Jahr im Sonnenschein, auf dem Gipfel heben Paragleiter ab und die Aussicht auf das Tennengebirge, den Dachstein und die Bischofsm\u00fctze ist traumhaft. Dosige(r) oder Zuagroast? Zuagroast aus dem sch\u00f6nen Nieder\u00f6sterreich. Fr\u00fchling, Sommer, Herbst oder Winter? Alle Jahreszeiten begeistern mich. Momentan freue ich mich auf den Fr\u00fchling, das Zwitschern der V\u00f6gel und auf die sattgr\u00fcnen Wiesen. Salzburger Nockerl oder Schwarzbeernocken? Eindeutig Schwarzbeernocken. Rindsroulade vom Pinzgauer Biorind oder Saibling fangfrisch aus dem Fuschlsee? Mhhhh. Da kann ich mich nicht entscheiden. Bergtour oder Seentour? Mich zieht es auf jeden Fall hinauf. Begeistert bin ich auch von tiefblauen Bergseen in denen sich die Umgebung spiegelt und von der Aussicht w\u00e4hrend des Weges auf einen der wundersch\u00f6nen Seen im Salzburger Land.\",\"url\":\"https:\\\/\\\/www.salzburgerland.com\\\/de\\\/magazin\\\/author\\\/christine-froeschl\\\/\"}]}<\/script>\n<!-- \/ Yoast SEO Premium plugin. -->","yoast_head_json":{"title":"Im Kloster: F\u00fchlen statt reden - SalzburgerLand Magazin","description":"Stille und Spiritualit\u00e4t locken immer mehr G\u00e4ste f\u00fcr einige Zeit in Salzburgs Kl\u00f6ster und Stifte. Die Erzdi\u00f6zese Salzburg hat besondere Pl\u00e4tze unter dem Titel &#8222;Heilsame Orte&#8220; zu einer Einheit zusammen gef\u00fchrt. Kl\u00f6ster faszinieren. Von ihnen geht eine Stille, Ruhe und Beschaulichkeit aus, die der heutigen Welt oft fehlt. Immer mehr Menschen suchen eine kurze Auszeit [&hellip;]","robots":{"index":"index","follow":"follow","max-snippet":"max-snippet:-1","max-image-preview":"max-image-preview:large","max-video-preview":"max-video-preview:-1"},"canonical":"https:\/\/www.salzburgerland.com\/de\/magazin\/im-kloster-fuehlen-statt-reden\/","og_locale":"de_DE","og_type":"article","og_title":"Im Kloster: F\u00fchlen statt reden","og_description":"Stille und Spiritualit\u00e4t locken immer mehr G\u00e4ste f\u00fcr einige Zeit in Salzburgs Kl\u00f6ster und Stifte. Die Erzdi\u00f6zese Salzburg hat besondere Pl\u00e4tze unter dem Titel &#8222;Heilsame Orte&#8220; zu einer Einheit zusammen gef\u00fchrt. Kl\u00f6ster faszinieren. Von ihnen geht eine Stille, Ruhe und Beschaulichkeit aus, die der heutigen Welt oft fehlt. Immer mehr Menschen suchen eine kurze Auszeit [&hellip;]","og_url":"https:\/\/www.salzburgerland.com\/de\/magazin\/im-kloster-fuehlen-statt-reden\/","og_site_name":"SalzburgerLand Magazin","article_publisher":"https:\/\/www.facebook.com\/salzburgerland\/","article_published_time":"2016-08-23T08:25:43+00:00","article_modified_time":"2016-08-25T07:46:42+00:00","og_image":[{"width":1000,"height":1504,"url":"https:\/\/www.salzburgerland.com\/de\/magazin\/wp-content\/uploads\/2016\/08\/DSC_0026.jpg","type":"image\/jpeg"}],"author":"Christine Fr\u00f6schl","twitter_card":"summary_large_image","twitter_creator":"@Salzburgerland","twitter_site":"@Salzburgerland","twitter_misc":{"Verfasst von":"Christine Fr\u00f6schl","Gesch\u00e4tzte Lesezeit":"2\u00a0Minuten"},"schema":{"@context":"https:\/\/schema.org","@graph":[{"@type":"Article","@id":"https:\/\/www.salzburgerland.com\/de\/magazin\/im-kloster-fuehlen-statt-reden\/#article","isPartOf":{"@id":"https:\/\/www.salzburgerland.com\/de\/magazin\/im-kloster-fuehlen-statt-reden\/"},"author":{"name":"Christine Fr\u00f6schl","@id":"https:\/\/www.salzburgerland.com\/de\/magazin\/#\/schema\/person\/7932db74f19d9640620859cb2b794c4e"},"headline":"Im Kloster: F\u00fchlen statt reden","datePublished":"2016-08-23T08:25:43+00:00","dateModified":"2016-08-25T07:46:42+00:00","mainEntityOfPage":{"@id":"https:\/\/www.salzburgerland.com\/de\/magazin\/im-kloster-fuehlen-statt-reden\/"},"wordCount":400,"commentCount":0,"publisher":{"@id":"https:\/\/www.salzburgerland.com\/de\/magazin\/#organization"},"image":{"@id":"https:\/\/www.salzburgerland.com\/de\/magazin\/im-kloster-fuehlen-statt-reden\/#primaryimage"},"thumbnailUrl":"https:\/\/www.salzburgerland.com\/de\/magazin\/wp-content\/uploads\/2016\/08\/DSC_0026.jpg","articleSection":["Hotel &amp; Reise"],"inLanguage":"de","potentialAction":[{"@type":"CommentAction","name":"Comment","target":["https:\/\/www.salzburgerland.com\/de\/magazin\/im-kloster-fuehlen-statt-reden\/#respond"]}]},{"@type":"WebPage","@id":"https:\/\/www.salzburgerland.com\/de\/magazin\/im-kloster-fuehlen-statt-reden\/","url":"https:\/\/www.salzburgerland.com\/de\/magazin\/im-kloster-fuehlen-statt-reden\/","name":"Im Kloster: F\u00fchlen statt reden - SalzburgerLand Magazin","isPartOf":{"@id":"https:\/\/www.salzburgerland.com\/de\/magazin\/#website"},"primaryImageOfPage":{"@id":"https:\/\/www.salzburgerland.com\/de\/magazin\/im-kloster-fuehlen-statt-reden\/#primaryimage"},"image":{"@id":"https:\/\/www.salzburgerland.com\/de\/magazin\/im-kloster-fuehlen-statt-reden\/#primaryimage"},"thumbnailUrl":"https:\/\/www.salzburgerland.com\/de\/magazin\/wp-content\/uploads\/2016\/08\/DSC_0026.jpg","datePublished":"2016-08-23T08:25:43+00:00","dateModified":"2016-08-25T07:46:42+00:00","breadcrumb":{"@id":"https:\/\/www.salzburgerland.com\/de\/magazin\/im-kloster-fuehlen-statt-reden\/#breadcrumb"},"inLanguage":"de","potentialAction":[{"@type":"ReadAction","target":["https:\/\/www.salzburgerland.com\/de\/magazin\/im-kloster-fuehlen-statt-reden\/"]}]},{"@type":"ImageObject","inLanguage":"de","@id":"https:\/\/www.salzburgerland.com\/de\/magazin\/im-kloster-fuehlen-statt-reden\/#primaryimage","url":"https:\/\/www.salzburgerland.com\/de\/magazin\/wp-content\/uploads\/2016\/08\/DSC_0026.jpg","contentUrl":"https:\/\/www.salzburgerland.com\/de\/magazin\/wp-content\/uploads\/2016\/08\/DSC_0026.jpg","width":1000,"height":1504,"caption":"Stift St. Peter mit Garten"},{"@type":"BreadcrumbList","@id":"https:\/\/www.salzburgerland.com\/de\/magazin\/im-kloster-fuehlen-statt-reden\/#breadcrumb","itemListElement":[{"@type":"ListItem","position":1,"name":"Startseite","item":"https:\/\/www.salzburgerland.com\/de\/magazin\/"},{"@type":"ListItem","position":2,"name":"Hotel &amp; Reise","item":"https:\/\/www.salzburgerland.com\/de\/magazin\/thema\/hotel-reise\/"},{"@type":"ListItem","position":3,"name":"Im Kloster: F\u00fchlen statt reden"}]},{"@type":"WebSite","@id":"https:\/\/www.salzburgerland.com\/de\/magazin\/#website","url":"https:\/\/www.salzburgerland.com\/de\/magazin\/","name":"SalzburgerLand Magazin","description":"Geschichten und Interessantes aus dem SalzburgerLand","publisher":{"@id":"https:\/\/www.salzburgerland.com\/de\/magazin\/#organization"},"potentialAction":[{"@type":"SearchAction","target":{"@type":"EntryPoint","urlTemplate":"https:\/\/www.salzburgerland.com\/de\/magazin\/?s={search_term_string}"},"query-input":{"@type":"PropertyValueSpecification","valueRequired":true,"valueName":"search_term_string"}}],"inLanguage":"de"},{"@type":"Organization","@id":"https:\/\/www.salzburgerland.com\/de\/magazin\/#organization","name":"SalzburgerLand Tourismus","url":"https:\/\/www.salzburgerland.com\/de\/magazin\/","logo":{"@type":"ImageObject","inLanguage":"de","@id":"https:\/\/www.salzburgerland.com\/de\/magazin\/#\/schema\/logo\/image\/","url":"https:\/\/www.salzburgerland.com\/de\/magazin\/wp-content\/uploads\/2019\/06\/salzburgerland-logo1.jpg","contentUrl":"https:\/\/www.salzburgerland.com\/de\/magazin\/wp-content\/uploads\/2019\/06\/salzburgerland-logo1.jpg","width":2011,"height":866,"caption":"SalzburgerLand Tourismus"},"image":{"@id":"https:\/\/www.salzburgerland.com\/de\/magazin\/#\/schema\/logo\/image\/"},"sameAs":["https:\/\/www.facebook.com\/salzburgerland\/","https:\/\/x.com\/Salzburgerland","https:\/\/www.instagram.com\/salzburgerland\/","https:\/\/at.linkedin.com\/company\/salzburgerland-tourismus-gmbh","https:\/\/www.pinterest.at\/salzburgerland\/","https:\/\/www.youtube.com\/user\/salzburgerland","https:\/\/de.wikipedia.org\/wiki\/SalzburgerLand_Tourismus_GmbH"]},{"@type":"Person","@id":"https:\/\/www.salzburgerland.com\/de\/magazin\/#\/schema\/person\/7932db74f19d9640620859cb2b794c4e","name":"Christine Fr\u00f6schl","description":"Dein pers\u00f6nlicher Logenplatz im SalzburgerLand? Am liebsten gehe ich auf den Einberg im Salzburger Tennengau. Der Berg in der Osterhorn-Gruppe gl\u00e4nzt das ganze Jahr im Sonnenschein, auf dem Gipfel heben Paragleiter ab und die Aussicht auf das Tennengebirge, den Dachstein und die Bischofsm\u00fctze ist traumhaft. Dosige(r) oder Zuagroast? Zuagroast aus dem sch\u00f6nen Nieder\u00f6sterreich. Fr\u00fchling, Sommer, Herbst oder Winter? Alle Jahreszeiten begeistern mich. Momentan freue ich mich auf den Fr\u00fchling, das Zwitschern der V\u00f6gel und auf die sattgr\u00fcnen Wiesen. Salzburger Nockerl oder Schwarzbeernocken? Eindeutig Schwarzbeernocken. Rindsroulade vom Pinzgauer Biorind oder Saibling fangfrisch aus dem Fuschlsee? Mhhhh. Da kann ich mich nicht entscheiden. Bergtour oder Seentour? Mich zieht es auf jeden Fall hinauf. Begeistert bin ich auch von tiefblauen Bergseen in denen sich die Umgebung spiegelt und von der Aussicht w\u00e4hrend des Weges auf einen der wundersch\u00f6nen Seen im Salzburger Land.","url":"https:\/\/www.salzburgerland.com\/de\/magazin\/author\/christine-froeschl\/"}]}},"_wl_alt_label":[],"wl:entity_url":"http:\/\/open.salzburgerland.com\/magazin\/post\/im_kloster__fuehlen_statt_reden","_links":{"self":[{"href":"https:\/\/www.salzburgerland.com\/de\/magazin\/wp-json\/wp\/v2\/posts\/108208","targetHints":{"allow":["GET"]}}],"collection":[{"href":"https:\/\/www.salzburgerland.com\/de\/magazin\/wp-json\/wp\/v2\/posts"}],"about":[{"href":"https:\/\/www.salzburgerland.com\/de\/magazin\/wp-json\/wp\/v2\/types\/post"}],"author":[{"embeddable":true,"href":"https:\/\/www.salzburgerland.com\/de\/magazin\/wp-json\/wp\/v2\/users\/236"}],"replies":[{"embeddable":true,"href":"https:\/\/www.salzburgerland.com\/de\/magazin\/wp-json\/wp\/v2\/comments?post=108208"}],"version-history":[{"count":0,"href":"https:\/\/www.salzburgerland.com\/de\/magazin\/wp-json\/wp\/v2\/posts\/108208\/revisions"}],"wp:featuredmedia":[{"embeddable":true,"href":"https:\/\/www.salzburgerland.com\/de\/magazin\/wp-json\/wp\/v2\/media\/108230"}],"wp:attachment":[{"href":"https:\/\/www.salzburgerland.com\/de\/magazin\/wp-json\/wp\/v2\/media?parent=108208"}],"wp:term":[{"taxonomy":"category","embeddable":true,"href":"https:\/\/www.salzburgerland.com\/de\/magazin\/wp-json\/wp\/v2\/categories?post=108208"},{"taxonomy":"post_tag","embeddable":true,"href":"https:\/\/www.salzburgerland.com\/de\/magazin\/wp-json\/wp\/v2\/tags?post=108208"},{"taxonomy":"wl_entity_type","embeddable":true,"href":"https:\/\/www.salzburgerland.com\/de\/magazin\/wp-json\/wp\/v2\/wl_entity_type?post=108208"},{"taxonomy":"monatsauswahl","embeddable":true,"href":"https:\/\/www.salzburgerland.com\/de\/magazin\/wp-json\/wp\/v2\/monatsauswahl?post=108208"}],"curies":[{"name":"wp","href":"https:\/\/api.w.org\/{rel}","templated":true}]}}