{"id":108155,"date":"2016-10-02T09:00:53","date_gmt":"2016-10-02T07:00:53","guid":{"rendered":"http:\/\/magazin.salzburgerland.com\/?p=108155"},"modified":"2020-04-14T08:26:06","modified_gmt":"2020-04-14T06:26:06","slug":"fruehstueck-auf-der-alm","status":"publish","type":"post","link":"https:\/\/www.salzburgerland.com\/de\/magazin\/fruehstueck-auf-der-alm\/","title":{"rendered":"Fr\u00fchst\u00fcck auf der Alm"},"content":{"rendered":"\n<h2 class=\"wp-block-slt-subtitle\">&#8230;doch zuerst wird gewandert<\/h2>\n\n\n\n<p class=\"wp-block-slt-intro\"><strong>Wenn die ersten Sonnenstrahlen des neuen Tages neugierige Blicke \u00fcber die Berggipfel werfen, dabei die taufrischen Almwiesen in unwirkliches Licht tauchen und man Schritt f\u00fcr Schritt dem Ziel n\u00e4her kommt, dann wei\u00df man, dass sich all die Strapazen auch wirklich gelohnt haben.&nbsp;Heute bin ich einmal vor dem Morgengrauen aufgestanden, habe meinen Rucksack gepackt und bin mit Stirnlampe losmarschiert. Warum das Ganze? Weil ein ganz besonderes Fr\u00fchst\u00fcck auf mich wartet. Ein Fr\u00fchst\u00fcck auf der Alm.&nbsp;<\/strong><\/p>\n\n\n\n<p>Mitten in den sch\u00f6nsten Tr\u00e4umen, rei\u00dft mich der Wecker, mein alter Erzfeind und gleichzeitig treuester Gef\u00e4hrte im Kampf gegen das morgendliche Verschlafen, mit seinem penetranten Klingeln aus den Federn. Jaha!!!! Ich bin ja schon wach! Durch schmale Schlitze, \u00fcbrigens meine Augen, blicke ich auf die Digitalanzeige und kann es im ersten Moment gar nicht fassen. 4:30 Uhr? Und das am Wochenende? Da muss ein Fehler vorliegen. Leider d\u00e4mmert es mir dann doch ziemlich schnell, dass das mit dem Fehler nicht die einzige Erkl\u00e4rung ist, sondern dass diese Qual fr\u00fchmorgens einem ganz bestimmten Zweck dient. Ich bin n\u00e4mlich verabredet. Zum Fr\u00fchst\u00fcck, viele H\u00f6henmeter \u00fcber mir, oben auf der Alm. Kurz Frischmachen im Bad, ein Apfel f\u00fcr unterwegs und schon schnappe ich mir meinen Rucksack, schalte meine Stirnlampe ein und los geht&#8217;s. N\u00e4chster Stop: Die B\u00fcrglalm, in prominenter Lage hoch \u00fcber Dienten am Hochk\u00f6nig.&nbsp;<\/p>\n\n\n\n<h2 class=\"wp-block-heading\"><strong>Langsam graut dann auch der Morgen<\/strong><\/h2>\n\n\n\n<p>Unfassbar, diese Ruhe, fr\u00fchmorgens in den Bergen. Die ersten V\u00f6gel zwitschern erstmalig ihr fr\u00f6hliches Lied, da und dort h\u00f6rt man aus der Ferne die Glocken der Kircht\u00fcrme die volle Stunde begr\u00fc\u00dfen und&nbsp;das monotone Knarren meiner Schritte wirkt fast schon meditativ auf mein doch noch ein bisschen verschlafenes&nbsp;Gem\u00fct. Nach ca. 1,5 Stunden Fu\u00dfmarsch, mittlerweile hat der Tag auch schon die Nacht vertrieben und taucht die Berge ringsum in herrliches Orange, erreiche ich die B\u00fcrglalm auf 1.597 Meter Seeh\u00f6he. Erstmal tief durchatmen und das wunderbare Panorama hier oben genie\u00dfen.&nbsp;Hochk\u00f6nigmassiv, Steinernes Meer, Leoganger Steinberge, Hohen Tauern, Goldberggruppe und Bernkogel &#8211; sie alle sind von hier zum Greifen nahe und zeigen mir in stiller, imposanten W\u00fcrde, warum es sich immer wieder auszahlt, die Strapazen auf sich zu nehmen und auf die Gipfel unserer Alpen zu wandern.&nbsp;<\/p>\n\n\n\n<figure class=\"wp-block-image size-large\"><img loading=\"lazy\" decoding=\"async\" width=\"1200\" height=\"815\" src=\"https:\/\/www.salzburgerland.com\/de\/magazin\/wp-content\/uploads\/2016\/09\/Burglalm.jpg\" alt=\"Eine rustikale Bergh\u00fctte aus Holz mit gr\u00fcnen Fensterl\u00e4den, Blumenk\u00e4sten und Holzb\u00e4nken im Freien an einem sonnigen Tag.\" class=\"wp-image-109729\" srcset=\"https:\/\/www.salzburgerland.com\/de\/magazin\/wp-content\/uploads\/2016\/09\/Burglalm.jpg 1200w, https:\/\/www.salzburgerland.com\/de\/magazin\/wp-content\/uploads\/2016\/09\/Burglalm-300x204.jpg 300w, https:\/\/www.salzburgerland.com\/de\/magazin\/wp-content\/uploads\/2016\/09\/Burglalm-810x550.jpg 810w, https:\/\/www.salzburgerland.com\/de\/magazin\/wp-content\/uploads\/2016\/09\/Burglalm-589x400.jpg 589w\" sizes=\"auto, (max-width: 1200px) 100vw, 1200px\" \/><\/figure>\n\n\n\n<h2 class=\"wp-block-heading\"><strong>Fr\u00fchst\u00fcck auf der Kr\u00e4uteralm<\/strong><\/h2>\n\n\n\n<p>Das Knurren meines Magens rei\u00dft mich abrupt aus meiner Bewunderung und erinnert mich an den eigentlichen Grund meines Marsches hier herauf. Beim Eintreten in die H\u00fcte empfangen mich schon der Duft von frischem&nbsp;Kaffee und ein freudiges &#8218;Guten Morgen&#8216; von H\u00fcttenwirtin Gabi B\u00fcrgler. So lass ich mir einen Empfang gefallen! Das Fr\u00fchst\u00fcck spielt wirklich alle St\u00fccke und l\u00e4sst keinen meiner W\u00fcnsche unerf\u00fcllt. K\u00e4se, Butter, Brot, S\u00fclze, Wildpasteten&#8230; ein Festmahl! W\u00e4hrend ich so dahinschlemme und nach und nach die Energie wieder in meinen K\u00f6rper zur\u00fcckkehrt, erz\u00e4hlt mir Gabi, dass sie eigentlich haupts\u00e4chlich f\u00fcr ihre Kr\u00e4uterk\u00fcche weit \u00fcber die Grenzen des Landes hinaus bekannt ist. In ihrer Schauk\u00fcche l\u00e4sst sie sich gerne beim geschmacklichen T\u00fcfteln \u00fcber die Schultern blicken und gibt ihr Wissen \u00fcber die Kr\u00e4uter der Region auch gerne weiter. Ach wie gerne w\u00fcrde ich noch ein bisschen bleiben und mich durch diese K\u00fcche kosten, bis ich alle Geschmacksnuancen durch habe. F\u00fcr mich ist es aber sch\u00f6n langsam Zeit, mich wieder ins Tal aufzumachen. Es wird sicherlich nicht mein letzter Besuch hier oben auf der B\u00fcrglalm gewesen sein.&nbsp;<\/p>\n\n\n\n<p><strong>Unser Tipp, abseits des Fr\u00fchst\u00fccks:&nbsp;<br><\/strong>Der Kaiserschmarren auf der B\u00fcrglalm wurde von ProSieben und Galileo zum Besten des Landes gew\u00e4hlt. Unbedingt probieren!<\/p>\n\n\n\n<p>Die H\u00fctte&nbsp;liegt auf dem <strong>Salzburger Almenweg<\/strong> und ist eine der 13 Kr\u00e4uteralmen die zum <strong>&#8218;Kr\u00e4uterwandern am Hochk\u00f6nig&#8216;<\/strong> einladen. Au\u00dferdem liegt sie auf der legend\u00e4ren Via Culinaria durch das kulinarische SalzburgerLand.&nbsp;<\/p>\n\n\n\n<p><strong>B\u00fcrglalm, Dienten<br><\/strong>Anton und Gabi B\u00fcrgler<br>Sonnberg 21a<br>5652 Dienten am Hochk\u00f6nig<br>+43 6461 426<\/p>\n\n\n<div class=\"mag-gallery\"><div class=\"row\"><div class=\"col-6 col-sm-4\"><figure><a class=\"thumb-container\" href=\"https:\/\/www.salzburgerland.com\/de\/magazin\/wp-content\/uploads\/2015\/08\/buerglalm-hochkoenig-1280x1024.jpg\">\t<picture><source media=\"(min-width: 576px)\" srcset=\"https:\/\/www.salzburgerland.com\/de\/magazin\/wp-content\/uploads\/2015\/08\/buerglalm-hochkoenig-325x209.jpg 325w, https:\/\/www.salzburgerland.com\/de\/magazin\/wp-content\/uploads\/2015\/08\/buerglalm-hochkoenig-249x160.jpg 249w\"><\/source><source media=\"(min-width: 0)\" srcset=\"https:\/\/www.salzburgerland.com\/de\/magazin\/wp-content\/uploads\/2015\/08\/buerglalm-hochkoenig-249x160.jpg 249w, https:\/\/www.salzburgerland.com\/de\/magazin\/wp-content\/uploads\/2015\/08\/buerglalm-hochkoenig-325x209.jpg 325w\"><\/source><img decoding=\"async\" alt=\"H&ouml;lzerne Picknicktische auf einem grasbewachsenen H&uuml;gel mit Bergen und Wolken im Hintergrund.\" src=\"https:\/\/www.salzburgerland.com\/de\/magazin\/wp-content\/uploads\/2015\/08\/buerglalm-hochkoenig.jpg\">\t<\/picture><\/a><\/figure><\/div><div class=\"col-6 col-sm-4\"><figure><a class=\"thumb-container\" href=\"https:\/\/www.salzburgerland.com\/de\/magazin\/wp-content\/uploads\/2015\/08\/Krauter-buerglalm-1280x1024.jpg\">\t<picture><source media=\"(min-width: 576px)\" srcset=\"https:\/\/www.salzburgerland.com\/de\/magazin\/wp-content\/uploads\/2015\/08\/Krauter-buerglalm-325x209.jpg 325w, https:\/\/www.salzburgerland.com\/de\/magazin\/wp-content\/uploads\/2015\/08\/Krauter-buerglalm-249x160.jpg 249w\"><\/source><source media=\"(min-width: 0)\" srcset=\"https:\/\/www.salzburgerland.com\/de\/magazin\/wp-content\/uploads\/2015\/08\/Krauter-buerglalm-249x160.jpg 249w, https:\/\/www.salzburgerland.com\/de\/magazin\/wp-content\/uploads\/2015\/08\/Krauter-buerglalm-325x209.jpg 325w\"><\/source><img decoding=\"async\" alt=\"Topfkr&auml;uter und Blumen mit Kreidetafel-Etiketten auf einem rustikalen Holztisch; Holzkuh-Dekor im Hintergrund.\" src=\"https:\/\/www.salzburgerland.com\/de\/magazin\/wp-content\/uploads\/2015\/08\/Krauter-buerglalm.jpg\">\t<\/picture><\/a><\/figure><\/div><div class=\"col-6 col-sm-4\"><figure><a class=\"thumb-container\" href=\"https:\/\/www.salzburgerland.com\/de\/magazin\/wp-content\/uploads\/2015\/08\/buerglalm-1280x1024.jpg\">\t<picture><source media=\"(min-width: 576px)\" srcset=\"https:\/\/www.salzburgerland.com\/de\/magazin\/wp-content\/uploads\/2015\/08\/buerglalm-325x209.jpg 325w, https:\/\/www.salzburgerland.com\/de\/magazin\/wp-content\/uploads\/2015\/08\/buerglalm-249x160.jpg 249w\"><\/source><source media=\"(min-width: 0)\" srcset=\"https:\/\/www.salzburgerland.com\/de\/magazin\/wp-content\/uploads\/2015\/08\/buerglalm-249x160.jpg 249w, https:\/\/www.salzburgerland.com\/de\/magazin\/wp-content\/uploads\/2015\/08\/buerglalm-325x209.jpg 325w\"><\/source><img decoding=\"async\" alt=\"B&uuml;rglalm Kr&auml;uteralm\" src=\"https:\/\/www.salzburgerland.com\/de\/magazin\/wp-content\/uploads\/2015\/08\/buerglalm.jpg\">\t<\/picture><\/a><\/figure><\/div><\/div><figcaption><\/figcaption><\/div>\n\n\n\n<h3 class=\"wp-block-heading\"><strong>Auf folgende Almen k\u00f6nnen Sie auch zum Almfr\u00fchst\u00fcck aufsteigen:<\/strong><\/h3>\n\n\n\n<ul class=\"wp-block-list\"><li><strong>Gruberalm, Hintersee<\/strong><br>Lisi &amp; Werner Matieschek&nbsp;<br>L\u00e4mmerbach 11&nbsp;<br>5324 Hintersee&nbsp;<br>&nbsp;+43 664\/5223740&nbsp;<\/li><li><strong>Amoseralm, Dorfgastein<\/strong><br>Unterberg 148<br>5632 Dorfgastein<br>+43 664 4001887<\/li><li><strong>Gru\u00dfbergh\u00fctte, BadHofgastein<\/strong><br>Kronwald<br>5630 Bad Hofgastein&nbsp;&nbsp;<br>+43 664 73815488<\/li><\/ul>\n","protected":false},"excerpt":{"rendered":"<p>Mitten in den sch\u00f6nsten Tr\u00e4umen, rei\u00dft mich der Wecker, mein alter Erzfeind und gleichzeitig treuester Gef\u00e4hrte im Kampf gegen das morgendliche Verschlafen, mit seinem penetranten Klingeln aus den Federn. Jaha!!!! Ich bin ja schon wach! Durch schmale Schlitze, \u00fcbrigens meine Augen, blicke ich auf die Digitalanzeige und kann es im ersten Moment gar nicht fassen. [&hellip;]<\/p>\n","protected":false},"author":505,"featured_media":109728,"comment_status":"open","ping_status":"open","sticky":false,"template":"","format":"standard","meta":{"_acf_changed":false,"wl_entities_gutenberg":"","_wl_entity_redirect_enabled":"","footnotes":""},"categories":[3],"tags":[],"wl_entity_type":[306],"monatsauswahl":[85,86,87,88,89,90,91],"class_list":["post-108155","post","type-post","status-publish","format-standard","has-post-thumbnail","hentry","category-essen-trinken","wl_entity_type-article","monatsauswahl-monat_4","monatsauswahl-monat_5","monatsauswahl-monat_6","monatsauswahl-monat_7","monatsauswahl-monat_8","monatsauswahl-monat_9","monatsauswahl-monat_10"],"acf":[],"yoast_head":"<!-- This site is optimized with the Yoast SEO Premium plugin v27.4 (Yoast SEO v27.4) - https:\/\/yoast.com\/product\/yoast-seo-premium-wordpress\/ -->\n<title>Fr\u00fchst\u00fcck auf der Alm - SalzburgerLand Magazin<\/title>\n<meta name=\"description\" content=\"Wenn die ersten Sonnenstrahlen des neuen Tages neugierige Blicke \u00fcber die Berggipfel werfen, dabei die taufrischen Almwiesen in unwirkliches Licht tauchen und man Schritt f\u00fcr Schritt dem Ziel n\u00e4her kommt, dann wei\u00df man, dass sich all die Strapazen auch wirklich gelohnt haben.&nbsp;Heute bin ich einmal vor dem Morgengrauen aufgestanden, habe meinen Rucksack gepackt und bin mit Stirnlampe losmarschiert. Warum das Ganze? Weil ein ganz besonderes Fr\u00fchst\u00fcck auf mich wartet. Ein Fr\u00fchst\u00fcck auf der Alm.&nbsp;\" \/>\n<meta name=\"robots\" content=\"index, follow, max-snippet:-1, max-image-preview:large, max-video-preview:-1\" \/>\n<link rel=\"canonical\" href=\"https:\/\/www.salzburgerland.com\/de\/magazin\/fruehstueck-auf-der-alm\/\" \/>\n<meta property=\"og:locale\" content=\"de_DE\" \/>\n<meta property=\"og:type\" content=\"article\" \/>\n<meta property=\"og:title\" content=\"Fr\u00fchst\u00fcck auf der Alm\" \/>\n<meta property=\"og:description\" content=\"Mitten in den sch\u00f6nsten Tr\u00e4umen, rei\u00dft mich der Wecker, mein alter Erzfeind und gleichzeitig treuester Gef\u00e4hrte im Kampf gegen das morgendliche Verschlafen, mit seinem penetranten Klingeln aus den Federn. Jaha!!!! Ich bin ja schon wach! Durch schmale Schlitze, \u00fcbrigens meine Augen, blicke ich auf die Digitalanzeige und kann es im ersten Moment gar nicht fassen. [&hellip;]\" \/>\n<meta property=\"og:url\" content=\"https:\/\/www.salzburgerland.com\/de\/magazin\/fruehstueck-auf-der-alm\/\" \/>\n<meta property=\"og:site_name\" content=\"SalzburgerLand Magazin\" \/>\n<meta property=\"article:publisher\" content=\"https:\/\/www.facebook.com\/salzburgerland\/\" \/>\n<meta property=\"article:published_time\" content=\"2016-10-02T07:00:53+00:00\" \/>\n<meta property=\"article:modified_time\" content=\"2020-04-14T06:26:06+00:00\" \/>\n<meta property=\"og:image\" content=\"https:\/\/www.salzburgerland.com\/de\/magazin\/wp-content\/uploads\/2016\/09\/Wanderurlaub_Hochkoenig_Schartner2016-33.jpg\" \/>\n\t<meta property=\"og:image:width\" content=\"1600\" \/>\n\t<meta property=\"og:image:height\" content=\"1068\" \/>\n\t<meta property=\"og:image:type\" content=\"image\/jpeg\" \/>\n<meta name=\"author\" content=\"Peter Zeitlhofer\" \/>\n<meta name=\"twitter:card\" content=\"summary_large_image\" \/>\n<meta name=\"twitter:creator\" content=\"@Salzburgerland\" \/>\n<meta name=\"twitter:site\" content=\"@Salzburgerland\" \/>\n<meta name=\"twitter:label1\" content=\"Verfasst von\" \/>\n\t<meta name=\"twitter:data1\" content=\"Peter Zeitlhofer\" \/>\n\t<meta name=\"twitter:label2\" content=\"Gesch\u00e4tzte Lesezeit\" \/>\n\t<meta name=\"twitter:data2\" content=\"4\u00a0Minuten\" \/>\n<script type=\"application\/ld+json\" class=\"yoast-schema-graph\">{\"@context\":\"https:\\\/\\\/schema.org\",\"@graph\":[{\"@type\":\"Article\",\"@id\":\"https:\\\/\\\/www.salzburgerland.com\\\/de\\\/magazin\\\/fruehstueck-auf-der-alm\\\/#article\",\"isPartOf\":{\"@id\":\"https:\\\/\\\/www.salzburgerland.com\\\/de\\\/magazin\\\/fruehstueck-auf-der-alm\\\/\"},\"author\":{\"name\":\"Peter Zeitlhofer\",\"@id\":\"https:\\\/\\\/www.salzburgerland.com\\\/de\\\/magazin\\\/#\\\/schema\\\/person\\\/ebd2c9f244aeea71e30f3b5d5e309de4\"},\"headline\":\"Fr\u00fchst\u00fcck auf der Alm\",\"datePublished\":\"2016-10-02T07:00:53+00:00\",\"dateModified\":\"2020-04-14T06:26:06+00:00\",\"mainEntityOfPage\":{\"@id\":\"https:\\\/\\\/www.salzburgerland.com\\\/de\\\/magazin\\\/fruehstueck-auf-der-alm\\\/\"},\"wordCount\":739,\"commentCount\":0,\"publisher\":{\"@id\":\"https:\\\/\\\/www.salzburgerland.com\\\/de\\\/magazin\\\/#organization\"},\"image\":{\"@id\":\"https:\\\/\\\/www.salzburgerland.com\\\/de\\\/magazin\\\/fruehstueck-auf-der-alm\\\/#primaryimage\"},\"thumbnailUrl\":\"https:\\\/\\\/www.salzburgerland.com\\\/de\\\/magazin\\\/wp-content\\\/uploads\\\/2016\\\/09\\\/Wanderurlaub_Hochkoenig_Schartner2016-33.jpg\",\"articleSection\":[\"Essen &amp; Trinken\"],\"inLanguage\":\"de\",\"potentialAction\":[{\"@type\":\"CommentAction\",\"name\":\"Comment\",\"target\":[\"https:\\\/\\\/www.salzburgerland.com\\\/de\\\/magazin\\\/fruehstueck-auf-der-alm\\\/#respond\"]}]},{\"@type\":\"WebPage\",\"@id\":\"https:\\\/\\\/www.salzburgerland.com\\\/de\\\/magazin\\\/fruehstueck-auf-der-alm\\\/\",\"url\":\"https:\\\/\\\/www.salzburgerland.com\\\/de\\\/magazin\\\/fruehstueck-auf-der-alm\\\/\",\"name\":\"Fr\u00fchst\u00fcck auf der Alm - SalzburgerLand Magazin\",\"isPartOf\":{\"@id\":\"https:\\\/\\\/www.salzburgerland.com\\\/de\\\/magazin\\\/#website\"},\"primaryImageOfPage\":{\"@id\":\"https:\\\/\\\/www.salzburgerland.com\\\/de\\\/magazin\\\/fruehstueck-auf-der-alm\\\/#primaryimage\"},\"image\":{\"@id\":\"https:\\\/\\\/www.salzburgerland.com\\\/de\\\/magazin\\\/fruehstueck-auf-der-alm\\\/#primaryimage\"},\"thumbnailUrl\":\"https:\\\/\\\/www.salzburgerland.com\\\/de\\\/magazin\\\/wp-content\\\/uploads\\\/2016\\\/09\\\/Wanderurlaub_Hochkoenig_Schartner2016-33.jpg\",\"datePublished\":\"2016-10-02T07:00:53+00:00\",\"dateModified\":\"2020-04-14T06:26:06+00:00\",\"breadcrumb\":{\"@id\":\"https:\\\/\\\/www.salzburgerland.com\\\/de\\\/magazin\\\/fruehstueck-auf-der-alm\\\/#breadcrumb\"},\"inLanguage\":\"de\",\"potentialAction\":[{\"@type\":\"ReadAction\",\"target\":[\"https:\\\/\\\/www.salzburgerland.com\\\/de\\\/magazin\\\/fruehstueck-auf-der-alm\\\/\"]}]},{\"@type\":\"ImageObject\",\"inLanguage\":\"de\",\"@id\":\"https:\\\/\\\/www.salzburgerland.com\\\/de\\\/magazin\\\/fruehstueck-auf-der-alm\\\/#primaryimage\",\"url\":\"https:\\\/\\\/www.salzburgerland.com\\\/de\\\/magazin\\\/wp-content\\\/uploads\\\/2016\\\/09\\\/Wanderurlaub_Hochkoenig_Schartner2016-33.jpg\",\"contentUrl\":\"https:\\\/\\\/www.salzburgerland.com\\\/de\\\/magazin\\\/wp-content\\\/uploads\\\/2016\\\/09\\\/Wanderurlaub_Hochkoenig_Schartner2016-33.jpg\",\"width\":1600,\"height\":1068,\"caption\":\"Eine braun-wei\u00dfe Kuh grast auf gr\u00fcnem Gras mit Bergen und einem klaren blauen Himmel im Hintergrund.\"},{\"@type\":\"BreadcrumbList\",\"@id\":\"https:\\\/\\\/www.salzburgerland.com\\\/de\\\/magazin\\\/fruehstueck-auf-der-alm\\\/#breadcrumb\",\"itemListElement\":[{\"@type\":\"ListItem\",\"position\":1,\"name\":\"Startseite\",\"item\":\"https:\\\/\\\/www.salzburgerland.com\\\/de\\\/magazin\\\/\"},{\"@type\":\"ListItem\",\"position\":2,\"name\":\"Essen &amp; Trinken\",\"item\":\"https:\\\/\\\/www.salzburgerland.com\\\/de\\\/magazin\\\/thema\\\/essen-trinken\\\/\"},{\"@type\":\"ListItem\",\"position\":3,\"name\":\"Fr\u00fchst\u00fcck auf der Alm\"}]},{\"@type\":\"WebSite\",\"@id\":\"https:\\\/\\\/www.salzburgerland.com\\\/de\\\/magazin\\\/#website\",\"url\":\"https:\\\/\\\/www.salzburgerland.com\\\/de\\\/magazin\\\/\",\"name\":\"SalzburgerLand Magazin\",\"description\":\"Geschichten und Interessantes aus dem SalzburgerLand\",\"publisher\":{\"@id\":\"https:\\\/\\\/www.salzburgerland.com\\\/de\\\/magazin\\\/#organization\"},\"potentialAction\":[{\"@type\":\"SearchAction\",\"target\":{\"@type\":\"EntryPoint\",\"urlTemplate\":\"https:\\\/\\\/www.salzburgerland.com\\\/de\\\/magazin\\\/?s={search_term_string}\"},\"query-input\":{\"@type\":\"PropertyValueSpecification\",\"valueRequired\":true,\"valueName\":\"search_term_string\"}}],\"inLanguage\":\"de\"},{\"@type\":\"Organization\",\"@id\":\"https:\\\/\\\/www.salzburgerland.com\\\/de\\\/magazin\\\/#organization\",\"name\":\"SalzburgerLand Tourismus\",\"url\":\"https:\\\/\\\/www.salzburgerland.com\\\/de\\\/magazin\\\/\",\"logo\":{\"@type\":\"ImageObject\",\"inLanguage\":\"de\",\"@id\":\"https:\\\/\\\/www.salzburgerland.com\\\/de\\\/magazin\\\/#\\\/schema\\\/logo\\\/image\\\/\",\"url\":\"https:\\\/\\\/www.salzburgerland.com\\\/de\\\/magazin\\\/wp-content\\\/uploads\\\/2019\\\/06\\\/salzburgerland-logo1.jpg\",\"contentUrl\":\"https:\\\/\\\/www.salzburgerland.com\\\/de\\\/magazin\\\/wp-content\\\/uploads\\\/2019\\\/06\\\/salzburgerland-logo1.jpg\",\"width\":2011,\"height\":866,\"caption\":\"SalzburgerLand Tourismus\"},\"image\":{\"@id\":\"https:\\\/\\\/www.salzburgerland.com\\\/de\\\/magazin\\\/#\\\/schema\\\/logo\\\/image\\\/\"},\"sameAs\":[\"https:\\\/\\\/www.facebook.com\\\/salzburgerland\\\/\",\"https:\\\/\\\/x.com\\\/Salzburgerland\",\"https:\\\/\\\/www.instagram.com\\\/salzburgerland\\\/\",\"https:\\\/\\\/at.linkedin.com\\\/company\\\/salzburgerland-tourismus-gmbh\",\"https:\\\/\\\/www.pinterest.at\\\/salzburgerland\\\/\",\"https:\\\/\\\/www.youtube.com\\\/user\\\/salzburgerland\",\"https:\\\/\\\/de.wikipedia.org\\\/wiki\\\/SalzburgerLand_Tourismus_GmbH\"]},{\"@type\":\"Person\",\"@id\":\"https:\\\/\\\/www.salzburgerland.com\\\/de\\\/magazin\\\/#\\\/schema\\\/person\\\/ebd2c9f244aeea71e30f3b5d5e309de4\",\"name\":\"Peter Zeitlhofer\",\"description\":\"'Von Neugier getrieben' - diese Worte kommen Peter Zeitlhofer wohl schon ziemlich nahe. Egal ob am Segelboot, im Tiefschnee, unterwegs in Stadt und Land, oder auf einer seinen vielen Reisen - er ist immer auf der Suche nach Neuem, nach dem Besonderen, probiert so ziemlich alles aus und liebt es, dar\u00fcber zu reden und zu berichten. Womit man auch schon fast bei seiner zweiten Leidenschaft w\u00e4re - dem Schreiben. Immer und \u00fcberall ausgestattet\u00a0mit seinem Notebook, hat der Salzburger, mit Wurzeln am Attersee, sein Office\u00a0im wahrsten Sinne des Wortes unterm Arm und k\u00f6nnte sich nichts besseres vorstellen, als die Geschichten dort zu erz\u00e4hlen, wo sie passieren. Fr\u00fchling, Sommer, Herbst oder Winter? Als Mensch der Extreme, mag ich auch bei den Jahreszeiten den Sommer und den Winter am liebsten. Obwohl nat\u00fcrlich auch der Fr\u00fchling seine Reize hat. Aber der Herbst? Rindsroulade vom Pinzgauer Biorind oder Saibling fangfrisch aus dem Fuschlsee? Immer diese Entscheidungen! Kann ich auch beides haben? Mundharmonika oder Stradivari? Weder noch - als Gitarrist k\u00f6nnte ich mit beiden Instrumenten nichts anfangen. Lederhose oder Smoking? Eindeutig Lederhose, die bei mir mittlerweile sogar den Einzug in den sommerlichen Alltag gefunden hat. Und der LederhosnDonnerstag ist \u00a0ohnehin Pflicht. Alpinski, Offpist oder Skitour? Hauptsache rauf auf den Berg! Was dann tats\u00e4chlich auf dem Programm steht ist zweitrangig. Nur so viel: wenn der Schnee passt, dann h\u00e4lt mich nichts oder niemand auf der Piste. Bergtour oder Seentour? F\u00fcr mich gibt es im Sommer nichts Sch\u00f6neres, als mit dem Segelboot auf unseren herrlichen Seen unterwegs zu sein. Also wenn ich die Wahl habe, dann nehme ich im Sommer die Berge h\u00f6chstens als Kulisse. Haubenlokal oder Ab-Hof-Laden? Auch hier nehme ich von beidem ein bisschen. Aber bei der Oma schmeckt's dann doch am besten.\",\"url\":\"https:\\\/\\\/www.salzburgerland.com\\\/de\\\/magazin\\\/author\\\/peter-zeitlhofer\\\/\"}]}<\/script>\n<!-- \/ Yoast SEO Premium plugin. -->","yoast_head_json":{"title":"Fr\u00fchst\u00fcck auf der Alm - SalzburgerLand Magazin","description":"Wenn die ersten Sonnenstrahlen des neuen Tages neugierige Blicke \u00fcber die Berggipfel werfen, dabei die taufrischen Almwiesen in unwirkliches Licht tauchen und man Schritt f\u00fcr Schritt dem Ziel n\u00e4her kommt, dann wei\u00df man, dass sich all die Strapazen auch wirklich gelohnt haben.&nbsp;Heute bin ich einmal vor dem Morgengrauen aufgestanden, habe meinen Rucksack gepackt und bin mit Stirnlampe losmarschiert. Warum das Ganze? Weil ein ganz besonderes Fr\u00fchst\u00fcck auf mich wartet. Ein Fr\u00fchst\u00fcck auf der Alm.&nbsp;","robots":{"index":"index","follow":"follow","max-snippet":"max-snippet:-1","max-image-preview":"max-image-preview:large","max-video-preview":"max-video-preview:-1"},"canonical":"https:\/\/www.salzburgerland.com\/de\/magazin\/fruehstueck-auf-der-alm\/","og_locale":"de_DE","og_type":"article","og_title":"Fr\u00fchst\u00fcck auf der Alm","og_description":"Mitten in den sch\u00f6nsten Tr\u00e4umen, rei\u00dft mich der Wecker, mein alter Erzfeind und gleichzeitig treuester Gef\u00e4hrte im Kampf gegen das morgendliche Verschlafen, mit seinem penetranten Klingeln aus den Federn. Jaha!!!! Ich bin ja schon wach! Durch schmale Schlitze, \u00fcbrigens meine Augen, blicke ich auf die Digitalanzeige und kann es im ersten Moment gar nicht fassen. [&hellip;]","og_url":"https:\/\/www.salzburgerland.com\/de\/magazin\/fruehstueck-auf-der-alm\/","og_site_name":"SalzburgerLand Magazin","article_publisher":"https:\/\/www.facebook.com\/salzburgerland\/","article_published_time":"2016-10-02T07:00:53+00:00","article_modified_time":"2020-04-14T06:26:06+00:00","og_image":[{"width":1600,"height":1068,"url":"https:\/\/www.salzburgerland.com\/de\/magazin\/wp-content\/uploads\/2016\/09\/Wanderurlaub_Hochkoenig_Schartner2016-33.jpg","type":"image\/jpeg"}],"author":"Peter Zeitlhofer","twitter_card":"summary_large_image","twitter_creator":"@Salzburgerland","twitter_site":"@Salzburgerland","twitter_misc":{"Verfasst von":"Peter Zeitlhofer","Gesch\u00e4tzte Lesezeit":"4\u00a0Minuten"},"schema":{"@context":"https:\/\/schema.org","@graph":[{"@type":"Article","@id":"https:\/\/www.salzburgerland.com\/de\/magazin\/fruehstueck-auf-der-alm\/#article","isPartOf":{"@id":"https:\/\/www.salzburgerland.com\/de\/magazin\/fruehstueck-auf-der-alm\/"},"author":{"name":"Peter Zeitlhofer","@id":"https:\/\/www.salzburgerland.com\/de\/magazin\/#\/schema\/person\/ebd2c9f244aeea71e30f3b5d5e309de4"},"headline":"Fr\u00fchst\u00fcck auf der Alm","datePublished":"2016-10-02T07:00:53+00:00","dateModified":"2020-04-14T06:26:06+00:00","mainEntityOfPage":{"@id":"https:\/\/www.salzburgerland.com\/de\/magazin\/fruehstueck-auf-der-alm\/"},"wordCount":739,"commentCount":0,"publisher":{"@id":"https:\/\/www.salzburgerland.com\/de\/magazin\/#organization"},"image":{"@id":"https:\/\/www.salzburgerland.com\/de\/magazin\/fruehstueck-auf-der-alm\/#primaryimage"},"thumbnailUrl":"https:\/\/www.salzburgerland.com\/de\/magazin\/wp-content\/uploads\/2016\/09\/Wanderurlaub_Hochkoenig_Schartner2016-33.jpg","articleSection":["Essen &amp; Trinken"],"inLanguage":"de","potentialAction":[{"@type":"CommentAction","name":"Comment","target":["https:\/\/www.salzburgerland.com\/de\/magazin\/fruehstueck-auf-der-alm\/#respond"]}]},{"@type":"WebPage","@id":"https:\/\/www.salzburgerland.com\/de\/magazin\/fruehstueck-auf-der-alm\/","url":"https:\/\/www.salzburgerland.com\/de\/magazin\/fruehstueck-auf-der-alm\/","name":"Fr\u00fchst\u00fcck auf der Alm - SalzburgerLand Magazin","isPartOf":{"@id":"https:\/\/www.salzburgerland.com\/de\/magazin\/#website"},"primaryImageOfPage":{"@id":"https:\/\/www.salzburgerland.com\/de\/magazin\/fruehstueck-auf-der-alm\/#primaryimage"},"image":{"@id":"https:\/\/www.salzburgerland.com\/de\/magazin\/fruehstueck-auf-der-alm\/#primaryimage"},"thumbnailUrl":"https:\/\/www.salzburgerland.com\/de\/magazin\/wp-content\/uploads\/2016\/09\/Wanderurlaub_Hochkoenig_Schartner2016-33.jpg","datePublished":"2016-10-02T07:00:53+00:00","dateModified":"2020-04-14T06:26:06+00:00","breadcrumb":{"@id":"https:\/\/www.salzburgerland.com\/de\/magazin\/fruehstueck-auf-der-alm\/#breadcrumb"},"inLanguage":"de","potentialAction":[{"@type":"ReadAction","target":["https:\/\/www.salzburgerland.com\/de\/magazin\/fruehstueck-auf-der-alm\/"]}]},{"@type":"ImageObject","inLanguage":"de","@id":"https:\/\/www.salzburgerland.com\/de\/magazin\/fruehstueck-auf-der-alm\/#primaryimage","url":"https:\/\/www.salzburgerland.com\/de\/magazin\/wp-content\/uploads\/2016\/09\/Wanderurlaub_Hochkoenig_Schartner2016-33.jpg","contentUrl":"https:\/\/www.salzburgerland.com\/de\/magazin\/wp-content\/uploads\/2016\/09\/Wanderurlaub_Hochkoenig_Schartner2016-33.jpg","width":1600,"height":1068,"caption":"Eine braun-wei\u00dfe Kuh grast auf gr\u00fcnem Gras mit Bergen und einem klaren blauen Himmel im Hintergrund."},{"@type":"BreadcrumbList","@id":"https:\/\/www.salzburgerland.com\/de\/magazin\/fruehstueck-auf-der-alm\/#breadcrumb","itemListElement":[{"@type":"ListItem","position":1,"name":"Startseite","item":"https:\/\/www.salzburgerland.com\/de\/magazin\/"},{"@type":"ListItem","position":2,"name":"Essen &amp; Trinken","item":"https:\/\/www.salzburgerland.com\/de\/magazin\/thema\/essen-trinken\/"},{"@type":"ListItem","position":3,"name":"Fr\u00fchst\u00fcck auf der Alm"}]},{"@type":"WebSite","@id":"https:\/\/www.salzburgerland.com\/de\/magazin\/#website","url":"https:\/\/www.salzburgerland.com\/de\/magazin\/","name":"SalzburgerLand Magazin","description":"Geschichten und Interessantes aus dem SalzburgerLand","publisher":{"@id":"https:\/\/www.salzburgerland.com\/de\/magazin\/#organization"},"potentialAction":[{"@type":"SearchAction","target":{"@type":"EntryPoint","urlTemplate":"https:\/\/www.salzburgerland.com\/de\/magazin\/?s={search_term_string}"},"query-input":{"@type":"PropertyValueSpecification","valueRequired":true,"valueName":"search_term_string"}}],"inLanguage":"de"},{"@type":"Organization","@id":"https:\/\/www.salzburgerland.com\/de\/magazin\/#organization","name":"SalzburgerLand Tourismus","url":"https:\/\/www.salzburgerland.com\/de\/magazin\/","logo":{"@type":"ImageObject","inLanguage":"de","@id":"https:\/\/www.salzburgerland.com\/de\/magazin\/#\/schema\/logo\/image\/","url":"https:\/\/www.salzburgerland.com\/de\/magazin\/wp-content\/uploads\/2019\/06\/salzburgerland-logo1.jpg","contentUrl":"https:\/\/www.salzburgerland.com\/de\/magazin\/wp-content\/uploads\/2019\/06\/salzburgerland-logo1.jpg","width":2011,"height":866,"caption":"SalzburgerLand Tourismus"},"image":{"@id":"https:\/\/www.salzburgerland.com\/de\/magazin\/#\/schema\/logo\/image\/"},"sameAs":["https:\/\/www.facebook.com\/salzburgerland\/","https:\/\/x.com\/Salzburgerland","https:\/\/www.instagram.com\/salzburgerland\/","https:\/\/at.linkedin.com\/company\/salzburgerland-tourismus-gmbh","https:\/\/www.pinterest.at\/salzburgerland\/","https:\/\/www.youtube.com\/user\/salzburgerland","https:\/\/de.wikipedia.org\/wiki\/SalzburgerLand_Tourismus_GmbH"]},{"@type":"Person","@id":"https:\/\/www.salzburgerland.com\/de\/magazin\/#\/schema\/person\/ebd2c9f244aeea71e30f3b5d5e309de4","name":"Peter Zeitlhofer","description":"'Von Neugier getrieben' - diese Worte kommen Peter Zeitlhofer wohl schon ziemlich nahe. Egal ob am Segelboot, im Tiefschnee, unterwegs in Stadt und Land, oder auf einer seinen vielen Reisen - er ist immer auf der Suche nach Neuem, nach dem Besonderen, probiert so ziemlich alles aus und liebt es, dar\u00fcber zu reden und zu berichten. Womit man auch schon fast bei seiner zweiten Leidenschaft w\u00e4re - dem Schreiben. Immer und \u00fcberall ausgestattet\u00a0mit seinem Notebook, hat der Salzburger, mit Wurzeln am Attersee, sein Office\u00a0im wahrsten Sinne des Wortes unterm Arm und k\u00f6nnte sich nichts besseres vorstellen, als die Geschichten dort zu erz\u00e4hlen, wo sie passieren. Fr\u00fchling, Sommer, Herbst oder Winter? Als Mensch der Extreme, mag ich auch bei den Jahreszeiten den Sommer und den Winter am liebsten. Obwohl nat\u00fcrlich auch der Fr\u00fchling seine Reize hat. Aber der Herbst? Rindsroulade vom Pinzgauer Biorind oder Saibling fangfrisch aus dem Fuschlsee? Immer diese Entscheidungen! Kann ich auch beides haben? Mundharmonika oder Stradivari? Weder noch - als Gitarrist k\u00f6nnte ich mit beiden Instrumenten nichts anfangen. Lederhose oder Smoking? Eindeutig Lederhose, die bei mir mittlerweile sogar den Einzug in den sommerlichen Alltag gefunden hat. Und der LederhosnDonnerstag ist \u00a0ohnehin Pflicht. Alpinski, Offpist oder Skitour? Hauptsache rauf auf den Berg! Was dann tats\u00e4chlich auf dem Programm steht ist zweitrangig. Nur so viel: wenn der Schnee passt, dann h\u00e4lt mich nichts oder niemand auf der Piste. Bergtour oder Seentour? F\u00fcr mich gibt es im Sommer nichts Sch\u00f6neres, als mit dem Segelboot auf unseren herrlichen Seen unterwegs zu sein. Also wenn ich die Wahl habe, dann nehme ich im Sommer die Berge h\u00f6chstens als Kulisse. Haubenlokal oder Ab-Hof-Laden? Auch hier nehme ich von beidem ein bisschen. Aber bei der Oma schmeckt's dann doch am besten.","url":"https:\/\/www.salzburgerland.com\/de\/magazin\/author\/peter-zeitlhofer\/"}]}},"_wl_alt_label":[],"wl:entity_url":"http:\/\/open.salzburgerland.com\/magazin\/post\/fruehstueck_auf_der_alm","_links":{"self":[{"href":"https:\/\/www.salzburgerland.com\/de\/magazin\/wp-json\/wp\/v2\/posts\/108155","targetHints":{"allow":["GET"]}}],"collection":[{"href":"https:\/\/www.salzburgerland.com\/de\/magazin\/wp-json\/wp\/v2\/posts"}],"about":[{"href":"https:\/\/www.salzburgerland.com\/de\/magazin\/wp-json\/wp\/v2\/types\/post"}],"author":[{"embeddable":true,"href":"https:\/\/www.salzburgerland.com\/de\/magazin\/wp-json\/wp\/v2\/users\/505"}],"replies":[{"embeddable":true,"href":"https:\/\/www.salzburgerland.com\/de\/magazin\/wp-json\/wp\/v2\/comments?post=108155"}],"version-history":[{"count":2,"href":"https:\/\/www.salzburgerland.com\/de\/magazin\/wp-json\/wp\/v2\/posts\/108155\/revisions"}],"predecessor-version":[{"id":143695,"href":"https:\/\/www.salzburgerland.com\/de\/magazin\/wp-json\/wp\/v2\/posts\/108155\/revisions\/143695"}],"wp:featuredmedia":[{"embeddable":true,"href":"https:\/\/www.salzburgerland.com\/de\/magazin\/wp-json\/wp\/v2\/media\/109728"}],"wp:attachment":[{"href":"https:\/\/www.salzburgerland.com\/de\/magazin\/wp-json\/wp\/v2\/media?parent=108155"}],"wp:term":[{"taxonomy":"category","embeddable":true,"href":"https:\/\/www.salzburgerland.com\/de\/magazin\/wp-json\/wp\/v2\/categories?post=108155"},{"taxonomy":"post_tag","embeddable":true,"href":"https:\/\/www.salzburgerland.com\/de\/magazin\/wp-json\/wp\/v2\/tags?post=108155"},{"taxonomy":"wl_entity_type","embeddable":true,"href":"https:\/\/www.salzburgerland.com\/de\/magazin\/wp-json\/wp\/v2\/wl_entity_type?post=108155"},{"taxonomy":"monatsauswahl","embeddable":true,"href":"https:\/\/www.salzburgerland.com\/de\/magazin\/wp-json\/wp\/v2\/monatsauswahl?post=108155"}],"curies":[{"name":"wp","href":"https:\/\/api.w.org\/{rel}","templated":true}]}}