{"id":107872,"date":"2016-07-22T19:39:29","date_gmt":"2016-07-22T17:39:29","guid":{"rendered":"http:\/\/magazin.salzburgerland.com\/?p=107872"},"modified":"2023-06-22T09:00:28","modified_gmt":"2023-06-22T07:00:28","slug":"marcel-hirscher-kehrt-zurueck-zu-seinen-wurzeln","status":"publish","type":"post","link":"https:\/\/www.salzburgerland.com\/de\/magazin\/marcel-hirscher-kehrt-zurueck-zu-seinen-wurzeln\/","title":{"rendered":"Marcel Hirscher kehrt zur\u00fcck zu seinen Wurzeln"},"content":{"rendered":"<p>Was wohl die Wenigsten wissen: Marcel Hirscher ist auf einer Alm aufgewachsen, seine Eltern waren einst H\u00fcttenwirte auf der Stuhlalm im SalzburgerLand. Jetzt kehrte der Ski-Held zu seinen Wurzeln zur\u00fcck: beim allj\u00e4hrlichen Medientag zeigte er den Journalisten \u201eseine\u201c Alm und verw\u00f6hnte sie mit dem \u201ebesten Kaiserschmarrn der Welt\u201c.<\/p>\n<p>Mehr als 30 Medienvertreter aus Deutschland, Frankreich, Italien, den Niederlanden, Norwegen und nat\u00fcrlich aus \u00d6sterreich waren der Einladung von Marcel Hirscher und der SalzburgerLand Tourismus gefolgt, um mit der Ski-Legende auf \u201eseine\u201c Alm zu wandern.<\/p>\n<p>Rund eineinhalb Stunden dauerte die Wanderung von Hirschers Heimatort Annaberg-Lung\u00f6tz hinauf auf die auf 1.467 Metern Seeh\u00f6he gelegene Stuhlalm im Tennengebirge. Belohnt wurden die G\u00e4ste dann nicht nur mit der atemberaubenden Kulisse unter der m\u00e4chtigen Bischofsm\u00fctze, sondern auch mit k\u00f6stlichen kulinarischen Schmankerln aus dem SalzburgerLand.<\/p>\n<p><iframe loading=\"lazy\" title=\"Marcel Hirscher auf der Stuhlalm\" width=\"640\" height=\"360\" src=\"https:\/\/www.youtube-nocookie.com\/embed\/2V2mVlXcleg?feature=oembed&#038;rel=0&#038;modestbranding=1\" frameborder=\"0\" allow=\"accelerometer; autoplay; clipboard-write; encrypted-media; gyroscope; picture-in-picture; web-share\" referrerpolicy=\"strict-origin-when-cross-origin\" allowfullscreen><\/iframe><\/p>\n<h3>Der Beste der Welt f\u00fcr den Besten der Welt<\/h3>\n<p>Nach einer g\u2019schmackigen Brettljause tischten die aktuellen H\u00fcttenwirte Ineke und Adi Quehenberger auch Hirschers Lieblingsgericht auf: Kaiserschmarrn. Dieser, erkl\u00e4rte Hirscher, sei nirgendwo besser als auf der Stuhlalm: \u201eSchon als meine Eltern hier noch die H\u00fctte bewirtschaftet haben, war ihr Kaiserschmarrn weit \u00fcber die Grenzen des SalzburgerLandes bekannt. Die Wanderer kommen sogar oft nur deswegen hier herauf.\u201c<\/p>\n<h3>Hirscher ist offizieller SalzburgerLand-Botschafter<\/h3>\n<p>Seit vergangenem Herbst ist Hirscher offizieller Botschafter des SalzburgerLandes. \u201eSeine Heimatverbundenheit und die sympathische Bodenst\u00e4ndigkeit, die er sich trotz aller Erfolge behalten hat, machen ihn zum perfekten Werbetr\u00e4ger\u201c, sagt Leo Bauernberger, Gesch\u00e4ftsf\u00fchrer der SalzburgerLand Tourismus.<\/p>\n<h3>Ein Alm-Wochenende als Geschenk<\/h3>\n<p>Als Dank f\u00fcr seine Verdienste um das SalzburgerLand bekam Hirscher \u2013 auch im Namen von Landeshauptmann Dr. Wilfried Haslauer \u2013 ein besonderes Geschenk \u00fcberreicht: ein Wochenende gemeinsam mit seinen Freunden auf der Mauracheralm im Gro\u00dfarltal. Bauernberger: \u201eZeit mit den wichtigsten Menschen im Leben ist wohl das Einzige, was ein erfolgreicher Spitzensportler wie Marcel Hirscher nicht hat. Diese Zeit wollen wir ihm schenken \u2013 in einer Umgebung, die erdet und Kraft gibt f\u00fcr die n\u00e4chsten gro\u00dfen Herausforderungen und Ziele.\u201c Symbolisch und dazu passend erhielt Hirscher auch noch eine typische Salzburger Lackschilduhr, wie man sie heute noch auf vielen Almh\u00fctten und Bauernh\u00f6fen im SalzburgerLand findet.<\/p>\n<div class=\"mag-gallery\"><div class=\"row\"><div class=\"col-6 col-sm-4\"><figure><a class=\"thumb-container\" href=\"https:\/\/www.salzburgerland.com\/de\/magazin\/wp-content\/uploads\/2016\/07\/SLT_Medienevent_Hirscher_1-1280x1024.jpg\">\t<picture><source media=\"(min-width: 576px)\" srcset=\"https:\/\/www.salzburgerland.com\/de\/magazin\/wp-content\/uploads\/2016\/07\/SLT_Medienevent_Hirscher_1-325x209.jpg 325w, https:\/\/www.salzburgerland.com\/de\/magazin\/wp-content\/uploads\/2016\/07\/SLT_Medienevent_Hirscher_1-249x160.jpg 249w\" \/><source media=\"(min-width: 0)\" srcset=\"https:\/\/www.salzburgerland.com\/de\/magazin\/wp-content\/uploads\/2016\/07\/SLT_Medienevent_Hirscher_1-249x160.jpg 249w, https:\/\/www.salzburgerland.com\/de\/magazin\/wp-content\/uploads\/2016\/07\/SLT_Medienevent_Hirscher_1-325x209.jpg 325w\" \/><img decoding=\"async\" alt=\"Mann mit Sonnenbrille und M\u00fctze, der in die Kamera l\u00e4chelt, mit einer Gruppe von Menschen und der Natur im Hintergrund.\" src=\"https:\/\/www.salzburgerland.com\/de\/magazin\/wp-content\/uploads\/2016\/07\/SLT_Medienevent_Hirscher_1.jpg\" \/>\t<\/picture><\/a><\/figure><\/div><div class=\"col-6 col-sm-4\"><figure><a class=\"thumb-container\" href=\"https:\/\/www.salzburgerland.com\/de\/magazin\/wp-content\/uploads\/2016\/07\/SLT_Medienevent_Hirscher_3-1280x1024.jpg\">\t<picture><source media=\"(min-width: 576px)\" srcset=\"https:\/\/www.salzburgerland.com\/de\/magazin\/wp-content\/uploads\/2016\/07\/SLT_Medienevent_Hirscher_3-325x209.jpg 325w, https:\/\/www.salzburgerland.com\/de\/magazin\/wp-content\/uploads\/2016\/07\/SLT_Medienevent_Hirscher_3-249x160.jpg 249w\" \/><source media=\"(min-width: 0)\" srcset=\"https:\/\/www.salzburgerland.com\/de\/magazin\/wp-content\/uploads\/2016\/07\/SLT_Medienevent_Hirscher_3-249x160.jpg 249w, https:\/\/www.salzburgerland.com\/de\/magazin\/wp-content\/uploads\/2016\/07\/SLT_Medienevent_Hirscher_3-325x209.jpg 325w\" \/><img decoding=\"async\" alt=\"Zwei M\u00e4nner gehen in einer malerischen, gr\u00fcnen Berglandschaft im Freien spazieren, im Hintergrund sind andere Personen zu sehen.\" src=\"https:\/\/www.salzburgerland.com\/de\/magazin\/wp-content\/uploads\/2016\/07\/SLT_Medienevent_Hirscher_3.jpg\" \/>\t<\/picture><\/a><\/figure><\/div><div class=\"col-6 col-sm-4\"><figure><a class=\"thumb-container\" href=\"https:\/\/www.salzburgerland.com\/de\/magazin\/wp-content\/uploads\/2016\/07\/SLT_Medienevent_Hirscher_4-1280x1024.jpg\">\t<picture><source media=\"(min-width: 576px)\" srcset=\"\" \/><source media=\"(min-width: 0)\" srcset=\"https:\/\/www.salzburgerland.com\/de\/magazin\/wp-content\/uploads\/2016\/07\/SLT_Medienevent_Hirscher_4.jpg 1067w, https:\/\/www.salzburgerland.com\/de\/magazin\/wp-content\/uploads\/2016\/07\/SLT_Medienevent_Hirscher_4-200x300.jpg 200w, https:\/\/www.salzburgerland.com\/de\/magazin\/wp-content\/uploads\/2016\/07\/SLT_Medienevent_Hirscher_4-367x550.jpg 367w, https:\/\/www.salzburgerland.com\/de\/magazin\/wp-content\/uploads\/2016\/07\/SLT_Medienevent_Hirscher_4-267x400.jpg 267w\" \/><img decoding=\"async\" alt=\"Mann in grauem Outfit und roter M\u00fctze wandert auf einem felsigen Pfad bergauf, umgeben von gr\u00fcnen Pflanzen und Blumen.\" src=\"https:\/\/www.salzburgerland.com\/de\/magazin\/wp-content\/uploads\/2016\/07\/SLT_Medienevent_Hirscher_4.jpg\" \/>\t<\/picture><\/a><\/figure><\/div><div class=\"col-6 col-sm-4\"><figure><a class=\"thumb-container\" href=\"https:\/\/www.salzburgerland.com\/de\/magazin\/wp-content\/uploads\/2016\/07\/SLT_Medienevent_Hirscher_5-1280x1024.jpg\">\t<picture><source media=\"(min-width: 576px)\" srcset=\"https:\/\/www.salzburgerland.com\/de\/magazin\/wp-content\/uploads\/2016\/07\/SLT_Medienevent_Hirscher_5-325x209.jpg 325w, https:\/\/www.salzburgerland.com\/de\/magazin\/wp-content\/uploads\/2016\/07\/SLT_Medienevent_Hirscher_5-249x160.jpg 249w\" \/><source media=\"(min-width: 0)\" srcset=\"https:\/\/www.salzburgerland.com\/de\/magazin\/wp-content\/uploads\/2016\/07\/SLT_Medienevent_Hirscher_5-249x160.jpg 249w, https:\/\/www.salzburgerland.com\/de\/magazin\/wp-content\/uploads\/2016\/07\/SLT_Medienevent_Hirscher_5-325x209.jpg 325w\" \/><img decoding=\"async\" alt=\"Ein l\u00e4chelnder Mann in Sportkleidung steht hinter f\u00fcnf gro\u00dfen Glastroph\u00e4en auf einem Tisch im Freien.\" src=\"https:\/\/www.salzburgerland.com\/de\/magazin\/wp-content\/uploads\/2016\/07\/SLT_Medienevent_Hirscher_5.jpg\" \/>\t<\/picture><\/a><\/figure><\/div><div class=\"col-6 col-sm-4\"><figure><a class=\"thumb-container\" href=\"https:\/\/www.salzburgerland.com\/de\/magazin\/wp-content\/uploads\/2016\/07\/SLT_Medienevent_Hirscher_6-1280x1024.jpg\">\t<picture><source media=\"(min-width: 576px)\" srcset=\"https:\/\/www.salzburgerland.com\/de\/magazin\/wp-content\/uploads\/2016\/07\/SLT_Medienevent_Hirscher_6-325x209.jpg 325w, https:\/\/www.salzburgerland.com\/de\/magazin\/wp-content\/uploads\/2016\/07\/SLT_Medienevent_Hirscher_6-249x160.jpg 249w\" \/><source media=\"(min-width: 0)\" srcset=\"https:\/\/www.salzburgerland.com\/de\/magazin\/wp-content\/uploads\/2016\/07\/SLT_Medienevent_Hirscher_6-249x160.jpg 249w, https:\/\/www.salzburgerland.com\/de\/magazin\/wp-content\/uploads\/2016\/07\/SLT_Medienevent_Hirscher_6-325x209.jpg 325w\" \/><img decoding=\"async\" alt=\"Mann in Sportkleidung und M\u00fctze sitzt auf einer Holzbank in einer grasbewachsenen Berglandschaft mit einem kleinen Schild in der N\u00e4he.\" src=\"https:\/\/www.salzburgerland.com\/de\/magazin\/wp-content\/uploads\/2016\/07\/SLT_Medienevent_Hirscher_6.jpg\" \/>\t<\/picture><\/a><\/figure><\/div><div class=\"col-6 col-sm-4\"><figure><a class=\"thumb-container\" href=\"https:\/\/www.salzburgerland.com\/de\/magazin\/wp-content\/uploads\/2016\/07\/SLT_Medienevent_Hirscher_7-1280x1024.jpg\">\t<picture><source media=\"(min-width: 576px)\" srcset=\"\" \/><source media=\"(min-width: 0)\" srcset=\"https:\/\/www.salzburgerland.com\/de\/magazin\/wp-content\/uploads\/2016\/07\/SLT_Medienevent_Hirscher_7.jpg 1067w, https:\/\/www.salzburgerland.com\/de\/magazin\/wp-content\/uploads\/2016\/07\/SLT_Medienevent_Hirscher_7-200x300.jpg 200w, https:\/\/www.salzburgerland.com\/de\/magazin\/wp-content\/uploads\/2016\/07\/SLT_Medienevent_Hirscher_7-367x550.jpg 367w, https:\/\/www.salzburgerland.com\/de\/magazin\/wp-content\/uploads\/2016\/07\/SLT_Medienevent_Hirscher_7-267x400.jpg 267w\" \/><img decoding=\"async\" alt=\"Mann in grauem Outfit und roter M\u00fctze sitzt l\u00e4chelnd auf einer Holzbank in einer grasbewachsenen Berglandschaft mit B\u00e4umen.\" src=\"https:\/\/www.salzburgerland.com\/de\/magazin\/wp-content\/uploads\/2016\/07\/SLT_Medienevent_Hirscher_7.jpg\" \/>\t<\/picture><\/a><\/figure><\/div><div class=\"col-6 col-sm-4\"><figure><a class=\"thumb-container\" href=\"https:\/\/www.salzburgerland.com\/de\/magazin\/wp-content\/uploads\/2016\/07\/SLT_Medienevent_Hirscher_8-1280x1024.jpg\">\t<picture><source media=\"(min-width: 576px)\" srcset=\"\" \/><source media=\"(min-width: 0)\" srcset=\"https:\/\/www.salzburgerland.com\/de\/magazin\/wp-content\/uploads\/2016\/07\/SLT_Medienevent_Hirscher_8.jpg 1067w, https:\/\/www.salzburgerland.com\/de\/magazin\/wp-content\/uploads\/2016\/07\/SLT_Medienevent_Hirscher_8-200x300.jpg 200w, https:\/\/www.salzburgerland.com\/de\/magazin\/wp-content\/uploads\/2016\/07\/SLT_Medienevent_Hirscher_8-367x550.jpg 367w, https:\/\/www.salzburgerland.com\/de\/magazin\/wp-content\/uploads\/2016\/07\/SLT_Medienevent_Hirscher_8-267x400.jpg 267w\" \/><img decoding=\"async\" alt=\"Ein Mann mit einer roten M\u00fctze l\u00e4chelt, w\u00e4hrend er an einem Tisch im Freien sitzt, mit Essen und Gr\u00fcnzeug im Hintergrund.\" src=\"https:\/\/www.salzburgerland.com\/de\/magazin\/wp-content\/uploads\/2016\/07\/SLT_Medienevent_Hirscher_8.jpg\" \/>\t<\/picture><\/a><\/figure><\/div><div class=\"col-6 col-sm-4\"><figure><a class=\"thumb-container\" href=\"https:\/\/www.salzburgerland.com\/de\/magazin\/wp-content\/uploads\/2016\/07\/SLT_Medienevent_Hirscher_9-1280x1024.jpg\">\t<picture><source media=\"(min-width: 576px)\" srcset=\"https:\/\/www.salzburgerland.com\/de\/magazin\/wp-content\/uploads\/2016\/07\/SLT_Medienevent_Hirscher_9-325x209.jpg 325w, https:\/\/www.salzburgerland.com\/de\/magazin\/wp-content\/uploads\/2016\/07\/SLT_Medienevent_Hirscher_9-249x160.jpg 249w\" \/><source media=\"(min-width: 0)\" srcset=\"https:\/\/www.salzburgerland.com\/de\/magazin\/wp-content\/uploads\/2016\/07\/SLT_Medienevent_Hirscher_9-249x160.jpg 249w, https:\/\/www.salzburgerland.com\/de\/magazin\/wp-content\/uploads\/2016\/07\/SLT_Medienevent_Hirscher_9-325x209.jpg 325w\" \/><img decoding=\"async\" alt=\"Ein Mann mit roter M\u00fctze gestikuliert mit den H\u00e4nden, w\u00e4hrend er im Freien spricht, mit Gr\u00fcnzeug im Hintergrund.\" src=\"https:\/\/www.salzburgerland.com\/de\/magazin\/wp-content\/uploads\/2016\/07\/SLT_Medienevent_Hirscher_9.jpg\" \/>\t<\/picture><\/a><\/figure><\/div><div class=\"col-6 col-sm-4\"><figure><a class=\"thumb-container\" href=\"https:\/\/www.salzburgerland.com\/de\/magazin\/wp-content\/uploads\/2016\/07\/SLT_Medienevent_Hirscher_10-1280x1024.jpg\">\t<picture><source media=\"(min-width: 576px)\" srcset=\"https:\/\/www.salzburgerland.com\/de\/magazin\/wp-content\/uploads\/2016\/07\/SLT_Medienevent_Hirscher_10-325x209.jpg 325w, https:\/\/www.salzburgerland.com\/de\/magazin\/wp-content\/uploads\/2016\/07\/SLT_Medienevent_Hirscher_10-249x160.jpg 249w\" \/><source media=\"(min-width: 0)\" srcset=\"https:\/\/www.salzburgerland.com\/de\/magazin\/wp-content\/uploads\/2016\/07\/SLT_Medienevent_Hirscher_10-249x160.jpg 249w, https:\/\/www.salzburgerland.com\/de\/magazin\/wp-content\/uploads\/2016\/07\/SLT_Medienevent_Hirscher_10-325x209.jpg 325w\" \/><img decoding=\"async\" alt=\"Zwei l\u00e4chelnde M\u00e4nner im Freien, die eine alte Uhr und ein Schild mit der Aufschrift &quot;Zeit zum Abschalten&quot; halten.\" src=\"https:\/\/www.salzburgerland.com\/de\/magazin\/wp-content\/uploads\/2016\/07\/SLT_Medienevent_Hirscher_10.jpg\" \/>\t<\/picture><\/a><\/figure><\/div><div class=\"col-6 col-sm-4\"><figure><a class=\"thumb-container\" href=\"https:\/\/www.salzburgerland.com\/de\/magazin\/wp-content\/uploads\/2016\/07\/SLT_Medienevent_Hirscher_11-1280x1024.jpg\">\t<picture><source media=\"(min-width: 576px)\" srcset=\"\" \/><source media=\"(min-width: 0)\" srcset=\"https:\/\/www.salzburgerland.com\/de\/magazin\/wp-content\/uploads\/2016\/07\/SLT_Medienevent_Hirscher_11.jpg 1067w, https:\/\/www.salzburgerland.com\/de\/magazin\/wp-content\/uploads\/2016\/07\/SLT_Medienevent_Hirscher_11-200x300.jpg 200w, https:\/\/www.salzburgerland.com\/de\/magazin\/wp-content\/uploads\/2016\/07\/SLT_Medienevent_Hirscher_11-367x550.jpg 367w, https:\/\/www.salzburgerland.com\/de\/magazin\/wp-content\/uploads\/2016\/07\/SLT_Medienevent_Hirscher_11-267x400.jpg 267w\" \/><img decoding=\"async\" alt=\"Eine Person in Sportkleidung geht auf gr\u00fcnem Gras mit H\u00fcgeln und felsigen Bergen im Hintergrund.\" src=\"https:\/\/www.salzburgerland.com\/de\/magazin\/wp-content\/uploads\/2016\/07\/SLT_Medienevent_Hirscher_11.jpg\" \/>\t<\/picture><\/a><\/figure><\/div><div class=\"col-6 col-sm-4\"><figure><a class=\"thumb-container\" href=\"https:\/\/www.salzburgerland.com\/de\/magazin\/wp-content\/uploads\/2016\/07\/SLT_Medienevent_Hirscher_12-1280x1024.jpg\">\t<picture><source media=\"(min-width: 576px)\" srcset=\"https:\/\/www.salzburgerland.com\/de\/magazin\/wp-content\/uploads\/2016\/07\/SLT_Medienevent_Hirscher_12-325x209.jpg 325w, https:\/\/www.salzburgerland.com\/de\/magazin\/wp-content\/uploads\/2016\/07\/SLT_Medienevent_Hirscher_12-249x160.jpg 249w\" \/><source media=\"(min-width: 0)\" srcset=\"https:\/\/www.salzburgerland.com\/de\/magazin\/wp-content\/uploads\/2016\/07\/SLT_Medienevent_Hirscher_12-249x160.jpg 249w, https:\/\/www.salzburgerland.com\/de\/magazin\/wp-content\/uploads\/2016\/07\/SLT_Medienevent_Hirscher_12-325x209.jpg 325w\" \/><img decoding=\"async\" alt=\"Zwei l\u00e4chelnde M\u00e4nner essen im Freien an einem rustikalen Holztisch mit Blumen und einer Holzh\u00fctte im Hintergrund.\" src=\"https:\/\/www.salzburgerland.com\/de\/magazin\/wp-content\/uploads\/2016\/07\/SLT_Medienevent_Hirscher_12.jpg\" \/>\t<\/picture><\/a><\/figure><\/div><\/div><\/div><figcaption><\/figcaption>\n","protected":false},"excerpt":{"rendered":"<p>Was wohl die Wenigsten wissen: Marcel Hirscher ist auf einer Alm aufgewachsen, seine Eltern waren einst H\u00fcttenwirte auf der Stuhlalm im SalzburgerLand. Jetzt kehrte der Ski-Held zu seinen Wurzeln zur\u00fcck: beim allj\u00e4hrlichen Medientag zeigte er den Journalisten \u201eseine\u201c Alm und verw\u00f6hnte sie mit dem \u201ebesten Kaiserschmarrn der Welt\u201c. Mehr als 30 Medienvertreter aus Deutschland, Frankreich, [&hellip;]<\/p>\n","protected":false},"author":519,"featured_media":107873,"comment_status":"open","ping_status":"open","sticky":false,"template":"","format":"standard","meta":{"_acf_changed":false,"wl_entities_gutenberg":"","_wl_entity_redirect_enabled":"","footnotes":""},"categories":[7551],"tags":[],"wl_entity_type":[306],"monatsauswahl":[88],"class_list":["post-107872","post","type-post","status-publish","format-standard","has-post-thumbnail","hentry","category-archiv","wl_entity_type-article","monatsauswahl-monat_7"],"acf":[],"yoast_head":"<!-- This site is optimized with the Yoast SEO Premium plugin v27.4 (Yoast SEO v27.4) - https:\/\/yoast.com\/product\/yoast-seo-premium-wordpress\/ -->\n<title>Marcel Hirscher kehrt zur\u00fcck zu seinen Wurzeln - SalzburgerLand Magazin<\/title>\n<meta name=\"description\" content=\"Was wohl die Wenigsten wissen: Marcel Hirscher ist auf einer Alm aufgewachsen, seine Eltern waren einst H\u00fcttenwirte auf der Stuhlalm im SalzburgerLand. Jetzt kehrte der Ski-Held zu seinen Wurzeln zur\u00fcck: beim allj\u00e4hrlichen Medientag zeigte er den Journalisten \u201eseine\u201c Alm und verw\u00f6hnte sie mit dem \u201ebesten Kaiserschmarrn der Welt\u201c. Mehr als 30 Medienvertreter aus Deutschland, Frankreich, [&hellip;]\" \/>\n<meta name=\"robots\" content=\"noindex, nofollow\" \/>\n<meta property=\"og:locale\" content=\"de_DE\" \/>\n<meta property=\"og:type\" content=\"article\" \/>\n<meta property=\"og:title\" content=\"Marcel Hirscher kehrt zur\u00fcck zu seinen Wurzeln\" \/>\n<meta property=\"og:description\" content=\"Was wohl die Wenigsten wissen: Marcel Hirscher ist auf einer Alm aufgewachsen, seine Eltern waren einst H\u00fcttenwirte auf der Stuhlalm im SalzburgerLand. Jetzt kehrte der Ski-Held zu seinen Wurzeln zur\u00fcck: beim allj\u00e4hrlichen Medientag zeigte er den Journalisten \u201eseine\u201c Alm und verw\u00f6hnte sie mit dem \u201ebesten Kaiserschmarrn der Welt\u201c. Mehr als 30 Medienvertreter aus Deutschland, Frankreich, [&hellip;]\" \/>\n<meta property=\"og:url\" content=\"https:\/\/www.salzburgerland.com\/de\/magazin\/marcel-hirscher-kehrt-zurueck-zu-seinen-wurzeln\/\" \/>\n<meta property=\"og:site_name\" content=\"SalzburgerLand Magazin\" \/>\n<meta property=\"article:publisher\" content=\"https:\/\/www.facebook.com\/salzburgerland\/\" \/>\n<meta property=\"article:published_time\" content=\"2016-07-22T17:39:29+00:00\" \/>\n<meta property=\"article:modified_time\" content=\"2023-06-22T07:00:28+00:00\" \/>\n<meta property=\"og:image\" content=\"https:\/\/www.salzburgerland.com\/de\/magazin\/wp-content\/uploads\/2016\/07\/SLT_Medienevent_Hirscher_1.jpg\" \/>\n\t<meta property=\"og:image:width\" content=\"1600\" \/>\n\t<meta property=\"og:image:height\" content=\"1067\" \/>\n\t<meta property=\"og:image:type\" content=\"image\/jpeg\" \/>\n<meta name=\"author\" content=\"SalzburgerLand Redaktion\" \/>\n<meta name=\"twitter:card\" content=\"summary_large_image\" \/>\n<meta name=\"twitter:creator\" content=\"@Salzburgerland\" \/>\n<meta name=\"twitter:site\" content=\"@Salzburgerland\" \/>\n<meta name=\"twitter:label1\" content=\"Verfasst von\" \/>\n\t<meta name=\"twitter:data1\" content=\"SalzburgerLand Redaktion\" \/>\n\t<meta name=\"twitter:label2\" content=\"Gesch\u00e4tzte Lesezeit\" \/>\n\t<meta name=\"twitter:data2\" content=\"2\u00a0Minuten\" \/>\n<script type=\"application\/ld+json\" class=\"yoast-schema-graph\">{\"@context\":\"https:\\\/\\\/schema.org\",\"@graph\":[{\"@type\":\"Article\",\"@id\":\"https:\\\/\\\/www.salzburgerland.com\\\/de\\\/magazin\\\/marcel-hirscher-kehrt-zurueck-zu-seinen-wurzeln\\\/#article\",\"isPartOf\":{\"@id\":\"https:\\\/\\\/www.salzburgerland.com\\\/de\\\/magazin\\\/marcel-hirscher-kehrt-zurueck-zu-seinen-wurzeln\\\/\"},\"author\":{\"name\":\"SalzburgerLand Redaktion\",\"@id\":\"https:\\\/\\\/www.salzburgerland.com\\\/de\\\/magazin\\\/#\\\/schema\\\/person\\\/349c9c85bed4ea156e4b5f3fc5777e1a\"},\"headline\":\"Marcel Hirscher kehrt zur\u00fcck zu seinen Wurzeln\",\"datePublished\":\"2016-07-22T17:39:29+00:00\",\"dateModified\":\"2023-06-22T07:00:28+00:00\",\"mainEntityOfPage\":{\"@id\":\"https:\\\/\\\/www.salzburgerland.com\\\/de\\\/magazin\\\/marcel-hirscher-kehrt-zurueck-zu-seinen-wurzeln\\\/\"},\"wordCount\":379,\"commentCount\":0,\"publisher\":{\"@id\":\"https:\\\/\\\/www.salzburgerland.com\\\/de\\\/magazin\\\/#organization\"},\"image\":{\"@id\":\"https:\\\/\\\/www.salzburgerland.com\\\/de\\\/magazin\\\/marcel-hirscher-kehrt-zurueck-zu-seinen-wurzeln\\\/#primaryimage\"},\"thumbnailUrl\":\"https:\\\/\\\/www.salzburgerland.com\\\/de\\\/magazin\\\/wp-content\\\/uploads\\\/2016\\\/07\\\/SLT_Medienevent_Hirscher_1.jpg\",\"articleSection\":[\"Archiv\"],\"inLanguage\":\"de\",\"potentialAction\":[{\"@type\":\"CommentAction\",\"name\":\"Comment\",\"target\":[\"https:\\\/\\\/www.salzburgerland.com\\\/de\\\/magazin\\\/marcel-hirscher-kehrt-zurueck-zu-seinen-wurzeln\\\/#respond\"]}]},{\"@type\":\"WebPage\",\"@id\":\"https:\\\/\\\/www.salzburgerland.com\\\/de\\\/magazin\\\/marcel-hirscher-kehrt-zurueck-zu-seinen-wurzeln\\\/\",\"url\":\"https:\\\/\\\/www.salzburgerland.com\\\/de\\\/magazin\\\/marcel-hirscher-kehrt-zurueck-zu-seinen-wurzeln\\\/\",\"name\":\"Marcel Hirscher kehrt zur\u00fcck zu seinen Wurzeln - SalzburgerLand Magazin\",\"isPartOf\":{\"@id\":\"https:\\\/\\\/www.salzburgerland.com\\\/de\\\/magazin\\\/#website\"},\"primaryImageOfPage\":{\"@id\":\"https:\\\/\\\/www.salzburgerland.com\\\/de\\\/magazin\\\/marcel-hirscher-kehrt-zurueck-zu-seinen-wurzeln\\\/#primaryimage\"},\"image\":{\"@id\":\"https:\\\/\\\/www.salzburgerland.com\\\/de\\\/magazin\\\/marcel-hirscher-kehrt-zurueck-zu-seinen-wurzeln\\\/#primaryimage\"},\"thumbnailUrl\":\"https:\\\/\\\/www.salzburgerland.com\\\/de\\\/magazin\\\/wp-content\\\/uploads\\\/2016\\\/07\\\/SLT_Medienevent_Hirscher_1.jpg\",\"datePublished\":\"2016-07-22T17:39:29+00:00\",\"dateModified\":\"2023-06-22T07:00:28+00:00\",\"breadcrumb\":{\"@id\":\"https:\\\/\\\/www.salzburgerland.com\\\/de\\\/magazin\\\/marcel-hirscher-kehrt-zurueck-zu-seinen-wurzeln\\\/#breadcrumb\"},\"inLanguage\":\"de\",\"potentialAction\":[{\"@type\":\"ReadAction\",\"target\":[\"https:\\\/\\\/www.salzburgerland.com\\\/de\\\/magazin\\\/marcel-hirscher-kehrt-zurueck-zu-seinen-wurzeln\\\/\"]}]},{\"@type\":\"ImageObject\",\"inLanguage\":\"de\",\"@id\":\"https:\\\/\\\/www.salzburgerland.com\\\/de\\\/magazin\\\/marcel-hirscher-kehrt-zurueck-zu-seinen-wurzeln\\\/#primaryimage\",\"url\":\"https:\\\/\\\/www.salzburgerland.com\\\/de\\\/magazin\\\/wp-content\\\/uploads\\\/2016\\\/07\\\/SLT_Medienevent_Hirscher_1.jpg\",\"contentUrl\":\"https:\\\/\\\/www.salzburgerland.com\\\/de\\\/magazin\\\/wp-content\\\/uploads\\\/2016\\\/07\\\/SLT_Medienevent_Hirscher_1.jpg\",\"width\":1600,\"height\":1067,\"caption\":\"Mann mit Sonnenbrille und M\u00fctze, der in die Kamera l\u00e4chelt, mit einer Gruppe von Menschen und der Natur im Hintergrund.\"},{\"@type\":\"BreadcrumbList\",\"@id\":\"https:\\\/\\\/www.salzburgerland.com\\\/de\\\/magazin\\\/marcel-hirscher-kehrt-zurueck-zu-seinen-wurzeln\\\/#breadcrumb\",\"itemListElement\":[{\"@type\":\"ListItem\",\"position\":1,\"name\":\"Startseite\",\"item\":\"https:\\\/\\\/www.salzburgerland.com\\\/de\\\/magazin\\\/\"},{\"@type\":\"ListItem\",\"position\":2,\"name\":\"Archiv\",\"item\":\"https:\\\/\\\/www.salzburgerland.com\\\/de\\\/magazin\\\/thema\\\/archiv\\\/\"},{\"@type\":\"ListItem\",\"position\":3,\"name\":\"Marcel Hirscher kehrt zur\u00fcck zu seinen Wurzeln\"}]},{\"@type\":\"WebSite\",\"@id\":\"https:\\\/\\\/www.salzburgerland.com\\\/de\\\/magazin\\\/#website\",\"url\":\"https:\\\/\\\/www.salzburgerland.com\\\/de\\\/magazin\\\/\",\"name\":\"SalzburgerLand Magazin\",\"description\":\"Geschichten und Interessantes aus dem SalzburgerLand\",\"publisher\":{\"@id\":\"https:\\\/\\\/www.salzburgerland.com\\\/de\\\/magazin\\\/#organization\"},\"potentialAction\":[{\"@type\":\"SearchAction\",\"target\":{\"@type\":\"EntryPoint\",\"urlTemplate\":\"https:\\\/\\\/www.salzburgerland.com\\\/de\\\/magazin\\\/?s={search_term_string}\"},\"query-input\":{\"@type\":\"PropertyValueSpecification\",\"valueRequired\":true,\"valueName\":\"search_term_string\"}}],\"inLanguage\":\"de\"},{\"@type\":\"Organization\",\"@id\":\"https:\\\/\\\/www.salzburgerland.com\\\/de\\\/magazin\\\/#organization\",\"name\":\"SalzburgerLand Tourismus\",\"url\":\"https:\\\/\\\/www.salzburgerland.com\\\/de\\\/magazin\\\/\",\"logo\":{\"@type\":\"ImageObject\",\"inLanguage\":\"de\",\"@id\":\"https:\\\/\\\/www.salzburgerland.com\\\/de\\\/magazin\\\/#\\\/schema\\\/logo\\\/image\\\/\",\"url\":\"https:\\\/\\\/www.salzburgerland.com\\\/de\\\/magazin\\\/wp-content\\\/uploads\\\/2019\\\/06\\\/salzburgerland-logo1.jpg\",\"contentUrl\":\"https:\\\/\\\/www.salzburgerland.com\\\/de\\\/magazin\\\/wp-content\\\/uploads\\\/2019\\\/06\\\/salzburgerland-logo1.jpg\",\"width\":2011,\"height\":866,\"caption\":\"SalzburgerLand Tourismus\"},\"image\":{\"@id\":\"https:\\\/\\\/www.salzburgerland.com\\\/de\\\/magazin\\\/#\\\/schema\\\/logo\\\/image\\\/\"},\"sameAs\":[\"https:\\\/\\\/www.facebook.com\\\/salzburgerland\\\/\",\"https:\\\/\\\/x.com\\\/Salzburgerland\",\"https:\\\/\\\/www.instagram.com\\\/salzburgerland\\\/\",\"https:\\\/\\\/at.linkedin.com\\\/company\\\/salzburgerland-tourismus-gmbh\",\"https:\\\/\\\/www.pinterest.at\\\/salzburgerland\\\/\",\"https:\\\/\\\/www.youtube.com\\\/user\\\/salzburgerland\",\"https:\\\/\\\/de.wikipedia.org\\\/wiki\\\/SalzburgerLand_Tourismus_GmbH\"]},{\"@type\":\"Person\",\"@id\":\"https:\\\/\\\/www.salzburgerland.com\\\/de\\\/magazin\\\/#\\\/schema\\\/person\\\/349c9c85bed4ea156e4b5f3fc5777e1a\",\"name\":\"SalzburgerLand Redaktion\",\"url\":\"https:\\\/\\\/www.salzburgerland.com\\\/de\\\/magazin\\\/author\\\/redaktion\\\/\"}]}<\/script>\n<meta property=\"og:video\" content=\"https:\/\/www.youtube.com\/embed\/2V2mVlXcleg\" \/>\n<meta property=\"og:video:type\" content=\"text\/html\" \/>\n<meta property=\"og:video:duration\" content=\"107\" \/>\n<meta property=\"og:video:width\" content=\"480\" \/>\n<meta property=\"og:video:height\" content=\"270\" \/>\n<meta property=\"ya:ovs:adult\" content=\"false\" \/>\n<meta property=\"ya:ovs:upload_date\" content=\"2016-07-22T17:39:29+00:00\" \/>\n<meta property=\"ya:ovs:allow_embed\" content=\"true\" \/>\n<!-- \/ Yoast SEO Premium plugin. -->","yoast_head_json":{"title":"Marcel Hirscher kehrt zur\u00fcck zu seinen Wurzeln - SalzburgerLand Magazin","description":"Was wohl die Wenigsten wissen: Marcel Hirscher ist auf einer Alm aufgewachsen, seine Eltern waren einst H\u00fcttenwirte auf der Stuhlalm im SalzburgerLand. Jetzt kehrte der Ski-Held zu seinen Wurzeln zur\u00fcck: beim allj\u00e4hrlichen Medientag zeigte er den Journalisten \u201eseine\u201c Alm und verw\u00f6hnte sie mit dem \u201ebesten Kaiserschmarrn der Welt\u201c. Mehr als 30 Medienvertreter aus Deutschland, Frankreich, [&hellip;]","robots":{"index":"noindex","follow":"nofollow"},"og_locale":"de_DE","og_type":"article","og_title":"Marcel Hirscher kehrt zur\u00fcck zu seinen Wurzeln","og_description":"Was wohl die Wenigsten wissen: Marcel Hirscher ist auf einer Alm aufgewachsen, seine Eltern waren einst H\u00fcttenwirte auf der Stuhlalm im SalzburgerLand. Jetzt kehrte der Ski-Held zu seinen Wurzeln zur\u00fcck: beim allj\u00e4hrlichen Medientag zeigte er den Journalisten \u201eseine\u201c Alm und verw\u00f6hnte sie mit dem \u201ebesten Kaiserschmarrn der Welt\u201c. Mehr als 30 Medienvertreter aus Deutschland, Frankreich, [&hellip;]","og_url":"https:\/\/www.salzburgerland.com\/de\/magazin\/marcel-hirscher-kehrt-zurueck-zu-seinen-wurzeln\/","og_site_name":"SalzburgerLand Magazin","article_publisher":"https:\/\/www.facebook.com\/salzburgerland\/","article_published_time":"2016-07-22T17:39:29+00:00","article_modified_time":"2023-06-22T07:00:28+00:00","og_image":[{"width":1600,"height":1067,"url":"https:\/\/www.salzburgerland.com\/de\/magazin\/wp-content\/uploads\/2016\/07\/SLT_Medienevent_Hirscher_1.jpg","type":"image\/jpeg"}],"author":"SalzburgerLand Redaktion","twitter_card":"summary_large_image","twitter_creator":"@Salzburgerland","twitter_site":"@Salzburgerland","twitter_misc":{"Verfasst von":"SalzburgerLand Redaktion","Gesch\u00e4tzte Lesezeit":"2\u00a0Minuten"},"schema":{"@context":"https:\/\/schema.org","@graph":[{"@type":"Article","@id":"https:\/\/www.salzburgerland.com\/de\/magazin\/marcel-hirscher-kehrt-zurueck-zu-seinen-wurzeln\/#article","isPartOf":{"@id":"https:\/\/www.salzburgerland.com\/de\/magazin\/marcel-hirscher-kehrt-zurueck-zu-seinen-wurzeln\/"},"author":{"name":"SalzburgerLand Redaktion","@id":"https:\/\/www.salzburgerland.com\/de\/magazin\/#\/schema\/person\/349c9c85bed4ea156e4b5f3fc5777e1a"},"headline":"Marcel Hirscher kehrt zur\u00fcck zu seinen Wurzeln","datePublished":"2016-07-22T17:39:29+00:00","dateModified":"2023-06-22T07:00:28+00:00","mainEntityOfPage":{"@id":"https:\/\/www.salzburgerland.com\/de\/magazin\/marcel-hirscher-kehrt-zurueck-zu-seinen-wurzeln\/"},"wordCount":379,"commentCount":0,"publisher":{"@id":"https:\/\/www.salzburgerland.com\/de\/magazin\/#organization"},"image":{"@id":"https:\/\/www.salzburgerland.com\/de\/magazin\/marcel-hirscher-kehrt-zurueck-zu-seinen-wurzeln\/#primaryimage"},"thumbnailUrl":"https:\/\/www.salzburgerland.com\/de\/magazin\/wp-content\/uploads\/2016\/07\/SLT_Medienevent_Hirscher_1.jpg","articleSection":["Archiv"],"inLanguage":"de","potentialAction":[{"@type":"CommentAction","name":"Comment","target":["https:\/\/www.salzburgerland.com\/de\/magazin\/marcel-hirscher-kehrt-zurueck-zu-seinen-wurzeln\/#respond"]}]},{"@type":"WebPage","@id":"https:\/\/www.salzburgerland.com\/de\/magazin\/marcel-hirscher-kehrt-zurueck-zu-seinen-wurzeln\/","url":"https:\/\/www.salzburgerland.com\/de\/magazin\/marcel-hirscher-kehrt-zurueck-zu-seinen-wurzeln\/","name":"Marcel Hirscher kehrt zur\u00fcck zu seinen Wurzeln - SalzburgerLand Magazin","isPartOf":{"@id":"https:\/\/www.salzburgerland.com\/de\/magazin\/#website"},"primaryImageOfPage":{"@id":"https:\/\/www.salzburgerland.com\/de\/magazin\/marcel-hirscher-kehrt-zurueck-zu-seinen-wurzeln\/#primaryimage"},"image":{"@id":"https:\/\/www.salzburgerland.com\/de\/magazin\/marcel-hirscher-kehrt-zurueck-zu-seinen-wurzeln\/#primaryimage"},"thumbnailUrl":"https:\/\/www.salzburgerland.com\/de\/magazin\/wp-content\/uploads\/2016\/07\/SLT_Medienevent_Hirscher_1.jpg","datePublished":"2016-07-22T17:39:29+00:00","dateModified":"2023-06-22T07:00:28+00:00","breadcrumb":{"@id":"https:\/\/www.salzburgerland.com\/de\/magazin\/marcel-hirscher-kehrt-zurueck-zu-seinen-wurzeln\/#breadcrumb"},"inLanguage":"de","potentialAction":[{"@type":"ReadAction","target":["https:\/\/www.salzburgerland.com\/de\/magazin\/marcel-hirscher-kehrt-zurueck-zu-seinen-wurzeln\/"]}]},{"@type":"ImageObject","inLanguage":"de","@id":"https:\/\/www.salzburgerland.com\/de\/magazin\/marcel-hirscher-kehrt-zurueck-zu-seinen-wurzeln\/#primaryimage","url":"https:\/\/www.salzburgerland.com\/de\/magazin\/wp-content\/uploads\/2016\/07\/SLT_Medienevent_Hirscher_1.jpg","contentUrl":"https:\/\/www.salzburgerland.com\/de\/magazin\/wp-content\/uploads\/2016\/07\/SLT_Medienevent_Hirscher_1.jpg","width":1600,"height":1067,"caption":"Mann mit Sonnenbrille und M\u00fctze, der in die Kamera l\u00e4chelt, mit einer Gruppe von Menschen und der Natur im Hintergrund."},{"@type":"BreadcrumbList","@id":"https:\/\/www.salzburgerland.com\/de\/magazin\/marcel-hirscher-kehrt-zurueck-zu-seinen-wurzeln\/#breadcrumb","itemListElement":[{"@type":"ListItem","position":1,"name":"Startseite","item":"https:\/\/www.salzburgerland.com\/de\/magazin\/"},{"@type":"ListItem","position":2,"name":"Archiv","item":"https:\/\/www.salzburgerland.com\/de\/magazin\/thema\/archiv\/"},{"@type":"ListItem","position":3,"name":"Marcel Hirscher kehrt zur\u00fcck zu seinen Wurzeln"}]},{"@type":"WebSite","@id":"https:\/\/www.salzburgerland.com\/de\/magazin\/#website","url":"https:\/\/www.salzburgerland.com\/de\/magazin\/","name":"SalzburgerLand Magazin","description":"Geschichten und Interessantes aus dem SalzburgerLand","publisher":{"@id":"https:\/\/www.salzburgerland.com\/de\/magazin\/#organization"},"potentialAction":[{"@type":"SearchAction","target":{"@type":"EntryPoint","urlTemplate":"https:\/\/www.salzburgerland.com\/de\/magazin\/?s={search_term_string}"},"query-input":{"@type":"PropertyValueSpecification","valueRequired":true,"valueName":"search_term_string"}}],"inLanguage":"de"},{"@type":"Organization","@id":"https:\/\/www.salzburgerland.com\/de\/magazin\/#organization","name":"SalzburgerLand Tourismus","url":"https:\/\/www.salzburgerland.com\/de\/magazin\/","logo":{"@type":"ImageObject","inLanguage":"de","@id":"https:\/\/www.salzburgerland.com\/de\/magazin\/#\/schema\/logo\/image\/","url":"https:\/\/www.salzburgerland.com\/de\/magazin\/wp-content\/uploads\/2019\/06\/salzburgerland-logo1.jpg","contentUrl":"https:\/\/www.salzburgerland.com\/de\/magazin\/wp-content\/uploads\/2019\/06\/salzburgerland-logo1.jpg","width":2011,"height":866,"caption":"SalzburgerLand Tourismus"},"image":{"@id":"https:\/\/www.salzburgerland.com\/de\/magazin\/#\/schema\/logo\/image\/"},"sameAs":["https:\/\/www.facebook.com\/salzburgerland\/","https:\/\/x.com\/Salzburgerland","https:\/\/www.instagram.com\/salzburgerland\/","https:\/\/at.linkedin.com\/company\/salzburgerland-tourismus-gmbh","https:\/\/www.pinterest.at\/salzburgerland\/","https:\/\/www.youtube.com\/user\/salzburgerland","https:\/\/de.wikipedia.org\/wiki\/SalzburgerLand_Tourismus_GmbH"]},{"@type":"Person","@id":"https:\/\/www.salzburgerland.com\/de\/magazin\/#\/schema\/person\/349c9c85bed4ea156e4b5f3fc5777e1a","name":"SalzburgerLand Redaktion","url":"https:\/\/www.salzburgerland.com\/de\/magazin\/author\/redaktion\/"}]},"og_video":"https:\/\/www.youtube.com\/embed\/2V2mVlXcleg","og_video_type":"text\/html","og_video_duration":"107","og_video_width":"480","og_video_height":"270","ya_ovs_adult":"false","ya_ovs_upload_date":"2016-07-22T17:39:29+00:00","ya_ovs_allow_embed":"true"},"_wl_alt_label":[],"wl:entity_url":"http:\/\/open.salzburgerland.com\/magazin\/post\/marcel_hirscher_kehrt_zurueck_zu_seinen_wurzeln","_links":{"self":[{"href":"https:\/\/www.salzburgerland.com\/de\/magazin\/wp-json\/wp\/v2\/posts\/107872","targetHints":{"allow":["GET"]}}],"collection":[{"href":"https:\/\/www.salzburgerland.com\/de\/magazin\/wp-json\/wp\/v2\/posts"}],"about":[{"href":"https:\/\/www.salzburgerland.com\/de\/magazin\/wp-json\/wp\/v2\/types\/post"}],"author":[{"embeddable":true,"href":"https:\/\/www.salzburgerland.com\/de\/magazin\/wp-json\/wp\/v2\/users\/519"}],"replies":[{"embeddable":true,"href":"https:\/\/www.salzburgerland.com\/de\/magazin\/wp-json\/wp\/v2\/comments?post=107872"}],"version-history":[{"count":1,"href":"https:\/\/www.salzburgerland.com\/de\/magazin\/wp-json\/wp\/v2\/posts\/107872\/revisions"}],"predecessor-version":[{"id":167716,"href":"https:\/\/www.salzburgerland.com\/de\/magazin\/wp-json\/wp\/v2\/posts\/107872\/revisions\/167716"}],"wp:featuredmedia":[{"embeddable":true,"href":"https:\/\/www.salzburgerland.com\/de\/magazin\/wp-json\/wp\/v2\/media\/107873"}],"wp:attachment":[{"href":"https:\/\/www.salzburgerland.com\/de\/magazin\/wp-json\/wp\/v2\/media?parent=107872"}],"wp:term":[{"taxonomy":"category","embeddable":true,"href":"https:\/\/www.salzburgerland.com\/de\/magazin\/wp-json\/wp\/v2\/categories?post=107872"},{"taxonomy":"post_tag","embeddable":true,"href":"https:\/\/www.salzburgerland.com\/de\/magazin\/wp-json\/wp\/v2\/tags?post=107872"},{"taxonomy":"wl_entity_type","embeddable":true,"href":"https:\/\/www.salzburgerland.com\/de\/magazin\/wp-json\/wp\/v2\/wl_entity_type?post=107872"},{"taxonomy":"monatsauswahl","embeddable":true,"href":"https:\/\/www.salzburgerland.com\/de\/magazin\/wp-json\/wp\/v2\/monatsauswahl?post=107872"}],"curies":[{"name":"wp","href":"https:\/\/api.w.org\/{rel}","templated":true}]}}