{"id":107569,"date":"2016-07-26T11:28:59","date_gmt":"2016-07-26T09:28:59","guid":{"rendered":"http:\/\/magazin.salzburgerland.com\/?p=107569"},"modified":"2024-08-01T13:44:01","modified_gmt":"2024-08-01T11:44:01","slug":"salbei-dill-und-totengruen","status":"publish","type":"post","link":"https:\/\/www.salzburgerland.com\/de\/magazin\/salbei-dill-und-totengruen\/","title":{"rendered":"Mit Kr\u00e4utern Morde l\u00f6sen"},"content":{"rendered":"<p><strong>Kr\u00e4uter spielen in den Salzburg-Krimis &#8222;Blutkraut, Wermut, Teufelskralle&#8220; und &#8220; Salbei, Dill und Totengr\u00fcn&#8220; bei der Aufl\u00f6sung von Morden eine wesentliche Rolle. Der\u00a0 <a href=\"http:\/\/www.m-baumann.at\/\">Salzburger Autor, Regisseur und Kabarettist Manfred Baumann<\/a> hat sie geschrieben. In jeder seiner ungew\u00f6hnlichen Kurzgeschichten spielen Kr\u00e4uter eine w\u00fcrzig-wahrheitstreibende Rolle.<\/strong><\/p>\n<p><img loading=\"lazy\" decoding=\"async\" class=\"wp-image-116680 size-singlePost aligncenter\" src=\"https:\/\/www.salzburgerland.com\/de\/magazin\/wp-content\/uploads\/2016\/07\/Buch-Manfred-Baumann-374x435.jpg\" alt=\"\" width=\"374\" height=\"435\" \/><\/p>\n<p>Der Duft von Nachtviole, Muskatellersalbei und Lavendel str\u00f6men Pater Pater Quendal in die Nase als er n\u00e4chtens durch den Klostergarten wandert. Doch die Idylle des lauen Sommerabends wird je gest\u00f6rt: Ein Polizist taucht auf und bittet den Ordensmann bei der Aufkl\u00e4rung eines Mordes zu helfen. Ein Mann wurde erstochen. Das \u00fcberlieferte Wissen um die Kraft von Pflanzen \u00f6ffnet Gwendal schlie\u00dflich den Weg zur verbl\u00fcffenden L\u00f6sung des Falles.<\/p>\n<p>&#8222;Blutkraut, Wermut und Teufelskralle&#8220; (<a href=\"http:\/\/www.gmeiner-verlag.de\/\">Gmeiner Verlag<\/a>) ist der zweite Kr\u00e4uterkrimi den Manfred Baumann geschrieben hat. Pater Quendal &#8211; ein Benediktinerm\u00f6nch &#8211; l\u00f6st in sechs Kr\u00e4uterkrimis mit Titeln wie &#8222;Liebst\u00f6ckl&#8220;, &#8222;Wermut&#8220; und Teufelskralle&#8220; die Mordf\u00e4lle. Eine wesentliche Rolle f\u00fcr die L\u00f6sung der F\u00e4lle spielen dabei Kr\u00e4uter: Als L\u00f6sungshilfe, als Waffe oder als Vorliebe eines Protagonisten. &#8222;Die Krimis sind ganz unterschiedliche Erz\u00e4hlungen mit unterschiedlichem stilistischen Zugang. Mal ist es eine Mafiageschichte, mal eine Entf\u00fchrung und mal eine Wer-Wars-Geschichte&#8220;, sagt Manfred Baumann.<\/p>\n<p><strong>Benediktinerm\u00f6nch und Kr\u00e4uterwissen<br \/>\n<\/strong>In seinem ersten Kr\u00e4uterkrimi &#8222;Salbei, Dill und Totengr\u00fcn&#8220; spielen der Benediktinerm\u00f6nch und Kr\u00e4uter eine ebenso wichtige Rolle. Auch diese neun Krimis sind kurzweilig zu lesen und bieten viel Information \u00fcber Heilwirkungen verschiedener Pflanzen und ihre Geschichte. So hei\u00dft es etwa in der ersten Kurzgeschichte mit dem Titel &#8222;Salbei&#8220;:\u00a0 &#8230; &#8222;Der Spruch aus einem mittelalterlichen Gesundheitsbuch viel ihm ein: Warum sollte ein Mensch sterben in dessen Garten Salbei w\u00e4chst?&#8220; Im Kurzkrimi &#8222;Dill&#8220; mengt der beste Sieben-Hauben-Hobbykoch aller Zeiten seinem Nebenbuhler Aconitum &#8211; das Gift des Eisenhutes &#8211; ins Essen. Der Hobbykoch ist von Dill fasziniert. Er zitiert einen alten Spruch: &#8222;Ich habe Senf und Dill, mein Mann muss tun, was ich will.&#8220;<\/p>\n<p><strong>Kr\u00e4uter faszinieren<\/strong><br \/>\n&#8222;Salbei, Dill und Totengr\u00fcn&#8220; ist der siebente Krimi den der Autor, Regisseur und Kabarettist Manfred Baumann geschrieben hat. &#8222;Manchmal fliegt einem im Leben etwas zu, und dann muss man es nehmen. Es war schon fast \u201aunheimlich\u2018, wie sich mir im vergangenen Jahr Kr\u00e4uter \u201aaufgedr\u00e4ngt\u2018 haben: Salbei, Baldrian, Minze, Ringelblumen, Thymian\u2026&#8220;. Da gab es f\u00fcr Baumann zum Beispiel gleich zwei Einladungen zu Moderationen von zwei &#8222;Kr\u00e4utergipfeln&#8220; mit namhaften Experten. Und es gab und gibt die Planung eines gro\u00dfen Musikfestivals unter dem Motto &#8222;Kr\u00e4uterkraft und Musikantenzauber&#8220;.<\/p>\n<p>Als Baumann von einem der Gipfel heimfuhr, von einer Veranstaltung im <a href=\"http:\/\/www.europakloster.com\/\">Europakloster Gut Aich<\/a>, bei der das ehrw\u00fcrdige Geb\u00e4ude in St. Gilgen fast aus den N\u00e4hten platzte kam ihm der Gedanke: &#8222;Gibt es eigentlich \u201aKr\u00e4uter-Krimis\u2018? Also nicht einfach Krimis, in der jemand ein Kraut einsetzt, um einen unliebsamen Zeitgenossen ins Jenseits zu bef\u00f6rdern, sondern als \u201aKr\u00e4uter-Krimis\u2018 ausgewiesene Geschichten?&#8220; Er recherchierte. &#8222;Nein, gibt es nicht. Bisher. Jetzt gibt es sie, \u2013 meine!&#8220;<\/p>\n<p>Bei seinen\u00a0Recherchen lernte der Salzburger nicht nur viel \u00fcber Kr\u00e4uter, es kam auch zu manch wunderbarer Begegnung. So traf er den Gr\u00fcnder von SONNENTOR <a href=\"https:\/\/www.sonnentor.com\/de-at\/ueber-uns\/geschichte\" target=\"_blank\" rel=\"noopener\"><strong>Johannes Gutmann<\/strong><\/a> und <strong>Pater Johannes Pausch<\/strong>. &#8222;Der Prior des Europaklosters Aich in St. Gilgen ist nicht nur ein ungew\u00f6hnlicher M\u00f6nch, Psychotherapeut und begnadeter Entertainer, er ist auch ein Born an Wissen \u00fcber Kr\u00e4uter, gefragter Referent und Autor einiger Kr\u00e4uterb\u00fccher&#8220;, ist Baumann begeistert.<\/p>\n<div class=\"mag-gallery\"><div class=\"row\"><div class=\"col-6 col-sm-4\"><figure><a class=\"thumb-container\" href=\"https:\/\/www.salzburgerland.com\/de\/magazin\/wp-content\/uploads\/2016\/07\/Baldrianblute-1280x1024.jpg\">\t<picture><source media=\"(min-width: 576px)\" srcset=\"https:\/\/www.salzburgerland.com\/de\/magazin\/wp-content\/uploads\/2016\/07\/Baldrianblute-325x209.jpg 325w, https:\/\/www.salzburgerland.com\/de\/magazin\/wp-content\/uploads\/2016\/07\/Baldrianblute-249x160.jpg 249w\" \/><source media=\"(min-width: 0)\" srcset=\"https:\/\/www.salzburgerland.com\/de\/magazin\/wp-content\/uploads\/2016\/07\/Baldrianblute-249x160.jpg 249w, https:\/\/www.salzburgerland.com\/de\/magazin\/wp-content\/uploads\/2016\/07\/Baldrianblute-325x209.jpg 325w\" \/><img decoding=\"async\" alt=\"Cluster kleiner, blassrosa Bl\u00fcten, die im Freien vor einem verschwommenen gr\u00fcnen und gelben Hintergrund bl\u00fchen.\" src=\"https:\/\/www.salzburgerland.com\/de\/magazin\/wp-content\/uploads\/2016\/07\/Baldrianblute.jpg\" \/>\t<\/picture><\/a><\/figure><\/div><div class=\"col-6 col-sm-4\"><figure><a class=\"thumb-container\" href=\"https:\/\/www.salzburgerland.com\/de\/magazin\/wp-content\/uploads\/2016\/07\/Salbei-1280x1024.jpg\">\t<picture><source media=\"(min-width: 576px)\" srcset=\"https:\/\/www.salzburgerland.com\/de\/magazin\/wp-content\/uploads\/2016\/07\/Salbei-325x209.jpg 325w, https:\/\/www.salzburgerland.com\/de\/magazin\/wp-content\/uploads\/2016\/07\/Salbei-249x160.jpg 249w\" \/><source media=\"(min-width: 0)\" srcset=\"https:\/\/www.salzburgerland.com\/de\/magazin\/wp-content\/uploads\/2016\/07\/Salbei-249x160.jpg 249w, https:\/\/www.salzburgerland.com\/de\/magazin\/wp-content\/uploads\/2016\/07\/Salbei-325x209.jpg 325w\" \/><img decoding=\"async\" alt=\"Nahaufnahme von gr\u00fcnen Salbeibl\u00e4ttern und -st\u00e4ngeln in einem Garten mit unscharfem Laub im Hintergrund.\" src=\"https:\/\/www.salzburgerland.com\/de\/magazin\/wp-content\/uploads\/2016\/07\/Salbei.jpg\" \/>\t<\/picture><\/a><\/figure><\/div><div class=\"col-6 col-sm-4\"><figure><a class=\"thumb-container\" href=\"https:\/\/www.salzburgerland.com\/de\/magazin\/wp-content\/uploads\/2016\/07\/Thymian-1280x1024.jpg\">\t<picture><source media=\"(min-width: 576px)\" srcset=\"https:\/\/www.salzburgerland.com\/de\/magazin\/wp-content\/uploads\/2016\/07\/Thymian-325x209.jpg 325w, https:\/\/www.salzburgerland.com\/de\/magazin\/wp-content\/uploads\/2016\/07\/Thymian-249x160.jpg 249w\" \/><source media=\"(min-width: 0)\" srcset=\"https:\/\/www.salzburgerland.com\/de\/magazin\/wp-content\/uploads\/2016\/07\/Thymian-249x160.jpg 249w, https:\/\/www.salzburgerland.com\/de\/magazin\/wp-content\/uploads\/2016\/07\/Thymian-325x209.jpg 325w\" \/><img decoding=\"async\" alt=\"Nahaufnahme einer dichten Thymianpflanze mit kleinen gr\u00fcnen Bl\u00e4ttern und winzigen wei\u00dfen Bl\u00fcten.\" src=\"https:\/\/www.salzburgerland.com\/de\/magazin\/wp-content\/uploads\/2016\/07\/Thymian.jpg\" \/>\t<\/picture><\/a><\/figure><\/div><\/div><\/div><figcaption><\/figcaption>\n","protected":false},"excerpt":{"rendered":"<p>Kr\u00e4uter spielen in den Salzburg-Krimis &#8222;Blutkraut, Wermut, Teufelskralle&#8220; und &#8220; Salbei, Dill und Totengr\u00fcn&#8220; bei der Aufl\u00f6sung von Morden eine wesentliche Rolle. Der\u00a0 Salzburger Autor, Regisseur und Kabarettist Manfred Baumann hat sie geschrieben. In jeder seiner ungew\u00f6hnlichen Kurzgeschichten spielen Kr\u00e4uter eine w\u00fcrzig-wahrheitstreibende Rolle. Der Duft von Nachtviole, Muskatellersalbei und Lavendel str\u00f6men Pater Pater Quendal in [&hellip;]<\/p>\n","protected":false},"author":236,"featured_media":107592,"comment_status":"open","ping_status":"open","sticky":false,"template":"","format":"standard","meta":{"_acf_changed":false,"wl_entities_gutenberg":"","_wl_entity_redirect_enabled":"","footnotes":""},"categories":[6],"tags":[],"wl_entity_type":[306],"monatsauswahl":[],"class_list":["post-107569","post","type-post","status-publish","format-standard","has-post-thumbnail","hentry","category-kunst-kultur","wl_entity_type-article"],"acf":[],"yoast_head":"<!-- This site is optimized with the Yoast SEO Premium plugin v27.4 (Yoast SEO v27.4) - https:\/\/yoast.com\/product\/yoast-seo-premium-wordpress\/ -->\n<title>Mit Kr\u00e4utern Morde l\u00f6sen - SalzburgerLand Magazin<\/title>\n<meta name=\"description\" content=\"Kr\u00e4uter spielen in den Salzburg-Krimis &#8222;Blutkraut, Wermut, Teufelskralle&#8220; und &#8220; Salbei, Dill und Totengr\u00fcn&#8220; bei der Aufl\u00f6sung von Morden eine wesentliche Rolle. Der\u00a0 Salzburger Autor, Regisseur und Kabarettist Manfred Baumann hat sie geschrieben. In jeder seiner ungew\u00f6hnlichen Kurzgeschichten spielen Kr\u00e4uter eine w\u00fcrzig-wahrheitstreibende Rolle. Der Duft von Nachtviole, Muskatellersalbei und Lavendel str\u00f6men Pater Pater Quendal in [&hellip;]\" \/>\n<meta name=\"robots\" content=\"index, follow, max-snippet:-1, max-image-preview:large, max-video-preview:-1\" \/>\n<link rel=\"canonical\" href=\"https:\/\/www.salzburgerland.com\/de\/magazin\/salbei-dill-und-totengruen\/\" \/>\n<meta property=\"og:locale\" content=\"de_DE\" \/>\n<meta property=\"og:type\" content=\"article\" \/>\n<meta property=\"og:title\" content=\"Mit Kr\u00e4utern Morde l\u00f6sen\" \/>\n<meta property=\"og:description\" content=\"Kr\u00e4uter spielen in den Salzburg-Krimis &#8222;Blutkraut, Wermut, Teufelskralle&#8220; und &#8220; Salbei, Dill und Totengr\u00fcn&#8220; bei der Aufl\u00f6sung von Morden eine wesentliche Rolle. Der\u00a0 Salzburger Autor, Regisseur und Kabarettist Manfred Baumann hat sie geschrieben. In jeder seiner ungew\u00f6hnlichen Kurzgeschichten spielen Kr\u00e4uter eine w\u00fcrzig-wahrheitstreibende Rolle. Der Duft von Nachtviole, Muskatellersalbei und Lavendel str\u00f6men Pater Pater Quendal in [&hellip;]\" \/>\n<meta property=\"og:url\" content=\"https:\/\/www.salzburgerland.com\/de\/magazin\/salbei-dill-und-totengruen\/\" \/>\n<meta property=\"og:site_name\" content=\"SalzburgerLand Magazin\" \/>\n<meta property=\"article:publisher\" content=\"https:\/\/www.facebook.com\/salzburgerland\/\" \/>\n<meta property=\"article:published_time\" content=\"2016-07-26T09:28:59+00:00\" \/>\n<meta property=\"article:modified_time\" content=\"2024-08-01T11:44:01+00:00\" \/>\n<meta property=\"og:image\" content=\"https:\/\/www.salzburgerland.com\/de\/magazin\/wp-content\/uploads\/2016\/07\/krauterkrimi.jpg\" \/>\n\t<meta property=\"og:image:width\" content=\"2079\" \/>\n\t<meta property=\"og:image:height\" content=\"2081\" \/>\n\t<meta property=\"og:image:type\" content=\"image\/jpeg\" \/>\n<meta name=\"author\" content=\"Christine Fr\u00f6schl\" \/>\n<meta name=\"twitter:card\" content=\"summary_large_image\" \/>\n<meta name=\"twitter:creator\" content=\"@Salzburgerland\" \/>\n<meta name=\"twitter:site\" content=\"@Salzburgerland\" \/>\n<meta name=\"twitter:label1\" content=\"Verfasst von\" \/>\n\t<meta name=\"twitter:data1\" content=\"Christine Fr\u00f6schl\" \/>\n\t<meta name=\"twitter:label2\" content=\"Gesch\u00e4tzte Lesezeit\" \/>\n\t<meta name=\"twitter:data2\" content=\"4\u00a0Minuten\" \/>\n<script type=\"application\/ld+json\" class=\"yoast-schema-graph\">{\"@context\":\"https:\\\/\\\/schema.org\",\"@graph\":[{\"@type\":\"Article\",\"@id\":\"https:\\\/\\\/www.salzburgerland.com\\\/de\\\/magazin\\\/salbei-dill-und-totengruen\\\/#article\",\"isPartOf\":{\"@id\":\"https:\\\/\\\/www.salzburgerland.com\\\/de\\\/magazin\\\/salbei-dill-und-totengruen\\\/\"},\"author\":{\"name\":\"Christine Fr\u00f6schl\",\"@id\":\"https:\\\/\\\/www.salzburgerland.com\\\/de\\\/magazin\\\/#\\\/schema\\\/person\\\/7932db74f19d9640620859cb2b794c4e\"},\"headline\":\"Mit Kr\u00e4utern Morde l\u00f6sen\",\"datePublished\":\"2016-07-26T09:28:59+00:00\",\"dateModified\":\"2024-08-01T11:44:01+00:00\",\"mainEntityOfPage\":{\"@id\":\"https:\\\/\\\/www.salzburgerland.com\\\/de\\\/magazin\\\/salbei-dill-und-totengruen\\\/\"},\"wordCount\":587,\"commentCount\":0,\"publisher\":{\"@id\":\"https:\\\/\\\/www.salzburgerland.com\\\/de\\\/magazin\\\/#organization\"},\"image\":{\"@id\":\"https:\\\/\\\/www.salzburgerland.com\\\/de\\\/magazin\\\/salbei-dill-und-totengruen\\\/#primaryimage\"},\"thumbnailUrl\":\"https:\\\/\\\/www.salzburgerland.com\\\/de\\\/magazin\\\/wp-content\\\/uploads\\\/2016\\\/07\\\/krauterkrimi.jpg\",\"articleSection\":[\"Kunst &amp; Kultur\"],\"inLanguage\":\"de\",\"potentialAction\":[{\"@type\":\"CommentAction\",\"name\":\"Comment\",\"target\":[\"https:\\\/\\\/www.salzburgerland.com\\\/de\\\/magazin\\\/salbei-dill-und-totengruen\\\/#respond\"]}]},{\"@type\":\"WebPage\",\"@id\":\"https:\\\/\\\/www.salzburgerland.com\\\/de\\\/magazin\\\/salbei-dill-und-totengruen\\\/\",\"url\":\"https:\\\/\\\/www.salzburgerland.com\\\/de\\\/magazin\\\/salbei-dill-und-totengruen\\\/\",\"name\":\"Mit Kr\u00e4utern Morde l\u00f6sen - SalzburgerLand Magazin\",\"isPartOf\":{\"@id\":\"https:\\\/\\\/www.salzburgerland.com\\\/de\\\/magazin\\\/#website\"},\"primaryImageOfPage\":{\"@id\":\"https:\\\/\\\/www.salzburgerland.com\\\/de\\\/magazin\\\/salbei-dill-und-totengruen\\\/#primaryimage\"},\"image\":{\"@id\":\"https:\\\/\\\/www.salzburgerland.com\\\/de\\\/magazin\\\/salbei-dill-und-totengruen\\\/#primaryimage\"},\"thumbnailUrl\":\"https:\\\/\\\/www.salzburgerland.com\\\/de\\\/magazin\\\/wp-content\\\/uploads\\\/2016\\\/07\\\/krauterkrimi.jpg\",\"datePublished\":\"2016-07-26T09:28:59+00:00\",\"dateModified\":\"2024-08-01T11:44:01+00:00\",\"breadcrumb\":{\"@id\":\"https:\\\/\\\/www.salzburgerland.com\\\/de\\\/magazin\\\/salbei-dill-und-totengruen\\\/#breadcrumb\"},\"inLanguage\":\"de\",\"potentialAction\":[{\"@type\":\"ReadAction\",\"target\":[\"https:\\\/\\\/www.salzburgerland.com\\\/de\\\/magazin\\\/salbei-dill-und-totengruen\\\/\"]}]},{\"@type\":\"ImageObject\",\"inLanguage\":\"de\",\"@id\":\"https:\\\/\\\/www.salzburgerland.com\\\/de\\\/magazin\\\/salbei-dill-und-totengruen\\\/#primaryimage\",\"url\":\"https:\\\/\\\/www.salzburgerland.com\\\/de\\\/magazin\\\/wp-content\\\/uploads\\\/2016\\\/07\\\/krauterkrimi.jpg\",\"contentUrl\":\"https:\\\/\\\/www.salzburgerland.com\\\/de\\\/magazin\\\/wp-content\\\/uploads\\\/2016\\\/07\\\/krauterkrimi.jpg\",\"width\":2079,\"height\":2081,\"caption\":\"Eine schwarze Brille ruht auf einem Buch mit dem Titel \\\"Salbei, Dill und Totengr\u00fcn\\\" auf einem Holzboden.\"},{\"@type\":\"BreadcrumbList\",\"@id\":\"https:\\\/\\\/www.salzburgerland.com\\\/de\\\/magazin\\\/salbei-dill-und-totengruen\\\/#breadcrumb\",\"itemListElement\":[{\"@type\":\"ListItem\",\"position\":1,\"name\":\"Startseite\",\"item\":\"https:\\\/\\\/www.salzburgerland.com\\\/de\\\/magazin\\\/\"},{\"@type\":\"ListItem\",\"position\":2,\"name\":\"Kunst &amp; Kultur\",\"item\":\"https:\\\/\\\/www.salzburgerland.com\\\/de\\\/magazin\\\/thema\\\/kunst-kultur\\\/\"},{\"@type\":\"ListItem\",\"position\":3,\"name\":\"Mit Kr\u00e4utern Morde l\u00f6sen\"}]},{\"@type\":\"WebSite\",\"@id\":\"https:\\\/\\\/www.salzburgerland.com\\\/de\\\/magazin\\\/#website\",\"url\":\"https:\\\/\\\/www.salzburgerland.com\\\/de\\\/magazin\\\/\",\"name\":\"SalzburgerLand Magazin\",\"description\":\"Geschichten und Interessantes aus dem SalzburgerLand\",\"publisher\":{\"@id\":\"https:\\\/\\\/www.salzburgerland.com\\\/de\\\/magazin\\\/#organization\"},\"potentialAction\":[{\"@type\":\"SearchAction\",\"target\":{\"@type\":\"EntryPoint\",\"urlTemplate\":\"https:\\\/\\\/www.salzburgerland.com\\\/de\\\/magazin\\\/?s={search_term_string}\"},\"query-input\":{\"@type\":\"PropertyValueSpecification\",\"valueRequired\":true,\"valueName\":\"search_term_string\"}}],\"inLanguage\":\"de\"},{\"@type\":\"Organization\",\"@id\":\"https:\\\/\\\/www.salzburgerland.com\\\/de\\\/magazin\\\/#organization\",\"name\":\"SalzburgerLand Tourismus\",\"url\":\"https:\\\/\\\/www.salzburgerland.com\\\/de\\\/magazin\\\/\",\"logo\":{\"@type\":\"ImageObject\",\"inLanguage\":\"de\",\"@id\":\"https:\\\/\\\/www.salzburgerland.com\\\/de\\\/magazin\\\/#\\\/schema\\\/logo\\\/image\\\/\",\"url\":\"https:\\\/\\\/www.salzburgerland.com\\\/de\\\/magazin\\\/wp-content\\\/uploads\\\/2019\\\/06\\\/salzburgerland-logo1.jpg\",\"contentUrl\":\"https:\\\/\\\/www.salzburgerland.com\\\/de\\\/magazin\\\/wp-content\\\/uploads\\\/2019\\\/06\\\/salzburgerland-logo1.jpg\",\"width\":2011,\"height\":866,\"caption\":\"SalzburgerLand Tourismus\"},\"image\":{\"@id\":\"https:\\\/\\\/www.salzburgerland.com\\\/de\\\/magazin\\\/#\\\/schema\\\/logo\\\/image\\\/\"},\"sameAs\":[\"https:\\\/\\\/www.facebook.com\\\/salzburgerland\\\/\",\"https:\\\/\\\/x.com\\\/Salzburgerland\",\"https:\\\/\\\/www.instagram.com\\\/salzburgerland\\\/\",\"https:\\\/\\\/at.linkedin.com\\\/company\\\/salzburgerland-tourismus-gmbh\",\"https:\\\/\\\/www.pinterest.at\\\/salzburgerland\\\/\",\"https:\\\/\\\/www.youtube.com\\\/user\\\/salzburgerland\",\"https:\\\/\\\/de.wikipedia.org\\\/wiki\\\/SalzburgerLand_Tourismus_GmbH\"]},{\"@type\":\"Person\",\"@id\":\"https:\\\/\\\/www.salzburgerland.com\\\/de\\\/magazin\\\/#\\\/schema\\\/person\\\/7932db74f19d9640620859cb2b794c4e\",\"name\":\"Christine Fr\u00f6schl\",\"description\":\"Dein pers\u00f6nlicher Logenplatz im SalzburgerLand? Am liebsten gehe ich auf den Einberg im Salzburger Tennengau. Der Berg in der Osterhorn-Gruppe gl\u00e4nzt das ganze Jahr im Sonnenschein, auf dem Gipfel heben Paragleiter ab und die Aussicht auf das Tennengebirge, den Dachstein und die Bischofsm\u00fctze ist traumhaft. Dosige(r) oder Zuagroast? Zuagroast aus dem sch\u00f6nen Nieder\u00f6sterreich. Fr\u00fchling, Sommer, Herbst oder Winter? Alle Jahreszeiten begeistern mich. Momentan freue ich mich auf den Fr\u00fchling, das Zwitschern der V\u00f6gel und auf die sattgr\u00fcnen Wiesen. Salzburger Nockerl oder Schwarzbeernocken? Eindeutig Schwarzbeernocken. Rindsroulade vom Pinzgauer Biorind oder Saibling fangfrisch aus dem Fuschlsee? Mhhhh. Da kann ich mich nicht entscheiden. Bergtour oder Seentour? Mich zieht es auf jeden Fall hinauf. Begeistert bin ich auch von tiefblauen Bergseen in denen sich die Umgebung spiegelt und von der Aussicht w\u00e4hrend des Weges auf einen der wundersch\u00f6nen Seen im Salzburger Land.\",\"url\":\"https:\\\/\\\/www.salzburgerland.com\\\/de\\\/magazin\\\/author\\\/christine-froeschl\\\/\"}]}<\/script>\n<!-- \/ Yoast SEO Premium plugin. -->","yoast_head_json":{"title":"Mit Kr\u00e4utern Morde l\u00f6sen - SalzburgerLand Magazin","description":"Kr\u00e4uter spielen in den Salzburg-Krimis &#8222;Blutkraut, Wermut, Teufelskralle&#8220; und &#8220; Salbei, Dill und Totengr\u00fcn&#8220; bei der Aufl\u00f6sung von Morden eine wesentliche Rolle. Der\u00a0 Salzburger Autor, Regisseur und Kabarettist Manfred Baumann hat sie geschrieben. In jeder seiner ungew\u00f6hnlichen Kurzgeschichten spielen Kr\u00e4uter eine w\u00fcrzig-wahrheitstreibende Rolle. Der Duft von Nachtviole, Muskatellersalbei und Lavendel str\u00f6men Pater Pater Quendal in [&hellip;]","robots":{"index":"index","follow":"follow","max-snippet":"max-snippet:-1","max-image-preview":"max-image-preview:large","max-video-preview":"max-video-preview:-1"},"canonical":"https:\/\/www.salzburgerland.com\/de\/magazin\/salbei-dill-und-totengruen\/","og_locale":"de_DE","og_type":"article","og_title":"Mit Kr\u00e4utern Morde l\u00f6sen","og_description":"Kr\u00e4uter spielen in den Salzburg-Krimis &#8222;Blutkraut, Wermut, Teufelskralle&#8220; und &#8220; Salbei, Dill und Totengr\u00fcn&#8220; bei der Aufl\u00f6sung von Morden eine wesentliche Rolle. Der\u00a0 Salzburger Autor, Regisseur und Kabarettist Manfred Baumann hat sie geschrieben. In jeder seiner ungew\u00f6hnlichen Kurzgeschichten spielen Kr\u00e4uter eine w\u00fcrzig-wahrheitstreibende Rolle. Der Duft von Nachtviole, Muskatellersalbei und Lavendel str\u00f6men Pater Pater Quendal in [&hellip;]","og_url":"https:\/\/www.salzburgerland.com\/de\/magazin\/salbei-dill-und-totengruen\/","og_site_name":"SalzburgerLand Magazin","article_publisher":"https:\/\/www.facebook.com\/salzburgerland\/","article_published_time":"2016-07-26T09:28:59+00:00","article_modified_time":"2024-08-01T11:44:01+00:00","og_image":[{"width":2079,"height":2081,"url":"https:\/\/www.salzburgerland.com\/de\/magazin\/wp-content\/uploads\/2016\/07\/krauterkrimi.jpg","type":"image\/jpeg"}],"author":"Christine Fr\u00f6schl","twitter_card":"summary_large_image","twitter_creator":"@Salzburgerland","twitter_site":"@Salzburgerland","twitter_misc":{"Verfasst von":"Christine Fr\u00f6schl","Gesch\u00e4tzte Lesezeit":"4\u00a0Minuten"},"schema":{"@context":"https:\/\/schema.org","@graph":[{"@type":"Article","@id":"https:\/\/www.salzburgerland.com\/de\/magazin\/salbei-dill-und-totengruen\/#article","isPartOf":{"@id":"https:\/\/www.salzburgerland.com\/de\/magazin\/salbei-dill-und-totengruen\/"},"author":{"name":"Christine Fr\u00f6schl","@id":"https:\/\/www.salzburgerland.com\/de\/magazin\/#\/schema\/person\/7932db74f19d9640620859cb2b794c4e"},"headline":"Mit Kr\u00e4utern Morde l\u00f6sen","datePublished":"2016-07-26T09:28:59+00:00","dateModified":"2024-08-01T11:44:01+00:00","mainEntityOfPage":{"@id":"https:\/\/www.salzburgerland.com\/de\/magazin\/salbei-dill-und-totengruen\/"},"wordCount":587,"commentCount":0,"publisher":{"@id":"https:\/\/www.salzburgerland.com\/de\/magazin\/#organization"},"image":{"@id":"https:\/\/www.salzburgerland.com\/de\/magazin\/salbei-dill-und-totengruen\/#primaryimage"},"thumbnailUrl":"https:\/\/www.salzburgerland.com\/de\/magazin\/wp-content\/uploads\/2016\/07\/krauterkrimi.jpg","articleSection":["Kunst &amp; Kultur"],"inLanguage":"de","potentialAction":[{"@type":"CommentAction","name":"Comment","target":["https:\/\/www.salzburgerland.com\/de\/magazin\/salbei-dill-und-totengruen\/#respond"]}]},{"@type":"WebPage","@id":"https:\/\/www.salzburgerland.com\/de\/magazin\/salbei-dill-und-totengruen\/","url":"https:\/\/www.salzburgerland.com\/de\/magazin\/salbei-dill-und-totengruen\/","name":"Mit Kr\u00e4utern Morde l\u00f6sen - SalzburgerLand Magazin","isPartOf":{"@id":"https:\/\/www.salzburgerland.com\/de\/magazin\/#website"},"primaryImageOfPage":{"@id":"https:\/\/www.salzburgerland.com\/de\/magazin\/salbei-dill-und-totengruen\/#primaryimage"},"image":{"@id":"https:\/\/www.salzburgerland.com\/de\/magazin\/salbei-dill-und-totengruen\/#primaryimage"},"thumbnailUrl":"https:\/\/www.salzburgerland.com\/de\/magazin\/wp-content\/uploads\/2016\/07\/krauterkrimi.jpg","datePublished":"2016-07-26T09:28:59+00:00","dateModified":"2024-08-01T11:44:01+00:00","breadcrumb":{"@id":"https:\/\/www.salzburgerland.com\/de\/magazin\/salbei-dill-und-totengruen\/#breadcrumb"},"inLanguage":"de","potentialAction":[{"@type":"ReadAction","target":["https:\/\/www.salzburgerland.com\/de\/magazin\/salbei-dill-und-totengruen\/"]}]},{"@type":"ImageObject","inLanguage":"de","@id":"https:\/\/www.salzburgerland.com\/de\/magazin\/salbei-dill-und-totengruen\/#primaryimage","url":"https:\/\/www.salzburgerland.com\/de\/magazin\/wp-content\/uploads\/2016\/07\/krauterkrimi.jpg","contentUrl":"https:\/\/www.salzburgerland.com\/de\/magazin\/wp-content\/uploads\/2016\/07\/krauterkrimi.jpg","width":2079,"height":2081,"caption":"Eine schwarze Brille ruht auf einem Buch mit dem Titel \"Salbei, Dill und Totengr\u00fcn\" auf einem Holzboden."},{"@type":"BreadcrumbList","@id":"https:\/\/www.salzburgerland.com\/de\/magazin\/salbei-dill-und-totengruen\/#breadcrumb","itemListElement":[{"@type":"ListItem","position":1,"name":"Startseite","item":"https:\/\/www.salzburgerland.com\/de\/magazin\/"},{"@type":"ListItem","position":2,"name":"Kunst &amp; Kultur","item":"https:\/\/www.salzburgerland.com\/de\/magazin\/thema\/kunst-kultur\/"},{"@type":"ListItem","position":3,"name":"Mit Kr\u00e4utern Morde l\u00f6sen"}]},{"@type":"WebSite","@id":"https:\/\/www.salzburgerland.com\/de\/magazin\/#website","url":"https:\/\/www.salzburgerland.com\/de\/magazin\/","name":"SalzburgerLand Magazin","description":"Geschichten und Interessantes aus dem SalzburgerLand","publisher":{"@id":"https:\/\/www.salzburgerland.com\/de\/magazin\/#organization"},"potentialAction":[{"@type":"SearchAction","target":{"@type":"EntryPoint","urlTemplate":"https:\/\/www.salzburgerland.com\/de\/magazin\/?s={search_term_string}"},"query-input":{"@type":"PropertyValueSpecification","valueRequired":true,"valueName":"search_term_string"}}],"inLanguage":"de"},{"@type":"Organization","@id":"https:\/\/www.salzburgerland.com\/de\/magazin\/#organization","name":"SalzburgerLand Tourismus","url":"https:\/\/www.salzburgerland.com\/de\/magazin\/","logo":{"@type":"ImageObject","inLanguage":"de","@id":"https:\/\/www.salzburgerland.com\/de\/magazin\/#\/schema\/logo\/image\/","url":"https:\/\/www.salzburgerland.com\/de\/magazin\/wp-content\/uploads\/2019\/06\/salzburgerland-logo1.jpg","contentUrl":"https:\/\/www.salzburgerland.com\/de\/magazin\/wp-content\/uploads\/2019\/06\/salzburgerland-logo1.jpg","width":2011,"height":866,"caption":"SalzburgerLand Tourismus"},"image":{"@id":"https:\/\/www.salzburgerland.com\/de\/magazin\/#\/schema\/logo\/image\/"},"sameAs":["https:\/\/www.facebook.com\/salzburgerland\/","https:\/\/x.com\/Salzburgerland","https:\/\/www.instagram.com\/salzburgerland\/","https:\/\/at.linkedin.com\/company\/salzburgerland-tourismus-gmbh","https:\/\/www.pinterest.at\/salzburgerland\/","https:\/\/www.youtube.com\/user\/salzburgerland","https:\/\/de.wikipedia.org\/wiki\/SalzburgerLand_Tourismus_GmbH"]},{"@type":"Person","@id":"https:\/\/www.salzburgerland.com\/de\/magazin\/#\/schema\/person\/7932db74f19d9640620859cb2b794c4e","name":"Christine Fr\u00f6schl","description":"Dein pers\u00f6nlicher Logenplatz im SalzburgerLand? Am liebsten gehe ich auf den Einberg im Salzburger Tennengau. Der Berg in der Osterhorn-Gruppe gl\u00e4nzt das ganze Jahr im Sonnenschein, auf dem Gipfel heben Paragleiter ab und die Aussicht auf das Tennengebirge, den Dachstein und die Bischofsm\u00fctze ist traumhaft. Dosige(r) oder Zuagroast? Zuagroast aus dem sch\u00f6nen Nieder\u00f6sterreich. Fr\u00fchling, Sommer, Herbst oder Winter? Alle Jahreszeiten begeistern mich. Momentan freue ich mich auf den Fr\u00fchling, das Zwitschern der V\u00f6gel und auf die sattgr\u00fcnen Wiesen. Salzburger Nockerl oder Schwarzbeernocken? Eindeutig Schwarzbeernocken. Rindsroulade vom Pinzgauer Biorind oder Saibling fangfrisch aus dem Fuschlsee? Mhhhh. Da kann ich mich nicht entscheiden. Bergtour oder Seentour? Mich zieht es auf jeden Fall hinauf. Begeistert bin ich auch von tiefblauen Bergseen in denen sich die Umgebung spiegelt und von der Aussicht w\u00e4hrend des Weges auf einen der wundersch\u00f6nen Seen im Salzburger Land.","url":"https:\/\/www.salzburgerland.com\/de\/magazin\/author\/christine-froeschl\/"}]}},"_wl_alt_label":[],"wl:entity_url":"http:\/\/open.salzburgerland.com\/magazin\/post\/mit_kraeutern_morde_loesen","_links":{"self":[{"href":"https:\/\/www.salzburgerland.com\/de\/magazin\/wp-json\/wp\/v2\/posts\/107569","targetHints":{"allow":["GET"]}}],"collection":[{"href":"https:\/\/www.salzburgerland.com\/de\/magazin\/wp-json\/wp\/v2\/posts"}],"about":[{"href":"https:\/\/www.salzburgerland.com\/de\/magazin\/wp-json\/wp\/v2\/types\/post"}],"author":[{"embeddable":true,"href":"https:\/\/www.salzburgerland.com\/de\/magazin\/wp-json\/wp\/v2\/users\/236"}],"replies":[{"embeddable":true,"href":"https:\/\/www.salzburgerland.com\/de\/magazin\/wp-json\/wp\/v2\/comments?post=107569"}],"version-history":[{"count":1,"href":"https:\/\/www.salzburgerland.com\/de\/magazin\/wp-json\/wp\/v2\/posts\/107569\/revisions"}],"predecessor-version":[{"id":178103,"href":"https:\/\/www.salzburgerland.com\/de\/magazin\/wp-json\/wp\/v2\/posts\/107569\/revisions\/178103"}],"wp:featuredmedia":[{"embeddable":true,"href":"https:\/\/www.salzburgerland.com\/de\/magazin\/wp-json\/wp\/v2\/media\/107592"}],"wp:attachment":[{"href":"https:\/\/www.salzburgerland.com\/de\/magazin\/wp-json\/wp\/v2\/media?parent=107569"}],"wp:term":[{"taxonomy":"category","embeddable":true,"href":"https:\/\/www.salzburgerland.com\/de\/magazin\/wp-json\/wp\/v2\/categories?post=107569"},{"taxonomy":"post_tag","embeddable":true,"href":"https:\/\/www.salzburgerland.com\/de\/magazin\/wp-json\/wp\/v2\/tags?post=107569"},{"taxonomy":"wl_entity_type","embeddable":true,"href":"https:\/\/www.salzburgerland.com\/de\/magazin\/wp-json\/wp\/v2\/wl_entity_type?post=107569"},{"taxonomy":"monatsauswahl","embeddable":true,"href":"https:\/\/www.salzburgerland.com\/de\/magazin\/wp-json\/wp\/v2\/monatsauswahl?post=107569"}],"curies":[{"name":"wp","href":"https:\/\/api.w.org\/{rel}","templated":true}]}}