{"id":107405,"date":"2016-08-12T08:00:48","date_gmt":"2016-08-12T06:00:48","guid":{"rendered":"http:\/\/magazin.salzburgerland.com\/?p=107405"},"modified":"2020-04-15T10:55:45","modified_gmt":"2020-04-15T08:55:45","slug":"museum-zum-pulvermacher","status":"publish","type":"post","link":"https:\/\/www.salzburgerland.com\/de\/magazin\/museum-zum-pulvermacher\/","title":{"rendered":"Museum zum Pulvermacher"},"content":{"rendered":"\n<h2 class=\"wp-block-slt-subtitle\">Spannende Reise in vergangene Zeiten<\/h2>\n\n\n\n<p class=\"wp-block-slt-intro\">Bis 1919 wurde in Elsbethen-Glasenbach Schwarzpulver erzeugt. Wie die Menschen dieses Spreng- und Schie\u00dfpulver in der rund 400 Jahre langen Geschichte der Pulvermacher herstellten, ist <a href=\"http:\/\/museum-elsbethen.at\/\">im Museum &#8222;Zum Pulvermacher&#8220;<\/a> zu sehen. Ber\u00fchrendes zeigt die diesj\u00e4hrige Sonderausstellung &#8222;Not macht erfinderisch\u201c.<\/p>\n\n\n\n<p>Wasser flie\u00dft \u00fcber die M\u00fchlr\u00e4der der Pulverm\u00fchle in Elsbethen-Glasenbach. Franziska Scheibl, die Kustodin des Museums &#8222;Zum Pulvermacher&#8220; und ihre Stellvertreterin Ingrid Thaler haben den Wasserhahn aufgedreht und erkl\u00e4ren wie rund 400 Jahre lang in Glasenbach aus den Grundstoffen Salpeter, Schwefel und Holzkohle Schwarzpulver hergestellt wurde. Das Museum &#8222;Zum Pulvermacher&#8220; befindet sich im ehemaligen Pulvermacherzuhaus. Was hier im Laufe der Zeit an Schaust\u00fccken zusammengetragen wurde, kann sich sehen lassen. Auf drei Etagen gibt es tausende Exponate zu bestaunen, die von der Urzeit bis in das 20. Jahrhundert reichen. Es ist alles selbsterkl\u00e4rend beschildert, sodass man sich wunderbar zurechtfindet.&nbsp;<\/p>\n\n\n\n<h2 class=\"wp-block-heading\"><strong>Pulvermuseum einzigartig in Europa<\/strong><\/h2>\n\n\n\n<p>Die Mischung von Salpeter, Schwefel und Holzkohle musste genau stimmen. Wenn dies nicht der Fall war, konnte das Schwarzpulver leicht explodieren. Verwendet wurde es als Spreng- und Schie\u00dfpulver. Die ma\u00dfstabsgetreu nachgebaute Pulverm\u00fchle- und -stampfe aus dem Jahr 1876 steht vor dem Museum. Im Museum befindet sich die Pulvermacherstube. Hier erz\u00e4hlen Pl\u00e4ne der verschiedenen Ger\u00e4te und sehenswerte Exponate von diesem alten Handwerk. Besonders stolz ist Museums-Obmann Richard Breschar auf das Graduierungsger\u00e4t. Mit diesem Ger\u00e4t wurde die Explosionskraft des Schwarzpulvers gemessen. &#8222;Es ist sehr gut erhalten. Nicht einmal ein Wurm ist drin&#8220;, sagt Breschar. Ein Museum dieser Art ist in Europa einzigartig .<\/p>\n\n\n\n<h2 class=\"wp-block-heading\">Von Fossilien und alten Werkst\u00e4tten<\/h2>\n\n\n\n<p>Gleich beim Eingang des Museums fallen zahlreiche Fossilien auf. Sie stammen aus der <a href=\"https:\/\/www.salzburgerland.com\/de\/magazin\/glasenbachklamm-wandern-am-fusse-des-gaisbergs\/\">Glasenbachklamm<\/a>. In dieser eindruckvollen Klamm vor den Toren der Stadt Salzburg gibt es 200 Millionen Jahre alte Gesteinsformationen, in denen Fossilien wie Fischsaurier, Ammoniten&nbsp;und Haifischz\u00e4hne gefunden wurden. <\/p>\n\n\n\n<p>Im ersten Stock des Museums wandern G\u00e4ste bei ihrem &#8222;Spaziergang durch die Dorfstra\u00dfe&#8220; vorbei den alten Werkst\u00e4tten des Tischlers, Schusters, Schneiders und Uhrmachers sowie an einem Greislerladen. Im dritten Stock zeugen b\u00e4uerliche Ger\u00e4te wie Dreschmaschinen, von der harten Arbeit auf dem Bauernhof.<\/p>\n\n\n\n<p><strong>Anreise<\/strong><br>von der Stadt Salzburg aus (auch vom Bahnhof) : Mit O-Bus Linien 7 und 3;&nbsp; Haltestelle Kreisverkehr Glasenbach&nbsp; sowie Salzburg S\u00fcd<br>Bahn: Haltestelle Salzburg S\u00fcd jeweils 5 Minuten zum Museum<\/p>\n\n\n\n<p><strong>\u00d6ffnungszeiten:<\/strong><br>Mai \u2013Oktober So. u. Mi. 10 -12 Uhr u. 14-17 Uhr<\/p>\n\n\n\n<p>sowie <strong>nach Anmeldung<\/strong> unter 0676 3158590 \u2013 Franziska Scheibl und <a href=\"mailto:richard.breschar@sbw.salzburg.at\">richard.breschar@sbw.salzburg.at<\/a><\/p>\n\n\n<div class=\"mag-gallery\"><div class=\"row\"><div class=\"col-6 col-sm-4\"><figure><a class=\"thumb-container\" href=\"https:\/\/www.salzburgerland.com\/de\/magazin\/wp-content\/uploads\/2016\/07\/Museum_m-1280x1024.jpg\">\t<picture><source media=\"(min-width: 576px)\" srcset=\"https:\/\/www.salzburgerland.com\/de\/magazin\/wp-content\/uploads\/2016\/07\/Museum_m-325x209.jpg 325w, https:\/\/www.salzburgerland.com\/de\/magazin\/wp-content\/uploads\/2016\/07\/Museum_m-249x160.jpg 249w\"><\/source><source media=\"(min-width: 0)\" srcset=\"https:\/\/www.salzburgerland.com\/de\/magazin\/wp-content\/uploads\/2016\/07\/Museum_m-249x160.jpg 249w, https:\/\/www.salzburgerland.com\/de\/magazin\/wp-content\/uploads\/2016\/07\/Museum_m-325x209.jpg 325w\"><\/source><img decoding=\"async\" alt=\"Ein Museumsgeb&auml;ude mit einer Fahne in deutscher Sprache und einer h&ouml;lzernen Wasserm&uuml;hle im Vordergrund.\" src=\"https:\/\/www.salzburgerland.com\/de\/magazin\/wp-content\/uploads\/2016\/07\/Museum_m.jpg\">\t<\/picture><\/a><\/figure><\/div><div class=\"col-6 col-sm-4\"><figure><a class=\"thumb-container\" href=\"https:\/\/www.salzburgerland.com\/de\/magazin\/wp-content\/uploads\/2016\/07\/Museum_q-1280x1024.jpg\">\t<picture><source media=\"(min-width: 576px)\" srcset=\"https:\/\/www.salzburgerland.com\/de\/magazin\/wp-content\/uploads\/2016\/07\/Museum_q-325x209.jpg 325w, https:\/\/www.salzburgerland.com\/de\/magazin\/wp-content\/uploads\/2016\/07\/Museum_q-249x160.jpg 249w\"><\/source><source media=\"(min-width: 0)\" srcset=\"https:\/\/www.salzburgerland.com\/de\/magazin\/wp-content\/uploads\/2016\/07\/Museum_q-249x160.jpg 249w, https:\/\/www.salzburgerland.com\/de\/magazin\/wp-content\/uploads\/2016\/07\/Museum_q-325x209.jpg 325w\"><\/source><img decoding=\"async\" alt=\"Zwei Frauen betrachten und ber&uuml;hren ein h&ouml;lzernes Wasserm&uuml;hlenmodell, das im Freien vor einem Museum ausgestellt ist.\" src=\"https:\/\/www.salzburgerland.com\/de\/magazin\/wp-content\/uploads\/2016\/07\/Museum_q.jpg\">\t<\/picture><\/a><\/figure><\/div><div class=\"col-6 col-sm-4\"><figure><a class=\"thumb-container\" href=\"https:\/\/www.salzburgerland.com\/de\/magazin\/wp-content\/uploads\/2016\/07\/Museum_o-1280x1024.jpg\">\t<picture><source media=\"(min-width: 576px)\" srcset=\"https:\/\/www.salzburgerland.com\/de\/magazin\/wp-content\/uploads\/2016\/07\/Museum_o-325x209.jpg 325w, https:\/\/www.salzburgerland.com\/de\/magazin\/wp-content\/uploads\/2016\/07\/Museum_o-249x160.jpg 249w\"><\/source><source media=\"(min-width: 0)\" srcset=\"https:\/\/www.salzburgerland.com\/de\/magazin\/wp-content\/uploads\/2016\/07\/Museum_o-249x160.jpg 249w, https:\/\/www.salzburgerland.com\/de\/magazin\/wp-content\/uploads\/2016\/07\/Museum_o-325x209.jpg 325w\"><\/source><img decoding=\"async\" alt=\"Eine Frau steht neben zwei kleinen h&ouml;lzernen Wasserm&uuml;hlen mit einem Schild in deutscher Sprache am Holzzaun.\" src=\"https:\/\/www.salzburgerland.com\/de\/magazin\/wp-content\/uploads\/2016\/07\/Museum_o.jpg\">\t<\/picture><\/a><\/figure><\/div><div class=\"col-6 col-sm-4\"><figure><a class=\"thumb-container\" href=\"https:\/\/www.salzburgerland.com\/de\/magazin\/wp-content\/uploads\/2016\/07\/Museum_p-1280x1024.jpg\">\t<picture><source media=\"(min-width: 576px)\" srcset=\"https:\/\/www.salzburgerland.com\/de\/magazin\/wp-content\/uploads\/2016\/07\/Museum_p-325x209.jpg 325w, https:\/\/www.salzburgerland.com\/de\/magazin\/wp-content\/uploads\/2016\/07\/Museum_p-249x160.jpg 249w\"><\/source><source media=\"(min-width: 0)\" srcset=\"https:\/\/www.salzburgerland.com\/de\/magazin\/wp-content\/uploads\/2016\/07\/Museum_p-249x160.jpg 249w, https:\/\/www.salzburgerland.com\/de\/magazin\/wp-content\/uploads\/2016\/07\/Museum_p-325x209.jpg 325w\"><\/source><img decoding=\"async\" alt=\"H&ouml;lzerne Zahnr&auml;der und Walzen eines alten Wasserm&uuml;hlenmechanismus, mit einem gro&szlig;en Wasserrad im Hintergrund.\" src=\"https:\/\/www.salzburgerland.com\/de\/magazin\/wp-content\/uploads\/2016\/07\/Museum_p.jpg\">\t<\/picture><\/a><\/figure><\/div><div class=\"col-6 col-sm-4\"><figure><a class=\"thumb-container\" href=\"https:\/\/www.salzburgerland.com\/de\/magazin\/wp-content\/uploads\/2016\/07\/Museum_i-1280x1024.jpg\">\t<picture><source media=\"(min-width: 576px)\" srcset=\"https:\/\/www.salzburgerland.com\/de\/magazin\/wp-content\/uploads\/2016\/07\/Museum_i-325x209.jpg 325w, https:\/\/www.salzburgerland.com\/de\/magazin\/wp-content\/uploads\/2016\/07\/Museum_i-249x160.jpg 249w\"><\/source><source media=\"(min-width: 0)\" srcset=\"https:\/\/www.salzburgerland.com\/de\/magazin\/wp-content\/uploads\/2016\/07\/Museum_i-249x160.jpg 249w, https:\/\/www.salzburgerland.com\/de\/magazin\/wp-content\/uploads\/2016\/07\/Museum_i-325x209.jpg 325w\"><\/source><img decoding=\"async\" alt=\"Ein antiker Nachttopfstuhl aus Holz mit einer bemalten R&uuml;ckenlehne und einem Keramiktopf darunter.\" src=\"https:\/\/www.salzburgerland.com\/de\/magazin\/wp-content\/uploads\/2016\/07\/Museum_i.jpg\">\t<\/picture><\/a><\/figure><\/div><div class=\"col-6 col-sm-4\"><figure><a class=\"thumb-container\" href=\"https:\/\/www.salzburgerland.com\/de\/magazin\/wp-content\/uploads\/2016\/07\/Museum_a-1280x1024.jpg\">\t<picture><source media=\"(min-width: 576px)\" srcset=\"https:\/\/www.salzburgerland.com\/de\/magazin\/wp-content\/uploads\/2016\/07\/Museum_a-325x209.jpg 325w, https:\/\/www.salzburgerland.com\/de\/magazin\/wp-content\/uploads\/2016\/07\/Museum_a-249x160.jpg 249w\"><\/source><source media=\"(min-width: 0)\" srcset=\"https:\/\/www.salzburgerland.com\/de\/magazin\/wp-content\/uploads\/2016\/07\/Museum_a-249x160.jpg 249w, https:\/\/www.salzburgerland.com\/de\/magazin\/wp-content\/uploads\/2016\/07\/Museum_a-325x209.jpg 325w\"><\/source><img decoding=\"async\" alt=\"Steinartefakte und runde Steine auf Kies, in der N&auml;he ein Holzobjekt und ein teilweise sichtbares Schild.\" src=\"https:\/\/www.salzburgerland.com\/de\/magazin\/wp-content\/uploads\/2016\/07\/Museum_a.jpg\">\t<\/picture><\/a><\/figure><\/div><div class=\"col-6 col-sm-4\"><figure><a class=\"thumb-container\" href=\"https:\/\/www.salzburgerland.com\/de\/magazin\/wp-content\/uploads\/2016\/07\/Museum_g-1280x1024.jpg\">\t<picture><source media=\"(min-width: 576px)\" srcset=\"\"><\/source><source media=\"(min-width: 0)\" srcset=\"\"><\/source><img decoding=\"async\" alt=\"Ein altmodischer Brennereiraum mit Kupfer- und Metallger&auml;ten, einem Ofen und rustikaler Dekoration.\" src=\"https:\/\/www.salzburgerland.com\/de\/magazin\/wp-content\/uploads\/2016\/07\/Museum_g-scaled.jpg\">\t<\/picture><\/a><\/figure><\/div><div class=\"col-6 col-sm-4\"><figure><a class=\"thumb-container\" href=\"https:\/\/www.salzburgerland.com\/de\/magazin\/wp-content\/uploads\/2016\/07\/Museum_b-1280x1024.jpg\">\t<picture><source media=\"(min-width: 576px)\" srcset=\"https:\/\/www.salzburgerland.com\/de\/magazin\/wp-content\/uploads\/2016\/07\/Museum_b-325x209.jpg 325w, https:\/\/www.salzburgerland.com\/de\/magazin\/wp-content\/uploads\/2016\/07\/Museum_b-249x160.jpg 249w\"><\/source><source media=\"(min-width: 0)\" srcset=\"https:\/\/www.salzburgerland.com\/de\/magazin\/wp-content\/uploads\/2016\/07\/Museum_b-249x160.jpg 249w, https:\/\/www.salzburgerland.com\/de\/magazin\/wp-content\/uploads\/2016\/07\/Museum_b-325x209.jpg 325w\"><\/source><img decoding=\"async\" alt=\"Vintage-Schild mit einer l&auml;chelnden Frau mit rotem Schal, einem Butterfass und dem Wort STANDARD.\" src=\"https:\/\/www.salzburgerland.com\/de\/magazin\/wp-content\/uploads\/2016\/07\/Museum_b.jpg\">\t<\/picture><\/a><\/figure><\/div><div class=\"col-6 col-sm-4\"><figure><a class=\"thumb-container\" href=\"https:\/\/www.salzburgerland.com\/de\/magazin\/wp-content\/uploads\/2016\/07\/Museum_d-1280x1024.jpg\">\t<picture><source media=\"(min-width: 576px)\" srcset=\"https:\/\/www.salzburgerland.com\/de\/magazin\/wp-content\/uploads\/2016\/07\/Museum_d-325x209.jpg 325w, https:\/\/www.salzburgerland.com\/de\/magazin\/wp-content\/uploads\/2016\/07\/Museum_d-249x160.jpg 249w\"><\/source><source media=\"(min-width: 0)\" srcset=\"https:\/\/www.salzburgerland.com\/de\/magazin\/wp-content\/uploads\/2016\/07\/Museum_d-249x160.jpg 249w, https:\/\/www.salzburgerland.com\/de\/magazin\/wp-content\/uploads\/2016\/07\/Museum_d-325x209.jpg 325w\"><\/source><img decoding=\"async\" alt=\"Ein h&ouml;lzerner Handhobel und eine Wasserwaage liegen auf einem Holzregal vor einem Holzhintergrund.\" src=\"https:\/\/www.salzburgerland.com\/de\/magazin\/wp-content\/uploads\/2016\/07\/Museum_d.jpg\">\t<\/picture><\/a><\/figure><\/div><div class=\"col-6 col-sm-4\"><figure><a class=\"thumb-container\" href=\"https:\/\/www.salzburgerland.com\/de\/magazin\/wp-content\/uploads\/2016\/07\/Museum_c-1280x1024.jpg\">\t<picture><source media=\"(min-width: 576px)\" srcset=\"https:\/\/www.salzburgerland.com\/de\/magazin\/wp-content\/uploads\/2016\/07\/Museum_c-325x209.jpg 325w, https:\/\/www.salzburgerland.com\/de\/magazin\/wp-content\/uploads\/2016\/07\/Museum_c-249x160.jpg 249w\"><\/source><source media=\"(min-width: 0)\" srcset=\"https:\/\/www.salzburgerland.com\/de\/magazin\/wp-content\/uploads\/2016\/07\/Museum_c-249x160.jpg 249w, https:\/\/www.salzburgerland.com\/de\/magazin\/wp-content\/uploads\/2016\/07\/Museum_c-325x209.jpg 325w\"><\/source><img decoding=\"async\" alt=\"Holzskulptur einer Person, die eine S&auml;ge auf einem Block benutzt, umgeben von Holzbrettern und Sp&auml;nen.\" src=\"https:\/\/www.salzburgerland.com\/de\/magazin\/wp-content\/uploads\/2016\/07\/Museum_c.jpg\">\t<\/picture><\/a><\/figure><\/div><div class=\"col-6 col-sm-4\"><figure><a class=\"thumb-container\" href=\"https:\/\/www.salzburgerland.com\/de\/magazin\/wp-content\/uploads\/2016\/07\/Museum_k-1280x1024.jpg\">\t<picture><source media=\"(min-width: 576px)\" srcset=\"https:\/\/www.salzburgerland.com\/de\/magazin\/wp-content\/uploads\/2016\/07\/Museum_k-325x209.jpg 325w, https:\/\/www.salzburgerland.com\/de\/magazin\/wp-content\/uploads\/2016\/07\/Museum_k-249x160.jpg 249w\"><\/source><source media=\"(min-width: 0)\" srcset=\"https:\/\/www.salzburgerland.com\/de\/magazin\/wp-content\/uploads\/2016\/07\/Museum_k-249x160.jpg 249w, https:\/\/www.salzburgerland.com\/de\/magazin\/wp-content\/uploads\/2016\/07\/Museum_k-325x209.jpg 325w\"><\/source><img decoding=\"async\" alt=\"Eine Frau mit Brille lehnt an einem Holzfenster und schaut nachdenklich in einen hell erleuchteten Raum.\" src=\"https:\/\/www.salzburgerland.com\/de\/magazin\/wp-content\/uploads\/2016\/07\/Museum_k.jpg\">\t<\/picture><\/a><\/figure><\/div><div class=\"col-6 col-sm-4\"><figure><a class=\"thumb-container\" href=\"https:\/\/www.salzburgerland.com\/de\/magazin\/wp-content\/uploads\/2016\/07\/Museum_l-1280x1024.jpg\">\t<picture><source media=\"(min-width: 576px)\" srcset=\"https:\/\/www.salzburgerland.com\/de\/magazin\/wp-content\/uploads\/2016\/07\/Museum_l-325x209.jpg 325w, https:\/\/www.salzburgerland.com\/de\/magazin\/wp-content\/uploads\/2016\/07\/Museum_l-249x160.jpg 249w\"><\/source><source media=\"(min-width: 0)\" srcset=\"https:\/\/www.salzburgerland.com\/de\/magazin\/wp-content\/uploads\/2016\/07\/Museum_l-249x160.jpg 249w, https:\/\/www.salzburgerland.com\/de\/magazin\/wp-content\/uploads\/2016\/07\/Museum_l-325x209.jpg 325w\"><\/source><img decoding=\"async\" alt=\"Gesch&auml;ft im Vintage-Stil mit Regalen mit altmodischen Produkten und einer Schaufensterpuppe als Ladenbesitzerin gekleidet.\" src=\"https:\/\/www.salzburgerland.com\/de\/magazin\/wp-content\/uploads\/2016\/07\/Museum_l.jpg\">\t<\/picture><\/a><\/figure><\/div><div class=\"col-6 col-sm-4\"><figure><a class=\"thumb-container\" href=\"https:\/\/www.salzburgerland.com\/de\/magazin\/wp-content\/uploads\/2016\/07\/Museum_n-1280x1024.jpg\">\t<picture><source media=\"(min-width: 576px)\" srcset=\"https:\/\/www.salzburgerland.com\/de\/magazin\/wp-content\/uploads\/2016\/07\/Museum_n-325x209.jpg 325w, https:\/\/www.salzburgerland.com\/de\/magazin\/wp-content\/uploads\/2016\/07\/Museum_n-249x160.jpg 249w\"><\/source><source media=\"(min-width: 0)\" srcset=\"https:\/\/www.salzburgerland.com\/de\/magazin\/wp-content\/uploads\/2016\/07\/Museum_n-249x160.jpg 249w, https:\/\/www.salzburgerland.com\/de\/magazin\/wp-content\/uploads\/2016\/07\/Museum_n-325x209.jpg 325w\"><\/source><img decoding=\"async\" alt=\"Eine Vintage-Baby-Puppe in Spitzenkleidung und M&uuml;tze liegt auf einer gesteppten Decke mit rosa Schleife und Kissen.\" src=\"https:\/\/www.salzburgerland.com\/de\/magazin\/wp-content\/uploads\/2016\/07\/Museum_n.jpg\">\t<\/picture><\/a><\/figure><\/div><div class=\"col-6 col-sm-4\"><figure><a class=\"thumb-container\" href=\"https:\/\/www.salzburgerland.com\/de\/magazin\/wp-content\/uploads\/2016\/07\/Museum_e-1280x1024.jpg\">\t<picture><source media=\"(min-width: 576px)\" srcset=\"https:\/\/www.salzburgerland.com\/de\/magazin\/wp-content\/uploads\/2016\/07\/Museum_e-325x209.jpg 325w, https:\/\/www.salzburgerland.com\/de\/magazin\/wp-content\/uploads\/2016\/07\/Museum_e-249x160.jpg 249w\"><\/source><source media=\"(min-width: 0)\" srcset=\"https:\/\/www.salzburgerland.com\/de\/magazin\/wp-content\/uploads\/2016\/07\/Museum_e-249x160.jpg 249w, https:\/\/www.salzburgerland.com\/de\/magazin\/wp-content\/uploads\/2016\/07\/Museum_e-325x209.jpg 325w\"><\/source><img decoding=\"async\" alt=\"Eine Frau steht neben einem alten h&ouml;lzernen Kinderwagen mit einer Puppe darin, in einem rustikalen Raum mit Holzw&auml;nden und -balken.\" src=\"https:\/\/www.salzburgerland.com\/de\/magazin\/wp-content\/uploads\/2016\/07\/Museum_e-scaled.jpg\">\t<\/picture><\/a><\/figure><\/div><div class=\"col-6 col-sm-4\"><figure><a class=\"thumb-container\" href=\"https:\/\/www.salzburgerland.com\/de\/magazin\/wp-content\/uploads\/2016\/07\/Museum_f-1280x1024.jpg\">\t<picture><source media=\"(min-width: 576px)\" srcset=\"https:\/\/www.salzburgerland.com\/de\/magazin\/wp-content\/uploads\/2016\/07\/Museum_f-325x209.jpg 325w, https:\/\/www.salzburgerland.com\/de\/magazin\/wp-content\/uploads\/2016\/07\/Museum_f-249x160.jpg 249w\"><\/source><source media=\"(min-width: 0)\" srcset=\"https:\/\/www.salzburgerland.com\/de\/magazin\/wp-content\/uploads\/2016\/07\/Museum_f-249x160.jpg 249w, https:\/\/www.salzburgerland.com\/de\/magazin\/wp-content\/uploads\/2016\/07\/Museum_f-325x209.jpg 325w\"><\/source><img decoding=\"async\" alt=\"Holzfiguren von Menschen und einem Ochsen mit einem Wagen voll geerntetem Getreide, ausgestellt in einer Holzkiste.\" src=\"https:\/\/www.salzburgerland.com\/de\/magazin\/wp-content\/uploads\/2016\/07\/Museum_f.jpg\">\t<\/picture><\/a><\/figure><\/div><\/div><figcaption><\/figcaption><\/div>\n\n\n\n\n","protected":false},"excerpt":{"rendered":"<p>Wasser flie\u00dft \u00fcber die M\u00fchlr\u00e4der der Pulverm\u00fchle in Elsbethen-Glasenbach. Franziska Scheibl, die Kustodin des Museums &#8222;Zum Pulvermacher&#8220; und ihre Stellvertreterin Ingrid Thaler haben den Wasserhahn aufgedreht und erkl\u00e4ren wie rund 400 Jahre lang in Glasenbach aus den Grundstoffen Salpeter, Schwefel und Holzkohle Schwarzpulver hergestellt wurde. Das Museum &#8222;Zum Pulvermacher&#8220; befindet sich im ehemaligen Pulvermacherzuhaus. Was [&hellip;]<\/p>\n","protected":false},"author":236,"featured_media":107416,"comment_status":"open","ping_status":"open","sticky":false,"template":"","format":"standard","meta":{"_acf_changed":false,"wl_entities_gutenberg":"","_wl_entity_redirect_enabled":"","footnotes":""},"categories":[9],"tags":[],"wl_entity_type":[306],"monatsauswahl":[85,86,87,88,89,90,91],"class_list":["post-107405","post","type-post","status-publish","format-standard","has-post-thumbnail","hentry","category-sehenswurdig","wl_entity_type-article","monatsauswahl-monat_4","monatsauswahl-monat_5","monatsauswahl-monat_6","monatsauswahl-monat_7","monatsauswahl-monat_8","monatsauswahl-monat_9","monatsauswahl-monat_10"],"acf":[],"yoast_head":"<!-- This site is optimized with the Yoast SEO Premium plugin v27.4 (Yoast SEO v27.4) - https:\/\/yoast.com\/product\/yoast-seo-premium-wordpress\/ -->\n<title>Museum zum Pulvermacher - SalzburgerLand Magazin<\/title>\n<meta name=\"description\" content=\"Bis 1919 wurde in Elsbethen-Glasenbach Schwarzpulver erzeugt. Wie die Menschen dieses Spreng- und Schie\u00dfpulver in der rund 400 Jahre langen Geschichte der Pulvermacher herstellten, ist im Museum &quot;Zum Pulvermacher&quot; zu sehen. Ber\u00fchrendes zeigt die diesj\u00e4hrige Sonderausstellung &quot;Not macht erfinderisch\u201c.\" \/>\n<meta name=\"robots\" content=\"index, follow, max-snippet:-1, max-image-preview:large, max-video-preview:-1\" \/>\n<link rel=\"canonical\" href=\"https:\/\/www.salzburgerland.com\/de\/magazin\/museum-zum-pulvermacher\/\" \/>\n<meta property=\"og:locale\" content=\"de_DE\" \/>\n<meta property=\"og:type\" content=\"article\" \/>\n<meta property=\"og:title\" content=\"Museum zum Pulvermacher\" \/>\n<meta property=\"og:description\" content=\"Wasser flie\u00dft \u00fcber die M\u00fchlr\u00e4der der Pulverm\u00fchle in Elsbethen-Glasenbach. Franziska Scheibl, die Kustodin des Museums &#8222;Zum Pulvermacher&#8220; und ihre Stellvertreterin Ingrid Thaler haben den Wasserhahn aufgedreht und erkl\u00e4ren wie rund 400 Jahre lang in Glasenbach aus den Grundstoffen Salpeter, Schwefel und Holzkohle Schwarzpulver hergestellt wurde. Das Museum &#8222;Zum Pulvermacher&#8220; befindet sich im ehemaligen Pulvermacherzuhaus. Was [&hellip;]\" \/>\n<meta property=\"og:url\" content=\"https:\/\/www.salzburgerland.com\/de\/magazin\/museum-zum-pulvermacher\/\" \/>\n<meta property=\"og:site_name\" content=\"SalzburgerLand Magazin\" \/>\n<meta property=\"article:publisher\" content=\"https:\/\/www.facebook.com\/salzburgerland\/\" \/>\n<meta property=\"article:published_time\" content=\"2016-08-12T06:00:48+00:00\" \/>\n<meta property=\"article:modified_time\" content=\"2020-04-15T08:55:45+00:00\" \/>\n<meta property=\"og:image\" content=\"https:\/\/www.salzburgerland.com\/de\/magazin\/wp-content\/uploads\/2016\/07\/Museum_l.jpg\" \/>\n\t<meta property=\"og:image:width\" content=\"1739\" \/>\n\t<meta property=\"og:image:height\" content=\"1152\" \/>\n\t<meta property=\"og:image:type\" content=\"image\/jpeg\" \/>\n<meta name=\"author\" content=\"Christine Fr\u00f6schl\" \/>\n<meta name=\"twitter:card\" content=\"summary_large_image\" \/>\n<meta name=\"twitter:creator\" content=\"@Salzburgerland\" \/>\n<meta name=\"twitter:site\" content=\"@Salzburgerland\" \/>\n<meta name=\"twitter:label1\" content=\"Verfasst von\" \/>\n\t<meta name=\"twitter:data1\" content=\"Christine Fr\u00f6schl\" \/>\n\t<meta name=\"twitter:label2\" content=\"Gesch\u00e4tzte Lesezeit\" \/>\n\t<meta name=\"twitter:data2\" content=\"2\u00a0Minuten\" \/>\n<script type=\"application\/ld+json\" class=\"yoast-schema-graph\">{\"@context\":\"https:\\\/\\\/schema.org\",\"@graph\":[{\"@type\":\"Article\",\"@id\":\"https:\\\/\\\/www.salzburgerland.com\\\/de\\\/magazin\\\/museum-zum-pulvermacher\\\/#article\",\"isPartOf\":{\"@id\":\"https:\\\/\\\/www.salzburgerland.com\\\/de\\\/magazin\\\/museum-zum-pulvermacher\\\/\"},\"author\":{\"name\":\"Christine Fr\u00f6schl\",\"@id\":\"https:\\\/\\\/www.salzburgerland.com\\\/de\\\/magazin\\\/#\\\/schema\\\/person\\\/7932db74f19d9640620859cb2b794c4e\"},\"headline\":\"Museum zum Pulvermacher\",\"datePublished\":\"2016-08-12T06:00:48+00:00\",\"dateModified\":\"2020-04-15T08:55:45+00:00\",\"mainEntityOfPage\":{\"@id\":\"https:\\\/\\\/www.salzburgerland.com\\\/de\\\/magazin\\\/museum-zum-pulvermacher\\\/\"},\"wordCount\":410,\"commentCount\":0,\"publisher\":{\"@id\":\"https:\\\/\\\/www.salzburgerland.com\\\/de\\\/magazin\\\/#organization\"},\"image\":{\"@id\":\"https:\\\/\\\/www.salzburgerland.com\\\/de\\\/magazin\\\/museum-zum-pulvermacher\\\/#primaryimage\"},\"thumbnailUrl\":\"https:\\\/\\\/www.salzburgerland.com\\\/de\\\/magazin\\\/wp-content\\\/uploads\\\/2016\\\/07\\\/Museum_l.jpg\",\"articleSection\":[\"Sehensw\u00fcrdig\"],\"inLanguage\":\"de\",\"potentialAction\":[{\"@type\":\"CommentAction\",\"name\":\"Comment\",\"target\":[\"https:\\\/\\\/www.salzburgerland.com\\\/de\\\/magazin\\\/museum-zum-pulvermacher\\\/#respond\"]}]},{\"@type\":\"WebPage\",\"@id\":\"https:\\\/\\\/www.salzburgerland.com\\\/de\\\/magazin\\\/museum-zum-pulvermacher\\\/\",\"url\":\"https:\\\/\\\/www.salzburgerland.com\\\/de\\\/magazin\\\/museum-zum-pulvermacher\\\/\",\"name\":\"Museum zum Pulvermacher - SalzburgerLand Magazin\",\"isPartOf\":{\"@id\":\"https:\\\/\\\/www.salzburgerland.com\\\/de\\\/magazin\\\/#website\"},\"primaryImageOfPage\":{\"@id\":\"https:\\\/\\\/www.salzburgerland.com\\\/de\\\/magazin\\\/museum-zum-pulvermacher\\\/#primaryimage\"},\"image\":{\"@id\":\"https:\\\/\\\/www.salzburgerland.com\\\/de\\\/magazin\\\/museum-zum-pulvermacher\\\/#primaryimage\"},\"thumbnailUrl\":\"https:\\\/\\\/www.salzburgerland.com\\\/de\\\/magazin\\\/wp-content\\\/uploads\\\/2016\\\/07\\\/Museum_l.jpg\",\"datePublished\":\"2016-08-12T06:00:48+00:00\",\"dateModified\":\"2020-04-15T08:55:45+00:00\",\"breadcrumb\":{\"@id\":\"https:\\\/\\\/www.salzburgerland.com\\\/de\\\/magazin\\\/museum-zum-pulvermacher\\\/#breadcrumb\"},\"inLanguage\":\"de\",\"potentialAction\":[{\"@type\":\"ReadAction\",\"target\":[\"https:\\\/\\\/www.salzburgerland.com\\\/de\\\/magazin\\\/museum-zum-pulvermacher\\\/\"]}]},{\"@type\":\"ImageObject\",\"inLanguage\":\"de\",\"@id\":\"https:\\\/\\\/www.salzburgerland.com\\\/de\\\/magazin\\\/museum-zum-pulvermacher\\\/#primaryimage\",\"url\":\"https:\\\/\\\/www.salzburgerland.com\\\/de\\\/magazin\\\/wp-content\\\/uploads\\\/2016\\\/07\\\/Museum_l.jpg\",\"contentUrl\":\"https:\\\/\\\/www.salzburgerland.com\\\/de\\\/magazin\\\/wp-content\\\/uploads\\\/2016\\\/07\\\/Museum_l.jpg\",\"width\":1739,\"height\":1152,\"caption\":\"Altes Gesch\u00e4ft\"},{\"@type\":\"BreadcrumbList\",\"@id\":\"https:\\\/\\\/www.salzburgerland.com\\\/de\\\/magazin\\\/museum-zum-pulvermacher\\\/#breadcrumb\",\"itemListElement\":[{\"@type\":\"ListItem\",\"position\":1,\"name\":\"Startseite\",\"item\":\"https:\\\/\\\/www.salzburgerland.com\\\/de\\\/magazin\\\/\"},{\"@type\":\"ListItem\",\"position\":2,\"name\":\"Sehensw\u00fcrdig\",\"item\":\"https:\\\/\\\/www.salzburgerland.com\\\/de\\\/magazin\\\/thema\\\/sehenswurdig\\\/\"},{\"@type\":\"ListItem\",\"position\":3,\"name\":\"Museum zum Pulvermacher\"}]},{\"@type\":\"WebSite\",\"@id\":\"https:\\\/\\\/www.salzburgerland.com\\\/de\\\/magazin\\\/#website\",\"url\":\"https:\\\/\\\/www.salzburgerland.com\\\/de\\\/magazin\\\/\",\"name\":\"SalzburgerLand Magazin\",\"description\":\"Geschichten und Interessantes aus dem SalzburgerLand\",\"publisher\":{\"@id\":\"https:\\\/\\\/www.salzburgerland.com\\\/de\\\/magazin\\\/#organization\"},\"potentialAction\":[{\"@type\":\"SearchAction\",\"target\":{\"@type\":\"EntryPoint\",\"urlTemplate\":\"https:\\\/\\\/www.salzburgerland.com\\\/de\\\/magazin\\\/?s={search_term_string}\"},\"query-input\":{\"@type\":\"PropertyValueSpecification\",\"valueRequired\":true,\"valueName\":\"search_term_string\"}}],\"inLanguage\":\"de\"},{\"@type\":\"Organization\",\"@id\":\"https:\\\/\\\/www.salzburgerland.com\\\/de\\\/magazin\\\/#organization\",\"name\":\"SalzburgerLand Tourismus\",\"url\":\"https:\\\/\\\/www.salzburgerland.com\\\/de\\\/magazin\\\/\",\"logo\":{\"@type\":\"ImageObject\",\"inLanguage\":\"de\",\"@id\":\"https:\\\/\\\/www.salzburgerland.com\\\/de\\\/magazin\\\/#\\\/schema\\\/logo\\\/image\\\/\",\"url\":\"https:\\\/\\\/www.salzburgerland.com\\\/de\\\/magazin\\\/wp-content\\\/uploads\\\/2019\\\/06\\\/salzburgerland-logo1.jpg\",\"contentUrl\":\"https:\\\/\\\/www.salzburgerland.com\\\/de\\\/magazin\\\/wp-content\\\/uploads\\\/2019\\\/06\\\/salzburgerland-logo1.jpg\",\"width\":2011,\"height\":866,\"caption\":\"SalzburgerLand Tourismus\"},\"image\":{\"@id\":\"https:\\\/\\\/www.salzburgerland.com\\\/de\\\/magazin\\\/#\\\/schema\\\/logo\\\/image\\\/\"},\"sameAs\":[\"https:\\\/\\\/www.facebook.com\\\/salzburgerland\\\/\",\"https:\\\/\\\/x.com\\\/Salzburgerland\",\"https:\\\/\\\/www.instagram.com\\\/salzburgerland\\\/\",\"https:\\\/\\\/at.linkedin.com\\\/company\\\/salzburgerland-tourismus-gmbh\",\"https:\\\/\\\/www.pinterest.at\\\/salzburgerland\\\/\",\"https:\\\/\\\/www.youtube.com\\\/user\\\/salzburgerland\",\"https:\\\/\\\/de.wikipedia.org\\\/wiki\\\/SalzburgerLand_Tourismus_GmbH\"]},{\"@type\":\"Person\",\"@id\":\"https:\\\/\\\/www.salzburgerland.com\\\/de\\\/magazin\\\/#\\\/schema\\\/person\\\/7932db74f19d9640620859cb2b794c4e\",\"name\":\"Christine Fr\u00f6schl\",\"description\":\"Dein pers\u00f6nlicher Logenplatz im SalzburgerLand? Am liebsten gehe ich auf den Einberg im Salzburger Tennengau. Der Berg in der Osterhorn-Gruppe gl\u00e4nzt das ganze Jahr im Sonnenschein, auf dem Gipfel heben Paragleiter ab und die Aussicht auf das Tennengebirge, den Dachstein und die Bischofsm\u00fctze ist traumhaft. Dosige(r) oder Zuagroast? Zuagroast aus dem sch\u00f6nen Nieder\u00f6sterreich. Fr\u00fchling, Sommer, Herbst oder Winter? Alle Jahreszeiten begeistern mich. Momentan freue ich mich auf den Fr\u00fchling, das Zwitschern der V\u00f6gel und auf die sattgr\u00fcnen Wiesen. Salzburger Nockerl oder Schwarzbeernocken? Eindeutig Schwarzbeernocken. Rindsroulade vom Pinzgauer Biorind oder Saibling fangfrisch aus dem Fuschlsee? Mhhhh. Da kann ich mich nicht entscheiden. Bergtour oder Seentour? Mich zieht es auf jeden Fall hinauf. Begeistert bin ich auch von tiefblauen Bergseen in denen sich die Umgebung spiegelt und von der Aussicht w\u00e4hrend des Weges auf einen der wundersch\u00f6nen Seen im Salzburger Land.\",\"url\":\"https:\\\/\\\/www.salzburgerland.com\\\/de\\\/magazin\\\/author\\\/christine-froeschl\\\/\"}]}<\/script>\n<!-- \/ Yoast SEO Premium plugin. -->","yoast_head_json":{"title":"Museum zum Pulvermacher - SalzburgerLand Magazin","description":"Bis 1919 wurde in Elsbethen-Glasenbach Schwarzpulver erzeugt. Wie die Menschen dieses Spreng- und Schie\u00dfpulver in der rund 400 Jahre langen Geschichte der Pulvermacher herstellten, ist im Museum \"Zum Pulvermacher\" zu sehen. Ber\u00fchrendes zeigt die diesj\u00e4hrige Sonderausstellung \"Not macht erfinderisch\u201c.","robots":{"index":"index","follow":"follow","max-snippet":"max-snippet:-1","max-image-preview":"max-image-preview:large","max-video-preview":"max-video-preview:-1"},"canonical":"https:\/\/www.salzburgerland.com\/de\/magazin\/museum-zum-pulvermacher\/","og_locale":"de_DE","og_type":"article","og_title":"Museum zum Pulvermacher","og_description":"Wasser flie\u00dft \u00fcber die M\u00fchlr\u00e4der der Pulverm\u00fchle in Elsbethen-Glasenbach. Franziska Scheibl, die Kustodin des Museums &#8222;Zum Pulvermacher&#8220; und ihre Stellvertreterin Ingrid Thaler haben den Wasserhahn aufgedreht und erkl\u00e4ren wie rund 400 Jahre lang in Glasenbach aus den Grundstoffen Salpeter, Schwefel und Holzkohle Schwarzpulver hergestellt wurde. Das Museum &#8222;Zum Pulvermacher&#8220; befindet sich im ehemaligen Pulvermacherzuhaus. Was [&hellip;]","og_url":"https:\/\/www.salzburgerland.com\/de\/magazin\/museum-zum-pulvermacher\/","og_site_name":"SalzburgerLand Magazin","article_publisher":"https:\/\/www.facebook.com\/salzburgerland\/","article_published_time":"2016-08-12T06:00:48+00:00","article_modified_time":"2020-04-15T08:55:45+00:00","og_image":[{"width":1739,"height":1152,"url":"https:\/\/www.salzburgerland.com\/de\/magazin\/wp-content\/uploads\/2016\/07\/Museum_l.jpg","type":"image\/jpeg"}],"author":"Christine Fr\u00f6schl","twitter_card":"summary_large_image","twitter_creator":"@Salzburgerland","twitter_site":"@Salzburgerland","twitter_misc":{"Verfasst von":"Christine Fr\u00f6schl","Gesch\u00e4tzte Lesezeit":"2\u00a0Minuten"},"schema":{"@context":"https:\/\/schema.org","@graph":[{"@type":"Article","@id":"https:\/\/www.salzburgerland.com\/de\/magazin\/museum-zum-pulvermacher\/#article","isPartOf":{"@id":"https:\/\/www.salzburgerland.com\/de\/magazin\/museum-zum-pulvermacher\/"},"author":{"name":"Christine Fr\u00f6schl","@id":"https:\/\/www.salzburgerland.com\/de\/magazin\/#\/schema\/person\/7932db74f19d9640620859cb2b794c4e"},"headline":"Museum zum Pulvermacher","datePublished":"2016-08-12T06:00:48+00:00","dateModified":"2020-04-15T08:55:45+00:00","mainEntityOfPage":{"@id":"https:\/\/www.salzburgerland.com\/de\/magazin\/museum-zum-pulvermacher\/"},"wordCount":410,"commentCount":0,"publisher":{"@id":"https:\/\/www.salzburgerland.com\/de\/magazin\/#organization"},"image":{"@id":"https:\/\/www.salzburgerland.com\/de\/magazin\/museum-zum-pulvermacher\/#primaryimage"},"thumbnailUrl":"https:\/\/www.salzburgerland.com\/de\/magazin\/wp-content\/uploads\/2016\/07\/Museum_l.jpg","articleSection":["Sehensw\u00fcrdig"],"inLanguage":"de","potentialAction":[{"@type":"CommentAction","name":"Comment","target":["https:\/\/www.salzburgerland.com\/de\/magazin\/museum-zum-pulvermacher\/#respond"]}]},{"@type":"WebPage","@id":"https:\/\/www.salzburgerland.com\/de\/magazin\/museum-zum-pulvermacher\/","url":"https:\/\/www.salzburgerland.com\/de\/magazin\/museum-zum-pulvermacher\/","name":"Museum zum Pulvermacher - SalzburgerLand Magazin","isPartOf":{"@id":"https:\/\/www.salzburgerland.com\/de\/magazin\/#website"},"primaryImageOfPage":{"@id":"https:\/\/www.salzburgerland.com\/de\/magazin\/museum-zum-pulvermacher\/#primaryimage"},"image":{"@id":"https:\/\/www.salzburgerland.com\/de\/magazin\/museum-zum-pulvermacher\/#primaryimage"},"thumbnailUrl":"https:\/\/www.salzburgerland.com\/de\/magazin\/wp-content\/uploads\/2016\/07\/Museum_l.jpg","datePublished":"2016-08-12T06:00:48+00:00","dateModified":"2020-04-15T08:55:45+00:00","breadcrumb":{"@id":"https:\/\/www.salzburgerland.com\/de\/magazin\/museum-zum-pulvermacher\/#breadcrumb"},"inLanguage":"de","potentialAction":[{"@type":"ReadAction","target":["https:\/\/www.salzburgerland.com\/de\/magazin\/museum-zum-pulvermacher\/"]}]},{"@type":"ImageObject","inLanguage":"de","@id":"https:\/\/www.salzburgerland.com\/de\/magazin\/museum-zum-pulvermacher\/#primaryimage","url":"https:\/\/www.salzburgerland.com\/de\/magazin\/wp-content\/uploads\/2016\/07\/Museum_l.jpg","contentUrl":"https:\/\/www.salzburgerland.com\/de\/magazin\/wp-content\/uploads\/2016\/07\/Museum_l.jpg","width":1739,"height":1152,"caption":"Altes Gesch\u00e4ft"},{"@type":"BreadcrumbList","@id":"https:\/\/www.salzburgerland.com\/de\/magazin\/museum-zum-pulvermacher\/#breadcrumb","itemListElement":[{"@type":"ListItem","position":1,"name":"Startseite","item":"https:\/\/www.salzburgerland.com\/de\/magazin\/"},{"@type":"ListItem","position":2,"name":"Sehensw\u00fcrdig","item":"https:\/\/www.salzburgerland.com\/de\/magazin\/thema\/sehenswurdig\/"},{"@type":"ListItem","position":3,"name":"Museum zum Pulvermacher"}]},{"@type":"WebSite","@id":"https:\/\/www.salzburgerland.com\/de\/magazin\/#website","url":"https:\/\/www.salzburgerland.com\/de\/magazin\/","name":"SalzburgerLand Magazin","description":"Geschichten und Interessantes aus dem SalzburgerLand","publisher":{"@id":"https:\/\/www.salzburgerland.com\/de\/magazin\/#organization"},"potentialAction":[{"@type":"SearchAction","target":{"@type":"EntryPoint","urlTemplate":"https:\/\/www.salzburgerland.com\/de\/magazin\/?s={search_term_string}"},"query-input":{"@type":"PropertyValueSpecification","valueRequired":true,"valueName":"search_term_string"}}],"inLanguage":"de"},{"@type":"Organization","@id":"https:\/\/www.salzburgerland.com\/de\/magazin\/#organization","name":"SalzburgerLand Tourismus","url":"https:\/\/www.salzburgerland.com\/de\/magazin\/","logo":{"@type":"ImageObject","inLanguage":"de","@id":"https:\/\/www.salzburgerland.com\/de\/magazin\/#\/schema\/logo\/image\/","url":"https:\/\/www.salzburgerland.com\/de\/magazin\/wp-content\/uploads\/2019\/06\/salzburgerland-logo1.jpg","contentUrl":"https:\/\/www.salzburgerland.com\/de\/magazin\/wp-content\/uploads\/2019\/06\/salzburgerland-logo1.jpg","width":2011,"height":866,"caption":"SalzburgerLand Tourismus"},"image":{"@id":"https:\/\/www.salzburgerland.com\/de\/magazin\/#\/schema\/logo\/image\/"},"sameAs":["https:\/\/www.facebook.com\/salzburgerland\/","https:\/\/x.com\/Salzburgerland","https:\/\/www.instagram.com\/salzburgerland\/","https:\/\/at.linkedin.com\/company\/salzburgerland-tourismus-gmbh","https:\/\/www.pinterest.at\/salzburgerland\/","https:\/\/www.youtube.com\/user\/salzburgerland","https:\/\/de.wikipedia.org\/wiki\/SalzburgerLand_Tourismus_GmbH"]},{"@type":"Person","@id":"https:\/\/www.salzburgerland.com\/de\/magazin\/#\/schema\/person\/7932db74f19d9640620859cb2b794c4e","name":"Christine Fr\u00f6schl","description":"Dein pers\u00f6nlicher Logenplatz im SalzburgerLand? Am liebsten gehe ich auf den Einberg im Salzburger Tennengau. Der Berg in der Osterhorn-Gruppe gl\u00e4nzt das ganze Jahr im Sonnenschein, auf dem Gipfel heben Paragleiter ab und die Aussicht auf das Tennengebirge, den Dachstein und die Bischofsm\u00fctze ist traumhaft. Dosige(r) oder Zuagroast? Zuagroast aus dem sch\u00f6nen Nieder\u00f6sterreich. Fr\u00fchling, Sommer, Herbst oder Winter? Alle Jahreszeiten begeistern mich. Momentan freue ich mich auf den Fr\u00fchling, das Zwitschern der V\u00f6gel und auf die sattgr\u00fcnen Wiesen. Salzburger Nockerl oder Schwarzbeernocken? Eindeutig Schwarzbeernocken. Rindsroulade vom Pinzgauer Biorind oder Saibling fangfrisch aus dem Fuschlsee? Mhhhh. Da kann ich mich nicht entscheiden. Bergtour oder Seentour? Mich zieht es auf jeden Fall hinauf. Begeistert bin ich auch von tiefblauen Bergseen in denen sich die Umgebung spiegelt und von der Aussicht w\u00e4hrend des Weges auf einen der wundersch\u00f6nen Seen im Salzburger Land.","url":"https:\/\/www.salzburgerland.com\/de\/magazin\/author\/christine-froeschl\/"}]}},"_wl_alt_label":[],"wl:entity_url":"http:\/\/open.salzburgerland.com\/magazin\/post\/spannende_reise_in_vergangene_zeiten","_links":{"self":[{"href":"https:\/\/www.salzburgerland.com\/de\/magazin\/wp-json\/wp\/v2\/posts\/107405","targetHints":{"allow":["GET"]}}],"collection":[{"href":"https:\/\/www.salzburgerland.com\/de\/magazin\/wp-json\/wp\/v2\/posts"}],"about":[{"href":"https:\/\/www.salzburgerland.com\/de\/magazin\/wp-json\/wp\/v2\/types\/post"}],"author":[{"embeddable":true,"href":"https:\/\/www.salzburgerland.com\/de\/magazin\/wp-json\/wp\/v2\/users\/236"}],"replies":[{"embeddable":true,"href":"https:\/\/www.salzburgerland.com\/de\/magazin\/wp-json\/wp\/v2\/comments?post=107405"}],"version-history":[{"count":2,"href":"https:\/\/www.salzburgerland.com\/de\/magazin\/wp-json\/wp\/v2\/posts\/107405\/revisions"}],"predecessor-version":[{"id":143944,"href":"https:\/\/www.salzburgerland.com\/de\/magazin\/wp-json\/wp\/v2\/posts\/107405\/revisions\/143944"}],"wp:featuredmedia":[{"embeddable":true,"href":"https:\/\/www.salzburgerland.com\/de\/magazin\/wp-json\/wp\/v2\/media\/107416"}],"wp:attachment":[{"href":"https:\/\/www.salzburgerland.com\/de\/magazin\/wp-json\/wp\/v2\/media?parent=107405"}],"wp:term":[{"taxonomy":"category","embeddable":true,"href":"https:\/\/www.salzburgerland.com\/de\/magazin\/wp-json\/wp\/v2\/categories?post=107405"},{"taxonomy":"post_tag","embeddable":true,"href":"https:\/\/www.salzburgerland.com\/de\/magazin\/wp-json\/wp\/v2\/tags?post=107405"},{"taxonomy":"wl_entity_type","embeddable":true,"href":"https:\/\/www.salzburgerland.com\/de\/magazin\/wp-json\/wp\/v2\/wl_entity_type?post=107405"},{"taxonomy":"monatsauswahl","embeddable":true,"href":"https:\/\/www.salzburgerland.com\/de\/magazin\/wp-json\/wp\/v2\/monatsauswahl?post=107405"}],"curies":[{"name":"wp","href":"https:\/\/api.w.org\/{rel}","templated":true}]}}