{"id":107105,"date":"2016-06-30T20:44:26","date_gmt":"2016-06-30T18:44:26","guid":{"rendered":"http:\/\/magazin.salzburgerland.com\/?p=107105"},"modified":"2016-07-26T11:38:26","modified_gmt":"2016-07-26T09:38:26","slug":"musik-motocross-und-viel-musse-marcel-hirscher-im-sommer","status":"publish","type":"post","link":"https:\/\/www.salzburgerland.com\/de\/magazin\/musik-motocross-und-viel-musse-marcel-hirscher-im-sommer\/","title":{"rendered":"Musik, Motocross und viel Mu\u00dfe \u2013 Marcel Hirscher im Sommer!"},"content":{"rendered":"<p><strong>Der Sommer ist die Zeit der See- und Waldfeste, der Musikfestivals und der Kunst- und Kulturveranstaltungen im SalzburgerLand: Gefeiert wird, was das Zeug h\u00e4lt, denn niemals sind die N\u00e4chte k\u00fcrzer als jetzt! Auch Marcel Hirscher \u2013 mitten in der Sommerpause zwischen zwei Weltcup-Saisonen \u2013 findet nun Zeit und Mu\u00dfe, die Nacht zum Tag zu machen. Denn obwohl das Sommertraining straff geplant ist, darf der Spa\u00df nicht zu kurz kommen. \u201eDer Sommer ist meine Zeit, um zuhause aufzutanken. Aber auch die Zeit, um einfach privat zu sein und das zu tun, wozu ich Lust habe oder eben nicht\u201c, sagt der Salzburger Spitzensportler.<\/strong><\/p>\n<p><strong>Electric Love Festival \u2013 der Pflichttermin im Juli<br \/><\/strong>Eine Veranstaltung, die Marcel Hirscher schon seit Jahren besucht, ist das Electric Love Festival am Salzburgring. \u201eDie Veranstaltung z\u00e4hlt mittlerweile zu den drei besten Festivals f\u00fcr Electronic Dance Music weltweit und wird von einem Freund von mir organisiert\u201c, freut sich Marcel Hirscher. \u201eDas Festival ist ein absolutes Highlight und ein j\u00e4hrlicher Pflichttermin f\u00fcr mich.\u201c Von 7. bis 9. Juli 2016 sorgten \u00fcber 100 K\u00fcnstler auf vier B\u00fchnen f\u00fcr beste Stimmung. Mit Hardwell, Armin van Buuren, Jack\u00dc, Afrojack, Deorro, Axwell and Ingrosso, Martin Solveig, Nicky Romero und Sigma waren\u00a0wieder ganz gro\u00dfe Namen der EDM-, Techno- und Hardstyle-Szene mit dabei.<br \/> Marcel Hirschers Sponsor Raiffeisen verloste zwei Festivalp\u00e4sse, Tickets gabs\u00a0in allen Raiffeisenbanken in \u00d6sterreich, Raiffeisen-Club Mitglieder erhielten au\u00dferdem erm\u00e4\u00dfigte Festivalp\u00e4sse. <a href=\"http:\/\/www.electriclove.at\/de\/home\" target=\"_blank\">www.electroniclove.at<\/a> #celebratemusic<\/p>\n<p><img loading=\"lazy\" decoding=\"async\" class=\"aligncenter size-singlePost wp-image-107107\" src=\"https:\/\/www.salzburgerland.com\/de\/magazin\/wp-content\/uploads\/2016\/06\/electric-love-650x400.jpeg\" alt=\"electric-love\" width=\"650\" height=\"400\" \/><\/p>\n<p><strong>Musik ist gut, braucht es aber nicht immer<br \/><\/strong>Musik spielt in Marcel Hirschers Leben eine wichtige Rolle: Bereits zweimal hat er den \u00d63 Wecker moderiert und damit dem ganzen Land Einblick in seinen Musikgeschmack gew\u00e4hrt. \u201eNur beim Training brauche ich keine Musik im Ohr: Da sind mir die Ger\u00e4usche in der Natur \u2013 die V\u00f6gel, das Wasser, die Kuhglocken oder das Ger\u00e4usch meiner KTM Motocross \u2013 lieber als alles andere\u201c, so der bekennende Motocross-Liebhaber. Unweit seines Heimatortes befindet sich in Tenneck die &#8222;XBOWL OFFROAD ARENA Stegenwald&#8220; mit WM-tauglicher Motocross-Strecke und zugleich die einzige, offizielle Location im SalzburgerLand, wo t\u00e4glich Offroad Motorsport ausge\u00fcbt werden kann. Doch Marcel Hirscher hat auch sein eigenes Trainingsgel\u00e4nde in seinem Heimatort Annaberg. Da ist er ungest\u00f6rt und matcht sich am liebsten mit Bruder Leon.<\/p>\n<p><img loading=\"lazy\" decoding=\"async\" class=\"aligncenter size-singlePost wp-image-107110\" src=\"https:\/\/www.salzburgerland.com\/de\/magazin\/wp-content\/uploads\/2016\/06\/marcel-hirscher-motocross-quelle-facebook-hirscher-650x435.jpg\" alt=\"marcel-hirscher-motocross-quelle-facebook-hirscher\" width=\"650\" height=\"435\" \/><\/p>\n<p><strong>Offen f\u00fcr alles und ohne Vorurteile<br \/><\/strong>In Sachen Sommertraining steht Altbew\u00e4hrtes auf dem Programm: Motocross, Crossfit, Kajak. Doch auch neuen Methoden steht der Lammertaler offen gegen\u00fcber: \u201eAlles, was einem hilft, ist gut und so halte ich es auch bei mir selbst. Ich habe vieles ausprobiert und was mir gut tut, behalte ich bei bzw. integriere ich immer wieder in mein Programm. Wichtig ist, dass man aufgeschlossen ist und nicht mit Vorurteilen durch die Welt geht. Das trifft nicht nur auf den Sport zu, sondern auf so gut wie alles.\u201c<\/p>\n<p><img loading=\"lazy\" decoding=\"async\" class=\"aligncenter size-singlePost wp-image-107106\" src=\"https:\/\/www.salzburgerland.com\/de\/magazin\/wp-content\/uploads\/2016\/06\/kayak-lammer-650x435.jpg\" alt=\"kayak-lammer\" width=\"650\" height=\"435\" \/><\/p>\n<p><strong>Marcel Hirscher zum Kennenlernen.<\/strong><\/p>\n<p><strong>Der Skistar aus dem SalzburgerLand im Wordrap\u2026<\/strong><\/p>\n<ul>\n<li><strong>Die Salzburger Festspiele <\/strong>stehen heuer nicht auf meinem Programm.<\/li>\n<li><strong>Tanzen <\/strong>ist cool, doch da fehlt mir die Erfahrung.<\/li>\n<li><strong>Auf was ich den ganzen Sommer gut verzichten kann, ist <\/strong><\/li>\n<li><strong>Ausschlafen <\/strong>ist nicht so mein Ding. Ich n\u00fctze gerne den ganzen Tag.<\/li>\n<\/ul>\n","protected":false},"excerpt":{"rendered":"<p>Der Sommer ist die Zeit der See- und Waldfeste, der Musikfestivals und der Kunst- und Kulturveranstaltungen im SalzburgerLand: Gefeiert wird, was das Zeug h\u00e4lt, denn niemals sind die N\u00e4chte k\u00fcrzer als jetzt! Auch Marcel Hirscher \u2013 mitten in der Sommerpause zwischen zwei Weltcup-Saisonen \u2013 findet nun Zeit und Mu\u00dfe, die Nacht zum Tag zu machen. [&hellip;]<\/p>\n","protected":false},"author":226,"featured_media":107108,"comment_status":"open","ping_status":"open","sticky":false,"template":"","format":"standard","meta":{"_acf_changed":false,"wl_entities_gutenberg":"","_wl_entity_redirect_enabled":"","footnotes":""},"categories":[8],"tags":[238,239],"wl_entity_type":[306],"monatsauswahl":[87,88],"class_list":["post-107105","post","type-post","status-publish","format-standard","has-post-thumbnail","hentry","category-outdoor-sport","tag-marcel","tag-marcel-hirscher","wl_entity_type-article","monatsauswahl-monat_6","monatsauswahl-monat_7"],"acf":[],"yoast_head":"<!-- This site is optimized with the Yoast SEO Premium plugin v27.4 (Yoast SEO v27.4) - https:\/\/yoast.com\/product\/yoast-seo-premium-wordpress\/ -->\n<title>Musik, Motocross und viel Mu\u00dfe \u2013 Marcel Hirscher im Sommer! - SalzburgerLand Magazin<\/title>\n<meta name=\"description\" content=\"Der Sommer ist die Zeit der See- und Waldfeste, der Musikfestivals und der Kunst- und Kulturveranstaltungen im SalzburgerLand: Gefeiert wird, was das Zeug h\u00e4lt, denn niemals sind die N\u00e4chte k\u00fcrzer als jetzt! Auch Marcel Hirscher \u2013 mitten in der Sommerpause zwischen zwei Weltcup-Saisonen \u2013 findet nun Zeit und Mu\u00dfe, die Nacht zum Tag zu machen. [&hellip;]\" \/>\n<meta name=\"robots\" content=\"index, follow, max-snippet:-1, max-image-preview:large, max-video-preview:-1\" \/>\n<link rel=\"canonical\" href=\"https:\/\/www.salzburgerland.com\/de\/magazin\/musik-motocross-und-viel-musse-marcel-hirscher-im-sommer\/\" \/>\n<meta property=\"og:locale\" content=\"de_DE\" \/>\n<meta property=\"og:type\" content=\"article\" \/>\n<meta property=\"og:title\" content=\"Musik, Motocross und viel Mu\u00dfe \u2013 Marcel Hirscher im Sommer!\" \/>\n<meta property=\"og:description\" content=\"Der Sommer ist die Zeit der See- und Waldfeste, der Musikfestivals und der Kunst- und Kulturveranstaltungen im SalzburgerLand: Gefeiert wird, was das Zeug h\u00e4lt, denn niemals sind die N\u00e4chte k\u00fcrzer als jetzt! Auch Marcel Hirscher \u2013 mitten in der Sommerpause zwischen zwei Weltcup-Saisonen \u2013 findet nun Zeit und Mu\u00dfe, die Nacht zum Tag zu machen. [&hellip;]\" \/>\n<meta property=\"og:url\" content=\"https:\/\/www.salzburgerland.com\/de\/magazin\/musik-motocross-und-viel-musse-marcel-hirscher-im-sommer\/\" \/>\n<meta property=\"og:site_name\" content=\"SalzburgerLand Magazin\" \/>\n<meta property=\"article:publisher\" content=\"https:\/\/www.facebook.com\/salzburgerland\/\" \/>\n<meta property=\"article:published_time\" content=\"2016-06-30T18:44:26+00:00\" \/>\n<meta property=\"article:modified_time\" content=\"2016-07-26T09:38:26+00:00\" \/>\n<meta property=\"og:image\" content=\"https:\/\/www.salzburgerland.com\/de\/magazin\/wp-content\/uploads\/2016\/06\/marcel-hirscher-crossfit2-quelle-facebook-hirscher.jpg\" \/>\n\t<meta property=\"og:image:width\" content=\"707\" \/>\n\t<meta property=\"og:image:height\" content=\"960\" \/>\n\t<meta property=\"og:image:type\" content=\"image\/jpeg\" \/>\n<meta name=\"author\" content=\"Franziska Lipp\" \/>\n<meta name=\"twitter:card\" content=\"summary_large_image\" \/>\n<meta name=\"twitter:creator\" content=\"@Salzburgerland\" \/>\n<meta name=\"twitter:site\" content=\"@Salzburgerland\" \/>\n<meta name=\"twitter:label1\" content=\"Verfasst von\" \/>\n\t<meta name=\"twitter:data1\" content=\"Franziska Lipp\" \/>\n\t<meta name=\"twitter:label2\" content=\"Gesch\u00e4tzte Lesezeit\" \/>\n\t<meta name=\"twitter:data2\" content=\"3\u00a0Minuten\" \/>\n<script type=\"application\/ld+json\" class=\"yoast-schema-graph\">{\"@context\":\"https:\\\/\\\/schema.org\",\"@graph\":[{\"@type\":\"Article\",\"@id\":\"https:\\\/\\\/www.salzburgerland.com\\\/de\\\/magazin\\\/musik-motocross-und-viel-musse-marcel-hirscher-im-sommer\\\/#article\",\"isPartOf\":{\"@id\":\"https:\\\/\\\/www.salzburgerland.com\\\/de\\\/magazin\\\/musik-motocross-und-viel-musse-marcel-hirscher-im-sommer\\\/\"},\"author\":{\"name\":\"Franziska Lipp\",\"@id\":\"https:\\\/\\\/www.salzburgerland.com\\\/de\\\/magazin\\\/#\\\/schema\\\/person\\\/de63f37594c18fae834230774d6a2704\"},\"headline\":\"Musik, Motocross und viel Mu\u00dfe \u2013 Marcel Hirscher im Sommer!\",\"datePublished\":\"2016-06-30T18:44:26+00:00\",\"dateModified\":\"2016-07-26T09:38:26+00:00\",\"mainEntityOfPage\":{\"@id\":\"https:\\\/\\\/www.salzburgerland.com\\\/de\\\/magazin\\\/musik-motocross-und-viel-musse-marcel-hirscher-im-sommer\\\/\"},\"wordCount\":528,\"commentCount\":0,\"publisher\":{\"@id\":\"https:\\\/\\\/www.salzburgerland.com\\\/de\\\/magazin\\\/#organization\"},\"image\":{\"@id\":\"https:\\\/\\\/www.salzburgerland.com\\\/de\\\/magazin\\\/musik-motocross-und-viel-musse-marcel-hirscher-im-sommer\\\/#primaryimage\"},\"thumbnailUrl\":\"https:\\\/\\\/www.salzburgerland.com\\\/de\\\/magazin\\\/wp-content\\\/uploads\\\/2016\\\/06\\\/marcel-hirscher-crossfit2-quelle-facebook-hirscher.jpg\",\"keywords\":[\"Marcel\",\"Marcel Hirscher\"],\"articleSection\":[\"Outdoor &amp; Sport\"],\"inLanguage\":\"de\",\"potentialAction\":[{\"@type\":\"CommentAction\",\"name\":\"Comment\",\"target\":[\"https:\\\/\\\/www.salzburgerland.com\\\/de\\\/magazin\\\/musik-motocross-und-viel-musse-marcel-hirscher-im-sommer\\\/#respond\"]}]},{\"@type\":\"WebPage\",\"@id\":\"https:\\\/\\\/www.salzburgerland.com\\\/de\\\/magazin\\\/musik-motocross-und-viel-musse-marcel-hirscher-im-sommer\\\/\",\"url\":\"https:\\\/\\\/www.salzburgerland.com\\\/de\\\/magazin\\\/musik-motocross-und-viel-musse-marcel-hirscher-im-sommer\\\/\",\"name\":\"Musik, Motocross und viel Mu\u00dfe \u2013 Marcel Hirscher im Sommer! - SalzburgerLand Magazin\",\"isPartOf\":{\"@id\":\"https:\\\/\\\/www.salzburgerland.com\\\/de\\\/magazin\\\/#website\"},\"primaryImageOfPage\":{\"@id\":\"https:\\\/\\\/www.salzburgerland.com\\\/de\\\/magazin\\\/musik-motocross-und-viel-musse-marcel-hirscher-im-sommer\\\/#primaryimage\"},\"image\":{\"@id\":\"https:\\\/\\\/www.salzburgerland.com\\\/de\\\/magazin\\\/musik-motocross-und-viel-musse-marcel-hirscher-im-sommer\\\/#primaryimage\"},\"thumbnailUrl\":\"https:\\\/\\\/www.salzburgerland.com\\\/de\\\/magazin\\\/wp-content\\\/uploads\\\/2016\\\/06\\\/marcel-hirscher-crossfit2-quelle-facebook-hirscher.jpg\",\"datePublished\":\"2016-06-30T18:44:26+00:00\",\"dateModified\":\"2016-07-26T09:38:26+00:00\",\"breadcrumb\":{\"@id\":\"https:\\\/\\\/www.salzburgerland.com\\\/de\\\/magazin\\\/musik-motocross-und-viel-musse-marcel-hirscher-im-sommer\\\/#breadcrumb\"},\"inLanguage\":\"de\",\"potentialAction\":[{\"@type\":\"ReadAction\",\"target\":[\"https:\\\/\\\/www.salzburgerland.com\\\/de\\\/magazin\\\/musik-motocross-und-viel-musse-marcel-hirscher-im-sommer\\\/\"]}]},{\"@type\":\"ImageObject\",\"inLanguage\":\"de\",\"@id\":\"https:\\\/\\\/www.salzburgerland.com\\\/de\\\/magazin\\\/musik-motocross-und-viel-musse-marcel-hirscher-im-sommer\\\/#primaryimage\",\"url\":\"https:\\\/\\\/www.salzburgerland.com\\\/de\\\/magazin\\\/wp-content\\\/uploads\\\/2016\\\/06\\\/marcel-hirscher-crossfit2-quelle-facebook-hirscher.jpg\",\"contentUrl\":\"https:\\\/\\\/www.salzburgerland.com\\\/de\\\/magazin\\\/wp-content\\\/uploads\\\/2016\\\/06\\\/marcel-hirscher-crossfit2-quelle-facebook-hirscher.jpg\",\"width\":707,\"height\":960,\"caption\":\"Mann in blauen Shorts macht einen Klimmzug an einer Turnstange vor einer roten Wand, von hinten gesehen.\"},{\"@type\":\"BreadcrumbList\",\"@id\":\"https:\\\/\\\/www.salzburgerland.com\\\/de\\\/magazin\\\/musik-motocross-und-viel-musse-marcel-hirscher-im-sommer\\\/#breadcrumb\",\"itemListElement\":[{\"@type\":\"ListItem\",\"position\":1,\"name\":\"Startseite\",\"item\":\"https:\\\/\\\/www.salzburgerland.com\\\/de\\\/magazin\\\/\"},{\"@type\":\"ListItem\",\"position\":2,\"name\":\"Outdoor &amp; Sport\",\"item\":\"https:\\\/\\\/www.salzburgerland.com\\\/de\\\/magazin\\\/thema\\\/outdoor-sport\\\/\"},{\"@type\":\"ListItem\",\"position\":3,\"name\":\"Musik, Motocross und viel Mu\u00dfe \u2013 Marcel Hirscher im Sommer!\"}]},{\"@type\":\"WebSite\",\"@id\":\"https:\\\/\\\/www.salzburgerland.com\\\/de\\\/magazin\\\/#website\",\"url\":\"https:\\\/\\\/www.salzburgerland.com\\\/de\\\/magazin\\\/\",\"name\":\"SalzburgerLand Magazin\",\"description\":\"Geschichten und Interessantes aus dem SalzburgerLand\",\"publisher\":{\"@id\":\"https:\\\/\\\/www.salzburgerland.com\\\/de\\\/magazin\\\/#organization\"},\"potentialAction\":[{\"@type\":\"SearchAction\",\"target\":{\"@type\":\"EntryPoint\",\"urlTemplate\":\"https:\\\/\\\/www.salzburgerland.com\\\/de\\\/magazin\\\/?s={search_term_string}\"},\"query-input\":{\"@type\":\"PropertyValueSpecification\",\"valueRequired\":true,\"valueName\":\"search_term_string\"}}],\"inLanguage\":\"de\"},{\"@type\":\"Organization\",\"@id\":\"https:\\\/\\\/www.salzburgerland.com\\\/de\\\/magazin\\\/#organization\",\"name\":\"SalzburgerLand Tourismus\",\"url\":\"https:\\\/\\\/www.salzburgerland.com\\\/de\\\/magazin\\\/\",\"logo\":{\"@type\":\"ImageObject\",\"inLanguage\":\"de\",\"@id\":\"https:\\\/\\\/www.salzburgerland.com\\\/de\\\/magazin\\\/#\\\/schema\\\/logo\\\/image\\\/\",\"url\":\"https:\\\/\\\/www.salzburgerland.com\\\/de\\\/magazin\\\/wp-content\\\/uploads\\\/2019\\\/06\\\/salzburgerland-logo1.jpg\",\"contentUrl\":\"https:\\\/\\\/www.salzburgerland.com\\\/de\\\/magazin\\\/wp-content\\\/uploads\\\/2019\\\/06\\\/salzburgerland-logo1.jpg\",\"width\":2011,\"height\":866,\"caption\":\"SalzburgerLand Tourismus\"},\"image\":{\"@id\":\"https:\\\/\\\/www.salzburgerland.com\\\/de\\\/magazin\\\/#\\\/schema\\\/logo\\\/image\\\/\"},\"sameAs\":[\"https:\\\/\\\/www.facebook.com\\\/salzburgerland\\\/\",\"https:\\\/\\\/x.com\\\/Salzburgerland\",\"https:\\\/\\\/www.instagram.com\\\/salzburgerland\\\/\",\"https:\\\/\\\/at.linkedin.com\\\/company\\\/salzburgerland-tourismus-gmbh\",\"https:\\\/\\\/www.pinterest.at\\\/salzburgerland\\\/\",\"https:\\\/\\\/www.youtube.com\\\/user\\\/salzburgerland\",\"https:\\\/\\\/de.wikipedia.org\\\/wiki\\\/SalzburgerLand_Tourismus_GmbH\"]},{\"@type\":\"Person\",\"@id\":\"https:\\\/\\\/www.salzburgerland.com\\\/de\\\/magazin\\\/#\\\/schema\\\/person\\\/de63f37594c18fae834230774d6a2704\",\"name\":\"Franziska Lipp\",\"description\":\"Franziska Lipp ist Texterin, Buchautorin und freie Journalistin. Privat ist sie am allerliebsten drau\u00dfen in der Natur unterwegs: Zu Fu\u00df, mit dem Mountainbiker oder mit Ski. Hauptsache der Rucksack ist mit dabei und viel Zeit. Gerne in Begleitung, aber ebenso gerne auch allein: Denn es gibt keinen besseren Gespr\u00e4chspartner als die Natur selbst. Was ihre beiden Lebensbereiche \u2013 das Berufliche und das Private \u2013 verbindet, ist ihre Vorliebe f\u00fcr Geschichten. Die Salzburgerin liebt es einerseits, Menschen zuzuh\u00f6ren, die eine Geschichte zu erz\u00e4hlen haben. Andererseits ist sie selbst eine passionierte Geschichtenerz\u00e4hlerin. Franziska Lipp betreute als Chefredakteurin \u00fcber zehn Jahre lang das G\u00e4stemagazin \u201eSommerzeit\u201c und \u201eWinterzeit\u201c der SalzburgerLand Tourismus und begleitet das Unternehmen bei zahlreichen Projekten wie etwa bei der Neu-Konzeption des \u201eSalzburger Almenwegs\u201c. Die studierte Tourismussoziologin h\u00e4lt Schreib- und Storytelling-Workshops f\u00fcr touristische Unternehmen und Verb\u00e4nde und begleitet als Konzepterin touristische Projekte wie das \u201eSalzburger Gipfelspiel\u201c in der Salzburger Sportwelt. Im Februar 2023 erschien ihr Buch \u201eLieblingspl\u00e4tze im Salzburger Land\u201c im Gmeiner Verlag mit 84 besonderen Orten in der Stadt Salzburg und in allen Ferienregionen. Bisher erschienene B\u00fccher von Franziska Lipp: \u2022 \u201eLieblingspl\u00e4tze im Salzburger Land\u201c \u2013 2023 (Gmeiner Verlag) \u2022 \u201eK\u00f6stliches von der M\u00fcllerin\u201c \u2013 2021 (Hg. Monika Drax, Drax-M\u00fchle) \u2022 \u201eGesundheit im Zentrum\u201c \u2013 Richtig gut leben mit der Modernen-Mayr-Medizin \u2013 2021 (Hg. Park Igls) \u2022 \u201eDas kleine Buch: Stille Nacht! Heilige Nacht!\u201c \u2013 2018 (Servus Benevento Verlag) \u2022 \u201eDas kleine Buch: Imker werden\u201c \u2013 2016, (Servus Benevento Verlag) \u2022 \u201eDas kleine Buch: Die Gro\u00dfglockner Hochalpenstra\u00dfe anders erleben\u201c \u2013 2016, (Servus Benevento Verlag) \u2022 \u201eBeste Aussichten im Salzburger Land\u201c \u2013 2014 (Gmeiner Verlag) Salzburger Nockerl oder Schwarzbeernocken? Definitiv die Schwarzbeernocken: Nichts schmeckt so sehr nach Wald und Sommer wie diese s\u00fc\u00dfen K\u00f6stlichkeiten! Stadt oder Land? Die Stadt Salzburg ist meine absolute Herzensstadt und ich wei\u00df es zu sch\u00e4tzen, in der Lieblingsstadt wohnen zu d\u00fcrfen. Zum Gl\u00fcck geht es in den einzelnen Stadtvierteln fast d\u00f6rflich zu: Jeder kennt jeden! Das erinnert ans Leben auf dem Land. Almsommer oder Skiwinter? Beides \u2013 nur im Wechsel der Jahreszeiten k\u00f6nnen wir ihre Besonderheiten erst so richtig sch\u00e4tzen. Lesen oder Schreiben? Das Schreiben ist Teil meiner Person. Ohne das Schreiben w\u00e4re ich nicht ich. Das Schreiben ist \u2013 obwohl Arbeit \u2013 meine t\u00e4gliche Dosis, um gl\u00fccklich zu sein. M\u00fcsste ich mich wirklich f\u00fcr etwa entscheiden, dann w\u00e4re es das Schreiben: Denn dann h\u00e4tte ich auch automatisch was zum Lesen. See oder Berg? Eigentlich immer der Berg: Weil ich \u2013 auf einem Gipfel stehend \u2013 stets ein Gef\u00fchl von purer Freiheit und tiefster Zufriedenheit empfinde\",\"sameAs\":[\"http:\\\/\\\/www.franziskalipp.com\"],\"url\":\"https:\\\/\\\/www.salzburgerland.com\\\/de\\\/magazin\\\/author\\\/franziska-lipp\\\/\"}]}<\/script>\n<!-- \/ Yoast SEO Premium plugin. -->","yoast_head_json":{"title":"Musik, Motocross und viel Mu\u00dfe \u2013 Marcel Hirscher im Sommer! - SalzburgerLand Magazin","description":"Der Sommer ist die Zeit der See- und Waldfeste, der Musikfestivals und der Kunst- und Kulturveranstaltungen im SalzburgerLand: Gefeiert wird, was das Zeug h\u00e4lt, denn niemals sind die N\u00e4chte k\u00fcrzer als jetzt! Auch Marcel Hirscher \u2013 mitten in der Sommerpause zwischen zwei Weltcup-Saisonen \u2013 findet nun Zeit und Mu\u00dfe, die Nacht zum Tag zu machen. [&hellip;]","robots":{"index":"index","follow":"follow","max-snippet":"max-snippet:-1","max-image-preview":"max-image-preview:large","max-video-preview":"max-video-preview:-1"},"canonical":"https:\/\/www.salzburgerland.com\/de\/magazin\/musik-motocross-und-viel-musse-marcel-hirscher-im-sommer\/","og_locale":"de_DE","og_type":"article","og_title":"Musik, Motocross und viel Mu\u00dfe \u2013 Marcel Hirscher im Sommer!","og_description":"Der Sommer ist die Zeit der See- und Waldfeste, der Musikfestivals und der Kunst- und Kulturveranstaltungen im SalzburgerLand: Gefeiert wird, was das Zeug h\u00e4lt, denn niemals sind die N\u00e4chte k\u00fcrzer als jetzt! Auch Marcel Hirscher \u2013 mitten in der Sommerpause zwischen zwei Weltcup-Saisonen \u2013 findet nun Zeit und Mu\u00dfe, die Nacht zum Tag zu machen. [&hellip;]","og_url":"https:\/\/www.salzburgerland.com\/de\/magazin\/musik-motocross-und-viel-musse-marcel-hirscher-im-sommer\/","og_site_name":"SalzburgerLand Magazin","article_publisher":"https:\/\/www.facebook.com\/salzburgerland\/","article_published_time":"2016-06-30T18:44:26+00:00","article_modified_time":"2016-07-26T09:38:26+00:00","og_image":[{"width":707,"height":960,"url":"https:\/\/www.salzburgerland.com\/de\/magazin\/wp-content\/uploads\/2016\/06\/marcel-hirscher-crossfit2-quelle-facebook-hirscher.jpg","type":"image\/jpeg"}],"author":"Franziska Lipp","twitter_card":"summary_large_image","twitter_creator":"@Salzburgerland","twitter_site":"@Salzburgerland","twitter_misc":{"Verfasst von":"Franziska Lipp","Gesch\u00e4tzte Lesezeit":"3\u00a0Minuten"},"schema":{"@context":"https:\/\/schema.org","@graph":[{"@type":"Article","@id":"https:\/\/www.salzburgerland.com\/de\/magazin\/musik-motocross-und-viel-musse-marcel-hirscher-im-sommer\/#article","isPartOf":{"@id":"https:\/\/www.salzburgerland.com\/de\/magazin\/musik-motocross-und-viel-musse-marcel-hirscher-im-sommer\/"},"author":{"name":"Franziska Lipp","@id":"https:\/\/www.salzburgerland.com\/de\/magazin\/#\/schema\/person\/de63f37594c18fae834230774d6a2704"},"headline":"Musik, Motocross und viel Mu\u00dfe \u2013 Marcel Hirscher im Sommer!","datePublished":"2016-06-30T18:44:26+00:00","dateModified":"2016-07-26T09:38:26+00:00","mainEntityOfPage":{"@id":"https:\/\/www.salzburgerland.com\/de\/magazin\/musik-motocross-und-viel-musse-marcel-hirscher-im-sommer\/"},"wordCount":528,"commentCount":0,"publisher":{"@id":"https:\/\/www.salzburgerland.com\/de\/magazin\/#organization"},"image":{"@id":"https:\/\/www.salzburgerland.com\/de\/magazin\/musik-motocross-und-viel-musse-marcel-hirscher-im-sommer\/#primaryimage"},"thumbnailUrl":"https:\/\/www.salzburgerland.com\/de\/magazin\/wp-content\/uploads\/2016\/06\/marcel-hirscher-crossfit2-quelle-facebook-hirscher.jpg","keywords":["Marcel","Marcel Hirscher"],"articleSection":["Outdoor &amp; Sport"],"inLanguage":"de","potentialAction":[{"@type":"CommentAction","name":"Comment","target":["https:\/\/www.salzburgerland.com\/de\/magazin\/musik-motocross-und-viel-musse-marcel-hirscher-im-sommer\/#respond"]}]},{"@type":"WebPage","@id":"https:\/\/www.salzburgerland.com\/de\/magazin\/musik-motocross-und-viel-musse-marcel-hirscher-im-sommer\/","url":"https:\/\/www.salzburgerland.com\/de\/magazin\/musik-motocross-und-viel-musse-marcel-hirscher-im-sommer\/","name":"Musik, Motocross und viel Mu\u00dfe \u2013 Marcel Hirscher im Sommer! - SalzburgerLand Magazin","isPartOf":{"@id":"https:\/\/www.salzburgerland.com\/de\/magazin\/#website"},"primaryImageOfPage":{"@id":"https:\/\/www.salzburgerland.com\/de\/magazin\/musik-motocross-und-viel-musse-marcel-hirscher-im-sommer\/#primaryimage"},"image":{"@id":"https:\/\/www.salzburgerland.com\/de\/magazin\/musik-motocross-und-viel-musse-marcel-hirscher-im-sommer\/#primaryimage"},"thumbnailUrl":"https:\/\/www.salzburgerland.com\/de\/magazin\/wp-content\/uploads\/2016\/06\/marcel-hirscher-crossfit2-quelle-facebook-hirscher.jpg","datePublished":"2016-06-30T18:44:26+00:00","dateModified":"2016-07-26T09:38:26+00:00","breadcrumb":{"@id":"https:\/\/www.salzburgerland.com\/de\/magazin\/musik-motocross-und-viel-musse-marcel-hirscher-im-sommer\/#breadcrumb"},"inLanguage":"de","potentialAction":[{"@type":"ReadAction","target":["https:\/\/www.salzburgerland.com\/de\/magazin\/musik-motocross-und-viel-musse-marcel-hirscher-im-sommer\/"]}]},{"@type":"ImageObject","inLanguage":"de","@id":"https:\/\/www.salzburgerland.com\/de\/magazin\/musik-motocross-und-viel-musse-marcel-hirscher-im-sommer\/#primaryimage","url":"https:\/\/www.salzburgerland.com\/de\/magazin\/wp-content\/uploads\/2016\/06\/marcel-hirscher-crossfit2-quelle-facebook-hirscher.jpg","contentUrl":"https:\/\/www.salzburgerland.com\/de\/magazin\/wp-content\/uploads\/2016\/06\/marcel-hirscher-crossfit2-quelle-facebook-hirscher.jpg","width":707,"height":960,"caption":"Mann in blauen Shorts macht einen Klimmzug an einer Turnstange vor einer roten Wand, von hinten gesehen."},{"@type":"BreadcrumbList","@id":"https:\/\/www.salzburgerland.com\/de\/magazin\/musik-motocross-und-viel-musse-marcel-hirscher-im-sommer\/#breadcrumb","itemListElement":[{"@type":"ListItem","position":1,"name":"Startseite","item":"https:\/\/www.salzburgerland.com\/de\/magazin\/"},{"@type":"ListItem","position":2,"name":"Outdoor &amp; Sport","item":"https:\/\/www.salzburgerland.com\/de\/magazin\/thema\/outdoor-sport\/"},{"@type":"ListItem","position":3,"name":"Musik, Motocross und viel Mu\u00dfe \u2013 Marcel Hirscher im Sommer!"}]},{"@type":"WebSite","@id":"https:\/\/www.salzburgerland.com\/de\/magazin\/#website","url":"https:\/\/www.salzburgerland.com\/de\/magazin\/","name":"SalzburgerLand Magazin","description":"Geschichten und Interessantes aus dem SalzburgerLand","publisher":{"@id":"https:\/\/www.salzburgerland.com\/de\/magazin\/#organization"},"potentialAction":[{"@type":"SearchAction","target":{"@type":"EntryPoint","urlTemplate":"https:\/\/www.salzburgerland.com\/de\/magazin\/?s={search_term_string}"},"query-input":{"@type":"PropertyValueSpecification","valueRequired":true,"valueName":"search_term_string"}}],"inLanguage":"de"},{"@type":"Organization","@id":"https:\/\/www.salzburgerland.com\/de\/magazin\/#organization","name":"SalzburgerLand Tourismus","url":"https:\/\/www.salzburgerland.com\/de\/magazin\/","logo":{"@type":"ImageObject","inLanguage":"de","@id":"https:\/\/www.salzburgerland.com\/de\/magazin\/#\/schema\/logo\/image\/","url":"https:\/\/www.salzburgerland.com\/de\/magazin\/wp-content\/uploads\/2019\/06\/salzburgerland-logo1.jpg","contentUrl":"https:\/\/www.salzburgerland.com\/de\/magazin\/wp-content\/uploads\/2019\/06\/salzburgerland-logo1.jpg","width":2011,"height":866,"caption":"SalzburgerLand Tourismus"},"image":{"@id":"https:\/\/www.salzburgerland.com\/de\/magazin\/#\/schema\/logo\/image\/"},"sameAs":["https:\/\/www.facebook.com\/salzburgerland\/","https:\/\/x.com\/Salzburgerland","https:\/\/www.instagram.com\/salzburgerland\/","https:\/\/at.linkedin.com\/company\/salzburgerland-tourismus-gmbh","https:\/\/www.pinterest.at\/salzburgerland\/","https:\/\/www.youtube.com\/user\/salzburgerland","https:\/\/de.wikipedia.org\/wiki\/SalzburgerLand_Tourismus_GmbH"]},{"@type":"Person","@id":"https:\/\/www.salzburgerland.com\/de\/magazin\/#\/schema\/person\/de63f37594c18fae834230774d6a2704","name":"Franziska Lipp","description":"Franziska Lipp ist Texterin, Buchautorin und freie Journalistin. Privat ist sie am allerliebsten drau\u00dfen in der Natur unterwegs: Zu Fu\u00df, mit dem Mountainbiker oder mit Ski. Hauptsache der Rucksack ist mit dabei und viel Zeit. Gerne in Begleitung, aber ebenso gerne auch allein: Denn es gibt keinen besseren Gespr\u00e4chspartner als die Natur selbst. Was ihre beiden Lebensbereiche \u2013 das Berufliche und das Private \u2013 verbindet, ist ihre Vorliebe f\u00fcr Geschichten. Die Salzburgerin liebt es einerseits, Menschen zuzuh\u00f6ren, die eine Geschichte zu erz\u00e4hlen haben. Andererseits ist sie selbst eine passionierte Geschichtenerz\u00e4hlerin. Franziska Lipp betreute als Chefredakteurin \u00fcber zehn Jahre lang das G\u00e4stemagazin \u201eSommerzeit\u201c und \u201eWinterzeit\u201c der SalzburgerLand Tourismus und begleitet das Unternehmen bei zahlreichen Projekten wie etwa bei der Neu-Konzeption des \u201eSalzburger Almenwegs\u201c. Die studierte Tourismussoziologin h\u00e4lt Schreib- und Storytelling-Workshops f\u00fcr touristische Unternehmen und Verb\u00e4nde und begleitet als Konzepterin touristische Projekte wie das \u201eSalzburger Gipfelspiel\u201c in der Salzburger Sportwelt. Im Februar 2023 erschien ihr Buch \u201eLieblingspl\u00e4tze im Salzburger Land\u201c im Gmeiner Verlag mit 84 besonderen Orten in der Stadt Salzburg und in allen Ferienregionen. Bisher erschienene B\u00fccher von Franziska Lipp: \u2022 \u201eLieblingspl\u00e4tze im Salzburger Land\u201c \u2013 2023 (Gmeiner Verlag) \u2022 \u201eK\u00f6stliches von der M\u00fcllerin\u201c \u2013 2021 (Hg. Monika Drax, Drax-M\u00fchle) \u2022 \u201eGesundheit im Zentrum\u201c \u2013 Richtig gut leben mit der Modernen-Mayr-Medizin \u2013 2021 (Hg. Park Igls) \u2022 \u201eDas kleine Buch: Stille Nacht! Heilige Nacht!\u201c \u2013 2018 (Servus Benevento Verlag) \u2022 \u201eDas kleine Buch: Imker werden\u201c \u2013 2016, (Servus Benevento Verlag) \u2022 \u201eDas kleine Buch: Die Gro\u00dfglockner Hochalpenstra\u00dfe anders erleben\u201c \u2013 2016, (Servus Benevento Verlag) \u2022 \u201eBeste Aussichten im Salzburger Land\u201c \u2013 2014 (Gmeiner Verlag) Salzburger Nockerl oder Schwarzbeernocken? Definitiv die Schwarzbeernocken: Nichts schmeckt so sehr nach Wald und Sommer wie diese s\u00fc\u00dfen K\u00f6stlichkeiten! Stadt oder Land? Die Stadt Salzburg ist meine absolute Herzensstadt und ich wei\u00df es zu sch\u00e4tzen, in der Lieblingsstadt wohnen zu d\u00fcrfen. Zum Gl\u00fcck geht es in den einzelnen Stadtvierteln fast d\u00f6rflich zu: Jeder kennt jeden! Das erinnert ans Leben auf dem Land. Almsommer oder Skiwinter? Beides \u2013 nur im Wechsel der Jahreszeiten k\u00f6nnen wir ihre Besonderheiten erst so richtig sch\u00e4tzen. Lesen oder Schreiben? Das Schreiben ist Teil meiner Person. Ohne das Schreiben w\u00e4re ich nicht ich. Das Schreiben ist \u2013 obwohl Arbeit \u2013 meine t\u00e4gliche Dosis, um gl\u00fccklich zu sein. M\u00fcsste ich mich wirklich f\u00fcr etwa entscheiden, dann w\u00e4re es das Schreiben: Denn dann h\u00e4tte ich auch automatisch was zum Lesen. See oder Berg? Eigentlich immer der Berg: Weil ich \u2013 auf einem Gipfel stehend \u2013 stets ein Gef\u00fchl von purer Freiheit und tiefster Zufriedenheit empfinde","sameAs":["http:\/\/www.franziskalipp.com"],"url":"https:\/\/www.salzburgerland.com\/de\/magazin\/author\/franziska-lipp\/"}]}},"_wl_alt_label":[],"wl:entity_url":"http:\/\/open.salzburgerland.com\/magazin\/post\/musik__motocross_und_viel_musse_-_marcel_hirscher_im_sommer","_links":{"self":[{"href":"https:\/\/www.salzburgerland.com\/de\/magazin\/wp-json\/wp\/v2\/posts\/107105","targetHints":{"allow":["GET"]}}],"collection":[{"href":"https:\/\/www.salzburgerland.com\/de\/magazin\/wp-json\/wp\/v2\/posts"}],"about":[{"href":"https:\/\/www.salzburgerland.com\/de\/magazin\/wp-json\/wp\/v2\/types\/post"}],"author":[{"embeddable":true,"href":"https:\/\/www.salzburgerland.com\/de\/magazin\/wp-json\/wp\/v2\/users\/226"}],"replies":[{"embeddable":true,"href":"https:\/\/www.salzburgerland.com\/de\/magazin\/wp-json\/wp\/v2\/comments?post=107105"}],"version-history":[{"count":0,"href":"https:\/\/www.salzburgerland.com\/de\/magazin\/wp-json\/wp\/v2\/posts\/107105\/revisions"}],"wp:featuredmedia":[{"embeddable":true,"href":"https:\/\/www.salzburgerland.com\/de\/magazin\/wp-json\/wp\/v2\/media\/107108"}],"wp:attachment":[{"href":"https:\/\/www.salzburgerland.com\/de\/magazin\/wp-json\/wp\/v2\/media?parent=107105"}],"wp:term":[{"taxonomy":"category","embeddable":true,"href":"https:\/\/www.salzburgerland.com\/de\/magazin\/wp-json\/wp\/v2\/categories?post=107105"},{"taxonomy":"post_tag","embeddable":true,"href":"https:\/\/www.salzburgerland.com\/de\/magazin\/wp-json\/wp\/v2\/tags?post=107105"},{"taxonomy":"wl_entity_type","embeddable":true,"href":"https:\/\/www.salzburgerland.com\/de\/magazin\/wp-json\/wp\/v2\/wl_entity_type?post=107105"},{"taxonomy":"monatsauswahl","embeddable":true,"href":"https:\/\/www.salzburgerland.com\/de\/magazin\/wp-json\/wp\/v2\/monatsauswahl?post=107105"}],"curies":[{"name":"wp","href":"https:\/\/api.w.org\/{rel}","templated":true}]}}