{"id":106794,"date":"2026-01-19T07:00:00","date_gmt":"2026-01-19T06:00:00","guid":{"rendered":"http:\/\/magazin.salzburgerland.com\/?p=106794"},"modified":"2026-01-19T09:49:45","modified_gmt":"2026-01-19T08:49:45","slug":"domquartier-sonderausstellungen","status":"publish","type":"post","link":"https:\/\/www.salzburgerland.com\/de\/magazin\/domquartier-sonderausstellungen\/","title":{"rendered":"Domquartier Sonderausstellungen"},"content":{"rendered":"\n<h2 class=\"wp-block-slt-subtitle\">Immer wieder einen Besuch wert<\/h2>\n\n\n\n<p class=\"wp-block-slt-intro\">Wechselnde Sonderausstellungen machen das DomQuartier immer zu einem lohnenden Ausflugsziel. 2026 widmet sich eine Ausstellung Franz von Assisi bzw. der franziskanischen Lebenskunst. Bis Ende April sind auch noch die Publikumslieblinge in einer Sonderschau zu sehen sowie die Ausstellung &#8222;Der Bauernkrieg im Spiegel von Kunst und Diktatur&#8220;.<\/p>\n\n\n\n<p>Es soll ja&nbsp;Salzburger geben, die den Museumskomplex des Domquartiers noch nicht gesehen haben. Im Gegensatz zu den meisten Salzburg-Besuchern, die sich diesen einzigartigen Rundgang meist nicht entgehen lassen. Aber egal ob zum ersten oder zum wiederholten Male, ein Besuch Domquartier ist immer wieder ein Erlebnis. Die einmaligen Aus- und Einblicken auf die Stadt mit ihren Kircht\u00fcrmen, Pl\u00e4tzen und Stadtbergen sowie die imposanten Ausstellungsst\u00fccke kann man auch \u00f6fter genie\u00dfen. Und man wird immer wieder etwas Neues entdecken und seinen pers\u00f6nlichen Lieblingsplatz innerhalb des Museums finden. Besonders beeindruckend, weil eben einmalige, ist der Blick von der Orgelempore hinunter in den Dom.<\/p>\n\n\n\n<p>Auch die wechselnden Sonderschauen machen das Wiederkommen lohnenswert. Selbst modere Kunst muss nicht im Widerspruch zu den alten Gem\u00e4uern stehen. Ganz im Gegenteil, aktuelle Themen mit zeitgen\u00f6ssischen M\u00f6glichkeiten umgesetzt, kommen oft durch den Kontrast erst so richtig zur Geltung.<\/p>\n\n\n\n<h2 class=\"wp-block-heading\" id=\"h-die-sonderausstellungen-2026\">Die Sonderausstellungen 2026<\/h2>\n\n\n\n<h3 class=\"wp-block-heading\" id=\"h-bestseller-publikumslieblinge\">Bestseller, Publikumslieblinge<\/h3>\n\n\n\n<p><strong>bis Montag, 27.4.2026\u00a0|\u00a0Residenzgalerie<\/strong><\/p>\n\n\n\n<p>Die Pr\u00e4sentation der\u00a0<em>Bestseller<\/em>\u00a0reflektiert zum einen den akademischen Blick auf die f\u00fcnf Bildgattungen der Malerei, die sich im Laufe der Jahrhunderte entwickelt haben. Historisch wurde zwischen Gattungen mit \u201ehohem Ansehen\u201c und solchen mit \u201eniederem Ansehen\u201c unterschieden. Vom 17. bis ins 19. Jahrhundert galt die\u00a0<em>Historienmalerei<\/em>\u00a0als vornehmste Gattung. An zweiter Stelle kam die\u00a0<em>Portr\u00e4tmalerei<\/em>, der die \u201eniederen Gattungen\u201c\u00a0<em>Genremalerei<\/em>,\u00a0<em>Landschaftsmalerei<\/em>\u00a0und\u00a0<em>Stilllebenmalerei\u00a0<\/em>folgten. Zum anderen spiegelt die Ausstellung den Geschmack der K\u00e4uferschaft von Gem\u00e4lden wider, die oftmals eine andere Meinung vertrat. <\/p>\n\n\n\n<figure class=\"wp-block-image size-full\"><img loading=\"lazy\" decoding=\"async\" width=\"2250\" height=\"2250\" src=\"https:\/\/www.salzburgerland.com\/de\/magazin\/wp-content\/uploads\/2025\/01\/dqs-bestseller-2025.jpg\" alt=\"Die Zahl 1 besteht aus verschiedenen klassischen Gem\u00e4lden auf dunkelgr\u00fcnem Hintergrund.\" class=\"wp-image-185762\" srcset=\"https:\/\/www.salzburgerland.com\/de\/magazin\/wp-content\/uploads\/2025\/01\/dqs-bestseller-2025.jpg 2250w, https:\/\/www.salzburgerland.com\/de\/magazin\/wp-content\/uploads\/2025\/01\/dqs-bestseller-2025-300x300.jpg 300w, https:\/\/www.salzburgerland.com\/de\/magazin\/wp-content\/uploads\/2025\/01\/dqs-bestseller-2025-150x150.jpg 150w, https:\/\/www.salzburgerland.com\/de\/magazin\/wp-content\/uploads\/2025\/01\/dqs-bestseller-2025-1536x1536.jpg 1536w, https:\/\/www.salzburgerland.com\/de\/magazin\/wp-content\/uploads\/2025\/01\/dqs-bestseller-2025-2048x2048.jpg 2048w, https:\/\/www.salzburgerland.com\/de\/magazin\/wp-content\/uploads\/2025\/01\/dqs-bestseller-2025-550x550.jpg 550w, https:\/\/www.salzburgerland.com\/de\/magazin\/wp-content\/uploads\/2025\/01\/dqs-bestseller-2025-400x400.jpg 400w, https:\/\/www.salzburgerland.com\/de\/magazin\/wp-content\/uploads\/2025\/01\/dqs-bestseller-2025-1320x1320.jpg 1320w, https:\/\/www.salzburgerland.com\/de\/magazin\/wp-content\/uploads\/2025\/01\/dqs-bestseller-2025-1200x1200.jpg 1200w, https:\/\/www.salzburgerland.com\/de\/magazin\/wp-content\/uploads\/2025\/01\/dqs-bestseller-2025-24x24.jpg 24w, https:\/\/www.salzburgerland.com\/de\/magazin\/wp-content\/uploads\/2025\/01\/dqs-bestseller-2025-48x48.jpg 48w, https:\/\/www.salzburgerland.com\/de\/magazin\/wp-content\/uploads\/2025\/01\/dqs-bestseller-2025-96x96.jpg 96w\" sizes=\"auto, (max-width: 2250px) 100vw, 2250px\" \/><\/figure>\n\n\n\n<h3 class=\"wp-block-heading\" id=\"h-heroisch-und-verklart-der-bauernkrieg-im-spiegel-von-kunst-und-diktatur\">Heroisch und verkl\u00e4rt \u2013 Der Bauernkrieg im Spiegel von Kunst und Diktatur<\/h3>\n\n\n\n<p><strong>bis\u00a0Montag,\u00a027. 4. 2026\u00a0|\u00a0Nordoratorium<\/strong><\/p>\n\n\n\n<p>2025 j\u00e4hrte sich der Aufstand der Salzburger Gewerke, Bergleute und Bauern \u2013 gemeinhin als der Salzburger Bauernkrieg bezeichnet \u2013 gegen ihren Landesherrn F\u00fcrsterzbischof Matth\u00e4us Lang von Wellenburg zum 500. Mal. Die Gastspiel-Ausstellung des Salzburg Museum im DomQuartier widmet sich der Frage, wie der Bauernkrieg in Kunst und Literatur sp\u00e4terer Epochen gedeutet wurde \u2013 und wie ihn autorit\u00e4re Regime im 20. Jahrhundert f\u00fcr ihre Propaganda missbrauchten. Ausgehend vom Salzburger Bauernkrieg 1525\/26 spannt die Schau den Bogen bis in die Gegenwart und zeigt, wie K\u00fcnstlerinnen und K\u00fcnstler das Thema in Zeiten gesellschaftlicher und politischer Umbr\u00fcche immer wieder neu interpretierten.<\/p>\n\n\n\n<figure class=\"wp-block-image size-full\"><img loading=\"lazy\" decoding=\"async\" width=\"2400\" height=\"1585\" src=\"https:\/\/www.salzburgerland.com\/de\/magazin\/wp-content\/uploads\/2025\/01\/01_DQ-Bauernkriege_Festungsbelagerung_Duernberger-Foto-21566.jpg\" alt=\"Eine Kanone feuert auf eine entfernte Burg, w\u00e4hrend Soldaten in der Kleidung des 16. Jahrhunderts hinter Felsen und F\u00e4ssern in Deckung gehen.\" class=\"wp-image-181089\" srcset=\"https:\/\/www.salzburgerland.com\/de\/magazin\/wp-content\/uploads\/2025\/01\/01_DQ-Bauernkriege_Festungsbelagerung_Duernberger-Foto-21566.jpg 2400w, https:\/\/www.salzburgerland.com\/de\/magazin\/wp-content\/uploads\/2025\/01\/01_DQ-Bauernkriege_Festungsbelagerung_Duernberger-Foto-21566-300x198.jpg 300w, https:\/\/www.salzburgerland.com\/de\/magazin\/wp-content\/uploads\/2025\/01\/01_DQ-Bauernkriege_Festungsbelagerung_Duernberger-Foto-21566-1536x1014.jpg 1536w, https:\/\/www.salzburgerland.com\/de\/magazin\/wp-content\/uploads\/2025\/01\/01_DQ-Bauernkriege_Festungsbelagerung_Duernberger-Foto-21566-2048x1353.jpg 2048w, https:\/\/www.salzburgerland.com\/de\/magazin\/wp-content\/uploads\/2025\/01\/01_DQ-Bauernkriege_Festungsbelagerung_Duernberger-Foto-21566-833x550.jpg 833w, https:\/\/www.salzburgerland.com\/de\/magazin\/wp-content\/uploads\/2025\/01\/01_DQ-Bauernkriege_Festungsbelagerung_Duernberger-Foto-21566-606x400.jpg 606w, https:\/\/www.salzburgerland.com\/de\/magazin\/wp-content\/uploads\/2025\/01\/01_DQ-Bauernkriege_Festungsbelagerung_Duernberger-Foto-21566-1320x872.jpg 1320w, https:\/\/www.salzburgerland.com\/de\/magazin\/wp-content\/uploads\/2025\/01\/01_DQ-Bauernkriege_Festungsbelagerung_Duernberger-Foto-21566-150x99.jpg 150w\" sizes=\"auto, (max-width: 2400px) 100vw, 2400px\" \/><figcaption class=\"wp-element-caption\">Fritz D\u00fcrnberger (1892-1926); Festung Hohensalzburg, Bauernbelagerung w\u00e4hrend der Regentschaft von F\u00fcrsterzbischof Matth\u00e4us Lang, 1923, Druck nach Gouache \u00a9 Salzburg Museum<\/figcaption><\/figure>\n\n\n\n<h3 class=\"wp-block-heading\" id=\"h-lebenskunst-800-jahre-franz-von-assisi\">LebensKunst. 800 Jahre Franz von Assisi<\/h3>\n\n\n\n<p>Sonntag,\u00a024. 5. 2026\u00a0bis\u00a0Montag,\u00a02. 11. 2026\u00a0|\u00a0Nordoratorium<\/p>\n\n\n\n<p>Seit 800 Jahren wird Franz von Assisi wie kein anderer Ordensgr\u00fcnder verehrt, bis heute ist seine Popularit\u00e4t \u00fcber Konfessionsgrenzen hinaus ungebrochen. Dazu trug auch der verstorbene Papst Franziskus bei, der sein Pontifikat programmatisch auf die Ideale des hl. Franz ausgerichtet hatte.\u00a0Anl\u00e4sslich des 800. Todestags Franz von Assisis widmet ihm das Dommuseum in Kooperation mit dem Verein Franziskanische Forschung in M\u00fcnster eine Ausstellung, die sein Leben, aber auch sein Nachwirken beleuchten soll.\u00a0Der Ausstellungstitel bezieht sich einerseits auf die franziskanische \u201eLebenskunst\u201c, andererseits geh\u00f6rt die Kunst selbstverst\u00e4ndlich zum Leben der Franziskanerinnen und Franziskaner. Von Anfang an \u00fcberlieferte die bildende Kunst die Lebensereignisse des hl. Franz, der zu den am h\u00e4ufigsten dargestellten Heiligen der Kunstgeschichte geh\u00f6rt. Franziskaner waren K\u00fcnstler, Musiker und Wissenschaftler.\u00a0<\/p>\n\n\n\n<figure class=\"wp-block-image size-full\"><img loading=\"lazy\" decoding=\"async\" width=\"1200\" height=\"1822\" src=\"https:\/\/www.salzburgerland.com\/de\/magazin\/wp-content\/uploads\/2025\/01\/Mazzucco_Franziskus_PL-258.jpg\" alt=\"Bronzestatue einer gewandeten Figur, die V\u00f6gel in beiden H\u00e4nden h\u00e4lt und einen auf der Schulter sitzen hat.\" class=\"wp-image-185763\" srcset=\"https:\/\/www.salzburgerland.com\/de\/magazin\/wp-content\/uploads\/2025\/01\/Mazzucco_Franziskus_PL-258.jpg 1200w, https:\/\/www.salzburgerland.com\/de\/magazin\/wp-content\/uploads\/2025\/01\/Mazzucco_Franziskus_PL-258-198x300.jpg 198w, https:\/\/www.salzburgerland.com\/de\/magazin\/wp-content\/uploads\/2025\/01\/Mazzucco_Franziskus_PL-258-1012x1536.jpg 1012w, https:\/\/www.salzburgerland.com\/de\/magazin\/wp-content\/uploads\/2025\/01\/Mazzucco_Franziskus_PL-258-362x550.jpg 362w, https:\/\/www.salzburgerland.com\/de\/magazin\/wp-content\/uploads\/2025\/01\/Mazzucco_Franziskus_PL-258-263x400.jpg 263w, https:\/\/www.salzburgerland.com\/de\/magazin\/wp-content\/uploads\/2025\/01\/Mazzucco_Franziskus_PL-258-150x228.jpg 150w\" sizes=\"auto, (max-width: 1200px) 100vw, 1200px\" \/><figcaption class=\"wp-element-caption\">Eva Mazzucco (1925\u20132013), Hl. Franziskus, Bronze, Stift Klosterneuburg<\/figcaption><\/figure>\n\n\n\n<p>DomQuartier Salzburg<br>Residenzplatz 1<br>5020 Salzburg<br><a href=\"http:\/\/www.domquartier.at\/\" target=\"_blank\" rel=\"noreferrer noopener\">www.domquartier.at<\/a><\/p>\n","protected":false},"excerpt":{"rendered":"<p>Es soll ja&nbsp;Salzburger geben, die den Museumskomplex des Domquartiers noch nicht gesehen haben. Im Gegensatz zu den meisten Salzburg-Besuchern, die sich diesen einzigartigen Rundgang meist nicht entgehen lassen. Aber egal ob zum ersten oder zum wiederholten Male, ein Besuch Domquartier ist immer wieder ein Erlebnis. Die einmaligen Aus- und Einblicken auf die Stadt mit ihren [&hellip;]<\/p>\n","protected":false},"author":90,"featured_media":170465,"comment_status":"open","ping_status":"open","sticky":false,"template":"","format":"standard","meta":{"_acf_changed":false,"wl_entities_gutenberg":"","_wl_entity_redirect_enabled":"","footnotes":""},"categories":[6],"tags":[],"wl_entity_type":[306],"monatsauswahl":[82,83,84,85,86,87,88,89,90,91,92,93],"class_list":["post-106794","post","type-post","status-publish","format-standard","has-post-thumbnail","hentry","category-kunst-kultur","wl_entity_type-article","monatsauswahl-monat_1","monatsauswahl-monat_2","monatsauswahl-monat_3","monatsauswahl-monat_4","monatsauswahl-monat_5","monatsauswahl-monat_6","monatsauswahl-monat_7","monatsauswahl-monat_8","monatsauswahl-monat_9","monatsauswahl-monat_10","monatsauswahl-monat_11","monatsauswahl-monat_12"],"acf":[],"yoast_head":"<!-- This site is optimized with the Yoast SEO Premium plugin v27.4 (Yoast SEO v27.4) - https:\/\/yoast.com\/product\/yoast-seo-premium-wordpress\/ -->\n<title>Domquartier Sonderausstellungen - SalzburgerLand Magazin<\/title>\n<meta name=\"description\" content=\"Wechselnde Sonderausstellungen machen das DomQuartier immer zu einem lohnenden Ausflugsziel. 2026 widmet sich eine Ausstellung Franz von Assisi bzw. der franziskanischen Lebenskunst. Bis Ende April sind auch noch die Publikumslieblinge in einer Sonderschau zu sehen sowie die Ausstellung &quot;Der Bauernkrieg im Spiegel von Kunst und Diktatur&quot;.\" \/>\n<meta name=\"robots\" content=\"index, follow, max-snippet:-1, max-image-preview:large, max-video-preview:-1\" \/>\n<link rel=\"canonical\" href=\"https:\/\/www.salzburgerland.com\/de\/magazin\/domquartier-sonderausstellungen\/\" \/>\n<meta property=\"og:locale\" content=\"de_DE\" \/>\n<meta property=\"og:type\" content=\"article\" \/>\n<meta property=\"og:title\" content=\"Domquartier Sonderausstellungen\" \/>\n<meta property=\"og:description\" content=\"Es soll ja&nbsp;Salzburger geben, die den Museumskomplex des Domquartiers noch nicht gesehen haben. Im Gegensatz zu den meisten Salzburg-Besuchern, die sich diesen einzigartigen Rundgang meist nicht entgehen lassen. Aber egal ob zum ersten oder zum wiederholten Male, ein Besuch Domquartier ist immer wieder ein Erlebnis. Die einmaligen Aus- und Einblicken auf die Stadt mit ihren [&hellip;]\" \/>\n<meta property=\"og:url\" content=\"https:\/\/www.salzburgerland.com\/de\/magazin\/domquartier-sonderausstellungen\/\" \/>\n<meta property=\"og:site_name\" content=\"SalzburgerLand Magazin\" \/>\n<meta property=\"article:publisher\" content=\"https:\/\/www.facebook.com\/salzburgerland\/\" \/>\n<meta property=\"article:published_time\" content=\"2026-01-19T06:00:00+00:00\" \/>\n<meta property=\"article:modified_time\" content=\"2026-01-19T08:49:45+00:00\" \/>\n<meta property=\"og:image\" content=\"https:\/\/www.salzburgerland.com\/de\/magazin\/wp-content\/uploads\/2023\/03\/aussenansicht-domquartier-cDQS.jpg\" \/>\n\t<meta property=\"og:image:width\" content=\"1920\" \/>\n\t<meta property=\"og:image:height\" content=\"1409\" \/>\n\t<meta property=\"og:image:type\" content=\"image\/jpeg\" \/>\n<meta name=\"author\" content=\"Ulli Hammerl\" \/>\n<meta name=\"twitter:card\" content=\"summary_large_image\" \/>\n<meta name=\"twitter:creator\" content=\"@Salzburgerland\" \/>\n<meta name=\"twitter:site\" content=\"@Salzburgerland\" \/>\n<meta name=\"twitter:label1\" content=\"Verfasst von\" \/>\n\t<meta name=\"twitter:data1\" content=\"Ulli Hammerl\" \/>\n\t<meta name=\"twitter:label2\" content=\"Gesch\u00e4tzte Lesezeit\" \/>\n\t<meta name=\"twitter:data2\" content=\"4\u00a0Minuten\" \/>\n<script type=\"application\/ld+json\" class=\"yoast-schema-graph\">{\"@context\":\"https:\\\/\\\/schema.org\",\"@graph\":[{\"@type\":\"Article\",\"@id\":\"https:\\\/\\\/www.salzburgerland.com\\\/de\\\/magazin\\\/domquartier-sonderausstellungen\\\/#article\",\"isPartOf\":{\"@id\":\"https:\\\/\\\/www.salzburgerland.com\\\/de\\\/magazin\\\/domquartier-sonderausstellungen\\\/\"},\"author\":{\"name\":\"Ulli Hammerl\",\"@id\":\"https:\\\/\\\/www.salzburgerland.com\\\/de\\\/magazin\\\/#\\\/schema\\\/person\\\/a55a4fee1009b9e458d298480a18a9f7\"},\"headline\":\"Domquartier Sonderausstellungen\",\"datePublished\":\"2026-01-19T06:00:00+00:00\",\"dateModified\":\"2026-01-19T08:49:45+00:00\",\"mainEntityOfPage\":{\"@id\":\"https:\\\/\\\/www.salzburgerland.com\\\/de\\\/magazin\\\/domquartier-sonderausstellungen\\\/\"},\"wordCount\":577,\"commentCount\":0,\"publisher\":{\"@id\":\"https:\\\/\\\/www.salzburgerland.com\\\/de\\\/magazin\\\/#organization\"},\"image\":{\"@id\":\"https:\\\/\\\/www.salzburgerland.com\\\/de\\\/magazin\\\/domquartier-sonderausstellungen\\\/#primaryimage\"},\"thumbnailUrl\":\"https:\\\/\\\/www.salzburgerland.com\\\/de\\\/magazin\\\/wp-content\\\/uploads\\\/2023\\\/03\\\/aussenansicht-domquartier-cDQS.jpg\",\"articleSection\":[\"Kunst &amp; Kultur\"],\"inLanguage\":\"de\",\"potentialAction\":[{\"@type\":\"CommentAction\",\"name\":\"Comment\",\"target\":[\"https:\\\/\\\/www.salzburgerland.com\\\/de\\\/magazin\\\/domquartier-sonderausstellungen\\\/#respond\"]}]},{\"@type\":\"WebPage\",\"@id\":\"https:\\\/\\\/www.salzburgerland.com\\\/de\\\/magazin\\\/domquartier-sonderausstellungen\\\/\",\"url\":\"https:\\\/\\\/www.salzburgerland.com\\\/de\\\/magazin\\\/domquartier-sonderausstellungen\\\/\",\"name\":\"Domquartier Sonderausstellungen - SalzburgerLand Magazin\",\"isPartOf\":{\"@id\":\"https:\\\/\\\/www.salzburgerland.com\\\/de\\\/magazin\\\/#website\"},\"primaryImageOfPage\":{\"@id\":\"https:\\\/\\\/www.salzburgerland.com\\\/de\\\/magazin\\\/domquartier-sonderausstellungen\\\/#primaryimage\"},\"image\":{\"@id\":\"https:\\\/\\\/www.salzburgerland.com\\\/de\\\/magazin\\\/domquartier-sonderausstellungen\\\/#primaryimage\"},\"thumbnailUrl\":\"https:\\\/\\\/www.salzburgerland.com\\\/de\\\/magazin\\\/wp-content\\\/uploads\\\/2023\\\/03\\\/aussenansicht-domquartier-cDQS.jpg\",\"datePublished\":\"2026-01-19T06:00:00+00:00\",\"dateModified\":\"2026-01-19T08:49:45+00:00\",\"breadcrumb\":{\"@id\":\"https:\\\/\\\/www.salzburgerland.com\\\/de\\\/magazin\\\/domquartier-sonderausstellungen\\\/#breadcrumb\"},\"inLanguage\":\"de\",\"potentialAction\":[{\"@type\":\"ReadAction\",\"target\":[\"https:\\\/\\\/www.salzburgerland.com\\\/de\\\/magazin\\\/domquartier-sonderausstellungen\\\/\"]}]},{\"@type\":\"ImageObject\",\"inLanguage\":\"de\",\"@id\":\"https:\\\/\\\/www.salzburgerland.com\\\/de\\\/magazin\\\/domquartier-sonderausstellungen\\\/#primaryimage\",\"url\":\"https:\\\/\\\/www.salzburgerland.com\\\/de\\\/magazin\\\/wp-content\\\/uploads\\\/2023\\\/03\\\/aussenansicht-domquartier-cDQS.jpg\",\"contentUrl\":\"https:\\\/\\\/www.salzburgerland.com\\\/de\\\/magazin\\\/wp-content\\\/uploads\\\/2023\\\/03\\\/aussenansicht-domquartier-cDQS.jpg\",\"width\":1920,\"height\":1409,\"caption\":\"\u00a9 Domquartier Salzburg\"},{\"@type\":\"BreadcrumbList\",\"@id\":\"https:\\\/\\\/www.salzburgerland.com\\\/de\\\/magazin\\\/domquartier-sonderausstellungen\\\/#breadcrumb\",\"itemListElement\":[{\"@type\":\"ListItem\",\"position\":1,\"name\":\"Startseite\",\"item\":\"https:\\\/\\\/www.salzburgerland.com\\\/de\\\/magazin\\\/\"},{\"@type\":\"ListItem\",\"position\":2,\"name\":\"Kunst &amp; Kultur\",\"item\":\"https:\\\/\\\/www.salzburgerland.com\\\/de\\\/magazin\\\/thema\\\/kunst-kultur\\\/\"},{\"@type\":\"ListItem\",\"position\":3,\"name\":\"Domquartier Sonderausstellungen\"}]},{\"@type\":\"WebSite\",\"@id\":\"https:\\\/\\\/www.salzburgerland.com\\\/de\\\/magazin\\\/#website\",\"url\":\"https:\\\/\\\/www.salzburgerland.com\\\/de\\\/magazin\\\/\",\"name\":\"SalzburgerLand Magazin\",\"description\":\"Geschichten und Interessantes aus dem SalzburgerLand\",\"publisher\":{\"@id\":\"https:\\\/\\\/www.salzburgerland.com\\\/de\\\/magazin\\\/#organization\"},\"potentialAction\":[{\"@type\":\"SearchAction\",\"target\":{\"@type\":\"EntryPoint\",\"urlTemplate\":\"https:\\\/\\\/www.salzburgerland.com\\\/de\\\/magazin\\\/?s={search_term_string}\"},\"query-input\":{\"@type\":\"PropertyValueSpecification\",\"valueRequired\":true,\"valueName\":\"search_term_string\"}}],\"inLanguage\":\"de\"},{\"@type\":\"Organization\",\"@id\":\"https:\\\/\\\/www.salzburgerland.com\\\/de\\\/magazin\\\/#organization\",\"name\":\"SalzburgerLand Tourismus\",\"url\":\"https:\\\/\\\/www.salzburgerland.com\\\/de\\\/magazin\\\/\",\"logo\":{\"@type\":\"ImageObject\",\"inLanguage\":\"de\",\"@id\":\"https:\\\/\\\/www.salzburgerland.com\\\/de\\\/magazin\\\/#\\\/schema\\\/logo\\\/image\\\/\",\"url\":\"https:\\\/\\\/www.salzburgerland.com\\\/de\\\/magazin\\\/wp-content\\\/uploads\\\/2019\\\/06\\\/salzburgerland-logo1.jpg\",\"contentUrl\":\"https:\\\/\\\/www.salzburgerland.com\\\/de\\\/magazin\\\/wp-content\\\/uploads\\\/2019\\\/06\\\/salzburgerland-logo1.jpg\",\"width\":2011,\"height\":866,\"caption\":\"SalzburgerLand Tourismus\"},\"image\":{\"@id\":\"https:\\\/\\\/www.salzburgerland.com\\\/de\\\/magazin\\\/#\\\/schema\\\/logo\\\/image\\\/\"},\"sameAs\":[\"https:\\\/\\\/www.facebook.com\\\/salzburgerland\\\/\",\"https:\\\/\\\/x.com\\\/Salzburgerland\",\"https:\\\/\\\/www.instagram.com\\\/salzburgerland\\\/\",\"https:\\\/\\\/at.linkedin.com\\\/company\\\/salzburgerland-tourismus-gmbh\",\"https:\\\/\\\/www.pinterest.at\\\/salzburgerland\\\/\",\"https:\\\/\\\/www.youtube.com\\\/user\\\/salzburgerland\",\"https:\\\/\\\/de.wikipedia.org\\\/wiki\\\/SalzburgerLand_Tourismus_GmbH\"]},{\"@type\":\"Person\",\"@id\":\"https:\\\/\\\/www.salzburgerland.com\\\/de\\\/magazin\\\/#\\\/schema\\\/person\\\/a55a4fee1009b9e458d298480a18a9f7\",\"name\":\"Ulli Hammerl\",\"description\":\"Geboren und aufgewachsen in der Stadt Salzburg war Ulli Hammerl fr\u00fch bewusst, in einer der sch\u00f6nsten St\u00e4dte der Welt zu leben. So ist sie auch w\u00e4hrend ihres Studiums der Kommunikationswissenschaft und \u00d6kologie ihrer Heimatstadt treu geblieben. Gleich nach dem Studium ist sie zu SalzburgerLand Tourismus (SLTG) gegangen und hat hier von 1998 - 2004 u.a. die SalzburgerLand Card betreut. Dabei ist sie viel herumgekommen, wodurch auch die Liebe zum SalzburgerLand enstanden und gewachsen ist. Nach der Geburt ihrer Tochter im September 2004 hat sich Ulli Hammerl 2007 mit einer Agentur selbst\u00e4ndig gemacht. Mein pers\u00f6nlicher Logenplatz: Hoch \u00fcber Salzburg, abseits der stark begangenen Wege mit Blick auf die D\u00e4cher und Kircht\u00fcrme der Stadt \u2013 hier geht mir das Herz auf! Morgen- oder Abendmensch: Ganz klar: Morgenmensch. Wenn um 5.00 Uhr fr\u00fch die V\u00f6gel zwitschern und rund herum noch alles in tiefer Ruhe versinkt, dann ist meine Zeit. Ausgeschlafen, Energie geladen und voller Tatendrang starte ich am liebsten in den fr\u00fchen Morgenstunden in den Tag. Daf\u00fcr kann man nach 21.00 Uhr nicht mehr mit mir rechnen. Buch oder Film: Es gibt nichts Sch\u00f6neres, als es sich am Ende des Tages auf der Couch gem\u00fctlich zu machen und in die Gedankenwelt eines guten Buches einzutauchen \u2013 Lesen ist Abenteuer im Kopf. Wandern, Spazierengehen oder Laufen: alles drei und zwar am besten jeden Tag. Mit ein bisschen Zeiteinteilung geht es sich tats\u00e4chlich fast gehen Tag aus, drau\u00dfen unterwegs zu sein. Fr\u00fchling, Sommer, Herbst oder Winter: Ich kann es im Fr\u00fchling kaum erwarten, die ersten Gr\u00fcnschattierungen in der Natur zu entdecken. Ich liebe hei\u00dfe Sommertage am See und laue Sommerabende am Balkon. Ich mag es, wenn im Herbst die W\u00e4lder in einem Meer aus Farben erstrahlen, Laubrascheln und Kastanien sammeln. Und ich freue mich wie ein Kind, wenn im Dezember die ersten Schneeflocken vom Himmel schweben. Die vier Jahreszeiten sind etwas Wunderbares.\",\"url\":\"https:\\\/\\\/www.salzburgerland.com\\\/de\\\/magazin\\\/author\\\/ulli-hammerl\\\/\"}]}<\/script>\n<!-- \/ Yoast SEO Premium plugin. -->","yoast_head_json":{"title":"Domquartier Sonderausstellungen - SalzburgerLand Magazin","description":"Wechselnde Sonderausstellungen machen das DomQuartier immer zu einem lohnenden Ausflugsziel. 2026 widmet sich eine Ausstellung Franz von Assisi bzw. der franziskanischen Lebenskunst. Bis Ende April sind auch noch die Publikumslieblinge in einer Sonderschau zu sehen sowie die Ausstellung \"Der Bauernkrieg im Spiegel von Kunst und Diktatur\".","robots":{"index":"index","follow":"follow","max-snippet":"max-snippet:-1","max-image-preview":"max-image-preview:large","max-video-preview":"max-video-preview:-1"},"canonical":"https:\/\/www.salzburgerland.com\/de\/magazin\/domquartier-sonderausstellungen\/","og_locale":"de_DE","og_type":"article","og_title":"Domquartier Sonderausstellungen","og_description":"Es soll ja&nbsp;Salzburger geben, die den Museumskomplex des Domquartiers noch nicht gesehen haben. Im Gegensatz zu den meisten Salzburg-Besuchern, die sich diesen einzigartigen Rundgang meist nicht entgehen lassen. Aber egal ob zum ersten oder zum wiederholten Male, ein Besuch Domquartier ist immer wieder ein Erlebnis. Die einmaligen Aus- und Einblicken auf die Stadt mit ihren [&hellip;]","og_url":"https:\/\/www.salzburgerland.com\/de\/magazin\/domquartier-sonderausstellungen\/","og_site_name":"SalzburgerLand Magazin","article_publisher":"https:\/\/www.facebook.com\/salzburgerland\/","article_published_time":"2026-01-19T06:00:00+00:00","article_modified_time":"2026-01-19T08:49:45+00:00","og_image":[{"width":1920,"height":1409,"url":"https:\/\/www.salzburgerland.com\/de\/magazin\/wp-content\/uploads\/2023\/03\/aussenansicht-domquartier-cDQS.jpg","type":"image\/jpeg"}],"author":"Ulli Hammerl","twitter_card":"summary_large_image","twitter_creator":"@Salzburgerland","twitter_site":"@Salzburgerland","twitter_misc":{"Verfasst von":"Ulli Hammerl","Gesch\u00e4tzte Lesezeit":"4\u00a0Minuten"},"schema":{"@context":"https:\/\/schema.org","@graph":[{"@type":"Article","@id":"https:\/\/www.salzburgerland.com\/de\/magazin\/domquartier-sonderausstellungen\/#article","isPartOf":{"@id":"https:\/\/www.salzburgerland.com\/de\/magazin\/domquartier-sonderausstellungen\/"},"author":{"name":"Ulli Hammerl","@id":"https:\/\/www.salzburgerland.com\/de\/magazin\/#\/schema\/person\/a55a4fee1009b9e458d298480a18a9f7"},"headline":"Domquartier Sonderausstellungen","datePublished":"2026-01-19T06:00:00+00:00","dateModified":"2026-01-19T08:49:45+00:00","mainEntityOfPage":{"@id":"https:\/\/www.salzburgerland.com\/de\/magazin\/domquartier-sonderausstellungen\/"},"wordCount":577,"commentCount":0,"publisher":{"@id":"https:\/\/www.salzburgerland.com\/de\/magazin\/#organization"},"image":{"@id":"https:\/\/www.salzburgerland.com\/de\/magazin\/domquartier-sonderausstellungen\/#primaryimage"},"thumbnailUrl":"https:\/\/www.salzburgerland.com\/de\/magazin\/wp-content\/uploads\/2023\/03\/aussenansicht-domquartier-cDQS.jpg","articleSection":["Kunst &amp; Kultur"],"inLanguage":"de","potentialAction":[{"@type":"CommentAction","name":"Comment","target":["https:\/\/www.salzburgerland.com\/de\/magazin\/domquartier-sonderausstellungen\/#respond"]}]},{"@type":"WebPage","@id":"https:\/\/www.salzburgerland.com\/de\/magazin\/domquartier-sonderausstellungen\/","url":"https:\/\/www.salzburgerland.com\/de\/magazin\/domquartier-sonderausstellungen\/","name":"Domquartier Sonderausstellungen - SalzburgerLand Magazin","isPartOf":{"@id":"https:\/\/www.salzburgerland.com\/de\/magazin\/#website"},"primaryImageOfPage":{"@id":"https:\/\/www.salzburgerland.com\/de\/magazin\/domquartier-sonderausstellungen\/#primaryimage"},"image":{"@id":"https:\/\/www.salzburgerland.com\/de\/magazin\/domquartier-sonderausstellungen\/#primaryimage"},"thumbnailUrl":"https:\/\/www.salzburgerland.com\/de\/magazin\/wp-content\/uploads\/2023\/03\/aussenansicht-domquartier-cDQS.jpg","datePublished":"2026-01-19T06:00:00+00:00","dateModified":"2026-01-19T08:49:45+00:00","breadcrumb":{"@id":"https:\/\/www.salzburgerland.com\/de\/magazin\/domquartier-sonderausstellungen\/#breadcrumb"},"inLanguage":"de","potentialAction":[{"@type":"ReadAction","target":["https:\/\/www.salzburgerland.com\/de\/magazin\/domquartier-sonderausstellungen\/"]}]},{"@type":"ImageObject","inLanguage":"de","@id":"https:\/\/www.salzburgerland.com\/de\/magazin\/domquartier-sonderausstellungen\/#primaryimage","url":"https:\/\/www.salzburgerland.com\/de\/magazin\/wp-content\/uploads\/2023\/03\/aussenansicht-domquartier-cDQS.jpg","contentUrl":"https:\/\/www.salzburgerland.com\/de\/magazin\/wp-content\/uploads\/2023\/03\/aussenansicht-domquartier-cDQS.jpg","width":1920,"height":1409,"caption":"\u00a9 Domquartier Salzburg"},{"@type":"BreadcrumbList","@id":"https:\/\/www.salzburgerland.com\/de\/magazin\/domquartier-sonderausstellungen\/#breadcrumb","itemListElement":[{"@type":"ListItem","position":1,"name":"Startseite","item":"https:\/\/www.salzburgerland.com\/de\/magazin\/"},{"@type":"ListItem","position":2,"name":"Kunst &amp; Kultur","item":"https:\/\/www.salzburgerland.com\/de\/magazin\/thema\/kunst-kultur\/"},{"@type":"ListItem","position":3,"name":"Domquartier Sonderausstellungen"}]},{"@type":"WebSite","@id":"https:\/\/www.salzburgerland.com\/de\/magazin\/#website","url":"https:\/\/www.salzburgerland.com\/de\/magazin\/","name":"SalzburgerLand Magazin","description":"Geschichten und Interessantes aus dem SalzburgerLand","publisher":{"@id":"https:\/\/www.salzburgerland.com\/de\/magazin\/#organization"},"potentialAction":[{"@type":"SearchAction","target":{"@type":"EntryPoint","urlTemplate":"https:\/\/www.salzburgerland.com\/de\/magazin\/?s={search_term_string}"},"query-input":{"@type":"PropertyValueSpecification","valueRequired":true,"valueName":"search_term_string"}}],"inLanguage":"de"},{"@type":"Organization","@id":"https:\/\/www.salzburgerland.com\/de\/magazin\/#organization","name":"SalzburgerLand Tourismus","url":"https:\/\/www.salzburgerland.com\/de\/magazin\/","logo":{"@type":"ImageObject","inLanguage":"de","@id":"https:\/\/www.salzburgerland.com\/de\/magazin\/#\/schema\/logo\/image\/","url":"https:\/\/www.salzburgerland.com\/de\/magazin\/wp-content\/uploads\/2019\/06\/salzburgerland-logo1.jpg","contentUrl":"https:\/\/www.salzburgerland.com\/de\/magazin\/wp-content\/uploads\/2019\/06\/salzburgerland-logo1.jpg","width":2011,"height":866,"caption":"SalzburgerLand Tourismus"},"image":{"@id":"https:\/\/www.salzburgerland.com\/de\/magazin\/#\/schema\/logo\/image\/"},"sameAs":["https:\/\/www.facebook.com\/salzburgerland\/","https:\/\/x.com\/Salzburgerland","https:\/\/www.instagram.com\/salzburgerland\/","https:\/\/at.linkedin.com\/company\/salzburgerland-tourismus-gmbh","https:\/\/www.pinterest.at\/salzburgerland\/","https:\/\/www.youtube.com\/user\/salzburgerland","https:\/\/de.wikipedia.org\/wiki\/SalzburgerLand_Tourismus_GmbH"]},{"@type":"Person","@id":"https:\/\/www.salzburgerland.com\/de\/magazin\/#\/schema\/person\/a55a4fee1009b9e458d298480a18a9f7","name":"Ulli Hammerl","description":"Geboren und aufgewachsen in der Stadt Salzburg war Ulli Hammerl fr\u00fch bewusst, in einer der sch\u00f6nsten St\u00e4dte der Welt zu leben. So ist sie auch w\u00e4hrend ihres Studiums der Kommunikationswissenschaft und \u00d6kologie ihrer Heimatstadt treu geblieben. Gleich nach dem Studium ist sie zu SalzburgerLand Tourismus (SLTG) gegangen und hat hier von 1998 - 2004 u.a. die SalzburgerLand Card betreut. Dabei ist sie viel herumgekommen, wodurch auch die Liebe zum SalzburgerLand enstanden und gewachsen ist. Nach der Geburt ihrer Tochter im September 2004 hat sich Ulli Hammerl 2007 mit einer Agentur selbst\u00e4ndig gemacht. Mein pers\u00f6nlicher Logenplatz: Hoch \u00fcber Salzburg, abseits der stark begangenen Wege mit Blick auf die D\u00e4cher und Kircht\u00fcrme der Stadt \u2013 hier geht mir das Herz auf! Morgen- oder Abendmensch: Ganz klar: Morgenmensch. Wenn um 5.00 Uhr fr\u00fch die V\u00f6gel zwitschern und rund herum noch alles in tiefer Ruhe versinkt, dann ist meine Zeit. Ausgeschlafen, Energie geladen und voller Tatendrang starte ich am liebsten in den fr\u00fchen Morgenstunden in den Tag. Daf\u00fcr kann man nach 21.00 Uhr nicht mehr mit mir rechnen. Buch oder Film: Es gibt nichts Sch\u00f6neres, als es sich am Ende des Tages auf der Couch gem\u00fctlich zu machen und in die Gedankenwelt eines guten Buches einzutauchen \u2013 Lesen ist Abenteuer im Kopf. Wandern, Spazierengehen oder Laufen: alles drei und zwar am besten jeden Tag. Mit ein bisschen Zeiteinteilung geht es sich tats\u00e4chlich fast gehen Tag aus, drau\u00dfen unterwegs zu sein. Fr\u00fchling, Sommer, Herbst oder Winter: Ich kann es im Fr\u00fchling kaum erwarten, die ersten Gr\u00fcnschattierungen in der Natur zu entdecken. Ich liebe hei\u00dfe Sommertage am See und laue Sommerabende am Balkon. Ich mag es, wenn im Herbst die W\u00e4lder in einem Meer aus Farben erstrahlen, Laubrascheln und Kastanien sammeln. Und ich freue mich wie ein Kind, wenn im Dezember die ersten Schneeflocken vom Himmel schweben. Die vier Jahreszeiten sind etwas Wunderbares.","url":"https:\/\/www.salzburgerland.com\/de\/magazin\/author\/ulli-hammerl\/"}]}},"_wl_alt_label":[],"wl:entity_url":"http:\/\/open.salzburgerland.com\/magazin\/post\/domquartier_sonderausstellungen","_links":{"self":[{"href":"https:\/\/www.salzburgerland.com\/de\/magazin\/wp-json\/wp\/v2\/posts\/106794","targetHints":{"allow":["GET"]}}],"collection":[{"href":"https:\/\/www.salzburgerland.com\/de\/magazin\/wp-json\/wp\/v2\/posts"}],"about":[{"href":"https:\/\/www.salzburgerland.com\/de\/magazin\/wp-json\/wp\/v2\/types\/post"}],"author":[{"embeddable":true,"href":"https:\/\/www.salzburgerland.com\/de\/magazin\/wp-json\/wp\/v2\/users\/90"}],"replies":[{"embeddable":true,"href":"https:\/\/www.salzburgerland.com\/de\/magazin\/wp-json\/wp\/v2\/comments?post=106794"}],"version-history":[{"count":9,"href":"https:\/\/www.salzburgerland.com\/de\/magazin\/wp-json\/wp\/v2\/posts\/106794\/revisions"}],"predecessor-version":[{"id":185764,"href":"https:\/\/www.salzburgerland.com\/de\/magazin\/wp-json\/wp\/v2\/posts\/106794\/revisions\/185764"}],"wp:featuredmedia":[{"embeddable":true,"href":"https:\/\/www.salzburgerland.com\/de\/magazin\/wp-json\/wp\/v2\/media\/170465"}],"wp:attachment":[{"href":"https:\/\/www.salzburgerland.com\/de\/magazin\/wp-json\/wp\/v2\/media?parent=106794"}],"wp:term":[{"taxonomy":"category","embeddable":true,"href":"https:\/\/www.salzburgerland.com\/de\/magazin\/wp-json\/wp\/v2\/categories?post=106794"},{"taxonomy":"post_tag","embeddable":true,"href":"https:\/\/www.salzburgerland.com\/de\/magazin\/wp-json\/wp\/v2\/tags?post=106794"},{"taxonomy":"wl_entity_type","embeddable":true,"href":"https:\/\/www.salzburgerland.com\/de\/magazin\/wp-json\/wp\/v2\/wl_entity_type?post=106794"},{"taxonomy":"monatsauswahl","embeddable":true,"href":"https:\/\/www.salzburgerland.com\/de\/magazin\/wp-json\/wp\/v2\/monatsauswahl?post=106794"}],"curies":[{"name":"wp","href":"https:\/\/api.w.org\/{rel}","templated":true}]}}