{"id":105793,"date":"2016-06-05T08:00:41","date_gmt":"2016-06-05T06:00:41","guid":{"rendered":"http:\/\/magazin.salzburgerland.com\/?p=105793"},"modified":"2025-11-18T13:43:54","modified_gmt":"2025-11-18T12:43:54","slug":"feuer-stimme-chorfestival-im-lungau","status":"publish","type":"post","link":"https:\/\/www.salzburgerland.com\/de\/magazin\/feuer-stimme-chorfestival-im-lungau\/","title":{"rendered":"Feuer &amp; Stimme-Chorfestival im Lungau"},"content":{"rendered":"<p><strong>Wenn leichte Melodien fr\u00f6hlich durch schattige G\u00e4sschen tanzen, die Luft von Musik erf\u00fcllt ist und\u00a0man sich an den verschiedensten Pl\u00e4tzen und Orten zum gemeinsamen Singen trifft &#8211; dann steht in St. Michael im Lungau wieder einmal das\u00a0&#8222;Feuer&amp;Stimme&#8220;-Chorfest auf dem Programm. Ein Wochenende voller Lebensfreude, Freundschaft, anziehender Gegens\u00e4tze und der alles-verbindenden Musik.\u00a0<\/strong><\/p>\n<p>Wenn vom 12. bis 14. Juni 2026 &#8222;<a href=\"https:\/\/www.feuerundstimme.com\/\" target=\"_blank\" rel=\"noopener noreferrer\">Feuer&amp;Stimme<\/a>&#8220; in, um und \u00fcber St. Michael im Lungau \u00fcber die sprichw\u00f6rtliche B\u00fchne geht, dann wird der malerische Ort im S\u00fcden des SalzburgerLandes bereits zum 16. Mal Austragungsort dieses ebenso au\u00dfergew\u00f6hnlichen wie eindrucksvollen Chorfestes sein. Rund 1.500 S\u00e4ngerinnen und S\u00e4nger aus allen Bundesl\u00e4ndern, sowie den Nachbarstaaten \u00d6sterreichs und sogar Moskau, werden hier ihre Stimme erheben und zeigen, dass die Musik keine Grenzen kennt und \u00fcber alle Unterschiede erhaben ist. Freundschaften werden geschlossen, Erfahrungen ausgetauscht und immer wieder aus dem Nichts heraus gesungen und musiziert. Geteilte Leidenschaft, wie man es sch\u00f6ner nicht ausdr\u00fccken k\u00f6nnte.<br \/>\n<img loading=\"lazy\" decoding=\"async\" class=\"alignnone wp-image-105816 size-singlePost\" src=\"https:\/\/www.salzburgerland.com\/de\/magazin\/wp-content\/uploads\/2016\/05\/DSC6864z-650x435.jpg\" alt=\"Feuer und Stimme, Internationales Chortreffen in St. Michael im Lungau\" width=\"650\" height=\"435\" \/><br \/>\nZum Auftakt treffen sich die Teilnehmer am Freitagabend im Zentrum von St. Michael und entz\u00fcnden symbolisch f\u00fcr die &#8218;brennende Leidenschaft&#8216;\u00a0die Feuer bei der gemeinsamen Fackelwanderung zur Festhalle. Hier klingt der Abend\u00a0mit Gesang und Liedern aller S\u00e4ngerfreunde aus. Am Samstag steht zuerst eine Bergandacht beim Peterbauerkreuz am Speiereck auf dem Programm. 2000 gemeinsam erklingende Stimmen sorgen hier f\u00fcr alpines G\u00e4nsehaut-Feeling, bevor am Abend im Tal die Konzertauftritte in der Pfarrkirche und der Burg Mauterndorf, der\u00a0Pfarrkirche St. Michael und in der Wallfahrtskirche St. Leonhart beginnen.\u00a0Nach den Abendkonzerten findet ein gemeinsames Singen in den einzelnen Gastst\u00e4tten von St. Michael statt.<br \/>\n<img loading=\"lazy\" decoding=\"async\" class=\"alignnone wp-image-105813 size-singlePost\" src=\"https:\/\/www.salzburgerland.com\/de\/magazin\/wp-content\/uploads\/2016\/05\/DSC6389-650x435.jpg\" alt=\"_DSC6389\" width=\"650\" height=\"435\" \/><br \/>\nDen Abschluss des Internationalen Chorfestivals bildet\u00a0ein gro\u00dfer Festumzug am Sonntag\u00a0mit allen teilnehmenden Ch\u00f6ren, der Sch\u00fctzengarde, Samsongruppe, B\u00fcrgermusik &amp; Trachtenfrauen St. Michael,\u00a0der Schnalzergruppe Ermannsdorf, den Jagdhornbl\u00e4sern und anschlie\u00dfendem Festakt und dem gemeinsamen, spontanen Singen auf den Pl\u00e4tzen des Ortes.<\/p>\n<p>Selbst wenn nach diesem Wochenende wieder Ruhe in St. Michael einkehrt, so verhallen die Stimmen im Lungau so gut wie nie. Denn kaum sonst wo hat das gemeinsame Singen in Ch\u00f6ren einen so hohen Stellenwert wie hier, wovon insgesamt 28. Ch\u00f6re ein Lied singen k\u00f6nnen.<\/p>\n<p>Informationen zum Chorfestival Feuer&amp;Stimme finden Sie auf der <a href=\"http:\/\/www.feuerundstimme.com\" target=\"_blank\" rel=\"noopener noreferrer\">offiziellen Website der Veranstaltung<\/a>.<\/p>\n","protected":false},"excerpt":{"rendered":"<p>Wenn leichte Melodien fr\u00f6hlich durch schattige G\u00e4sschen tanzen, die Luft von Musik erf\u00fcllt ist und\u00a0man sich an den verschiedensten Pl\u00e4tzen und Orten zum gemeinsamen Singen trifft &#8211; dann steht in St. Michael im Lungau wieder einmal das\u00a0&#8222;Feuer&amp;Stimme&#8220;-Chorfest auf dem Programm. Ein Wochenende voller Lebensfreude, Freundschaft, anziehender Gegens\u00e4tze und der alles-verbindenden Musik.\u00a0 Wenn vom 12. bis [&hellip;]<\/p>\n","protected":false},"author":505,"featured_media":105818,"comment_status":"open","ping_status":"open","sticky":false,"template":"","format":"standard","meta":{"_acf_changed":false,"wl_entities_gutenberg":"","_wl_entity_redirect_enabled":"","footnotes":""},"categories":[6],"tags":[],"wl_entity_type":[306],"monatsauswahl":[82,83,84,85,86,87,88,89,90,91,92,93],"class_list":["post-105793","post","type-post","status-publish","format-standard","has-post-thumbnail","hentry","category-kunst-kultur","wl_entity_type-article","monatsauswahl-monat_1","monatsauswahl-monat_2","monatsauswahl-monat_3","monatsauswahl-monat_4","monatsauswahl-monat_5","monatsauswahl-monat_6","monatsauswahl-monat_7","monatsauswahl-monat_8","monatsauswahl-monat_9","monatsauswahl-monat_10","monatsauswahl-monat_11","monatsauswahl-monat_12"],"acf":[],"yoast_head":"<!-- This site is optimized with the Yoast SEO Premium plugin v27.4 (Yoast SEO v27.4) - https:\/\/yoast.com\/product\/yoast-seo-premium-wordpress\/ -->\n<title>Feuer &amp; Stimme-Chorfestival im Lungau - SalzburgerLand Magazin<\/title>\n<meta name=\"description\" content=\"Wenn leichte Melodien fr\u00f6hlich durch schattige G\u00e4sschen tanzen, die Luft von Musik erf\u00fcllt ist und\u00a0man sich an den verschiedensten Pl\u00e4tzen und Orten zum gemeinsamen Singen trifft &#8211; dann steht in St. Michael im Lungau wieder einmal das\u00a0&#8222;Feuer&amp;Stimme&#8220;-Chorfest auf dem Programm. Ein Wochenende voller Lebensfreude, Freundschaft, anziehender Gegens\u00e4tze und der alles-verbindenden Musik.\u00a0 Wenn vom 12. bis [&hellip;]\" \/>\n<meta name=\"robots\" content=\"index, follow, max-snippet:-1, max-image-preview:large, max-video-preview:-1\" \/>\n<link rel=\"canonical\" href=\"https:\/\/www.salzburgerland.com\/de\/magazin\/feuer-stimme-chorfestival-im-lungau\/\" \/>\n<meta property=\"og:locale\" content=\"de_DE\" \/>\n<meta property=\"og:type\" content=\"article\" \/>\n<meta property=\"og:title\" content=\"Feuer &amp; Stimme-Chorfestival im Lungau\" \/>\n<meta property=\"og:description\" content=\"Wenn leichte Melodien fr\u00f6hlich durch schattige G\u00e4sschen tanzen, die Luft von Musik erf\u00fcllt ist und\u00a0man sich an den verschiedensten Pl\u00e4tzen und Orten zum gemeinsamen Singen trifft &#8211; dann steht in St. Michael im Lungau wieder einmal das\u00a0&#8222;Feuer&amp;Stimme&#8220;-Chorfest auf dem Programm. Ein Wochenende voller Lebensfreude, Freundschaft, anziehender Gegens\u00e4tze und der alles-verbindenden Musik.\u00a0 Wenn vom 12. bis [&hellip;]\" \/>\n<meta property=\"og:url\" content=\"https:\/\/www.salzburgerland.com\/de\/magazin\/feuer-stimme-chorfestival-im-lungau\/\" \/>\n<meta property=\"og:site_name\" content=\"SalzburgerLand Magazin\" \/>\n<meta property=\"article:publisher\" content=\"https:\/\/www.facebook.com\/salzburgerland\/\" \/>\n<meta property=\"article:published_time\" content=\"2016-06-05T06:00:41+00:00\" \/>\n<meta property=\"article:modified_time\" content=\"2025-11-18T12:43:54+00:00\" \/>\n<meta property=\"og:image\" content=\"https:\/\/www.salzburgerland.com\/de\/magazin\/wp-content\/uploads\/2016\/05\/DSC_2318.jpg\" \/>\n\t<meta property=\"og:image:width\" content=\"1600\" \/>\n\t<meta property=\"og:image:height\" content=\"1063\" \/>\n\t<meta property=\"og:image:type\" content=\"image\/jpeg\" \/>\n<meta name=\"author\" content=\"Peter Zeitlhofer\" \/>\n<meta name=\"twitter:card\" content=\"summary_large_image\" \/>\n<meta name=\"twitter:creator\" content=\"@Salzburgerland\" \/>\n<meta name=\"twitter:site\" content=\"@Salzburgerland\" \/>\n<meta name=\"twitter:label1\" content=\"Verfasst von\" \/>\n\t<meta name=\"twitter:data1\" content=\"Peter Zeitlhofer\" \/>\n\t<meta name=\"twitter:label2\" content=\"Gesch\u00e4tzte Lesezeit\" \/>\n\t<meta name=\"twitter:data2\" content=\"3\u00a0Minuten\" \/>\n<script type=\"application\/ld+json\" class=\"yoast-schema-graph\">{\"@context\":\"https:\\\/\\\/schema.org\",\"@graph\":[{\"@type\":\"Article\",\"@id\":\"https:\\\/\\\/www.salzburgerland.com\\\/de\\\/magazin\\\/feuer-stimme-chorfestival-im-lungau\\\/#article\",\"isPartOf\":{\"@id\":\"https:\\\/\\\/www.salzburgerland.com\\\/de\\\/magazin\\\/feuer-stimme-chorfestival-im-lungau\\\/\"},\"author\":{\"name\":\"Peter Zeitlhofer\",\"@id\":\"https:\\\/\\\/www.salzburgerland.com\\\/de\\\/magazin\\\/#\\\/schema\\\/person\\\/ebd2c9f244aeea71e30f3b5d5e309de4\"},\"headline\":\"Feuer &amp; Stimme-Chorfestival im Lungau\",\"datePublished\":\"2016-06-05T06:00:41+00:00\",\"dateModified\":\"2025-11-18T12:43:54+00:00\",\"mainEntityOfPage\":{\"@id\":\"https:\\\/\\\/www.salzburgerland.com\\\/de\\\/magazin\\\/feuer-stimme-chorfestival-im-lungau\\\/\"},\"wordCount\":389,\"commentCount\":0,\"publisher\":{\"@id\":\"https:\\\/\\\/www.salzburgerland.com\\\/de\\\/magazin\\\/#organization\"},\"image\":{\"@id\":\"https:\\\/\\\/www.salzburgerland.com\\\/de\\\/magazin\\\/feuer-stimme-chorfestival-im-lungau\\\/#primaryimage\"},\"thumbnailUrl\":\"https:\\\/\\\/www.salzburgerland.com\\\/de\\\/magazin\\\/wp-content\\\/uploads\\\/2016\\\/05\\\/DSC_2318.jpg\",\"articleSection\":[\"Kunst &amp; Kultur\"],\"inLanguage\":\"de\",\"potentialAction\":[{\"@type\":\"CommentAction\",\"name\":\"Comment\",\"target\":[\"https:\\\/\\\/www.salzburgerland.com\\\/de\\\/magazin\\\/feuer-stimme-chorfestival-im-lungau\\\/#respond\"]}]},{\"@type\":\"WebPage\",\"@id\":\"https:\\\/\\\/www.salzburgerland.com\\\/de\\\/magazin\\\/feuer-stimme-chorfestival-im-lungau\\\/\",\"url\":\"https:\\\/\\\/www.salzburgerland.com\\\/de\\\/magazin\\\/feuer-stimme-chorfestival-im-lungau\\\/\",\"name\":\"Feuer &amp; Stimme-Chorfestival im Lungau - SalzburgerLand Magazin\",\"isPartOf\":{\"@id\":\"https:\\\/\\\/www.salzburgerland.com\\\/de\\\/magazin\\\/#website\"},\"primaryImageOfPage\":{\"@id\":\"https:\\\/\\\/www.salzburgerland.com\\\/de\\\/magazin\\\/feuer-stimme-chorfestival-im-lungau\\\/#primaryimage\"},\"image\":{\"@id\":\"https:\\\/\\\/www.salzburgerland.com\\\/de\\\/magazin\\\/feuer-stimme-chorfestival-im-lungau\\\/#primaryimage\"},\"thumbnailUrl\":\"https:\\\/\\\/www.salzburgerland.com\\\/de\\\/magazin\\\/wp-content\\\/uploads\\\/2016\\\/05\\\/DSC_2318.jpg\",\"datePublished\":\"2016-06-05T06:00:41+00:00\",\"dateModified\":\"2025-11-18T12:43:54+00:00\",\"breadcrumb\":{\"@id\":\"https:\\\/\\\/www.salzburgerland.com\\\/de\\\/magazin\\\/feuer-stimme-chorfestival-im-lungau\\\/#breadcrumb\"},\"inLanguage\":\"de\",\"potentialAction\":[{\"@type\":\"ReadAction\",\"target\":[\"https:\\\/\\\/www.salzburgerland.com\\\/de\\\/magazin\\\/feuer-stimme-chorfestival-im-lungau\\\/\"]}]},{\"@type\":\"ImageObject\",\"inLanguage\":\"de\",\"@id\":\"https:\\\/\\\/www.salzburgerland.com\\\/de\\\/magazin\\\/feuer-stimme-chorfestival-im-lungau\\\/#primaryimage\",\"url\":\"https:\\\/\\\/www.salzburgerland.com\\\/de\\\/magazin\\\/wp-content\\\/uploads\\\/2016\\\/05\\\/DSC_2318.jpg\",\"contentUrl\":\"https:\\\/\\\/www.salzburgerland.com\\\/de\\\/magazin\\\/wp-content\\\/uploads\\\/2016\\\/05\\\/DSC_2318.jpg\",\"width\":1600,\"height\":1063,\"caption\":\"Eine Gruppe von Frauen in \u00f6sterreichischer Tracht singt, w\u00e4hrend ein Mann mit Sonnenbrille sie enthusiastisch anf\u00fchrt.\"},{\"@type\":\"BreadcrumbList\",\"@id\":\"https:\\\/\\\/www.salzburgerland.com\\\/de\\\/magazin\\\/feuer-stimme-chorfestival-im-lungau\\\/#breadcrumb\",\"itemListElement\":[{\"@type\":\"ListItem\",\"position\":1,\"name\":\"Startseite\",\"item\":\"https:\\\/\\\/www.salzburgerland.com\\\/de\\\/magazin\\\/\"},{\"@type\":\"ListItem\",\"position\":2,\"name\":\"Kunst &amp; Kultur\",\"item\":\"https:\\\/\\\/www.salzburgerland.com\\\/de\\\/magazin\\\/thema\\\/kunst-kultur\\\/\"},{\"@type\":\"ListItem\",\"position\":3,\"name\":\"Feuer &amp; Stimme-Chorfestival im Lungau\"}]},{\"@type\":\"WebSite\",\"@id\":\"https:\\\/\\\/www.salzburgerland.com\\\/de\\\/magazin\\\/#website\",\"url\":\"https:\\\/\\\/www.salzburgerland.com\\\/de\\\/magazin\\\/\",\"name\":\"SalzburgerLand Magazin\",\"description\":\"Geschichten und Interessantes aus dem SalzburgerLand\",\"publisher\":{\"@id\":\"https:\\\/\\\/www.salzburgerland.com\\\/de\\\/magazin\\\/#organization\"},\"potentialAction\":[{\"@type\":\"SearchAction\",\"target\":{\"@type\":\"EntryPoint\",\"urlTemplate\":\"https:\\\/\\\/www.salzburgerland.com\\\/de\\\/magazin\\\/?s={search_term_string}\"},\"query-input\":{\"@type\":\"PropertyValueSpecification\",\"valueRequired\":true,\"valueName\":\"search_term_string\"}}],\"inLanguage\":\"de\"},{\"@type\":\"Organization\",\"@id\":\"https:\\\/\\\/www.salzburgerland.com\\\/de\\\/magazin\\\/#organization\",\"name\":\"SalzburgerLand Tourismus\",\"url\":\"https:\\\/\\\/www.salzburgerland.com\\\/de\\\/magazin\\\/\",\"logo\":{\"@type\":\"ImageObject\",\"inLanguage\":\"de\",\"@id\":\"https:\\\/\\\/www.salzburgerland.com\\\/de\\\/magazin\\\/#\\\/schema\\\/logo\\\/image\\\/\",\"url\":\"https:\\\/\\\/www.salzburgerland.com\\\/de\\\/magazin\\\/wp-content\\\/uploads\\\/2019\\\/06\\\/salzburgerland-logo1.jpg\",\"contentUrl\":\"https:\\\/\\\/www.salzburgerland.com\\\/de\\\/magazin\\\/wp-content\\\/uploads\\\/2019\\\/06\\\/salzburgerland-logo1.jpg\",\"width\":2011,\"height\":866,\"caption\":\"SalzburgerLand Tourismus\"},\"image\":{\"@id\":\"https:\\\/\\\/www.salzburgerland.com\\\/de\\\/magazin\\\/#\\\/schema\\\/logo\\\/image\\\/\"},\"sameAs\":[\"https:\\\/\\\/www.facebook.com\\\/salzburgerland\\\/\",\"https:\\\/\\\/x.com\\\/Salzburgerland\",\"https:\\\/\\\/www.instagram.com\\\/salzburgerland\\\/\",\"https:\\\/\\\/at.linkedin.com\\\/company\\\/salzburgerland-tourismus-gmbh\",\"https:\\\/\\\/www.pinterest.at\\\/salzburgerland\\\/\",\"https:\\\/\\\/www.youtube.com\\\/user\\\/salzburgerland\",\"https:\\\/\\\/de.wikipedia.org\\\/wiki\\\/SalzburgerLand_Tourismus_GmbH\"]},{\"@type\":\"Person\",\"@id\":\"https:\\\/\\\/www.salzburgerland.com\\\/de\\\/magazin\\\/#\\\/schema\\\/person\\\/ebd2c9f244aeea71e30f3b5d5e309de4\",\"name\":\"Peter Zeitlhofer\",\"description\":\"'Von Neugier getrieben' - diese Worte kommen Peter Zeitlhofer wohl schon ziemlich nahe. Egal ob am Segelboot, im Tiefschnee, unterwegs in Stadt und Land, oder auf einer seinen vielen Reisen - er ist immer auf der Suche nach Neuem, nach dem Besonderen, probiert so ziemlich alles aus und liebt es, dar\u00fcber zu reden und zu berichten. Womit man auch schon fast bei seiner zweiten Leidenschaft w\u00e4re - dem Schreiben. Immer und \u00fcberall ausgestattet\u00a0mit seinem Notebook, hat der Salzburger, mit Wurzeln am Attersee, sein Office\u00a0im wahrsten Sinne des Wortes unterm Arm und k\u00f6nnte sich nichts besseres vorstellen, als die Geschichten dort zu erz\u00e4hlen, wo sie passieren. Fr\u00fchling, Sommer, Herbst oder Winter? Als Mensch der Extreme, mag ich auch bei den Jahreszeiten den Sommer und den Winter am liebsten. Obwohl nat\u00fcrlich auch der Fr\u00fchling seine Reize hat. Aber der Herbst? Rindsroulade vom Pinzgauer Biorind oder Saibling fangfrisch aus dem Fuschlsee? Immer diese Entscheidungen! Kann ich auch beides haben? Mundharmonika oder Stradivari? Weder noch - als Gitarrist k\u00f6nnte ich mit beiden Instrumenten nichts anfangen. Lederhose oder Smoking? Eindeutig Lederhose, die bei mir mittlerweile sogar den Einzug in den sommerlichen Alltag gefunden hat. Und der LederhosnDonnerstag ist \u00a0ohnehin Pflicht. Alpinski, Offpist oder Skitour? Hauptsache rauf auf den Berg! Was dann tats\u00e4chlich auf dem Programm steht ist zweitrangig. Nur so viel: wenn der Schnee passt, dann h\u00e4lt mich nichts oder niemand auf der Piste. Bergtour oder Seentour? F\u00fcr mich gibt es im Sommer nichts Sch\u00f6neres, als mit dem Segelboot auf unseren herrlichen Seen unterwegs zu sein. Also wenn ich die Wahl habe, dann nehme ich im Sommer die Berge h\u00f6chstens als Kulisse. Haubenlokal oder Ab-Hof-Laden? Auch hier nehme ich von beidem ein bisschen. Aber bei der Oma schmeckt's dann doch am besten.\",\"url\":\"https:\\\/\\\/www.salzburgerland.com\\\/de\\\/magazin\\\/author\\\/peter-zeitlhofer\\\/\"}]}<\/script>\n<!-- \/ Yoast SEO Premium plugin. -->","yoast_head_json":{"title":"Feuer &amp; Stimme-Chorfestival im Lungau - SalzburgerLand Magazin","description":"Wenn leichte Melodien fr\u00f6hlich durch schattige G\u00e4sschen tanzen, die Luft von Musik erf\u00fcllt ist und\u00a0man sich an den verschiedensten Pl\u00e4tzen und Orten zum gemeinsamen Singen trifft &#8211; dann steht in St. Michael im Lungau wieder einmal das\u00a0&#8222;Feuer&amp;Stimme&#8220;-Chorfest auf dem Programm. Ein Wochenende voller Lebensfreude, Freundschaft, anziehender Gegens\u00e4tze und der alles-verbindenden Musik.\u00a0 Wenn vom 12. bis [&hellip;]","robots":{"index":"index","follow":"follow","max-snippet":"max-snippet:-1","max-image-preview":"max-image-preview:large","max-video-preview":"max-video-preview:-1"},"canonical":"https:\/\/www.salzburgerland.com\/de\/magazin\/feuer-stimme-chorfestival-im-lungau\/","og_locale":"de_DE","og_type":"article","og_title":"Feuer &amp; Stimme-Chorfestival im Lungau","og_description":"Wenn leichte Melodien fr\u00f6hlich durch schattige G\u00e4sschen tanzen, die Luft von Musik erf\u00fcllt ist und\u00a0man sich an den verschiedensten Pl\u00e4tzen und Orten zum gemeinsamen Singen trifft &#8211; dann steht in St. Michael im Lungau wieder einmal das\u00a0&#8222;Feuer&amp;Stimme&#8220;-Chorfest auf dem Programm. Ein Wochenende voller Lebensfreude, Freundschaft, anziehender Gegens\u00e4tze und der alles-verbindenden Musik.\u00a0 Wenn vom 12. bis [&hellip;]","og_url":"https:\/\/www.salzburgerland.com\/de\/magazin\/feuer-stimme-chorfestival-im-lungau\/","og_site_name":"SalzburgerLand Magazin","article_publisher":"https:\/\/www.facebook.com\/salzburgerland\/","article_published_time":"2016-06-05T06:00:41+00:00","article_modified_time":"2025-11-18T12:43:54+00:00","og_image":[{"width":1600,"height":1063,"url":"https:\/\/www.salzburgerland.com\/de\/magazin\/wp-content\/uploads\/2016\/05\/DSC_2318.jpg","type":"image\/jpeg"}],"author":"Peter Zeitlhofer","twitter_card":"summary_large_image","twitter_creator":"@Salzburgerland","twitter_site":"@Salzburgerland","twitter_misc":{"Verfasst von":"Peter Zeitlhofer","Gesch\u00e4tzte Lesezeit":"3\u00a0Minuten"},"schema":{"@context":"https:\/\/schema.org","@graph":[{"@type":"Article","@id":"https:\/\/www.salzburgerland.com\/de\/magazin\/feuer-stimme-chorfestival-im-lungau\/#article","isPartOf":{"@id":"https:\/\/www.salzburgerland.com\/de\/magazin\/feuer-stimme-chorfestival-im-lungau\/"},"author":{"name":"Peter Zeitlhofer","@id":"https:\/\/www.salzburgerland.com\/de\/magazin\/#\/schema\/person\/ebd2c9f244aeea71e30f3b5d5e309de4"},"headline":"Feuer &amp; Stimme-Chorfestival im Lungau","datePublished":"2016-06-05T06:00:41+00:00","dateModified":"2025-11-18T12:43:54+00:00","mainEntityOfPage":{"@id":"https:\/\/www.salzburgerland.com\/de\/magazin\/feuer-stimme-chorfestival-im-lungau\/"},"wordCount":389,"commentCount":0,"publisher":{"@id":"https:\/\/www.salzburgerland.com\/de\/magazin\/#organization"},"image":{"@id":"https:\/\/www.salzburgerland.com\/de\/magazin\/feuer-stimme-chorfestival-im-lungau\/#primaryimage"},"thumbnailUrl":"https:\/\/www.salzburgerland.com\/de\/magazin\/wp-content\/uploads\/2016\/05\/DSC_2318.jpg","articleSection":["Kunst &amp; Kultur"],"inLanguage":"de","potentialAction":[{"@type":"CommentAction","name":"Comment","target":["https:\/\/www.salzburgerland.com\/de\/magazin\/feuer-stimme-chorfestival-im-lungau\/#respond"]}]},{"@type":"WebPage","@id":"https:\/\/www.salzburgerland.com\/de\/magazin\/feuer-stimme-chorfestival-im-lungau\/","url":"https:\/\/www.salzburgerland.com\/de\/magazin\/feuer-stimme-chorfestival-im-lungau\/","name":"Feuer &amp; Stimme-Chorfestival im Lungau - SalzburgerLand Magazin","isPartOf":{"@id":"https:\/\/www.salzburgerland.com\/de\/magazin\/#website"},"primaryImageOfPage":{"@id":"https:\/\/www.salzburgerland.com\/de\/magazin\/feuer-stimme-chorfestival-im-lungau\/#primaryimage"},"image":{"@id":"https:\/\/www.salzburgerland.com\/de\/magazin\/feuer-stimme-chorfestival-im-lungau\/#primaryimage"},"thumbnailUrl":"https:\/\/www.salzburgerland.com\/de\/magazin\/wp-content\/uploads\/2016\/05\/DSC_2318.jpg","datePublished":"2016-06-05T06:00:41+00:00","dateModified":"2025-11-18T12:43:54+00:00","breadcrumb":{"@id":"https:\/\/www.salzburgerland.com\/de\/magazin\/feuer-stimme-chorfestival-im-lungau\/#breadcrumb"},"inLanguage":"de","potentialAction":[{"@type":"ReadAction","target":["https:\/\/www.salzburgerland.com\/de\/magazin\/feuer-stimme-chorfestival-im-lungau\/"]}]},{"@type":"ImageObject","inLanguage":"de","@id":"https:\/\/www.salzburgerland.com\/de\/magazin\/feuer-stimme-chorfestival-im-lungau\/#primaryimage","url":"https:\/\/www.salzburgerland.com\/de\/magazin\/wp-content\/uploads\/2016\/05\/DSC_2318.jpg","contentUrl":"https:\/\/www.salzburgerland.com\/de\/magazin\/wp-content\/uploads\/2016\/05\/DSC_2318.jpg","width":1600,"height":1063,"caption":"Eine Gruppe von Frauen in \u00f6sterreichischer Tracht singt, w\u00e4hrend ein Mann mit Sonnenbrille sie enthusiastisch anf\u00fchrt."},{"@type":"BreadcrumbList","@id":"https:\/\/www.salzburgerland.com\/de\/magazin\/feuer-stimme-chorfestival-im-lungau\/#breadcrumb","itemListElement":[{"@type":"ListItem","position":1,"name":"Startseite","item":"https:\/\/www.salzburgerland.com\/de\/magazin\/"},{"@type":"ListItem","position":2,"name":"Kunst &amp; Kultur","item":"https:\/\/www.salzburgerland.com\/de\/magazin\/thema\/kunst-kultur\/"},{"@type":"ListItem","position":3,"name":"Feuer &amp; Stimme-Chorfestival im Lungau"}]},{"@type":"WebSite","@id":"https:\/\/www.salzburgerland.com\/de\/magazin\/#website","url":"https:\/\/www.salzburgerland.com\/de\/magazin\/","name":"SalzburgerLand Magazin","description":"Geschichten und Interessantes aus dem SalzburgerLand","publisher":{"@id":"https:\/\/www.salzburgerland.com\/de\/magazin\/#organization"},"potentialAction":[{"@type":"SearchAction","target":{"@type":"EntryPoint","urlTemplate":"https:\/\/www.salzburgerland.com\/de\/magazin\/?s={search_term_string}"},"query-input":{"@type":"PropertyValueSpecification","valueRequired":true,"valueName":"search_term_string"}}],"inLanguage":"de"},{"@type":"Organization","@id":"https:\/\/www.salzburgerland.com\/de\/magazin\/#organization","name":"SalzburgerLand Tourismus","url":"https:\/\/www.salzburgerland.com\/de\/magazin\/","logo":{"@type":"ImageObject","inLanguage":"de","@id":"https:\/\/www.salzburgerland.com\/de\/magazin\/#\/schema\/logo\/image\/","url":"https:\/\/www.salzburgerland.com\/de\/magazin\/wp-content\/uploads\/2019\/06\/salzburgerland-logo1.jpg","contentUrl":"https:\/\/www.salzburgerland.com\/de\/magazin\/wp-content\/uploads\/2019\/06\/salzburgerland-logo1.jpg","width":2011,"height":866,"caption":"SalzburgerLand Tourismus"},"image":{"@id":"https:\/\/www.salzburgerland.com\/de\/magazin\/#\/schema\/logo\/image\/"},"sameAs":["https:\/\/www.facebook.com\/salzburgerland\/","https:\/\/x.com\/Salzburgerland","https:\/\/www.instagram.com\/salzburgerland\/","https:\/\/at.linkedin.com\/company\/salzburgerland-tourismus-gmbh","https:\/\/www.pinterest.at\/salzburgerland\/","https:\/\/www.youtube.com\/user\/salzburgerland","https:\/\/de.wikipedia.org\/wiki\/SalzburgerLand_Tourismus_GmbH"]},{"@type":"Person","@id":"https:\/\/www.salzburgerland.com\/de\/magazin\/#\/schema\/person\/ebd2c9f244aeea71e30f3b5d5e309de4","name":"Peter Zeitlhofer","description":"'Von Neugier getrieben' - diese Worte kommen Peter Zeitlhofer wohl schon ziemlich nahe. Egal ob am Segelboot, im Tiefschnee, unterwegs in Stadt und Land, oder auf einer seinen vielen Reisen - er ist immer auf der Suche nach Neuem, nach dem Besonderen, probiert so ziemlich alles aus und liebt es, dar\u00fcber zu reden und zu berichten. Womit man auch schon fast bei seiner zweiten Leidenschaft w\u00e4re - dem Schreiben. Immer und \u00fcberall ausgestattet\u00a0mit seinem Notebook, hat der Salzburger, mit Wurzeln am Attersee, sein Office\u00a0im wahrsten Sinne des Wortes unterm Arm und k\u00f6nnte sich nichts besseres vorstellen, als die Geschichten dort zu erz\u00e4hlen, wo sie passieren. Fr\u00fchling, Sommer, Herbst oder Winter? Als Mensch der Extreme, mag ich auch bei den Jahreszeiten den Sommer und den Winter am liebsten. Obwohl nat\u00fcrlich auch der Fr\u00fchling seine Reize hat. Aber der Herbst? Rindsroulade vom Pinzgauer Biorind oder Saibling fangfrisch aus dem Fuschlsee? Immer diese Entscheidungen! Kann ich auch beides haben? Mundharmonika oder Stradivari? Weder noch - als Gitarrist k\u00f6nnte ich mit beiden Instrumenten nichts anfangen. Lederhose oder Smoking? Eindeutig Lederhose, die bei mir mittlerweile sogar den Einzug in den sommerlichen Alltag gefunden hat. Und der LederhosnDonnerstag ist \u00a0ohnehin Pflicht. Alpinski, Offpist oder Skitour? Hauptsache rauf auf den Berg! Was dann tats\u00e4chlich auf dem Programm steht ist zweitrangig. Nur so viel: wenn der Schnee passt, dann h\u00e4lt mich nichts oder niemand auf der Piste. Bergtour oder Seentour? F\u00fcr mich gibt es im Sommer nichts Sch\u00f6neres, als mit dem Segelboot auf unseren herrlichen Seen unterwegs zu sein. Also wenn ich die Wahl habe, dann nehme ich im Sommer die Berge h\u00f6chstens als Kulisse. Haubenlokal oder Ab-Hof-Laden? Auch hier nehme ich von beidem ein bisschen. Aber bei der Oma schmeckt's dann doch am besten.","url":"https:\/\/www.salzburgerland.com\/de\/magazin\/author\/peter-zeitlhofer\/"}]}},"_wl_alt_label":[],"wl:entity_url":"http:\/\/open.salzburgerland.com\/magazin\/post\/feuer___stimme-chorfestival_im_lungau","_links":{"self":[{"href":"https:\/\/www.salzburgerland.com\/de\/magazin\/wp-json\/wp\/v2\/posts\/105793","targetHints":{"allow":["GET"]}}],"collection":[{"href":"https:\/\/www.salzburgerland.com\/de\/magazin\/wp-json\/wp\/v2\/posts"}],"about":[{"href":"https:\/\/www.salzburgerland.com\/de\/magazin\/wp-json\/wp\/v2\/types\/post"}],"author":[{"embeddable":true,"href":"https:\/\/www.salzburgerland.com\/de\/magazin\/wp-json\/wp\/v2\/users\/505"}],"replies":[{"embeddable":true,"href":"https:\/\/www.salzburgerland.com\/de\/magazin\/wp-json\/wp\/v2\/comments?post=105793"}],"version-history":[{"count":3,"href":"https:\/\/www.salzburgerland.com\/de\/magazin\/wp-json\/wp\/v2\/posts\/105793\/revisions"}],"predecessor-version":[{"id":185275,"href":"https:\/\/www.salzburgerland.com\/de\/magazin\/wp-json\/wp\/v2\/posts\/105793\/revisions\/185275"}],"wp:featuredmedia":[{"embeddable":true,"href":"https:\/\/www.salzburgerland.com\/de\/magazin\/wp-json\/wp\/v2\/media\/105818"}],"wp:attachment":[{"href":"https:\/\/www.salzburgerland.com\/de\/magazin\/wp-json\/wp\/v2\/media?parent=105793"}],"wp:term":[{"taxonomy":"category","embeddable":true,"href":"https:\/\/www.salzburgerland.com\/de\/magazin\/wp-json\/wp\/v2\/categories?post=105793"},{"taxonomy":"post_tag","embeddable":true,"href":"https:\/\/www.salzburgerland.com\/de\/magazin\/wp-json\/wp\/v2\/tags?post=105793"},{"taxonomy":"wl_entity_type","embeddable":true,"href":"https:\/\/www.salzburgerland.com\/de\/magazin\/wp-json\/wp\/v2\/wl_entity_type?post=105793"},{"taxonomy":"monatsauswahl","embeddable":true,"href":"https:\/\/www.salzburgerland.com\/de\/magazin\/wp-json\/wp\/v2\/monatsauswahl?post=105793"}],"curies":[{"name":"wp","href":"https:\/\/api.w.org\/{rel}","templated":true}]}}