{"id":105759,"date":"2016-05-12T09:00:46","date_gmt":"2016-05-12T07:00:46","guid":{"rendered":"http:\/\/magazin.salzburgerland.com\/?p=105759"},"modified":"2023-06-28T09:57:24","modified_gmt":"2023-06-28T07:57:24","slug":"im-alpaka-himmel","status":"publish","type":"post","link":"https:\/\/www.salzburgerland.com\/de\/magazin\/im-alpaka-himmel\/","title":{"rendered":"Im Alpaka-Himmel"},"content":{"rendered":"\n<h2 class=\"wp-block-slt-subtitle\">Unterwegs mit den pl\u00fcschigen Vierbeinern<\/h2>\n\n\n\n<p class=\"wp-block-slt-intro\">Um vom Alltagsstress runterzukommen, gibt es einen Geheimtipp. Er hat sechs Buchstaben, gro\u00dfe dunkle Teddy-Augen und l\u00e4sst sich sogar streicheln: ALPAKA!<\/p>\n\n\n\n<p>&#8222;Wie es dir geht, das \u00fcbertr\u00e4gt sich sofort auf das Tier&#8220;, erkl\u00e4rt mir Alpakahirte Daniel Schartner, wie er mir das Tor \u00f6ffnet und wir uns auf die Wiese begeben. Sch\u00f6n ist es hier, in einer Gebirgsidylle, bei der man fast ein bisschen an Peru denken. Aber auch nur fast \u2013 es ist n\u00e4mlich Adnet bei Hallein.<\/p>\n\n\n\n<h2 class=\"wp-block-heading\" id=\"h-echte-feinfuhler\">Echte Feinf\u00fchler<\/h2>\n\n\n\n<p>Ich komme gerade aus dem B\u00fcro, habe noch einiges hinter mich bringen m\u00fcssen und bin noch voll im &#8222;Leistungsmodus&#8220;. Obwohl ich gut drauf bin, scheinen das die Alpakas genau zu merken. Ich strecke meine Hand nach einem aus \u2013 und es weicht \u00e4ngstlich zur\u00fcck. Ich war zu hektisch. Doch bevor ich mir Vorw\u00fcrfe machen kann, beschwichtigt Daniel: &#8222;Das wird schon. Es sind Fluchttiere, da ist ein wenig Scheu am Anfang normal.&#8220;<\/p>\n\n\n<div class=\"wp-block-image wp-image-105762 size-singlePost\">\n<figure class=\"aligncenter size-full\"><img loading=\"lazy\" decoding=\"async\" width=\"1600\" height=\"960\" src=\"https:\/\/www.salzburgerland.com\/de\/magazin\/wp-content\/uploads\/2016\/05\/20160429_161006.jpg\" alt=\"F\u00fchlt sich in die Stimmungslage den Menschen hinein: Das Alpaka. (c) Salzburgerland Alpakas\" class=\"wp-image-105762\" srcset=\"https:\/\/www.salzburgerland.com\/de\/magazin\/wp-content\/uploads\/2016\/05\/20160429_161006.jpg 1600w, https:\/\/www.salzburgerland.com\/de\/magazin\/wp-content\/uploads\/2016\/05\/20160429_161006-300x180.jpg 300w, https:\/\/www.salzburgerland.com\/de\/magazin\/wp-content\/uploads\/2016\/05\/20160429_161006-917x550.jpg 917w, https:\/\/www.salzburgerland.com\/de\/magazin\/wp-content\/uploads\/2016\/05\/20160429_161006-667x400.jpg 667w, https:\/\/www.salzburgerland.com\/de\/magazin\/wp-content\/uploads\/2016\/05\/20160429_161006-1320x792.jpg 1320w\" sizes=\"auto, (max-width: 1600px) 100vw, 1600px\" \/><figcaption class=\"wp-element-caption\">F\u00fchlt sich in die Stimmungslage den Menschen hinein: Das Alpaka. (c) Salzburgerland Alpakas<\/figcaption><\/figure><\/div>\n\n\n<h2 class=\"wp-block-heading\">Vom Fernseher auf die Weide<\/h2>\n\n\n\n<p>Der Betrieb &#8222;<a href=\"https:\/\/www.salzburgland-alpakas.at\/\" target=\"_blank\" rel=\"noreferrer noopener\">Salzburgerland Alpakas<\/a>&#8220; startete im Jahr 2009, der Hof selber blickt jedoch auf eine weitaus l\u00e4ngere Geschichte zur\u00fcck. Bereits in der 4. Generation lebt Daniel mit seiner Familie in dem Bauernhaus. Die einstige Landwirtschaft, &#8222;das damals Normale eben, ein paar K\u00fche, ein paar H\u00fchner&#8220;, ist mittlerweile aufgegeben \u2013 doch die Sehnsucht nach tierischen Kollegen war da. &#8222;Meine Oma\u00a0hat dann einmal was \u00fcber Alpakas im Fernsehen gesehen und ihr hat das gefallen. Sie hat dann gemeint: W\u00e4re das nicht was f\u00fcr uns?&#8220;<\/p>\n\n\n\n<h2 class=\"wp-block-heading\">Der Alpaka-Hof<\/h2>\n\n\n\n<p>Gesagt, getan: Mittlerweile beherbergen die gro\u00dfz\u00fcgigen Weidefl\u00e4chen drei\u00dfig der mit dem Kamel verwandten Tiere. &#8222;Wir konzentrieren uns voll und ganz auf die Alpakas am Hof, haben alles andere aufgegeben&#8220;, erz\u00e4hlt Daniel, w\u00e4hrend er einem kaffeebraunen Alpaka z\u00e4rtlich \u00fcber den Kopf streichelt. Der Ertrag: Himmlisch weiche Wolle, in die man sich gerne hineinlegen m\u00f6chte und die sich zu feinen Strickwaren und den flauschigsten Teddyb\u00e4ren der Weltgeschichte verarbeiten l\u00e4sst. Doch das ist bei Weitem nicht die einzige Kompetenz der flauschigen Tiere.<\/p>\n\n\n<div class=\"wp-block-image wp-image-105839 size-singlePost\">\n<figure class=\"aligncenter size-full\"><img loading=\"lazy\" decoding=\"async\" width=\"960\" height=\"540\" src=\"https:\/\/www.salzburgerland.com\/de\/magazin\/wp-content\/uploads\/2016\/05\/1150130_1020163691383726_8290368111516968477_n.jpg\" alt=\"1150130_1020163691383726_8290368111516968477_n\" class=\"wp-image-105839\" srcset=\"https:\/\/www.salzburgerland.com\/de\/magazin\/wp-content\/uploads\/2016\/05\/1150130_1020163691383726_8290368111516968477_n.jpg 960w, https:\/\/www.salzburgerland.com\/de\/magazin\/wp-content\/uploads\/2016\/05\/1150130_1020163691383726_8290368111516968477_n-300x169.jpg 300w, https:\/\/www.salzburgerland.com\/de\/magazin\/wp-content\/uploads\/2016\/05\/1150130_1020163691383726_8290368111516968477_n-711x400.jpg 711w, https:\/\/www.salzburgerland.com\/de\/magazin\/wp-content\/uploads\/2016\/05\/1150130_1020163691383726_8290368111516968477_n-560x316.jpg 560w, https:\/\/www.salzburgerland.com\/de\/magazin\/wp-content\/uploads\/2016\/05\/1150130_1020163691383726_8290368111516968477_n-250x140.jpg 250w, https:\/\/www.salzburgerland.com\/de\/magazin\/wp-content\/uploads\/2016\/05\/1150130_1020163691383726_8290368111516968477_n-1200x675.jpg 1200w\" sizes=\"auto, (max-width: 960px) 100vw, 960px\" \/><figcaption class=\"wp-element-caption\">Unterwegs mit den Alpakas: Gut f\u00fcr die Seele. (c) Daniel Schartner<\/figcaption><\/figure><\/div>\n\n\n<h2 class=\"wp-block-heading\">Wandern mit den Wolltieren<\/h2>\n\n\n\n<p>Wer sich nach Ruhe und Langsamkeit sehnt, wieder zu sich kommen will, der sollte sich mit einem Alpaka auf Wanderschaft begeben.\u00a0Nicht etwa als Tragesel \u2013 sondern als wertvolle Begleiter. &#8222;Alpakas haben eine beruhigende Wirkung auf den Menschen&#8220;, erkl\u00e4rt Daniel, &#8222;mit ihnen gemeinsam spazieren und wandern zu gehen, ist die Entschleunigung schlechthin.&#8220; An einer Leine f\u00fchrt man das Alpaka mit sich \u2013 und merkt, wie man sich nach und nach selbst dem gem\u00fctlichen Tempo des Wiederk\u00e4uers anpasst.<\/p>\n\n\n\n<h2 class=\"wp-block-heading\">Schritt f\u00fcr Schritt<\/h2>\n\n\n\n<p>F\u00fcnfzehn Stationen erobert man, Seite an Seite mit den Alpakas, und lernt so St\u00fcck f\u00fcr St\u00fcck den sch\u00f6nen <a href=\"http:\/\/marmormuseum.adnet.at\/?page_id=13\" target=\"_blank\" rel=\"noreferrer noopener\">Marmorweg<\/a> kennen. Vorbei geht es dabei sowohl an Steinbr\u00fcchen, als auch am Schmiedemuseum. Die Wanderstrecke kommt nicht von ungef\u00e4hr: Adnet erreichte durch seinen selten r\u00f6tlichen Marmor weltweite Bekanntheit. &#8222;Grunds\u00e4tzlich machen wir uns die genaue Route aber vorher aus&#8220;, erkl\u00e4rt Daniel. W\u00e4hrend der Trekkingtour ist er immer dabei, erz\u00e4hlt aus der Welt der Alpakas, aber auch aus der Geschichte Adnets. Eine tolle und auf eindrucksvolle Weise beruhigende Besch\u00e4ftigung, ihm bei seinen Ausf\u00fchrungen zuzuh\u00f6ren. Gedankenversunken streichelt man \u00fcber den Schopf des liebenswerten Vierbeiners neben einem.<\/p>\n\n\n<div class=\"wp-block-image wp-image-105830 size-singlePost\">\n<figure class=\"aligncenter size-full\"><img loading=\"lazy\" decoding=\"async\" width=\"1920\" height=\"1080\" src=\"https:\/\/www.salzburgerland.com\/de\/magazin\/wp-content\/uploads\/2016\/05\/12029841_925992250800871_8342059932232971728_o.jpg\" alt=\"12029841_925992250800871_8342059932232971728_o\" class=\"wp-image-105830\" srcset=\"https:\/\/www.salzburgerland.com\/de\/magazin\/wp-content\/uploads\/2016\/05\/12029841_925992250800871_8342059932232971728_o.jpg 1920w, https:\/\/www.salzburgerland.com\/de\/magazin\/wp-content\/uploads\/2016\/05\/12029841_925992250800871_8342059932232971728_o-300x169.jpg 300w, https:\/\/www.salzburgerland.com\/de\/magazin\/wp-content\/uploads\/2016\/05\/12029841_925992250800871_8342059932232971728_o-978x550.jpg 978w, https:\/\/www.salzburgerland.com\/de\/magazin\/wp-content\/uploads\/2016\/05\/12029841_925992250800871_8342059932232971728_o-711x400.jpg 711w, https:\/\/www.salzburgerland.com\/de\/magazin\/wp-content\/uploads\/2016\/05\/12029841_925992250800871_8342059932232971728_o-560x316.jpg 560w, https:\/\/www.salzburgerland.com\/de\/magazin\/wp-content\/uploads\/2016\/05\/12029841_925992250800871_8342059932232971728_o-250x140.jpg 250w, https:\/\/www.salzburgerland.com\/de\/magazin\/wp-content\/uploads\/2016\/05\/12029841_925992250800871_8342059932232971728_o-1320x743.jpg 1320w, https:\/\/www.salzburgerland.com\/de\/magazin\/wp-content\/uploads\/2016\/05\/12029841_925992250800871_8342059932232971728_o-1200x675.jpg 1200w\" sizes=\"auto, (max-width: 1920px) 100vw, 1920px\" \/><figcaption class=\"wp-element-caption\">Ein Alpakababy knuddeln ist einfach gut f\u00fcr die Seele. (c) Daniel Schartner<\/figcaption><\/figure><\/div>\n\n\n<h2 class=\"wp-block-heading\">Die Entdeckung der Langsamkeit<\/h2>\n\n\n\n<p>&#8222;Schnell schnell&#8220; funktioniert nicht mit den gelockten Tieren. Gem\u00e4chlich trotten sie ihres Weges, fressen mal hier ein Bl\u00e4ttchen, blicken sich mal dort um. Es gibt ja auch keinen Grund zu hetzen. Hier oben im  bildsch\u00f6nen Wiestal l\u00e4sst man sich von der Landschaft bezaubern \u2013 und nat\u00fcrlich von diesen unglaublich niedlichen Alpakas. Immer weiter baut der Vierbeiner Vertrauen zum Menschen auf. Ein tolles Gef\u00fchl, das gl\u00fccklicher macht, als ein beruflicher Erfolg und drei Kugeln\u00a0Stracciatella-Eis auf einmal.<\/p>\n\n\n\n<h2 class=\"wp-block-heading\">Kleine gro\u00dfe Psychologen<\/h2>\n\n\n\n<p>Du f\u00fchlst dich ausgebrannt, m\u00fcde? Arbeitest einfach zu viel? Dann begib dich in die Sprechstunde von Dr. Dr. med. Alpaka. Er blickt dir tief in die Augen und h\u00f6rt gut zu. Erst, wenn du dir alles von der Seele gesprochen hast, l\u00e4sst das Tier den ersten K\u00f6rperkontakt zu. So oder so \u00e4hnlich k\u00f6nnte ein Werbeslogan f\u00fcr diese Tiere lauten, in deren N\u00e4he ich mich sofort wohlf\u00fchle. <\/p>\n\n\n<div class=\"wp-block-image wp-image-105833 size-singlePost\">\n<figure class=\"aligncenter size-full\"><img loading=\"lazy\" decoding=\"async\" width=\"2048\" height=\"1152\" src=\"https:\/\/www.salzburgerland.com\/de\/magazin\/wp-content\/uploads\/2016\/05\/1496417_963741887025907_5105705676691021005_o.jpg\" alt=\"Kinder und Erwachsene interagieren mit Alpakas im Freien auf einem mit Bl\u00e4ttern bedeckten Boden in der N\u00e4he von B\u00e4umen und einem wei\u00dfen Zelt.\" class=\"wp-image-105833\" srcset=\"https:\/\/www.salzburgerland.com\/de\/magazin\/wp-content\/uploads\/2016\/05\/1496417_963741887025907_5105705676691021005_o.jpg 2048w, https:\/\/www.salzburgerland.com\/de\/magazin\/wp-content\/uploads\/2016\/05\/1496417_963741887025907_5105705676691021005_o-300x169.jpg 300w, https:\/\/www.salzburgerland.com\/de\/magazin\/wp-content\/uploads\/2016\/05\/1496417_963741887025907_5105705676691021005_o-978x550.jpg 978w, https:\/\/www.salzburgerland.com\/de\/magazin\/wp-content\/uploads\/2016\/05\/1496417_963741887025907_5105705676691021005_o-711x400.jpg 711w, https:\/\/www.salzburgerland.com\/de\/magazin\/wp-content\/uploads\/2016\/05\/1496417_963741887025907_5105705676691021005_o-560x316.jpg 560w, https:\/\/www.salzburgerland.com\/de\/magazin\/wp-content\/uploads\/2016\/05\/1496417_963741887025907_5105705676691021005_o-250x140.jpg 250w, https:\/\/www.salzburgerland.com\/de\/magazin\/wp-content\/uploads\/2016\/05\/1496417_963741887025907_5105705676691021005_o-1320x743.jpg 1320w, https:\/\/www.salzburgerland.com\/de\/magazin\/wp-content\/uploads\/2016\/05\/1496417_963741887025907_5105705676691021005_o-1200x675.jpg 1200w\" sizes=\"auto, (max-width: 2048px) 100vw, 2048px\" \/><figcaption class=\"wp-element-caption\">Alpakatrekkingtouren sind auch f\u00fcr Kinder ein tolles Erlebnis. (c) Daniel Schartner<\/figcaption><\/figure><\/div>\n\n\n<h2 class=\"wp-block-heading\">Ein flauschiger Laden<\/h2>\n\n\n\n<p>Wer nach einer kleinen bis gro\u00dfen Erinnerung an einen sch\u00f6nen und Alpakareichen Tag sucht, wird im Hofladen f\u00fcndig. Alpakapullis, Alpakastr\u00fcmpfe, Alpakahauben, ja sogar ein Alpakamantel kann man hier erstehen. Manches ist dabei aus der eigenen Produktion \u2013 einiges von einem Partner aus der Schweiz. &#8222;Dessen Frau ist Peruanerin, ihre Familie lebt noch dort und hegt und pflegt die Alpakas ebenso liebevoll, wie wir das tun.&#8220; Fair-Trade und artgerechte Tierhaltung also \u2013 was will man mehr. Ich nehme mir mein kleines Andenken mit ins B\u00fcro und wenn es hektisch wird, streichle ich mit geschlossenen Augen durch das weiche Fell. Und tr\u00e4ume vom n\u00e4chsten Besuch im Alpaka-Himmel.<\/p>\n\n\n<div class=\"mag-gallery\"><div class=\"row\"><div class=\"col-6 col-sm-4\"><figure><a class=\"thumb-container\" href=\"https:\/\/www.salzburgerland.com\/de\/magazin\/wp-content\/uploads\/2016\/05\/1915766_1020164034717025_5791381169986517661_n-1280x1024.jpg\">\t<picture><source media=\"(min-width: 576px)\" srcset=\"https:\/\/www.salzburgerland.com\/de\/magazin\/wp-content\/uploads\/2016\/05\/1915766_1020164034717025_5791381169986517661_n-325x209.jpg 325w, https:\/\/www.salzburgerland.com\/de\/magazin\/wp-content\/uploads\/2016\/05\/1915766_1020164034717025_5791381169986517661_n-249x160.jpg 249w\"><\/source><source media=\"(min-width: 0)\" srcset=\"https:\/\/www.salzburgerland.com\/de\/magazin\/wp-content\/uploads\/2016\/05\/1915766_1020164034717025_5791381169986517661_n-249x160.jpg 249w, https:\/\/www.salzburgerland.com\/de\/magazin\/wp-content\/uploads\/2016\/05\/1915766_1020164034717025_5791381169986517661_n-325x209.jpg 325w\"><\/source><img decoding=\"async\" alt=\"Eine Alpakaherde weidet an einem sonnigen Tag auf einem grasbewachsenen H&uuml;gel in der N&auml;he mehrerer H&auml;user und B&auml;ume.\" src=\"https:\/\/www.salzburgerland.com\/de\/magazin\/wp-content\/uploads\/2016\/05\/1915766_1020164034717025_5791381169986517661_n.jpg\">\t<\/picture><figcaption>Auf der Weide. (c) Daniel Schartner<\/figcaption><\/a><\/figure><\/div><div class=\"col-6 col-sm-4\"><figure><a class=\"thumb-container\" href=\"https:\/\/www.salzburgerland.com\/de\/magazin\/wp-content\/uploads\/2016\/05\/12593508_987302121336550_715090683065650624_o-1280x1024.jpg\">\t<picture><source media=\"(min-width: 576px)\" srcset=\"https:\/\/www.salzburgerland.com\/de\/magazin\/wp-content\/uploads\/2016\/05\/12593508_987302121336550_715090683065650624_o-325x209.jpg 325w, https:\/\/www.salzburgerland.com\/de\/magazin\/wp-content\/uploads\/2016\/05\/12593508_987302121336550_715090683065650624_o-249x160.jpg 249w\"><\/source><source media=\"(min-width: 0)\" srcset=\"https:\/\/www.salzburgerland.com\/de\/magazin\/wp-content\/uploads\/2016\/05\/12593508_987302121336550_715090683065650624_o-249x160.jpg 249w, https:\/\/www.salzburgerland.com\/de\/magazin\/wp-content\/uploads\/2016\/05\/12593508_987302121336550_715090683065650624_o-325x209.jpg 325w\"><\/source><img decoding=\"async\" alt=\"Kinder gehen mit Alpakas &uuml;ber einen schlammigen Waldweg, umgeben von hohen B&auml;umen und Baumst&auml;mmen im Hintergrund.\" src=\"https:\/\/www.salzburgerland.com\/de\/magazin\/wp-content\/uploads\/2016\/05\/12593508_987302121336550_715090683065650624_o.jpg\">\t<\/picture><figcaption>Unterwegs. (c) Daniel Schartner<\/figcaption><\/a><\/figure><\/div><div class=\"col-6 col-sm-4\"><figure><a class=\"thumb-container\" href=\"https:\/\/www.salzburgerland.com\/de\/magazin\/wp-content\/uploads\/2016\/05\/12742744_1000458993354196_430712409798492567_n-1280x1024.jpg\">\t<picture><source media=\"(min-width: 576px)\" srcset=\"https:\/\/www.salzburgerland.com\/de\/magazin\/wp-content\/uploads\/2016\/05\/12742744_1000458993354196_430712409798492567_n-325x209.jpg 325w, https:\/\/www.salzburgerland.com\/de\/magazin\/wp-content\/uploads\/2016\/05\/12742744_1000458993354196_430712409798492567_n-249x160.jpg 249w\"><\/source><source media=\"(min-width: 0)\" srcset=\"https:\/\/www.salzburgerland.com\/de\/magazin\/wp-content\/uploads\/2016\/05\/12742744_1000458993354196_430712409798492567_n-249x160.jpg 249w, https:\/\/www.salzburgerland.com\/de\/magazin\/wp-content\/uploads\/2016\/05\/12742744_1000458993354196_430712409798492567_n-325x209.jpg 325w\"><\/source><img decoding=\"async\" alt=\"Kinder in farbenfroher Kleidung stehen auf einer Waldlichtung in der N&auml;he mehrerer Alpakas.\" src=\"https:\/\/www.salzburgerland.com\/de\/magazin\/wp-content\/uploads\/2016\/05\/12742744_1000458993354196_430712409798492567_n.jpg\">\t<\/picture><figcaption>Im Wald. (c) Daniel Schartner<\/figcaption><\/a><\/figure><\/div><div class=\"col-6 col-sm-4\"><figure><a class=\"thumb-container\" href=\"https:\/\/www.salzburgerland.com\/de\/magazin\/wp-content\/uploads\/2016\/05\/1917053_1020163898050372_1607695696851655563_n-1280x1024.jpg\">\t<picture><source media=\"(min-width: 576px)\" srcset=\"https:\/\/www.salzburgerland.com\/de\/magazin\/wp-content\/uploads\/2016\/05\/1917053_1020163898050372_1607695696851655563_n-325x209.jpg 325w, https:\/\/www.salzburgerland.com\/de\/magazin\/wp-content\/uploads\/2016\/05\/1917053_1020163898050372_1607695696851655563_n-249x160.jpg 249w\"><\/source><source media=\"(min-width: 0)\" srcset=\"https:\/\/www.salzburgerland.com\/de\/magazin\/wp-content\/uploads\/2016\/05\/1917053_1020163898050372_1607695696851655563_n-249x160.jpg 249w, https:\/\/www.salzburgerland.com\/de\/magazin\/wp-content\/uploads\/2016\/05\/1917053_1020163898050372_1607695696851655563_n-325x209.jpg 325w\"><\/source><img decoding=\"async\" alt=\"Eine Gruppe von Alpakas steht an einer Stra&szlig;e in der N&auml;he von H&auml;usern, wobei ein Alpaka im Vordergrund die Gruppe beobachtet.\" src=\"https:\/\/www.salzburgerland.com\/de\/magazin\/wp-content\/uploads\/2016\/05\/1917053_1020163898050372_1607695696851655563_n.jpg\">\t<\/picture><figcaption>Alpaka in Sicht! (c) Daniel Schartner<\/figcaption><\/a><\/figure><\/div><div class=\"col-6 col-sm-4\"><figure><a class=\"thumb-container\" href=\"https:\/\/www.salzburgerland.com\/de\/magazin\/wp-content\/uploads\/2016\/05\/12239400_952761781457251_1016175080099504860_o-1280x1024.jpg\">\t<picture><source media=\"(min-width: 576px)\" srcset=\"https:\/\/www.salzburgerland.com\/de\/magazin\/wp-content\/uploads\/2016\/05\/12239400_952761781457251_1016175080099504860_o-325x209.jpg 325w, https:\/\/www.salzburgerland.com\/de\/magazin\/wp-content\/uploads\/2016\/05\/12239400_952761781457251_1016175080099504860_o-249x160.jpg 249w\"><\/source><source media=\"(min-width: 0)\" srcset=\"https:\/\/www.salzburgerland.com\/de\/magazin\/wp-content\/uploads\/2016\/05\/12239400_952761781457251_1016175080099504860_o-249x160.jpg 249w, https:\/\/www.salzburgerland.com\/de\/magazin\/wp-content\/uploads\/2016\/05\/12239400_952761781457251_1016175080099504860_o-325x209.jpg 325w\"><\/source><img decoding=\"async\" alt=\"Ein schwarzes Alpaka-Baby mit gelocktem Fell liegt auf gr&uuml;nem Gras im hellen Sonnenlicht.\" src=\"https:\/\/www.salzburgerland.com\/de\/magazin\/wp-content\/uploads\/2016\/05\/12239400_952761781457251_1016175080099504860_o.jpg\">\t<\/picture><figcaption>Unglaublich faltig: Baby-Alpaka. (c) Daniel Schartner<\/figcaption><\/a><\/figure><\/div><div class=\"col-6 col-sm-4\"><figure><a class=\"thumb-container\" href=\"https:\/\/www.salzburgerland.com\/de\/magazin\/wp-content\/uploads\/2016\/05\/11950281_920489558017807_4881877690672252053_o-1280x1024.jpg\">\t<picture><source media=\"(min-width: 576px)\" srcset=\"https:\/\/www.salzburgerland.com\/de\/magazin\/wp-content\/uploads\/2016\/05\/11950281_920489558017807_4881877690672252053_o-325x209.jpg 325w, https:\/\/www.salzburgerland.com\/de\/magazin\/wp-content\/uploads\/2016\/05\/11950281_920489558017807_4881877690672252053_o-249x160.jpg 249w\"><\/source><source media=\"(min-width: 0)\" srcset=\"https:\/\/www.salzburgerland.com\/de\/magazin\/wp-content\/uploads\/2016\/05\/11950281_920489558017807_4881877690672252053_o-249x160.jpg 249w, https:\/\/www.salzburgerland.com\/de\/magazin\/wp-content\/uploads\/2016\/05\/11950281_920489558017807_4881877690672252053_o-325x209.jpg 325w\"><\/source><img decoding=\"async\" alt=\"Eine Nahaufnahme eines braunen Alpakas, das an einem sonnigen Tag im Freien steht und direkt in die Kamera schaut.\" src=\"https:\/\/www.salzburgerland.com\/de\/magazin\/wp-content\/uploads\/2016\/05\/11950281_920489558017807_4881877690672252053_o.jpg\">\t<\/picture><figcaption>&#8222;Is&#8216; was?!&#8220;(c) Daniel Schartner<\/figcaption><\/a><\/figure><\/div><div class=\"col-6 col-sm-4\"><figure><a class=\"thumb-container\" href=\"https:\/\/www.salzburgerland.com\/de\/magazin\/wp-content\/uploads\/2016\/05\/11875140_915766041823492_7262803074572572764_o-1280x1024.jpg\">\t<picture><source media=\"(min-width: 576px)\" srcset=\"https:\/\/www.salzburgerland.com\/de\/magazin\/wp-content\/uploads\/2016\/05\/11875140_915766041823492_7262803074572572764_o-325x209.jpg 325w, https:\/\/www.salzburgerland.com\/de\/magazin\/wp-content\/uploads\/2016\/05\/11875140_915766041823492_7262803074572572764_o-249x160.jpg 249w\"><\/source><source media=\"(min-width: 0)\" srcset=\"https:\/\/www.salzburgerland.com\/de\/magazin\/wp-content\/uploads\/2016\/05\/11875140_915766041823492_7262803074572572764_o-249x160.jpg 249w, https:\/\/www.salzburgerland.com\/de\/magazin\/wp-content\/uploads\/2016\/05\/11875140_915766041823492_7262803074572572764_o-325x209.jpg 325w\"><\/source><img decoding=\"async\" alt=\"Eine Gruppe von Kindern f&uuml;hrt Alpakas auf einer sonnigen Landstra&szlig;e spazieren, die Erwachsenen folgen ihnen.\" src=\"https:\/\/www.salzburgerland.com\/de\/magazin\/wp-content\/uploads\/2016\/05\/11875140_915766041823492_7262803074572572764_o.jpg\">\t<\/picture><figcaption>F&uuml;r Kinder ein echter Hit. (c) Daniel Schartner<\/figcaption><\/a><\/figure><\/div><div class=\"col-6 col-sm-4\"><figure><a class=\"thumb-container\" href=\"https:\/\/www.salzburgerland.com\/de\/magazin\/wp-content\/uploads\/2016\/05\/20160429_160940-1280x1024.jpg\">\t<picture><source media=\"(min-width: 576px)\" srcset=\"https:\/\/www.salzburgerland.com\/de\/magazin\/wp-content\/uploads\/2016\/05\/20160429_160940-325x209.jpg 325w, https:\/\/www.salzburgerland.com\/de\/magazin\/wp-content\/uploads\/2016\/05\/20160429_160940-249x160.jpg 249w\"><\/source><source media=\"(min-width: 0)\" srcset=\"https:\/\/www.salzburgerland.com\/de\/magazin\/wp-content\/uploads\/2016\/05\/20160429_160940-249x160.jpg 249w, https:\/\/www.salzburgerland.com\/de\/magazin\/wp-content\/uploads\/2016\/05\/20160429_160940-325x209.jpg 325w\"><\/source><img decoding=\"async\" alt=\"Zwei Alpakas, ein wei&szlig;es und ein schwarzes, stehen dicht beieinander auf einer sonnigen, grasbewachsenen, eingez&auml;unten Fl&auml;che.\" src=\"https:\/\/www.salzburgerland.com\/de\/magazin\/wp-content\/uploads\/2016\/05\/20160429_160940.jpg\">\t<\/picture><figcaption>Die haben sich gern. (c) Daniel Schartner<\/figcaption><\/a><\/figure><\/div><div class=\"col-6 col-sm-4\"><figure><a class=\"thumb-container\" href=\"https:\/\/www.salzburgerland.com\/de\/magazin\/wp-content\/uploads\/2016\/05\/20160429_160949-1280x1024.jpg\">\t<picture><source media=\"(min-width: 576px)\" srcset=\"https:\/\/www.salzburgerland.com\/de\/magazin\/wp-content\/uploads\/2016\/05\/20160429_160949-325x209.jpg 325w, https:\/\/www.salzburgerland.com\/de\/magazin\/wp-content\/uploads\/2016\/05\/20160429_160949-249x160.jpg 249w\"><\/source><source media=\"(min-width: 0)\" srcset=\"https:\/\/www.salzburgerland.com\/de\/magazin\/wp-content\/uploads\/2016\/05\/20160429_160949-249x160.jpg 249w, https:\/\/www.salzburgerland.com\/de\/magazin\/wp-content\/uploads\/2016\/05\/20160429_160949-325x209.jpg 325w\"><\/source><img decoding=\"async\" alt=\"Ein schwarzes Alpaka mit einem flauschigen Kopf steht an einem sonnigen Tag im Freien in der N&auml;he von B&auml;umen und einem Drahtzaun.\" src=\"https:\/\/www.salzburgerland.com\/de\/magazin\/wp-content\/uploads\/2016\/05\/20160429_160949.jpg\">\t<\/picture><figcaption>Coole Frisur. (c) Daniel Schartner<\/figcaption><\/a><\/figure><\/div><\/div><figcaption><\/figcaption><\/div>\n","protected":false},"excerpt":{"rendered":"<p>&#8222;Wie es dir geht, das \u00fcbertr\u00e4gt sich sofort auf das Tier&#8220;, erkl\u00e4rt mir Alpakahirte Daniel Schartner, wie er mir das Tor \u00f6ffnet und wir uns auf die Wiese begeben. Sch\u00f6n ist es hier, in einer Gebirgsidylle, bei der man fast ein bisschen an Peru denken. Aber auch nur fast \u2013 es ist n\u00e4mlich Adnet bei [&hellip;]<\/p>\n","protected":false},"author":8,"featured_media":105840,"comment_status":"open","ping_status":"open","sticky":false,"template":"","format":"standard","meta":{"_acf_changed":false,"wl_entities_gutenberg":"","_wl_entity_redirect_enabled":"","footnotes":""},"categories":[4],"tags":[],"wl_entity_type":[306],"monatsauswahl":[82,83,84,85,86,87,88,89,90,91,92,93],"class_list":["post-105759","post","type-post","status-publish","format-standard","has-post-thumbnail","hentry","category-gesundheit","wl_entity_type-article","monatsauswahl-monat_1","monatsauswahl-monat_2","monatsauswahl-monat_3","monatsauswahl-monat_4","monatsauswahl-monat_5","monatsauswahl-monat_6","monatsauswahl-monat_7","monatsauswahl-monat_8","monatsauswahl-monat_9","monatsauswahl-monat_10","monatsauswahl-monat_11","monatsauswahl-monat_12"],"acf":[],"yoast_head":"<!-- This site is optimized with the Yoast SEO Premium plugin v27.4 (Yoast SEO v27.4) - https:\/\/yoast.com\/product\/yoast-seo-premium-wordpress\/ -->\n<title>Im Alpaka-Himmel - SalzburgerLand Magazin<\/title>\n<meta name=\"description\" content=\"Um vom Alltagsstress runterzukommen, gibt es einen Geheimtipp. Er hat sechs Buchstaben, gro\u00dfe dunkle Teddy-Augen und l\u00e4sst sich sogar streicheln: ALPAKA!\" \/>\n<meta name=\"robots\" content=\"index, follow, max-snippet:-1, max-image-preview:large, max-video-preview:-1\" \/>\n<link rel=\"canonical\" href=\"https:\/\/www.salzburgerland.com\/de\/magazin\/im-alpaka-himmel\/\" \/>\n<meta property=\"og:locale\" content=\"de_DE\" \/>\n<meta property=\"og:type\" content=\"article\" \/>\n<meta property=\"og:title\" content=\"Im Alpaka-Himmel\" \/>\n<meta property=\"og:description\" content=\"&#8222;Wie es dir geht, das \u00fcbertr\u00e4gt sich sofort auf das Tier&#8220;, erkl\u00e4rt mir Alpakahirte Daniel Schartner, wie er mir das Tor \u00f6ffnet und wir uns auf die Wiese begeben. Sch\u00f6n ist es hier, in einer Gebirgsidylle, bei der man fast ein bisschen an Peru denken. Aber auch nur fast \u2013 es ist n\u00e4mlich Adnet bei [&hellip;]\" \/>\n<meta property=\"og:url\" content=\"https:\/\/www.salzburgerland.com\/de\/magazin\/im-alpaka-himmel\/\" \/>\n<meta property=\"og:site_name\" content=\"SalzburgerLand Magazin\" \/>\n<meta property=\"article:publisher\" content=\"https:\/\/www.facebook.com\/salzburgerland\/\" \/>\n<meta property=\"article:published_time\" content=\"2016-05-12T07:00:46+00:00\" \/>\n<meta property=\"article:modified_time\" content=\"2023-06-28T07:57:24+00:00\" \/>\n<meta property=\"og:image\" content=\"https:\/\/www.salzburgerland.com\/de\/magazin\/wp-content\/uploads\/2016\/05\/12771609_1000459003354195_5391701591092403151_o.jpg\" \/>\n\t<meta property=\"og:image:width\" content=\"1288\" \/>\n\t<meta property=\"og:image:height\" content=\"724\" \/>\n\t<meta property=\"og:image:type\" content=\"image\/jpeg\" \/>\n<meta name=\"author\" content=\"Christine Gnahn\" \/>\n<meta name=\"twitter:card\" content=\"summary_large_image\" \/>\n<meta name=\"twitter:creator\" content=\"@Salzburgerland\" \/>\n<meta name=\"twitter:site\" content=\"@Salzburgerland\" \/>\n<meta name=\"twitter:label1\" content=\"Verfasst von\" \/>\n\t<meta name=\"twitter:data1\" content=\"Christine Gnahn\" \/>\n\t<meta name=\"twitter:label2\" content=\"Gesch\u00e4tzte Lesezeit\" \/>\n\t<meta name=\"twitter:data2\" content=\"8\u00a0Minuten\" \/>\n<script type=\"application\/ld+json\" class=\"yoast-schema-graph\">{\"@context\":\"https:\\\/\\\/schema.org\",\"@graph\":[{\"@type\":\"Article\",\"@id\":\"https:\\\/\\\/www.salzburgerland.com\\\/de\\\/magazin\\\/im-alpaka-himmel\\\/#article\",\"isPartOf\":{\"@id\":\"https:\\\/\\\/www.salzburgerland.com\\\/de\\\/magazin\\\/im-alpaka-himmel\\\/\"},\"author\":{\"name\":\"Christine Gnahn\",\"@id\":\"https:\\\/\\\/www.salzburgerland.com\\\/de\\\/magazin\\\/#\\\/schema\\\/person\\\/bffbd5cf7c6a1f4948505566c7fcff7c\"},\"headline\":\"Im Alpaka-Himmel\",\"datePublished\":\"2016-05-12T07:00:46+00:00\",\"dateModified\":\"2023-06-28T07:57:24+00:00\",\"mainEntityOfPage\":{\"@id\":\"https:\\\/\\\/www.salzburgerland.com\\\/de\\\/magazin\\\/im-alpaka-himmel\\\/\"},\"wordCount\":934,\"commentCount\":0,\"publisher\":{\"@id\":\"https:\\\/\\\/www.salzburgerland.com\\\/de\\\/magazin\\\/#organization\"},\"image\":{\"@id\":\"https:\\\/\\\/www.salzburgerland.com\\\/de\\\/magazin\\\/im-alpaka-himmel\\\/#primaryimage\"},\"thumbnailUrl\":\"https:\\\/\\\/www.salzburgerland.com\\\/de\\\/magazin\\\/wp-content\\\/uploads\\\/2016\\\/05\\\/12771609_1000459003354195_5391701591092403151_o.jpg\",\"articleSection\":[\"Gesundheit\"],\"inLanguage\":\"de\",\"potentialAction\":[{\"@type\":\"CommentAction\",\"name\":\"Comment\",\"target\":[\"https:\\\/\\\/www.salzburgerland.com\\\/de\\\/magazin\\\/im-alpaka-himmel\\\/#respond\"]}]},{\"@type\":\"WebPage\",\"@id\":\"https:\\\/\\\/www.salzburgerland.com\\\/de\\\/magazin\\\/im-alpaka-himmel\\\/\",\"url\":\"https:\\\/\\\/www.salzburgerland.com\\\/de\\\/magazin\\\/im-alpaka-himmel\\\/\",\"name\":\"Im Alpaka-Himmel - SalzburgerLand Magazin\",\"isPartOf\":{\"@id\":\"https:\\\/\\\/www.salzburgerland.com\\\/de\\\/magazin\\\/#website\"},\"primaryImageOfPage\":{\"@id\":\"https:\\\/\\\/www.salzburgerland.com\\\/de\\\/magazin\\\/im-alpaka-himmel\\\/#primaryimage\"},\"image\":{\"@id\":\"https:\\\/\\\/www.salzburgerland.com\\\/de\\\/magazin\\\/im-alpaka-himmel\\\/#primaryimage\"},\"thumbnailUrl\":\"https:\\\/\\\/www.salzburgerland.com\\\/de\\\/magazin\\\/wp-content\\\/uploads\\\/2016\\\/05\\\/12771609_1000459003354195_5391701591092403151_o.jpg\",\"datePublished\":\"2016-05-12T07:00:46+00:00\",\"dateModified\":\"2023-06-28T07:57:24+00:00\",\"breadcrumb\":{\"@id\":\"https:\\\/\\\/www.salzburgerland.com\\\/de\\\/magazin\\\/im-alpaka-himmel\\\/#breadcrumb\"},\"inLanguage\":\"de\",\"potentialAction\":[{\"@type\":\"ReadAction\",\"target\":[\"https:\\\/\\\/www.salzburgerland.com\\\/de\\\/magazin\\\/im-alpaka-himmel\\\/\"]}]},{\"@type\":\"ImageObject\",\"inLanguage\":\"de\",\"@id\":\"https:\\\/\\\/www.salzburgerland.com\\\/de\\\/magazin\\\/im-alpaka-himmel\\\/#primaryimage\",\"url\":\"https:\\\/\\\/www.salzburgerland.com\\\/de\\\/magazin\\\/wp-content\\\/uploads\\\/2016\\\/05\\\/12771609_1000459003354195_5391701591092403151_o.jpg\",\"contentUrl\":\"https:\\\/\\\/www.salzburgerland.com\\\/de\\\/magazin\\\/wp-content\\\/uploads\\\/2016\\\/05\\\/12771609_1000459003354195_5391701591092403151_o.jpg\",\"width\":1288,\"height\":724,\"caption\":\"F\u00fchlt sich in die Stimmungslage den Menschen hinein: Das Alpaka. (c) Salzburgerland Alpakas\"},{\"@type\":\"BreadcrumbList\",\"@id\":\"https:\\\/\\\/www.salzburgerland.com\\\/de\\\/magazin\\\/im-alpaka-himmel\\\/#breadcrumb\",\"itemListElement\":[{\"@type\":\"ListItem\",\"position\":1,\"name\":\"Startseite\",\"item\":\"https:\\\/\\\/www.salzburgerland.com\\\/de\\\/magazin\\\/\"},{\"@type\":\"ListItem\",\"position\":2,\"name\":\"Gesundheit\",\"item\":\"https:\\\/\\\/www.salzburgerland.com\\\/de\\\/magazin\\\/thema\\\/gesundheit\\\/\"},{\"@type\":\"ListItem\",\"position\":3,\"name\":\"Im Alpaka-Himmel\"}]},{\"@type\":\"WebSite\",\"@id\":\"https:\\\/\\\/www.salzburgerland.com\\\/de\\\/magazin\\\/#website\",\"url\":\"https:\\\/\\\/www.salzburgerland.com\\\/de\\\/magazin\\\/\",\"name\":\"SalzburgerLand Magazin\",\"description\":\"Geschichten und Interessantes aus dem SalzburgerLand\",\"publisher\":{\"@id\":\"https:\\\/\\\/www.salzburgerland.com\\\/de\\\/magazin\\\/#organization\"},\"potentialAction\":[{\"@type\":\"SearchAction\",\"target\":{\"@type\":\"EntryPoint\",\"urlTemplate\":\"https:\\\/\\\/www.salzburgerland.com\\\/de\\\/magazin\\\/?s={search_term_string}\"},\"query-input\":{\"@type\":\"PropertyValueSpecification\",\"valueRequired\":true,\"valueName\":\"search_term_string\"}}],\"inLanguage\":\"de\"},{\"@type\":\"Organization\",\"@id\":\"https:\\\/\\\/www.salzburgerland.com\\\/de\\\/magazin\\\/#organization\",\"name\":\"SalzburgerLand Tourismus\",\"url\":\"https:\\\/\\\/www.salzburgerland.com\\\/de\\\/magazin\\\/\",\"logo\":{\"@type\":\"ImageObject\",\"inLanguage\":\"de\",\"@id\":\"https:\\\/\\\/www.salzburgerland.com\\\/de\\\/magazin\\\/#\\\/schema\\\/logo\\\/image\\\/\",\"url\":\"https:\\\/\\\/www.salzburgerland.com\\\/de\\\/magazin\\\/wp-content\\\/uploads\\\/2019\\\/06\\\/salzburgerland-logo1.jpg\",\"contentUrl\":\"https:\\\/\\\/www.salzburgerland.com\\\/de\\\/magazin\\\/wp-content\\\/uploads\\\/2019\\\/06\\\/salzburgerland-logo1.jpg\",\"width\":2011,\"height\":866,\"caption\":\"SalzburgerLand Tourismus\"},\"image\":{\"@id\":\"https:\\\/\\\/www.salzburgerland.com\\\/de\\\/magazin\\\/#\\\/schema\\\/logo\\\/image\\\/\"},\"sameAs\":[\"https:\\\/\\\/www.facebook.com\\\/salzburgerland\\\/\",\"https:\\\/\\\/x.com\\\/Salzburgerland\",\"https:\\\/\\\/www.instagram.com\\\/salzburgerland\\\/\",\"https:\\\/\\\/at.linkedin.com\\\/company\\\/salzburgerland-tourismus-gmbh\",\"https:\\\/\\\/www.pinterest.at\\\/salzburgerland\\\/\",\"https:\\\/\\\/www.youtube.com\\\/user\\\/salzburgerland\",\"https:\\\/\\\/de.wikipedia.org\\\/wiki\\\/SalzburgerLand_Tourismus_GmbH\"]},{\"@type\":\"Person\",\"@id\":\"https:\\\/\\\/www.salzburgerland.com\\\/de\\\/magazin\\\/#\\\/schema\\\/person\\\/bffbd5cf7c6a1f4948505566c7fcff7c\",\"name\":\"Christine Gnahn\",\"description\":\"Christine Gnahn ist mit Leidenschaft dabei, wenn es um Kunst, Kultur und Menschen im sch\u00f6nen SalzburgerLand geht. In ihrer Freizeit ist sie gern immer im Trubel des Geschehens und verbringt viel Zeit mit Sport und Wandern in der heilsamen Atmosph\u00e4re vom Salzburger M\u00f6nchs- und Kapuzinerberg. Das Schreiben ist sowohl Beruf als auch Hobby: Auch Gedichte, Kurzgeschichten und Romane z\u00e4hlen zum Repertoire der 22-j\u00e4hrigen Journalistin und Schrifstellerin. Um den eigenen Horrizont zu erweitern, begibt sie sich regelm\u00e4\u00dfig auf abenteuerliche Rucksackreisen durch aller Herren L\u00e4nder. Lebensmotto: Leb den Moment! Fragen mit Antworten von Christine Gnahn Morgen- oder Abendmensch? Wenn Morgens die Sonne aufgeht bin ich putzmunter und hab Riesenhunger auf Fr\u00fchst\u00fcck und Leben! Ich wei\u00df ich geh\u00f6re einer aussterbenden Rasse an aber ich f\u00fchle mich pudelwohl damit! Im Morgen liegt einfach eine besondere Kraft: Die Kraft des Neubeginns. Wellnessurlaub oder Rucksackreise? Rucksackreise, ruhig auch ohne jeglichen Komfort. Ich gehe auf Reisen, um Menschen, Land und Lebensgef\u00fchl zu sp\u00fcren. Dazu braucht es weder h\u00fcbsches Hotelzimmer noch edle Buffets. Alles Hab und Gut auf den R\u00fccken und bereit f\u00fcr jedes Abenteuer, das ist doch die wahre Freiheit! Berge oder Meer? Obwohl ich die Berge sehr liebe, w\u00fcrde ich wohl meist das Meer bevorzugen. Schon als Kind Stunden und Tage an der Adria verbracht, ist es mit seinen Wellen, Str\u00f6mung, Flut und Ebbe f\u00fcr mich Sinnbild der Energie und der Ruhe zugleich. Wandern oder Laufen? Ich bin ein Sportfreak. Erst morgens Laufen, dann Wandern! Turnschuhe oder High Heels? Ich besitze ein paar High Heels und die trage ich ungef\u00e4hr einmal in zwei Jahren. Im \u00fcbrigen ist High Heel wohl auch ein klarer Euphemismus f\u00fcr drei Zentimeter Absatz. Gmiadlich soll's sein und ich will mich wohlf\u00fchlen, daher: Turnschuhe! Fr\u00fchling, Sommer, Herbst oder Winter? Ich mag eigentlich jede Jahreszeit. Grad in Australien, wo grad im Norden Jahreszeiten eigentlich komplett durch Regen- und Trockenzeit ersetzt werden, lernt man sie zu sch\u00e4tzen. Aber wenn ich w\u00e4hlen muss, mag ich wohl Fr\u00fchling und Sommer am liebsten. Rindsroulade vom Pinzgauer Biorind oder Saibling fangfrisch aus dem\u00a0Fuschlsee? Ganz klar der Fisch! Grad frischem Fisch kann ich nicht widerstehen. Dazu noch ein Hauch Zitrone... mhhhh!\",\"url\":\"https:\\\/\\\/www.salzburgerland.com\\\/de\\\/magazin\\\/author\\\/cgnahn\\\/\"}]}<\/script>\n<!-- \/ Yoast SEO Premium plugin. -->","yoast_head_json":{"title":"Im Alpaka-Himmel - SalzburgerLand Magazin","description":"Um vom Alltagsstress runterzukommen, gibt es einen Geheimtipp. Er hat sechs Buchstaben, gro\u00dfe dunkle Teddy-Augen und l\u00e4sst sich sogar streicheln: ALPAKA!","robots":{"index":"index","follow":"follow","max-snippet":"max-snippet:-1","max-image-preview":"max-image-preview:large","max-video-preview":"max-video-preview:-1"},"canonical":"https:\/\/www.salzburgerland.com\/de\/magazin\/im-alpaka-himmel\/","og_locale":"de_DE","og_type":"article","og_title":"Im Alpaka-Himmel","og_description":"&#8222;Wie es dir geht, das \u00fcbertr\u00e4gt sich sofort auf das Tier&#8220;, erkl\u00e4rt mir Alpakahirte Daniel Schartner, wie er mir das Tor \u00f6ffnet und wir uns auf die Wiese begeben. Sch\u00f6n ist es hier, in einer Gebirgsidylle, bei der man fast ein bisschen an Peru denken. Aber auch nur fast \u2013 es ist n\u00e4mlich Adnet bei [&hellip;]","og_url":"https:\/\/www.salzburgerland.com\/de\/magazin\/im-alpaka-himmel\/","og_site_name":"SalzburgerLand Magazin","article_publisher":"https:\/\/www.facebook.com\/salzburgerland\/","article_published_time":"2016-05-12T07:00:46+00:00","article_modified_time":"2023-06-28T07:57:24+00:00","og_image":[{"width":1288,"height":724,"url":"https:\/\/www.salzburgerland.com\/de\/magazin\/wp-content\/uploads\/2016\/05\/12771609_1000459003354195_5391701591092403151_o.jpg","type":"image\/jpeg"}],"author":"Christine Gnahn","twitter_card":"summary_large_image","twitter_creator":"@Salzburgerland","twitter_site":"@Salzburgerland","twitter_misc":{"Verfasst von":"Christine Gnahn","Gesch\u00e4tzte Lesezeit":"8\u00a0Minuten"},"schema":{"@context":"https:\/\/schema.org","@graph":[{"@type":"Article","@id":"https:\/\/www.salzburgerland.com\/de\/magazin\/im-alpaka-himmel\/#article","isPartOf":{"@id":"https:\/\/www.salzburgerland.com\/de\/magazin\/im-alpaka-himmel\/"},"author":{"name":"Christine Gnahn","@id":"https:\/\/www.salzburgerland.com\/de\/magazin\/#\/schema\/person\/bffbd5cf7c6a1f4948505566c7fcff7c"},"headline":"Im Alpaka-Himmel","datePublished":"2016-05-12T07:00:46+00:00","dateModified":"2023-06-28T07:57:24+00:00","mainEntityOfPage":{"@id":"https:\/\/www.salzburgerland.com\/de\/magazin\/im-alpaka-himmel\/"},"wordCount":934,"commentCount":0,"publisher":{"@id":"https:\/\/www.salzburgerland.com\/de\/magazin\/#organization"},"image":{"@id":"https:\/\/www.salzburgerland.com\/de\/magazin\/im-alpaka-himmel\/#primaryimage"},"thumbnailUrl":"https:\/\/www.salzburgerland.com\/de\/magazin\/wp-content\/uploads\/2016\/05\/12771609_1000459003354195_5391701591092403151_o.jpg","articleSection":["Gesundheit"],"inLanguage":"de","potentialAction":[{"@type":"CommentAction","name":"Comment","target":["https:\/\/www.salzburgerland.com\/de\/magazin\/im-alpaka-himmel\/#respond"]}]},{"@type":"WebPage","@id":"https:\/\/www.salzburgerland.com\/de\/magazin\/im-alpaka-himmel\/","url":"https:\/\/www.salzburgerland.com\/de\/magazin\/im-alpaka-himmel\/","name":"Im Alpaka-Himmel - SalzburgerLand Magazin","isPartOf":{"@id":"https:\/\/www.salzburgerland.com\/de\/magazin\/#website"},"primaryImageOfPage":{"@id":"https:\/\/www.salzburgerland.com\/de\/magazin\/im-alpaka-himmel\/#primaryimage"},"image":{"@id":"https:\/\/www.salzburgerland.com\/de\/magazin\/im-alpaka-himmel\/#primaryimage"},"thumbnailUrl":"https:\/\/www.salzburgerland.com\/de\/magazin\/wp-content\/uploads\/2016\/05\/12771609_1000459003354195_5391701591092403151_o.jpg","datePublished":"2016-05-12T07:00:46+00:00","dateModified":"2023-06-28T07:57:24+00:00","breadcrumb":{"@id":"https:\/\/www.salzburgerland.com\/de\/magazin\/im-alpaka-himmel\/#breadcrumb"},"inLanguage":"de","potentialAction":[{"@type":"ReadAction","target":["https:\/\/www.salzburgerland.com\/de\/magazin\/im-alpaka-himmel\/"]}]},{"@type":"ImageObject","inLanguage":"de","@id":"https:\/\/www.salzburgerland.com\/de\/magazin\/im-alpaka-himmel\/#primaryimage","url":"https:\/\/www.salzburgerland.com\/de\/magazin\/wp-content\/uploads\/2016\/05\/12771609_1000459003354195_5391701591092403151_o.jpg","contentUrl":"https:\/\/www.salzburgerland.com\/de\/magazin\/wp-content\/uploads\/2016\/05\/12771609_1000459003354195_5391701591092403151_o.jpg","width":1288,"height":724,"caption":"F\u00fchlt sich in die Stimmungslage den Menschen hinein: Das Alpaka. (c) Salzburgerland Alpakas"},{"@type":"BreadcrumbList","@id":"https:\/\/www.salzburgerland.com\/de\/magazin\/im-alpaka-himmel\/#breadcrumb","itemListElement":[{"@type":"ListItem","position":1,"name":"Startseite","item":"https:\/\/www.salzburgerland.com\/de\/magazin\/"},{"@type":"ListItem","position":2,"name":"Gesundheit","item":"https:\/\/www.salzburgerland.com\/de\/magazin\/thema\/gesundheit\/"},{"@type":"ListItem","position":3,"name":"Im Alpaka-Himmel"}]},{"@type":"WebSite","@id":"https:\/\/www.salzburgerland.com\/de\/magazin\/#website","url":"https:\/\/www.salzburgerland.com\/de\/magazin\/","name":"SalzburgerLand Magazin","description":"Geschichten und Interessantes aus dem SalzburgerLand","publisher":{"@id":"https:\/\/www.salzburgerland.com\/de\/magazin\/#organization"},"potentialAction":[{"@type":"SearchAction","target":{"@type":"EntryPoint","urlTemplate":"https:\/\/www.salzburgerland.com\/de\/magazin\/?s={search_term_string}"},"query-input":{"@type":"PropertyValueSpecification","valueRequired":true,"valueName":"search_term_string"}}],"inLanguage":"de"},{"@type":"Organization","@id":"https:\/\/www.salzburgerland.com\/de\/magazin\/#organization","name":"SalzburgerLand Tourismus","url":"https:\/\/www.salzburgerland.com\/de\/magazin\/","logo":{"@type":"ImageObject","inLanguage":"de","@id":"https:\/\/www.salzburgerland.com\/de\/magazin\/#\/schema\/logo\/image\/","url":"https:\/\/www.salzburgerland.com\/de\/magazin\/wp-content\/uploads\/2019\/06\/salzburgerland-logo1.jpg","contentUrl":"https:\/\/www.salzburgerland.com\/de\/magazin\/wp-content\/uploads\/2019\/06\/salzburgerland-logo1.jpg","width":2011,"height":866,"caption":"SalzburgerLand Tourismus"},"image":{"@id":"https:\/\/www.salzburgerland.com\/de\/magazin\/#\/schema\/logo\/image\/"},"sameAs":["https:\/\/www.facebook.com\/salzburgerland\/","https:\/\/x.com\/Salzburgerland","https:\/\/www.instagram.com\/salzburgerland\/","https:\/\/at.linkedin.com\/company\/salzburgerland-tourismus-gmbh","https:\/\/www.pinterest.at\/salzburgerland\/","https:\/\/www.youtube.com\/user\/salzburgerland","https:\/\/de.wikipedia.org\/wiki\/SalzburgerLand_Tourismus_GmbH"]},{"@type":"Person","@id":"https:\/\/www.salzburgerland.com\/de\/magazin\/#\/schema\/person\/bffbd5cf7c6a1f4948505566c7fcff7c","name":"Christine Gnahn","description":"Christine Gnahn ist mit Leidenschaft dabei, wenn es um Kunst, Kultur und Menschen im sch\u00f6nen SalzburgerLand geht. In ihrer Freizeit ist sie gern immer im Trubel des Geschehens und verbringt viel Zeit mit Sport und Wandern in der heilsamen Atmosph\u00e4re vom Salzburger M\u00f6nchs- und Kapuzinerberg. Das Schreiben ist sowohl Beruf als auch Hobby: Auch Gedichte, Kurzgeschichten und Romane z\u00e4hlen zum Repertoire der 22-j\u00e4hrigen Journalistin und Schrifstellerin. Um den eigenen Horrizont zu erweitern, begibt sie sich regelm\u00e4\u00dfig auf abenteuerliche Rucksackreisen durch aller Herren L\u00e4nder. Lebensmotto: Leb den Moment! Fragen mit Antworten von Christine Gnahn Morgen- oder Abendmensch? Wenn Morgens die Sonne aufgeht bin ich putzmunter und hab Riesenhunger auf Fr\u00fchst\u00fcck und Leben! Ich wei\u00df ich geh\u00f6re einer aussterbenden Rasse an aber ich f\u00fchle mich pudelwohl damit! Im Morgen liegt einfach eine besondere Kraft: Die Kraft des Neubeginns. Wellnessurlaub oder Rucksackreise? Rucksackreise, ruhig auch ohne jeglichen Komfort. Ich gehe auf Reisen, um Menschen, Land und Lebensgef\u00fchl zu sp\u00fcren. Dazu braucht es weder h\u00fcbsches Hotelzimmer noch edle Buffets. Alles Hab und Gut auf den R\u00fccken und bereit f\u00fcr jedes Abenteuer, das ist doch die wahre Freiheit! Berge oder Meer? Obwohl ich die Berge sehr liebe, w\u00fcrde ich wohl meist das Meer bevorzugen. Schon als Kind Stunden und Tage an der Adria verbracht, ist es mit seinen Wellen, Str\u00f6mung, Flut und Ebbe f\u00fcr mich Sinnbild der Energie und der Ruhe zugleich. Wandern oder Laufen? Ich bin ein Sportfreak. Erst morgens Laufen, dann Wandern! Turnschuhe oder High Heels? Ich besitze ein paar High Heels und die trage ich ungef\u00e4hr einmal in zwei Jahren. Im \u00fcbrigen ist High Heel wohl auch ein klarer Euphemismus f\u00fcr drei Zentimeter Absatz. Gmiadlich soll's sein und ich will mich wohlf\u00fchlen, daher: Turnschuhe! Fr\u00fchling, Sommer, Herbst oder Winter? Ich mag eigentlich jede Jahreszeit. Grad in Australien, wo grad im Norden Jahreszeiten eigentlich komplett durch Regen- und Trockenzeit ersetzt werden, lernt man sie zu sch\u00e4tzen. Aber wenn ich w\u00e4hlen muss, mag ich wohl Fr\u00fchling und Sommer am liebsten. Rindsroulade vom Pinzgauer Biorind oder Saibling fangfrisch aus dem\u00a0Fuschlsee? Ganz klar der Fisch! Grad frischem Fisch kann ich nicht widerstehen. Dazu noch ein Hauch Zitrone... mhhhh!","url":"https:\/\/www.salzburgerland.com\/de\/magazin\/author\/cgnahn\/"}]}},"_wl_alt_label":[],"wl:entity_url":"http:\/\/open.salzburgerland.com\/magazin\/post\/im_alpaka-himmel","_links":{"self":[{"href":"https:\/\/www.salzburgerland.com\/de\/magazin\/wp-json\/wp\/v2\/posts\/105759","targetHints":{"allow":["GET"]}}],"collection":[{"href":"https:\/\/www.salzburgerland.com\/de\/magazin\/wp-json\/wp\/v2\/posts"}],"about":[{"href":"https:\/\/www.salzburgerland.com\/de\/magazin\/wp-json\/wp\/v2\/types\/post"}],"author":[{"embeddable":true,"href":"https:\/\/www.salzburgerland.com\/de\/magazin\/wp-json\/wp\/v2\/users\/8"}],"replies":[{"embeddable":true,"href":"https:\/\/www.salzburgerland.com\/de\/magazin\/wp-json\/wp\/v2\/comments?post=105759"}],"version-history":[{"count":2,"href":"https:\/\/www.salzburgerland.com\/de\/magazin\/wp-json\/wp\/v2\/posts\/105759\/revisions"}],"predecessor-version":[{"id":171928,"href":"https:\/\/www.salzburgerland.com\/de\/magazin\/wp-json\/wp\/v2\/posts\/105759\/revisions\/171928"}],"wp:featuredmedia":[{"embeddable":true,"href":"https:\/\/www.salzburgerland.com\/de\/magazin\/wp-json\/wp\/v2\/media\/105840"}],"wp:attachment":[{"href":"https:\/\/www.salzburgerland.com\/de\/magazin\/wp-json\/wp\/v2\/media?parent=105759"}],"wp:term":[{"taxonomy":"category","embeddable":true,"href":"https:\/\/www.salzburgerland.com\/de\/magazin\/wp-json\/wp\/v2\/categories?post=105759"},{"taxonomy":"post_tag","embeddable":true,"href":"https:\/\/www.salzburgerland.com\/de\/magazin\/wp-json\/wp\/v2\/tags?post=105759"},{"taxonomy":"wl_entity_type","embeddable":true,"href":"https:\/\/www.salzburgerland.com\/de\/magazin\/wp-json\/wp\/v2\/wl_entity_type?post=105759"},{"taxonomy":"monatsauswahl","embeddable":true,"href":"https:\/\/www.salzburgerland.com\/de\/magazin\/wp-json\/wp\/v2\/monatsauswahl?post=105759"}],"curies":[{"name":"wp","href":"https:\/\/api.w.org\/{rel}","templated":true}]}}