{"id":105694,"date":"2016-05-03T11:45:17","date_gmt":"2016-05-03T09:45:17","guid":{"rendered":"http:\/\/magazin.salzburgerland.com\/?p=105694"},"modified":"2016-05-03T11:45:17","modified_gmt":"2016-05-03T09:45:17","slug":"klettersteig-fuer-anfaenger-kronprinz-rudolf","status":"publish","type":"post","link":"https:\/\/www.salzburgerland.com\/de\/magazin\/klettersteig-fuer-anfaenger-kronprinz-rudolf\/","title":{"rendered":"Klettersteig f\u00fcr Anf\u00e4nger: \u201eKronprinz Rudolf\u201c"},"content":{"rendered":"<p><strong>Auf 2.100 Metern, in der <a href=\"http:\/\/www.gletscherwelt-weissee.at\/de\/sommer\/bergerlebnis\/#.VcBhRMXmTL8\" target=\"_blank\">Gletscherwelt Wei\u00dfsee<\/a> bei Uttendorf im Nationalpark Hohe Tauern, pr\u00e4sentiert sich der 2015 er\u00f6ffnette Klettersteig \u201eKronzprinz Rudolf\u201c in pr\u00e4chtiger Kulisse mit dem <a href=\"http:\/\/www.alpinzentrum-rudolfshuette.at\/\" target=\"_blank\">Berghotel Rudolfsh\u00fctte<\/a>, dem leuchtend-t\u00fcrkisen Wei\u00dfsee und den Gletschern und erhabenen Gipfeln wie dem Tauernkogel, der Granatspitze oder dem Sonnblick.<\/strong><\/p>\n<p>Die leichte Ferrata wurde speziell f\u00fcr Anf\u00e4nger und Wiedereinsteiger angelegt und garantiert wahres Klettersteigvergn\u00fcgen. Charakteristisch sind abwechslungsreiche Passagen \u00fcber gestufte Granitbl\u00f6cke und -platten. Kurze B-Elemente verleihen dem Anf\u00e4ngersteig die besondere W\u00fcrze. Die Plateaus der Felsbl\u00f6cke laden zur Rast und zum Genuss der herrlichen Aussicht ein. Der Steig verl\u00e4uft in den niedrigsten Schwierigkeitsgraden A und B, wobei die Passagen in B eher kurz gehalten sind. Ideal ist der Klettersteig darum auch f\u00fcr Kinder. Genial gel\u00f6st: Gleich die ersten 3 H\u00f6henmeter beginnen in B. Schwierigere Passagen gibt es danach kaum mehr. So wei\u00df man gleich, was es mit dem Klettersteiggehen auf sich hat. Dar\u00fcber hinaus gibt es im weiteren Verlauf zwei M\u00f6glichkeiten zum Ausstieg (linksseitig). Mit einer Dauer von ca. 50 bis 75 Minuten l\u00e4sst sich diese sympathische Kraxelei beispielsweise noch mit einer kleinen Wanderung rund um den Wei\u00dfsee verbinden.<\/p>\n<p>Begleitpersonen k\u00f6nnen von der Terrasse des <a href=\"http:\/\/www.alpinzentrum-rudolfshuette.at\/\" target=\"_blank\">Berghotel und Alpinzentrum Rudolfsh\u00fctte<\/a> aus die Kletterei beobachten. Zu beachten ist generell, dass das Klettergebiet der Wei\u00dfsee Gletscherwelt auf \u00fcber 2000 Metern liegt, daher Vorsicht hinsichtlich K\u00e4lte, Wetterst\u00fcrze und H\u00f6henempfindlichkeit.\u00a0<\/p>\n<p>Den garantierten Bergsteiger-Hunger kann man danach auf der Rudolfsh\u00fctte oder am Weg vom Enzingerboden nach Uttendorf (Panoramastra\u00dfe Stubachtal, Kehre 3) bei der <a href=\"http:\/\/www.uttendorf.com\/Essen-Trinken.82.0.html\" target=\"_blank\">Jausenstation Vorhofalm<\/a> stillen. Hier gibt\u2019s regionaltypische Schmankerl. Unvergleichlich sind die Wildgerichte, die Kasnock\u2018n und die hausgemachten Mehlspeisen.<\/p>\n<p><strong>Hier geht\u2019s zur <a href=\"http:\/\/www.gletscherwelt-weissee.at\/fileadmin\/user_upload\/weisssee\/Klettern\/Kronprinz-Rudolf_Schall_.pdf\" target=\"_blank\">Topo<\/a>:<\/strong><\/p>\n<p>Ausr\u00fcstung: komplette Klettersteigausr\u00fcstung inkl. Helm<br \/>Erm\u00e4\u00dfigungen, Tickets und Preise: Mit der <a href=\"https:\/\/www.salzburgerland.com\/de\/salzburgerland-card\/\/index.html\" target=\"_blank\">SalzburgerLand Card<\/a> ist die Berg- und Talfahrt gratis, mit der AK-Karte gibt es 2 f\u00fcr 1, Erm\u00e4\u00dfigungen gibt es f\u00fcr Mitglieder des DAV, \u00d6AV<\/p>\n<div class=\"mag-gallery\"><div class=\"row\"><div class=\"col-6 col-sm-4\"><figure><a class=\"thumb-container\" href=\"https:\/\/www.salzburgerland.com\/de\/magazin\/wp-content\/uploads\/2016\/04\/DSCN2888-1280x1024.jpg\">\t<picture><source media=\"(min-width: 576px)\" srcset=\"https:\/\/www.salzburgerland.com\/de\/magazin\/wp-content\/uploads\/2016\/04\/DSCN2888-325x209.jpg 325w, https:\/\/www.salzburgerland.com\/de\/magazin\/wp-content\/uploads\/2016\/04\/DSCN2888-249x160.jpg 249w\" \/><source media=\"(min-width: 0)\" srcset=\"https:\/\/www.salzburgerland.com\/de\/magazin\/wp-content\/uploads\/2016\/04\/DSCN2888-249x160.jpg 249w, https:\/\/www.salzburgerland.com\/de\/magazin\/wp-content\/uploads\/2016\/04\/DSCN2888-325x209.jpg 325w\" \/><img decoding=\"async\" alt=\"Steinhaufen im Vordergrund, nebliger t\u00fcrkisfarbener See und Geb\u00e4ude auf einem H\u00fcgel im Hintergrund.\" src=\"https:\/\/www.salzburgerland.com\/de\/magazin\/wp-content\/uploads\/2016\/04\/DSCN2888.jpg\" \/>\t<\/picture><\/a><\/figure><\/div><div class=\"col-6 col-sm-4\"><figure><a class=\"thumb-container\" href=\"https:\/\/www.salzburgerland.com\/de\/magazin\/wp-content\/uploads\/2016\/04\/DSCN2881-1280x1024.jpg\">\t<picture><source media=\"(min-width: 576px)\" srcset=\"https:\/\/www.salzburgerland.com\/de\/magazin\/wp-content\/uploads\/2016\/04\/DSCN2881-325x209.jpg 325w, https:\/\/www.salzburgerland.com\/de\/magazin\/wp-content\/uploads\/2016\/04\/DSCN2881-249x160.jpg 249w\" \/><source media=\"(min-width: 0)\" srcset=\"https:\/\/www.salzburgerland.com\/de\/magazin\/wp-content\/uploads\/2016\/04\/DSCN2881-249x160.jpg 249w, https:\/\/www.salzburgerland.com\/de\/magazin\/wp-content\/uploads\/2016\/04\/DSCN2881-325x209.jpg 325w\" \/><img decoding=\"async\" alt=\"Eine Person in Kletterausr\u00fcstung steigt an einem bew\u00f6lkten Tag eine steile Felswand hinauf.\" src=\"https:\/\/www.salzburgerland.com\/de\/magazin\/wp-content\/uploads\/2016\/04\/DSCN2881.jpg\" \/>\t<\/picture><\/a><\/figure><\/div><div class=\"col-6 col-sm-4\"><figure><a class=\"thumb-container\" href=\"https:\/\/www.salzburgerland.com\/de\/magazin\/wp-content\/uploads\/2016\/04\/DSCN2873-1280x1024.jpg\">\t<picture><source media=\"(min-width: 576px)\" srcset=\"https:\/\/www.salzburgerland.com\/de\/magazin\/wp-content\/uploads\/2016\/04\/DSCN2873-325x209.jpg 325w, https:\/\/www.salzburgerland.com\/de\/magazin\/wp-content\/uploads\/2016\/04\/DSCN2873-249x160.jpg 249w\" \/><source media=\"(min-width: 0)\" srcset=\"https:\/\/www.salzburgerland.com\/de\/magazin\/wp-content\/uploads\/2016\/04\/DSCN2873-249x160.jpg 249w, https:\/\/www.salzburgerland.com\/de\/magazin\/wp-content\/uploads\/2016\/04\/DSCN2873-325x209.jpg 325w\" \/><img decoding=\"async\" alt=\"Ein nebelverhangener Berg mit einem See, felsigen Ufern und Pfaden, die sich die gr\u00fcnen H\u00e4nge hinaufwinden.\" src=\"https:\/\/www.salzburgerland.com\/de\/magazin\/wp-content\/uploads\/2016\/04\/DSCN2873.jpg\" \/>\t<\/picture><\/a><\/figure><\/div><div class=\"col-6 col-sm-4\"><figure><a class=\"thumb-container\" href=\"https:\/\/www.salzburgerland.com\/de\/magazin\/wp-content\/uploads\/2016\/04\/DSCN2865-1280x1024.jpg\">\t<picture><source media=\"(min-width: 576px)\" srcset=\"https:\/\/www.salzburgerland.com\/de\/magazin\/wp-content\/uploads\/2016\/04\/DSCN2865-325x209.jpg 325w, https:\/\/www.salzburgerland.com\/de\/magazin\/wp-content\/uploads\/2016\/04\/DSCN2865-249x160.jpg 249w\" \/><source media=\"(min-width: 0)\" srcset=\"https:\/\/www.salzburgerland.com\/de\/magazin\/wp-content\/uploads\/2016\/04\/DSCN2865-249x160.jpg 249w, https:\/\/www.salzburgerland.com\/de\/magazin\/wp-content\/uploads\/2016\/04\/DSCN2865-325x209.jpg 325w\" \/><img decoding=\"async\" alt=\"Nahaufnahme einer felsigen Felswand, an der ein Sicherungsseil entlangl\u00e4uft, mit gr\u00fcnen Moosflecken.\" src=\"https:\/\/www.salzburgerland.com\/de\/magazin\/wp-content\/uploads\/2016\/04\/DSCN2865.jpg\" \/>\t<\/picture><\/a><\/figure><\/div><div class=\"col-6 col-sm-4\"><figure><a class=\"thumb-container\" href=\"https:\/\/www.salzburgerland.com\/de\/magazin\/wp-content\/uploads\/2016\/04\/DSCN2884-1280x1024.jpg\">\t<picture><source media=\"(min-width: 576px)\" srcset=\"https:\/\/www.salzburgerland.com\/de\/magazin\/wp-content\/uploads\/2016\/04\/DSCN2884-325x209.jpg 325w, https:\/\/www.salzburgerland.com\/de\/magazin\/wp-content\/uploads\/2016\/04\/DSCN2884-249x160.jpg 249w\" \/><source media=\"(min-width: 0)\" srcset=\"https:\/\/www.salzburgerland.com\/de\/magazin\/wp-content\/uploads\/2016\/04\/DSCN2884-249x160.jpg 249w, https:\/\/www.salzburgerland.com\/de\/magazin\/wp-content\/uploads\/2016\/04\/DSCN2884-325x209.jpg 325w\" \/><img decoding=\"async\" alt=\"Frau in Wanderausr\u00fcstung steht auf felsigem Gel\u00e4nde an einem nebligen, t\u00fcrkisfarbenen See, der von Bergen umgeben ist.\" src=\"https:\/\/www.salzburgerland.com\/de\/magazin\/wp-content\/uploads\/2016\/04\/DSCN2884.jpg\" \/>\t<\/picture><\/a><\/figure><\/div><div class=\"col-6 col-sm-4\"><figure><a class=\"thumb-container\" href=\"https:\/\/www.salzburgerland.com\/de\/magazin\/wp-content\/uploads\/2016\/04\/DSCN2852-1280x1024.jpg\">\t<picture><source media=\"(min-width: 576px)\" srcset=\"\" \/><source media=\"(min-width: 0)\" srcset=\"https:\/\/www.salzburgerland.com\/de\/magazin\/wp-content\/uploads\/2016\/04\/DSCN2852.jpg 480w, https:\/\/www.salzburgerland.com\/de\/magazin\/wp-content\/uploads\/2016\/04\/DSCN2852-225x300.jpg 225w, https:\/\/www.salzburgerland.com\/de\/magazin\/wp-content\/uploads\/2016\/04\/DSCN2852-413x550.jpg 413w, https:\/\/www.salzburgerland.com\/de\/magazin\/wp-content\/uploads\/2016\/04\/DSCN2852-300x400.jpg 300w\" \/><img decoding=\"async\" alt=\"Eine Person, die einen Helm und einen Rucksack tr\u00e4gt, klettert einen felsigen Abhang hinauf und st\u00fctzt sich dabei auf ein gesichertes Seil.\" src=\"https:\/\/www.salzburgerland.com\/de\/magazin\/wp-content\/uploads\/2016\/04\/DSCN2852.jpg\" \/>\t<\/picture><\/a><\/figure><\/div><div class=\"col-6 col-sm-4\"><figure><a class=\"thumb-container\" href=\"https:\/\/www.salzburgerland.com\/de\/magazin\/wp-content\/uploads\/2016\/04\/DSCN2901-1280x1024.jpg\">\t<picture><source media=\"(min-width: 576px)\" srcset=\"\" \/><source media=\"(min-width: 0)\" srcset=\"https:\/\/www.salzburgerland.com\/de\/magazin\/wp-content\/uploads\/2016\/04\/DSCN2901.jpg 480w, https:\/\/www.salzburgerland.com\/de\/magazin\/wp-content\/uploads\/2016\/04\/DSCN2901-225x300.jpg 225w, https:\/\/www.salzburgerland.com\/de\/magazin\/wp-content\/uploads\/2016\/04\/DSCN2901-413x550.jpg 413w, https:\/\/www.salzburgerland.com\/de\/magazin\/wp-content\/uploads\/2016\/04\/DSCN2901-300x400.jpg 300w\" \/><img decoding=\"async\" alt=\"Eine Frau sitzt an einem Holztisch im Freien, l\u00e4chelt und hat eine gro\u00dfe Pfanne mit Essen vor sich stehen.\" src=\"https:\/\/www.salzburgerland.com\/de\/magazin\/wp-content\/uploads\/2016\/04\/DSCN2901.jpg\" \/>\t<\/picture><\/a><\/figure><\/div><div class=\"col-6 col-sm-4\"><figure><a class=\"thumb-container\" href=\"https:\/\/www.salzburgerland.com\/de\/magazin\/wp-content\/uploads\/2016\/04\/DSCN2902-1280x1024.jpg\">\t<picture><source media=\"(min-width: 576px)\" srcset=\"https:\/\/www.salzburgerland.com\/de\/magazin\/wp-content\/uploads\/2016\/04\/DSCN2902-325x209.jpg 325w, https:\/\/www.salzburgerland.com\/de\/magazin\/wp-content\/uploads\/2016\/04\/DSCN2902-249x160.jpg 249w\" \/><source media=\"(min-width: 0)\" srcset=\"https:\/\/www.salzburgerland.com\/de\/magazin\/wp-content\/uploads\/2016\/04\/DSCN2902-249x160.jpg 249w, https:\/\/www.salzburgerland.com\/de\/magazin\/wp-content\/uploads\/2016\/04\/DSCN2902-325x209.jpg 325w\" \/><img decoding=\"async\" alt=\"Ein rustikales Haus mit einer Schweizer Flagge steht auf einem grasbewachsenen H\u00fcgel, umgeben von Bergen und B\u00e4umen.\" src=\"https:\/\/www.salzburgerland.com\/de\/magazin\/wp-content\/uploads\/2016\/04\/DSCN2902.jpg\" \/>\t<\/picture><\/a><\/figure><\/div><div class=\"col-6 col-sm-4\"><figure><a class=\"thumb-container\" href=\"https:\/\/www.salzburgerland.com\/de\/magazin\/wp-content\/uploads\/2016\/04\/DSCN2883-1280x1024.jpg\">\t<picture><source media=\"(min-width: 576px)\" srcset=\"\" \/><source media=\"(min-width: 0)\" srcset=\"https:\/\/www.salzburgerland.com\/de\/magazin\/wp-content\/uploads\/2016\/04\/DSCN2883.jpg 480w, https:\/\/www.salzburgerland.com\/de\/magazin\/wp-content\/uploads\/2016\/04\/DSCN2883-225x300.jpg 225w, https:\/\/www.salzburgerland.com\/de\/magazin\/wp-content\/uploads\/2016\/04\/DSCN2883-413x550.jpg 413w, https:\/\/www.salzburgerland.com\/de\/magazin\/wp-content\/uploads\/2016\/04\/DSCN2883-300x400.jpg 300w\" \/><img decoding=\"async\" alt=\"Person in Kletterausr\u00fcstung posiert triumphierend auf einem felsigen Berg mit Nebel und See im Hintergrund.\" src=\"https:\/\/www.salzburgerland.com\/de\/magazin\/wp-content\/uploads\/2016\/04\/DSCN2883.jpg\" \/>\t<\/picture><\/a><\/figure><\/div><\/div><\/div><figcaption><\/figcaption>\n","protected":false},"excerpt":{"rendered":"<p>Auf 2.100 Metern, in der Gletscherwelt Wei\u00dfsee bei Uttendorf im Nationalpark Hohe Tauern, pr\u00e4sentiert sich der 2015 er\u00f6ffnette Klettersteig \u201eKronzprinz Rudolf\u201c in pr\u00e4chtiger Kulisse mit dem Berghotel Rudolfsh\u00fctte, dem leuchtend-t\u00fcrkisen Wei\u00dfsee und den Gletschern und erhabenen Gipfeln wie dem Tauernkogel, der Granatspitze oder dem Sonnblick. Die leichte Ferrata wurde speziell f\u00fcr Anf\u00e4nger und Wiedereinsteiger angelegt [&hellip;]<\/p>\n","protected":false},"author":558,"featured_media":105884,"comment_status":"open","ping_status":"open","sticky":false,"template":"","format":"standard","meta":{"_acf_changed":false,"wl_entities_gutenberg":"","_wl_entity_redirect_enabled":"","footnotes":""},"categories":[8],"tags":[],"wl_entity_type":[306],"monatsauswahl":[86,87,88,89,90,91],"class_list":["post-105694","post","type-post","status-publish","format-standard","has-post-thumbnail","hentry","category-outdoor-sport","wl_entity_type-article","monatsauswahl-monat_5","monatsauswahl-monat_6","monatsauswahl-monat_7","monatsauswahl-monat_8","monatsauswahl-monat_9","monatsauswahl-monat_10"],"acf":[],"yoast_head":"<!-- This site is optimized with the Yoast SEO Premium plugin v27.4 (Yoast SEO v27.4) - https:\/\/yoast.com\/product\/yoast-seo-premium-wordpress\/ -->\n<title>Klettersteig f\u00fcr Anf\u00e4nger: \u201eKronprinz Rudolf\u201c - SalzburgerLand Magazin<\/title>\n<meta name=\"description\" content=\"Auf 2.100 Metern, in der Gletscherwelt Wei\u00dfsee bei Uttendorf im Nationalpark Hohe Tauern, pr\u00e4sentiert sich der 2015 er\u00f6ffnette Klettersteig \u201eKronzprinz Rudolf\u201c in pr\u00e4chtiger Kulisse mit dem Berghotel Rudolfsh\u00fctte, dem leuchtend-t\u00fcrkisen Wei\u00dfsee und den Gletschern und erhabenen Gipfeln wie dem Tauernkogel, der Granatspitze oder dem Sonnblick. Die leichte Ferrata wurde speziell f\u00fcr Anf\u00e4nger und Wiedereinsteiger angelegt [&hellip;]\" \/>\n<meta name=\"robots\" content=\"index, follow, max-snippet:-1, max-image-preview:large, max-video-preview:-1\" \/>\n<link rel=\"canonical\" href=\"https:\/\/www.salzburgerland.com\/de\/magazin\/klettersteig-fuer-anfaenger-kronprinz-rudolf\/\" \/>\n<meta property=\"og:locale\" content=\"de_DE\" \/>\n<meta property=\"og:type\" content=\"article\" \/>\n<meta property=\"og:title\" content=\"Klettersteig f\u00fcr Anf\u00e4nger: \u201eKronprinz Rudolf\u201c\" \/>\n<meta property=\"og:description\" content=\"Auf 2.100 Metern, in der Gletscherwelt Wei\u00dfsee bei Uttendorf im Nationalpark Hohe Tauern, pr\u00e4sentiert sich der 2015 er\u00f6ffnette Klettersteig \u201eKronzprinz Rudolf\u201c in pr\u00e4chtiger Kulisse mit dem Berghotel Rudolfsh\u00fctte, dem leuchtend-t\u00fcrkisen Wei\u00dfsee und den Gletschern und erhabenen Gipfeln wie dem Tauernkogel, der Granatspitze oder dem Sonnblick. Die leichte Ferrata wurde speziell f\u00fcr Anf\u00e4nger und Wiedereinsteiger angelegt [&hellip;]\" \/>\n<meta property=\"og:url\" content=\"https:\/\/www.salzburgerland.com\/de\/magazin\/klettersteig-fuer-anfaenger-kronprinz-rudolf\/\" \/>\n<meta property=\"og:site_name\" content=\"SalzburgerLand Magazin\" \/>\n<meta property=\"article:publisher\" content=\"https:\/\/www.facebook.com\/salzburgerland\/\" \/>\n<meta property=\"article:published_time\" content=\"2016-05-03T09:45:17+00:00\" \/>\n<meta property=\"og:image\" content=\"https:\/\/www.salzburgerland.com\/de\/magazin\/wp-content\/uploads\/2016\/04\/DSCN2882.jpg\" \/>\n\t<meta property=\"og:image:width\" content=\"640\" \/>\n\t<meta property=\"og:image:height\" content=\"480\" \/>\n\t<meta property=\"og:image:type\" content=\"image\/jpeg\" \/>\n<meta name=\"author\" content=\"Martina Egger\" \/>\n<meta name=\"twitter:card\" content=\"summary_large_image\" \/>\n<meta name=\"twitter:creator\" content=\"@Salzburgerland\" \/>\n<meta name=\"twitter:site\" content=\"@Salzburgerland\" \/>\n<meta name=\"twitter:label1\" content=\"Verfasst von\" \/>\n\t<meta name=\"twitter:data1\" content=\"Martina Egger\" \/>\n\t<meta name=\"twitter:label2\" content=\"Gesch\u00e4tzte Lesezeit\" \/>\n\t<meta name=\"twitter:data2\" content=\"2\u00a0Minuten\" \/>\n<script type=\"application\/ld+json\" class=\"yoast-schema-graph\">{\"@context\":\"https:\\\/\\\/schema.org\",\"@graph\":[{\"@type\":\"Article\",\"@id\":\"https:\\\/\\\/www.salzburgerland.com\\\/de\\\/magazin\\\/klettersteig-fuer-anfaenger-kronprinz-rudolf\\\/#article\",\"isPartOf\":{\"@id\":\"https:\\\/\\\/www.salzburgerland.com\\\/de\\\/magazin\\\/klettersteig-fuer-anfaenger-kronprinz-rudolf\\\/\"},\"author\":{\"name\":\"Martina Egger\",\"@id\":\"https:\\\/\\\/www.salzburgerland.com\\\/de\\\/magazin\\\/#\\\/schema\\\/person\\\/f750df3e05c0c9fd8fa2efe553ad6f96\"},\"headline\":\"Klettersteig f\u00fcr Anf\u00e4nger: \u201eKronprinz Rudolf\u201c\",\"datePublished\":\"2016-05-03T09:45:17+00:00\",\"mainEntityOfPage\":{\"@id\":\"https:\\\/\\\/www.salzburgerland.com\\\/de\\\/magazin\\\/klettersteig-fuer-anfaenger-kronprinz-rudolf\\\/\"},\"wordCount\":337,\"commentCount\":0,\"publisher\":{\"@id\":\"https:\\\/\\\/www.salzburgerland.com\\\/de\\\/magazin\\\/#organization\"},\"image\":{\"@id\":\"https:\\\/\\\/www.salzburgerland.com\\\/de\\\/magazin\\\/klettersteig-fuer-anfaenger-kronprinz-rudolf\\\/#primaryimage\"},\"thumbnailUrl\":\"https:\\\/\\\/www.salzburgerland.com\\\/de\\\/magazin\\\/wp-content\\\/uploads\\\/2016\\\/04\\\/DSCN2882.jpg\",\"articleSection\":[\"Outdoor &amp; Sport\"],\"inLanguage\":\"de\",\"potentialAction\":[{\"@type\":\"CommentAction\",\"name\":\"Comment\",\"target\":[\"https:\\\/\\\/www.salzburgerland.com\\\/de\\\/magazin\\\/klettersteig-fuer-anfaenger-kronprinz-rudolf\\\/#respond\"]}]},{\"@type\":\"WebPage\",\"@id\":\"https:\\\/\\\/www.salzburgerland.com\\\/de\\\/magazin\\\/klettersteig-fuer-anfaenger-kronprinz-rudolf\\\/\",\"url\":\"https:\\\/\\\/www.salzburgerland.com\\\/de\\\/magazin\\\/klettersteig-fuer-anfaenger-kronprinz-rudolf\\\/\",\"name\":\"Klettersteig f\u00fcr Anf\u00e4nger: \u201eKronprinz Rudolf\u201c - SalzburgerLand Magazin\",\"isPartOf\":{\"@id\":\"https:\\\/\\\/www.salzburgerland.com\\\/de\\\/magazin\\\/#website\"},\"primaryImageOfPage\":{\"@id\":\"https:\\\/\\\/www.salzburgerland.com\\\/de\\\/magazin\\\/klettersteig-fuer-anfaenger-kronprinz-rudolf\\\/#primaryimage\"},\"image\":{\"@id\":\"https:\\\/\\\/www.salzburgerland.com\\\/de\\\/magazin\\\/klettersteig-fuer-anfaenger-kronprinz-rudolf\\\/#primaryimage\"},\"thumbnailUrl\":\"https:\\\/\\\/www.salzburgerland.com\\\/de\\\/magazin\\\/wp-content\\\/uploads\\\/2016\\\/04\\\/DSCN2882.jpg\",\"datePublished\":\"2016-05-03T09:45:17+00:00\",\"breadcrumb\":{\"@id\":\"https:\\\/\\\/www.salzburgerland.com\\\/de\\\/magazin\\\/klettersteig-fuer-anfaenger-kronprinz-rudolf\\\/#breadcrumb\"},\"inLanguage\":\"de\",\"potentialAction\":[{\"@type\":\"ReadAction\",\"target\":[\"https:\\\/\\\/www.salzburgerland.com\\\/de\\\/magazin\\\/klettersteig-fuer-anfaenger-kronprinz-rudolf\\\/\"]}]},{\"@type\":\"ImageObject\",\"inLanguage\":\"de\",\"@id\":\"https:\\\/\\\/www.salzburgerland.com\\\/de\\\/magazin\\\/klettersteig-fuer-anfaenger-kronprinz-rudolf\\\/#primaryimage\",\"url\":\"https:\\\/\\\/www.salzburgerland.com\\\/de\\\/magazin\\\/wp-content\\\/uploads\\\/2016\\\/04\\\/DSCN2882.jpg\",\"contentUrl\":\"https:\\\/\\\/www.salzburgerland.com\\\/de\\\/magazin\\\/wp-content\\\/uploads\\\/2016\\\/04\\\/DSCN2882.jpg\",\"width\":640,\"height\":480,\"caption\":\"Eine l\u00e4chelnde Frau in Kletterausr\u00fcstung steht mit erhobenen Armen auf einem felsigen Berggipfel, hinter ihr eine neblige Landschaft.\"},{\"@type\":\"BreadcrumbList\",\"@id\":\"https:\\\/\\\/www.salzburgerland.com\\\/de\\\/magazin\\\/klettersteig-fuer-anfaenger-kronprinz-rudolf\\\/#breadcrumb\",\"itemListElement\":[{\"@type\":\"ListItem\",\"position\":1,\"name\":\"Startseite\",\"item\":\"https:\\\/\\\/www.salzburgerland.com\\\/de\\\/magazin\\\/\"},{\"@type\":\"ListItem\",\"position\":2,\"name\":\"Outdoor &amp; Sport\",\"item\":\"https:\\\/\\\/www.salzburgerland.com\\\/de\\\/magazin\\\/thema\\\/outdoor-sport\\\/\"},{\"@type\":\"ListItem\",\"position\":3,\"name\":\"Klettersteig f\u00fcr Anf\u00e4nger: \u201eKronprinz Rudolf\u201c\"}]},{\"@type\":\"WebSite\",\"@id\":\"https:\\\/\\\/www.salzburgerland.com\\\/de\\\/magazin\\\/#website\",\"url\":\"https:\\\/\\\/www.salzburgerland.com\\\/de\\\/magazin\\\/\",\"name\":\"SalzburgerLand Magazin\",\"description\":\"Geschichten und Interessantes aus dem SalzburgerLand\",\"publisher\":{\"@id\":\"https:\\\/\\\/www.salzburgerland.com\\\/de\\\/magazin\\\/#organization\"},\"potentialAction\":[{\"@type\":\"SearchAction\",\"target\":{\"@type\":\"EntryPoint\",\"urlTemplate\":\"https:\\\/\\\/www.salzburgerland.com\\\/de\\\/magazin\\\/?s={search_term_string}\"},\"query-input\":{\"@type\":\"PropertyValueSpecification\",\"valueRequired\":true,\"valueName\":\"search_term_string\"}}],\"inLanguage\":\"de\"},{\"@type\":\"Organization\",\"@id\":\"https:\\\/\\\/www.salzburgerland.com\\\/de\\\/magazin\\\/#organization\",\"name\":\"SalzburgerLand Tourismus\",\"url\":\"https:\\\/\\\/www.salzburgerland.com\\\/de\\\/magazin\\\/\",\"logo\":{\"@type\":\"ImageObject\",\"inLanguage\":\"de\",\"@id\":\"https:\\\/\\\/www.salzburgerland.com\\\/de\\\/magazin\\\/#\\\/schema\\\/logo\\\/image\\\/\",\"url\":\"https:\\\/\\\/www.salzburgerland.com\\\/de\\\/magazin\\\/wp-content\\\/uploads\\\/2019\\\/06\\\/salzburgerland-logo1.jpg\",\"contentUrl\":\"https:\\\/\\\/www.salzburgerland.com\\\/de\\\/magazin\\\/wp-content\\\/uploads\\\/2019\\\/06\\\/salzburgerland-logo1.jpg\",\"width\":2011,\"height\":866,\"caption\":\"SalzburgerLand Tourismus\"},\"image\":{\"@id\":\"https:\\\/\\\/www.salzburgerland.com\\\/de\\\/magazin\\\/#\\\/schema\\\/logo\\\/image\\\/\"},\"sameAs\":[\"https:\\\/\\\/www.facebook.com\\\/salzburgerland\\\/\",\"https:\\\/\\\/x.com\\\/Salzburgerland\",\"https:\\\/\\\/www.instagram.com\\\/salzburgerland\\\/\",\"https:\\\/\\\/at.linkedin.com\\\/company\\\/salzburgerland-tourismus-gmbh\",\"https:\\\/\\\/www.pinterest.at\\\/salzburgerland\\\/\",\"https:\\\/\\\/www.youtube.com\\\/user\\\/salzburgerland\",\"https:\\\/\\\/de.wikipedia.org\\\/wiki\\\/SalzburgerLand_Tourismus_GmbH\"]},{\"@type\":\"Person\",\"@id\":\"https:\\\/\\\/www.salzburgerland.com\\\/de\\\/magazin\\\/#\\\/schema\\\/person\\\/f750df3e05c0c9fd8fa2efe553ad6f96\",\"name\":\"Martina Egger\",\"description\":\"Martina Egger studierte in Salzburg Innovation und Management im Tourismus und arbeitete in der Tourismusforschung an der Fachhochschule Salzburg. Als Mitarbeiterin der SalzburgerLand Tourismus GmbH betreute sie bis 2018 die Entwicklung und Vermarktung touristischer Angebote. Dazu z\u00e4hlt unter anderem der Salzburger Almsommer mit seinen 173 Almsommer-H\u00fctten, den rund 100 Almsommer-Partnerbetrieben und zahlreichen Veranstaltungen. Heute ist Martina Egger u.a. als Salzburger Bergwanderf\u00fchrerin, TEH Kr\u00e4uterpraktikerin und als freie Redakteurin t\u00e4tig. Nachhaltigkeit wird bei ihr in allen Bereichen seit Jahren gro\u00df geschrieben. Neben Bergwandern, Skitouren, Klettern und Biken vertieft sich Martina Egger leidenschaftlich in die Welt der Kr\u00e4uter und der regionalen Kulinarik. Seit 2020 bietet Martina Egger unter \\\"AlmSinn\\\" Wildkr\u00e4uter-Produkte, Wildkr\u00e4uter-Kochworkshops und Kr\u00e4uterwanderungen an. Dosige(r) oder Zuagroast? Eindeutig dosig \u2013 die steirischen Wurzeln sind nicht mehr h\u00f6rbar. Fr\u00fchling, Sommer, Herbst oder Winter? Am Berg bin ich das ganze Jahr. Dennoch ist im Fr\u00fchling und Sommer die Vielfalt der Natur, in den W\u00e4ldern und auf den Almen, nicht zu toppen. Luxushotel oder Almh\u00fctte? Keine Frage: Almh\u00fctte! Mozart oder Hubert von Goisern? Mag beide und w\u00fcnschte mir, dass der Hubert auch mal Mozart spielt. Ausstellung oder Bergpanorama? Beides \u2013 wenn Alfons Walde ausgestellt ist. Ich liebe das Panorama der Kunst. Wenn ich eine Entscheidung treffen muss, bekommt aber das Bergpanorama den Vorzug.\",\"url\":\"https:\\\/\\\/www.salzburgerland.com\\\/de\\\/magazin\\\/author\\\/martinaegger\\\/\"}]}<\/script>\n<!-- \/ Yoast SEO Premium plugin. -->","yoast_head_json":{"title":"Klettersteig f\u00fcr Anf\u00e4nger: \u201eKronprinz Rudolf\u201c - SalzburgerLand Magazin","description":"Auf 2.100 Metern, in der Gletscherwelt Wei\u00dfsee bei Uttendorf im Nationalpark Hohe Tauern, pr\u00e4sentiert sich der 2015 er\u00f6ffnette Klettersteig \u201eKronzprinz Rudolf\u201c in pr\u00e4chtiger Kulisse mit dem Berghotel Rudolfsh\u00fctte, dem leuchtend-t\u00fcrkisen Wei\u00dfsee und den Gletschern und erhabenen Gipfeln wie dem Tauernkogel, der Granatspitze oder dem Sonnblick. Die leichte Ferrata wurde speziell f\u00fcr Anf\u00e4nger und Wiedereinsteiger angelegt [&hellip;]","robots":{"index":"index","follow":"follow","max-snippet":"max-snippet:-1","max-image-preview":"max-image-preview:large","max-video-preview":"max-video-preview:-1"},"canonical":"https:\/\/www.salzburgerland.com\/de\/magazin\/klettersteig-fuer-anfaenger-kronprinz-rudolf\/","og_locale":"de_DE","og_type":"article","og_title":"Klettersteig f\u00fcr Anf\u00e4nger: \u201eKronprinz Rudolf\u201c","og_description":"Auf 2.100 Metern, in der Gletscherwelt Wei\u00dfsee bei Uttendorf im Nationalpark Hohe Tauern, pr\u00e4sentiert sich der 2015 er\u00f6ffnette Klettersteig \u201eKronzprinz Rudolf\u201c in pr\u00e4chtiger Kulisse mit dem Berghotel Rudolfsh\u00fctte, dem leuchtend-t\u00fcrkisen Wei\u00dfsee und den Gletschern und erhabenen Gipfeln wie dem Tauernkogel, der Granatspitze oder dem Sonnblick. Die leichte Ferrata wurde speziell f\u00fcr Anf\u00e4nger und Wiedereinsteiger angelegt [&hellip;]","og_url":"https:\/\/www.salzburgerland.com\/de\/magazin\/klettersteig-fuer-anfaenger-kronprinz-rudolf\/","og_site_name":"SalzburgerLand Magazin","article_publisher":"https:\/\/www.facebook.com\/salzburgerland\/","article_published_time":"2016-05-03T09:45:17+00:00","og_image":[{"width":640,"height":480,"url":"https:\/\/www.salzburgerland.com\/de\/magazin\/wp-content\/uploads\/2016\/04\/DSCN2882.jpg","type":"image\/jpeg"}],"author":"Martina Egger","twitter_card":"summary_large_image","twitter_creator":"@Salzburgerland","twitter_site":"@Salzburgerland","twitter_misc":{"Verfasst von":"Martina Egger","Gesch\u00e4tzte Lesezeit":"2\u00a0Minuten"},"schema":{"@context":"https:\/\/schema.org","@graph":[{"@type":"Article","@id":"https:\/\/www.salzburgerland.com\/de\/magazin\/klettersteig-fuer-anfaenger-kronprinz-rudolf\/#article","isPartOf":{"@id":"https:\/\/www.salzburgerland.com\/de\/magazin\/klettersteig-fuer-anfaenger-kronprinz-rudolf\/"},"author":{"name":"Martina Egger","@id":"https:\/\/www.salzburgerland.com\/de\/magazin\/#\/schema\/person\/f750df3e05c0c9fd8fa2efe553ad6f96"},"headline":"Klettersteig f\u00fcr Anf\u00e4nger: \u201eKronprinz Rudolf\u201c","datePublished":"2016-05-03T09:45:17+00:00","mainEntityOfPage":{"@id":"https:\/\/www.salzburgerland.com\/de\/magazin\/klettersteig-fuer-anfaenger-kronprinz-rudolf\/"},"wordCount":337,"commentCount":0,"publisher":{"@id":"https:\/\/www.salzburgerland.com\/de\/magazin\/#organization"},"image":{"@id":"https:\/\/www.salzburgerland.com\/de\/magazin\/klettersteig-fuer-anfaenger-kronprinz-rudolf\/#primaryimage"},"thumbnailUrl":"https:\/\/www.salzburgerland.com\/de\/magazin\/wp-content\/uploads\/2016\/04\/DSCN2882.jpg","articleSection":["Outdoor &amp; Sport"],"inLanguage":"de","potentialAction":[{"@type":"CommentAction","name":"Comment","target":["https:\/\/www.salzburgerland.com\/de\/magazin\/klettersteig-fuer-anfaenger-kronprinz-rudolf\/#respond"]}]},{"@type":"WebPage","@id":"https:\/\/www.salzburgerland.com\/de\/magazin\/klettersteig-fuer-anfaenger-kronprinz-rudolf\/","url":"https:\/\/www.salzburgerland.com\/de\/magazin\/klettersteig-fuer-anfaenger-kronprinz-rudolf\/","name":"Klettersteig f\u00fcr Anf\u00e4nger: \u201eKronprinz Rudolf\u201c - SalzburgerLand Magazin","isPartOf":{"@id":"https:\/\/www.salzburgerland.com\/de\/magazin\/#website"},"primaryImageOfPage":{"@id":"https:\/\/www.salzburgerland.com\/de\/magazin\/klettersteig-fuer-anfaenger-kronprinz-rudolf\/#primaryimage"},"image":{"@id":"https:\/\/www.salzburgerland.com\/de\/magazin\/klettersteig-fuer-anfaenger-kronprinz-rudolf\/#primaryimage"},"thumbnailUrl":"https:\/\/www.salzburgerland.com\/de\/magazin\/wp-content\/uploads\/2016\/04\/DSCN2882.jpg","datePublished":"2016-05-03T09:45:17+00:00","breadcrumb":{"@id":"https:\/\/www.salzburgerland.com\/de\/magazin\/klettersteig-fuer-anfaenger-kronprinz-rudolf\/#breadcrumb"},"inLanguage":"de","potentialAction":[{"@type":"ReadAction","target":["https:\/\/www.salzburgerland.com\/de\/magazin\/klettersteig-fuer-anfaenger-kronprinz-rudolf\/"]}]},{"@type":"ImageObject","inLanguage":"de","@id":"https:\/\/www.salzburgerland.com\/de\/magazin\/klettersteig-fuer-anfaenger-kronprinz-rudolf\/#primaryimage","url":"https:\/\/www.salzburgerland.com\/de\/magazin\/wp-content\/uploads\/2016\/04\/DSCN2882.jpg","contentUrl":"https:\/\/www.salzburgerland.com\/de\/magazin\/wp-content\/uploads\/2016\/04\/DSCN2882.jpg","width":640,"height":480,"caption":"Eine l\u00e4chelnde Frau in Kletterausr\u00fcstung steht mit erhobenen Armen auf einem felsigen Berggipfel, hinter ihr eine neblige Landschaft."},{"@type":"BreadcrumbList","@id":"https:\/\/www.salzburgerland.com\/de\/magazin\/klettersteig-fuer-anfaenger-kronprinz-rudolf\/#breadcrumb","itemListElement":[{"@type":"ListItem","position":1,"name":"Startseite","item":"https:\/\/www.salzburgerland.com\/de\/magazin\/"},{"@type":"ListItem","position":2,"name":"Outdoor &amp; Sport","item":"https:\/\/www.salzburgerland.com\/de\/magazin\/thema\/outdoor-sport\/"},{"@type":"ListItem","position":3,"name":"Klettersteig f\u00fcr Anf\u00e4nger: \u201eKronprinz Rudolf\u201c"}]},{"@type":"WebSite","@id":"https:\/\/www.salzburgerland.com\/de\/magazin\/#website","url":"https:\/\/www.salzburgerland.com\/de\/magazin\/","name":"SalzburgerLand Magazin","description":"Geschichten und Interessantes aus dem SalzburgerLand","publisher":{"@id":"https:\/\/www.salzburgerland.com\/de\/magazin\/#organization"},"potentialAction":[{"@type":"SearchAction","target":{"@type":"EntryPoint","urlTemplate":"https:\/\/www.salzburgerland.com\/de\/magazin\/?s={search_term_string}"},"query-input":{"@type":"PropertyValueSpecification","valueRequired":true,"valueName":"search_term_string"}}],"inLanguage":"de"},{"@type":"Organization","@id":"https:\/\/www.salzburgerland.com\/de\/magazin\/#organization","name":"SalzburgerLand Tourismus","url":"https:\/\/www.salzburgerland.com\/de\/magazin\/","logo":{"@type":"ImageObject","inLanguage":"de","@id":"https:\/\/www.salzburgerland.com\/de\/magazin\/#\/schema\/logo\/image\/","url":"https:\/\/www.salzburgerland.com\/de\/magazin\/wp-content\/uploads\/2019\/06\/salzburgerland-logo1.jpg","contentUrl":"https:\/\/www.salzburgerland.com\/de\/magazin\/wp-content\/uploads\/2019\/06\/salzburgerland-logo1.jpg","width":2011,"height":866,"caption":"SalzburgerLand Tourismus"},"image":{"@id":"https:\/\/www.salzburgerland.com\/de\/magazin\/#\/schema\/logo\/image\/"},"sameAs":["https:\/\/www.facebook.com\/salzburgerland\/","https:\/\/x.com\/Salzburgerland","https:\/\/www.instagram.com\/salzburgerland\/","https:\/\/at.linkedin.com\/company\/salzburgerland-tourismus-gmbh","https:\/\/www.pinterest.at\/salzburgerland\/","https:\/\/www.youtube.com\/user\/salzburgerland","https:\/\/de.wikipedia.org\/wiki\/SalzburgerLand_Tourismus_GmbH"]},{"@type":"Person","@id":"https:\/\/www.salzburgerland.com\/de\/magazin\/#\/schema\/person\/f750df3e05c0c9fd8fa2efe553ad6f96","name":"Martina Egger","description":"Martina Egger studierte in Salzburg Innovation und Management im Tourismus und arbeitete in der Tourismusforschung an der Fachhochschule Salzburg. Als Mitarbeiterin der SalzburgerLand Tourismus GmbH betreute sie bis 2018 die Entwicklung und Vermarktung touristischer Angebote. Dazu z\u00e4hlt unter anderem der Salzburger Almsommer mit seinen 173 Almsommer-H\u00fctten, den rund 100 Almsommer-Partnerbetrieben und zahlreichen Veranstaltungen. Heute ist Martina Egger u.a. als Salzburger Bergwanderf\u00fchrerin, TEH Kr\u00e4uterpraktikerin und als freie Redakteurin t\u00e4tig. Nachhaltigkeit wird bei ihr in allen Bereichen seit Jahren gro\u00df geschrieben. Neben Bergwandern, Skitouren, Klettern und Biken vertieft sich Martina Egger leidenschaftlich in die Welt der Kr\u00e4uter und der regionalen Kulinarik. Seit 2020 bietet Martina Egger unter \"AlmSinn\" Wildkr\u00e4uter-Produkte, Wildkr\u00e4uter-Kochworkshops und Kr\u00e4uterwanderungen an. Dosige(r) oder Zuagroast? Eindeutig dosig \u2013 die steirischen Wurzeln sind nicht mehr h\u00f6rbar. Fr\u00fchling, Sommer, Herbst oder Winter? Am Berg bin ich das ganze Jahr. Dennoch ist im Fr\u00fchling und Sommer die Vielfalt der Natur, in den W\u00e4ldern und auf den Almen, nicht zu toppen. Luxushotel oder Almh\u00fctte? Keine Frage: Almh\u00fctte! Mozart oder Hubert von Goisern? Mag beide und w\u00fcnschte mir, dass der Hubert auch mal Mozart spielt. Ausstellung oder Bergpanorama? Beides \u2013 wenn Alfons Walde ausgestellt ist. Ich liebe das Panorama der Kunst. Wenn ich eine Entscheidung treffen muss, bekommt aber das Bergpanorama den Vorzug.","url":"https:\/\/www.salzburgerland.com\/de\/magazin\/author\/martinaegger\/"}]}},"_wl_alt_label":[],"wl:entity_url":"http:\/\/open.salzburgerland.com\/magazin\/post\/klettersteig_fuer_anfaenger__kronprinz_rudolf","_links":{"self":[{"href":"https:\/\/www.salzburgerland.com\/de\/magazin\/wp-json\/wp\/v2\/posts\/105694","targetHints":{"allow":["GET"]}}],"collection":[{"href":"https:\/\/www.salzburgerland.com\/de\/magazin\/wp-json\/wp\/v2\/posts"}],"about":[{"href":"https:\/\/www.salzburgerland.com\/de\/magazin\/wp-json\/wp\/v2\/types\/post"}],"author":[{"embeddable":true,"href":"https:\/\/www.salzburgerland.com\/de\/magazin\/wp-json\/wp\/v2\/users\/558"}],"replies":[{"embeddable":true,"href":"https:\/\/www.salzburgerland.com\/de\/magazin\/wp-json\/wp\/v2\/comments?post=105694"}],"version-history":[{"count":0,"href":"https:\/\/www.salzburgerland.com\/de\/magazin\/wp-json\/wp\/v2\/posts\/105694\/revisions"}],"wp:featuredmedia":[{"embeddable":true,"href":"https:\/\/www.salzburgerland.com\/de\/magazin\/wp-json\/wp\/v2\/media\/105884"}],"wp:attachment":[{"href":"https:\/\/www.salzburgerland.com\/de\/magazin\/wp-json\/wp\/v2\/media?parent=105694"}],"wp:term":[{"taxonomy":"category","embeddable":true,"href":"https:\/\/www.salzburgerland.com\/de\/magazin\/wp-json\/wp\/v2\/categories?post=105694"},{"taxonomy":"post_tag","embeddable":true,"href":"https:\/\/www.salzburgerland.com\/de\/magazin\/wp-json\/wp\/v2\/tags?post=105694"},{"taxonomy":"wl_entity_type","embeddable":true,"href":"https:\/\/www.salzburgerland.com\/de\/magazin\/wp-json\/wp\/v2\/wl_entity_type?post=105694"},{"taxonomy":"monatsauswahl","embeddable":true,"href":"https:\/\/www.salzburgerland.com\/de\/magazin\/wp-json\/wp\/v2\/monatsauswahl?post=105694"}],"curies":[{"name":"wp","href":"https:\/\/api.w.org\/{rel}","templated":true}]}}