{"id":105537,"date":"2016-04-13T10:35:06","date_gmt":"2016-04-13T08:35:06","guid":{"rendered":"http:\/\/magazin.salzburgerland.com\/?p=105537"},"modified":"2018-02-02T08:54:08","modified_gmt":"2018-02-02T07:54:08","slug":"mit-dem-ranger-im-nationalpark","status":"publish","type":"post","link":"https:\/\/www.salzburgerland.com\/de\/magazin\/mit-dem-ranger-im-nationalpark\/","title":{"rendered":"Mit den Rangern im Nationalpark Hohe Tauern"},"content":{"rendered":"<p><strong>Spurensucher im SalzburgerLand: Wir haben uns auf den Weg gemacht,\u00a0um die Menschen im SalzburgerLand zu ihren Lieblingspl\u00e4tzen zu begleiten. Und haben erfahren: Es gibt viel zu entdecken. <\/strong><\/p>\n<p>So wie im Nationalpark Hohe Tauern. Auf 1.856 Quadratkilometern erstreckt sich eines der gr\u00f6\u00dften Naturschutzgebiete der Alpen. Die Vielfalt der Landschaft sucht ihresgleichen: Vom glasklaren Bergsee \u00fcber meterhohe Wasserf\u00e4lle und steile Felsw\u00e4nde bis hin zu Almb\u00f6den und Gletscherlandschaften. F\u00fcr Besucher gibt es im <a href=\"http:\/\/www.nationalpark.at\/de\/\" target=\"_blank\" rel=\"noopener\">Nationalpark Hohe Tauern<\/a>\u00a0ein ganz besonderes Abenteuer: Denn die Ranger nehmen sie mit auf ihrem Rundgang durch den Nationalpark.\u00a0 Da geht es dann \u00fcber Stock und Stein in die faszinierende Welt\u00a0des Nationalparks. Man erf\u00e4hrt jede Menge Interessantes und auch so manches Geheimnisse der Natur, denn die Flora und Fauna kennen die Ranger wie ihre\u00a0Westentasche.\u00a0<\/p>\n<h3>Wenn der Ranger erz\u00e4hlt&#8230;<\/h3>\n<p>\u00a0&#8222;Hinter uns der <a href=\"http:\/\/www.hohetauern.at\/de\/\" target=\"_blank\" rel=\"noopener\">Nationalpark Hohe Tauern<\/a>&#8220; stellt der Ranger seinen Arbeitsplatz vor und zeigt auf den Alpenhauptkamm. Hier oben in der so genannten &#8222;Kampfzone&#8220; (etwas weniger schaurig auch als Waldgrenze bekannt) gedeiht die pr\u00e4chtig Zirbe. An ihren Zapfen erfreuen sich nicht nur Freunde des <a href=\"https:\/\/www.salzburgerland.com\/de\/magazin\/essen-trinken\/schnaps-aus-dem-salzburgerland\/\" target=\"_blank\" rel=\"noopener\">Hochprozentigen Genusses<\/a>, sondern auch der Zirbenh\u00e4her. Wer den Erz\u00e4hlungen lauscht erf\u00e4hrt auch, was es mit der &#8222;<a href=\"https:\/\/youtu.be\/a8V1R7M74c4\" target=\"_blank\" rel=\"noopener\">Sturm und Drang-Zeit der Zirbe<\/a>&#8220; auf sich hat.\u00a0<\/p>\n<p>https:\/\/youtu.be\/v5DszOTbr0c<\/p>\n<p>Auf der Wanderung mit dem\u00a0Ranger\u00a0entdecken Besucher\u00a0auch die\u00a0<a href=\"https:\/\/youtu.be\/Ht5jmCnJVJY\" target=\"_blank\" rel=\"noopener\">kalten L\u00f6cher<\/a>. Ob diese wirklich so kalt sind, wie ihr Name vermuten l\u00e4sst? Besonders erfrischend ist der Storchenschritt durchs Bachbett nach der Schneeschmelze. Und der herrlich w\u00fcrzige Geschmack der\u00a0<a href=\"https:\/\/youtu.be\/59veoDCJxog\" target=\"_blank\" rel=\"noopener\">frischen Brunnenkresse<\/a>!<\/p>\n<h3>Felbertaler Hintersee &amp; Faszination Hollersbachtal<\/h3>\n<p>Wenn einer der Nationalpark-Ranger zu erz\u00e4hlen beginnt, k\u00f6nnte ich stundenlang zuh\u00f6ren. Man sp\u00fcrt gleich, mit wie viel Leidenschaft und Verbundenheit zum Nationalpark Hohe Tauern er seinem Beruf oder besser seiner Berufung nachgeht. Am Ufer des Hintersees im Felbertal gibt er sein Wissen \u00fcber die Entstehung und auch die Verg\u00e4nglichkeit dieses Naturjuwels zum Besten. Warum es den See eines Tages vielleicht nicht mehr gibt?\u00a0Die Antwort gibt`s in unserem Video &#8222;<a href=\"https:\/\/www.youtube.com\/watch?v=WOBuVeSvanc&amp;feature=youtu.be\" target=\"_blank\" rel=\"noopener\">Naturjuwel Hintersee<\/a>&#8222;.\u00a0&#8222;Unser&#8220; Ranger kennt sich auch im <a href=\"https:\/\/youtu.be\/VyGp9vCfHhw\" target=\"_blank\" rel=\"noopener\">Hollersbachtal<\/a>, dem &#8222;Almental schlechthin&#8220; aus. Er zeigt, warum dieses Tal so besonders geformt und ist welche Klimastufen es dort zu entdecken gibt. Interessant:&#8220;Eine Wanderung vom Talboden bis zum Gipfel gleicht einer Reise von\u00a0Mitteleuropa nach Spitzbergen&#8220;.\u00a0<\/p>\n<p>Alle Videos zur <strong>Spurensuche im SalzburgerLand<\/strong> und mehr gibt`s auf unserem Youtube-Chanel -&gt;<a href=\"https:\/\/www.youtube.com\/watch?v=WOBuVeSvanc&amp;index=2&amp;list=PLowQGsbPfWoqT9Mn-a33DNmo43Sp9o6g3&amp;nohtml5=False\"> jetzt ansehen<\/a>.\u00a0<\/p>\n<p>&nbsp;<\/p>\n<p>Weiter Infos zum Nationalpark Hohe Tauern:<br \/>\n<a href=\"http:\/\/www.nationalpark.at\/de\/\">www.nationalpark.at<\/a><br \/>\n<a href=\"http:\/\/www.nationalparkzentrum.at\/\" target=\"_blank\" rel=\"noopener\">www.nationalparkzentrum.at<\/a><br \/>\nGerlosstra\u00dfe 18<br \/>\n5730 Mittersill<br \/>\n00436562 40939<\/p>\n<div class=\"mag-gallery\"><div class=\"row\"><div class=\"col-6 col-sm-4\"><figure><a class=\"thumb-container\" href=\"https:\/\/www.salzburgerland.com\/de\/magazin\/wp-content\/uploads\/2016\/04\/spurensucher1-1280x1024.png\">\t<picture><source media=\"(min-width: 576px)\" srcset=\"https:\/\/www.salzburgerland.com\/de\/magazin\/wp-content\/uploads\/2016\/04\/spurensucher1-325x209.png 325w, https:\/\/www.salzburgerland.com\/de\/magazin\/wp-content\/uploads\/2016\/04\/spurensucher1-249x160.png 249w\" \/><source media=\"(min-width: 0)\" srcset=\"https:\/\/www.salzburgerland.com\/de\/magazin\/wp-content\/uploads\/2016\/04\/spurensucher1-249x160.png 249w, https:\/\/www.salzburgerland.com\/de\/magazin\/wp-content\/uploads\/2016\/04\/spurensucher1-325x209.png 325w\" \/><img decoding=\"async\" alt=\"Ein umgest\u00fcrzter Baumstamm, bedeckt mit Moos und umgeben von Gr\u00fcnzeug in einem Wald.\" src=\"https:\/\/www.salzburgerland.com\/de\/magazin\/wp-content\/uploads\/2016\/04\/spurensucher1.png\" \/>\t<\/picture><\/a><\/figure><\/div><div class=\"col-6 col-sm-4\"><figure><a class=\"thumb-container\" href=\"https:\/\/www.salzburgerland.com\/de\/magazin\/wp-content\/uploads\/2016\/04\/spurensucher2-1280x1024.png\">\t<picture><source media=\"(min-width: 576px)\" srcset=\"https:\/\/www.salzburgerland.com\/de\/magazin\/wp-content\/uploads\/2016\/04\/spurensucher2-325x209.png 325w, https:\/\/www.salzburgerland.com\/de\/magazin\/wp-content\/uploads\/2016\/04\/spurensucher2-249x160.png 249w\" \/><source media=\"(min-width: 0)\" srcset=\"https:\/\/www.salzburgerland.com\/de\/magazin\/wp-content\/uploads\/2016\/04\/spurensucher2-249x160.png 249w, https:\/\/www.salzburgerland.com\/de\/magazin\/wp-content\/uploads\/2016\/04\/spurensucher2-325x209.png 325w\" \/><img decoding=\"async\" alt=\"Ein Mann in Outdoor-Kleidung steht an einem umgest\u00fcrzten Baum in einem Wald und tr\u00e4gt ein Fernglas um seinen Hals.\" src=\"https:\/\/www.salzburgerland.com\/de\/magazin\/wp-content\/uploads\/2016\/04\/spurensucher2.png\" \/>\t<\/picture><\/a><\/figure><\/div><div class=\"col-6 col-sm-4\"><figure><a class=\"thumb-container\" href=\"https:\/\/www.salzburgerland.com\/de\/magazin\/wp-content\/uploads\/2016\/04\/spurensucher4-1280x1024.png\">\t<picture><source media=\"(min-width: 576px)\" srcset=\"https:\/\/www.salzburgerland.com\/de\/magazin\/wp-content\/uploads\/2016\/04\/spurensucher4-325x209.png 325w, https:\/\/www.salzburgerland.com\/de\/magazin\/wp-content\/uploads\/2016\/04\/spurensucher4-249x160.png 249w\" \/><source media=\"(min-width: 0)\" srcset=\"https:\/\/www.salzburgerland.com\/de\/magazin\/wp-content\/uploads\/2016\/04\/spurensucher4-249x160.png 249w, https:\/\/www.salzburgerland.com\/de\/magazin\/wp-content\/uploads\/2016\/04\/spurensucher4-325x209.png 325w\" \/><img decoding=\"async\" alt=\"Ein Mann mit einem Hut sitzt an einem gro\u00dfen, verdrehten Baum in einer sonnigen, gr\u00fcnen Berglandschaft.\" src=\"https:\/\/www.salzburgerland.com\/de\/magazin\/wp-content\/uploads\/2016\/04\/spurensucher4.png\" \/>\t<\/picture><\/a><\/figure><\/div><div class=\"col-6 col-sm-4\"><figure><a class=\"thumb-container\" href=\"https:\/\/www.salzburgerland.com\/de\/magazin\/wp-content\/uploads\/2016\/04\/spurensucher5-1280x1024.jpg\">\t<picture><source media=\"(min-width: 576px)\" srcset=\"https:\/\/www.salzburgerland.com\/de\/magazin\/wp-content\/uploads\/2016\/04\/spurensucher5-325x209.jpg 325w, https:\/\/www.salzburgerland.com\/de\/magazin\/wp-content\/uploads\/2016\/04\/spurensucher5-300x193.jpg 300w, https:\/\/www.salzburgerland.com\/de\/magazin\/wp-content\/uploads\/2016\/04\/spurensucher5-856x550.jpg 856w, https:\/\/www.salzburgerland.com\/de\/magazin\/wp-content\/uploads\/2016\/04\/spurensucher5-623x400.jpg 623w, https:\/\/www.salzburgerland.com\/de\/magazin\/wp-content\/uploads\/2016\/04\/spurensucher5-249x160.jpg 249w, https:\/\/www.salzburgerland.com\/de\/magazin\/wp-content\/uploads\/2016\/04\/spurensucher5-1320x848.jpg 1320w, https:\/\/www.salzburgerland.com\/de\/magazin\/wp-content\/uploads\/2016\/04\/spurensucher5.jpg 1443w\" \/><source media=\"(min-width: 0)\" srcset=\"https:\/\/www.salzburgerland.com\/de\/magazin\/wp-content\/uploads\/2016\/04\/spurensucher5-249x160.jpg 249w, https:\/\/www.salzburgerland.com\/de\/magazin\/wp-content\/uploads\/2016\/04\/spurensucher5-300x193.jpg 300w, https:\/\/www.salzburgerland.com\/de\/magazin\/wp-content\/uploads\/2016\/04\/spurensucher5-856x550.jpg 856w, https:\/\/www.salzburgerland.com\/de\/magazin\/wp-content\/uploads\/2016\/04\/spurensucher5-623x400.jpg 623w, https:\/\/www.salzburgerland.com\/de\/magazin\/wp-content\/uploads\/2016\/04\/spurensucher5-325x209.jpg 325w, https:\/\/www.salzburgerland.com\/de\/magazin\/wp-content\/uploads\/2016\/04\/spurensucher5-1320x848.jpg 1320w, https:\/\/www.salzburgerland.com\/de\/magazin\/wp-content\/uploads\/2016\/04\/spurensucher5.jpg 1443w\" \/><img decoding=\"async\" alt=\"Ein \u00e4lterer Mann mit Hut hockt an einem Bach, in der Hand gr\u00fcne Pflanzen, umgeben von \u00fcppigem Gr\u00fcn.\" src=\"https:\/\/www.salzburgerland.com\/de\/magazin\/wp-content\/uploads\/2016\/04\/spurensucher5.jpg\" \/>\t<\/picture><\/a><\/figure><\/div><div class=\"col-6 col-sm-4\"><figure><a class=\"thumb-container\" href=\"https:\/\/www.salzburgerland.com\/de\/magazin\/wp-content\/uploads\/2016\/04\/spurensucher6-1280x1024.jpg\">\t<picture><source media=\"(min-width: 576px)\" srcset=\"https:\/\/www.salzburgerland.com\/de\/magazin\/wp-content\/uploads\/2016\/04\/spurensucher6-325x209.jpg 325w, https:\/\/www.salzburgerland.com\/de\/magazin\/wp-content\/uploads\/2016\/04\/spurensucher6-249x160.jpg 249w\" \/><source media=\"(min-width: 0)\" srcset=\"https:\/\/www.salzburgerland.com\/de\/magazin\/wp-content\/uploads\/2016\/04\/spurensucher6-249x160.jpg 249w, https:\/\/www.salzburgerland.com\/de\/magazin\/wp-content\/uploads\/2016\/04\/spurensucher6-325x209.jpg 325w\" \/><img decoding=\"async\" alt=\"Ein \u00e4lterer Mann in Outdoor-Kleidung untersucht das Moos auf einem gro\u00dfen Felsen in einem Wald.\" src=\"https:\/\/www.salzburgerland.com\/de\/magazin\/wp-content\/uploads\/2016\/04\/spurensucher6.jpg\" \/>\t<\/picture><\/a><\/figure><\/div><div class=\"col-6 col-sm-4\"><figure><a class=\"thumb-container\" href=\"https:\/\/www.salzburgerland.com\/de\/magazin\/wp-content\/uploads\/2016\/04\/rangernationalpark-1280x1024.jpg\">\t<picture><source media=\"(min-width: 576px)\" srcset=\"https:\/\/www.salzburgerland.com\/de\/magazin\/wp-content\/uploads\/2016\/04\/rangernationalpark-325x209.jpg 325w, https:\/\/www.salzburgerland.com\/de\/magazin\/wp-content\/uploads\/2016\/04\/rangernationalpark-249x160.jpg 249w\" \/><source media=\"(min-width: 0)\" srcset=\"https:\/\/www.salzburgerland.com\/de\/magazin\/wp-content\/uploads\/2016\/04\/rangernationalpark-249x160.jpg 249w, https:\/\/www.salzburgerland.com\/de\/magazin\/wp-content\/uploads\/2016\/04\/rangernationalpark-325x209.jpg 325w\" \/><img decoding=\"async\" alt=\"Ein Mann in Wanderkleidung steht an einem sonnigen Tag neben einem uralten, knorrigen Baum.\" src=\"https:\/\/www.salzburgerland.com\/de\/magazin\/wp-content\/uploads\/2016\/04\/rangernationalpark.jpg\" \/>\t<\/picture><\/a><\/figure><\/div><\/div><\/div><figcaption><\/figcaption>\n","protected":false},"excerpt":{"rendered":"<p>Spurensucher im SalzburgerLand: Wir haben uns auf den Weg gemacht,\u00a0um die Menschen im SalzburgerLand zu ihren Lieblingspl\u00e4tzen zu begleiten. Und haben erfahren: Es gibt viel zu entdecken. So wie im Nationalpark Hohe Tauern. Auf 1.856 Quadratkilometern erstreckt sich eines der gr\u00f6\u00dften Naturschutzgebiete der Alpen. Die Vielfalt der Landschaft sucht ihresgleichen: Vom glasklaren Bergsee \u00fcber meterhohe [&hellip;]<\/p>\n","protected":false},"author":482,"featured_media":105601,"comment_status":"open","ping_status":"open","sticky":false,"template":"","format":"standard","meta":{"_acf_changed":false,"wl_entities_gutenberg":"","_wl_entity_redirect_enabled":"","footnotes":""},"categories":[9],"tags":[240],"wl_entity_type":[306],"monatsauswahl":[82,83,84,85,86,87,88,89,90,91,92,93],"class_list":["post-105537","post","type-post","status-publish","format-standard","has-post-thumbnail","hentry","category-sehenswurdig","tag-nationalpark","wl_entity_type-article","monatsauswahl-monat_1","monatsauswahl-monat_2","monatsauswahl-monat_3","monatsauswahl-monat_4","monatsauswahl-monat_5","monatsauswahl-monat_6","monatsauswahl-monat_7","monatsauswahl-monat_8","monatsauswahl-monat_9","monatsauswahl-monat_10","monatsauswahl-monat_11","monatsauswahl-monat_12"],"acf":[],"yoast_head":"<!-- This site is optimized with the Yoast SEO Premium plugin v27.4 (Yoast SEO v27.4) - https:\/\/yoast.com\/product\/yoast-seo-premium-wordpress\/ -->\n<title>Mit den Rangern im Nationalpark Hohe Tauern - SalzburgerLand Magazin<\/title>\n<meta name=\"description\" content=\"Spurensucher im SalzburgerLand: Wir haben uns auf den Weg gemacht,\u00a0um die Menschen im SalzburgerLand zu ihren Lieblingspl\u00e4tzen zu begleiten. Und haben erfahren: Es gibt viel zu entdecken. So wie im Nationalpark Hohe Tauern. Auf 1.856 Quadratkilometern erstreckt sich eines der gr\u00f6\u00dften Naturschutzgebiete der Alpen. Die Vielfalt der Landschaft sucht ihresgleichen: Vom glasklaren Bergsee \u00fcber meterhohe [&hellip;]\" \/>\n<meta name=\"robots\" content=\"index, follow, max-snippet:-1, max-image-preview:large, max-video-preview:-1\" \/>\n<link rel=\"canonical\" href=\"https:\/\/www.salzburgerland.com\/de\/magazin\/mit-dem-ranger-im-nationalpark\/\" \/>\n<meta property=\"og:locale\" content=\"de_DE\" \/>\n<meta property=\"og:type\" content=\"article\" \/>\n<meta property=\"og:title\" content=\"Mit den Rangern im Nationalpark Hohe Tauern\" \/>\n<meta property=\"og:description\" content=\"Spurensucher im SalzburgerLand: Wir haben uns auf den Weg gemacht,\u00a0um die Menschen im SalzburgerLand zu ihren Lieblingspl\u00e4tzen zu begleiten. Und haben erfahren: Es gibt viel zu entdecken. So wie im Nationalpark Hohe Tauern. Auf 1.856 Quadratkilometern erstreckt sich eines der gr\u00f6\u00dften Naturschutzgebiete der Alpen. Die Vielfalt der Landschaft sucht ihresgleichen: Vom glasklaren Bergsee \u00fcber meterhohe [&hellip;]\" \/>\n<meta property=\"og:url\" content=\"https:\/\/www.salzburgerland.com\/de\/magazin\/mit-dem-ranger-im-nationalpark\/\" \/>\n<meta property=\"og:site_name\" content=\"SalzburgerLand Magazin\" \/>\n<meta property=\"article:publisher\" content=\"https:\/\/www.facebook.com\/salzburgerland\/\" \/>\n<meta property=\"article:published_time\" content=\"2016-04-13T08:35:06+00:00\" \/>\n<meta property=\"article:modified_time\" content=\"2018-02-02T07:54:08+00:00\" \/>\n<meta property=\"og:image\" content=\"https:\/\/www.salzburgerland.com\/de\/magazin\/wp-content\/uploads\/2016\/04\/spurensucher3.jpg\" \/>\n\t<meta property=\"og:image:width\" content=\"1600\" \/>\n\t<meta property=\"og:image:height\" content=\"933\" \/>\n\t<meta property=\"og:image:type\" content=\"image\/jpeg\" \/>\n<meta name=\"author\" content=\"Magdalena Lublasser-Fazal\" \/>\n<meta name=\"twitter:card\" content=\"summary_large_image\" \/>\n<meta name=\"twitter:creator\" content=\"@Salzburgerland\" \/>\n<meta name=\"twitter:site\" content=\"@Salzburgerland\" \/>\n<meta name=\"twitter:label1\" content=\"Verfasst von\" \/>\n\t<meta name=\"twitter:data1\" content=\"Magdalena Lublasser-Fazal\" \/>\n\t<meta name=\"twitter:label2\" content=\"Gesch\u00e4tzte Lesezeit\" \/>\n\t<meta name=\"twitter:data2\" content=\"2\u00a0Minuten\" \/>\n<script type=\"application\/ld+json\" class=\"yoast-schema-graph\">{\"@context\":\"https:\\\/\\\/schema.org\",\"@graph\":[{\"@type\":\"Article\",\"@id\":\"https:\\\/\\\/www.salzburgerland.com\\\/de\\\/magazin\\\/mit-dem-ranger-im-nationalpark\\\/#article\",\"isPartOf\":{\"@id\":\"https:\\\/\\\/www.salzburgerland.com\\\/de\\\/magazin\\\/mit-dem-ranger-im-nationalpark\\\/\"},\"author\":{\"name\":\"Magdalena Lublasser-Fazal\",\"@id\":\"https:\\\/\\\/www.salzburgerland.com\\\/de\\\/magazin\\\/#\\\/schema\\\/person\\\/f4e5670b6a3cc9fcea30e5908634464b\"},\"headline\":\"Mit den Rangern im Nationalpark Hohe Tauern\",\"datePublished\":\"2016-04-13T08:35:06+00:00\",\"dateModified\":\"2018-02-02T07:54:08+00:00\",\"mainEntityOfPage\":{\"@id\":\"https:\\\/\\\/www.salzburgerland.com\\\/de\\\/magazin\\\/mit-dem-ranger-im-nationalpark\\\/\"},\"wordCount\":429,\"commentCount\":0,\"publisher\":{\"@id\":\"https:\\\/\\\/www.salzburgerland.com\\\/de\\\/magazin\\\/#organization\"},\"image\":{\"@id\":\"https:\\\/\\\/www.salzburgerland.com\\\/de\\\/magazin\\\/mit-dem-ranger-im-nationalpark\\\/#primaryimage\"},\"thumbnailUrl\":\"https:\\\/\\\/www.salzburgerland.com\\\/de\\\/magazin\\\/wp-content\\\/uploads\\\/2016\\\/04\\\/spurensucher3.jpg\",\"keywords\":[\"nationalpark\"],\"articleSection\":[\"Sehensw\u00fcrdig\"],\"inLanguage\":\"de\",\"potentialAction\":[{\"@type\":\"CommentAction\",\"name\":\"Comment\",\"target\":[\"https:\\\/\\\/www.salzburgerland.com\\\/de\\\/magazin\\\/mit-dem-ranger-im-nationalpark\\\/#respond\"]}]},{\"@type\":\"WebPage\",\"@id\":\"https:\\\/\\\/www.salzburgerland.com\\\/de\\\/magazin\\\/mit-dem-ranger-im-nationalpark\\\/\",\"url\":\"https:\\\/\\\/www.salzburgerland.com\\\/de\\\/magazin\\\/mit-dem-ranger-im-nationalpark\\\/\",\"name\":\"Mit den Rangern im Nationalpark Hohe Tauern - SalzburgerLand Magazin\",\"isPartOf\":{\"@id\":\"https:\\\/\\\/www.salzburgerland.com\\\/de\\\/magazin\\\/#website\"},\"primaryImageOfPage\":{\"@id\":\"https:\\\/\\\/www.salzburgerland.com\\\/de\\\/magazin\\\/mit-dem-ranger-im-nationalpark\\\/#primaryimage\"},\"image\":{\"@id\":\"https:\\\/\\\/www.salzburgerland.com\\\/de\\\/magazin\\\/mit-dem-ranger-im-nationalpark\\\/#primaryimage\"},\"thumbnailUrl\":\"https:\\\/\\\/www.salzburgerland.com\\\/de\\\/magazin\\\/wp-content\\\/uploads\\\/2016\\\/04\\\/spurensucher3.jpg\",\"datePublished\":\"2016-04-13T08:35:06+00:00\",\"dateModified\":\"2018-02-02T07:54:08+00:00\",\"breadcrumb\":{\"@id\":\"https:\\\/\\\/www.salzburgerland.com\\\/de\\\/magazin\\\/mit-dem-ranger-im-nationalpark\\\/#breadcrumb\"},\"inLanguage\":\"de\",\"potentialAction\":[{\"@type\":\"ReadAction\",\"target\":[\"https:\\\/\\\/www.salzburgerland.com\\\/de\\\/magazin\\\/mit-dem-ranger-im-nationalpark\\\/\"]}]},{\"@type\":\"ImageObject\",\"inLanguage\":\"de\",\"@id\":\"https:\\\/\\\/www.salzburgerland.com\\\/de\\\/magazin\\\/mit-dem-ranger-im-nationalpark\\\/#primaryimage\",\"url\":\"https:\\\/\\\/www.salzburgerland.com\\\/de\\\/magazin\\\/wp-content\\\/uploads\\\/2016\\\/04\\\/spurensucher3.jpg\",\"contentUrl\":\"https:\\\/\\\/www.salzburgerland.com\\\/de\\\/magazin\\\/wp-content\\\/uploads\\\/2016\\\/04\\\/spurensucher3.jpg\",\"width\":1600,\"height\":933,\"caption\":\"Das Hollersbachtal\"},{\"@type\":\"BreadcrumbList\",\"@id\":\"https:\\\/\\\/www.salzburgerland.com\\\/de\\\/magazin\\\/mit-dem-ranger-im-nationalpark\\\/#breadcrumb\",\"itemListElement\":[{\"@type\":\"ListItem\",\"position\":1,\"name\":\"Startseite\",\"item\":\"https:\\\/\\\/www.salzburgerland.com\\\/de\\\/magazin\\\/\"},{\"@type\":\"ListItem\",\"position\":2,\"name\":\"Sehensw\u00fcrdig\",\"item\":\"https:\\\/\\\/www.salzburgerland.com\\\/de\\\/magazin\\\/thema\\\/sehenswurdig\\\/\"},{\"@type\":\"ListItem\",\"position\":3,\"name\":\"Mit den Rangern im Nationalpark Hohe Tauern\"}]},{\"@type\":\"WebSite\",\"@id\":\"https:\\\/\\\/www.salzburgerland.com\\\/de\\\/magazin\\\/#website\",\"url\":\"https:\\\/\\\/www.salzburgerland.com\\\/de\\\/magazin\\\/\",\"name\":\"SalzburgerLand Magazin\",\"description\":\"Geschichten und Interessantes aus dem SalzburgerLand\",\"publisher\":{\"@id\":\"https:\\\/\\\/www.salzburgerland.com\\\/de\\\/magazin\\\/#organization\"},\"potentialAction\":[{\"@type\":\"SearchAction\",\"target\":{\"@type\":\"EntryPoint\",\"urlTemplate\":\"https:\\\/\\\/www.salzburgerland.com\\\/de\\\/magazin\\\/?s={search_term_string}\"},\"query-input\":{\"@type\":\"PropertyValueSpecification\",\"valueRequired\":true,\"valueName\":\"search_term_string\"}}],\"inLanguage\":\"de\"},{\"@type\":\"Organization\",\"@id\":\"https:\\\/\\\/www.salzburgerland.com\\\/de\\\/magazin\\\/#organization\",\"name\":\"SalzburgerLand Tourismus\",\"url\":\"https:\\\/\\\/www.salzburgerland.com\\\/de\\\/magazin\\\/\",\"logo\":{\"@type\":\"ImageObject\",\"inLanguage\":\"de\",\"@id\":\"https:\\\/\\\/www.salzburgerland.com\\\/de\\\/magazin\\\/#\\\/schema\\\/logo\\\/image\\\/\",\"url\":\"https:\\\/\\\/www.salzburgerland.com\\\/de\\\/magazin\\\/wp-content\\\/uploads\\\/2019\\\/06\\\/salzburgerland-logo1.jpg\",\"contentUrl\":\"https:\\\/\\\/www.salzburgerland.com\\\/de\\\/magazin\\\/wp-content\\\/uploads\\\/2019\\\/06\\\/salzburgerland-logo1.jpg\",\"width\":2011,\"height\":866,\"caption\":\"SalzburgerLand Tourismus\"},\"image\":{\"@id\":\"https:\\\/\\\/www.salzburgerland.com\\\/de\\\/magazin\\\/#\\\/schema\\\/logo\\\/image\\\/\"},\"sameAs\":[\"https:\\\/\\\/www.facebook.com\\\/salzburgerland\\\/\",\"https:\\\/\\\/x.com\\\/Salzburgerland\",\"https:\\\/\\\/www.instagram.com\\\/salzburgerland\\\/\",\"https:\\\/\\\/at.linkedin.com\\\/company\\\/salzburgerland-tourismus-gmbh\",\"https:\\\/\\\/www.pinterest.at\\\/salzburgerland\\\/\",\"https:\\\/\\\/www.youtube.com\\\/user\\\/salzburgerland\",\"https:\\\/\\\/de.wikipedia.org\\\/wiki\\\/SalzburgerLand_Tourismus_GmbH\"]},{\"@type\":\"Person\",\"@id\":\"https:\\\/\\\/www.salzburgerland.com\\\/de\\\/magazin\\\/#\\\/schema\\\/person\\\/f4e5670b6a3cc9fcea30e5908634464b\",\"name\":\"Magdalena Lublasser-Fazal\",\"description\":\"Geboren im sch\u00f6nen Pinzgau, aufgewachsen in der kulturtr\u00e4chtigen Salzburger Altstadt und sesshaft geworden im Flachgau ist Magdalena Fazal-Ahmad ein Salzburgerin mit Leib und Seele. Dabei ist es die einzigartige Mischung, die f\u00fcr sie die Faszination ihrer Heimat ausmacht. An einem fr\u00fchen Fr\u00fchlingsmorgen den Sonnenaufgang hinter den Berggipfeln erleben, mit dem Fahrrad durch die Altstadt radeln und dabei Geschichte und Architektur bewundern und den Nachmittagskaffee auf der Sonnenterasse am M\u00f6nchsberg genie\u00dfen - so sieht ihr perfekter Tag aus. Wenn der Abend dann noch mit einem Sonnenuntergang am Gaisberg ausklingt, ist die Idylle perfekt.\u00a0 In Ihrer Freizeit besch\u00e4ftigt sie sich gerne mit Sport, Kultur, Kulinarik und Tradition. Und gl\u00fccklicherweise kann sie diese Interessen in ihrer Berufung als Freie Journalistin so sch\u00f6n vereinen. Fr\u00fchling, Sommer, Herbst oder Winter? Jede Jahreszeit hat ihre sch\u00f6nen Seiten und gerade diese Vielfalt ist es, die mir bestimmt abgehen w\u00fcrde, wenn ich in einer anderen Klimazone wohnen w\u00fcrde. Meine Mama sagt immer, das man die Jahreszeit am liebsten mag, in der man geboren ist. Und als M\u00e4rz-Kind hab ich den Fr\u00fchling schon besonders gerne. Morgen- oder Abendmensch? Definitiv Morgenmensch! Nichts ist sch\u00f6ner, als das Gef\u00fchl bereits vor Sonnenaufgang unterwegs zu sein und die einzigartige Stimmung beim Morgenlauf zu genie\u00dfen. So kann der Tag nur gut werden. Den Abend lasse ich am liebsten gem\u00fctlich bei einer Tasse Tee ausklingen. Salzburger Nockerl oder Schwarzbeernocken? Auch wenn der s\u00fc\u00dfe Eischnee f\u00fcr die imposanten Gipfel der Salzburger Berge steht sind mir die Schwarzbeernocken schon lieber - weniger s\u00fc\u00df und daf\u00fcr umso fruchtiger. Am besten schmecken sie nat\u00fcrlich mit selbstgepfl\u00fcckten Schwoazbeern von der morgendlichen Almwanderung. Haubenlokal oder Ab-Hof-Laden? So ein f\u00fcnf G\u00e4nge Men\u00fc mit ausgefallenen Kreationen ist schon ein besonderes Erlebnis und ein Mal im Jahr freue ich mich \u00fcber einen Ausflug in die Haute Cuisine. Der w\u00f6chentlichen Einkauf beim Bauern ums Eck ist ein fixer Bestandteil meines Alltags. Mountainbike oder Rennrad? Je nach Stimmung: Zum richtigen Auspowern und Wadlst\u00e4hlen geht`s mit dem Mountainbike \u00fcber Stock und Stein auf den Gaisberg, um den Kopf frei zu machen wird mit dem Rennrad eine Runde durchs Salzburger Seengebiet gedreht. &nbsp; &nbsp; &nbsp; &nbsp;\",\"url\":\"https:\\\/\\\/www.salzburgerland.com\\\/de\\\/magazin\\\/author\\\/magdalena-lublasser-fazal\\\/\"}]}<\/script>\n<meta property=\"og:video\" content=\"https:\/\/www.youtube.com\/embed\/v5DszOTbr0c\" \/>\n<meta property=\"og:video:type\" content=\"text\/html\" \/>\n<meta property=\"og:video:duration\" content=\"95\" \/>\n<meta property=\"og:video:width\" content=\"480\" \/>\n<meta property=\"og:video:height\" content=\"270\" \/>\n<meta property=\"ya:ovs:adult\" content=\"false\" \/>\n<meta property=\"ya:ovs:upload_date\" content=\"2016-04-13T08:35:06+00:00\" \/>\n<meta property=\"ya:ovs:allow_embed\" content=\"true\" \/>\n<!-- \/ Yoast SEO Premium plugin. -->","yoast_head_json":{"title":"Mit den Rangern im Nationalpark Hohe Tauern - SalzburgerLand Magazin","description":"Spurensucher im SalzburgerLand: Wir haben uns auf den Weg gemacht,\u00a0um die Menschen im SalzburgerLand zu ihren Lieblingspl\u00e4tzen zu begleiten. Und haben erfahren: Es gibt viel zu entdecken. So wie im Nationalpark Hohe Tauern. Auf 1.856 Quadratkilometern erstreckt sich eines der gr\u00f6\u00dften Naturschutzgebiete der Alpen. Die Vielfalt der Landschaft sucht ihresgleichen: Vom glasklaren Bergsee \u00fcber meterhohe [&hellip;]","robots":{"index":"index","follow":"follow","max-snippet":"max-snippet:-1","max-image-preview":"max-image-preview:large","max-video-preview":"max-video-preview:-1"},"canonical":"https:\/\/www.salzburgerland.com\/de\/magazin\/mit-dem-ranger-im-nationalpark\/","og_locale":"de_DE","og_type":"article","og_title":"Mit den Rangern im Nationalpark Hohe Tauern","og_description":"Spurensucher im SalzburgerLand: Wir haben uns auf den Weg gemacht,\u00a0um die Menschen im SalzburgerLand zu ihren Lieblingspl\u00e4tzen zu begleiten. Und haben erfahren: Es gibt viel zu entdecken. So wie im Nationalpark Hohe Tauern. Auf 1.856 Quadratkilometern erstreckt sich eines der gr\u00f6\u00dften Naturschutzgebiete der Alpen. Die Vielfalt der Landschaft sucht ihresgleichen: Vom glasklaren Bergsee \u00fcber meterhohe [&hellip;]","og_url":"https:\/\/www.salzburgerland.com\/de\/magazin\/mit-dem-ranger-im-nationalpark\/","og_site_name":"SalzburgerLand Magazin","article_publisher":"https:\/\/www.facebook.com\/salzburgerland\/","article_published_time":"2016-04-13T08:35:06+00:00","article_modified_time":"2018-02-02T07:54:08+00:00","og_image":[{"width":1600,"height":933,"url":"https:\/\/www.salzburgerland.com\/de\/magazin\/wp-content\/uploads\/2016\/04\/spurensucher3.jpg","type":"image\/jpeg"}],"author":"Magdalena Lublasser-Fazal","twitter_card":"summary_large_image","twitter_creator":"@Salzburgerland","twitter_site":"@Salzburgerland","twitter_misc":{"Verfasst von":"Magdalena Lublasser-Fazal","Gesch\u00e4tzte Lesezeit":"2\u00a0Minuten"},"schema":{"@context":"https:\/\/schema.org","@graph":[{"@type":"Article","@id":"https:\/\/www.salzburgerland.com\/de\/magazin\/mit-dem-ranger-im-nationalpark\/#article","isPartOf":{"@id":"https:\/\/www.salzburgerland.com\/de\/magazin\/mit-dem-ranger-im-nationalpark\/"},"author":{"name":"Magdalena Lublasser-Fazal","@id":"https:\/\/www.salzburgerland.com\/de\/magazin\/#\/schema\/person\/f4e5670b6a3cc9fcea30e5908634464b"},"headline":"Mit den Rangern im Nationalpark Hohe Tauern","datePublished":"2016-04-13T08:35:06+00:00","dateModified":"2018-02-02T07:54:08+00:00","mainEntityOfPage":{"@id":"https:\/\/www.salzburgerland.com\/de\/magazin\/mit-dem-ranger-im-nationalpark\/"},"wordCount":429,"commentCount":0,"publisher":{"@id":"https:\/\/www.salzburgerland.com\/de\/magazin\/#organization"},"image":{"@id":"https:\/\/www.salzburgerland.com\/de\/magazin\/mit-dem-ranger-im-nationalpark\/#primaryimage"},"thumbnailUrl":"https:\/\/www.salzburgerland.com\/de\/magazin\/wp-content\/uploads\/2016\/04\/spurensucher3.jpg","keywords":["nationalpark"],"articleSection":["Sehensw\u00fcrdig"],"inLanguage":"de","potentialAction":[{"@type":"CommentAction","name":"Comment","target":["https:\/\/www.salzburgerland.com\/de\/magazin\/mit-dem-ranger-im-nationalpark\/#respond"]}]},{"@type":"WebPage","@id":"https:\/\/www.salzburgerland.com\/de\/magazin\/mit-dem-ranger-im-nationalpark\/","url":"https:\/\/www.salzburgerland.com\/de\/magazin\/mit-dem-ranger-im-nationalpark\/","name":"Mit den Rangern im Nationalpark Hohe Tauern - SalzburgerLand Magazin","isPartOf":{"@id":"https:\/\/www.salzburgerland.com\/de\/magazin\/#website"},"primaryImageOfPage":{"@id":"https:\/\/www.salzburgerland.com\/de\/magazin\/mit-dem-ranger-im-nationalpark\/#primaryimage"},"image":{"@id":"https:\/\/www.salzburgerland.com\/de\/magazin\/mit-dem-ranger-im-nationalpark\/#primaryimage"},"thumbnailUrl":"https:\/\/www.salzburgerland.com\/de\/magazin\/wp-content\/uploads\/2016\/04\/spurensucher3.jpg","datePublished":"2016-04-13T08:35:06+00:00","dateModified":"2018-02-02T07:54:08+00:00","breadcrumb":{"@id":"https:\/\/www.salzburgerland.com\/de\/magazin\/mit-dem-ranger-im-nationalpark\/#breadcrumb"},"inLanguage":"de","potentialAction":[{"@type":"ReadAction","target":["https:\/\/www.salzburgerland.com\/de\/magazin\/mit-dem-ranger-im-nationalpark\/"]}]},{"@type":"ImageObject","inLanguage":"de","@id":"https:\/\/www.salzburgerland.com\/de\/magazin\/mit-dem-ranger-im-nationalpark\/#primaryimage","url":"https:\/\/www.salzburgerland.com\/de\/magazin\/wp-content\/uploads\/2016\/04\/spurensucher3.jpg","contentUrl":"https:\/\/www.salzburgerland.com\/de\/magazin\/wp-content\/uploads\/2016\/04\/spurensucher3.jpg","width":1600,"height":933,"caption":"Das Hollersbachtal"},{"@type":"BreadcrumbList","@id":"https:\/\/www.salzburgerland.com\/de\/magazin\/mit-dem-ranger-im-nationalpark\/#breadcrumb","itemListElement":[{"@type":"ListItem","position":1,"name":"Startseite","item":"https:\/\/www.salzburgerland.com\/de\/magazin\/"},{"@type":"ListItem","position":2,"name":"Sehensw\u00fcrdig","item":"https:\/\/www.salzburgerland.com\/de\/magazin\/thema\/sehenswurdig\/"},{"@type":"ListItem","position":3,"name":"Mit den Rangern im Nationalpark Hohe Tauern"}]},{"@type":"WebSite","@id":"https:\/\/www.salzburgerland.com\/de\/magazin\/#website","url":"https:\/\/www.salzburgerland.com\/de\/magazin\/","name":"SalzburgerLand Magazin","description":"Geschichten und Interessantes aus dem SalzburgerLand","publisher":{"@id":"https:\/\/www.salzburgerland.com\/de\/magazin\/#organization"},"potentialAction":[{"@type":"SearchAction","target":{"@type":"EntryPoint","urlTemplate":"https:\/\/www.salzburgerland.com\/de\/magazin\/?s={search_term_string}"},"query-input":{"@type":"PropertyValueSpecification","valueRequired":true,"valueName":"search_term_string"}}],"inLanguage":"de"},{"@type":"Organization","@id":"https:\/\/www.salzburgerland.com\/de\/magazin\/#organization","name":"SalzburgerLand Tourismus","url":"https:\/\/www.salzburgerland.com\/de\/magazin\/","logo":{"@type":"ImageObject","inLanguage":"de","@id":"https:\/\/www.salzburgerland.com\/de\/magazin\/#\/schema\/logo\/image\/","url":"https:\/\/www.salzburgerland.com\/de\/magazin\/wp-content\/uploads\/2019\/06\/salzburgerland-logo1.jpg","contentUrl":"https:\/\/www.salzburgerland.com\/de\/magazin\/wp-content\/uploads\/2019\/06\/salzburgerland-logo1.jpg","width":2011,"height":866,"caption":"SalzburgerLand Tourismus"},"image":{"@id":"https:\/\/www.salzburgerland.com\/de\/magazin\/#\/schema\/logo\/image\/"},"sameAs":["https:\/\/www.facebook.com\/salzburgerland\/","https:\/\/x.com\/Salzburgerland","https:\/\/www.instagram.com\/salzburgerland\/","https:\/\/at.linkedin.com\/company\/salzburgerland-tourismus-gmbh","https:\/\/www.pinterest.at\/salzburgerland\/","https:\/\/www.youtube.com\/user\/salzburgerland","https:\/\/de.wikipedia.org\/wiki\/SalzburgerLand_Tourismus_GmbH"]},{"@type":"Person","@id":"https:\/\/www.salzburgerland.com\/de\/magazin\/#\/schema\/person\/f4e5670b6a3cc9fcea30e5908634464b","name":"Magdalena Lublasser-Fazal","description":"Geboren im sch\u00f6nen Pinzgau, aufgewachsen in der kulturtr\u00e4chtigen Salzburger Altstadt und sesshaft geworden im Flachgau ist Magdalena Fazal-Ahmad ein Salzburgerin mit Leib und Seele. Dabei ist es die einzigartige Mischung, die f\u00fcr sie die Faszination ihrer Heimat ausmacht. An einem fr\u00fchen Fr\u00fchlingsmorgen den Sonnenaufgang hinter den Berggipfeln erleben, mit dem Fahrrad durch die Altstadt radeln und dabei Geschichte und Architektur bewundern und den Nachmittagskaffee auf der Sonnenterasse am M\u00f6nchsberg genie\u00dfen - so sieht ihr perfekter Tag aus. Wenn der Abend dann noch mit einem Sonnenuntergang am Gaisberg ausklingt, ist die Idylle perfekt.\u00a0 In Ihrer Freizeit besch\u00e4ftigt sie sich gerne mit Sport, Kultur, Kulinarik und Tradition. Und gl\u00fccklicherweise kann sie diese Interessen in ihrer Berufung als Freie Journalistin so sch\u00f6n vereinen. Fr\u00fchling, Sommer, Herbst oder Winter? Jede Jahreszeit hat ihre sch\u00f6nen Seiten und gerade diese Vielfalt ist es, die mir bestimmt abgehen w\u00fcrde, wenn ich in einer anderen Klimazone wohnen w\u00fcrde. Meine Mama sagt immer, das man die Jahreszeit am liebsten mag, in der man geboren ist. Und als M\u00e4rz-Kind hab ich den Fr\u00fchling schon besonders gerne. Morgen- oder Abendmensch? Definitiv Morgenmensch! Nichts ist sch\u00f6ner, als das Gef\u00fchl bereits vor Sonnenaufgang unterwegs zu sein und die einzigartige Stimmung beim Morgenlauf zu genie\u00dfen. So kann der Tag nur gut werden. Den Abend lasse ich am liebsten gem\u00fctlich bei einer Tasse Tee ausklingen. Salzburger Nockerl oder Schwarzbeernocken? Auch wenn der s\u00fc\u00dfe Eischnee f\u00fcr die imposanten Gipfel der Salzburger Berge steht sind mir die Schwarzbeernocken schon lieber - weniger s\u00fc\u00df und daf\u00fcr umso fruchtiger. Am besten schmecken sie nat\u00fcrlich mit selbstgepfl\u00fcckten Schwoazbeern von der morgendlichen Almwanderung. Haubenlokal oder Ab-Hof-Laden? So ein f\u00fcnf G\u00e4nge Men\u00fc mit ausgefallenen Kreationen ist schon ein besonderes Erlebnis und ein Mal im Jahr freue ich mich \u00fcber einen Ausflug in die Haute Cuisine. Der w\u00f6chentlichen Einkauf beim Bauern ums Eck ist ein fixer Bestandteil meines Alltags. Mountainbike oder Rennrad? Je nach Stimmung: Zum richtigen Auspowern und Wadlst\u00e4hlen geht`s mit dem Mountainbike \u00fcber Stock und Stein auf den Gaisberg, um den Kopf frei zu machen wird mit dem Rennrad eine Runde durchs Salzburger Seengebiet gedreht. &nbsp; &nbsp; &nbsp; &nbsp;","url":"https:\/\/www.salzburgerland.com\/de\/magazin\/author\/magdalena-lublasser-fazal\/"}]},"og_video":"https:\/\/www.youtube.com\/embed\/v5DszOTbr0c","og_video_type":"text\/html","og_video_duration":"95","og_video_width":"480","og_video_height":"270","ya_ovs_adult":"false","ya_ovs_upload_date":"2016-04-13T08:35:06+00:00","ya_ovs_allow_embed":"true"},"_wl_alt_label":[],"wl:entity_url":"http:\/\/open.salzburgerland.com\/magazin\/post\/mit_den_rangern_im_nationalpark_hohe_tauern","_links":{"self":[{"href":"https:\/\/www.salzburgerland.com\/de\/magazin\/wp-json\/wp\/v2\/posts\/105537","targetHints":{"allow":["GET"]}}],"collection":[{"href":"https:\/\/www.salzburgerland.com\/de\/magazin\/wp-json\/wp\/v2\/posts"}],"about":[{"href":"https:\/\/www.salzburgerland.com\/de\/magazin\/wp-json\/wp\/v2\/types\/post"}],"author":[{"embeddable":true,"href":"https:\/\/www.salzburgerland.com\/de\/magazin\/wp-json\/wp\/v2\/users\/482"}],"replies":[{"embeddable":true,"href":"https:\/\/www.salzburgerland.com\/de\/magazin\/wp-json\/wp\/v2\/comments?post=105537"}],"version-history":[{"count":0,"href":"https:\/\/www.salzburgerland.com\/de\/magazin\/wp-json\/wp\/v2\/posts\/105537\/revisions"}],"wp:featuredmedia":[{"embeddable":true,"href":"https:\/\/www.salzburgerland.com\/de\/magazin\/wp-json\/wp\/v2\/media\/105601"}],"wp:attachment":[{"href":"https:\/\/www.salzburgerland.com\/de\/magazin\/wp-json\/wp\/v2\/media?parent=105537"}],"wp:term":[{"taxonomy":"category","embeddable":true,"href":"https:\/\/www.salzburgerland.com\/de\/magazin\/wp-json\/wp\/v2\/categories?post=105537"},{"taxonomy":"post_tag","embeddable":true,"href":"https:\/\/www.salzburgerland.com\/de\/magazin\/wp-json\/wp\/v2\/tags?post=105537"},{"taxonomy":"wl_entity_type","embeddable":true,"href":"https:\/\/www.salzburgerland.com\/de\/magazin\/wp-json\/wp\/v2\/wl_entity_type?post=105537"},{"taxonomy":"monatsauswahl","embeddable":true,"href":"https:\/\/www.salzburgerland.com\/de\/magazin\/wp-json\/wp\/v2\/monatsauswahl?post=105537"}],"curies":[{"name":"wp","href":"https:\/\/api.w.org\/{rel}","templated":true}]}}