{"id":105297,"date":"2016-03-29T21:37:21","date_gmt":"2016-03-29T19:37:21","guid":{"rendered":"http:\/\/magazin.salzburgerland.com\/?p=105297"},"modified":"2021-03-08T09:46:24","modified_gmt":"2021-03-08T08:46:24","slug":"die-wetterwarte-am-sonnblick","status":"publish","type":"post","link":"https:\/\/www.salzburgerland.com\/de\/magazin\/die-wetterwarte-am-sonnblick\/","title":{"rendered":"Die Wetterwarte am Sonnblick"},"content":{"rendered":"\n<h2 class=\"wp-block-slt-subtitle\">Salzburgs h\u00f6chst gelegner Arbeitsplatz<\/h2>\n\n\n\n<p class=\"wp-block-slt-intro\">Skitourengeher und Wanderer kennen den 3.106 hohen Sonnblick als einen der sch\u00f6nsten Gipfel im SalzburgerLand. Der Gipfel ist aber nicht nur ein Ziel f\u00fcr Berggeher, sondern auch Salzburgs h\u00f6chst gelegener Arbeitsplatz. <\/p>\n\n\n\n<p>Am 2. September 1886 wurde das <a href=\"http:\/\/www.sonnblick.net\" target=\"_blank\" rel=\"noopener\">Sonnblick Observatorium<\/a> er\u00f6ffnet. Die Meteorologen Julius von Hann und Ignaz Rojacher waren damals die gro\u00dfen Unterst\u00fctzer der Initiative zum Bau des Observatoriums. Heute noch &#8211; 135 Jahre sp\u00e4ter &#8211;  ist es das h\u00f6chstgelegene ganzj\u00e4hrig betriebene Observatorium der Welt. Es wird von der<a href=\"https:\/\/www.zamg.ac.at\/cms\/de\/aktuell\" target=\"_blank\" rel=\"noopener\"> Zentralanstalt f\u00fcr Meteorologie und Geodynamik (ZAMG)<\/a> gemeinsam mit dem Sonnblick-Verein im <a href=\"http:\/\/www.hohetauern.at\" target=\"_blank\" rel=\"noopener\">Nationalpark Hohe Tauern <\/a>betrieben und liefert durch die ganzj\u00e4hrige Besetzung vollst\u00e4ndige Daten vieler Jahre, die f\u00fcr die Klimaforschung bedeutend sind. Somit kann das Observatorium die l\u00e4ngste ununterbrochene Klimazeitreihe f\u00fcr das Hochgebirge abbilden.<\/p>\n\n\n\n<figure class=\"wp-block-image size-large\"><img loading=\"lazy\" decoding=\"async\" width=\"1500\" height=\"1024\" src=\"https:\/\/www.salzburgerland.com\/de\/magazin\/wp-content\/uploads\/2016\/02\/Sonnblick-Wetterwarte-alt.jpg\" alt=\"Eine H\u00fctte liegt auf einem felsigen, schneebedeckten Berggipfel unter einem wolkenverhangenen Himmel.\" class=\"wp-image-104741\" srcset=\"https:\/\/www.salzburgerland.com\/de\/magazin\/wp-content\/uploads\/2016\/02\/Sonnblick-Wetterwarte-alt.jpg 1500w, https:\/\/www.salzburgerland.com\/de\/magazin\/wp-content\/uploads\/2016\/02\/Sonnblick-Wetterwarte-alt-300x205.jpg 300w, https:\/\/www.salzburgerland.com\/de\/magazin\/wp-content\/uploads\/2016\/02\/Sonnblick-Wetterwarte-alt-806x550.jpg 806w, https:\/\/www.salzburgerland.com\/de\/magazin\/wp-content\/uploads\/2016\/02\/Sonnblick-Wetterwarte-alt-586x400.jpg 586w, https:\/\/www.salzburgerland.com\/de\/magazin\/wp-content\/uploads\/2016\/02\/Sonnblick-Wetterwarte-alt-1320x901.jpg 1320w\" sizes=\"auto, (max-width: 1500px) 100vw, 1500px\" \/><figcaption>Alte Ansicht der Sonnblick Wetterwarte<\/figcaption><\/figure>\n\n\n\n<h2 class=\"wp-block-heading\" id=\"h-einmaliger-arbeitsplatz-raue-bedingungen\">Einmaliger Arbeitsplatz, raue Bedingungen<\/h2>\n\n\n\n<p>Der Hohe Sonnblick mit dem Observatorium liegt in der Kernzone des Nationalparks Hohe Tauern. Der Gipfel ist nur zu Fu\u00df,&nbsp; im Winter mit Tourenskiern zu erreichen. Der Aufstieg dauert zirka f\u00fcnf Stunden und ist nur f\u00fcr erfahrene Alpinisten zu empfehlen. Mitarbeiter des Observatoriums k\u00f6nnen bei guter Witterung auch mit der Materialseilbahn hinauf zum Gipfel fahren. Die Arbeitsbedingungen im Observatorium sind rau. Eine Schicht dauert 15 Tage, dann sind jeweils zwei Mann vor Ort, um die Wetterwerte zu messen. \u00dcber 11 Monate herrschen dort oben winterlichen Bedingungen, dass an 350 Tagen im Jahr geheuzt werden muss, sagt schon alles aus.  <\/p>\n\n\n\n<figure class=\"wp-block-image size-large\"><img loading=\"lazy\" decoding=\"async\" width=\"1600\" height=\"1200\" src=\"https:\/\/www.salzburgerland.com\/de\/magazin\/wp-content\/uploads\/2016\/02\/Sonnblick.jpg\" alt=\"Schneebedeckte Geb\u00e4ude und Fernmeldet\u00fcrme auf einem Berggipfel, umgeben von schneebedeckten Bergen unter einem klaren Himmel.\" class=\"wp-image-104743\" srcset=\"https:\/\/www.salzburgerland.com\/de\/magazin\/wp-content\/uploads\/2016\/02\/Sonnblick.jpg 1600w, https:\/\/www.salzburgerland.com\/de\/magazin\/wp-content\/uploads\/2016\/02\/Sonnblick-300x225.jpg 300w, https:\/\/www.salzburgerland.com\/de\/magazin\/wp-content\/uploads\/2016\/02\/Sonnblick-733x550.jpg 733w, https:\/\/www.salzburgerland.com\/de\/magazin\/wp-content\/uploads\/2016\/02\/Sonnblick-140x105.jpg 140w, https:\/\/www.salzburgerland.com\/de\/magazin\/wp-content\/uploads\/2016\/02\/Sonnblick-533x400.jpg 533w, https:\/\/www.salzburgerland.com\/de\/magazin\/wp-content\/uploads\/2016\/02\/Sonnblick-960x720.jpg 960w, https:\/\/www.salzburgerland.com\/de\/magazin\/wp-content\/uploads\/2016\/02\/Sonnblick-1320x990.jpg 1320w, https:\/\/www.salzburgerland.com\/de\/magazin\/wp-content\/uploads\/2016\/02\/Sonnblick-1200x900.jpg 1200w\" sizes=\"auto, (max-width: 1600px) 100vw, 1600px\" \/><figcaption>Das tief verschneite Sonnblick Observatorium<\/figcaption><\/figure>\n\n\n\n<p>Vom Wetter h\u00e4ngt oftmals auch der Schichtwechsel ab, denn nur bei guten Bedingungen k\u00f6nnen die Mitarbeiter hinauf zum Gipfel und wieder hinunter ins Tal fahren. Seit dem 2. September 1886 war das Observatorium nur an drei Tagen im November 1918 nicht besetzt.<\/p>\n\n\n\n<p>Seit den Anf\u00e4ngen des Observatoriums hat sich nat\u00fcrlich auch einiges ge\u00e4ndert und man hat Geld in die Modernisierung gesteckt. So wurde 1986 der Neubau des Observatoriums fertig gestellt, acht Jahre sp\u00e4ter wurde die Talstation neu errichtet. Und unerm\u00fcdlich sind die Meterologen inmitten von Eis und Schnee am Sammeln von Daten.<\/p>\n\n\n<div class=\"mag-gallery\"><div class=\"row\"><div class=\"col-6 col-sm-4\"><figure><a class=\"thumb-container\" href=\"https:\/\/www.salzburgerland.com\/de\/magazin\/wp-content\/uploads\/2016\/03\/xxx_Sonnblick-36-1280x1024.jpg\">\t<picture><source media=\"(min-width: 576px)\" srcset=\"https:\/\/www.salzburgerland.com\/de\/magazin\/wp-content\/uploads\/2016\/03\/xxx_Sonnblick-36-325x209.jpg 325w, https:\/\/www.salzburgerland.com\/de\/magazin\/wp-content\/uploads\/2016\/03\/xxx_Sonnblick-36-249x160.jpg 249w\"><\/source><source media=\"(min-width: 0)\" srcset=\"https:\/\/www.salzburgerland.com\/de\/magazin\/wp-content\/uploads\/2016\/03\/xxx_Sonnblick-36-249x160.jpg 249w, https:\/\/www.salzburgerland.com\/de\/magazin\/wp-content\/uploads\/2016\/03\/xxx_Sonnblick-36-325x209.jpg 325w\"><\/source><img decoding=\"async\" alt=\"Von einer verschneiten Aussichtsplattform in den Bergen &uuml;berblickt man ein Tal und schroffe, schneebedeckte Berggipfel.\" src=\"https:\/\/www.salzburgerland.com\/de\/magazin\/wp-content\/uploads\/2016\/03\/xxx_Sonnblick-36.jpg\">\t<\/picture><\/a><\/figure><\/div><div class=\"col-6 col-sm-4\"><figure><a class=\"thumb-container\" href=\"https:\/\/www.salzburgerland.com\/de\/magazin\/wp-content\/uploads\/2016\/03\/xxx_image202-1280x1024.jpg\">\t<picture><source media=\"(min-width: 576px)\" srcset=\"https:\/\/www.salzburgerland.com\/de\/magazin\/wp-content\/uploads\/2016\/03\/xxx_image202-325x209.jpg 325w, https:\/\/www.salzburgerland.com\/de\/magazin\/wp-content\/uploads\/2016\/03\/xxx_image202-249x160.jpg 249w\"><\/source><source media=\"(min-width: 0)\" srcset=\"https:\/\/www.salzburgerland.com\/de\/magazin\/wp-content\/uploads\/2016\/03\/xxx_image202-249x160.jpg 249w, https:\/\/www.salzburgerland.com\/de\/magazin\/wp-content\/uploads\/2016\/03\/xxx_image202-325x209.jpg 325w\"><\/source><img decoding=\"async\" alt=\"Ein verschneiter Berggipfel mit Geb&auml;uden und T&uuml;rmen, umgeben von Wolken und fernen alpinen Bergen.\" src=\"https:\/\/www.salzburgerland.com\/de\/magazin\/wp-content\/uploads\/2016\/03\/xxx_image202.jpg\">\t<\/picture><\/a><\/figure><\/div><div class=\"col-6 col-sm-4\"><figure><a class=\"thumb-container\" href=\"https:\/\/www.salzburgerland.com\/de\/magazin\/wp-content\/uploads\/2016\/03\/xx_ZAMG121103j-1280x1024.jpg\">\t<picture><source media=\"(min-width: 576px)\" srcset=\"https:\/\/www.salzburgerland.com\/de\/magazin\/wp-content\/uploads\/2016\/03\/xx_ZAMG121103j-325x209.jpg 325w, https:\/\/www.salzburgerland.com\/de\/magazin\/wp-content\/uploads\/2016\/03\/xx_ZAMG121103j-249x160.jpg 249w\"><\/source><source media=\"(min-width: 0)\" srcset=\"https:\/\/www.salzburgerland.com\/de\/magazin\/wp-content\/uploads\/2016\/03\/xx_ZAMG121103j-249x160.jpg 249w, https:\/\/www.salzburgerland.com\/de\/magazin\/wp-content\/uploads\/2016\/03\/xx_ZAMG121103j-325x209.jpg 325w\"><\/source><img decoding=\"async\" alt=\"Schneebedeckter Berggipfel mit wissenschaftlichen Geb&auml;uden und einer Antenne unter einem klaren blauen Himmel.\" src=\"https:\/\/www.salzburgerland.com\/de\/magazin\/wp-content\/uploads\/2016\/03\/xx_ZAMG121103j.jpg\">\t<\/picture><\/a><\/figure><\/div><div class=\"col-6 col-sm-4\"><figure><a class=\"thumb-container\" href=\"https:\/\/www.salzburgerland.com\/de\/magazin\/wp-content\/uploads\/2016\/03\/xx_P1010561-1280x1024.jpg\">\t<picture><source media=\"(min-width: 576px)\" srcset=\"https:\/\/www.salzburgerland.com\/de\/magazin\/wp-content\/uploads\/2016\/03\/xx_P1010561-325x209.jpg 325w, https:\/\/www.salzburgerland.com\/de\/magazin\/wp-content\/uploads\/2016\/03\/xx_P1010561-249x160.jpg 249w\"><\/source><source media=\"(min-width: 0)\" srcset=\"https:\/\/www.salzburgerland.com\/de\/magazin\/wp-content\/uploads\/2016\/03\/xx_P1010561-249x160.jpg 249w, https:\/\/www.salzburgerland.com\/de\/magazin\/wp-content\/uploads\/2016\/03\/xx_P1010561-325x209.jpg 325w\"><\/source><img decoding=\"async\" alt=\"Ein Observatorium auf einem Berggipfel mit Antennen, Sensoren und einer Person, die auf einem Balkon steht, umgeben von Wolken.\" src=\"https:\/\/www.salzburgerland.com\/de\/magazin\/wp-content\/uploads\/2016\/03\/xx_P1010561.jpg\">\t<\/picture><\/a><\/figure><\/div><div class=\"col-6 col-sm-4\"><figure><a class=\"thumb-container\" href=\"https:\/\/www.salzburgerland.com\/de\/magazin\/wp-content\/uploads\/2016\/03\/x_sonnblick_1_gr-1280x1024.jpg\">\t<picture><source media=\"(min-width: 576px)\" srcset=\"https:\/\/www.salzburgerland.com\/de\/magazin\/wp-content\/uploads\/2016\/03\/x_sonnblick_1_gr-325x209.jpg 325w, https:\/\/www.salzburgerland.com\/de\/magazin\/wp-content\/uploads\/2016\/03\/x_sonnblick_1_gr-249x160.jpg 249w\"><\/source><source media=\"(min-width: 0)\" srcset=\"https:\/\/www.salzburgerland.com\/de\/magazin\/wp-content\/uploads\/2016\/03\/x_sonnblick_1_gr-249x160.jpg 249w, https:\/\/www.salzburgerland.com\/de\/magazin\/wp-content\/uploads\/2016\/03\/x_sonnblick_1_gr-325x209.jpg 325w\"><\/source><img decoding=\"async\" alt=\"Eine Person gie&szlig;t unter strahlend blauem Himmel Fl&uuml;ssigkeit aus einem Krug in ein frostiges Metallinstrument.\" src=\"https:\/\/www.salzburgerland.com\/de\/magazin\/wp-content\/uploads\/2016\/03\/x_sonnblick_1_gr.jpg\">\t<\/picture><\/a><\/figure><\/div><div class=\"col-6 col-sm-4\"><figure><a class=\"thumb-container\" href=\"https:\/\/www.salzburgerland.com\/de\/magazin\/wp-content\/uploads\/2016\/03\/x_P1010556-1280x1024.jpg\">\t<picture><source media=\"(min-width: 576px)\" srcset=\"https:\/\/www.salzburgerland.com\/de\/magazin\/wp-content\/uploads\/2016\/03\/x_P1010556-325x209.jpg 325w, https:\/\/www.salzburgerland.com\/de\/magazin\/wp-content\/uploads\/2016\/03\/x_P1010556-249x160.jpg 249w\"><\/source><source media=\"(min-width: 0)\" srcset=\"https:\/\/www.salzburgerland.com\/de\/magazin\/wp-content\/uploads\/2016\/03\/x_P1010556-249x160.jpg 249w, https:\/\/www.salzburgerland.com\/de\/magazin\/wp-content\/uploads\/2016\/03\/x_P1010556-325x209.jpg 325w\"><\/source><img decoding=\"async\" alt=\"Bergobservatorium mit Wetterinstrumenten und schneebedeckten Gipfeln im Hintergrund unter einem teilweise bew&ouml;lkten Himmel.\" src=\"https:\/\/www.salzburgerland.com\/de\/magazin\/wp-content\/uploads\/2016\/03\/x_P1010556.jpg\">\t<\/picture><\/a><\/figure><\/div><div class=\"col-6 col-sm-4\"><figure><a class=\"thumb-container\" href=\"https:\/\/www.salzburgerland.com\/de\/magazin\/wp-content\/uploads\/2016\/03\/x_P1010152-1280x1024.jpg\">\t<picture><source media=\"(min-width: 576px)\" srcset=\"https:\/\/www.salzburgerland.com\/de\/magazin\/wp-content\/uploads\/2016\/03\/x_P1010152-325x209.jpg 325w, https:\/\/www.salzburgerland.com\/de\/magazin\/wp-content\/uploads\/2016\/03\/x_P1010152-249x160.jpg 249w\"><\/source><source media=\"(min-width: 0)\" srcset=\"https:\/\/www.salzburgerland.com\/de\/magazin\/wp-content\/uploads\/2016\/03\/x_P1010152-249x160.jpg 249w, https:\/\/www.salzburgerland.com\/de\/magazin\/wp-content\/uploads\/2016\/03\/x_P1010152-325x209.jpg 325w\"><\/source><img decoding=\"async\" alt=\"Wetter&uuml;berwachungsinstrumente und Antennen auf einem Dach unter einem blauen Himmel mit vereinzelten Wolken.\" src=\"https:\/\/www.salzburgerland.com\/de\/magazin\/wp-content\/uploads\/2016\/03\/x_P1010152.jpg\">\t<\/picture><\/a><\/figure><\/div><div class=\"col-6 col-sm-4\"><figure><a class=\"thumb-container\" href=\"https:\/\/www.salzburgerland.com\/de\/magazin\/wp-content\/uploads\/2016\/03\/x_P1010024-1280x1024.jpg\">\t<picture><source media=\"(min-width: 576px)\" srcset=\"https:\/\/www.salzburgerland.com\/de\/magazin\/wp-content\/uploads\/2016\/03\/x_P1010024-325x209.jpg 325w, https:\/\/www.salzburgerland.com\/de\/magazin\/wp-content\/uploads\/2016\/03\/x_P1010024-249x160.jpg 249w\"><\/source><source media=\"(min-width: 0)\" srcset=\"https:\/\/www.salzburgerland.com\/de\/magazin\/wp-content\/uploads\/2016\/03\/x_P1010024-249x160.jpg 249w, https:\/\/www.salzburgerland.com\/de\/magazin\/wp-content\/uploads\/2016\/03\/x_P1010024-325x209.jpg 325w\"><\/source><img decoding=\"async\" alt=\"Rotes Metallgeb&auml;ude und Observatoriumsturm auf einem schneebedeckten Berg unter einem teilweise bew&ouml;lkten Himmel.\" src=\"https:\/\/www.salzburgerland.com\/de\/magazin\/wp-content\/uploads\/2016\/03\/x_P1010024.jpg\">\t<\/picture><\/a><\/figure><\/div><div class=\"col-6 col-sm-4\"><figure><a class=\"thumb-container\" href=\"https:\/\/www.salzburgerland.com\/de\/magazin\/wp-content\/uploads\/2016\/03\/x_NDS_9125-1280x1024.jpg\">\t<picture><source media=\"(min-width: 576px)\" srcset=\"\"><\/source><source media=\"(min-width: 0)\" srcset=\"\"><\/source><img decoding=\"async\" alt=\"Ein Arbeiter auf einer Leiter repariert ein hohes, rundes Geb&auml;ude mit einem Turm vor einem teilweise bew&ouml;lkten Himmel.\" src=\"https:\/\/www.salzburgerland.com\/de\/magazin\/wp-content\/uploads\/2016\/03\/x_NDS_9125-rotated.jpg\">\t<\/picture><\/a><\/figure><\/div><div class=\"col-6 col-sm-4\"><figure><a class=\"thumb-container\" href=\"https:\/\/www.salzburgerland.com\/de\/magazin\/wp-content\/uploads\/2016\/03\/x_L1020425-1280x1024.jpg\">\t<picture><source media=\"(min-width: 576px)\" srcset=\"https:\/\/www.salzburgerland.com\/de\/magazin\/wp-content\/uploads\/2016\/03\/x_L1020425-325x209.jpg 325w, https:\/\/www.salzburgerland.com\/de\/magazin\/wp-content\/uploads\/2016\/03\/x_L1020425-249x160.jpg 249w\"><\/source><source media=\"(min-width: 0)\" srcset=\"https:\/\/www.salzburgerland.com\/de\/magazin\/wp-content\/uploads\/2016\/03\/x_L1020425-249x160.jpg 249w, https:\/\/www.salzburgerland.com\/de\/magazin\/wp-content\/uploads\/2016\/03\/x_L1020425-325x209.jpg 325w\"><\/source><img decoding=\"async\" alt=\"Raum mit Serverschr&auml;nken, Computern, Faxger&auml;ten und B&uuml;roausstattung in einem Kommunikations- oder Rechenzentrum.\" src=\"https:\/\/www.salzburgerland.com\/de\/magazin\/wp-content\/uploads\/2016\/03\/x_L1020425.jpg\">\t<\/picture><\/a><\/figure><\/div><div class=\"col-6 col-sm-4\"><figure><a class=\"thumb-container\" href=\"https:\/\/www.salzburgerland.com\/de\/magazin\/wp-content\/uploads\/2016\/03\/suntracker_norbert_daxbacher-1280x1024.jpg\">\t<picture><source media=\"(min-width: 576px)\" srcset=\"https:\/\/www.salzburgerland.com\/de\/magazin\/wp-content\/uploads\/2016\/03\/suntracker_norbert_daxbacher-325x209.jpg 325w, https:\/\/www.salzburgerland.com\/de\/magazin\/wp-content\/uploads\/2016\/03\/suntracker_norbert_daxbacher-249x160.jpg 249w\"><\/source><source media=\"(min-width: 0)\" srcset=\"https:\/\/www.salzburgerland.com\/de\/magazin\/wp-content\/uploads\/2016\/03\/suntracker_norbert_daxbacher-249x160.jpg 249w, https:\/\/www.salzburgerland.com\/de\/magazin\/wp-content\/uploads\/2016\/03\/suntracker_norbert_daxbacher-325x209.jpg 325w\"><\/source><img decoding=\"async\" alt=\"Schneebedeckte Ausr&uuml;stung auf einem Berg mit heller Sonne und Wolken am blauen Himmel.\" src=\"https:\/\/www.salzburgerland.com\/de\/magazin\/wp-content\/uploads\/2016\/03\/suntracker_norbert_daxbacher.jpg\">\t<\/picture><\/a><\/figure><\/div><div class=\"col-6 col-sm-4\"><figure><a class=\"thumb-container\" href=\"https:\/\/www.salzburgerland.com\/de\/magazin\/wp-content\/uploads\/2016\/03\/Schauer_DSCN3000_clip-1280x1024.jpg\">\t<picture><source media=\"(min-width: 576px)\" srcset=\"\"><\/source><source media=\"(min-width: 0)\" srcset=\"https:\/\/www.salzburgerland.com\/de\/magazin\/wp-content\/uploads\/2016\/03\/Schauer_DSCN3000_clip.jpg 1315w, https:\/\/www.salzburgerland.com\/de\/magazin\/wp-content\/uploads\/2016\/03\/Schauer_DSCN3000_clip-247x300.jpg 247w, https:\/\/www.salzburgerland.com\/de\/magazin\/wp-content\/uploads\/2016\/03\/Schauer_DSCN3000_clip-452x550.jpg 452w, https:\/\/www.salzburgerland.com\/de\/magazin\/wp-content\/uploads\/2016\/03\/Schauer_DSCN3000_clip-329x400.jpg 329w\"><\/source><img decoding=\"async\" alt=\"Eine mit dickem Schnee und Eis bedeckte Wetterstation steht auf einem schneebedeckten Berggipfel unter einem klaren blauen Himmel.\" src=\"https:\/\/www.salzburgerland.com\/de\/magazin\/wp-content\/uploads\/2016\/03\/Schauer_DSCN3000_clip.jpg\">\t<\/picture><\/a><\/figure><\/div><\/div><figcaption><\/figcaption><\/div>\n","protected":false},"excerpt":{"rendered":"<p>Am 2. September 1886 wurde das Sonnblick Observatorium er\u00f6ffnet. Die Meteorologen Julius von Hann und Ignaz Rojacher waren damals die gro\u00dfen Unterst\u00fctzer der Initiative zum Bau des Observatoriums. Heute noch &#8211; 135 Jahre sp\u00e4ter &#8211; ist es das h\u00f6chstgelegene ganzj\u00e4hrig betriebene Observatorium der Welt. Es wird von der Zentralanstalt f\u00fcr Meteorologie und Geodynamik (ZAMG) gemeinsam [&hellip;]<\/p>\n","protected":false},"author":10,"featured_media":105304,"comment_status":"open","ping_status":"open","sticky":false,"template":"","format":"standard","meta":{"_acf_changed":false,"wl_entities_gutenberg":"","_wl_entity_redirect_enabled":"","footnotes":""},"categories":[9],"tags":[],"wl_entity_type":[306],"monatsauswahl":[82,83,84,85,86,87,88,89,90,91,92,93],"class_list":["post-105297","post","type-post","status-publish","format-standard","has-post-thumbnail","hentry","category-sehenswurdig","wl_entity_type-article","monatsauswahl-monat_1","monatsauswahl-monat_2","monatsauswahl-monat_3","monatsauswahl-monat_4","monatsauswahl-monat_5","monatsauswahl-monat_6","monatsauswahl-monat_7","monatsauswahl-monat_8","monatsauswahl-monat_9","monatsauswahl-monat_10","monatsauswahl-monat_11","monatsauswahl-monat_12"],"acf":[],"yoast_head":"<!-- This site is optimized with the Yoast SEO Premium plugin v27.4 (Yoast SEO v27.4) - https:\/\/yoast.com\/product\/yoast-seo-premium-wordpress\/ -->\n<title>Die Wetterwarte am Sonnblick - SalzburgerLand Magazin<\/title>\n<meta name=\"description\" content=\"Skitourengeher und Wanderer kennen den 3.106 hohen Sonnblick als einen der sch\u00f6nsten Gipfel im SalzburgerLand. Der Gipfel ist aber nicht nur ein Ziel f\u00fcr Berggeher, sondern auch Salzburgs h\u00f6chst gelegener Arbeitsplatz.\" \/>\n<meta name=\"robots\" content=\"index, follow, max-snippet:-1, max-image-preview:large, max-video-preview:-1\" \/>\n<link rel=\"canonical\" href=\"https:\/\/www.salzburgerland.com\/de\/magazin\/die-wetterwarte-am-sonnblick\/\" \/>\n<meta property=\"og:locale\" content=\"de_DE\" \/>\n<meta property=\"og:type\" content=\"article\" \/>\n<meta property=\"og:title\" content=\"Die Wetterwarte am Sonnblick\" \/>\n<meta property=\"og:description\" content=\"Am 2. September 1886 wurde das Sonnblick Observatorium er\u00f6ffnet. Die Meteorologen Julius von Hann und Ignaz Rojacher waren damals die gro\u00dfen Unterst\u00fctzer der Initiative zum Bau des Observatoriums. Heute noch &#8211; 135 Jahre sp\u00e4ter &#8211; ist es das h\u00f6chstgelegene ganzj\u00e4hrig betriebene Observatorium der Welt. Es wird von der Zentralanstalt f\u00fcr Meteorologie und Geodynamik (ZAMG) gemeinsam [&hellip;]\" \/>\n<meta property=\"og:url\" content=\"https:\/\/www.salzburgerland.com\/de\/magazin\/die-wetterwarte-am-sonnblick\/\" \/>\n<meta property=\"og:site_name\" content=\"SalzburgerLand Magazin\" \/>\n<meta property=\"article:publisher\" content=\"https:\/\/www.facebook.com\/salzburgerland\/\" \/>\n<meta property=\"article:published_time\" content=\"2016-03-29T19:37:21+00:00\" \/>\n<meta property=\"article:modified_time\" content=\"2021-03-08T08:46:24+00:00\" \/>\n<meta property=\"og:image\" content=\"https:\/\/www.salzburgerland.com\/de\/magazin\/wp-content\/uploads\/2016\/03\/x_P1010061.jpg\" \/>\n\t<meta property=\"og:image:width\" content=\"1600\" \/>\n\t<meta property=\"og:image:height\" content=\"1067\" \/>\n\t<meta property=\"og:image:type\" content=\"image\/jpeg\" \/>\n<meta name=\"author\" content=\"Heiko Mandl\" \/>\n<meta name=\"twitter:card\" content=\"summary_large_image\" \/>\n<meta name=\"twitter:creator\" content=\"@Salzburgerland\" \/>\n<meta name=\"twitter:site\" content=\"@Salzburgerland\" \/>\n<meta name=\"twitter:label1\" content=\"Verfasst von\" \/>\n\t<meta name=\"twitter:data1\" content=\"Heiko Mandl\" \/>\n\t<meta name=\"twitter:label2\" content=\"Gesch\u00e4tzte Lesezeit\" \/>\n\t<meta name=\"twitter:data2\" content=\"5\u00a0Minuten\" \/>\n<script type=\"application\/ld+json\" class=\"yoast-schema-graph\">{\"@context\":\"https:\\\/\\\/schema.org\",\"@graph\":[{\"@type\":\"Article\",\"@id\":\"https:\\\/\\\/www.salzburgerland.com\\\/de\\\/magazin\\\/die-wetterwarte-am-sonnblick\\\/#article\",\"isPartOf\":{\"@id\":\"https:\\\/\\\/www.salzburgerland.com\\\/de\\\/magazin\\\/die-wetterwarte-am-sonnblick\\\/\"},\"author\":{\"name\":\"Heiko Mandl\",\"@id\":\"https:\\\/\\\/www.salzburgerland.com\\\/de\\\/magazin\\\/#\\\/schema\\\/person\\\/8871c7c764fce6ea66752310e7fe9e98\"},\"headline\":\"Die Wetterwarte am Sonnblick\",\"datePublished\":\"2016-03-29T19:37:21+00:00\",\"dateModified\":\"2021-03-08T08:46:24+00:00\",\"mainEntityOfPage\":{\"@id\":\"https:\\\/\\\/www.salzburgerland.com\\\/de\\\/magazin\\\/die-wetterwarte-am-sonnblick\\\/\"},\"wordCount\":351,\"commentCount\":0,\"publisher\":{\"@id\":\"https:\\\/\\\/www.salzburgerland.com\\\/de\\\/magazin\\\/#organization\"},\"image\":{\"@id\":\"https:\\\/\\\/www.salzburgerland.com\\\/de\\\/magazin\\\/die-wetterwarte-am-sonnblick\\\/#primaryimage\"},\"thumbnailUrl\":\"https:\\\/\\\/www.salzburgerland.com\\\/de\\\/magazin\\\/wp-content\\\/uploads\\\/2016\\\/03\\\/x_P1010061.jpg\",\"articleSection\":[\"Sehensw\u00fcrdig\"],\"inLanguage\":\"de\",\"potentialAction\":[{\"@type\":\"CommentAction\",\"name\":\"Comment\",\"target\":[\"https:\\\/\\\/www.salzburgerland.com\\\/de\\\/magazin\\\/die-wetterwarte-am-sonnblick\\\/#respond\"]}]},{\"@type\":\"WebPage\",\"@id\":\"https:\\\/\\\/www.salzburgerland.com\\\/de\\\/magazin\\\/die-wetterwarte-am-sonnblick\\\/\",\"url\":\"https:\\\/\\\/www.salzburgerland.com\\\/de\\\/magazin\\\/die-wetterwarte-am-sonnblick\\\/\",\"name\":\"Die Wetterwarte am Sonnblick - SalzburgerLand Magazin\",\"isPartOf\":{\"@id\":\"https:\\\/\\\/www.salzburgerland.com\\\/de\\\/magazin\\\/#website\"},\"primaryImageOfPage\":{\"@id\":\"https:\\\/\\\/www.salzburgerland.com\\\/de\\\/magazin\\\/die-wetterwarte-am-sonnblick\\\/#primaryimage\"},\"image\":{\"@id\":\"https:\\\/\\\/www.salzburgerland.com\\\/de\\\/magazin\\\/die-wetterwarte-am-sonnblick\\\/#primaryimage\"},\"thumbnailUrl\":\"https:\\\/\\\/www.salzburgerland.com\\\/de\\\/magazin\\\/wp-content\\\/uploads\\\/2016\\\/03\\\/x_P1010061.jpg\",\"datePublished\":\"2016-03-29T19:37:21+00:00\",\"dateModified\":\"2021-03-08T08:46:24+00:00\",\"breadcrumb\":{\"@id\":\"https:\\\/\\\/www.salzburgerland.com\\\/de\\\/magazin\\\/die-wetterwarte-am-sonnblick\\\/#breadcrumb\"},\"inLanguage\":\"de\",\"potentialAction\":[{\"@type\":\"ReadAction\",\"target\":[\"https:\\\/\\\/www.salzburgerland.com\\\/de\\\/magazin\\\/die-wetterwarte-am-sonnblick\\\/\"]}]},{\"@type\":\"ImageObject\",\"inLanguage\":\"de\",\"@id\":\"https:\\\/\\\/www.salzburgerland.com\\\/de\\\/magazin\\\/die-wetterwarte-am-sonnblick\\\/#primaryimage\",\"url\":\"https:\\\/\\\/www.salzburgerland.com\\\/de\\\/magazin\\\/wp-content\\\/uploads\\\/2016\\\/03\\\/x_P1010061.jpg\",\"contentUrl\":\"https:\\\/\\\/www.salzburgerland.com\\\/de\\\/magazin\\\/wp-content\\\/uploads\\\/2016\\\/03\\\/x_P1010061.jpg\",\"width\":1600,\"height\":1067,\"caption\":\"Schneebedeckter Bergkamm mit einem kleinen Geb\u00e4ude und einer Antenne in der N\u00e4he des Gipfels bei klarem Himmel.\"},{\"@type\":\"BreadcrumbList\",\"@id\":\"https:\\\/\\\/www.salzburgerland.com\\\/de\\\/magazin\\\/die-wetterwarte-am-sonnblick\\\/#breadcrumb\",\"itemListElement\":[{\"@type\":\"ListItem\",\"position\":1,\"name\":\"Startseite\",\"item\":\"https:\\\/\\\/www.salzburgerland.com\\\/de\\\/magazin\\\/\"},{\"@type\":\"ListItem\",\"position\":2,\"name\":\"Sehensw\u00fcrdig\",\"item\":\"https:\\\/\\\/www.salzburgerland.com\\\/de\\\/magazin\\\/thema\\\/sehenswurdig\\\/\"},{\"@type\":\"ListItem\",\"position\":3,\"name\":\"Die Wetterwarte am Sonnblick\"}]},{\"@type\":\"WebSite\",\"@id\":\"https:\\\/\\\/www.salzburgerland.com\\\/de\\\/magazin\\\/#website\",\"url\":\"https:\\\/\\\/www.salzburgerland.com\\\/de\\\/magazin\\\/\",\"name\":\"SalzburgerLand Magazin\",\"description\":\"Geschichten und Interessantes aus dem SalzburgerLand\",\"publisher\":{\"@id\":\"https:\\\/\\\/www.salzburgerland.com\\\/de\\\/magazin\\\/#organization\"},\"potentialAction\":[{\"@type\":\"SearchAction\",\"target\":{\"@type\":\"EntryPoint\",\"urlTemplate\":\"https:\\\/\\\/www.salzburgerland.com\\\/de\\\/magazin\\\/?s={search_term_string}\"},\"query-input\":{\"@type\":\"PropertyValueSpecification\",\"valueRequired\":true,\"valueName\":\"search_term_string\"}}],\"inLanguage\":\"de\"},{\"@type\":\"Organization\",\"@id\":\"https:\\\/\\\/www.salzburgerland.com\\\/de\\\/magazin\\\/#organization\",\"name\":\"SalzburgerLand Tourismus\",\"url\":\"https:\\\/\\\/www.salzburgerland.com\\\/de\\\/magazin\\\/\",\"logo\":{\"@type\":\"ImageObject\",\"inLanguage\":\"de\",\"@id\":\"https:\\\/\\\/www.salzburgerland.com\\\/de\\\/magazin\\\/#\\\/schema\\\/logo\\\/image\\\/\",\"url\":\"https:\\\/\\\/www.salzburgerland.com\\\/de\\\/magazin\\\/wp-content\\\/uploads\\\/2019\\\/06\\\/salzburgerland-logo1.jpg\",\"contentUrl\":\"https:\\\/\\\/www.salzburgerland.com\\\/de\\\/magazin\\\/wp-content\\\/uploads\\\/2019\\\/06\\\/salzburgerland-logo1.jpg\",\"width\":2011,\"height\":866,\"caption\":\"SalzburgerLand Tourismus\"},\"image\":{\"@id\":\"https:\\\/\\\/www.salzburgerland.com\\\/de\\\/magazin\\\/#\\\/schema\\\/logo\\\/image\\\/\"},\"sameAs\":[\"https:\\\/\\\/www.facebook.com\\\/salzburgerland\\\/\",\"https:\\\/\\\/x.com\\\/Salzburgerland\",\"https:\\\/\\\/www.instagram.com\\\/salzburgerland\\\/\",\"https:\\\/\\\/at.linkedin.com\\\/company\\\/salzburgerland-tourismus-gmbh\",\"https:\\\/\\\/www.pinterest.at\\\/salzburgerland\\\/\",\"https:\\\/\\\/www.youtube.com\\\/user\\\/salzburgerland\",\"https:\\\/\\\/de.wikipedia.org\\\/wiki\\\/SalzburgerLand_Tourismus_GmbH\"]},{\"@type\":\"Person\",\"@id\":\"https:\\\/\\\/www.salzburgerland.com\\\/de\\\/magazin\\\/#\\\/schema\\\/person\\\/8871c7c764fce6ea66752310e7fe9e98\",\"name\":\"Heiko Mandl\",\"description\":\"Heiko Mandl, geboren 1976 in Salzburg, ist durch den Journalismus zur Fotografie gekommen und ist seit zehn Jahren als selbstst\u00e4ndiger Fotograf und Autor in Salzburg t\u00e4tig. Schon von Kindheit an haben ihn die Berge vor seiner Haust\u00fcr fasziniert. Heute z\u00e4hlen sie unter anderem zu seinem Arbeitsplatz. Er arbeitet f\u00fcr internationale Outdoor- und Reisemagazine sowie zahlreiche Firmen und Agenturen. Luxushotel oder Almh\u00fctte: Ich kann beides genie\u00dfen und ich gehe das nach dem Motto: Alles zur richtigen Zeit und zur passenden Gelegenheit an. Wandern oder Laufen: Auf jeden Fall wandern, ist gem\u00fctlicher und man kann sich mehr auf die Umgebung konzentrieren. Golfplatz oder Klettergarten: Klettergarten, zumindest noch die n\u00e4chsten 20 Jahre. Fr\u00fchling, sommer, herbst oder Winter? Fr\u00fchling und Sommer und Herbst und Winter! Im SalzburgerLand ist es das ganze Jahr traumhaft sch\u00f6n. Wellness oder Mountainbike? Zuerst eine Runde mit dem Mountainbike und dann ab in den Wellnesstempel. Das eine schlie\u00dft das andere nicht aus!\",\"url\":\"https:\\\/\\\/www.salzburgerland.com\\\/de\\\/magazin\\\/author\\\/heiko-mandl\\\/\"}]}<\/script>\n<!-- \/ Yoast SEO Premium plugin. -->","yoast_head_json":{"title":"Die Wetterwarte am Sonnblick - SalzburgerLand Magazin","description":"Skitourengeher und Wanderer kennen den 3.106 hohen Sonnblick als einen der sch\u00f6nsten Gipfel im SalzburgerLand. Der Gipfel ist aber nicht nur ein Ziel f\u00fcr Berggeher, sondern auch Salzburgs h\u00f6chst gelegener Arbeitsplatz.","robots":{"index":"index","follow":"follow","max-snippet":"max-snippet:-1","max-image-preview":"max-image-preview:large","max-video-preview":"max-video-preview:-1"},"canonical":"https:\/\/www.salzburgerland.com\/de\/magazin\/die-wetterwarte-am-sonnblick\/","og_locale":"de_DE","og_type":"article","og_title":"Die Wetterwarte am Sonnblick","og_description":"Am 2. September 1886 wurde das Sonnblick Observatorium er\u00f6ffnet. Die Meteorologen Julius von Hann und Ignaz Rojacher waren damals die gro\u00dfen Unterst\u00fctzer der Initiative zum Bau des Observatoriums. Heute noch &#8211; 135 Jahre sp\u00e4ter &#8211; ist es das h\u00f6chstgelegene ganzj\u00e4hrig betriebene Observatorium der Welt. Es wird von der Zentralanstalt f\u00fcr Meteorologie und Geodynamik (ZAMG) gemeinsam [&hellip;]","og_url":"https:\/\/www.salzburgerland.com\/de\/magazin\/die-wetterwarte-am-sonnblick\/","og_site_name":"SalzburgerLand Magazin","article_publisher":"https:\/\/www.facebook.com\/salzburgerland\/","article_published_time":"2016-03-29T19:37:21+00:00","article_modified_time":"2021-03-08T08:46:24+00:00","og_image":[{"width":1600,"height":1067,"url":"https:\/\/www.salzburgerland.com\/de\/magazin\/wp-content\/uploads\/2016\/03\/x_P1010061.jpg","type":"image\/jpeg"}],"author":"Heiko Mandl","twitter_card":"summary_large_image","twitter_creator":"@Salzburgerland","twitter_site":"@Salzburgerland","twitter_misc":{"Verfasst von":"Heiko Mandl","Gesch\u00e4tzte Lesezeit":"5\u00a0Minuten"},"schema":{"@context":"https:\/\/schema.org","@graph":[{"@type":"Article","@id":"https:\/\/www.salzburgerland.com\/de\/magazin\/die-wetterwarte-am-sonnblick\/#article","isPartOf":{"@id":"https:\/\/www.salzburgerland.com\/de\/magazin\/die-wetterwarte-am-sonnblick\/"},"author":{"name":"Heiko Mandl","@id":"https:\/\/www.salzburgerland.com\/de\/magazin\/#\/schema\/person\/8871c7c764fce6ea66752310e7fe9e98"},"headline":"Die Wetterwarte am Sonnblick","datePublished":"2016-03-29T19:37:21+00:00","dateModified":"2021-03-08T08:46:24+00:00","mainEntityOfPage":{"@id":"https:\/\/www.salzburgerland.com\/de\/magazin\/die-wetterwarte-am-sonnblick\/"},"wordCount":351,"commentCount":0,"publisher":{"@id":"https:\/\/www.salzburgerland.com\/de\/magazin\/#organization"},"image":{"@id":"https:\/\/www.salzburgerland.com\/de\/magazin\/die-wetterwarte-am-sonnblick\/#primaryimage"},"thumbnailUrl":"https:\/\/www.salzburgerland.com\/de\/magazin\/wp-content\/uploads\/2016\/03\/x_P1010061.jpg","articleSection":["Sehensw\u00fcrdig"],"inLanguage":"de","potentialAction":[{"@type":"CommentAction","name":"Comment","target":["https:\/\/www.salzburgerland.com\/de\/magazin\/die-wetterwarte-am-sonnblick\/#respond"]}]},{"@type":"WebPage","@id":"https:\/\/www.salzburgerland.com\/de\/magazin\/die-wetterwarte-am-sonnblick\/","url":"https:\/\/www.salzburgerland.com\/de\/magazin\/die-wetterwarte-am-sonnblick\/","name":"Die Wetterwarte am Sonnblick - SalzburgerLand Magazin","isPartOf":{"@id":"https:\/\/www.salzburgerland.com\/de\/magazin\/#website"},"primaryImageOfPage":{"@id":"https:\/\/www.salzburgerland.com\/de\/magazin\/die-wetterwarte-am-sonnblick\/#primaryimage"},"image":{"@id":"https:\/\/www.salzburgerland.com\/de\/magazin\/die-wetterwarte-am-sonnblick\/#primaryimage"},"thumbnailUrl":"https:\/\/www.salzburgerland.com\/de\/magazin\/wp-content\/uploads\/2016\/03\/x_P1010061.jpg","datePublished":"2016-03-29T19:37:21+00:00","dateModified":"2021-03-08T08:46:24+00:00","breadcrumb":{"@id":"https:\/\/www.salzburgerland.com\/de\/magazin\/die-wetterwarte-am-sonnblick\/#breadcrumb"},"inLanguage":"de","potentialAction":[{"@type":"ReadAction","target":["https:\/\/www.salzburgerland.com\/de\/magazin\/die-wetterwarte-am-sonnblick\/"]}]},{"@type":"ImageObject","inLanguage":"de","@id":"https:\/\/www.salzburgerland.com\/de\/magazin\/die-wetterwarte-am-sonnblick\/#primaryimage","url":"https:\/\/www.salzburgerland.com\/de\/magazin\/wp-content\/uploads\/2016\/03\/x_P1010061.jpg","contentUrl":"https:\/\/www.salzburgerland.com\/de\/magazin\/wp-content\/uploads\/2016\/03\/x_P1010061.jpg","width":1600,"height":1067,"caption":"Schneebedeckter Bergkamm mit einem kleinen Geb\u00e4ude und einer Antenne in der N\u00e4he des Gipfels bei klarem Himmel."},{"@type":"BreadcrumbList","@id":"https:\/\/www.salzburgerland.com\/de\/magazin\/die-wetterwarte-am-sonnblick\/#breadcrumb","itemListElement":[{"@type":"ListItem","position":1,"name":"Startseite","item":"https:\/\/www.salzburgerland.com\/de\/magazin\/"},{"@type":"ListItem","position":2,"name":"Sehensw\u00fcrdig","item":"https:\/\/www.salzburgerland.com\/de\/magazin\/thema\/sehenswurdig\/"},{"@type":"ListItem","position":3,"name":"Die Wetterwarte am Sonnblick"}]},{"@type":"WebSite","@id":"https:\/\/www.salzburgerland.com\/de\/magazin\/#website","url":"https:\/\/www.salzburgerland.com\/de\/magazin\/","name":"SalzburgerLand Magazin","description":"Geschichten und Interessantes aus dem SalzburgerLand","publisher":{"@id":"https:\/\/www.salzburgerland.com\/de\/magazin\/#organization"},"potentialAction":[{"@type":"SearchAction","target":{"@type":"EntryPoint","urlTemplate":"https:\/\/www.salzburgerland.com\/de\/magazin\/?s={search_term_string}"},"query-input":{"@type":"PropertyValueSpecification","valueRequired":true,"valueName":"search_term_string"}}],"inLanguage":"de"},{"@type":"Organization","@id":"https:\/\/www.salzburgerland.com\/de\/magazin\/#organization","name":"SalzburgerLand Tourismus","url":"https:\/\/www.salzburgerland.com\/de\/magazin\/","logo":{"@type":"ImageObject","inLanguage":"de","@id":"https:\/\/www.salzburgerland.com\/de\/magazin\/#\/schema\/logo\/image\/","url":"https:\/\/www.salzburgerland.com\/de\/magazin\/wp-content\/uploads\/2019\/06\/salzburgerland-logo1.jpg","contentUrl":"https:\/\/www.salzburgerland.com\/de\/magazin\/wp-content\/uploads\/2019\/06\/salzburgerland-logo1.jpg","width":2011,"height":866,"caption":"SalzburgerLand Tourismus"},"image":{"@id":"https:\/\/www.salzburgerland.com\/de\/magazin\/#\/schema\/logo\/image\/"},"sameAs":["https:\/\/www.facebook.com\/salzburgerland\/","https:\/\/x.com\/Salzburgerland","https:\/\/www.instagram.com\/salzburgerland\/","https:\/\/at.linkedin.com\/company\/salzburgerland-tourismus-gmbh","https:\/\/www.pinterest.at\/salzburgerland\/","https:\/\/www.youtube.com\/user\/salzburgerland","https:\/\/de.wikipedia.org\/wiki\/SalzburgerLand_Tourismus_GmbH"]},{"@type":"Person","@id":"https:\/\/www.salzburgerland.com\/de\/magazin\/#\/schema\/person\/8871c7c764fce6ea66752310e7fe9e98","name":"Heiko Mandl","description":"Heiko Mandl, geboren 1976 in Salzburg, ist durch den Journalismus zur Fotografie gekommen und ist seit zehn Jahren als selbstst\u00e4ndiger Fotograf und Autor in Salzburg t\u00e4tig. Schon von Kindheit an haben ihn die Berge vor seiner Haust\u00fcr fasziniert. Heute z\u00e4hlen sie unter anderem zu seinem Arbeitsplatz. Er arbeitet f\u00fcr internationale Outdoor- und Reisemagazine sowie zahlreiche Firmen und Agenturen. Luxushotel oder Almh\u00fctte: Ich kann beides genie\u00dfen und ich gehe das nach dem Motto: Alles zur richtigen Zeit und zur passenden Gelegenheit an. Wandern oder Laufen: Auf jeden Fall wandern, ist gem\u00fctlicher und man kann sich mehr auf die Umgebung konzentrieren. Golfplatz oder Klettergarten: Klettergarten, zumindest noch die n\u00e4chsten 20 Jahre. Fr\u00fchling, sommer, herbst oder Winter? Fr\u00fchling und Sommer und Herbst und Winter! Im SalzburgerLand ist es das ganze Jahr traumhaft sch\u00f6n. Wellness oder Mountainbike? Zuerst eine Runde mit dem Mountainbike und dann ab in den Wellnesstempel. Das eine schlie\u00dft das andere nicht aus!","url":"https:\/\/www.salzburgerland.com\/de\/magazin\/author\/heiko-mandl\/"}]}},"_wl_alt_label":[],"wl:entity_url":"http:\/\/open.salzburgerland.com\/magazin\/post\/130_jahre_wetterwarte_sonnblick","_links":{"self":[{"href":"https:\/\/www.salzburgerland.com\/de\/magazin\/wp-json\/wp\/v2\/posts\/105297","targetHints":{"allow":["GET"]}}],"collection":[{"href":"https:\/\/www.salzburgerland.com\/de\/magazin\/wp-json\/wp\/v2\/posts"}],"about":[{"href":"https:\/\/www.salzburgerland.com\/de\/magazin\/wp-json\/wp\/v2\/types\/post"}],"author":[{"embeddable":true,"href":"https:\/\/www.salzburgerland.com\/de\/magazin\/wp-json\/wp\/v2\/users\/10"}],"replies":[{"embeddable":true,"href":"https:\/\/www.salzburgerland.com\/de\/magazin\/wp-json\/wp\/v2\/comments?post=105297"}],"version-history":[{"count":3,"href":"https:\/\/www.salzburgerland.com\/de\/magazin\/wp-json\/wp\/v2\/posts\/105297\/revisions"}],"predecessor-version":[{"id":150721,"href":"https:\/\/www.salzburgerland.com\/de\/magazin\/wp-json\/wp\/v2\/posts\/105297\/revisions\/150721"}],"wp:featuredmedia":[{"embeddable":true,"href":"https:\/\/www.salzburgerland.com\/de\/magazin\/wp-json\/wp\/v2\/media\/105304"}],"wp:attachment":[{"href":"https:\/\/www.salzburgerland.com\/de\/magazin\/wp-json\/wp\/v2\/media?parent=105297"}],"wp:term":[{"taxonomy":"category","embeddable":true,"href":"https:\/\/www.salzburgerland.com\/de\/magazin\/wp-json\/wp\/v2\/categories?post=105297"},{"taxonomy":"post_tag","embeddable":true,"href":"https:\/\/www.salzburgerland.com\/de\/magazin\/wp-json\/wp\/v2\/tags?post=105297"},{"taxonomy":"wl_entity_type","embeddable":true,"href":"https:\/\/www.salzburgerland.com\/de\/magazin\/wp-json\/wp\/v2\/wl_entity_type?post=105297"},{"taxonomy":"monatsauswahl","embeddable":true,"href":"https:\/\/www.salzburgerland.com\/de\/magazin\/wp-json\/wp\/v2\/monatsauswahl?post=105297"}],"curies":[{"name":"wp","href":"https:\/\/api.w.org\/{rel}","templated":true}]}}