{"id":105179,"date":"2016-04-05T12:04:34","date_gmt":"2016-04-05T10:04:34","guid":{"rendered":"http:\/\/magazin.salzburgerland.com\/?p=105179"},"modified":"2016-04-05T12:23:36","modified_gmt":"2016-04-05T10:23:36","slug":"kirchenmusik-in-salzburg","status":"publish","type":"post","link":"https:\/\/www.salzburgerland.com\/de\/magazin\/kirchenmusik-in-salzburg\/","title":{"rendered":"Kirchenmusik in Salzburg"},"content":{"rendered":"<p><strong>Ein Blick \u00fcber die D\u00e4cher der Salzburger Altstadt gen\u00fcgt, um die Stellung der Kirche in dieser Region zu erfassen. <a href=\"https:\/\/www.salzburgerland.com\/de\/magazin\/kunst-kultur\/barockes-juwel-die-grossen-bauherren-der-stadt-salzburg\/\">Die Erzbisch\u00f6fe<\/a> lenkten und leiteten nicht nur die Geschicke der Politik und der Kirche, sondern zeichneten sich \u201eganz nebenbei\u201c auch noch als F\u00f6rderer der Musik aus. Mozart ist nat\u00fcrlich das ber\u00fchmteste Beispiel daf\u00fcr. Aber auch andere namhafte Komponisten wirkten und werkten in dieser Stadt der Musik.<\/strong><\/p>\n<p>Bis heute genie\u00dft die Kirchenmusik in Salzburg einen hohen Stellenwert und wird im Rahmen der Messen und zahlloser Konzerte erlebbar.<\/p>\n<h3>Kirchenmusikalische Konzerte zu den Feiertagen<\/h3>\n<p>Gerade rund um den h\u00f6chsten Feiertag der katholischen Kirche ist einiges geboten. Zu den Festmessen an Ostern und am Palmsonntag gestalten die Ch\u00f6re und Orchester die Messen in Dom, Franziskanerkirche, Stiftskirche St. Peter und vielen anderen umliegenden Gemeinden mit. Aber gerade auch au\u00dferhalb der Gottesdienste kommt man in den besonderen Genuss dieser gro\u00dfartigen Werke. Schlie\u00dflich hielten es nicht alle Komponisten streng mit der Religion, sondern sahen die Anstellung als Kompromiss zwischen freiem k\u00fcnstlerischem Schaffen und lateinischem Messtext.<\/p>\n<h3>Die Erzbisch\u00f6fe und \u201eihre\u201c Komponisten<\/h3>\n<p><a href=\"https:\/\/www.salzburgerland.com\/de\/magazin\/kunst-kultur\/mozart-in-salzburg-eine-spurensuche\/\" target=\"_blank\">Mozarts Verh\u00e4ltnis zu Salzburg<\/a> war zeit seines Lebens schwierig. Daf\u00fcr verantwortlich war vor allem die Macht des Erzbischofs als restriktiver Arbeitgeber. Mit Mozart als ber\u00fchmtesten Sohn ist es aber in Salzburg noch lange nicht getan. Auch andere namhafte Komponisten lebten und wirkten im Schatten der Festung und wurden von den Erzbisch\u00f6fen und der Kirche gef\u00f6rdert.<\/p>\n<h3>Johann Michael Haydn<\/h3>\n<p>Der wohl bekannteste unter den unbekannten Komponisten d\u00fcrfte Johann Michael Haydn sein, der im Schatten seines Bruders Joseph Haydn stand und mit Mozart befreundet war. 1763 wurde er von Erzbischof Schrattenbach als Hofkomponist nach Salzburg berufen. In den folgenden Jahrzehnten entstand der Gro\u00dfteil seiner katholischen Messen, Oratorien, Chorwerke und Symphonien. Viele seiner Werke gerieten nach dem Tod in Vergessenheit und schlummern seitdem in den Archiven der Di\u00f6zese. Seit einigen Jahren werden sie allerdings h\u00e4ppchenweise aufbereitet und neu herausgegeben. So kommt man von Zeit zu Zeit in den Genuss eines Werkes, das seit mehr als 200 Jahren nicht mehr geh\u00f6rt wurde. Im Seitenschiff der Stiftskirche St. Peter ist sein Grabmal zu besichtigen.<\/p>\n<h3>Anton Diabelli<\/h3>\n<p>20 Minuten vor der Stadt liegt mit Mattsee im <a href=\"https:\/\/www.salzburgerland.com\/de\/magazin\/lifestyle\/mattsee-ein-sommertag-am-see\/\" target=\"_blank\">herrlichen Salzburger Seenland<\/a> der Geburtsort Diabellis. Als Sch\u00fcler des oben erw\u00e4hnten Johann Michael Haydn kam er nach Salzburg und wird besonders aufgrund seiner sch\u00f6nen und einfachen Melodien gesch\u00e4tzt. Gleiches gilt auch f\u00fcr seine Kirchenmusik, die in letzter Zeit verst\u00e4rkt wieder zum Einsatz kommt. Besonders in Gemeinden, denen die Ressourcen f\u00fcr eine aufwendig orchestrierte Messgestaltung und ein Profichor fehlt, wird Diabelli gesch\u00e4tzt.<\/p>\n<h3>Heinrich Ignaz Franz Biber<\/h3>\n<p>Ganz im Gegensatz dazu steht Heinrich Biber, der als virtuoser Geiger schon so manchen Orchestermusiker mit schwierigen Passagen in der siebten Lage zur Verzweiflung brachte. 1670 wurde er (wie k\u00f6nnte es anders sein) vom Salzburger Erzbischof Max Gandolf von Kuenburg nach Salzburg geholt und schrieb dort Messen, Requien, Instrumentalwerke, Chorwerke und sein ber\u00fchmtestes Werk: Die Missa Salisburgensis entstand zur 1.100 Jahrfeier des Erzstifts Salzburg und war explizit f\u00fcr den Salzburger Dom angelegt und mit mehreren separaten Ch\u00f6ren und Orchestern sowie Orgelbegleitung f\u00fcr 53 (!) Stimmen geschrieben. (Zum Vergleich: Eine \u201enormale\u201c Messe kommt in der Regel mit 10 bis 15 Stimmen aus.) Das n\u00e4chste Mal wird sie im <a href=\"https:\/\/www.salzburgerland.com\/de\/magazin\/kunst-kultur\/jedermann-kum-deine-stunden-san-um\/\" target=\"_blank\">Rahmen der Salzburger Festspiele<\/a> am 27. Juni 2016 aufgef\u00fchrt \u2013 unbedingt einmal live anh\u00f6ren.<\/p>\n<p>Hier die feierliche Er\u00f6ffnung seiner Messe (leider nicht in Salzburg aufgenommen):<\/p>\n<p>https:\/\/www.youtube.com\/watch?v=adRaZqogkQU<\/p>\n<h3>Die Kirchenmusik in Salzburg heute<\/h3>\n<p>Die Zeiten der Hofkomponisten, die pro Jahr mehrere Werke f\u00fcr die sofortige Auff\u00fchrung schrieben, sind inzwischen vorbei. Der gro\u00dfe Fundus der letzten Jahrhunderte wird aber weiterhin aufgef\u00fchrt. Im Detail findet man die Termine auf den Webseiten der einzelnen Kirchen, auch wenn die Pl\u00e4ne nicht immer aktuell gehalten sind. Im Zweifelsfall finden sich an den Kirchent\u00fcren aktuellere Aush\u00e4nge.<\/p>\n<ul>\n<li><a href=\"http:\/\/www.franziskanerkirche-salzburg.at\/\" target=\"_blank\">Franziskanerkirche<\/a>\u00a0<\/li>\n<li><a href=\"http:\/\/www.kirchen.net\/dommusik\/domkonzerte\/#.VurMy-LhCM8\" target=\"_blank\">Salzburger Dom<\/a>\u00a0<\/li>\n<li><a href=\"http:\/\/www.stift-stpeter.at\/de\/kirchenmusik\/index.asp?dat=Jahresprogramm\" target=\"_blank\">Stift St. Peter<\/a>\u00a0<\/li>\n<\/ul>\n<h3>Oratorien und Konzerte in Salzburg<\/h3>\n<p>Die Leidensgeschichte Jesu und seine Auferstehung wurden von niemandem so ausf\u00fchrlich und prunkvoll erz\u00e4hlt, wie von Johann Sebastian Bach. Seine beiden erhaltenen Passionen nach Matth\u00e4us und Johannes werden in der Karwoche regelm\u00e4\u00dfig aufgef\u00fchrt. Die einen genie\u00dfen Kirchenmusik zur Versenkung und Andacht im Rahmen eines Gottesdienstes, den anderen geht es um die gro\u00dfen Leistungen vergangener Meister. Ganz egal, wie der Zugang zur Kirchenmusik ist: Es lohnt sich, nicht nur die weltliche Seite der Festspielstadt zu erkunden.<\/p>\n<p>Hier finden Sie Informationen rund um die Kirchen in Salzburg Stadt &amp; Umgebung:<br \/><a href=\"http:\/\/www.salzburg.info\/de\/sehenswertes\/kirchen_friedhoefe\" target=\"_blank\">http:\/\/www.salzburg.info\/de\/sehenswertes\/kirchen_friedhoefe<\/a><\/p>\n","protected":false},"excerpt":{"rendered":"<p>Ein Blick \u00fcber die D\u00e4cher der Salzburger Altstadt gen\u00fcgt, um die Stellung der Kirche in dieser Region zu erfassen. Die Erzbisch\u00f6fe lenkten und leiteten nicht nur die Geschicke der Politik und der Kirche, sondern zeichneten sich \u201eganz nebenbei\u201c auch noch als F\u00f6rderer der Musik aus. Mozart ist nat\u00fcrlich das ber\u00fchmteste Beispiel daf\u00fcr. Aber auch andere [&hellip;]<\/p>\n","protected":false},"author":531,"featured_media":105181,"comment_status":"open","ping_status":"open","sticky":false,"template":"","format":"standard","meta":{"_acf_changed":false,"wl_entities_gutenberg":"","_wl_entity_redirect_enabled":"","footnotes":""},"categories":[6],"tags":[],"wl_entity_type":[306],"monatsauswahl":[],"class_list":["post-105179","post","type-post","status-publish","format-standard","has-post-thumbnail","hentry","category-kunst-kultur","wl_entity_type-article"],"acf":[],"yoast_head":"<!-- This site is optimized with the Yoast SEO Premium plugin v27.4 (Yoast SEO v27.4) - https:\/\/yoast.com\/product\/yoast-seo-premium-wordpress\/ -->\n<title>Kirchenmusik in Salzburg - SalzburgerLand Magazin<\/title>\n<meta name=\"description\" content=\"Ein Blick \u00fcber die D\u00e4cher der Salzburger Altstadt gen\u00fcgt, um die Stellung der Kirche in dieser Region zu erfassen. Die Erzbisch\u00f6fe lenkten und leiteten nicht nur die Geschicke der Politik und der Kirche, sondern zeichneten sich \u201eganz nebenbei\u201c auch noch als F\u00f6rderer der Musik aus. Mozart ist nat\u00fcrlich das ber\u00fchmteste Beispiel daf\u00fcr. Aber auch andere [&hellip;]\" \/>\n<meta name=\"robots\" content=\"index, follow, max-snippet:-1, max-image-preview:large, max-video-preview:-1\" \/>\n<link rel=\"canonical\" href=\"https:\/\/www.salzburgerland.com\/de\/magazin\/kirchenmusik-in-salzburg\/\" \/>\n<meta property=\"og:locale\" content=\"de_DE\" \/>\n<meta property=\"og:type\" content=\"article\" \/>\n<meta property=\"og:title\" content=\"Kirchenmusik in Salzburg\" \/>\n<meta property=\"og:description\" content=\"Ein Blick \u00fcber die D\u00e4cher der Salzburger Altstadt gen\u00fcgt, um die Stellung der Kirche in dieser Region zu erfassen. Die Erzbisch\u00f6fe lenkten und leiteten nicht nur die Geschicke der Politik und der Kirche, sondern zeichneten sich \u201eganz nebenbei\u201c auch noch als F\u00f6rderer der Musik aus. Mozart ist nat\u00fcrlich das ber\u00fchmteste Beispiel daf\u00fcr. Aber auch andere [&hellip;]\" \/>\n<meta property=\"og:url\" content=\"https:\/\/www.salzburgerland.com\/de\/magazin\/kirchenmusik-in-salzburg\/\" \/>\n<meta property=\"og:site_name\" content=\"SalzburgerLand Magazin\" \/>\n<meta property=\"article:publisher\" content=\"https:\/\/www.facebook.com\/salzburgerland\/\" \/>\n<meta property=\"article:published_time\" content=\"2016-04-05T10:04:34+00:00\" \/>\n<meta property=\"article:modified_time\" content=\"2016-04-05T10:23:36+00:00\" \/>\n<meta property=\"og:image\" content=\"https:\/\/www.salzburgerland.com\/de\/magazin\/wp-content\/uploads\/2016\/03\/domorgel-klein.jpg\" \/>\n\t<meta property=\"og:image:width\" content=\"1438\" \/>\n\t<meta property=\"og:image:height\" content=\"1600\" \/>\n\t<meta property=\"og:image:type\" content=\"image\/jpeg\" \/>\n<meta name=\"author\" content=\"Michael Schmuck\" \/>\n<meta name=\"twitter:card\" content=\"summary_large_image\" \/>\n<meta name=\"twitter:creator\" content=\"@Salzburgerland\" \/>\n<meta name=\"twitter:site\" content=\"@Salzburgerland\" \/>\n<meta name=\"twitter:label1\" content=\"Verfasst von\" \/>\n\t<meta name=\"twitter:data1\" content=\"Michael Schmuck\" \/>\n\t<meta name=\"twitter:label2\" content=\"Gesch\u00e4tzte Lesezeit\" \/>\n\t<meta name=\"twitter:data2\" content=\"4\u00a0Minuten\" \/>\n<script type=\"application\/ld+json\" class=\"yoast-schema-graph\">{\"@context\":\"https:\\\/\\\/schema.org\",\"@graph\":[{\"@type\":\"Article\",\"@id\":\"https:\\\/\\\/www.salzburgerland.com\\\/de\\\/magazin\\\/kirchenmusik-in-salzburg\\\/#article\",\"isPartOf\":{\"@id\":\"https:\\\/\\\/www.salzburgerland.com\\\/de\\\/magazin\\\/kirchenmusik-in-salzburg\\\/\"},\"author\":{\"name\":\"Michael Schmuck\",\"@id\":\"https:\\\/\\\/www.salzburgerland.com\\\/de\\\/magazin\\\/#\\\/schema\\\/person\\\/2046d4aa2c1dc6f3c520c846cddfd1af\"},\"headline\":\"Kirchenmusik in Salzburg\",\"datePublished\":\"2016-04-05T10:04:34+00:00\",\"dateModified\":\"2016-04-05T10:23:36+00:00\",\"mainEntityOfPage\":{\"@id\":\"https:\\\/\\\/www.salzburgerland.com\\\/de\\\/magazin\\\/kirchenmusik-in-salzburg\\\/\"},\"wordCount\":772,\"commentCount\":0,\"publisher\":{\"@id\":\"https:\\\/\\\/www.salzburgerland.com\\\/de\\\/magazin\\\/#organization\"},\"image\":{\"@id\":\"https:\\\/\\\/www.salzburgerland.com\\\/de\\\/magazin\\\/kirchenmusik-in-salzburg\\\/#primaryimage\"},\"thumbnailUrl\":\"https:\\\/\\\/www.salzburgerland.com\\\/de\\\/magazin\\\/wp-content\\\/uploads\\\/2016\\\/03\\\/domorgel-klein.jpg\",\"articleSection\":[\"Kunst &amp; Kultur\"],\"inLanguage\":\"de\",\"potentialAction\":[{\"@type\":\"CommentAction\",\"name\":\"Comment\",\"target\":[\"https:\\\/\\\/www.salzburgerland.com\\\/de\\\/magazin\\\/kirchenmusik-in-salzburg\\\/#respond\"]}]},{\"@type\":\"WebPage\",\"@id\":\"https:\\\/\\\/www.salzburgerland.com\\\/de\\\/magazin\\\/kirchenmusik-in-salzburg\\\/\",\"url\":\"https:\\\/\\\/www.salzburgerland.com\\\/de\\\/magazin\\\/kirchenmusik-in-salzburg\\\/\",\"name\":\"Kirchenmusik in Salzburg - SalzburgerLand Magazin\",\"isPartOf\":{\"@id\":\"https:\\\/\\\/www.salzburgerland.com\\\/de\\\/magazin\\\/#website\"},\"primaryImageOfPage\":{\"@id\":\"https:\\\/\\\/www.salzburgerland.com\\\/de\\\/magazin\\\/kirchenmusik-in-salzburg\\\/#primaryimage\"},\"image\":{\"@id\":\"https:\\\/\\\/www.salzburgerland.com\\\/de\\\/magazin\\\/kirchenmusik-in-salzburg\\\/#primaryimage\"},\"thumbnailUrl\":\"https:\\\/\\\/www.salzburgerland.com\\\/de\\\/magazin\\\/wp-content\\\/uploads\\\/2016\\\/03\\\/domorgel-klein.jpg\",\"datePublished\":\"2016-04-05T10:04:34+00:00\",\"dateModified\":\"2016-04-05T10:23:36+00:00\",\"breadcrumb\":{\"@id\":\"https:\\\/\\\/www.salzburgerland.com\\\/de\\\/magazin\\\/kirchenmusik-in-salzburg\\\/#breadcrumb\"},\"inLanguage\":\"de\",\"potentialAction\":[{\"@type\":\"ReadAction\",\"target\":[\"https:\\\/\\\/www.salzburgerland.com\\\/de\\\/magazin\\\/kirchenmusik-in-salzburg\\\/\"]}]},{\"@type\":\"ImageObject\",\"inLanguage\":\"de\",\"@id\":\"https:\\\/\\\/www.salzburgerland.com\\\/de\\\/magazin\\\/kirchenmusik-in-salzburg\\\/#primaryimage\",\"url\":\"https:\\\/\\\/www.salzburgerland.com\\\/de\\\/magazin\\\/wp-content\\\/uploads\\\/2016\\\/03\\\/domorgel-klein.jpg\",\"contentUrl\":\"https:\\\/\\\/www.salzburgerland.com\\\/de\\\/magazin\\\/wp-content\\\/uploads\\\/2016\\\/03\\\/domorgel-klein.jpg\",\"width\":1438,\"height\":1600,\"caption\":\"Eine der 4 Domorgeln im Hauptraum\"},{\"@type\":\"BreadcrumbList\",\"@id\":\"https:\\\/\\\/www.salzburgerland.com\\\/de\\\/magazin\\\/kirchenmusik-in-salzburg\\\/#breadcrumb\",\"itemListElement\":[{\"@type\":\"ListItem\",\"position\":1,\"name\":\"Startseite\",\"item\":\"https:\\\/\\\/www.salzburgerland.com\\\/de\\\/magazin\\\/\"},{\"@type\":\"ListItem\",\"position\":2,\"name\":\"Kunst &amp; Kultur\",\"item\":\"https:\\\/\\\/www.salzburgerland.com\\\/de\\\/magazin\\\/thema\\\/kunst-kultur\\\/\"},{\"@type\":\"ListItem\",\"position\":3,\"name\":\"Kirchenmusik in Salzburg\"}]},{\"@type\":\"WebSite\",\"@id\":\"https:\\\/\\\/www.salzburgerland.com\\\/de\\\/magazin\\\/#website\",\"url\":\"https:\\\/\\\/www.salzburgerland.com\\\/de\\\/magazin\\\/\",\"name\":\"SalzburgerLand Magazin\",\"description\":\"Geschichten und Interessantes aus dem SalzburgerLand\",\"publisher\":{\"@id\":\"https:\\\/\\\/www.salzburgerland.com\\\/de\\\/magazin\\\/#organization\"},\"potentialAction\":[{\"@type\":\"SearchAction\",\"target\":{\"@type\":\"EntryPoint\",\"urlTemplate\":\"https:\\\/\\\/www.salzburgerland.com\\\/de\\\/magazin\\\/?s={search_term_string}\"},\"query-input\":{\"@type\":\"PropertyValueSpecification\",\"valueRequired\":true,\"valueName\":\"search_term_string\"}}],\"inLanguage\":\"de\"},{\"@type\":\"Organization\",\"@id\":\"https:\\\/\\\/www.salzburgerland.com\\\/de\\\/magazin\\\/#organization\",\"name\":\"SalzburgerLand Tourismus\",\"url\":\"https:\\\/\\\/www.salzburgerland.com\\\/de\\\/magazin\\\/\",\"logo\":{\"@type\":\"ImageObject\",\"inLanguage\":\"de\",\"@id\":\"https:\\\/\\\/www.salzburgerland.com\\\/de\\\/magazin\\\/#\\\/schema\\\/logo\\\/image\\\/\",\"url\":\"https:\\\/\\\/www.salzburgerland.com\\\/de\\\/magazin\\\/wp-content\\\/uploads\\\/2019\\\/06\\\/salzburgerland-logo1.jpg\",\"contentUrl\":\"https:\\\/\\\/www.salzburgerland.com\\\/de\\\/magazin\\\/wp-content\\\/uploads\\\/2019\\\/06\\\/salzburgerland-logo1.jpg\",\"width\":2011,\"height\":866,\"caption\":\"SalzburgerLand Tourismus\"},\"image\":{\"@id\":\"https:\\\/\\\/www.salzburgerland.com\\\/de\\\/magazin\\\/#\\\/schema\\\/logo\\\/image\\\/\"},\"sameAs\":[\"https:\\\/\\\/www.facebook.com\\\/salzburgerland\\\/\",\"https:\\\/\\\/x.com\\\/Salzburgerland\",\"https:\\\/\\\/www.instagram.com\\\/salzburgerland\\\/\",\"https:\\\/\\\/at.linkedin.com\\\/company\\\/salzburgerland-tourismus-gmbh\",\"https:\\\/\\\/www.pinterest.at\\\/salzburgerland\\\/\",\"https:\\\/\\\/www.youtube.com\\\/user\\\/salzburgerland\",\"https:\\\/\\\/de.wikipedia.org\\\/wiki\\\/SalzburgerLand_Tourismus_GmbH\"]},{\"@type\":\"Person\",\"@id\":\"https:\\\/\\\/www.salzburgerland.com\\\/de\\\/magazin\\\/#\\\/schema\\\/person\\\/2046d4aa2c1dc6f3c520c846cddfd1af\",\"name\":\"Michael Schmuck\",\"description\":\"Michael Schmuck ist praktisch mit Instrumenten in der Hand und klassischer Musik aufgewachsen. Inzwischen gesellen sich dazu aber vermehrt lautere und modernere\u00a0T\u00f6ne. Um sich sein Hobby zu bewahren studierte er jedoch etwas anderes (WerbeDesign) und wohnt seitdem in\u00a0Salzburg. Auch nach 7 Jahren wird er von jedem Salzburger innerhalb weniger S\u00e4tze als Bayer entlarvt. Macht ihm aber nichts.\",\"url\":\"https:\\\/\\\/www.salzburgerland.com\\\/de\\\/magazin\\\/author\\\/michael-schmuck\\\/\"}]}<\/script>\n<!-- \/ Yoast SEO Premium plugin. -->","yoast_head_json":{"title":"Kirchenmusik in Salzburg - SalzburgerLand Magazin","description":"Ein Blick \u00fcber die D\u00e4cher der Salzburger Altstadt gen\u00fcgt, um die Stellung der Kirche in dieser Region zu erfassen. Die Erzbisch\u00f6fe lenkten und leiteten nicht nur die Geschicke der Politik und der Kirche, sondern zeichneten sich \u201eganz nebenbei\u201c auch noch als F\u00f6rderer der Musik aus. Mozart ist nat\u00fcrlich das ber\u00fchmteste Beispiel daf\u00fcr. Aber auch andere [&hellip;]","robots":{"index":"index","follow":"follow","max-snippet":"max-snippet:-1","max-image-preview":"max-image-preview:large","max-video-preview":"max-video-preview:-1"},"canonical":"https:\/\/www.salzburgerland.com\/de\/magazin\/kirchenmusik-in-salzburg\/","og_locale":"de_DE","og_type":"article","og_title":"Kirchenmusik in Salzburg","og_description":"Ein Blick \u00fcber die D\u00e4cher der Salzburger Altstadt gen\u00fcgt, um die Stellung der Kirche in dieser Region zu erfassen. Die Erzbisch\u00f6fe lenkten und leiteten nicht nur die Geschicke der Politik und der Kirche, sondern zeichneten sich \u201eganz nebenbei\u201c auch noch als F\u00f6rderer der Musik aus. Mozart ist nat\u00fcrlich das ber\u00fchmteste Beispiel daf\u00fcr. Aber auch andere [&hellip;]","og_url":"https:\/\/www.salzburgerland.com\/de\/magazin\/kirchenmusik-in-salzburg\/","og_site_name":"SalzburgerLand Magazin","article_publisher":"https:\/\/www.facebook.com\/salzburgerland\/","article_published_time":"2016-04-05T10:04:34+00:00","article_modified_time":"2016-04-05T10:23:36+00:00","og_image":[{"width":1438,"height":1600,"url":"https:\/\/www.salzburgerland.com\/de\/magazin\/wp-content\/uploads\/2016\/03\/domorgel-klein.jpg","type":"image\/jpeg"}],"author":"Michael Schmuck","twitter_card":"summary_large_image","twitter_creator":"@Salzburgerland","twitter_site":"@Salzburgerland","twitter_misc":{"Verfasst von":"Michael Schmuck","Gesch\u00e4tzte Lesezeit":"4\u00a0Minuten"},"schema":{"@context":"https:\/\/schema.org","@graph":[{"@type":"Article","@id":"https:\/\/www.salzburgerland.com\/de\/magazin\/kirchenmusik-in-salzburg\/#article","isPartOf":{"@id":"https:\/\/www.salzburgerland.com\/de\/magazin\/kirchenmusik-in-salzburg\/"},"author":{"name":"Michael Schmuck","@id":"https:\/\/www.salzburgerland.com\/de\/magazin\/#\/schema\/person\/2046d4aa2c1dc6f3c520c846cddfd1af"},"headline":"Kirchenmusik in Salzburg","datePublished":"2016-04-05T10:04:34+00:00","dateModified":"2016-04-05T10:23:36+00:00","mainEntityOfPage":{"@id":"https:\/\/www.salzburgerland.com\/de\/magazin\/kirchenmusik-in-salzburg\/"},"wordCount":772,"commentCount":0,"publisher":{"@id":"https:\/\/www.salzburgerland.com\/de\/magazin\/#organization"},"image":{"@id":"https:\/\/www.salzburgerland.com\/de\/magazin\/kirchenmusik-in-salzburg\/#primaryimage"},"thumbnailUrl":"https:\/\/www.salzburgerland.com\/de\/magazin\/wp-content\/uploads\/2016\/03\/domorgel-klein.jpg","articleSection":["Kunst &amp; Kultur"],"inLanguage":"de","potentialAction":[{"@type":"CommentAction","name":"Comment","target":["https:\/\/www.salzburgerland.com\/de\/magazin\/kirchenmusik-in-salzburg\/#respond"]}]},{"@type":"WebPage","@id":"https:\/\/www.salzburgerland.com\/de\/magazin\/kirchenmusik-in-salzburg\/","url":"https:\/\/www.salzburgerland.com\/de\/magazin\/kirchenmusik-in-salzburg\/","name":"Kirchenmusik in Salzburg - SalzburgerLand Magazin","isPartOf":{"@id":"https:\/\/www.salzburgerland.com\/de\/magazin\/#website"},"primaryImageOfPage":{"@id":"https:\/\/www.salzburgerland.com\/de\/magazin\/kirchenmusik-in-salzburg\/#primaryimage"},"image":{"@id":"https:\/\/www.salzburgerland.com\/de\/magazin\/kirchenmusik-in-salzburg\/#primaryimage"},"thumbnailUrl":"https:\/\/www.salzburgerland.com\/de\/magazin\/wp-content\/uploads\/2016\/03\/domorgel-klein.jpg","datePublished":"2016-04-05T10:04:34+00:00","dateModified":"2016-04-05T10:23:36+00:00","breadcrumb":{"@id":"https:\/\/www.salzburgerland.com\/de\/magazin\/kirchenmusik-in-salzburg\/#breadcrumb"},"inLanguage":"de","potentialAction":[{"@type":"ReadAction","target":["https:\/\/www.salzburgerland.com\/de\/magazin\/kirchenmusik-in-salzburg\/"]}]},{"@type":"ImageObject","inLanguage":"de","@id":"https:\/\/www.salzburgerland.com\/de\/magazin\/kirchenmusik-in-salzburg\/#primaryimage","url":"https:\/\/www.salzburgerland.com\/de\/magazin\/wp-content\/uploads\/2016\/03\/domorgel-klein.jpg","contentUrl":"https:\/\/www.salzburgerland.com\/de\/magazin\/wp-content\/uploads\/2016\/03\/domorgel-klein.jpg","width":1438,"height":1600,"caption":"Eine der 4 Domorgeln im Hauptraum"},{"@type":"BreadcrumbList","@id":"https:\/\/www.salzburgerland.com\/de\/magazin\/kirchenmusik-in-salzburg\/#breadcrumb","itemListElement":[{"@type":"ListItem","position":1,"name":"Startseite","item":"https:\/\/www.salzburgerland.com\/de\/magazin\/"},{"@type":"ListItem","position":2,"name":"Kunst &amp; Kultur","item":"https:\/\/www.salzburgerland.com\/de\/magazin\/thema\/kunst-kultur\/"},{"@type":"ListItem","position":3,"name":"Kirchenmusik in Salzburg"}]},{"@type":"WebSite","@id":"https:\/\/www.salzburgerland.com\/de\/magazin\/#website","url":"https:\/\/www.salzburgerland.com\/de\/magazin\/","name":"SalzburgerLand Magazin","description":"Geschichten und Interessantes aus dem SalzburgerLand","publisher":{"@id":"https:\/\/www.salzburgerland.com\/de\/magazin\/#organization"},"potentialAction":[{"@type":"SearchAction","target":{"@type":"EntryPoint","urlTemplate":"https:\/\/www.salzburgerland.com\/de\/magazin\/?s={search_term_string}"},"query-input":{"@type":"PropertyValueSpecification","valueRequired":true,"valueName":"search_term_string"}}],"inLanguage":"de"},{"@type":"Organization","@id":"https:\/\/www.salzburgerland.com\/de\/magazin\/#organization","name":"SalzburgerLand Tourismus","url":"https:\/\/www.salzburgerland.com\/de\/magazin\/","logo":{"@type":"ImageObject","inLanguage":"de","@id":"https:\/\/www.salzburgerland.com\/de\/magazin\/#\/schema\/logo\/image\/","url":"https:\/\/www.salzburgerland.com\/de\/magazin\/wp-content\/uploads\/2019\/06\/salzburgerland-logo1.jpg","contentUrl":"https:\/\/www.salzburgerland.com\/de\/magazin\/wp-content\/uploads\/2019\/06\/salzburgerland-logo1.jpg","width":2011,"height":866,"caption":"SalzburgerLand Tourismus"},"image":{"@id":"https:\/\/www.salzburgerland.com\/de\/magazin\/#\/schema\/logo\/image\/"},"sameAs":["https:\/\/www.facebook.com\/salzburgerland\/","https:\/\/x.com\/Salzburgerland","https:\/\/www.instagram.com\/salzburgerland\/","https:\/\/at.linkedin.com\/company\/salzburgerland-tourismus-gmbh","https:\/\/www.pinterest.at\/salzburgerland\/","https:\/\/www.youtube.com\/user\/salzburgerland","https:\/\/de.wikipedia.org\/wiki\/SalzburgerLand_Tourismus_GmbH"]},{"@type":"Person","@id":"https:\/\/www.salzburgerland.com\/de\/magazin\/#\/schema\/person\/2046d4aa2c1dc6f3c520c846cddfd1af","name":"Michael Schmuck","description":"Michael Schmuck ist praktisch mit Instrumenten in der Hand und klassischer Musik aufgewachsen. Inzwischen gesellen sich dazu aber vermehrt lautere und modernere\u00a0T\u00f6ne. Um sich sein Hobby zu bewahren studierte er jedoch etwas anderes (WerbeDesign) und wohnt seitdem in\u00a0Salzburg. Auch nach 7 Jahren wird er von jedem Salzburger innerhalb weniger S\u00e4tze als Bayer entlarvt. Macht ihm aber nichts.","url":"https:\/\/www.salzburgerland.com\/de\/magazin\/author\/michael-schmuck\/"}]}},"_wl_alt_label":[],"wl:entity_url":"http:\/\/open.salzburgerland.com\/magazin\/post\/kirchenmusik_in_salzburg","_links":{"self":[{"href":"https:\/\/www.salzburgerland.com\/de\/magazin\/wp-json\/wp\/v2\/posts\/105179","targetHints":{"allow":["GET"]}}],"collection":[{"href":"https:\/\/www.salzburgerland.com\/de\/magazin\/wp-json\/wp\/v2\/posts"}],"about":[{"href":"https:\/\/www.salzburgerland.com\/de\/magazin\/wp-json\/wp\/v2\/types\/post"}],"author":[{"embeddable":true,"href":"https:\/\/www.salzburgerland.com\/de\/magazin\/wp-json\/wp\/v2\/users\/531"}],"replies":[{"embeddable":true,"href":"https:\/\/www.salzburgerland.com\/de\/magazin\/wp-json\/wp\/v2\/comments?post=105179"}],"version-history":[{"count":0,"href":"https:\/\/www.salzburgerland.com\/de\/magazin\/wp-json\/wp\/v2\/posts\/105179\/revisions"}],"wp:featuredmedia":[{"embeddable":true,"href":"https:\/\/www.salzburgerland.com\/de\/magazin\/wp-json\/wp\/v2\/media\/105181"}],"wp:attachment":[{"href":"https:\/\/www.salzburgerland.com\/de\/magazin\/wp-json\/wp\/v2\/media?parent=105179"}],"wp:term":[{"taxonomy":"category","embeddable":true,"href":"https:\/\/www.salzburgerland.com\/de\/magazin\/wp-json\/wp\/v2\/categories?post=105179"},{"taxonomy":"post_tag","embeddable":true,"href":"https:\/\/www.salzburgerland.com\/de\/magazin\/wp-json\/wp\/v2\/tags?post=105179"},{"taxonomy":"wl_entity_type","embeddable":true,"href":"https:\/\/www.salzburgerland.com\/de\/magazin\/wp-json\/wp\/v2\/wl_entity_type?post=105179"},{"taxonomy":"monatsauswahl","embeddable":true,"href":"https:\/\/www.salzburgerland.com\/de\/magazin\/wp-json\/wp\/v2\/monatsauswahl?post=105179"}],"curies":[{"name":"wp","href":"https:\/\/api.w.org\/{rel}","templated":true}]}}