{"id":105129,"date":"2016-03-18T17:32:37","date_gmt":"2016-03-18T16:32:37","guid":{"rendered":"http:\/\/magazin.salzburgerland.com\/?p=105129"},"modified":"2023-06-22T09:05:33","modified_gmt":"2023-06-22T07:05:33","slug":"175-jahre-erstbesteigung-grossvenediger","status":"publish","type":"post","link":"https:\/\/www.salzburgerland.com\/de\/magazin\/175-jahre-erstbesteigung-grossvenediger\/","title":{"rendered":"180 Jahre Erstbesteigung Gro\u00dfvenediger"},"content":{"rendered":"\n<p class=\"p1\">\u201eWeltalte Majest\u00e4t\u201c wird er aufgrund seines imposanten Erscheinungsbildes auch genannt und er ist mit seinen 3 666 m der h\u00f6chste Berg im SalzburgerLand &#8211; der Gro\u00dfvenediger. Lange galt er als unbezwingbar und selbst der h\u00f6chste Berg \u00d6sterreichs, der Gro\u00dfglockner, wurde schon Jahre vor dem Gro\u00dfvenediger erobert.<\/p>\n\n\n\n<p class=\"p1\">Der markante, vergletscherte Gipfel ist Teil der Venedigergruppe in den Hohen Tauern und wurde vor 175 Jahren von mutigen Bergbegeisterten zum ersten Mal bezwungen. Die Gemeinde <a href=\"http:\/\/wildkogel-arena.at\" target=\"_blank\" rel=\"noopener\">Neukirchen<\/a>, n\u00f6rdlich des Gro\u00dfvenedigers gelegen, feiert in diesem Jahr in Gedenken an die Pioniere der Erstbesteigung das 175-Jahr-Jubil\u00e4um mit zahlreichen Festen und sportlichen H\u00f6hepunkten.<\/p>\n\n\n\n<figure class=\"wp-block-image alignnone\"><a href=\"https:\/\/www.salzburgerland.com\/de\/magazin\/wp-content\/uploads\/2016\/03\/Erstbesteigung_Grossvenediger_gerade.jpg\" rel=\"attachment wp-att-105131\"><img decoding=\"async\" src=\"https:\/\/www.salzburgerland.com\/de\/magazin\/wp-content\/uploads\/2016\/03\/Erstbesteigung_Grossvenediger_gerade-650x435.jpg\" alt=\"Gross-Venediger, Franz Pracher, um 1841\" class=\"wp-image-105131\"\/><\/a><figcaption class=\"wp-element-caption\">Gross-Venediger, Franz Pracher, um 1841<\/figcaption><\/figure>\n\n\n\n<h2 class=\"wp-block-heading\" id=\"h-die-geschichte-der-erstbesteigung\"><b>Die Geschichte der Erstbesteigung<\/b><\/h2>\n\n\n\n<p class=\"p1\">Schon seit jeher \u00fcbten die schneebedeckten Flanken und steilen Grate des Gro\u00dfvenedigers eine gro\u00dfe Faszination auf die Bergsteiger aus und viele Mythen rankten sich um diesen Berg. So dachte man, dass man vom Gipfel bis nach Venedig blicken k\u00f6nne. Der Gipfel, der bis 1797 unter dem Namen St\u00fctzerkopf eingetragen war, wehrte sich allerdings vorerst gegen seine Erstbesteigung.<\/p>\n\n\n\n<p class=\"p1\">Es war ein adeliger Bergfex, der im Jahre 1828 erstmals eine Expedition auf den Gro\u00dfvenediger startete. Erzherzog Johann, Sohn des \u00f6sterreichischen Kaiserhauses Habsburg, der eine 16-k\u00f6pfige Gruppe von Bergsteigern f\u00fcr dieses Vorhaben zusammentrommelte. Der Bramberger Oberf\u00f6rster und J\u00e4ger Paul Rohregger wurde als Ortskundiger zum Expeditionsleiter erkoren. Am 7. August brach die Gruppe von Bramberg \u00fcber Neukirchen bis zum Fu\u00df des Gletschers im Obersulzbachtal auf, wo sie auf der Ascham-Alm \u00fcbernachtete. Nach achts\u00fcndigem Anstieg am folgenden Tag \u00fcber die schwierige Nordgrat-Route, mahnte Paul Rohregger wegen der steigenden Lawinengefahr zur Umkehr. Doch seine Begleiter schlugen die Warnung in den Wind. Kurz unter dem Gipfel l\u00f6ste sich schlie\u00dflich eine Lawine, die Paul Rohregger, der zur Routenerkundung alleine vorausgegangen war, unter sich begrub und schwer verletzte. So fand dieser erste Eroberungsversuch des Gro\u00dfvenedigers sein j\u00e4hes Ende.<\/p>\n\n\n\n<figure class=\"wp-block-image alignnone\"><a href=\"https:\/\/www.salzburgerland.com\/de\/magazin\/wp-content\/uploads\/2016\/03\/venedigerbesteigung_tafelNEU.jpg\" rel=\"attachment wp-att-105152\"><img decoding=\"async\" src=\"https:\/\/www.salzburgerland.com\/de\/magazin\/wp-content\/uploads\/2016\/03\/venedigerbesteigung_tafelNEU-650x435.jpg\" alt=\"Die Tafel erinnert an die Erstbesteigung\" class=\"wp-image-105152\"\/><\/a><figcaption class=\"wp-element-caption\">Die Tafel erinnert an die Erstbesteigung<\/figcaption><\/figure>\n\n\n\n<h2 class=\"wp-block-heading\" id=\"h-gipfelsieg-im-zweiten-anlauf\"><b>Gipfelsieg im zweiten Anlauf<\/b><\/h2>\n\n\n\n<p class=\"p1\">Erst 13 Jahre sp\u00e4ter, am 3. September 1841 initiierte der Mittersiller Pfleger Ignaz von K\u00fcrsinger einen neuen Erstbesteigungs-Versuch. 40 Mann stark war die Gruppe, die unter der Leitung der erfahrenen einheimischen F\u00fchrer Josef Schwab und Franz Scharler von Neukirchen \u00fcber das Obersulzbachtal mit \u00dcbernachtung auf der Ascham-Alm aufbrache. Ebenfalls Mitglied der Expedition war der Wiener Geograf Dr. Anton von Ruthner, ein erfahrener Bergsteiger, bedeutender Tauernforscher und sp\u00e4ter Mitbegr\u00fcnder des \u00d6sterreichischen Alpenvereins. Auch Paul Rohregger, der sich von den schweren Verletzungen nach dem gescheiterten Erstversuch erholt hatte, nahm mit seinem Sohn Georg erneut den Gipfelsturm in Angriff. \u00dcber die Stierlahnerwand und das Steinkar ging es \u00fcber den Gletscher bis zur Venedigerscharte. 26 M\u00e4nner der Expedition stiegen von hier unter der F\u00fchrung des Fahnentr\u00e4gers Josef Schwab und Franz Scharler \u00fcber den S\u00fcdkamm erfolgreich zum Gipfel auf. Auf dem Gipfel wurde unter patriotischen Rufen die Fahne gehisst, die sp\u00e4ter dem Museum in Salzburg \u00fcbergeben wurde.<\/p>\n\n\n\n<p class=\"p1\">Der Weg der Erstbesteiger gilt heute als Normalweg und \u00fcber die Berndlalm und die Postalm steigt man zum Basislager, der <span class=\"s1\">2 558 m hoch gelegenen<\/span> <a href=\"http:\/\/www.kuersinger-huette.at\/\" target=\"_blank\" rel=\"noopener\">K\u00fcrsingerh\u00fctte<\/a> auf. Auch wenn seit der Erstbesteigung 175 Jahre vergangen sind, hat die \u201eWeltalte Majest\u00e4t\u201c an Faszination nichts eingeb\u00fc\u00dft und heute noch ist die Eroberung dieses Gipfels ein H\u00f6hepunkt f\u00fcr alle Bergsteiger.<\/p>\n\n\n\n<figure class=\"wp-block-image alignnone\"><a href=\"https:\/\/www.salzburgerland.com\/de\/magazin\/wp-content\/uploads\/2016\/03\/Venediger-01.jpg\" rel=\"attachment wp-att-105133\"><img decoding=\"async\" src=\"https:\/\/www.salzburgerland.com\/de\/magazin\/wp-content\/uploads\/2016\/03\/Venediger-01-650x435.jpg\" alt=\"Die Weltalte Majest\u00e4t - der Gro\u00dfvenediger\" class=\"wp-image-105133\"\/><\/a><figcaption class=\"wp-element-caption\">Die Weltalte Majest\u00e4t &#8211; der Gro\u00dfvenediger<\/figcaption><\/figure>\n\n\n\n<p class=\"p1\">Fotos: Tourismusverband Neukirchen<\/p>\n","protected":false},"excerpt":{"rendered":"<p>\u201eWeltalte Majest\u00e4t\u201c wird er aufgrund seines imposanten Erscheinungsbildes auch genannt und er ist mit seinen 3 666 m der h\u00f6chste Berg im SalzburgerLand &#8211; der Gro\u00dfvenediger. Lange galt er als unbezwingbar und selbst der h\u00f6chste Berg \u00d6sterreichs, der Gro\u00dfglockner, wurde schon Jahre vor dem Gro\u00dfvenediger erobert. Der markante, vergletscherte Gipfel ist Teil der Venedigergruppe in [&hellip;]<\/p>\n","protected":false},"author":11,"featured_media":105134,"comment_status":"open","ping_status":"open","sticky":false,"template":"","format":"standard","meta":{"_acf_changed":false,"wl_entities_gutenberg":"","_wl_entity_redirect_enabled":"","footnotes":""},"categories":[7551],"tags":[240],"wl_entity_type":[306],"monatsauswahl":[82,83,84,85,86,87,88,89,90,91,92,93],"class_list":["post-105129","post","type-post","status-publish","format-standard","has-post-thumbnail","hentry","category-archiv","tag-nationalpark","wl_entity_type-article","monatsauswahl-monat_1","monatsauswahl-monat_2","monatsauswahl-monat_3","monatsauswahl-monat_4","monatsauswahl-monat_5","monatsauswahl-monat_6","monatsauswahl-monat_7","monatsauswahl-monat_8","monatsauswahl-monat_9","monatsauswahl-monat_10","monatsauswahl-monat_11","monatsauswahl-monat_12"],"acf":[],"yoast_head":"<!-- This site is optimized with the Yoast SEO Premium plugin v27.4 (Yoast SEO v27.4) - https:\/\/yoast.com\/product\/yoast-seo-premium-wordpress\/ -->\n<title>180 Jahre Erstbesteigung Gro\u00dfvenediger - SalzburgerLand Magazin<\/title>\n<meta name=\"description\" content=\"\u201eWeltalte Majest\u00e4t\u201c wird er aufgrund seines imposanten Erscheinungsbildes auch genannt und er ist mit seinen 3 666 m der h\u00f6chste Berg im SalzburgerLand &#8211; der Gro\u00dfvenediger. Lange galt er als unbezwingbar und selbst der h\u00f6chste Berg \u00d6sterreichs, der Gro\u00dfglockner, wurde schon Jahre vor dem Gro\u00dfvenediger erobert. Der markante, vergletscherte Gipfel ist Teil der Venedigergruppe in [&hellip;]\" \/>\n<meta name=\"robots\" content=\"noindex, nofollow\" \/>\n<meta property=\"og:locale\" content=\"de_DE\" \/>\n<meta property=\"og:type\" content=\"article\" \/>\n<meta property=\"og:title\" content=\"180 Jahre Erstbesteigung Gro\u00dfvenediger\" \/>\n<meta property=\"og:description\" content=\"\u201eWeltalte Majest\u00e4t\u201c wird er aufgrund seines imposanten Erscheinungsbildes auch genannt und er ist mit seinen 3 666 m der h\u00f6chste Berg im SalzburgerLand &#8211; der Gro\u00dfvenediger. Lange galt er als unbezwingbar und selbst der h\u00f6chste Berg \u00d6sterreichs, der Gro\u00dfglockner, wurde schon Jahre vor dem Gro\u00dfvenediger erobert. Der markante, vergletscherte Gipfel ist Teil der Venedigergruppe in [&hellip;]\" \/>\n<meta property=\"og:url\" content=\"https:\/\/www.salzburgerland.com\/de\/magazin\/175-jahre-erstbesteigung-grossvenediger\/\" \/>\n<meta property=\"og:site_name\" content=\"SalzburgerLand Magazin\" \/>\n<meta property=\"article:publisher\" content=\"https:\/\/www.facebook.com\/salzburgerland\/\" \/>\n<meta property=\"article:published_time\" content=\"2016-03-18T16:32:37+00:00\" \/>\n<meta property=\"article:modified_time\" content=\"2023-06-22T07:05:33+00:00\" \/>\n<meta property=\"og:image\" content=\"https:\/\/www.salzburgerland.com\/de\/magazin\/wp-content\/uploads\/2016\/03\/Venediger-Nacht.jpg\" \/>\n\t<meta property=\"og:image:width\" content=\"1563\" \/>\n\t<meta property=\"og:image:height\" content=\"1045\" \/>\n\t<meta property=\"og:image:type\" content=\"image\/jpeg\" \/>\n<meta name=\"author\" content=\"Edith Danzer\" \/>\n<meta name=\"twitter:card\" content=\"summary_large_image\" \/>\n<meta name=\"twitter:creator\" content=\"@Salzburgerland\" \/>\n<meta name=\"twitter:site\" content=\"@Salzburgerland\" \/>\n<meta name=\"twitter:label1\" content=\"Verfasst von\" \/>\n\t<meta name=\"twitter:data1\" content=\"Edith Danzer\" \/>\n\t<meta name=\"twitter:label2\" content=\"Gesch\u00e4tzte Lesezeit\" \/>\n\t<meta name=\"twitter:data2\" content=\"4\u00a0Minuten\" \/>\n<script type=\"application\/ld+json\" class=\"yoast-schema-graph\">{\"@context\":\"https:\\\/\\\/schema.org\",\"@graph\":[{\"@type\":\"Article\",\"@id\":\"https:\\\/\\\/www.salzburgerland.com\\\/de\\\/magazin\\\/175-jahre-erstbesteigung-grossvenediger\\\/#article\",\"isPartOf\":{\"@id\":\"https:\\\/\\\/www.salzburgerland.com\\\/de\\\/magazin\\\/175-jahre-erstbesteigung-grossvenediger\\\/\"},\"author\":{\"name\":\"Edith Danzer\",\"@id\":\"https:\\\/\\\/www.salzburgerland.com\\\/de\\\/magazin\\\/#\\\/schema\\\/person\\\/79452c699c410aa31a119426313748de\"},\"headline\":\"180 Jahre Erstbesteigung Gro\u00dfvenediger\",\"datePublished\":\"2016-03-18T16:32:37+00:00\",\"dateModified\":\"2023-06-22T07:05:33+00:00\",\"mainEntityOfPage\":{\"@id\":\"https:\\\/\\\/www.salzburgerland.com\\\/de\\\/magazin\\\/175-jahre-erstbesteigung-grossvenediger\\\/\"},\"wordCount\":553,\"commentCount\":0,\"publisher\":{\"@id\":\"https:\\\/\\\/www.salzburgerland.com\\\/de\\\/magazin\\\/#organization\"},\"image\":{\"@id\":\"https:\\\/\\\/www.salzburgerland.com\\\/de\\\/magazin\\\/175-jahre-erstbesteigung-grossvenediger\\\/#primaryimage\"},\"thumbnailUrl\":\"https:\\\/\\\/www.salzburgerland.com\\\/de\\\/magazin\\\/wp-content\\\/uploads\\\/2016\\\/03\\\/Venediger-Nacht.jpg\",\"keywords\":[\"nationalpark\"],\"articleSection\":[\"Archiv\"],\"inLanguage\":\"de\",\"potentialAction\":[{\"@type\":\"CommentAction\",\"name\":\"Comment\",\"target\":[\"https:\\\/\\\/www.salzburgerland.com\\\/de\\\/magazin\\\/175-jahre-erstbesteigung-grossvenediger\\\/#respond\"]}]},{\"@type\":\"WebPage\",\"@id\":\"https:\\\/\\\/www.salzburgerland.com\\\/de\\\/magazin\\\/175-jahre-erstbesteigung-grossvenediger\\\/\",\"url\":\"https:\\\/\\\/www.salzburgerland.com\\\/de\\\/magazin\\\/175-jahre-erstbesteigung-grossvenediger\\\/\",\"name\":\"180 Jahre Erstbesteigung Gro\u00dfvenediger - SalzburgerLand Magazin\",\"isPartOf\":{\"@id\":\"https:\\\/\\\/www.salzburgerland.com\\\/de\\\/magazin\\\/#website\"},\"primaryImageOfPage\":{\"@id\":\"https:\\\/\\\/www.salzburgerland.com\\\/de\\\/magazin\\\/175-jahre-erstbesteigung-grossvenediger\\\/#primaryimage\"},\"image\":{\"@id\":\"https:\\\/\\\/www.salzburgerland.com\\\/de\\\/magazin\\\/175-jahre-erstbesteigung-grossvenediger\\\/#primaryimage\"},\"thumbnailUrl\":\"https:\\\/\\\/www.salzburgerland.com\\\/de\\\/magazin\\\/wp-content\\\/uploads\\\/2016\\\/03\\\/Venediger-Nacht.jpg\",\"datePublished\":\"2016-03-18T16:32:37+00:00\",\"dateModified\":\"2023-06-22T07:05:33+00:00\",\"breadcrumb\":{\"@id\":\"https:\\\/\\\/www.salzburgerland.com\\\/de\\\/magazin\\\/175-jahre-erstbesteigung-grossvenediger\\\/#breadcrumb\"},\"inLanguage\":\"de\",\"potentialAction\":[{\"@type\":\"ReadAction\",\"target\":[\"https:\\\/\\\/www.salzburgerland.com\\\/de\\\/magazin\\\/175-jahre-erstbesteigung-grossvenediger\\\/\"]}]},{\"@type\":\"ImageObject\",\"inLanguage\":\"de\",\"@id\":\"https:\\\/\\\/www.salzburgerland.com\\\/de\\\/magazin\\\/175-jahre-erstbesteigung-grossvenediger\\\/#primaryimage\",\"url\":\"https:\\\/\\\/www.salzburgerland.com\\\/de\\\/magazin\\\/wp-content\\\/uploads\\\/2016\\\/03\\\/Venediger-Nacht.jpg\",\"contentUrl\":\"https:\\\/\\\/www.salzburgerland.com\\\/de\\\/magazin\\\/wp-content\\\/uploads\\\/2016\\\/03\\\/Venediger-Nacht.jpg\",\"width\":1563,\"height\":1045,\"caption\":\"Der Vollmond scheint \u00fcber schneebedeckten Berggipfeln gegen einen klaren blauen Himmel.\"},{\"@type\":\"BreadcrumbList\",\"@id\":\"https:\\\/\\\/www.salzburgerland.com\\\/de\\\/magazin\\\/175-jahre-erstbesteigung-grossvenediger\\\/#breadcrumb\",\"itemListElement\":[{\"@type\":\"ListItem\",\"position\":1,\"name\":\"Startseite\",\"item\":\"https:\\\/\\\/www.salzburgerland.com\\\/de\\\/magazin\\\/\"},{\"@type\":\"ListItem\",\"position\":2,\"name\":\"Archiv\",\"item\":\"https:\\\/\\\/www.salzburgerland.com\\\/de\\\/magazin\\\/thema\\\/archiv\\\/\"},{\"@type\":\"ListItem\",\"position\":3,\"name\":\"180 Jahre Erstbesteigung Gro\u00dfvenediger\"}]},{\"@type\":\"WebSite\",\"@id\":\"https:\\\/\\\/www.salzburgerland.com\\\/de\\\/magazin\\\/#website\",\"url\":\"https:\\\/\\\/www.salzburgerland.com\\\/de\\\/magazin\\\/\",\"name\":\"SalzburgerLand Magazin\",\"description\":\"Geschichten und Interessantes aus dem SalzburgerLand\",\"publisher\":{\"@id\":\"https:\\\/\\\/www.salzburgerland.com\\\/de\\\/magazin\\\/#organization\"},\"potentialAction\":[{\"@type\":\"SearchAction\",\"target\":{\"@type\":\"EntryPoint\",\"urlTemplate\":\"https:\\\/\\\/www.salzburgerland.com\\\/de\\\/magazin\\\/?s={search_term_string}\"},\"query-input\":{\"@type\":\"PropertyValueSpecification\",\"valueRequired\":true,\"valueName\":\"search_term_string\"}}],\"inLanguage\":\"de\"},{\"@type\":\"Organization\",\"@id\":\"https:\\\/\\\/www.salzburgerland.com\\\/de\\\/magazin\\\/#organization\",\"name\":\"SalzburgerLand Tourismus\",\"url\":\"https:\\\/\\\/www.salzburgerland.com\\\/de\\\/magazin\\\/\",\"logo\":{\"@type\":\"ImageObject\",\"inLanguage\":\"de\",\"@id\":\"https:\\\/\\\/www.salzburgerland.com\\\/de\\\/magazin\\\/#\\\/schema\\\/logo\\\/image\\\/\",\"url\":\"https:\\\/\\\/www.salzburgerland.com\\\/de\\\/magazin\\\/wp-content\\\/uploads\\\/2019\\\/06\\\/salzburgerland-logo1.jpg\",\"contentUrl\":\"https:\\\/\\\/www.salzburgerland.com\\\/de\\\/magazin\\\/wp-content\\\/uploads\\\/2019\\\/06\\\/salzburgerland-logo1.jpg\",\"width\":2011,\"height\":866,\"caption\":\"SalzburgerLand Tourismus\"},\"image\":{\"@id\":\"https:\\\/\\\/www.salzburgerland.com\\\/de\\\/magazin\\\/#\\\/schema\\\/logo\\\/image\\\/\"},\"sameAs\":[\"https:\\\/\\\/www.facebook.com\\\/salzburgerland\\\/\",\"https:\\\/\\\/x.com\\\/Salzburgerland\",\"https:\\\/\\\/www.instagram.com\\\/salzburgerland\\\/\",\"https:\\\/\\\/at.linkedin.com\\\/company\\\/salzburgerland-tourismus-gmbh\",\"https:\\\/\\\/www.pinterest.at\\\/salzburgerland\\\/\",\"https:\\\/\\\/www.youtube.com\\\/user\\\/salzburgerland\",\"https:\\\/\\\/de.wikipedia.org\\\/wiki\\\/SalzburgerLand_Tourismus_GmbH\"]},{\"@type\":\"Person\",\"@id\":\"https:\\\/\\\/www.salzburgerland.com\\\/de\\\/magazin\\\/#\\\/schema\\\/person\\\/79452c699c410aa31a119426313748de\",\"name\":\"Edith Danzer\",\"description\":\"Seit Jahren arbeite ich als freie Redakteurin und Fotografin im SalzburgerLand. Schreiben ist f\u00fcr mich nicht blo\u00df das Erstellen eines Textes. Es ist ein Komponieren einer wundervollen Melodie, ein Malen mit Buchstaben und Worten. Ich liebe die Begegnungen mit Menschen, die mir ihre Geschichte anvertrauen. Wenn man mich sucht, bin ich entweder am Schreibtisch (der auch mal am sonnigen H\u00fcttenbankerl stehen kann) oder mit meinem Husky-M\u00e4dl Ylvi am Berg, am See oder im Wald. Ich \u2026 \u2026 in ein paar Worten. \u2022 Lieber drau\u00dfen, als drinnen. \u2022 Lieber Norden, als S\u00fcden. \u2022 Lieber Buchstaben, als Zahlen. \u2022 Lieber Schnee, als Strand. \u2022 Lieber Berg, als Tal. \u2022 Lieber Nordlichter, als S\u00fcdseezauber. \u2022 Lieber H\u00fctte, als F\u00fcnfsternschuppen. \u2022 Lieber Hund, als Katze. \u2022 Lieber grader Michl, als falscher Fufzga. \u2022 Lieber mittendurch, als drumherum \u2022 Lieber Almleben, als Couchpotato\",\"url\":\"https:\\\/\\\/www.salzburgerland.com\\\/de\\\/magazin\\\/author\\\/edith-danzer\\\/\"}]}<\/script>\n<!-- \/ Yoast SEO Premium plugin. -->","yoast_head_json":{"title":"180 Jahre Erstbesteigung Gro\u00dfvenediger - SalzburgerLand Magazin","description":"\u201eWeltalte Majest\u00e4t\u201c wird er aufgrund seines imposanten Erscheinungsbildes auch genannt und er ist mit seinen 3 666 m der h\u00f6chste Berg im SalzburgerLand &#8211; der Gro\u00dfvenediger. Lange galt er als unbezwingbar und selbst der h\u00f6chste Berg \u00d6sterreichs, der Gro\u00dfglockner, wurde schon Jahre vor dem Gro\u00dfvenediger erobert. Der markante, vergletscherte Gipfel ist Teil der Venedigergruppe in [&hellip;]","robots":{"index":"noindex","follow":"nofollow"},"og_locale":"de_DE","og_type":"article","og_title":"180 Jahre Erstbesteigung Gro\u00dfvenediger","og_description":"\u201eWeltalte Majest\u00e4t\u201c wird er aufgrund seines imposanten Erscheinungsbildes auch genannt und er ist mit seinen 3 666 m der h\u00f6chste Berg im SalzburgerLand &#8211; der Gro\u00dfvenediger. Lange galt er als unbezwingbar und selbst der h\u00f6chste Berg \u00d6sterreichs, der Gro\u00dfglockner, wurde schon Jahre vor dem Gro\u00dfvenediger erobert. Der markante, vergletscherte Gipfel ist Teil der Venedigergruppe in [&hellip;]","og_url":"https:\/\/www.salzburgerland.com\/de\/magazin\/175-jahre-erstbesteigung-grossvenediger\/","og_site_name":"SalzburgerLand Magazin","article_publisher":"https:\/\/www.facebook.com\/salzburgerland\/","article_published_time":"2016-03-18T16:32:37+00:00","article_modified_time":"2023-06-22T07:05:33+00:00","og_image":[{"url":"https:\/\/www.salzburgerland.com\/de\/magazin\/wp-content\/uploads\/2016\/03\/Venediger-Nacht.jpg","width":1563,"height":1045,"type":"image\/jpeg"}],"author":"Edith Danzer","twitter_card":"summary_large_image","twitter_creator":"@Salzburgerland","twitter_site":"@Salzburgerland","twitter_misc":{"Verfasst von":"Edith Danzer","Gesch\u00e4tzte Lesezeit":"4\u00a0Minuten"},"schema":{"@context":"https:\/\/schema.org","@graph":[{"@type":"Article","@id":"https:\/\/www.salzburgerland.com\/de\/magazin\/175-jahre-erstbesteigung-grossvenediger\/#article","isPartOf":{"@id":"https:\/\/www.salzburgerland.com\/de\/magazin\/175-jahre-erstbesteigung-grossvenediger\/"},"author":{"name":"Edith Danzer","@id":"https:\/\/www.salzburgerland.com\/de\/magazin\/#\/schema\/person\/79452c699c410aa31a119426313748de"},"headline":"180 Jahre Erstbesteigung Gro\u00dfvenediger","datePublished":"2016-03-18T16:32:37+00:00","dateModified":"2023-06-22T07:05:33+00:00","mainEntityOfPage":{"@id":"https:\/\/www.salzburgerland.com\/de\/magazin\/175-jahre-erstbesteigung-grossvenediger\/"},"wordCount":553,"commentCount":0,"publisher":{"@id":"https:\/\/www.salzburgerland.com\/de\/magazin\/#organization"},"image":{"@id":"https:\/\/www.salzburgerland.com\/de\/magazin\/175-jahre-erstbesteigung-grossvenediger\/#primaryimage"},"thumbnailUrl":"https:\/\/www.salzburgerland.com\/de\/magazin\/wp-content\/uploads\/2016\/03\/Venediger-Nacht.jpg","keywords":["nationalpark"],"articleSection":["Archiv"],"inLanguage":"de","potentialAction":[{"@type":"CommentAction","name":"Comment","target":["https:\/\/www.salzburgerland.com\/de\/magazin\/175-jahre-erstbesteigung-grossvenediger\/#respond"]}]},{"@type":"WebPage","@id":"https:\/\/www.salzburgerland.com\/de\/magazin\/175-jahre-erstbesteigung-grossvenediger\/","url":"https:\/\/www.salzburgerland.com\/de\/magazin\/175-jahre-erstbesteigung-grossvenediger\/","name":"180 Jahre Erstbesteigung Gro\u00dfvenediger - SalzburgerLand Magazin","isPartOf":{"@id":"https:\/\/www.salzburgerland.com\/de\/magazin\/#website"},"primaryImageOfPage":{"@id":"https:\/\/www.salzburgerland.com\/de\/magazin\/175-jahre-erstbesteigung-grossvenediger\/#primaryimage"},"image":{"@id":"https:\/\/www.salzburgerland.com\/de\/magazin\/175-jahre-erstbesteigung-grossvenediger\/#primaryimage"},"thumbnailUrl":"https:\/\/www.salzburgerland.com\/de\/magazin\/wp-content\/uploads\/2016\/03\/Venediger-Nacht.jpg","datePublished":"2016-03-18T16:32:37+00:00","dateModified":"2023-06-22T07:05:33+00:00","breadcrumb":{"@id":"https:\/\/www.salzburgerland.com\/de\/magazin\/175-jahre-erstbesteigung-grossvenediger\/#breadcrumb"},"inLanguage":"de","potentialAction":[{"@type":"ReadAction","target":["https:\/\/www.salzburgerland.com\/de\/magazin\/175-jahre-erstbesteigung-grossvenediger\/"]}]},{"@type":"ImageObject","inLanguage":"de","@id":"https:\/\/www.salzburgerland.com\/de\/magazin\/175-jahre-erstbesteigung-grossvenediger\/#primaryimage","url":"https:\/\/www.salzburgerland.com\/de\/magazin\/wp-content\/uploads\/2016\/03\/Venediger-Nacht.jpg","contentUrl":"https:\/\/www.salzburgerland.com\/de\/magazin\/wp-content\/uploads\/2016\/03\/Venediger-Nacht.jpg","width":1563,"height":1045,"caption":"Der Vollmond scheint \u00fcber schneebedeckten Berggipfeln gegen einen klaren blauen Himmel."},{"@type":"BreadcrumbList","@id":"https:\/\/www.salzburgerland.com\/de\/magazin\/175-jahre-erstbesteigung-grossvenediger\/#breadcrumb","itemListElement":[{"@type":"ListItem","position":1,"name":"Startseite","item":"https:\/\/www.salzburgerland.com\/de\/magazin\/"},{"@type":"ListItem","position":2,"name":"Archiv","item":"https:\/\/www.salzburgerland.com\/de\/magazin\/thema\/archiv\/"},{"@type":"ListItem","position":3,"name":"180 Jahre Erstbesteigung Gro\u00dfvenediger"}]},{"@type":"WebSite","@id":"https:\/\/www.salzburgerland.com\/de\/magazin\/#website","url":"https:\/\/www.salzburgerland.com\/de\/magazin\/","name":"SalzburgerLand Magazin","description":"Geschichten und Interessantes aus dem SalzburgerLand","publisher":{"@id":"https:\/\/www.salzburgerland.com\/de\/magazin\/#organization"},"potentialAction":[{"@type":"SearchAction","target":{"@type":"EntryPoint","urlTemplate":"https:\/\/www.salzburgerland.com\/de\/magazin\/?s={search_term_string}"},"query-input":{"@type":"PropertyValueSpecification","valueRequired":true,"valueName":"search_term_string"}}],"inLanguage":"de"},{"@type":"Organization","@id":"https:\/\/www.salzburgerland.com\/de\/magazin\/#organization","name":"SalzburgerLand Tourismus","url":"https:\/\/www.salzburgerland.com\/de\/magazin\/","logo":{"@type":"ImageObject","inLanguage":"de","@id":"https:\/\/www.salzburgerland.com\/de\/magazin\/#\/schema\/logo\/image\/","url":"https:\/\/www.salzburgerland.com\/de\/magazin\/wp-content\/uploads\/2019\/06\/salzburgerland-logo1.jpg","contentUrl":"https:\/\/www.salzburgerland.com\/de\/magazin\/wp-content\/uploads\/2019\/06\/salzburgerland-logo1.jpg","width":2011,"height":866,"caption":"SalzburgerLand Tourismus"},"image":{"@id":"https:\/\/www.salzburgerland.com\/de\/magazin\/#\/schema\/logo\/image\/"},"sameAs":["https:\/\/www.facebook.com\/salzburgerland\/","https:\/\/x.com\/Salzburgerland","https:\/\/www.instagram.com\/salzburgerland\/","https:\/\/at.linkedin.com\/company\/salzburgerland-tourismus-gmbh","https:\/\/www.pinterest.at\/salzburgerland\/","https:\/\/www.youtube.com\/user\/salzburgerland","https:\/\/de.wikipedia.org\/wiki\/SalzburgerLand_Tourismus_GmbH"]},{"@type":"Person","@id":"https:\/\/www.salzburgerland.com\/de\/magazin\/#\/schema\/person\/79452c699c410aa31a119426313748de","name":"Edith Danzer","description":"Seit Jahren arbeite ich als freie Redakteurin und Fotografin im SalzburgerLand. Schreiben ist f\u00fcr mich nicht blo\u00df das Erstellen eines Textes. Es ist ein Komponieren einer wundervollen Melodie, ein Malen mit Buchstaben und Worten. Ich liebe die Begegnungen mit Menschen, die mir ihre Geschichte anvertrauen. Wenn man mich sucht, bin ich entweder am Schreibtisch (der auch mal am sonnigen H\u00fcttenbankerl stehen kann) oder mit meinem Husky-M\u00e4dl Ylvi am Berg, am See oder im Wald. Ich \u2026 \u2026 in ein paar Worten. \u2022 Lieber drau\u00dfen, als drinnen. \u2022 Lieber Norden, als S\u00fcden. \u2022 Lieber Buchstaben, als Zahlen. \u2022 Lieber Schnee, als Strand. \u2022 Lieber Berg, als Tal. \u2022 Lieber Nordlichter, als S\u00fcdseezauber. \u2022 Lieber H\u00fctte, als F\u00fcnfsternschuppen. \u2022 Lieber Hund, als Katze. \u2022 Lieber grader Michl, als falscher Fufzga. \u2022 Lieber mittendurch, als drumherum \u2022 Lieber Almleben, als Couchpotato","url":"https:\/\/www.salzburgerland.com\/de\/magazin\/author\/edith-danzer\/"}]}},"_wl_alt_label":[],"wl:entity_url":"http:\/\/open.salzburgerland.com\/magazin\/post\/175_jahre_erstbesteigung_grossvenediger","_links":{"self":[{"href":"https:\/\/www.salzburgerland.com\/de\/magazin\/wp-json\/wp\/v2\/posts\/105129","targetHints":{"allow":["GET"]}}],"collection":[{"href":"https:\/\/www.salzburgerland.com\/de\/magazin\/wp-json\/wp\/v2\/posts"}],"about":[{"href":"https:\/\/www.salzburgerland.com\/de\/magazin\/wp-json\/wp\/v2\/types\/post"}],"author":[{"embeddable":true,"href":"https:\/\/www.salzburgerland.com\/de\/magazin\/wp-json\/wp\/v2\/users\/11"}],"replies":[{"embeddable":true,"href":"https:\/\/www.salzburgerland.com\/de\/magazin\/wp-json\/wp\/v2\/comments?post=105129"}],"version-history":[{"count":3,"href":"https:\/\/www.salzburgerland.com\/de\/magazin\/wp-json\/wp\/v2\/posts\/105129\/revisions"}],"predecessor-version":[{"id":171782,"href":"https:\/\/www.salzburgerland.com\/de\/magazin\/wp-json\/wp\/v2\/posts\/105129\/revisions\/171782"}],"wp:featuredmedia":[{"embeddable":true,"href":"https:\/\/www.salzburgerland.com\/de\/magazin\/wp-json\/wp\/v2\/media\/105134"}],"wp:attachment":[{"href":"https:\/\/www.salzburgerland.com\/de\/magazin\/wp-json\/wp\/v2\/media?parent=105129"}],"wp:term":[{"taxonomy":"category","embeddable":true,"href":"https:\/\/www.salzburgerland.com\/de\/magazin\/wp-json\/wp\/v2\/categories?post=105129"},{"taxonomy":"post_tag","embeddable":true,"href":"https:\/\/www.salzburgerland.com\/de\/magazin\/wp-json\/wp\/v2\/tags?post=105129"},{"taxonomy":"wl_entity_type","embeddable":true,"href":"https:\/\/www.salzburgerland.com\/de\/magazin\/wp-json\/wp\/v2\/wl_entity_type?post=105129"},{"taxonomy":"monatsauswahl","embeddable":true,"href":"https:\/\/www.salzburgerland.com\/de\/magazin\/wp-json\/wp\/v2\/monatsauswahl?post=105129"}],"curies":[{"name":"wp","href":"https:\/\/api.w.org\/{rel}","templated":true}]}}